{"id":165483,"date":"2021-02-04T16:42:21","date_gmt":"2021-02-04T15:42:21","guid":{"rendered":"https:\/\/www.thebestsocial.media\/nl\/?p=165483"},"modified":"2021-02-04T16:46:28","modified_gmt":"2021-02-04T15:46:28","slug":"ajax-haller-twitter-grappen","status":"publish","type":"post","link":"https:\/\/www.thebestsocial.media\/nl\/ajax-haller-twitter-grappen\/","title":{"rendered":"Ajax blundert met inschrijving Haller maar deze grappen halen de lijst wel"},"content":{"rendered":"<p>Iedereen maakt wel eens een foutje, maar de \u00e9\u00e9n heeft iets grotere gevolgen dan de ander. Zo werd vandaag bekend gemaakt dat voetballer S\u00e9bastien Haller door een foutje niet mee mag spelen tijdens de Europa League. En dat terwijl de speler de <a href=\"https:\/\/www.nu.nl\/voetbal\/6114225\/recordaankoop-haller-niet-op-spelerslijst-europa-league-bij-ajax.html\" target=\"_blank\" rel=\"noopener\">duurste ooit was<\/a> voor een Nederlandse club. Ajax legde namelijk 22,5 miljoen euro voor hem neer. Een pijnlijke en dure fout, maar Twitter grijpt natuurlijk de kans om er flink grappen over te maken.<\/p>\n<p>&nbsp;<\/p>\n<h3>1. De situatie komt mensen bekend voor.<\/h3>\n<div class=\"dbsm-oembed\">\n<blockquote class=\"twitter-tweet\" data-width=\"500\" data-dnt=\"true\">\n<p lang=\"nl\" dir=\"ltr\">Ajax onderweg in de Europa league. <a href=\"https:\/\/twitter.com\/hashtag\/Haller?src=hash&amp;ref_src=twsrc%5Etfw\">#Haller<\/a> <a href=\"https:\/\/t.co\/vAWj609ncx\">pic.twitter.com\/vAWj609ncx<\/a><\/p>\n<p>&mdash; Maurice van Berkel (@Mvan_berkel) <a href=\"https:\/\/twitter.com\/Mvan_berkel\/status\/1357291833278291969?ref_src=twsrc%5Etfw\">February 4, 2021<\/a><\/p><\/blockquote>\n<p><script async src=\"https:\/\/platform.twitter.com\/widgets.js\" charset=\"utf-8\"><\/script><\/div>\n<p>&nbsp;<\/p>\n<h3>2. Een geluk bij een ongeluk.<\/h3>\n<div class=\"dbsm-oembed\">\n<blockquote class=\"twitter-tweet\" data-width=\"500\" data-dnt=\"true\">\n<p lang=\"nl\" dir=\"ltr\">Ik ben vooral blij dat ik alleen het uitshirt met Haller heb laten bedrukken en niet het derde shirt \ud83d\ude05.<\/p>\n<p>&mdash; Jimmy Driessen (@JimmyDriessen) <a href=\"https:\/\/twitter.com\/JimmyDriessen\/status\/1357280191740076035?ref_src=twsrc%5Etfw\">February 4, 2021<\/a><\/p><\/blockquote>\n<p><script async src=\"https:\/\/platform.twitter.com\/widgets.js\" charset=\"utf-8\"><\/script><\/div>\n<p>&nbsp;<\/p>\n<h3>3. Op het terras na is dit wel aardig accuraat.<\/h3>\n<div class=\"dbsm-oembed\">\n<blockquote class=\"twitter-tweet\" data-width=\"500\" data-dnt=\"true\">\n<p lang=\"nl\" dir=\"ltr\">Haller in de zon op \u2018n terras, leest in \u2018t AD dat ie niet ingeschreven was.<\/p>\n<p>&mdash; Ralf (@RalfCrutzen) <a href=\"https:\/\/twitter.com\/RalfCrutzen\/status\/1357318695849234433?ref_src=twsrc%5Etfw\">February 4, 2021<\/a><\/p><\/blockquote>\n<p><script async src=\"https:\/\/platform.twitter.com\/widgets.js\" charset=\"utf-8\"><\/script><\/div>\n<p>&nbsp;<\/p>\n<h3>4. Wat een goeie prank.<\/h3>\n<div class=\"dbsm-oembed\">\n<blockquote class=\"twitter-tweet\" data-width=\"500\" data-dnt=\"true\">\n<p lang=\"nl\" dir=\"ltr\">Traor\u00e9 toen bleek dat niemand had opgemerkt dat hij Haller z&#39;n vinkje had weggehaald <a href=\"https:\/\/t.co\/lxEMqzC7uJ\">pic.twitter.com\/lxEMqzC7uJ<\/a><\/p>\n<p>&mdash; Riemer (@ibrariemovic) <a href=\"https:\/\/twitter.com\/ibrariemovic\/status\/1357320810713804804?ref_src=twsrc%5Etfw\">February 4, 2021<\/a><\/p><\/blockquote>\n<p><script async src=\"https:\/\/platform.twitter.com\/widgets.js\" charset=\"utf-8\"><\/script><\/div>\n<p>&nbsp;<\/p>\n<h3>5. Of zat er toch een reden achter?<\/h3>\n<div class=\"dbsm-oembed\">\n<blockquote class=\"twitter-tweet\" data-width=\"500\" data-dnt=\"true\">\n<p lang=\"nl\" dir=\"ltr\">Overmars: &#39;We zijn er niet uitgekomen met Brobbey. We schreven zelfs Haller niet in voor de Europa League, maar ook dat was helaas niet genoeg. We hebben er alles aan gedaan.&#39; <a href=\"https:\/\/twitter.com\/hashtag\/ajax?src=hash&amp;ref_src=twsrc%5Etfw\">#ajax<\/a><\/p>\n<p>&mdash; Floris Roos (@FlorisRoos) <a href=\"https:\/\/twitter.com\/FlorisRoos\/status\/1357037592047456257?ref_src=twsrc%5Etfw\">February 3, 2021<\/a><\/p><\/blockquote>\n<p><script async src=\"https:\/\/platform.twitter.com\/widgets.js\" charset=\"utf-8\"><\/script><\/div>\n<p>&nbsp;<\/p>\n<h3>6. We hebben exclusieve beelden van het gesprek tussen Overmars en Haller.<\/h3>\n<div class=\"dbsm-oembed\">\n<blockquote class=\"twitter-tweet\" data-width=\"500\" data-dnt=\"true\">\n<p lang=\"nl\" dir=\"ltr\">Haller in gesprek met Overmars als hij heeft gehoord dat Ajax zijn inschrijving vergeten is. <a href=\"https:\/\/t.co\/HM6d5xziCb\">pic.twitter.com\/HM6d5xziCb<\/a><\/p>\n<p>&mdash; Yorin (@TheReaiYorin) <a href=\"https:\/\/twitter.com\/TheReaiYorin\/status\/1357297519194238978?ref_src=twsrc%5Etfw\">February 4, 2021<\/a><\/p><\/blockquote>\n<p><script async src=\"https:\/\/platform.twitter.com\/widgets.js\" charset=\"utf-8\"><\/script><\/div>\n<p>&nbsp;<\/p>\n<h3>7. PSV-fans kunnen er ook niet om lachen.<\/h3>\n<div class=\"dbsm-oembed\">\n<blockquote class=\"twitter-tweet\" data-width=\"500\" data-dnt=\"true\">\n<p lang=\"nl\" dir=\"ltr\">PSV fans als ze zich realiseren dat Haller nu uitgerust is voor de cruciale wedstrijd tegen PSV <a href=\"https:\/\/t.co\/R5UREDaeUB\">pic.twitter.com\/R5UREDaeUB<\/a><\/p>\n<p>&mdash; Riemer (@ibrariemovic) <a href=\"https:\/\/twitter.com\/ibrariemovic\/status\/1357285944064413697?ref_src=twsrc%5Etfw\">February 4, 2021<\/a><\/p><\/blockquote>\n<p><script async src=\"https:\/\/platform.twitter.com\/widgets.js\" charset=\"utf-8\"><\/script><\/div>\n<p>&nbsp;<\/p>\n<h3>8. Iedereen vraagt zich af waar dit mis heeft kunnen gaan.<\/h3>\n<div class=\"dbsm-oembed\">\n<blockquote class=\"twitter-tweet\" data-width=\"500\" data-dnt=\"true\">\n<p lang=\"nl\" dir=\"ltr\">Met de groeten van Marc! <a href=\"https:\/\/twitter.com\/hashtag\/Ajax?src=hash&amp;ref_src=twsrc%5Etfw\">#Ajax<\/a> <a href=\"https:\/\/twitter.com\/hashtag\/Haller?src=hash&amp;ref_src=twsrc%5Etfw\">#Haller<\/a> <a href=\"https:\/\/t.co\/s6of2HxzwO\">pic.twitter.com\/s6of2HxzwO<\/a><\/p>\n<p>&mdash; Matthew Gernaat (@MatthewGernaat) <a href=\"https:\/\/twitter.com\/MatthewGernaat\/status\/1357290775617355776?ref_src=twsrc%5Etfw\">February 4, 2021<\/a><\/p><\/blockquote>\n<p><script async src=\"https:\/\/platform.twitter.com\/widgets.js\" charset=\"utf-8\"><\/script><\/div>\n<p>&nbsp;<\/p>\n<h3>9. Maar daar zullen we misschien over 15 jaar achter komen.<\/h3>\n<div class=\"dbsm-oembed\">\n<blockquote class=\"twitter-tweet\" data-width=\"500\" data-dnt=\"true\">\n<p lang=\"nl\" dir=\"ltr\">Ik verwacht over 15 jaar een Andere Tijden Sport over <a href=\"https:\/\/twitter.com\/hashtag\/Haller?src=hash&amp;ref_src=twsrc%5Etfw\">#Haller<\/a>, met excelbestanden, verborgen regels, de verwarring door de komst van Idrissi, het verschil tussen invoegen en de inserttoets en de vergeving van een inmiddels 150 kilo zware S\u00e9bastien aan de administratiemedewerker.<\/p>\n<p>&mdash; Jan Beuving (@janbeuving) <a href=\"https:\/\/twitter.com\/janbeuving\/status\/1357303980259504131?ref_src=twsrc%5Etfw\">February 4, 2021<\/a><\/p><\/blockquote>\n<p><script async src=\"https:\/\/platform.twitter.com\/widgets.js\" charset=\"utf-8\"><\/script><\/div>\n<p>&nbsp;<\/p>\n<h3>10. Tot slot kan iedereen dit wel eens overkomen.<\/h3>\n<div class=\"dbsm-oembed\">\n<blockquote class=\"twitter-tweet\" data-width=\"500\" data-dnt=\"true\">\n<p lang=\"nl\" dir=\"ltr\">Haller is de cr\u00e8me fraiche van de voetballerij. Je hebt het toch nodig maar je vergeet het iedere keer op je lijstje te zetten<\/p>\n<p>&mdash; WeeWim (@weewim) <a href=\"https:\/\/twitter.com\/weewim\/status\/1357039216958529539?ref_src=twsrc%5Etfw\">February 3, 2021<\/a><\/p><\/blockquote>\n<p><script async src=\"https:\/\/platform.twitter.com\/widgets.js\" charset=\"utf-8\"><\/script><\/div>\n<p>&nbsp;<\/p>\n<h3>Wat weet jij van de shady praktijken aan de \u2018achterkant\u2019 van social media? Waarom telt iemand 80.000 dollar neer voor een gebruikersnaam op Instagram? We spraken met een (anonieme) handelaar in usernames en het werd een erg intrigerende aflevering van <a href=\"https:\/\/www.thebestsocial.media\/nl\/podcast\/\" target=\"_blank\" rel=\"noopener\">The Best Social Podcast<\/a>. Luister hem via <a href=\"https:\/\/open.spotify.com\/episode\/7LWx8N8ujIJn7wrjYmPHg0?si=bkcBrHWqQga_8NjgCxugkQ\" target=\"_blank\" rel=\"noopener\">Spotify<\/a>! Of via <a href=\"https:\/\/www.youtube.com\/watch?v=I3CfmU3uLwE&amp;feature=youtu.be\" target=\"_blank\" rel=\"noopener\">YouTube<\/a>! Spuit hem in je aderen!<\/h3>\n<p><iframe loading=\"lazy\" src=\"https:\/\/open.spotify.com\/embed-podcast\/episode\/7LWx8N8ujIJn7wrjYmPHg0\" width=\"100%\" height=\"232\" frameborder=\"0\"><\/iframe><\/p>\n<div class=\"dbsm-oembed\"><iframe loading=\"lazy\" title=\"De shady praktijken in de \u2018achterkant\u2019 van social media | The Best Social Podcast\" width=\"500\" height=\"281\" src=\"https:\/\/www.youtube.com\/embed\/I3CfmU3uLwE?feature=oembed\" frameborder=\"0\" allow=\"accelerometer; autoplay; clipboard-write; encrypted-media; gyroscope; picture-in-picture; web-share\" referrerpolicy=\"strict-origin-when-cross-origin\" allowfullscreen><\/iframe><\/div>\n","protected":false},"excerpt":{"rendered":"<p>Iedereen maakt wel eens een foutje, maar de \u00e9\u00e9n heeft iets grotere gevolgen dan de ander. Zo werd vandaag bekend gemaakt dat voetballer S\u00e9bastien Haller&#8230;<\/p>\n","protected":false},"author":32,"featured_media":165501,"comment_status":"open","ping_status":"open","sticky":false,"template":"","format":"standard","meta":{"_acf_changed":false,"footnotes":""},"categories":[16,17],"tags":[488,3778,769],"class_list":["post-165483","post","type-post","status-publish","format-standard","has-post-thumbnail","hentry","category-blogs","category-nieuws","tag-ajax","tag-haller","tag-voetbal"],"acf":[],"yoast_head":"<!-- This site is optimized with the Yoast SEO plugin v27.5 - https:\/\/yoast.com\/product\/yoast-seo-wordpress\/ -->\n<title>Ajax blundert met inschrijving Haller maar deze grappen halen de lijst wel<\/title>\n<meta name=\"description\" content=\"Door een foutje kan S\u00e9bastian Haller niet met Ajax meespelen tijdens de Europa League. En daar moeten natuurlijk grappen over gemaakt worden.\" \/>\n<meta name=\"robots\" content=\"index, follow, max-snippet:-1, max-image-preview:large, max-video-preview:-1\" \/>\n<link rel=\"canonical\" href=\"https:\/\/www.thebestsocial.media\/nl\/ajax-haller-twitter-grappen\/\" \/>\n<meta property=\"og:locale\" content=\"nl_NL\" \/>\n<meta property=\"og:type\" content=\"article\" \/>\n<meta property=\"og:title\" content=\"Ajax blundert met inschrijving Haller maar deze grappen halen de lijst wel\" \/>\n<meta property=\"og:description\" content=\"Door een foutje kan S\u00e9bastian Haller niet met Ajax meespelen tijdens de Europa League. En daar moeten natuurlijk grappen over gemaakt worden.\" \/>\n<meta property=\"og:url\" content=\"https:\/\/www.thebestsocial.media\/nl\/ajax-haller-twitter-grappen\/\" \/>\n<meta property=\"og:site_name\" content=\"The Best Social Media NL\" \/>\n<meta property=\"article:published_time\" content=\"2021-02-04T15:42:21+00:00\" \/>\n<meta property=\"article:modified_time\" content=\"2021-02-04T15:46:28+00:00\" \/>\n<meta property=\"og:image\" content=\"https:\/\/www.thebestsocial.media\/nl\/wp-content\/uploads\/sites\/2\/2021\/02\/Haller3.png\" \/>\n\t<meta property=\"og:image:width\" content=\"1200\" \/>\n\t<meta property=\"og:image:height\" content=\"628\" \/>\n\t<meta property=\"og:image:type\" content=\"image\/png\" \/>\n<meta name=\"author\" content=\"Jasper\" \/>\n<meta name=\"twitter:card\" content=\"summary_large_image\" \/>\n<meta name=\"twitter:title\" content=\"Ajax blundert met inschrijving Haller maar deze grappen halen de lijst wel\" \/>\n<meta name=\"twitter:description\" content=\"Door een foutje kan S\u00e9bastian Haller niet met Ajax meespelen tijdens de Europa League. En daar moeten natuurlijk grappen over gemaakt worden.\" \/>\n<meta name=\"twitter:image\" content=\"https:\/\/www.thebestsocial.media\/nl\/wp-content\/uploads\/sites\/2\/2021\/02\/Haller3.png\" \/>\n<meta name=\"twitter:label1\" content=\"Geschreven door\" \/>\n\t<meta name=\"twitter:data1\" content=\"Jasper\" \/>\n\t<meta name=\"twitter:label2\" content=\"Geschatte leestijd\" \/>\n\t<meta name=\"twitter:data2\" content=\"2 minuten\" \/>\n<script type=\"application\/ld+json\" class=\"yoast-schema-graph\">{\"@context\":\"https:\\\/\\\/schema.org\",\"@graph\":[{\"@type\":\"Article\",\"@id\":\"https:\\\/\\\/www.thebestsocial.media\\\/nl\\\/ajax-haller-twitter-grappen\\\/#article\",\"isPartOf\":{\"@id\":\"https:\\\/\\\/www.thebestsocial.media\\\/nl\\\/ajax-haller-twitter-grappen\\\/\"},\"author\":{\"name\":\"Jasper\",\"@id\":\"https:\\\/\\\/www.thebestsocial.media\\\/nl\\\/#\\\/schema\\\/person\\\/6d2a86a7971f8c3185ad91902fc04827\"},\"headline\":\"Ajax blundert met inschrijving Haller maar deze grappen halen de lijst wel\",\"datePublished\":\"2021-02-04T15:42:21+00:00\",\"dateModified\":\"2021-02-04T15:46:28+00:00\",\"mainEntityOfPage\":{\"@id\":\"https:\\\/\\\/www.thebestsocial.media\\\/nl\\\/ajax-haller-twitter-grappen\\\/\"},\"wordCount\":293,\"commentCount\":0,\"image\":{\"@id\":\"https:\\\/\\\/www.thebestsocial.media\\\/nl\\\/ajax-haller-twitter-grappen\\\/#primaryimage\"},\"thumbnailUrl\":\"https:\\\/\\\/www.thebestsocial.media\\\/nl\\\/wp-content\\\/uploads\\\/sites\\\/2\\\/2021\\\/02\\\/Haller5.png\",\"keywords\":[\"ajax\",\"Haller\",\"voetbal\"],\"articleSection\":[\"Blogs\",\"Nieuws\"],\"inLanguage\":\"nl-NL\",\"potentialAction\":[{\"@type\":\"CommentAction\",\"name\":\"Comment\",\"target\":[\"https:\\\/\\\/www.thebestsocial.media\\\/nl\\\/ajax-haller-twitter-grappen\\\/#respond\"]}]},{\"@type\":\"WebPage\",\"@id\":\"https:\\\/\\\/www.thebestsocial.media\\\/nl\\\/ajax-haller-twitter-grappen\\\/\",\"url\":\"https:\\\/\\\/www.thebestsocial.media\\\/nl\\\/ajax-haller-twitter-grappen\\\/\",\"name\":\"Ajax blundert met inschrijving Haller maar deze grappen halen de lijst wel\",\"isPartOf\":{\"@id\":\"https:\\\/\\\/www.thebestsocial.media\\\/nl\\\/#website\"},\"primaryImageOfPage\":{\"@id\":\"https:\\\/\\\/www.thebestsocial.media\\\/nl\\\/ajax-haller-twitter-grappen\\\/#primaryimage\"},\"image\":{\"@id\":\"https:\\\/\\\/www.thebestsocial.media\\\/nl\\\/ajax-haller-twitter-grappen\\\/#primaryimage\"},\"thumbnailUrl\":\"https:\\\/\\\/www.thebestsocial.media\\\/nl\\\/wp-content\\\/uploads\\\/sites\\\/2\\\/2021\\\/02\\\/Haller5.png\",\"datePublished\":\"2021-02-04T15:42:21+00:00\",\"dateModified\":\"2021-02-04T15:46:28+00:00\",\"author\":{\"@id\":\"https:\\\/\\\/www.thebestsocial.media\\\/nl\\\/#\\\/schema\\\/person\\\/6d2a86a7971f8c3185ad91902fc04827\"},\"description\":\"Door een foutje kan S\u00e9bastian Haller niet met Ajax meespelen tijdens de Europa League. En daar moeten natuurlijk grappen over gemaakt worden.\",\"breadcrumb\":{\"@id\":\"https:\\\/\\\/www.thebestsocial.media\\\/nl\\\/ajax-haller-twitter-grappen\\\/#breadcrumb\"},\"inLanguage\":\"nl-NL\",\"potentialAction\":[{\"@type\":\"ReadAction\",\"target\":[\"https:\\\/\\\/www.thebestsocial.media\\\/nl\\\/ajax-haller-twitter-grappen\\\/\"]}]},{\"@type\":\"ImageObject\",\"inLanguage\":\"nl-NL\",\"@id\":\"https:\\\/\\\/www.thebestsocial.media\\\/nl\\\/ajax-haller-twitter-grappen\\\/#primaryimage\",\"url\":\"https:\\\/\\\/www.thebestsocial.media\\\/nl\\\/wp-content\\\/uploads\\\/sites\\\/2\\\/2021\\\/02\\\/Haller5.png\",\"contentUrl\":\"https:\\\/\\\/www.thebestsocial.media\\\/nl\\\/wp-content\\\/uploads\\\/sites\\\/2\\\/2021\\\/02\\\/Haller5.png\",\"width\":1200,\"height\":628},{\"@type\":\"BreadcrumbList\",\"@id\":\"https:\\\/\\\/www.thebestsocial.media\\\/nl\\\/ajax-haller-twitter-grappen\\\/#breadcrumb\",\"itemListElement\":[{\"@type\":\"ListItem\",\"position\":1,\"name\":\"Home\",\"item\":\"https:\\\/\\\/www.thebestsocial.media\\\/nl\\\/\"},{\"@type\":\"ListItem\",\"position\":2,\"name\":\"Ajax blundert met inschrijving Haller maar deze grappen halen de lijst wel\"}]},{\"@type\":\"WebSite\",\"@id\":\"https:\\\/\\\/www.thebestsocial.media\\\/nl\\\/#website\",\"url\":\"https:\\\/\\\/www.thebestsocial.media\\\/nl\\\/\",\"name\":\"The Best Social Media NL\",\"description\":\"Zoeklicht in de Digital Chaos\",\"potentialAction\":[{\"@type\":\"SearchAction\",\"target\":{\"@type\":\"EntryPoint\",\"urlTemplate\":\"https:\\\/\\\/www.thebestsocial.media\\\/nl\\\/?s={search_term_string}\"},\"query-input\":{\"@type\":\"PropertyValueSpecification\",\"valueRequired\":true,\"valueName\":\"search_term_string\"}}],\"inLanguage\":\"nl-NL\"},{\"@type\":\"Person\",\"@id\":\"https:\\\/\\\/www.thebestsocial.media\\\/nl\\\/#\\\/schema\\\/person\\\/6d2a86a7971f8c3185ad91902fc04827\",\"name\":\"Jasper\",\"image\":{\"@type\":\"ImageObject\",\"inLanguage\":\"nl-NL\",\"@id\":\"https:\\\/\\\/secure.gravatar.com\\\/avatar\\\/eee97233851b903d251b56cad4bb6c54c5d0ff3b251a972a5fd363ad771290a7?s=96&d=mm&r=g\",\"url\":\"https:\\\/\\\/secure.gravatar.com\\\/avatar\\\/eee97233851b903d251b56cad4bb6c54c5d0ff3b251a972a5fd363ad771290a7?s=96&d=mm&r=g\",\"contentUrl\":\"https:\\\/\\\/secure.gravatar.com\\\/avatar\\\/eee97233851b903d251b56cad4bb6c54c5d0ff3b251a972a5fd363ad771290a7?s=96&d=mm&r=g\",\"caption\":\"Jasper\"},\"url\":\"https:\\\/\\\/www.thebestsocial.media\\\/nl\\\/author\\\/susan-muskee\\\/\"}]}<\/script>\n<!-- \/ Yoast SEO plugin. -->","yoast_head_json":{"title":"Ajax blundert met inschrijving Haller maar deze grappen halen de lijst wel","description":"Door een foutje kan S\u00e9bastian Haller niet met Ajax meespelen tijdens de Europa League. En daar moeten natuurlijk grappen over gemaakt worden.","robots":{"index":"index","follow":"follow","max-snippet":"max-snippet:-1","max-image-preview":"max-image-preview:large","max-video-preview":"max-video-preview:-1"},"canonical":"https:\/\/www.thebestsocial.media\/nl\/ajax-haller-twitter-grappen\/","og_locale":"nl_NL","og_type":"article","og_title":"Ajax blundert met inschrijving Haller maar deze grappen halen de lijst wel","og_description":"Door een foutje kan S\u00e9bastian Haller niet met Ajax meespelen tijdens de Europa League. En daar moeten natuurlijk grappen over gemaakt worden.","og_url":"https:\/\/www.thebestsocial.media\/nl\/ajax-haller-twitter-grappen\/","og_site_name":"The Best Social Media NL","article_published_time":"2021-02-04T15:42:21+00:00","article_modified_time":"2021-02-04T15:46:28+00:00","og_image":[{"width":1200,"height":628,"url":"https:\/\/www.thebestsocial.media\/nl\/wp-content\/uploads\/sites\/2\/2021\/02\/Haller3.png","type":"image\/png"}],"author":"Jasper","twitter_card":"summary_large_image","twitter_title":"Ajax blundert met inschrijving Haller maar deze grappen halen de lijst wel","twitter_description":"Door een foutje kan S\u00e9bastian Haller niet met Ajax meespelen tijdens de Europa League. En daar moeten natuurlijk grappen over gemaakt worden.","twitter_image":"https:\/\/www.thebestsocial.media\/nl\/wp-content\/uploads\/sites\/2\/2021\/02\/Haller3.png","twitter_misc":{"Geschreven door":"Jasper","Geschatte leestijd":"2 minuten"},"schema":{"@context":"https:\/\/schema.org","@graph":[{"@type":"Article","@id":"https:\/\/www.thebestsocial.media\/nl\/ajax-haller-twitter-grappen\/#article","isPartOf":{"@id":"https:\/\/www.thebestsocial.media\/nl\/ajax-haller-twitter-grappen\/"},"author":{"name":"Jasper","@id":"https:\/\/www.thebestsocial.media\/nl\/#\/schema\/person\/6d2a86a7971f8c3185ad91902fc04827"},"headline":"Ajax blundert met inschrijving Haller maar deze grappen halen de lijst wel","datePublished":"2021-02-04T15:42:21+00:00","dateModified":"2021-02-04T15:46:28+00:00","mainEntityOfPage":{"@id":"https:\/\/www.thebestsocial.media\/nl\/ajax-haller-twitter-grappen\/"},"wordCount":293,"commentCount":0,"image":{"@id":"https:\/\/www.thebestsocial.media\/nl\/ajax-haller-twitter-grappen\/#primaryimage"},"thumbnailUrl":"https:\/\/www.thebestsocial.media\/nl\/wp-content\/uploads\/sites\/2\/2021\/02\/Haller5.png","keywords":["ajax","Haller","voetbal"],"articleSection":["Blogs","Nieuws"],"inLanguage":"nl-NL","potentialAction":[{"@type":"CommentAction","name":"Comment","target":["https:\/\/www.thebestsocial.media\/nl\/ajax-haller-twitter-grappen\/#respond"]}]},{"@type":"WebPage","@id":"https:\/\/www.thebestsocial.media\/nl\/ajax-haller-twitter-grappen\/","url":"https:\/\/www.thebestsocial.media\/nl\/ajax-haller-twitter-grappen\/","name":"Ajax blundert met inschrijving Haller maar deze grappen halen de lijst wel","isPartOf":{"@id":"https:\/\/www.thebestsocial.media\/nl\/#website"},"primaryImageOfPage":{"@id":"https:\/\/www.thebestsocial.media\/nl\/ajax-haller-twitter-grappen\/#primaryimage"},"image":{"@id":"https:\/\/www.thebestsocial.media\/nl\/ajax-haller-twitter-grappen\/#primaryimage"},"thumbnailUrl":"https:\/\/www.thebestsocial.media\/nl\/wp-content\/uploads\/sites\/2\/2021\/02\/Haller5.png","datePublished":"2021-02-04T15:42:21+00:00","dateModified":"2021-02-04T15:46:28+00:00","author":{"@id":"https:\/\/www.thebestsocial.media\/nl\/#\/schema\/person\/6d2a86a7971f8c3185ad91902fc04827"},"description":"Door een foutje kan S\u00e9bastian Haller niet met Ajax meespelen tijdens de Europa League. En daar moeten natuurlijk grappen over gemaakt worden.","breadcrumb":{"@id":"https:\/\/www.thebestsocial.media\/nl\/ajax-haller-twitter-grappen\/#breadcrumb"},"inLanguage":"nl-NL","potentialAction":[{"@type":"ReadAction","target":["https:\/\/www.thebestsocial.media\/nl\/ajax-haller-twitter-grappen\/"]}]},{"@type":"ImageObject","inLanguage":"nl-NL","@id":"https:\/\/www.thebestsocial.media\/nl\/ajax-haller-twitter-grappen\/#primaryimage","url":"https:\/\/www.thebestsocial.media\/nl\/wp-content\/uploads\/sites\/2\/2021\/02\/Haller5.png","contentUrl":"https:\/\/www.thebestsocial.media\/nl\/wp-content\/uploads\/sites\/2\/2021\/02\/Haller5.png","width":1200,"height":628},{"@type":"BreadcrumbList","@id":"https:\/\/www.thebestsocial.media\/nl\/ajax-haller-twitter-grappen\/#breadcrumb","itemListElement":[{"@type":"ListItem","position":1,"name":"Home","item":"https:\/\/www.thebestsocial.media\/nl\/"},{"@type":"ListItem","position":2,"name":"Ajax blundert met inschrijving Haller maar deze grappen halen de lijst wel"}]},{"@type":"WebSite","@id":"https:\/\/www.thebestsocial.media\/nl\/#website","url":"https:\/\/www.thebestsocial.media\/nl\/","name":"The Best Social Media NL","description":"Zoeklicht in de Digital Chaos","potentialAction":[{"@type":"SearchAction","target":{"@type":"EntryPoint","urlTemplate":"https:\/\/www.thebestsocial.media\/nl\/?s={search_term_string}"},"query-input":{"@type":"PropertyValueSpecification","valueRequired":true,"valueName":"search_term_string"}}],"inLanguage":"nl-NL"},{"@type":"Person","@id":"https:\/\/www.thebestsocial.media\/nl\/#\/schema\/person\/6d2a86a7971f8c3185ad91902fc04827","name":"Jasper","image":{"@type":"ImageObject","inLanguage":"nl-NL","@id":"https:\/\/secure.gravatar.com\/avatar\/eee97233851b903d251b56cad4bb6c54c5d0ff3b251a972a5fd363ad771290a7?s=96&d=mm&r=g","url":"https:\/\/secure.gravatar.com\/avatar\/eee97233851b903d251b56cad4bb6c54c5d0ff3b251a972a5fd363ad771290a7?s=96&d=mm&r=g","contentUrl":"https:\/\/secure.gravatar.com\/avatar\/eee97233851b903d251b56cad4bb6c54c5d0ff3b251a972a5fd363ad771290a7?s=96&d=mm&r=g","caption":"Jasper"},"url":"https:\/\/www.thebestsocial.media\/nl\/author\/susan-muskee\/"}]}},"amp_enabled":true,"_links":{"self":[{"href":"https:\/\/www.thebestsocial.media\/nl\/wp-json\/wp\/v2\/posts\/165483","targetHints":{"allow":["GET"]}}],"collection":[{"href":"https:\/\/www.thebestsocial.media\/nl\/wp-json\/wp\/v2\/posts"}],"about":[{"href":"https:\/\/www.thebestsocial.media\/nl\/wp-json\/wp\/v2\/types\/post"}],"author":[{"embeddable":true,"href":"https:\/\/www.thebestsocial.media\/nl\/wp-json\/wp\/v2\/users\/32"}],"replies":[{"embeddable":true,"href":"https:\/\/www.thebestsocial.media\/nl\/wp-json\/wp\/v2\/comments?post=165483"}],"version-history":[{"count":5,"href":"https:\/\/www.thebestsocial.media\/nl\/wp-json\/wp\/v2\/posts\/165483\/revisions"}],"predecessor-version":[{"id":165504,"href":"https:\/\/www.thebestsocial.media\/nl\/wp-json\/wp\/v2\/posts\/165483\/revisions\/165504"}],"wp:featuredmedia":[{"embeddable":true,"href":"https:\/\/www.thebestsocial.media\/nl\/wp-json\/wp\/v2\/media\/165501"}],"wp:attachment":[{"href":"https:\/\/www.thebestsocial.media\/nl\/wp-json\/wp\/v2\/media?parent=165483"}],"wp:term":[{"taxonomy":"category","embeddable":true,"href":"https:\/\/www.thebestsocial.media\/nl\/wp-json\/wp\/v2\/categories?post=165483"},{"taxonomy":"post_tag","embeddable":true,"href":"https:\/\/www.thebestsocial.media\/nl\/wp-json\/wp\/v2\/tags?post=165483"}],"curies":[{"name":"wp","href":"https:\/\/api.w.org\/{rel}","templated":true}]}}