{"id":129222,"date":"2020-04-08T10:25:24","date_gmt":"2020-04-08T09:25:24","guid":{"rendered":"https:\/\/www.thebestsocial.media\/nl\/?p=129222"},"modified":"2020-04-08T10:46:13","modified_gmt":"2020-04-08T09:46:13","slug":"corona-app-overheid-perconferentie","status":"publish","type":"post","link":"https:\/\/www.thebestsocial.media\/nl\/corona-app-overheid-perconferentie\/","title":{"rendered":"Nederlanders installeren alvast hun mening of grap over de corona-app"},"content":{"rendered":"<p>We waren gister weer getuige van een nieuwe persconferentie. Niet de meest schokkende, maar wel een met nieuwe ontwikkelingen. Behalve dat die verrekte <a href=\"https:\/\/www.thebestsocial.media\/nl\/wielrenners-zijn-niet-bepaald-de-meest-populaire-bevolkingsgroep-in-nederland\/\" target=\"_blank\" rel=\"noopener noreferrer\">wielrenners<\/a> en motorrijders even op hun vingers zijn getikt, heeft de overheid aangekondigd het coronavirus in toom te willen krijgen met apps. E\u00e9n app om te traceren wie in contact is gekomen met een coronapati\u00ebnt, zodat de app je kan waarschuwen als dit het geval is, en nog een om in makkelijk contact te komen met een dokter. Ok\u00e9, die aankondiging heeft de overheid gedaan. Dan is het nu tijd voor de reacties van onze landgenoten op het wereldwijde web.<\/p>\n<p>&nbsp;<\/p>\n<h3>1. Onze geliefde <a href=\"https:\/\/www.thebestsocial.media\/nl\/corona-gebarentolk-doventolk-persconferentie-hamsteren\/\" target=\"_blank\" rel=\"noopener noreferrer\">gebarentolk<\/a> mocht uiteraard niet ontbreken.<\/h3>\n<p>https:\/\/twitter.com\/vic23\/status\/1247571391232331776<\/p>\n<p>&nbsp;<\/p>\n<h3>2. Dit was voor velen al het hoogtepunt van de persco.<\/h3>\n<div class=\"dbsm-oembed\">\n<blockquote class=\"twitter-tweet\" data-width=\"500\" data-dnt=\"true\">\n<p lang=\"en\" dir=\"ltr\">APPLAUS!! <a href=\"https:\/\/t.co\/Ku8LbmE0yH\">pic.twitter.com\/Ku8LbmE0yH<\/a><\/p>\n<p>&mdash; Paul Peeters (@palpeet) <a href=\"https:\/\/twitter.com\/palpeet\/status\/1247570942357889030?ref_src=twsrc%5Etfw\">April 7, 2020<\/a><\/p><\/blockquote>\n<p><script async src=\"https:\/\/platform.twitter.com\/widgets.js\" charset=\"utf-8\"><\/script><\/div>\n<p>&nbsp;<\/p>\n<h3>3. Maar de meest spraakmakende aankondiging kwam uit de mond van Hugo de Jonge, namelijk: apps!<\/h3>\n<div class=\"dbsm-oembed\">\n<blockquote class=\"twitter-tweet\" data-width=\"500\" data-dnt=\"true\">\n<p lang=\"nl\" dir=\"ltr\"><a href=\"https:\/\/twitter.com\/hashtag\/persconferentie?src=hash&amp;ref_src=twsrc%5Etfw\">#persconferentie<\/a><\/p>\n<p>Van &#39;het is maar een griepje&#39; en &#39;groepsimmuniteit&#39; naar een verplichte traceer-app, waarbij de overheid je via je mobiel gaat volgen en aangeeft of je in de buurt ben geweest van iemand die besmet is (geweest) met het coronavirus app, in een paar weken&#8230;<\/p>\n<p>&mdash; Niemands Knegt (@NiemandsKnegt) <a href=\"https:\/\/twitter.com\/NiemandsKnegt\/status\/1247580057989787650?ref_src=twsrc%5Etfw\">April 7, 2020<\/a><\/p><\/blockquote>\n<p><script async src=\"https:\/\/platform.twitter.com\/widgets.js\" charset=\"utf-8\"><\/script><\/div>\n<p>&nbsp;<\/p>\n<h3>4. Tja, dan kun je reacties op Twitter verwachten in alle serieuze en minder serieuze vormen en maten.<\/h3>\n<div class=\"dbsm-oembed\">\n<blockquote class=\"twitter-tweet\" data-width=\"500\" data-dnt=\"true\">\n<p lang=\"nl\" dir=\"ltr\">Zul je zien dat die app alleen met 5G werkt.<\/p>\n<p>&mdash; Svennus J. Max (@SvensTweet) <a href=\"https:\/\/twitter.com\/SvensTweet\/status\/1247576530382979073?ref_src=twsrc%5Etfw\">April 7, 2020<\/a><\/p><\/blockquote>\n<p><script async src=\"https:\/\/platform.twitter.com\/widgets.js\" charset=\"utf-8\"><\/script><\/div>\n<p>&nbsp;<\/p>\n<h3>5. Mensen denken (en vrezen) hetzelfde.<\/h3>\n<div class=\"dbsm-oembed\">\n<blockquote class=\"twitter-tweet\" data-width=\"500\" data-dnt=\"true\">\n<p lang=\"nl\" dir=\"ltr\">Mensen, realiseer je dat we ooit een volledig album van U2 zonder toestemming op onze telefoons kregen, dus zo\u2019n app die bijhoudt waar je bent geweest valt best wel mee.<\/p>\n<p>&mdash; Maarten (@Onvoorstelbaard) <a href=\"https:\/\/twitter.com\/Onvoorstelbaard\/status\/1247575914826862593?ref_src=twsrc%5Etfw\">April 7, 2020<\/a><\/p><\/blockquote>\n<p><script async src=\"https:\/\/platform.twitter.com\/widgets.js\" charset=\"utf-8\"><\/script><\/div>\n<div class=\"dbsm-oembed\">\n<blockquote class=\"twitter-tweet\" data-width=\"500\" data-dnt=\"true\">\n<p lang=\"nl\" dir=\"ltr\">bij de app zit het nieuwe U2 album<\/p>\n<p>&mdash; Laurens Coll\u00e9e (@laurenscollee) <a href=\"https:\/\/twitter.com\/laurenscollee\/status\/1247575098837602305?ref_src=twsrc%5Etfw\">April 7, 2020<\/a><\/p><\/blockquote>\n<p><script async src=\"https:\/\/platform.twitter.com\/widgets.js\" charset=\"utf-8\"><\/script><\/div>\n<p>&nbsp;<\/p>\n<h3>6. Stine blijkt niet de enige die dit denkt.<\/h3>\n<div class=\"dbsm-oembed\">\n<blockquote class=\"twitter-tweet\" data-width=\"500\" data-dnt=\"true\">\n<p lang=\"nl\" dir=\"ltr\">Liever dan een app wil ik een test waaruit je kunt opmaken of je het virus gehad hebt <a href=\"https:\/\/twitter.com\/hashtag\/persconferentie?src=hash&amp;ref_src=twsrc%5Etfw\">#persconferentie<\/a><\/p>\n<p>&mdash; Stine Jensen (@Stine__Jensen) <a href=\"https:\/\/twitter.com\/Stine__Jensen\/status\/1247575412663889922?ref_src=twsrc%5Etfw\">April 7, 2020<\/a><\/p><\/blockquote>\n<p><script async src=\"https:\/\/platform.twitter.com\/widgets.js\" charset=\"utf-8\"><\/script><\/div>\n<p>&nbsp;<\/p>\n<h3>7. Of al je andere apps.<\/h3>\n<div class=\"dbsm-oembed\">\n<blockquote class=\"twitter-tweet\" data-width=\"500\" data-dnt=\"true\">\n<p lang=\"nl\" dir=\"ltr\">Ik ga echt geen app installeren, ze vragen maar aan Google of Facebook met wie ik contact had<\/p>\n<p>&mdash; Paul Peeters (@palpeet) <a href=\"https:\/\/twitter.com\/palpeet\/status\/1247578354615754752?ref_src=twsrc%5Etfw\">April 7, 2020<\/a><\/p><\/blockquote>\n<p><script async src=\"https:\/\/platform.twitter.com\/widgets.js\" charset=\"utf-8\"><\/script><\/div>\n<p>&nbsp;<\/p>\n<h3>8. Nancy heeft een boodschap voor alle sceptici.<\/h3>\n<div class=\"dbsm-oembed\">\n<blockquote class=\"twitter-tweet\" data-width=\"500\" data-dnt=\"true\">\n<p lang=\"nl\" dir=\"ltr\">Wat hebben jullie allemaal te verbergen met dat commentaar op de <a href=\"https:\/\/twitter.com\/hashtag\/CoronaApp?src=hash&amp;ref_src=twsrc%5Etfw\">#CoronaApp<\/a>? Als het virus hiermee kan worden ingedamd en er levens kunnen worden gered, lijkt mij dit een prima middel. Wie boeit het verder waar jij uithangt? Mij niet.<\/p>\n<p>&mdash; Nancy van der Mark (@NancyvanderMark) <a href=\"https:\/\/twitter.com\/NancyvanderMark\/status\/1247761096364056576?ref_src=twsrc%5Etfw\">April 8, 2020<\/a><\/p><\/blockquote>\n<p><script async src=\"https:\/\/platform.twitter.com\/widgets.js\" charset=\"utf-8\"><\/script><\/div>\n<p>&nbsp;<\/p>\n<h3>9. Want hier valt natuurlijk wel iets voor te zeggen.<\/h3>\n<div class=\"dbsm-oembed\">\n<blockquote class=\"twitter-tweet\" data-width=\"500\" data-dnt=\"true\">\n<p lang=\"nl\" dir=\"ltr\">30 journalisten: &quot;MaAr We KUnNeN TocH NiEt ZOmaAr kIjKEn wAAr DeMenSe ZIjn vIa EeN aPp?????? DeNk AaN DE PRIVACY?!?!??! mAg DaT wEL??????&quot;<\/p>\n<p>Happn, Facebook, Google, Snapchat en de rest van silicon valley:<a href=\"https:\/\/twitter.com\/hashtag\/persconferentie?src=hash&amp;ref_src=twsrc%5Etfw\">#persconferentie<\/a> <a href=\"https:\/\/t.co\/VPbntwBpTv\">pic.twitter.com\/VPbntwBpTv<\/a><\/p>\n<p>&mdash; Thijs (@TharusThijs) <a href=\"https:\/\/twitter.com\/TharusThijs\/status\/1247580697029677059?ref_src=twsrc%5Etfw\">April 7, 2020<\/a><\/p><\/blockquote>\n<p><script async src=\"https:\/\/platform.twitter.com\/widgets.js\" charset=\"utf-8\"><\/script><\/div>\n<p>&nbsp;<\/p>\n<h3>10. Om nog maar een voorbeeld te geven.<\/h3>\n<div class=\"dbsm-oembed\">\n<blockquote class=\"twitter-tweet\" data-width=\"500\" data-dnt=\"true\">\n<p lang=\"nl\" dir=\"ltr\">Vriend van je zegt:<br \/>&quot;Download deze app, is superleuk! Kan je allemaal leuke dingen met je vrienden doen in quarantaine&quot;<\/p>\n<p>*Download Houseparty, en geeft app toegang tot gehele telefoon.*<br \/>&#8212;&#8212;<\/p>\n<p>Overheid zegt:<br \/>&quot;Er komt wellicht een app die jou en jouw omgeving beschermt&quot;<\/p>\n<p>Waarom?!<\/p>\n<p>&mdash; \uea00 Dennis Gerritsen \ud835\udd4f (@dennboss) <a href=\"https:\/\/twitter.com\/dennboss\/status\/1247580615182073856?ref_src=twsrc%5Etfw\">April 7, 2020<\/a><\/p><\/blockquote>\n<p><script async src=\"https:\/\/platform.twitter.com\/widgets.js\" charset=\"utf-8\"><\/script><\/div>\n<p>&nbsp;<\/p>\n<h3>11. Als we dan toch bezig zijn.<\/h3>\n<p>https:\/\/twitter.com\/KimBoon94\/status\/1247582576405086211<\/p>\n<p>&nbsp;<\/p>\n<h3>12. Dat wordt een bezoekje aan je ouders, Jaap.<\/h3>\n<div class=\"dbsm-oembed\">\n<blockquote class=\"twitter-tweet\" data-width=\"500\" data-dnt=\"true\">\n<p lang=\"nl\" dir=\"ltr\">Mijn ouders zitten ongetwijfeld met grote ogen naar de persconferentie te kijken: wat is een app en waar koop je die???<\/p>\n<p>&mdash; Jaap Friso (@JaapFriso) <a href=\"https:\/\/twitter.com\/JaapFriso\/status\/1247575408586833920?ref_src=twsrc%5Etfw\">April 7, 2020<\/a><\/p><\/blockquote>\n<p><script async src=\"https:\/\/platform.twitter.com\/widgets.js\" charset=\"utf-8\"><\/script><\/div>\n<p>&nbsp;<\/p>\n<h3>13. Ten slotte gaan de geruchten dat de ontwikkelaar van de app ook al bekend is. Wordt vervolgd.<\/h3>\n<div class=\"dbsm-oembed\">\n<blockquote class=\"twitter-tweet\" data-width=\"500\" data-dnt=\"true\">\n<p lang=\"nl\" dir=\"ltr\">Nu is het hopen dat Rian van Rijbroek de app gaat ontwikkelen met gehackte JSF\u2019s die draaien op gedownselde blockchain 5G zenders. <a href=\"https:\/\/twitter.com\/hashtag\/persconferentie?src=hash&amp;ref_src=twsrc%5Etfw\">#persconferentie<\/a><\/p>\n<p>&mdash; Daan Jongen (@Daanjongen) <a href=\"https:\/\/twitter.com\/Daanjongen\/status\/1247578360798216201?ref_src=twsrc%5Etfw\">April 7, 2020<\/a><\/p><\/blockquote>\n<p><script async src=\"https:\/\/platform.twitter.com\/widgets.js\" charset=\"utf-8\"><\/script><\/div>\n<div class=\"dbsm-oembed\">\n<blockquote class=\"twitter-tweet\" data-width=\"500\" data-dnt=\"true\">\n<p lang=\"nl\" dir=\"ltr\">Iedereen moet een app installeren. <a href=\"https:\/\/twitter.com\/hashtag\/corona?src=hash&amp;ref_src=twsrc%5Etfw\">#corona<\/a> <a href=\"https:\/\/t.co\/Gtyqtw5b2a\">pic.twitter.com\/Gtyqtw5b2a<\/a><\/p>\n<p>&mdash; Rickey Gevers (@UID_) <a href=\"https:\/\/twitter.com\/UID_\/status\/1247591789256749058?ref_src=twsrc%5Etfw\">April 7, 2020<\/a><\/p><\/blockquote>\n<p><script async src=\"https:\/\/platform.twitter.com\/widgets.js\" charset=\"utf-8\"><\/script><\/div>\n<p>&nbsp;<\/p>\n<p><strong>Kan jij in deze vreemde tijd wel wat afleiding gebruiken? Dan hebben we iets voor je: er liggen namelijk drie seizoenen van The Best Social Podcast op je te wachten. We bespreken alles over social media met spraakmakende gasten, zoals Tim Hofman, Ryanne van Dorst en Nienke Plas.<\/strong><\/p>\n<p>Beluister The Best Social Podcast op:<br \/>\n<a href=\"https:\/\/open.spotify.com\/show\/3s7PxHP4sH61gfHrzssY8x?si=u6Ix8VRgQHuz3vzp8BmqaA\" target=\"_blank\" rel=\"noopener noreferrer\"><strong>Spotify<\/strong><\/a><br \/>\n<a href=\"https:\/\/podcasts.apple.com\/nl\/podcast\/the-best-social-podcast\/id1287456648\" target=\"_blank\" rel=\"noopener noreferrer\"><strong>Apple (iPhone en iPad)<\/strong><\/a><br \/>\n<a href=\"https:\/\/art19.com\/shows\/the-best-social-podcast\" target=\"_blank\" rel=\"noopener noreferrer\"><strong>Art19<\/strong><\/a><br \/>\n<a href=\"https:\/\/www.youtube.com\/channel\/UC9bJs0GEZEr9JmbBW__Vkcw?view_as=subscriber\" target=\"_blank\" rel=\"noopener noreferrer\"><strong>YouTube<\/strong><\/a><\/p>\n<p><img loading=\"lazy\" decoding=\"async\" class=\"alignnone size-large wp-image-126726\" src=\"https:\/\/www.thebestsocial.media\/nl\/wp-content\/uploads\/sites\/2\/2020\/03\/PODCAST-VISUAL-250K-1024x531.png\" alt=\"\" width=\"1024\" height=\"531\" srcset=\"https:\/\/www.thebestsocial.media\/nl\/wp-content\/uploads\/sites\/2\/2020\/03\/PODCAST-VISUAL-250K-1024x531.png 1024w, https:\/\/www.thebestsocial.media\/nl\/wp-content\/uploads\/sites\/2\/2020\/03\/PODCAST-VISUAL-250K-300x155.png 300w, https:\/\/www.thebestsocial.media\/nl\/wp-content\/uploads\/sites\/2\/2020\/03\/PODCAST-VISUAL-250K-768x398.png 768w, https:\/\/www.thebestsocial.media\/nl\/wp-content\/uploads\/sites\/2\/2020\/03\/PODCAST-VISUAL-250K-1536x796.png 1536w, https:\/\/www.thebestsocial.media\/nl\/wp-content\/uploads\/sites\/2\/2020\/03\/PODCAST-VISUAL-250K-2048x1061.png 2048w\" sizes=\"auto, (max-width: 1024px) 100vw, 1024px\" \/><\/p>\n","protected":false},"excerpt":{"rendered":"<p>We waren gister weer getuige van een nieuwe persconferentie. Niet de meest schokkende, maar wel een met nieuwe ontwikkelingen. Behalve dat die verrekte wielrenners en&#8230;<\/p>\n","protected":false},"author":4,"featured_media":129248,"comment_status":"open","ping_status":"open","sticky":false,"template":"","format":"standard","meta":{"_acf_changed":false,"footnotes":""},"categories":[16,17],"tags":[2569,29,28],"class_list":["post-129222","post","type-post","status-publish","format-standard","has-post-thumbnail","hentry","category-blogs","category-nieuws","tag-corona","tag-opvallend","tag-twitter"],"acf":[],"yoast_head":"<!-- This site is optimized with the Yoast SEO plugin v27.5 - https:\/\/yoast.com\/product\/yoast-seo-wordpress\/ -->\n<title>Nederlanders installeren alvast hun mening of grap over de corona-app<\/title>\n<meta name=\"description\" content=\"Behalve dat wielrenners en motorrijders even op hun vingers zijn getikt, heeft de overheid aangekondigd het coronavirus in toom te willen krijgen met apps.\" \/>\n<meta name=\"robots\" content=\"index, follow, max-snippet:-1, max-image-preview:large, max-video-preview:-1\" \/>\n<link rel=\"canonical\" href=\"https:\/\/www.thebestsocial.media\/nl\/corona-app-overheid-perconferentie\/\" \/>\n<meta property=\"og:locale\" content=\"nl_NL\" \/>\n<meta property=\"og:type\" content=\"article\" \/>\n<meta property=\"og:title\" content=\"Nederlanders installeren alvast hun mening of grap over de corona-app\" \/>\n<meta property=\"og:description\" content=\"Dan is het nu tijd voor de reacties van onze landgenoten op het wereldwijde web.\" \/>\n<meta property=\"og:url\" content=\"https:\/\/www.thebestsocial.media\/nl\/corona-app-overheid-perconferentie\/\" \/>\n<meta property=\"og:site_name\" content=\"The Best Social Media NL\" \/>\n<meta property=\"article:published_time\" content=\"2020-04-08T09:25:24+00:00\" \/>\n<meta property=\"article:modified_time\" content=\"2020-04-08T09:46:13+00:00\" \/>\n<meta property=\"og:image\" content=\"https:\/\/www.thebestsocial.media\/nl\/wp-content\/uploads\/sites\/2\/2020\/04\/APPfb.png\" \/>\n\t<meta property=\"og:image:width\" content=\"1200\" \/>\n\t<meta property=\"og:image:height\" content=\"628\" \/>\n\t<meta property=\"og:image:type\" content=\"image\/png\" \/>\n<meta name=\"author\" content=\"jasper\" \/>\n<meta name=\"twitter:card\" content=\"summary_large_image\" \/>\n<meta name=\"twitter:title\" content=\"Nederlanders installeren alvast hun mening of grap over de corona-app\" \/>\n<meta name=\"twitter:description\" content=\"Dan is het nu tijd voor de reacties van onze landgenoten op het wereldwijde web.\" \/>\n<meta name=\"twitter:image\" content=\"https:\/\/www.thebestsocial.media\/nl\/wp-content\/uploads\/sites\/2\/2020\/04\/APPfb.png\" \/>\n<meta name=\"twitter:creator\" content=\"@https:\/\/twitter.com\/jasperschilder\" \/>\n<meta name=\"twitter:label1\" content=\"Geschreven door\" \/>\n\t<meta name=\"twitter:data1\" content=\"jasper\" \/>\n\t<meta name=\"twitter:label2\" content=\"Geschatte leestijd\" \/>\n\t<meta name=\"twitter:data2\" content=\"2 minuten\" \/>\n<script type=\"application\/ld+json\" class=\"yoast-schema-graph\">{\"@context\":\"https:\\\/\\\/schema.org\",\"@graph\":[{\"@type\":\"Article\",\"@id\":\"https:\\\/\\\/www.thebestsocial.media\\\/nl\\\/corona-app-overheid-perconferentie\\\/#article\",\"isPartOf\":{\"@id\":\"https:\\\/\\\/www.thebestsocial.media\\\/nl\\\/corona-app-overheid-perconferentie\\\/\"},\"author\":{\"name\":\"jasper\",\"@id\":\"https:\\\/\\\/www.thebestsocial.media\\\/nl\\\/#\\\/schema\\\/person\\\/6522ce3b9c0dfc7e917afdce6e07826c\"},\"headline\":\"Nederlanders installeren alvast hun mening of grap over de corona-app\",\"datePublished\":\"2020-04-08T09:25:24+00:00\",\"dateModified\":\"2020-04-08T09:46:13+00:00\",\"mainEntityOfPage\":{\"@id\":\"https:\\\/\\\/www.thebestsocial.media\\\/nl\\\/corona-app-overheid-perconferentie\\\/\"},\"wordCount\":387,\"commentCount\":0,\"image\":{\"@id\":\"https:\\\/\\\/www.thebestsocial.media\\\/nl\\\/corona-app-overheid-perconferentie\\\/#primaryimage\"},\"thumbnailUrl\":\"https:\\\/\\\/www.thebestsocial.media\\\/nl\\\/wp-content\\\/uploads\\\/sites\\\/2\\\/2020\\\/04\\\/APPws.png\",\"keywords\":[\"corona\",\"opvallend\",\"twitter\"],\"articleSection\":[\"Blogs\",\"Nieuws\"],\"inLanguage\":\"nl-NL\",\"potentialAction\":[{\"@type\":\"CommentAction\",\"name\":\"Comment\",\"target\":[\"https:\\\/\\\/www.thebestsocial.media\\\/nl\\\/corona-app-overheid-perconferentie\\\/#respond\"]}]},{\"@type\":\"WebPage\",\"@id\":\"https:\\\/\\\/www.thebestsocial.media\\\/nl\\\/corona-app-overheid-perconferentie\\\/\",\"url\":\"https:\\\/\\\/www.thebestsocial.media\\\/nl\\\/corona-app-overheid-perconferentie\\\/\",\"name\":\"Nederlanders installeren alvast hun mening of grap over de corona-app\",\"isPartOf\":{\"@id\":\"https:\\\/\\\/www.thebestsocial.media\\\/nl\\\/#website\"},\"primaryImageOfPage\":{\"@id\":\"https:\\\/\\\/www.thebestsocial.media\\\/nl\\\/corona-app-overheid-perconferentie\\\/#primaryimage\"},\"image\":{\"@id\":\"https:\\\/\\\/www.thebestsocial.media\\\/nl\\\/corona-app-overheid-perconferentie\\\/#primaryimage\"},\"thumbnailUrl\":\"https:\\\/\\\/www.thebestsocial.media\\\/nl\\\/wp-content\\\/uploads\\\/sites\\\/2\\\/2020\\\/04\\\/APPws.png\",\"datePublished\":\"2020-04-08T09:25:24+00:00\",\"dateModified\":\"2020-04-08T09:46:13+00:00\",\"author\":{\"@id\":\"https:\\\/\\\/www.thebestsocial.media\\\/nl\\\/#\\\/schema\\\/person\\\/6522ce3b9c0dfc7e917afdce6e07826c\"},\"description\":\"Behalve dat wielrenners en motorrijders even op hun vingers zijn getikt, heeft de overheid aangekondigd het coronavirus in toom te willen krijgen met apps.\",\"breadcrumb\":{\"@id\":\"https:\\\/\\\/www.thebestsocial.media\\\/nl\\\/corona-app-overheid-perconferentie\\\/#breadcrumb\"},\"inLanguage\":\"nl-NL\",\"potentialAction\":[{\"@type\":\"ReadAction\",\"target\":[\"https:\\\/\\\/www.thebestsocial.media\\\/nl\\\/corona-app-overheid-perconferentie\\\/\"]}]},{\"@type\":\"ImageObject\",\"inLanguage\":\"nl-NL\",\"@id\":\"https:\\\/\\\/www.thebestsocial.media\\\/nl\\\/corona-app-overheid-perconferentie\\\/#primaryimage\",\"url\":\"https:\\\/\\\/www.thebestsocial.media\\\/nl\\\/wp-content\\\/uploads\\\/sites\\\/2\\\/2020\\\/04\\\/APPws.png\",\"contentUrl\":\"https:\\\/\\\/www.thebestsocial.media\\\/nl\\\/wp-content\\\/uploads\\\/sites\\\/2\\\/2020\\\/04\\\/APPws.png\",\"width\":1200,\"height\":628},{\"@type\":\"BreadcrumbList\",\"@id\":\"https:\\\/\\\/www.thebestsocial.media\\\/nl\\\/corona-app-overheid-perconferentie\\\/#breadcrumb\",\"itemListElement\":[{\"@type\":\"ListItem\",\"position\":1,\"name\":\"Home\",\"item\":\"https:\\\/\\\/www.thebestsocial.media\\\/nl\\\/\"},{\"@type\":\"ListItem\",\"position\":2,\"name\":\"Nederlanders installeren alvast hun mening of grap over de corona-app\"}]},{\"@type\":\"WebSite\",\"@id\":\"https:\\\/\\\/www.thebestsocial.media\\\/nl\\\/#website\",\"url\":\"https:\\\/\\\/www.thebestsocial.media\\\/nl\\\/\",\"name\":\"The Best Social Media NL\",\"description\":\"Zoeklicht in de Digital Chaos\",\"potentialAction\":[{\"@type\":\"SearchAction\",\"target\":{\"@type\":\"EntryPoint\",\"urlTemplate\":\"https:\\\/\\\/www.thebestsocial.media\\\/nl\\\/?s={search_term_string}\"},\"query-input\":{\"@type\":\"PropertyValueSpecification\",\"valueRequired\":true,\"valueName\":\"search_term_string\"}}],\"inLanguage\":\"nl-NL\"},{\"@type\":\"Person\",\"@id\":\"https:\\\/\\\/www.thebestsocial.media\\\/nl\\\/#\\\/schema\\\/person\\\/6522ce3b9c0dfc7e917afdce6e07826c\",\"name\":\"jasper\",\"image\":{\"@type\":\"ImageObject\",\"inLanguage\":\"nl-NL\",\"@id\":\"https:\\\/\\\/secure.gravatar.com\\\/avatar\\\/ecd3798140dc839cd1c2b6aa191c3a4627811ccfbdb5e11a6c48fa10459796ce?s=96&d=mm&r=g\",\"url\":\"https:\\\/\\\/secure.gravatar.com\\\/avatar\\\/ecd3798140dc839cd1c2b6aa191c3a4627811ccfbdb5e11a6c48fa10459796ce?s=96&d=mm&r=g\",\"contentUrl\":\"https:\\\/\\\/secure.gravatar.com\\\/avatar\\\/ecd3798140dc839cd1c2b6aa191c3a4627811ccfbdb5e11a6c48fa10459796ce?s=96&d=mm&r=g\",\"caption\":\"jasper\"},\"description\":\"Deze Brabantse eindredacteur heeft met zijn twee linkerhanden geluk dat hij in het social media tijdperk leeft. Vindt carnaval leuk, maar wintersport leuker. Heeft alle negen seizoenen van The Office minstens vijf keer gezien. Vindt dat we in Nederland meer That\u2019s-what-she-said grappen moeten maken. Verder houdt hij ook van Wordgrappen, maar dan moeten ze wel ergens opslaan. Anders is 'ie er niet tegen bestand. Voor zulke architekstuur kun je hem volgen op Twitter, en hij haalt tegenwoordig ook zijn gram op Insta.\",\"sameAs\":[\"https:\\\/\\\/www.instagram.com\\\/jasperschilder\\\/\",\"https:\\\/\\\/www.linkedin.com\\\/in\\\/jasper-schilder-a5b125111?authType=NAME_SEARCH&authToken=JoyN&locale=nl_NL&trk=tyah&trkInfo=clickedVerticalmynetworkclickedEntityId469099943authTypeNAME_SEARCHidx1-5-5tarId1478511884609tasjasperschilder\",\"https:\\\/\\\/x.com\\\/https:\\\/\\\/twitter.com\\\/jasperschilder\"],\"url\":\"https:\\\/\\\/www.thebestsocial.media\\\/nl\\\/author\\\/jasper\\\/\"}]}<\/script>\n<!-- \/ Yoast SEO plugin. -->","yoast_head_json":{"title":"Nederlanders installeren alvast hun mening of grap over de corona-app","description":"Behalve dat wielrenners en motorrijders even op hun vingers zijn getikt, heeft de overheid aangekondigd het coronavirus in toom te willen krijgen met apps.","robots":{"index":"index","follow":"follow","max-snippet":"max-snippet:-1","max-image-preview":"max-image-preview:large","max-video-preview":"max-video-preview:-1"},"canonical":"https:\/\/www.thebestsocial.media\/nl\/corona-app-overheid-perconferentie\/","og_locale":"nl_NL","og_type":"article","og_title":"Nederlanders installeren alvast hun mening of grap over de corona-app","og_description":"Dan is het nu tijd voor de reacties van onze landgenoten op het wereldwijde web.","og_url":"https:\/\/www.thebestsocial.media\/nl\/corona-app-overheid-perconferentie\/","og_site_name":"The Best Social Media NL","article_published_time":"2020-04-08T09:25:24+00:00","article_modified_time":"2020-04-08T09:46:13+00:00","og_image":[{"width":1200,"height":628,"url":"https:\/\/www.thebestsocial.media\/nl\/wp-content\/uploads\/sites\/2\/2020\/04\/APPfb.png","type":"image\/png"}],"author":"jasper","twitter_card":"summary_large_image","twitter_title":"Nederlanders installeren alvast hun mening of grap over de corona-app","twitter_description":"Dan is het nu tijd voor de reacties van onze landgenoten op het wereldwijde web.","twitter_image":"https:\/\/www.thebestsocial.media\/nl\/wp-content\/uploads\/sites\/2\/2020\/04\/APPfb.png","twitter_creator":"@https:\/\/twitter.com\/jasperschilder","twitter_misc":{"Geschreven door":"jasper","Geschatte leestijd":"2 minuten"},"schema":{"@context":"https:\/\/schema.org","@graph":[{"@type":"Article","@id":"https:\/\/www.thebestsocial.media\/nl\/corona-app-overheid-perconferentie\/#article","isPartOf":{"@id":"https:\/\/www.thebestsocial.media\/nl\/corona-app-overheid-perconferentie\/"},"author":{"name":"jasper","@id":"https:\/\/www.thebestsocial.media\/nl\/#\/schema\/person\/6522ce3b9c0dfc7e917afdce6e07826c"},"headline":"Nederlanders installeren alvast hun mening of grap over de corona-app","datePublished":"2020-04-08T09:25:24+00:00","dateModified":"2020-04-08T09:46:13+00:00","mainEntityOfPage":{"@id":"https:\/\/www.thebestsocial.media\/nl\/corona-app-overheid-perconferentie\/"},"wordCount":387,"commentCount":0,"image":{"@id":"https:\/\/www.thebestsocial.media\/nl\/corona-app-overheid-perconferentie\/#primaryimage"},"thumbnailUrl":"https:\/\/www.thebestsocial.media\/nl\/wp-content\/uploads\/sites\/2\/2020\/04\/APPws.png","keywords":["corona","opvallend","twitter"],"articleSection":["Blogs","Nieuws"],"inLanguage":"nl-NL","potentialAction":[{"@type":"CommentAction","name":"Comment","target":["https:\/\/www.thebestsocial.media\/nl\/corona-app-overheid-perconferentie\/#respond"]}]},{"@type":"WebPage","@id":"https:\/\/www.thebestsocial.media\/nl\/corona-app-overheid-perconferentie\/","url":"https:\/\/www.thebestsocial.media\/nl\/corona-app-overheid-perconferentie\/","name":"Nederlanders installeren alvast hun mening of grap over de corona-app","isPartOf":{"@id":"https:\/\/www.thebestsocial.media\/nl\/#website"},"primaryImageOfPage":{"@id":"https:\/\/www.thebestsocial.media\/nl\/corona-app-overheid-perconferentie\/#primaryimage"},"image":{"@id":"https:\/\/www.thebestsocial.media\/nl\/corona-app-overheid-perconferentie\/#primaryimage"},"thumbnailUrl":"https:\/\/www.thebestsocial.media\/nl\/wp-content\/uploads\/sites\/2\/2020\/04\/APPws.png","datePublished":"2020-04-08T09:25:24+00:00","dateModified":"2020-04-08T09:46:13+00:00","author":{"@id":"https:\/\/www.thebestsocial.media\/nl\/#\/schema\/person\/6522ce3b9c0dfc7e917afdce6e07826c"},"description":"Behalve dat wielrenners en motorrijders even op hun vingers zijn getikt, heeft de overheid aangekondigd het coronavirus in toom te willen krijgen met apps.","breadcrumb":{"@id":"https:\/\/www.thebestsocial.media\/nl\/corona-app-overheid-perconferentie\/#breadcrumb"},"inLanguage":"nl-NL","potentialAction":[{"@type":"ReadAction","target":["https:\/\/www.thebestsocial.media\/nl\/corona-app-overheid-perconferentie\/"]}]},{"@type":"ImageObject","inLanguage":"nl-NL","@id":"https:\/\/www.thebestsocial.media\/nl\/corona-app-overheid-perconferentie\/#primaryimage","url":"https:\/\/www.thebestsocial.media\/nl\/wp-content\/uploads\/sites\/2\/2020\/04\/APPws.png","contentUrl":"https:\/\/www.thebestsocial.media\/nl\/wp-content\/uploads\/sites\/2\/2020\/04\/APPws.png","width":1200,"height":628},{"@type":"BreadcrumbList","@id":"https:\/\/www.thebestsocial.media\/nl\/corona-app-overheid-perconferentie\/#breadcrumb","itemListElement":[{"@type":"ListItem","position":1,"name":"Home","item":"https:\/\/www.thebestsocial.media\/nl\/"},{"@type":"ListItem","position":2,"name":"Nederlanders installeren alvast hun mening of grap over de corona-app"}]},{"@type":"WebSite","@id":"https:\/\/www.thebestsocial.media\/nl\/#website","url":"https:\/\/www.thebestsocial.media\/nl\/","name":"The Best Social Media NL","description":"Zoeklicht in de Digital Chaos","potentialAction":[{"@type":"SearchAction","target":{"@type":"EntryPoint","urlTemplate":"https:\/\/www.thebestsocial.media\/nl\/?s={search_term_string}"},"query-input":{"@type":"PropertyValueSpecification","valueRequired":true,"valueName":"search_term_string"}}],"inLanguage":"nl-NL"},{"@type":"Person","@id":"https:\/\/www.thebestsocial.media\/nl\/#\/schema\/person\/6522ce3b9c0dfc7e917afdce6e07826c","name":"jasper","image":{"@type":"ImageObject","inLanguage":"nl-NL","@id":"https:\/\/secure.gravatar.com\/avatar\/ecd3798140dc839cd1c2b6aa191c3a4627811ccfbdb5e11a6c48fa10459796ce?s=96&d=mm&r=g","url":"https:\/\/secure.gravatar.com\/avatar\/ecd3798140dc839cd1c2b6aa191c3a4627811ccfbdb5e11a6c48fa10459796ce?s=96&d=mm&r=g","contentUrl":"https:\/\/secure.gravatar.com\/avatar\/ecd3798140dc839cd1c2b6aa191c3a4627811ccfbdb5e11a6c48fa10459796ce?s=96&d=mm&r=g","caption":"jasper"},"description":"Deze Brabantse eindredacteur heeft met zijn twee linkerhanden geluk dat hij in het social media tijdperk leeft. Vindt carnaval leuk, maar wintersport leuker. Heeft alle negen seizoenen van The Office minstens vijf keer gezien. Vindt dat we in Nederland meer That\u2019s-what-she-said grappen moeten maken. Verder houdt hij ook van Wordgrappen, maar dan moeten ze wel ergens opslaan. Anders is 'ie er niet tegen bestand. Voor zulke architekstuur kun je hem volgen op Twitter, en hij haalt tegenwoordig ook zijn gram op Insta.","sameAs":["https:\/\/www.instagram.com\/jasperschilder\/","https:\/\/www.linkedin.com\/in\/jasper-schilder-a5b125111?authType=NAME_SEARCH&authToken=JoyN&locale=nl_NL&trk=tyah&trkInfo=clickedVerticalmynetworkclickedEntityId469099943authTypeNAME_SEARCHidx1-5-5tarId1478511884609tasjasperschilder","https:\/\/x.com\/https:\/\/twitter.com\/jasperschilder"],"url":"https:\/\/www.thebestsocial.media\/nl\/author\/jasper\/"}]}},"amp_enabled":true,"_links":{"self":[{"href":"https:\/\/www.thebestsocial.media\/nl\/wp-json\/wp\/v2\/posts\/129222","targetHints":{"allow":["GET"]}}],"collection":[{"href":"https:\/\/www.thebestsocial.media\/nl\/wp-json\/wp\/v2\/posts"}],"about":[{"href":"https:\/\/www.thebestsocial.media\/nl\/wp-json\/wp\/v2\/types\/post"}],"author":[{"embeddable":true,"href":"https:\/\/www.thebestsocial.media\/nl\/wp-json\/wp\/v2\/users\/4"}],"replies":[{"embeddable":true,"href":"https:\/\/www.thebestsocial.media\/nl\/wp-json\/wp\/v2\/comments?post=129222"}],"version-history":[{"count":3,"href":"https:\/\/www.thebestsocial.media\/nl\/wp-json\/wp\/v2\/posts\/129222\/revisions"}],"predecessor-version":[{"id":129253,"href":"https:\/\/www.thebestsocial.media\/nl\/wp-json\/wp\/v2\/posts\/129222\/revisions\/129253"}],"wp:featuredmedia":[{"embeddable":true,"href":"https:\/\/www.thebestsocial.media\/nl\/wp-json\/wp\/v2\/media\/129248"}],"wp:attachment":[{"href":"https:\/\/www.thebestsocial.media\/nl\/wp-json\/wp\/v2\/media?parent=129222"}],"wp:term":[{"taxonomy":"category","embeddable":true,"href":"https:\/\/www.thebestsocial.media\/nl\/wp-json\/wp\/v2\/categories?post=129222"},{"taxonomy":"post_tag","embeddable":true,"href":"https:\/\/www.thebestsocial.media\/nl\/wp-json\/wp\/v2\/tags?post=129222"}],"curies":[{"name":"wp","href":"https:\/\/api.w.org\/{rel}","templated":true}]}}