{"id":208472,"date":"2025-03-06T20:57:50","date_gmt":"2025-03-06T20:57:50","guid":{"rendered":"https:\/\/www.thebestsocial.media\/de\/?p=208472"},"modified":"2025-03-07T15:21:37","modified_gmt":"2025-03-07T15:21:37","slug":"umstyling-mit-traenen-und-klaas-gntm-staffel-20-folge-7-prosieben-joyn","status":"publish","type":"post","link":"https:\/\/www.thebestsocial.media\/de\/umstyling-mit-traenen-und-klaas-gntm-staffel-20-folge-7-prosieben-joyn\/","title":{"rendered":"Umstyling mit Klaas: GNTM Staffel 20, Folge 7"},"content":{"rendered":"<p>F\u00fcr GNTM-Fans ist die heutige Folge wie Weihnachten und Geburtstag zusammen: Das Umstyling steht an! Und Klaas ist am Start (irgendwie random, aber wir beschweren uns nicht)! Mussten fr\u00fcher noch alle Kandidatinnen um ihre geliebten Haare f\u00fcrchten, sind es heute nur noch ein paar Auserw\u00e4hlte, die auf ihre Nominierung entweder mit Euphorie oder mit verhaltener Panik reagieren. Und w\u00e4hrend sie dann ihre No-Gos aufz\u00e4hlen (Glatze, Vokuhila,&#8230;), mischt Heidi schonmal die bunten Haarfarben an und lacht sich ins F\u00e4ustchen (auch wenn sie betont, sie macht das Umstyling nicht, um die Models leiden zu sehen \ud83d\ude09\ud83d\ude09\ud83d\ude09). Dann geht es auch schon los und die Tr\u00e4nen rollen schneller, als man &#8222;Zwiebel&#8220; sagen kann. Beim &#8222;klassischen Model&#8220; liegen bereits beim Augenmakeup die Nerven blank &#8211; es w\u00e4re zu bunt f\u00fcr ihren Geschmack. Ein Gl\u00fcck werden Models normalerweise ausschlie\u00dflich nach ihren ganz pers\u00f6nlichen Pr\u00e4ferenzen gestyled, sonst w\u00e4re das ja am Ende gar kein geeigneter Job f\u00fcr sie. Als Klaas dann vorbeischaut, werden die &#8222;sogenannten Emotionen in der Luft&#8220; wieder etwas positiver. Zumindest bei fast allen. Magdalena hat die gro\u00dfe Ehre, unter die Schere des Starfriseurs zu geraten und kann ihre Freude erstaunlich gut unter einer Maske der Skepsis und Panik verbergen. Wenn sie nur w\u00fcsste, was da noch auf sie zukommt! Aber viel Zeit zum Trauern bleibt nicht. Als n\u00e4chstes treten die Modelkandidatinnen und Heidi undercover beim Duell um die Welt von Joko und Klaas auf und danach geht es auch schon an die Fashion Show.<\/p>\n<p><em><a href=\"https:\/\/www.thebestsocial.media\/de\/boys-do-cry-gntm-staffel-20-folge-6-prosieben-joyn\/\" target=\"_blank\" rel=\"noopener\">+++Hier geht\u2019s zu Folge 6+++<\/a><\/em><\/p>\n<p>&nbsp;<\/p>\n<h3>Die Championsleague ist sowas wie das Umstyling von GNTM f\u00fcr M\u00e4nner. So n\u00e4mlich.<\/h3>\n<blockquote id=\"ig-tp-DG3oqkEgAA8\" class=\"text-post-media\" style=\"background: #FFF; border-radius: 16px; max-width: 540px; margin: 1px; min-width: 270px; padding: 0; width: calc(100% - 2px); border: 1px solid #00000026;\" data-text-post-permalink=\"https:\/\/www.threads.net\/@bonjoursvon\/post\/DG3oqkEgAA8\" data-text-post-version=\"0\"><p>&nbsp;<\/p>\n<div style=\"padding: 40px; display: flex; flex-direction: column; align-items: center;\">\n<div style=\"display: block; height: 32px; width: 32px; padding-bottom: 20px;\"><\/div>\n<div style=\"font-size: 15px; line-height: 21px; color: #000000; font-weight: 600;\">Auf Threads ansehen<\/div>\n<\/div>\n<p>&nbsp;<\/p><\/blockquote>\n\n<p>&nbsp;<\/p>\n<h3>\u2728Geheimnisvoll\u2728<\/h3>\n<blockquote id=\"ig-tp-DG3p0jQI3Uc\" class=\"text-post-media\" style=\"background: #FFF; border-radius: 16px; max-width: 540px; margin: 1px; min-width: 270px; padding: 0; width: calc(100% - 2px); border: 1px solid #00000026;\" data-text-post-permalink=\"https:\/\/www.threads.net\/@shinpie\/post\/DG3p0jQI3Uc\" data-text-post-version=\"0\"><p>&nbsp;<\/p>\n<div style=\"padding: 40px; display: flex; flex-direction: column; align-items: center;\">\n<div style=\"display: block; height: 32px; width: 32px; padding-bottom: 20px;\"><\/div>\n<div style=\"font-size: 15px; line-height: 21px; color: #000000; font-weight: 600;\">Auf Threads ansehen<\/div>\n<\/div>\n<p>&nbsp;<\/p><\/blockquote>\n\n<p>&nbsp;<\/p>\n<h3>Vokuhilas f\u00fcr alle!<\/h3>\n<blockquote id=\"ig-tp-DG3pot2Cw2f\" class=\"text-post-media\" style=\"background: #FFF; border-radius: 16px; max-width: 540px; margin: 1px; min-width: 270px; padding: 0; width: calc(100% - 2px); border: 1px solid #00000026;\" data-text-post-permalink=\"https:\/\/www.threads.net\/@david_lovric\/post\/DG3pot2Cw2f\" data-text-post-version=\"0\"><p>&nbsp;<\/p>\n<div style=\"padding: 40px; display: flex; flex-direction: column; align-items: center;\">\n<div style=\"display: block; height: 32px; width: 32px; padding-bottom: 20px;\"><\/div>\n<div style=\"font-size: 15px; line-height: 21px; color: #000000; font-weight: 600;\">Auf Threads ansehen<\/div>\n<\/div>\n<p>&nbsp;<\/p><\/blockquote>\n\n<p>&nbsp;<\/p>\n<h3>Was flippiges.<\/h3>\n<blockquote class=\"twitter-tweet\">\n<p dir=\"ltr\" lang=\"de\">Das Letzte, was du siehst, bevor du eine Kurzhaarfrisur in Pink hast oder ne halb Glatze <a href=\"https:\/\/twitter.com\/hashtag\/gntm?src=hash&amp;ref_src=twsrc%5Etfw\">#gntm<\/a> <a href=\"https:\/\/t.co\/yHSsA2SP3Q\">pic.twitter.com\/yHSsA2SP3Q<\/a><\/p>\n<p>\u2014 Thomas (@Thomas__2290) <a href=\"https:\/\/twitter.com\/Thomas__2290\/status\/1897728205756207388?ref_src=twsrc%5Etfw\">March 6, 2025<\/a><\/p><\/blockquote>\n<p><script async src=\"https:\/\/platform.twitter.com\/widgets.js\" charset=\"utf-8\"><\/script><\/p>\n<p>&nbsp;<\/p>\n<h3>Die traut sich was!<\/h3>\n<blockquote id=\"ig-tp-DG3qjakMTAE\" class=\"text-post-media\" style=\"background: #FFF; border-radius: 16px; max-width: 540px; margin: 1px; min-width: 270px; padding: 0; width: calc(100% - 2px); border: 1px solid #00000026;\" data-text-post-permalink=\"https:\/\/www.threads.net\/@nicolasflohn\/post\/DG3qjakMTAE\" data-text-post-version=\"0\"><p>&nbsp;<\/p>\n<div style=\"padding: 40px; display: flex; flex-direction: column; align-items: center;\">\n<div style=\"display: block; height: 32px; width: 32px; padding-bottom: 20px;\"><\/div>\n<div style=\"font-size: 15px; line-height: 21px; color: #000000; font-weight: 600;\">Auf Threads ansehen<\/div>\n<\/div>\n<p>&nbsp;<\/p><\/blockquote>\n\n<p>&nbsp;<\/p>\n<h3>&#8222;Super, danke.&#8220; \ud83e\udd72<\/h3>\n<blockquote id=\"ig-tp-DG3rBuLoPd6\" class=\"text-post-media\" style=\"background: #FFF; border-radius: 16px; max-width: 540px; margin: 1px; min-width: 270px; padding: 0; width: calc(100% - 2px); border: 1px solid #00000026;\" data-text-post-permalink=\"https:\/\/www.threads.net\/@shinpie\/post\/DG3rBuLoPd6\" data-text-post-version=\"0\"><p>&nbsp;<\/p>\n<div style=\"padding: 40px; display: flex; flex-direction: column; align-items: center;\">\n<div style=\"display: block; height: 32px; width: 32px; padding-bottom: 20px;\"><\/div>\n<div style=\"font-size: 15px; line-height: 21px; color: #000000; font-weight: 600;\">Auf Threads ansehen<\/div>\n<\/div>\n<p>&nbsp;<\/p><\/blockquote>\n\n<p>&nbsp;<\/p>\n<h3>Die Geschichte wiederholt sich.<\/h3>\n<blockquote class=\"twitter-tweet\">\n<p dir=\"ltr\" lang=\"de\">Moral von der geschichte ist, geh nicht zu gntm wenn du zoe hei\u00dft <a href=\"https:\/\/twitter.com\/hashtag\/gntm?src=hash&amp;ref_src=twsrc%5Etfw\">#gntm<\/a> <a href=\"https:\/\/t.co\/GZVMGKBw3B\">pic.twitter.com\/GZVMGKBw3B<\/a><\/p>\n<p>\u2014 alina (@alittlebitalina) <a href=\"https:\/\/twitter.com\/alittlebitalina\/status\/1897738470145077340?ref_src=twsrc%5Etfw\">March 6, 2025<\/a><\/p><\/blockquote>\n<p><script async src=\"https:\/\/platform.twitter.com\/widgets.js\" charset=\"utf-8\"><\/script><\/p>\n<p>&nbsp;<\/p>\n<h3>H\u00e4tte Heidi gestern mal statt der Zwiebeln machen sollen.<\/h3>\n<blockquote id=\"ig-tp-DG3ry1gomYe\" class=\"text-post-media\" style=\"background: #FFF; border-radius: 16px; max-width: 540px; margin: 1px; min-width: 270px; padding: 0; width: calc(100% - 2px); border: 1px solid #00000026;\" data-text-post-permalink=\"https:\/\/www.threads.net\/@shinpie\/post\/DG3ry1gomYe\" data-text-post-version=\"0\"><p>&nbsp;<\/p>\n<div style=\"padding: 40px; display: flex; flex-direction: column; align-items: center;\">\n<div style=\"display: block; height: 32px; width: 32px; padding-bottom: 20px;\"><\/div>\n<div style=\"font-size: 15px; line-height: 21px; color: #000000; font-weight: 600;\">Auf Threads ansehen<\/div>\n<\/div>\n<p>&nbsp;<\/p><\/blockquote>\n\n<p>&nbsp;<\/p>\n<h3>Weiiis ich jetzt nich.<\/h3>\n<blockquote class=\"twitter-tweet\">\n<p dir=\"ltr\" lang=\"de\">will model werden aber mag es eher neutral und weint wegen buntem augen make up\u2026 <a href=\"https:\/\/twitter.com\/hashtag\/gntm?src=hash&amp;ref_src=twsrc%5Etfw\">#gntm<\/a> <a href=\"https:\/\/t.co\/0nVFaRhJzY\">pic.twitter.com\/0nVFaRhJzY<\/a><\/p>\n<p>\u2014 leni \ud83e\udea9 (@lenislw_) <a href=\"https:\/\/twitter.com\/lenislw_\/status\/1897738981120352738?ref_src=twsrc%5Etfw\">March 6, 2025<\/a><\/p><\/blockquote>\n<p><script async src=\"https:\/\/platform.twitter.com\/widgets.js\" charset=\"utf-8\"><\/script><\/p>\n<p>&nbsp;<\/p>\n<h3>Relatable.<\/h3>\n<blockquote class=\"twitter-tweet\">\n<p dir=\"ltr\" lang=\"de\">&#8222;Ich hab das gelernt drei Jahre und dann hab ich das nie wieder gemacht&#8220;<br \/>\nIch jeden Tag in der Arbeit <a href=\"https:\/\/twitter.com\/hashtag\/GNTM?src=hash&amp;ref_src=twsrc%5Etfw\">#GNTM<\/a><\/p>\n<p>\u2014 Corinna (@Content_Corinna) <a href=\"https:\/\/twitter.com\/Content_Corinna\/status\/1897735351638409396?ref_src=twsrc%5Etfw\">March 6, 2025<\/a><\/p><\/blockquote>\n<p><script async src=\"https:\/\/platform.twitter.com\/widgets.js\" charset=\"utf-8\"><\/script><\/p>\n<p>&nbsp;<\/p>\n<h3>Alle freuen sich, Klaas zu sehen. Naja, fast alle.<\/h3>\n<blockquote id=\"ig-tp-DG3uXI3sD4a\" class=\"text-post-media\" style=\"background: #FFF; border-radius: 16px; max-width: 540px; margin: 1px; min-width: 270px; padding: 0; width: calc(100% - 2px); border: 1px solid #00000026;\" data-text-post-permalink=\"https:\/\/www.threads.net\/@_xsusex_\/post\/DG3uXI3sD4a\" data-text-post-version=\"0\"><p>&nbsp;<\/p>\n<div style=\"padding: 40px; display: flex; flex-direction: column; align-items: center;\">\n<div style=\"display: block; height: 32px; width: 32px; padding-bottom: 20px;\"><\/div>\n<div style=\"font-size: 15px; line-height: 21px; color: #000000; font-weight: 600;\">Auf Threads ansehen<\/div>\n<\/div>\n<p>&nbsp;<\/p><\/blockquote>\n\n<p>&nbsp;<\/p>\n<h3>Da w\u00e4re sie mit Klaas&#8216; Haarschnitt am Ende ja vielleicht doch besser dran gewesen?<\/h3>\n<blockquote class=\"twitter-tweet\">\n<p dir=\"ltr\" lang=\"de\">Es tut mir so Leid f\u00fcr sie <a href=\"https:\/\/twitter.com\/hashtag\/gntm?src=hash&amp;ref_src=twsrc%5Etfw\">#gntm<\/a> <a href=\"https:\/\/t.co\/6tRI6Y2l5p\">pic.twitter.com\/6tRI6Y2l5p<\/a><\/p>\n<p>\u2014 Sarah \u2728\ud83e\udea9\ud83c\udf52\ud83c\udf80 (@comealong_sarah) <a href=\"https:\/\/twitter.com\/comealong_sarah\/status\/1897742330808893601?ref_src=twsrc%5Etfw\">March 6, 2025<\/a><\/p><\/blockquote>\n<p><script async src=\"https:\/\/platform.twitter.com\/widgets.js\" charset=\"utf-8\"><\/script><\/p>\n<p>&nbsp;<\/p>\n<h3>r\/watchpeopledieinside<\/h3>\n<blockquote class=\"twitter-tweet\">\n<p dir=\"ltr\" lang=\"de\">&#8222;Mimimi ich will keine Extensions&#8220;<\/p>\n<p>Sei leise. Neben dir sitzt Rudi, 52, Schalke Fan mit Currywurst-Wagen und w\u00fcrde sich Extensions w\u00fcnschen. <a href=\"https:\/\/twitter.com\/hashtag\/gntm?src=hash&amp;ref_src=twsrc%5Etfw\">#gntm<\/a> <a href=\"https:\/\/t.co\/kQbR4bKtKw\">pic.twitter.com\/kQbR4bKtKw<\/a><\/p>\n<p>\u2014 Janine vom Olivenbaum (@JVomOlivenbaum) <a href=\"https:\/\/twitter.com\/JVomOlivenbaum\/status\/1897743603726008711?ref_src=twsrc%5Etfw\">March 6, 2025<\/a><\/p><\/blockquote>\n<p><script async src=\"https:\/\/platform.twitter.com\/widgets.js\" charset=\"utf-8\"><\/script><\/p>\n<p>&nbsp;<\/p>\n<h3>Wenn&#8217;s bei GNTM nicht klappt&#8230;<\/h3>\n<blockquote class=\"twitter-tweet\">\n<p dir=\"ltr\" lang=\"de\">VERLIEBEN VERLOREN VERGESSEN VERZEIHEN <a href=\"https:\/\/twitter.com\/hashtag\/GNTM?src=hash&amp;ref_src=twsrc%5Etfw\">#GNTM<\/a> <a href=\"https:\/\/t.co\/WAiq8XzDdA\">pic.twitter.com\/WAiq8XzDdA<\/a><\/p>\n<p>\u2014 Christoph Wind (@ChristophWind) <a href=\"https:\/\/twitter.com\/ChristophWind\/status\/1897745179773202641?ref_src=twsrc%5Etfw\">March 6, 2025<\/a><\/p><\/blockquote>\n<p><script async src=\"https:\/\/platform.twitter.com\/widgets.js\" charset=\"utf-8\"><\/script><\/p>\n<p>&nbsp;<\/p>\n<h3>Ein ganz neuer Mensch!<\/h3>\n<blockquote id=\"ig-tp-DG3xp4qNNrW\" class=\"text-post-media\" style=\"background: #FFF; border-radius: 16px; max-width: 540px; margin: 1px; min-width: 270px; padding: 0; width: calc(100% - 2px); border: 1px solid #00000026;\" data-text-post-permalink=\"https:\/\/www.threads.net\/@couchtime_tv\/post\/DG3xp4qNNrW\" data-text-post-version=\"0\"><p>&nbsp;<\/p>\n<div style=\"padding: 40px; display: flex; flex-direction: column; align-items: center;\">\n<div style=\"display: block; height: 32px; width: 32px; padding-bottom: 20px;\"><\/div>\n<div style=\"font-size: 15px; line-height: 21px; color: #000000; font-weight: 600;\">Auf Threads ansehen<\/div>\n<\/div>\n<p>&nbsp;<\/p><\/blockquote>\n\n<p>&nbsp;<\/p>\n<h3>Muss man wissen&#8230;<\/h3>\n<blockquote id=\"ig-tp-DG3xyzLsUVk\" class=\"text-post-media\" style=\"background: #FFF; border-radius: 16px; max-width: 540px; margin: 1px; min-width: 270px; padding: 0; width: calc(100% - 2px); border: 1px solid #00000026;\" data-text-post-permalink=\"https:\/\/www.threads.net\/@williamnoodles_\/post\/DG3xyzLsUVk\" data-text-post-version=\"0\"><p>&nbsp;<\/p>\n<div style=\"padding: 40px; display: flex; flex-direction: column; align-items: center;\">\n<div style=\"display: block; height: 32px; width: 32px; padding-bottom: 20px;\"><\/div>\n<div style=\"font-size: 15px; line-height: 21px; color: #000000; font-weight: 600;\">Auf Threads ansehen<\/div>\n<\/div>\n<p>&nbsp;<\/p><\/blockquote>\n\n<p>&nbsp;<\/p>\n<h3>&#8222;Ist halt sehr anders&#8230;&#8220;<\/h3>\n<blockquote id=\"ig-tp-DG3yIqwoqcZ\" class=\"text-post-media\" style=\"background: #FFF; border-radius: 16px; max-width: 540px; margin: 1px; min-width: 270px; padding: 0; width: calc(100% - 2px); border: 1px solid #00000026;\" data-text-post-permalink=\"https:\/\/www.threads.net\/@shinpie\/post\/DG3yIqwoqcZ\" data-text-post-version=\"0\"><p>&nbsp;<\/p>\n<div style=\"padding: 40px; display: flex; flex-direction: column; align-items: center;\">\n<div style=\"display: block; height: 32px; width: 32px; padding-bottom: 20px;\"><\/div>\n<div style=\"font-size: 15px; line-height: 21px; color: #000000; font-weight: 600;\">Auf Threads ansehen<\/div>\n<\/div>\n<p>&nbsp;<\/p><\/blockquote>\n\n<p>&nbsp;<\/p>\n<h3>Was f\u00fcr eine Legende!<\/h3>\n<blockquote id=\"ig-tp-DG3zkuxojYt\" class=\"text-post-media\" style=\"background: #FFF; border-radius: 16px; max-width: 540px; margin: 1px; min-width: 270px; padding: 0; width: calc(100% - 2px); border: 1px solid #00000026;\" data-text-post-permalink=\"https:\/\/www.threads.net\/@shinpie\/post\/DG3zkuxojYt\" data-text-post-version=\"0\"><p>&nbsp;<\/p>\n<div style=\"padding: 40px; display: flex; flex-direction: column; align-items: center;\">\n<div style=\"display: block; height: 32px; width: 32px; padding-bottom: 20px;\"><\/div>\n<div style=\"font-size: 15px; line-height: 21px; color: #000000; font-weight: 600;\">Auf Threads ansehen<\/div>\n<\/div>\n<p>&nbsp;<\/p><\/blockquote>\n\n<p>&nbsp;<\/p>\n<h3>Das fasst es ganz gut zusammen.<\/h3>\n<blockquote id=\"ig-tp-DG31_VptS_r\" class=\"text-post-media\" style=\"background: #FFF; border-radius: 16px; max-width: 540px; margin: 1px; min-width: 270px; padding: 0; width: calc(100% - 2px); border: 1px solid #00000026;\" data-text-post-permalink=\"https:\/\/www.threads.net\/@tini.cr2\/post\/DG31_VptS_r\" data-text-post-version=\"0\"><p>&nbsp;<\/p>\n<div style=\"padding: 40px; display: flex; flex-direction: column; align-items: center;\">\n<div style=\"display: block; height: 32px; width: 32px; padding-bottom: 20px;\"><\/div>\n<div style=\"font-size: 15px; line-height: 21px; color: #000000; font-weight: 600;\">Auf Threads ansehen<\/div>\n<\/div>\n<p>&nbsp;<\/p><\/blockquote>\n\n<p>&nbsp;<\/p>\n<h3>Ganz unauff\u00e4llig.<\/h3>\n<blockquote id=\"ig-tp-DG30PS-IgOV\" class=\"text-post-media\" style=\"background: #FFF; border-radius: 16px; max-width: 540px; margin: 1px; min-width: 270px; padding: 0; width: calc(100% - 2px); border: 1px solid #00000026;\" data-text-post-permalink=\"https:\/\/www.threads.net\/@sanjaceline\/post\/DG30PS-IgOV\" data-text-post-version=\"0\"><p>&nbsp;<\/p>\n<div style=\"padding: 40px; display: flex; flex-direction: column; align-items: center;\">\n<div style=\"display: block; height: 32px; width: 32px; padding-bottom: 20px;\"><\/div>\n<div style=\"font-size: 15px; line-height: 21px; color: #000000; font-weight: 600;\">Auf Threads ansehen<\/div>\n<\/div>\n<p>&nbsp;<\/p><\/blockquote>\n\n<p>&nbsp;<\/p>\n<h3>GNTV Total<\/h3>\n<blockquote id=\"ig-tp-DG32lX3oNRo\" class=\"text-post-media\" style=\"background: #FFF; border-radius: 16px; max-width: 540px; margin: 1px; min-width: 270px; padding: 0; width: calc(100% - 2px); border: 1px solid #00000026;\" data-text-post-permalink=\"https:\/\/www.threads.net\/@benny_illinger\/post\/DG32lX3oNRo\" data-text-post-version=\"0\"><p>&nbsp;<\/p>\n<div style=\"padding: 40px; display: flex; flex-direction: column; align-items: center;\">\n<div style=\"display: block; height: 32px; width: 32px; padding-bottom: 20px;\"><\/div>\n<div style=\"font-size: 15px; line-height: 21px; color: #000000; font-weight: 600;\">Auf Threads ansehen<\/div>\n<\/div>\n<p>&nbsp;<\/p><\/blockquote>\n\n<p>&nbsp;<\/p>\n<h3>Es liegt ~literally~ an dir!<\/h3>\n<blockquote class=\"twitter-tweet\">\n<p dir=\"ltr\" lang=\"de\">\u201ewir brauchen mehr curvy models\u201c heidi, nachdem sie genau eine curvy frau in die top 25 mitgenommen hat <a href=\"https:\/\/twitter.com\/hashtag\/gntm?src=hash&amp;ref_src=twsrc%5Etfw\">#gntm<\/a> <a href=\"https:\/\/t.co\/4GawSig5fq\">pic.twitter.com\/4GawSig5fq<\/a><\/p>\n<p>\u2014 jay \ud83c\udfce\ufe0f\ud83c\udfd2 (@averagely_basic) <a href=\"https:\/\/twitter.com\/averagely_basic\/status\/1897765513926697314?ref_src=twsrc%5Etfw\">March 6, 2025<\/a><\/p><\/blockquote>\n<p><script async src=\"https:\/\/platform.twitter.com\/widgets.js\" charset=\"utf-8\"><\/script><\/p>\n<p>&nbsp;<\/p>\n<h3>Noch mehr GNTM?!\u00a0<a href=\"https:\/\/www.thebestsocial.media\/de\/?s=gntm\" target=\"_blank\" rel=\"noopener\">Gibt\u2019s hier!<\/a><\/h3>\n<script async defer src=\"https:\/\/www.threads.net\/embed.js\"><\/script>","protected":false},"excerpt":{"rendered":"<p>F\u00fcr GNTM-Fans ist die heutige Folge wie Weihnachten und Geburtstag zusammen: Das Umstyling steht an! Und Klaas ist am Start (irgendwie random, aber wir beschweren&#8230;<\/p>\n","protected":false},"author":73,"featured_media":208496,"comment_status":"open","ping_status":"open","sticky":false,"template":"","format":"standard","meta":{"_acf_changed":false,"footnotes":""},"categories":[5839,1839],"tags":[770,771],"class_list":["post-208472","post","type-post","status-publish","format-standard","has-post-thumbnail","hentry","category-gntm","category-television","tag-gntm","tag-heidi-klum"],"acf":[],"yoast_head":"<!-- This site is optimized with the Yoast SEO plugin v27.5 - https:\/\/yoast.com\/product\/yoast-seo-wordpress\/ -->\n<title>Umstyling mit Klaas: GNTM Staffel 20, Folge 7<\/title>\n<meta name=\"robots\" content=\"index, follow, max-snippet:-1, max-image-preview:large, max-video-preview:-1\" \/>\n<link rel=\"canonical\" href=\"https:\/\/www.thebestsocial.media\/de\/umstyling-mit-traenen-und-klaas-gntm-staffel-20-folge-7-prosieben-joyn\/\" \/>\n<meta property=\"og:locale\" content=\"de_DE\" \/>\n<meta property=\"og:type\" content=\"article\" \/>\n<meta property=\"og:title\" content=\"Umstyling mit Klaas: GNTM Staffel 20, Folge 7\" \/>\n<meta property=\"og:description\" content=\"F\u00fcr GNTM-Fans ist die heutige Folge wie Weihnachten und Geburtstag zusammen: Das Umstyling steht an! Und Klaas ist am Start (irgendwie random, aber wir beschweren...\" \/>\n<meta property=\"og:url\" content=\"https:\/\/www.thebestsocial.media\/de\/umstyling-mit-traenen-und-klaas-gntm-staffel-20-folge-7-prosieben-joyn\/\" \/>\n<meta property=\"og:site_name\" content=\"The Best Social Media DE\" \/>\n<meta property=\"article:published_time\" content=\"2025-03-06T20:57:50+00:00\" \/>\n<meta property=\"article:modified_time\" content=\"2025-03-07T15:21:37+00:00\" \/>\n<meta property=\"og:image\" content=\"https:\/\/www.thebestsocial.media\/de\/wp-content\/uploads\/sites\/3\/2025\/03\/header-gntm20-7.png\" \/>\n\t<meta property=\"og:image:width\" content=\"1200\" \/>\n\t<meta property=\"og:image:height\" content=\"630\" \/>\n\t<meta property=\"og:image:type\" content=\"image\/png\" \/>\n<meta name=\"author\" content=\"Helene Mei\u00dfner\" \/>\n<meta name=\"twitter:card\" content=\"summary_large_image\" \/>\n<meta name=\"twitter:label1\" content=\"Verfasst von\" \/>\n\t<meta name=\"twitter:data1\" content=\"Helene Mei\u00dfner\" \/>\n\t<meta name=\"twitter:label2\" content=\"Gesch\u00e4tzte Lesezeit\" \/>\n\t<meta name=\"twitter:data2\" content=\"3\u00a0Minuten\" \/>\n<script type=\"application\/ld+json\" class=\"yoast-schema-graph\">{\"@context\":\"https:\\\/\\\/schema.org\",\"@graph\":[{\"@type\":\"Article\",\"@id\":\"https:\\\/\\\/www.thebestsocial.media\\\/de\\\/umstyling-mit-traenen-und-klaas-gntm-staffel-20-folge-7-prosieben-joyn\\\/#article\",\"isPartOf\":{\"@id\":\"https:\\\/\\\/www.thebestsocial.media\\\/de\\\/umstyling-mit-traenen-und-klaas-gntm-staffel-20-folge-7-prosieben-joyn\\\/\"},\"author\":{\"name\":\"Helene Mei\u00dfner\",\"@id\":\"https:\\\/\\\/www.thebestsocial.media\\\/de\\\/#\\\/schema\\\/person\\\/6267acc046505b90b912687a039220df\"},\"headline\":\"Umstyling mit Klaas: GNTM Staffel 20, Folge 7\",\"datePublished\":\"2025-03-06T20:57:50+00:00\",\"dateModified\":\"2025-03-07T15:21:37+00:00\",\"mainEntityOfPage\":{\"@id\":\"https:\\\/\\\/www.thebestsocial.media\\\/de\\\/umstyling-mit-traenen-und-klaas-gntm-staffel-20-folge-7-prosieben-joyn\\\/\"},\"wordCount\":671,\"commentCount\":0,\"image\":{\"@id\":\"https:\\\/\\\/www.thebestsocial.media\\\/de\\\/umstyling-mit-traenen-und-klaas-gntm-staffel-20-folge-7-prosieben-joyn\\\/#primaryimage\"},\"thumbnailUrl\":\"https:\\\/\\\/www.thebestsocial.media\\\/de\\\/wp-content\\\/uploads\\\/sites\\\/3\\\/2025\\\/03\\\/header-gntm20-7.png\",\"keywords\":[\"GNTM\",\"Heidi Klum\"],\"articleSection\":[\"GNTM\",\"Television\"],\"inLanguage\":\"de\",\"potentialAction\":[{\"@type\":\"CommentAction\",\"name\":\"Comment\",\"target\":[\"https:\\\/\\\/www.thebestsocial.media\\\/de\\\/umstyling-mit-traenen-und-klaas-gntm-staffel-20-folge-7-prosieben-joyn\\\/#respond\"]}]},{\"@type\":\"WebPage\",\"@id\":\"https:\\\/\\\/www.thebestsocial.media\\\/de\\\/umstyling-mit-traenen-und-klaas-gntm-staffel-20-folge-7-prosieben-joyn\\\/\",\"url\":\"https:\\\/\\\/www.thebestsocial.media\\\/de\\\/umstyling-mit-traenen-und-klaas-gntm-staffel-20-folge-7-prosieben-joyn\\\/\",\"name\":\"Umstyling mit Klaas: GNTM Staffel 20, Folge 7\",\"isPartOf\":{\"@id\":\"https:\\\/\\\/www.thebestsocial.media\\\/de\\\/#website\"},\"primaryImageOfPage\":{\"@id\":\"https:\\\/\\\/www.thebestsocial.media\\\/de\\\/umstyling-mit-traenen-und-klaas-gntm-staffel-20-folge-7-prosieben-joyn\\\/#primaryimage\"},\"image\":{\"@id\":\"https:\\\/\\\/www.thebestsocial.media\\\/de\\\/umstyling-mit-traenen-und-klaas-gntm-staffel-20-folge-7-prosieben-joyn\\\/#primaryimage\"},\"thumbnailUrl\":\"https:\\\/\\\/www.thebestsocial.media\\\/de\\\/wp-content\\\/uploads\\\/sites\\\/3\\\/2025\\\/03\\\/header-gntm20-7.png\",\"datePublished\":\"2025-03-06T20:57:50+00:00\",\"dateModified\":\"2025-03-07T15:21:37+00:00\",\"author\":{\"@id\":\"https:\\\/\\\/www.thebestsocial.media\\\/de\\\/#\\\/schema\\\/person\\\/6267acc046505b90b912687a039220df\"},\"breadcrumb\":{\"@id\":\"https:\\\/\\\/www.thebestsocial.media\\\/de\\\/umstyling-mit-traenen-und-klaas-gntm-staffel-20-folge-7-prosieben-joyn\\\/#breadcrumb\"},\"inLanguage\":\"de\",\"potentialAction\":[{\"@type\":\"ReadAction\",\"target\":[\"https:\\\/\\\/www.thebestsocial.media\\\/de\\\/umstyling-mit-traenen-und-klaas-gntm-staffel-20-folge-7-prosieben-joyn\\\/\"]}]},{\"@type\":\"ImageObject\",\"inLanguage\":\"de\",\"@id\":\"https:\\\/\\\/www.thebestsocial.media\\\/de\\\/umstyling-mit-traenen-und-klaas-gntm-staffel-20-folge-7-prosieben-joyn\\\/#primaryimage\",\"url\":\"https:\\\/\\\/www.thebestsocial.media\\\/de\\\/wp-content\\\/uploads\\\/sites\\\/3\\\/2025\\\/03\\\/header-gntm20-7.png\",\"contentUrl\":\"https:\\\/\\\/www.thebestsocial.media\\\/de\\\/wp-content\\\/uploads\\\/sites\\\/3\\\/2025\\\/03\\\/header-gntm20-7.png\",\"width\":1200,\"height\":630},{\"@type\":\"BreadcrumbList\",\"@id\":\"https:\\\/\\\/www.thebestsocial.media\\\/de\\\/umstyling-mit-traenen-und-klaas-gntm-staffel-20-folge-7-prosieben-joyn\\\/#breadcrumb\",\"itemListElement\":[{\"@type\":\"ListItem\",\"position\":1,\"name\":\"Home\",\"item\":\"https:\\\/\\\/www.thebestsocial.media\\\/de\\\/\"},{\"@type\":\"ListItem\",\"position\":2,\"name\":\"Umstyling mit Klaas: GNTM Staffel 20, Folge 7\"}]},{\"@type\":\"WebSite\",\"@id\":\"https:\\\/\\\/www.thebestsocial.media\\\/de\\\/#website\",\"url\":\"https:\\\/\\\/www.thebestsocial.media\\\/de\\\/\",\"name\":\"The Best Social Media DE\",\"description\":\"\",\"potentialAction\":[{\"@type\":\"SearchAction\",\"target\":{\"@type\":\"EntryPoint\",\"urlTemplate\":\"https:\\\/\\\/www.thebestsocial.media\\\/de\\\/?s={search_term_string}\"},\"query-input\":{\"@type\":\"PropertyValueSpecification\",\"valueRequired\":true,\"valueName\":\"search_term_string\"}}],\"inLanguage\":\"de\"},{\"@type\":\"Person\",\"@id\":\"https:\\\/\\\/www.thebestsocial.media\\\/de\\\/#\\\/schema\\\/person\\\/6267acc046505b90b912687a039220df\",\"name\":\"Helene Mei\u00dfner\",\"image\":{\"@type\":\"ImageObject\",\"inLanguage\":\"de\",\"@id\":\"https:\\\/\\\/secure.gravatar.com\\\/avatar\\\/6639fc0397860ac2c2e11b018c1f14be4a46c2378a91ac1b35730b724675daa8?s=96&d=mm&r=g\",\"url\":\"https:\\\/\\\/secure.gravatar.com\\\/avatar\\\/6639fc0397860ac2c2e11b018c1f14be4a46c2378a91ac1b35730b724675daa8?s=96&d=mm&r=g\",\"contentUrl\":\"https:\\\/\\\/secure.gravatar.com\\\/avatar\\\/6639fc0397860ac2c2e11b018c1f14be4a46c2378a91ac1b35730b724675daa8?s=96&d=mm&r=g\",\"caption\":\"Helene Mei\u00dfner\"},\"description\":\"Kommt aus Berlin und hat dementsprechend nat\u00fcrlich irgendwas mit Medien studiert. Verlegt oft Dinge, w\u00e4hrend sie sie in der Hand h\u00e4lt. Findet Kauger\u00e4usche unausstehlich. Hat eine Schw\u00e4che f\u00fcr Glitzer und immer mindestens 50 Tabs offen.\",\"sameAs\":[\"https:\\\/\\\/www.instagram.com\\\/he.leni\\\/\"],\"url\":\"https:\\\/\\\/www.thebestsocial.media\\\/de\\\/author\\\/helenemeissner\\\/\"}]}<\/script>\n<!-- \/ Yoast SEO plugin. -->","yoast_head_json":{"title":"Umstyling mit Klaas: GNTM Staffel 20, Folge 7","robots":{"index":"index","follow":"follow","max-snippet":"max-snippet:-1","max-image-preview":"max-image-preview:large","max-video-preview":"max-video-preview:-1"},"canonical":"https:\/\/www.thebestsocial.media\/de\/umstyling-mit-traenen-und-klaas-gntm-staffel-20-folge-7-prosieben-joyn\/","og_locale":"de_DE","og_type":"article","og_title":"Umstyling mit Klaas: GNTM Staffel 20, Folge 7","og_description":"F\u00fcr GNTM-Fans ist die heutige Folge wie Weihnachten und Geburtstag zusammen: Das Umstyling steht an! Und Klaas ist am Start (irgendwie random, aber wir beschweren...","og_url":"https:\/\/www.thebestsocial.media\/de\/umstyling-mit-traenen-und-klaas-gntm-staffel-20-folge-7-prosieben-joyn\/","og_site_name":"The Best Social Media DE","article_published_time":"2025-03-06T20:57:50+00:00","article_modified_time":"2025-03-07T15:21:37+00:00","og_image":[{"width":1200,"height":630,"url":"https:\/\/www.thebestsocial.media\/de\/wp-content\/uploads\/sites\/3\/2025\/03\/header-gntm20-7.png","type":"image\/png"}],"author":"Helene Mei\u00dfner","twitter_card":"summary_large_image","twitter_misc":{"Verfasst von":"Helene Mei\u00dfner","Gesch\u00e4tzte Lesezeit":"3\u00a0Minuten"},"schema":{"@context":"https:\/\/schema.org","@graph":[{"@type":"Article","@id":"https:\/\/www.thebestsocial.media\/de\/umstyling-mit-traenen-und-klaas-gntm-staffel-20-folge-7-prosieben-joyn\/#article","isPartOf":{"@id":"https:\/\/www.thebestsocial.media\/de\/umstyling-mit-traenen-und-klaas-gntm-staffel-20-folge-7-prosieben-joyn\/"},"author":{"name":"Helene Mei\u00dfner","@id":"https:\/\/www.thebestsocial.media\/de\/#\/schema\/person\/6267acc046505b90b912687a039220df"},"headline":"Umstyling mit Klaas: GNTM Staffel 20, Folge 7","datePublished":"2025-03-06T20:57:50+00:00","dateModified":"2025-03-07T15:21:37+00:00","mainEntityOfPage":{"@id":"https:\/\/www.thebestsocial.media\/de\/umstyling-mit-traenen-und-klaas-gntm-staffel-20-folge-7-prosieben-joyn\/"},"wordCount":671,"commentCount":0,"image":{"@id":"https:\/\/www.thebestsocial.media\/de\/umstyling-mit-traenen-und-klaas-gntm-staffel-20-folge-7-prosieben-joyn\/#primaryimage"},"thumbnailUrl":"https:\/\/www.thebestsocial.media\/de\/wp-content\/uploads\/sites\/3\/2025\/03\/header-gntm20-7.png","keywords":["GNTM","Heidi Klum"],"articleSection":["GNTM","Television"],"inLanguage":"de","potentialAction":[{"@type":"CommentAction","name":"Comment","target":["https:\/\/www.thebestsocial.media\/de\/umstyling-mit-traenen-und-klaas-gntm-staffel-20-folge-7-prosieben-joyn\/#respond"]}]},{"@type":"WebPage","@id":"https:\/\/www.thebestsocial.media\/de\/umstyling-mit-traenen-und-klaas-gntm-staffel-20-folge-7-prosieben-joyn\/","url":"https:\/\/www.thebestsocial.media\/de\/umstyling-mit-traenen-und-klaas-gntm-staffel-20-folge-7-prosieben-joyn\/","name":"Umstyling mit Klaas: GNTM Staffel 20, Folge 7","isPartOf":{"@id":"https:\/\/www.thebestsocial.media\/de\/#website"},"primaryImageOfPage":{"@id":"https:\/\/www.thebestsocial.media\/de\/umstyling-mit-traenen-und-klaas-gntm-staffel-20-folge-7-prosieben-joyn\/#primaryimage"},"image":{"@id":"https:\/\/www.thebestsocial.media\/de\/umstyling-mit-traenen-und-klaas-gntm-staffel-20-folge-7-prosieben-joyn\/#primaryimage"},"thumbnailUrl":"https:\/\/www.thebestsocial.media\/de\/wp-content\/uploads\/sites\/3\/2025\/03\/header-gntm20-7.png","datePublished":"2025-03-06T20:57:50+00:00","dateModified":"2025-03-07T15:21:37+00:00","author":{"@id":"https:\/\/www.thebestsocial.media\/de\/#\/schema\/person\/6267acc046505b90b912687a039220df"},"breadcrumb":{"@id":"https:\/\/www.thebestsocial.media\/de\/umstyling-mit-traenen-und-klaas-gntm-staffel-20-folge-7-prosieben-joyn\/#breadcrumb"},"inLanguage":"de","potentialAction":[{"@type":"ReadAction","target":["https:\/\/www.thebestsocial.media\/de\/umstyling-mit-traenen-und-klaas-gntm-staffel-20-folge-7-prosieben-joyn\/"]}]},{"@type":"ImageObject","inLanguage":"de","@id":"https:\/\/www.thebestsocial.media\/de\/umstyling-mit-traenen-und-klaas-gntm-staffel-20-folge-7-prosieben-joyn\/#primaryimage","url":"https:\/\/www.thebestsocial.media\/de\/wp-content\/uploads\/sites\/3\/2025\/03\/header-gntm20-7.png","contentUrl":"https:\/\/www.thebestsocial.media\/de\/wp-content\/uploads\/sites\/3\/2025\/03\/header-gntm20-7.png","width":1200,"height":630},{"@type":"BreadcrumbList","@id":"https:\/\/www.thebestsocial.media\/de\/umstyling-mit-traenen-und-klaas-gntm-staffel-20-folge-7-prosieben-joyn\/#breadcrumb","itemListElement":[{"@type":"ListItem","position":1,"name":"Home","item":"https:\/\/www.thebestsocial.media\/de\/"},{"@type":"ListItem","position":2,"name":"Umstyling mit Klaas: GNTM Staffel 20, Folge 7"}]},{"@type":"WebSite","@id":"https:\/\/www.thebestsocial.media\/de\/#website","url":"https:\/\/www.thebestsocial.media\/de\/","name":"The Best Social Media DE","description":"","potentialAction":[{"@type":"SearchAction","target":{"@type":"EntryPoint","urlTemplate":"https:\/\/www.thebestsocial.media\/de\/?s={search_term_string}"},"query-input":{"@type":"PropertyValueSpecification","valueRequired":true,"valueName":"search_term_string"}}],"inLanguage":"de"},{"@type":"Person","@id":"https:\/\/www.thebestsocial.media\/de\/#\/schema\/person\/6267acc046505b90b912687a039220df","name":"Helene Mei\u00dfner","image":{"@type":"ImageObject","inLanguage":"de","@id":"https:\/\/secure.gravatar.com\/avatar\/6639fc0397860ac2c2e11b018c1f14be4a46c2378a91ac1b35730b724675daa8?s=96&d=mm&r=g","url":"https:\/\/secure.gravatar.com\/avatar\/6639fc0397860ac2c2e11b018c1f14be4a46c2378a91ac1b35730b724675daa8?s=96&d=mm&r=g","contentUrl":"https:\/\/secure.gravatar.com\/avatar\/6639fc0397860ac2c2e11b018c1f14be4a46c2378a91ac1b35730b724675daa8?s=96&d=mm&r=g","caption":"Helene Mei\u00dfner"},"description":"Kommt aus Berlin und hat dementsprechend nat\u00fcrlich irgendwas mit Medien studiert. Verlegt oft Dinge, w\u00e4hrend sie sie in der Hand h\u00e4lt. Findet Kauger\u00e4usche unausstehlich. Hat eine Schw\u00e4che f\u00fcr Glitzer und immer mindestens 50 Tabs offen.","sameAs":["https:\/\/www.instagram.com\/he.leni\/"],"url":"https:\/\/www.thebestsocial.media\/de\/author\/helenemeissner\/"}]}},"amp_enabled":true,"_links":{"self":[{"href":"https:\/\/www.thebestsocial.media\/de\/wp-json\/wp\/v2\/posts\/208472","targetHints":{"allow":["GET"]}}],"collection":[{"href":"https:\/\/www.thebestsocial.media\/de\/wp-json\/wp\/v2\/posts"}],"about":[{"href":"https:\/\/www.thebestsocial.media\/de\/wp-json\/wp\/v2\/types\/post"}],"author":[{"embeddable":true,"href":"https:\/\/www.thebestsocial.media\/de\/wp-json\/wp\/v2\/users\/73"}],"replies":[{"embeddable":true,"href":"https:\/\/www.thebestsocial.media\/de\/wp-json\/wp\/v2\/comments?post=208472"}],"version-history":[{"count":47,"href":"https:\/\/www.thebestsocial.media\/de\/wp-json\/wp\/v2\/posts\/208472\/revisions"}],"predecessor-version":[{"id":208520,"href":"https:\/\/www.thebestsocial.media\/de\/wp-json\/wp\/v2\/posts\/208472\/revisions\/208520"}],"wp:featuredmedia":[{"embeddable":true,"href":"https:\/\/www.thebestsocial.media\/de\/wp-json\/wp\/v2\/media\/208496"}],"wp:attachment":[{"href":"https:\/\/www.thebestsocial.media\/de\/wp-json\/wp\/v2\/media?parent=208472"}],"wp:term":[{"taxonomy":"category","embeddable":true,"href":"https:\/\/www.thebestsocial.media\/de\/wp-json\/wp\/v2\/categories?post=208472"},{"taxonomy":"post_tag","embeddable":true,"href":"https:\/\/www.thebestsocial.media\/de\/wp-json\/wp\/v2\/tags?post=208472"}],"curies":[{"name":"wp","href":"https:\/\/api.w.org\/{rel}","templated":true}]}}