{"id":184138,"date":"2024-03-28T12:01:20","date_gmt":"2024-03-28T12:01:20","guid":{"rendered":"https:\/\/www.thebestsocial.media\/de\/?p=184138"},"modified":"2024-03-28T12:20:03","modified_gmt":"2024-03-28T12:20:03","slug":"die-passion-auf-rtl-war-mal-wieder-ein-einziger-fiebertraum-lustigste-posts-cringe","status":"publish","type":"post","link":"https:\/\/www.thebestsocial.media\/de\/die-passion-auf-rtl-war-mal-wieder-ein-einziger-fiebertraum-lustigste-posts-cringe\/","title":{"rendered":"&#8222;Die Passion&#8220; auf RTL war mal wieder ein einziger Fiebertraum"},"content":{"rendered":"<p>Sie haben es wieder getan! Wir erinnern uns (ungern) an <a href=\"https:\/\/www.thebestsocial.media\/de\/die-passion-auf-rtl-ostergeschichte-mit-alexander-klaws-als-jesus\/\" target=\"_blank\" rel=\"noopener\">&#8222;Die Passion&#8220; vor zwei Jahren<\/a>, als irgendwer bei RTL entschied, was die Welt wirklich braucht, ist die Ostergeschichte neu erz\u00e4hlt. In einem modernen Setting. Als Musical. Live. Mit aktuellen Songs, vorgetragen von deutschen, ja, nennen wir sie Prominenten. Entgegen der Intention, &#8222;erfreut&#8220; sich dieses &#8222;Meisterwerk&#8220; vor allem ironischer Begeisterung in den sozialen Medien. Denn falls ihr dachtet, die erste Passion war schon der Gipfel des Cringe, dann habt ihr leider falsch gedacht &#8211; RTL hat sich wirklich selbst \u00fcbertroffen! Aber seht selbst:<\/p>\n<p>&nbsp;<\/p>\n<h3>Damit wir hier alle erstmal auf dem gleichen Stand sind:<\/h3>\n<blockquote class=\"twitter-tweet\">\n<p dir=\"ltr\" lang=\"de\">Hier nochmal die besten und unangenehmsten Gastauftritte zum Fremdsch\u00e4men. <a href=\"https:\/\/twitter.com\/hashtag\/DiePassion?src=hash&amp;ref_src=twsrc%5Etfw\">#DiePassion<\/a> <a href=\"https:\/\/t.co\/haXr3eX3Kz\">pic.twitter.com\/haXr3eX3Kz<\/a><\/p>\n<p>\u2014 Herr Schlotzke (@schlotzkepower) <a href=\"https:\/\/twitter.com\/schlotzkepower\/status\/1773258043335004169?ref_src=twsrc%5Etfw\">March 28, 2024<\/a><\/p><\/blockquote>\n<p><script async src=\"https:\/\/platform.twitter.com\/widgets.js\" charset=\"utf-8\"><\/script><\/p>\n<p>&nbsp;<\/p>\n<h3>Passt.<\/h3>\n<blockquote class=\"twitter-tweet\">\n<p dir=\"ltr\" lang=\"de\">Hab das Intro kurz korrigiert. <a href=\"https:\/\/twitter.com\/hashtag\/DiePassion?src=hash&amp;ref_src=twsrc%5Etfw\">#DiePassion<\/a> <a href=\"https:\/\/t.co\/SX19yVD8MW\">pic.twitter.com\/SX19yVD8MW<\/a><\/p>\n<p>\u2014 Marc Ries (@Rieslinger) <a href=\"https:\/\/twitter.com\/Rieslinger\/status\/1773069634616352971?ref_src=twsrc%5Etfw\">March 27, 2024<\/a><\/p><\/blockquote>\n<p><script async src=\"https:\/\/platform.twitter.com\/widgets.js\" charset=\"utf-8\"><\/script><\/p>\n<p>&nbsp;<\/p>\n<h3>Chapeau f\u00fcr dieses Casting aber!<\/h3>\n<blockquote class=\"twitter-tweet\">\n<p dir=\"ltr\" lang=\"de\">Beim Public Viewing von <a href=\"https:\/\/twitter.com\/hashtag\/DiePassion?src=hash&amp;ref_src=twsrc%5Etfw\">#DiePassion<\/a> <a href=\"https:\/\/t.co\/DzdyUQ2gIF\">pic.twitter.com\/DzdyUQ2gIF<\/a><\/p>\n<p>\u2014 ZDF heute-show (@heuteshow) <a href=\"https:\/\/twitter.com\/heuteshow\/status\/1773245992332112299?ref_src=twsrc%5Etfw\">March 28, 2024<\/a><\/p><\/blockquote>\n<p><script async src=\"https:\/\/platform.twitter.com\/widgets.js\" charset=\"utf-8\"><\/script><\/p>\n<p>&nbsp;<\/p>\n<h3>Wirklich ein Geniestreich!<\/h3>\n<blockquote class=\"twitter-tweet\">\n<p dir=\"ltr\" lang=\"de\">Ich gucke <a href=\"https:\/\/twitter.com\/hashtag\/DiePassion?src=hash&amp;ref_src=twsrc%5Etfw\">#DiePassion<\/a> zwar nicht, aber muss mich an dieser Stelle schon mal f\u00fcr diesen perfekten 4-Sekunden-Clip bedanken, den ich jetzt immer verwenden kann wenn mir jemand in den R\u00fccken f\u00e4llt <a href=\"https:\/\/t.co\/yvS5PYJaos\">pic.twitter.com\/yvS5PYJaos<\/a><\/p>\n<p>\u2014 Toby (@chicquera) <a href=\"https:\/\/twitter.com\/chicquera\/status\/1773082190592586164?ref_src=twsrc%5Etfw\">March 27, 2024<\/a><\/p><\/blockquote>\n<p><script async src=\"https:\/\/platform.twitter.com\/widgets.js\" charset=\"utf-8\"><\/script><\/p>\n<p>&nbsp;<\/p>\n<h3>&#8222;Die Ochsenknechts&#8220;-Gucker:innen wissen Bescheid!<\/h3>\n<blockquote class=\"twitter-tweet\">\n<p dir=\"ltr\" lang=\"de\">Das traurige ist ja, dass wir heute Jimi mehr gesehen haben als seine Tochte ihn vermutlich in ihrem ganzen Leben \ud83e\udd10<a href=\"https:\/\/twitter.com\/hashtag\/DiePassion?src=hash&amp;ref_src=twsrc%5Etfw\">#DiePassion<\/a> <a href=\"https:\/\/t.co\/ZcThf7XN6g\">pic.twitter.com\/ZcThf7XN6g<\/a><\/p>\n<p>\u2014 Dschungel Trash \ud83d\udc0d (@myunicornisevil) <a href=\"https:\/\/twitter.com\/myunicornisevil\/status\/1773100697107472851?ref_src=twsrc%5Etfw\">March 27, 2024<\/a><\/p><\/blockquote>\n<p><script async src=\"https:\/\/platform.twitter.com\/widgets.js\" charset=\"utf-8\"><\/script><\/p>\n<h3><\/h3>\n<h3><\/h3>\n<h3>Das geht wirklich zu weit!!!<\/h3>\n<blockquote class=\"twitter-tweet\">\n<p dir=\"ltr\" lang=\"de\">Natascha Ochsenknecht hat sich heute komplett von ihrem Sohn entfremdet <a href=\"https:\/\/twitter.com\/hashtag\/DiePassion?src=hash&amp;ref_src=twsrc%5Etfw\">#DiePassion<\/a><\/p>\n<p>\u2014 Roman Wagner (@RealRomanWagner) <a href=\"https:\/\/twitter.com\/RealRomanWagner\/status\/1773069461286703116?ref_src=twsrc%5Etfw\">March 27, 2024<\/a><\/p><\/blockquote>\n<p><script async src=\"https:\/\/platform.twitter.com\/widgets.js\" charset=\"utf-8\"><\/script><\/p>\n<p>&nbsp;<\/p>\n<h3>1-2-3-raaaaah!<\/h3>\n<blockquote class=\"twitter-tweet\">\n<p dir=\"ltr\" lang=\"de\">Hab den letzten Teil der Wilden Kerle aber etwas ander im Erinnerung <a href=\"https:\/\/twitter.com\/hashtag\/DiePassion?src=hash&amp;ref_src=twsrc%5Etfw\">#DiePassion<\/a> <a href=\"https:\/\/t.co\/ieDNSJv9dE\">pic.twitter.com\/ieDNSJv9dE<\/a><\/p>\n<p>\u2014 Dschungel Trash \ud83d\udc0d (@myunicornisevil) <a href=\"https:\/\/twitter.com\/myunicornisevil\/status\/1773072184505667605?ref_src=twsrc%5Etfw\">March 27, 2024<\/a><\/p><\/blockquote>\n<p><script async src=\"https:\/\/platform.twitter.com\/widgets.js\" charset=\"utf-8\"><\/script><\/p>\n<p>&nbsp;<\/p>\n<h3>Harter Tobak!<\/h3>\n<blockquote class=\"twitter-tweet\">\n<p dir=\"ltr\" lang=\"de\">Hannes Jaenicke in den Werbepausen von <a href=\"https:\/\/twitter.com\/hashtag\/DiePassion?src=hash&amp;ref_src=twsrc%5Etfw\">#DiePassion<\/a> <a href=\"https:\/\/t.co\/o7zV6JhAEs\">pic.twitter.com\/o7zV6JhAEs<\/a><\/p>\n<p>\u2014 Roman Wagner (@RealRomanWagner) <a href=\"https:\/\/twitter.com\/RealRomanWagner\/status\/1773085027804319924?ref_src=twsrc%5Etfw\">March 27, 2024<\/a><\/p><\/blockquote>\n<p><script async src=\"https:\/\/platform.twitter.com\/widgets.js\" charset=\"utf-8\"><\/script><\/p>\n<p>&nbsp;<\/p>\n<h3>Wir haben hier alle zu leiden.<\/h3>\n<blockquote class=\"twitter-tweet\">\n<p dir=\"ltr\" lang=\"de\">Das Exclusiv-Spezial von <a href=\"https:\/\/twitter.com\/hashtag\/DiePassion?src=hash&amp;ref_src=twsrc%5Etfw\">#DiePassion<\/a>: <a href=\"https:\/\/t.co\/TnFtCtL6t2\">pic.twitter.com\/TnFtCtL6t2<\/a><\/p>\n<p>\u2014 Roman Wagner (@RealRomanWagner) <a href=\"https:\/\/twitter.com\/RealRomanWagner\/status\/1773105005643415784?ref_src=twsrc%5Etfw\">March 27, 2024<\/a><\/p><\/blockquote>\n<p><script async src=\"https:\/\/platform.twitter.com\/widgets.js\" charset=\"utf-8\"><\/script><\/p>\n<p>&nbsp;<\/p>\n<h3>Gleiche Vibes.<\/h3>\n<blockquote class=\"twitter-tweet\">\n<p dir=\"ltr\" lang=\"de\">Mama, k\u00f6nnen wir zu <a href=\"https:\/\/twitter.com\/hashtag\/DiePassion?src=hash&amp;ref_src=twsrc%5Etfw\">#DiePassion<\/a> nach Kassel fahren?<\/p>\n<p>Wir haben noch Passion zuhause.<\/p>\n<p>Die Passion zuhause: <a href=\"https:\/\/t.co\/UtDnvfEgSo\">pic.twitter.com\/UtDnvfEgSo<\/a><\/p>\n<p>\u2014 Fabs (@Fabbsomat) <a href=\"https:\/\/twitter.com\/Fabbsomat\/status\/1773092089653248248?ref_src=twsrc%5Etfw\">March 27, 2024<\/a><\/p><\/blockquote>\n<p><script async src=\"https:\/\/platform.twitter.com\/widgets.js\" charset=\"utf-8\"><\/script><\/p>\n<p>&nbsp;<\/p>\n<h3>Uns w\u00fcrde jedenfalls gar nichts mehr wundern!<\/h3>\n<blockquote class=\"twitter-tweet\">\n<p dir=\"ltr\" lang=\"de\">Ich mache nur Vorschl\u00e4ge f\u00fcrs n\u00e4chste Jahr. <a href=\"https:\/\/twitter.com\/hashtag\/DiePassion?src=hash&amp;ref_src=twsrc%5Etfw\">#DiePassion<\/a> <a href=\"https:\/\/t.co\/NvKUJmKrMX\">pic.twitter.com\/NvKUJmKrMX<\/a><\/p>\n<p>\u2014 Andr\u00e9 Herrmann (@antrehherrmann) <a href=\"https:\/\/twitter.com\/antrehherrmann\/status\/1773096699814125590?ref_src=twsrc%5Etfw\">March 27, 2024<\/a><\/p><\/blockquote>\n<p><script async src=\"https:\/\/platform.twitter.com\/widgets.js\" charset=\"utf-8\"><\/script><\/p>\n<p>&nbsp;<\/p>\n<h3>Wenn schon nicht f\u00fcr den Torjubel&#8230;<\/h3>\n<blockquote class=\"twitter-tweet\">\n<p dir=\"ltr\" lang=\"de\">Jesus stirbt und DANN HEBT ER AB UND V\u00d6LLIG LOSGEL\u00d6ST<\/p>\n<p><a href=\"https:\/\/twitter.com\/hashtag\/DiePassion?src=hash&amp;ref_src=twsrc%5Etfw\">#DiePassion<\/a><\/p>\n<p>\u2014 paypal.me\/boxenlude (@BoxenIude) <a href=\"https:\/\/twitter.com\/BoxenIude\/status\/1773074931238023569?ref_src=twsrc%5Etfw\">March 27, 2024<\/a><\/p><\/blockquote>\n<p><script async src=\"https:\/\/platform.twitter.com\/widgets.js\" charset=\"utf-8\"><\/script><\/p>\n<p>&nbsp;<\/p>\n<h3>Das h\u00e4tte nicht sein m\u00fcssen!<\/h3>\n<blockquote class=\"twitter-tweet\">\n<p dir=\"ltr\" lang=\"de\">Ich kann verstehen, dass die SPD f\u00fcr Olaf Scholz ein positiveres Image kreieren m\u00f6chte, aber das geht zu weit.<a href=\"https:\/\/twitter.com\/hashtag\/DiePassion?src=hash&amp;ref_src=twsrc%5Etfw\">#DiePassion<\/a> <a href=\"https:\/\/t.co\/zCm03Oe8rD\">pic.twitter.com\/zCm03Oe8rD<\/a><\/p>\n<p>\u2014 Marie von den Benken (@Regendelfin) <a href=\"https:\/\/twitter.com\/Regendelfin\/status\/1773068383719739597?ref_src=twsrc%5Etfw\">March 27, 2024<\/a><\/p><\/blockquote>\n<p><script async src=\"https:\/\/platform.twitter.com\/widgets.js\" charset=\"utf-8\"><\/script><\/p>\n<p>&nbsp;<\/p>\n<h3>Dat gibt &#8217;ne Anzeige!<\/h3>\n<blockquote class=\"twitter-tweet\">\n<p dir=\"ltr\" lang=\"de\">Das Kreuz darf da nicht stehen. <a href=\"https:\/\/twitter.com\/hashtag\/DiePassion?src=hash&amp;ref_src=twsrc%5Etfw\">#DiePassion<\/a> <a href=\"https:\/\/t.co\/ACuxmOzWBG\">pic.twitter.com\/ACuxmOzWBG<\/a><\/p>\n<p>\u2014 floreyyy (@xFlorianx91) <a href=\"https:\/\/twitter.com\/xFlorianx91\/status\/1773073590998491462?ref_src=twsrc%5Etfw\">March 27, 2024<\/a><\/p><\/blockquote>\n<p><script async src=\"https:\/\/platform.twitter.com\/widgets.js\" charset=\"utf-8\"><\/script><\/p>\n<p>&nbsp;<\/p>\n<h3>Hallelujah!<\/h3>\n<blockquote class=\"twitter-tweet\">\n<p dir=\"ltr\" lang=\"de\">Ich habe \u00fcber Gott zu RTL gefunden. <a href=\"https:\/\/twitter.com\/hashtag\/DiePassion?src=hash&amp;ref_src=twsrc%5Etfw\">#DiePassion<\/a><\/p>\n<p>\u2014 Markus Hennig (@MarkusSuedwitz) <a href=\"https:\/\/twitter.com\/MarkusSuedwitz\/status\/1773097979592822838?ref_src=twsrc%5Etfw\">March 27, 2024<\/a><\/p><\/blockquote>\n<p><script async src=\"https:\/\/platform.twitter.com\/widgets.js\" charset=\"utf-8\"><\/script><\/p>\n<p>&nbsp;<\/p>\n<h3>Exklusives Interview!<\/h3>\n<blockquote class=\"twitter-tweet\">\n<p dir=\"ltr\" lang=\"de\">Steven G\u00e4tjen interviewt schon mal den heiligen Geist <a href=\"https:\/\/twitter.com\/hashtag\/DiePassion?src=hash&amp;ref_src=twsrc%5Etfw\">#DiePassion<\/a> <a href=\"https:\/\/t.co\/NZGpKOOCkP\">pic.twitter.com\/NZGpKOOCkP<\/a><\/p>\n<p>\u2014 Der BVB Andy \ud83d\udda4\ud83d\udc9b\ud83c\udff3\ufe0f\u200d\ud83c\udf08\ud83c\uddfa\ud83c\udde6\ud83c\uddee\ud83c\uddf1 (@back_andy_09) <a href=\"https:\/\/twitter.com\/back_andy_09\/status\/1773067630766678226?ref_src=twsrc%5Etfw\">March 27, 2024<\/a><\/p><\/blockquote>\n<p><script async src=\"https:\/\/platform.twitter.com\/widgets.js\" charset=\"utf-8\"><\/script><\/p>\n<p>&nbsp;<\/p>\n<h3>Anyone??<\/h3>\n<blockquote class=\"twitter-tweet\">\n<p dir=\"ltr\" lang=\"de\">Gibt es eigentlich wirklich jemanden, der danach sagt &#8222;Oh ja geile Show&#8230;fand ich toll!&#8220;?!?! <a href=\"https:\/\/twitter.com\/hashtag\/diepassion?src=hash&amp;ref_src=twsrc%5Etfw\">#diepassion<\/a> <a href=\"https:\/\/t.co\/3sQtpZUWIS\">pic.twitter.com\/3sQtpZUWIS<\/a><\/p>\n<p>\u2014 Jayjo \ud83c\udf31 Brazen Hussy &amp; Royal Expert (@DeSchaller) <a href=\"https:\/\/twitter.com\/DeSchaller\/status\/1773089782878330952?ref_src=twsrc%5Etfw\">March 27, 2024<\/a><\/p><\/blockquote>\n<p><script async src=\"https:\/\/platform.twitter.com\/widgets.js\" charset=\"utf-8\"><\/script><\/p>\n<p>&nbsp;<\/p>\n<h3>SCHUSCHUSCHU SCHASCHASCHA!<\/h3>\n<blockquote class=\"twitter-tweet\">\n<p dir=\"ltr\" lang=\"de\"><a href=\"https:\/\/twitter.com\/hashtag\/DiePassion?src=hash&amp;ref_src=twsrc%5Etfw\">#DiePassion<\/a> Spielen n\u00e4chstes Jahr Jesus und Maria. <a href=\"https:\/\/t.co\/5YADuEnfEk\">pic.twitter.com\/5YADuEnfEk<\/a><\/p>\n<p>\u2014 Der Kommentator (@kommentator) <a href=\"https:\/\/twitter.com\/kommentator\/status\/1773067508829884437?ref_src=twsrc%5Etfw\">March 27, 2024<\/a><\/p><\/blockquote>\n<p><script async src=\"https:\/\/platform.twitter.com\/widgets.js\" charset=\"utf-8\"><\/script><\/p>\n<p>&nbsp;<\/p>\n<h3>Noch nicht genug Trash-TV? Schaut doch mal bei den <a href=\"https:\/\/www.thebestsocial.media\/de\/tag\/gntm\/\" target=\"_blank\" rel=\"noopener\">GNTM-Blogs<\/a> vorbei!<\/h3>\n","protected":false},"excerpt":{"rendered":"<p>Sie haben es wieder getan! Wir erinnern uns (ungern) an &#8222;Die Passion&#8220; vor zwei Jahren, als irgendwer bei RTL entschied, was die Welt wirklich braucht,&#8230;<\/p>\n","protected":false},"author":73,"featured_media":184169,"comment_status":"open","ping_status":"open","sticky":false,"template":"","format":"standard","meta":{"_acf_changed":false,"footnotes":""},"categories":[1728,5854,2404],"tags":[5011,147],"class_list":["post-184138","post","type-post","status-publish","format-standard","has-post-thumbnail","hentry","category-humor","category-reality-tv","category-wtf","tag-die-passion","tag-rtl"],"acf":[],"yoast_head":"<!-- This site is optimized with the Yoast SEO plugin v27.5 - https:\/\/yoast.com\/product\/yoast-seo-wordpress\/ -->\n<title>&quot;Die Passion&quot; auf RTL war mal wieder ein einziger Fiebertraum - The Best Social Media DE<\/title>\n<meta name=\"description\" content=\"Wir erinnern uns an &quot;Die Passion&quot; vor zwei Jahren, als RTL entschied, was die Welt braucht, ist die Ostergeschichte neu erz\u00e4hlt. Als Musical.\" \/>\n<meta name=\"robots\" content=\"index, follow, max-snippet:-1, max-image-preview:large, max-video-preview:-1\" \/>\n<link rel=\"canonical\" href=\"https:\/\/www.thebestsocial.media\/de\/die-passion-auf-rtl-war-mal-wieder-ein-einziger-fiebertraum-lustigste-posts-cringe\/\" \/>\n<meta property=\"og:locale\" content=\"de_DE\" \/>\n<meta property=\"og:type\" content=\"article\" \/>\n<meta property=\"og:title\" content=\"&quot;Die Passion&quot; auf RTL war mal wieder ein einziger Fiebertraum\" \/>\n<meta property=\"og:description\" content=\"Wir erinnern uns an &quot;Die Passion&quot; vor zwei Jahren, als RTL entschied, was die Welt braucht, ist die Ostergeschichte neu erz\u00e4hlt. Als Musical.\" \/>\n<meta property=\"og:url\" content=\"https:\/\/www.thebestsocial.media\/de\/die-passion-auf-rtl-war-mal-wieder-ein-einziger-fiebertraum-lustigste-posts-cringe\/\" \/>\n<meta property=\"og:site_name\" content=\"The Best Social Media DE\" \/>\n<meta property=\"article:published_time\" content=\"2024-03-28T12:01:20+00:00\" \/>\n<meta property=\"article:modified_time\" content=\"2024-03-28T12:20:03+00:00\" \/>\n<meta property=\"og:image\" content=\"https:\/\/www.thebestsocial.media\/de\/wp-content\/uploads\/sites\/3\/2024\/03\/header-diepassion2-1.png\" \/>\n\t<meta property=\"og:image:width\" content=\"1200\" \/>\n\t<meta property=\"og:image:height\" content=\"630\" \/>\n\t<meta property=\"og:image:type\" content=\"image\/png\" \/>\n<meta name=\"author\" content=\"Helene Mei\u00dfner\" \/>\n<meta name=\"twitter:card\" content=\"summary_large_image\" \/>\n<meta name=\"twitter:label1\" content=\"Verfasst von\" \/>\n\t<meta name=\"twitter:data1\" content=\"Helene Mei\u00dfner\" \/>\n\t<meta name=\"twitter:label2\" content=\"Gesch\u00e4tzte Lesezeit\" \/>\n\t<meta name=\"twitter:data2\" content=\"2\u00a0Minuten\" \/>\n<script type=\"application\/ld+json\" class=\"yoast-schema-graph\">{\"@context\":\"https:\\\/\\\/schema.org\",\"@graph\":[{\"@type\":\"Article\",\"@id\":\"https:\\\/\\\/www.thebestsocial.media\\\/de\\\/die-passion-auf-rtl-war-mal-wieder-ein-einziger-fiebertraum-lustigste-posts-cringe\\\/#article\",\"isPartOf\":{\"@id\":\"https:\\\/\\\/www.thebestsocial.media\\\/de\\\/die-passion-auf-rtl-war-mal-wieder-ein-einziger-fiebertraum-lustigste-posts-cringe\\\/\"},\"author\":{\"name\":\"Helene Mei\u00dfner\",\"@id\":\"https:\\\/\\\/www.thebestsocial.media\\\/de\\\/#\\\/schema\\\/person\\\/6267acc046505b90b912687a039220df\"},\"headline\":\"&#8222;Die Passion&#8220; auf RTL war mal wieder ein einziger Fiebertraum\",\"datePublished\":\"2024-03-28T12:01:20+00:00\",\"dateModified\":\"2024-03-28T12:20:03+00:00\",\"mainEntityOfPage\":{\"@id\":\"https:\\\/\\\/www.thebestsocial.media\\\/de\\\/die-passion-auf-rtl-war-mal-wieder-ein-einziger-fiebertraum-lustigste-posts-cringe\\\/\"},\"wordCount\":584,\"commentCount\":0,\"image\":{\"@id\":\"https:\\\/\\\/www.thebestsocial.media\\\/de\\\/die-passion-auf-rtl-war-mal-wieder-ein-einziger-fiebertraum-lustigste-posts-cringe\\\/#primaryimage\"},\"thumbnailUrl\":\"https:\\\/\\\/www.thebestsocial.media\\\/de\\\/wp-content\\\/uploads\\\/sites\\\/3\\\/2024\\\/03\\\/header-diepassion2.png\",\"keywords\":[\"Die Passion\",\"rtl\"],\"articleSection\":[\"Humor\",\"Reality-TV\",\"WTF\"],\"inLanguage\":\"de\",\"potentialAction\":[{\"@type\":\"CommentAction\",\"name\":\"Comment\",\"target\":[\"https:\\\/\\\/www.thebestsocial.media\\\/de\\\/die-passion-auf-rtl-war-mal-wieder-ein-einziger-fiebertraum-lustigste-posts-cringe\\\/#respond\"]}]},{\"@type\":\"WebPage\",\"@id\":\"https:\\\/\\\/www.thebestsocial.media\\\/de\\\/die-passion-auf-rtl-war-mal-wieder-ein-einziger-fiebertraum-lustigste-posts-cringe\\\/\",\"url\":\"https:\\\/\\\/www.thebestsocial.media\\\/de\\\/die-passion-auf-rtl-war-mal-wieder-ein-einziger-fiebertraum-lustigste-posts-cringe\\\/\",\"name\":\"\\\"Die Passion\\\" auf RTL war mal wieder ein einziger Fiebertraum - The Best Social Media DE\",\"isPartOf\":{\"@id\":\"https:\\\/\\\/www.thebestsocial.media\\\/de\\\/#website\"},\"primaryImageOfPage\":{\"@id\":\"https:\\\/\\\/www.thebestsocial.media\\\/de\\\/die-passion-auf-rtl-war-mal-wieder-ein-einziger-fiebertraum-lustigste-posts-cringe\\\/#primaryimage\"},\"image\":{\"@id\":\"https:\\\/\\\/www.thebestsocial.media\\\/de\\\/die-passion-auf-rtl-war-mal-wieder-ein-einziger-fiebertraum-lustigste-posts-cringe\\\/#primaryimage\"},\"thumbnailUrl\":\"https:\\\/\\\/www.thebestsocial.media\\\/de\\\/wp-content\\\/uploads\\\/sites\\\/3\\\/2024\\\/03\\\/header-diepassion2.png\",\"datePublished\":\"2024-03-28T12:01:20+00:00\",\"dateModified\":\"2024-03-28T12:20:03+00:00\",\"author\":{\"@id\":\"https:\\\/\\\/www.thebestsocial.media\\\/de\\\/#\\\/schema\\\/person\\\/6267acc046505b90b912687a039220df\"},\"description\":\"Wir erinnern uns an \\\"Die Passion\\\" vor zwei Jahren, als RTL entschied, was die Welt braucht, ist die Ostergeschichte neu erz\u00e4hlt. Als Musical.\",\"breadcrumb\":{\"@id\":\"https:\\\/\\\/www.thebestsocial.media\\\/de\\\/die-passion-auf-rtl-war-mal-wieder-ein-einziger-fiebertraum-lustigste-posts-cringe\\\/#breadcrumb\"},\"inLanguage\":\"de\",\"potentialAction\":[{\"@type\":\"ReadAction\",\"target\":[\"https:\\\/\\\/www.thebestsocial.media\\\/de\\\/die-passion-auf-rtl-war-mal-wieder-ein-einziger-fiebertraum-lustigste-posts-cringe\\\/\"]}]},{\"@type\":\"ImageObject\",\"inLanguage\":\"de\",\"@id\":\"https:\\\/\\\/www.thebestsocial.media\\\/de\\\/die-passion-auf-rtl-war-mal-wieder-ein-einziger-fiebertraum-lustigste-posts-cringe\\\/#primaryimage\",\"url\":\"https:\\\/\\\/www.thebestsocial.media\\\/de\\\/wp-content\\\/uploads\\\/sites\\\/3\\\/2024\\\/03\\\/header-diepassion2.png\",\"contentUrl\":\"https:\\\/\\\/www.thebestsocial.media\\\/de\\\/wp-content\\\/uploads\\\/sites\\\/3\\\/2024\\\/03\\\/header-diepassion2.png\",\"width\":1200,\"height\":630,\"caption\":\"die passion rtl\"},{\"@type\":\"BreadcrumbList\",\"@id\":\"https:\\\/\\\/www.thebestsocial.media\\\/de\\\/die-passion-auf-rtl-war-mal-wieder-ein-einziger-fiebertraum-lustigste-posts-cringe\\\/#breadcrumb\",\"itemListElement\":[{\"@type\":\"ListItem\",\"position\":1,\"name\":\"Home\",\"item\":\"https:\\\/\\\/www.thebestsocial.media\\\/de\\\/\"},{\"@type\":\"ListItem\",\"position\":2,\"name\":\"&#8222;Die Passion&#8220; auf RTL war mal wieder ein einziger Fiebertraum\"}]},{\"@type\":\"WebSite\",\"@id\":\"https:\\\/\\\/www.thebestsocial.media\\\/de\\\/#website\",\"url\":\"https:\\\/\\\/www.thebestsocial.media\\\/de\\\/\",\"name\":\"The Best Social Media DE\",\"description\":\"\",\"potentialAction\":[{\"@type\":\"SearchAction\",\"target\":{\"@type\":\"EntryPoint\",\"urlTemplate\":\"https:\\\/\\\/www.thebestsocial.media\\\/de\\\/?s={search_term_string}\"},\"query-input\":{\"@type\":\"PropertyValueSpecification\",\"valueRequired\":true,\"valueName\":\"search_term_string\"}}],\"inLanguage\":\"de\"},{\"@type\":\"Person\",\"@id\":\"https:\\\/\\\/www.thebestsocial.media\\\/de\\\/#\\\/schema\\\/person\\\/6267acc046505b90b912687a039220df\",\"name\":\"Helene Mei\u00dfner\",\"image\":{\"@type\":\"ImageObject\",\"inLanguage\":\"de\",\"@id\":\"https:\\\/\\\/secure.gravatar.com\\\/avatar\\\/6639fc0397860ac2c2e11b018c1f14be4a46c2378a91ac1b35730b724675daa8?s=96&d=mm&r=g\",\"url\":\"https:\\\/\\\/secure.gravatar.com\\\/avatar\\\/6639fc0397860ac2c2e11b018c1f14be4a46c2378a91ac1b35730b724675daa8?s=96&d=mm&r=g\",\"contentUrl\":\"https:\\\/\\\/secure.gravatar.com\\\/avatar\\\/6639fc0397860ac2c2e11b018c1f14be4a46c2378a91ac1b35730b724675daa8?s=96&d=mm&r=g\",\"caption\":\"Helene Mei\u00dfner\"},\"description\":\"Kommt aus Berlin und hat dementsprechend nat\u00fcrlich irgendwas mit Medien studiert. Verlegt oft Dinge, w\u00e4hrend sie sie in der Hand h\u00e4lt. Findet Kauger\u00e4usche unausstehlich. Hat eine Schw\u00e4che f\u00fcr Glitzer und immer mindestens 50 Tabs offen.\",\"sameAs\":[\"https:\\\/\\\/www.instagram.com\\\/he.leni\\\/\"],\"url\":\"https:\\\/\\\/www.thebestsocial.media\\\/de\\\/author\\\/helenemeissner\\\/\"}]}<\/script>\n<!-- \/ Yoast SEO plugin. -->","yoast_head_json":{"title":"\"Die Passion\" auf RTL war mal wieder ein einziger Fiebertraum - The Best Social Media DE","description":"Wir erinnern uns an \"Die Passion\" vor zwei Jahren, als RTL entschied, was die Welt braucht, ist die Ostergeschichte neu erz\u00e4hlt. Als Musical.","robots":{"index":"index","follow":"follow","max-snippet":"max-snippet:-1","max-image-preview":"max-image-preview:large","max-video-preview":"max-video-preview:-1"},"canonical":"https:\/\/www.thebestsocial.media\/de\/die-passion-auf-rtl-war-mal-wieder-ein-einziger-fiebertraum-lustigste-posts-cringe\/","og_locale":"de_DE","og_type":"article","og_title":"\"Die Passion\" auf RTL war mal wieder ein einziger Fiebertraum","og_description":"Wir erinnern uns an \"Die Passion\" vor zwei Jahren, als RTL entschied, was die Welt braucht, ist die Ostergeschichte neu erz\u00e4hlt. Als Musical.","og_url":"https:\/\/www.thebestsocial.media\/de\/die-passion-auf-rtl-war-mal-wieder-ein-einziger-fiebertraum-lustigste-posts-cringe\/","og_site_name":"The Best Social Media DE","article_published_time":"2024-03-28T12:01:20+00:00","article_modified_time":"2024-03-28T12:20:03+00:00","og_image":[{"width":1200,"height":630,"url":"https:\/\/www.thebestsocial.media\/de\/wp-content\/uploads\/sites\/3\/2024\/03\/header-diepassion2-1.png","type":"image\/png"}],"author":"Helene Mei\u00dfner","twitter_card":"summary_large_image","twitter_misc":{"Verfasst von":"Helene Mei\u00dfner","Gesch\u00e4tzte Lesezeit":"2\u00a0Minuten"},"schema":{"@context":"https:\/\/schema.org","@graph":[{"@type":"Article","@id":"https:\/\/www.thebestsocial.media\/de\/die-passion-auf-rtl-war-mal-wieder-ein-einziger-fiebertraum-lustigste-posts-cringe\/#article","isPartOf":{"@id":"https:\/\/www.thebestsocial.media\/de\/die-passion-auf-rtl-war-mal-wieder-ein-einziger-fiebertraum-lustigste-posts-cringe\/"},"author":{"name":"Helene Mei\u00dfner","@id":"https:\/\/www.thebestsocial.media\/de\/#\/schema\/person\/6267acc046505b90b912687a039220df"},"headline":"&#8222;Die Passion&#8220; auf RTL war mal wieder ein einziger Fiebertraum","datePublished":"2024-03-28T12:01:20+00:00","dateModified":"2024-03-28T12:20:03+00:00","mainEntityOfPage":{"@id":"https:\/\/www.thebestsocial.media\/de\/die-passion-auf-rtl-war-mal-wieder-ein-einziger-fiebertraum-lustigste-posts-cringe\/"},"wordCount":584,"commentCount":0,"image":{"@id":"https:\/\/www.thebestsocial.media\/de\/die-passion-auf-rtl-war-mal-wieder-ein-einziger-fiebertraum-lustigste-posts-cringe\/#primaryimage"},"thumbnailUrl":"https:\/\/www.thebestsocial.media\/de\/wp-content\/uploads\/sites\/3\/2024\/03\/header-diepassion2.png","keywords":["Die Passion","rtl"],"articleSection":["Humor","Reality-TV","WTF"],"inLanguage":"de","potentialAction":[{"@type":"CommentAction","name":"Comment","target":["https:\/\/www.thebestsocial.media\/de\/die-passion-auf-rtl-war-mal-wieder-ein-einziger-fiebertraum-lustigste-posts-cringe\/#respond"]}]},{"@type":"WebPage","@id":"https:\/\/www.thebestsocial.media\/de\/die-passion-auf-rtl-war-mal-wieder-ein-einziger-fiebertraum-lustigste-posts-cringe\/","url":"https:\/\/www.thebestsocial.media\/de\/die-passion-auf-rtl-war-mal-wieder-ein-einziger-fiebertraum-lustigste-posts-cringe\/","name":"\"Die Passion\" auf RTL war mal wieder ein einziger Fiebertraum - The Best Social Media DE","isPartOf":{"@id":"https:\/\/www.thebestsocial.media\/de\/#website"},"primaryImageOfPage":{"@id":"https:\/\/www.thebestsocial.media\/de\/die-passion-auf-rtl-war-mal-wieder-ein-einziger-fiebertraum-lustigste-posts-cringe\/#primaryimage"},"image":{"@id":"https:\/\/www.thebestsocial.media\/de\/die-passion-auf-rtl-war-mal-wieder-ein-einziger-fiebertraum-lustigste-posts-cringe\/#primaryimage"},"thumbnailUrl":"https:\/\/www.thebestsocial.media\/de\/wp-content\/uploads\/sites\/3\/2024\/03\/header-diepassion2.png","datePublished":"2024-03-28T12:01:20+00:00","dateModified":"2024-03-28T12:20:03+00:00","author":{"@id":"https:\/\/www.thebestsocial.media\/de\/#\/schema\/person\/6267acc046505b90b912687a039220df"},"description":"Wir erinnern uns an \"Die Passion\" vor zwei Jahren, als RTL entschied, was die Welt braucht, ist die Ostergeschichte neu erz\u00e4hlt. Als Musical.","breadcrumb":{"@id":"https:\/\/www.thebestsocial.media\/de\/die-passion-auf-rtl-war-mal-wieder-ein-einziger-fiebertraum-lustigste-posts-cringe\/#breadcrumb"},"inLanguage":"de","potentialAction":[{"@type":"ReadAction","target":["https:\/\/www.thebestsocial.media\/de\/die-passion-auf-rtl-war-mal-wieder-ein-einziger-fiebertraum-lustigste-posts-cringe\/"]}]},{"@type":"ImageObject","inLanguage":"de","@id":"https:\/\/www.thebestsocial.media\/de\/die-passion-auf-rtl-war-mal-wieder-ein-einziger-fiebertraum-lustigste-posts-cringe\/#primaryimage","url":"https:\/\/www.thebestsocial.media\/de\/wp-content\/uploads\/sites\/3\/2024\/03\/header-diepassion2.png","contentUrl":"https:\/\/www.thebestsocial.media\/de\/wp-content\/uploads\/sites\/3\/2024\/03\/header-diepassion2.png","width":1200,"height":630,"caption":"die passion rtl"},{"@type":"BreadcrumbList","@id":"https:\/\/www.thebestsocial.media\/de\/die-passion-auf-rtl-war-mal-wieder-ein-einziger-fiebertraum-lustigste-posts-cringe\/#breadcrumb","itemListElement":[{"@type":"ListItem","position":1,"name":"Home","item":"https:\/\/www.thebestsocial.media\/de\/"},{"@type":"ListItem","position":2,"name":"&#8222;Die Passion&#8220; auf RTL war mal wieder ein einziger Fiebertraum"}]},{"@type":"WebSite","@id":"https:\/\/www.thebestsocial.media\/de\/#website","url":"https:\/\/www.thebestsocial.media\/de\/","name":"The Best Social Media DE","description":"","potentialAction":[{"@type":"SearchAction","target":{"@type":"EntryPoint","urlTemplate":"https:\/\/www.thebestsocial.media\/de\/?s={search_term_string}"},"query-input":{"@type":"PropertyValueSpecification","valueRequired":true,"valueName":"search_term_string"}}],"inLanguage":"de"},{"@type":"Person","@id":"https:\/\/www.thebestsocial.media\/de\/#\/schema\/person\/6267acc046505b90b912687a039220df","name":"Helene Mei\u00dfner","image":{"@type":"ImageObject","inLanguage":"de","@id":"https:\/\/secure.gravatar.com\/avatar\/6639fc0397860ac2c2e11b018c1f14be4a46c2378a91ac1b35730b724675daa8?s=96&d=mm&r=g","url":"https:\/\/secure.gravatar.com\/avatar\/6639fc0397860ac2c2e11b018c1f14be4a46c2378a91ac1b35730b724675daa8?s=96&d=mm&r=g","contentUrl":"https:\/\/secure.gravatar.com\/avatar\/6639fc0397860ac2c2e11b018c1f14be4a46c2378a91ac1b35730b724675daa8?s=96&d=mm&r=g","caption":"Helene Mei\u00dfner"},"description":"Kommt aus Berlin und hat dementsprechend nat\u00fcrlich irgendwas mit Medien studiert. Verlegt oft Dinge, w\u00e4hrend sie sie in der Hand h\u00e4lt. Findet Kauger\u00e4usche unausstehlich. Hat eine Schw\u00e4che f\u00fcr Glitzer und immer mindestens 50 Tabs offen.","sameAs":["https:\/\/www.instagram.com\/he.leni\/"],"url":"https:\/\/www.thebestsocial.media\/de\/author\/helenemeissner\/"}]}},"amp_enabled":true,"_links":{"self":[{"href":"https:\/\/www.thebestsocial.media\/de\/wp-json\/wp\/v2\/posts\/184138","targetHints":{"allow":["GET"]}}],"collection":[{"href":"https:\/\/www.thebestsocial.media\/de\/wp-json\/wp\/v2\/posts"}],"about":[{"href":"https:\/\/www.thebestsocial.media\/de\/wp-json\/wp\/v2\/types\/post"}],"author":[{"embeddable":true,"href":"https:\/\/www.thebestsocial.media\/de\/wp-json\/wp\/v2\/users\/73"}],"replies":[{"embeddable":true,"href":"https:\/\/www.thebestsocial.media\/de\/wp-json\/wp\/v2\/comments?post=184138"}],"version-history":[{"count":32,"href":"https:\/\/www.thebestsocial.media\/de\/wp-json\/wp\/v2\/posts\/184138\/revisions"}],"predecessor-version":[{"id":184172,"href":"https:\/\/www.thebestsocial.media\/de\/wp-json\/wp\/v2\/posts\/184138\/revisions\/184172"}],"wp:featuredmedia":[{"embeddable":true,"href":"https:\/\/www.thebestsocial.media\/de\/wp-json\/wp\/v2\/media\/184169"}],"wp:attachment":[{"href":"https:\/\/www.thebestsocial.media\/de\/wp-json\/wp\/v2\/media?parent=184138"}],"wp:term":[{"taxonomy":"category","embeddable":true,"href":"https:\/\/www.thebestsocial.media\/de\/wp-json\/wp\/v2\/categories?post=184138"},{"taxonomy":"post_tag","embeddable":true,"href":"https:\/\/www.thebestsocial.media\/de\/wp-json\/wp\/v2\/tags?post=184138"}],"curies":[{"name":"wp","href":"https:\/\/api.w.org\/{rel}","templated":true}]}}