{"id":182939,"date":"2023-08-18T14:27:19","date_gmt":"2023-08-18T14:27:19","guid":{"rendered":"https:\/\/www.thebestsocial.media\/de\/?p=182939"},"modified":"2023-08-18T14:27:19","modified_gmt":"2023-08-18T14:27:19","slug":"drachen-geister-und-neue-schimpfwoerter-die-kindersprueche-der-woche","status":"publish","type":"post","link":"https:\/\/www.thebestsocial.media\/de\/drachen-geister-und-neue-schimpfwoerter-die-kindersprueche-der-woche\/","title":{"rendered":"Drachen, Geister und neue Schimpfw\u00f6rter &#8211; Die Kinderspr\u00fcche der Woche"},"content":{"rendered":"<p>Drachen, Geister und neue Schimpfw\u00f6rter &#8211; bei den Kinderspr\u00fcchen diese Woche geht es wieder ordentlich rund! Wer gef\u00e4hrliche Fabelwesen, gruselige Friedh\u00f6fe oder den einen oder anderen wirklich guten Diss nicht aushalten kann, sollte wohl lieber nicht weiterlesen. Denn die legend\u00e4re kindliche, bl\u00fchende Fantasie tut hier ihr \u00c4u\u00dferstes (zumindest will man das bei einem speziellen Post doch wirklich sehr hoffen). Au\u00dferdem dabei: Diskussionen \u00fcber Handys, erschreckende Erkenntnisse \u00fcber das neue Lieblingsessen und eine wirklich au\u00dfergew\u00f6hnliche Idee f\u00fcr ein Geburtstagsparty-Motto (habt ihr garantiert noch nie geh\u00f6rt!). Lehnt euch zur\u00fcck und genie\u00dft fantasievolle Gedanken \u00fcber Drachen, Geister und vieles mehr &#8211; viel Spa\u00df mit den Kinderspr\u00fcchen der Woche.<\/p>\n<p>&nbsp;<\/p>\n<h3>Das kann man ja nicht ahnen!<\/h3>\n<blockquote class=\"twitter-tweet\">\n<p dir=\"ltr\" lang=\"de\">K2 hat neulich entdeckt, dass er Zucchhinipuffer mag. Also wollte er mir heute beim Kochen helfen.<\/p>\n<p>Kaum angefangen, legte er die kleine Stirn in Sorgenfalten: &#8220; Manchmal ist es vielleicht doch besser, wenn man nicht wei\u00df was drin ist. DA IST JA ZUCCHINI DRIN!!!&#8220;<\/p>\n<p>Ach Junge \ud83e\udd2f<\/p>\n<p>\u2014 Dr. Julia \uea00 (@hallojulia) <a href=\"https:\/\/twitter.com\/hallojulia\/status\/1691521937657266177?ref_src=twsrc%5Etfw\">August 15, 2023<\/a><\/p><\/blockquote>\n<p><script async src=\"https:\/\/platform.twitter.com\/widgets.js\" charset=\"utf-8\"><\/script><\/p>\n<p>&nbsp;<\/p>\n<h3>Direkt pers\u00f6nlich geworden.<\/h3>\n<blockquote class=\"twitter-tweet\">\n<p dir=\"ltr\" lang=\"de\">K1: \u201eMamaaa, krieg ich biiiitte bitte ein Handy zum Geburtstag?\u201c<br \/>\nich: \u201eAlso ich hab mit 19 mein erstes eigenes Handy gekriegt.\u201c<br \/>\nK1: \u201eWir leben aber nicht mehr im letzten Jahrtausend!\u201c<\/p>\n<p>ich: notiert ins Diss-Buch als Anw\u00e4rter f\u00fcr den Diss des Jahres.<\/p>\n<p>\u2014 Marika (@early_enough) <a href=\"https:\/\/twitter.com\/early_enough\/status\/1691435160149921792?ref_src=twsrc%5Etfw\">August 15, 2023<\/a><\/p><\/blockquote>\n<p><script async src=\"https:\/\/platform.twitter.com\/widgets.js\" charset=\"utf-8\"><\/script><\/p>\n<p>&nbsp;<\/p>\n<h3>Und wo wir grad bei Handys aus dem letzten Jahrtausend sind&#8230;<\/h3>\n<blockquote class=\"twitter-tweet\">\n<p dir=\"ltr\" lang=\"de\">K1: &#8222;Mama, was ist das?&#8220;<br \/>\nIch erheitert: &#8222;Das ist eine Telefonzelle, damit haben wir fr\u00fcher telefoniert!&#8220;<br \/>\nK1 mit offenem Mund und ungl\u00e4ubig staunendem Blick: &#8222;Darf ich das Handy mal anfassen?&#8220;<\/p>\n<p>H\u00e4tte ich erkl\u00e4ren sollen, dass wir damit nicht rumgelaufen sind?!<\/p>\n<p>\u2014 MamaBell (@BellisKaeseecke) <a href=\"https:\/\/twitter.com\/BellisKaeseecke\/status\/1690403323503894528?ref_src=twsrc%5Etfw\">August 12, 2023<\/a><\/p><\/blockquote>\n<p><script async src=\"https:\/\/platform.twitter.com\/widgets.js\" charset=\"utf-8\"><\/script><\/p>\n<p>&nbsp;<\/p>\n<p>&nbsp;<\/p>\n<h3>So n\u00e4mlich!<\/h3>\n<blockquote class=\"twitter-tweet\">\n<p dir=\"ltr\" lang=\"de\">Die Tochter hat einen Drache gemalt, auf den sie sehr stolz ist.<\/p>\n<p>\u201eBoah! Toll! Wie soll der Drache hei\u00dfen? Dragon? Feuert\u00f6ter?\u201c<\/p>\n<p>Sie (verst\u00e4ndnislos): \u201eQuatsch! Das ist ein Drache! Ein gef\u00e4hrlicher Drache! Und echte, gef\u00e4hrliche Drachen sind M\u00e4dchen!\u201c<\/p>\n<p>Stimmt. Mein Fehler.<\/p>\n<p>\u2014 Der Doppeldaumenmann (@doppeldaumen) <a href=\"https:\/\/twitter.com\/doppeldaumen\/status\/1692227706262315519?ref_src=twsrc%5Etfw\">August 17, 2023<\/a><\/p><\/blockquote>\n<p><script async src=\"https:\/\/platform.twitter.com\/widgets.js\" charset=\"utf-8\"><\/script><\/p>\n<p>&nbsp;<\/p>\n<h3>Was f\u00fcr eine sch&#8230;\u00f6ne Idee!<\/h3>\n<blockquote class=\"twitter-tweet\">\n<p dir=\"ltr\" lang=\"de\">K1 plant Kindergeburtstag f\u00fcr in 358 Tagen.<br \/>\n&#8222;Mama, ich k\u00f6nnte doch eine Darmparty machen. Dann bauen wir einen gro\u00dfen Tunnel auf und das ist der Darm. Dann k\u00f6nnen wir alles \u00fcber den Darm lernen. Ich wollte da schon immer mal rein.&#8220;<\/p>\n<p>Die Party k\u00f6nnte so richtig schei\u00dfe laufen.<\/p>\n<p>\u2014 MamaBell (@BellisKaeseecke) <a href=\"https:\/\/twitter.com\/BellisKaeseecke\/status\/1691154069165932547?ref_src=twsrc%5Etfw\">August 14, 2023<\/a><\/p><\/blockquote>\n<p><script async src=\"https:\/\/platform.twitter.com\/widgets.js\" charset=\"utf-8\"><\/script><\/p>\n<p>&nbsp;<\/p>\n<h3>Autsch, der ist fies!<\/h3>\n<blockquote class=\"twitter-tweet\">\n<p dir=\"ltr\" lang=\"de\">K2 nutzt neuerdings Schimpfw\u00f6rter. Letzte Woche hatten wir:<br \/>\n-Trottel!!<br \/>\n-Penner!! (Gut, hat er von mir, weil wir Auto gefahren sind)<br \/>\n-alter Kopf<\/p>\n<p>Heute:<br \/>\nDu S\u00f6der!<\/p>\n<p>\u2014 Jules (@ed_ju1es) <a href=\"https:\/\/twitter.com\/ed_ju1es\/status\/1691095645002838017?ref_src=twsrc%5Etfw\">August 14, 2023<\/a><\/p><\/blockquote>\n<p><script async src=\"https:\/\/platform.twitter.com\/widgets.js\" charset=\"utf-8\"><\/script><\/p>\n<p>&nbsp;<\/p>\n<h3>\ud83d\ude33\ud83d\ude33\ud83d\ude33<\/h3>\n<blockquote class=\"twitter-tweet\">\n<p dir=\"ltr\" lang=\"de\">&#8222;Mama, der Mann hat gesagt, ich soll jetzt ganz schnell mit dir nach Hause gehen!&#8220;<br \/>\n&#8222;Welcher Mann?&#8220;<br \/>\n&#8222;Der da!&#8220; Der 2-J\u00e4hrige zeigt vor sich, wo aber gar niemand steht.<br \/>\nAuf dem Friedhof.<br \/>\nJa gut, was solls, schlaf ich halt nie wieder \ud83e\udd37\ud83c\udffb\u200d\u2640\ufe0f<\/p>\n<p>\u2014 Wehschnittchen (@wehschnittchen) <a href=\"https:\/\/twitter.com\/wehschnittchen\/status\/1688192375548461056?ref_src=twsrc%5Etfw\">August 6, 2023<\/a><\/p><\/blockquote>\n<p><script async src=\"https:\/\/platform.twitter.com\/widgets.js\" charset=\"utf-8\"><\/script><\/p>\n<p>&nbsp;<\/p>\n<p><em><strong>Hey! Bock auf ein Praktikum bei uns?\u00a0<a href=\"https:\/\/www.thebestsocialjobs.com\/vacature\/praktikant-redakteur-de\/\" target=\"_blank\" rel=\"noopener\">Schau mal hier!<\/a>\u00a0<img decoding=\"async\" class=\"emoji\" role=\"img\" draggable=\"false\" src=\"https:\/\/s.w.org\/images\/core\/emoji\/14.0.0\/svg\/1f9d1-200d-1f4bb.svg\" alt=\"\ud83e\uddd1\u200d\ud83d\udcbb\" \/><\/strong><\/em><\/p>\n<p><b data-stringify-type=\"bold\">___<\/b><br \/>\n<b data-stringify-type=\"bold\">Vielen Dank an alle f\u00fcr die Posts!<\/b><br \/>\n<b data-stringify-type=\"bold\">___<\/b><\/p>\n<p><em><b data-stringify-type=\"bold\">Unterst\u00fctze uns mit nur einem Klick!<\/b><\/em><\/p>\n<p>Dir gef\u00e4llt unsere Arbeit? Dann unterst\u00fctze sie doch! Das geht ganz einfach mit einem Klick auf die Werbeanzeigen auf unserer Seite. Kostet nix, aber hilft uns sehr.\u00a0<img decoding=\"async\" class=\"emoji\" role=\"img\" draggable=\"false\" src=\"https:\/\/s.w.org\/images\/core\/emoji\/14.0.0\/svg\/1f642.svg\" alt=\"\ud83d\ude42\" \/><br \/>\nDu hast Feedback? Schick es uns \u2013 zum Beispiel\u00a0<a class=\"c-link\" href=\"https:\/\/www.thebestsocial.media\/de\/einsendungen\/\" target=\"_blank\" rel=\"noopener noreferrer\" data-stringify-link=\"https:\/\/www.thebestsocial.media\/de\/einsendungen\/\" data-sk=\"tooltip_parent\">hier<\/a>\u00a0oder per Direktnachricht auf\u00a0<a class=\"c-link\" href=\"https:\/\/www.instagram.com\/thebestsocialmediade\/\" target=\"_blank\" rel=\"noopener noreferrer\" data-stringify-link=\"https:\/\/www.instagram.com\/thebestsocialmediade\/\" data-sk=\"tooltip_parent\">Instagram<\/a>,\u00a0<a class=\"c-link\" href=\"https:\/\/www.facebook.com\/thebestsocialmediaDE\/\" target=\"_blank\" rel=\"noopener noreferrer\" data-stringify-link=\"https:\/\/www.facebook.com\/thebestsocialmediaDE\/\" data-sk=\"tooltip_parent\">Facebook<\/a>\u00a0oder\u00a0<a class=\"c-link\" href=\"https:\/\/twitter.com\/thebestsocialDE\" target=\"_blank\" rel=\"noopener noreferrer\" data-stringify-link=\"https:\/\/twitter.com\/thebestsocialDE\" data-sk=\"tooltip_parent\">Twitter<\/a>.<\/p>\n","protected":false},"excerpt":{"rendered":"<p>Drachen, Geister und neue Schimpfw\u00f6rter &#8211; bei den Kinderspr\u00fcchen diese Woche geht es wieder ordentlich rund! Wer gef\u00e4hrliche Fabelwesen, gruselige Friedh\u00f6fe oder den einen oder&#8230;<\/p>\n","protected":false},"author":73,"featured_media":182976,"comment_status":"open","ping_status":"open","sticky":false,"template":"","format":"standard","meta":{"_acf_changed":false,"footnotes":""},"categories":[5588],"tags":[5659,5559],"class_list":["post-182939","post","type-post","status-publish","format-standard","has-post-thumbnail","hentry","category-kindersprueche","tag-fantasie","tag-kindersprueche"],"acf":[],"yoast_head":"<!-- This site is optimized with the Yoast SEO plugin v27.5 - https:\/\/yoast.com\/product\/yoast-seo-wordpress\/ -->\n<title>Drachen, Geister und mehr - Die Kinderspr\u00fcche der Woche<\/title>\n<meta name=\"description\" content=\"Lehnt euch zur\u00fcck und genie\u00dft fantasievolle Gedanken \u00fcber Drachen, Geister und vieles mehr - viel Spa\u00df mit den Kinderspr\u00fcchen der Woche.\" \/>\n<meta name=\"robots\" content=\"index, follow, max-snippet:-1, max-image-preview:large, max-video-preview:-1\" \/>\n<link rel=\"canonical\" href=\"https:\/\/www.thebestsocial.media\/de\/drachen-geister-und-neue-schimpfwoerter-die-kindersprueche-der-woche\/\" \/>\n<meta property=\"og:locale\" content=\"de_DE\" \/>\n<meta property=\"og:type\" content=\"article\" \/>\n<meta property=\"og:title\" content=\"Drachen, Geister und neue Schimpfw\u00f6rter - Die Kinderspr\u00fcche der Woche\" \/>\n<meta property=\"og:description\" content=\"Lehnt euch zur\u00fcck und genie\u00dft fantasievolle Gedanken \u00fcber Drachen, Geister und vieles mehr - viel Spa\u00df mit den Kinderspr\u00fcchen der Woche.\" \/>\n<meta property=\"og:url\" content=\"https:\/\/www.thebestsocial.media\/de\/drachen-geister-und-neue-schimpfwoerter-die-kindersprueche-der-woche\/\" \/>\n<meta property=\"og:site_name\" content=\"The Best Social Media DE\" \/>\n<meta property=\"article:published_time\" content=\"2023-08-18T14:27:19+00:00\" \/>\n<meta property=\"og:image\" content=\"https:\/\/www.thebestsocial.media\/de\/wp-content\/uploads\/sites\/3\/2023\/08\/header-kispruedrachen.png\" \/>\n\t<meta property=\"og:image:width\" content=\"1200\" \/>\n\t<meta property=\"og:image:height\" content=\"630\" \/>\n\t<meta property=\"og:image:type\" content=\"image\/png\" \/>\n<meta name=\"author\" content=\"Helene Mei\u00dfner\" \/>\n<meta name=\"twitter:card\" content=\"summary_large_image\" \/>\n<meta name=\"twitter:label1\" content=\"Verfasst von\" \/>\n\t<meta name=\"twitter:data1\" content=\"Helene Mei\u00dfner\" \/>\n\t<meta name=\"twitter:label2\" content=\"Gesch\u00e4tzte Lesezeit\" \/>\n\t<meta name=\"twitter:data2\" content=\"2\u00a0Minuten\" \/>\n<script type=\"application\/ld+json\" class=\"yoast-schema-graph\">{\"@context\":\"https:\\\/\\\/schema.org\",\"@graph\":[{\"@type\":\"Article\",\"@id\":\"https:\\\/\\\/www.thebestsocial.media\\\/de\\\/drachen-geister-und-neue-schimpfwoerter-die-kindersprueche-der-woche\\\/#article\",\"isPartOf\":{\"@id\":\"https:\\\/\\\/www.thebestsocial.media\\\/de\\\/drachen-geister-und-neue-schimpfwoerter-die-kindersprueche-der-woche\\\/\"},\"author\":{\"name\":\"Helene Mei\u00dfner\",\"@id\":\"https:\\\/\\\/www.thebestsocial.media\\\/de\\\/#\\\/schema\\\/person\\\/6267acc046505b90b912687a039220df\"},\"headline\":\"Drachen, Geister und neue Schimpfw\u00f6rter &#8211; Die Kinderspr\u00fcche der Woche\",\"datePublished\":\"2023-08-18T14:27:19+00:00\",\"mainEntityOfPage\":{\"@id\":\"https:\\\/\\\/www.thebestsocial.media\\\/de\\\/drachen-geister-und-neue-schimpfwoerter-die-kindersprueche-der-woche\\\/\"},\"wordCount\":572,\"commentCount\":0,\"image\":{\"@id\":\"https:\\\/\\\/www.thebestsocial.media\\\/de\\\/drachen-geister-und-neue-schimpfwoerter-die-kindersprueche-der-woche\\\/#primaryimage\"},\"thumbnailUrl\":\"https:\\\/\\\/www.thebestsocial.media\\\/de\\\/wp-content\\\/uploads\\\/sites\\\/3\\\/2023\\\/08\\\/beitrag-kispruedrachen.png\",\"keywords\":[\"Fantasie\",\"Kinderspr\u00fcche\"],\"articleSection\":[\"Kinderspr\u00fcche\"],\"inLanguage\":\"de\",\"potentialAction\":[{\"@type\":\"CommentAction\",\"name\":\"Comment\",\"target\":[\"https:\\\/\\\/www.thebestsocial.media\\\/de\\\/drachen-geister-und-neue-schimpfwoerter-die-kindersprueche-der-woche\\\/#respond\"]}]},{\"@type\":\"WebPage\",\"@id\":\"https:\\\/\\\/www.thebestsocial.media\\\/de\\\/drachen-geister-und-neue-schimpfwoerter-die-kindersprueche-der-woche\\\/\",\"url\":\"https:\\\/\\\/www.thebestsocial.media\\\/de\\\/drachen-geister-und-neue-schimpfwoerter-die-kindersprueche-der-woche\\\/\",\"name\":\"Drachen, Geister und mehr - Die Kinderspr\u00fcche der Woche\",\"isPartOf\":{\"@id\":\"https:\\\/\\\/www.thebestsocial.media\\\/de\\\/#website\"},\"primaryImageOfPage\":{\"@id\":\"https:\\\/\\\/www.thebestsocial.media\\\/de\\\/drachen-geister-und-neue-schimpfwoerter-die-kindersprueche-der-woche\\\/#primaryimage\"},\"image\":{\"@id\":\"https:\\\/\\\/www.thebestsocial.media\\\/de\\\/drachen-geister-und-neue-schimpfwoerter-die-kindersprueche-der-woche\\\/#primaryimage\"},\"thumbnailUrl\":\"https:\\\/\\\/www.thebestsocial.media\\\/de\\\/wp-content\\\/uploads\\\/sites\\\/3\\\/2023\\\/08\\\/beitrag-kispruedrachen.png\",\"datePublished\":\"2023-08-18T14:27:19+00:00\",\"author\":{\"@id\":\"https:\\\/\\\/www.thebestsocial.media\\\/de\\\/#\\\/schema\\\/person\\\/6267acc046505b90b912687a039220df\"},\"description\":\"Lehnt euch zur\u00fcck und genie\u00dft fantasievolle Gedanken \u00fcber Drachen, Geister und vieles mehr - viel Spa\u00df mit den Kinderspr\u00fcchen der Woche.\",\"breadcrumb\":{\"@id\":\"https:\\\/\\\/www.thebestsocial.media\\\/de\\\/drachen-geister-und-neue-schimpfwoerter-die-kindersprueche-der-woche\\\/#breadcrumb\"},\"inLanguage\":\"de\",\"potentialAction\":[{\"@type\":\"ReadAction\",\"target\":[\"https:\\\/\\\/www.thebestsocial.media\\\/de\\\/drachen-geister-und-neue-schimpfwoerter-die-kindersprueche-der-woche\\\/\"]}]},{\"@type\":\"ImageObject\",\"inLanguage\":\"de\",\"@id\":\"https:\\\/\\\/www.thebestsocial.media\\\/de\\\/drachen-geister-und-neue-schimpfwoerter-die-kindersprueche-der-woche\\\/#primaryimage\",\"url\":\"https:\\\/\\\/www.thebestsocial.media\\\/de\\\/wp-content\\\/uploads\\\/sites\\\/3\\\/2023\\\/08\\\/beitrag-kispruedrachen.png\",\"contentUrl\":\"https:\\\/\\\/www.thebestsocial.media\\\/de\\\/wp-content\\\/uploads\\\/sites\\\/3\\\/2023\\\/08\\\/beitrag-kispruedrachen.png\",\"width\":1200,\"height\":630},{\"@type\":\"BreadcrumbList\",\"@id\":\"https:\\\/\\\/www.thebestsocial.media\\\/de\\\/drachen-geister-und-neue-schimpfwoerter-die-kindersprueche-der-woche\\\/#breadcrumb\",\"itemListElement\":[{\"@type\":\"ListItem\",\"position\":1,\"name\":\"Home\",\"item\":\"https:\\\/\\\/www.thebestsocial.media\\\/de\\\/\"},{\"@type\":\"ListItem\",\"position\":2,\"name\":\"Drachen, Geister und neue Schimpfw\u00f6rter &#8211; Die Kinderspr\u00fcche der Woche\"}]},{\"@type\":\"WebSite\",\"@id\":\"https:\\\/\\\/www.thebestsocial.media\\\/de\\\/#website\",\"url\":\"https:\\\/\\\/www.thebestsocial.media\\\/de\\\/\",\"name\":\"The Best Social Media DE\",\"description\":\"\",\"potentialAction\":[{\"@type\":\"SearchAction\",\"target\":{\"@type\":\"EntryPoint\",\"urlTemplate\":\"https:\\\/\\\/www.thebestsocial.media\\\/de\\\/?s={search_term_string}\"},\"query-input\":{\"@type\":\"PropertyValueSpecification\",\"valueRequired\":true,\"valueName\":\"search_term_string\"}}],\"inLanguage\":\"de\"},{\"@type\":\"Person\",\"@id\":\"https:\\\/\\\/www.thebestsocial.media\\\/de\\\/#\\\/schema\\\/person\\\/6267acc046505b90b912687a039220df\",\"name\":\"Helene Mei\u00dfner\",\"image\":{\"@type\":\"ImageObject\",\"inLanguage\":\"de\",\"@id\":\"https:\\\/\\\/secure.gravatar.com\\\/avatar\\\/6639fc0397860ac2c2e11b018c1f14be4a46c2378a91ac1b35730b724675daa8?s=96&d=mm&r=g\",\"url\":\"https:\\\/\\\/secure.gravatar.com\\\/avatar\\\/6639fc0397860ac2c2e11b018c1f14be4a46c2378a91ac1b35730b724675daa8?s=96&d=mm&r=g\",\"contentUrl\":\"https:\\\/\\\/secure.gravatar.com\\\/avatar\\\/6639fc0397860ac2c2e11b018c1f14be4a46c2378a91ac1b35730b724675daa8?s=96&d=mm&r=g\",\"caption\":\"Helene Mei\u00dfner\"},\"description\":\"Kommt aus Berlin und hat dementsprechend nat\u00fcrlich irgendwas mit Medien studiert. Verlegt oft Dinge, w\u00e4hrend sie sie in der Hand h\u00e4lt. Findet Kauger\u00e4usche unausstehlich. Hat eine Schw\u00e4che f\u00fcr Glitzer und immer mindestens 50 Tabs offen.\",\"sameAs\":[\"https:\\\/\\\/www.instagram.com\\\/he.leni\\\/\"],\"url\":\"https:\\\/\\\/www.thebestsocial.media\\\/de\\\/author\\\/helenemeissner\\\/\"}]}<\/script>\n<!-- \/ Yoast SEO plugin. -->","yoast_head_json":{"title":"Drachen, Geister und mehr - Die Kinderspr\u00fcche der Woche","description":"Lehnt euch zur\u00fcck und genie\u00dft fantasievolle Gedanken \u00fcber Drachen, Geister und vieles mehr - viel Spa\u00df mit den Kinderspr\u00fcchen der Woche.","robots":{"index":"index","follow":"follow","max-snippet":"max-snippet:-1","max-image-preview":"max-image-preview:large","max-video-preview":"max-video-preview:-1"},"canonical":"https:\/\/www.thebestsocial.media\/de\/drachen-geister-und-neue-schimpfwoerter-die-kindersprueche-der-woche\/","og_locale":"de_DE","og_type":"article","og_title":"Drachen, Geister und neue Schimpfw\u00f6rter - Die Kinderspr\u00fcche der Woche","og_description":"Lehnt euch zur\u00fcck und genie\u00dft fantasievolle Gedanken \u00fcber Drachen, Geister und vieles mehr - viel Spa\u00df mit den Kinderspr\u00fcchen der Woche.","og_url":"https:\/\/www.thebestsocial.media\/de\/drachen-geister-und-neue-schimpfwoerter-die-kindersprueche-der-woche\/","og_site_name":"The Best Social Media DE","article_published_time":"2023-08-18T14:27:19+00:00","og_image":[{"width":1200,"height":630,"url":"https:\/\/www.thebestsocial.media\/de\/wp-content\/uploads\/sites\/3\/2023\/08\/header-kispruedrachen.png","type":"image\/png"}],"author":"Helene Mei\u00dfner","twitter_card":"summary_large_image","twitter_misc":{"Verfasst von":"Helene Mei\u00dfner","Gesch\u00e4tzte Lesezeit":"2\u00a0Minuten"},"schema":{"@context":"https:\/\/schema.org","@graph":[{"@type":"Article","@id":"https:\/\/www.thebestsocial.media\/de\/drachen-geister-und-neue-schimpfwoerter-die-kindersprueche-der-woche\/#article","isPartOf":{"@id":"https:\/\/www.thebestsocial.media\/de\/drachen-geister-und-neue-schimpfwoerter-die-kindersprueche-der-woche\/"},"author":{"name":"Helene Mei\u00dfner","@id":"https:\/\/www.thebestsocial.media\/de\/#\/schema\/person\/6267acc046505b90b912687a039220df"},"headline":"Drachen, Geister und neue Schimpfw\u00f6rter &#8211; Die Kinderspr\u00fcche der Woche","datePublished":"2023-08-18T14:27:19+00:00","mainEntityOfPage":{"@id":"https:\/\/www.thebestsocial.media\/de\/drachen-geister-und-neue-schimpfwoerter-die-kindersprueche-der-woche\/"},"wordCount":572,"commentCount":0,"image":{"@id":"https:\/\/www.thebestsocial.media\/de\/drachen-geister-und-neue-schimpfwoerter-die-kindersprueche-der-woche\/#primaryimage"},"thumbnailUrl":"https:\/\/www.thebestsocial.media\/de\/wp-content\/uploads\/sites\/3\/2023\/08\/beitrag-kispruedrachen.png","keywords":["Fantasie","Kinderspr\u00fcche"],"articleSection":["Kinderspr\u00fcche"],"inLanguage":"de","potentialAction":[{"@type":"CommentAction","name":"Comment","target":["https:\/\/www.thebestsocial.media\/de\/drachen-geister-und-neue-schimpfwoerter-die-kindersprueche-der-woche\/#respond"]}]},{"@type":"WebPage","@id":"https:\/\/www.thebestsocial.media\/de\/drachen-geister-und-neue-schimpfwoerter-die-kindersprueche-der-woche\/","url":"https:\/\/www.thebestsocial.media\/de\/drachen-geister-und-neue-schimpfwoerter-die-kindersprueche-der-woche\/","name":"Drachen, Geister und mehr - Die Kinderspr\u00fcche der Woche","isPartOf":{"@id":"https:\/\/www.thebestsocial.media\/de\/#website"},"primaryImageOfPage":{"@id":"https:\/\/www.thebestsocial.media\/de\/drachen-geister-und-neue-schimpfwoerter-die-kindersprueche-der-woche\/#primaryimage"},"image":{"@id":"https:\/\/www.thebestsocial.media\/de\/drachen-geister-und-neue-schimpfwoerter-die-kindersprueche-der-woche\/#primaryimage"},"thumbnailUrl":"https:\/\/www.thebestsocial.media\/de\/wp-content\/uploads\/sites\/3\/2023\/08\/beitrag-kispruedrachen.png","datePublished":"2023-08-18T14:27:19+00:00","author":{"@id":"https:\/\/www.thebestsocial.media\/de\/#\/schema\/person\/6267acc046505b90b912687a039220df"},"description":"Lehnt euch zur\u00fcck und genie\u00dft fantasievolle Gedanken \u00fcber Drachen, Geister und vieles mehr - viel Spa\u00df mit den Kinderspr\u00fcchen der Woche.","breadcrumb":{"@id":"https:\/\/www.thebestsocial.media\/de\/drachen-geister-und-neue-schimpfwoerter-die-kindersprueche-der-woche\/#breadcrumb"},"inLanguage":"de","potentialAction":[{"@type":"ReadAction","target":["https:\/\/www.thebestsocial.media\/de\/drachen-geister-und-neue-schimpfwoerter-die-kindersprueche-der-woche\/"]}]},{"@type":"ImageObject","inLanguage":"de","@id":"https:\/\/www.thebestsocial.media\/de\/drachen-geister-und-neue-schimpfwoerter-die-kindersprueche-der-woche\/#primaryimage","url":"https:\/\/www.thebestsocial.media\/de\/wp-content\/uploads\/sites\/3\/2023\/08\/beitrag-kispruedrachen.png","contentUrl":"https:\/\/www.thebestsocial.media\/de\/wp-content\/uploads\/sites\/3\/2023\/08\/beitrag-kispruedrachen.png","width":1200,"height":630},{"@type":"BreadcrumbList","@id":"https:\/\/www.thebestsocial.media\/de\/drachen-geister-und-neue-schimpfwoerter-die-kindersprueche-der-woche\/#breadcrumb","itemListElement":[{"@type":"ListItem","position":1,"name":"Home","item":"https:\/\/www.thebestsocial.media\/de\/"},{"@type":"ListItem","position":2,"name":"Drachen, Geister und neue Schimpfw\u00f6rter &#8211; Die Kinderspr\u00fcche der Woche"}]},{"@type":"WebSite","@id":"https:\/\/www.thebestsocial.media\/de\/#website","url":"https:\/\/www.thebestsocial.media\/de\/","name":"The Best Social Media DE","description":"","potentialAction":[{"@type":"SearchAction","target":{"@type":"EntryPoint","urlTemplate":"https:\/\/www.thebestsocial.media\/de\/?s={search_term_string}"},"query-input":{"@type":"PropertyValueSpecification","valueRequired":true,"valueName":"search_term_string"}}],"inLanguage":"de"},{"@type":"Person","@id":"https:\/\/www.thebestsocial.media\/de\/#\/schema\/person\/6267acc046505b90b912687a039220df","name":"Helene Mei\u00dfner","image":{"@type":"ImageObject","inLanguage":"de","@id":"https:\/\/secure.gravatar.com\/avatar\/6639fc0397860ac2c2e11b018c1f14be4a46c2378a91ac1b35730b724675daa8?s=96&d=mm&r=g","url":"https:\/\/secure.gravatar.com\/avatar\/6639fc0397860ac2c2e11b018c1f14be4a46c2378a91ac1b35730b724675daa8?s=96&d=mm&r=g","contentUrl":"https:\/\/secure.gravatar.com\/avatar\/6639fc0397860ac2c2e11b018c1f14be4a46c2378a91ac1b35730b724675daa8?s=96&d=mm&r=g","caption":"Helene Mei\u00dfner"},"description":"Kommt aus Berlin und hat dementsprechend nat\u00fcrlich irgendwas mit Medien studiert. Verlegt oft Dinge, w\u00e4hrend sie sie in der Hand h\u00e4lt. Findet Kauger\u00e4usche unausstehlich. Hat eine Schw\u00e4che f\u00fcr Glitzer und immer mindestens 50 Tabs offen.","sameAs":["https:\/\/www.instagram.com\/he.leni\/"],"url":"https:\/\/www.thebestsocial.media\/de\/author\/helenemeissner\/"}]}},"amp_enabled":true,"_links":{"self":[{"href":"https:\/\/www.thebestsocial.media\/de\/wp-json\/wp\/v2\/posts\/182939","targetHints":{"allow":["GET"]}}],"collection":[{"href":"https:\/\/www.thebestsocial.media\/de\/wp-json\/wp\/v2\/posts"}],"about":[{"href":"https:\/\/www.thebestsocial.media\/de\/wp-json\/wp\/v2\/types\/post"}],"author":[{"embeddable":true,"href":"https:\/\/www.thebestsocial.media\/de\/wp-json\/wp\/v2\/users\/73"}],"replies":[{"embeddable":true,"href":"https:\/\/www.thebestsocial.media\/de\/wp-json\/wp\/v2\/comments?post=182939"}],"version-history":[{"count":13,"href":"https:\/\/www.thebestsocial.media\/de\/wp-json\/wp\/v2\/posts\/182939\/revisions"}],"predecessor-version":[{"id":182974,"href":"https:\/\/www.thebestsocial.media\/de\/wp-json\/wp\/v2\/posts\/182939\/revisions\/182974"}],"wp:featuredmedia":[{"embeddable":true,"href":"https:\/\/www.thebestsocial.media\/de\/wp-json\/wp\/v2\/media\/182976"}],"wp:attachment":[{"href":"https:\/\/www.thebestsocial.media\/de\/wp-json\/wp\/v2\/media?parent=182939"}],"wp:term":[{"taxonomy":"category","embeddable":true,"href":"https:\/\/www.thebestsocial.media\/de\/wp-json\/wp\/v2\/categories?post=182939"},{"taxonomy":"post_tag","embeddable":true,"href":"https:\/\/www.thebestsocial.media\/de\/wp-json\/wp\/v2\/tags?post=182939"}],"curies":[{"name":"wp","href":"https:\/\/api.w.org\/{rel}","templated":true}]}}