{"id":182896,"date":"2023-08-11T16:49:12","date_gmt":"2023-08-11T16:49:12","guid":{"rendered":"https:\/\/www.thebestsocial.media\/de\/?p=182896"},"modified":"2023-08-11T16:49:12","modified_gmt":"2023-08-11T16:49:12","slug":"pragmatisch-ehrlich-gut-die-kindersprueche-der-woche","status":"publish","type":"post","link":"https:\/\/www.thebestsocial.media\/de\/pragmatisch-ehrlich-gut-die-kindersprueche-der-woche\/","title":{"rendered":"Pragmatisch, ehrlich, gut: Die Kinderspr\u00fcche der Woche"},"content":{"rendered":"<p>Niemand ist so herrlich pragmatisch und schonungslos ehrlich wie die lieben Kleinen und ihre Kinderspr\u00fcche. Wer schon immer mal wissen wollte, wie Pf\u00fctzen entstehen, was viele Probleme ganz einfach l\u00f6sen w\u00fcrde und wie das perfekte Teamwork aussieht, ist hier genau richtig. Denn die Weisheit von Kindern ist einfach un\u00fcbertroffen! Man braucht ganz offensichtlich nicht viel Lebenserfahrung, um Dinge zu durchschauen und zu sagen, was Sache ist. Sie geben einem sooo viel zur\u00fcck, aber was eigentlich genau? Man k\u00f6nnte vermuten, es ist vor allem eines: Feedback. Pragmatisch, ehrlich, gut ist ihr Motto &#8211; das zeigen die Kinderspr\u00fcche der Woche auch in dieser Ausgabe wieder eindr\u00fccklich.<\/p>\n<p>&nbsp;<\/p>\n<h3>Kann dann auch mal wegger\u00e4umt werden!<\/h3>\n<blockquote class=\"twitter-tweet\">\n<p dir=\"ltr\" lang=\"de\">Mit K2 auf dem R\u00fcckweg von der Kita. Hier und da sind noch Pf\u00fctzen.<\/p>\n<p>K2: Guck mal Mama, hier liegt noch Regen von gestern.<\/p>\n<p>\u2014 Jules (@ed_ju1es) <a href=\"https:\/\/twitter.com\/ed_ju1es\/status\/1689297614267633664?ref_src=twsrc%5Etfw\">August 9, 2023<\/a><\/p><\/blockquote>\n<p><script async src=\"https:\/\/platform.twitter.com\/widgets.js\" charset=\"utf-8\"><\/script><\/p>\n<p>&nbsp;<\/p>\n<h3>Sch\u00f6n, wenn das Vokabular w\u00e4chst.<\/h3>\n<blockquote class=\"twitter-tweet\">\n<p dir=\"ltr\" lang=\"de\">K1 beobachtet mich beim anziehen. Ich passe nicht in eine Bluse, sage entt\u00e4uscht: &#8222;Da bin ich wohl zu dick geworden.&#8220;<br \/>\nEr: &#8222;Nein, Mama. Du bist nicht dick!&#8220;<br \/>\nIch bin total dankbar und happy, dass Mamas immer die sch\u00f6nsten sind f\u00fcr ihre Kids und er so lieb.<\/p>\n<p>Dann: &#8222;Du bist st\u00e4mmig!&#8220;<\/p>\n<p>\u2014 MamaBell (@BellisKaeseecke) <a href=\"https:\/\/twitter.com\/BellisKaeseecke\/status\/1686624388764815360?ref_src=twsrc%5Etfw\">August 2, 2023<\/a><\/p><\/blockquote>\n<p><script async src=\"https:\/\/platform.twitter.com\/widgets.js\" charset=\"utf-8\"><\/script><\/p>\n<p>&nbsp;<\/p>\n<h3>Gude Launeee!<\/h3>\n<blockquote class=\"twitter-tweet\">\n<p dir=\"ltr\" lang=\"de\">K3 (2) liegt seit 1h im Bett und sollte schlafen. Sie war schon 2x Pullern, hat was getrunken, 2 Kuscheltiere gesucht und 3x die Decke glattgestrichen. Gerade h\u00f6re ich sie singen:<br \/>\n\u201eHumba humba humba, T\u00e4t\u00e4r\u00e4, T\u00e4t\u00e4r\u00e4, T\u00e4t\u00e4r\u00e4\u2026\u201c<\/p>\n<p>Wird ne lange Nacht hier.<\/p>\n<p>\u2014 Commander Keen (@Kizito5) <a href=\"https:\/\/twitter.com\/Kizito5\/status\/1686447103336153088?ref_src=twsrc%5Etfw\">August 1, 2023<\/a><\/p><\/blockquote>\n<p><script async src=\"https:\/\/platform.twitter.com\/widgets.js\" charset=\"utf-8\"><\/script><\/p>\n<p>&nbsp;<\/p>\n<h3>Sehr l\u00f6sungsorientiert.<\/h3>\n<blockquote class=\"twitter-tweet\">\n<p dir=\"ltr\" lang=\"de\">Mit K2 im Smith\u2019s toys. Er ist sauer weil ich ihm nicht den riesigen Indominus Rex mit Ton und Lichteffekten kaufe.<\/p>\n<p>Ich (auf Augenh\u00f6he, mit sanfter Stimme): ich verstehe, dass du den Dino gern h\u00e4ttest. Was w\u00fcrde dir jetzt helfen? Eine Umarmung, oder Ruhe?<\/p>\n<p>K2: Geld!<\/p>\n<p>\u2014 Jules (@ed_ju1es) <a href=\"https:\/\/twitter.com\/ed_ju1es\/status\/1685554885138251776?ref_src=twsrc%5Etfw\">July 30, 2023<\/a><\/p><\/blockquote>\n<p><script async src=\"https:\/\/platform.twitter.com\/widgets.js\" charset=\"utf-8\"><\/script><\/p>\n<p>&nbsp;<\/p>\n<h3>Joa.<\/h3>\n<blockquote class=\"twitter-tweet\">\n<p dir=\"ltr\" lang=\"de\">Ich:&#8220;Wer sich vor 100 Jahren hier ein Grundst\u00fcck gekauft hat, der ist jetzt Million\u00e4r.&#8220;<br \/>\nSohn:&#8220;Nee. Der ist jetzt tot.&#8220;<\/p>\n<p>\u2014 MissTrelawny (sic!) (@fingurplaustert) <a href=\"https:\/\/twitter.com\/fingurplaustert\/status\/1689683819174010884?ref_src=twsrc%5Etfw\">August 10, 2023<\/a><\/p><\/blockquote>\n<p><script async src=\"https:\/\/platform.twitter.com\/widgets.js\" charset=\"utf-8\"><\/script><\/p>\n<p>&nbsp;<\/p>\n<h3>Old news!<\/h3>\n<blockquote class=\"twitter-tweet\">\n<p dir=\"ltr\" lang=\"de\">&#8222;Poppy, ich hab dich sehr lieb!&#8220;<\/p>\n<p>&#8222;Das hast du mir schon mal gesagt, Mama!&#8220;<\/p>\n<p>Darf ich vorstellen: meine Tochter, auf dem Weg zu einer gro\u00dfen Romantikerin.<\/p>\n<p>\u2014 Mrs_Mary (@MrsMarryPoppins) <a href=\"https:\/\/twitter.com\/MrsMarryPoppins\/status\/1689536254164062208?ref_src=twsrc%5Etfw\">August 10, 2023<\/a><\/p><\/blockquote>\n<p><script async src=\"https:\/\/platform.twitter.com\/widgets.js\" charset=\"utf-8\"><\/script><\/p>\n<p>&nbsp;<\/p>\n<h3>Das ist mal &#8217;ne Arbeitsaufteilung!<\/h3>\n<blockquote class=\"twitter-tweet\">\n<p dir=\"ltr\" lang=\"de\">8j: \u201ePapa, was machst du da?\u201c<\/p>\n<p>\u201eIch ernte Beeren. Du kannst mir gern helfen.\u201c<\/p>\n<p>8j: \u201eNein, schon gut. Sag mir einfach wenn du fertig bist und sie gewaschen hast. Ich esse sie dann auf!\u201c<\/p>\n<p>\ud83d\ude0f\ud83d\ude0f\ud83d\ude0f\ud83d\ude0f<\/p>\n<p>\u2014 hulkaholic (@FettiDer) <a href=\"https:\/\/twitter.com\/FettiDer\/status\/1685256358038212608?ref_src=twsrc%5Etfw\">July 29, 2023<\/a><\/p><\/blockquote>\n<p><script async src=\"https:\/\/platform.twitter.com\/widgets.js\" charset=\"utf-8\"><\/script><\/p>\n<p>&nbsp;<\/p>\n<h3><em><a href=\"https:\/\/www.thebestsocial.media\/de\/tag\/kindersprueche\/\" target=\"_blank\" rel=\"noopener\">\u2728Hier gibt es noch mehr Kinderspr\u00fcche!<\/a><\/em><\/h3>\n<p>&nbsp;<\/p>\n<p><em><strong>Hey! Bock auf ein Praktikum bei uns? <a href=\"https:\/\/www.thebestsocialjobs.com\/vacature\/praktikant-redakteur-de\/\" target=\"_blank\" rel=\"noopener\">Schau mal hier!<\/a> \ud83e\uddd1\u200d\ud83d\udcbb<\/strong><\/em><\/p>\n<p><b data-stringify-type=\"bold\">___<\/b><br \/>\n<b data-stringify-type=\"bold\">Vielen Dank an alle f\u00fcr die Posts!<\/b><br \/>\n<b data-stringify-type=\"bold\">___<\/b><\/p>\n<p><em><b data-stringify-type=\"bold\">Unterst\u00fctze uns mit nur einem Klick!<\/b><\/em><\/p>\n<p>Dir gef\u00e4llt unsere Arbeit? Dann unterst\u00fctze sie doch! Das geht ganz einfach mit einem Klick auf die Werbeanzeigen auf unserer Seite. Kostet nix, aber hilft uns sehr.\u00a0<img decoding=\"async\" class=\"emoji\" role=\"img\" draggable=\"false\" src=\"https:\/\/s.w.org\/images\/core\/emoji\/14.0.0\/svg\/1f642.svg\" alt=\"\ud83d\ude42\" \/><br \/>\nDu hast Feedback? Schick es uns \u2013 zum Beispiel\u00a0<a class=\"c-link\" href=\"https:\/\/www.thebestsocial.media\/de\/einsendungen\/\" target=\"_blank\" rel=\"noopener noreferrer\" data-stringify-link=\"https:\/\/www.thebestsocial.media\/de\/einsendungen\/\" data-sk=\"tooltip_parent\">hier<\/a>\u00a0oder per Direktnachricht auf\u00a0<a class=\"c-link\" href=\"https:\/\/www.instagram.com\/thebestsocialmediade\/\" target=\"_blank\" rel=\"noopener noreferrer\" data-stringify-link=\"https:\/\/www.instagram.com\/thebestsocialmediade\/\" data-sk=\"tooltip_parent\">Instagram<\/a>,\u00a0<a class=\"c-link\" href=\"https:\/\/www.facebook.com\/thebestsocialmediaDE\/\" target=\"_blank\" rel=\"noopener noreferrer\" data-stringify-link=\"https:\/\/www.facebook.com\/thebestsocialmediaDE\/\" data-sk=\"tooltip_parent\">Facebook<\/a>\u00a0oder\u00a0<a class=\"c-link\" href=\"https:\/\/twitter.com\/thebestsocialDE\" target=\"_blank\" rel=\"noopener noreferrer\" data-stringify-link=\"https:\/\/twitter.com\/thebestsocialDE\" data-sk=\"tooltip_parent\">Twitter<\/a>.<\/p>\n","protected":false},"excerpt":{"rendered":"<p>Niemand ist so herrlich pragmatisch und schonungslos ehrlich wie die lieben Kleinen und ihre Kinderspr\u00fcche. Wer schon immer mal wissen wollte, wie Pf\u00fctzen entstehen, was&#8230;<\/p>\n","protected":false},"author":73,"featured_media":182911,"comment_status":"open","ping_status":"open","sticky":false,"template":"","format":"standard","meta":{"_acf_changed":false,"footnotes":""},"categories":[5588],"tags":[1374,5559],"class_list":["post-182896","post","type-post","status-publish","format-standard","has-post-thumbnail","hentry","category-kindersprueche","tag-humor","tag-kindersprueche"],"acf":[],"yoast_head":"<!-- This site is optimized with the Yoast SEO plugin v27.5 - https:\/\/yoast.com\/product\/yoast-seo-wordpress\/ -->\n<title>Pragmatisch, ehrlich, gut: Die Kinderspr\u00fcche der Woche<\/title>\n<meta name=\"description\" content=\"Pragmatisch, ehrlich, gut ist ihr Motto - das zeigen die Kinderspr\u00fcche der Woche auch in dieser Ausgabe wieder eindr\u00fccklich.\" \/>\n<meta name=\"robots\" content=\"index, follow, max-snippet:-1, max-image-preview:large, max-video-preview:-1\" \/>\n<link rel=\"canonical\" href=\"https:\/\/www.thebestsocial.media\/de\/pragmatisch-ehrlich-gut-die-kindersprueche-der-woche\/\" \/>\n<meta property=\"og:locale\" content=\"de_DE\" \/>\n<meta property=\"og:type\" content=\"article\" \/>\n<meta property=\"og:title\" content=\"Pragmatisch, ehrlich, gut: Die Kinderspr\u00fcche der Woche\" \/>\n<meta property=\"og:description\" content=\"Pragmatisch, ehrlich, gut ist ihr Motto - das zeigen die Kinderspr\u00fcche der Woche auch in dieser Ausgabe wieder eindr\u00fccklich.\" \/>\n<meta property=\"og:url\" content=\"https:\/\/www.thebestsocial.media\/de\/pragmatisch-ehrlich-gut-die-kindersprueche-der-woche\/\" \/>\n<meta property=\"og:site_name\" content=\"The Best Social Media DE\" \/>\n<meta property=\"article:published_time\" content=\"2023-08-11T16:49:12+00:00\" \/>\n<meta property=\"og:image\" content=\"https:\/\/www.thebestsocial.media\/de\/wp-content\/uploads\/sites\/3\/2023\/08\/header-kisprue.png\" \/>\n\t<meta property=\"og:image:width\" content=\"1200\" \/>\n\t<meta property=\"og:image:height\" content=\"630\" \/>\n\t<meta property=\"og:image:type\" content=\"image\/png\" \/>\n<meta name=\"author\" content=\"Helene Mei\u00dfner\" \/>\n<meta name=\"twitter:card\" content=\"summary_large_image\" \/>\n<meta name=\"twitter:label1\" content=\"Verfasst von\" \/>\n\t<meta name=\"twitter:data1\" content=\"Helene Mei\u00dfner\" \/>\n\t<meta name=\"twitter:label2\" content=\"Gesch\u00e4tzte Lesezeit\" \/>\n\t<meta name=\"twitter:data2\" content=\"2\u00a0Minuten\" \/>\n<script type=\"application\/ld+json\" class=\"yoast-schema-graph\">{\"@context\":\"https:\\\/\\\/schema.org\",\"@graph\":[{\"@type\":\"Article\",\"@id\":\"https:\\\/\\\/www.thebestsocial.media\\\/de\\\/pragmatisch-ehrlich-gut-die-kindersprueche-der-woche\\\/#article\",\"isPartOf\":{\"@id\":\"https:\\\/\\\/www.thebestsocial.media\\\/de\\\/pragmatisch-ehrlich-gut-die-kindersprueche-der-woche\\\/\"},\"author\":{\"name\":\"Helene Mei\u00dfner\",\"@id\":\"https:\\\/\\\/www.thebestsocial.media\\\/de\\\/#\\\/schema\\\/person\\\/6267acc046505b90b912687a039220df\"},\"headline\":\"Pragmatisch, ehrlich, gut: Die Kinderspr\u00fcche der Woche\",\"datePublished\":\"2023-08-11T16:49:12+00:00\",\"mainEntityOfPage\":{\"@id\":\"https:\\\/\\\/www.thebestsocial.media\\\/de\\\/pragmatisch-ehrlich-gut-die-kindersprueche-der-woche\\\/\"},\"wordCount\":523,\"commentCount\":0,\"image\":{\"@id\":\"https:\\\/\\\/www.thebestsocial.media\\\/de\\\/pragmatisch-ehrlich-gut-die-kindersprueche-der-woche\\\/#primaryimage\"},\"thumbnailUrl\":\"https:\\\/\\\/www.thebestsocial.media\\\/de\\\/wp-content\\\/uploads\\\/sites\\\/3\\\/2023\\\/08\\\/beitrag-kisprue.png\",\"keywords\":[\"humor\",\"Kinderspr\u00fcche\"],\"articleSection\":[\"Kinderspr\u00fcche\"],\"inLanguage\":\"de\",\"potentialAction\":[{\"@type\":\"CommentAction\",\"name\":\"Comment\",\"target\":[\"https:\\\/\\\/www.thebestsocial.media\\\/de\\\/pragmatisch-ehrlich-gut-die-kindersprueche-der-woche\\\/#respond\"]}]},{\"@type\":\"WebPage\",\"@id\":\"https:\\\/\\\/www.thebestsocial.media\\\/de\\\/pragmatisch-ehrlich-gut-die-kindersprueche-der-woche\\\/\",\"url\":\"https:\\\/\\\/www.thebestsocial.media\\\/de\\\/pragmatisch-ehrlich-gut-die-kindersprueche-der-woche\\\/\",\"name\":\"Pragmatisch, ehrlich, gut: Die Kinderspr\u00fcche der Woche\",\"isPartOf\":{\"@id\":\"https:\\\/\\\/www.thebestsocial.media\\\/de\\\/#website\"},\"primaryImageOfPage\":{\"@id\":\"https:\\\/\\\/www.thebestsocial.media\\\/de\\\/pragmatisch-ehrlich-gut-die-kindersprueche-der-woche\\\/#primaryimage\"},\"image\":{\"@id\":\"https:\\\/\\\/www.thebestsocial.media\\\/de\\\/pragmatisch-ehrlich-gut-die-kindersprueche-der-woche\\\/#primaryimage\"},\"thumbnailUrl\":\"https:\\\/\\\/www.thebestsocial.media\\\/de\\\/wp-content\\\/uploads\\\/sites\\\/3\\\/2023\\\/08\\\/beitrag-kisprue.png\",\"datePublished\":\"2023-08-11T16:49:12+00:00\",\"author\":{\"@id\":\"https:\\\/\\\/www.thebestsocial.media\\\/de\\\/#\\\/schema\\\/person\\\/6267acc046505b90b912687a039220df\"},\"description\":\"Pragmatisch, ehrlich, gut ist ihr Motto - das zeigen die Kinderspr\u00fcche der Woche auch in dieser Ausgabe wieder eindr\u00fccklich.\",\"breadcrumb\":{\"@id\":\"https:\\\/\\\/www.thebestsocial.media\\\/de\\\/pragmatisch-ehrlich-gut-die-kindersprueche-der-woche\\\/#breadcrumb\"},\"inLanguage\":\"de\",\"potentialAction\":[{\"@type\":\"ReadAction\",\"target\":[\"https:\\\/\\\/www.thebestsocial.media\\\/de\\\/pragmatisch-ehrlich-gut-die-kindersprueche-der-woche\\\/\"]}]},{\"@type\":\"ImageObject\",\"inLanguage\":\"de\",\"@id\":\"https:\\\/\\\/www.thebestsocial.media\\\/de\\\/pragmatisch-ehrlich-gut-die-kindersprueche-der-woche\\\/#primaryimage\",\"url\":\"https:\\\/\\\/www.thebestsocial.media\\\/de\\\/wp-content\\\/uploads\\\/sites\\\/3\\\/2023\\\/08\\\/beitrag-kisprue.png\",\"contentUrl\":\"https:\\\/\\\/www.thebestsocial.media\\\/de\\\/wp-content\\\/uploads\\\/sites\\\/3\\\/2023\\\/08\\\/beitrag-kisprue.png\",\"width\":1200,\"height\":630},{\"@type\":\"BreadcrumbList\",\"@id\":\"https:\\\/\\\/www.thebestsocial.media\\\/de\\\/pragmatisch-ehrlich-gut-die-kindersprueche-der-woche\\\/#breadcrumb\",\"itemListElement\":[{\"@type\":\"ListItem\",\"position\":1,\"name\":\"Home\",\"item\":\"https:\\\/\\\/www.thebestsocial.media\\\/de\\\/\"},{\"@type\":\"ListItem\",\"position\":2,\"name\":\"Pragmatisch, ehrlich, gut: Die Kinderspr\u00fcche der Woche\"}]},{\"@type\":\"WebSite\",\"@id\":\"https:\\\/\\\/www.thebestsocial.media\\\/de\\\/#website\",\"url\":\"https:\\\/\\\/www.thebestsocial.media\\\/de\\\/\",\"name\":\"The Best Social Media DE\",\"description\":\"\",\"potentialAction\":[{\"@type\":\"SearchAction\",\"target\":{\"@type\":\"EntryPoint\",\"urlTemplate\":\"https:\\\/\\\/www.thebestsocial.media\\\/de\\\/?s={search_term_string}\"},\"query-input\":{\"@type\":\"PropertyValueSpecification\",\"valueRequired\":true,\"valueName\":\"search_term_string\"}}],\"inLanguage\":\"de\"},{\"@type\":\"Person\",\"@id\":\"https:\\\/\\\/www.thebestsocial.media\\\/de\\\/#\\\/schema\\\/person\\\/6267acc046505b90b912687a039220df\",\"name\":\"Helene Mei\u00dfner\",\"image\":{\"@type\":\"ImageObject\",\"inLanguage\":\"de\",\"@id\":\"https:\\\/\\\/secure.gravatar.com\\\/avatar\\\/6639fc0397860ac2c2e11b018c1f14be4a46c2378a91ac1b35730b724675daa8?s=96&d=mm&r=g\",\"url\":\"https:\\\/\\\/secure.gravatar.com\\\/avatar\\\/6639fc0397860ac2c2e11b018c1f14be4a46c2378a91ac1b35730b724675daa8?s=96&d=mm&r=g\",\"contentUrl\":\"https:\\\/\\\/secure.gravatar.com\\\/avatar\\\/6639fc0397860ac2c2e11b018c1f14be4a46c2378a91ac1b35730b724675daa8?s=96&d=mm&r=g\",\"caption\":\"Helene Mei\u00dfner\"},\"description\":\"Kommt aus Berlin und hat dementsprechend nat\u00fcrlich irgendwas mit Medien studiert. Verlegt oft Dinge, w\u00e4hrend sie sie in der Hand h\u00e4lt. Findet Kauger\u00e4usche unausstehlich. Hat eine Schw\u00e4che f\u00fcr Glitzer und immer mindestens 50 Tabs offen.\",\"sameAs\":[\"https:\\\/\\\/www.instagram.com\\\/he.leni\\\/\"],\"url\":\"https:\\\/\\\/www.thebestsocial.media\\\/de\\\/author\\\/helenemeissner\\\/\"}]}<\/script>\n<!-- \/ Yoast SEO plugin. -->","yoast_head_json":{"title":"Pragmatisch, ehrlich, gut: Die Kinderspr\u00fcche der Woche","description":"Pragmatisch, ehrlich, gut ist ihr Motto - das zeigen die Kinderspr\u00fcche der Woche auch in dieser Ausgabe wieder eindr\u00fccklich.","robots":{"index":"index","follow":"follow","max-snippet":"max-snippet:-1","max-image-preview":"max-image-preview:large","max-video-preview":"max-video-preview:-1"},"canonical":"https:\/\/www.thebestsocial.media\/de\/pragmatisch-ehrlich-gut-die-kindersprueche-der-woche\/","og_locale":"de_DE","og_type":"article","og_title":"Pragmatisch, ehrlich, gut: Die Kinderspr\u00fcche der Woche","og_description":"Pragmatisch, ehrlich, gut ist ihr Motto - das zeigen die Kinderspr\u00fcche der Woche auch in dieser Ausgabe wieder eindr\u00fccklich.","og_url":"https:\/\/www.thebestsocial.media\/de\/pragmatisch-ehrlich-gut-die-kindersprueche-der-woche\/","og_site_name":"The Best Social Media DE","article_published_time":"2023-08-11T16:49:12+00:00","og_image":[{"width":1200,"height":630,"url":"https:\/\/www.thebestsocial.media\/de\/wp-content\/uploads\/sites\/3\/2023\/08\/header-kisprue.png","type":"image\/png"}],"author":"Helene Mei\u00dfner","twitter_card":"summary_large_image","twitter_misc":{"Verfasst von":"Helene Mei\u00dfner","Gesch\u00e4tzte Lesezeit":"2\u00a0Minuten"},"schema":{"@context":"https:\/\/schema.org","@graph":[{"@type":"Article","@id":"https:\/\/www.thebestsocial.media\/de\/pragmatisch-ehrlich-gut-die-kindersprueche-der-woche\/#article","isPartOf":{"@id":"https:\/\/www.thebestsocial.media\/de\/pragmatisch-ehrlich-gut-die-kindersprueche-der-woche\/"},"author":{"name":"Helene Mei\u00dfner","@id":"https:\/\/www.thebestsocial.media\/de\/#\/schema\/person\/6267acc046505b90b912687a039220df"},"headline":"Pragmatisch, ehrlich, gut: Die Kinderspr\u00fcche der Woche","datePublished":"2023-08-11T16:49:12+00:00","mainEntityOfPage":{"@id":"https:\/\/www.thebestsocial.media\/de\/pragmatisch-ehrlich-gut-die-kindersprueche-der-woche\/"},"wordCount":523,"commentCount":0,"image":{"@id":"https:\/\/www.thebestsocial.media\/de\/pragmatisch-ehrlich-gut-die-kindersprueche-der-woche\/#primaryimage"},"thumbnailUrl":"https:\/\/www.thebestsocial.media\/de\/wp-content\/uploads\/sites\/3\/2023\/08\/beitrag-kisprue.png","keywords":["humor","Kinderspr\u00fcche"],"articleSection":["Kinderspr\u00fcche"],"inLanguage":"de","potentialAction":[{"@type":"CommentAction","name":"Comment","target":["https:\/\/www.thebestsocial.media\/de\/pragmatisch-ehrlich-gut-die-kindersprueche-der-woche\/#respond"]}]},{"@type":"WebPage","@id":"https:\/\/www.thebestsocial.media\/de\/pragmatisch-ehrlich-gut-die-kindersprueche-der-woche\/","url":"https:\/\/www.thebestsocial.media\/de\/pragmatisch-ehrlich-gut-die-kindersprueche-der-woche\/","name":"Pragmatisch, ehrlich, gut: Die Kinderspr\u00fcche der Woche","isPartOf":{"@id":"https:\/\/www.thebestsocial.media\/de\/#website"},"primaryImageOfPage":{"@id":"https:\/\/www.thebestsocial.media\/de\/pragmatisch-ehrlich-gut-die-kindersprueche-der-woche\/#primaryimage"},"image":{"@id":"https:\/\/www.thebestsocial.media\/de\/pragmatisch-ehrlich-gut-die-kindersprueche-der-woche\/#primaryimage"},"thumbnailUrl":"https:\/\/www.thebestsocial.media\/de\/wp-content\/uploads\/sites\/3\/2023\/08\/beitrag-kisprue.png","datePublished":"2023-08-11T16:49:12+00:00","author":{"@id":"https:\/\/www.thebestsocial.media\/de\/#\/schema\/person\/6267acc046505b90b912687a039220df"},"description":"Pragmatisch, ehrlich, gut ist ihr Motto - das zeigen die Kinderspr\u00fcche der Woche auch in dieser Ausgabe wieder eindr\u00fccklich.","breadcrumb":{"@id":"https:\/\/www.thebestsocial.media\/de\/pragmatisch-ehrlich-gut-die-kindersprueche-der-woche\/#breadcrumb"},"inLanguage":"de","potentialAction":[{"@type":"ReadAction","target":["https:\/\/www.thebestsocial.media\/de\/pragmatisch-ehrlich-gut-die-kindersprueche-der-woche\/"]}]},{"@type":"ImageObject","inLanguage":"de","@id":"https:\/\/www.thebestsocial.media\/de\/pragmatisch-ehrlich-gut-die-kindersprueche-der-woche\/#primaryimage","url":"https:\/\/www.thebestsocial.media\/de\/wp-content\/uploads\/sites\/3\/2023\/08\/beitrag-kisprue.png","contentUrl":"https:\/\/www.thebestsocial.media\/de\/wp-content\/uploads\/sites\/3\/2023\/08\/beitrag-kisprue.png","width":1200,"height":630},{"@type":"BreadcrumbList","@id":"https:\/\/www.thebestsocial.media\/de\/pragmatisch-ehrlich-gut-die-kindersprueche-der-woche\/#breadcrumb","itemListElement":[{"@type":"ListItem","position":1,"name":"Home","item":"https:\/\/www.thebestsocial.media\/de\/"},{"@type":"ListItem","position":2,"name":"Pragmatisch, ehrlich, gut: Die Kinderspr\u00fcche der Woche"}]},{"@type":"WebSite","@id":"https:\/\/www.thebestsocial.media\/de\/#website","url":"https:\/\/www.thebestsocial.media\/de\/","name":"The Best Social Media DE","description":"","potentialAction":[{"@type":"SearchAction","target":{"@type":"EntryPoint","urlTemplate":"https:\/\/www.thebestsocial.media\/de\/?s={search_term_string}"},"query-input":{"@type":"PropertyValueSpecification","valueRequired":true,"valueName":"search_term_string"}}],"inLanguage":"de"},{"@type":"Person","@id":"https:\/\/www.thebestsocial.media\/de\/#\/schema\/person\/6267acc046505b90b912687a039220df","name":"Helene Mei\u00dfner","image":{"@type":"ImageObject","inLanguage":"de","@id":"https:\/\/secure.gravatar.com\/avatar\/6639fc0397860ac2c2e11b018c1f14be4a46c2378a91ac1b35730b724675daa8?s=96&d=mm&r=g","url":"https:\/\/secure.gravatar.com\/avatar\/6639fc0397860ac2c2e11b018c1f14be4a46c2378a91ac1b35730b724675daa8?s=96&d=mm&r=g","contentUrl":"https:\/\/secure.gravatar.com\/avatar\/6639fc0397860ac2c2e11b018c1f14be4a46c2378a91ac1b35730b724675daa8?s=96&d=mm&r=g","caption":"Helene Mei\u00dfner"},"description":"Kommt aus Berlin und hat dementsprechend nat\u00fcrlich irgendwas mit Medien studiert. Verlegt oft Dinge, w\u00e4hrend sie sie in der Hand h\u00e4lt. Findet Kauger\u00e4usche unausstehlich. Hat eine Schw\u00e4che f\u00fcr Glitzer und immer mindestens 50 Tabs offen.","sameAs":["https:\/\/www.instagram.com\/he.leni\/"],"url":"https:\/\/www.thebestsocial.media\/de\/author\/helenemeissner\/"}]}},"amp_enabled":true,"_links":{"self":[{"href":"https:\/\/www.thebestsocial.media\/de\/wp-json\/wp\/v2\/posts\/182896","targetHints":{"allow":["GET"]}}],"collection":[{"href":"https:\/\/www.thebestsocial.media\/de\/wp-json\/wp\/v2\/posts"}],"about":[{"href":"https:\/\/www.thebestsocial.media\/de\/wp-json\/wp\/v2\/types\/post"}],"author":[{"embeddable":true,"href":"https:\/\/www.thebestsocial.media\/de\/wp-json\/wp\/v2\/users\/73"}],"replies":[{"embeddable":true,"href":"https:\/\/www.thebestsocial.media\/de\/wp-json\/wp\/v2\/comments?post=182896"}],"version-history":[{"count":14,"href":"https:\/\/www.thebestsocial.media\/de\/wp-json\/wp\/v2\/posts\/182896\/revisions"}],"predecessor-version":[{"id":182910,"href":"https:\/\/www.thebestsocial.media\/de\/wp-json\/wp\/v2\/posts\/182896\/revisions\/182910"}],"wp:featuredmedia":[{"embeddable":true,"href":"https:\/\/www.thebestsocial.media\/de\/wp-json\/wp\/v2\/media\/182911"}],"wp:attachment":[{"href":"https:\/\/www.thebestsocial.media\/de\/wp-json\/wp\/v2\/media?parent=182896"}],"wp:term":[{"taxonomy":"category","embeddable":true,"href":"https:\/\/www.thebestsocial.media\/de\/wp-json\/wp\/v2\/categories?post=182896"},{"taxonomy":"post_tag","embeddable":true,"href":"https:\/\/www.thebestsocial.media\/de\/wp-json\/wp\/v2\/tags?post=182896"}],"curies":[{"name":"wp","href":"https:\/\/api.w.org\/{rel}","templated":true}]}}