{"id":182748,"date":"2023-08-04T14:03:46","date_gmt":"2023-08-04T14:03:46","guid":{"rendered":"https:\/\/www.thebestsocial.media\/de\/?p=182748"},"modified":"2023-08-04T14:03:46","modified_gmt":"2023-08-04T14:03:46","slug":"fussball-wm-fifa-weltmeisterschaft-die-reaktionen-auf-deutsches-vorrunden-aus","status":"publish","type":"post","link":"https:\/\/www.thebestsocial.media\/de\/fussball-wm-fifa-weltmeisterschaft-die-reaktionen-auf-deutsches-vorrunden-aus\/","title":{"rendered":"Fu\u00dfball-WM: So reagiert das Netz auf das Vorrunden-Aus des deutschen Teams"},"content":{"rendered":"<p>Endlich wieder ein Fu\u00dfball-Turnier im Sommer, wo man ordentlich beim Public Viewing in der Sonne mitfiebern kann (looking at you, <a href=\"https:\/\/www.thebestsocial.media\/de\/das-beste-finale-aller-zeiten-die-kontroverse-wm-in-19-tweets\/\" target=\"_blank\" rel=\"noopener\">Katar<\/a>! \ud83d\ude44) Die FIFA Weltmeisterschaft, die derzeit in Australien und Neuseeland ausgetragen wird, begann f\u00fcr das deutsche Team spektakul\u00e4r, endete allerdings im Vorrunden-Aus. Ein 6:0-Sieg gegen Marokko im ersten Spiel sorgte bei den Fans zun\u00e4chst f\u00fcr ordentliche Euphorie und einiges an Optimismus, allerdings wurde aus dem Spitzenauftakt leider keine Gl\u00fccksstr\u00e4hne &#8211; es folgten ein 2:1 gegen Kolumbien und gestern schlie\u00dflich dann das 1:1 gegen S\u00fcdkorea und damit das Ausscheiden aus dem Turnier in der Gruppenphase. Wie das Netz die Performance des Teams w\u00e4hrend der FIFA Weltmeisterschaft diskutiert und das Vorrunden-Aus verarbeitet, lest ihr hier:<\/p>\n<p>&nbsp;<\/p>\n<h3>Kommt einem irgendwie bekannt vor, die ganze Situation&#8230;<\/h3>\n<blockquote class=\"twitter-tweet\">\n<p dir=\"ltr\" lang=\"de\">Vorrundenaus. So viel \u00c4hnlichkeit zum M\u00e4nnerfu\u00dfball h\u00e4tte es f\u00fcr meinen Geschmack gar nicht unbedingt gebraucht. <a href=\"https:\/\/twitter.com\/hashtag\/KORGER?src=hash&amp;ref_src=twsrc%5Etfw\">#KORGER<\/a><\/p>\n<p>\u2014 Nicole Diekmann (@nicolediekmann) <a href=\"https:\/\/twitter.com\/nicolediekmann\/status\/1687072757949894656?ref_src=twsrc%5Etfw\">August 3, 2023<\/a><\/p><\/blockquote>\n<p><script async src=\"https:\/\/platform.twitter.com\/widgets.js\" charset=\"utf-8\"><\/script><\/p>\n<p>&nbsp;<\/p>\n<h3>Ach, da war ja was!<\/h3>\n<blockquote class=\"twitter-tweet\">\n<p dir=\"ltr\" lang=\"de\">Ein WM-Aus gegen S\u00fcdkorea, ohne dass Manuel Neuer die letzten 20 Minuten an der Mittellinie rumturnt, kann ich nicht ernst nehmen.<a href=\"https:\/\/twitter.com\/hashtag\/KORGER?src=hash&amp;ref_src=twsrc%5Etfw\">#KORGER<\/a> <a href=\"https:\/\/twitter.com\/hashtag\/FIFAWomensWorldCup?src=hash&amp;ref_src=twsrc%5Etfw\">#FIFAWomensWorldCup<\/a><\/p>\n<p>\u2014 Malte D\u00fcrr (@DerMalteDuerr) <a href=\"https:\/\/twitter.com\/DerMalteDuerr\/status\/1687071098590904320?ref_src=twsrc%5Etfw\">August 3, 2023<\/a><\/p><\/blockquote>\n<p><script async src=\"https:\/\/platform.twitter.com\/widgets.js\" charset=\"utf-8\"><\/script><\/p>\n<p>&nbsp;<\/p>\n<h3>Die Entt\u00e4uschung ist gro\u00df.<\/h3>\n<blockquote class=\"twitter-tweet\">\n<p dir=\"ltr\" lang=\"de\">\ud83d\udcac Alexandra Popp: &#8222;Ich wei\u00df gerade noch nicht, was ich sagen soll und was hier gerade abgeht. Das war nicht unser Anspruch.&#8220;<\/p>\n<p>WIR <a href=\"https:\/\/twitter.com\/hashtag\/IMTEAM?src=hash&amp;ref_src=twsrc%5Etfw\">#IMTEAM<\/a> \ud83c\udde9\ud83c\uddea <a href=\"https:\/\/twitter.com\/hashtag\/KORGER?src=hash&amp;ref_src=twsrc%5Etfw\">#KORGER<\/a> <a href=\"https:\/\/twitter.com\/hashtag\/FIFAWWC?src=hash&amp;ref_src=twsrc%5Etfw\">#FIFAWWC<\/a><br \/>\n\ud83d\udcf8 FIFA <a href=\"https:\/\/t.co\/IAOpSoJfLc\">pic.twitter.com\/IAOpSoJfLc<\/a><\/p>\n<p>\u2014 DFB-Frauen (@DFB_Frauen) <a href=\"https:\/\/twitter.com\/DFB_Frauen\/status\/1687079235293224960?ref_src=twsrc%5Etfw\">August 3, 2023<\/a><\/p><\/blockquote>\n<p><script async src=\"https:\/\/platform.twitter.com\/widgets.js\" charset=\"utf-8\"><\/script><\/p>\n<h3>:-\/<\/h3>\n<blockquote class=\"twitter-tweet\">\n<p dir=\"ltr\" lang=\"de\">Die Spielerinnen so zu sehen, bricht mir gerade richtig das Herz. Das haben sie nicht verdient. <a href=\"https:\/\/twitter.com\/hashtag\/KORGER?src=hash&amp;ref_src=twsrc%5Etfw\">#KORGER<\/a> <a href=\"https:\/\/twitter.com\/hashtag\/FIFAWWC?src=hash&amp;ref_src=twsrc%5Etfw\">#FIFAWWC<\/a><\/p>\n<p>\u2014 Selma (@selmuggle) <a href=\"https:\/\/twitter.com\/selmuggle\/status\/1687073115522678784?ref_src=twsrc%5Etfw\">August 3, 2023<\/a><\/p><\/blockquote>\n<p><script async src=\"https:\/\/platform.twitter.com\/widgets.js\" charset=\"utf-8\"><\/script><\/p>\n<p>&nbsp;<\/p>\n<h3>Trotzdem \ud83d\udc4f<\/h3>\n<blockquote class=\"twitter-tweet\">\n<p dir=\"ltr\" lang=\"de\">Schade, dass die <a href=\"https:\/\/twitter.com\/hashtag\/DFBFrauen?src=hash&amp;ref_src=twsrc%5Etfw\">#DFBFrauen<\/a> heute Nachmittag so fr\u00fch ausgeschieden sind. Die WM h\u00e4tte nochmal einen Schub geben k\u00f6nnen. Abseits des sportlichen Misserfolgs bleibt zu hoffen, dass die Mannschaft ihre Nat\u00fcrlichkeit und ihre Nahbarkeit beibeh\u00e4lt. Das hat mir gut gefallen. <a href=\"https:\/\/twitter.com\/hashtag\/KORGER?src=hash&amp;ref_src=twsrc%5Etfw\">#KORGER<\/a><\/p>\n<p>\u2014 Florian Reis (@vunallemebbes) <a href=\"https:\/\/twitter.com\/vunallemebbes\/status\/1687154917172002821?ref_src=twsrc%5Etfw\">August 3, 2023<\/a><\/p><\/blockquote>\n<p><script async src=\"https:\/\/platform.twitter.com\/widgets.js\" charset=\"utf-8\"><\/script><\/p>\n<p>&nbsp;<\/p>\n<h3>Woran hat&#8217;s jelegen?<\/h3>\n<blockquote class=\"twitter-tweet\">\n<p dir=\"ltr\" lang=\"de\">&#8222;Die Ampel hat den Deutschen Frauenfu\u00dfball zugrunde gerichtet und au\u00dferdem waren zu wenige Spielerinnen aus Bayern dabei.&#8220;<a href=\"https:\/\/twitter.com\/hashtag\/KORGER?src=hash&amp;ref_src=twsrc%5Etfw\">#KORGER<\/a> <a href=\"https:\/\/t.co\/C6lJeFc48P\">pic.twitter.com\/C6lJeFc48P<\/a><\/p>\n<p>\u2014 Marlon K. (@M_FK00) <a href=\"https:\/\/twitter.com\/M_FK00\/status\/1687071542012739585?ref_src=twsrc%5Etfw\">August 3, 2023<\/a><\/p><\/blockquote>\n<p><script async src=\"https:\/\/platform.twitter.com\/widgets.js\" charset=\"utf-8\"><\/script><\/p>\n<p>&nbsp;<\/p>\n<h3>Und nu?<\/h3>\n<blockquote class=\"twitter-tweet\">\n<p dir=\"ltr\" lang=\"de\">Der deutsche Fu\u00dfball braucht jetzt eine Task Force, die alles schonungslos beim Alten l\u00e4sst. <a href=\"https:\/\/twitter.com\/hashtag\/KORGER?src=hash&amp;ref_src=twsrc%5Etfw\">#KORGER<\/a><\/p>\n<p>\u2014 Benni Zander (@BenniZander) <a href=\"https:\/\/twitter.com\/BenniZander\/status\/1687075498545778688?ref_src=twsrc%5Etfw\">August 3, 2023<\/a><\/p><\/blockquote>\n<p><script async src=\"https:\/\/platform.twitter.com\/widgets.js\" charset=\"utf-8\"><\/script><\/p>\n<p>&nbsp;<\/p>\n<h3>Naja, hoffen wir mal trotzdem auf ein weiterhin spannendes Turnier! Das ein oder andere Team ist ja schlie\u00dflich noch drin.<\/h3>\n<blockquote class=\"twitter-tweet\">\n<p dir=\"ltr\" lang=\"de\">Wie bei den M\u00e4nnern. Nur in schade. <a href=\"https:\/\/twitter.com\/hashtag\/KORGER?src=hash&amp;ref_src=twsrc%5Etfw\">#KORGER<\/a><\/p>\n<p>\u2014 Thomas Poppe (@DerPoppe) <a href=\"https:\/\/twitter.com\/DerPoppe\/status\/1687072401987653632?ref_src=twsrc%5Etfw\">August 3, 2023<\/a><\/p><\/blockquote>\n<p><script async src=\"https:\/\/platform.twitter.com\/widgets.js\" charset=\"utf-8\"><\/script><\/p>\n<p><b data-stringify-type=\"bold\">___<\/b><br \/>\n<b data-stringify-type=\"bold\">Vielen Dank an alle f\u00fcr die Posts!<\/b><br \/>\n<b data-stringify-type=\"bold\">___<\/b><\/p>\n<p><b data-stringify-type=\"bold\">Unterst\u00fctze uns mit nur einem Klick!<\/b><\/p>\n<p>Dir gef\u00e4llt unsere Arbeit? Dann unterst\u00fctze sie doch! Das geht ganz einfach mit einem Klick auf die Werbeanzeigen auf unserer Seite. Kostet nix, aber hilft uns sehr.\u00a0<img decoding=\"async\" class=\"emoji\" role=\"img\" draggable=\"false\" src=\"https:\/\/s.w.org\/images\/core\/emoji\/14.0.0\/svg\/1f642.svg\" alt=\"\ud83d\ude42\" \/><br \/>\nDu hast Feedback? Schick es uns \u2013 zum Beispiel\u00a0<a class=\"c-link\" href=\"https:\/\/www.thebestsocial.media\/de\/einsendungen\/\" target=\"_blank\" rel=\"noopener noreferrer\" data-stringify-link=\"https:\/\/www.thebestsocial.media\/de\/einsendungen\/\" data-sk=\"tooltip_parent\">hier<\/a>\u00a0oder per Direktnachricht auf\u00a0<a class=\"c-link\" href=\"https:\/\/www.instagram.com\/thebestsocialmediade\/\" target=\"_blank\" rel=\"noopener noreferrer\" data-stringify-link=\"https:\/\/www.instagram.com\/thebestsocialmediade\/\" data-sk=\"tooltip_parent\">Instagram<\/a>,\u00a0<a class=\"c-link\" href=\"https:\/\/www.facebook.com\/thebestsocialmediaDE\/\" target=\"_blank\" rel=\"noopener noreferrer\" data-stringify-link=\"https:\/\/www.facebook.com\/thebestsocialmediaDE\/\" data-sk=\"tooltip_parent\">Facebook<\/a>\u00a0oder\u00a0<a class=\"c-link\" href=\"https:\/\/twitter.com\/thebestsocialDE\" target=\"_blank\" rel=\"noopener noreferrer\" data-stringify-link=\"https:\/\/twitter.com\/thebestsocialDE\" data-sk=\"tooltip_parent\">Twitter<\/a>.<\/p>\n","protected":false},"excerpt":{"rendered":"<p>Endlich wieder ein Fu\u00dfball-Turnier im Sommer, wo man ordentlich beim Public Viewing in der Sonne mitfiebern kann (looking at you, Katar! \ud83d\ude44) Die FIFA Weltmeisterschaft,&#8230;<\/p>\n","protected":false},"author":73,"featured_media":182770,"comment_status":"open","ping_status":"open","sticky":false,"template":"","format":"standard","meta":{"_acf_changed":false,"footnotes":""},"categories":[5718],"tags":[123,5501],"class_list":["post-182748","post","type-post","status-publish","format-standard","has-post-thumbnail","hentry","category-news","tag-fussball","tag-weltmeisterschaft"],"acf":[],"yoast_head":"<!-- This site is optimized with the Yoast SEO plugin v27.5 - https:\/\/yoast.com\/product\/yoast-seo-wordpress\/ -->\n<title>FIFA Weltmeisterschaft: Reaktionen auf deutsches Vorrunden-Aus<\/title>\n<meta name=\"description\" content=\"Die FIFA Weltmeisterschaft begann f\u00fcr das deutsche Team spektakul\u00e4r, endete allerdings im Vorrunden-Aus. Die besten Reaktionen hier.\" \/>\n<meta name=\"robots\" content=\"index, follow, max-snippet:-1, max-image-preview:large, max-video-preview:-1\" \/>\n<link rel=\"canonical\" href=\"https:\/\/www.thebestsocial.media\/de\/fussball-wm-fifa-weltmeisterschaft-die-reaktionen-auf-deutsches-vorrunden-aus\/\" \/>\n<meta property=\"og:locale\" content=\"de_DE\" \/>\n<meta property=\"og:type\" content=\"article\" \/>\n<meta property=\"og:title\" content=\"Fu\u00dfball-WM: So reagiert das Netz auf das Vorrunden-Aus des deutschen Teams\" \/>\n<meta property=\"og:description\" content=\"Die FIFA Weltmeisterschaft begann f\u00fcr das deutsche Team spektakul\u00e4r, endete allerdings im Vorrunden-Aus. Die besten Reaktionen hier.\" \/>\n<meta property=\"og:url\" content=\"https:\/\/www.thebestsocial.media\/de\/fussball-wm-fifa-weltmeisterschaft-die-reaktionen-auf-deutsches-vorrunden-aus\/\" \/>\n<meta property=\"og:site_name\" content=\"The Best Social Media DE\" \/>\n<meta property=\"article:published_time\" content=\"2023-08-04T14:03:46+00:00\" \/>\n<meta property=\"og:image\" content=\"https:\/\/www.thebestsocial.media\/de\/wp-content\/uploads\/sites\/3\/2023\/08\/header-fifawmfrauen.png\" \/>\n\t<meta property=\"og:image:width\" content=\"1200\" \/>\n\t<meta property=\"og:image:height\" content=\"630\" \/>\n\t<meta property=\"og:image:type\" content=\"image\/png\" \/>\n<meta name=\"author\" content=\"Helene Mei\u00dfner\" \/>\n<meta name=\"twitter:card\" content=\"summary_large_image\" \/>\n<meta name=\"twitter:label1\" content=\"Verfasst von\" \/>\n\t<meta name=\"twitter:data1\" content=\"Helene Mei\u00dfner\" \/>\n\t<meta name=\"twitter:label2\" content=\"Gesch\u00e4tzte Lesezeit\" \/>\n\t<meta name=\"twitter:data2\" content=\"2\u00a0Minuten\" \/>\n<script type=\"application\/ld+json\" class=\"yoast-schema-graph\">{\"@context\":\"https:\\\/\\\/schema.org\",\"@graph\":[{\"@type\":\"Article\",\"@id\":\"https:\\\/\\\/www.thebestsocial.media\\\/de\\\/fussball-wm-fifa-weltmeisterschaft-die-reaktionen-auf-deutsches-vorrunden-aus\\\/#article\",\"isPartOf\":{\"@id\":\"https:\\\/\\\/www.thebestsocial.media\\\/de\\\/fussball-wm-fifa-weltmeisterschaft-die-reaktionen-auf-deutsches-vorrunden-aus\\\/\"},\"author\":{\"name\":\"Helene Mei\u00dfner\",\"@id\":\"https:\\\/\\\/www.thebestsocial.media\\\/de\\\/#\\\/schema\\\/person\\\/6267acc046505b90b912687a039220df\"},\"headline\":\"Fu\u00dfball-WM: So reagiert das Netz auf das Vorrunden-Aus des deutschen Teams\",\"datePublished\":\"2023-08-04T14:03:46+00:00\",\"mainEntityOfPage\":{\"@id\":\"https:\\\/\\\/www.thebestsocial.media\\\/de\\\/fussball-wm-fifa-weltmeisterschaft-die-reaktionen-auf-deutsches-vorrunden-aus\\\/\"},\"wordCount\":468,\"commentCount\":0,\"image\":{\"@id\":\"https:\\\/\\\/www.thebestsocial.media\\\/de\\\/fussball-wm-fifa-weltmeisterschaft-die-reaktionen-auf-deutsches-vorrunden-aus\\\/#primaryimage\"},\"thumbnailUrl\":\"https:\\\/\\\/www.thebestsocial.media\\\/de\\\/wp-content\\\/uploads\\\/sites\\\/3\\\/2023\\\/08\\\/beitrag-wmfifafrauen.png\",\"keywords\":[\"fu\u00dfball\",\"Weltmeisterschaft\"],\"articleSection\":[\"News\"],\"inLanguage\":\"de\",\"potentialAction\":[{\"@type\":\"CommentAction\",\"name\":\"Comment\",\"target\":[\"https:\\\/\\\/www.thebestsocial.media\\\/de\\\/fussball-wm-fifa-weltmeisterschaft-die-reaktionen-auf-deutsches-vorrunden-aus\\\/#respond\"]}]},{\"@type\":\"WebPage\",\"@id\":\"https:\\\/\\\/www.thebestsocial.media\\\/de\\\/fussball-wm-fifa-weltmeisterschaft-die-reaktionen-auf-deutsches-vorrunden-aus\\\/\",\"url\":\"https:\\\/\\\/www.thebestsocial.media\\\/de\\\/fussball-wm-fifa-weltmeisterschaft-die-reaktionen-auf-deutsches-vorrunden-aus\\\/\",\"name\":\"FIFA Weltmeisterschaft: Reaktionen auf deutsches Vorrunden-Aus\",\"isPartOf\":{\"@id\":\"https:\\\/\\\/www.thebestsocial.media\\\/de\\\/#website\"},\"primaryImageOfPage\":{\"@id\":\"https:\\\/\\\/www.thebestsocial.media\\\/de\\\/fussball-wm-fifa-weltmeisterschaft-die-reaktionen-auf-deutsches-vorrunden-aus\\\/#primaryimage\"},\"image\":{\"@id\":\"https:\\\/\\\/www.thebestsocial.media\\\/de\\\/fussball-wm-fifa-weltmeisterschaft-die-reaktionen-auf-deutsches-vorrunden-aus\\\/#primaryimage\"},\"thumbnailUrl\":\"https:\\\/\\\/www.thebestsocial.media\\\/de\\\/wp-content\\\/uploads\\\/sites\\\/3\\\/2023\\\/08\\\/beitrag-wmfifafrauen.png\",\"datePublished\":\"2023-08-04T14:03:46+00:00\",\"author\":{\"@id\":\"https:\\\/\\\/www.thebestsocial.media\\\/de\\\/#\\\/schema\\\/person\\\/6267acc046505b90b912687a039220df\"},\"description\":\"Die FIFA Weltmeisterschaft begann f\u00fcr das deutsche Team spektakul\u00e4r, endete allerdings im Vorrunden-Aus. Die besten Reaktionen hier.\",\"breadcrumb\":{\"@id\":\"https:\\\/\\\/www.thebestsocial.media\\\/de\\\/fussball-wm-fifa-weltmeisterschaft-die-reaktionen-auf-deutsches-vorrunden-aus\\\/#breadcrumb\"},\"inLanguage\":\"de\",\"potentialAction\":[{\"@type\":\"ReadAction\",\"target\":[\"https:\\\/\\\/www.thebestsocial.media\\\/de\\\/fussball-wm-fifa-weltmeisterschaft-die-reaktionen-auf-deutsches-vorrunden-aus\\\/\"]}]},{\"@type\":\"ImageObject\",\"inLanguage\":\"de\",\"@id\":\"https:\\\/\\\/www.thebestsocial.media\\\/de\\\/fussball-wm-fifa-weltmeisterschaft-die-reaktionen-auf-deutsches-vorrunden-aus\\\/#primaryimage\",\"url\":\"https:\\\/\\\/www.thebestsocial.media\\\/de\\\/wp-content\\\/uploads\\\/sites\\\/3\\\/2023\\\/08\\\/beitrag-wmfifafrauen.png\",\"contentUrl\":\"https:\\\/\\\/www.thebestsocial.media\\\/de\\\/wp-content\\\/uploads\\\/sites\\\/3\\\/2023\\\/08\\\/beitrag-wmfifafrauen.png\",\"width\":1200,\"height\":630},{\"@type\":\"BreadcrumbList\",\"@id\":\"https:\\\/\\\/www.thebestsocial.media\\\/de\\\/fussball-wm-fifa-weltmeisterschaft-die-reaktionen-auf-deutsches-vorrunden-aus\\\/#breadcrumb\",\"itemListElement\":[{\"@type\":\"ListItem\",\"position\":1,\"name\":\"Home\",\"item\":\"https:\\\/\\\/www.thebestsocial.media\\\/de\\\/\"},{\"@type\":\"ListItem\",\"position\":2,\"name\":\"Fu\u00dfball-WM: So reagiert das Netz auf das Vorrunden-Aus des deutschen Teams\"}]},{\"@type\":\"WebSite\",\"@id\":\"https:\\\/\\\/www.thebestsocial.media\\\/de\\\/#website\",\"url\":\"https:\\\/\\\/www.thebestsocial.media\\\/de\\\/\",\"name\":\"The Best Social Media DE\",\"description\":\"\",\"potentialAction\":[{\"@type\":\"SearchAction\",\"target\":{\"@type\":\"EntryPoint\",\"urlTemplate\":\"https:\\\/\\\/www.thebestsocial.media\\\/de\\\/?s={search_term_string}\"},\"query-input\":{\"@type\":\"PropertyValueSpecification\",\"valueRequired\":true,\"valueName\":\"search_term_string\"}}],\"inLanguage\":\"de\"},{\"@type\":\"Person\",\"@id\":\"https:\\\/\\\/www.thebestsocial.media\\\/de\\\/#\\\/schema\\\/person\\\/6267acc046505b90b912687a039220df\",\"name\":\"Helene Mei\u00dfner\",\"image\":{\"@type\":\"ImageObject\",\"inLanguage\":\"de\",\"@id\":\"https:\\\/\\\/secure.gravatar.com\\\/avatar\\\/6639fc0397860ac2c2e11b018c1f14be4a46c2378a91ac1b35730b724675daa8?s=96&d=mm&r=g\",\"url\":\"https:\\\/\\\/secure.gravatar.com\\\/avatar\\\/6639fc0397860ac2c2e11b018c1f14be4a46c2378a91ac1b35730b724675daa8?s=96&d=mm&r=g\",\"contentUrl\":\"https:\\\/\\\/secure.gravatar.com\\\/avatar\\\/6639fc0397860ac2c2e11b018c1f14be4a46c2378a91ac1b35730b724675daa8?s=96&d=mm&r=g\",\"caption\":\"Helene Mei\u00dfner\"},\"description\":\"Kommt aus Berlin und hat dementsprechend nat\u00fcrlich irgendwas mit Medien studiert. Verlegt oft Dinge, w\u00e4hrend sie sie in der Hand h\u00e4lt. Findet Kauger\u00e4usche unausstehlich. Hat eine Schw\u00e4che f\u00fcr Glitzer und immer mindestens 50 Tabs offen.\",\"sameAs\":[\"https:\\\/\\\/www.instagram.com\\\/he.leni\\\/\"],\"url\":\"https:\\\/\\\/www.thebestsocial.media\\\/de\\\/author\\\/helenemeissner\\\/\"}]}<\/script>\n<!-- \/ Yoast SEO plugin. -->","yoast_head_json":{"title":"FIFA Weltmeisterschaft: Reaktionen auf deutsches Vorrunden-Aus","description":"Die FIFA Weltmeisterschaft begann f\u00fcr das deutsche Team spektakul\u00e4r, endete allerdings im Vorrunden-Aus. Die besten Reaktionen hier.","robots":{"index":"index","follow":"follow","max-snippet":"max-snippet:-1","max-image-preview":"max-image-preview:large","max-video-preview":"max-video-preview:-1"},"canonical":"https:\/\/www.thebestsocial.media\/de\/fussball-wm-fifa-weltmeisterschaft-die-reaktionen-auf-deutsches-vorrunden-aus\/","og_locale":"de_DE","og_type":"article","og_title":"Fu\u00dfball-WM: So reagiert das Netz auf das Vorrunden-Aus des deutschen Teams","og_description":"Die FIFA Weltmeisterschaft begann f\u00fcr das deutsche Team spektakul\u00e4r, endete allerdings im Vorrunden-Aus. Die besten Reaktionen hier.","og_url":"https:\/\/www.thebestsocial.media\/de\/fussball-wm-fifa-weltmeisterschaft-die-reaktionen-auf-deutsches-vorrunden-aus\/","og_site_name":"The Best Social Media DE","article_published_time":"2023-08-04T14:03:46+00:00","og_image":[{"width":1200,"height":630,"url":"https:\/\/www.thebestsocial.media\/de\/wp-content\/uploads\/sites\/3\/2023\/08\/header-fifawmfrauen.png","type":"image\/png"}],"author":"Helene Mei\u00dfner","twitter_card":"summary_large_image","twitter_misc":{"Verfasst von":"Helene Mei\u00dfner","Gesch\u00e4tzte Lesezeit":"2\u00a0Minuten"},"schema":{"@context":"https:\/\/schema.org","@graph":[{"@type":"Article","@id":"https:\/\/www.thebestsocial.media\/de\/fussball-wm-fifa-weltmeisterschaft-die-reaktionen-auf-deutsches-vorrunden-aus\/#article","isPartOf":{"@id":"https:\/\/www.thebestsocial.media\/de\/fussball-wm-fifa-weltmeisterschaft-die-reaktionen-auf-deutsches-vorrunden-aus\/"},"author":{"name":"Helene Mei\u00dfner","@id":"https:\/\/www.thebestsocial.media\/de\/#\/schema\/person\/6267acc046505b90b912687a039220df"},"headline":"Fu\u00dfball-WM: So reagiert das Netz auf das Vorrunden-Aus des deutschen Teams","datePublished":"2023-08-04T14:03:46+00:00","mainEntityOfPage":{"@id":"https:\/\/www.thebestsocial.media\/de\/fussball-wm-fifa-weltmeisterschaft-die-reaktionen-auf-deutsches-vorrunden-aus\/"},"wordCount":468,"commentCount":0,"image":{"@id":"https:\/\/www.thebestsocial.media\/de\/fussball-wm-fifa-weltmeisterschaft-die-reaktionen-auf-deutsches-vorrunden-aus\/#primaryimage"},"thumbnailUrl":"https:\/\/www.thebestsocial.media\/de\/wp-content\/uploads\/sites\/3\/2023\/08\/beitrag-wmfifafrauen.png","keywords":["fu\u00dfball","Weltmeisterschaft"],"articleSection":["News"],"inLanguage":"de","potentialAction":[{"@type":"CommentAction","name":"Comment","target":["https:\/\/www.thebestsocial.media\/de\/fussball-wm-fifa-weltmeisterschaft-die-reaktionen-auf-deutsches-vorrunden-aus\/#respond"]}]},{"@type":"WebPage","@id":"https:\/\/www.thebestsocial.media\/de\/fussball-wm-fifa-weltmeisterschaft-die-reaktionen-auf-deutsches-vorrunden-aus\/","url":"https:\/\/www.thebestsocial.media\/de\/fussball-wm-fifa-weltmeisterschaft-die-reaktionen-auf-deutsches-vorrunden-aus\/","name":"FIFA Weltmeisterschaft: Reaktionen auf deutsches Vorrunden-Aus","isPartOf":{"@id":"https:\/\/www.thebestsocial.media\/de\/#website"},"primaryImageOfPage":{"@id":"https:\/\/www.thebestsocial.media\/de\/fussball-wm-fifa-weltmeisterschaft-die-reaktionen-auf-deutsches-vorrunden-aus\/#primaryimage"},"image":{"@id":"https:\/\/www.thebestsocial.media\/de\/fussball-wm-fifa-weltmeisterschaft-die-reaktionen-auf-deutsches-vorrunden-aus\/#primaryimage"},"thumbnailUrl":"https:\/\/www.thebestsocial.media\/de\/wp-content\/uploads\/sites\/3\/2023\/08\/beitrag-wmfifafrauen.png","datePublished":"2023-08-04T14:03:46+00:00","author":{"@id":"https:\/\/www.thebestsocial.media\/de\/#\/schema\/person\/6267acc046505b90b912687a039220df"},"description":"Die FIFA Weltmeisterschaft begann f\u00fcr das deutsche Team spektakul\u00e4r, endete allerdings im Vorrunden-Aus. Die besten Reaktionen hier.","breadcrumb":{"@id":"https:\/\/www.thebestsocial.media\/de\/fussball-wm-fifa-weltmeisterschaft-die-reaktionen-auf-deutsches-vorrunden-aus\/#breadcrumb"},"inLanguage":"de","potentialAction":[{"@type":"ReadAction","target":["https:\/\/www.thebestsocial.media\/de\/fussball-wm-fifa-weltmeisterschaft-die-reaktionen-auf-deutsches-vorrunden-aus\/"]}]},{"@type":"ImageObject","inLanguage":"de","@id":"https:\/\/www.thebestsocial.media\/de\/fussball-wm-fifa-weltmeisterschaft-die-reaktionen-auf-deutsches-vorrunden-aus\/#primaryimage","url":"https:\/\/www.thebestsocial.media\/de\/wp-content\/uploads\/sites\/3\/2023\/08\/beitrag-wmfifafrauen.png","contentUrl":"https:\/\/www.thebestsocial.media\/de\/wp-content\/uploads\/sites\/3\/2023\/08\/beitrag-wmfifafrauen.png","width":1200,"height":630},{"@type":"BreadcrumbList","@id":"https:\/\/www.thebestsocial.media\/de\/fussball-wm-fifa-weltmeisterschaft-die-reaktionen-auf-deutsches-vorrunden-aus\/#breadcrumb","itemListElement":[{"@type":"ListItem","position":1,"name":"Home","item":"https:\/\/www.thebestsocial.media\/de\/"},{"@type":"ListItem","position":2,"name":"Fu\u00dfball-WM: So reagiert das Netz auf das Vorrunden-Aus des deutschen Teams"}]},{"@type":"WebSite","@id":"https:\/\/www.thebestsocial.media\/de\/#website","url":"https:\/\/www.thebestsocial.media\/de\/","name":"The Best Social Media DE","description":"","potentialAction":[{"@type":"SearchAction","target":{"@type":"EntryPoint","urlTemplate":"https:\/\/www.thebestsocial.media\/de\/?s={search_term_string}"},"query-input":{"@type":"PropertyValueSpecification","valueRequired":true,"valueName":"search_term_string"}}],"inLanguage":"de"},{"@type":"Person","@id":"https:\/\/www.thebestsocial.media\/de\/#\/schema\/person\/6267acc046505b90b912687a039220df","name":"Helene Mei\u00dfner","image":{"@type":"ImageObject","inLanguage":"de","@id":"https:\/\/secure.gravatar.com\/avatar\/6639fc0397860ac2c2e11b018c1f14be4a46c2378a91ac1b35730b724675daa8?s=96&d=mm&r=g","url":"https:\/\/secure.gravatar.com\/avatar\/6639fc0397860ac2c2e11b018c1f14be4a46c2378a91ac1b35730b724675daa8?s=96&d=mm&r=g","contentUrl":"https:\/\/secure.gravatar.com\/avatar\/6639fc0397860ac2c2e11b018c1f14be4a46c2378a91ac1b35730b724675daa8?s=96&d=mm&r=g","caption":"Helene Mei\u00dfner"},"description":"Kommt aus Berlin und hat dementsprechend nat\u00fcrlich irgendwas mit Medien studiert. Verlegt oft Dinge, w\u00e4hrend sie sie in der Hand h\u00e4lt. Findet Kauger\u00e4usche unausstehlich. Hat eine Schw\u00e4che f\u00fcr Glitzer und immer mindestens 50 Tabs offen.","sameAs":["https:\/\/www.instagram.com\/he.leni\/"],"url":"https:\/\/www.thebestsocial.media\/de\/author\/helenemeissner\/"}]}},"amp_enabled":true,"_links":{"self":[{"href":"https:\/\/www.thebestsocial.media\/de\/wp-json\/wp\/v2\/posts\/182748","targetHints":{"allow":["GET"]}}],"collection":[{"href":"https:\/\/www.thebestsocial.media\/de\/wp-json\/wp\/v2\/posts"}],"about":[{"href":"https:\/\/www.thebestsocial.media\/de\/wp-json\/wp\/v2\/types\/post"}],"author":[{"embeddable":true,"href":"https:\/\/www.thebestsocial.media\/de\/wp-json\/wp\/v2\/users\/73"}],"replies":[{"embeddable":true,"href":"https:\/\/www.thebestsocial.media\/de\/wp-json\/wp\/v2\/comments?post=182748"}],"version-history":[{"count":19,"href":"https:\/\/www.thebestsocial.media\/de\/wp-json\/wp\/v2\/posts\/182748\/revisions"}],"predecessor-version":[{"id":182771,"href":"https:\/\/www.thebestsocial.media\/de\/wp-json\/wp\/v2\/posts\/182748\/revisions\/182771"}],"wp:featuredmedia":[{"embeddable":true,"href":"https:\/\/www.thebestsocial.media\/de\/wp-json\/wp\/v2\/media\/182770"}],"wp:attachment":[{"href":"https:\/\/www.thebestsocial.media\/de\/wp-json\/wp\/v2\/media?parent=182748"}],"wp:term":[{"taxonomy":"category","embeddable":true,"href":"https:\/\/www.thebestsocial.media\/de\/wp-json\/wp\/v2\/categories?post=182748"},{"taxonomy":"post_tag","embeddable":true,"href":"https:\/\/www.thebestsocial.media\/de\/wp-json\/wp\/v2\/tags?post=182748"}],"curies":[{"name":"wp","href":"https:\/\/api.w.org\/{rel}","templated":true}]}}