{"id":182347,"date":"2023-06-08T15:20:26","date_gmt":"2023-06-08T15:20:26","guid":{"rendered":"https:\/\/www.thebestsocial.media\/de\/?p=182347"},"modified":"2023-06-08T15:35:47","modified_gmt":"2023-06-08T15:35:47","slug":"apple-vision-pro-high-tech-oder-doch-skibrille-was-twitter-zu-sagen-hat","status":"publish","type":"post","link":"https:\/\/www.thebestsocial.media\/de\/apple-vision-pro-high-tech-oder-doch-skibrille-was-twitter-zu-sagen-hat\/","title":{"rendered":"Apple Vision Pro: High-Tech oder doch Skibrille? Was Twitter zu sagen hat"},"content":{"rendered":"<p>Wieder einmal hat es eine neue preislich hohe Apple Erfindung auf den Markt geschafft. Die &#8222;Apple Vision Pro&#8220;: Eine 3D-Brille, mit der der eigene Ger\u00e4tebildschirm nun freistehend im ganzen Raum sichtbar ist &#8211; gesteuert durch Augen- und Handbewegungen. Apple hat vor kurzem bekannt gegeben, dass die Brille ab Anfang n\u00e4chsten Jahres in den USA erh\u00e4ltlich sein wird.<\/p>\n<p>&nbsp;<\/p>\n<h3>Das Vorstellungsvideo der Brille:<\/h3>\n<p><iframe loading=\"lazy\" title=\"YouTube video player\" src=\"https:\/\/www.youtube.com\/embed\/TX9qSaGXFyg\" width=\"560\" height=\"315\" frameborder=\"0\" allowfullscreen=\"allowfullscreen\"><\/iframe><\/p>\n<p>&nbsp;<\/p>\n<p>Nun denn, einige Twitter-Nutzer*innen sehen in der Brille nicht ganz eine technische Errungenschaft. Eher wird sie zurzeit mit anderen spannenden Dingen verglichen und die Nutzung der Brille generell wird hei\u00df diskutiert. Worum es dort geht, siehst du in den n\u00e4chsten Posts.<\/p>\n<p>&nbsp;<\/p>\n<h3>\u00a0Jetzt wird die Apple Brille schon bei Kleinanzeigen vertickt<\/h3>\n<blockquote class=\"twitter-tweet\">\n<p dir=\"ltr\" lang=\"de\">N\u00e4chstes Jahr bei Apple, heute schon bei uns! <a href=\"https:\/\/t.co\/4r8VjUVL4j\">pic.twitter.com\/4r8VjUVL4j<\/a><\/p>\n<p>\u2014 Kleinanzeigen (@kleinanzeigen_o) <a href=\"https:\/\/twitter.com\/kleinanzeigen_o\/status\/1666048595030679558?ref_src=twsrc%5Etfw\">June 6, 2023<\/a><\/p><\/blockquote>\n<p><script async src=\"https:\/\/platform.twitter.com\/widgets.js\" charset=\"utf-8\"><\/script><\/p>\n<p>&nbsp;<\/p>\n<h3>Mit eingebauter Nahrungszufuhr<\/h3>\n<blockquote class=\"twitter-tweet\">\n<p dir=\"ltr\" lang=\"de\">Deutsche Apple Vision Pro <a href=\"https:\/\/t.co\/RRq5GdgJtc\">pic.twitter.com\/RRq5GdgJtc<\/a><\/p>\n<p>\u2014 Ole Waschkau (@OleWaschkau) <a href=\"https:\/\/twitter.com\/OleWaschkau\/status\/1665798550075109381?ref_src=twsrc%5Etfw\">June 5, 2023<\/a><\/p><\/blockquote>\n<p><script async src=\"https:\/\/platform.twitter.com\/widgets.js\" charset=\"utf-8\"><\/script><\/p>\n<p>&nbsp;<\/p>\n<h3>Hat das Internet auch Sonntags offen?<\/h3>\n<blockquote class=\"twitter-tweet\">\n<p dir=\"ltr\" lang=\"de\">Apple bringt ein Mixed-Reality-Headset heraus.<br \/>\nZun\u00e4chst nur in den USA. In \u00d6sterreich sind die Leute ja schon mit Excel \u00fcberfordert.<\/p>\n<p>\u2014 ZDF heute-show (@heuteshow) <a href=\"https:\/\/twitter.com\/heuteshow\/status\/1666022527284531202?ref_src=twsrc%5Etfw\">June 6, 2023<\/a><\/p><\/blockquote>\n<p><script async src=\"https:\/\/platform.twitter.com\/widgets.js\" charset=\"utf-8\"><\/script><\/p>\n<p>&nbsp;<\/p>\n<h3>Na das ist ja mal &#8217;nen mega Akku<\/h3>\n<blockquote class=\"twitter-tweet\">\n<p dir=\"ltr\" lang=\"de\">Die neueste Innovation von Apple: Der Akku der VR-Brille reicht EINEN GANZEN TAG wenn man am Stromnetz h\u00e4ngt. \ud83d\ude42<\/p>\n<p>Ist das echt euer ernst???? <a href=\"https:\/\/t.co\/cfcR1XXxLn\">pic.twitter.com\/cfcR1XXxLn<\/a><\/p>\n<p>\u2014 Fabian Pimminger (@i_am_fabs) <a href=\"https:\/\/twitter.com\/i_am_fabs\/status\/1666108771968466945?ref_src=twsrc%5Etfw\">June 6, 2023<\/a><\/p><\/blockquote>\n<p><script async src=\"https:\/\/platform.twitter.com\/widgets.js\" charset=\"utf-8\"><\/script><\/p>\n<p>&nbsp;<\/p>\n<h3>Lebenstraum<\/h3>\n<blockquote class=\"twitter-tweet\">\n<p dir=\"ltr\" lang=\"de\">Dank Apple wieder einen Schritt n\u00e4her. <a href=\"https:\/\/t.co\/FzUdwUQdDO\">pic.twitter.com\/FzUdwUQdDO<\/a><\/p>\n<p>\u2014 Peter Smits Jr. (@PietSmiet) <a href=\"https:\/\/twitter.com\/PietSmiet\/status\/1665788557930164224?ref_src=twsrc%5Etfw\">June 5, 2023<\/a><\/p><\/blockquote>\n<p><script async src=\"https:\/\/platform.twitter.com\/widgets.js\" charset=\"utf-8\"><\/script><\/p>\n<p>&nbsp;<\/p>\n<h3>Soweit ist es schon<\/h3>\n<blockquote class=\"twitter-tweet\">\n<p dir=\"ltr\" lang=\"de\">Will mit der Apple Brille kontaktlos bezahlen im Rebe drin in dem ich mich vor dem Kartenleseger\u00e4t verbeuge<\/p>\n<p>\u2014 aal (@aalinger) <a href=\"https:\/\/twitter.com\/aalinger\/status\/1665964506172751873?ref_src=twsrc%5Etfw\">June 6, 2023<\/a><\/p><\/blockquote>\n<p><script async src=\"https:\/\/platform.twitter.com\/widgets.js\" charset=\"utf-8\"><\/script><\/p>\n<p>&nbsp;<\/p>\n<h3>Da guckt Apple doof<\/h3>\n<blockquote class=\"twitter-tweet\">\n<p dir=\"ltr\" lang=\"de\">Konkurrenz f\u00fcr Apples Vision Pro: Fielmann bringt Real-Reality-Brille f\u00fcr nur 49 Euro auf den Markt<a href=\"https:\/\/twitter.com\/hashtag\/WWDC23?src=hash&amp;ref_src=twsrc%5Etfw\">#WWDC23<\/a> <a href=\"https:\/\/twitter.com\/hashtag\/VisionPro?src=hash&amp;ref_src=twsrc%5Etfw\">#VisionPro<\/a> <a href=\"https:\/\/t.co\/qw0CFT3fFw\">https:\/\/t.co\/qw0CFT3fFw<\/a><\/p>\n<p>\u2014 Der Postillon \ud83d\udcef (@Der_Postillon) <a href=\"https:\/\/twitter.com\/Der_Postillon\/status\/1666026146247368707?ref_src=twsrc%5Etfw\">June 6, 2023<\/a><\/p><\/blockquote>\n<p><script async src=\"https:\/\/platform.twitter.com\/widgets.js\" charset=\"utf-8\"><\/script><\/p>\n<p>&nbsp;<\/p>\n<h3>Skifahren vom Sofa aus<\/h3>\n<blockquote class=\"twitter-tweet\">\n<p dir=\"ltr\" lang=\"de\">Damit man auch in 10 Jahren noch Skifahren kann: Apple pr\u00e4sentiert virtuelle Skibrille <a href=\"https:\/\/t.co\/Quy5kOufOY\">https:\/\/t.co\/Quy5kOufOY<\/a> <a href=\"https:\/\/t.co\/n3S0ronD8i\">pic.twitter.com\/n3S0ronD8i<\/a><\/p>\n<p>\u2014 Die Tagespresse (@DieTagespresse) <a href=\"https:\/\/twitter.com\/DieTagespresse\/status\/1666412057095225345?ref_src=twsrc%5Etfw\">June 7, 2023<\/a><\/p><\/blockquote>\n<p><script async src=\"https:\/\/platform.twitter.com\/widgets.js\" charset=\"utf-8\"><\/script><\/p>\n<p>&nbsp;<\/p>\n<p><strong>___<\/strong><br \/>\n<strong>Vielen Dank an alle f\u00fcr die Posts!<\/strong><br \/>\n<strong>___\u00a0<\/strong><\/p>\n<p><b data-stringify-type=\"bold\">1 Klick = 1 Unterst\u00fctzung<\/b><\/p>\n<p>Dir gef\u00e4llt unsere Arbeit? Dann unterst\u00fctze sie doch! Das geht ganz einfach mit einem Klick auf die Werbeanzeigen auf unserer Seite. Kostet nix, aber hilft uns sehr. Dickes Dankesch\u00f6n!<br \/>\nDu hast Feedback? Schick es uns, zum Beispiel\u00a0<a class=\"c-link\" href=\"https:\/\/www.thebestsocial.media\/de\/einsendungen\/\" target=\"_blank\" rel=\"noopener noreferrer\" data-stringify-link=\"https:\/\/www.thebestsocial.media\/de\/einsendungen\/\" data-sk=\"tooltip_parent\">hier<\/a>\u00a0oder per Direktnachricht auf\u00a0<a class=\"c-link\" href=\"https:\/\/www.instagram.com\/thebestsocialmediade\/\" target=\"_blank\" rel=\"noopener noreferrer\" data-stringify-link=\"https:\/\/www.instagram.com\/thebestsocialmediade\/\" data-sk=\"tooltip_parent\">Instagram<\/a>,\u00a0<a class=\"c-link\" href=\"https:\/\/www.facebook.com\/thebestsocialmediaDE\/\" target=\"_blank\" rel=\"noopener noreferrer\" data-stringify-link=\"https:\/\/www.facebook.com\/thebestsocialmediaDE\/\" data-sk=\"tooltip_parent\">Facebook<\/a>\u00a0oder\u00a0<a class=\"c-link\" href=\"https:\/\/twitter.com\/thebestsocialDE\" target=\"_blank\" rel=\"noopener noreferrer\" data-stringify-link=\"https:\/\/twitter.com\/thebestsocialDE\" data-sk=\"tooltip_parent\">Twitter<\/a>.<\/p>\n","protected":false},"excerpt":{"rendered":"<p>Wieder einmal hat es eine neue preislich hohe Apple Erfindung auf den Markt geschafft. Die &#8222;Apple Vision Pro&#8220;: Eine 3D-Brille, mit der der eigene Ger\u00e4tebildschirm&#8230;<\/p>\n","protected":false},"author":110,"featured_media":182355,"comment_status":"open","ping_status":"open","sticky":false,"template":"","format":"standard","meta":{"_acf_changed":false,"footnotes":""},"categories":[4728,1728,35],"tags":[201,3609],"class_list":["post-182347","post","type-post","status-publish","format-standard","has-post-thumbnail","hentry","category-diskussion","category-humor","category-twitter","tag-apple","tag-technik"],"acf":[],"yoast_head":"<!-- This site is optimized with the Yoast SEO plugin v27.5 - https:\/\/yoast.com\/product\/yoast-seo-wordpress\/ -->\n<title>Apple Vision Pro: High-Tech oder Skibrille? Was Twitter dazu sagt<\/title>\n<meta name=\"description\" content=\"Die &quot;Apple Vision Pro&quot;: Eine 3D-Brille, mit der der eigene Bildschirm nun im Raum sichtbar ist. Auf Twitter wird sie zurzeit hei\u00df diskutiert.\" \/>\n<meta name=\"robots\" content=\"index, follow, max-snippet:-1, max-image-preview:large, max-video-preview:-1\" \/>\n<link rel=\"canonical\" href=\"https:\/\/www.thebestsocial.media\/de\/apple-vision-pro-high-tech-oder-doch-skibrille-was-twitter-zu-sagen-hat\/\" \/>\n<meta property=\"og:locale\" content=\"de_DE\" \/>\n<meta property=\"og:type\" content=\"article\" \/>\n<meta property=\"og:title\" content=\"Apple Vision Pro: High-Tech oder Skibrille? Was Twitter dazu sagt\" \/>\n<meta property=\"og:description\" content=\"Die &quot;Apple Vision Pro&quot;: Eine 3D-Brille, mit der der eigene Bildschirm nun im Raum sichtbar ist. Auf Twitter wird sie zurzeit hei\u00df diskutiert.\" \/>\n<meta property=\"og:url\" content=\"https:\/\/www.thebestsocial.media\/de\/apple-vision-pro-high-tech-oder-doch-skibrille-was-twitter-zu-sagen-hat\/\" \/>\n<meta property=\"og:site_name\" content=\"The Best Social Media DE\" \/>\n<meta property=\"article:published_time\" content=\"2023-06-08T15:20:26+00:00\" \/>\n<meta property=\"article:modified_time\" content=\"2023-06-08T15:35:47+00:00\" \/>\n<meta property=\"og:image\" content=\"https:\/\/www.thebestsocial.media\/de\/wp-content\/uploads\/sites\/3\/2023\/06\/Apple-header-1.png\" \/>\n\t<meta property=\"og:image:width\" content=\"1200\" \/>\n\t<meta property=\"og:image:height\" content=\"630\" \/>\n\t<meta property=\"og:image:type\" content=\"image\/png\" \/>\n<meta name=\"author\" content=\"piamartin\" \/>\n<meta name=\"twitter:card\" content=\"summary_large_image\" \/>\n<meta name=\"twitter:label1\" content=\"Verfasst von\" \/>\n\t<meta name=\"twitter:data1\" content=\"piamartin\" \/>\n\t<meta name=\"twitter:label2\" content=\"Gesch\u00e4tzte Lesezeit\" \/>\n\t<meta name=\"twitter:data2\" content=\"3\u00a0Minuten\" \/>\n<script type=\"application\/ld+json\" class=\"yoast-schema-graph\">{\"@context\":\"https:\\\/\\\/schema.org\",\"@graph\":[{\"@type\":\"Article\",\"@id\":\"https:\\\/\\\/www.thebestsocial.media\\\/de\\\/apple-vision-pro-high-tech-oder-doch-skibrille-was-twitter-zu-sagen-hat\\\/#article\",\"isPartOf\":{\"@id\":\"https:\\\/\\\/www.thebestsocial.media\\\/de\\\/apple-vision-pro-high-tech-oder-doch-skibrille-was-twitter-zu-sagen-hat\\\/\"},\"author\":{\"name\":\"piamartin\",\"@id\":\"https:\\\/\\\/www.thebestsocial.media\\\/de\\\/#\\\/schema\\\/person\\\/f1554e6725a5ea39d84e8204e8aa7290\"},\"headline\":\"Apple Vision Pro: High-Tech oder doch Skibrille? Was Twitter zu sagen hat\",\"datePublished\":\"2023-06-08T15:20:26+00:00\",\"dateModified\":\"2023-06-08T15:35:47+00:00\",\"mainEntityOfPage\":{\"@id\":\"https:\\\/\\\/www.thebestsocial.media\\\/de\\\/apple-vision-pro-high-tech-oder-doch-skibrille-was-twitter-zu-sagen-hat\\\/\"},\"wordCount\":417,\"commentCount\":0,\"image\":{\"@id\":\"https:\\\/\\\/www.thebestsocial.media\\\/de\\\/apple-vision-pro-high-tech-oder-doch-skibrille-was-twitter-zu-sagen-hat\\\/#primaryimage\"},\"thumbnailUrl\":\"https:\\\/\\\/www.thebestsocial.media\\\/de\\\/wp-content\\\/uploads\\\/sites\\\/3\\\/2023\\\/06\\\/apple-bild.png\",\"keywords\":[\"apple\",\"Technik\"],\"articleSection\":[\"Diskussion\",\"Humor\",\"Twitter\"],\"inLanguage\":\"de\",\"potentialAction\":[{\"@type\":\"CommentAction\",\"name\":\"Comment\",\"target\":[\"https:\\\/\\\/www.thebestsocial.media\\\/de\\\/apple-vision-pro-high-tech-oder-doch-skibrille-was-twitter-zu-sagen-hat\\\/#respond\"]}]},{\"@type\":\"WebPage\",\"@id\":\"https:\\\/\\\/www.thebestsocial.media\\\/de\\\/apple-vision-pro-high-tech-oder-doch-skibrille-was-twitter-zu-sagen-hat\\\/\",\"url\":\"https:\\\/\\\/www.thebestsocial.media\\\/de\\\/apple-vision-pro-high-tech-oder-doch-skibrille-was-twitter-zu-sagen-hat\\\/\",\"name\":\"Apple Vision Pro: High-Tech oder Skibrille? Was Twitter dazu sagt\",\"isPartOf\":{\"@id\":\"https:\\\/\\\/www.thebestsocial.media\\\/de\\\/#website\"},\"primaryImageOfPage\":{\"@id\":\"https:\\\/\\\/www.thebestsocial.media\\\/de\\\/apple-vision-pro-high-tech-oder-doch-skibrille-was-twitter-zu-sagen-hat\\\/#primaryimage\"},\"image\":{\"@id\":\"https:\\\/\\\/www.thebestsocial.media\\\/de\\\/apple-vision-pro-high-tech-oder-doch-skibrille-was-twitter-zu-sagen-hat\\\/#primaryimage\"},\"thumbnailUrl\":\"https:\\\/\\\/www.thebestsocial.media\\\/de\\\/wp-content\\\/uploads\\\/sites\\\/3\\\/2023\\\/06\\\/apple-bild.png\",\"datePublished\":\"2023-06-08T15:20:26+00:00\",\"dateModified\":\"2023-06-08T15:35:47+00:00\",\"author\":{\"@id\":\"https:\\\/\\\/www.thebestsocial.media\\\/de\\\/#\\\/schema\\\/person\\\/f1554e6725a5ea39d84e8204e8aa7290\"},\"description\":\"Die \\\"Apple Vision Pro\\\": Eine 3D-Brille, mit der der eigene Bildschirm nun im Raum sichtbar ist. Auf Twitter wird sie zurzeit hei\u00df diskutiert.\",\"breadcrumb\":{\"@id\":\"https:\\\/\\\/www.thebestsocial.media\\\/de\\\/apple-vision-pro-high-tech-oder-doch-skibrille-was-twitter-zu-sagen-hat\\\/#breadcrumb\"},\"inLanguage\":\"de\",\"potentialAction\":[{\"@type\":\"ReadAction\",\"target\":[\"https:\\\/\\\/www.thebestsocial.media\\\/de\\\/apple-vision-pro-high-tech-oder-doch-skibrille-was-twitter-zu-sagen-hat\\\/\"]}]},{\"@type\":\"ImageObject\",\"inLanguage\":\"de\",\"@id\":\"https:\\\/\\\/www.thebestsocial.media\\\/de\\\/apple-vision-pro-high-tech-oder-doch-skibrille-was-twitter-zu-sagen-hat\\\/#primaryimage\",\"url\":\"https:\\\/\\\/www.thebestsocial.media\\\/de\\\/wp-content\\\/uploads\\\/sites\\\/3\\\/2023\\\/06\\\/apple-bild.png\",\"contentUrl\":\"https:\\\/\\\/www.thebestsocial.media\\\/de\\\/wp-content\\\/uploads\\\/sites\\\/3\\\/2023\\\/06\\\/apple-bild.png\",\"width\":1200,\"height\":630},{\"@type\":\"BreadcrumbList\",\"@id\":\"https:\\\/\\\/www.thebestsocial.media\\\/de\\\/apple-vision-pro-high-tech-oder-doch-skibrille-was-twitter-zu-sagen-hat\\\/#breadcrumb\",\"itemListElement\":[{\"@type\":\"ListItem\",\"position\":1,\"name\":\"Home\",\"item\":\"https:\\\/\\\/www.thebestsocial.media\\\/de\\\/\"},{\"@type\":\"ListItem\",\"position\":2,\"name\":\"Apple Vision Pro: High-Tech oder doch Skibrille? Was Twitter zu sagen hat\"}]},{\"@type\":\"WebSite\",\"@id\":\"https:\\\/\\\/www.thebestsocial.media\\\/de\\\/#website\",\"url\":\"https:\\\/\\\/www.thebestsocial.media\\\/de\\\/\",\"name\":\"The Best Social Media DE\",\"description\":\"\",\"potentialAction\":[{\"@type\":\"SearchAction\",\"target\":{\"@type\":\"EntryPoint\",\"urlTemplate\":\"https:\\\/\\\/www.thebestsocial.media\\\/de\\\/?s={search_term_string}\"},\"query-input\":{\"@type\":\"PropertyValueSpecification\",\"valueRequired\":true,\"valueName\":\"search_term_string\"}}],\"inLanguage\":\"de\"},{\"@type\":\"Person\",\"@id\":\"https:\\\/\\\/www.thebestsocial.media\\\/de\\\/#\\\/schema\\\/person\\\/f1554e6725a5ea39d84e8204e8aa7290\",\"name\":\"piamartin\",\"image\":{\"@type\":\"ImageObject\",\"inLanguage\":\"de\",\"@id\":\"https:\\\/\\\/secure.gravatar.com\\\/avatar\\\/36255690f1efa0aafc3cc46e947c44f62a8b59126c57ab0ea86282bf0dc8e69f?s=96&d=mm&r=g\",\"url\":\"https:\\\/\\\/secure.gravatar.com\\\/avatar\\\/36255690f1efa0aafc3cc46e947c44f62a8b59126c57ab0ea86282bf0dc8e69f?s=96&d=mm&r=g\",\"contentUrl\":\"https:\\\/\\\/secure.gravatar.com\\\/avatar\\\/36255690f1efa0aafc3cc46e947c44f62a8b59126c57ab0ea86282bf0dc8e69f?s=96&d=mm&r=g\",\"caption\":\"piamartin\"},\"description\":\"In Holland lebende Deutsche. Die, die beim Sprechen in jeden Satz mindestens drei englische W\u00f6rter mit einbaut. Professionelle Lisa aus Australien, ohne Lisa zu hei\u00dfen.\",\"url\":\"https:\\\/\\\/www.thebestsocial.media\\\/de\\\/author\\\/piamartin\\\/\"}]}<\/script>\n<!-- \/ Yoast SEO plugin. -->","yoast_head_json":{"title":"Apple Vision Pro: High-Tech oder Skibrille? Was Twitter dazu sagt","description":"Die \"Apple Vision Pro\": Eine 3D-Brille, mit der der eigene Bildschirm nun im Raum sichtbar ist. Auf Twitter wird sie zurzeit hei\u00df diskutiert.","robots":{"index":"index","follow":"follow","max-snippet":"max-snippet:-1","max-image-preview":"max-image-preview:large","max-video-preview":"max-video-preview:-1"},"canonical":"https:\/\/www.thebestsocial.media\/de\/apple-vision-pro-high-tech-oder-doch-skibrille-was-twitter-zu-sagen-hat\/","og_locale":"de_DE","og_type":"article","og_title":"Apple Vision Pro: High-Tech oder Skibrille? Was Twitter dazu sagt","og_description":"Die \"Apple Vision Pro\": Eine 3D-Brille, mit der der eigene Bildschirm nun im Raum sichtbar ist. Auf Twitter wird sie zurzeit hei\u00df diskutiert.","og_url":"https:\/\/www.thebestsocial.media\/de\/apple-vision-pro-high-tech-oder-doch-skibrille-was-twitter-zu-sagen-hat\/","og_site_name":"The Best Social Media DE","article_published_time":"2023-06-08T15:20:26+00:00","article_modified_time":"2023-06-08T15:35:47+00:00","og_image":[{"width":1200,"height":630,"url":"https:\/\/www.thebestsocial.media\/de\/wp-content\/uploads\/sites\/3\/2023\/06\/Apple-header-1.png","type":"image\/png"}],"author":"piamartin","twitter_card":"summary_large_image","twitter_misc":{"Verfasst von":"piamartin","Gesch\u00e4tzte Lesezeit":"3\u00a0Minuten"},"schema":{"@context":"https:\/\/schema.org","@graph":[{"@type":"Article","@id":"https:\/\/www.thebestsocial.media\/de\/apple-vision-pro-high-tech-oder-doch-skibrille-was-twitter-zu-sagen-hat\/#article","isPartOf":{"@id":"https:\/\/www.thebestsocial.media\/de\/apple-vision-pro-high-tech-oder-doch-skibrille-was-twitter-zu-sagen-hat\/"},"author":{"name":"piamartin","@id":"https:\/\/www.thebestsocial.media\/de\/#\/schema\/person\/f1554e6725a5ea39d84e8204e8aa7290"},"headline":"Apple Vision Pro: High-Tech oder doch Skibrille? Was Twitter zu sagen hat","datePublished":"2023-06-08T15:20:26+00:00","dateModified":"2023-06-08T15:35:47+00:00","mainEntityOfPage":{"@id":"https:\/\/www.thebestsocial.media\/de\/apple-vision-pro-high-tech-oder-doch-skibrille-was-twitter-zu-sagen-hat\/"},"wordCount":417,"commentCount":0,"image":{"@id":"https:\/\/www.thebestsocial.media\/de\/apple-vision-pro-high-tech-oder-doch-skibrille-was-twitter-zu-sagen-hat\/#primaryimage"},"thumbnailUrl":"https:\/\/www.thebestsocial.media\/de\/wp-content\/uploads\/sites\/3\/2023\/06\/apple-bild.png","keywords":["apple","Technik"],"articleSection":["Diskussion","Humor","Twitter"],"inLanguage":"de","potentialAction":[{"@type":"CommentAction","name":"Comment","target":["https:\/\/www.thebestsocial.media\/de\/apple-vision-pro-high-tech-oder-doch-skibrille-was-twitter-zu-sagen-hat\/#respond"]}]},{"@type":"WebPage","@id":"https:\/\/www.thebestsocial.media\/de\/apple-vision-pro-high-tech-oder-doch-skibrille-was-twitter-zu-sagen-hat\/","url":"https:\/\/www.thebestsocial.media\/de\/apple-vision-pro-high-tech-oder-doch-skibrille-was-twitter-zu-sagen-hat\/","name":"Apple Vision Pro: High-Tech oder Skibrille? Was Twitter dazu sagt","isPartOf":{"@id":"https:\/\/www.thebestsocial.media\/de\/#website"},"primaryImageOfPage":{"@id":"https:\/\/www.thebestsocial.media\/de\/apple-vision-pro-high-tech-oder-doch-skibrille-was-twitter-zu-sagen-hat\/#primaryimage"},"image":{"@id":"https:\/\/www.thebestsocial.media\/de\/apple-vision-pro-high-tech-oder-doch-skibrille-was-twitter-zu-sagen-hat\/#primaryimage"},"thumbnailUrl":"https:\/\/www.thebestsocial.media\/de\/wp-content\/uploads\/sites\/3\/2023\/06\/apple-bild.png","datePublished":"2023-06-08T15:20:26+00:00","dateModified":"2023-06-08T15:35:47+00:00","author":{"@id":"https:\/\/www.thebestsocial.media\/de\/#\/schema\/person\/f1554e6725a5ea39d84e8204e8aa7290"},"description":"Die \"Apple Vision Pro\": Eine 3D-Brille, mit der der eigene Bildschirm nun im Raum sichtbar ist. Auf Twitter wird sie zurzeit hei\u00df diskutiert.","breadcrumb":{"@id":"https:\/\/www.thebestsocial.media\/de\/apple-vision-pro-high-tech-oder-doch-skibrille-was-twitter-zu-sagen-hat\/#breadcrumb"},"inLanguage":"de","potentialAction":[{"@type":"ReadAction","target":["https:\/\/www.thebestsocial.media\/de\/apple-vision-pro-high-tech-oder-doch-skibrille-was-twitter-zu-sagen-hat\/"]}]},{"@type":"ImageObject","inLanguage":"de","@id":"https:\/\/www.thebestsocial.media\/de\/apple-vision-pro-high-tech-oder-doch-skibrille-was-twitter-zu-sagen-hat\/#primaryimage","url":"https:\/\/www.thebestsocial.media\/de\/wp-content\/uploads\/sites\/3\/2023\/06\/apple-bild.png","contentUrl":"https:\/\/www.thebestsocial.media\/de\/wp-content\/uploads\/sites\/3\/2023\/06\/apple-bild.png","width":1200,"height":630},{"@type":"BreadcrumbList","@id":"https:\/\/www.thebestsocial.media\/de\/apple-vision-pro-high-tech-oder-doch-skibrille-was-twitter-zu-sagen-hat\/#breadcrumb","itemListElement":[{"@type":"ListItem","position":1,"name":"Home","item":"https:\/\/www.thebestsocial.media\/de\/"},{"@type":"ListItem","position":2,"name":"Apple Vision Pro: High-Tech oder doch Skibrille? Was Twitter zu sagen hat"}]},{"@type":"WebSite","@id":"https:\/\/www.thebestsocial.media\/de\/#website","url":"https:\/\/www.thebestsocial.media\/de\/","name":"The Best Social Media DE","description":"","potentialAction":[{"@type":"SearchAction","target":{"@type":"EntryPoint","urlTemplate":"https:\/\/www.thebestsocial.media\/de\/?s={search_term_string}"},"query-input":{"@type":"PropertyValueSpecification","valueRequired":true,"valueName":"search_term_string"}}],"inLanguage":"de"},{"@type":"Person","@id":"https:\/\/www.thebestsocial.media\/de\/#\/schema\/person\/f1554e6725a5ea39d84e8204e8aa7290","name":"piamartin","image":{"@type":"ImageObject","inLanguage":"de","@id":"https:\/\/secure.gravatar.com\/avatar\/36255690f1efa0aafc3cc46e947c44f62a8b59126c57ab0ea86282bf0dc8e69f?s=96&d=mm&r=g","url":"https:\/\/secure.gravatar.com\/avatar\/36255690f1efa0aafc3cc46e947c44f62a8b59126c57ab0ea86282bf0dc8e69f?s=96&d=mm&r=g","contentUrl":"https:\/\/secure.gravatar.com\/avatar\/36255690f1efa0aafc3cc46e947c44f62a8b59126c57ab0ea86282bf0dc8e69f?s=96&d=mm&r=g","caption":"piamartin"},"description":"In Holland lebende Deutsche. Die, die beim Sprechen in jeden Satz mindestens drei englische W\u00f6rter mit einbaut. Professionelle Lisa aus Australien, ohne Lisa zu hei\u00dfen.","url":"https:\/\/www.thebestsocial.media\/de\/author\/piamartin\/"}]}},"amp_enabled":true,"_links":{"self":[{"href":"https:\/\/www.thebestsocial.media\/de\/wp-json\/wp\/v2\/posts\/182347","targetHints":{"allow":["GET"]}}],"collection":[{"href":"https:\/\/www.thebestsocial.media\/de\/wp-json\/wp\/v2\/posts"}],"about":[{"href":"https:\/\/www.thebestsocial.media\/de\/wp-json\/wp\/v2\/types\/post"}],"author":[{"embeddable":true,"href":"https:\/\/www.thebestsocial.media\/de\/wp-json\/wp\/v2\/users\/110"}],"replies":[{"embeddable":true,"href":"https:\/\/www.thebestsocial.media\/de\/wp-json\/wp\/v2\/comments?post=182347"}],"version-history":[{"count":4,"href":"https:\/\/www.thebestsocial.media\/de\/wp-json\/wp\/v2\/posts\/182347\/revisions"}],"predecessor-version":[{"id":182356,"href":"https:\/\/www.thebestsocial.media\/de\/wp-json\/wp\/v2\/posts\/182347\/revisions\/182356"}],"wp:featuredmedia":[{"embeddable":true,"href":"https:\/\/www.thebestsocial.media\/de\/wp-json\/wp\/v2\/media\/182355"}],"wp:attachment":[{"href":"https:\/\/www.thebestsocial.media\/de\/wp-json\/wp\/v2\/media?parent=182347"}],"wp:term":[{"taxonomy":"category","embeddable":true,"href":"https:\/\/www.thebestsocial.media\/de\/wp-json\/wp\/v2\/categories?post=182347"},{"taxonomy":"post_tag","embeddable":true,"href":"https:\/\/www.thebestsocial.media\/de\/wp-json\/wp\/v2\/tags?post=182347"}],"curies":[{"name":"wp","href":"https:\/\/api.w.org\/{rel}","templated":true}]}}