{"id":182082,"date":"2023-05-19T13:43:46","date_gmt":"2023-05-19T13:43:46","guid":{"rendered":"https:\/\/www.thebestsocial.media\/de\/?p=182082"},"modified":"2023-05-19T13:43:46","modified_gmt":"2023-05-19T13:43:46","slug":"gruenen-polikerin-emilia-fester-weiss-nicht-wer-bismarck-ist","status":"publish","type":"post","link":"https:\/\/www.thebestsocial.media\/de\/gruenen-polikerin-emilia-fester-weiss-nicht-wer-bismarck-ist\/","title":{"rendered":"Politikerin Emilia Fester kennt Bismarck nicht. Aber muss sie das?"},"content":{"rendered":"<p>MrWissen2Go stellt Politiker\u00b7innen im Auftrag von Terra X Fragen zu der deutschen Geschichte. Eine sticht dabei besonders heraus, das zweitj\u00fcngste Mitglied des Bundestags: Gr\u00fcnen-Politikerin Emilia Fester. Diese muss bei vielen Fragen passen und wusste zum Beispiel nicht, dass Otto von Bismarck Reichskanzler von Deutschland war. Twitter w\u00e4re nat\u00fcrlich nicht Twitter, wenn nicht jeder wieder dazu eine Meinung h\u00e4tte und diese auch lautstark kund tut.<br \/>\nOb solche Themen als Politiker\u00b7in zum Standardwissen geh\u00f6ren sollte oder nicht, findet es heraus, in diesem Blog:<\/p>\n<h3><\/h3>\n<h3>Hier geht es zum Corpus Delicti:<\/h3>\n<blockquote class=\"twitter-tweet\">\n<p dir=\"ltr\" lang=\"de\">Emilia <a href=\"https:\/\/twitter.com\/hashtag\/Fester?src=hash&amp;ref_src=twsrc%5Etfw\">#Fester<\/a> offenbart riesige Wissensl\u00fccken, will aber allen anderen regelm\u00e4\u00dfig die Welt erkl\u00e4ren. Helmut Kohl wusste: Wer die Vergangenheit nicht kennt, kann die Gegenwart nicht verstehen und die Zukunft nicht gestalten. Kein Wunder, dass die <a href=\"https:\/\/twitter.com\/hashtag\/Gr%C3%BCnen?src=hash&amp;ref_src=twsrc%5Etfw\">#Gr\u00fcnen<\/a> an Zustimmung verlieren. <a href=\"https:\/\/t.co\/xJOee2eeSZ\">pic.twitter.com\/xJOee2eeSZ<\/a><\/p>\n<p>\u2014 Christoph Plo\u00df \ud83c\udde9\ud83c\uddea\ud83c\uddfa\ud83c\udde6 (@christophploss) <a href=\"https:\/\/twitter.com\/christophploss\/status\/1659153830846627840?ref_src=twsrc%5Etfw\">May 18, 2023<\/a><\/p><\/blockquote>\n<p><script async src=\"https:\/\/platform.twitter.com\/widgets.js\" charset=\"utf-8\"><\/script><\/p>\n<p>&nbsp;<\/p>\n<h3>H\u00e4ttet ihr die Fragen richtig beantworten k\u00f6nnen?<\/h3>\n<blockquote class=\"twitter-tweet\" data-conversation=\"none\">\n<p dir=\"ltr\" lang=\"de\">Ich k\u00f6nnte ja jetzt damit angeben, dass ich die Fragen von MrWissen2Go alle richtig beantwortet h\u00e4tte.<br \/>\nAber das auch nur, weil wir das Thema im Abitur intensiv durchnehmen.<br \/>\nZu erwarten Politiker*innen m\u00fcssen das auf Abruf alles exakt wissen, ist aber auch murks\ud83e\udd37\u200d\u2642\ufe0f<\/p>\n<p>\u2014 Thadd\u00e4us (@Thaddaeus_Jehle) <a href=\"https:\/\/twitter.com\/Thaddaeus_Jehle\/status\/1659240496051388434?ref_src=twsrc%5Etfw\">May 18, 2023<\/a><\/p><\/blockquote>\n<p><script async src=\"https:\/\/platform.twitter.com\/widgets.js\" charset=\"utf-8\"><\/script><\/p>\n<p>&nbsp;<\/p>\n<h3>Touch\u00e9:<\/h3>\n<blockquote class=\"twitter-tweet\">\n<p dir=\"ltr\" lang=\"de\">Daf\u00fcr, dass die allermeisten Deutschen nicht wissen, was ihr Opa in den 1940er Jahren getrieben haben, sehe ich ganz sch\u00f6n viel H\u00e4me zu Emilia Fester, die nicht wei\u00df, wer Bismarck war.<\/p>\n<p>\u2014 Stephan Anpalagan (@stephanpalagan) <a href=\"https:\/\/twitter.com\/stephanpalagan\/status\/1659225830004867072?ref_src=twsrc%5Etfw\">May 18, 2023<\/a><\/p><\/blockquote>\n<p><script async src=\"https:\/\/platform.twitter.com\/widgets.js\" charset=\"utf-8\"><\/script><\/p>\n<p>&nbsp;<\/p>\n<h3><a href=\"https:\/\/www.thebestsocial.media\/de\/pferd-olympia-aurel-mertz\/\">Pferde Aktivist<\/a> Aurel Merz sieht das Problem eher woanders:<\/h3>\n<blockquote class=\"twitter-tweet\">\n<p dir=\"ltr\" lang=\"de\">Emilia Fester wei\u00df nicht wer Bismarck ist und die deutsche \u201eMitte\u201c strullert sich aus dramaturgischen Gr\u00fcnden bewusst die Cordhosen ein, weil so jemand im Bundestag sitzt, aber dass da einfach auch ne lupenreine Faschistentruppe hockt juckt keine Sau. Strafft mal eure Priorit\u00e4ten<\/p>\n<p>\u2014 Aurel\ud83d\udc05 (@aurelmertz) <a href=\"https:\/\/twitter.com\/aurelmertz\/status\/1659212653481345025?ref_src=twsrc%5Etfw\">May 18, 2023<\/a><\/p><\/blockquote>\n<p><script async src=\"https:\/\/platform.twitter.com\/widgets.js\" charset=\"utf-8\"><\/script><\/p>\n<p>&nbsp;<\/p>\n<h3>Das war schon sehr blamabel damals:<\/h3>\n<blockquote class=\"twitter-tweet\">\n<p dir=\"ltr\" lang=\"de\">Man kann sich \u00fcber Emilia Fester lustig machen. Als AfDler w\u00fcrd ich mir das aber gut \u00fcberlegen &#8211; nicht, dass wieder jemand die Szene ausgr\u00e4bt, in der Tino Chrupalla vom ZDF-Kinderreporter nach seinem Lieblingsgedicht gefragt wurde. Nachdem ER das Thema selber aufgebracht hatte.<\/p>\n<p>\u2014 Nicole Diekmann (@nicolediekmann) <a href=\"https:\/\/twitter.com\/nicolediekmann\/status\/1659268161298997265?ref_src=twsrc%5Etfw\">May 18, 2023<\/a><\/p><\/blockquote>\n<p><script async src=\"https:\/\/platform.twitter.com\/widgets.js\" charset=\"utf-8\"><\/script><\/p>\n<p>&nbsp;<\/p>\n<h3>F\u00fcr alle, die sich nicht mehr an das Video erinnern k\u00f6nnen:<\/h3>\n<blockquote class=\"twitter-tweet\">\n<p dir=\"ltr\" lang=\"de\">Die rechten Spinner echauffieren sich dar\u00fcber, dass Emilia <a href=\"https:\/\/twitter.com\/hashtag\/Fester?src=hash&amp;ref_src=twsrc%5Etfw\">#Fester<\/a> mit Unwissenheit \u00fcber <a href=\"https:\/\/twitter.com\/hashtag\/Bismarck?src=hash&amp;ref_src=twsrc%5Etfw\">#Bismarck<\/a> gl\u00e4nzt.<br \/>\nTino <a href=\"https:\/\/twitter.com\/hashtag\/Chrupalla?src=hash&amp;ref_src=twsrc%5Etfw\">#Chrupalla<\/a> denkt dar\u00fcber nach ein Gedicht dazu zu schreiben&#8230; \ud83d\udc47\ud83e\udd21 <a href=\"https:\/\/t.co\/wNyZW7tdjx\">pic.twitter.com\/wNyZW7tdjx<\/a><\/p>\n<p>\u2014 AfD Kundendienst \ud83d\udcef (@AKundendienst) <a href=\"https:\/\/twitter.com\/AKundendienst\/status\/1659161211550793729?ref_src=twsrc%5Etfw\">May 18, 2023<\/a><\/p><\/blockquote>\n<p><script async src=\"https:\/\/platform.twitter.com\/widgets.js\" charset=\"utf-8\"><\/script><\/p>\n<p>&nbsp;<\/p>\n<h3>Klingt gut:<\/h3>\n<blockquote class=\"twitter-tweet\" data-conversation=\"none\">\n<p dir=\"ltr\" lang=\"de\">Man kann aus dieser Geschichte einen <a href=\"https:\/\/twitter.com\/hashtag\/Shitstorm?src=hash&amp;ref_src=twsrc%5Etfw\">#Shitstorm<\/a> machen, wie es nun das traditionalistische Lager praktiziert. Oder man versucht, aus dem Umstand eine konstruktive Schlussfolgerung abzuleiten: Offenbar m\u00fcssen wir an unserem <a href=\"https:\/\/twitter.com\/hashtag\/Bildungswesen?src=hash&amp;ref_src=twsrc%5Etfw\">#Bildungswesen<\/a> etwas ver\u00e4ndern. Und zugegebenerma\u00dfen war\u2026<\/p>\n<p>\u2014 Dennis Riehle (@riehle_dennis) <a href=\"https:\/\/twitter.com\/riehle_dennis\/status\/1659450778438754304?ref_src=twsrc%5Etfw\">May 19, 2023<\/a><\/p><\/blockquote>\n<p><script async src=\"https:\/\/platform.twitter.com\/widgets.js\" charset=\"utf-8\"><\/script><\/p>\n<p>&nbsp;<\/p>\n<h3>Neben Emilia Fester hat Philipp Amthor auch nicht wirklich gut abgeschnitten:<\/h3>\n<blockquote class=\"twitter-tweet\">\n<p dir=\"ltr\" lang=\"de\">Wo ist eurer Artikel \u00fcber Amthor? Wo?! <a href=\"https:\/\/t.co\/Ad7UpPijsH\">pic.twitter.com\/Ad7UpPijsH<\/a><\/p>\n<p>\u2014 C. Storch (@Storch_i) <a href=\"https:\/\/twitter.com\/Storch_i\/status\/1659307509671231488?ref_src=twsrc%5Etfw\">May 18, 2023<\/a><\/p><\/blockquote>\n<p><script async src=\"https:\/\/platform.twitter.com\/widgets.js\" charset=\"utf-8\"><\/script><\/p>\n<p>&nbsp;<\/p>\n<p><b data-stringify-type=\"bold\">___<\/b><br \/>\n<b data-stringify-type=\"bold\">Vielen Dank an alle f\u00fcr die Posts!<\/b><br \/>\n<b data-stringify-type=\"bold\">___<\/b><\/p>\n<p><b data-stringify-type=\"bold\">Unterst\u00fctze uns mit nur einem Klick!<\/b><\/p>\n<p>Dir gef\u00e4llt unsere Arbeit? Dann unterst\u00fctze sie doch! Das geht ganz einfach mit einem Klick auf die Werbeanzeigen auf unserer Seite. Kostet nix, aber hilft uns sehr.\u00a0<img decoding=\"async\" class=\"emoji\" role=\"img\" draggable=\"false\" src=\"https:\/\/s.w.org\/images\/core\/emoji\/14.0.0\/svg\/1f642.svg\" alt=\"\ud83d\ude42\" \/><br \/>\nDu hast Feedback? Schick es uns \u2013 zum Beispiel\u00a0<a class=\"c-link\" href=\"https:\/\/www.thebestsocial.media\/de\/einsendungen\/\" target=\"_blank\" rel=\"noopener noreferrer\" data-stringify-link=\"https:\/\/www.thebestsocial.media\/de\/einsendungen\/\" data-sk=\"tooltip_parent\">hier<\/a>\u00a0oder per Direktnachricht auf\u00a0<a class=\"c-link\" href=\"https:\/\/www.instagram.com\/thebestsocialmediade\/\" target=\"_blank\" rel=\"noopener noreferrer\" data-stringify-link=\"https:\/\/www.instagram.com\/thebestsocialmediade\/\" data-sk=\"tooltip_parent\">Instagram<\/a>,\u00a0<a class=\"c-link\" href=\"https:\/\/www.facebook.com\/thebestsocialmediaDE\/\" target=\"_blank\" rel=\"noopener noreferrer\" data-stringify-link=\"https:\/\/www.facebook.com\/thebestsocialmediaDE\/\" data-sk=\"tooltip_parent\">Facebook<\/a>\u00a0oder\u00a0<a class=\"c-link\" href=\"https:\/\/twitter.com\/thebestsocialDE\" target=\"_blank\" rel=\"noopener noreferrer\" data-stringify-link=\"https:\/\/twitter.com\/thebestsocialDE\" data-sk=\"tooltip_parent\">Twitter<\/a>.<\/p>\n<p><em>Auf der Suche nach einem spannenden Praktikum, ohne Kaffeekochen und Kopieren, daf\u00fcr aber mit Verg\u00fctung?\u00a0<a href=\"https:\/\/www.thebestsocialjobs.com\/de\/stelle\/praktikant-redaktion-the-best-social-media\/\">Hier<\/a>\u00a0entlang!<\/em><\/p>\n","protected":false},"excerpt":{"rendered":"<p>MrWissen2Go stellt Politiker\u00b7innen im Auftrag von Terra X Fragen zu der deutschen Geschichte. Eine sticht dabei besonders heraus, das zweitj\u00fcngste Mitglied des Bundestags: Gr\u00fcnen-Politikerin Emilia&#8230;<\/p>\n","protected":false},"author":107,"featured_media":182139,"comment_status":"open","ping_status":"open","sticky":false,"template":"","format":"standard","meta":{"_acf_changed":false,"footnotes":""},"categories":[4728,35],"tags":[720,1653,2781],"class_list":["post-182082","post","type-post","status-publish","format-standard","has-post-thumbnail","hentry","category-diskussion","category-twitter","tag-die-gruenen","tag-geschichte","tag-politiker"],"acf":[],"yoast_head":"<!-- This site is optimized with the Yoast SEO plugin v27.5 - https:\/\/yoast.com\/product\/yoast-seo-wordpress\/ -->\n<title>Politikerin Emilia Fester kennt Bismarck nicht. Aber muss sie das?<\/title>\n<meta name=\"description\" content=\"MrWissen2Go stellt Politiker\u00b7innen Fragen zu der deutschen Geschichte. Eine sticht dabei besonders heraus: gr\u00fcnen Politikerin Emilia Fester.\" \/>\n<meta name=\"robots\" content=\"index, follow, max-snippet:-1, max-image-preview:large, max-video-preview:-1\" \/>\n<link rel=\"canonical\" href=\"https:\/\/www.thebestsocial.media\/de\/gruenen-polikerin-emilia-fester-weiss-nicht-wer-bismarck-ist\/\" \/>\n<meta property=\"og:locale\" content=\"de_DE\" \/>\n<meta property=\"og:type\" content=\"article\" \/>\n<meta property=\"og:title\" content=\"Politikerin Emilia Fester kennt Bismarck nicht. Aber muss sie das?\" \/>\n<meta property=\"og:description\" content=\"MrWissen2Go stellt Politiker\u00b7innen Fragen zu der deutschen Geschichte. Eine sticht dabei besonders heraus: gr\u00fcnen Politikerin Emilia Fester.\" \/>\n<meta property=\"og:url\" content=\"https:\/\/www.thebestsocial.media\/de\/gruenen-polikerin-emilia-fester-weiss-nicht-wer-bismarck-ist\/\" \/>\n<meta property=\"og:site_name\" content=\"The Best Social Media DE\" \/>\n<meta property=\"article:published_time\" content=\"2023-05-19T13:43:46+00:00\" \/>\n<meta property=\"og:image\" content=\"https:\/\/www.thebestsocial.media\/de\/wp-content\/uploads\/sites\/3\/2023\/05\/Bismark-Header.png\" \/>\n\t<meta property=\"og:image:width\" content=\"1200\" \/>\n\t<meta property=\"og:image:height\" content=\"630\" \/>\n\t<meta property=\"og:image:type\" content=\"image\/png\" \/>\n<meta name=\"author\" content=\"Max Mel\u00fch\" \/>\n<meta name=\"twitter:card\" content=\"summary_large_image\" \/>\n<meta name=\"twitter:label1\" content=\"Verfasst von\" \/>\n\t<meta name=\"twitter:data1\" content=\"Max Mel\u00fch\" \/>\n\t<meta name=\"twitter:label2\" content=\"Gesch\u00e4tzte Lesezeit\" \/>\n\t<meta name=\"twitter:data2\" content=\"4\u00a0Minuten\" \/>\n<script type=\"application\/ld+json\" class=\"yoast-schema-graph\">{\"@context\":\"https:\\\/\\\/schema.org\",\"@graph\":[{\"@type\":\"Article\",\"@id\":\"https:\\\/\\\/www.thebestsocial.media\\\/de\\\/gruenen-polikerin-emilia-fester-weiss-nicht-wer-bismarck-ist\\\/#article\",\"isPartOf\":{\"@id\":\"https:\\\/\\\/www.thebestsocial.media\\\/de\\\/gruenen-polikerin-emilia-fester-weiss-nicht-wer-bismarck-ist\\\/\"},\"author\":{\"name\":\"Max Mel\u00fch\",\"@id\":\"https:\\\/\\\/www.thebestsocial.media\\\/de\\\/#\\\/schema\\\/person\\\/01943b756567397914cb8333630f7e20\"},\"headline\":\"Politikerin Emilia Fester kennt Bismarck nicht. Aber muss sie das?\",\"datePublished\":\"2023-05-19T13:43:46+00:00\",\"mainEntityOfPage\":{\"@id\":\"https:\\\/\\\/www.thebestsocial.media\\\/de\\\/gruenen-polikerin-emilia-fester-weiss-nicht-wer-bismarck-ist\\\/\"},\"wordCount\":580,\"commentCount\":0,\"image\":{\"@id\":\"https:\\\/\\\/www.thebestsocial.media\\\/de\\\/gruenen-polikerin-emilia-fester-weiss-nicht-wer-bismarck-ist\\\/#primaryimage\"},\"thumbnailUrl\":\"https:\\\/\\\/www.thebestsocial.media\\\/de\\\/wp-content\\\/uploads\\\/sites\\\/3\\\/2023\\\/05\\\/Bismark-Titel.png\",\"keywords\":[\"Die Gr\u00fcnen\",\"geschichte\",\"Politiker\"],\"articleSection\":[\"Diskussion\",\"Twitter\"],\"inLanguage\":\"de\",\"potentialAction\":[{\"@type\":\"CommentAction\",\"name\":\"Comment\",\"target\":[\"https:\\\/\\\/www.thebestsocial.media\\\/de\\\/gruenen-polikerin-emilia-fester-weiss-nicht-wer-bismarck-ist\\\/#respond\"]}]},{\"@type\":\"WebPage\",\"@id\":\"https:\\\/\\\/www.thebestsocial.media\\\/de\\\/gruenen-polikerin-emilia-fester-weiss-nicht-wer-bismarck-ist\\\/\",\"url\":\"https:\\\/\\\/www.thebestsocial.media\\\/de\\\/gruenen-polikerin-emilia-fester-weiss-nicht-wer-bismarck-ist\\\/\",\"name\":\"Politikerin Emilia Fester kennt Bismarck nicht. Aber muss sie das?\",\"isPartOf\":{\"@id\":\"https:\\\/\\\/www.thebestsocial.media\\\/de\\\/#website\"},\"primaryImageOfPage\":{\"@id\":\"https:\\\/\\\/www.thebestsocial.media\\\/de\\\/gruenen-polikerin-emilia-fester-weiss-nicht-wer-bismarck-ist\\\/#primaryimage\"},\"image\":{\"@id\":\"https:\\\/\\\/www.thebestsocial.media\\\/de\\\/gruenen-polikerin-emilia-fester-weiss-nicht-wer-bismarck-ist\\\/#primaryimage\"},\"thumbnailUrl\":\"https:\\\/\\\/www.thebestsocial.media\\\/de\\\/wp-content\\\/uploads\\\/sites\\\/3\\\/2023\\\/05\\\/Bismark-Titel.png\",\"datePublished\":\"2023-05-19T13:43:46+00:00\",\"author\":{\"@id\":\"https:\\\/\\\/www.thebestsocial.media\\\/de\\\/#\\\/schema\\\/person\\\/01943b756567397914cb8333630f7e20\"},\"description\":\"MrWissen2Go stellt Politiker\u00b7innen Fragen zu der deutschen Geschichte. Eine sticht dabei besonders heraus: gr\u00fcnen Politikerin Emilia Fester.\",\"breadcrumb\":{\"@id\":\"https:\\\/\\\/www.thebestsocial.media\\\/de\\\/gruenen-polikerin-emilia-fester-weiss-nicht-wer-bismarck-ist\\\/#breadcrumb\"},\"inLanguage\":\"de\",\"potentialAction\":[{\"@type\":\"ReadAction\",\"target\":[\"https:\\\/\\\/www.thebestsocial.media\\\/de\\\/gruenen-polikerin-emilia-fester-weiss-nicht-wer-bismarck-ist\\\/\"]}]},{\"@type\":\"ImageObject\",\"inLanguage\":\"de\",\"@id\":\"https:\\\/\\\/www.thebestsocial.media\\\/de\\\/gruenen-polikerin-emilia-fester-weiss-nicht-wer-bismarck-ist\\\/#primaryimage\",\"url\":\"https:\\\/\\\/www.thebestsocial.media\\\/de\\\/wp-content\\\/uploads\\\/sites\\\/3\\\/2023\\\/05\\\/Bismark-Titel.png\",\"contentUrl\":\"https:\\\/\\\/www.thebestsocial.media\\\/de\\\/wp-content\\\/uploads\\\/sites\\\/3\\\/2023\\\/05\\\/Bismark-Titel.png\",\"width\":1200,\"height\":630,\"caption\":\"Emilia Fester\"},{\"@type\":\"BreadcrumbList\",\"@id\":\"https:\\\/\\\/www.thebestsocial.media\\\/de\\\/gruenen-polikerin-emilia-fester-weiss-nicht-wer-bismarck-ist\\\/#breadcrumb\",\"itemListElement\":[{\"@type\":\"ListItem\",\"position\":1,\"name\":\"Home\",\"item\":\"https:\\\/\\\/www.thebestsocial.media\\\/de\\\/\"},{\"@type\":\"ListItem\",\"position\":2,\"name\":\"Politikerin Emilia Fester kennt Bismarck nicht. Aber muss sie das?\"}]},{\"@type\":\"WebSite\",\"@id\":\"https:\\\/\\\/www.thebestsocial.media\\\/de\\\/#website\",\"url\":\"https:\\\/\\\/www.thebestsocial.media\\\/de\\\/\",\"name\":\"The Best Social Media DE\",\"description\":\"\",\"potentialAction\":[{\"@type\":\"SearchAction\",\"target\":{\"@type\":\"EntryPoint\",\"urlTemplate\":\"https:\\\/\\\/www.thebestsocial.media\\\/de\\\/?s={search_term_string}\"},\"query-input\":{\"@type\":\"PropertyValueSpecification\",\"valueRequired\":true,\"valueName\":\"search_term_string\"}}],\"inLanguage\":\"de\"},{\"@type\":\"Person\",\"@id\":\"https:\\\/\\\/www.thebestsocial.media\\\/de\\\/#\\\/schema\\\/person\\\/01943b756567397914cb8333630f7e20\",\"name\":\"Max Mel\u00fch\",\"image\":{\"@type\":\"ImageObject\",\"inLanguage\":\"de\",\"@id\":\"https:\\\/\\\/secure.gravatar.com\\\/avatar\\\/c0c6468f7ee308a57a7b07bf68c958afc2f9e427d7de86484be5d3efbb7fd8a4?s=96&d=mm&r=g\",\"url\":\"https:\\\/\\\/secure.gravatar.com\\\/avatar\\\/c0c6468f7ee308a57a7b07bf68c958afc2f9e427d7de86484be5d3efbb7fd8a4?s=96&d=mm&r=g\",\"contentUrl\":\"https:\\\/\\\/secure.gravatar.com\\\/avatar\\\/c0c6468f7ee308a57a7b07bf68c958afc2f9e427d7de86484be5d3efbb7fd8a4?s=96&d=mm&r=g\",\"caption\":\"Max Mel\u00fch\"},\"sameAs\":[\"maxmeluh\"],\"url\":\"https:\\\/\\\/www.thebestsocial.media\\\/de\\\/author\\\/maxmeluh\\\/\"}]}<\/script>\n<!-- \/ Yoast SEO plugin. -->","yoast_head_json":{"title":"Politikerin Emilia Fester kennt Bismarck nicht. Aber muss sie das?","description":"MrWissen2Go stellt Politiker\u00b7innen Fragen zu der deutschen Geschichte. Eine sticht dabei besonders heraus: gr\u00fcnen Politikerin Emilia Fester.","robots":{"index":"index","follow":"follow","max-snippet":"max-snippet:-1","max-image-preview":"max-image-preview:large","max-video-preview":"max-video-preview:-1"},"canonical":"https:\/\/www.thebestsocial.media\/de\/gruenen-polikerin-emilia-fester-weiss-nicht-wer-bismarck-ist\/","og_locale":"de_DE","og_type":"article","og_title":"Politikerin Emilia Fester kennt Bismarck nicht. Aber muss sie das?","og_description":"MrWissen2Go stellt Politiker\u00b7innen Fragen zu der deutschen Geschichte. Eine sticht dabei besonders heraus: gr\u00fcnen Politikerin Emilia Fester.","og_url":"https:\/\/www.thebestsocial.media\/de\/gruenen-polikerin-emilia-fester-weiss-nicht-wer-bismarck-ist\/","og_site_name":"The Best Social Media DE","article_published_time":"2023-05-19T13:43:46+00:00","og_image":[{"width":1200,"height":630,"url":"https:\/\/www.thebestsocial.media\/de\/wp-content\/uploads\/sites\/3\/2023\/05\/Bismark-Header.png","type":"image\/png"}],"author":"Max Mel\u00fch","twitter_card":"summary_large_image","twitter_misc":{"Verfasst von":"Max Mel\u00fch","Gesch\u00e4tzte Lesezeit":"4\u00a0Minuten"},"schema":{"@context":"https:\/\/schema.org","@graph":[{"@type":"Article","@id":"https:\/\/www.thebestsocial.media\/de\/gruenen-polikerin-emilia-fester-weiss-nicht-wer-bismarck-ist\/#article","isPartOf":{"@id":"https:\/\/www.thebestsocial.media\/de\/gruenen-polikerin-emilia-fester-weiss-nicht-wer-bismarck-ist\/"},"author":{"name":"Max Mel\u00fch","@id":"https:\/\/www.thebestsocial.media\/de\/#\/schema\/person\/01943b756567397914cb8333630f7e20"},"headline":"Politikerin Emilia Fester kennt Bismarck nicht. Aber muss sie das?","datePublished":"2023-05-19T13:43:46+00:00","mainEntityOfPage":{"@id":"https:\/\/www.thebestsocial.media\/de\/gruenen-polikerin-emilia-fester-weiss-nicht-wer-bismarck-ist\/"},"wordCount":580,"commentCount":0,"image":{"@id":"https:\/\/www.thebestsocial.media\/de\/gruenen-polikerin-emilia-fester-weiss-nicht-wer-bismarck-ist\/#primaryimage"},"thumbnailUrl":"https:\/\/www.thebestsocial.media\/de\/wp-content\/uploads\/sites\/3\/2023\/05\/Bismark-Titel.png","keywords":["Die Gr\u00fcnen","geschichte","Politiker"],"articleSection":["Diskussion","Twitter"],"inLanguage":"de","potentialAction":[{"@type":"CommentAction","name":"Comment","target":["https:\/\/www.thebestsocial.media\/de\/gruenen-polikerin-emilia-fester-weiss-nicht-wer-bismarck-ist\/#respond"]}]},{"@type":"WebPage","@id":"https:\/\/www.thebestsocial.media\/de\/gruenen-polikerin-emilia-fester-weiss-nicht-wer-bismarck-ist\/","url":"https:\/\/www.thebestsocial.media\/de\/gruenen-polikerin-emilia-fester-weiss-nicht-wer-bismarck-ist\/","name":"Politikerin Emilia Fester kennt Bismarck nicht. Aber muss sie das?","isPartOf":{"@id":"https:\/\/www.thebestsocial.media\/de\/#website"},"primaryImageOfPage":{"@id":"https:\/\/www.thebestsocial.media\/de\/gruenen-polikerin-emilia-fester-weiss-nicht-wer-bismarck-ist\/#primaryimage"},"image":{"@id":"https:\/\/www.thebestsocial.media\/de\/gruenen-polikerin-emilia-fester-weiss-nicht-wer-bismarck-ist\/#primaryimage"},"thumbnailUrl":"https:\/\/www.thebestsocial.media\/de\/wp-content\/uploads\/sites\/3\/2023\/05\/Bismark-Titel.png","datePublished":"2023-05-19T13:43:46+00:00","author":{"@id":"https:\/\/www.thebestsocial.media\/de\/#\/schema\/person\/01943b756567397914cb8333630f7e20"},"description":"MrWissen2Go stellt Politiker\u00b7innen Fragen zu der deutschen Geschichte. Eine sticht dabei besonders heraus: gr\u00fcnen Politikerin Emilia Fester.","breadcrumb":{"@id":"https:\/\/www.thebestsocial.media\/de\/gruenen-polikerin-emilia-fester-weiss-nicht-wer-bismarck-ist\/#breadcrumb"},"inLanguage":"de","potentialAction":[{"@type":"ReadAction","target":["https:\/\/www.thebestsocial.media\/de\/gruenen-polikerin-emilia-fester-weiss-nicht-wer-bismarck-ist\/"]}]},{"@type":"ImageObject","inLanguage":"de","@id":"https:\/\/www.thebestsocial.media\/de\/gruenen-polikerin-emilia-fester-weiss-nicht-wer-bismarck-ist\/#primaryimage","url":"https:\/\/www.thebestsocial.media\/de\/wp-content\/uploads\/sites\/3\/2023\/05\/Bismark-Titel.png","contentUrl":"https:\/\/www.thebestsocial.media\/de\/wp-content\/uploads\/sites\/3\/2023\/05\/Bismark-Titel.png","width":1200,"height":630,"caption":"Emilia Fester"},{"@type":"BreadcrumbList","@id":"https:\/\/www.thebestsocial.media\/de\/gruenen-polikerin-emilia-fester-weiss-nicht-wer-bismarck-ist\/#breadcrumb","itemListElement":[{"@type":"ListItem","position":1,"name":"Home","item":"https:\/\/www.thebestsocial.media\/de\/"},{"@type":"ListItem","position":2,"name":"Politikerin Emilia Fester kennt Bismarck nicht. Aber muss sie das?"}]},{"@type":"WebSite","@id":"https:\/\/www.thebestsocial.media\/de\/#website","url":"https:\/\/www.thebestsocial.media\/de\/","name":"The Best Social Media DE","description":"","potentialAction":[{"@type":"SearchAction","target":{"@type":"EntryPoint","urlTemplate":"https:\/\/www.thebestsocial.media\/de\/?s={search_term_string}"},"query-input":{"@type":"PropertyValueSpecification","valueRequired":true,"valueName":"search_term_string"}}],"inLanguage":"de"},{"@type":"Person","@id":"https:\/\/www.thebestsocial.media\/de\/#\/schema\/person\/01943b756567397914cb8333630f7e20","name":"Max Mel\u00fch","image":{"@type":"ImageObject","inLanguage":"de","@id":"https:\/\/secure.gravatar.com\/avatar\/c0c6468f7ee308a57a7b07bf68c958afc2f9e427d7de86484be5d3efbb7fd8a4?s=96&d=mm&r=g","url":"https:\/\/secure.gravatar.com\/avatar\/c0c6468f7ee308a57a7b07bf68c958afc2f9e427d7de86484be5d3efbb7fd8a4?s=96&d=mm&r=g","contentUrl":"https:\/\/secure.gravatar.com\/avatar\/c0c6468f7ee308a57a7b07bf68c958afc2f9e427d7de86484be5d3efbb7fd8a4?s=96&d=mm&r=g","caption":"Max Mel\u00fch"},"sameAs":["maxmeluh"],"url":"https:\/\/www.thebestsocial.media\/de\/author\/maxmeluh\/"}]}},"amp_enabled":true,"_links":{"self":[{"href":"https:\/\/www.thebestsocial.media\/de\/wp-json\/wp\/v2\/posts\/182082","targetHints":{"allow":["GET"]}}],"collection":[{"href":"https:\/\/www.thebestsocial.media\/de\/wp-json\/wp\/v2\/posts"}],"about":[{"href":"https:\/\/www.thebestsocial.media\/de\/wp-json\/wp\/v2\/types\/post"}],"author":[{"embeddable":true,"href":"https:\/\/www.thebestsocial.media\/de\/wp-json\/wp\/v2\/users\/107"}],"replies":[{"embeddable":true,"href":"https:\/\/www.thebestsocial.media\/de\/wp-json\/wp\/v2\/comments?post=182082"}],"version-history":[{"count":9,"href":"https:\/\/www.thebestsocial.media\/de\/wp-json\/wp\/v2\/posts\/182082\/revisions"}],"predecessor-version":[{"id":182145,"href":"https:\/\/www.thebestsocial.media\/de\/wp-json\/wp\/v2\/posts\/182082\/revisions\/182145"}],"wp:featuredmedia":[{"embeddable":true,"href":"https:\/\/www.thebestsocial.media\/de\/wp-json\/wp\/v2\/media\/182139"}],"wp:attachment":[{"href":"https:\/\/www.thebestsocial.media\/de\/wp-json\/wp\/v2\/media?parent=182082"}],"wp:term":[{"taxonomy":"category","embeddable":true,"href":"https:\/\/www.thebestsocial.media\/de\/wp-json\/wp\/v2\/categories?post=182082"},{"taxonomy":"post_tag","embeddable":true,"href":"https:\/\/www.thebestsocial.media\/de\/wp-json\/wp\/v2\/tags?post=182082"}],"curies":[{"name":"wp","href":"https:\/\/api.w.org\/{rel}","templated":true}]}}