{"id":181831,"date":"2023-05-12T12:58:21","date_gmt":"2023-05-12T12:58:21","guid":{"rendered":"https:\/\/www.thebestsocial.media\/de\/?p=181831"},"modified":"2023-05-12T12:58:21","modified_gmt":"2023-05-12T12:58:21","slug":"cdu-politiker-laesst-kita-zur-zielscheibe-fuer-rechte-hetze-werden","status":"publish","type":"post","link":"https:\/\/www.thebestsocial.media\/de\/cdu-politiker-laesst-kita-zur-zielscheibe-fuer-rechte-hetze-werden\/","title":{"rendered":"CDU Politiker l\u00e4sst Kita zur Zielscheibe f\u00fcr rechte Hetze werden"},"content":{"rendered":"<p>Sich auf Twitter aufregen, weil eine Kita als Zeichen der Diversit\u00e4t keine Muttertagsgeschenke basteln will?<br \/>\n<em>Nervig, aber v\u00f6llig okay.<\/em><br \/>\nSich auf Twitter als CDU Politiker dar\u00fcber aufregen und dann die Adresse + Telefonnummer des Kindergartens leaken?<br \/>\n<em>Gar nicht mal so cool!<\/em><br \/>\nDenn der Tweet des Juristen Tillmann Kuban sorgte nicht nur f\u00fcr viel Diskussion zum Elterntag, sondern machte den katholischen Kindergarten zur Zielscheibe f\u00fcr rechte Hetze:<\/p>\n<p>&nbsp;<\/p>\n<h3>Noch mal kurz zur Einordnung:<\/h3>\n<blockquote class=\"twitter-tweet\">\n<p dir=\"ltr\" lang=\"de\">Tilman Kuban ist popul\u00e4rer CDU-Politiker. Er ver\u00f6ffentlichte die Adresse einer Kita und nannte eine p\u00e4dagogische Entscheidung dort &#8222;Wahnsinn&#8220;. Es folgte ein absehbarer Shitstorm gegen die Einrichtung,<\/p>\n<p>Weil diese angek\u00fcndigt hatte, am Muttertag nichts zu basteln.<\/p>\n<p>1\/3<\/p>\n<p>\u2014 Sebastian 23 (@mondschaf23) <a href=\"https:\/\/twitter.com\/mondschaf23\/status\/1656066023903178752?ref_src=twsrc%5Etfw\">May 9, 2023<\/a><\/p><\/blockquote>\n<p><script async src=\"https:\/\/platform.twitter.com\/widgets.js\" charset=\"utf-8\"><\/script><\/p>\n<p>&nbsp;<\/p>\n<blockquote class=\"twitter-tweet\" data-conversation=\"none\">\n<p dir=\"ltr\" lang=\"de\">Inzwischen ist die Adresse raus, der Beitrag ist jedoch noch online. Adresse, Nummer und Mail der Kita l\u00e4ngst im hasserf\u00fcllten Umlauf.<\/p>\n<p>Doch Kuban nennt seine Aktion immernoch notwendig.<\/p>\n<p>Er erkennt nicht mal, wie zynisch es ist, in dieser Form auf moralisch zu machen.<\/p>\n<p>2\/3<\/p>\n<p>\u2014 Sebastian 23 (@mondschaf23) <a href=\"https:\/\/twitter.com\/mondschaf23\/status\/1656066025752805380?ref_src=twsrc%5Etfw\">May 9, 2023<\/a><\/p><\/blockquote>\n<p><script async src=\"https:\/\/platform.twitter.com\/widgets.js\" charset=\"utf-8\"><\/script><\/p>\n<p>&nbsp;<\/p>\n<h3>Ver\u00e4ngstigte Kinder und eingeworfene Fensterscheiben:<\/h3>\n<blockquote class=\"twitter-tweet\">\n<p dir=\"ltr\" lang=\"de\">Nachdem <a href=\"https:\/\/twitter.com\/hashtag\/Kuban?src=hash&amp;ref_src=twsrc%5Etfw\">#Kuban<\/a> die Adresse einer Kita in meinem Landkreis ver\u00f6ffentlichte, brach die H\u00f6lle \u00fcber sie herein:<\/p>\n<p>Kinder sind ver\u00e4ngstigt, die Erzieherinnen werden beleidigt und bedroht!<\/p>\n<p>Nun kam raus, dass die Glasscheibe der Gartenh\u00fctte zerst\u00f6rt wurde!<br \/>\nSo geht das nicht weiter!! 1\/2<\/p>\n<p>\u2014 Liban Farah (@LibanFa) <a href=\"https:\/\/twitter.com\/LibanFa\/status\/1656304690840125441?ref_src=twsrc%5Etfw\">May 10, 2023<\/a><\/p><\/blockquote>\n<p><script async src=\"https:\/\/platform.twitter.com\/widgets.js\" charset=\"utf-8\"><\/script><\/p>\n<p>&nbsp;<\/p>\n<h3>Politik machen kann er, fragt sich nur f\u00fcr wen?<\/h3>\n<blockquote class=\"twitter-tweet\">\n<p dir=\"ltr\" lang=\"de\">Tilman <a href=\"https:\/\/twitter.com\/hashtag\/Kuban?src=hash&amp;ref_src=twsrc%5Etfw\">#Kuban<\/a> interessiert sich f\u00fcr M\u00fctter offenbar nur, wenn es um Selbstgebasteltes aus dem Kindergarten geht. <a href=\"https:\/\/twitter.com\/hashtag\/Muttertag?src=hash&amp;ref_src=twsrc%5Etfw\">#Muttertag<\/a> <a href=\"https:\/\/t.co\/lmO6ABXjvt\">pic.twitter.com\/lmO6ABXjvt<\/a><\/p>\n<p>\u2014 Kaj Hoffmann (@kajhoffmann) <a href=\"https:\/\/twitter.com\/kajhoffmann\/status\/1656576642842521600?ref_src=twsrc%5Etfw\">May 11, 2023<\/a><\/p><\/blockquote>\n<p><script async src=\"https:\/\/platform.twitter.com\/widgets.js\" charset=\"utf-8\"><\/script><\/p>\n<p>&nbsp;<\/p>\n<h3>&#8222;Das bisschen Haushalt macht sich von allein&#8220; Sagt mein Mann:<\/h3>\n<blockquote class=\"twitter-tweet\">\n<p dir=\"ltr\" lang=\"de\">Bezeichnend, dass der komplett herbeifabulierte &#8222;Die wollen Muttertag canceln&#8220;-Aufschrei ausgerechnet aus der Testosteron-Ecke kommt, die ansonsten fordert, dass sich M\u00fctter zu Hause um Nachwuchs und Haushalt k\u00fcmmern sollen, was im \u00dcbrigen ja auch gar keine richtige Arbeit sei.<\/p>\n<p>\u2014 Kaffeecup (@kaffeecup) <a href=\"https:\/\/twitter.com\/kaffeecup\/status\/1656616510431932420?ref_src=twsrc%5Etfw\">May 11, 2023<\/a><\/p><\/blockquote>\n<p><script async src=\"https:\/\/platform.twitter.com\/widgets.js\" charset=\"utf-8\"><\/script><\/p>\n<p>&nbsp;<\/p>\n<h3>Auch CDU Politiker Hubert Aiwanger l\u00e4sst nicht lange mit seinem Kommentar auf sich warten:<\/h3>\n<blockquote class=\"twitter-tweet\">\n<p dir=\"ltr\" lang=\"de\">Careverantwortliche M\u00fctter kommen mit ihrem Leben oft nicht \u201eklar\u201c, weil sie diskriminiert werden, ihnen Altersarmut droht, sie nicht wertgesch\u00e4tzt werden und vieles andere. Und ne Pralinenschachtel zum Muttertag hilft da nicht.<br \/>\nAber toll, dass ein Politiker erkl\u00e4rt, wie man\u2026 <a href=\"https:\/\/t.co\/hHxXATXfC6\">https:\/\/t.co\/hHxXATXfC6<\/a><\/p>\n<p>\u2014 Susanne Mierau \u2665 (@fraumierau) <a href=\"https:\/\/twitter.com\/fraumierau\/status\/1656536331831353344?ref_src=twsrc%5Etfw\">May 11, 2023<\/a><\/p><\/blockquote>\n<p><script async src=\"https:\/\/platform.twitter.com\/widgets.js\" charset=\"utf-8\"><\/script><\/p>\n<p>&nbsp;<\/p>\n<h3>&#8222;Der Bastelplan einer nordhessischen Kita&#8220;<\/h3>\n<blockquote class=\"twitter-tweet\">\n<p dir=\"ltr\" lang=\"de\">Das be\u00e4ngstigende am Kulturkampf um die KITA ist ja, dass diese Leute es geschafft haben weite Teile der Union davon zu \u00fcberzeugen, dass sie tats\u00e4chlich \u201ef\u00fcr den Muttertag\u201c k\u00e4mpfen und gegen alle anderen.<\/p>\n<p>Nochmal: es geht es um den BASTELPLAN einer nordhessischen KITA. Gruselig.<\/p>\n<p>\u2014 Maurice Conrad (@Maurice_Conrad) <a href=\"https:\/\/twitter.com\/Maurice_Conrad\/status\/1656584001136607233?ref_src=twsrc%5Etfw\">May 11, 2023<\/a><\/p><\/blockquote>\n<p><script async src=\"https:\/\/platform.twitter.com\/widgets.js\" charset=\"utf-8\"><\/script><\/p>\n<p>&nbsp;<\/p>\n<h3>Viele Menschen sehen den Muttertag wegen seiner Nazi-Vergangenheit ohnehin kritisch:<\/h3>\n<blockquote class=\"twitter-tweet\" data-conversation=\"none\">\n<p dir=\"ltr\" lang=\"de\">Ich finde den Muttertag ohnehin kritisch. In Deutschland stark etabliert und dann entsprechend ausgenutzt wurde er durch die Nazis. &#8222;Traditionell&#8220; wurden da die Mutterkreuze verliehen an die Frauen, die dem F\u00fchrer besonder viele Kinder geschenkt haben.<\/p>\n<p>Dass man als Kind seiner\u2026<\/p>\n<p>\u2014 spigandromeda (@spigandromeda) <a href=\"https:\/\/twitter.com\/spigandromeda\/status\/1656245888971591686?ref_src=twsrc%5Etfw\">May 10, 2023<\/a><\/p><\/blockquote>\n<p><script async src=\"https:\/\/platform.twitter.com\/widgets.js\" charset=\"utf-8\"><\/script><\/p>\n<p>&nbsp;<\/p>\n<h3>Dann doch lieber Elterntag?<\/h3>\n<blockquote class=\"twitter-tweet\" data-conversation=\"none\">\n<p dir=\"ltr\" lang=\"de\">Ich bin Mutter, konservativ katholisch im Emsland aufgewachsen und mittlerweile kotzt mich (Entschuldigung) Muttertag an. Wer mir Schnittblumen schenkt oder mir was bastelt bekommt es um die Ohren. Dieser Tag ist ein Tag mit Nazigeschichte. Kann weg. Muss weg. Elterntag w\u00e4r nett.<\/p>\n<p>\u2014 marhiver (@marhiver) <a href=\"https:\/\/twitter.com\/marhiver\/status\/1655566789475028994?ref_src=twsrc%5Etfw\">May 8, 2023<\/a><\/p><\/blockquote>\n<p><script async src=\"https:\/\/platform.twitter.com\/widgets.js\" charset=\"utf-8\"><\/script><\/p>\n<p>&nbsp;<\/p>\n<p><b data-stringify-type=\"bold\">___<\/b><br \/>\n<b data-stringify-type=\"bold\">Vielen Dank an alle f\u00fcr die Posts!<\/b><br \/>\n<b data-stringify-type=\"bold\">___<\/b><\/p>\n<p><b data-stringify-type=\"bold\">Unterst\u00fctze uns mit nur einem Klick!<\/b><\/p>\n<p>Dir gef\u00e4llt unsere Arbeit? Dann unterst\u00fctze sie doch! Das geht ganz einfach mit einem Klick auf die Werbeanzeigen auf unserer Seite. Kostet nix, aber hilft uns sehr.\u00a0<img decoding=\"async\" class=\"emoji\" role=\"img\" draggable=\"false\" src=\"https:\/\/s.w.org\/images\/core\/emoji\/14.0.0\/svg\/1f642.svg\" alt=\"\ud83d\ude42\" \/><br \/>\nDu hast Feedback? Schick es uns \u2013 zum Beispiel\u00a0<a class=\"c-link\" href=\"https:\/\/www.thebestsocial.media\/de\/einsendungen\/\" target=\"_blank\" rel=\"noopener noreferrer\" data-stringify-link=\"https:\/\/www.thebestsocial.media\/de\/einsendungen\/\" data-sk=\"tooltip_parent\">hier<\/a>\u00a0oder per Direktnachricht auf\u00a0<a class=\"c-link\" href=\"https:\/\/www.instagram.com\/thebestsocialmediade\/\" target=\"_blank\" rel=\"noopener noreferrer\" data-stringify-link=\"https:\/\/www.instagram.com\/thebestsocialmediade\/\" data-sk=\"tooltip_parent\">Instagram<\/a>,\u00a0<a class=\"c-link\" href=\"https:\/\/www.facebook.com\/thebestsocialmediaDE\/\" target=\"_blank\" rel=\"noopener noreferrer\" data-stringify-link=\"https:\/\/www.facebook.com\/thebestsocialmediaDE\/\" data-sk=\"tooltip_parent\">Facebook<\/a>\u00a0oder\u00a0<a class=\"c-link\" href=\"https:\/\/twitter.com\/thebestsocialDE\" target=\"_blank\" rel=\"noopener noreferrer\" data-stringify-link=\"https:\/\/twitter.com\/thebestsocialDE\" data-sk=\"tooltip_parent\">Twitter<\/a>.<\/p>\n<p><em>Auf der Suche nach einem spannenden Praktikum, ohne Kaffeekochen und Kopieren, daf\u00fcr aber mit Verg\u00fctung?\u00a0<a href=\"https:\/\/www.thebestsocialjobs.com\/de\/stelle\/praktikant-redaktion-the-best-social-media\/\">Hier<\/a>\u00a0entlang!<\/em><\/p>\n","protected":false},"excerpt":{"rendered":"<p>Sich auf Twitter aufregen, weil eine Kita als Zeichen der Diversit\u00e4t keine Muttertagsgeschenke basteln will? Nervig, aber v\u00f6llig okay. Sich auf Twitter als CDU Politiker&#8230;<\/p>\n","protected":false},"author":107,"featured_media":181884,"comment_status":"open","ping_status":"open","sticky":false,"template":"","format":"standard","meta":{"_acf_changed":false,"footnotes":""},"categories":[4728,1774,35],"tags":[188,5870,1470,2781],"class_list":["post-181831","post","type-post","status-publish","format-standard","has-post-thumbnail","hentry","category-diskussion","category-the-worst-of-social-media","category-twitter","tag-cdu","tag-diversitaet","tag-muttertag","tag-politiker"],"acf":[],"yoast_head":"<!-- This site is optimized with the Yoast SEO plugin v27.5 - https:\/\/yoast.com\/product\/yoast-seo-wordpress\/ -->\n<title>CDU Politiker l\u00e4sst Kita zur Zielscheibe f\u00fcr rechte Hetze werden!<\/title>\n<meta name=\"description\" content=\"Ein CDU-Politiker echauffiert sich auf Twitter \u00fcber eine Kita, die keine Muttertagsgeschenke mehr basteln will und leakt deren Adresse\" \/>\n<meta name=\"robots\" content=\"index, follow, max-snippet:-1, max-image-preview:large, max-video-preview:-1\" \/>\n<link rel=\"canonical\" href=\"https:\/\/www.thebestsocial.media\/de\/cdu-politiker-laesst-kita-zur-zielscheibe-fuer-rechte-hetze-werden\/\" \/>\n<meta property=\"og:locale\" content=\"de_DE\" \/>\n<meta property=\"og:type\" content=\"article\" \/>\n<meta property=\"og:title\" content=\"CDU Politiker l\u00e4sst Kita zur Zielscheibe f\u00fcr rechte Hetze werden!\" \/>\n<meta property=\"og:description\" content=\"Ein CDU-Politiker echauffiert sich auf Twitter \u00fcber eine Kita, die keine Muttertagsgeschenke mehr basteln will und leakt deren Adresse\" \/>\n<meta property=\"og:url\" content=\"https:\/\/www.thebestsocial.media\/de\/cdu-politiker-laesst-kita-zur-zielscheibe-fuer-rechte-hetze-werden\/\" \/>\n<meta property=\"og:site_name\" content=\"The Best Social Media DE\" \/>\n<meta property=\"article:published_time\" content=\"2023-05-12T12:58:21+00:00\" \/>\n<meta property=\"og:image\" content=\"https:\/\/www.thebestsocial.media\/de\/wp-content\/uploads\/sites\/3\/2023\/05\/Kita-Header-2.png\" \/>\n\t<meta property=\"og:image:width\" content=\"1200\" \/>\n\t<meta property=\"og:image:height\" content=\"630\" \/>\n\t<meta property=\"og:image:type\" content=\"image\/png\" \/>\n<meta name=\"author\" content=\"Max Mel\u00fch\" \/>\n<meta name=\"twitter:card\" content=\"summary_large_image\" \/>\n<meta name=\"twitter:label1\" content=\"Verfasst von\" \/>\n\t<meta name=\"twitter:data1\" content=\"Max Mel\u00fch\" \/>\n\t<meta name=\"twitter:label2\" content=\"Gesch\u00e4tzte Lesezeit\" \/>\n\t<meta name=\"twitter:data2\" content=\"4\u00a0Minuten\" \/>\n<script type=\"application\/ld+json\" class=\"yoast-schema-graph\">{\"@context\":\"https:\\\/\\\/schema.org\",\"@graph\":[{\"@type\":\"Article\",\"@id\":\"https:\\\/\\\/www.thebestsocial.media\\\/de\\\/cdu-politiker-laesst-kita-zur-zielscheibe-fuer-rechte-hetze-werden\\\/#article\",\"isPartOf\":{\"@id\":\"https:\\\/\\\/www.thebestsocial.media\\\/de\\\/cdu-politiker-laesst-kita-zur-zielscheibe-fuer-rechte-hetze-werden\\\/\"},\"author\":{\"name\":\"Max Mel\u00fch\",\"@id\":\"https:\\\/\\\/www.thebestsocial.media\\\/de\\\/#\\\/schema\\\/person\\\/01943b756567397914cb8333630f7e20\"},\"headline\":\"CDU Politiker l\u00e4sst Kita zur Zielscheibe f\u00fcr rechte Hetze werden\",\"datePublished\":\"2023-05-12T12:58:21+00:00\",\"mainEntityOfPage\":{\"@id\":\"https:\\\/\\\/www.thebestsocial.media\\\/de\\\/cdu-politiker-laesst-kita-zur-zielscheibe-fuer-rechte-hetze-werden\\\/\"},\"wordCount\":642,\"commentCount\":0,\"image\":{\"@id\":\"https:\\\/\\\/www.thebestsocial.media\\\/de\\\/cdu-politiker-laesst-kita-zur-zielscheibe-fuer-rechte-hetze-werden\\\/#primaryimage\"},\"thumbnailUrl\":\"https:\\\/\\\/www.thebestsocial.media\\\/de\\\/wp-content\\\/uploads\\\/sites\\\/3\\\/2023\\\/05\\\/Kita-Titel-1.png\",\"keywords\":[\"CDU\",\"Diversit\u00e4t\",\"Muttertag\",\"Politiker\"],\"articleSection\":[\"Diskussion\",\"The Worst of Social Media\",\"Twitter\"],\"inLanguage\":\"de\",\"potentialAction\":[{\"@type\":\"CommentAction\",\"name\":\"Comment\",\"target\":[\"https:\\\/\\\/www.thebestsocial.media\\\/de\\\/cdu-politiker-laesst-kita-zur-zielscheibe-fuer-rechte-hetze-werden\\\/#respond\"]}]},{\"@type\":\"WebPage\",\"@id\":\"https:\\\/\\\/www.thebestsocial.media\\\/de\\\/cdu-politiker-laesst-kita-zur-zielscheibe-fuer-rechte-hetze-werden\\\/\",\"url\":\"https:\\\/\\\/www.thebestsocial.media\\\/de\\\/cdu-politiker-laesst-kita-zur-zielscheibe-fuer-rechte-hetze-werden\\\/\",\"name\":\"CDU Politiker l\u00e4sst Kita zur Zielscheibe f\u00fcr rechte Hetze werden!\",\"isPartOf\":{\"@id\":\"https:\\\/\\\/www.thebestsocial.media\\\/de\\\/#website\"},\"primaryImageOfPage\":{\"@id\":\"https:\\\/\\\/www.thebestsocial.media\\\/de\\\/cdu-politiker-laesst-kita-zur-zielscheibe-fuer-rechte-hetze-werden\\\/#primaryimage\"},\"image\":{\"@id\":\"https:\\\/\\\/www.thebestsocial.media\\\/de\\\/cdu-politiker-laesst-kita-zur-zielscheibe-fuer-rechte-hetze-werden\\\/#primaryimage\"},\"thumbnailUrl\":\"https:\\\/\\\/www.thebestsocial.media\\\/de\\\/wp-content\\\/uploads\\\/sites\\\/3\\\/2023\\\/05\\\/Kita-Titel-1.png\",\"datePublished\":\"2023-05-12T12:58:21+00:00\",\"author\":{\"@id\":\"https:\\\/\\\/www.thebestsocial.media\\\/de\\\/#\\\/schema\\\/person\\\/01943b756567397914cb8333630f7e20\"},\"description\":\"Ein CDU-Politiker echauffiert sich auf Twitter \u00fcber eine Kita, die keine Muttertagsgeschenke mehr basteln will und leakt deren Adresse\",\"breadcrumb\":{\"@id\":\"https:\\\/\\\/www.thebestsocial.media\\\/de\\\/cdu-politiker-laesst-kita-zur-zielscheibe-fuer-rechte-hetze-werden\\\/#breadcrumb\"},\"inLanguage\":\"de\",\"potentialAction\":[{\"@type\":\"ReadAction\",\"target\":[\"https:\\\/\\\/www.thebestsocial.media\\\/de\\\/cdu-politiker-laesst-kita-zur-zielscheibe-fuer-rechte-hetze-werden\\\/\"]}]},{\"@type\":\"ImageObject\",\"inLanguage\":\"de\",\"@id\":\"https:\\\/\\\/www.thebestsocial.media\\\/de\\\/cdu-politiker-laesst-kita-zur-zielscheibe-fuer-rechte-hetze-werden\\\/#primaryimage\",\"url\":\"https:\\\/\\\/www.thebestsocial.media\\\/de\\\/wp-content\\\/uploads\\\/sites\\\/3\\\/2023\\\/05\\\/Kita-Titel-1.png\",\"contentUrl\":\"https:\\\/\\\/www.thebestsocial.media\\\/de\\\/wp-content\\\/uploads\\\/sites\\\/3\\\/2023\\\/05\\\/Kita-Titel-1.png\",\"width\":1200,\"height\":630,\"caption\":\"Politiker\"},{\"@type\":\"BreadcrumbList\",\"@id\":\"https:\\\/\\\/www.thebestsocial.media\\\/de\\\/cdu-politiker-laesst-kita-zur-zielscheibe-fuer-rechte-hetze-werden\\\/#breadcrumb\",\"itemListElement\":[{\"@type\":\"ListItem\",\"position\":1,\"name\":\"Home\",\"item\":\"https:\\\/\\\/www.thebestsocial.media\\\/de\\\/\"},{\"@type\":\"ListItem\",\"position\":2,\"name\":\"CDU Politiker l\u00e4sst Kita zur Zielscheibe f\u00fcr rechte Hetze werden\"}]},{\"@type\":\"WebSite\",\"@id\":\"https:\\\/\\\/www.thebestsocial.media\\\/de\\\/#website\",\"url\":\"https:\\\/\\\/www.thebestsocial.media\\\/de\\\/\",\"name\":\"The Best Social Media DE\",\"description\":\"\",\"potentialAction\":[{\"@type\":\"SearchAction\",\"target\":{\"@type\":\"EntryPoint\",\"urlTemplate\":\"https:\\\/\\\/www.thebestsocial.media\\\/de\\\/?s={search_term_string}\"},\"query-input\":{\"@type\":\"PropertyValueSpecification\",\"valueRequired\":true,\"valueName\":\"search_term_string\"}}],\"inLanguage\":\"de\"},{\"@type\":\"Person\",\"@id\":\"https:\\\/\\\/www.thebestsocial.media\\\/de\\\/#\\\/schema\\\/person\\\/01943b756567397914cb8333630f7e20\",\"name\":\"Max Mel\u00fch\",\"image\":{\"@type\":\"ImageObject\",\"inLanguage\":\"de\",\"@id\":\"https:\\\/\\\/secure.gravatar.com\\\/avatar\\\/c0c6468f7ee308a57a7b07bf68c958afc2f9e427d7de86484be5d3efbb7fd8a4?s=96&d=mm&r=g\",\"url\":\"https:\\\/\\\/secure.gravatar.com\\\/avatar\\\/c0c6468f7ee308a57a7b07bf68c958afc2f9e427d7de86484be5d3efbb7fd8a4?s=96&d=mm&r=g\",\"contentUrl\":\"https:\\\/\\\/secure.gravatar.com\\\/avatar\\\/c0c6468f7ee308a57a7b07bf68c958afc2f9e427d7de86484be5d3efbb7fd8a4?s=96&d=mm&r=g\",\"caption\":\"Max Mel\u00fch\"},\"sameAs\":[\"maxmeluh\"],\"url\":\"https:\\\/\\\/www.thebestsocial.media\\\/de\\\/author\\\/maxmeluh\\\/\"}]}<\/script>\n<!-- \/ Yoast SEO plugin. -->","yoast_head_json":{"title":"CDU Politiker l\u00e4sst Kita zur Zielscheibe f\u00fcr rechte Hetze werden!","description":"Ein CDU-Politiker echauffiert sich auf Twitter \u00fcber eine Kita, die keine Muttertagsgeschenke mehr basteln will und leakt deren Adresse","robots":{"index":"index","follow":"follow","max-snippet":"max-snippet:-1","max-image-preview":"max-image-preview:large","max-video-preview":"max-video-preview:-1"},"canonical":"https:\/\/www.thebestsocial.media\/de\/cdu-politiker-laesst-kita-zur-zielscheibe-fuer-rechte-hetze-werden\/","og_locale":"de_DE","og_type":"article","og_title":"CDU Politiker l\u00e4sst Kita zur Zielscheibe f\u00fcr rechte Hetze werden!","og_description":"Ein CDU-Politiker echauffiert sich auf Twitter \u00fcber eine Kita, die keine Muttertagsgeschenke mehr basteln will und leakt deren Adresse","og_url":"https:\/\/www.thebestsocial.media\/de\/cdu-politiker-laesst-kita-zur-zielscheibe-fuer-rechte-hetze-werden\/","og_site_name":"The Best Social Media DE","article_published_time":"2023-05-12T12:58:21+00:00","og_image":[{"width":1200,"height":630,"url":"https:\/\/www.thebestsocial.media\/de\/wp-content\/uploads\/sites\/3\/2023\/05\/Kita-Header-2.png","type":"image\/png"}],"author":"Max Mel\u00fch","twitter_card":"summary_large_image","twitter_misc":{"Verfasst von":"Max Mel\u00fch","Gesch\u00e4tzte Lesezeit":"4\u00a0Minuten"},"schema":{"@context":"https:\/\/schema.org","@graph":[{"@type":"Article","@id":"https:\/\/www.thebestsocial.media\/de\/cdu-politiker-laesst-kita-zur-zielscheibe-fuer-rechte-hetze-werden\/#article","isPartOf":{"@id":"https:\/\/www.thebestsocial.media\/de\/cdu-politiker-laesst-kita-zur-zielscheibe-fuer-rechte-hetze-werden\/"},"author":{"name":"Max Mel\u00fch","@id":"https:\/\/www.thebestsocial.media\/de\/#\/schema\/person\/01943b756567397914cb8333630f7e20"},"headline":"CDU Politiker l\u00e4sst Kita zur Zielscheibe f\u00fcr rechte Hetze werden","datePublished":"2023-05-12T12:58:21+00:00","mainEntityOfPage":{"@id":"https:\/\/www.thebestsocial.media\/de\/cdu-politiker-laesst-kita-zur-zielscheibe-fuer-rechte-hetze-werden\/"},"wordCount":642,"commentCount":0,"image":{"@id":"https:\/\/www.thebestsocial.media\/de\/cdu-politiker-laesst-kita-zur-zielscheibe-fuer-rechte-hetze-werden\/#primaryimage"},"thumbnailUrl":"https:\/\/www.thebestsocial.media\/de\/wp-content\/uploads\/sites\/3\/2023\/05\/Kita-Titel-1.png","keywords":["CDU","Diversit\u00e4t","Muttertag","Politiker"],"articleSection":["Diskussion","The Worst of Social Media","Twitter"],"inLanguage":"de","potentialAction":[{"@type":"CommentAction","name":"Comment","target":["https:\/\/www.thebestsocial.media\/de\/cdu-politiker-laesst-kita-zur-zielscheibe-fuer-rechte-hetze-werden\/#respond"]}]},{"@type":"WebPage","@id":"https:\/\/www.thebestsocial.media\/de\/cdu-politiker-laesst-kita-zur-zielscheibe-fuer-rechte-hetze-werden\/","url":"https:\/\/www.thebestsocial.media\/de\/cdu-politiker-laesst-kita-zur-zielscheibe-fuer-rechte-hetze-werden\/","name":"CDU Politiker l\u00e4sst Kita zur Zielscheibe f\u00fcr rechte Hetze werden!","isPartOf":{"@id":"https:\/\/www.thebestsocial.media\/de\/#website"},"primaryImageOfPage":{"@id":"https:\/\/www.thebestsocial.media\/de\/cdu-politiker-laesst-kita-zur-zielscheibe-fuer-rechte-hetze-werden\/#primaryimage"},"image":{"@id":"https:\/\/www.thebestsocial.media\/de\/cdu-politiker-laesst-kita-zur-zielscheibe-fuer-rechte-hetze-werden\/#primaryimage"},"thumbnailUrl":"https:\/\/www.thebestsocial.media\/de\/wp-content\/uploads\/sites\/3\/2023\/05\/Kita-Titel-1.png","datePublished":"2023-05-12T12:58:21+00:00","author":{"@id":"https:\/\/www.thebestsocial.media\/de\/#\/schema\/person\/01943b756567397914cb8333630f7e20"},"description":"Ein CDU-Politiker echauffiert sich auf Twitter \u00fcber eine Kita, die keine Muttertagsgeschenke mehr basteln will und leakt deren Adresse","breadcrumb":{"@id":"https:\/\/www.thebestsocial.media\/de\/cdu-politiker-laesst-kita-zur-zielscheibe-fuer-rechte-hetze-werden\/#breadcrumb"},"inLanguage":"de","potentialAction":[{"@type":"ReadAction","target":["https:\/\/www.thebestsocial.media\/de\/cdu-politiker-laesst-kita-zur-zielscheibe-fuer-rechte-hetze-werden\/"]}]},{"@type":"ImageObject","inLanguage":"de","@id":"https:\/\/www.thebestsocial.media\/de\/cdu-politiker-laesst-kita-zur-zielscheibe-fuer-rechte-hetze-werden\/#primaryimage","url":"https:\/\/www.thebestsocial.media\/de\/wp-content\/uploads\/sites\/3\/2023\/05\/Kita-Titel-1.png","contentUrl":"https:\/\/www.thebestsocial.media\/de\/wp-content\/uploads\/sites\/3\/2023\/05\/Kita-Titel-1.png","width":1200,"height":630,"caption":"Politiker"},{"@type":"BreadcrumbList","@id":"https:\/\/www.thebestsocial.media\/de\/cdu-politiker-laesst-kita-zur-zielscheibe-fuer-rechte-hetze-werden\/#breadcrumb","itemListElement":[{"@type":"ListItem","position":1,"name":"Home","item":"https:\/\/www.thebestsocial.media\/de\/"},{"@type":"ListItem","position":2,"name":"CDU Politiker l\u00e4sst Kita zur Zielscheibe f\u00fcr rechte Hetze werden"}]},{"@type":"WebSite","@id":"https:\/\/www.thebestsocial.media\/de\/#website","url":"https:\/\/www.thebestsocial.media\/de\/","name":"The Best Social Media DE","description":"","potentialAction":[{"@type":"SearchAction","target":{"@type":"EntryPoint","urlTemplate":"https:\/\/www.thebestsocial.media\/de\/?s={search_term_string}"},"query-input":{"@type":"PropertyValueSpecification","valueRequired":true,"valueName":"search_term_string"}}],"inLanguage":"de"},{"@type":"Person","@id":"https:\/\/www.thebestsocial.media\/de\/#\/schema\/person\/01943b756567397914cb8333630f7e20","name":"Max Mel\u00fch","image":{"@type":"ImageObject","inLanguage":"de","@id":"https:\/\/secure.gravatar.com\/avatar\/c0c6468f7ee308a57a7b07bf68c958afc2f9e427d7de86484be5d3efbb7fd8a4?s=96&d=mm&r=g","url":"https:\/\/secure.gravatar.com\/avatar\/c0c6468f7ee308a57a7b07bf68c958afc2f9e427d7de86484be5d3efbb7fd8a4?s=96&d=mm&r=g","contentUrl":"https:\/\/secure.gravatar.com\/avatar\/c0c6468f7ee308a57a7b07bf68c958afc2f9e427d7de86484be5d3efbb7fd8a4?s=96&d=mm&r=g","caption":"Max Mel\u00fch"},"sameAs":["maxmeluh"],"url":"https:\/\/www.thebestsocial.media\/de\/author\/maxmeluh\/"}]}},"amp_enabled":true,"_links":{"self":[{"href":"https:\/\/www.thebestsocial.media\/de\/wp-json\/wp\/v2\/posts\/181831","targetHints":{"allow":["GET"]}}],"collection":[{"href":"https:\/\/www.thebestsocial.media\/de\/wp-json\/wp\/v2\/posts"}],"about":[{"href":"https:\/\/www.thebestsocial.media\/de\/wp-json\/wp\/v2\/types\/post"}],"author":[{"embeddable":true,"href":"https:\/\/www.thebestsocial.media\/de\/wp-json\/wp\/v2\/users\/107"}],"replies":[{"embeddable":true,"href":"https:\/\/www.thebestsocial.media\/de\/wp-json\/wp\/v2\/comments?post=181831"}],"version-history":[{"count":13,"href":"https:\/\/www.thebestsocial.media\/de\/wp-json\/wp\/v2\/posts\/181831\/revisions"}],"predecessor-version":[{"id":181892,"href":"https:\/\/www.thebestsocial.media\/de\/wp-json\/wp\/v2\/posts\/181831\/revisions\/181892"}],"wp:featuredmedia":[{"embeddable":true,"href":"https:\/\/www.thebestsocial.media\/de\/wp-json\/wp\/v2\/media\/181884"}],"wp:attachment":[{"href":"https:\/\/www.thebestsocial.media\/de\/wp-json\/wp\/v2\/media?parent=181831"}],"wp:term":[{"taxonomy":"category","embeddable":true,"href":"https:\/\/www.thebestsocial.media\/de\/wp-json\/wp\/v2\/categories?post=181831"},{"taxonomy":"post_tag","embeddable":true,"href":"https:\/\/www.thebestsocial.media\/de\/wp-json\/wp\/v2\/tags?post=181831"}],"curies":[{"name":"wp","href":"https:\/\/api.w.org\/{rel}","templated":true}]}}