{"id":181019,"date":"2023-04-25T16:24:40","date_gmt":"2023-04-25T16:24:40","guid":{"rendered":"https:\/\/www.thebestsocial.media\/de\/?p=181019"},"modified":"2023-04-25T19:05:07","modified_gmt":"2023-04-25T19:05:07","slug":"schwaebisch-ist-tiktoks-neuer-lieblingsdialekt","status":"publish","type":"post","link":"https:\/\/www.thebestsocial.media\/de\/schwaebisch-ist-tiktoks-neuer-lieblingsdialekt\/","title":{"rendered":"Ha noi! Schw\u00e4bisch ist TikToks neuer Lieblingsdialekt"},"content":{"rendered":"<p>&#8222;Schw\u00e4bisch oder Schlaganfall &#8211; der \u00dcbergang ist flie\u00dfend&#8220;. Die Ansichten \u00fcber das Schwabenland k\u00f6nnten nicht unterschiedlicher sein. Entweder man lieb sein W\u00fcrttemberg oder man hasst es &#8211; letzteres trifft h\u00e4ufig auf Menschen zu, die au\u00dferhalb der Landesgrenze wohnen. Doch in einem sind sich alle einig: Schw\u00e4bisch klingt verdammt witzig!<\/p>\n<h3><\/h3>\n<h3>Sonst schuldsch ma e ruhiger Stuhlgang!<\/h3>\n<p><iframe loading=\"lazy\" src=\"\/tiktok-cache\/7220490097383329030\/3cb648ab18633e816c9278a1bcba7d1d39261402407b264e466cb473\" width=\"623\" height=\"1108\" style=\"border:0; height:90vh; width:50.625000vh;\" scrolling=\"no\"><\/iframe><\/p>\n<p>&nbsp;<\/p>\n<h3>Verst\u00e4ndlich:<\/h3>\n<p><img loading=\"lazy\" decoding=\"async\" class=\" wp-image-181049 aligncenter\" src=\"https:\/\/www.thebestsocial.media\/de\/wp-content\/uploads\/sites\/3\/2023\/04\/Bildschirm\u00adfoto-2023-04-24-um-16.53.28-300x40.png\" alt=\"Schw\u00e4bisch\" width=\"748\" height=\"100\" srcset=\"https:\/\/www.thebestsocial.media\/de\/wp-content\/uploads\/sites\/3\/2023\/04\/Bildschirm\u00adfoto-2023-04-24-um-16.53.28-300x40.png 300w, https:\/\/www.thebestsocial.media\/de\/wp-content\/uploads\/sites\/3\/2023\/04\/Bildschirm\u00adfoto-2023-04-24-um-16.53.28-768x102.png 768w, https:\/\/www.thebestsocial.media\/de\/wp-content\/uploads\/sites\/3\/2023\/04\/Bildschirm\u00adfoto-2023-04-24-um-16.53.28.png 950w\" sizes=\"auto, (max-width: 748px) 100vw, 748px\" \/><\/p>\n<p>&nbsp;<\/p>\n<h3>Ha noi!<\/h3>\n<blockquote class=\"twitter-tweet\">\n<p dir=\"ltr\" lang=\"de\">Schw\u00e4bisch ist toll. Es klingt so lieb und harmlos. Deshalb setze ich es taktisch ein.<br \/>\n\u201eChefle, noi weisch&#8230; wirsch sichalich lache&#8230; i han da e kleins Katastr\u00f6phle angrichtet.. \u201e<\/p>\n<p>\u2014 TopFritte\ud83d\udd25\ud83c\udf64\ud83d\udcef (@Topfritte) <a href=\"https:\/\/twitter.com\/Topfritte\/status\/1003877197298438144?ref_src=twsrc%5Etfw\">June 5, 2018<\/a><\/p><\/blockquote>\n<p><script async src=\"https:\/\/platform.twitter.com\/widgets.js\" charset=\"utf-8\"><\/script><\/p>\n<p>&nbsp;<\/p>\n<h3 style=\"text-align: center;\">Just do it! auf Schw\u00e4bisch:<\/h3>\n<p><iframe loading=\"lazy\" src=\"\/tiktok-cache\/7156303033020730629\/ea1c1de387af3cd08fd9985553920a12b1b40ee790fe0d275ffbbdbc\" width=\"623\" height=\"1108\" style=\"border:0; height:90vh; width:50.625000vh;\" scrolling=\"no\"><\/iframe><\/p>\n<p>&nbsp;<\/p>\n<h3>Des find i jetzt aber ned richtig!<\/h3>\n<blockquote class=\"twitter-tweet\">\n<p dir=\"ltr\" lang=\"de\">Schw\u00e4bisch oder Schlaganfall, der \u00dcbergang ist flie\u00dfend.<\/p>\n<p>\u2014 Herr Rampensen (@RampeRampensen) <a href=\"https:\/\/twitter.com\/RampeRampensen\/status\/1512769876171108360?ref_src=twsrc%5Etfw\">April 9, 2022<\/a><\/p><\/blockquote>\n<p><script async src=\"https:\/\/platform.twitter.com\/widgets.js\" charset=\"utf-8\"><\/script><\/p>\n<p>&nbsp;<\/p>\n<h3>La Mia Grande kurz zur &#8222;Mei Gro\u00dfe&#8220; geworden:<\/h3>\n<blockquote class=\"twitter-tweet\">\n<p dir=\"ltr\" lang=\"de\">Wenn man Pizza Pasta auf schw\u00e4bisch bestellt. <a href=\"https:\/\/t.co\/r5DBPKiWI7\">https:\/\/t.co\/r5DBPKiWI7<\/a><\/p>\n<p>\u2014 Dr. Oetker Pizza DE \ud83c\udf55 (@DrOetkerPizzaDE) <a href=\"https:\/\/twitter.com\/DrOetkerPizzaDE\/status\/1595325890770206722?ref_src=twsrc%5Etfw\">November 23, 2022<\/a><\/p><\/blockquote>\n<p><script async src=\"https:\/\/platform.twitter.com\/widgets.js\" charset=\"utf-8\"><\/script><\/p>\n<p>&nbsp;<\/p>\n<h3>Romantischer wirds heute nicht mehr:<\/h3>\n<p><iframe loading=\"lazy\" src=\"\/tiktok-cache\/7220814792699710725\/2adb7f322a3e37fde4bb536b9c6bfcd17689e2049ce4ee98a00d4c15\" width=\"623\" height=\"1108\" style=\"border:0; height:90vh; width:50.625000vh;\" scrolling=\"no\"><\/iframe><\/p>\n<p>&nbsp;<\/p>\n<h3>Man muss ja nicht alles an die gro\u00dfe Glocke h\u00e4ngen:<\/h3>\n<p><img loading=\"lazy\" decoding=\"async\" class=\" wp-image-181040 aligncenter\" src=\"https:\/\/www.thebestsocial.media\/de\/wp-content\/uploads\/sites\/3\/2023\/04\/Bildschirm\u00adfoto-2023-04-24-um-15.34.29-300x70.png\" alt=\"Schw\u00e4bisch \" width=\"626\" height=\"146\" srcset=\"https:\/\/www.thebestsocial.media\/de\/wp-content\/uploads\/sites\/3\/2023\/04\/Bildschirm\u00adfoto-2023-04-24-um-15.34.29-300x70.png 300w, https:\/\/www.thebestsocial.media\/de\/wp-content\/uploads\/sites\/3\/2023\/04\/Bildschirm\u00adfoto-2023-04-24-um-15.34.29-768x178.png 768w, https:\/\/www.thebestsocial.media\/de\/wp-content\/uploads\/sites\/3\/2023\/04\/Bildschirm\u00adfoto-2023-04-24-um-15.34.29.png 938w\" sizes=\"auto, (max-width: 626px) 100vw, 626px\" \/><\/p>\n<p>&nbsp;<\/p>\n<h3>Eine komplett andere Person auf einmal geworden:<\/h3>\n<p><iframe loading=\"lazy\" src=\"\/tiktok-cache\/7217097464082353414\/169d9b3197763f86f0630ff9e80c5a0d5edc48f2833a5b7c1a27922d\" width=\"623\" height=\"1108\" style=\"border:0; height:90vh; width:50.625000vh;\" scrolling=\"no\"><\/iframe><\/p>\n<p>&nbsp;<\/p>\n<h3>Kei Schw\u00e4bisch like my Schw\u00e4bisch!<\/h3>\n<p><img loading=\"lazy\" decoding=\"async\" class=\"aligncenter wp-image-181039\" src=\"https:\/\/www.thebestsocial.media\/de\/wp-content\/uploads\/sites\/3\/2023\/04\/Bildschirm\u00adfoto-2023-04-24-um-15.33.09-300x68.png\" alt=\"Kommentar TikTok\" width=\"569\" height=\"129\" srcset=\"https:\/\/www.thebestsocial.media\/de\/wp-content\/uploads\/sites\/3\/2023\/04\/Bildschirm\u00adfoto-2023-04-24-um-15.33.09-300x68.png 300w, https:\/\/www.thebestsocial.media\/de\/wp-content\/uploads\/sites\/3\/2023\/04\/Bildschirm\u00adfoto-2023-04-24-um-15.33.09-768x173.png 768w, https:\/\/www.thebestsocial.media\/de\/wp-content\/uploads\/sites\/3\/2023\/04\/Bildschirm\u00adfoto-2023-04-24-um-15.33.09.png 942w\" sizes=\"auto, (max-width: 569px) 100vw, 569px\" \/><\/p>\n<p>&nbsp;<\/p>\n<h3>So ebbes Bl\u00f6eds aber au:<\/h3>\n<p><iframe loading=\"lazy\" src=\"\/tiktok-cache\/7218269507796667653\/a69fe65cec587d5d922b07aecf0036440ac76bd78552ec6969d5d375\" width=\"623\" height=\"1108\" style=\"border:0; height:90vh; width:50.625000vh;\" scrolling=\"no\"><\/iframe><\/p>\n<p>&nbsp;<\/p>\n<h3>Topspin Thomas meldet sich zum Dienst:<\/h3>\n<p><iframe loading=\"lazy\" src=\"\/tiktok-cache\/7216049101652135174\/34127eed680bb2f4724dd2339416129dbd5c6efe4075ffa1e6a43caf\" width=\"623\" height=\"1108\" style=\"border:0; height:90vh; width:50.625000vh;\" scrolling=\"no\"><\/iframe><\/p>\n<p>&nbsp;<\/p>\n<h3>Ein begehrter Mann:<\/h3>\n<p><img loading=\"lazy\" decoding=\"async\" class=\"aligncenter wp-image-181038\" src=\"https:\/\/www.thebestsocial.media\/de\/wp-content\/uploads\/sites\/3\/2023\/04\/Bildschirm\u00adfoto-2023-04-24-um-15.29.31-300x51.png\" alt=\"Topspin Thomas Kommentar\" width=\"606\" height=\"103\" srcset=\"https:\/\/www.thebestsocial.media\/de\/wp-content\/uploads\/sites\/3\/2023\/04\/Bildschirm\u00adfoto-2023-04-24-um-15.29.31-300x51.png 300w, https:\/\/www.thebestsocial.media\/de\/wp-content\/uploads\/sites\/3\/2023\/04\/Bildschirm\u00adfoto-2023-04-24-um-15.29.31-768x132.png 768w, https:\/\/www.thebestsocial.media\/de\/wp-content\/uploads\/sites\/3\/2023\/04\/Bildschirm\u00adfoto-2023-04-24-um-15.29.31.png 956w\" sizes=\"auto, (max-width: 606px) 100vw, 606px\" \/><\/p>\n<h3><\/h3>\n<p>&nbsp;<\/p>\n<h3>Zigaretten im Eintopf, immer schwierig:<\/h3>\n<p><iframe loading=\"lazy\" src=\"\/tiktok-cache\/7224574191499037978\/29095338d93d06e6d0e7d42ba4fc4cd8432951254218aa0e0ac8f413\" width=\"623\" height=\"1108\" style=\"border:0; height:90vh; width:50.625000vh;\" scrolling=\"no\"><\/iframe><\/p>\n<p>&nbsp;<\/p>\n<h3>Wer kennt ihn nicht?<\/h3>\n<p><img loading=\"lazy\" decoding=\"async\" class=\" wp-image-181035 aligncenter\" src=\"https:\/\/www.thebestsocial.media\/de\/wp-content\/uploads\/sites\/3\/2023\/04\/Bildschirm\u00adfoto-2023-04-24-um-15.27.33-300x40.png\" alt=\"Schw\u00e4bisch\" width=\"668\" height=\"89\" srcset=\"https:\/\/www.thebestsocial.media\/de\/wp-content\/uploads\/sites\/3\/2023\/04\/Bildschirm\u00adfoto-2023-04-24-um-15.27.33-300x40.png 300w, https:\/\/www.thebestsocial.media\/de\/wp-content\/uploads\/sites\/3\/2023\/04\/Bildschirm\u00adfoto-2023-04-24-um-15.27.33-768x104.png 768w, https:\/\/www.thebestsocial.media\/de\/wp-content\/uploads\/sites\/3\/2023\/04\/Bildschirm\u00adfoto-2023-04-24-um-15.27.33.png 934w\" sizes=\"auto, (max-width: 668px) 100vw, 668px\" \/><\/p>\n<p>&nbsp;<\/p>\n<p>&nbsp;<\/p>\n<p>&nbsp;<\/p>\n<p><b data-stringify-type=\"bold\">___<\/b><br \/>\n<b data-stringify-type=\"bold\">Vielen Dank an alle f\u00fcr die Posts!<\/b><br \/>\n<b data-stringify-type=\"bold\">___<\/b><\/p>\n<p><b data-stringify-type=\"bold\">Unterst\u00fctze uns mit nur einem Klick!<\/b><\/p>\n<p>Dir gef\u00e4llt unsere Arbeit? Dann unterst\u00fctze sie doch! Das geht ganz einfach mit einem Klick auf die Werbeanzeigen auf unserer Seite. Kostet nix, aber hilft uns sehr.\u00a0<img decoding=\"async\" class=\"emoji\" role=\"img\" draggable=\"false\" src=\"https:\/\/s.w.org\/images\/core\/emoji\/14.0.0\/svg\/1f642.svg\" alt=\"\ud83d\ude42\" \/><br \/>\nDu hast Feedback? Schick es uns \u2013 zum Beispiel\u00a0<a class=\"c-link\" href=\"https:\/\/www.thebestsocial.media\/de\/einsendungen\/\" target=\"_blank\" rel=\"noopener noreferrer\" data-stringify-link=\"https:\/\/www.thebestsocial.media\/de\/einsendungen\/\" data-sk=\"tooltip_parent\">hier<\/a>\u00a0oder per Direktnachricht auf\u00a0<a class=\"c-link\" href=\"https:\/\/www.instagram.com\/thebestsocialmediade\/\" target=\"_blank\" rel=\"noopener noreferrer\" data-stringify-link=\"https:\/\/www.instagram.com\/thebestsocialmediade\/\" data-sk=\"tooltip_parent\">Instagram<\/a>,\u00a0<a class=\"c-link\" href=\"https:\/\/www.facebook.com\/thebestsocialmediaDE\/\" target=\"_blank\" rel=\"noopener noreferrer\" data-stringify-link=\"https:\/\/www.facebook.com\/thebestsocialmediaDE\/\" data-sk=\"tooltip_parent\">Facebook<\/a>\u00a0oder\u00a0<a class=\"c-link\" href=\"https:\/\/twitter.com\/thebestsocialDE\" target=\"_blank\" rel=\"noopener noreferrer\" data-stringify-link=\"https:\/\/twitter.com\/thebestsocialDE\" data-sk=\"tooltip_parent\">Twitter<\/a>.<\/p>\n<p><em>Auf der Suche nach einem spannenden Praktikum, ohne Kaffeekochen und Kopieren, daf\u00fcr aber mit Verg\u00fctung?\u00a0<a href=\"https:\/\/www.thebestsocialjobs.com\/de\/stelle\/praktikant-redaktion-the-best-social-media\/\">Hier<\/a>\u00a0entlang!<\/em><\/p>\n","protected":false},"excerpt":{"rendered":"<p>&#8222;Schw\u00e4bisch oder Schlaganfall &#8211; der \u00dcbergang ist flie\u00dfend&#8220;. Die Ansichten \u00fcber das Schwabenland k\u00f6nnten nicht unterschiedlicher sein. Entweder man lieb sein W\u00fcrttemberg oder man hasst&#8230;<\/p>\n","protected":false},"author":107,"featured_media":181053,"comment_status":"open","ping_status":"open","sticky":false,"template":"","format":"standard","meta":{"_acf_changed":false,"footnotes":""},"categories":[106,1728,3641],"tags":[1013,2474,2788,3333],"class_list":["post-181019","post","type-post","status-publish","format-standard","has-post-thumbnail","hentry","category-best-of","category-humor","category-tiktok","tag-baden-wuerttemberg","tag-schwaben","tag-schwaebisch","tag-tiktok"],"acf":[],"yoast_head":"<!-- This site is optimized with the Yoast SEO plugin v27.5 - https:\/\/yoast.com\/product\/yoast-seo-wordpress\/ -->\n<title>Ha noi! Schw\u00e4bisch ist TikToks neuer Lieblingsdialekt<\/title>\n<meta name=\"description\" content=\"Entweder man liebt es oder man hasst es. Doch bei einem sind sich alle einig: Schw\u00e4bisch ist verdammt witzig!\" \/>\n<meta name=\"robots\" content=\"index, follow, max-snippet:-1, max-image-preview:large, max-video-preview:-1\" \/>\n<link rel=\"canonical\" href=\"https:\/\/www.thebestsocial.media\/de\/schwaebisch-ist-tiktoks-neuer-lieblingsdialekt\/\" \/>\n<meta property=\"og:locale\" content=\"de_DE\" \/>\n<meta property=\"og:type\" content=\"article\" \/>\n<meta property=\"og:title\" content=\"Ha noi! Sehr schw\u00e4bische Posts\" \/>\n<meta property=\"og:description\" content=\"Entweder man liebt es oder man hasst es. Doch bei einem sind sich alle einig: Schw\u00e4bisch ist verdammt witzig!\" \/>\n<meta property=\"og:url\" content=\"https:\/\/www.thebestsocial.media\/de\/schwaebisch-ist-tiktoks-neuer-lieblingsdialekt\/\" \/>\n<meta property=\"og:site_name\" content=\"The Best Social Media DE\" \/>\n<meta property=\"article:published_time\" content=\"2023-04-25T16:24:40+00:00\" \/>\n<meta property=\"article:modified_time\" content=\"2023-04-25T19:05:07+00:00\" \/>\n<meta property=\"og:image\" content=\"https:\/\/www.thebestsocial.media\/de\/wp-content\/uploads\/sites\/3\/2023\/04\/Schwaebisch-Header.png\" \/>\n\t<meta property=\"og:image:width\" content=\"1200\" \/>\n\t<meta property=\"og:image:height\" content=\"630\" \/>\n\t<meta property=\"og:image:type\" content=\"image\/png\" \/>\n<meta name=\"author\" content=\"Max Mel\u00fch\" \/>\n<meta name=\"twitter:card\" content=\"summary_large_image\" \/>\n<meta name=\"twitter:label1\" content=\"Verfasst von\" \/>\n\t<meta name=\"twitter:data1\" content=\"Max Mel\u00fch\" \/>\n\t<meta name=\"twitter:label2\" content=\"Gesch\u00e4tzte Lesezeit\" \/>\n\t<meta name=\"twitter:data2\" content=\"4\u00a0Minuten\" \/>\n<script type=\"application\/ld+json\" class=\"yoast-schema-graph\">{\"@context\":\"https:\\\/\\\/schema.org\",\"@graph\":[{\"@type\":\"Article\",\"@id\":\"https:\\\/\\\/www.thebestsocial.media\\\/de\\\/schwaebisch-ist-tiktoks-neuer-lieblingsdialekt\\\/#article\",\"isPartOf\":{\"@id\":\"https:\\\/\\\/www.thebestsocial.media\\\/de\\\/schwaebisch-ist-tiktoks-neuer-lieblingsdialekt\\\/\"},\"author\":{\"name\":\"Max Mel\u00fch\",\"@id\":\"https:\\\/\\\/www.thebestsocial.media\\\/de\\\/#\\\/schema\\\/person\\\/01943b756567397914cb8333630f7e20\"},\"headline\":\"Ha noi! Schw\u00e4bisch ist TikToks neuer Lieblingsdialekt\",\"datePublished\":\"2023-04-25T16:24:40+00:00\",\"dateModified\":\"2023-04-25T19:05:07+00:00\",\"mainEntityOfPage\":{\"@id\":\"https:\\\/\\\/www.thebestsocial.media\\\/de\\\/schwaebisch-ist-tiktoks-neuer-lieblingsdialekt\\\/\"},\"wordCount\":455,\"commentCount\":0,\"image\":{\"@id\":\"https:\\\/\\\/www.thebestsocial.media\\\/de\\\/schwaebisch-ist-tiktoks-neuer-lieblingsdialekt\\\/#primaryimage\"},\"thumbnailUrl\":\"https:\\\/\\\/www.thebestsocial.media\\\/de\\\/wp-content\\\/uploads\\\/sites\\\/3\\\/2023\\\/04\\\/Schwaebisch-Titel.png\",\"keywords\":[\"baden w\u00fcrttemberg\",\"Schwaben\",\"Schw\u00e4bisch\",\"TikTok\"],\"articleSection\":[\"Best of\",\"Humor\",\"TikTok\"],\"inLanguage\":\"de\",\"potentialAction\":[{\"@type\":\"CommentAction\",\"name\":\"Comment\",\"target\":[\"https:\\\/\\\/www.thebestsocial.media\\\/de\\\/schwaebisch-ist-tiktoks-neuer-lieblingsdialekt\\\/#respond\"]}]},{\"@type\":\"WebPage\",\"@id\":\"https:\\\/\\\/www.thebestsocial.media\\\/de\\\/schwaebisch-ist-tiktoks-neuer-lieblingsdialekt\\\/\",\"url\":\"https:\\\/\\\/www.thebestsocial.media\\\/de\\\/schwaebisch-ist-tiktoks-neuer-lieblingsdialekt\\\/\",\"name\":\"Ha noi! Schw\u00e4bisch ist TikToks neuer Lieblingsdialekt\",\"isPartOf\":{\"@id\":\"https:\\\/\\\/www.thebestsocial.media\\\/de\\\/#website\"},\"primaryImageOfPage\":{\"@id\":\"https:\\\/\\\/www.thebestsocial.media\\\/de\\\/schwaebisch-ist-tiktoks-neuer-lieblingsdialekt\\\/#primaryimage\"},\"image\":{\"@id\":\"https:\\\/\\\/www.thebestsocial.media\\\/de\\\/schwaebisch-ist-tiktoks-neuer-lieblingsdialekt\\\/#primaryimage\"},\"thumbnailUrl\":\"https:\\\/\\\/www.thebestsocial.media\\\/de\\\/wp-content\\\/uploads\\\/sites\\\/3\\\/2023\\\/04\\\/Schwaebisch-Titel.png\",\"datePublished\":\"2023-04-25T16:24:40+00:00\",\"dateModified\":\"2023-04-25T19:05:07+00:00\",\"author\":{\"@id\":\"https:\\\/\\\/www.thebestsocial.media\\\/de\\\/#\\\/schema\\\/person\\\/01943b756567397914cb8333630f7e20\"},\"description\":\"Entweder man liebt es oder man hasst es. Doch bei einem sind sich alle einig: Schw\u00e4bisch ist verdammt witzig!\",\"breadcrumb\":{\"@id\":\"https:\\\/\\\/www.thebestsocial.media\\\/de\\\/schwaebisch-ist-tiktoks-neuer-lieblingsdialekt\\\/#breadcrumb\"},\"inLanguage\":\"de\",\"potentialAction\":[{\"@type\":\"ReadAction\",\"target\":[\"https:\\\/\\\/www.thebestsocial.media\\\/de\\\/schwaebisch-ist-tiktoks-neuer-lieblingsdialekt\\\/\"]}]},{\"@type\":\"ImageObject\",\"inLanguage\":\"de\",\"@id\":\"https:\\\/\\\/www.thebestsocial.media\\\/de\\\/schwaebisch-ist-tiktoks-neuer-lieblingsdialekt\\\/#primaryimage\",\"url\":\"https:\\\/\\\/www.thebestsocial.media\\\/de\\\/wp-content\\\/uploads\\\/sites\\\/3\\\/2023\\\/04\\\/Schwaebisch-Titel.png\",\"contentUrl\":\"https:\\\/\\\/www.thebestsocial.media\\\/de\\\/wp-content\\\/uploads\\\/sites\\\/3\\\/2023\\\/04\\\/Schwaebisch-Titel.png\",\"width\":1200,\"height\":630,\"caption\":\"TikTok Titel\"},{\"@type\":\"BreadcrumbList\",\"@id\":\"https:\\\/\\\/www.thebestsocial.media\\\/de\\\/schwaebisch-ist-tiktoks-neuer-lieblingsdialekt\\\/#breadcrumb\",\"itemListElement\":[{\"@type\":\"ListItem\",\"position\":1,\"name\":\"Home\",\"item\":\"https:\\\/\\\/www.thebestsocial.media\\\/de\\\/\"},{\"@type\":\"ListItem\",\"position\":2,\"name\":\"Ha noi! Schw\u00e4bisch ist TikToks neuer Lieblingsdialekt\"}]},{\"@type\":\"WebSite\",\"@id\":\"https:\\\/\\\/www.thebestsocial.media\\\/de\\\/#website\",\"url\":\"https:\\\/\\\/www.thebestsocial.media\\\/de\\\/\",\"name\":\"The Best Social Media DE\",\"description\":\"\",\"potentialAction\":[{\"@type\":\"SearchAction\",\"target\":{\"@type\":\"EntryPoint\",\"urlTemplate\":\"https:\\\/\\\/www.thebestsocial.media\\\/de\\\/?s={search_term_string}\"},\"query-input\":{\"@type\":\"PropertyValueSpecification\",\"valueRequired\":true,\"valueName\":\"search_term_string\"}}],\"inLanguage\":\"de\"},{\"@type\":\"Person\",\"@id\":\"https:\\\/\\\/www.thebestsocial.media\\\/de\\\/#\\\/schema\\\/person\\\/01943b756567397914cb8333630f7e20\",\"name\":\"Max Mel\u00fch\",\"image\":{\"@type\":\"ImageObject\",\"inLanguage\":\"de\",\"@id\":\"https:\\\/\\\/secure.gravatar.com\\\/avatar\\\/c0c6468f7ee308a57a7b07bf68c958afc2f9e427d7de86484be5d3efbb7fd8a4?s=96&d=mm&r=g\",\"url\":\"https:\\\/\\\/secure.gravatar.com\\\/avatar\\\/c0c6468f7ee308a57a7b07bf68c958afc2f9e427d7de86484be5d3efbb7fd8a4?s=96&d=mm&r=g\",\"contentUrl\":\"https:\\\/\\\/secure.gravatar.com\\\/avatar\\\/c0c6468f7ee308a57a7b07bf68c958afc2f9e427d7de86484be5d3efbb7fd8a4?s=96&d=mm&r=g\",\"caption\":\"Max Mel\u00fch\"},\"sameAs\":[\"maxmeluh\"],\"url\":\"https:\\\/\\\/www.thebestsocial.media\\\/de\\\/author\\\/maxmeluh\\\/\"}]}<\/script>\n<!-- \/ Yoast SEO plugin. -->","yoast_head_json":{"title":"Ha noi! Schw\u00e4bisch ist TikToks neuer Lieblingsdialekt","description":"Entweder man liebt es oder man hasst es. Doch bei einem sind sich alle einig: Schw\u00e4bisch ist verdammt witzig!","robots":{"index":"index","follow":"follow","max-snippet":"max-snippet:-1","max-image-preview":"max-image-preview:large","max-video-preview":"max-video-preview:-1"},"canonical":"https:\/\/www.thebestsocial.media\/de\/schwaebisch-ist-tiktoks-neuer-lieblingsdialekt\/","og_locale":"de_DE","og_type":"article","og_title":"Ha noi! Sehr schw\u00e4bische Posts","og_description":"Entweder man liebt es oder man hasst es. Doch bei einem sind sich alle einig: Schw\u00e4bisch ist verdammt witzig!","og_url":"https:\/\/www.thebestsocial.media\/de\/schwaebisch-ist-tiktoks-neuer-lieblingsdialekt\/","og_site_name":"The Best Social Media DE","article_published_time":"2023-04-25T16:24:40+00:00","article_modified_time":"2023-04-25T19:05:07+00:00","og_image":[{"width":1200,"height":630,"url":"https:\/\/www.thebestsocial.media\/de\/wp-content\/uploads\/sites\/3\/2023\/04\/Schwaebisch-Header.png","type":"image\/png"}],"author":"Max Mel\u00fch","twitter_card":"summary_large_image","twitter_misc":{"Verfasst von":"Max Mel\u00fch","Gesch\u00e4tzte Lesezeit":"4\u00a0Minuten"},"schema":{"@context":"https:\/\/schema.org","@graph":[{"@type":"Article","@id":"https:\/\/www.thebestsocial.media\/de\/schwaebisch-ist-tiktoks-neuer-lieblingsdialekt\/#article","isPartOf":{"@id":"https:\/\/www.thebestsocial.media\/de\/schwaebisch-ist-tiktoks-neuer-lieblingsdialekt\/"},"author":{"name":"Max Mel\u00fch","@id":"https:\/\/www.thebestsocial.media\/de\/#\/schema\/person\/01943b756567397914cb8333630f7e20"},"headline":"Ha noi! Schw\u00e4bisch ist TikToks neuer Lieblingsdialekt","datePublished":"2023-04-25T16:24:40+00:00","dateModified":"2023-04-25T19:05:07+00:00","mainEntityOfPage":{"@id":"https:\/\/www.thebestsocial.media\/de\/schwaebisch-ist-tiktoks-neuer-lieblingsdialekt\/"},"wordCount":455,"commentCount":0,"image":{"@id":"https:\/\/www.thebestsocial.media\/de\/schwaebisch-ist-tiktoks-neuer-lieblingsdialekt\/#primaryimage"},"thumbnailUrl":"https:\/\/www.thebestsocial.media\/de\/wp-content\/uploads\/sites\/3\/2023\/04\/Schwaebisch-Titel.png","keywords":["baden w\u00fcrttemberg","Schwaben","Schw\u00e4bisch","TikTok"],"articleSection":["Best of","Humor","TikTok"],"inLanguage":"de","potentialAction":[{"@type":"CommentAction","name":"Comment","target":["https:\/\/www.thebestsocial.media\/de\/schwaebisch-ist-tiktoks-neuer-lieblingsdialekt\/#respond"]}]},{"@type":"WebPage","@id":"https:\/\/www.thebestsocial.media\/de\/schwaebisch-ist-tiktoks-neuer-lieblingsdialekt\/","url":"https:\/\/www.thebestsocial.media\/de\/schwaebisch-ist-tiktoks-neuer-lieblingsdialekt\/","name":"Ha noi! Schw\u00e4bisch ist TikToks neuer Lieblingsdialekt","isPartOf":{"@id":"https:\/\/www.thebestsocial.media\/de\/#website"},"primaryImageOfPage":{"@id":"https:\/\/www.thebestsocial.media\/de\/schwaebisch-ist-tiktoks-neuer-lieblingsdialekt\/#primaryimage"},"image":{"@id":"https:\/\/www.thebestsocial.media\/de\/schwaebisch-ist-tiktoks-neuer-lieblingsdialekt\/#primaryimage"},"thumbnailUrl":"https:\/\/www.thebestsocial.media\/de\/wp-content\/uploads\/sites\/3\/2023\/04\/Schwaebisch-Titel.png","datePublished":"2023-04-25T16:24:40+00:00","dateModified":"2023-04-25T19:05:07+00:00","author":{"@id":"https:\/\/www.thebestsocial.media\/de\/#\/schema\/person\/01943b756567397914cb8333630f7e20"},"description":"Entweder man liebt es oder man hasst es. Doch bei einem sind sich alle einig: Schw\u00e4bisch ist verdammt witzig!","breadcrumb":{"@id":"https:\/\/www.thebestsocial.media\/de\/schwaebisch-ist-tiktoks-neuer-lieblingsdialekt\/#breadcrumb"},"inLanguage":"de","potentialAction":[{"@type":"ReadAction","target":["https:\/\/www.thebestsocial.media\/de\/schwaebisch-ist-tiktoks-neuer-lieblingsdialekt\/"]}]},{"@type":"ImageObject","inLanguage":"de","@id":"https:\/\/www.thebestsocial.media\/de\/schwaebisch-ist-tiktoks-neuer-lieblingsdialekt\/#primaryimage","url":"https:\/\/www.thebestsocial.media\/de\/wp-content\/uploads\/sites\/3\/2023\/04\/Schwaebisch-Titel.png","contentUrl":"https:\/\/www.thebestsocial.media\/de\/wp-content\/uploads\/sites\/3\/2023\/04\/Schwaebisch-Titel.png","width":1200,"height":630,"caption":"TikTok Titel"},{"@type":"BreadcrumbList","@id":"https:\/\/www.thebestsocial.media\/de\/schwaebisch-ist-tiktoks-neuer-lieblingsdialekt\/#breadcrumb","itemListElement":[{"@type":"ListItem","position":1,"name":"Home","item":"https:\/\/www.thebestsocial.media\/de\/"},{"@type":"ListItem","position":2,"name":"Ha noi! Schw\u00e4bisch ist TikToks neuer Lieblingsdialekt"}]},{"@type":"WebSite","@id":"https:\/\/www.thebestsocial.media\/de\/#website","url":"https:\/\/www.thebestsocial.media\/de\/","name":"The Best Social Media DE","description":"","potentialAction":[{"@type":"SearchAction","target":{"@type":"EntryPoint","urlTemplate":"https:\/\/www.thebestsocial.media\/de\/?s={search_term_string}"},"query-input":{"@type":"PropertyValueSpecification","valueRequired":true,"valueName":"search_term_string"}}],"inLanguage":"de"},{"@type":"Person","@id":"https:\/\/www.thebestsocial.media\/de\/#\/schema\/person\/01943b756567397914cb8333630f7e20","name":"Max Mel\u00fch","image":{"@type":"ImageObject","inLanguage":"de","@id":"https:\/\/secure.gravatar.com\/avatar\/c0c6468f7ee308a57a7b07bf68c958afc2f9e427d7de86484be5d3efbb7fd8a4?s=96&d=mm&r=g","url":"https:\/\/secure.gravatar.com\/avatar\/c0c6468f7ee308a57a7b07bf68c958afc2f9e427d7de86484be5d3efbb7fd8a4?s=96&d=mm&r=g","contentUrl":"https:\/\/secure.gravatar.com\/avatar\/c0c6468f7ee308a57a7b07bf68c958afc2f9e427d7de86484be5d3efbb7fd8a4?s=96&d=mm&r=g","caption":"Max Mel\u00fch"},"sameAs":["maxmeluh"],"url":"https:\/\/www.thebestsocial.media\/de\/author\/maxmeluh\/"}]}},"amp_enabled":true,"_links":{"self":[{"href":"https:\/\/www.thebestsocial.media\/de\/wp-json\/wp\/v2\/posts\/181019","targetHints":{"allow":["GET"]}}],"collection":[{"href":"https:\/\/www.thebestsocial.media\/de\/wp-json\/wp\/v2\/posts"}],"about":[{"href":"https:\/\/www.thebestsocial.media\/de\/wp-json\/wp\/v2\/types\/post"}],"author":[{"embeddable":true,"href":"https:\/\/www.thebestsocial.media\/de\/wp-json\/wp\/v2\/users\/107"}],"replies":[{"embeddable":true,"href":"https:\/\/www.thebestsocial.media\/de\/wp-json\/wp\/v2\/comments?post=181019"}],"version-history":[{"count":8,"href":"https:\/\/www.thebestsocial.media\/de\/wp-json\/wp\/v2\/posts\/181019\/revisions"}],"predecessor-version":[{"id":181055,"href":"https:\/\/www.thebestsocial.media\/de\/wp-json\/wp\/v2\/posts\/181019\/revisions\/181055"}],"wp:featuredmedia":[{"embeddable":true,"href":"https:\/\/www.thebestsocial.media\/de\/wp-json\/wp\/v2\/media\/181053"}],"wp:attachment":[{"href":"https:\/\/www.thebestsocial.media\/de\/wp-json\/wp\/v2\/media?parent=181019"}],"wp:term":[{"taxonomy":"category","embeddable":true,"href":"https:\/\/www.thebestsocial.media\/de\/wp-json\/wp\/v2\/categories?post=181019"},{"taxonomy":"post_tag","embeddable":true,"href":"https:\/\/www.thebestsocial.media\/de\/wp-json\/wp\/v2\/tags?post=181019"}],"curies":[{"name":"wp","href":"https:\/\/api.w.org\/{rel}","templated":true}]}}