{"id":180995,"date":"2023-04-24T12:38:41","date_gmt":"2023-04-24T12:38:41","guid":{"rendered":"https:\/\/www.thebestsocial.media\/de\/?p=180995"},"modified":"2023-04-24T12:38:41","modified_gmt":"2023-04-24T12:38:41","slug":"super-selten-polarlichter-ueber-deutschland","status":"publish","type":"post","link":"https:\/\/www.thebestsocial.media\/de\/super-selten-polarlichter-ueber-deutschland\/","title":{"rendered":"Super selten: Polarlichter Spektakel \u00fcber Deutschland!"},"content":{"rendered":"<p>&#8222;Wir bleiben wach, bis die Wolken wieder lila sind&#8220;. Dieser Song ist gestern in Deutschland zur Wahrheit geworden. In weiten Teilen des Landes haben Polarlichter (Aurora Borealis) den Himmel zum Leuchten gebracht. Wir haben die beeindruckenden Schnappsch\u00fcsse f\u00fcr euch zusammengefasst.<\/p>\n<p>&nbsp;<\/p>\n<p>&nbsp;<\/p>\n<p>&nbsp;<\/p>\n<h3>Das Naturschauspiel konnte entlang der K\u00fcsten, aber auch nordrhein-westf\u00e4lischen Westerwald bestaunt werden:<\/h3>\n<blockquote class=\"twitter-tweet\">\n<p dir=\"ltr\" lang=\"de\">Polarlicht Richtung Norden im Westerwald&#8230;<a href=\"https:\/\/twitter.com\/hashtag\/polarlicht?src=hash&amp;ref_src=twsrc%5Etfw\">#polarlicht<\/a> <a href=\"https:\/\/twitter.com\/hashtag\/polarlights?src=hash&amp;ref_src=twsrc%5Etfw\">#polarlights<\/a> <a href=\"https:\/\/twitter.com\/hashtag\/samsunggalaxys20fe?src=hash&amp;ref_src=twsrc%5Etfw\">#samsunggalaxys20fe<\/a> <a href=\"https:\/\/t.co\/l40D1u7VvP\">pic.twitter.com\/l40D1u7VvP<\/a><\/p>\n<p>\u2014 Jens Roth (@Gargamel70Jens) <a href=\"https:\/\/twitter.com\/Gargamel70Jens\/status\/1650253991010344960?ref_src=twsrc%5Etfw\">April 23, 2023<\/a><\/p><\/blockquote>\n<p><script async src=\"https:\/\/platform.twitter.com\/widgets.js\" charset=\"utf-8\"><\/script><\/p>\n<p>&nbsp;<\/p>\n<h3 style=\"text-align: center;\">Das gr\u00fcnliche oder r\u00f6tliche Leuchten, das wir als Polarlichter sehen k\u00f6nnen, wird von sogenannten Sonnenst\u00fcrmen verursacht.<\/h3>\n<blockquote class=\"twitter-tweet\">\n<p dir=\"ltr\" lang=\"de\">Polarlichter \u00fcber Schwerin gerade <a href=\"https:\/\/twitter.com\/hashtag\/AuroraBorealis?src=hash&amp;ref_src=twsrc%5Etfw\">#AuroraBorealis<\/a> <a href=\"https:\/\/t.co\/Ss2zyLSx5b\">pic.twitter.com\/Ss2zyLSx5b<\/a><\/p>\n<p>\u2014 Mathias Schulze (@drehklar) <a href=\"https:\/\/twitter.com\/drehklar\/status\/1650269588490166274?ref_src=twsrc%5Etfw\">April 23, 2023<\/a><\/p><\/blockquote>\n<p><script async src=\"https:\/\/platform.twitter.com\/widgets.js\" charset=\"utf-8\"><\/script><\/p>\n<p>&nbsp;<\/p>\n<h3>In Berlin konnte man sogar Zeuge eines Mini Polarlichtes werden:<\/h3>\n<blockquote class=\"twitter-tweet\">\n<p dir=\"ltr\" lang=\"de\">Mini Polarlicht in Berlin <a href=\"https:\/\/t.co\/bPrAgMDrlb\">pic.twitter.com\/bPrAgMDrlb<\/a><\/p>\n<p>\u2014 schulle (@mannipool) <a href=\"https:\/\/twitter.com\/mannipool\/status\/1650237503033470976?ref_src=twsrc%5Etfw\">April 23, 2023<\/a><\/p><\/blockquote>\n<p><script async src=\"https:\/\/platform.twitter.com\/widgets.js\" charset=\"utf-8\"><\/script><\/p>\n<p>&nbsp;<\/p>\n<h3>In Deutschland kommt das Naturph\u00e4nomen (Aurora Borealis) kaum vor, durchschnittlich gibt es im Jahr 10 bis 20 Sichtungen:<\/h3>\n<blockquote class=\"twitter-tweet\">\n<p dir=\"ltr\" lang=\"de\">Leute! Seit 2015 bin ich auf der Jagd. War sogar auf Island aber nie spielte das Wetter mit. Heute hat es geklappt. Mein erstes <a href=\"https:\/\/twitter.com\/hashtag\/Polarlicht?src=hash&amp;ref_src=twsrc%5Etfw\">#Polarlicht<\/a>. In Altenberg in Sachsen. Aufgenommen gegen 23 Uhr am Gro\u00dfen Galgenteich. \ud83d\udc93\ud83e\udd73 <a href=\"https:\/\/t.co\/Pnpt5PwX0m\">pic.twitter.com\/Pnpt5PwX0m<\/a><\/p>\n<p>\u2014 Jehraja \ud83d\udc9b\ud83d\udc99 (@jehraja) <a href=\"https:\/\/twitter.com\/jehraja\/status\/1650250900143833088?ref_src=twsrc%5Etfw\">April 23, 2023<\/a><\/p><\/blockquote>\n<p><script async src=\"https:\/\/platform.twitter.com\/widgets.js\" charset=\"utf-8\"><\/script><\/p>\n<p>&nbsp;<\/p>\n<h3>&#8222;Elon Musk, f*** dein Mars Projekt, hab Polarlichter in Brandenburg entdeckt&#8220;:<\/h3>\n<blockquote class=\"twitter-tweet\">\n<p dir=\"ltr\" lang=\"de\">Polarlichter am Brandenburger Nachthimmel! <a href=\"https:\/\/t.co\/ovl8cIH3uk\">https:\/\/t.co\/ovl8cIH3uk<\/a> <a href=\"https:\/\/t.co\/tYWlqioS4X\">pic.twitter.com\/tYWlqioS4X<\/a><\/p>\n<p>\u2014 Cityreport24 (@CityReport) <a href=\"https:\/\/twitter.com\/CityReport\/status\/1650436181598040064?ref_src=twsrc%5Etfw\">April 24, 2023<\/a><\/p><\/blockquote>\n<p><script async src=\"https:\/\/platform.twitter.com\/widgets.js\" charset=\"utf-8\"><\/script><\/p>\n<p>&nbsp;<\/p>\n<h3>Nicht jeder hatte das Gl\u00fcck sie die Lichter zu sichten:<\/h3>\n<blockquote class=\"twitter-tweet\" data-conversation=\"none\">\n<p dir=\"ltr\" lang=\"de\">und wir hier in der schweiz hatten regen<\/p>\n<p>\u2014 Aden (@AdenOrdinii) <a href=\"https:\/\/twitter.com\/AdenOrdinii\/status\/1650401440785915904?ref_src=twsrc%5Etfw\">April 24, 2023<\/a><\/p><\/blockquote>\n<p><script async src=\"https:\/\/platform.twitter.com\/widgets.js\" charset=\"utf-8\"><\/script><\/p>\n<p>&nbsp;<\/p>\n<h3>Manche haben es aber auch einfach verschlafen:<\/h3>\n<blockquote class=\"twitter-tweet\">\n<p dir=\"ltr\" lang=\"de\">Gestern Nacht gabs wieder Polarlichter \u00fcber Deutschland, ich versxhissenes \u00dc40-j\u00e4hriger bin jede Nacht am Pennen, ich fasse es nicht!!!<\/p>\n<p>\u2014 Chris\ud83d\udee2\ufe0f (@C_h_rr_i_s) <a href=\"https:\/\/twitter.com\/C_h_rr_i_s\/status\/1650428407597940738?ref_src=twsrc%5Etfw\">April 24, 2023<\/a><\/p><\/blockquote>\n<p><script async src=\"https:\/\/platform.twitter.com\/widgets.js\" charset=\"utf-8\"><\/script><\/p>\n<p>&nbsp;<\/p>\n<p>&nbsp;<\/p>\n<p><b data-stringify-type=\"bold\">___<\/b><br \/>\n<b data-stringify-type=\"bold\">Vielen Dank an alle f\u00fcr die Posts!<\/b><br \/>\n<b data-stringify-type=\"bold\">___<\/b><\/p>\n<p><b data-stringify-type=\"bold\">Unterst\u00fctze uns mit nur einem Klick!<\/b><\/p>\n<p>Dir gef\u00e4llt unsere Arbeit? Dann unterst\u00fctze sie doch! Das geht ganz einfach mit einem Klick auf die Werbeanzeigen auf unserer Seite. Kostet nix, aber hilft uns sehr.\u00a0<img decoding=\"async\" class=\"emoji\" role=\"img\" draggable=\"false\" src=\"https:\/\/s.w.org\/images\/core\/emoji\/14.0.0\/svg\/1f642.svg\" alt=\"\ud83d\ude42\" \/><br \/>\nDu hast Feedback? Schick es uns \u2013 zum Beispiel\u00a0<a class=\"c-link\" href=\"https:\/\/www.thebestsocial.media\/de\/einsendungen\/\" target=\"_blank\" rel=\"noopener noreferrer\" data-stringify-link=\"https:\/\/www.thebestsocial.media\/de\/einsendungen\/\" data-sk=\"tooltip_parent\">hier<\/a>\u00a0oder per Direktnachricht auf\u00a0<a class=\"c-link\" href=\"https:\/\/www.instagram.com\/thebestsocialmediade\/\" target=\"_blank\" rel=\"noopener noreferrer\" data-stringify-link=\"https:\/\/www.instagram.com\/thebestsocialmediade\/\" data-sk=\"tooltip_parent\">Instagram<\/a>,\u00a0<a class=\"c-link\" href=\"https:\/\/www.facebook.com\/thebestsocialmediaDE\/\" target=\"_blank\" rel=\"noopener noreferrer\" data-stringify-link=\"https:\/\/www.facebook.com\/thebestsocialmediaDE\/\" data-sk=\"tooltip_parent\">Facebook<\/a>\u00a0oder\u00a0<a class=\"c-link\" href=\"https:\/\/twitter.com\/thebestsocialDE\" target=\"_blank\" rel=\"noopener noreferrer\" data-stringify-link=\"https:\/\/twitter.com\/thebestsocialDE\" data-sk=\"tooltip_parent\">Twitter<\/a>.<\/p>\n<p><em>Auf der Suche nach einem spannenden Praktikum, ohne Kaffeekochen und Kopieren, daf\u00fcr aber mit Verg\u00fctung?\u00a0<a href=\"https:\/\/www.thebestsocialjobs.com\/de\/stelle\/praktikant-redaktion-the-best-social-media\/\">Hier<\/a>\u00a0entlang!<\/em><\/p>\n","protected":false},"excerpt":{"rendered":"<p>&#8222;Wir bleiben wach, bis die Wolken wieder lila sind&#8220;. Dieser Song ist gestern in Deutschland zur Wahrheit geworden. In weiten Teilen des Landes haben Polarlichter&#8230;<\/p>\n","protected":false},"author":107,"featured_media":181016,"comment_status":"open","ping_status":"open","sticky":false,"template":"","format":"standard","meta":{"_acf_changed":false,"footnotes":""},"categories":[106,1717,2031],"tags":[5864,697,5865,5863],"class_list":["post-180995","post","type-post","status-publish","format-standard","has-post-thumbnail","hentry","category-best-of","category-community","category-feelgood","tag-aurora-borealis","tag-deutschland","tag-lila-wolken","tag-polarlichter"],"acf":[],"yoast_head":"<!-- This site is optimized with the Yoast SEO plugin v27.5 - https:\/\/yoast.com\/product\/yoast-seo-wordpress\/ -->\n<title>Super selten: Polarlichter Spektakel \u00fcber Deutschland!<\/title>\n<meta name=\"description\" content=\"&quot;Wir bleiben wach, bis die Wolken wieder lila sind&quot;, ist in Deutschland zur Wahrheit geworden. Wir haben die sch\u00f6nsten Polarlichter f\u00fcr euch!\" \/>\n<meta name=\"robots\" content=\"index, follow, max-snippet:-1, max-image-preview:large, max-video-preview:-1\" \/>\n<link rel=\"canonical\" href=\"https:\/\/www.thebestsocial.media\/de\/super-selten-polarlichter-ueber-deutschland\/\" \/>\n<meta property=\"og:locale\" content=\"de_DE\" \/>\n<meta property=\"og:type\" content=\"article\" \/>\n<meta property=\"og:title\" content=\"Super selten: Polarlichter Spektakel \u00fcber Deutschland!\" \/>\n<meta property=\"og:description\" content=\"&quot;Wir bleiben wach, bis die Wolken wieder lila sind&quot;, ist in Deutschland zur Wahrheit geworden. Wir haben die sch\u00f6nsten Polarlichter f\u00fcr euch!\" \/>\n<meta property=\"og:url\" content=\"https:\/\/www.thebestsocial.media\/de\/super-selten-polarlichter-ueber-deutschland\/\" \/>\n<meta property=\"og:site_name\" content=\"The Best Social Media DE\" \/>\n<meta property=\"article:published_time\" content=\"2023-04-24T12:38:41+00:00\" \/>\n<meta property=\"og:image\" content=\"https:\/\/www.thebestsocial.media\/de\/wp-content\/uploads\/sites\/3\/2023\/04\/Polarlichter-Header.png\" \/>\n\t<meta property=\"og:image:width\" content=\"1200\" \/>\n\t<meta property=\"og:image:height\" content=\"630\" \/>\n\t<meta property=\"og:image:type\" content=\"image\/png\" \/>\n<meta name=\"author\" content=\"Max Mel\u00fch\" \/>\n<meta name=\"twitter:card\" content=\"summary_large_image\" \/>\n<meta name=\"twitter:label1\" content=\"Verfasst von\" \/>\n\t<meta name=\"twitter:data1\" content=\"Max Mel\u00fch\" \/>\n\t<meta name=\"twitter:label2\" content=\"Gesch\u00e4tzte Lesezeit\" \/>\n\t<meta name=\"twitter:data2\" content=\"3\u00a0Minuten\" \/>\n<script type=\"application\/ld+json\" class=\"yoast-schema-graph\">{\"@context\":\"https:\\\/\\\/schema.org\",\"@graph\":[{\"@type\":\"Article\",\"@id\":\"https:\\\/\\\/www.thebestsocial.media\\\/de\\\/super-selten-polarlichter-ueber-deutschland\\\/#article\",\"isPartOf\":{\"@id\":\"https:\\\/\\\/www.thebestsocial.media\\\/de\\\/super-selten-polarlichter-ueber-deutschland\\\/\"},\"author\":{\"name\":\"Max Mel\u00fch\",\"@id\":\"https:\\\/\\\/www.thebestsocial.media\\\/de\\\/#\\\/schema\\\/person\\\/01943b756567397914cb8333630f7e20\"},\"headline\":\"Super selten: Polarlichter Spektakel \u00fcber Deutschland!\",\"datePublished\":\"2023-04-24T12:38:41+00:00\",\"mainEntityOfPage\":{\"@id\":\"https:\\\/\\\/www.thebestsocial.media\\\/de\\\/super-selten-polarlichter-ueber-deutschland\\\/\"},\"wordCount\":376,\"commentCount\":0,\"image\":{\"@id\":\"https:\\\/\\\/www.thebestsocial.media\\\/de\\\/super-selten-polarlichter-ueber-deutschland\\\/#primaryimage\"},\"thumbnailUrl\":\"https:\\\/\\\/www.thebestsocial.media\\\/de\\\/wp-content\\\/uploads\\\/sites\\\/3\\\/2023\\\/04\\\/Polarlichter-Titelbild.png\",\"keywords\":[\"Aurora Borealis\",\"deutschland\",\"lila wolken\",\"Polarlichter\"],\"articleSection\":[\"Best of\",\"Community\",\"Feelgood\"],\"inLanguage\":\"de\",\"potentialAction\":[{\"@type\":\"CommentAction\",\"name\":\"Comment\",\"target\":[\"https:\\\/\\\/www.thebestsocial.media\\\/de\\\/super-selten-polarlichter-ueber-deutschland\\\/#respond\"]}]},{\"@type\":\"WebPage\",\"@id\":\"https:\\\/\\\/www.thebestsocial.media\\\/de\\\/super-selten-polarlichter-ueber-deutschland\\\/\",\"url\":\"https:\\\/\\\/www.thebestsocial.media\\\/de\\\/super-selten-polarlichter-ueber-deutschland\\\/\",\"name\":\"Super selten: Polarlichter Spektakel \u00fcber Deutschland!\",\"isPartOf\":{\"@id\":\"https:\\\/\\\/www.thebestsocial.media\\\/de\\\/#website\"},\"primaryImageOfPage\":{\"@id\":\"https:\\\/\\\/www.thebestsocial.media\\\/de\\\/super-selten-polarlichter-ueber-deutschland\\\/#primaryimage\"},\"image\":{\"@id\":\"https:\\\/\\\/www.thebestsocial.media\\\/de\\\/super-selten-polarlichter-ueber-deutschland\\\/#primaryimage\"},\"thumbnailUrl\":\"https:\\\/\\\/www.thebestsocial.media\\\/de\\\/wp-content\\\/uploads\\\/sites\\\/3\\\/2023\\\/04\\\/Polarlichter-Titelbild.png\",\"datePublished\":\"2023-04-24T12:38:41+00:00\",\"author\":{\"@id\":\"https:\\\/\\\/www.thebestsocial.media\\\/de\\\/#\\\/schema\\\/person\\\/01943b756567397914cb8333630f7e20\"},\"description\":\"\\\"Wir bleiben wach, bis die Wolken wieder lila sind\\\", ist in Deutschland zur Wahrheit geworden. Wir haben die sch\u00f6nsten Polarlichter f\u00fcr euch!\",\"breadcrumb\":{\"@id\":\"https:\\\/\\\/www.thebestsocial.media\\\/de\\\/super-selten-polarlichter-ueber-deutschland\\\/#breadcrumb\"},\"inLanguage\":\"de\",\"potentialAction\":[{\"@type\":\"ReadAction\",\"target\":[\"https:\\\/\\\/www.thebestsocial.media\\\/de\\\/super-selten-polarlichter-ueber-deutschland\\\/\"]}]},{\"@type\":\"ImageObject\",\"inLanguage\":\"de\",\"@id\":\"https:\\\/\\\/www.thebestsocial.media\\\/de\\\/super-selten-polarlichter-ueber-deutschland\\\/#primaryimage\",\"url\":\"https:\\\/\\\/www.thebestsocial.media\\\/de\\\/wp-content\\\/uploads\\\/sites\\\/3\\\/2023\\\/04\\\/Polarlichter-Titelbild.png\",\"contentUrl\":\"https:\\\/\\\/www.thebestsocial.media\\\/de\\\/wp-content\\\/uploads\\\/sites\\\/3\\\/2023\\\/04\\\/Polarlichter-Titelbild.png\",\"width\":1200,\"height\":630,\"caption\":\"Polarlichter\"},{\"@type\":\"BreadcrumbList\",\"@id\":\"https:\\\/\\\/www.thebestsocial.media\\\/de\\\/super-selten-polarlichter-ueber-deutschland\\\/#breadcrumb\",\"itemListElement\":[{\"@type\":\"ListItem\",\"position\":1,\"name\":\"Home\",\"item\":\"https:\\\/\\\/www.thebestsocial.media\\\/de\\\/\"},{\"@type\":\"ListItem\",\"position\":2,\"name\":\"Super selten: Polarlichter Spektakel \u00fcber Deutschland!\"}]},{\"@type\":\"WebSite\",\"@id\":\"https:\\\/\\\/www.thebestsocial.media\\\/de\\\/#website\",\"url\":\"https:\\\/\\\/www.thebestsocial.media\\\/de\\\/\",\"name\":\"The Best Social Media DE\",\"description\":\"\",\"potentialAction\":[{\"@type\":\"SearchAction\",\"target\":{\"@type\":\"EntryPoint\",\"urlTemplate\":\"https:\\\/\\\/www.thebestsocial.media\\\/de\\\/?s={search_term_string}\"},\"query-input\":{\"@type\":\"PropertyValueSpecification\",\"valueRequired\":true,\"valueName\":\"search_term_string\"}}],\"inLanguage\":\"de\"},{\"@type\":\"Person\",\"@id\":\"https:\\\/\\\/www.thebestsocial.media\\\/de\\\/#\\\/schema\\\/person\\\/01943b756567397914cb8333630f7e20\",\"name\":\"Max Mel\u00fch\",\"image\":{\"@type\":\"ImageObject\",\"inLanguage\":\"de\",\"@id\":\"https:\\\/\\\/secure.gravatar.com\\\/avatar\\\/c0c6468f7ee308a57a7b07bf68c958afc2f9e427d7de86484be5d3efbb7fd8a4?s=96&d=mm&r=g\",\"url\":\"https:\\\/\\\/secure.gravatar.com\\\/avatar\\\/c0c6468f7ee308a57a7b07bf68c958afc2f9e427d7de86484be5d3efbb7fd8a4?s=96&d=mm&r=g\",\"contentUrl\":\"https:\\\/\\\/secure.gravatar.com\\\/avatar\\\/c0c6468f7ee308a57a7b07bf68c958afc2f9e427d7de86484be5d3efbb7fd8a4?s=96&d=mm&r=g\",\"caption\":\"Max Mel\u00fch\"},\"sameAs\":[\"maxmeluh\"],\"url\":\"https:\\\/\\\/www.thebestsocial.media\\\/de\\\/author\\\/maxmeluh\\\/\"}]}<\/script>\n<!-- \/ Yoast SEO plugin. -->","yoast_head_json":{"title":"Super selten: Polarlichter Spektakel \u00fcber Deutschland!","description":"\"Wir bleiben wach, bis die Wolken wieder lila sind\", ist in Deutschland zur Wahrheit geworden. Wir haben die sch\u00f6nsten Polarlichter f\u00fcr euch!","robots":{"index":"index","follow":"follow","max-snippet":"max-snippet:-1","max-image-preview":"max-image-preview:large","max-video-preview":"max-video-preview:-1"},"canonical":"https:\/\/www.thebestsocial.media\/de\/super-selten-polarlichter-ueber-deutschland\/","og_locale":"de_DE","og_type":"article","og_title":"Super selten: Polarlichter Spektakel \u00fcber Deutschland!","og_description":"\"Wir bleiben wach, bis die Wolken wieder lila sind\", ist in Deutschland zur Wahrheit geworden. Wir haben die sch\u00f6nsten Polarlichter f\u00fcr euch!","og_url":"https:\/\/www.thebestsocial.media\/de\/super-selten-polarlichter-ueber-deutschland\/","og_site_name":"The Best Social Media DE","article_published_time":"2023-04-24T12:38:41+00:00","og_image":[{"width":1200,"height":630,"url":"https:\/\/www.thebestsocial.media\/de\/wp-content\/uploads\/sites\/3\/2023\/04\/Polarlichter-Header.png","type":"image\/png"}],"author":"Max Mel\u00fch","twitter_card":"summary_large_image","twitter_misc":{"Verfasst von":"Max Mel\u00fch","Gesch\u00e4tzte Lesezeit":"3\u00a0Minuten"},"schema":{"@context":"https:\/\/schema.org","@graph":[{"@type":"Article","@id":"https:\/\/www.thebestsocial.media\/de\/super-selten-polarlichter-ueber-deutschland\/#article","isPartOf":{"@id":"https:\/\/www.thebestsocial.media\/de\/super-selten-polarlichter-ueber-deutschland\/"},"author":{"name":"Max Mel\u00fch","@id":"https:\/\/www.thebestsocial.media\/de\/#\/schema\/person\/01943b756567397914cb8333630f7e20"},"headline":"Super selten: Polarlichter Spektakel \u00fcber Deutschland!","datePublished":"2023-04-24T12:38:41+00:00","mainEntityOfPage":{"@id":"https:\/\/www.thebestsocial.media\/de\/super-selten-polarlichter-ueber-deutschland\/"},"wordCount":376,"commentCount":0,"image":{"@id":"https:\/\/www.thebestsocial.media\/de\/super-selten-polarlichter-ueber-deutschland\/#primaryimage"},"thumbnailUrl":"https:\/\/www.thebestsocial.media\/de\/wp-content\/uploads\/sites\/3\/2023\/04\/Polarlichter-Titelbild.png","keywords":["Aurora Borealis","deutschland","lila wolken","Polarlichter"],"articleSection":["Best of","Community","Feelgood"],"inLanguage":"de","potentialAction":[{"@type":"CommentAction","name":"Comment","target":["https:\/\/www.thebestsocial.media\/de\/super-selten-polarlichter-ueber-deutschland\/#respond"]}]},{"@type":"WebPage","@id":"https:\/\/www.thebestsocial.media\/de\/super-selten-polarlichter-ueber-deutschland\/","url":"https:\/\/www.thebestsocial.media\/de\/super-selten-polarlichter-ueber-deutschland\/","name":"Super selten: Polarlichter Spektakel \u00fcber Deutschland!","isPartOf":{"@id":"https:\/\/www.thebestsocial.media\/de\/#website"},"primaryImageOfPage":{"@id":"https:\/\/www.thebestsocial.media\/de\/super-selten-polarlichter-ueber-deutschland\/#primaryimage"},"image":{"@id":"https:\/\/www.thebestsocial.media\/de\/super-selten-polarlichter-ueber-deutschland\/#primaryimage"},"thumbnailUrl":"https:\/\/www.thebestsocial.media\/de\/wp-content\/uploads\/sites\/3\/2023\/04\/Polarlichter-Titelbild.png","datePublished":"2023-04-24T12:38:41+00:00","author":{"@id":"https:\/\/www.thebestsocial.media\/de\/#\/schema\/person\/01943b756567397914cb8333630f7e20"},"description":"\"Wir bleiben wach, bis die Wolken wieder lila sind\", ist in Deutschland zur Wahrheit geworden. Wir haben die sch\u00f6nsten Polarlichter f\u00fcr euch!","breadcrumb":{"@id":"https:\/\/www.thebestsocial.media\/de\/super-selten-polarlichter-ueber-deutschland\/#breadcrumb"},"inLanguage":"de","potentialAction":[{"@type":"ReadAction","target":["https:\/\/www.thebestsocial.media\/de\/super-selten-polarlichter-ueber-deutschland\/"]}]},{"@type":"ImageObject","inLanguage":"de","@id":"https:\/\/www.thebestsocial.media\/de\/super-selten-polarlichter-ueber-deutschland\/#primaryimage","url":"https:\/\/www.thebestsocial.media\/de\/wp-content\/uploads\/sites\/3\/2023\/04\/Polarlichter-Titelbild.png","contentUrl":"https:\/\/www.thebestsocial.media\/de\/wp-content\/uploads\/sites\/3\/2023\/04\/Polarlichter-Titelbild.png","width":1200,"height":630,"caption":"Polarlichter"},{"@type":"BreadcrumbList","@id":"https:\/\/www.thebestsocial.media\/de\/super-selten-polarlichter-ueber-deutschland\/#breadcrumb","itemListElement":[{"@type":"ListItem","position":1,"name":"Home","item":"https:\/\/www.thebestsocial.media\/de\/"},{"@type":"ListItem","position":2,"name":"Super selten: Polarlichter Spektakel \u00fcber Deutschland!"}]},{"@type":"WebSite","@id":"https:\/\/www.thebestsocial.media\/de\/#website","url":"https:\/\/www.thebestsocial.media\/de\/","name":"The Best Social Media DE","description":"","potentialAction":[{"@type":"SearchAction","target":{"@type":"EntryPoint","urlTemplate":"https:\/\/www.thebestsocial.media\/de\/?s={search_term_string}"},"query-input":{"@type":"PropertyValueSpecification","valueRequired":true,"valueName":"search_term_string"}}],"inLanguage":"de"},{"@type":"Person","@id":"https:\/\/www.thebestsocial.media\/de\/#\/schema\/person\/01943b756567397914cb8333630f7e20","name":"Max Mel\u00fch","image":{"@type":"ImageObject","inLanguage":"de","@id":"https:\/\/secure.gravatar.com\/avatar\/c0c6468f7ee308a57a7b07bf68c958afc2f9e427d7de86484be5d3efbb7fd8a4?s=96&d=mm&r=g","url":"https:\/\/secure.gravatar.com\/avatar\/c0c6468f7ee308a57a7b07bf68c958afc2f9e427d7de86484be5d3efbb7fd8a4?s=96&d=mm&r=g","contentUrl":"https:\/\/secure.gravatar.com\/avatar\/c0c6468f7ee308a57a7b07bf68c958afc2f9e427d7de86484be5d3efbb7fd8a4?s=96&d=mm&r=g","caption":"Max Mel\u00fch"},"sameAs":["maxmeluh"],"url":"https:\/\/www.thebestsocial.media\/de\/author\/maxmeluh\/"}]}},"amp_enabled":true,"_links":{"self":[{"href":"https:\/\/www.thebestsocial.media\/de\/wp-json\/wp\/v2\/posts\/180995","targetHints":{"allow":["GET"]}}],"collection":[{"href":"https:\/\/www.thebestsocial.media\/de\/wp-json\/wp\/v2\/posts"}],"about":[{"href":"https:\/\/www.thebestsocial.media\/de\/wp-json\/wp\/v2\/types\/post"}],"author":[{"embeddable":true,"href":"https:\/\/www.thebestsocial.media\/de\/wp-json\/wp\/v2\/users\/107"}],"replies":[{"embeddable":true,"href":"https:\/\/www.thebestsocial.media\/de\/wp-json\/wp\/v2\/comments?post=180995"}],"version-history":[{"count":5,"href":"https:\/\/www.thebestsocial.media\/de\/wp-json\/wp\/v2\/posts\/180995\/revisions"}],"predecessor-version":[{"id":181018,"href":"https:\/\/www.thebestsocial.media\/de\/wp-json\/wp\/v2\/posts\/180995\/revisions\/181018"}],"wp:featuredmedia":[{"embeddable":true,"href":"https:\/\/www.thebestsocial.media\/de\/wp-json\/wp\/v2\/media\/181016"}],"wp:attachment":[{"href":"https:\/\/www.thebestsocial.media\/de\/wp-json\/wp\/v2\/media?parent=180995"}],"wp:term":[{"taxonomy":"category","embeddable":true,"href":"https:\/\/www.thebestsocial.media\/de\/wp-json\/wp\/v2\/categories?post=180995"},{"taxonomy":"post_tag","embeddable":true,"href":"https:\/\/www.thebestsocial.media\/de\/wp-json\/wp\/v2\/tags?post=180995"}],"curies":[{"name":"wp","href":"https:\/\/api.w.org\/{rel}","templated":true}]}}