{"id":180808,"date":"2023-04-20T12:53:56","date_gmt":"2023-04-20T12:53:56","guid":{"rendered":"https:\/\/www.thebestsocial.media\/de\/?p=180808"},"modified":"2023-04-20T12:53:56","modified_gmt":"2023-04-20T12:53:56","slug":"drama-baby-die-besten-posts-zu-kampf-der-realitystars-folge-2","status":"publish","type":"post","link":"https:\/\/www.thebestsocial.media\/de\/drama-baby-die-besten-posts-zu-kampf-der-realitystars-folge-2\/","title":{"rendered":"Drama, baby! Die besten Posts zu Kampf der Realitystars, Folge 2"},"content":{"rendered":"<p>Nachdem letzte Woche Ingrid als Erste die ber\u00fchmt-ber\u00fcchtigte Sala verlassen musste, gibt es in Folge 2 von Kampf der Realitystars Promi-Nachschub in Gestalt von Eva Benetatou und Giulia Siegel. Das L\u00fcgner-Ranking sorgt f\u00fcr den &#8222;n\u00f6tigen&#8220; Z\u00fcndstoff und auch sonst sind sich alle nicht ganz gr\u00fcn. Mit anderen Worten &#8211; feinstes Trash TV! Wir haben f\u00fcr euch die besten Posts zu Folge 2 von Kampf der Realitystars rausgesucht.<\/p>\n<p><em>Letzte Folge verpasst? <a href=\"https:\/\/www.thebestsocial.media\/de\/endlich-zurueck-die-besten-tweets-zu-kampf-der-realitystars-folge-1\/\" target=\"_blank\" rel=\"noopener\">Hier nachlesen<\/a>!<\/em><\/p>\n<p>&nbsp;<\/p>\n<h3>Wooooow.<\/h3>\n<blockquote class=\"twitter-tweet\">\n<p dir=\"ltr\" lang=\"es\">Eva so <a href=\"https:\/\/twitter.com\/hashtag\/kampfderrealitystars?src=hash&amp;ref_src=twsrc%5Etfw\">#kampfderrealitystars<\/a> <a href=\"https:\/\/t.co\/leCRcm6MXj\">pic.twitter.com\/leCRcm6MXj<\/a><\/p>\n<p>\u2014 \u0422homas (@thomas__2290) <a href=\"https:\/\/twitter.com\/thomas__2290\/status\/1648753912080375809?ref_src=twsrc%5Etfw\">April 19, 2023<\/a><\/p><\/blockquote>\n<p><script async src=\"https:\/\/platform.twitter.com\/widgets.js\" charset=\"utf-8\"><\/script><\/p>\n<p>&nbsp;<\/p>\n<h3>Unterhaltung pur!<\/h3>\n<blockquote class=\"twitter-tweet\">\n<p dir=\"ltr\" lang=\"de\">Wie ich mir das L\u00fcgner-Ranking bei <a href=\"https:\/\/twitter.com\/hashtag\/KampfDerRealityStars?src=hash&amp;ref_src=twsrc%5Etfw\">#KampfDerRealityStars<\/a> anschaue und genie\u00dfe, wie sich alle zerfetzen: <a href=\"https:\/\/t.co\/ivxFf4TQSu\">pic.twitter.com\/ivxFf4TQSu<\/a><\/p>\n<p>\u2014 anredo (@anredo) <a href=\"https:\/\/twitter.com\/anredo\/status\/1648760475142742056?ref_src=twsrc%5Etfw\">April 19, 2023<\/a><\/p><\/blockquote>\n<p><script async src=\"https:\/\/platform.twitter.com\/widgets.js\" charset=\"utf-8\"><\/script><\/p>\n<p>&nbsp;<\/p>\n<h3>Lieben wir!<\/h3>\n<blockquote class=\"twitter-tweet\">\n<p dir=\"ltr\" lang=\"de\">Folge 2 und richtig Konfro mehr als in 3Wochen der letzten PromiBB Staffel <a href=\"https:\/\/twitter.com\/hashtag\/kampfderrealitystars?src=hash&amp;ref_src=twsrc%5Etfw\">#kampfderrealitystars<\/a> <a href=\"https:\/\/t.co\/A208E6PEkO\">pic.twitter.com\/A208E6PEkO<\/a><\/p>\n<p>\u2014 \u0422homas (@thomas__2290) <a href=\"https:\/\/twitter.com\/thomas__2290\/status\/1648765388514025491?ref_src=twsrc%5Etfw\">April 19, 2023<\/a><\/p><\/blockquote>\n<p><script async src=\"https:\/\/platform.twitter.com\/widgets.js\" charset=\"utf-8\"><\/script><\/p>\n<p>&nbsp;<\/p>\n<h3>Die Outfits sind on point!<\/h3>\n<blockquote class=\"twitter-tweet\">\n<p dir=\"ltr\" lang=\"de\">Woher wusstet ihr, dass wir aus Deutschland kommen? <a href=\"https:\/\/twitter.com\/hashtag\/kampfderrealitystars?src=hash&amp;ref_src=twsrc%5Etfw\">#kampfderrealitystars<\/a> <a href=\"https:\/\/t.co\/SHYHJOB7ff\">pic.twitter.com\/SHYHJOB7ff<\/a><\/p>\n<p>\u2014 DizzyLizzy (@zzLizzz) <a href=\"https:\/\/twitter.com\/zzLizzz\/status\/1648783902968881152?ref_src=twsrc%5Etfw\">April 19, 2023<\/a><\/p><\/blockquote>\n<p><script async src=\"https:\/\/platform.twitter.com\/widgets.js\" charset=\"utf-8\"><\/script><\/p>\n<p>&nbsp;<\/p>\n<h3>Beeindruckend!<\/h3>\n<blockquote class=\"twitter-tweet\">\n<p dir=\"ltr\" lang=\"de\">Uschi war 63 Jahre verheiratet. Das sind genauso viele Jahre wie Matthias Mangiapane Z\u00e4hne hat. <a href=\"https:\/\/twitter.com\/hashtag\/KampfDerRealitystars?src=hash&amp;ref_src=twsrc%5Etfw\">#KampfDerRealitystars<\/a><\/p>\n<p>\u2014 RTLZWEI (@rtl2) <a href=\"https:\/\/twitter.com\/rtl2\/status\/1648765691833507840?ref_src=twsrc%5Etfw\">April 19, 2023<\/a><\/p><\/blockquote>\n<p><script async src=\"https:\/\/platform.twitter.com\/widgets.js\" charset=\"utf-8\"><\/script><\/p>\n<p>&nbsp;<\/p>\n<h3>Dazu f\u00e4llt uns jetzt irgendwie auch nix mehr ein.<\/h3>\n<blockquote class=\"twitter-tweet\">\n<p dir=\"ltr\" lang=\"de\">\u201eUmso mehr sch\u00f6n ich gekocht habe, umso sch\u00f6ner haben wir gepimpert\u2026\u201c<\/p>\n<p>Ja, ok. Dazu f\u00e4llt mir jetzt auch nicht wirklich was ein.<\/p>\n<p>\u2026 ich lasse das einfach mal so stehen \ud83e\udd2d\ud83d\ude2c<a href=\"https:\/\/twitter.com\/hashtag\/kampfderrealitystars?src=hash&amp;ref_src=twsrc%5Etfw\">#kampfderrealitystars<\/a> <a href=\"https:\/\/t.co\/yiXvQj6nrM\">pic.twitter.com\/yiXvQj6nrM<\/a><\/p>\n<p>\u2014 Trash_Trine \ud83d\udcfa\u267b\ufe0f\ud83e\ude9d (@Trash_Trine) <a href=\"https:\/\/twitter.com\/Trash_Trine\/status\/1648765681859452956?ref_src=twsrc%5Etfw\">April 19, 2023<\/a><\/p><\/blockquote>\n<p><script async src=\"https:\/\/platform.twitter.com\/widgets.js\" charset=\"utf-8\"><\/script><\/p>\n<p>&nbsp;<\/p>\n<h3>Auf wiedertschau!<\/h3>\n<blockquote class=\"twitter-tweet\">\n<p dir=\"ltr\" lang=\"de\">Almans, wenn sie auf \u201eMach\u2019s gut\u201c \u201eMach\u2019s besser\u201c antworten: <a href=\"https:\/\/twitter.com\/hashtag\/KampfDerRealityStars?src=hash&amp;ref_src=twsrc%5Etfw\">#KampfDerRealityStars<\/a> <a href=\"https:\/\/t.co\/30rSRM2R6s\">pic.twitter.com\/30rSRM2R6s<\/a><\/p>\n<p>\u2014 anredo (@anredo) <a href=\"https:\/\/twitter.com\/anredo\/status\/1648784113258622977?ref_src=twsrc%5Etfw\">April 19, 2023<\/a><\/p><\/blockquote>\n<p><script async src=\"https:\/\/platform.twitter.com\/widgets.js\" charset=\"utf-8\"><\/script><\/p>\n<p>&nbsp;<\/p>\n<h3>Die Bauchbinden sind nat\u00fcrlich auch wieder on point!<\/h3>\n<blockquote class=\"twitter-tweet\">\n<p dir=\"ltr\" lang=\"de\">Selten so \u00fcber eine Bauchbinde gelacht.<br \/>\n&#8218;Ich habe ihm ein Angebot gemacht, das er nicht ablehnen kann. Er hat dann abgelehnt.&#8216;<br \/>\nWahahahaha \ud83e\udd23<a href=\"https:\/\/twitter.com\/hashtag\/kampfderrealitystars?src=hash&amp;ref_src=twsrc%5Etfw\">#kampfderrealitystars<\/a> <a href=\"https:\/\/t.co\/0KZx4zRdlt\">pic.twitter.com\/0KZx4zRdlt<\/a><\/p>\n<p>\u2014 MindOfR (@Reikei87) <a href=\"https:\/\/twitter.com\/Reikei87\/status\/1648787445259935745?ref_src=twsrc%5Etfw\">April 19, 2023<\/a><\/p><\/blockquote>\n<p><script async src=\"https:\/\/platform.twitter.com\/widgets.js\" charset=\"utf-8\"><\/script><\/p>\n<blockquote class=\"twitter-tweet\">\n<p dir=\"ltr\" lang=\"de\">\u201eDer Teletext ist seine Bibel\u201c \ud83d\ude02\ud83d\ude02\ud83d\ude02<br \/>\nDie Bauchbinden sind wieder mal der Hammer \ud83d\udc4d\ud83c\udffb <a href=\"https:\/\/twitter.com\/hashtag\/kampfderrealitystars?src=hash&amp;ref_src=twsrc%5Etfw\">#kampfderrealitystars<\/a><\/p>\n<p>\u2014 \u15e9\u144eGI\u156e \u00ae \ud83e\udd0d\ud83e\ude9d (@sweettweetangie) <a href=\"https:\/\/twitter.com\/sweettweetangie\/status\/1648768134776512520?ref_src=twsrc%5Etfw\">April 19, 2023<\/a><\/p><\/blockquote>\n<p><script async src=\"https:\/\/platform.twitter.com\/widgets.js\" charset=\"utf-8\"><\/script><\/p>\n<p>&nbsp;<\/p>\n<h3>If you know, you know.<\/h3>\n<blockquote class=\"twitter-tweet\">\n<p dir=\"ltr\" lang=\"qme\">\ud83d\ude02\ud83d\ude02\ud83d\ude02 <a href=\"https:\/\/twitter.com\/hashtag\/kampfderrealitystars?src=hash&amp;ref_src=twsrc%5Etfw\">#kampfderrealitystars<\/a> <a href=\"https:\/\/t.co\/bbhosmgqyt\">pic.twitter.com\/bbhosmgqyt<\/a><\/p>\n<p>\u2014 \u0422homas (@thomas__2290) <a href=\"https:\/\/twitter.com\/thomas__2290\/status\/1648753092395974656?ref_src=twsrc%5Etfw\">April 19, 2023<\/a><\/p><\/blockquote>\n<p><script async src=\"https:\/\/platform.twitter.com\/widgets.js\" charset=\"utf-8\"><\/script><\/p>\n<p>&nbsp;<\/p>\n<h3>Bitte, bitte, bitte!<\/h3>\n<blockquote class=\"twitter-tweet\">\n<p dir=\"ltr\" lang=\"und\">Ich 24\/7. <a href=\"https:\/\/twitter.com\/hashtag\/KampfDerRealityStars?src=hash&amp;ref_src=twsrc%5Etfw\">#KampfDerRealityStars<\/a> <a href=\"https:\/\/t.co\/MCHzRBQlse\">pic.twitter.com\/MCHzRBQlse<\/a><\/p>\n<p>\u2014 anredo (@anredo) <a href=\"https:\/\/twitter.com\/anredo\/status\/1648781942421176320?ref_src=twsrc%5Etfw\">April 19, 2023<\/a><\/p><\/blockquote>\n<p><script async src=\"https:\/\/platform.twitter.com\/widgets.js\" charset=\"utf-8\"><\/script><\/p>\n<p>&nbsp;<\/p>\n<h3>Und zwar ungl\u00fcckliches Blau.<\/h3>\n<blockquote class=\"twitter-tweet\">\n<p dir=\"ltr\" lang=\"de\">Helles Gr\u00fcn, helleres Gr\u00fcn, dunkles Gr\u00fcn, dunkleres Gr\u00fcn und jetzt nochmal das gleiche, aber in Blau.<br \/>\nWhat a job! \ud83e\udd26\u200d\u2640\ufe0f<br \/>\n<a href=\"https:\/\/twitter.com\/hashtag\/kampfderrealitystars?src=hash&amp;ref_src=twsrc%5Etfw\">#kampfderrealitystars<\/a><\/p>\n<p>\u2014 MindOfR (@Reikei87) <a href=\"https:\/\/twitter.com\/Reikei87\/status\/1648783581458620420?ref_src=twsrc%5Etfw\">April 19, 2023<\/a><\/p><\/blockquote>\n<p><script async src=\"https:\/\/platform.twitter.com\/widgets.js\" charset=\"utf-8\"><\/script><\/p>\n<p>&nbsp;<\/p>\n<h3>Ja, hallo?<\/h3>\n<blockquote class=\"twitter-tweet\">\n<p dir=\"ltr\" lang=\"de\">Wenn ein Enkeltrick Betr\u00fcger bei dir anruft <a href=\"https:\/\/twitter.com\/hashtag\/kampfderrealitystars?src=hash&amp;ref_src=twsrc%5Etfw\">#kampfderrealitystars<\/a> <a href=\"https:\/\/t.co\/0JRM8wHfRw\">pic.twitter.com\/0JRM8wHfRw<\/a><\/p>\n<p>\u2014 \u0422homas (@thomas__2290) <a href=\"https:\/\/twitter.com\/thomas__2290\/status\/1648780148995510272?ref_src=twsrc%5Etfw\">April 19, 2023<\/a><\/p><\/blockquote>\n<p><script async src=\"https:\/\/platform.twitter.com\/widgets.js\" charset=\"utf-8\"><\/script><\/p>\n<p>&nbsp;<\/p>\n<h3>Danke!<\/h3>\n<blockquote class=\"twitter-tweet\">\n<p dir=\"ltr\" lang=\"de\"><a href=\"https:\/\/twitter.com\/hashtag\/kampfderrealitystars?src=hash&amp;ref_src=twsrc%5Etfw\">#kampfderrealitystars<\/a><br \/>\nDanke an den Trash-Gott f\u00fcr dieses Spiel <a href=\"https:\/\/twitter.com\/rtl2?ref_src=twsrc%5Etfw\">@rtl2<\/a> <a href=\"https:\/\/t.co\/MENOBwiBpz\">pic.twitter.com\/MENOBwiBpz<\/a><\/p>\n<p>\u2014 janflo\ud83e\ude9d (@janflo10) <a href=\"https:\/\/twitter.com\/janflo10\/status\/1648783229132976133?ref_src=twsrc%5Etfw\">April 19, 2023<\/a><\/p><\/blockquote>\n<p><script async src=\"https:\/\/platform.twitter.com\/widgets.js\" charset=\"utf-8\"><\/script><\/p>\n<p>&nbsp;<\/p>\n<h3>Wenn man die Cutter der Show so richtig beneidet.<\/h3>\n<blockquote class=\"twitter-tweet\">\n<p dir=\"ltr\" lang=\"de\">Ich will eine extended Version von dem Leiterzusammenbauspiel.<\/p>\n<p>Das kann ich mir ewig angucken.<\/p>\n<p>Das w\u00e4re der Endgegner jeder LOL-Folge.<\/p>\n<p><a href=\"https:\/\/twitter.com\/hashtag\/kampfderrealitystars?src=hash&amp;ref_src=twsrc%5Etfw\">#kampfderrealitystars<\/a><\/p>\n<p>\u2014 Trash_Trine \ud83d\udcfa\u267b\ufe0f\ud83e\ude9d (@Trash_Trine) <a href=\"https:\/\/twitter.com\/Trash_Trine\/status\/1648782979060187137?ref_src=twsrc%5Etfw\">April 19, 2023<\/a><\/p><\/blockquote>\n<p><script async src=\"https:\/\/platform.twitter.com\/widgets.js\" charset=\"utf-8\"><\/script><\/p>\n<p>&nbsp;<\/p>\n<h3>Traumjob!<\/h3>\n<blockquote class=\"twitter-tweet\">\n<p dir=\"ltr\" lang=\"de\">Ich glaube in der <a href=\"https:\/\/twitter.com\/hashtag\/kampfderrealitystars?src=hash&amp;ref_src=twsrc%5Etfw\">#kampfderrealitystars<\/a> Redaktion sitzen mit die gl\u00fccklichsten Menschen der Welt. Deren Job ist es einfach Realitystars auf die Nerven zu gehen. Ein Traum!<a href=\"https:\/\/twitter.com\/hashtag\/KDRS?src=hash&amp;ref_src=twsrc%5Etfw\">#KDRS<\/a><\/p>\n<p>\u2014 tom.\ud83d\udd4a\ufe0f\ud83e\udd9b\ud83c\udff3\ufe0f\u200d\ud83c\udf08\ud83e\ude78\u2728 (@gurgelglup) <a href=\"https:\/\/twitter.com\/gurgelglup\/status\/1648776090486226946?ref_src=twsrc%5Etfw\">April 19, 2023<\/a><\/p><\/blockquote>\n<p><script async src=\"https:\/\/platform.twitter.com\/widgets.js\" charset=\"utf-8\"><\/script><\/p>\n<p>&nbsp;<\/p>\n<h3>Erstmal eine rauchen!<\/h3>\n<blockquote class=\"twitter-tweet\">\n<p dir=\"ltr\" lang=\"de\">Einzig richtige Reaktion auf die h\u00f6lzerne und nie endende \u201eModeration\u201c von Frau Hummels. <a href=\"https:\/\/twitter.com\/hashtag\/KampfDerRealityStars?src=hash&amp;ref_src=twsrc%5Etfw\">#KampfDerRealityStars<\/a> <a href=\"https:\/\/t.co\/uKkz8okMBZ\">pic.twitter.com\/uKkz8okMBZ<\/a><\/p>\n<p>\u2014 anredo (@anredo) <a href=\"https:\/\/twitter.com\/anredo\/status\/1648788818999255041?ref_src=twsrc%5Etfw\">April 19, 2023<\/a><\/p><\/blockquote>\n<p><script async src=\"https:\/\/platform.twitter.com\/widgets.js\" charset=\"utf-8\"><\/script><\/p>\n<p>&nbsp;<\/p>\n<h3>Daisy ist raus&#8230;<\/h3>\n<blockquote class=\"twitter-tweet\">\n<p dir=\"ltr\" lang=\"de\"><a href=\"https:\/\/twitter.com\/hashtag\/kampfderrealitystars?src=hash&amp;ref_src=twsrc%5Etfw\">#kampfderrealitystars<\/a>: Warum sie Daisy gew\u00e4hlt haben kann ich nicht nachvollziehen?<\/p>\n<p>\u2014 JULIAN F.M. STOECKEL (@JULIANSTOECKEL) <a href=\"https:\/\/twitter.com\/JULIANSTOECKEL\/status\/1648792715637796864?ref_src=twsrc%5Etfw\">April 19, 2023<\/a><\/p><\/blockquote>\n<p><script async src=\"https:\/\/platform.twitter.com\/widgets.js\" charset=\"utf-8\"><\/script><\/p>\n<p>&nbsp;<\/p>\n<h3>In der Stunde danach dann auch das noch!<\/h3>\n<blockquote class=\"twitter-tweet\">\n<p dir=\"ltr\" lang=\"de\">Er muss auch nicht unbedingt mehr im TV mehr auftauchen \ud83d\ude0c <a href=\"https:\/\/twitter.com\/hashtag\/kampfderrealitystars?src=hash&amp;ref_src=twsrc%5Etfw\">#kampfderrealitystars<\/a> <a href=\"https:\/\/t.co\/g8hSIUqVsw\">pic.twitter.com\/g8hSIUqVsw<\/a><\/p>\n<p>\u2014 \u0422homas (@thomas__2290) <a href=\"https:\/\/twitter.com\/thomas__2290\/status\/1648797712534437890?ref_src=twsrc%5Etfw\">April 19, 2023<\/a><\/p><\/blockquote>\n<p><script async src=\"https:\/\/platform.twitter.com\/widgets.js\" charset=\"utf-8\"><\/script><\/p>\n<p><b data-stringify-type=\"bold\">___<\/b><br \/>\n<b data-stringify-type=\"bold\">Vielen Dank an alle f\u00fcr die Posts!<\/b><br \/>\n<b data-stringify-type=\"bold\">___<\/b><\/p>\n<p><b data-stringify-type=\"bold\">Unterst\u00fctze uns mit nur einem Klick!<\/b><\/p>\n<p>Dir gef\u00e4llt unsere Arbeit? Dann unterst\u00fctze sie doch! Das geht ganz einfach mit einem Klick auf die Werbeanzeigen auf unserer Seite. Kostet nix, aber hilft uns sehr.\u00a0<img decoding=\"async\" class=\"emoji\" role=\"img\" draggable=\"false\" src=\"https:\/\/s.w.org\/images\/core\/emoji\/14.0.0\/svg\/1f642.svg\" alt=\"\ud83d\ude42\" \/><br \/>\nDu hast Feedback? Schick es uns \u2013 zum Beispiel\u00a0<a class=\"c-link\" href=\"https:\/\/www.thebestsocial.media\/de\/einsendungen\/\" target=\"_blank\" rel=\"noopener noreferrer\" data-stringify-link=\"https:\/\/www.thebestsocial.media\/de\/einsendungen\/\" data-sk=\"tooltip_parent\">hier<\/a>\u00a0oder per Direktnachricht auf\u00a0<a class=\"c-link\" href=\"https:\/\/www.instagram.com\/thebestsocialmediade\/\" target=\"_blank\" rel=\"noopener noreferrer\" data-stringify-link=\"https:\/\/www.instagram.com\/thebestsocialmediade\/\" data-sk=\"tooltip_parent\">Instagram<\/a>,\u00a0<a class=\"c-link\" href=\"https:\/\/www.facebook.com\/thebestsocialmediaDE\/\" target=\"_blank\" rel=\"noopener noreferrer\" data-stringify-link=\"https:\/\/www.facebook.com\/thebestsocialmediaDE\/\" data-sk=\"tooltip_parent\">Facebook<\/a>\u00a0oder\u00a0<a class=\"c-link\" href=\"https:\/\/twitter.com\/thebestsocialDE\" target=\"_blank\" rel=\"noopener noreferrer\" data-stringify-link=\"https:\/\/twitter.com\/thebestsocialDE\" data-sk=\"tooltip_parent\">Twitter<\/a>.<\/p>\n<p><em>Auf der Suche nach einem spannenden Praktikum, ohne Kaffeekochen und Kopieren, daf\u00fcr aber mit Verg\u00fctung?\u00a0<a href=\"https:\/\/www.thebestsocialjobs.com\/de\/stelle\/praktikant-redaktion-the-best-social-media\/\">Hier<\/a>\u00a0entlang!<\/em><\/p>\n","protected":false},"excerpt":{"rendered":"<p>Nachdem letzte Woche Ingrid als Erste die ber\u00fchmt-ber\u00fcchtigte Sala verlassen musste, gibt es in Folge 2 von Kampf der Realitystars Promi-Nachschub in Gestalt von Eva&#8230;<\/p>\n","protected":false},"author":73,"featured_media":180846,"comment_status":"open","ping_status":"open","sticky":false,"template":"","format":"standard","meta":{"_acf_changed":false,"footnotes":""},"categories":[5854,1839,35],"tags":[5010,4472,580],"class_list":["post-180808","post","type-post","status-publish","format-standard","has-post-thumbnail","hentry","category-reality-tv","category-television","category-twitter","tag-kampf-der-realitystars","tag-reality-tv","tag-trash-tv"],"acf":[],"yoast_head":"<!-- This site is optimized with the Yoast SEO plugin v27.5 - https:\/\/yoast.com\/product\/yoast-seo-wordpress\/ -->\n<title>Kampf der Realitystars, Folge 2: Die besten Posts<\/title>\n<meta name=\"description\" content=\"Wir haben die besten Posts zu Folge 2 von Kampf der Realitystars. Nicht nur das L\u00fcgner- Ranking sorgt f\u00fcr Z\u00fcndstoff. Feinstes Trash TV!\" \/>\n<meta name=\"robots\" content=\"index, follow, max-snippet:-1, max-image-preview:large, max-video-preview:-1\" \/>\n<link rel=\"canonical\" href=\"https:\/\/www.thebestsocial.media\/de\/drama-baby-die-besten-posts-zu-kampf-der-realitystars-folge-2\/\" \/>\n<meta property=\"og:locale\" content=\"de_DE\" \/>\n<meta property=\"og:type\" content=\"article\" \/>\n<meta property=\"og:title\" content=\"Drama, baby! Die besten Posts zu Kampf der Realitystars, Folge 2\" \/>\n<meta property=\"og:description\" content=\"Wir haben die besten Posts zu Folge 2 von Kampf der Realitystars. Nicht nur das L\u00fcgner- Ranking sorgt f\u00fcr Z\u00fcndstoff. Feinstes Trash TV!\" \/>\n<meta property=\"og:url\" content=\"https:\/\/www.thebestsocial.media\/de\/drama-baby-die-besten-posts-zu-kampf-der-realitystars-folge-2\/\" \/>\n<meta property=\"og:site_name\" content=\"The Best Social Media DE\" \/>\n<meta property=\"article:published_time\" content=\"2023-04-20T12:53:56+00:00\" \/>\n<meta property=\"og:image\" content=\"https:\/\/www.thebestsocial.media\/de\/wp-content\/uploads\/sites\/3\/2023\/04\/header-kdrs2.png\" \/>\n\t<meta property=\"og:image:width\" content=\"1200\" \/>\n\t<meta property=\"og:image:height\" content=\"630\" \/>\n\t<meta property=\"og:image:type\" content=\"image\/png\" \/>\n<meta name=\"author\" content=\"Helene Mei\u00dfner\" \/>\n<meta name=\"twitter:card\" content=\"summary_large_image\" \/>\n<meta name=\"twitter:label1\" content=\"Verfasst von\" \/>\n\t<meta name=\"twitter:data1\" content=\"Helene Mei\u00dfner\" \/>\n\t<meta name=\"twitter:label2\" content=\"Gesch\u00e4tzte Lesezeit\" \/>\n\t<meta name=\"twitter:data2\" content=\"4\u00a0Minuten\" \/>\n<script type=\"application\/ld+json\" class=\"yoast-schema-graph\">{\"@context\":\"https:\\\/\\\/schema.org\",\"@graph\":[{\"@type\":\"Article\",\"@id\":\"https:\\\/\\\/www.thebestsocial.media\\\/de\\\/drama-baby-die-besten-posts-zu-kampf-der-realitystars-folge-2\\\/#article\",\"isPartOf\":{\"@id\":\"https:\\\/\\\/www.thebestsocial.media\\\/de\\\/drama-baby-die-besten-posts-zu-kampf-der-realitystars-folge-2\\\/\"},\"author\":{\"name\":\"Helene Mei\u00dfner\",\"@id\":\"https:\\\/\\\/www.thebestsocial.media\\\/de\\\/#\\\/schema\\\/person\\\/6267acc046505b90b912687a039220df\"},\"headline\":\"Drama, baby! Die besten Posts zu Kampf der Realitystars, Folge 2\",\"datePublished\":\"2023-04-20T12:53:56+00:00\",\"mainEntityOfPage\":{\"@id\":\"https:\\\/\\\/www.thebestsocial.media\\\/de\\\/drama-baby-die-besten-posts-zu-kampf-der-realitystars-folge-2\\\/\"},\"wordCount\":694,\"commentCount\":0,\"image\":{\"@id\":\"https:\\\/\\\/www.thebestsocial.media\\\/de\\\/drama-baby-die-besten-posts-zu-kampf-der-realitystars-folge-2\\\/#primaryimage\"},\"thumbnailUrl\":\"https:\\\/\\\/www.thebestsocial.media\\\/de\\\/wp-content\\\/uploads\\\/sites\\\/3\\\/2023\\\/04\\\/beitrag-kdrs2.png\",\"keywords\":[\"Kampf der Realitystars\",\"reality tv\",\"Trash tv\"],\"articleSection\":[\"Reality-TV\",\"Television\",\"Twitter\"],\"inLanguage\":\"de\",\"potentialAction\":[{\"@type\":\"CommentAction\",\"name\":\"Comment\",\"target\":[\"https:\\\/\\\/www.thebestsocial.media\\\/de\\\/drama-baby-die-besten-posts-zu-kampf-der-realitystars-folge-2\\\/#respond\"]}]},{\"@type\":\"WebPage\",\"@id\":\"https:\\\/\\\/www.thebestsocial.media\\\/de\\\/drama-baby-die-besten-posts-zu-kampf-der-realitystars-folge-2\\\/\",\"url\":\"https:\\\/\\\/www.thebestsocial.media\\\/de\\\/drama-baby-die-besten-posts-zu-kampf-der-realitystars-folge-2\\\/\",\"name\":\"Kampf der Realitystars, Folge 2: Die besten Posts\",\"isPartOf\":{\"@id\":\"https:\\\/\\\/www.thebestsocial.media\\\/de\\\/#website\"},\"primaryImageOfPage\":{\"@id\":\"https:\\\/\\\/www.thebestsocial.media\\\/de\\\/drama-baby-die-besten-posts-zu-kampf-der-realitystars-folge-2\\\/#primaryimage\"},\"image\":{\"@id\":\"https:\\\/\\\/www.thebestsocial.media\\\/de\\\/drama-baby-die-besten-posts-zu-kampf-der-realitystars-folge-2\\\/#primaryimage\"},\"thumbnailUrl\":\"https:\\\/\\\/www.thebestsocial.media\\\/de\\\/wp-content\\\/uploads\\\/sites\\\/3\\\/2023\\\/04\\\/beitrag-kdrs2.png\",\"datePublished\":\"2023-04-20T12:53:56+00:00\",\"author\":{\"@id\":\"https:\\\/\\\/www.thebestsocial.media\\\/de\\\/#\\\/schema\\\/person\\\/6267acc046505b90b912687a039220df\"},\"description\":\"Wir haben die besten Posts zu Folge 2 von Kampf der Realitystars. Nicht nur das L\u00fcgner- Ranking sorgt f\u00fcr Z\u00fcndstoff. Feinstes Trash TV!\",\"breadcrumb\":{\"@id\":\"https:\\\/\\\/www.thebestsocial.media\\\/de\\\/drama-baby-die-besten-posts-zu-kampf-der-realitystars-folge-2\\\/#breadcrumb\"},\"inLanguage\":\"de\",\"potentialAction\":[{\"@type\":\"ReadAction\",\"target\":[\"https:\\\/\\\/www.thebestsocial.media\\\/de\\\/drama-baby-die-besten-posts-zu-kampf-der-realitystars-folge-2\\\/\"]}]},{\"@type\":\"ImageObject\",\"inLanguage\":\"de\",\"@id\":\"https:\\\/\\\/www.thebestsocial.media\\\/de\\\/drama-baby-die-besten-posts-zu-kampf-der-realitystars-folge-2\\\/#primaryimage\",\"url\":\"https:\\\/\\\/www.thebestsocial.media\\\/de\\\/wp-content\\\/uploads\\\/sites\\\/3\\\/2023\\\/04\\\/beitrag-kdrs2.png\",\"contentUrl\":\"https:\\\/\\\/www.thebestsocial.media\\\/de\\\/wp-content\\\/uploads\\\/sites\\\/3\\\/2023\\\/04\\\/beitrag-kdrs2.png\",\"width\":1200,\"height\":630,\"caption\":\"Kampf der Realitystars Folge 2\"},{\"@type\":\"BreadcrumbList\",\"@id\":\"https:\\\/\\\/www.thebestsocial.media\\\/de\\\/drama-baby-die-besten-posts-zu-kampf-der-realitystars-folge-2\\\/#breadcrumb\",\"itemListElement\":[{\"@type\":\"ListItem\",\"position\":1,\"name\":\"Home\",\"item\":\"https:\\\/\\\/www.thebestsocial.media\\\/de\\\/\"},{\"@type\":\"ListItem\",\"position\":2,\"name\":\"Drama, baby! Die besten Posts zu Kampf der Realitystars, Folge 2\"}]},{\"@type\":\"WebSite\",\"@id\":\"https:\\\/\\\/www.thebestsocial.media\\\/de\\\/#website\",\"url\":\"https:\\\/\\\/www.thebestsocial.media\\\/de\\\/\",\"name\":\"The Best Social Media DE\",\"description\":\"\",\"potentialAction\":[{\"@type\":\"SearchAction\",\"target\":{\"@type\":\"EntryPoint\",\"urlTemplate\":\"https:\\\/\\\/www.thebestsocial.media\\\/de\\\/?s={search_term_string}\"},\"query-input\":{\"@type\":\"PropertyValueSpecification\",\"valueRequired\":true,\"valueName\":\"search_term_string\"}}],\"inLanguage\":\"de\"},{\"@type\":\"Person\",\"@id\":\"https:\\\/\\\/www.thebestsocial.media\\\/de\\\/#\\\/schema\\\/person\\\/6267acc046505b90b912687a039220df\",\"name\":\"Helene Mei\u00dfner\",\"image\":{\"@type\":\"ImageObject\",\"inLanguage\":\"de\",\"@id\":\"https:\\\/\\\/secure.gravatar.com\\\/avatar\\\/6639fc0397860ac2c2e11b018c1f14be4a46c2378a91ac1b35730b724675daa8?s=96&d=mm&r=g\",\"url\":\"https:\\\/\\\/secure.gravatar.com\\\/avatar\\\/6639fc0397860ac2c2e11b018c1f14be4a46c2378a91ac1b35730b724675daa8?s=96&d=mm&r=g\",\"contentUrl\":\"https:\\\/\\\/secure.gravatar.com\\\/avatar\\\/6639fc0397860ac2c2e11b018c1f14be4a46c2378a91ac1b35730b724675daa8?s=96&d=mm&r=g\",\"caption\":\"Helene Mei\u00dfner\"},\"description\":\"Kommt aus Berlin und hat dementsprechend nat\u00fcrlich irgendwas mit Medien studiert. Verlegt oft Dinge, w\u00e4hrend sie sie in der Hand h\u00e4lt. Findet Kauger\u00e4usche unausstehlich. Hat eine Schw\u00e4che f\u00fcr Glitzer und immer mindestens 50 Tabs offen.\",\"sameAs\":[\"https:\\\/\\\/www.instagram.com\\\/he.leni\\\/\"],\"url\":\"https:\\\/\\\/www.thebestsocial.media\\\/de\\\/author\\\/helenemeissner\\\/\"}]}<\/script>\n<!-- \/ Yoast SEO plugin. -->","yoast_head_json":{"title":"Kampf der Realitystars, Folge 2: Die besten Posts","description":"Wir haben die besten Posts zu Folge 2 von Kampf der Realitystars. Nicht nur das L\u00fcgner- Ranking sorgt f\u00fcr Z\u00fcndstoff. Feinstes Trash TV!","robots":{"index":"index","follow":"follow","max-snippet":"max-snippet:-1","max-image-preview":"max-image-preview:large","max-video-preview":"max-video-preview:-1"},"canonical":"https:\/\/www.thebestsocial.media\/de\/drama-baby-die-besten-posts-zu-kampf-der-realitystars-folge-2\/","og_locale":"de_DE","og_type":"article","og_title":"Drama, baby! Die besten Posts zu Kampf der Realitystars, Folge 2","og_description":"Wir haben die besten Posts zu Folge 2 von Kampf der Realitystars. Nicht nur das L\u00fcgner- Ranking sorgt f\u00fcr Z\u00fcndstoff. Feinstes Trash TV!","og_url":"https:\/\/www.thebestsocial.media\/de\/drama-baby-die-besten-posts-zu-kampf-der-realitystars-folge-2\/","og_site_name":"The Best Social Media DE","article_published_time":"2023-04-20T12:53:56+00:00","og_image":[{"width":1200,"height":630,"url":"https:\/\/www.thebestsocial.media\/de\/wp-content\/uploads\/sites\/3\/2023\/04\/header-kdrs2.png","type":"image\/png"}],"author":"Helene Mei\u00dfner","twitter_card":"summary_large_image","twitter_misc":{"Verfasst von":"Helene Mei\u00dfner","Gesch\u00e4tzte Lesezeit":"4\u00a0Minuten"},"schema":{"@context":"https:\/\/schema.org","@graph":[{"@type":"Article","@id":"https:\/\/www.thebestsocial.media\/de\/drama-baby-die-besten-posts-zu-kampf-der-realitystars-folge-2\/#article","isPartOf":{"@id":"https:\/\/www.thebestsocial.media\/de\/drama-baby-die-besten-posts-zu-kampf-der-realitystars-folge-2\/"},"author":{"name":"Helene Mei\u00dfner","@id":"https:\/\/www.thebestsocial.media\/de\/#\/schema\/person\/6267acc046505b90b912687a039220df"},"headline":"Drama, baby! Die besten Posts zu Kampf der Realitystars, Folge 2","datePublished":"2023-04-20T12:53:56+00:00","mainEntityOfPage":{"@id":"https:\/\/www.thebestsocial.media\/de\/drama-baby-die-besten-posts-zu-kampf-der-realitystars-folge-2\/"},"wordCount":694,"commentCount":0,"image":{"@id":"https:\/\/www.thebestsocial.media\/de\/drama-baby-die-besten-posts-zu-kampf-der-realitystars-folge-2\/#primaryimage"},"thumbnailUrl":"https:\/\/www.thebestsocial.media\/de\/wp-content\/uploads\/sites\/3\/2023\/04\/beitrag-kdrs2.png","keywords":["Kampf der Realitystars","reality tv","Trash tv"],"articleSection":["Reality-TV","Television","Twitter"],"inLanguage":"de","potentialAction":[{"@type":"CommentAction","name":"Comment","target":["https:\/\/www.thebestsocial.media\/de\/drama-baby-die-besten-posts-zu-kampf-der-realitystars-folge-2\/#respond"]}]},{"@type":"WebPage","@id":"https:\/\/www.thebestsocial.media\/de\/drama-baby-die-besten-posts-zu-kampf-der-realitystars-folge-2\/","url":"https:\/\/www.thebestsocial.media\/de\/drama-baby-die-besten-posts-zu-kampf-der-realitystars-folge-2\/","name":"Kampf der Realitystars, Folge 2: Die besten Posts","isPartOf":{"@id":"https:\/\/www.thebestsocial.media\/de\/#website"},"primaryImageOfPage":{"@id":"https:\/\/www.thebestsocial.media\/de\/drama-baby-die-besten-posts-zu-kampf-der-realitystars-folge-2\/#primaryimage"},"image":{"@id":"https:\/\/www.thebestsocial.media\/de\/drama-baby-die-besten-posts-zu-kampf-der-realitystars-folge-2\/#primaryimage"},"thumbnailUrl":"https:\/\/www.thebestsocial.media\/de\/wp-content\/uploads\/sites\/3\/2023\/04\/beitrag-kdrs2.png","datePublished":"2023-04-20T12:53:56+00:00","author":{"@id":"https:\/\/www.thebestsocial.media\/de\/#\/schema\/person\/6267acc046505b90b912687a039220df"},"description":"Wir haben die besten Posts zu Folge 2 von Kampf der Realitystars. Nicht nur das L\u00fcgner- Ranking sorgt f\u00fcr Z\u00fcndstoff. Feinstes Trash TV!","breadcrumb":{"@id":"https:\/\/www.thebestsocial.media\/de\/drama-baby-die-besten-posts-zu-kampf-der-realitystars-folge-2\/#breadcrumb"},"inLanguage":"de","potentialAction":[{"@type":"ReadAction","target":["https:\/\/www.thebestsocial.media\/de\/drama-baby-die-besten-posts-zu-kampf-der-realitystars-folge-2\/"]}]},{"@type":"ImageObject","inLanguage":"de","@id":"https:\/\/www.thebestsocial.media\/de\/drama-baby-die-besten-posts-zu-kampf-der-realitystars-folge-2\/#primaryimage","url":"https:\/\/www.thebestsocial.media\/de\/wp-content\/uploads\/sites\/3\/2023\/04\/beitrag-kdrs2.png","contentUrl":"https:\/\/www.thebestsocial.media\/de\/wp-content\/uploads\/sites\/3\/2023\/04\/beitrag-kdrs2.png","width":1200,"height":630,"caption":"Kampf der Realitystars Folge 2"},{"@type":"BreadcrumbList","@id":"https:\/\/www.thebestsocial.media\/de\/drama-baby-die-besten-posts-zu-kampf-der-realitystars-folge-2\/#breadcrumb","itemListElement":[{"@type":"ListItem","position":1,"name":"Home","item":"https:\/\/www.thebestsocial.media\/de\/"},{"@type":"ListItem","position":2,"name":"Drama, baby! Die besten Posts zu Kampf der Realitystars, Folge 2"}]},{"@type":"WebSite","@id":"https:\/\/www.thebestsocial.media\/de\/#website","url":"https:\/\/www.thebestsocial.media\/de\/","name":"The Best Social Media DE","description":"","potentialAction":[{"@type":"SearchAction","target":{"@type":"EntryPoint","urlTemplate":"https:\/\/www.thebestsocial.media\/de\/?s={search_term_string}"},"query-input":{"@type":"PropertyValueSpecification","valueRequired":true,"valueName":"search_term_string"}}],"inLanguage":"de"},{"@type":"Person","@id":"https:\/\/www.thebestsocial.media\/de\/#\/schema\/person\/6267acc046505b90b912687a039220df","name":"Helene Mei\u00dfner","image":{"@type":"ImageObject","inLanguage":"de","@id":"https:\/\/secure.gravatar.com\/avatar\/6639fc0397860ac2c2e11b018c1f14be4a46c2378a91ac1b35730b724675daa8?s=96&d=mm&r=g","url":"https:\/\/secure.gravatar.com\/avatar\/6639fc0397860ac2c2e11b018c1f14be4a46c2378a91ac1b35730b724675daa8?s=96&d=mm&r=g","contentUrl":"https:\/\/secure.gravatar.com\/avatar\/6639fc0397860ac2c2e11b018c1f14be4a46c2378a91ac1b35730b724675daa8?s=96&d=mm&r=g","caption":"Helene Mei\u00dfner"},"description":"Kommt aus Berlin und hat dementsprechend nat\u00fcrlich irgendwas mit Medien studiert. Verlegt oft Dinge, w\u00e4hrend sie sie in der Hand h\u00e4lt. Findet Kauger\u00e4usche unausstehlich. Hat eine Schw\u00e4che f\u00fcr Glitzer und immer mindestens 50 Tabs offen.","sameAs":["https:\/\/www.instagram.com\/he.leni\/"],"url":"https:\/\/www.thebestsocial.media\/de\/author\/helenemeissner\/"}]}},"amp_enabled":true,"_links":{"self":[{"href":"https:\/\/www.thebestsocial.media\/de\/wp-json\/wp\/v2\/posts\/180808","targetHints":{"allow":["GET"]}}],"collection":[{"href":"https:\/\/www.thebestsocial.media\/de\/wp-json\/wp\/v2\/posts"}],"about":[{"href":"https:\/\/www.thebestsocial.media\/de\/wp-json\/wp\/v2\/types\/post"}],"author":[{"embeddable":true,"href":"https:\/\/www.thebestsocial.media\/de\/wp-json\/wp\/v2\/users\/73"}],"replies":[{"embeddable":true,"href":"https:\/\/www.thebestsocial.media\/de\/wp-json\/wp\/v2\/comments?post=180808"}],"version-history":[{"count":34,"href":"https:\/\/www.thebestsocial.media\/de\/wp-json\/wp\/v2\/posts\/180808\/revisions"}],"predecessor-version":[{"id":180847,"href":"https:\/\/www.thebestsocial.media\/de\/wp-json\/wp\/v2\/posts\/180808\/revisions\/180847"}],"wp:featuredmedia":[{"embeddable":true,"href":"https:\/\/www.thebestsocial.media\/de\/wp-json\/wp\/v2\/media\/180846"}],"wp:attachment":[{"href":"https:\/\/www.thebestsocial.media\/de\/wp-json\/wp\/v2\/media?parent=180808"}],"wp:term":[{"taxonomy":"category","embeddable":true,"href":"https:\/\/www.thebestsocial.media\/de\/wp-json\/wp\/v2\/categories?post=180808"},{"taxonomy":"post_tag","embeddable":true,"href":"https:\/\/www.thebestsocial.media\/de\/wp-json\/wp\/v2\/tags?post=180808"}],"curies":[{"name":"wp","href":"https:\/\/api.w.org\/{rel}","templated":true}]}}