{"id":180790,"date":"2023-04-20T08:29:42","date_gmt":"2023-04-20T08:29:42","guid":{"rendered":"https:\/\/www.thebestsocial.media\/de\/?p=180790"},"modified":"2023-04-20T09:30:57","modified_gmt":"2023-04-20T09:30:57","slug":"bundeskanzler-sucht-gaertner-wir-haben-den-perfekten-kandidaten","status":"publish","type":"post","link":"https:\/\/www.thebestsocial.media\/de\/bundeskanzler-sucht-gaertner-wir-haben-den-perfekten-kandidaten\/","title":{"rendered":"Der Bundeskanzler sucht einen G\u00e4rtner und wir haben den perfekten Kandidaten gefunden"},"content":{"rendered":"<p>Leise, belastbar und akkurat &#8211; so muss der neue G\u00e4rtner sein, den sich der Bundeskanzler w\u00fcnscht. 3800 Quadratmeter Rasen pflegen sich immerhin nicht von selbst. Keine leichte Aufgabe also, schlie\u00dflich handelt es sich hierbei nicht um irgendeine Gr\u00fcnfl\u00e4che, die einfach nur so ansprechend aussehen kann, nein, sie muss repr\u00e4sentieren! Wer k\u00f6nnten den hohen Qualit\u00e4tsanforderungen gerecht werden und diesem enormen Druck standhalten? Gute Nachrichten, Herr Bundeskanzler, denn ihre Suche nach einem neuen G\u00e4rtner hat ein Ende. Wir, oder vielmehr <a href=\"https:\/\/parkside-diy.com\/de\" target=\"_blank\" rel=\"noopener\">PARKSIDE<\/a>, haben den perfekten Kandidaten gefunden. Sein <a href=\"https:\/\/www.instagram.com\/p\/CrOrCc4AR_T\/\" target=\"_blank\" rel=\"noopener\">Bewerbungsvideo<\/a> spricht f\u00fcr sich selbst.<\/p>\n<p><em>Dieser Blog entstand in Zusammenarbeit mit <a href=\"https:\/\/parkside-diy.com\/de\" target=\"_blank\" rel=\"noopener\">Parkside<\/a>.<\/em><\/p>\n<h3>Das ist doch mal voller Einsatz: Er hat sich schon vor Ort ein Bild von dem Zustand der Gr\u00fcnfl\u00e4chen gemacht &#8211; und direkt einige M\u00e4ngel feststellen m\u00fcssen.<\/h3>\n<blockquote class=\"instagram-media\" style=\"background: #FFF; border: 0; border-radius: 3px; box-shadow: 0 0 1px 0 rgba(0,0,0,0.5),0 1px 10px 0 rgba(0,0,0,0.15); margin: 1px; max-width: 540px; min-width: 326px; padding: 0; width: calc(100% - 2px);\" data-instgrm-captioned=\"\" data-instgrm-permalink=\"https:\/\/www.instagram.com\/reel\/CrOrCc4AR_T\/?utm_source=ig_embed&amp;utm_campaign=loading\" data-instgrm-version=\"14\">\n<div style=\"padding: 16px;\">\n<p>&nbsp;<\/p>\n<div style=\"display: flex; flex-direction: row; align-items: center;\">\n<div style=\"background-color: #f4f4f4; border-radius: 50%; flex-grow: 0; height: 40px; margin-right: 14px; width: 40px;\"><\/div>\n<div style=\"display: flex; flex-direction: column; flex-grow: 1; justify-content: center;\">\n<div style=\"background-color: #f4f4f4; border-radius: 4px; flex-grow: 0; height: 14px; margin-bottom: 6px; width: 100px;\"><\/div>\n<div style=\"background-color: #f4f4f4; border-radius: 4px; flex-grow: 0; height: 14px; width: 60px;\"><\/div>\n<\/div>\n<\/div>\n<div style=\"padding: 19% 0;\"><\/div>\n<div style=\"display: block; height: 50px; margin: 0 auto 12px; width: 50px;\"><\/div>\n<div style=\"padding-top: 8px;\">\n<div style=\"color: #3897f0; font-family: Arial,sans-serif; font-size: 14px; font-style: normal; font-weight: 550; line-height: 18px;\">Sieh dir diesen Beitrag auf Instagram an<\/div>\n<\/div>\n<div style=\"padding: 12.5% 0;\"><\/div>\n<div style=\"display: flex; flex-direction: row; margin-bottom: 14px; align-items: center;\">\n<div>\n<div style=\"background-color: #f4f4f4; border-radius: 50%; height: 12.5px; width: 12.5px; transform: translateX(0px) translateY(7px);\"><\/div>\n<div style=\"background-color: #f4f4f4; height: 12.5px; transform: rotate(-45deg) translateX(3px) translateY(1px); width: 12.5px; flex-grow: 0; margin-right: 14px; margin-left: 2px;\"><\/div>\n<div style=\"background-color: #f4f4f4; border-radius: 50%; height: 12.5px; width: 12.5px; transform: translateX(9px) translateY(-18px);\"><\/div>\n<\/div>\n<div style=\"margin-left: 8px;\">\n<div style=\"background-color: #f4f4f4; border-radius: 50%; flex-grow: 0; height: 20px; width: 20px;\"><\/div>\n<div style=\"width: 0; height: 0; border-top: 2px solid transparent; border-left: 6px solid #f4f4f4; border-bottom: 2px solid transparent; transform: translateX(16px) translateY(-4px) rotate(30deg);\"><\/div>\n<\/div>\n<div style=\"margin-left: auto;\">\n<div style=\"width: 0px; border-top: 8px solid #F4F4F4; border-right: 8px solid transparent; transform: translateY(16px);\"><\/div>\n<div style=\"background-color: #f4f4f4; flex-grow: 0; height: 12px; width: 16px; transform: translateY(-4px);\"><\/div>\n<div style=\"width: 0; height: 0; border-top: 8px solid #F4F4F4; border-left: 8px solid transparent; transform: translateY(-4px) translateX(8px);\"><\/div>\n<\/div>\n<\/div>\n<div style=\"display: flex; flex-direction: column; flex-grow: 1; justify-content: center; margin-bottom: 24px;\">\n<div style=\"background-color: #f4f4f4; border-radius: 4px; flex-grow: 0; height: 14px; margin-bottom: 6px; width: 224px;\"><\/div>\n<div style=\"background-color: #f4f4f4; border-radius: 4px; flex-grow: 0; height: 14px; width: 144px;\"><\/div>\n<\/div>\n<p>&nbsp;<\/p>\n<p style=\"color: #c9c8cd; font-family: Arial,sans-serif; font-size: 14px; line-height: 17px; margin-bottom: 0; margin-top: 8px; overflow: hidden; padding: 8px 0 7px; text-align: center; text-overflow: ellipsis; white-space: nowrap;\"><a style=\"color: #c9c8cd; font-family: Arial,sans-serif; font-size: 14px; font-style: normal; font-weight: normal; line-height: 17px; text-decoration: none;\" href=\"https:\/\/www.instagram.com\/reel\/CrOrCc4AR_T\/?utm_source=ig_embed&amp;utm_campaign=loading\" target=\"_blank\" rel=\"noopener\">Ein Beitrag geteilt von Parkside DIY Deutschland (@parkside_diy_de)<\/a><\/p>\n<\/div>\n<\/blockquote>\n\n<p>&nbsp;<\/p>\n<h3>Eine kreativere Bewerbung auf den Job als G\u00e4rtner wird der Bundeskanzler wohl kaum bekommen.<\/h3>\n<p><img loading=\"lazy\" decoding=\"async\" class=\"alignnone wp-image-180795 size-full\" src=\"https:\/\/www.thebestsocial.media\/de\/wp-content\/uploads\/sites\/3\/2023\/04\/Bildschirmfoto-2023-04-20-um-09.51.18.png\" alt=\"\" width=\"578\" height=\"188\" srcset=\"https:\/\/www.thebestsocial.media\/de\/wp-content\/uploads\/sites\/3\/2023\/04\/Bildschirmfoto-2023-04-20-um-09.51.18.png 578w, https:\/\/www.thebestsocial.media\/de\/wp-content\/uploads\/sites\/3\/2023\/04\/Bildschirmfoto-2023-04-20-um-09.51.18-300x98.png 300w\" sizes=\"auto, (max-width: 578px) 100vw, 578px\" \/><\/p>\n<p>&nbsp;<\/p>\n<h3>Die Unterst\u00fctzung der Kommentarspalte hat er schon mal.<\/h3>\n<p><img loading=\"lazy\" decoding=\"async\" class=\"alignnone wp-image-180799 size-full\" src=\"https:\/\/www.thebestsocial.media\/de\/wp-content\/uploads\/sites\/3\/2023\/04\/Bildschirmfoto-2023-04-20-um-09.52.05.png\" alt=\"\" width=\"554\" height=\"168\" srcset=\"https:\/\/www.thebestsocial.media\/de\/wp-content\/uploads\/sites\/3\/2023\/04\/Bildschirmfoto-2023-04-20-um-09.52.05.png 554w, https:\/\/www.thebestsocial.media\/de\/wp-content\/uploads\/sites\/3\/2023\/04\/Bildschirmfoto-2023-04-20-um-09.52.05-300x91.png 300w\" sizes=\"auto, (max-width: 554px) 100vw, 554px\" \/><\/p>\n<p><img loading=\"lazy\" decoding=\"async\" class=\"alignnone wp-image-180796 size-full\" src=\"https:\/\/www.thebestsocial.media\/de\/wp-content\/uploads\/sites\/3\/2023\/04\/Bildschirmfoto-2023-04-20-um-09.51.28.png\" alt=\"\" width=\"560\" height=\"156\" srcset=\"https:\/\/www.thebestsocial.media\/de\/wp-content\/uploads\/sites\/3\/2023\/04\/Bildschirmfoto-2023-04-20-um-09.51.28.png 560w, https:\/\/www.thebestsocial.media\/de\/wp-content\/uploads\/sites\/3\/2023\/04\/Bildschirmfoto-2023-04-20-um-09.51.28-300x84.png 300w\" sizes=\"auto, (max-width: 560px) 100vw, 560px\" \/><\/p>\n<p><img loading=\"lazy\" decoding=\"async\" class=\"alignnone wp-image-180797 size-full\" src=\"https:\/\/www.thebestsocial.media\/de\/wp-content\/uploads\/sites\/3\/2023\/04\/Bildschirmfoto-2023-04-20-um-09.51.42.png\" alt=\"\" width=\"538\" height=\"212\" srcset=\"https:\/\/www.thebestsocial.media\/de\/wp-content\/uploads\/sites\/3\/2023\/04\/Bildschirmfoto-2023-04-20-um-09.51.42.png 538w, https:\/\/www.thebestsocial.media\/de\/wp-content\/uploads\/sites\/3\/2023\/04\/Bildschirmfoto-2023-04-20-um-09.51.42-300x118.png 300w\" sizes=\"auto, (max-width: 538px) 100vw, 538px\" \/><\/p>\n<p>&nbsp;<\/p>\n<h3>Herr Bundeskanzler, nun sind Sie am Zug!<\/h3>\n<p><img loading=\"lazy\" decoding=\"async\" class=\"alignnone wp-image-180794 size-full\" src=\"https:\/\/www.thebestsocial.media\/de\/wp-content\/uploads\/sites\/3\/2023\/04\/Bildschirmfoto-2023-04-20-um-09.51.05.png\" alt=\"\" width=\"562\" height=\"200\" srcset=\"https:\/\/www.thebestsocial.media\/de\/wp-content\/uploads\/sites\/3\/2023\/04\/Bildschirmfoto-2023-04-20-um-09.51.05.png 562w, https:\/\/www.thebestsocial.media\/de\/wp-content\/uploads\/sites\/3\/2023\/04\/Bildschirmfoto-2023-04-20-um-09.51.05-300x107.png 300w\" sizes=\"auto, (max-width: 562px) 100vw, 562px\" \/><\/p>\n<p>&nbsp;<\/p>\n<h3>Da k\u00f6nnen wir uns nur anschlie\u00dfen.<\/h3>\n<p><img loading=\"lazy\" decoding=\"async\" class=\"alignnone wp-image-180800 size-full\" src=\"https:\/\/www.thebestsocial.media\/de\/wp-content\/uploads\/sites\/3\/2023\/04\/Bildschirmfoto-2023-04-20-um-10.02.32.png\" alt=\"\" width=\"872\" height=\"156\" srcset=\"https:\/\/www.thebestsocial.media\/de\/wp-content\/uploads\/sites\/3\/2023\/04\/Bildschirmfoto-2023-04-20-um-10.02.32.png 872w, https:\/\/www.thebestsocial.media\/de\/wp-content\/uploads\/sites\/3\/2023\/04\/Bildschirmfoto-2023-04-20-um-10.02.32-300x54.png 300w, https:\/\/www.thebestsocial.media\/de\/wp-content\/uploads\/sites\/3\/2023\/04\/Bildschirmfoto-2023-04-20-um-10.02.32-768x137.png 768w\" sizes=\"auto, (max-width: 872px) 100vw, 872px\" \/><\/p>\n<p>&nbsp;<\/p>\n<h3>Ist der Rasen bei euch im Garten schon auf 5 cm getrimmt? Und habt ihr f\u00fcr eure Hecken eine Pfeilschnur benutzt? Nein? Na, dann schaut aber mal schnurstracks bei <a href=\"https:\/\/parkside-diy.com\/de\" target=\"_blank\" rel=\"noopener\">Parkside<\/a> vorbei. Da findet ihr alles, was das G\u00e4rtner-Herz begehrt!<\/h3>\n<p>&nbsp;<\/p>\n<p><em>Noch mehr Garten-Content? <a href=\"https:\/\/www.thebestsocial.media\/de\/harken-rechen-maehen-14-tweets-aus-dem-garten\/\" target=\"_blank\" rel=\"noopener\">Hier entlang<\/a>!<\/em><\/p>\n<p>\u2014<br \/>\n<strong>Vielen Dank an Parkside f\u00fcr diesen unterhaltsamen Post!<\/strong><br \/>\n\u2014<\/p>\n<script async defer src=\"\/instagram-embed.js\"><\/script>","protected":false},"excerpt":{"rendered":"<p>Leise, belastbar und akkurat &#8211; so muss der neue G\u00e4rtner sein, den sich der Bundeskanzler w\u00fcnscht. 3800 Quadratmeter Rasen pflegen sich immerhin nicht von selbst&#8230;.<\/p>\n","protected":false},"author":73,"featured_media":180805,"comment_status":"open","ping_status":"open","sticky":false,"template":"","format":"standard","meta":{"_acf_changed":false,"footnotes":""},"categories":[4227],"tags":[5857,2607],"class_list":["post-180790","post","type-post","status-publish","format-standard","has-post-thumbnail","hentry","category-advertorial","tag-bundeskanzler","tag-garten"],"acf":[],"yoast_head":"<!-- This site is optimized with the Yoast SEO plugin v27.5 - https:\/\/yoast.com\/product\/yoast-seo-wordpress\/ -->\n<title>Bundeskanzler sucht G\u00e4rtner und wir haben perfekten Kandidaten<\/title>\n<meta name=\"description\" content=\"Leise, belastbar und akkurat - so muss der neue G\u00e4rtner sein, den sich der Bundeskanzler w\u00fcnscht. Parkside hat den perfekten Kandidaten!\" \/>\n<meta name=\"robots\" content=\"index, follow, max-snippet:-1, max-image-preview:large, max-video-preview:-1\" \/>\n<link rel=\"canonical\" href=\"https:\/\/www.thebestsocial.media\/de\/bundeskanzler-sucht-gaertner-wir-haben-den-perfekten-kandidaten\/\" \/>\n<meta property=\"og:locale\" content=\"de_DE\" \/>\n<meta property=\"og:type\" content=\"article\" \/>\n<meta property=\"og:title\" content=\"Der Bundeskanzler sucht einen G\u00e4rtner und wir haben den perfekten Kandidaten gefunden\" \/>\n<meta property=\"og:description\" content=\"Leise, belastbar und akkurat - so muss der neue G\u00e4rtner sein, den sich der Bundeskanzler w\u00fcnscht. Parkside hat den perfekten Kandidaten!\" \/>\n<meta property=\"og:url\" content=\"https:\/\/www.thebestsocial.media\/de\/bundeskanzler-sucht-gaertner-wir-haben-den-perfekten-kandidaten\/\" \/>\n<meta property=\"og:site_name\" content=\"The Best Social Media DE\" \/>\n<meta property=\"article:published_time\" content=\"2023-04-20T08:29:42+00:00\" \/>\n<meta property=\"article:modified_time\" content=\"2023-04-20T09:30:57+00:00\" \/>\n<meta property=\"og:image\" content=\"https:\/\/www.thebestsocial.media\/de\/wp-content\/uploads\/sites\/3\/2023\/04\/header-bundesgaertner.png\" \/>\n\t<meta property=\"og:image:width\" content=\"1200\" \/>\n\t<meta property=\"og:image:height\" content=\"630\" \/>\n\t<meta property=\"og:image:type\" content=\"image\/png\" \/>\n<meta name=\"author\" content=\"Helene Mei\u00dfner\" \/>\n<meta name=\"twitter:card\" content=\"summary_large_image\" \/>\n<meta name=\"twitter:label1\" content=\"Verfasst von\" \/>\n\t<meta name=\"twitter:data1\" content=\"Helene Mei\u00dfner\" \/>\n\t<meta name=\"twitter:label2\" content=\"Gesch\u00e4tzte Lesezeit\" \/>\n\t<meta name=\"twitter:data2\" content=\"3\u00a0Minuten\" \/>\n<script type=\"application\/ld+json\" class=\"yoast-schema-graph\">{\"@context\":\"https:\\\/\\\/schema.org\",\"@graph\":[{\"@type\":\"Article\",\"@id\":\"https:\\\/\\\/www.thebestsocial.media\\\/de\\\/bundeskanzler-sucht-gaertner-wir-haben-den-perfekten-kandidaten\\\/#article\",\"isPartOf\":{\"@id\":\"https:\\\/\\\/www.thebestsocial.media\\\/de\\\/bundeskanzler-sucht-gaertner-wir-haben-den-perfekten-kandidaten\\\/\"},\"author\":{\"name\":\"Helene Mei\u00dfner\",\"@id\":\"https:\\\/\\\/www.thebestsocial.media\\\/de\\\/#\\\/schema\\\/person\\\/6267acc046505b90b912687a039220df\"},\"headline\":\"Der Bundeskanzler sucht einen G\u00e4rtner und wir haben den perfekten Kandidaten gefunden\",\"datePublished\":\"2023-04-20T08:29:42+00:00\",\"dateModified\":\"2023-04-20T09:30:57+00:00\",\"mainEntityOfPage\":{\"@id\":\"https:\\\/\\\/www.thebestsocial.media\\\/de\\\/bundeskanzler-sucht-gaertner-wir-haben-den-perfekten-kandidaten\\\/\"},\"wordCount\":268,\"commentCount\":0,\"image\":{\"@id\":\"https:\\\/\\\/www.thebestsocial.media\\\/de\\\/bundeskanzler-sucht-gaertner-wir-haben-den-perfekten-kandidaten\\\/#primaryimage\"},\"thumbnailUrl\":\"https:\\\/\\\/www.thebestsocial.media\\\/de\\\/wp-content\\\/uploads\\\/sites\\\/3\\\/2023\\\/04\\\/beitrag-bundesgaertner.png\",\"keywords\":[\"bundeskanzler\",\"Garten\"],\"articleSection\":[\"Advertorial\"],\"inLanguage\":\"de\",\"potentialAction\":[{\"@type\":\"CommentAction\",\"name\":\"Comment\",\"target\":[\"https:\\\/\\\/www.thebestsocial.media\\\/de\\\/bundeskanzler-sucht-gaertner-wir-haben-den-perfekten-kandidaten\\\/#respond\"]}]},{\"@type\":\"WebPage\",\"@id\":\"https:\\\/\\\/www.thebestsocial.media\\\/de\\\/bundeskanzler-sucht-gaertner-wir-haben-den-perfekten-kandidaten\\\/\",\"url\":\"https:\\\/\\\/www.thebestsocial.media\\\/de\\\/bundeskanzler-sucht-gaertner-wir-haben-den-perfekten-kandidaten\\\/\",\"name\":\"Bundeskanzler sucht G\u00e4rtner und wir haben perfekten Kandidaten\",\"isPartOf\":{\"@id\":\"https:\\\/\\\/www.thebestsocial.media\\\/de\\\/#website\"},\"primaryImageOfPage\":{\"@id\":\"https:\\\/\\\/www.thebestsocial.media\\\/de\\\/bundeskanzler-sucht-gaertner-wir-haben-den-perfekten-kandidaten\\\/#primaryimage\"},\"image\":{\"@id\":\"https:\\\/\\\/www.thebestsocial.media\\\/de\\\/bundeskanzler-sucht-gaertner-wir-haben-den-perfekten-kandidaten\\\/#primaryimage\"},\"thumbnailUrl\":\"https:\\\/\\\/www.thebestsocial.media\\\/de\\\/wp-content\\\/uploads\\\/sites\\\/3\\\/2023\\\/04\\\/beitrag-bundesgaertner.png\",\"datePublished\":\"2023-04-20T08:29:42+00:00\",\"dateModified\":\"2023-04-20T09:30:57+00:00\",\"author\":{\"@id\":\"https:\\\/\\\/www.thebestsocial.media\\\/de\\\/#\\\/schema\\\/person\\\/6267acc046505b90b912687a039220df\"},\"description\":\"Leise, belastbar und akkurat - so muss der neue G\u00e4rtner sein, den sich der Bundeskanzler w\u00fcnscht. Parkside hat den perfekten Kandidaten!\",\"breadcrumb\":{\"@id\":\"https:\\\/\\\/www.thebestsocial.media\\\/de\\\/bundeskanzler-sucht-gaertner-wir-haben-den-perfekten-kandidaten\\\/#breadcrumb\"},\"inLanguage\":\"de\",\"potentialAction\":[{\"@type\":\"ReadAction\",\"target\":[\"https:\\\/\\\/www.thebestsocial.media\\\/de\\\/bundeskanzler-sucht-gaertner-wir-haben-den-perfekten-kandidaten\\\/\"]}]},{\"@type\":\"ImageObject\",\"inLanguage\":\"de\",\"@id\":\"https:\\\/\\\/www.thebestsocial.media\\\/de\\\/bundeskanzler-sucht-gaertner-wir-haben-den-perfekten-kandidaten\\\/#primaryimage\",\"url\":\"https:\\\/\\\/www.thebestsocial.media\\\/de\\\/wp-content\\\/uploads\\\/sites\\\/3\\\/2023\\\/04\\\/beitrag-bundesgaertner.png\",\"contentUrl\":\"https:\\\/\\\/www.thebestsocial.media\\\/de\\\/wp-content\\\/uploads\\\/sites\\\/3\\\/2023\\\/04\\\/beitrag-bundesgaertner.png\",\"width\":1200,\"height\":630,\"caption\":\"Bewerber f\u00fcr den G\u00e4rtner vom Bundeskanzler\"},{\"@type\":\"BreadcrumbList\",\"@id\":\"https:\\\/\\\/www.thebestsocial.media\\\/de\\\/bundeskanzler-sucht-gaertner-wir-haben-den-perfekten-kandidaten\\\/#breadcrumb\",\"itemListElement\":[{\"@type\":\"ListItem\",\"position\":1,\"name\":\"Home\",\"item\":\"https:\\\/\\\/www.thebestsocial.media\\\/de\\\/\"},{\"@type\":\"ListItem\",\"position\":2,\"name\":\"Der Bundeskanzler sucht einen G\u00e4rtner und wir haben den perfekten Kandidaten gefunden\"}]},{\"@type\":\"WebSite\",\"@id\":\"https:\\\/\\\/www.thebestsocial.media\\\/de\\\/#website\",\"url\":\"https:\\\/\\\/www.thebestsocial.media\\\/de\\\/\",\"name\":\"The Best Social Media DE\",\"description\":\"\",\"potentialAction\":[{\"@type\":\"SearchAction\",\"target\":{\"@type\":\"EntryPoint\",\"urlTemplate\":\"https:\\\/\\\/www.thebestsocial.media\\\/de\\\/?s={search_term_string}\"},\"query-input\":{\"@type\":\"PropertyValueSpecification\",\"valueRequired\":true,\"valueName\":\"search_term_string\"}}],\"inLanguage\":\"de\"},{\"@type\":\"Person\",\"@id\":\"https:\\\/\\\/www.thebestsocial.media\\\/de\\\/#\\\/schema\\\/person\\\/6267acc046505b90b912687a039220df\",\"name\":\"Helene Mei\u00dfner\",\"image\":{\"@type\":\"ImageObject\",\"inLanguage\":\"de\",\"@id\":\"https:\\\/\\\/secure.gravatar.com\\\/avatar\\\/6639fc0397860ac2c2e11b018c1f14be4a46c2378a91ac1b35730b724675daa8?s=96&d=mm&r=g\",\"url\":\"https:\\\/\\\/secure.gravatar.com\\\/avatar\\\/6639fc0397860ac2c2e11b018c1f14be4a46c2378a91ac1b35730b724675daa8?s=96&d=mm&r=g\",\"contentUrl\":\"https:\\\/\\\/secure.gravatar.com\\\/avatar\\\/6639fc0397860ac2c2e11b018c1f14be4a46c2378a91ac1b35730b724675daa8?s=96&d=mm&r=g\",\"caption\":\"Helene Mei\u00dfner\"},\"description\":\"Kommt aus Berlin und hat dementsprechend nat\u00fcrlich irgendwas mit Medien studiert. Verlegt oft Dinge, w\u00e4hrend sie sie in der Hand h\u00e4lt. Findet Kauger\u00e4usche unausstehlich. Hat eine Schw\u00e4che f\u00fcr Glitzer und immer mindestens 50 Tabs offen.\",\"sameAs\":[\"https:\\\/\\\/www.instagram.com\\\/he.leni\\\/\"],\"url\":\"https:\\\/\\\/www.thebestsocial.media\\\/de\\\/author\\\/helenemeissner\\\/\"}]}<\/script>\n<!-- \/ Yoast SEO plugin. -->","yoast_head_json":{"title":"Bundeskanzler sucht G\u00e4rtner und wir haben perfekten Kandidaten","description":"Leise, belastbar und akkurat - so muss der neue G\u00e4rtner sein, den sich der Bundeskanzler w\u00fcnscht. Parkside hat den perfekten Kandidaten!","robots":{"index":"index","follow":"follow","max-snippet":"max-snippet:-1","max-image-preview":"max-image-preview:large","max-video-preview":"max-video-preview:-1"},"canonical":"https:\/\/www.thebestsocial.media\/de\/bundeskanzler-sucht-gaertner-wir-haben-den-perfekten-kandidaten\/","og_locale":"de_DE","og_type":"article","og_title":"Der Bundeskanzler sucht einen G\u00e4rtner und wir haben den perfekten Kandidaten gefunden","og_description":"Leise, belastbar und akkurat - so muss der neue G\u00e4rtner sein, den sich der Bundeskanzler w\u00fcnscht. Parkside hat den perfekten Kandidaten!","og_url":"https:\/\/www.thebestsocial.media\/de\/bundeskanzler-sucht-gaertner-wir-haben-den-perfekten-kandidaten\/","og_site_name":"The Best Social Media DE","article_published_time":"2023-04-20T08:29:42+00:00","article_modified_time":"2023-04-20T09:30:57+00:00","og_image":[{"width":1200,"height":630,"url":"https:\/\/www.thebestsocial.media\/de\/wp-content\/uploads\/sites\/3\/2023\/04\/header-bundesgaertner.png","type":"image\/png"}],"author":"Helene Mei\u00dfner","twitter_card":"summary_large_image","twitter_misc":{"Verfasst von":"Helene Mei\u00dfner","Gesch\u00e4tzte Lesezeit":"3\u00a0Minuten"},"schema":{"@context":"https:\/\/schema.org","@graph":[{"@type":"Article","@id":"https:\/\/www.thebestsocial.media\/de\/bundeskanzler-sucht-gaertner-wir-haben-den-perfekten-kandidaten\/#article","isPartOf":{"@id":"https:\/\/www.thebestsocial.media\/de\/bundeskanzler-sucht-gaertner-wir-haben-den-perfekten-kandidaten\/"},"author":{"name":"Helene Mei\u00dfner","@id":"https:\/\/www.thebestsocial.media\/de\/#\/schema\/person\/6267acc046505b90b912687a039220df"},"headline":"Der Bundeskanzler sucht einen G\u00e4rtner und wir haben den perfekten Kandidaten gefunden","datePublished":"2023-04-20T08:29:42+00:00","dateModified":"2023-04-20T09:30:57+00:00","mainEntityOfPage":{"@id":"https:\/\/www.thebestsocial.media\/de\/bundeskanzler-sucht-gaertner-wir-haben-den-perfekten-kandidaten\/"},"wordCount":268,"commentCount":0,"image":{"@id":"https:\/\/www.thebestsocial.media\/de\/bundeskanzler-sucht-gaertner-wir-haben-den-perfekten-kandidaten\/#primaryimage"},"thumbnailUrl":"https:\/\/www.thebestsocial.media\/de\/wp-content\/uploads\/sites\/3\/2023\/04\/beitrag-bundesgaertner.png","keywords":["bundeskanzler","Garten"],"articleSection":["Advertorial"],"inLanguage":"de","potentialAction":[{"@type":"CommentAction","name":"Comment","target":["https:\/\/www.thebestsocial.media\/de\/bundeskanzler-sucht-gaertner-wir-haben-den-perfekten-kandidaten\/#respond"]}]},{"@type":"WebPage","@id":"https:\/\/www.thebestsocial.media\/de\/bundeskanzler-sucht-gaertner-wir-haben-den-perfekten-kandidaten\/","url":"https:\/\/www.thebestsocial.media\/de\/bundeskanzler-sucht-gaertner-wir-haben-den-perfekten-kandidaten\/","name":"Bundeskanzler sucht G\u00e4rtner und wir haben perfekten Kandidaten","isPartOf":{"@id":"https:\/\/www.thebestsocial.media\/de\/#website"},"primaryImageOfPage":{"@id":"https:\/\/www.thebestsocial.media\/de\/bundeskanzler-sucht-gaertner-wir-haben-den-perfekten-kandidaten\/#primaryimage"},"image":{"@id":"https:\/\/www.thebestsocial.media\/de\/bundeskanzler-sucht-gaertner-wir-haben-den-perfekten-kandidaten\/#primaryimage"},"thumbnailUrl":"https:\/\/www.thebestsocial.media\/de\/wp-content\/uploads\/sites\/3\/2023\/04\/beitrag-bundesgaertner.png","datePublished":"2023-04-20T08:29:42+00:00","dateModified":"2023-04-20T09:30:57+00:00","author":{"@id":"https:\/\/www.thebestsocial.media\/de\/#\/schema\/person\/6267acc046505b90b912687a039220df"},"description":"Leise, belastbar und akkurat - so muss der neue G\u00e4rtner sein, den sich der Bundeskanzler w\u00fcnscht. Parkside hat den perfekten Kandidaten!","breadcrumb":{"@id":"https:\/\/www.thebestsocial.media\/de\/bundeskanzler-sucht-gaertner-wir-haben-den-perfekten-kandidaten\/#breadcrumb"},"inLanguage":"de","potentialAction":[{"@type":"ReadAction","target":["https:\/\/www.thebestsocial.media\/de\/bundeskanzler-sucht-gaertner-wir-haben-den-perfekten-kandidaten\/"]}]},{"@type":"ImageObject","inLanguage":"de","@id":"https:\/\/www.thebestsocial.media\/de\/bundeskanzler-sucht-gaertner-wir-haben-den-perfekten-kandidaten\/#primaryimage","url":"https:\/\/www.thebestsocial.media\/de\/wp-content\/uploads\/sites\/3\/2023\/04\/beitrag-bundesgaertner.png","contentUrl":"https:\/\/www.thebestsocial.media\/de\/wp-content\/uploads\/sites\/3\/2023\/04\/beitrag-bundesgaertner.png","width":1200,"height":630,"caption":"Bewerber f\u00fcr den G\u00e4rtner vom Bundeskanzler"},{"@type":"BreadcrumbList","@id":"https:\/\/www.thebestsocial.media\/de\/bundeskanzler-sucht-gaertner-wir-haben-den-perfekten-kandidaten\/#breadcrumb","itemListElement":[{"@type":"ListItem","position":1,"name":"Home","item":"https:\/\/www.thebestsocial.media\/de\/"},{"@type":"ListItem","position":2,"name":"Der Bundeskanzler sucht einen G\u00e4rtner und wir haben den perfekten Kandidaten gefunden"}]},{"@type":"WebSite","@id":"https:\/\/www.thebestsocial.media\/de\/#website","url":"https:\/\/www.thebestsocial.media\/de\/","name":"The Best Social Media DE","description":"","potentialAction":[{"@type":"SearchAction","target":{"@type":"EntryPoint","urlTemplate":"https:\/\/www.thebestsocial.media\/de\/?s={search_term_string}"},"query-input":{"@type":"PropertyValueSpecification","valueRequired":true,"valueName":"search_term_string"}}],"inLanguage":"de"},{"@type":"Person","@id":"https:\/\/www.thebestsocial.media\/de\/#\/schema\/person\/6267acc046505b90b912687a039220df","name":"Helene Mei\u00dfner","image":{"@type":"ImageObject","inLanguage":"de","@id":"https:\/\/secure.gravatar.com\/avatar\/6639fc0397860ac2c2e11b018c1f14be4a46c2378a91ac1b35730b724675daa8?s=96&d=mm&r=g","url":"https:\/\/secure.gravatar.com\/avatar\/6639fc0397860ac2c2e11b018c1f14be4a46c2378a91ac1b35730b724675daa8?s=96&d=mm&r=g","contentUrl":"https:\/\/secure.gravatar.com\/avatar\/6639fc0397860ac2c2e11b018c1f14be4a46c2378a91ac1b35730b724675daa8?s=96&d=mm&r=g","caption":"Helene Mei\u00dfner"},"description":"Kommt aus Berlin und hat dementsprechend nat\u00fcrlich irgendwas mit Medien studiert. Verlegt oft Dinge, w\u00e4hrend sie sie in der Hand h\u00e4lt. Findet Kauger\u00e4usche unausstehlich. Hat eine Schw\u00e4che f\u00fcr Glitzer und immer mindestens 50 Tabs offen.","sameAs":["https:\/\/www.instagram.com\/he.leni\/"],"url":"https:\/\/www.thebestsocial.media\/de\/author\/helenemeissner\/"}]}},"amp_enabled":true,"_links":{"self":[{"href":"https:\/\/www.thebestsocial.media\/de\/wp-json\/wp\/v2\/posts\/180790","targetHints":{"allow":["GET"]}}],"collection":[{"href":"https:\/\/www.thebestsocial.media\/de\/wp-json\/wp\/v2\/posts"}],"about":[{"href":"https:\/\/www.thebestsocial.media\/de\/wp-json\/wp\/v2\/types\/post"}],"author":[{"embeddable":true,"href":"https:\/\/www.thebestsocial.media\/de\/wp-json\/wp\/v2\/users\/73"}],"replies":[{"embeddable":true,"href":"https:\/\/www.thebestsocial.media\/de\/wp-json\/wp\/v2\/comments?post=180790"}],"version-history":[{"count":9,"href":"https:\/\/www.thebestsocial.media\/de\/wp-json\/wp\/v2\/posts\/180790\/revisions"}],"predecessor-version":[{"id":180807,"href":"https:\/\/www.thebestsocial.media\/de\/wp-json\/wp\/v2\/posts\/180790\/revisions\/180807"}],"wp:featuredmedia":[{"embeddable":true,"href":"https:\/\/www.thebestsocial.media\/de\/wp-json\/wp\/v2\/media\/180805"}],"wp:attachment":[{"href":"https:\/\/www.thebestsocial.media\/de\/wp-json\/wp\/v2\/media?parent=180790"}],"wp:term":[{"taxonomy":"category","embeddable":true,"href":"https:\/\/www.thebestsocial.media\/de\/wp-json\/wp\/v2\/categories?post=180790"},{"taxonomy":"post_tag","embeddable":true,"href":"https:\/\/www.thebestsocial.media\/de\/wp-json\/wp\/v2\/tags?post=180790"}],"curies":[{"name":"wp","href":"https:\/\/api.w.org\/{rel}","templated":true}]}}