{"id":180167,"date":"2023-04-06T15:43:45","date_gmt":"2023-04-06T15:43:45","guid":{"rendered":"https:\/\/www.thebestsocial.media\/de\/?p=180167"},"modified":"2023-04-06T15:43:45","modified_gmt":"2023-04-06T15:43:45","slug":"ostergepard-und-wurst-mit-fenster-die-besten-kindersprueche-der-woche","status":"publish","type":"post","link":"https:\/\/www.thebestsocial.media\/de\/ostergepard-und-wurst-mit-fenster-die-besten-kindersprueche-der-woche\/","title":{"rendered":"Ostergepard und Wurst mit Fenster: Die besten Kinderspr\u00fcche der Woche"},"content":{"rendered":"<p>Ostern ist momentan nat\u00fcrlich ein gro\u00dfes Thema bei Kindern, geht doch wieder das gro\u00dfe R\u00e4tseln los: Gibt es den Osterhasen nun, oder steckt vielleicht jemand anderes dahinter? Hier kommen die am\u00fcsantesten Kinderspr\u00fcche der Woche:<\/p>\n<h3><\/h3>\n<h3>Da geht es einem doch gleich besser.<\/h3>\n<blockquote class=\"twitter-tweet\">\n<p dir=\"ltr\" lang=\"de\">Ich hatte die Woche sehr schlimmes Aua (ist wieder besser) und lag auf dem Bett.<br \/>\nKonnte leider ein paar Tr\u00e4nchen nicht vor den Kindern verbergen.<br \/>\nKommt K3 ins Zimmer, guckt mich mitleidig an, streichelt mir \u00fcber die Wange und sagt :<br \/>\n&#8222;Pssssst&#8230;sei leise!&#8220;<br \/>\n1\/2<\/p>\n<p>\u2014 Krawalletta (@Krawalletta) <a href=\"https:\/\/twitter.com\/Krawalletta\/status\/1643473122845245440?ref_src=twsrc%5Etfw\">April 5, 2023<\/a><\/p><\/blockquote>\n<p><script async src=\"https:\/\/platform.twitter.com\/widgets.js\" charset=\"utf-8\"><\/script><\/p>\n<blockquote class=\"twitter-tweet\" data-conversation=\"none\">\n<p dir=\"ltr\" lang=\"de\">Die Fleisch gewordene gesetzliche Krankenkasse \ud83e\udd23<\/p>\n<p>\u2014 Krawalletta (@Krawalletta) <a href=\"https:\/\/twitter.com\/Krawalletta\/status\/1643473124334223360?ref_src=twsrc%5Etfw\">April 5, 2023<\/a><\/p><\/blockquote>\n<p><script async src=\"https:\/\/platform.twitter.com\/widgets.js\" charset=\"utf-8\"><\/script><\/p>\n<p>&nbsp;<\/p>\n<h3>Autsch.<\/h3>\n<blockquote class=\"twitter-tweet\">\n<p dir=\"ltr\" lang=\"de\">Ich: schreibe lol<\/p>\n<p>K1 sieht es: \u201ePapa du schreibst lol? Leute in deinem Alter sollten nicht mehr lol schreiben\u201c<\/p>\n<p>\u26b0\ufe0f wieder komplett eingesargt worden \ud83e\udd72<\/p>\n<p>\u2014 Anwaltsgelaber (@anwaltsgelaber) <a href=\"https:\/\/twitter.com\/anwaltsgelaber\/status\/1643193883096915969?ref_src=twsrc%5Etfw\">April 4, 2023<\/a><\/p><\/blockquote>\n<p><script async src=\"https:\/\/platform.twitter.com\/widgets.js\" charset=\"utf-8\"><\/script><\/p>\n<p>&nbsp;<\/p>\n<h3>Eieiei, das geht nat\u00fcrlich gar nicht!<\/h3>\n<blockquote class=\"twitter-tweet\">\n<p dir=\"ltr\" lang=\"de\">Wir lesen ein Bilderbuch mit einer Tina. Ich sag zu K2 (2): &#8222;Du hast auch eine Tina in deiner Krippe, oder?&#8220;<br \/>\nK2: &#8222;Ja!&#8220;<br \/>\nWeil ich wissen m\u00f6chte ob er sie mag, frag ich: &#8222;Ist sie lieb?&#8220;<br \/>\nK2 mit ernstem, kritischen Ton: &#8222;Aber die macht manchmal Kr\u00fcmel!&#8220;<\/p>\n<p>Oha! Ganz schlechter Umgang!<\/p>\n<p>\u2014 MamaBell (@BellisKaeseecke) <a href=\"https:\/\/twitter.com\/BellisKaeseecke\/status\/1643287036143476737?ref_src=twsrc%5Etfw\">April 4, 2023<\/a><\/p><\/blockquote>\n<p><script async src=\"https:\/\/platform.twitter.com\/widgets.js\" charset=\"utf-8\"><\/script><\/p>\n<p>&nbsp;<\/p>\n<h3>Also ich bin \u00fcberzeugt!<\/h3>\n<blockquote class=\"twitter-tweet\">\n<p dir=\"ltr\" lang=\"de\">K1: &#8222;Mamaaa, vielleicht ist der Osterhase ja gar kein Hase.&#8220;<br \/>\nI: \ud83d\ude33 &#8222;Sondern?&#8220;<br \/>\nK1: &#8222;Ein Gepard. Geparden sind n\u00e4mlich die schnellsten Landtiere der Welt!&#8220;<\/p>\n<p>Klar. Der Ostergepard.<\/p>\n<p>\u2014 Majana (@sonnewolkenmix) <a href=\"https:\/\/twitter.com\/sonnewolkenmix\/status\/1642050887295049729?ref_src=twsrc%5Etfw\">April 1, 2023<\/a><\/p><\/blockquote>\n<p><script async src=\"https:\/\/platform.twitter.com\/widgets.js\" charset=\"utf-8\"><\/script><\/p>\n<p>&nbsp;<\/p>\n<h3>Touch\u00e9!<\/h3>\n<blockquote class=\"twitter-tweet\">\n<p dir=\"ltr\" lang=\"de\">Ich: \u201eIch z\u00e4hl bis drei, dann bist Du in Deinem Zimmer. Eins, zwei \u2026 letzte Zahl ist \u2026<br \/>\nK1: \u201eKeine. Es gibt keine letzte Zahl. Die Zahlen gehen bis unendlich!\u201c<\/p>\n<p>Herrje. Meine Brut.<\/p>\n<p>\u2014 Punktla(n)dung \ud83d\ude37 (@pudelskernspin) <a href=\"https:\/\/twitter.com\/pudelskernspin\/status\/1642881445839470594?ref_src=twsrc%5Etfw\">April 3, 2023<\/a><\/p><\/blockquote>\n<p><script async src=\"https:\/\/platform.twitter.com\/widgets.js\" charset=\"utf-8\"><\/script><\/p>\n<p>&nbsp;<\/p>\n<h3>Wie kann sie es wagen!<\/h3>\n<blockquote class=\"twitter-tweet\">\n<p dir=\"ltr\" lang=\"de\">Kind: Heute hat mich die Anna gesubst und dann hat [Erzieherin] MICH geschimpft und dann hab ich geweint und das war ganz gemein!<br \/>\nIch: Hast du die Anna vielleicht ge\u00e4rgert, bevor sie dich geschubst hat?<br \/>\nKind, verwundert: Nein, ich hab sie zuerst gesubst!<\/p>\n<p>Jep, echt unfaire Sache.<\/p>\n<p>\u2014 Holunderer (@Holunderer1) <a href=\"https:\/\/twitter.com\/Holunderer1\/status\/1643933213130145795?ref_src=twsrc%5Etfw\">April 6, 2023<\/a><\/p><\/blockquote>\n<p><script async src=\"https:\/\/platform.twitter.com\/widgets.js\" charset=\"utf-8\"><\/script><\/p>\n<p>&nbsp;<\/p>\n<h3>Cooles Feature!<\/h3>\n<blockquote class=\"twitter-tweet\">\n<p dir=\"ltr\" lang=\"de\">Vor mir an der Wursttheke ist ein Mann mit seinem Sohn an der Reihe !<\/p>\n<p>&#8222;\u2026und au\u00dferdem h\u00e4tte ich noch gerne\u2026<br \/>\nHenry? Was m\u00f6chtest du denn?&#8220;<\/p>\n<p>Kind deutet auf den Aufschnitt in Aspik<\/p>\n<p>&#8222;Ich m\u00f6chte die Wurst mit Fenster!&#8220;<\/p>\n<p>\u2014 firlefanz (@nnaFlurtheke) <a href=\"https:\/\/twitter.com\/nnaFlurtheke\/status\/1643604576963010561?ref_src=twsrc%5Etfw\">April 5, 2023<\/a><\/p><\/blockquote>\n<p><script async src=\"https:\/\/platform.twitter.com\/widgets.js\" charset=\"utf-8\"><\/script><\/p>\n<p>&nbsp;<\/p>\n<h3>Aprilscherz gegl\u00fcckt!<\/h3>\n<blockquote class=\"twitter-tweet\">\n<p dir=\"ltr\" lang=\"de\">&#8222;Mama! Maaaaaaaama!&#8220;<br \/>\nSchlaftrunken steh ich auf und gehe r\u00fcber.<br \/>\n&#8222;Kann nicht aufstehen. Da ist ein Monster unter dem Bett!&#8220;<br \/>\n&#8222;Ach komm schon.&#8220;<br \/>\n&#8222;Doch, echt!&#8220;<br \/>\n&#8222;Kind&#8230;&#8220;<br \/>\n&#8222;Guck bitte nach!&#8220;<br \/>\n&#8222;Ok, aber es gibt keine&#8230;&#8220;<br \/>\nLiegt da der 3j und gluckst mich fr\u00f6hlich an. S\u00fc\u00dfestes Monster ever!<\/p>\n<p>\u2014 Frau G. aus B. (@FrauGausB) <a href=\"https:\/\/twitter.com\/FrauGausB\/status\/1642068836487684097?ref_src=twsrc%5Etfw\">April 1, 2023<\/a><\/p><\/blockquote>\n<p><script async src=\"https:\/\/platform.twitter.com\/widgets.js\" charset=\"utf-8\"><\/script><\/p>\n<p>&nbsp;<\/p>\n<h3>Interessanter Gedanke&#8230;<\/h3>\n<blockquote class=\"twitter-tweet\">\n<p dir=\"ltr\" lang=\"de\">8j: &#8222;Ich habs gesehen letztes Jahr, Mama hat die Eier versteckt. Mama ist der Osterhase!&#8220;<br \/>\n6j: &#8222;Vielleicht hat sich der Osterhase auch als Mama verkleidet?&#8220;<\/p>\n<p>Alles valide Theorien hier.<\/p>\n<p>\u2014 Foffy (@FoffyMcFoff) <a href=\"https:\/\/twitter.com\/FoffyMcFoff\/status\/1641691281196720130?ref_src=twsrc%5Etfw\">March 31, 2023<\/a><\/p><\/blockquote>\n<p><script async src=\"https:\/\/platform.twitter.com\/widgets.js\" charset=\"utf-8\"><\/script><\/p>\n<h3><em>Mehr Kinderspr\u00fcche &#8211; <a href=\"https:\/\/www.thebestsocial.media\/de\/unverbluemt-und-ultralustig-die-besten-kindersprueche-der-woche\/\" target=\"_blank\" rel=\"noopener\">Hier zu den Top 10 der letzten Woche!<\/a><\/em><\/h3>\n<p><b data-stringify-type=\"bold\">___<\/b><br \/>\n<b data-stringify-type=\"bold\">Vielen Dank an alle f\u00fcr die Posts!<\/b><br \/>\n<b data-stringify-type=\"bold\">___<\/b><\/p>\n<p><b data-stringify-type=\"bold\">1 Klick = 1 Unterst\u00fctzung<\/b>Dir gef\u00e4llt unsere Arbeit? Dann unterst\u00fctze sie doch! Das geht ganz einfach mit einem Klick auf die Werbeanzeigen auf unserer Seite. Kostet nix, aber hilft uns sehr. Dickes Dankesch\u00f6n!<br \/>\nDu hast Feedback? Schick es uns, zum Beispiel\u00a0<a class=\"c-link\" href=\"https:\/\/www.thebestsocial.media\/de\/einsendungen\/\" target=\"_blank\" rel=\"noopener noreferrer\" data-stringify-link=\"https:\/\/www.thebestsocial.media\/de\/einsendungen\/\" data-sk=\"tooltip_parent\">hier<\/a>\u00a0oder per Direktnachricht auf\u00a0<a class=\"c-link\" href=\"https:\/\/www.instagram.com\/thebestsocialmediade\/\" target=\"_blank\" rel=\"noopener noreferrer\" data-stringify-link=\"https:\/\/www.instagram.com\/thebestsocialmediade\/\" data-sk=\"tooltip_parent\">Instagram<\/a>,\u00a0<a class=\"c-link\" href=\"https:\/\/www.facebook.com\/thebestsocialmediaDE\/\" target=\"_blank\" rel=\"noopener noreferrer\" data-stringify-link=\"https:\/\/www.facebook.com\/thebestsocialmediaDE\/\" data-sk=\"tooltip_parent\">Facebook<\/a>\u00a0oder\u00a0<a class=\"c-link\" href=\"https:\/\/twitter.com\/thebestsocialDE\" target=\"_blank\" rel=\"noopener noreferrer\" data-stringify-link=\"https:\/\/twitter.com\/thebestsocialDE\" data-sk=\"tooltip_parent\">Twitter<\/a>.<span class=\"c-message__edited_label\" dir=\"ltr\" data-sk=\"tooltip_parent\" aria-describedby=\"sk-tooltip-6787\">\u00a0<\/span><\/p>\n","protected":false},"excerpt":{"rendered":"<p>Ostern ist momentan nat\u00fcrlich ein gro\u00dfes Thema bei Kindern, geht doch wieder das gro\u00dfe R\u00e4tseln los: Gibt es den Osterhasen nun, oder steckt vielleicht jemand&#8230;<\/p>\n","protected":false},"author":73,"featured_media":180188,"comment_status":"open","ping_status":"open","sticky":false,"template":"","format":"standard","meta":{"_acf_changed":false,"footnotes":""},"categories":[1728,5588,35],"tags":[1039,5559,382],"class_list":["post-180167","post","type-post","status-publish","format-standard","has-post-thumbnail","hentry","category-humor","category-kindersprueche","category-twitter","tag-kinder","tag-kindersprueche","tag-ostern"],"acf":[],"yoast_head":"<!-- This site is optimized with the Yoast SEO plugin v27.5 - https:\/\/yoast.com\/product\/yoast-seo-wordpress\/ -->\n<title>Kinderspr\u00fcche der Woche mit Ostergepard und Wurst mit Fenster<\/title>\n<meta name=\"description\" content=\"Ostern ist momentan nat\u00fcrlich ein gro\u00dfes Thema: Gibt es den Osterhasen nun oder nicht? Hier kommen die am\u00fcsantesten Kinderspr\u00fcche der Woche.\" \/>\n<meta name=\"robots\" content=\"index, follow, max-snippet:-1, max-image-preview:large, max-video-preview:-1\" \/>\n<link rel=\"canonical\" href=\"https:\/\/www.thebestsocial.media\/de\/ostergepard-und-wurst-mit-fenster-die-besten-kindersprueche-der-woche\/\" \/>\n<meta property=\"og:locale\" content=\"de_DE\" \/>\n<meta property=\"og:type\" content=\"article\" \/>\n<meta property=\"og:title\" content=\"Ostergepard und Wurst mit Fenster: Die besten Kinderspr\u00fcche der Woche\" \/>\n<meta property=\"og:description\" content=\"Ostern ist momentan nat\u00fcrlich ein gro\u00dfes Thema: Gibt es den Osterhasen nun oder nicht? Hier kommen die am\u00fcsantesten Kinderspr\u00fcche der Woche.\" \/>\n<meta property=\"og:url\" content=\"https:\/\/www.thebestsocial.media\/de\/ostergepard-und-wurst-mit-fenster-die-besten-kindersprueche-der-woche\/\" \/>\n<meta property=\"og:site_name\" content=\"The Best Social Media DE\" \/>\n<meta property=\"article:published_time\" content=\"2023-04-06T15:43:45+00:00\" \/>\n<meta property=\"og:image\" content=\"https:\/\/www.thebestsocial.media\/de\/wp-content\/uploads\/sites\/3\/2023\/04\/header-kinderspruecheostern.png\" \/>\n\t<meta property=\"og:image:width\" content=\"1200\" \/>\n\t<meta property=\"og:image:height\" content=\"630\" \/>\n\t<meta property=\"og:image:type\" content=\"image\/png\" \/>\n<meta name=\"author\" content=\"Helene Mei\u00dfner\" \/>\n<meta name=\"twitter:card\" content=\"summary_large_image\" \/>\n<meta name=\"twitter:label1\" content=\"Verfasst von\" \/>\n\t<meta name=\"twitter:data1\" content=\"Helene Mei\u00dfner\" \/>\n\t<meta name=\"twitter:label2\" content=\"Gesch\u00e4tzte Lesezeit\" \/>\n\t<meta name=\"twitter:data2\" content=\"3\u00a0Minuten\" \/>\n<script type=\"application\/ld+json\" class=\"yoast-schema-graph\">{\"@context\":\"https:\\\/\\\/schema.org\",\"@graph\":[{\"@type\":\"Article\",\"@id\":\"https:\\\/\\\/www.thebestsocial.media\\\/de\\\/ostergepard-und-wurst-mit-fenster-die-besten-kindersprueche-der-woche\\\/#article\",\"isPartOf\":{\"@id\":\"https:\\\/\\\/www.thebestsocial.media\\\/de\\\/ostergepard-und-wurst-mit-fenster-die-besten-kindersprueche-der-woche\\\/\"},\"author\":{\"name\":\"Helene Mei\u00dfner\",\"@id\":\"https:\\\/\\\/www.thebestsocial.media\\\/de\\\/#\\\/schema\\\/person\\\/6267acc046505b90b912687a039220df\"},\"headline\":\"Ostergepard und Wurst mit Fenster: Die besten Kinderspr\u00fcche der Woche\",\"datePublished\":\"2023-04-06T15:43:45+00:00\",\"mainEntityOfPage\":{\"@id\":\"https:\\\/\\\/www.thebestsocial.media\\\/de\\\/ostergepard-und-wurst-mit-fenster-die-besten-kindersprueche-der-woche\\\/\"},\"wordCount\":545,\"commentCount\":0,\"image\":{\"@id\":\"https:\\\/\\\/www.thebestsocial.media\\\/de\\\/ostergepard-und-wurst-mit-fenster-die-besten-kindersprueche-der-woche\\\/#primaryimage\"},\"thumbnailUrl\":\"https:\\\/\\\/www.thebestsocial.media\\\/de\\\/wp-content\\\/uploads\\\/sites\\\/3\\\/2023\\\/04\\\/beitrag-kinderspruecheostern.png\",\"keywords\":[\"Kinder\",\"Kinderspr\u00fcche\",\"ostern\"],\"articleSection\":[\"Humor\",\"Kinderspr\u00fcche\",\"Twitter\"],\"inLanguage\":\"de\",\"potentialAction\":[{\"@type\":\"CommentAction\",\"name\":\"Comment\",\"target\":[\"https:\\\/\\\/www.thebestsocial.media\\\/de\\\/ostergepard-und-wurst-mit-fenster-die-besten-kindersprueche-der-woche\\\/#respond\"]}]},{\"@type\":\"WebPage\",\"@id\":\"https:\\\/\\\/www.thebestsocial.media\\\/de\\\/ostergepard-und-wurst-mit-fenster-die-besten-kindersprueche-der-woche\\\/\",\"url\":\"https:\\\/\\\/www.thebestsocial.media\\\/de\\\/ostergepard-und-wurst-mit-fenster-die-besten-kindersprueche-der-woche\\\/\",\"name\":\"Kinderspr\u00fcche der Woche mit Ostergepard und Wurst mit Fenster\",\"isPartOf\":{\"@id\":\"https:\\\/\\\/www.thebestsocial.media\\\/de\\\/#website\"},\"primaryImageOfPage\":{\"@id\":\"https:\\\/\\\/www.thebestsocial.media\\\/de\\\/ostergepard-und-wurst-mit-fenster-die-besten-kindersprueche-der-woche\\\/#primaryimage\"},\"image\":{\"@id\":\"https:\\\/\\\/www.thebestsocial.media\\\/de\\\/ostergepard-und-wurst-mit-fenster-die-besten-kindersprueche-der-woche\\\/#primaryimage\"},\"thumbnailUrl\":\"https:\\\/\\\/www.thebestsocial.media\\\/de\\\/wp-content\\\/uploads\\\/sites\\\/3\\\/2023\\\/04\\\/beitrag-kinderspruecheostern.png\",\"datePublished\":\"2023-04-06T15:43:45+00:00\",\"author\":{\"@id\":\"https:\\\/\\\/www.thebestsocial.media\\\/de\\\/#\\\/schema\\\/person\\\/6267acc046505b90b912687a039220df\"},\"description\":\"Ostern ist momentan nat\u00fcrlich ein gro\u00dfes Thema: Gibt es den Osterhasen nun oder nicht? Hier kommen die am\u00fcsantesten Kinderspr\u00fcche der Woche.\",\"breadcrumb\":{\"@id\":\"https:\\\/\\\/www.thebestsocial.media\\\/de\\\/ostergepard-und-wurst-mit-fenster-die-besten-kindersprueche-der-woche\\\/#breadcrumb\"},\"inLanguage\":\"de\",\"potentialAction\":[{\"@type\":\"ReadAction\",\"target\":[\"https:\\\/\\\/www.thebestsocial.media\\\/de\\\/ostergepard-und-wurst-mit-fenster-die-besten-kindersprueche-der-woche\\\/\"]}]},{\"@type\":\"ImageObject\",\"inLanguage\":\"de\",\"@id\":\"https:\\\/\\\/www.thebestsocial.media\\\/de\\\/ostergepard-und-wurst-mit-fenster-die-besten-kindersprueche-der-woche\\\/#primaryimage\",\"url\":\"https:\\\/\\\/www.thebestsocial.media\\\/de\\\/wp-content\\\/uploads\\\/sites\\\/3\\\/2023\\\/04\\\/beitrag-kinderspruecheostern.png\",\"contentUrl\":\"https:\\\/\\\/www.thebestsocial.media\\\/de\\\/wp-content\\\/uploads\\\/sites\\\/3\\\/2023\\\/04\\\/beitrag-kinderspruecheostern.png\",\"width\":1200,\"height\":630,\"caption\":\"Bild f\u00fcr die Kinderspr\u00fcche der Woche\"},{\"@type\":\"BreadcrumbList\",\"@id\":\"https:\\\/\\\/www.thebestsocial.media\\\/de\\\/ostergepard-und-wurst-mit-fenster-die-besten-kindersprueche-der-woche\\\/#breadcrumb\",\"itemListElement\":[{\"@type\":\"ListItem\",\"position\":1,\"name\":\"Home\",\"item\":\"https:\\\/\\\/www.thebestsocial.media\\\/de\\\/\"},{\"@type\":\"ListItem\",\"position\":2,\"name\":\"Ostergepard und Wurst mit Fenster: Die besten Kinderspr\u00fcche der Woche\"}]},{\"@type\":\"WebSite\",\"@id\":\"https:\\\/\\\/www.thebestsocial.media\\\/de\\\/#website\",\"url\":\"https:\\\/\\\/www.thebestsocial.media\\\/de\\\/\",\"name\":\"The Best Social Media DE\",\"description\":\"\",\"potentialAction\":[{\"@type\":\"SearchAction\",\"target\":{\"@type\":\"EntryPoint\",\"urlTemplate\":\"https:\\\/\\\/www.thebestsocial.media\\\/de\\\/?s={search_term_string}\"},\"query-input\":{\"@type\":\"PropertyValueSpecification\",\"valueRequired\":true,\"valueName\":\"search_term_string\"}}],\"inLanguage\":\"de\"},{\"@type\":\"Person\",\"@id\":\"https:\\\/\\\/www.thebestsocial.media\\\/de\\\/#\\\/schema\\\/person\\\/6267acc046505b90b912687a039220df\",\"name\":\"Helene Mei\u00dfner\",\"image\":{\"@type\":\"ImageObject\",\"inLanguage\":\"de\",\"@id\":\"https:\\\/\\\/secure.gravatar.com\\\/avatar\\\/6639fc0397860ac2c2e11b018c1f14be4a46c2378a91ac1b35730b724675daa8?s=96&d=mm&r=g\",\"url\":\"https:\\\/\\\/secure.gravatar.com\\\/avatar\\\/6639fc0397860ac2c2e11b018c1f14be4a46c2378a91ac1b35730b724675daa8?s=96&d=mm&r=g\",\"contentUrl\":\"https:\\\/\\\/secure.gravatar.com\\\/avatar\\\/6639fc0397860ac2c2e11b018c1f14be4a46c2378a91ac1b35730b724675daa8?s=96&d=mm&r=g\",\"caption\":\"Helene Mei\u00dfner\"},\"description\":\"Kommt aus Berlin und hat dementsprechend nat\u00fcrlich irgendwas mit Medien studiert. Verlegt oft Dinge, w\u00e4hrend sie sie in der Hand h\u00e4lt. Findet Kauger\u00e4usche unausstehlich. Hat eine Schw\u00e4che f\u00fcr Glitzer und immer mindestens 50 Tabs offen.\",\"sameAs\":[\"https:\\\/\\\/www.instagram.com\\\/he.leni\\\/\"],\"url\":\"https:\\\/\\\/www.thebestsocial.media\\\/de\\\/author\\\/helenemeissner\\\/\"}]}<\/script>\n<!-- \/ Yoast SEO plugin. -->","yoast_head_json":{"title":"Kinderspr\u00fcche der Woche mit Ostergepard und Wurst mit Fenster","description":"Ostern ist momentan nat\u00fcrlich ein gro\u00dfes Thema: Gibt es den Osterhasen nun oder nicht? Hier kommen die am\u00fcsantesten Kinderspr\u00fcche der Woche.","robots":{"index":"index","follow":"follow","max-snippet":"max-snippet:-1","max-image-preview":"max-image-preview:large","max-video-preview":"max-video-preview:-1"},"canonical":"https:\/\/www.thebestsocial.media\/de\/ostergepard-und-wurst-mit-fenster-die-besten-kindersprueche-der-woche\/","og_locale":"de_DE","og_type":"article","og_title":"Ostergepard und Wurst mit Fenster: Die besten Kinderspr\u00fcche der Woche","og_description":"Ostern ist momentan nat\u00fcrlich ein gro\u00dfes Thema: Gibt es den Osterhasen nun oder nicht? Hier kommen die am\u00fcsantesten Kinderspr\u00fcche der Woche.","og_url":"https:\/\/www.thebestsocial.media\/de\/ostergepard-und-wurst-mit-fenster-die-besten-kindersprueche-der-woche\/","og_site_name":"The Best Social Media DE","article_published_time":"2023-04-06T15:43:45+00:00","og_image":[{"width":1200,"height":630,"url":"https:\/\/www.thebestsocial.media\/de\/wp-content\/uploads\/sites\/3\/2023\/04\/header-kinderspruecheostern.png","type":"image\/png"}],"author":"Helene Mei\u00dfner","twitter_card":"summary_large_image","twitter_misc":{"Verfasst von":"Helene Mei\u00dfner","Gesch\u00e4tzte Lesezeit":"3\u00a0Minuten"},"schema":{"@context":"https:\/\/schema.org","@graph":[{"@type":"Article","@id":"https:\/\/www.thebestsocial.media\/de\/ostergepard-und-wurst-mit-fenster-die-besten-kindersprueche-der-woche\/#article","isPartOf":{"@id":"https:\/\/www.thebestsocial.media\/de\/ostergepard-und-wurst-mit-fenster-die-besten-kindersprueche-der-woche\/"},"author":{"name":"Helene Mei\u00dfner","@id":"https:\/\/www.thebestsocial.media\/de\/#\/schema\/person\/6267acc046505b90b912687a039220df"},"headline":"Ostergepard und Wurst mit Fenster: Die besten Kinderspr\u00fcche der Woche","datePublished":"2023-04-06T15:43:45+00:00","mainEntityOfPage":{"@id":"https:\/\/www.thebestsocial.media\/de\/ostergepard-und-wurst-mit-fenster-die-besten-kindersprueche-der-woche\/"},"wordCount":545,"commentCount":0,"image":{"@id":"https:\/\/www.thebestsocial.media\/de\/ostergepard-und-wurst-mit-fenster-die-besten-kindersprueche-der-woche\/#primaryimage"},"thumbnailUrl":"https:\/\/www.thebestsocial.media\/de\/wp-content\/uploads\/sites\/3\/2023\/04\/beitrag-kinderspruecheostern.png","keywords":["Kinder","Kinderspr\u00fcche","ostern"],"articleSection":["Humor","Kinderspr\u00fcche","Twitter"],"inLanguage":"de","potentialAction":[{"@type":"CommentAction","name":"Comment","target":["https:\/\/www.thebestsocial.media\/de\/ostergepard-und-wurst-mit-fenster-die-besten-kindersprueche-der-woche\/#respond"]}]},{"@type":"WebPage","@id":"https:\/\/www.thebestsocial.media\/de\/ostergepard-und-wurst-mit-fenster-die-besten-kindersprueche-der-woche\/","url":"https:\/\/www.thebestsocial.media\/de\/ostergepard-und-wurst-mit-fenster-die-besten-kindersprueche-der-woche\/","name":"Kinderspr\u00fcche der Woche mit Ostergepard und Wurst mit Fenster","isPartOf":{"@id":"https:\/\/www.thebestsocial.media\/de\/#website"},"primaryImageOfPage":{"@id":"https:\/\/www.thebestsocial.media\/de\/ostergepard-und-wurst-mit-fenster-die-besten-kindersprueche-der-woche\/#primaryimage"},"image":{"@id":"https:\/\/www.thebestsocial.media\/de\/ostergepard-und-wurst-mit-fenster-die-besten-kindersprueche-der-woche\/#primaryimage"},"thumbnailUrl":"https:\/\/www.thebestsocial.media\/de\/wp-content\/uploads\/sites\/3\/2023\/04\/beitrag-kinderspruecheostern.png","datePublished":"2023-04-06T15:43:45+00:00","author":{"@id":"https:\/\/www.thebestsocial.media\/de\/#\/schema\/person\/6267acc046505b90b912687a039220df"},"description":"Ostern ist momentan nat\u00fcrlich ein gro\u00dfes Thema: Gibt es den Osterhasen nun oder nicht? Hier kommen die am\u00fcsantesten Kinderspr\u00fcche der Woche.","breadcrumb":{"@id":"https:\/\/www.thebestsocial.media\/de\/ostergepard-und-wurst-mit-fenster-die-besten-kindersprueche-der-woche\/#breadcrumb"},"inLanguage":"de","potentialAction":[{"@type":"ReadAction","target":["https:\/\/www.thebestsocial.media\/de\/ostergepard-und-wurst-mit-fenster-die-besten-kindersprueche-der-woche\/"]}]},{"@type":"ImageObject","inLanguage":"de","@id":"https:\/\/www.thebestsocial.media\/de\/ostergepard-und-wurst-mit-fenster-die-besten-kindersprueche-der-woche\/#primaryimage","url":"https:\/\/www.thebestsocial.media\/de\/wp-content\/uploads\/sites\/3\/2023\/04\/beitrag-kinderspruecheostern.png","contentUrl":"https:\/\/www.thebestsocial.media\/de\/wp-content\/uploads\/sites\/3\/2023\/04\/beitrag-kinderspruecheostern.png","width":1200,"height":630,"caption":"Bild f\u00fcr die Kinderspr\u00fcche der Woche"},{"@type":"BreadcrumbList","@id":"https:\/\/www.thebestsocial.media\/de\/ostergepard-und-wurst-mit-fenster-die-besten-kindersprueche-der-woche\/#breadcrumb","itemListElement":[{"@type":"ListItem","position":1,"name":"Home","item":"https:\/\/www.thebestsocial.media\/de\/"},{"@type":"ListItem","position":2,"name":"Ostergepard und Wurst mit Fenster: Die besten Kinderspr\u00fcche der Woche"}]},{"@type":"WebSite","@id":"https:\/\/www.thebestsocial.media\/de\/#website","url":"https:\/\/www.thebestsocial.media\/de\/","name":"The Best Social Media DE","description":"","potentialAction":[{"@type":"SearchAction","target":{"@type":"EntryPoint","urlTemplate":"https:\/\/www.thebestsocial.media\/de\/?s={search_term_string}"},"query-input":{"@type":"PropertyValueSpecification","valueRequired":true,"valueName":"search_term_string"}}],"inLanguage":"de"},{"@type":"Person","@id":"https:\/\/www.thebestsocial.media\/de\/#\/schema\/person\/6267acc046505b90b912687a039220df","name":"Helene Mei\u00dfner","image":{"@type":"ImageObject","inLanguage":"de","@id":"https:\/\/secure.gravatar.com\/avatar\/6639fc0397860ac2c2e11b018c1f14be4a46c2378a91ac1b35730b724675daa8?s=96&d=mm&r=g","url":"https:\/\/secure.gravatar.com\/avatar\/6639fc0397860ac2c2e11b018c1f14be4a46c2378a91ac1b35730b724675daa8?s=96&d=mm&r=g","contentUrl":"https:\/\/secure.gravatar.com\/avatar\/6639fc0397860ac2c2e11b018c1f14be4a46c2378a91ac1b35730b724675daa8?s=96&d=mm&r=g","caption":"Helene Mei\u00dfner"},"description":"Kommt aus Berlin und hat dementsprechend nat\u00fcrlich irgendwas mit Medien studiert. Verlegt oft Dinge, w\u00e4hrend sie sie in der Hand h\u00e4lt. Findet Kauger\u00e4usche unausstehlich. Hat eine Schw\u00e4che f\u00fcr Glitzer und immer mindestens 50 Tabs offen.","sameAs":["https:\/\/www.instagram.com\/he.leni\/"],"url":"https:\/\/www.thebestsocial.media\/de\/author\/helenemeissner\/"}]}},"amp_enabled":true,"_links":{"self":[{"href":"https:\/\/www.thebestsocial.media\/de\/wp-json\/wp\/v2\/posts\/180167","targetHints":{"allow":["GET"]}}],"collection":[{"href":"https:\/\/www.thebestsocial.media\/de\/wp-json\/wp\/v2\/posts"}],"about":[{"href":"https:\/\/www.thebestsocial.media\/de\/wp-json\/wp\/v2\/types\/post"}],"author":[{"embeddable":true,"href":"https:\/\/www.thebestsocial.media\/de\/wp-json\/wp\/v2\/users\/73"}],"replies":[{"embeddable":true,"href":"https:\/\/www.thebestsocial.media\/de\/wp-json\/wp\/v2\/comments?post=180167"}],"version-history":[{"count":19,"href":"https:\/\/www.thebestsocial.media\/de\/wp-json\/wp\/v2\/posts\/180167\/revisions"}],"predecessor-version":[{"id":180191,"href":"https:\/\/www.thebestsocial.media\/de\/wp-json\/wp\/v2\/posts\/180167\/revisions\/180191"}],"wp:featuredmedia":[{"embeddable":true,"href":"https:\/\/www.thebestsocial.media\/de\/wp-json\/wp\/v2\/media\/180188"}],"wp:attachment":[{"href":"https:\/\/www.thebestsocial.media\/de\/wp-json\/wp\/v2\/media?parent=180167"}],"wp:term":[{"taxonomy":"category","embeddable":true,"href":"https:\/\/www.thebestsocial.media\/de\/wp-json\/wp\/v2\/categories?post=180167"},{"taxonomy":"post_tag","embeddable":true,"href":"https:\/\/www.thebestsocial.media\/de\/wp-json\/wp\/v2\/tags?post=180167"}],"curies":[{"name":"wp","href":"https:\/\/api.w.org\/{rel}","templated":true}]}}