{"id":179020,"date":"2023-03-31T10:20:46","date_gmt":"2023-03-31T10:20:46","guid":{"rendered":"https:\/\/www.thebestsocial.media\/de\/?p=179020"},"modified":"2023-03-31T10:20:46","modified_gmt":"2023-03-31T10:20:46","slug":"ikea-moebelhaus-posts","status":"publish","type":"post","link":"https:\/\/www.thebestsocial.media\/de\/ikea-moebelhaus-posts\/","title":{"rendered":"Diese Posts fassen einen Besuch bei IKEA perfekt zusammen!"},"content":{"rendered":"<p>Wenn man seine eigene Wohnung hat und mal frei, dann macht man oft gerne Ausfl\u00fcge. Ein beliebter Ort daf\u00fcr ist ein schwedisches M\u00f6belhaus mit dem wunderbaren und bekannten Namen IKEA, welches auch in Deutschland einige M\u00f6belh\u00e4user hat. Nein, man braucht meistens nichts bestimmtes dort, deshalb geht man allerdings auch nicht. Es ist ein Erlebnis. Ein Erlebnis f\u00fcr das man einen ganzen Tag durch ein Einrichtungshaus irrt und sich dabei inspirieren l\u00e4sst, welche Verschlimmbesserungen man in seiner Wohnung oder seinem Haus noch vornehmen kann. In dem Bekanntheitsgrad kommt man nicht drumherum, dass das Thema auch im Internet oft diskutiert wird. Sei es die unglaublich einfache Art die M\u00f6bel zusammenzubauen oder dass man immer ganz genau wei\u00df, was man dort braucht (Teelichter) und auch immer nur mit besagtem Artikel (Teelichter und Plastikpflanze) die Hallen wieder verl\u00e4sst: Die folgenden Posts beschreiben das Erlebnis mit IKEA ganz gut.<\/p>\n<p>&nbsp;<\/p>\n<h3>Genau so.<\/h3>\n<blockquote class=\"instagram-media\" style=\"background: #FFF; border: 0; border-radius: 3px; box-shadow: 0 0 1px 0 rgba(0,0,0,0.5),0 1px 10px 0 rgba(0,0,0,0.15); margin: 1px; max-width: 540px; min-width: 326px; padding: 0; width: calc(100% - 2px);\" data-instgrm-captioned=\"\" data-instgrm-permalink=\"https:\/\/www.instagram.com\/p\/CqIB63ZtSp2\/?utm_source=ig_embed&amp;utm_campaign=loading\" data-instgrm-version=\"14\">\n<div style=\"padding: 16px;\">\n<p>&nbsp;<\/p>\n<div style=\"display: flex; flex-direction: row; align-items: center;\">\n<div style=\"background-color: #f4f4f4; border-radius: 50%; flex-grow: 0; height: 40px; margin-right: 14px; width: 40px;\"><\/div>\n<div style=\"display: flex; flex-direction: column; flex-grow: 1; justify-content: center;\">\n<div style=\"background-color: #f4f4f4; border-radius: 4px; flex-grow: 0; height: 14px; margin-bottom: 6px; width: 100px;\"><\/div>\n<div style=\"background-color: #f4f4f4; border-radius: 4px; flex-grow: 0; height: 14px; width: 60px;\"><\/div>\n<\/div>\n<\/div>\n<div style=\"padding: 19% 0;\"><\/div>\n<div style=\"display: block; height: 50px; margin: 0 auto 12px; width: 50px;\"><\/div>\n<div style=\"padding-top: 8px;\">\n<div style=\"color: #3897f0; font-family: Arial,sans-serif; font-size: 14px; font-style: normal; font-weight: 550; line-height: 18px;\">Sieh dir diesen Beitrag auf Instagram an<\/div>\n<\/div>\n<div style=\"padding: 12.5% 0;\"><\/div>\n<div style=\"display: flex; flex-direction: row; margin-bottom: 14px; align-items: center;\">\n<div>\n<div style=\"background-color: #f4f4f4; border-radius: 50%; height: 12.5px; width: 12.5px; transform: translateX(0px) translateY(7px);\"><\/div>\n<div style=\"background-color: #f4f4f4; height: 12.5px; transform: rotate(-45deg) translateX(3px) translateY(1px); width: 12.5px; flex-grow: 0; margin-right: 14px; margin-left: 2px;\"><\/div>\n<div style=\"background-color: #f4f4f4; border-radius: 50%; height: 12.5px; width: 12.5px; transform: translateX(9px) translateY(-18px);\"><\/div>\n<\/div>\n<div style=\"margin-left: 8px;\">\n<div style=\"background-color: #f4f4f4; border-radius: 50%; flex-grow: 0; height: 20px; width: 20px;\"><\/div>\n<div style=\"width: 0; height: 0; border-top: 2px solid transparent; border-left: 6px solid #f4f4f4; border-bottom: 2px solid transparent; transform: translateX(16px) translateY(-4px) rotate(30deg);\"><\/div>\n<\/div>\n<div style=\"margin-left: auto;\">\n<div style=\"width: 0px; border-top: 8px solid #F4F4F4; border-right: 8px solid transparent; transform: translateY(16px);\"><\/div>\n<div style=\"background-color: #f4f4f4; flex-grow: 0; height: 12px; width: 16px; transform: translateY(-4px);\"><\/div>\n<div style=\"width: 0; height: 0; border-top: 8px solid #F4F4F4; border-left: 8px solid transparent; transform: translateY(-4px) translateX(8px);\"><\/div>\n<\/div>\n<\/div>\n<div style=\"display: flex; flex-direction: column; flex-grow: 1; justify-content: center; margin-bottom: 24px;\">\n<div style=\"background-color: #f4f4f4; border-radius: 4px; flex-grow: 0; height: 14px; margin-bottom: 6px; width: 224px;\"><\/div>\n<div style=\"background-color: #f4f4f4; border-radius: 4px; flex-grow: 0; height: 14px; width: 144px;\"><\/div>\n<\/div>\n<p>&nbsp;<\/p>\n<p style=\"color: #c9c8cd; font-family: Arial,sans-serif; font-size: 14px; line-height: 17px; margin-bottom: 0; margin-top: 8px; overflow: hidden; padding: 8px 0 7px; text-align: center; text-overflow: ellipsis; white-space: nowrap;\"><a style=\"color: #c9c8cd; font-family: Arial,sans-serif; font-size: 14px; font-style: normal; font-weight: normal; line-height: 17px; text-decoration: none;\" href=\"https:\/\/www.instagram.com\/p\/CqIB63ZtSp2\/?utm_source=ig_embed&amp;utm_campaign=loading\" target=\"_blank\" rel=\"noopener\">Ein Beitrag geteilt von IKEA Deutschland (@ikeadeutschland)<\/a><\/p>\n<\/div>\n<\/blockquote>\n\n<p>&nbsp;<\/p>\n<h3>Ist doch sch\u00f6n!<\/h3>\n<blockquote class=\"twitter-tweet\">\n<p dir=\"ltr\" lang=\"de\">Die Frau war bei IKEA.<\/p>\n<p>&#8222;Eine f\u00fcr dich und eine f\u00fcr mich. Dann haben wir GANZ ERWACHSEN die gleiche Bettw\u00e4sche! \ud83e\udd29&#8220; <a href=\"https:\/\/t.co\/1ozye39WcD\">pic.twitter.com\/1ozye39WcD<\/a><\/p>\n<p>\u2014 Vuffi Raa (@darthvuffi) <a href=\"https:\/\/twitter.com\/darthvuffi\/status\/1578786258691948544?ref_src=twsrc%5Etfw\">October 8, 2022<\/a><\/p><\/blockquote>\n<p><script async src=\"https:\/\/platform.twitter.com\/widgets.js\" charset=\"utf-8\"><\/script><\/p>\n<p>&nbsp;<\/p>\n<h3>IKEA hat f\u00fcr alle was.<\/h3>\n<blockquote class=\"twitter-tweet\">\n<p dir=\"ltr\" lang=\"de\">Zu IKEA fahren und einfach mal in ein Kissen schreien. Oder in mehrere, um zu testen, welches am besten den Schall absorbiert und es dann kaufen.<\/p>\n<p>\u2014 AlexOhneW (@AlexOhneW) <a href=\"https:\/\/twitter.com\/AlexOhneW\/status\/1638547674772152321?ref_src=twsrc%5Etfw\">March 22, 2023<\/a><\/p><\/blockquote>\n<p><script async src=\"https:\/\/platform.twitter.com\/widgets.js\" charset=\"utf-8\"><\/script><\/p>\n<p>&nbsp;<\/p>\n<h3>Das nennt man doch Kunst!<\/h3>\n<blockquote class=\"twitter-tweet\">\n<p dir=\"ltr\" lang=\"de\">Ich wei\u00df auch nicht, was Ikea sich dabei gedacht hat \ud83d\ude44 <a href=\"https:\/\/t.co\/0TxZuQ193k\">pic.twitter.com\/0TxZuQ193k<\/a><\/p>\n<p>\u2014 W\u00fcste Piratin (@wuestenpiratin) <a href=\"https:\/\/twitter.com\/wuestenpiratin\/status\/1620164401528713217?ref_src=twsrc%5Etfw\">January 30, 2023<\/a><\/p><\/blockquote>\n<p><script async src=\"https:\/\/platform.twitter.com\/widgets.js\" charset=\"utf-8\"><\/script><\/p>\n<p>&nbsp;<\/p>\n<blockquote class=\"twitter-tweet\">\n<h3 dir=\"ltr\" lang=\"de\">Immerhin kann man zur\u00fcckbl\u00e4ttern! Auch f\u00fcnfmal!<\/h3>\n<p dir=\"ltr\" lang=\"de\">Nie ein gutes Indiz wenn man in der Ikea Anleitung zur\u00fcckbl\u00e4ttern muss.<\/p>\n<p>\u2014 Adrian Krug (@Hasscompilation) <a href=\"https:\/\/twitter.com\/Hasscompilation\/status\/1628471119479988226?ref_src=twsrc%5Etfw\">February 22, 2023<\/a><\/p><\/blockquote>\n<p><script async src=\"https:\/\/platform.twitter.com\/widgets.js\" charset=\"utf-8\"><\/script><\/p>\n<p>&nbsp;<\/p>\n<h3>Tja, so geht das.<\/h3>\n<blockquote class=\"twitter-tweet\">\n<p dir=\"ltr\" lang=\"de\">Hier beim Ikea ist alles voller frisch verliebter P\u00e4rchen, die sich ihre erste gemeinsame Wohnung einrichten.<\/p>\n<p>Und dann bin da ich; mit Klob\u00fcrste in der einen und Plastikpflanze in der anderen Hand, der fluchend hofft, noch ein paar kostenlose Bleistifte abzugreifen.<\/p>\n<p>\u2014 451, Lasse (@rainerschund) <a href=\"https:\/\/twitter.com\/rainerschund\/status\/1615331203954999296?ref_src=twsrc%5Etfw\">January 17, 2023<\/a><\/p><\/blockquote>\n<p><script async src=\"https:\/\/platform.twitter.com\/widgets.js\" charset=\"utf-8\"><\/script><\/p>\n<p>&nbsp;<\/p>\n<blockquote class=\"twitter-tweet\">\n<h3 dir=\"ltr\" lang=\"de\">Da hat jemand nicht genug zur\u00fcckgebl\u00e4ttert.<\/h3>\n<p dir=\"ltr\" lang=\"de\">Kauft keine Katzen bei IKEA! <a href=\"https:\/\/t.co\/imNnGJ2Ru1\">pic.twitter.com\/imNnGJ2Ru1<\/a><\/p>\n<p>\u2014 Theobald Tiger \ud83d\udc8e\ud83e\udd18 (@ReklovK) <a href=\"https:\/\/twitter.com\/ReklovK\/status\/1537318011144744960?ref_src=twsrc%5Etfw\">June 16, 2022<\/a><\/p><\/blockquote>\n<p><script async src=\"https:\/\/platform.twitter.com\/widgets.js\" charset=\"utf-8\"><\/script><\/p>\n<p>&nbsp;<\/p>\n<blockquote class=\"twitter-tweet\">\n<h3 dir=\"ltr\" lang=\"de\">Oha, das geht??<\/h3>\n<p dir=\"ltr\" lang=\"de\">Ich war gerade bei Ikea und habe das UNMENSCHLICHE geschafft:<\/p>\n<p>Nur gucken, nix kaufen!<\/p>\n<p>(Boah!)<\/p>\n<p>\u2014 Spreek\u00f6nigin\u2740 (@Spree_Koenigin) <a href=\"https:\/\/twitter.com\/Spree_Koenigin\/status\/1638137836154003456?ref_src=twsrc%5Etfw\">March 21, 2023<\/a><\/p><\/blockquote>\n<p><script async src=\"https:\/\/platform.twitter.com\/widgets.js\" charset=\"utf-8\"><\/script><\/p>\n<p>&nbsp;<\/p>\n<h3>Warum verkaufen die dann so gro\u00dfe Boxen?<\/h3>\n<blockquote class=\"twitter-tweet\">\n<p dir=\"ltr\" lang=\"de\">Achtung: man darf sich weder die R\u00f6stzwiebeln noch die G\u00fcrkchen an der Hotdog Bar bei Ikea im gro\u00dfen Stil f\u00fcr zuhause eintuppern. Ich beispielsweise habe jetzt angeblich Hausverbot.<\/p>\n<p>\u2014 Gildeon (@GIIDE0N) <a href=\"https:\/\/twitter.com\/GIIDE0N\/status\/1635676414253969414?ref_src=twsrc%5Etfw\">March 14, 2023<\/a><\/p><\/blockquote>\n<p><script async src=\"https:\/\/platform.twitter.com\/widgets.js\" charset=\"utf-8\"><\/script><\/p>\n<p>&nbsp;<\/p>\n<p>Falls ihr noch nicht genug von Posts aus IKEA M\u00f6belh\u00e4usern bekommen k\u00f6nntet, schaut doch einfach auch gerne noch <a href=\"https:\/\/www.thebestsocial.media\/de\/shoppen-bei-ikea-13-posts-ueber-das-moebelhaus\/\">hier<\/a> vorbei!<\/p>\n<p><b>___<\/b><\/p>\n<p><b>Vielen Dank an alle f\u00fcr die Posts!<\/b><\/p>\n<p><b>___<\/b><\/p>\n<p><span style=\"font-weight: 400;\">Du hast auch einen lustigen Post aus dem M\u00f6belhaus gefunden, den du gerne bei uns in einem unserer Blogs lesen m\u00f6chtest? Dann schick ihn uns,\u00a0<\/span><span style=\"font-weight: 400;\">zum Beispiel<\/span> <a href=\"https:\/\/www.thebestsocial.media\/de\/einsendungen\/\"><span style=\"font-weight: 400;\">hier<\/span><\/a> <span style=\"font-weight: 400;\">oder per Direktnachricht auf<\/span> <a href=\"https:\/\/www.instagram.com\/thebestsocialmediade\/\"><span style=\"font-weight: 400;\">Instagram<\/span><\/a><span style=\"font-weight: 400;\">,<\/span> <a href=\"https:\/\/www.facebook.com\/thebestsocialmediaDE\/\"><span style=\"font-weight: 400;\">Facebook<\/span><\/a> <span style=\"font-weight: 400;\">oder<\/span> <a href=\"https:\/\/twitter.com\/thebestsocialDE\"><span style=\"font-weight: 400;\">Twitter<\/span><\/a><span style=\"font-weight: 400;\">.<\/span><\/p>\n<p><span style=\"font-weight: 400;\">Auf der Suche nach einem spannenden Praktikum, ohne Kaffeekochen und Kopieren, daf\u00fcr aber mit Verg\u00fctung? <\/span><a href=\"https:\/\/www.thebestsocialjobs.com\/de\/stelle\/praktikant-redaktion-the-best-social-media\/\"><span style=\"font-weight: 400;\">Hier<\/span><\/a><span style=\"font-weight: 400;\"> entlang!<\/span><\/p>\n<p><br style=\"font-weight: 400;\" \/><br style=\"font-weight: 400;\" \/><\/p>\n<script async defer src=\"\/instagram-embed.js\"><\/script>","protected":false},"excerpt":{"rendered":"<p>Wenn man seine eigene Wohnung hat und mal frei, dann macht man oft gerne Ausfl\u00fcge. Ein beliebter Ort daf\u00fcr ist ein schwedisches M\u00f6belhaus mit dem&#8230;<\/p>\n","protected":false},"author":109,"featured_media":179788,"comment_status":"open","ping_status":"open","sticky":false,"template":"","format":"standard","meta":{"_acf_changed":false,"footnotes":""},"categories":[102,34],"tags":[47,4443],"class_list":["post-179020","post","type-post","status-publish","format-standard","has-post-thumbnail","hentry","category-allgemein","category-kundenservice","tag-ikea","tag-moebelhaus"],"acf":[],"yoast_head":"<!-- This site is optimized with the Yoast SEO plugin v27.5 - https:\/\/yoast.com\/product\/yoast-seo-wordpress\/ -->\n<title>Diese Posts fassen einen Besuch bei IKEA perfekt zusammen!<\/title>\n<meta name=\"description\" content=\"Man geht hin ohne Plan, denn IKEA sagt einem, was man braucht. Lest hier die besten Posts aus und \u00fcber das schwedische M\u00f6belhaus!\" \/>\n<meta name=\"robots\" content=\"index, follow, max-snippet:-1, max-image-preview:large, max-video-preview:-1\" \/>\n<link rel=\"canonical\" href=\"https:\/\/www.thebestsocial.media\/de\/ikea-moebelhaus-posts\/\" \/>\n<meta property=\"og:locale\" content=\"de_DE\" \/>\n<meta property=\"og:type\" content=\"article\" \/>\n<meta property=\"og:title\" content=\"Diese Posts fassen einen Besuch bei IKEA perfekt zusammen!\" \/>\n<meta property=\"og:description\" content=\"Man geht hin ohne Plan, denn IKEA sagt einem, was man braucht. Lest hier die besten Posts aus und \u00fcber das schwedische M\u00f6belhaus!\" \/>\n<meta property=\"og:url\" content=\"https:\/\/www.thebestsocial.media\/de\/ikea-moebelhaus-posts\/\" \/>\n<meta property=\"og:site_name\" content=\"The Best Social Media DE\" \/>\n<meta property=\"article:published_time\" content=\"2023-03-31T10:20:46+00:00\" \/>\n<meta property=\"og:image\" content=\"https:\/\/www.thebestsocial.media\/de\/wp-content\/uploads\/sites\/3\/2023\/03\/ikea_header-1.png\" \/>\n\t<meta property=\"og:image:width\" content=\"1200\" \/>\n\t<meta property=\"og:image:height\" content=\"630\" \/>\n\t<meta property=\"og:image:type\" content=\"image\/png\" \/>\n<meta name=\"author\" content=\"Wiebke\" \/>\n<meta name=\"twitter:card\" content=\"summary_large_image\" \/>\n<meta name=\"twitter:label1\" content=\"Verfasst von\" \/>\n\t<meta name=\"twitter:data1\" content=\"Wiebke\" \/>\n\t<meta name=\"twitter:label2\" content=\"Gesch\u00e4tzte Lesezeit\" \/>\n\t<meta name=\"twitter:data2\" content=\"3\u00a0Minuten\" \/>\n<script type=\"application\/ld+json\" class=\"yoast-schema-graph\">{\"@context\":\"https:\\\/\\\/schema.org\",\"@graph\":[{\"@type\":\"Article\",\"@id\":\"https:\\\/\\\/www.thebestsocial.media\\\/de\\\/ikea-moebelhaus-posts\\\/#article\",\"isPartOf\":{\"@id\":\"https:\\\/\\\/www.thebestsocial.media\\\/de\\\/ikea-moebelhaus-posts\\\/\"},\"author\":{\"name\":\"Wiebke\",\"@id\":\"https:\\\/\\\/www.thebestsocial.media\\\/de\\\/#\\\/schema\\\/person\\\/564e1b1f9ce3a0de4a26c07a4fce40ab\"},\"headline\":\"Diese Posts fassen einen Besuch bei IKEA perfekt zusammen!\",\"datePublished\":\"2023-03-31T10:20:46+00:00\",\"mainEntityOfPage\":{\"@id\":\"https:\\\/\\\/www.thebestsocial.media\\\/de\\\/ikea-moebelhaus-posts\\\/\"},\"wordCount\":540,\"commentCount\":0,\"image\":{\"@id\":\"https:\\\/\\\/www.thebestsocial.media\\\/de\\\/ikea-moebelhaus-posts\\\/#primaryimage\"},\"thumbnailUrl\":\"https:\\\/\\\/www.thebestsocial.media\\\/de\\\/wp-content\\\/uploads\\\/sites\\\/3\\\/2023\\\/03\\\/ikea_beitragsbild.png\",\"keywords\":[\"ikea\",\"M\u00f6belhaus\"],\"articleSection\":{\"1\":\"Kundenservice\"},\"inLanguage\":\"de\",\"potentialAction\":[{\"@type\":\"CommentAction\",\"name\":\"Comment\",\"target\":[\"https:\\\/\\\/www.thebestsocial.media\\\/de\\\/ikea-moebelhaus-posts\\\/#respond\"]}]},{\"@type\":\"WebPage\",\"@id\":\"https:\\\/\\\/www.thebestsocial.media\\\/de\\\/ikea-moebelhaus-posts\\\/\",\"url\":\"https:\\\/\\\/www.thebestsocial.media\\\/de\\\/ikea-moebelhaus-posts\\\/\",\"name\":\"Diese Posts fassen einen Besuch bei IKEA perfekt zusammen!\",\"isPartOf\":{\"@id\":\"https:\\\/\\\/www.thebestsocial.media\\\/de\\\/#website\"},\"primaryImageOfPage\":{\"@id\":\"https:\\\/\\\/www.thebestsocial.media\\\/de\\\/ikea-moebelhaus-posts\\\/#primaryimage\"},\"image\":{\"@id\":\"https:\\\/\\\/www.thebestsocial.media\\\/de\\\/ikea-moebelhaus-posts\\\/#primaryimage\"},\"thumbnailUrl\":\"https:\\\/\\\/www.thebestsocial.media\\\/de\\\/wp-content\\\/uploads\\\/sites\\\/3\\\/2023\\\/03\\\/ikea_beitragsbild.png\",\"datePublished\":\"2023-03-31T10:20:46+00:00\",\"author\":{\"@id\":\"https:\\\/\\\/www.thebestsocial.media\\\/de\\\/#\\\/schema\\\/person\\\/564e1b1f9ce3a0de4a26c07a4fce40ab\"},\"description\":\"Man geht hin ohne Plan, denn IKEA sagt einem, was man braucht. Lest hier die besten Posts aus und \u00fcber das schwedische M\u00f6belhaus!\",\"breadcrumb\":{\"@id\":\"https:\\\/\\\/www.thebestsocial.media\\\/de\\\/ikea-moebelhaus-posts\\\/#breadcrumb\"},\"inLanguage\":\"de\",\"potentialAction\":[{\"@type\":\"ReadAction\",\"target\":[\"https:\\\/\\\/www.thebestsocial.media\\\/de\\\/ikea-moebelhaus-posts\\\/\"]}]},{\"@type\":\"ImageObject\",\"inLanguage\":\"de\",\"@id\":\"https:\\\/\\\/www.thebestsocial.media\\\/de\\\/ikea-moebelhaus-posts\\\/#primaryimage\",\"url\":\"https:\\\/\\\/www.thebestsocial.media\\\/de\\\/wp-content\\\/uploads\\\/sites\\\/3\\\/2023\\\/03\\\/ikea_beitragsbild.png\",\"contentUrl\":\"https:\\\/\\\/www.thebestsocial.media\\\/de\\\/wp-content\\\/uploads\\\/sites\\\/3\\\/2023\\\/03\\\/ikea_beitragsbild.png\",\"width\":1200,\"height\":630,\"caption\":\"Eine Au\u00dfenaufnahme von einem schwedischen M\u00f6belhaus mit dem Namen IKEA.\"},{\"@type\":\"BreadcrumbList\",\"@id\":\"https:\\\/\\\/www.thebestsocial.media\\\/de\\\/ikea-moebelhaus-posts\\\/#breadcrumb\",\"itemListElement\":[{\"@type\":\"ListItem\",\"position\":1,\"name\":\"Home\",\"item\":\"https:\\\/\\\/www.thebestsocial.media\\\/de\\\/\"},{\"@type\":\"ListItem\",\"position\":2,\"name\":\"Diese Posts fassen einen Besuch bei IKEA perfekt zusammen!\"}]},{\"@type\":\"WebSite\",\"@id\":\"https:\\\/\\\/www.thebestsocial.media\\\/de\\\/#website\",\"url\":\"https:\\\/\\\/www.thebestsocial.media\\\/de\\\/\",\"name\":\"The Best Social Media DE\",\"description\":\"\",\"potentialAction\":[{\"@type\":\"SearchAction\",\"target\":{\"@type\":\"EntryPoint\",\"urlTemplate\":\"https:\\\/\\\/www.thebestsocial.media\\\/de\\\/?s={search_term_string}\"},\"query-input\":{\"@type\":\"PropertyValueSpecification\",\"valueRequired\":true,\"valueName\":\"search_term_string\"}}],\"inLanguage\":\"de\"},{\"@type\":\"Person\",\"@id\":\"https:\\\/\\\/www.thebestsocial.media\\\/de\\\/#\\\/schema\\\/person\\\/564e1b1f9ce3a0de4a26c07a4fce40ab\",\"name\":\"Wiebke\",\"image\":{\"@type\":\"ImageObject\",\"inLanguage\":\"de\",\"@id\":\"https:\\\/\\\/secure.gravatar.com\\\/avatar\\\/32bdc08d3445932284f83e8234eb83d1dd0c85e3e8384237063b896908d136c4?s=96&d=mm&r=g\",\"url\":\"https:\\\/\\\/secure.gravatar.com\\\/avatar\\\/32bdc08d3445932284f83e8234eb83d1dd0c85e3e8384237063b896908d136c4?s=96&d=mm&r=g\",\"contentUrl\":\"https:\\\/\\\/secure.gravatar.com\\\/avatar\\\/32bdc08d3445932284f83e8234eb83d1dd0c85e3e8384237063b896908d136c4?s=96&d=mm&r=g\",\"caption\":\"Wiebke\"},\"description\":\"Schreibt schon seit ihrer Kindheit alles m\u00f6gliche an Texten. Liebt das Meer, Musik und Mandelmilch. Aktive Passivnutzerin der Sozialen Medien.\",\"url\":\"https:\\\/\\\/www.thebestsocial.media\\\/de\\\/author\\\/wiebke\\\/\"}]}<\/script>\n<!-- \/ Yoast SEO plugin. -->","yoast_head_json":{"title":"Diese Posts fassen einen Besuch bei IKEA perfekt zusammen!","description":"Man geht hin ohne Plan, denn IKEA sagt einem, was man braucht. Lest hier die besten Posts aus und \u00fcber das schwedische M\u00f6belhaus!","robots":{"index":"index","follow":"follow","max-snippet":"max-snippet:-1","max-image-preview":"max-image-preview:large","max-video-preview":"max-video-preview:-1"},"canonical":"https:\/\/www.thebestsocial.media\/de\/ikea-moebelhaus-posts\/","og_locale":"de_DE","og_type":"article","og_title":"Diese Posts fassen einen Besuch bei IKEA perfekt zusammen!","og_description":"Man geht hin ohne Plan, denn IKEA sagt einem, was man braucht. Lest hier die besten Posts aus und \u00fcber das schwedische M\u00f6belhaus!","og_url":"https:\/\/www.thebestsocial.media\/de\/ikea-moebelhaus-posts\/","og_site_name":"The Best Social Media DE","article_published_time":"2023-03-31T10:20:46+00:00","og_image":[{"width":1200,"height":630,"url":"https:\/\/www.thebestsocial.media\/de\/wp-content\/uploads\/sites\/3\/2023\/03\/ikea_header-1.png","type":"image\/png"}],"author":"Wiebke","twitter_card":"summary_large_image","twitter_misc":{"Verfasst von":"Wiebke","Gesch\u00e4tzte Lesezeit":"3\u00a0Minuten"},"schema":{"@context":"https:\/\/schema.org","@graph":[{"@type":"Article","@id":"https:\/\/www.thebestsocial.media\/de\/ikea-moebelhaus-posts\/#article","isPartOf":{"@id":"https:\/\/www.thebestsocial.media\/de\/ikea-moebelhaus-posts\/"},"author":{"name":"Wiebke","@id":"https:\/\/www.thebestsocial.media\/de\/#\/schema\/person\/564e1b1f9ce3a0de4a26c07a4fce40ab"},"headline":"Diese Posts fassen einen Besuch bei IKEA perfekt zusammen!","datePublished":"2023-03-31T10:20:46+00:00","mainEntityOfPage":{"@id":"https:\/\/www.thebestsocial.media\/de\/ikea-moebelhaus-posts\/"},"wordCount":540,"commentCount":0,"image":{"@id":"https:\/\/www.thebestsocial.media\/de\/ikea-moebelhaus-posts\/#primaryimage"},"thumbnailUrl":"https:\/\/www.thebestsocial.media\/de\/wp-content\/uploads\/sites\/3\/2023\/03\/ikea_beitragsbild.png","keywords":["ikea","M\u00f6belhaus"],"articleSection":{"1":"Kundenservice"},"inLanguage":"de","potentialAction":[{"@type":"CommentAction","name":"Comment","target":["https:\/\/www.thebestsocial.media\/de\/ikea-moebelhaus-posts\/#respond"]}]},{"@type":"WebPage","@id":"https:\/\/www.thebestsocial.media\/de\/ikea-moebelhaus-posts\/","url":"https:\/\/www.thebestsocial.media\/de\/ikea-moebelhaus-posts\/","name":"Diese Posts fassen einen Besuch bei IKEA perfekt zusammen!","isPartOf":{"@id":"https:\/\/www.thebestsocial.media\/de\/#website"},"primaryImageOfPage":{"@id":"https:\/\/www.thebestsocial.media\/de\/ikea-moebelhaus-posts\/#primaryimage"},"image":{"@id":"https:\/\/www.thebestsocial.media\/de\/ikea-moebelhaus-posts\/#primaryimage"},"thumbnailUrl":"https:\/\/www.thebestsocial.media\/de\/wp-content\/uploads\/sites\/3\/2023\/03\/ikea_beitragsbild.png","datePublished":"2023-03-31T10:20:46+00:00","author":{"@id":"https:\/\/www.thebestsocial.media\/de\/#\/schema\/person\/564e1b1f9ce3a0de4a26c07a4fce40ab"},"description":"Man geht hin ohne Plan, denn IKEA sagt einem, was man braucht. Lest hier die besten Posts aus und \u00fcber das schwedische M\u00f6belhaus!","breadcrumb":{"@id":"https:\/\/www.thebestsocial.media\/de\/ikea-moebelhaus-posts\/#breadcrumb"},"inLanguage":"de","potentialAction":[{"@type":"ReadAction","target":["https:\/\/www.thebestsocial.media\/de\/ikea-moebelhaus-posts\/"]}]},{"@type":"ImageObject","inLanguage":"de","@id":"https:\/\/www.thebestsocial.media\/de\/ikea-moebelhaus-posts\/#primaryimage","url":"https:\/\/www.thebestsocial.media\/de\/wp-content\/uploads\/sites\/3\/2023\/03\/ikea_beitragsbild.png","contentUrl":"https:\/\/www.thebestsocial.media\/de\/wp-content\/uploads\/sites\/3\/2023\/03\/ikea_beitragsbild.png","width":1200,"height":630,"caption":"Eine Au\u00dfenaufnahme von einem schwedischen M\u00f6belhaus mit dem Namen IKEA."},{"@type":"BreadcrumbList","@id":"https:\/\/www.thebestsocial.media\/de\/ikea-moebelhaus-posts\/#breadcrumb","itemListElement":[{"@type":"ListItem","position":1,"name":"Home","item":"https:\/\/www.thebestsocial.media\/de\/"},{"@type":"ListItem","position":2,"name":"Diese Posts fassen einen Besuch bei IKEA perfekt zusammen!"}]},{"@type":"WebSite","@id":"https:\/\/www.thebestsocial.media\/de\/#website","url":"https:\/\/www.thebestsocial.media\/de\/","name":"The Best Social Media DE","description":"","potentialAction":[{"@type":"SearchAction","target":{"@type":"EntryPoint","urlTemplate":"https:\/\/www.thebestsocial.media\/de\/?s={search_term_string}"},"query-input":{"@type":"PropertyValueSpecification","valueRequired":true,"valueName":"search_term_string"}}],"inLanguage":"de"},{"@type":"Person","@id":"https:\/\/www.thebestsocial.media\/de\/#\/schema\/person\/564e1b1f9ce3a0de4a26c07a4fce40ab","name":"Wiebke","image":{"@type":"ImageObject","inLanguage":"de","@id":"https:\/\/secure.gravatar.com\/avatar\/32bdc08d3445932284f83e8234eb83d1dd0c85e3e8384237063b896908d136c4?s=96&d=mm&r=g","url":"https:\/\/secure.gravatar.com\/avatar\/32bdc08d3445932284f83e8234eb83d1dd0c85e3e8384237063b896908d136c4?s=96&d=mm&r=g","contentUrl":"https:\/\/secure.gravatar.com\/avatar\/32bdc08d3445932284f83e8234eb83d1dd0c85e3e8384237063b896908d136c4?s=96&d=mm&r=g","caption":"Wiebke"},"description":"Schreibt schon seit ihrer Kindheit alles m\u00f6gliche an Texten. Liebt das Meer, Musik und Mandelmilch. Aktive Passivnutzerin der Sozialen Medien.","url":"https:\/\/www.thebestsocial.media\/de\/author\/wiebke\/"}]}},"amp_enabled":true,"_links":{"self":[{"href":"https:\/\/www.thebestsocial.media\/de\/wp-json\/wp\/v2\/posts\/179020","targetHints":{"allow":["GET"]}}],"collection":[{"href":"https:\/\/www.thebestsocial.media\/de\/wp-json\/wp\/v2\/posts"}],"about":[{"href":"https:\/\/www.thebestsocial.media\/de\/wp-json\/wp\/v2\/types\/post"}],"author":[{"embeddable":true,"href":"https:\/\/www.thebestsocial.media\/de\/wp-json\/wp\/v2\/users\/109"}],"replies":[{"embeddable":true,"href":"https:\/\/www.thebestsocial.media\/de\/wp-json\/wp\/v2\/comments?post=179020"}],"version-history":[{"count":8,"href":"https:\/\/www.thebestsocial.media\/de\/wp-json\/wp\/v2\/posts\/179020\/revisions"}],"predecessor-version":[{"id":179856,"href":"https:\/\/www.thebestsocial.media\/de\/wp-json\/wp\/v2\/posts\/179020\/revisions\/179856"}],"wp:featuredmedia":[{"embeddable":true,"href":"https:\/\/www.thebestsocial.media\/de\/wp-json\/wp\/v2\/media\/179788"}],"wp:attachment":[{"href":"https:\/\/www.thebestsocial.media\/de\/wp-json\/wp\/v2\/media?parent=179020"}],"wp:term":[{"taxonomy":"category","embeddable":true,"href":"https:\/\/www.thebestsocial.media\/de\/wp-json\/wp\/v2\/categories?post=179020"},{"taxonomy":"post_tag","embeddable":true,"href":"https:\/\/www.thebestsocial.media\/de\/wp-json\/wp\/v2\/tags?post=179020"}],"curies":[{"name":"wp","href":"https:\/\/api.w.org\/{rel}","templated":true}]}}