{"id":178405,"date":"2023-03-17T12:08:55","date_gmt":"2023-03-17T12:08:55","guid":{"rendered":"https:\/\/www.thebestsocial.media\/de\/?p=178405"},"modified":"2023-03-17T12:30:13","modified_gmt":"2023-03-17T12:30:13","slug":"cola-in-den-trends-der-grund-dafuer-ist-viel-zu-witzig","status":"publish","type":"post","link":"https:\/\/www.thebestsocial.media\/de\/cola-in-den-trends-der-grund-dafuer-ist-viel-zu-witzig\/","title":{"rendered":"Cola ist in den Trends und der Grund daf\u00fcr ist viel zu witzig!"},"content":{"rendered":"<p>Wer heute Morgen bei Twitter vorbeigeschaut hat, wird sich gewundert haben: Was zum Henker macht Cola in den Trends.<br \/>\nDanke der Nachfrage; denn die Antwort ist viel zu witzig: Eine Gruppe Sch\u00fcler kauft sich bei einem Ausflug Cola (en masse!) und die Eltern regen sich lautstark \u00fcber die Lehrerin auf. Dass so etwas vom Internet nicht unkommentiert bleibt, d\u00fcrfte jedem klar sein und so pr\u00e4sentieren wir euch mit gro\u00dfer Freude: Die 10 besten Tweets zum Cola Skandal!<\/p>\n<p>&nbsp;<\/p>\n<p>&nbsp;<\/p>\n<h3 style=\"text-align: center;\">Zuerst einmal die Fakten auf den Tisch:<\/h3>\n<blockquote class=\"twitter-tweet\">\n<p dir=\"ltr\" lang=\"de\">Die 10j\u00e4hrige war heute mit ihrer Klasse auf einem Ausflug. Jeder durfte etwas Taschengeld mitnehmen, um sich im Caf\u00e9 was zu kaufen.<br \/>\nDie Lehrerin hat null darauf geachtet (war vorm Caf\u00e9) und die Kinder haben sich Cola en masse reingezimmert.<br \/>\nWie finden wir das \ud83e\udd14<\/p>\n<p>\u2014 The Schw\u00e4bin \ud83e\udd0c (@Schwabenfraule) <a href=\"https:\/\/twitter.com\/Schwabenfraule\/status\/1635995344944111626?ref_src=twsrc%5Etfw\">March 15, 2023<\/a><\/p><\/blockquote>\n<p><script async src=\"https:\/\/platform.twitter.com\/widgets.js\" charset=\"utf-8\"><\/script><\/p>\n<p>&nbsp;<\/p>\n<h3 style=\"text-align: center;\">Junge, warum hast du nichts gelernt&#8230;?<\/h3>\n<blockquote class=\"twitter-tweet\">\n<p dir=\"ltr\" lang=\"de\">Der Moment, wenn das erste Kind die Cola-Flasche ansetzt. <a href=\"https:\/\/t.co\/JDWlO4aAJQ\">pic.twitter.com\/JDWlO4aAJQ<\/a><\/p>\n<p>\u2014 Gn\u00f6rf Gr\u00fcmpf (@marcussigismund) <a href=\"https:\/\/twitter.com\/marcussigismund\/status\/1636339544298586112?ref_src=twsrc%5Etfw\">March 16, 2023<\/a><\/p><\/blockquote>\n<p><script async src=\"https:\/\/platform.twitter.com\/widgets.js\" charset=\"utf-8\"><\/script><\/p>\n<p>&nbsp;<\/p>\n<h3 style=\"text-align: center;\">Ich glaube, wir m\u00fcssen eine Krisensitzung einberufen:<\/h3>\n<blockquote class=\"twitter-tweet\">\n<p dir=\"ltr\" lang=\"de\">Mr. President, ein zweites Kind hat unbeaufsichtigt Cola getrunken <a href=\"https:\/\/t.co\/pC987XQbvJ\">pic.twitter.com\/pC987XQbvJ<\/a><\/p>\n<p>\u2014 Ursprungsstadt (@Ursprungsstadt) <a href=\"https:\/\/twitter.com\/Ursprungsstadt\/status\/1636330986647552002?ref_src=twsrc%5Etfw\">March 16, 2023<\/a><\/p><\/blockquote>\n<p><script async src=\"https:\/\/platform.twitter.com\/widgets.js\" charset=\"utf-8\"><\/script><\/p>\n<p>&nbsp;<\/p>\n<h3 style=\"text-align: center;\"><a href=\"https:\/\/www.thebestsocial.media\/de\/darf-ich-ehrlich-zu-dir-sein-13-wirklich-dumme-fragen\/\" target=\"_blank\" rel=\"noopener\">Hat sie nicht wirklich gemacht?!<\/a><\/h3>\n<blockquote class=\"twitter-tweet\">\n<p dir=\"ltr\" lang=\"de\">Habe gestern Abend den Rektor \u00fcber die Sache mit der Cola beim Ausflug informiert. Es gibt heute einen au\u00dferordentlichen Elternabend und die Lehrerin muss sich erkl\u00e4ren.<br \/>\nIn der Eltern WhatsApp Gruppe haben sich alle furchtbar dar\u00fcber aufgeregt. Die Kinder sind erst 10 Jahre alt!!<\/p>\n<p>\u2014 The Schw\u00e4bin \ud83e\udd0c (@Schwabenfraule) <a href=\"https:\/\/twitter.com\/Schwabenfraule\/status\/1636294723865391104?ref_src=twsrc%5Etfw\">March 16, 2023<\/a><\/p><\/blockquote>\n<p><script async src=\"https:\/\/platform.twitter.com\/widgets.js\" charset=\"utf-8\"><\/script><\/p>\n<p>&nbsp;<\/p>\n<h3 style=\"text-align: center;\">Kennt ihr sie?<\/h3>\n<blockquote class=\"twitter-tweet\">\n<p dir=\"ltr\" lang=\"de\">Hab gestern ne attraktive Lehrerin \u2764\ufe0f, die auf einem Klassenausflug mit 10-J\u00e4hrigen Sch\u00fcler*innen war, vor einem Caf\u00e9 \u2615getroffen und nett mit ihr geflirtet, nachdem ich den Kids im Caf\u00e9 ne Cola spendiert habe.<\/p>\n<p>Hab leider ihren Namen vergessen. Wer sie evtl. kennt, bitte DM! \ud83d\udc8d<\/p>\n<p>\u2014 Patrick (@heronicomic) <a href=\"https:\/\/twitter.com\/heronicomic\/status\/1636331412323180548?ref_src=twsrc%5Etfw\">March 16, 2023<\/a><\/p><\/blockquote>\n<p><script async src=\"https:\/\/platform.twitter.com\/widgets.js\" charset=\"utf-8\"><\/script><\/p>\n<p>&nbsp;<\/p>\n<h3 style=\"text-align: center;\">Wiederholungsbedarf XD<\/h3>\n<blockquote class=\"twitter-tweet\">\n<p dir=\"ltr\" lang=\"de\">vorallem die ganze cola die wir getrunken haben haha &lt;3 aber mama ist jetzt voll sauer und hat die lehrerin schon angerufen das ist voll scheise aber cola zero ist echt besteee ;* <a href=\"https:\/\/t.co\/xtDNAhyYRb\">pic.twitter.com\/xtDNAhyYRb<\/a><\/p>\n<p>\u2014 aldi s\u00fcd ultra julian (@kugelfoermiger) <a href=\"https:\/\/twitter.com\/kugelfoermiger\/status\/1636332844380311555?ref_src=twsrc%5Etfw\">March 16, 2023<\/a><\/p><\/blockquote>\n<p><script async src=\"https:\/\/platform.twitter.com\/widgets.js\" charset=\"utf-8\"><\/script><\/p>\n<p>&nbsp;<\/p>\n<h3 style=\"text-align: center;\">Mutter, der Mann mit der Cola ist da:<\/h3>\n<blockquote class=\"twitter-tweet\">\n<p dir=\"ltr\" lang=\"de\">Hey Kinder, wollt ihr Cola? <a href=\"https:\/\/t.co\/uZffKCPbvp\">pic.twitter.com\/uZffKCPbvp<\/a><\/p>\n<\/blockquote>\n<blockquote class=\"twitter-tweet\"><p>\u2014 Alex_mir_doch (ohne Hut) (@Alex_mir_doch) <a href=\"https:\/\/twitter.com\/Alex_mir_doch\/status\/1636447895879659525?ref_src=twsrc%5Etfw\">March 16, 2023<\/a><\/p><\/blockquote>\n<p><script async src=\"https:\/\/platform.twitter.com\/widgets.js\" charset=\"utf-8\"><\/script><\/p>\n<p>&nbsp;<\/p>\n<h3 style=\"text-align: center;\">Das sind die Risiken, \u00fcber die die Medien nicht berichten:<\/h3>\n<blockquote class=\"twitter-tweet\">\n<p dir=\"ltr\" lang=\"de\">Gestern in meinen Zug nach Hause war eine Schulklasse. Kamen wohl gerade vom Ausflug. Die 10-J\u00e4hrigen m\u00fcssen sich vorher Cola en masse reingezimmert haben. Waren v\u00f6llig aufgedreht. Die Lehrerin sa\u00df im anderen Waggon und hat nichts mitbekommen. <a href=\"https:\/\/t.co\/NTwA6Ny7rw\">pic.twitter.com\/NTwA6Ny7rw<\/a><\/p>\n<p>\u2014 Julian M. Beuter \ud83c\uddfa\ud83c\udde6 (@jmbeuter) <a href=\"https:\/\/twitter.com\/jmbeuter\/status\/1636631124603465728?ref_src=twsrc%5Etfw\">March 17, 2023<\/a><\/p><\/blockquote>\n<p><script async src=\"https:\/\/platform.twitter.com\/widgets.js\" charset=\"utf-8\"><\/script><\/p>\n<p>&nbsp;<\/p>\n<h3 style=\"text-align: center;\">Die Cola, die so sch\u00f6n &#8218;at geprickelt in mein <a href=\"https:\/\/www.thebestsocial.media\/de\/nasse-gruebelei-die-fantasievollsten-duschgedanken\/\" target=\"_blank\" rel=\"noopener\">Bauchnabel<\/a>&#8222;:<\/h3>\n<blockquote class=\"twitter-tweet\">\n<p dir=\"ltr\" lang=\"de\">K4 (12) \u201e\u00e4h\u2026.Mama\u2026.\u201c\ud83e\udee3<\/p>\n<p>M: \u201ewas hast du angestellt?\u201c<\/p>\n<p>K4: \u201e\u00e4h nix, aber ich hab irgendwie Bauchschmerzen und krieg meine Tage irgendwie nicht\u201c<\/p>\n<p>M: \u201eoh Gott sei dank! Und ich dachte schon du h\u00e4ttest beim Ausflug Cola getrunken!!\u201c<\/p>\n<p>\u2014 prof.Babycatcher (@Isipeasy1304) <a href=\"https:\/\/twitter.com\/Isipeasy1304\/status\/1636418260307525681?ref_src=twsrc%5Etfw\">March 16, 2023<\/a><\/p><\/blockquote>\n<p><script async src=\"https:\/\/platform.twitter.com\/widgets.js\" charset=\"utf-8\"><\/script><\/p>\n<p>&nbsp;<\/p>\n<h3 style=\"text-align: center;\">Okay, einen Letzten noch:<\/h3>\n<blockquote class=\"twitter-tweet\">\n<p dir=\"ltr\" lang=\"de\">\u201eSind eure Eltern heute auch auf dem Cola Elternabend?\u201c <a href=\"https:\/\/t.co\/3T4W9udNd0\">pic.twitter.com\/3T4W9udNd0<\/a><\/p>\n<p>\u2014 Boxenlude (@BoxenIude) <a href=\"https:\/\/twitter.com\/BoxenIude\/status\/1636413076529643525?ref_src=twsrc%5Etfw\">March 16, 2023<\/a><\/p><\/blockquote>\n<p><script async src=\"https:\/\/platform.twitter.com\/widgets.js\" charset=\"utf-8\"><\/script><\/p>\n<p>&nbsp;<\/p>\n<p>&nbsp;<\/p>\n<p style=\"text-align: center;\"><strong>___<\/strong><br \/>\n<strong>Vielen Dank an alle f\u00fcr die Posts!<\/strong><br \/>\n<strong>___<\/strong><\/p>\n<p style=\"text-align: center;\">Auf der Suche nach einem spannenden Praktikum, ohne Kaffeekochen und Kopieren, daf\u00fcr aber mit Verg\u00fctung?\u00a0<a class=\"c-link\" href=\"https:\/\/www.thebestsocialjobs.com\/de\/stelle\/praktikant-redaktion-the-best-social-media\/\" target=\"_blank\" rel=\"noopener noreferrer\" data-stringify-link=\"https:\/\/www.thebestsocialjobs.com\/de\/stelle\/praktikant-redaktion-the-best-social-media\/\" data-sk=\"tooltip_parent\">Hier<\/a>\u00a0entlang!<\/p>\n","protected":false},"excerpt":{"rendered":"<p>Wer heute Morgen bei Twitter vorbeigeschaut hat, wird sich gewundert haben: Was zum Henker macht Cola in den Trends. Danke der Nachfrage; denn die Antwort&#8230;<\/p>\n","protected":false},"author":107,"featured_media":178471,"comment_status":"open","ping_status":"open","sticky":false,"template":"","format":"standard","meta":{"_acf_changed":false,"footnotes":""},"categories":[4728,35],"tags":[264,2515,1038,1900],"class_list":["post-178405","post","type-post","status-publish","format-standard","has-post-thumbnail","hentry","category-diskussion","category-twitter","tag-coca-cola","tag-diskussion","tag-eltern","tag-schueler"],"acf":[],"yoast_head":"<!-- This site is optimized with the Yoast SEO plugin v27.5 - https:\/\/yoast.com\/product\/yoast-seo-wordpress\/ -->\n<title>Cola ist in den Trends und der Grund daf\u00fcr ist viel zu witzig!<\/title>\n<meta name=\"description\" content=\"Ihr habt richtig gelesen, es geht wirklich um Cola. Wir haben die witzigsten Reaktionen zur Twitter Debatte.\" \/>\n<meta name=\"robots\" content=\"index, follow, max-snippet:-1, max-image-preview:large, max-video-preview:-1\" \/>\n<link rel=\"canonical\" href=\"https:\/\/www.thebestsocial.media\/de\/cola-in-den-trends-der-grund-dafuer-ist-viel-zu-witzig\/\" \/>\n<meta property=\"og:locale\" content=\"de_DE\" \/>\n<meta property=\"og:type\" content=\"article\" \/>\n<meta property=\"og:title\" content=\"Cola ist in den Trends und der Grund daf\u00fcr ist viel zu witzig!\" \/>\n<meta property=\"og:description\" content=\"Ihr habt richtig gelesen, es geht wirklich um Cola. Wir haben die witzigsten Reaktionen zur Twitter Debatte.\" \/>\n<meta property=\"og:url\" content=\"https:\/\/www.thebestsocial.media\/de\/cola-in-den-trends-der-grund-dafuer-ist-viel-zu-witzig\/\" \/>\n<meta property=\"og:site_name\" content=\"The Best Social Media DE\" \/>\n<meta property=\"article:published_time\" content=\"2023-03-17T12:08:55+00:00\" \/>\n<meta property=\"article:modified_time\" content=\"2023-03-17T12:30:13+00:00\" \/>\n<meta property=\"og:image\" content=\"https:\/\/www.thebestsocial.media\/de\/wp-content\/uploads\/sites\/3\/2023\/03\/Schueler-Cola-Header.png\" \/>\n\t<meta property=\"og:image:width\" content=\"1200\" \/>\n\t<meta property=\"og:image:height\" content=\"630\" \/>\n\t<meta property=\"og:image:type\" content=\"image\/png\" \/>\n<meta name=\"author\" content=\"Max Mel\u00fch\" \/>\n<meta name=\"twitter:card\" content=\"summary_large_image\" \/>\n<meta name=\"twitter:label1\" content=\"Verfasst von\" \/>\n\t<meta name=\"twitter:data1\" content=\"Max Mel\u00fch\" \/>\n\t<meta name=\"twitter:label2\" content=\"Gesch\u00e4tzte Lesezeit\" \/>\n\t<meta name=\"twitter:data2\" content=\"3\u00a0Minuten\" \/>\n<script type=\"application\/ld+json\" class=\"yoast-schema-graph\">{\"@context\":\"https:\\\/\\\/schema.org\",\"@graph\":[{\"@type\":\"Article\",\"@id\":\"https:\\\/\\\/www.thebestsocial.media\\\/de\\\/cola-in-den-trends-der-grund-dafuer-ist-viel-zu-witzig\\\/#article\",\"isPartOf\":{\"@id\":\"https:\\\/\\\/www.thebestsocial.media\\\/de\\\/cola-in-den-trends-der-grund-dafuer-ist-viel-zu-witzig\\\/\"},\"author\":{\"name\":\"Max Mel\u00fch\",\"@id\":\"https:\\\/\\\/www.thebestsocial.media\\\/de\\\/#\\\/schema\\\/person\\\/01943b756567397914cb8333630f7e20\"},\"headline\":\"Cola ist in den Trends und der Grund daf\u00fcr ist viel zu witzig!\",\"datePublished\":\"2023-03-17T12:08:55+00:00\",\"dateModified\":\"2023-03-17T12:30:13+00:00\",\"mainEntityOfPage\":{\"@id\":\"https:\\\/\\\/www.thebestsocial.media\\\/de\\\/cola-in-den-trends-der-grund-dafuer-ist-viel-zu-witzig\\\/\"},\"wordCount\":557,\"commentCount\":0,\"image\":{\"@id\":\"https:\\\/\\\/www.thebestsocial.media\\\/de\\\/cola-in-den-trends-der-grund-dafuer-ist-viel-zu-witzig\\\/#primaryimage\"},\"thumbnailUrl\":\"https:\\\/\\\/www.thebestsocial.media\\\/de\\\/wp-content\\\/uploads\\\/sites\\\/3\\\/2023\\\/03\\\/pexels-andrea-piacquadio-3760790-scaled.jpg\",\"keywords\":[\"coca cola\",\"Diskussion\",\"Eltern\",\"Sch\u00fcler\"],\"articleSection\":[\"Diskussion\",\"Twitter\"],\"inLanguage\":\"de\",\"potentialAction\":[{\"@type\":\"CommentAction\",\"name\":\"Comment\",\"target\":[\"https:\\\/\\\/www.thebestsocial.media\\\/de\\\/cola-in-den-trends-der-grund-dafuer-ist-viel-zu-witzig\\\/#respond\"]}]},{\"@type\":\"WebPage\",\"@id\":\"https:\\\/\\\/www.thebestsocial.media\\\/de\\\/cola-in-den-trends-der-grund-dafuer-ist-viel-zu-witzig\\\/\",\"url\":\"https:\\\/\\\/www.thebestsocial.media\\\/de\\\/cola-in-den-trends-der-grund-dafuer-ist-viel-zu-witzig\\\/\",\"name\":\"Cola ist in den Trends und der Grund daf\u00fcr ist viel zu witzig!\",\"isPartOf\":{\"@id\":\"https:\\\/\\\/www.thebestsocial.media\\\/de\\\/#website\"},\"primaryImageOfPage\":{\"@id\":\"https:\\\/\\\/www.thebestsocial.media\\\/de\\\/cola-in-den-trends-der-grund-dafuer-ist-viel-zu-witzig\\\/#primaryimage\"},\"image\":{\"@id\":\"https:\\\/\\\/www.thebestsocial.media\\\/de\\\/cola-in-den-trends-der-grund-dafuer-ist-viel-zu-witzig\\\/#primaryimage\"},\"thumbnailUrl\":\"https:\\\/\\\/www.thebestsocial.media\\\/de\\\/wp-content\\\/uploads\\\/sites\\\/3\\\/2023\\\/03\\\/pexels-andrea-piacquadio-3760790-scaled.jpg\",\"datePublished\":\"2023-03-17T12:08:55+00:00\",\"dateModified\":\"2023-03-17T12:30:13+00:00\",\"author\":{\"@id\":\"https:\\\/\\\/www.thebestsocial.media\\\/de\\\/#\\\/schema\\\/person\\\/01943b756567397914cb8333630f7e20\"},\"description\":\"Ihr habt richtig gelesen, es geht wirklich um Cola. Wir haben die witzigsten Reaktionen zur Twitter Debatte.\",\"breadcrumb\":{\"@id\":\"https:\\\/\\\/www.thebestsocial.media\\\/de\\\/cola-in-den-trends-der-grund-dafuer-ist-viel-zu-witzig\\\/#breadcrumb\"},\"inLanguage\":\"de\",\"potentialAction\":[{\"@type\":\"ReadAction\",\"target\":[\"https:\\\/\\\/www.thebestsocial.media\\\/de\\\/cola-in-den-trends-der-grund-dafuer-ist-viel-zu-witzig\\\/\"]}]},{\"@type\":\"ImageObject\",\"inLanguage\":\"de\",\"@id\":\"https:\\\/\\\/www.thebestsocial.media\\\/de\\\/cola-in-den-trends-der-grund-dafuer-ist-viel-zu-witzig\\\/#primaryimage\",\"url\":\"https:\\\/\\\/www.thebestsocial.media\\\/de\\\/wp-content\\\/uploads\\\/sites\\\/3\\\/2023\\\/03\\\/pexels-andrea-piacquadio-3760790-scaled.jpg\",\"contentUrl\":\"https:\\\/\\\/www.thebestsocial.media\\\/de\\\/wp-content\\\/uploads\\\/sites\\\/3\\\/2023\\\/03\\\/pexels-andrea-piacquadio-3760790-scaled.jpg\",\"width\":2560,\"height\":1707,\"caption\":\"Angry man\"},{\"@type\":\"BreadcrumbList\",\"@id\":\"https:\\\/\\\/www.thebestsocial.media\\\/de\\\/cola-in-den-trends-der-grund-dafuer-ist-viel-zu-witzig\\\/#breadcrumb\",\"itemListElement\":[{\"@type\":\"ListItem\",\"position\":1,\"name\":\"Home\",\"item\":\"https:\\\/\\\/www.thebestsocial.media\\\/de\\\/\"},{\"@type\":\"ListItem\",\"position\":2,\"name\":\"Cola ist in den Trends und der Grund daf\u00fcr ist viel zu witzig!\"}]},{\"@type\":\"WebSite\",\"@id\":\"https:\\\/\\\/www.thebestsocial.media\\\/de\\\/#website\",\"url\":\"https:\\\/\\\/www.thebestsocial.media\\\/de\\\/\",\"name\":\"The Best Social Media DE\",\"description\":\"\",\"potentialAction\":[{\"@type\":\"SearchAction\",\"target\":{\"@type\":\"EntryPoint\",\"urlTemplate\":\"https:\\\/\\\/www.thebestsocial.media\\\/de\\\/?s={search_term_string}\"},\"query-input\":{\"@type\":\"PropertyValueSpecification\",\"valueRequired\":true,\"valueName\":\"search_term_string\"}}],\"inLanguage\":\"de\"},{\"@type\":\"Person\",\"@id\":\"https:\\\/\\\/www.thebestsocial.media\\\/de\\\/#\\\/schema\\\/person\\\/01943b756567397914cb8333630f7e20\",\"name\":\"Max Mel\u00fch\",\"image\":{\"@type\":\"ImageObject\",\"inLanguage\":\"de\",\"@id\":\"https:\\\/\\\/secure.gravatar.com\\\/avatar\\\/c0c6468f7ee308a57a7b07bf68c958afc2f9e427d7de86484be5d3efbb7fd8a4?s=96&d=mm&r=g\",\"url\":\"https:\\\/\\\/secure.gravatar.com\\\/avatar\\\/c0c6468f7ee308a57a7b07bf68c958afc2f9e427d7de86484be5d3efbb7fd8a4?s=96&d=mm&r=g\",\"contentUrl\":\"https:\\\/\\\/secure.gravatar.com\\\/avatar\\\/c0c6468f7ee308a57a7b07bf68c958afc2f9e427d7de86484be5d3efbb7fd8a4?s=96&d=mm&r=g\",\"caption\":\"Max Mel\u00fch\"},\"sameAs\":[\"maxmeluh\"],\"url\":\"https:\\\/\\\/www.thebestsocial.media\\\/de\\\/author\\\/maxmeluh\\\/\"}]}<\/script>\n<!-- \/ Yoast SEO plugin. -->","yoast_head_json":{"title":"Cola ist in den Trends und der Grund daf\u00fcr ist viel zu witzig!","description":"Ihr habt richtig gelesen, es geht wirklich um Cola. Wir haben die witzigsten Reaktionen zur Twitter Debatte.","robots":{"index":"index","follow":"follow","max-snippet":"max-snippet:-1","max-image-preview":"max-image-preview:large","max-video-preview":"max-video-preview:-1"},"canonical":"https:\/\/www.thebestsocial.media\/de\/cola-in-den-trends-der-grund-dafuer-ist-viel-zu-witzig\/","og_locale":"de_DE","og_type":"article","og_title":"Cola ist in den Trends und der Grund daf\u00fcr ist viel zu witzig!","og_description":"Ihr habt richtig gelesen, es geht wirklich um Cola. Wir haben die witzigsten Reaktionen zur Twitter Debatte.","og_url":"https:\/\/www.thebestsocial.media\/de\/cola-in-den-trends-der-grund-dafuer-ist-viel-zu-witzig\/","og_site_name":"The Best Social Media DE","article_published_time":"2023-03-17T12:08:55+00:00","article_modified_time":"2023-03-17T12:30:13+00:00","og_image":[{"width":1200,"height":630,"url":"https:\/\/www.thebestsocial.media\/de\/wp-content\/uploads\/sites\/3\/2023\/03\/Schueler-Cola-Header.png","type":"image\/png"}],"author":"Max Mel\u00fch","twitter_card":"summary_large_image","twitter_misc":{"Verfasst von":"Max Mel\u00fch","Gesch\u00e4tzte Lesezeit":"3\u00a0Minuten"},"schema":{"@context":"https:\/\/schema.org","@graph":[{"@type":"Article","@id":"https:\/\/www.thebestsocial.media\/de\/cola-in-den-trends-der-grund-dafuer-ist-viel-zu-witzig\/#article","isPartOf":{"@id":"https:\/\/www.thebestsocial.media\/de\/cola-in-den-trends-der-grund-dafuer-ist-viel-zu-witzig\/"},"author":{"name":"Max Mel\u00fch","@id":"https:\/\/www.thebestsocial.media\/de\/#\/schema\/person\/01943b756567397914cb8333630f7e20"},"headline":"Cola ist in den Trends und der Grund daf\u00fcr ist viel zu witzig!","datePublished":"2023-03-17T12:08:55+00:00","dateModified":"2023-03-17T12:30:13+00:00","mainEntityOfPage":{"@id":"https:\/\/www.thebestsocial.media\/de\/cola-in-den-trends-der-grund-dafuer-ist-viel-zu-witzig\/"},"wordCount":557,"commentCount":0,"image":{"@id":"https:\/\/www.thebestsocial.media\/de\/cola-in-den-trends-der-grund-dafuer-ist-viel-zu-witzig\/#primaryimage"},"thumbnailUrl":"https:\/\/www.thebestsocial.media\/de\/wp-content\/uploads\/sites\/3\/2023\/03\/pexels-andrea-piacquadio-3760790-scaled.jpg","keywords":["coca cola","Diskussion","Eltern","Sch\u00fcler"],"articleSection":["Diskussion","Twitter"],"inLanguage":"de","potentialAction":[{"@type":"CommentAction","name":"Comment","target":["https:\/\/www.thebestsocial.media\/de\/cola-in-den-trends-der-grund-dafuer-ist-viel-zu-witzig\/#respond"]}]},{"@type":"WebPage","@id":"https:\/\/www.thebestsocial.media\/de\/cola-in-den-trends-der-grund-dafuer-ist-viel-zu-witzig\/","url":"https:\/\/www.thebestsocial.media\/de\/cola-in-den-trends-der-grund-dafuer-ist-viel-zu-witzig\/","name":"Cola ist in den Trends und der Grund daf\u00fcr ist viel zu witzig!","isPartOf":{"@id":"https:\/\/www.thebestsocial.media\/de\/#website"},"primaryImageOfPage":{"@id":"https:\/\/www.thebestsocial.media\/de\/cola-in-den-trends-der-grund-dafuer-ist-viel-zu-witzig\/#primaryimage"},"image":{"@id":"https:\/\/www.thebestsocial.media\/de\/cola-in-den-trends-der-grund-dafuer-ist-viel-zu-witzig\/#primaryimage"},"thumbnailUrl":"https:\/\/www.thebestsocial.media\/de\/wp-content\/uploads\/sites\/3\/2023\/03\/pexels-andrea-piacquadio-3760790-scaled.jpg","datePublished":"2023-03-17T12:08:55+00:00","dateModified":"2023-03-17T12:30:13+00:00","author":{"@id":"https:\/\/www.thebestsocial.media\/de\/#\/schema\/person\/01943b756567397914cb8333630f7e20"},"description":"Ihr habt richtig gelesen, es geht wirklich um Cola. Wir haben die witzigsten Reaktionen zur Twitter Debatte.","breadcrumb":{"@id":"https:\/\/www.thebestsocial.media\/de\/cola-in-den-trends-der-grund-dafuer-ist-viel-zu-witzig\/#breadcrumb"},"inLanguage":"de","potentialAction":[{"@type":"ReadAction","target":["https:\/\/www.thebestsocial.media\/de\/cola-in-den-trends-der-grund-dafuer-ist-viel-zu-witzig\/"]}]},{"@type":"ImageObject","inLanguage":"de","@id":"https:\/\/www.thebestsocial.media\/de\/cola-in-den-trends-der-grund-dafuer-ist-viel-zu-witzig\/#primaryimage","url":"https:\/\/www.thebestsocial.media\/de\/wp-content\/uploads\/sites\/3\/2023\/03\/pexels-andrea-piacquadio-3760790-scaled.jpg","contentUrl":"https:\/\/www.thebestsocial.media\/de\/wp-content\/uploads\/sites\/3\/2023\/03\/pexels-andrea-piacquadio-3760790-scaled.jpg","width":2560,"height":1707,"caption":"Angry man"},{"@type":"BreadcrumbList","@id":"https:\/\/www.thebestsocial.media\/de\/cola-in-den-trends-der-grund-dafuer-ist-viel-zu-witzig\/#breadcrumb","itemListElement":[{"@type":"ListItem","position":1,"name":"Home","item":"https:\/\/www.thebestsocial.media\/de\/"},{"@type":"ListItem","position":2,"name":"Cola ist in den Trends und der Grund daf\u00fcr ist viel zu witzig!"}]},{"@type":"WebSite","@id":"https:\/\/www.thebestsocial.media\/de\/#website","url":"https:\/\/www.thebestsocial.media\/de\/","name":"The Best Social Media DE","description":"","potentialAction":[{"@type":"SearchAction","target":{"@type":"EntryPoint","urlTemplate":"https:\/\/www.thebestsocial.media\/de\/?s={search_term_string}"},"query-input":{"@type":"PropertyValueSpecification","valueRequired":true,"valueName":"search_term_string"}}],"inLanguage":"de"},{"@type":"Person","@id":"https:\/\/www.thebestsocial.media\/de\/#\/schema\/person\/01943b756567397914cb8333630f7e20","name":"Max Mel\u00fch","image":{"@type":"ImageObject","inLanguage":"de","@id":"https:\/\/secure.gravatar.com\/avatar\/c0c6468f7ee308a57a7b07bf68c958afc2f9e427d7de86484be5d3efbb7fd8a4?s=96&d=mm&r=g","url":"https:\/\/secure.gravatar.com\/avatar\/c0c6468f7ee308a57a7b07bf68c958afc2f9e427d7de86484be5d3efbb7fd8a4?s=96&d=mm&r=g","contentUrl":"https:\/\/secure.gravatar.com\/avatar\/c0c6468f7ee308a57a7b07bf68c958afc2f9e427d7de86484be5d3efbb7fd8a4?s=96&d=mm&r=g","caption":"Max Mel\u00fch"},"sameAs":["maxmeluh"],"url":"https:\/\/www.thebestsocial.media\/de\/author\/maxmeluh\/"}]}},"amp_enabled":true,"_links":{"self":[{"href":"https:\/\/www.thebestsocial.media\/de\/wp-json\/wp\/v2\/posts\/178405","targetHints":{"allow":["GET"]}}],"collection":[{"href":"https:\/\/www.thebestsocial.media\/de\/wp-json\/wp\/v2\/posts"}],"about":[{"href":"https:\/\/www.thebestsocial.media\/de\/wp-json\/wp\/v2\/types\/post"}],"author":[{"embeddable":true,"href":"https:\/\/www.thebestsocial.media\/de\/wp-json\/wp\/v2\/users\/107"}],"replies":[{"embeddable":true,"href":"https:\/\/www.thebestsocial.media\/de\/wp-json\/wp\/v2\/comments?post=178405"}],"version-history":[{"count":5,"href":"https:\/\/www.thebestsocial.media\/de\/wp-json\/wp\/v2\/posts\/178405\/revisions"}],"predecessor-version":[{"id":178489,"href":"https:\/\/www.thebestsocial.media\/de\/wp-json\/wp\/v2\/posts\/178405\/revisions\/178489"}],"wp:featuredmedia":[{"embeddable":true,"href":"https:\/\/www.thebestsocial.media\/de\/wp-json\/wp\/v2\/media\/178471"}],"wp:attachment":[{"href":"https:\/\/www.thebestsocial.media\/de\/wp-json\/wp\/v2\/media?parent=178405"}],"wp:term":[{"taxonomy":"category","embeddable":true,"href":"https:\/\/www.thebestsocial.media\/de\/wp-json\/wp\/v2\/categories?post=178405"},{"taxonomy":"post_tag","embeddable":true,"href":"https:\/\/www.thebestsocial.media\/de\/wp-json\/wp\/v2\/tags?post=178405"}],"curies":[{"name":"wp","href":"https:\/\/api.w.org\/{rel}","templated":true}]}}