{"id":178240,"date":"2023-03-15T17:28:04","date_gmt":"2023-03-15T17:28:04","guid":{"rendered":"https:\/\/www.thebestsocial.media\/de\/?p=178240"},"modified":"2023-03-15T17:28:04","modified_gmt":"2023-03-15T17:28:04","slug":"mit-statement-zu-geplanter-wendler-show-die-geissens-haben-heute-das-internet-gewonnen","status":"publish","type":"post","link":"https:\/\/www.thebestsocial.media\/de\/mit-statement-zu-geplanter-wendler-show-die-geissens-haben-heute-das-internet-gewonnen\/","title":{"rendered":"Mit Statement zu geplanter Wendler-Show: Die Geissens haben heute das Internet gewonnen"},"content":{"rendered":"<p>K\u00fcrzlich gab RTL2 bekannt, den Wendler wieder aus der Versenkung zu holen und ihm und seiner schwangeren Frau Laura eine eigene Show zu geben, die die Schwangerschaft begleitet. Dies kam, gelinde gesagt, eher weniger gut an im Netz. Viele fanden es unverst\u00e4ndlich, wie man dem Wendler eine Plattform geben k\u00f6nne, nachdem dieser sich einigerma\u00dfen spektakul\u00e4r mit gewissen Aussagen zu Corona-Ma\u00dfnahmen \u00f6ffentlich demontiert hatte. Nun schalteten sich auch die Geissens mit <a href=\"https:\/\/www.instagram.com\/p\/CpzJpJUNOt4\/\" target=\"_blank\" rel=\"noopener\">einem Statement auf instagram<\/a> ein und drohten sogar, ihre eigene Show zu beenden.<\/p>\n<p>&nbsp;<\/p>\n<h3>Starke Worte.<\/h3>\n<blockquote class=\"twitter-tweet\">\n<p dir=\"ltr\" lang=\"de\">Die Geissens heute einmal komplett als Ehrenleute unterwegs: <a href=\"https:\/\/t.co\/hoFLsk9Ey5\">pic.twitter.com\/hoFLsk9Ey5<\/a><\/p>\n<p>\u2014 Anwaltsgelaber (@anwaltsgelaber) <a href=\"https:\/\/twitter.com\/anwaltsgelaber\/status\/1635976962484076549?ref_src=twsrc%5Etfw\">March 15, 2023<\/a><\/p><\/blockquote>\n<p><script async src=\"https:\/\/platform.twitter.com\/widgets.js\" charset=\"utf-8\"><\/script><\/p>\n<p>&nbsp;<\/p>\n<h3>Chapeau!<\/h3>\n<blockquote class=\"twitter-tweet\">\n<p dir=\"ltr\" lang=\"de\">Wenn selbst die Geissens mehr Format und Kompass haben als <a href=\"https:\/\/twitter.com\/rtl2?ref_src=twsrc%5Etfw\">@rtl2<\/a> <a href=\"https:\/\/t.co\/WJTTcGohKc\">pic.twitter.com\/WJTTcGohKc<\/a><\/p>\n<p>\u2014 Mareile (@Hoellenaufsicht) <a href=\"https:\/\/twitter.com\/Hoellenaufsicht\/status\/1635938633562611712?ref_src=twsrc%5Etfw\">March 15, 2023<\/a><\/p><\/blockquote>\n<p><script async src=\"https:\/\/platform.twitter.com\/widgets.js\" charset=\"utf-8\"><\/script><\/p>\n<p>&nbsp;<\/p>\n<h3>Erstmal sacken lassen.<\/h3>\n<blockquote class=\"twitter-tweet\">\n<p dir=\"ltr\" lang=\"de\">Bitte folgendes nArrAtIV verfestigen: Roberto Geissini (und Carmen, na klar) haben per Instagram-Post RTL2 und Endemol Shine Germany in die Knie gezwungen und Wendler wieder ausm Programm gekegelt! \ud83d\udcaa<\/p>\n<p>\u2014 Jan B\u00f6hmermann \ud83e\udd28 (@janboehm) <a href=\"https:\/\/twitter.com\/janboehm\/status\/1635968304702431233?ref_src=twsrc%5Etfw\">March 15, 2023<\/a><\/p><\/blockquote>\n<p><script async src=\"https:\/\/platform.twitter.com\/widgets.js\" charset=\"utf-8\"><\/script><\/p>\n<p>&nbsp;<\/p>\n<h3>Wer hatte das auf seinem 2023-Bingo?<\/h3>\n<blockquote class=\"twitter-tweet\">\n<p dir=\"ltr\" lang=\"de\">Komme erst jetzt dazu, die <a href=\"https:\/\/twitter.com\/hashtag\/Wendler?src=hash&amp;ref_src=twsrc%5Etfw\">#Wendler<\/a> Geschichte zu rekapitulieren und dass die <a href=\"https:\/\/twitter.com\/hashtag\/Geissens?src=hash&amp;ref_src=twsrc%5Etfw\">#Geissens<\/a>, ansonsten ja eher f\u00fcr\u2018s Seichte bekannt, mehr Haltung und Moral zeigen als <a href=\"https:\/\/twitter.com\/rtl2?ref_src=twsrc%5Etfw\">@rtl2<\/a> und <a href=\"https:\/\/twitter.com\/EndemolShineGer?ref_src=twsrc%5Etfw\">@EndemolShineGer<\/a> setzt dem ganzen ja die Krone auf.<\/p>\n<p>Well done, Robert und Carmen \ud83d\udcaa\ud83c\udffc<\/p>\n<p>\u2014 Captain Fantastic (@Fan_Tas_Tisch) <a href=\"https:\/\/twitter.com\/Fan_Tas_Tisch\/status\/1636030798397677572?ref_src=twsrc%5Etfw\">March 15, 2023<\/a><\/p><\/blockquote>\n<p><script async src=\"https:\/\/platform.twitter.com\/widgets.js\" charset=\"utf-8\"><\/script><\/p>\n<p>&nbsp;<\/p>\n<h3>Und sie sind auch noch erfolgreich!<\/h3>\n<blockquote class=\"twitter-tweet\">\n<p dir=\"ltr\" lang=\"de\">Alleine dass RTL2 die Wendler-Show cancelt weil die Geissens mit dem Abbruch ihrer eigenen Show drohen ist eigentlich 1000 mal besser als jedes Reality-TV<\/p>\n<p>\u2014 Leo (@beton_blau) <a href=\"https:\/\/twitter.com\/beton_blau\/status\/1635955590852751361?ref_src=twsrc%5Etfw\">March 15, 2023<\/a><\/p><\/blockquote>\n<p><script async src=\"https:\/\/platform.twitter.com\/widgets.js\" charset=\"utf-8\"><\/script><\/p>\n<p>&nbsp;<\/p>\n<h3>Also doch keine Wendler-Show.<\/h3>\n<blockquote class=\"twitter-tweet\">\n<p dir=\"ltr\" lang=\"de\">Das letzte, was Wendler gesehen hat, bevor seine Doku eingestellt wurde. <a href=\"https:\/\/t.co\/CHZQ1HzsqQ\">pic.twitter.com\/CHZQ1HzsqQ<\/a><\/p>\n<p>\u2014 Carlo &#8222;Realism, Gedankenfetzen and Rants&#8220; Masala (@CarloMasala1) <a href=\"https:\/\/twitter.com\/CarloMasala1\/status\/1635972261088722949?ref_src=twsrc%5Etfw\">March 15, 2023<\/a><\/p><\/blockquote>\n<p><script async src=\"https:\/\/platform.twitter.com\/widgets.js\" charset=\"utf-8\"><\/script><\/p>\n<p>&nbsp;<\/p>\n<h3>Not all heroes wear capes.<\/h3>\n<blockquote class=\"twitter-tweet\">\n<p dir=\"ltr\" lang=\"de\">Die Geissens und die <a href=\"https:\/\/twitter.com\/Volksverpetzer?ref_src=twsrc%5Etfw\">@Volksverpetzer<\/a> sollten sich f\u00fcrderhin bei allen wichtigen gesellschaftlichen Fragen absprechen und gemeinsam das Schlimmste verhindern.<a href=\"https:\/\/twitter.com\/hashtag\/Wendler?src=hash&amp;ref_src=twsrc%5Etfw\">#Wendler<\/a><\/p>\n<p>\u2014 J\u00f6rg @kachelmann@meteo.social (@Kachelmann) <a href=\"https:\/\/twitter.com\/Kachelmann\/status\/1635962121853759488?ref_src=twsrc%5Etfw\">March 15, 2023<\/a><\/p><\/blockquote>\n<p><script async src=\"https:\/\/platform.twitter.com\/widgets.js\" charset=\"utf-8\"><\/script><\/p>\n<p>&nbsp;<\/p>\n<h3>Wisst ihr Bescheid!<\/h3>\n<blockquote class=\"twitter-tweet\">\n<p dir=\"ltr\" lang=\"de\">Woke wird jetzt in Geissens gemessen.<\/p>\n<p>\u2014 Lara Fritzsche (@larafritzsche) <a href=\"https:\/\/twitter.com\/larafritzsche\/status\/1635972046864764929?ref_src=twsrc%5Etfw\">March 15, 2023<\/a><\/p><\/blockquote>\n<p><script async src=\"https:\/\/platform.twitter.com\/widgets.js\" charset=\"utf-8\"><\/script><\/p>\n<div class=\"section-content\">\n<div id=\"the-content\">\n<p><strong>___<\/strong><br \/>\n<strong>Vielen Dank an alle f\u00fcr die Posts!<\/strong><\/p>\n<p><strong>___<\/strong><\/p>\n<p>Auf der Suche nach einem spannenden Praktikum, ohne Kaffeekochen und Kopieren, daf\u00fcr aber mit Verg\u00fctung?\u00a0<a href=\"https:\/\/www.thebestsocialjobs.com\/de\/stelle\/praktikant-redaktion-the-best-social-media\/\" target=\"_blank\" rel=\"noopener\">Hier<\/a>\u00a0entlang!<\/p>\n<\/div>\n<footer><\/footer>\n<\/div>\n<div class=\"ob-smartfeed-wrapper feedIdx-1\">\n<div id=\"outbrain_widget_1\" class=\"OUTBRAIN\" data-src=\"https:\/\/www.thebestsocial.media\/de\/guter-grund-single-zu-bleiben-genervte-posts-ueber-die-schwiegereltern\/\" data-widget-id=\"GS_1\" data-ob-mark=\"true\" data-browser=\"chrome\" data-os=\"macintel\" data-dynload=\"\" data-idx=\"1\">\n<div class=\"ob-widget ob-feed-layout GS_1\">\n<div class=\"ob-widget-header\"><\/div>\n<\/div>\n<\/div>\n<\/div>\n","protected":false},"excerpt":{"rendered":"<p>K\u00fcrzlich gab RTL2 bekannt, den Wendler wieder aus der Versenkung zu holen und ihm und seiner schwangeren Frau Laura eine eigene Show zu geben, die&#8230;<\/p>\n","protected":false},"author":73,"featured_media":178261,"comment_status":"open","ping_status":"open","sticky":false,"template":"","format":"standard","meta":{"_acf_changed":false,"footnotes":""},"categories":[4728,460,1777,14,1839,35],"tags":[356,2479,121],"class_list":["post-178240","post","type-post","status-publish","format-standard","has-post-thumbnail","hentry","category-diskussion","category-fail","category-influencer","category-instagram","category-television","category-twitter","tag-die-geissens","tag-michael-wendler","tag-rtl2"],"acf":[],"yoast_head":"<!-- This site is optimized with the Yoast SEO plugin v27.5 - https:\/\/yoast.com\/product\/yoast-seo-wordpress\/ -->\n<title>Mit Statement zu Wendler-Show: Geissens gewinnen das Internet<\/title>\n<meta name=\"robots\" content=\"index, follow, max-snippet:-1, max-image-preview:large, max-video-preview:-1\" \/>\n<link rel=\"canonical\" href=\"https:\/\/www.thebestsocial.media\/de\/mit-statement-zu-geplanter-wendler-show-die-geissens-haben-heute-das-internet-gewonnen\/\" \/>\n<meta property=\"og:locale\" content=\"de_DE\" \/>\n<meta property=\"og:type\" content=\"article\" \/>\n<meta property=\"og:title\" content=\"Mit Statement zu geplanter Wendler-Show: Die Geissens haben heute das Internet gewonnen\" \/>\n<meta property=\"og:description\" content=\"K\u00fcrzlich gab RTL2 bekannt, den Wendler wieder aus der Versenkung zu holen und ihm und seiner schwangeren Frau Laura eine eigene Show zu geben, die...\" \/>\n<meta property=\"og:url\" content=\"https:\/\/www.thebestsocial.media\/de\/mit-statement-zu-geplanter-wendler-show-die-geissens-haben-heute-das-internet-gewonnen\/\" \/>\n<meta property=\"og:site_name\" content=\"The Best Social Media DE\" \/>\n<meta property=\"article:published_time\" content=\"2023-03-15T17:28:04+00:00\" \/>\n<meta property=\"og:image\" content=\"https:\/\/www.thebestsocial.media\/de\/wp-content\/uploads\/sites\/3\/2023\/03\/header-wendlergeissen.png\" \/>\n\t<meta property=\"og:image:width\" content=\"1200\" \/>\n\t<meta property=\"og:image:height\" content=\"630\" \/>\n\t<meta property=\"og:image:type\" content=\"image\/png\" \/>\n<meta name=\"author\" content=\"Helene Mei\u00dfner\" \/>\n<meta name=\"twitter:card\" content=\"summary_large_image\" \/>\n<meta name=\"twitter:label1\" content=\"Verfasst von\" \/>\n\t<meta name=\"twitter:data1\" content=\"Helene Mei\u00dfner\" \/>\n\t<meta name=\"twitter:label2\" content=\"Gesch\u00e4tzte Lesezeit\" \/>\n\t<meta name=\"twitter:data2\" content=\"2\u00a0Minuten\" \/>\n<script type=\"application\/ld+json\" class=\"yoast-schema-graph\">{\"@context\":\"https:\\\/\\\/schema.org\",\"@graph\":[{\"@type\":\"Article\",\"@id\":\"https:\\\/\\\/www.thebestsocial.media\\\/de\\\/mit-statement-zu-geplanter-wendler-show-die-geissens-haben-heute-das-internet-gewonnen\\\/#article\",\"isPartOf\":{\"@id\":\"https:\\\/\\\/www.thebestsocial.media\\\/de\\\/mit-statement-zu-geplanter-wendler-show-die-geissens-haben-heute-das-internet-gewonnen\\\/\"},\"author\":{\"name\":\"Helene Mei\u00dfner\",\"@id\":\"https:\\\/\\\/www.thebestsocial.media\\\/de\\\/#\\\/schema\\\/person\\\/6267acc046505b90b912687a039220df\"},\"headline\":\"Mit Statement zu geplanter Wendler-Show: Die Geissens haben heute das Internet gewonnen\",\"datePublished\":\"2023-03-15T17:28:04+00:00\",\"mainEntityOfPage\":{\"@id\":\"https:\\\/\\\/www.thebestsocial.media\\\/de\\\/mit-statement-zu-geplanter-wendler-show-die-geissens-haben-heute-das-internet-gewonnen\\\/\"},\"wordCount\":370,\"commentCount\":0,\"image\":{\"@id\":\"https:\\\/\\\/www.thebestsocial.media\\\/de\\\/mit-statement-zu-geplanter-wendler-show-die-geissens-haben-heute-das-internet-gewonnen\\\/#primaryimage\"},\"thumbnailUrl\":\"https:\\\/\\\/www.thebestsocial.media\\\/de\\\/wp-content\\\/uploads\\\/sites\\\/3\\\/2023\\\/03\\\/pexels-rodnae-productions-7005687-scaled.jpg\",\"keywords\":[\"die geissens\",\"Michael Wendler\",\"rtl2\"],\"articleSection\":[\"Diskussion\",\"Fail\",\"Influencer\",\"Instagram\",\"Television\",\"Twitter\"],\"inLanguage\":\"de\",\"potentialAction\":[{\"@type\":\"CommentAction\",\"name\":\"Comment\",\"target\":[\"https:\\\/\\\/www.thebestsocial.media\\\/de\\\/mit-statement-zu-geplanter-wendler-show-die-geissens-haben-heute-das-internet-gewonnen\\\/#respond\"]}]},{\"@type\":\"WebPage\",\"@id\":\"https:\\\/\\\/www.thebestsocial.media\\\/de\\\/mit-statement-zu-geplanter-wendler-show-die-geissens-haben-heute-das-internet-gewonnen\\\/\",\"url\":\"https:\\\/\\\/www.thebestsocial.media\\\/de\\\/mit-statement-zu-geplanter-wendler-show-die-geissens-haben-heute-das-internet-gewonnen\\\/\",\"name\":\"Mit Statement zu Wendler-Show: Geissens gewinnen das Internet\",\"isPartOf\":{\"@id\":\"https:\\\/\\\/www.thebestsocial.media\\\/de\\\/#website\"},\"primaryImageOfPage\":{\"@id\":\"https:\\\/\\\/www.thebestsocial.media\\\/de\\\/mit-statement-zu-geplanter-wendler-show-die-geissens-haben-heute-das-internet-gewonnen\\\/#primaryimage\"},\"image\":{\"@id\":\"https:\\\/\\\/www.thebestsocial.media\\\/de\\\/mit-statement-zu-geplanter-wendler-show-die-geissens-haben-heute-das-internet-gewonnen\\\/#primaryimage\"},\"thumbnailUrl\":\"https:\\\/\\\/www.thebestsocial.media\\\/de\\\/wp-content\\\/uploads\\\/sites\\\/3\\\/2023\\\/03\\\/pexels-rodnae-productions-7005687-scaled.jpg\",\"datePublished\":\"2023-03-15T17:28:04+00:00\",\"author\":{\"@id\":\"https:\\\/\\\/www.thebestsocial.media\\\/de\\\/#\\\/schema\\\/person\\\/6267acc046505b90b912687a039220df\"},\"breadcrumb\":{\"@id\":\"https:\\\/\\\/www.thebestsocial.media\\\/de\\\/mit-statement-zu-geplanter-wendler-show-die-geissens-haben-heute-das-internet-gewonnen\\\/#breadcrumb\"},\"inLanguage\":\"de\",\"potentialAction\":[{\"@type\":\"ReadAction\",\"target\":[\"https:\\\/\\\/www.thebestsocial.media\\\/de\\\/mit-statement-zu-geplanter-wendler-show-die-geissens-haben-heute-das-internet-gewonnen\\\/\"]}]},{\"@type\":\"ImageObject\",\"inLanguage\":\"de\",\"@id\":\"https:\\\/\\\/www.thebestsocial.media\\\/de\\\/mit-statement-zu-geplanter-wendler-show-die-geissens-haben-heute-das-internet-gewonnen\\\/#primaryimage\",\"url\":\"https:\\\/\\\/www.thebestsocial.media\\\/de\\\/wp-content\\\/uploads\\\/sites\\\/3\\\/2023\\\/03\\\/pexels-rodnae-productions-7005687-scaled.jpg\",\"contentUrl\":\"https:\\\/\\\/www.thebestsocial.media\\\/de\\\/wp-content\\\/uploads\\\/sites\\\/3\\\/2023\\\/03\\\/pexels-rodnae-productions-7005687-scaled.jpg\",\"width\":2560,\"height\":1707},{\"@type\":\"BreadcrumbList\",\"@id\":\"https:\\\/\\\/www.thebestsocial.media\\\/de\\\/mit-statement-zu-geplanter-wendler-show-die-geissens-haben-heute-das-internet-gewonnen\\\/#breadcrumb\",\"itemListElement\":[{\"@type\":\"ListItem\",\"position\":1,\"name\":\"Home\",\"item\":\"https:\\\/\\\/www.thebestsocial.media\\\/de\\\/\"},{\"@type\":\"ListItem\",\"position\":2,\"name\":\"Mit Statement zu geplanter Wendler-Show: Die Geissens haben heute das Internet gewonnen\"}]},{\"@type\":\"WebSite\",\"@id\":\"https:\\\/\\\/www.thebestsocial.media\\\/de\\\/#website\",\"url\":\"https:\\\/\\\/www.thebestsocial.media\\\/de\\\/\",\"name\":\"The Best Social Media DE\",\"description\":\"\",\"potentialAction\":[{\"@type\":\"SearchAction\",\"target\":{\"@type\":\"EntryPoint\",\"urlTemplate\":\"https:\\\/\\\/www.thebestsocial.media\\\/de\\\/?s={search_term_string}\"},\"query-input\":{\"@type\":\"PropertyValueSpecification\",\"valueRequired\":true,\"valueName\":\"search_term_string\"}}],\"inLanguage\":\"de\"},{\"@type\":\"Person\",\"@id\":\"https:\\\/\\\/www.thebestsocial.media\\\/de\\\/#\\\/schema\\\/person\\\/6267acc046505b90b912687a039220df\",\"name\":\"Helene Mei\u00dfner\",\"image\":{\"@type\":\"ImageObject\",\"inLanguage\":\"de\",\"@id\":\"https:\\\/\\\/secure.gravatar.com\\\/avatar\\\/6639fc0397860ac2c2e11b018c1f14be4a46c2378a91ac1b35730b724675daa8?s=96&d=mm&r=g\",\"url\":\"https:\\\/\\\/secure.gravatar.com\\\/avatar\\\/6639fc0397860ac2c2e11b018c1f14be4a46c2378a91ac1b35730b724675daa8?s=96&d=mm&r=g\",\"contentUrl\":\"https:\\\/\\\/secure.gravatar.com\\\/avatar\\\/6639fc0397860ac2c2e11b018c1f14be4a46c2378a91ac1b35730b724675daa8?s=96&d=mm&r=g\",\"caption\":\"Helene Mei\u00dfner\"},\"description\":\"Kommt aus Berlin und hat dementsprechend nat\u00fcrlich irgendwas mit Medien studiert. Verlegt oft Dinge, w\u00e4hrend sie sie in der Hand h\u00e4lt. Findet Kauger\u00e4usche unausstehlich. Hat eine Schw\u00e4che f\u00fcr Glitzer und immer mindestens 50 Tabs offen.\",\"sameAs\":[\"https:\\\/\\\/www.instagram.com\\\/he.leni\\\/\"],\"url\":\"https:\\\/\\\/www.thebestsocial.media\\\/de\\\/author\\\/helenemeissner\\\/\"}]}<\/script>\n<!-- \/ Yoast SEO plugin. -->","yoast_head_json":{"title":"Mit Statement zu Wendler-Show: Geissens gewinnen das Internet","robots":{"index":"index","follow":"follow","max-snippet":"max-snippet:-1","max-image-preview":"max-image-preview:large","max-video-preview":"max-video-preview:-1"},"canonical":"https:\/\/www.thebestsocial.media\/de\/mit-statement-zu-geplanter-wendler-show-die-geissens-haben-heute-das-internet-gewonnen\/","og_locale":"de_DE","og_type":"article","og_title":"Mit Statement zu geplanter Wendler-Show: Die Geissens haben heute das Internet gewonnen","og_description":"K\u00fcrzlich gab RTL2 bekannt, den Wendler wieder aus der Versenkung zu holen und ihm und seiner schwangeren Frau Laura eine eigene Show zu geben, die...","og_url":"https:\/\/www.thebestsocial.media\/de\/mit-statement-zu-geplanter-wendler-show-die-geissens-haben-heute-das-internet-gewonnen\/","og_site_name":"The Best Social Media DE","article_published_time":"2023-03-15T17:28:04+00:00","og_image":[{"width":1200,"height":630,"url":"https:\/\/www.thebestsocial.media\/de\/wp-content\/uploads\/sites\/3\/2023\/03\/header-wendlergeissen.png","type":"image\/png"}],"author":"Helene Mei\u00dfner","twitter_card":"summary_large_image","twitter_misc":{"Verfasst von":"Helene Mei\u00dfner","Gesch\u00e4tzte Lesezeit":"2\u00a0Minuten"},"schema":{"@context":"https:\/\/schema.org","@graph":[{"@type":"Article","@id":"https:\/\/www.thebestsocial.media\/de\/mit-statement-zu-geplanter-wendler-show-die-geissens-haben-heute-das-internet-gewonnen\/#article","isPartOf":{"@id":"https:\/\/www.thebestsocial.media\/de\/mit-statement-zu-geplanter-wendler-show-die-geissens-haben-heute-das-internet-gewonnen\/"},"author":{"name":"Helene Mei\u00dfner","@id":"https:\/\/www.thebestsocial.media\/de\/#\/schema\/person\/6267acc046505b90b912687a039220df"},"headline":"Mit Statement zu geplanter Wendler-Show: Die Geissens haben heute das Internet gewonnen","datePublished":"2023-03-15T17:28:04+00:00","mainEntityOfPage":{"@id":"https:\/\/www.thebestsocial.media\/de\/mit-statement-zu-geplanter-wendler-show-die-geissens-haben-heute-das-internet-gewonnen\/"},"wordCount":370,"commentCount":0,"image":{"@id":"https:\/\/www.thebestsocial.media\/de\/mit-statement-zu-geplanter-wendler-show-die-geissens-haben-heute-das-internet-gewonnen\/#primaryimage"},"thumbnailUrl":"https:\/\/www.thebestsocial.media\/de\/wp-content\/uploads\/sites\/3\/2023\/03\/pexels-rodnae-productions-7005687-scaled.jpg","keywords":["die geissens","Michael Wendler","rtl2"],"articleSection":["Diskussion","Fail","Influencer","Instagram","Television","Twitter"],"inLanguage":"de","potentialAction":[{"@type":"CommentAction","name":"Comment","target":["https:\/\/www.thebestsocial.media\/de\/mit-statement-zu-geplanter-wendler-show-die-geissens-haben-heute-das-internet-gewonnen\/#respond"]}]},{"@type":"WebPage","@id":"https:\/\/www.thebestsocial.media\/de\/mit-statement-zu-geplanter-wendler-show-die-geissens-haben-heute-das-internet-gewonnen\/","url":"https:\/\/www.thebestsocial.media\/de\/mit-statement-zu-geplanter-wendler-show-die-geissens-haben-heute-das-internet-gewonnen\/","name":"Mit Statement zu Wendler-Show: Geissens gewinnen das Internet","isPartOf":{"@id":"https:\/\/www.thebestsocial.media\/de\/#website"},"primaryImageOfPage":{"@id":"https:\/\/www.thebestsocial.media\/de\/mit-statement-zu-geplanter-wendler-show-die-geissens-haben-heute-das-internet-gewonnen\/#primaryimage"},"image":{"@id":"https:\/\/www.thebestsocial.media\/de\/mit-statement-zu-geplanter-wendler-show-die-geissens-haben-heute-das-internet-gewonnen\/#primaryimage"},"thumbnailUrl":"https:\/\/www.thebestsocial.media\/de\/wp-content\/uploads\/sites\/3\/2023\/03\/pexels-rodnae-productions-7005687-scaled.jpg","datePublished":"2023-03-15T17:28:04+00:00","author":{"@id":"https:\/\/www.thebestsocial.media\/de\/#\/schema\/person\/6267acc046505b90b912687a039220df"},"breadcrumb":{"@id":"https:\/\/www.thebestsocial.media\/de\/mit-statement-zu-geplanter-wendler-show-die-geissens-haben-heute-das-internet-gewonnen\/#breadcrumb"},"inLanguage":"de","potentialAction":[{"@type":"ReadAction","target":["https:\/\/www.thebestsocial.media\/de\/mit-statement-zu-geplanter-wendler-show-die-geissens-haben-heute-das-internet-gewonnen\/"]}]},{"@type":"ImageObject","inLanguage":"de","@id":"https:\/\/www.thebestsocial.media\/de\/mit-statement-zu-geplanter-wendler-show-die-geissens-haben-heute-das-internet-gewonnen\/#primaryimage","url":"https:\/\/www.thebestsocial.media\/de\/wp-content\/uploads\/sites\/3\/2023\/03\/pexels-rodnae-productions-7005687-scaled.jpg","contentUrl":"https:\/\/www.thebestsocial.media\/de\/wp-content\/uploads\/sites\/3\/2023\/03\/pexels-rodnae-productions-7005687-scaled.jpg","width":2560,"height":1707},{"@type":"BreadcrumbList","@id":"https:\/\/www.thebestsocial.media\/de\/mit-statement-zu-geplanter-wendler-show-die-geissens-haben-heute-das-internet-gewonnen\/#breadcrumb","itemListElement":[{"@type":"ListItem","position":1,"name":"Home","item":"https:\/\/www.thebestsocial.media\/de\/"},{"@type":"ListItem","position":2,"name":"Mit Statement zu geplanter Wendler-Show: Die Geissens haben heute das Internet gewonnen"}]},{"@type":"WebSite","@id":"https:\/\/www.thebestsocial.media\/de\/#website","url":"https:\/\/www.thebestsocial.media\/de\/","name":"The Best Social Media DE","description":"","potentialAction":[{"@type":"SearchAction","target":{"@type":"EntryPoint","urlTemplate":"https:\/\/www.thebestsocial.media\/de\/?s={search_term_string}"},"query-input":{"@type":"PropertyValueSpecification","valueRequired":true,"valueName":"search_term_string"}}],"inLanguage":"de"},{"@type":"Person","@id":"https:\/\/www.thebestsocial.media\/de\/#\/schema\/person\/6267acc046505b90b912687a039220df","name":"Helene Mei\u00dfner","image":{"@type":"ImageObject","inLanguage":"de","@id":"https:\/\/secure.gravatar.com\/avatar\/6639fc0397860ac2c2e11b018c1f14be4a46c2378a91ac1b35730b724675daa8?s=96&d=mm&r=g","url":"https:\/\/secure.gravatar.com\/avatar\/6639fc0397860ac2c2e11b018c1f14be4a46c2378a91ac1b35730b724675daa8?s=96&d=mm&r=g","contentUrl":"https:\/\/secure.gravatar.com\/avatar\/6639fc0397860ac2c2e11b018c1f14be4a46c2378a91ac1b35730b724675daa8?s=96&d=mm&r=g","caption":"Helene Mei\u00dfner"},"description":"Kommt aus Berlin und hat dementsprechend nat\u00fcrlich irgendwas mit Medien studiert. Verlegt oft Dinge, w\u00e4hrend sie sie in der Hand h\u00e4lt. Findet Kauger\u00e4usche unausstehlich. Hat eine Schw\u00e4che f\u00fcr Glitzer und immer mindestens 50 Tabs offen.","sameAs":["https:\/\/www.instagram.com\/he.leni\/"],"url":"https:\/\/www.thebestsocial.media\/de\/author\/helenemeissner\/"}]}},"amp_enabled":true,"_links":{"self":[{"href":"https:\/\/www.thebestsocial.media\/de\/wp-json\/wp\/v2\/posts\/178240","targetHints":{"allow":["GET"]}}],"collection":[{"href":"https:\/\/www.thebestsocial.media\/de\/wp-json\/wp\/v2\/posts"}],"about":[{"href":"https:\/\/www.thebestsocial.media\/de\/wp-json\/wp\/v2\/types\/post"}],"author":[{"embeddable":true,"href":"https:\/\/www.thebestsocial.media\/de\/wp-json\/wp\/v2\/users\/73"}],"replies":[{"embeddable":true,"href":"https:\/\/www.thebestsocial.media\/de\/wp-json\/wp\/v2\/comments?post=178240"}],"version-history":[{"count":15,"href":"https:\/\/www.thebestsocial.media\/de\/wp-json\/wp\/v2\/posts\/178240\/revisions"}],"predecessor-version":[{"id":178260,"href":"https:\/\/www.thebestsocial.media\/de\/wp-json\/wp\/v2\/posts\/178240\/revisions\/178260"}],"wp:featuredmedia":[{"embeddable":true,"href":"https:\/\/www.thebestsocial.media\/de\/wp-json\/wp\/v2\/media\/178261"}],"wp:attachment":[{"href":"https:\/\/www.thebestsocial.media\/de\/wp-json\/wp\/v2\/media?parent=178240"}],"wp:term":[{"taxonomy":"category","embeddable":true,"href":"https:\/\/www.thebestsocial.media\/de\/wp-json\/wp\/v2\/categories?post=178240"},{"taxonomy":"post_tag","embeddable":true,"href":"https:\/\/www.thebestsocial.media\/de\/wp-json\/wp\/v2\/tags?post=178240"}],"curies":[{"name":"wp","href":"https:\/\/api.w.org\/{rel}","templated":true}]}}