{"id":177769,"date":"2023-03-10T15:59:16","date_gmt":"2023-03-10T15:59:16","guid":{"rendered":"https:\/\/www.thebestsocial.media\/de\/?p=177769"},"modified":"2023-03-10T15:59:16","modified_gmt":"2023-03-10T15:59:16","slug":"unsere-lieblingsposts-der-woche","status":"publish","type":"post","link":"https:\/\/www.thebestsocial.media\/de\/unsere-lieblingsposts-der-woche\/","title":{"rendered":"Unsere Lieblingsposts der Woche"},"content":{"rendered":"<p>Als Redakteur*innen von The Best Social Media sind wir t\u00e4glich viel im World Wide Web unterwegs, um f\u00fcr euch die interessantesten und witzigsten Beitr\u00e4ge zu finden. Nicht alle, die wir dabei entdecken, k\u00f6nnen wir in einem eigenen Blog verarbeiten. Manche landen daher auf Instagram, andere bleiben unerw\u00e4hnt. Und da sie daf\u00fcr viel zu schade sind, pr\u00e4sentieren wir euch hier nun Posts, die uns diese Woche erheitert haben &#8211; einfach bunt zusammengew\u00fcrfelt. Viel Spa\u00df!<\/p>\n<p>&nbsp;<\/p>\n<h3>Es ist M\u00e4rz und in Berlin schneit es. Also vom Himmel.<\/h3>\n<blockquote class=\"twitter-tweet\">\n<p dir=\"ltr\" lang=\"de\">ein berliner winter entspricht sieben menschenjahren.<\/p>\n<p>\u2014 katja berlin (@katjaberlin) <a href=\"https:\/\/twitter.com\/katjaberlin\/status\/1633054652248760321?ref_src=twsrc%5Etfw\">March 7, 2023<\/a><\/p><\/blockquote>\n<p><script async src=\"https:\/\/platform.twitter.com\/widgets.js\" charset=\"utf-8\"><\/script><\/p>\n<p>&nbsp;<\/p>\n<h3>Das wird knapp.<\/h3>\n<blockquote class=\"twitter-tweet\">\n<p dir=\"ltr\" lang=\"de\">Einige Wissenschaftler gehen davon aus, dass der Menschheit nur noch etwa 100 Jahre auf dem Planeten bleiben. Das setzt die Bauherren von Stuttgart 21 jetzt ganz sch\u00f6n unter Druck.<\/p>\n<p>\u2014 Nicht Chevy Chase (@DrWaumiau) <a href=\"https:\/\/twitter.com\/DrWaumiau\/status\/1632970254581153792?ref_src=twsrc%5Etfw\">March 7, 2023<\/a><\/p><\/blockquote>\n<p><script async src=\"https:\/\/platform.twitter.com\/widgets.js\" charset=\"utf-8\"><\/script><\/p>\n<p>&nbsp;<\/p>\n<h3>Wenn man da doch nur irgendwas machen k\u00f6nnte&#8230;<\/h3>\n<blockquote class=\"twitter-tweet\">\n<p dir=\"ltr\" lang=\"de\">Internet kann so sch\u00f6n sein. <a href=\"https:\/\/t.co\/N6Murxd3VN\">pic.twitter.com\/N6Murxd3VN<\/a><\/p>\n<p>\u2014 Shahak Shapira (@ShahakShapira) <a href=\"https:\/\/twitter.com\/ShahakShapira\/status\/1632792129238859777?ref_src=twsrc%5Etfw\">March 6, 2023<\/a><\/p><\/blockquote>\n<p><script async src=\"https:\/\/platform.twitter.com\/widgets.js\" charset=\"utf-8\"><\/script><\/p>\n<p>&nbsp;<\/p>\n<p>&nbsp;<\/p>\n<h3>Kreativ ist es!<\/h3>\n<blockquote class=\"twitter-tweet\">\n<p dir=\"ltr\" lang=\"de\">Habe meine Sp\u00fclmaschine &#8222;Steven Sp\u00fclberg&#8220; genannt und es ist mir sogar selber peinlich.<\/p>\n<p>\u2014 Akira_86 (@Akira_86) <a href=\"https:\/\/twitter.com\/Akira_86\/status\/1628362679290142721?ref_src=twsrc%5Etfw\">February 22, 2023<\/a><\/p><\/blockquote>\n<p><script async src=\"https:\/\/platform.twitter.com\/widgets.js\" charset=\"utf-8\"><\/script><\/p>\n<p>&nbsp;<\/p>\n<h3>Und wie nennt man diesen hei\u00dfen Flitzer?<\/h3>\n<blockquote class=\"twitter-tweet\">\n<p dir=\"ltr\" lang=\"de\">Morgens halb 8 in Z\u00fcrich <a href=\"https:\/\/t.co\/iPIDMvgF0R\">pic.twitter.com\/iPIDMvgF0R<\/a><\/p>\n<p>\u2014 Val\u00e9rie (@valerielucienne) <a href=\"https:\/\/twitter.com\/valerielucienne\/status\/1633733711538561025?ref_src=twsrc%5Etfw\">March 9, 2023<\/a><\/p><\/blockquote>\n<p><script async src=\"https:\/\/platform.twitter.com\/widgets.js\" charset=\"utf-8\"><\/script><\/p>\n<h3>Mittwoch war <a href=\"https:\/\/www.thebestsocial.media\/de\/weltfrauentagposts-rueckblick\/\" target=\"_blank\" rel=\"noopener\">Weltfrauentag<\/a>&#8230;<\/h3>\n<div class=\"dbsm-oembed\">\n<blockquote class=\"reddit-embed-bq\" style=\"height:500px\" ><p><a href=\"https:\/\/www.reddit.com\/r\/de\/comments\/11loc68\/scheidenpilz_und_migr\u00e4ne_alles_gute_zum\/\">Scheidenpilz und Migr\u00e4ne: Alles Gute zum Weltfrauentag!<\/a><br \/> by<a href=\"https:\/\/www.reddit.com\/user\/eiernudeln\/\">u\/eiernudeln<\/a> in<a href=\"https:\/\/www.reddit.com\/r\/de\/\">de<\/a><\/p><\/blockquote>\n<p><script async src=\"https:\/\/embed.reddit.com\/widgets.js\" charset=\"UTF-8\"><\/script><\/div>\n<p>&nbsp;<\/p>\n<h3>Ganz klare Red Flag.<\/h3>\n<blockquote class=\"twitter-tweet\">\n<p dir=\"ltr\" lang=\"de\">Mein Date will kein zweites Treffen, da ich ein &#8222;kleinlicher, neurotischer Freak&#8220; sei.<\/p>\n<p>Um ehrlich zu sein, von jemandem mit unterschiedlich gro\u00dfen Ohrl\u00e4ppchen habe ich auch nichts anderes erwartet!<\/p>\n<p>\u2014 Ringo Trutschke (@Nacktmagazin) <a href=\"https:\/\/twitter.com\/Nacktmagazin\/status\/1632808746270195713?ref_src=twsrc%5Etfw\">March 6, 2023<\/a><\/p><\/blockquote>\n<p><script async src=\"https:\/\/platform.twitter.com\/widgets.js\" charset=\"utf-8\"><\/script><\/p>\n<p>&nbsp;<\/p>\n<h3>Ehrlich w\u00e4hrt am l\u00e4ngsten.<\/h3>\n<blockquote class=\"twitter-tweet\">\n<p dir=\"ltr\" lang=\"de\">Wie ich mich beim 1. Date vorstelle <a href=\"https:\/\/t.co\/FR5Z9wHK3n\">pic.twitter.com\/FR5Z9wHK3n<\/a><\/p>\n<p>\u2014 Lena blauer Haken (@leanindersprite) <a href=\"https:\/\/twitter.com\/leanindersprite\/status\/1633115395358961669?ref_src=twsrc%5Etfw\">March 7, 2023<\/a><\/p><\/blockquote>\n<p><script async src=\"https:\/\/platform.twitter.com\/widgets.js\" charset=\"utf-8\"><\/script><\/p>\n<p>&nbsp;<\/p>\n<h3>Absolut entt\u00e4uschend!<\/h3>\n<blockquote class=\"twitter-tweet\">\n<p dir=\"ltr\" lang=\"de\">Ok wow mein Nachbar findet mich also ~creepy~ und anstatt mir das ins Gesicht zu sagen muss ich es aus seinem Tagebuch erfahren<\/p>\n<p>\u2014 kluth (@Karibik_Kluth) <a href=\"https:\/\/twitter.com\/Karibik_Kluth\/status\/1625573960598401024?ref_src=twsrc%5Etfw\">February 14, 2023<\/a><\/p><\/blockquote>\n<p><script async src=\"https:\/\/platform.twitter.com\/widgets.js\" charset=\"utf-8\"><\/script><\/p>\n<p>&nbsp;<\/p>\n<p>&nbsp;<\/p>\n<h3>Schweinerei!<\/h3>\n<blockquote class=\"twitter-tweet\">\n<p dir=\"ltr\" lang=\"de\">Korrekte Beherrschung der englischen Sprache ist durchaus vorteilhaft\u2026 \ud83d\ude07 <a href=\"https:\/\/t.co\/TYNxAfgqq5\">pic.twitter.com\/TYNxAfgqq5<\/a><\/p>\n<p>\u2014 Littlewisehen (@littlewisehen) <a href=\"https:\/\/twitter.com\/littlewisehen\/status\/1633153634803281922?ref_src=twsrc%5Etfw\">March 7, 2023<\/a><\/p><\/blockquote>\n<p><script async src=\"https:\/\/platform.twitter.com\/widgets.js\" charset=\"utf-8\"><\/script><\/p>\n<p>&nbsp;<\/p>\n<p><b data-stringify-type=\"bold\">___<\/b><br \/>\n<b data-stringify-type=\"bold\">Vielen Dank an alle f\u00fcr die Posts!<\/b><br \/>\n<b data-stringify-type=\"bold\">___<\/b><br \/>\nAuf der Suche nach einem spannenden Praktikum, ohne Kaffeekochen und Kopieren, daf\u00fcr aber mit Verg\u00fctung?\u00a0<a class=\"c-link\" href=\"https:\/\/www.thebestsocialjobs.com\/de\/stelle\/praktikant-redaktion-the-best-social-media\/\" target=\"_blank\" rel=\"noopener noreferrer\" data-stringify-link=\"https:\/\/www.thebestsocialjobs.com\/de\/stelle\/praktikant-redaktion-the-best-social-media\/\" data-sk=\"tooltip_parent\">Hier<\/a>\u00a0entlang!<\/p>\n","protected":false},"excerpt":{"rendered":"<p>Als Redakteur*innen von The Best Social Media sind wir t\u00e4glich viel im World Wide Web unterwegs, um f\u00fcr euch die interessantesten und witzigsten Beitr\u00e4ge zu&#8230;<\/p>\n","protected":false},"author":73,"featured_media":177838,"comment_status":"open","ping_status":"open","sticky":false,"template":"","format":"standard","meta":{"_acf_changed":false,"footnotes":""},"categories":[106,11,1728],"tags":[5110,5793,271],"class_list":["post-177769","post","type-post","status-publish","format-standard","has-post-thumbnail","hentry","category-best-of","category-creative-content","category-humor","tag-aktuell","tag-redaktion","tag-social-media"],"acf":[],"yoast_head":"<!-- This site is optimized with the Yoast SEO plugin v27.5 - https:\/\/yoast.com\/product\/yoast-seo-wordpress\/ -->\n<title>Unsere Lieblingsposts der Woche<\/title>\n<meta name=\"description\" content=\"Eine Sammlung von Posts, die uns diese Woche erheitert haben - ohne roten Faden, einfach bunt zusammengew\u00fcrfelt.\" \/>\n<meta name=\"robots\" content=\"index, follow, max-snippet:-1, max-image-preview:large, max-video-preview:-1\" \/>\n<link rel=\"canonical\" href=\"https:\/\/www.thebestsocial.media\/de\/unsere-lieblingsposts-der-woche\/\" \/>\n<meta property=\"og:locale\" content=\"de_DE\" \/>\n<meta property=\"og:type\" content=\"article\" \/>\n<meta property=\"og:title\" content=\"Unsere Lieblingsposts der Woche\" \/>\n<meta property=\"og:description\" content=\"Eine Sammlung von Posts, die uns diese Woche erheitert haben - ohne roten Faden, einfach bunt zusammengew\u00fcrfelt.\" \/>\n<meta property=\"og:url\" content=\"https:\/\/www.thebestsocial.media\/de\/unsere-lieblingsposts-der-woche\/\" \/>\n<meta property=\"og:site_name\" content=\"The Best Social Media DE\" \/>\n<meta property=\"article:published_time\" content=\"2023-03-10T15:59:16+00:00\" \/>\n<meta property=\"og:image\" content=\"https:\/\/www.thebestsocial.media\/de\/wp-content\/uploads\/sites\/3\/2023\/03\/header-lieblingsposts-1.png\" \/>\n\t<meta property=\"og:image:width\" content=\"1200\" \/>\n\t<meta property=\"og:image:height\" content=\"630\" \/>\n\t<meta property=\"og:image:type\" content=\"image\/png\" \/>\n<meta name=\"author\" content=\"Helene Mei\u00dfner\" \/>\n<meta name=\"twitter:card\" content=\"summary_large_image\" \/>\n<meta name=\"twitter:label1\" content=\"Verfasst von\" \/>\n\t<meta name=\"twitter:data1\" content=\"Helene Mei\u00dfner\" \/>\n\t<meta name=\"twitter:label2\" content=\"Gesch\u00e4tzte Lesezeit\" \/>\n\t<meta name=\"twitter:data2\" content=\"2\u00a0Minuten\" \/>\n<script type=\"application\/ld+json\" class=\"yoast-schema-graph\">{\"@context\":\"https:\\\/\\\/schema.org\",\"@graph\":[{\"@type\":\"Article\",\"@id\":\"https:\\\/\\\/www.thebestsocial.media\\\/de\\\/unsere-lieblingsposts-der-woche\\\/#article\",\"isPartOf\":{\"@id\":\"https:\\\/\\\/www.thebestsocial.media\\\/de\\\/unsere-lieblingsposts-der-woche\\\/\"},\"author\":{\"name\":\"Helene Mei\u00dfner\",\"@id\":\"https:\\\/\\\/www.thebestsocial.media\\\/de\\\/#\\\/schema\\\/person\\\/6267acc046505b90b912687a039220df\"},\"headline\":\"Unsere Lieblingsposts der Woche\",\"datePublished\":\"2023-03-10T15:59:16+00:00\",\"mainEntityOfPage\":{\"@id\":\"https:\\\/\\\/www.thebestsocial.media\\\/de\\\/unsere-lieblingsposts-der-woche\\\/\"},\"wordCount\":388,\"commentCount\":0,\"image\":{\"@id\":\"https:\\\/\\\/www.thebestsocial.media\\\/de\\\/unsere-lieblingsposts-der-woche\\\/#primaryimage\"},\"thumbnailUrl\":\"https:\\\/\\\/www.thebestsocial.media\\\/de\\\/wp-content\\\/uploads\\\/sites\\\/3\\\/2023\\\/03\\\/pexels-alina-vilchenko-3363111-scaled.jpg\",\"keywords\":[\"aktuell\",\"redaktion\",\"social media\"],\"articleSection\":[\"Best of\",\"Creative Content\",\"Humor\"],\"inLanguage\":\"de\",\"potentialAction\":[{\"@type\":\"CommentAction\",\"name\":\"Comment\",\"target\":[\"https:\\\/\\\/www.thebestsocial.media\\\/de\\\/unsere-lieblingsposts-der-woche\\\/#respond\"]}]},{\"@type\":\"WebPage\",\"@id\":\"https:\\\/\\\/www.thebestsocial.media\\\/de\\\/unsere-lieblingsposts-der-woche\\\/\",\"url\":\"https:\\\/\\\/www.thebestsocial.media\\\/de\\\/unsere-lieblingsposts-der-woche\\\/\",\"name\":\"Unsere Lieblingsposts der Woche\",\"isPartOf\":{\"@id\":\"https:\\\/\\\/www.thebestsocial.media\\\/de\\\/#website\"},\"primaryImageOfPage\":{\"@id\":\"https:\\\/\\\/www.thebestsocial.media\\\/de\\\/unsere-lieblingsposts-der-woche\\\/#primaryimage\"},\"image\":{\"@id\":\"https:\\\/\\\/www.thebestsocial.media\\\/de\\\/unsere-lieblingsposts-der-woche\\\/#primaryimage\"},\"thumbnailUrl\":\"https:\\\/\\\/www.thebestsocial.media\\\/de\\\/wp-content\\\/uploads\\\/sites\\\/3\\\/2023\\\/03\\\/pexels-alina-vilchenko-3363111-scaled.jpg\",\"datePublished\":\"2023-03-10T15:59:16+00:00\",\"author\":{\"@id\":\"https:\\\/\\\/www.thebestsocial.media\\\/de\\\/#\\\/schema\\\/person\\\/6267acc046505b90b912687a039220df\"},\"description\":\"Eine Sammlung von Posts, die uns diese Woche erheitert haben - ohne roten Faden, einfach bunt zusammengew\u00fcrfelt.\",\"breadcrumb\":{\"@id\":\"https:\\\/\\\/www.thebestsocial.media\\\/de\\\/unsere-lieblingsposts-der-woche\\\/#breadcrumb\"},\"inLanguage\":\"de\",\"potentialAction\":[{\"@type\":\"ReadAction\",\"target\":[\"https:\\\/\\\/www.thebestsocial.media\\\/de\\\/unsere-lieblingsposts-der-woche\\\/\"]}]},{\"@type\":\"ImageObject\",\"inLanguage\":\"de\",\"@id\":\"https:\\\/\\\/www.thebestsocial.media\\\/de\\\/unsere-lieblingsposts-der-woche\\\/#primaryimage\",\"url\":\"https:\\\/\\\/www.thebestsocial.media\\\/de\\\/wp-content\\\/uploads\\\/sites\\\/3\\\/2023\\\/03\\\/pexels-alina-vilchenko-3363111-scaled.jpg\",\"contentUrl\":\"https:\\\/\\\/www.thebestsocial.media\\\/de\\\/wp-content\\\/uploads\\\/sites\\\/3\\\/2023\\\/03\\\/pexels-alina-vilchenko-3363111-scaled.jpg\",\"width\":2560,\"height\":1707},{\"@type\":\"BreadcrumbList\",\"@id\":\"https:\\\/\\\/www.thebestsocial.media\\\/de\\\/unsere-lieblingsposts-der-woche\\\/#breadcrumb\",\"itemListElement\":[{\"@type\":\"ListItem\",\"position\":1,\"name\":\"Home\",\"item\":\"https:\\\/\\\/www.thebestsocial.media\\\/de\\\/\"},{\"@type\":\"ListItem\",\"position\":2,\"name\":\"Unsere Lieblingsposts der Woche\"}]},{\"@type\":\"WebSite\",\"@id\":\"https:\\\/\\\/www.thebestsocial.media\\\/de\\\/#website\",\"url\":\"https:\\\/\\\/www.thebestsocial.media\\\/de\\\/\",\"name\":\"The Best Social Media DE\",\"description\":\"\",\"potentialAction\":[{\"@type\":\"SearchAction\",\"target\":{\"@type\":\"EntryPoint\",\"urlTemplate\":\"https:\\\/\\\/www.thebestsocial.media\\\/de\\\/?s={search_term_string}\"},\"query-input\":{\"@type\":\"PropertyValueSpecification\",\"valueRequired\":true,\"valueName\":\"search_term_string\"}}],\"inLanguage\":\"de\"},{\"@type\":\"Person\",\"@id\":\"https:\\\/\\\/www.thebestsocial.media\\\/de\\\/#\\\/schema\\\/person\\\/6267acc046505b90b912687a039220df\",\"name\":\"Helene Mei\u00dfner\",\"image\":{\"@type\":\"ImageObject\",\"inLanguage\":\"de\",\"@id\":\"https:\\\/\\\/secure.gravatar.com\\\/avatar\\\/6639fc0397860ac2c2e11b018c1f14be4a46c2378a91ac1b35730b724675daa8?s=96&d=mm&r=g\",\"url\":\"https:\\\/\\\/secure.gravatar.com\\\/avatar\\\/6639fc0397860ac2c2e11b018c1f14be4a46c2378a91ac1b35730b724675daa8?s=96&d=mm&r=g\",\"contentUrl\":\"https:\\\/\\\/secure.gravatar.com\\\/avatar\\\/6639fc0397860ac2c2e11b018c1f14be4a46c2378a91ac1b35730b724675daa8?s=96&d=mm&r=g\",\"caption\":\"Helene Mei\u00dfner\"},\"description\":\"Kommt aus Berlin und hat dementsprechend nat\u00fcrlich irgendwas mit Medien studiert. Verlegt oft Dinge, w\u00e4hrend sie sie in der Hand h\u00e4lt. Findet Kauger\u00e4usche unausstehlich. Hat eine Schw\u00e4che f\u00fcr Glitzer und immer mindestens 50 Tabs offen.\",\"sameAs\":[\"https:\\\/\\\/www.instagram.com\\\/he.leni\\\/\"],\"url\":\"https:\\\/\\\/www.thebestsocial.media\\\/de\\\/author\\\/helenemeissner\\\/\"}]}<\/script>\n<!-- \/ Yoast SEO plugin. -->","yoast_head_json":{"title":"Unsere Lieblingsposts der Woche","description":"Eine Sammlung von Posts, die uns diese Woche erheitert haben - ohne roten Faden, einfach bunt zusammengew\u00fcrfelt.","robots":{"index":"index","follow":"follow","max-snippet":"max-snippet:-1","max-image-preview":"max-image-preview:large","max-video-preview":"max-video-preview:-1"},"canonical":"https:\/\/www.thebestsocial.media\/de\/unsere-lieblingsposts-der-woche\/","og_locale":"de_DE","og_type":"article","og_title":"Unsere Lieblingsposts der Woche","og_description":"Eine Sammlung von Posts, die uns diese Woche erheitert haben - ohne roten Faden, einfach bunt zusammengew\u00fcrfelt.","og_url":"https:\/\/www.thebestsocial.media\/de\/unsere-lieblingsposts-der-woche\/","og_site_name":"The Best Social Media DE","article_published_time":"2023-03-10T15:59:16+00:00","og_image":[{"width":1200,"height":630,"url":"https:\/\/www.thebestsocial.media\/de\/wp-content\/uploads\/sites\/3\/2023\/03\/header-lieblingsposts-1.png","type":"image\/png"}],"author":"Helene Mei\u00dfner","twitter_card":"summary_large_image","twitter_misc":{"Verfasst von":"Helene Mei\u00dfner","Gesch\u00e4tzte Lesezeit":"2\u00a0Minuten"},"schema":{"@context":"https:\/\/schema.org","@graph":[{"@type":"Article","@id":"https:\/\/www.thebestsocial.media\/de\/unsere-lieblingsposts-der-woche\/#article","isPartOf":{"@id":"https:\/\/www.thebestsocial.media\/de\/unsere-lieblingsposts-der-woche\/"},"author":{"name":"Helene Mei\u00dfner","@id":"https:\/\/www.thebestsocial.media\/de\/#\/schema\/person\/6267acc046505b90b912687a039220df"},"headline":"Unsere Lieblingsposts der Woche","datePublished":"2023-03-10T15:59:16+00:00","mainEntityOfPage":{"@id":"https:\/\/www.thebestsocial.media\/de\/unsere-lieblingsposts-der-woche\/"},"wordCount":388,"commentCount":0,"image":{"@id":"https:\/\/www.thebestsocial.media\/de\/unsere-lieblingsposts-der-woche\/#primaryimage"},"thumbnailUrl":"https:\/\/www.thebestsocial.media\/de\/wp-content\/uploads\/sites\/3\/2023\/03\/pexels-alina-vilchenko-3363111-scaled.jpg","keywords":["aktuell","redaktion","social media"],"articleSection":["Best of","Creative Content","Humor"],"inLanguage":"de","potentialAction":[{"@type":"CommentAction","name":"Comment","target":["https:\/\/www.thebestsocial.media\/de\/unsere-lieblingsposts-der-woche\/#respond"]}]},{"@type":"WebPage","@id":"https:\/\/www.thebestsocial.media\/de\/unsere-lieblingsposts-der-woche\/","url":"https:\/\/www.thebestsocial.media\/de\/unsere-lieblingsposts-der-woche\/","name":"Unsere Lieblingsposts der Woche","isPartOf":{"@id":"https:\/\/www.thebestsocial.media\/de\/#website"},"primaryImageOfPage":{"@id":"https:\/\/www.thebestsocial.media\/de\/unsere-lieblingsposts-der-woche\/#primaryimage"},"image":{"@id":"https:\/\/www.thebestsocial.media\/de\/unsere-lieblingsposts-der-woche\/#primaryimage"},"thumbnailUrl":"https:\/\/www.thebestsocial.media\/de\/wp-content\/uploads\/sites\/3\/2023\/03\/pexels-alina-vilchenko-3363111-scaled.jpg","datePublished":"2023-03-10T15:59:16+00:00","author":{"@id":"https:\/\/www.thebestsocial.media\/de\/#\/schema\/person\/6267acc046505b90b912687a039220df"},"description":"Eine Sammlung von Posts, die uns diese Woche erheitert haben - ohne roten Faden, einfach bunt zusammengew\u00fcrfelt.","breadcrumb":{"@id":"https:\/\/www.thebestsocial.media\/de\/unsere-lieblingsposts-der-woche\/#breadcrumb"},"inLanguage":"de","potentialAction":[{"@type":"ReadAction","target":["https:\/\/www.thebestsocial.media\/de\/unsere-lieblingsposts-der-woche\/"]}]},{"@type":"ImageObject","inLanguage":"de","@id":"https:\/\/www.thebestsocial.media\/de\/unsere-lieblingsposts-der-woche\/#primaryimage","url":"https:\/\/www.thebestsocial.media\/de\/wp-content\/uploads\/sites\/3\/2023\/03\/pexels-alina-vilchenko-3363111-scaled.jpg","contentUrl":"https:\/\/www.thebestsocial.media\/de\/wp-content\/uploads\/sites\/3\/2023\/03\/pexels-alina-vilchenko-3363111-scaled.jpg","width":2560,"height":1707},{"@type":"BreadcrumbList","@id":"https:\/\/www.thebestsocial.media\/de\/unsere-lieblingsposts-der-woche\/#breadcrumb","itemListElement":[{"@type":"ListItem","position":1,"name":"Home","item":"https:\/\/www.thebestsocial.media\/de\/"},{"@type":"ListItem","position":2,"name":"Unsere Lieblingsposts der Woche"}]},{"@type":"WebSite","@id":"https:\/\/www.thebestsocial.media\/de\/#website","url":"https:\/\/www.thebestsocial.media\/de\/","name":"The Best Social Media DE","description":"","potentialAction":[{"@type":"SearchAction","target":{"@type":"EntryPoint","urlTemplate":"https:\/\/www.thebestsocial.media\/de\/?s={search_term_string}"},"query-input":{"@type":"PropertyValueSpecification","valueRequired":true,"valueName":"search_term_string"}}],"inLanguage":"de"},{"@type":"Person","@id":"https:\/\/www.thebestsocial.media\/de\/#\/schema\/person\/6267acc046505b90b912687a039220df","name":"Helene Mei\u00dfner","image":{"@type":"ImageObject","inLanguage":"de","@id":"https:\/\/secure.gravatar.com\/avatar\/6639fc0397860ac2c2e11b018c1f14be4a46c2378a91ac1b35730b724675daa8?s=96&d=mm&r=g","url":"https:\/\/secure.gravatar.com\/avatar\/6639fc0397860ac2c2e11b018c1f14be4a46c2378a91ac1b35730b724675daa8?s=96&d=mm&r=g","contentUrl":"https:\/\/secure.gravatar.com\/avatar\/6639fc0397860ac2c2e11b018c1f14be4a46c2378a91ac1b35730b724675daa8?s=96&d=mm&r=g","caption":"Helene Mei\u00dfner"},"description":"Kommt aus Berlin und hat dementsprechend nat\u00fcrlich irgendwas mit Medien studiert. Verlegt oft Dinge, w\u00e4hrend sie sie in der Hand h\u00e4lt. Findet Kauger\u00e4usche unausstehlich. Hat eine Schw\u00e4che f\u00fcr Glitzer und immer mindestens 50 Tabs offen.","sameAs":["https:\/\/www.instagram.com\/he.leni\/"],"url":"https:\/\/www.thebestsocial.media\/de\/author\/helenemeissner\/"}]}},"amp_enabled":true,"_links":{"self":[{"href":"https:\/\/www.thebestsocial.media\/de\/wp-json\/wp\/v2\/posts\/177769","targetHints":{"allow":["GET"]}}],"collection":[{"href":"https:\/\/www.thebestsocial.media\/de\/wp-json\/wp\/v2\/posts"}],"about":[{"href":"https:\/\/www.thebestsocial.media\/de\/wp-json\/wp\/v2\/types\/post"}],"author":[{"embeddable":true,"href":"https:\/\/www.thebestsocial.media\/de\/wp-json\/wp\/v2\/users\/73"}],"replies":[{"embeddable":true,"href":"https:\/\/www.thebestsocial.media\/de\/wp-json\/wp\/v2\/comments?post=177769"}],"version-history":[{"count":23,"href":"https:\/\/www.thebestsocial.media\/de\/wp-json\/wp\/v2\/posts\/177769\/revisions"}],"predecessor-version":[{"id":177837,"href":"https:\/\/www.thebestsocial.media\/de\/wp-json\/wp\/v2\/posts\/177769\/revisions\/177837"}],"wp:featuredmedia":[{"embeddable":true,"href":"https:\/\/www.thebestsocial.media\/de\/wp-json\/wp\/v2\/media\/177838"}],"wp:attachment":[{"href":"https:\/\/www.thebestsocial.media\/de\/wp-json\/wp\/v2\/media?parent=177769"}],"wp:term":[{"taxonomy":"category","embeddable":true,"href":"https:\/\/www.thebestsocial.media\/de\/wp-json\/wp\/v2\/categories?post=177769"},{"taxonomy":"post_tag","embeddable":true,"href":"https:\/\/www.thebestsocial.media\/de\/wp-json\/wp\/v2\/tags?post=177769"}],"curies":[{"name":"wp","href":"https:\/\/api.w.org\/{rel}","templated":true}]}}