{"id":177343,"date":"2023-03-03T12:14:04","date_gmt":"2023-03-03T12:14:04","guid":{"rendered":"https:\/\/www.thebestsocial.media\/de\/?p=177343"},"modified":"2023-03-03T12:14:04","modified_gmt":"2023-03-03T12:14:04","slug":"ganz-viele-hormone-und-noch-mehr-schlechte-laune-woran-man-den-beginn-der-pubertaet-erkennt","status":"publish","type":"post","link":"https:\/\/www.thebestsocial.media\/de\/ganz-viele-hormone-und-noch-mehr-schlechte-laune-woran-man-den-beginn-der-pubertaet-erkennt\/","title":{"rendered":"Ganz viele Hormone und noch mehr schlechte Laune: Woran man den Beginn der Pubert\u00e4t erkennt"},"content":{"rendered":"<p>Irgendwann kommt sie: die Pubert\u00e4t. Die Zeit, in der die lieben, einst so s\u00fc\u00dfen und braven Kinder zu wilden, m\u00fcrrischen und sturk\u00f6pfigen gro\u00dfen Teenager werden. Zumindest wird das so in der Art \u00fcber die Pubert\u00e4t erz\u00e4hlt. Ganz viel Wachstum, ganz viele Hormone und noch viel mehr schlechte Laune. Doch so schlimm muss es nicht sein, oder? Oder?!<\/p>\n<p>&nbsp;<\/p>\n<h3>Diese Phase &#8211; da m\u00fcssen wir leider alle durch:<\/h3>\n<blockquote class=\"twitter-tweet\">\n<p dir=\"ltr\" lang=\"de\">8j: &#8222;Die Jugendlichen auf dem Spielplatz sind voll bescheuert.&#8220;<br \/>\n&#8222;Naja das ist eine Phase, da passiert viel im Gehirn und man verh\u00e4lt sich manchmal komisch.&#8220;<br \/>\n8j: &#8222;Also ICH lass die Phase aus.&#8220;<\/p>\n<p>So einfach ist das mit der Pubert\u00e4t, wei\u00df gar nicht warum sich alle immer so anstellen<\/p>\n<p>\u2014 Foffy (@FoffyMcFoff) <a href=\"https:\/\/twitter.com\/FoffyMcFoff\/status\/1626910173221511168?ref_src=twsrc%5Etfw\">February 18, 2023<\/a><\/p><\/blockquote>\n<p><script async src=\"https:\/\/platform.twitter.com\/widgets.js\" charset=\"utf-8\"><\/script><\/p>\n<p>&nbsp;<\/p>\n<h3>Eintrizferbot!<\/h3>\n<blockquote class=\"twitter-tweet\">\n<p dir=\"ltr\" lang=\"de\">Und ich dachte, die Pubert\u00e4t setzt erst im zweistelligen Altersbereich ein \u2026 <a href=\"https:\/\/t.co\/B0aoXXnzP3\">pic.twitter.com\/B0aoXXnzP3<\/a><\/p>\n<p>\u2014 Mirko Drotschmann (@MrWissen2Go) <a href=\"https:\/\/twitter.com\/MrWissen2Go\/status\/1629805581702770688?ref_src=twsrc%5Etfw\">February 26, 2023<\/a><\/p><\/blockquote>\n<p><script async src=\"https:\/\/platform.twitter.com\/widgets.js\" charset=\"utf-8\"><\/script><\/p>\n<p>&nbsp;<\/p>\n<h3>Also allem Anschein nach geht es damit los:<\/h3>\n<blockquote class=\"twitter-tweet\">\n<p dir=\"ltr\" lang=\"de\">Es ist soweit. Die Pubert\u00e4t ist eingezogen \ud83d\ude44 <a href=\"https:\/\/t.co\/ShQ25MpWlX\">pic.twitter.com\/ShQ25MpWlX<\/a><\/p>\n<p>\u2014 Eliser (@kifferbarbie) <a href=\"https:\/\/twitter.com\/kifferbarbie\/status\/1586396887648636929?ref_src=twsrc%5Etfw\">October 29, 2022<\/a><\/p><\/blockquote>\n<p><script async src=\"https:\/\/platform.twitter.com\/widgets.js\" charset=\"utf-8\"><\/script><\/p>\n<p>&nbsp;<\/p>\n<h3>Teenager abzugeben, weil kaputt&#8230;<\/h3>\n<blockquote class=\"twitter-tweet\">\n<p dir=\"ltr\" lang=\"de\">Unsere Kinder sind nun beide in der Pubert\u00e4t und m\u00f6gen uns noch.<br \/>\nWie reagiert man denn da, darauf sind wir gar nicht vorbereitet&#8230;.?<\/p>\n<p>\u2014 happyfeet \ud83e\udd18 (@12happyfeet12) <a href=\"https:\/\/twitter.com\/12happyfeet12\/status\/1609146129676963841?ref_src=twsrc%5Etfw\">December 31, 2022<\/a><\/p><\/blockquote>\n<p><script async src=\"https:\/\/platform.twitter.com\/widgets.js\" charset=\"utf-8\"><\/script><\/p>\n<p>&nbsp;<\/p>\n<h3>Gleiches gesellt sich zu Gleichem:<\/h3>\n<blockquote class=\"twitter-tweet\">\n<p dir=\"ltr\" lang=\"de\">[Im Zoo]<br \/>\n\u201eAls n\u00e4chstes gehen wir ins Faultierhaus.\u201c<br \/>\n\u201eES GIBT EIN FAULTIERHAUS?\u201c<br \/>\nDas Pubertier zieht demn\u00e4chst um.<\/p>\n<p>\u2014 \u1d0d\u026a\u1d1b\u1d04\u029c (@SonsOfGandalf) <a href=\"https:\/\/twitter.com\/SonsOfGandalf\/status\/1002084632219791360?ref_src=twsrc%5Etfw\">May 31, 2018<\/a><\/p><\/blockquote>\n<p><script async src=\"https:\/\/platform.twitter.com\/widgets.js\" charset=\"utf-8\"><\/script><\/p>\n<p>&nbsp;<\/p>\n<h3>Einen Versuch war es wert:<\/h3>\n<blockquote class=\"twitter-tweet\">\n<p dir=\"ltr\" lang=\"de\">Das Pubertier sucht nach einem Motiv f\u00fcr ein Tattoo. Habe einen Vorschlag gemacht! <a href=\"https:\/\/t.co\/HRcUctg9sh\">pic.twitter.com\/HRcUctg9sh<\/a><\/p>\n<p>\u2014 Froschdomse (@froschdomse) <a href=\"https:\/\/twitter.com\/froschdomse\/status\/728167378039808001?ref_src=twsrc%5Etfw\">May 5, 2016<\/a><\/p><\/blockquote>\n<p><script async src=\"https:\/\/platform.twitter.com\/widgets.js\" charset=\"utf-8\"><\/script><\/p>\n<p>&nbsp;<\/p>\n<h3>Von wegen &#8222;Die wissen nicht, wie sie sich zu benehmen haben!&#8220;&#8230;<\/h3>\n<blockquote class=\"twitter-tweet\">\n<p dir=\"ltr\" lang=\"de\">Vier Teenager auf der anderen Stra\u00dfenseite gr\u00f6len \u201eSaufen!\u201c und h\u00fcpfen zu Mickie Krause auf und ab.<\/p>\n<p>Der Einj\u00e4hrige f\u00e4hrt mit dem Laufrad auf sie zu. Die Jungs machen die Musik leise und halten das Bier hinter den R\u00fccken: \u201eAchtung, hier fahren Autos. Sch\u00f6n aufpassen!\u201c<\/p>\n<p>\u2014 Frau Schiller (@_FrauLehrerin_) <a href=\"https:\/\/twitter.com\/_FrauLehrerin_\/status\/1393199596118155269?ref_src=twsrc%5Etfw\">May 14, 2021<\/a><\/p><\/blockquote>\n<p><script async src=\"https:\/\/platform.twitter.com\/widgets.js\" charset=\"utf-8\"><\/script><\/p>\n<p>&nbsp;<\/p>\n<h3>Nein, nein und nochmal nein!<\/h3>\n<blockquote class=\"twitter-tweet\">\n<p dir=\"ltr\" lang=\"de\">Denkt ihr es gibt irgendwo Teenager, die Zimmert\u00fcren richtig schlie\u00dfen k\u00f6nnen?<\/p>\n<p>\u2014 \u1d0d\u026a\u1d1b\u1d04\u029c (@SonsOfGandalf) <a href=\"https:\/\/twitter.com\/SonsOfGandalf\/status\/1456494195556995172?ref_src=twsrc%5Etfw\">November 5, 2021<\/a><\/p><\/blockquote>\n<p><script async src=\"https:\/\/platform.twitter.com\/widgets.js\" charset=\"utf-8\"><\/script><\/p>\n<p>&nbsp;<\/p>\n<h3>Eltern kennen das:<\/h3>\n<blockquote class=\"twitter-tweet\">\n<p dir=\"ltr\" lang=\"de\">Wie ist das Leben mit Teenagern in einem Bild <a href=\"https:\/\/t.co\/4AZPqA78wg\">pic.twitter.com\/4AZPqA78wg<\/a><\/p>\n<p>\u2014 Tomster (@namenlos4) <a href=\"https:\/\/twitter.com\/namenlos4\/status\/1630599972495163394?ref_src=twsrc%5Etfw\">February 28, 2023<\/a><\/p><\/blockquote>\n<p><script async src=\"https:\/\/platform.twitter.com\/widgets.js\" charset=\"utf-8\"><\/script><\/p>\n<p>&nbsp;<\/p>\n<h3>Warum stressig, wenn\u00b4s auch entspannt geht?<\/h3>\n<blockquote class=\"twitter-tweet\">\n<p dir=\"ltr\" lang=\"de\">Die 10j\u00e4hrige findet Pubert\u00e4t doof und sagt, sie w\u00fcrde nie eine bekommen, sie k\u00f6nne das mit dem Kopf steuern.<\/p>\n<p>Kann mein Gl\u00fcck kaum fassen.<\/p>\n<p>\u2014 @kleinleise@sueden.social (@kleinleise) <a href=\"https:\/\/twitter.com\/kleinleise\/status\/895190241312731138?ref_src=twsrc%5Etfw\">August 9, 2017<\/a><\/p><\/blockquote>\n<p><script async src=\"https:\/\/platform.twitter.com\/widgets.js\" charset=\"utf-8\"><\/script><\/p>\n<p>&nbsp;<\/p>\n<p><strong>___<\/strong><br \/>\n<strong>Vielen Dank an alle f\u00fcr die Posts!<\/strong><br \/>\n<strong>___<\/strong><\/p>\n","protected":false},"excerpt":{"rendered":"<p>Irgendwann kommt sie: die Pubert\u00e4t. Die Zeit, in der die lieben, einst so s\u00fc\u00dfen und braven Kinder zu wilden, m\u00fcrrischen und sturk\u00f6pfigen gro\u00dfen Teenager werden&#8230;.<\/p>\n","protected":false},"author":104,"featured_media":177369,"comment_status":"open","ping_status":"open","sticky":false,"template":"","format":"standard","meta":{"_acf_changed":false,"footnotes":""},"categories":[106,2031,1728],"tags":[5779,2346,2347],"class_list":["post-177343","post","type-post","status-publish","format-standard","has-post-thumbnail","hentry","category-best-of","category-feelgood","category-humor","tag-jugendliche","tag-pubertaet","tag-teenager"],"acf":[],"yoast_head":"<!-- This site is optimized with the Yoast SEO plugin v27.5 - https:\/\/yoast.com\/product\/yoast-seo-wordpress\/ -->\n<title>Woran man den Beginn der Pubert\u00e4t erkenn<\/title>\n<meta name=\"description\" content=\"Die Pubert\u00e4t ist der Horror. Doch das ist nur eine Phase. Und zwar eine, f\u00fcr die es von Seiten der Eltern ganz ganz viel Geduld braucht:\" \/>\n<meta name=\"robots\" content=\"index, follow, max-snippet:-1, max-image-preview:large, max-video-preview:-1\" \/>\n<link rel=\"canonical\" href=\"https:\/\/www.thebestsocial.media\/de\/ganz-viele-hormone-und-noch-mehr-schlechte-laune-woran-man-den-beginn-der-pubertaet-erkennt\/\" \/>\n<meta property=\"og:locale\" content=\"de_DE\" \/>\n<meta property=\"og:type\" content=\"article\" \/>\n<meta property=\"og:title\" content=\"Ganz viele Hormone und noch mehr schlechte Laune: Woran man den Beginn der Pubert\u00e4t erkennt\" \/>\n<meta property=\"og:description\" content=\"Die Pubert\u00e4t ist der Horror. Doch das ist nur eine Phase. Und zwar eine, f\u00fcr die es von Seiten der Eltern ganz ganz viel Geduld braucht:\" \/>\n<meta property=\"og:url\" content=\"https:\/\/www.thebestsocial.media\/de\/ganz-viele-hormone-und-noch-mehr-schlechte-laune-woran-man-den-beginn-der-pubertaet-erkennt\/\" \/>\n<meta property=\"og:site_name\" content=\"The Best Social Media DE\" \/>\n<meta property=\"article:published_time\" content=\"2023-03-03T12:14:04+00:00\" \/>\n<meta property=\"og:image\" content=\"https:\/\/www.thebestsocial.media\/de\/wp-content\/uploads\/sites\/3\/2023\/03\/header-pubertaet.png\" \/>\n\t<meta property=\"og:image:width\" content=\"1200\" \/>\n\t<meta property=\"og:image:height\" content=\"630\" \/>\n\t<meta property=\"og:image:type\" content=\"image\/png\" \/>\n<meta name=\"author\" content=\"Lea\" \/>\n<meta name=\"twitter:card\" content=\"summary_large_image\" \/>\n<meta name=\"twitter:label1\" content=\"Verfasst von\" \/>\n\t<meta name=\"twitter:data1\" content=\"Lea\" \/>\n\t<meta name=\"twitter:label2\" content=\"Gesch\u00e4tzte Lesezeit\" \/>\n\t<meta name=\"twitter:data2\" content=\"3\u00a0Minuten\" \/>\n<script type=\"application\/ld+json\" class=\"yoast-schema-graph\">{\"@context\":\"https:\\\/\\\/schema.org\",\"@graph\":[{\"@type\":\"Article\",\"@id\":\"https:\\\/\\\/www.thebestsocial.media\\\/de\\\/ganz-viele-hormone-und-noch-mehr-schlechte-laune-woran-man-den-beginn-der-pubertaet-erkennt\\\/#article\",\"isPartOf\":{\"@id\":\"https:\\\/\\\/www.thebestsocial.media\\\/de\\\/ganz-viele-hormone-und-noch-mehr-schlechte-laune-woran-man-den-beginn-der-pubertaet-erkennt\\\/\"},\"author\":{\"name\":\"Lea\",\"@id\":\"https:\\\/\\\/www.thebestsocial.media\\\/de\\\/#\\\/schema\\\/person\\\/bb9d89d5ad944f3bb530722c8914ad89\"},\"headline\":\"Ganz viele Hormone und noch mehr schlechte Laune: Woran man den Beginn der Pubert\u00e4t erkennt\",\"datePublished\":\"2023-03-03T12:14:04+00:00\",\"mainEntityOfPage\":{\"@id\":\"https:\\\/\\\/www.thebestsocial.media\\\/de\\\/ganz-viele-hormone-und-noch-mehr-schlechte-laune-woran-man-den-beginn-der-pubertaet-erkennt\\\/\"},\"wordCount\":442,\"commentCount\":0,\"image\":{\"@id\":\"https:\\\/\\\/www.thebestsocial.media\\\/de\\\/ganz-viele-hormone-und-noch-mehr-schlechte-laune-woran-man-den-beginn-der-pubertaet-erkennt\\\/#primaryimage\"},\"thumbnailUrl\":\"https:\\\/\\\/www.thebestsocial.media\\\/de\\\/wp-content\\\/uploads\\\/sites\\\/3\\\/2023\\\/03\\\/tired-gcce2cd88d_1920.jpg\",\"keywords\":[\"Jugendliche\",\"Pubert\u00e4t\",\"Teenager\"],\"articleSection\":[\"Best of\",\"Feelgood\",\"Humor\"],\"inLanguage\":\"de\",\"potentialAction\":[{\"@type\":\"CommentAction\",\"name\":\"Comment\",\"target\":[\"https:\\\/\\\/www.thebestsocial.media\\\/de\\\/ganz-viele-hormone-und-noch-mehr-schlechte-laune-woran-man-den-beginn-der-pubertaet-erkennt\\\/#respond\"]}]},{\"@type\":\"WebPage\",\"@id\":\"https:\\\/\\\/www.thebestsocial.media\\\/de\\\/ganz-viele-hormone-und-noch-mehr-schlechte-laune-woran-man-den-beginn-der-pubertaet-erkennt\\\/\",\"url\":\"https:\\\/\\\/www.thebestsocial.media\\\/de\\\/ganz-viele-hormone-und-noch-mehr-schlechte-laune-woran-man-den-beginn-der-pubertaet-erkennt\\\/\",\"name\":\"Woran man den Beginn der Pubert\u00e4t erkenn\",\"isPartOf\":{\"@id\":\"https:\\\/\\\/www.thebestsocial.media\\\/de\\\/#website\"},\"primaryImageOfPage\":{\"@id\":\"https:\\\/\\\/www.thebestsocial.media\\\/de\\\/ganz-viele-hormone-und-noch-mehr-schlechte-laune-woran-man-den-beginn-der-pubertaet-erkennt\\\/#primaryimage\"},\"image\":{\"@id\":\"https:\\\/\\\/www.thebestsocial.media\\\/de\\\/ganz-viele-hormone-und-noch-mehr-schlechte-laune-woran-man-den-beginn-der-pubertaet-erkennt\\\/#primaryimage\"},\"thumbnailUrl\":\"https:\\\/\\\/www.thebestsocial.media\\\/de\\\/wp-content\\\/uploads\\\/sites\\\/3\\\/2023\\\/03\\\/tired-gcce2cd88d_1920.jpg\",\"datePublished\":\"2023-03-03T12:14:04+00:00\",\"author\":{\"@id\":\"https:\\\/\\\/www.thebestsocial.media\\\/de\\\/#\\\/schema\\\/person\\\/bb9d89d5ad944f3bb530722c8914ad89\"},\"description\":\"Die Pubert\u00e4t ist der Horror. Doch das ist nur eine Phase. Und zwar eine, f\u00fcr die es von Seiten der Eltern ganz ganz viel Geduld braucht:\",\"breadcrumb\":{\"@id\":\"https:\\\/\\\/www.thebestsocial.media\\\/de\\\/ganz-viele-hormone-und-noch-mehr-schlechte-laune-woran-man-den-beginn-der-pubertaet-erkennt\\\/#breadcrumb\"},\"inLanguage\":\"de\",\"potentialAction\":[{\"@type\":\"ReadAction\",\"target\":[\"https:\\\/\\\/www.thebestsocial.media\\\/de\\\/ganz-viele-hormone-und-noch-mehr-schlechte-laune-woran-man-den-beginn-der-pubertaet-erkennt\\\/\"]}]},{\"@type\":\"ImageObject\",\"inLanguage\":\"de\",\"@id\":\"https:\\\/\\\/www.thebestsocial.media\\\/de\\\/ganz-viele-hormone-und-noch-mehr-schlechte-laune-woran-man-den-beginn-der-pubertaet-erkennt\\\/#primaryimage\",\"url\":\"https:\\\/\\\/www.thebestsocial.media\\\/de\\\/wp-content\\\/uploads\\\/sites\\\/3\\\/2023\\\/03\\\/tired-gcce2cd88d_1920.jpg\",\"contentUrl\":\"https:\\\/\\\/www.thebestsocial.media\\\/de\\\/wp-content\\\/uploads\\\/sites\\\/3\\\/2023\\\/03\\\/tired-gcce2cd88d_1920.jpg\",\"width\":1920,\"height\":1266},{\"@type\":\"BreadcrumbList\",\"@id\":\"https:\\\/\\\/www.thebestsocial.media\\\/de\\\/ganz-viele-hormone-und-noch-mehr-schlechte-laune-woran-man-den-beginn-der-pubertaet-erkennt\\\/#breadcrumb\",\"itemListElement\":[{\"@type\":\"ListItem\",\"position\":1,\"name\":\"Home\",\"item\":\"https:\\\/\\\/www.thebestsocial.media\\\/de\\\/\"},{\"@type\":\"ListItem\",\"position\":2,\"name\":\"Ganz viele Hormone und noch mehr schlechte Laune: Woran man den Beginn der Pubert\u00e4t erkennt\"}]},{\"@type\":\"WebSite\",\"@id\":\"https:\\\/\\\/www.thebestsocial.media\\\/de\\\/#website\",\"url\":\"https:\\\/\\\/www.thebestsocial.media\\\/de\\\/\",\"name\":\"The Best Social Media DE\",\"description\":\"\",\"potentialAction\":[{\"@type\":\"SearchAction\",\"target\":{\"@type\":\"EntryPoint\",\"urlTemplate\":\"https:\\\/\\\/www.thebestsocial.media\\\/de\\\/?s={search_term_string}\"},\"query-input\":{\"@type\":\"PropertyValueSpecification\",\"valueRequired\":true,\"valueName\":\"search_term_string\"}}],\"inLanguage\":\"de\"},{\"@type\":\"Person\",\"@id\":\"https:\\\/\\\/www.thebestsocial.media\\\/de\\\/#\\\/schema\\\/person\\\/bb9d89d5ad944f3bb530722c8914ad89\",\"name\":\"Lea\",\"image\":{\"@type\":\"ImageObject\",\"inLanguage\":\"de\",\"@id\":\"https:\\\/\\\/secure.gravatar.com\\\/avatar\\\/572526d0641f829a52d7692ed43a20d1f02796367e1eea965858d2d2787f4c33?s=96&d=mm&r=g\",\"url\":\"https:\\\/\\\/secure.gravatar.com\\\/avatar\\\/572526d0641f829a52d7692ed43a20d1f02796367e1eea965858d2d2787f4c33?s=96&d=mm&r=g\",\"contentUrl\":\"https:\\\/\\\/secure.gravatar.com\\\/avatar\\\/572526d0641f829a52d7692ed43a20d1f02796367e1eea965858d2d2787f4c33?s=96&d=mm&r=g\",\"caption\":\"Lea\"},\"url\":\"https:\\\/\\\/www.thebestsocial.media\\\/de\\\/author\\\/leascheel\\\/\"}]}<\/script>\n<!-- \/ Yoast SEO plugin. -->","yoast_head_json":{"title":"Woran man den Beginn der Pubert\u00e4t erkenn","description":"Die Pubert\u00e4t ist der Horror. Doch das ist nur eine Phase. Und zwar eine, f\u00fcr die es von Seiten der Eltern ganz ganz viel Geduld braucht:","robots":{"index":"index","follow":"follow","max-snippet":"max-snippet:-1","max-image-preview":"max-image-preview:large","max-video-preview":"max-video-preview:-1"},"canonical":"https:\/\/www.thebestsocial.media\/de\/ganz-viele-hormone-und-noch-mehr-schlechte-laune-woran-man-den-beginn-der-pubertaet-erkennt\/","og_locale":"de_DE","og_type":"article","og_title":"Ganz viele Hormone und noch mehr schlechte Laune: Woran man den Beginn der Pubert\u00e4t erkennt","og_description":"Die Pubert\u00e4t ist der Horror. Doch das ist nur eine Phase. Und zwar eine, f\u00fcr die es von Seiten der Eltern ganz ganz viel Geduld braucht:","og_url":"https:\/\/www.thebestsocial.media\/de\/ganz-viele-hormone-und-noch-mehr-schlechte-laune-woran-man-den-beginn-der-pubertaet-erkennt\/","og_site_name":"The Best Social Media DE","article_published_time":"2023-03-03T12:14:04+00:00","og_image":[{"width":1200,"height":630,"url":"https:\/\/www.thebestsocial.media\/de\/wp-content\/uploads\/sites\/3\/2023\/03\/header-pubertaet.png","type":"image\/png"}],"author":"Lea","twitter_card":"summary_large_image","twitter_misc":{"Verfasst von":"Lea","Gesch\u00e4tzte Lesezeit":"3\u00a0Minuten"},"schema":{"@context":"https:\/\/schema.org","@graph":[{"@type":"Article","@id":"https:\/\/www.thebestsocial.media\/de\/ganz-viele-hormone-und-noch-mehr-schlechte-laune-woran-man-den-beginn-der-pubertaet-erkennt\/#article","isPartOf":{"@id":"https:\/\/www.thebestsocial.media\/de\/ganz-viele-hormone-und-noch-mehr-schlechte-laune-woran-man-den-beginn-der-pubertaet-erkennt\/"},"author":{"name":"Lea","@id":"https:\/\/www.thebestsocial.media\/de\/#\/schema\/person\/bb9d89d5ad944f3bb530722c8914ad89"},"headline":"Ganz viele Hormone und noch mehr schlechte Laune: Woran man den Beginn der Pubert\u00e4t erkennt","datePublished":"2023-03-03T12:14:04+00:00","mainEntityOfPage":{"@id":"https:\/\/www.thebestsocial.media\/de\/ganz-viele-hormone-und-noch-mehr-schlechte-laune-woran-man-den-beginn-der-pubertaet-erkennt\/"},"wordCount":442,"commentCount":0,"image":{"@id":"https:\/\/www.thebestsocial.media\/de\/ganz-viele-hormone-und-noch-mehr-schlechte-laune-woran-man-den-beginn-der-pubertaet-erkennt\/#primaryimage"},"thumbnailUrl":"https:\/\/www.thebestsocial.media\/de\/wp-content\/uploads\/sites\/3\/2023\/03\/tired-gcce2cd88d_1920.jpg","keywords":["Jugendliche","Pubert\u00e4t","Teenager"],"articleSection":["Best of","Feelgood","Humor"],"inLanguage":"de","potentialAction":[{"@type":"CommentAction","name":"Comment","target":["https:\/\/www.thebestsocial.media\/de\/ganz-viele-hormone-und-noch-mehr-schlechte-laune-woran-man-den-beginn-der-pubertaet-erkennt\/#respond"]}]},{"@type":"WebPage","@id":"https:\/\/www.thebestsocial.media\/de\/ganz-viele-hormone-und-noch-mehr-schlechte-laune-woran-man-den-beginn-der-pubertaet-erkennt\/","url":"https:\/\/www.thebestsocial.media\/de\/ganz-viele-hormone-und-noch-mehr-schlechte-laune-woran-man-den-beginn-der-pubertaet-erkennt\/","name":"Woran man den Beginn der Pubert\u00e4t erkenn","isPartOf":{"@id":"https:\/\/www.thebestsocial.media\/de\/#website"},"primaryImageOfPage":{"@id":"https:\/\/www.thebestsocial.media\/de\/ganz-viele-hormone-und-noch-mehr-schlechte-laune-woran-man-den-beginn-der-pubertaet-erkennt\/#primaryimage"},"image":{"@id":"https:\/\/www.thebestsocial.media\/de\/ganz-viele-hormone-und-noch-mehr-schlechte-laune-woran-man-den-beginn-der-pubertaet-erkennt\/#primaryimage"},"thumbnailUrl":"https:\/\/www.thebestsocial.media\/de\/wp-content\/uploads\/sites\/3\/2023\/03\/tired-gcce2cd88d_1920.jpg","datePublished":"2023-03-03T12:14:04+00:00","author":{"@id":"https:\/\/www.thebestsocial.media\/de\/#\/schema\/person\/bb9d89d5ad944f3bb530722c8914ad89"},"description":"Die Pubert\u00e4t ist der Horror. Doch das ist nur eine Phase. Und zwar eine, f\u00fcr die es von Seiten der Eltern ganz ganz viel Geduld braucht:","breadcrumb":{"@id":"https:\/\/www.thebestsocial.media\/de\/ganz-viele-hormone-und-noch-mehr-schlechte-laune-woran-man-den-beginn-der-pubertaet-erkennt\/#breadcrumb"},"inLanguage":"de","potentialAction":[{"@type":"ReadAction","target":["https:\/\/www.thebestsocial.media\/de\/ganz-viele-hormone-und-noch-mehr-schlechte-laune-woran-man-den-beginn-der-pubertaet-erkennt\/"]}]},{"@type":"ImageObject","inLanguage":"de","@id":"https:\/\/www.thebestsocial.media\/de\/ganz-viele-hormone-und-noch-mehr-schlechte-laune-woran-man-den-beginn-der-pubertaet-erkennt\/#primaryimage","url":"https:\/\/www.thebestsocial.media\/de\/wp-content\/uploads\/sites\/3\/2023\/03\/tired-gcce2cd88d_1920.jpg","contentUrl":"https:\/\/www.thebestsocial.media\/de\/wp-content\/uploads\/sites\/3\/2023\/03\/tired-gcce2cd88d_1920.jpg","width":1920,"height":1266},{"@type":"BreadcrumbList","@id":"https:\/\/www.thebestsocial.media\/de\/ganz-viele-hormone-und-noch-mehr-schlechte-laune-woran-man-den-beginn-der-pubertaet-erkennt\/#breadcrumb","itemListElement":[{"@type":"ListItem","position":1,"name":"Home","item":"https:\/\/www.thebestsocial.media\/de\/"},{"@type":"ListItem","position":2,"name":"Ganz viele Hormone und noch mehr schlechte Laune: Woran man den Beginn der Pubert\u00e4t erkennt"}]},{"@type":"WebSite","@id":"https:\/\/www.thebestsocial.media\/de\/#website","url":"https:\/\/www.thebestsocial.media\/de\/","name":"The Best Social Media DE","description":"","potentialAction":[{"@type":"SearchAction","target":{"@type":"EntryPoint","urlTemplate":"https:\/\/www.thebestsocial.media\/de\/?s={search_term_string}"},"query-input":{"@type":"PropertyValueSpecification","valueRequired":true,"valueName":"search_term_string"}}],"inLanguage":"de"},{"@type":"Person","@id":"https:\/\/www.thebestsocial.media\/de\/#\/schema\/person\/bb9d89d5ad944f3bb530722c8914ad89","name":"Lea","image":{"@type":"ImageObject","inLanguage":"de","@id":"https:\/\/secure.gravatar.com\/avatar\/572526d0641f829a52d7692ed43a20d1f02796367e1eea965858d2d2787f4c33?s=96&d=mm&r=g","url":"https:\/\/secure.gravatar.com\/avatar\/572526d0641f829a52d7692ed43a20d1f02796367e1eea965858d2d2787f4c33?s=96&d=mm&r=g","contentUrl":"https:\/\/secure.gravatar.com\/avatar\/572526d0641f829a52d7692ed43a20d1f02796367e1eea965858d2d2787f4c33?s=96&d=mm&r=g","caption":"Lea"},"url":"https:\/\/www.thebestsocial.media\/de\/author\/leascheel\/"}]}},"amp_enabled":true,"_links":{"self":[{"href":"https:\/\/www.thebestsocial.media\/de\/wp-json\/wp\/v2\/posts\/177343","targetHints":{"allow":["GET"]}}],"collection":[{"href":"https:\/\/www.thebestsocial.media\/de\/wp-json\/wp\/v2\/posts"}],"about":[{"href":"https:\/\/www.thebestsocial.media\/de\/wp-json\/wp\/v2\/types\/post"}],"author":[{"embeddable":true,"href":"https:\/\/www.thebestsocial.media\/de\/wp-json\/wp\/v2\/users\/104"}],"replies":[{"embeddable":true,"href":"https:\/\/www.thebestsocial.media\/de\/wp-json\/wp\/v2\/comments?post=177343"}],"version-history":[{"count":11,"href":"https:\/\/www.thebestsocial.media\/de\/wp-json\/wp\/v2\/posts\/177343\/revisions"}],"predecessor-version":[{"id":177379,"href":"https:\/\/www.thebestsocial.media\/de\/wp-json\/wp\/v2\/posts\/177343\/revisions\/177379"}],"wp:featuredmedia":[{"embeddable":true,"href":"https:\/\/www.thebestsocial.media\/de\/wp-json\/wp\/v2\/media\/177369"}],"wp:attachment":[{"href":"https:\/\/www.thebestsocial.media\/de\/wp-json\/wp\/v2\/media?parent=177343"}],"wp:term":[{"taxonomy":"category","embeddable":true,"href":"https:\/\/www.thebestsocial.media\/de\/wp-json\/wp\/v2\/categories?post=177343"},{"taxonomy":"post_tag","embeddable":true,"href":"https:\/\/www.thebestsocial.media\/de\/wp-json\/wp\/v2\/tags?post=177343"}],"curies":[{"name":"wp","href":"https:\/\/api.w.org\/{rel}","templated":true}]}}