{"id":176905,"date":"2023-03-03T11:37:17","date_gmt":"2023-03-03T11:37:17","guid":{"rendered":"https:\/\/www.thebestsocial.media\/de\/?p=176905"},"modified":"2023-03-03T11:37:17","modified_gmt":"2023-03-03T11:37:17","slug":"wie-man-auch-mit-schlechter-laune-durch-den-tag-kommt","status":"publish","type":"post","link":"https:\/\/www.thebestsocial.media\/de\/wie-man-auch-mit-schlechter-laune-durch-den-tag-kommt\/","title":{"rendered":"Von wegen &#8222;Good Vibes Only&#8220;: Wie man auch mit schlechter Laune durch den Tag kommt"},"content":{"rendered":"<p>Heute widmen wir unsere Aufmerksamkeit einer ganz besonderen Spezies von Menschen &#8211; den immer gut gelaunten und stets positiven Vertretern unserer Gesellschaft. Ihr kennt sie sicherlich, diese Gl\u00fcckspilze, die selbst bei einem Stromausfall noch das Licht im Dunkeln und die Sonne hinter den dunkelsten Wolken sehen. Dass man auch mit schlechter Laune durch den Tag kommt, beweisen diese Posts:<\/p>\n<p>&nbsp;<\/p>\n<h3>Kind kaputt:<\/h3>\n<blockquote class=\"twitter-tweet\">\n<p dir=\"ltr\" lang=\"de\">Der 4j hat mich informiert, dass er erst seine &#8222;Morgen\u00fcbungen&#8220; macht, bevor er aufsteht.<br \/>\nWird Zeit, dass dem Kind jemand morgendliche Werte wie Kaffee trinken und grimmig Gucken beibringt. Ich meine, WAS KOMMT ALS N\u00c4CHSTES? Chiasamen-Smoothies und Sonnengru\u00df? Gute Laune??<\/p>\n<p>\u2014 Foffy (@FoffyMcFoff) <a href=\"https:\/\/twitter.com\/FoffyMcFoff\/status\/1362304920620261379?ref_src=twsrc%5Etfw\">February 18, 2021<\/a><\/p><\/blockquote>\n<p><script async src=\"https:\/\/platform.twitter.com\/widgets.js\" charset=\"utf-8\"><\/script><\/p>\n<p>&nbsp;<\/p>\n<h3>Nee, lass mal&#8230;<\/h3>\n<blockquote class=\"twitter-tweet\">\n<p dir=\"ltr\" lang=\"de\">&#8222;M\u00f6chtest Du auch einen gute-Laune-Tee?&#8220;<br \/>\n&#8222;Ist da Alkohol drin?&#8220;<br \/>\n&#8222;Nein.&#8220;<br \/>\n&#8222;Dann nicht.&#8220;<\/p>\n<p>\u2014 L. (@isyme14) <a href=\"https:\/\/twitter.com\/isyme14\/status\/1061235628766048256?ref_src=twsrc%5Etfw\">November 10, 2018<\/a><\/p><\/blockquote>\n<p><script async src=\"https:\/\/platform.twitter.com\/widgets.js\" charset=\"utf-8\"><\/script><\/p>\n<p>&nbsp;<\/p>\n<h3>Zum Gl\u00fcck nicht in diesem Universum&#8230;<\/h3>\n<blockquote class=\"twitter-tweet\">\n<p dir=\"ltr\" lang=\"de\">In einem Paralleluniversum beginnt heute wieder das 5-Tage-Wochenende. Alle haben gute Laune, sind ausgeschlafen und rufen sich freudestrahlend &#8222;Endlich Montag!&#8220; zu.<\/p>\n<p>\u2014 Nicht Chevy Chase (@DrWaumiau) <a href=\"https:\/\/twitter.com\/DrWaumiau\/status\/1023815497262018560?ref_src=twsrc%5Etfw\">July 30, 2018<\/a><\/p><\/blockquote>\n<p><script async src=\"https:\/\/platform.twitter.com\/widgets.js\" charset=\"utf-8\"><\/script><\/p>\n<p>&nbsp;<\/p>\n<h3>Er verbreitet wirklich nur gute Vibes!<\/h3>\n<blockquote class=\"twitter-tweet\">\n<p dir=\"ltr\" lang=\"de\">Wenn ich ihn sehe bekomme ich direkt gute laune <a href=\"https:\/\/t.co\/fdLDOFO0fi\">pic.twitter.com\/fdLDOFO0fi<\/a><\/p>\n<p>\u2014 sech (@sech28) <a href=\"https:\/\/twitter.com\/sech28\/status\/1397909384588677120?ref_src=twsrc%5Etfw\">May 27, 2021<\/a><\/p><\/blockquote>\n<p><script async src=\"https:\/\/platform.twitter.com\/widgets.js\" charset=\"utf-8\"><\/script><\/p>\n<p>&nbsp;<\/p>\n<h3>Bitte&#8230; Sei still:<\/h3>\n<blockquote class=\"twitter-tweet\">\n<p dir=\"ltr\" lang=\"de\">Wenn die Gute-Laune-Kollegin* beim Mittag wieder allen auf den Sack geht.<\/p>\n<p>*Ich <a href=\"https:\/\/t.co\/HVakKRWtUh\">pic.twitter.com\/HVakKRWtUh<\/a><\/p>\n<p>\u2014 Eliser (@kifferbarbie) <a href=\"https:\/\/twitter.com\/kifferbarbie\/status\/1011243983778050054?ref_src=twsrc%5Etfw\">June 25, 2018<\/a><\/p><\/blockquote>\n<p><script async src=\"https:\/\/platform.twitter.com\/widgets.js\" charset=\"utf-8\"><\/script><\/p>\n<p>&nbsp;<\/p>\n<h3>Jeder kennt so einen Menschen:<\/h3>\n<blockquote class=\"twitter-tweet\">\n<p dir=\"ltr\" lang=\"de\">Was ziehst du heute an?<\/p>\n<p>Gute Laune!<\/p>\n<p>\u2014 einfach ich \uf8ff (@einfach_ich1) <a href=\"https:\/\/twitter.com\/einfach_ich1\/status\/1383328109772959747?ref_src=twsrc%5Etfw\">April 17, 2021<\/a><\/p><\/blockquote>\n<p><script async src=\"https:\/\/platform.twitter.com\/widgets.js\" charset=\"utf-8\"><\/script><\/p>\n<p>&nbsp;<\/p>\n<h3>Mit schlechter Laune w\u00fcrden die sich ja nicht verkaufen lassen!<\/h3>\n<blockquote class=\"twitter-tweet\">\n<p dir=\"ltr\" lang=\"de\">In der Tamponwerbung haben sie immer so gute Laune. Ich will jetzt ein Tampon.<\/p>\n<p>\u2014 451, Lasse (@rainerschund) <a href=\"https:\/\/twitter.com\/rainerschund\/status\/1180464004004810754?ref_src=twsrc%5Etfw\">October 5, 2019<\/a><\/p><\/blockquote>\n<p><script async src=\"https:\/\/platform.twitter.com\/widgets.js\" charset=\"utf-8\"><\/script><\/p>\n<p>&nbsp;<\/p>\n<h3>Trifft den Nagel auf den Kopf:<\/h3>\n<blockquote class=\"twitter-tweet\">\n<p dir=\"ltr\" lang=\"de\">Wie ich mir Menschen vorstelle, deren Motto \u201cGood Vibes only\u201d ist. <a href=\"https:\/\/t.co\/tPtPpmNfMd\">pic.twitter.com\/tPtPpmNfMd<\/a><\/p>\n<p>\u2014 Jonas Vogt (@L4ndvogt) <a href=\"https:\/\/twitter.com\/L4ndvogt\/status\/1574358515082207234?ref_src=twsrc%5Etfw\">September 26, 2022<\/a><\/p><\/blockquote>\n<p><script async src=\"https:\/\/platform.twitter.com\/widgets.js\" charset=\"utf-8\"><\/script><\/p>\n<p>&nbsp;<\/p>\n<h3>Also keine weiteren Dates mehr:<\/h3>\n<blockquote class=\"twitter-tweet\">\n<p dir=\"ltr\" lang=\"en\">Guy on grindr gave me his number and it turns out he was already in my phone as Martin Bad Vibes<\/p>\n<p>\u2014 Michael Hobbes (@RottenInDenmark) <a href=\"https:\/\/twitter.com\/RottenInDenmark\/status\/1627717507430895623?ref_src=twsrc%5Etfw\">February 20, 2023<\/a><\/p><\/blockquote>\n<p><script async src=\"https:\/\/platform.twitter.com\/widgets.js\" charset=\"utf-8\"><\/script><\/p>\n<p>&nbsp;<\/p>\n<h3>Snacks ja, Wein ja, aber das ist zu viel verlangt!<\/h3>\n<blockquote class=\"twitter-tweet\">\n<p dir=\"ltr\" lang=\"de\">\u00bbWir w\u00fcrden uns freuen, dich an Silvester zu einem geselligen Umtrunk begr\u00fc\u00dfen zu d\u00fcrfen. Mitzubringen: Gute Laune.\u00ab <a href=\"https:\/\/t.co\/8U8k7LsIZJ\">pic.twitter.com\/8U8k7LsIZJ<\/a><\/p>\n<p>\u2014 Hanna Herbst (@HHumorlos) <a href=\"https:\/\/twitter.com\/HHumorlos\/status\/1475074135139262466?ref_src=twsrc%5Etfw\">December 26, 2021<\/a><\/p><\/blockquote>\n<p><script async src=\"https:\/\/platform.twitter.com\/widgets.js\" charset=\"utf-8\"><\/script><\/p>\n<p>&nbsp;<\/p>\n<h3>Bitte nicht, bitte nicht, bitte nicht:<\/h3>\n<blockquote class=\"twitter-tweet\">\n<p dir=\"ltr\" lang=\"de\">[Whatsapp-Elternchat]<\/p>\n<p>Mutter:<br \/>\n&#8222;Was kann man denn zum Fest am 20.9 mitbringen?&#8220;<\/p>\n<p>[Die Administratorin ist schon am zur\u00fcckschreiben]<\/p>\n<p>Ich:<br \/>\n*schreib es nicht&#8230;*<br \/>\n*bitte!*<br \/>\n*schreib es nicht&#8230;*<br \/>\n*bitte!*<br \/>\n*schreib es bitte nicht&#8230;*<\/p>\n<p>Administratorin:<br \/>\n&#8222;Gute Laune! \ud83d\ude02&#8220;<\/p>\n<p>\ud83d\ude44\ud83d\ude44\ud83d\ude44<\/p>\n<p>\u2014 \u0166\u042f\u039bUV\u039b\u041bS\u039bSS (@FrauVanSass) <a href=\"https:\/\/twitter.com\/FrauVanSass\/status\/1172426305431752706?ref_src=twsrc%5Etfw\">September 13, 2019<\/a><\/p><\/blockquote>\n<p><script async src=\"https:\/\/platform.twitter.com\/widgets.js\" charset=\"utf-8\"><\/script><\/p>\n<p>&nbsp;<\/p>\n<p><strong>___<\/strong><br \/>\n<strong>Vielen Dank an alle f\u00fcr die Posts!<\/strong><br \/>\n<strong>___<\/strong><\/p>\n","protected":false},"excerpt":{"rendered":"<p>Heute widmen wir unsere Aufmerksamkeit einer ganz besonderen Spezies von Menschen &#8211; den immer gut gelaunten und stets positiven Vertretern unserer Gesellschaft. Ihr kennt sie&#8230;<\/p>\n","protected":false},"author":104,"featured_media":176920,"comment_status":"open","ping_status":"open","sticky":false,"template":"","format":"standard","meta":{"_acf_changed":false,"footnotes":""},"categories":[106,2031,1728],"tags":[1724,5764,4574],"class_list":["post-176905","post","type-post","status-publish","format-standard","has-post-thumbnail","hentry","category-best-of","category-feelgood","category-humor","tag-feel-good","tag-good-vibes","tag-gute-laune"],"acf":[],"yoast_head":"<!-- This site is optimized with the Yoast SEO plugin v27.5 - https:\/\/yoast.com\/product\/yoast-seo-wordpress\/ -->\n<title>Wie man auch mit schlechter Laune durch den Tag kommt<\/title>\n<meta name=\"description\" content=\"Von wegen &quot;Good vibes only&quot;... Dass man auch mit schlechter Laune durch den Tag kommt beweisen diese Posts:\" \/>\n<meta name=\"robots\" content=\"index, follow, max-snippet:-1, max-image-preview:large, max-video-preview:-1\" \/>\n<link rel=\"canonical\" href=\"https:\/\/www.thebestsocial.media\/de\/wie-man-auch-mit-schlechter-laune-durch-den-tag-kommt\/\" \/>\n<meta property=\"og:locale\" content=\"de_DE\" \/>\n<meta property=\"og:type\" content=\"article\" \/>\n<meta property=\"og:title\" content=\"Von wegen &quot;Good Vibes Only&quot;: Wie man auch mit schlechter Laune durch den Tag kommt\" \/>\n<meta property=\"og:description\" content=\"Von wegen &quot;Good vibes only&quot;... Dass man auch mit schlechter Laune durch den Tag kommt beweisen diese Posts:\" \/>\n<meta property=\"og:url\" content=\"https:\/\/www.thebestsocial.media\/de\/wie-man-auch-mit-schlechter-laune-durch-den-tag-kommt\/\" \/>\n<meta property=\"og:site_name\" content=\"The Best Social Media DE\" \/>\n<meta property=\"article:published_time\" content=\"2023-03-03T11:37:17+00:00\" \/>\n<meta property=\"og:image\" content=\"https:\/\/www.thebestsocial.media\/de\/wp-content\/uploads\/sites\/3\/2023\/02\/header-good-vibes.png\" \/>\n\t<meta property=\"og:image:width\" content=\"1200\" \/>\n\t<meta property=\"og:image:height\" content=\"630\" \/>\n\t<meta property=\"og:image:type\" content=\"image\/png\" \/>\n<meta name=\"author\" content=\"Lea\" \/>\n<meta name=\"twitter:card\" content=\"summary_large_image\" \/>\n<meta name=\"twitter:label1\" content=\"Verfasst von\" \/>\n\t<meta name=\"twitter:data1\" content=\"Lea\" \/>\n\t<meta name=\"twitter:label2\" content=\"Gesch\u00e4tzte Lesezeit\" \/>\n\t<meta name=\"twitter:data2\" content=\"3\u00a0Minuten\" \/>\n<script type=\"application\/ld+json\" class=\"yoast-schema-graph\">{\"@context\":\"https:\\\/\\\/schema.org\",\"@graph\":[{\"@type\":\"Article\",\"@id\":\"https:\\\/\\\/www.thebestsocial.media\\\/de\\\/wie-man-auch-mit-schlechter-laune-durch-den-tag-kommt\\\/#article\",\"isPartOf\":{\"@id\":\"https:\\\/\\\/www.thebestsocial.media\\\/de\\\/wie-man-auch-mit-schlechter-laune-durch-den-tag-kommt\\\/\"},\"author\":{\"name\":\"Lea\",\"@id\":\"https:\\\/\\\/www.thebestsocial.media\\\/de\\\/#\\\/schema\\\/person\\\/bb9d89d5ad944f3bb530722c8914ad89\"},\"headline\":\"Von wegen &#8222;Good Vibes Only&#8220;: Wie man auch mit schlechter Laune durch den Tag kommt\",\"datePublished\":\"2023-03-03T11:37:17+00:00\",\"mainEntityOfPage\":{\"@id\":\"https:\\\/\\\/www.thebestsocial.media\\\/de\\\/wie-man-auch-mit-schlechter-laune-durch-den-tag-kommt\\\/\"},\"wordCount\":430,\"commentCount\":0,\"image\":{\"@id\":\"https:\\\/\\\/www.thebestsocial.media\\\/de\\\/wie-man-auch-mit-schlechter-laune-durch-den-tag-kommt\\\/#primaryimage\"},\"thumbnailUrl\":\"https:\\\/\\\/www.thebestsocial.media\\\/de\\\/wp-content\\\/uploads\\\/sites\\\/3\\\/2023\\\/02\\\/face-g785c0c6ef_1920.jpg\",\"keywords\":[\"feel good\",\"Good vibes\",\"gute Laune\"],\"articleSection\":[\"Best of\",\"Feelgood\",\"Humor\"],\"inLanguage\":\"de\",\"potentialAction\":[{\"@type\":\"CommentAction\",\"name\":\"Comment\",\"target\":[\"https:\\\/\\\/www.thebestsocial.media\\\/de\\\/wie-man-auch-mit-schlechter-laune-durch-den-tag-kommt\\\/#respond\"]}]},{\"@type\":\"WebPage\",\"@id\":\"https:\\\/\\\/www.thebestsocial.media\\\/de\\\/wie-man-auch-mit-schlechter-laune-durch-den-tag-kommt\\\/\",\"url\":\"https:\\\/\\\/www.thebestsocial.media\\\/de\\\/wie-man-auch-mit-schlechter-laune-durch-den-tag-kommt\\\/\",\"name\":\"Wie man auch mit schlechter Laune durch den Tag kommt\",\"isPartOf\":{\"@id\":\"https:\\\/\\\/www.thebestsocial.media\\\/de\\\/#website\"},\"primaryImageOfPage\":{\"@id\":\"https:\\\/\\\/www.thebestsocial.media\\\/de\\\/wie-man-auch-mit-schlechter-laune-durch-den-tag-kommt\\\/#primaryimage\"},\"image\":{\"@id\":\"https:\\\/\\\/www.thebestsocial.media\\\/de\\\/wie-man-auch-mit-schlechter-laune-durch-den-tag-kommt\\\/#primaryimage\"},\"thumbnailUrl\":\"https:\\\/\\\/www.thebestsocial.media\\\/de\\\/wp-content\\\/uploads\\\/sites\\\/3\\\/2023\\\/02\\\/face-g785c0c6ef_1920.jpg\",\"datePublished\":\"2023-03-03T11:37:17+00:00\",\"author\":{\"@id\":\"https:\\\/\\\/www.thebestsocial.media\\\/de\\\/#\\\/schema\\\/person\\\/bb9d89d5ad944f3bb530722c8914ad89\"},\"description\":\"Von wegen \\\"Good vibes only\\\"... Dass man auch mit schlechter Laune durch den Tag kommt beweisen diese Posts:\",\"breadcrumb\":{\"@id\":\"https:\\\/\\\/www.thebestsocial.media\\\/de\\\/wie-man-auch-mit-schlechter-laune-durch-den-tag-kommt\\\/#breadcrumb\"},\"inLanguage\":\"de\",\"potentialAction\":[{\"@type\":\"ReadAction\",\"target\":[\"https:\\\/\\\/www.thebestsocial.media\\\/de\\\/wie-man-auch-mit-schlechter-laune-durch-den-tag-kommt\\\/\"]}]},{\"@type\":\"ImageObject\",\"inLanguage\":\"de\",\"@id\":\"https:\\\/\\\/www.thebestsocial.media\\\/de\\\/wie-man-auch-mit-schlechter-laune-durch-den-tag-kommt\\\/#primaryimage\",\"url\":\"https:\\\/\\\/www.thebestsocial.media\\\/de\\\/wp-content\\\/uploads\\\/sites\\\/3\\\/2023\\\/02\\\/face-g785c0c6ef_1920.jpg\",\"contentUrl\":\"https:\\\/\\\/www.thebestsocial.media\\\/de\\\/wp-content\\\/uploads\\\/sites\\\/3\\\/2023\\\/02\\\/face-g785c0c6ef_1920.jpg\",\"width\":1920,\"height\":1278},{\"@type\":\"BreadcrumbList\",\"@id\":\"https:\\\/\\\/www.thebestsocial.media\\\/de\\\/wie-man-auch-mit-schlechter-laune-durch-den-tag-kommt\\\/#breadcrumb\",\"itemListElement\":[{\"@type\":\"ListItem\",\"position\":1,\"name\":\"Home\",\"item\":\"https:\\\/\\\/www.thebestsocial.media\\\/de\\\/\"},{\"@type\":\"ListItem\",\"position\":2,\"name\":\"Von wegen &#8222;Good Vibes Only&#8220;: Wie man auch mit schlechter Laune durch den Tag kommt\"}]},{\"@type\":\"WebSite\",\"@id\":\"https:\\\/\\\/www.thebestsocial.media\\\/de\\\/#website\",\"url\":\"https:\\\/\\\/www.thebestsocial.media\\\/de\\\/\",\"name\":\"The Best Social Media DE\",\"description\":\"\",\"potentialAction\":[{\"@type\":\"SearchAction\",\"target\":{\"@type\":\"EntryPoint\",\"urlTemplate\":\"https:\\\/\\\/www.thebestsocial.media\\\/de\\\/?s={search_term_string}\"},\"query-input\":{\"@type\":\"PropertyValueSpecification\",\"valueRequired\":true,\"valueName\":\"search_term_string\"}}],\"inLanguage\":\"de\"},{\"@type\":\"Person\",\"@id\":\"https:\\\/\\\/www.thebestsocial.media\\\/de\\\/#\\\/schema\\\/person\\\/bb9d89d5ad944f3bb530722c8914ad89\",\"name\":\"Lea\",\"image\":{\"@type\":\"ImageObject\",\"inLanguage\":\"de\",\"@id\":\"https:\\\/\\\/secure.gravatar.com\\\/avatar\\\/572526d0641f829a52d7692ed43a20d1f02796367e1eea965858d2d2787f4c33?s=96&d=mm&r=g\",\"url\":\"https:\\\/\\\/secure.gravatar.com\\\/avatar\\\/572526d0641f829a52d7692ed43a20d1f02796367e1eea965858d2d2787f4c33?s=96&d=mm&r=g\",\"contentUrl\":\"https:\\\/\\\/secure.gravatar.com\\\/avatar\\\/572526d0641f829a52d7692ed43a20d1f02796367e1eea965858d2d2787f4c33?s=96&d=mm&r=g\",\"caption\":\"Lea\"},\"url\":\"https:\\\/\\\/www.thebestsocial.media\\\/de\\\/author\\\/leascheel\\\/\"}]}<\/script>\n<!-- \/ Yoast SEO plugin. -->","yoast_head_json":{"title":"Wie man auch mit schlechter Laune durch den Tag kommt","description":"Von wegen \"Good vibes only\"... Dass man auch mit schlechter Laune durch den Tag kommt beweisen diese Posts:","robots":{"index":"index","follow":"follow","max-snippet":"max-snippet:-1","max-image-preview":"max-image-preview:large","max-video-preview":"max-video-preview:-1"},"canonical":"https:\/\/www.thebestsocial.media\/de\/wie-man-auch-mit-schlechter-laune-durch-den-tag-kommt\/","og_locale":"de_DE","og_type":"article","og_title":"Von wegen \"Good Vibes Only\": Wie man auch mit schlechter Laune durch den Tag kommt","og_description":"Von wegen \"Good vibes only\"... Dass man auch mit schlechter Laune durch den Tag kommt beweisen diese Posts:","og_url":"https:\/\/www.thebestsocial.media\/de\/wie-man-auch-mit-schlechter-laune-durch-den-tag-kommt\/","og_site_name":"The Best Social Media DE","article_published_time":"2023-03-03T11:37:17+00:00","og_image":[{"width":1200,"height":630,"url":"https:\/\/www.thebestsocial.media\/de\/wp-content\/uploads\/sites\/3\/2023\/02\/header-good-vibes.png","type":"image\/png"}],"author":"Lea","twitter_card":"summary_large_image","twitter_misc":{"Verfasst von":"Lea","Gesch\u00e4tzte Lesezeit":"3\u00a0Minuten"},"schema":{"@context":"https:\/\/schema.org","@graph":[{"@type":"Article","@id":"https:\/\/www.thebestsocial.media\/de\/wie-man-auch-mit-schlechter-laune-durch-den-tag-kommt\/#article","isPartOf":{"@id":"https:\/\/www.thebestsocial.media\/de\/wie-man-auch-mit-schlechter-laune-durch-den-tag-kommt\/"},"author":{"name":"Lea","@id":"https:\/\/www.thebestsocial.media\/de\/#\/schema\/person\/bb9d89d5ad944f3bb530722c8914ad89"},"headline":"Von wegen &#8222;Good Vibes Only&#8220;: Wie man auch mit schlechter Laune durch den Tag kommt","datePublished":"2023-03-03T11:37:17+00:00","mainEntityOfPage":{"@id":"https:\/\/www.thebestsocial.media\/de\/wie-man-auch-mit-schlechter-laune-durch-den-tag-kommt\/"},"wordCount":430,"commentCount":0,"image":{"@id":"https:\/\/www.thebestsocial.media\/de\/wie-man-auch-mit-schlechter-laune-durch-den-tag-kommt\/#primaryimage"},"thumbnailUrl":"https:\/\/www.thebestsocial.media\/de\/wp-content\/uploads\/sites\/3\/2023\/02\/face-g785c0c6ef_1920.jpg","keywords":["feel good","Good vibes","gute Laune"],"articleSection":["Best of","Feelgood","Humor"],"inLanguage":"de","potentialAction":[{"@type":"CommentAction","name":"Comment","target":["https:\/\/www.thebestsocial.media\/de\/wie-man-auch-mit-schlechter-laune-durch-den-tag-kommt\/#respond"]}]},{"@type":"WebPage","@id":"https:\/\/www.thebestsocial.media\/de\/wie-man-auch-mit-schlechter-laune-durch-den-tag-kommt\/","url":"https:\/\/www.thebestsocial.media\/de\/wie-man-auch-mit-schlechter-laune-durch-den-tag-kommt\/","name":"Wie man auch mit schlechter Laune durch den Tag kommt","isPartOf":{"@id":"https:\/\/www.thebestsocial.media\/de\/#website"},"primaryImageOfPage":{"@id":"https:\/\/www.thebestsocial.media\/de\/wie-man-auch-mit-schlechter-laune-durch-den-tag-kommt\/#primaryimage"},"image":{"@id":"https:\/\/www.thebestsocial.media\/de\/wie-man-auch-mit-schlechter-laune-durch-den-tag-kommt\/#primaryimage"},"thumbnailUrl":"https:\/\/www.thebestsocial.media\/de\/wp-content\/uploads\/sites\/3\/2023\/02\/face-g785c0c6ef_1920.jpg","datePublished":"2023-03-03T11:37:17+00:00","author":{"@id":"https:\/\/www.thebestsocial.media\/de\/#\/schema\/person\/bb9d89d5ad944f3bb530722c8914ad89"},"description":"Von wegen \"Good vibes only\"... Dass man auch mit schlechter Laune durch den Tag kommt beweisen diese Posts:","breadcrumb":{"@id":"https:\/\/www.thebestsocial.media\/de\/wie-man-auch-mit-schlechter-laune-durch-den-tag-kommt\/#breadcrumb"},"inLanguage":"de","potentialAction":[{"@type":"ReadAction","target":["https:\/\/www.thebestsocial.media\/de\/wie-man-auch-mit-schlechter-laune-durch-den-tag-kommt\/"]}]},{"@type":"ImageObject","inLanguage":"de","@id":"https:\/\/www.thebestsocial.media\/de\/wie-man-auch-mit-schlechter-laune-durch-den-tag-kommt\/#primaryimage","url":"https:\/\/www.thebestsocial.media\/de\/wp-content\/uploads\/sites\/3\/2023\/02\/face-g785c0c6ef_1920.jpg","contentUrl":"https:\/\/www.thebestsocial.media\/de\/wp-content\/uploads\/sites\/3\/2023\/02\/face-g785c0c6ef_1920.jpg","width":1920,"height":1278},{"@type":"BreadcrumbList","@id":"https:\/\/www.thebestsocial.media\/de\/wie-man-auch-mit-schlechter-laune-durch-den-tag-kommt\/#breadcrumb","itemListElement":[{"@type":"ListItem","position":1,"name":"Home","item":"https:\/\/www.thebestsocial.media\/de\/"},{"@type":"ListItem","position":2,"name":"Von wegen &#8222;Good Vibes Only&#8220;: Wie man auch mit schlechter Laune durch den Tag kommt"}]},{"@type":"WebSite","@id":"https:\/\/www.thebestsocial.media\/de\/#website","url":"https:\/\/www.thebestsocial.media\/de\/","name":"The Best Social Media DE","description":"","potentialAction":[{"@type":"SearchAction","target":{"@type":"EntryPoint","urlTemplate":"https:\/\/www.thebestsocial.media\/de\/?s={search_term_string}"},"query-input":{"@type":"PropertyValueSpecification","valueRequired":true,"valueName":"search_term_string"}}],"inLanguage":"de"},{"@type":"Person","@id":"https:\/\/www.thebestsocial.media\/de\/#\/schema\/person\/bb9d89d5ad944f3bb530722c8914ad89","name":"Lea","image":{"@type":"ImageObject","inLanguage":"de","@id":"https:\/\/secure.gravatar.com\/avatar\/572526d0641f829a52d7692ed43a20d1f02796367e1eea965858d2d2787f4c33?s=96&d=mm&r=g","url":"https:\/\/secure.gravatar.com\/avatar\/572526d0641f829a52d7692ed43a20d1f02796367e1eea965858d2d2787f4c33?s=96&d=mm&r=g","contentUrl":"https:\/\/secure.gravatar.com\/avatar\/572526d0641f829a52d7692ed43a20d1f02796367e1eea965858d2d2787f4c33?s=96&d=mm&r=g","caption":"Lea"},"url":"https:\/\/www.thebestsocial.media\/de\/author\/leascheel\/"}]}},"amp_enabled":true,"_links":{"self":[{"href":"https:\/\/www.thebestsocial.media\/de\/wp-json\/wp\/v2\/posts\/176905","targetHints":{"allow":["GET"]}}],"collection":[{"href":"https:\/\/www.thebestsocial.media\/de\/wp-json\/wp\/v2\/posts"}],"about":[{"href":"https:\/\/www.thebestsocial.media\/de\/wp-json\/wp\/v2\/types\/post"}],"author":[{"embeddable":true,"href":"https:\/\/www.thebestsocial.media\/de\/wp-json\/wp\/v2\/users\/104"}],"replies":[{"embeddable":true,"href":"https:\/\/www.thebestsocial.media\/de\/wp-json\/wp\/v2\/comments?post=176905"}],"version-history":[{"count":13,"href":"https:\/\/www.thebestsocial.media\/de\/wp-json\/wp\/v2\/posts\/176905\/revisions"}],"predecessor-version":[{"id":176929,"href":"https:\/\/www.thebestsocial.media\/de\/wp-json\/wp\/v2\/posts\/176905\/revisions\/176929"}],"wp:featuredmedia":[{"embeddable":true,"href":"https:\/\/www.thebestsocial.media\/de\/wp-json\/wp\/v2\/media\/176920"}],"wp:attachment":[{"href":"https:\/\/www.thebestsocial.media\/de\/wp-json\/wp\/v2\/media?parent=176905"}],"wp:term":[{"taxonomy":"category","embeddable":true,"href":"https:\/\/www.thebestsocial.media\/de\/wp-json\/wp\/v2\/categories?post=176905"},{"taxonomy":"post_tag","embeddable":true,"href":"https:\/\/www.thebestsocial.media\/de\/wp-json\/wp\/v2\/tags?post=176905"}],"curies":[{"name":"wp","href":"https:\/\/api.w.org\/{rel}","templated":true}]}}