{"id":176883,"date":"2023-02-23T08:27:09","date_gmt":"2023-02-23T08:27:09","guid":{"rendered":"https:\/\/www.thebestsocial.media\/de\/?p=176883"},"modified":"2023-02-23T08:27:09","modified_gmt":"2023-02-23T08:27:09","slug":"von-grauen-bueros-und-stickigen-fabrikhallen-warum-arbeit-doch-so-viel-besser-ist-als-ein-ponyhof","status":"publish","type":"post","link":"https:\/\/www.thebestsocial.media\/de\/von-grauen-bueros-und-stickigen-fabrikhallen-warum-arbeit-doch-so-viel-besser-ist-als-ein-ponyhof\/","title":{"rendered":"Von grauen B\u00fcros und stickigen Fabrikhallen: Warum Arbeit doch so viel besser ist als ein Ponyhof"},"content":{"rendered":"<p>Endlich hat es jemand ausgesprochen! Andrea Nahles hat uns mit ihrer Erkenntnis, dass Arbeit kein Ponyhof ist, aus unserem Tagtraum gerissen und uns zur\u00fcck in die harte Realit\u00e4t geschubst. Denn wer braucht schon Ponys, wenn man stattdessen den ganzen Tag in stickigen B\u00fcros und dunklen Fabrikhallen schwitzen kann? Prompt folgten die Reaktionen im Netz:<\/p>\n<p>&nbsp;<\/p>\n<h3>Logisch, oder?<\/h3>\n<blockquote class=\"twitter-tweet\">\n<p dir=\"ltr\" lang=\"de\">Solange Entscheidungstr\u00e4ger*innen glauben, dass Arbeit \u201ehart\u201c sein und \u201eweh tun\u201c m\u00fcsse, werden Arbeitnehmer*innen krank werden und nicht bis zum Rentenalter durchhalten. Und viele wollen auch einfach nicht mehr f\u00fcr den Reichtum anderer schuften. <a href=\"https:\/\/t.co\/uZMAukbvbR\">pic.twitter.com\/uZMAukbvbR<\/a><\/p>\n<p>\u2014 bombus (der echte) (@echte_bombus) <a href=\"https:\/\/twitter.com\/echte_bombus\/status\/1627688994346524677?ref_src=twsrc%5Etfw\">February 20, 2023<\/a><\/p><\/blockquote>\n<p><script async src=\"https:\/\/platform.twitter.com\/widgets.js\" charset=\"utf-8\"><\/script><\/p>\n<p>&nbsp;<\/p>\n<h3>Der war gut, h\u00f6h\u00f6!<\/h3>\n<blockquote class=\"twitter-tweet\">\n<p dir=\"ltr\" lang=\"de\">Der Arbeitsmarkt, wie ihn meine Generation kennengelernt hat:<\/p>\n<p>&#8211; befristete Jobs<br \/>\n&#8211; unbezahlte Praktika &amp; \u00dcberstunden<br \/>\n&#8211; Arbeitgeber gegen Mindestlohn<br \/>\n&#8211; mind. bis 70 arbeiten<\/p>\n<p>Und Andrea Nahles kritisiert die Einstellung junger Leute: \u201eArbeit ist kein Ponyhof\u201c<\/p>\n<p>Genau mein Humor.<\/p>\n<p>\u2014 Kaffeecup (@kaffeecup) <a href=\"https:\/\/twitter.com\/kaffeecup\/status\/1628055928967688192?ref_src=twsrc%5Etfw\">February 21, 2023<\/a><\/p><\/blockquote>\n<p><script async src=\"https:\/\/platform.twitter.com\/widgets.js\" charset=\"utf-8\"><\/script><\/p>\n<p>&nbsp;<\/p>\n<h3>Eben&#8230;<\/h3>\n<blockquote class=\"twitter-tweet\">\n<p dir=\"ltr\" lang=\"de\">J\u00fcngere Menschen erwarten \u00fcbrigens nicht, dass Erwerbsarbeit ein \u201ePonyhof\u201c sei. Aber sie erwarten, dass der Generationenvertrag auch in ihre Richtung wirkt.<\/p>\n<p>(btw: Ein Ponyhof ist eher viel Arbeit.)<\/p>\n<p>\u2014 teresa b\u00fccker (@teresabuecker) <a href=\"https:\/\/twitter.com\/teresabuecker\/status\/1627952478670012417?ref_src=twsrc%5Etfw\">February 21, 2023<\/a><\/p><\/blockquote>\n<p><script async src=\"https:\/\/platform.twitter.com\/widgets.js\" charset=\"utf-8\"><\/script><\/p>\n<p>&nbsp;<\/p>\n<h3>Das vergisst nat\u00fcrlich niemand:<\/h3>\n<blockquote class=\"twitter-tweet\">\n<p dir=\"ltr\" lang=\"de\">Niemand wird sich an deine \u00dcberstunden erinnern oder wie p\u00fcnktlich du immer warst aber keiner vergisst wer den Chef im Parkhaus angefahren hat<\/p>\n<p>\u2014 kluth (@Karibik_Kluth) <a href=\"https:\/\/twitter.com\/Karibik_Kluth\/status\/1624494273331621888?ref_src=twsrc%5Etfw\">February 11, 2023<\/a><\/p><\/blockquote>\n<p><script async src=\"https:\/\/platform.twitter.com\/widgets.js\" charset=\"utf-8\"><\/script><\/p>\n<p>&nbsp;<\/p>\n<h3>Keine verlockende Aussicht&#8230;<\/h3>\n<blockquote class=\"twitter-tweet\">\n<p dir=\"ltr\" lang=\"de\">noch 40 jahre in der woche arbeiten zweimal im jahr in urlaub und am wochenende saufen und dann war das ein menschliches leben <a href=\"https:\/\/t.co\/BnpKC3zmhO\">pic.twitter.com\/BnpKC3zmhO<\/a><\/p>\n<p>\u2014 \ud80c\udc80 (@GuillotineTea) <a href=\"https:\/\/twitter.com\/GuillotineTea\/status\/1626949738925883394?ref_src=twsrc%5Etfw\">February 18, 2023<\/a><\/p><\/blockquote>\n<p><script async src=\"https:\/\/platform.twitter.com\/widgets.js\" charset=\"utf-8\"><\/script><\/p>\n<p>&nbsp;<\/p>\n<h3>Unschlagbar!<\/h3>\n<blockquote class=\"twitter-tweet\">\n<p dir=\"ltr\" lang=\"de\">Ja sog. Geschlechtsverkehr ist ne super Sache, aber habt ihr schon mal Wertsch\u00e4tzung f\u00fcr eure Arbeit erfahren?<\/p>\n<p>\u2014 \ud835\ude67\ud835\ude64\ud835\ude69\ud835\ude5a\ud835\ude67 \ud835\ude65\ud835\ude56\ud835\ude63\ud835\ude59\ud835\ude5a\ud835\ude67 (@roter_pander) <a href=\"https:\/\/twitter.com\/roter_pander\/status\/1625201939137892354?ref_src=twsrc%5Etfw\">February 13, 2023<\/a><\/p><\/blockquote>\n<p><script async src=\"https:\/\/platform.twitter.com\/widgets.js\" charset=\"utf-8\"><\/script><\/p>\n<p>&nbsp;<\/p>\n<h3>Definitiv nicht!<\/h3>\n<blockquote class=\"twitter-tweet\">\n<p dir=\"ltr\" lang=\"de\">Wenn sich die &#8222;Alten&#8220; auf die Schulter klopfen, weil sie sich krank zur Arbeit schleppen, unbezahlte \u00dcberstunden machen, sich kaputt malochen etc. und dann jammern, dass die &#8222;Jugend&#8220; das nicht mehr mittr\u00e4gt, ist das kein Problem der &#8222;faulen Jugend&#8220;.<\/p>\n<p>\u2014 Snigill Mamma \/ MammaSnigill@NRW.social (@MammaSnigill) <a href=\"https:\/\/twitter.com\/MammaSnigill\/status\/1612779146051993600?ref_src=twsrc%5Etfw\">January 10, 2023<\/a><\/p><\/blockquote>\n<p><script async src=\"https:\/\/platform.twitter.com\/widgets.js\" charset=\"utf-8\"><\/script><\/p>\n<p>&nbsp;<\/p>\n<h3>So soll es ja eigentlich nicht sein:<\/h3>\n<blockquote class=\"twitter-tweet\">\n<p dir=\"ltr\" lang=\"de\">\u201eGibt es auch Dinge in ihrer Arbeit die ihnen Spa\u00df machen?\u201c<br \/>\n\u201eWenn ich den Laptop zuklappe und Feierabend mache.\u201c<br \/>\n\u201eVielleicht gibt auch schon davor etwas?\u201c<br \/>\n\u201eWenn ich daran denke dass ich bald den Laptop zuklappe.\u201c<\/p>\n<p>\u2014 Marto Lehnsherr72961415 \ud83c\udde6\ud83c\uddf9\ud83c\uddeb\ud83c\uddf7 (@derLehnsherr) <a href=\"https:\/\/twitter.com\/derLehnsherr\/status\/1626679505443082254?ref_src=twsrc%5Etfw\">February 17, 2023<\/a><\/p><\/blockquote>\n<p><script async src=\"https:\/\/platform.twitter.com\/widgets.js\" charset=\"utf-8\"><\/script><\/p>\n<p>&nbsp;<\/p>\n<h3>Ein Fortschritt!<\/h3>\n<blockquote class=\"twitter-tweet\">\n<p dir=\"ltr\" lang=\"de\">also ich pers\u00f6nlich bin stolz wenn ~die jugend von heute~ eigene bed\u00fcrfnisse \u00fcber die arbeit stellt und nicht jeden quatsch mit sich machen l\u00e4sst weiter so ihr champs \ud83d\udcaa<\/p>\n<p>\u2014 mc fauli frechli fabuli \u2615\ufe0f (@faulifabuli) <a href=\"https:\/\/twitter.com\/faulifabuli\/status\/1578658479627067393?ref_src=twsrc%5Etfw\">October 8, 2022<\/a><\/p><\/blockquote>\n<p><script async src=\"https:\/\/platform.twitter.com\/widgets.js\" charset=\"utf-8\"><\/script><\/p>\n<p>&nbsp;<\/p>\n<h3>W\u00e4r\u00b4 ja auch zu sch\u00f6n!<\/h3>\n<blockquote class=\"twitter-tweet\">\n<p dir=\"ltr\" lang=\"de\">Studie in Gro\u00dfbritannien zur Vier-Tage-Woche:<\/p>\n<p>&#8211; Stress um 39 Prozent reduziert<br \/>\n&#8211; Burnout-F\u00e4lle um 71 Prozent zur\u00fcckgegangen<br \/>\n&#8211; Krankentage um 65 Prozent abgenommen<br \/>\n&#8211; 57 Prozent weniger K\u00fcndigungen durch Mitarbeiter<\/p>\n<p>Oder wie man in Deutschland sagt: \u201eArbeiten ist kein Ponyhof\u201c<\/p>\n<p>\u2014 Kaffeecup (@kaffeecup) <a href=\"https:\/\/twitter.com\/kaffeecup\/status\/1628329168868876288?ref_src=twsrc%5Etfw\">February 22, 2023<\/a><\/p><\/blockquote>\n<p><script async src=\"https:\/\/platform.twitter.com\/widgets.js\" charset=\"utf-8\"><\/script><\/p>\n<p>&nbsp;<\/p>\n<p><strong>___<\/strong><br \/>\n<strong>Vielen Dank an alle f\u00fcr die Posts!<\/strong><br \/>\n<strong>___<\/strong><\/p>\n","protected":false},"excerpt":{"rendered":"<p>Endlich hat es jemand ausgesprochen! Andrea Nahles hat uns mit ihrer Erkenntnis, dass Arbeit kein Ponyhof ist, aus unserem Tagtraum gerissen und uns zur\u00fcck in&#8230;<\/p>\n","protected":false},"author":104,"featured_media":176897,"comment_status":"open","ping_status":"open","sticky":false,"template":"","format":"standard","meta":{"_acf_changed":false,"footnotes":""},"categories":[106,4728,35],"tags":[1409,2596,4369],"class_list":["post-176883","post","type-post","status-publish","format-standard","has-post-thumbnail","hentry","category-best-of","category-diskussion","category-twitter","tag-arbeit","tag-jugend","tag-jugend-von-heute"],"acf":[],"yoast_head":"<!-- This site is optimized with the Yoast SEO plugin v27.5 - https:\/\/yoast.com\/product\/yoast-seo-wordpress\/ -->\n<title>Warum Arbeit doch so viel besser ist als ein Ponyhof<\/title>\n<meta name=\"description\" content=\"Andrea Nahles sorgte mit ihrem Satz &quot;Arbeit ist kein Ponyhof&quot; f\u00fcr Aufsehen. Denn wer hat schon Lust auf Freizeit und Ponyhof?\" \/>\n<meta name=\"robots\" content=\"index, follow, max-snippet:-1, max-image-preview:large, max-video-preview:-1\" \/>\n<link rel=\"canonical\" href=\"https:\/\/www.thebestsocial.media\/de\/von-grauen-bueros-und-stickigen-fabrikhallen-warum-arbeit-doch-so-viel-besser-ist-als-ein-ponyhof\/\" \/>\n<meta property=\"og:locale\" content=\"de_DE\" \/>\n<meta property=\"og:type\" content=\"article\" \/>\n<meta property=\"og:title\" content=\"Von grauen B\u00fcros und stickigen Fabrikhallen: Warum Arbeit doch so viel besser ist als ein Ponyhof\" \/>\n<meta property=\"og:description\" content=\"Andrea Nahles sorgte mit ihrem Satz &quot;Arbeit ist kein Ponyhof&quot; f\u00fcr Aufsehen. Denn wer hat schon Lust auf Freizeit und Ponyhof?\" \/>\n<meta property=\"og:url\" content=\"https:\/\/www.thebestsocial.media\/de\/von-grauen-bueros-und-stickigen-fabrikhallen-warum-arbeit-doch-so-viel-besser-ist-als-ein-ponyhof\/\" \/>\n<meta property=\"og:site_name\" content=\"The Best Social Media DE\" \/>\n<meta property=\"article:published_time\" content=\"2023-02-23T08:27:09+00:00\" \/>\n<meta property=\"og:image\" content=\"https:\/\/www.thebestsocial.media\/de\/wp-content\/uploads\/sites\/3\/2023\/02\/header-arbeit.png\" \/>\n\t<meta property=\"og:image:width\" content=\"1200\" \/>\n\t<meta property=\"og:image:height\" content=\"630\" \/>\n\t<meta property=\"og:image:type\" content=\"image\/png\" \/>\n<meta name=\"author\" content=\"Lea\" \/>\n<meta name=\"twitter:card\" content=\"summary_large_image\" \/>\n<meta name=\"twitter:label1\" content=\"Verfasst von\" \/>\n\t<meta name=\"twitter:data1\" content=\"Lea\" \/>\n\t<meta name=\"twitter:label2\" content=\"Gesch\u00e4tzte Lesezeit\" \/>\n\t<meta name=\"twitter:data2\" content=\"3\u00a0Minuten\" \/>\n<script type=\"application\/ld+json\" class=\"yoast-schema-graph\">{\"@context\":\"https:\\\/\\\/schema.org\",\"@graph\":[{\"@type\":\"Article\",\"@id\":\"https:\\\/\\\/www.thebestsocial.media\\\/de\\\/von-grauen-bueros-und-stickigen-fabrikhallen-warum-arbeit-doch-so-viel-besser-ist-als-ein-ponyhof\\\/#article\",\"isPartOf\":{\"@id\":\"https:\\\/\\\/www.thebestsocial.media\\\/de\\\/von-grauen-bueros-und-stickigen-fabrikhallen-warum-arbeit-doch-so-viel-besser-ist-als-ein-ponyhof\\\/\"},\"author\":{\"name\":\"Lea\",\"@id\":\"https:\\\/\\\/www.thebestsocial.media\\\/de\\\/#\\\/schema\\\/person\\\/bb9d89d5ad944f3bb530722c8914ad89\"},\"headline\":\"Von grauen B\u00fcros und stickigen Fabrikhallen: Warum Arbeit doch so viel besser ist als ein Ponyhof\",\"datePublished\":\"2023-02-23T08:27:09+00:00\",\"mainEntityOfPage\":{\"@id\":\"https:\\\/\\\/www.thebestsocial.media\\\/de\\\/von-grauen-bueros-und-stickigen-fabrikhallen-warum-arbeit-doch-so-viel-besser-ist-als-ein-ponyhof\\\/\"},\"wordCount\":497,\"commentCount\":0,\"image\":{\"@id\":\"https:\\\/\\\/www.thebestsocial.media\\\/de\\\/von-grauen-bueros-und-stickigen-fabrikhallen-warum-arbeit-doch-so-viel-besser-ist-als-ein-ponyhof\\\/#primaryimage\"},\"thumbnailUrl\":\"https:\\\/\\\/www.thebestsocial.media\\\/de\\\/wp-content\\\/uploads\\\/sites\\\/3\\\/2023\\\/02\\\/blogger-g8e5e2be9c_1920.jpg\",\"keywords\":[\"Arbeit\",\"Jugend\",\"Jugend von heute\"],\"articleSection\":[\"Best of\",\"Diskussion\",\"Twitter\"],\"inLanguage\":\"de\",\"potentialAction\":[{\"@type\":\"CommentAction\",\"name\":\"Comment\",\"target\":[\"https:\\\/\\\/www.thebestsocial.media\\\/de\\\/von-grauen-bueros-und-stickigen-fabrikhallen-warum-arbeit-doch-so-viel-besser-ist-als-ein-ponyhof\\\/#respond\"]}]},{\"@type\":\"WebPage\",\"@id\":\"https:\\\/\\\/www.thebestsocial.media\\\/de\\\/von-grauen-bueros-und-stickigen-fabrikhallen-warum-arbeit-doch-so-viel-besser-ist-als-ein-ponyhof\\\/\",\"url\":\"https:\\\/\\\/www.thebestsocial.media\\\/de\\\/von-grauen-bueros-und-stickigen-fabrikhallen-warum-arbeit-doch-so-viel-besser-ist-als-ein-ponyhof\\\/\",\"name\":\"Warum Arbeit doch so viel besser ist als ein Ponyhof\",\"isPartOf\":{\"@id\":\"https:\\\/\\\/www.thebestsocial.media\\\/de\\\/#website\"},\"primaryImageOfPage\":{\"@id\":\"https:\\\/\\\/www.thebestsocial.media\\\/de\\\/von-grauen-bueros-und-stickigen-fabrikhallen-warum-arbeit-doch-so-viel-besser-ist-als-ein-ponyhof\\\/#primaryimage\"},\"image\":{\"@id\":\"https:\\\/\\\/www.thebestsocial.media\\\/de\\\/von-grauen-bueros-und-stickigen-fabrikhallen-warum-arbeit-doch-so-viel-besser-ist-als-ein-ponyhof\\\/#primaryimage\"},\"thumbnailUrl\":\"https:\\\/\\\/www.thebestsocial.media\\\/de\\\/wp-content\\\/uploads\\\/sites\\\/3\\\/2023\\\/02\\\/blogger-g8e5e2be9c_1920.jpg\",\"datePublished\":\"2023-02-23T08:27:09+00:00\",\"author\":{\"@id\":\"https:\\\/\\\/www.thebestsocial.media\\\/de\\\/#\\\/schema\\\/person\\\/bb9d89d5ad944f3bb530722c8914ad89\"},\"description\":\"Andrea Nahles sorgte mit ihrem Satz \\\"Arbeit ist kein Ponyhof\\\" f\u00fcr Aufsehen. Denn wer hat schon Lust auf Freizeit und Ponyhof?\",\"breadcrumb\":{\"@id\":\"https:\\\/\\\/www.thebestsocial.media\\\/de\\\/von-grauen-bueros-und-stickigen-fabrikhallen-warum-arbeit-doch-so-viel-besser-ist-als-ein-ponyhof\\\/#breadcrumb\"},\"inLanguage\":\"de\",\"potentialAction\":[{\"@type\":\"ReadAction\",\"target\":[\"https:\\\/\\\/www.thebestsocial.media\\\/de\\\/von-grauen-bueros-und-stickigen-fabrikhallen-warum-arbeit-doch-so-viel-besser-ist-als-ein-ponyhof\\\/\"]}]},{\"@type\":\"ImageObject\",\"inLanguage\":\"de\",\"@id\":\"https:\\\/\\\/www.thebestsocial.media\\\/de\\\/von-grauen-bueros-und-stickigen-fabrikhallen-warum-arbeit-doch-so-viel-besser-ist-als-ein-ponyhof\\\/#primaryimage\",\"url\":\"https:\\\/\\\/www.thebestsocial.media\\\/de\\\/wp-content\\\/uploads\\\/sites\\\/3\\\/2023\\\/02\\\/blogger-g8e5e2be9c_1920.jpg\",\"contentUrl\":\"https:\\\/\\\/www.thebestsocial.media\\\/de\\\/wp-content\\\/uploads\\\/sites\\\/3\\\/2023\\\/02\\\/blogger-g8e5e2be9c_1920.jpg\",\"width\":1920,\"height\":1373},{\"@type\":\"BreadcrumbList\",\"@id\":\"https:\\\/\\\/www.thebestsocial.media\\\/de\\\/von-grauen-bueros-und-stickigen-fabrikhallen-warum-arbeit-doch-so-viel-besser-ist-als-ein-ponyhof\\\/#breadcrumb\",\"itemListElement\":[{\"@type\":\"ListItem\",\"position\":1,\"name\":\"Home\",\"item\":\"https:\\\/\\\/www.thebestsocial.media\\\/de\\\/\"},{\"@type\":\"ListItem\",\"position\":2,\"name\":\"Von grauen B\u00fcros und stickigen Fabrikhallen: Warum Arbeit doch so viel besser ist als ein Ponyhof\"}]},{\"@type\":\"WebSite\",\"@id\":\"https:\\\/\\\/www.thebestsocial.media\\\/de\\\/#website\",\"url\":\"https:\\\/\\\/www.thebestsocial.media\\\/de\\\/\",\"name\":\"The Best Social Media DE\",\"description\":\"\",\"potentialAction\":[{\"@type\":\"SearchAction\",\"target\":{\"@type\":\"EntryPoint\",\"urlTemplate\":\"https:\\\/\\\/www.thebestsocial.media\\\/de\\\/?s={search_term_string}\"},\"query-input\":{\"@type\":\"PropertyValueSpecification\",\"valueRequired\":true,\"valueName\":\"search_term_string\"}}],\"inLanguage\":\"de\"},{\"@type\":\"Person\",\"@id\":\"https:\\\/\\\/www.thebestsocial.media\\\/de\\\/#\\\/schema\\\/person\\\/bb9d89d5ad944f3bb530722c8914ad89\",\"name\":\"Lea\",\"image\":{\"@type\":\"ImageObject\",\"inLanguage\":\"de\",\"@id\":\"https:\\\/\\\/secure.gravatar.com\\\/avatar\\\/572526d0641f829a52d7692ed43a20d1f02796367e1eea965858d2d2787f4c33?s=96&d=mm&r=g\",\"url\":\"https:\\\/\\\/secure.gravatar.com\\\/avatar\\\/572526d0641f829a52d7692ed43a20d1f02796367e1eea965858d2d2787f4c33?s=96&d=mm&r=g\",\"contentUrl\":\"https:\\\/\\\/secure.gravatar.com\\\/avatar\\\/572526d0641f829a52d7692ed43a20d1f02796367e1eea965858d2d2787f4c33?s=96&d=mm&r=g\",\"caption\":\"Lea\"},\"url\":\"https:\\\/\\\/www.thebestsocial.media\\\/de\\\/author\\\/leascheel\\\/\"}]}<\/script>\n<!-- \/ Yoast SEO plugin. -->","yoast_head_json":{"title":"Warum Arbeit doch so viel besser ist als ein Ponyhof","description":"Andrea Nahles sorgte mit ihrem Satz \"Arbeit ist kein Ponyhof\" f\u00fcr Aufsehen. Denn wer hat schon Lust auf Freizeit und Ponyhof?","robots":{"index":"index","follow":"follow","max-snippet":"max-snippet:-1","max-image-preview":"max-image-preview:large","max-video-preview":"max-video-preview:-1"},"canonical":"https:\/\/www.thebestsocial.media\/de\/von-grauen-bueros-und-stickigen-fabrikhallen-warum-arbeit-doch-so-viel-besser-ist-als-ein-ponyhof\/","og_locale":"de_DE","og_type":"article","og_title":"Von grauen B\u00fcros und stickigen Fabrikhallen: Warum Arbeit doch so viel besser ist als ein Ponyhof","og_description":"Andrea Nahles sorgte mit ihrem Satz \"Arbeit ist kein Ponyhof\" f\u00fcr Aufsehen. Denn wer hat schon Lust auf Freizeit und Ponyhof?","og_url":"https:\/\/www.thebestsocial.media\/de\/von-grauen-bueros-und-stickigen-fabrikhallen-warum-arbeit-doch-so-viel-besser-ist-als-ein-ponyhof\/","og_site_name":"The Best Social Media DE","article_published_time":"2023-02-23T08:27:09+00:00","og_image":[{"width":1200,"height":630,"url":"https:\/\/www.thebestsocial.media\/de\/wp-content\/uploads\/sites\/3\/2023\/02\/header-arbeit.png","type":"image\/png"}],"author":"Lea","twitter_card":"summary_large_image","twitter_misc":{"Verfasst von":"Lea","Gesch\u00e4tzte Lesezeit":"3\u00a0Minuten"},"schema":{"@context":"https:\/\/schema.org","@graph":[{"@type":"Article","@id":"https:\/\/www.thebestsocial.media\/de\/von-grauen-bueros-und-stickigen-fabrikhallen-warum-arbeit-doch-so-viel-besser-ist-als-ein-ponyhof\/#article","isPartOf":{"@id":"https:\/\/www.thebestsocial.media\/de\/von-grauen-bueros-und-stickigen-fabrikhallen-warum-arbeit-doch-so-viel-besser-ist-als-ein-ponyhof\/"},"author":{"name":"Lea","@id":"https:\/\/www.thebestsocial.media\/de\/#\/schema\/person\/bb9d89d5ad944f3bb530722c8914ad89"},"headline":"Von grauen B\u00fcros und stickigen Fabrikhallen: Warum Arbeit doch so viel besser ist als ein Ponyhof","datePublished":"2023-02-23T08:27:09+00:00","mainEntityOfPage":{"@id":"https:\/\/www.thebestsocial.media\/de\/von-grauen-bueros-und-stickigen-fabrikhallen-warum-arbeit-doch-so-viel-besser-ist-als-ein-ponyhof\/"},"wordCount":497,"commentCount":0,"image":{"@id":"https:\/\/www.thebestsocial.media\/de\/von-grauen-bueros-und-stickigen-fabrikhallen-warum-arbeit-doch-so-viel-besser-ist-als-ein-ponyhof\/#primaryimage"},"thumbnailUrl":"https:\/\/www.thebestsocial.media\/de\/wp-content\/uploads\/sites\/3\/2023\/02\/blogger-g8e5e2be9c_1920.jpg","keywords":["Arbeit","Jugend","Jugend von heute"],"articleSection":["Best of","Diskussion","Twitter"],"inLanguage":"de","potentialAction":[{"@type":"CommentAction","name":"Comment","target":["https:\/\/www.thebestsocial.media\/de\/von-grauen-bueros-und-stickigen-fabrikhallen-warum-arbeit-doch-so-viel-besser-ist-als-ein-ponyhof\/#respond"]}]},{"@type":"WebPage","@id":"https:\/\/www.thebestsocial.media\/de\/von-grauen-bueros-und-stickigen-fabrikhallen-warum-arbeit-doch-so-viel-besser-ist-als-ein-ponyhof\/","url":"https:\/\/www.thebestsocial.media\/de\/von-grauen-bueros-und-stickigen-fabrikhallen-warum-arbeit-doch-so-viel-besser-ist-als-ein-ponyhof\/","name":"Warum Arbeit doch so viel besser ist als ein Ponyhof","isPartOf":{"@id":"https:\/\/www.thebestsocial.media\/de\/#website"},"primaryImageOfPage":{"@id":"https:\/\/www.thebestsocial.media\/de\/von-grauen-bueros-und-stickigen-fabrikhallen-warum-arbeit-doch-so-viel-besser-ist-als-ein-ponyhof\/#primaryimage"},"image":{"@id":"https:\/\/www.thebestsocial.media\/de\/von-grauen-bueros-und-stickigen-fabrikhallen-warum-arbeit-doch-so-viel-besser-ist-als-ein-ponyhof\/#primaryimage"},"thumbnailUrl":"https:\/\/www.thebestsocial.media\/de\/wp-content\/uploads\/sites\/3\/2023\/02\/blogger-g8e5e2be9c_1920.jpg","datePublished":"2023-02-23T08:27:09+00:00","author":{"@id":"https:\/\/www.thebestsocial.media\/de\/#\/schema\/person\/bb9d89d5ad944f3bb530722c8914ad89"},"description":"Andrea Nahles sorgte mit ihrem Satz \"Arbeit ist kein Ponyhof\" f\u00fcr Aufsehen. Denn wer hat schon Lust auf Freizeit und Ponyhof?","breadcrumb":{"@id":"https:\/\/www.thebestsocial.media\/de\/von-grauen-bueros-und-stickigen-fabrikhallen-warum-arbeit-doch-so-viel-besser-ist-als-ein-ponyhof\/#breadcrumb"},"inLanguage":"de","potentialAction":[{"@type":"ReadAction","target":["https:\/\/www.thebestsocial.media\/de\/von-grauen-bueros-und-stickigen-fabrikhallen-warum-arbeit-doch-so-viel-besser-ist-als-ein-ponyhof\/"]}]},{"@type":"ImageObject","inLanguage":"de","@id":"https:\/\/www.thebestsocial.media\/de\/von-grauen-bueros-und-stickigen-fabrikhallen-warum-arbeit-doch-so-viel-besser-ist-als-ein-ponyhof\/#primaryimage","url":"https:\/\/www.thebestsocial.media\/de\/wp-content\/uploads\/sites\/3\/2023\/02\/blogger-g8e5e2be9c_1920.jpg","contentUrl":"https:\/\/www.thebestsocial.media\/de\/wp-content\/uploads\/sites\/3\/2023\/02\/blogger-g8e5e2be9c_1920.jpg","width":1920,"height":1373},{"@type":"BreadcrumbList","@id":"https:\/\/www.thebestsocial.media\/de\/von-grauen-bueros-und-stickigen-fabrikhallen-warum-arbeit-doch-so-viel-besser-ist-als-ein-ponyhof\/#breadcrumb","itemListElement":[{"@type":"ListItem","position":1,"name":"Home","item":"https:\/\/www.thebestsocial.media\/de\/"},{"@type":"ListItem","position":2,"name":"Von grauen B\u00fcros und stickigen Fabrikhallen: Warum Arbeit doch so viel besser ist als ein Ponyhof"}]},{"@type":"WebSite","@id":"https:\/\/www.thebestsocial.media\/de\/#website","url":"https:\/\/www.thebestsocial.media\/de\/","name":"The Best Social Media DE","description":"","potentialAction":[{"@type":"SearchAction","target":{"@type":"EntryPoint","urlTemplate":"https:\/\/www.thebestsocial.media\/de\/?s={search_term_string}"},"query-input":{"@type":"PropertyValueSpecification","valueRequired":true,"valueName":"search_term_string"}}],"inLanguage":"de"},{"@type":"Person","@id":"https:\/\/www.thebestsocial.media\/de\/#\/schema\/person\/bb9d89d5ad944f3bb530722c8914ad89","name":"Lea","image":{"@type":"ImageObject","inLanguage":"de","@id":"https:\/\/secure.gravatar.com\/avatar\/572526d0641f829a52d7692ed43a20d1f02796367e1eea965858d2d2787f4c33?s=96&d=mm&r=g","url":"https:\/\/secure.gravatar.com\/avatar\/572526d0641f829a52d7692ed43a20d1f02796367e1eea965858d2d2787f4c33?s=96&d=mm&r=g","contentUrl":"https:\/\/secure.gravatar.com\/avatar\/572526d0641f829a52d7692ed43a20d1f02796367e1eea965858d2d2787f4c33?s=96&d=mm&r=g","caption":"Lea"},"url":"https:\/\/www.thebestsocial.media\/de\/author\/leascheel\/"}]}},"amp_enabled":true,"_links":{"self":[{"href":"https:\/\/www.thebestsocial.media\/de\/wp-json\/wp\/v2\/posts\/176883","targetHints":{"allow":["GET"]}}],"collection":[{"href":"https:\/\/www.thebestsocial.media\/de\/wp-json\/wp\/v2\/posts"}],"about":[{"href":"https:\/\/www.thebestsocial.media\/de\/wp-json\/wp\/v2\/types\/post"}],"author":[{"embeddable":true,"href":"https:\/\/www.thebestsocial.media\/de\/wp-json\/wp\/v2\/users\/104"}],"replies":[{"embeddable":true,"href":"https:\/\/www.thebestsocial.media\/de\/wp-json\/wp\/v2\/comments?post=176883"}],"version-history":[{"count":14,"href":"https:\/\/www.thebestsocial.media\/de\/wp-json\/wp\/v2\/posts\/176883\/revisions"}],"predecessor-version":[{"id":176942,"href":"https:\/\/www.thebestsocial.media\/de\/wp-json\/wp\/v2\/posts\/176883\/revisions\/176942"}],"wp:featuredmedia":[{"embeddable":true,"href":"https:\/\/www.thebestsocial.media\/de\/wp-json\/wp\/v2\/media\/176897"}],"wp:attachment":[{"href":"https:\/\/www.thebestsocial.media\/de\/wp-json\/wp\/v2\/media?parent=176883"}],"wp:term":[{"taxonomy":"category","embeddable":true,"href":"https:\/\/www.thebestsocial.media\/de\/wp-json\/wp\/v2\/categories?post=176883"},{"taxonomy":"post_tag","embeddable":true,"href":"https:\/\/www.thebestsocial.media\/de\/wp-json\/wp\/v2\/tags?post=176883"}],"curies":[{"name":"wp","href":"https:\/\/api.w.org\/{rel}","templated":true}]}}