{"id":176753,"date":"2023-03-20T14:24:15","date_gmt":"2023-03-20T14:24:15","guid":{"rendered":"https:\/\/www.thebestsocial.media\/de\/?p=176753"},"modified":"2023-03-20T15:11:44","modified_gmt":"2023-03-20T15:11:44","slug":"wolken-regen-sonnenschein-fruehlingswetter","status":"publish","type":"post","link":"https:\/\/www.thebestsocial.media\/de\/wolken-regen-sonnenschein-fruehlingswetter\/","title":{"rendered":"Regen, Wind und K\u00e4lte: Das Netz diskutiert den &#8222;Fr\u00fchlingsanfang&#8220;"},"content":{"rendered":"<p>Heute ist Fr\u00fchlingsanfang! Eigentlich sollten wir uns ja alle freuen und jauchzend drau\u00dfen im Sonnenschein barfu\u00df zusammen mit den V\u00f6geln singen, aber irgendwie fehlt was. Ach ja! Das passende Wetter! Das scheint noch nicht so ganz mitbekommen zu haben, dass es jetzt Fr\u00fchling ist, denn das tr\u00fcbe Grau zieht sich auch weiter \u00fcber den Himmel. Zwischen Regen, teilweise ja auch Schnee oder Hagel, in manchen Gegenden ein, zwei Strahlen Sonnenschein, verbringt man doch viel Zeit im Internet, um zu schauen, ob der Fr\u00fchling vielleicht mittlerweile irgendwo angekommen ist. Wie die folgenden Posts zeigen, ist dem eher nicht so.<\/p>\n<h3 dir=\"ltr\" lang=\"de\"><\/h3>\n<h3>Fr\u00fchlingsanfang, ja sicher.<\/h3>\n<blockquote class=\"twitter-tweet\">\n<p dir=\"ltr\" lang=\"de\">Endlich Fr\u00fchling! \ud83c\udf3c\ud83c\udf43\ud83c\udf39\ud83c\udf31 <a href=\"https:\/\/t.co\/fhmoQCkIde\">pic.twitter.com\/fhmoQCkIde<\/a><\/p>\n<p>\u2014 Lutz van der Horst (@LutzvanderHorst) <a href=\"https:\/\/twitter.com\/LutzvanderHorst\/status\/1637777381879324674?ref_src=twsrc%5Etfw\">March 20, 2023<\/a><\/p><\/blockquote>\n<p><script async src=\"https:\/\/platform.twitter.com\/widgets.js\" charset=\"utf-8\"><\/script><\/p>\n<h3 dir=\"ltr\" lang=\"de\"><\/h3>\n<h3 dir=\"ltr\" lang=\"de\">Das Grau.<\/h3>\n<blockquote class=\"twitter-tweet\">\n<p dir=\"ltr\" lang=\"de\">Das ist ein Farbfoto. <a href=\"https:\/\/t.co\/LYTBVjoID2\">pic.twitter.com\/LYTBVjoID2<\/a><\/p>\n<p>\u2014 Sebastian 23 (@mondschaf23) <a href=\"https:\/\/twitter.com\/mondschaf23\/status\/1622201615007490048?ref_src=twsrc%5Etfw\">February 5, 2023<\/a><\/p><\/blockquote>\n<p><script async src=\"https:\/\/platform.twitter.com\/widgets.js\" charset=\"utf-8\"><\/script><\/p>\n<p>&nbsp;<\/p>\n<h3>Schnee kann auch sein.<\/h3>\n<blockquote class=\"twitter-tweet\">\n<p dir=\"ltr\" lang=\"de\">Deutsche Verkehrsunternehmen, wenn es, wie seit Tagen angek\u00fcndigt, schneit <a href=\"https:\/\/t.co\/Mz9sxvwRdb\">pic.twitter.com\/Mz9sxvwRdb<\/a><\/p>\n<p>\u2014 \ud835\ude67\ud835\ude64\ud835\ude69\ud835\ude5a\ud835\ude67 \ud835\ude65\ud835\ude56\ud835\ude63\ud835\ude59\ud835\ude5a\ud835\ude67 (@roter_pander) <a href=\"https:\/\/twitter.com\/roter_pander\/status\/1622495977138421760?ref_src=twsrc%5Etfw\">February 6, 2023<\/a><\/p><\/blockquote>\n<p><script async src=\"https:\/\/platform.twitter.com\/widgets.js\" charset=\"utf-8\"><\/script><\/p>\n<p>&nbsp;<\/p>\n<h3>Wind? Klar.<\/h3>\n<blockquote class=\"twitter-tweet\">\n<p dir=\"ltr\" lang=\"de\">Will nicht behaupten, dass es windig ist, aber ich bekam gerade aus Luxemburg einen netten Anruf, mein Chihuahua w\u00e4re sicher gelandet.<\/p>\n<p>\u2014 \ud83d\udc51 Sila (@Koenigin_Chaos) <a href=\"https:\/\/twitter.com\/Koenigin_Chaos\/status\/1626580163269111808?ref_src=twsrc%5Etfw\">February 17, 2023<\/a><\/p><\/blockquote>\n<p><script async src=\"https:\/\/platform.twitter.com\/widgets.js\" charset=\"utf-8\"><\/script><\/p>\n<p>&nbsp;<\/p>\n<h3>Dann kommt mal die Sonne raus.<br \/>\n<iframe loading=\"lazy\" id=\"reddit-embed\" style=\"border: none;\" src=\"https:\/\/www.redditmedia.com\/r\/ich_iel\/comments\/11732ps\/ich_iel\/?ref_source=embed&amp;ref=share&amp;embed=true\" width=\"640\" height=\"527\" scrolling=\"no\" sandbox=\"allow-scripts allow-same-origin allow-popups\"><\/iframe><\/h3>\n<p>&nbsp;<\/p>\n<h3>Hach ja.<\/h3>\n<blockquote class=\"instagram-media\" style=\"background: #FFF; border: 0; border-radius: 3px; box-shadow: 0 0 1px 0 rgba(0,0,0,0.5),0 1px 10px 0 rgba(0,0,0,0.15); margin: 1px; max-width: 540px; min-width: 326px; padding: 0; width: calc(100% - 2px);\" data-instgrm-permalink=\"https:\/\/www.instagram.com\/p\/Cpu3aHFILBy\/?utm_source=ig_embed&amp;utm_campaign=loading\" data-instgrm-version=\"14\">\n<div style=\"padding: 16px;\">\n<p>&nbsp;<\/p>\n<div style=\"display: flex; flex-direction: row; align-items: center;\">\n<div style=\"background-color: #f4f4f4; border-radius: 50%; flex-grow: 0; height: 40px; margin-right: 14px; width: 40px;\"><\/div>\n<div style=\"display: flex; flex-direction: column; flex-grow: 1; justify-content: center;\">\n<div style=\"background-color: #f4f4f4; border-radius: 4px; flex-grow: 0; height: 14px; margin-bottom: 6px; width: 100px;\"><\/div>\n<div style=\"background-color: #f4f4f4; border-radius: 4px; flex-grow: 0; height: 14px; width: 60px;\"><\/div>\n<\/div>\n<\/div>\n<div style=\"padding: 19% 0;\"><\/div>\n<div style=\"display: block; height: 50px; margin: 0 auto 12px; width: 50px;\"><\/div>\n<div style=\"padding-top: 8px;\">\n<div style=\"color: #3897f0; font-family: Arial,sans-serif; font-size: 14px; font-style: normal; font-weight: 550; line-height: 18px;\">Sieh dir diesen Beitrag auf Instagram an<\/div>\n<\/div>\n<div style=\"padding: 12.5% 0;\"><\/div>\n<div style=\"display: flex; flex-direction: row; margin-bottom: 14px; align-items: center;\">\n<div>\n<div style=\"background-color: #f4f4f4; border-radius: 50%; height: 12.5px; width: 12.5px; transform: translateX(0px) translateY(7px);\"><\/div>\n<div style=\"background-color: #f4f4f4; height: 12.5px; transform: rotate(-45deg) translateX(3px) translateY(1px); width: 12.5px; flex-grow: 0; margin-right: 14px; margin-left: 2px;\"><\/div>\n<div style=\"background-color: #f4f4f4; border-radius: 50%; height: 12.5px; width: 12.5px; transform: translateX(9px) translateY(-18px);\"><\/div>\n<\/div>\n<div style=\"margin-left: 8px;\">\n<div style=\"background-color: #f4f4f4; border-radius: 50%; flex-grow: 0; height: 20px; width: 20px;\"><\/div>\n<div style=\"width: 0; height: 0; border-top: 2px solid transparent; border-left: 6px solid #f4f4f4; border-bottom: 2px solid transparent; transform: translateX(16px) translateY(-4px) rotate(30deg);\"><\/div>\n<\/div>\n<div style=\"margin-left: auto;\">\n<div style=\"width: 0px; border-top: 8px solid #F4F4F4; border-right: 8px solid transparent; transform: translateY(16px);\"><\/div>\n<div style=\"background-color: #f4f4f4; flex-grow: 0; height: 12px; width: 16px; transform: translateY(-4px);\"><\/div>\n<div style=\"width: 0; height: 0; border-top: 8px solid #F4F4F4; border-left: 8px solid transparent; transform: translateY(-4px) translateX(8px);\"><\/div>\n<\/div>\n<\/div>\n<div style=\"display: flex; flex-direction: column; flex-grow: 1; justify-content: center; margin-bottom: 24px;\">\n<div style=\"background-color: #f4f4f4; border-radius: 4px; flex-grow: 0; height: 14px; margin-bottom: 6px; width: 224px;\"><\/div>\n<div style=\"background-color: #f4f4f4; border-radius: 4px; flex-grow: 0; height: 14px; width: 144px;\"><\/div>\n<\/div>\n<p>&nbsp;<\/p>\n<p style=\"color: #c9c8cd; font-family: Arial,sans-serif; font-size: 14px; line-height: 17px; margin-bottom: 0; margin-top: 8px; overflow: hidden; padding: 8px 0 7px; text-align: center; text-overflow: ellipsis; white-space: nowrap;\"><a style=\"color: #c9c8cd; font-family: Arial,sans-serif; font-size: 14px; font-style: normal; font-weight: normal; line-height: 17px; text-decoration: none;\" href=\"https:\/\/www.instagram.com\/p\/Cpu3aHFILBy\/?utm_source=ig_embed&amp;utm_campaign=loading\" target=\"_blank\" rel=\"noopener\">Ein Beitrag geteilt von 1LIVE \ud83c\udfb6 (@1live)<\/a><\/p>\n<\/div>\n<\/blockquote>\n\n<p>&nbsp;<\/p>\n<h3>Und wieder Schnee.<\/h3>\n<blockquote class=\"twitter-tweet\">\n<p dir=\"ltr\" lang=\"de\">Excuse me wir haben Fr\u00fchling. \ud83e\udd14\ud83d\ude33 <a href=\"https:\/\/t.co\/KGZEYr8eZF\">pic.twitter.com\/KGZEYr8eZF<\/a><\/p>\n<p>\u2014 Fabian Pimminger (@i_am_fabs) <a href=\"https:\/\/twitter.com\/i_am_fabs\/status\/1635910074198638596?ref_src=twsrc%5Etfw\">March 15, 2023<\/a><\/p><\/blockquote>\n<p><script async src=\"https:\/\/platform.twitter.com\/widgets.js\" charset=\"utf-8\"><\/script><\/p>\n<p>&nbsp;<\/p>\n<h3>Hallo?<\/h3>\n<blockquote class=\"reddit-embed-bq\" data-embed-height=\"535\"><p><a href=\"https:\/\/www.reddit.com\/r\/ich_iel\/comments\/11rpo1b\/ichiel\/\">ich\ud83c\udf24\ufe0fiel<\/a><br \/>\nby <a href=\"https:\/\/www.reddit.com\/user\/identitaetsberaubt\">u\/identitaetsberaubt<\/a> in <a href=\"https:\/\/www.reddit.com\/r\/ich_iel\/\">ich_iel<\/a><\/p><\/blockquote>\n<p><script async=\"\" src=\"https:\/\/embed.reddit.com\/widgets.js\" charset=\"UTF-8\"><\/script><\/p>\n<p>&nbsp;<\/p>\n<h3>Irgendwie schon.<\/h3>\n<blockquote class=\"instagram-media\" style=\"background: #FFF; border: 0; border-radius: 3px; box-shadow: 0 0 1px 0 rgba(0,0,0,0.5),0 1px 10px 0 rgba(0,0,0,0.15); margin: 1px; max-width: 540px; min-width: 326px; padding: 0; width: calc(100% - 2px);\" data-instgrm-captioned=\"\" data-instgrm-permalink=\"https:\/\/www.instagram.com\/p\/Cp2RrDhsItY\/?utm_source=ig_embed&amp;utm_campaign=loading\" data-instgrm-version=\"14\">\n<div style=\"padding: 16px;\">\n<p>&nbsp;<\/p>\n<div style=\"display: flex; flex-direction: row; align-items: center;\">\n<div style=\"background-color: #f4f4f4; border-radius: 50%; flex-grow: 0; height: 40px; margin-right: 14px; width: 40px;\"><\/div>\n<div style=\"display: flex; flex-direction: column; flex-grow: 1; justify-content: center;\">\n<div style=\"background-color: #f4f4f4; border-radius: 4px; flex-grow: 0; height: 14px; margin-bottom: 6px; width: 100px;\"><\/div>\n<div style=\"background-color: #f4f4f4; border-radius: 4px; flex-grow: 0; height: 14px; width: 60px;\"><\/div>\n<\/div>\n<\/div>\n<div style=\"padding: 19% 0;\"><\/div>\n<div style=\"display: block; height: 50px; margin: 0 auto 12px; width: 50px;\"><\/div>\n<div style=\"padding-top: 8px;\">\n<div style=\"color: #3897f0; font-family: Arial,sans-serif; font-size: 14px; font-style: normal; font-weight: 550; line-height: 18px;\">Sieh dir diesen Beitrag auf Instagram an<\/div>\n<\/div>\n<div style=\"padding: 12.5% 0;\"><\/div>\n<div style=\"display: flex; flex-direction: row; margin-bottom: 14px; align-items: center;\">\n<div>\n<div style=\"background-color: #f4f4f4; border-radius: 50%; height: 12.5px; width: 12.5px; transform: translateX(0px) translateY(7px);\"><\/div>\n<div style=\"background-color: #f4f4f4; height: 12.5px; transform: rotate(-45deg) translateX(3px) translateY(1px); width: 12.5px; flex-grow: 0; margin-right: 14px; margin-left: 2px;\"><\/div>\n<div style=\"background-color: #f4f4f4; border-radius: 50%; height: 12.5px; width: 12.5px; transform: translateX(9px) translateY(-18px);\"><\/div>\n<\/div>\n<div style=\"margin-left: 8px;\">\n<div style=\"background-color: #f4f4f4; border-radius: 50%; flex-grow: 0; height: 20px; width: 20px;\"><\/div>\n<div style=\"width: 0; height: 0; border-top: 2px solid transparent; border-left: 6px solid #f4f4f4; border-bottom: 2px solid transparent; transform: translateX(16px) translateY(-4px) rotate(30deg);\"><\/div>\n<\/div>\n<div style=\"margin-left: auto;\">\n<div style=\"width: 0px; border-top: 8px solid #F4F4F4; border-right: 8px solid transparent; transform: translateY(16px);\"><\/div>\n<div style=\"background-color: #f4f4f4; flex-grow: 0; height: 12px; width: 16px; transform: translateY(-4px);\"><\/div>\n<div style=\"width: 0; height: 0; border-top: 8px solid #F4F4F4; border-left: 8px solid transparent; transform: translateY(-4px) translateX(8px);\"><\/div>\n<\/div>\n<\/div>\n<div style=\"display: flex; flex-direction: column; flex-grow: 1; justify-content: center; margin-bottom: 24px;\">\n<div style=\"background-color: #f4f4f4; border-radius: 4px; flex-grow: 0; height: 14px; margin-bottom: 6px; width: 224px;\"><\/div>\n<div style=\"background-color: #f4f4f4; border-radius: 4px; flex-grow: 0; height: 14px; width: 144px;\"><\/div>\n<\/div>\n<p>&nbsp;<\/p>\n<p style=\"color: #c9c8cd; font-family: Arial,sans-serif; font-size: 14px; line-height: 17px; margin-bottom: 0; margin-top: 8px; overflow: hidden; padding: 8px 0 7px; text-align: center; text-overflow: ellipsis; white-space: nowrap;\"><a style=\"color: #c9c8cd; font-family: Arial,sans-serif; font-size: 14px; font-style: normal; font-weight: normal; line-height: 17px; text-decoration: none;\" href=\"https:\/\/www.instagram.com\/p\/Cp2RrDhsItY\/?utm_source=ig_embed&amp;utm_campaign=loading\" target=\"_blank\" rel=\"noopener\">Ein Beitrag geteilt von 1LIVE \ud83c\udfb6 (@1live)<\/a><\/p>\n<\/div>\n<\/blockquote>\n\n<p>&nbsp;<\/p>\n<h3>Freudige Erwartung.<\/h3>\n<blockquote class=\"twitter-tweet\">\n<p dir=\"ltr\" lang=\"de\">Tausche Wollpullis gegen Bl\u00fcmchen und Sonnenschein \ud83c\udf37 <a href=\"https:\/\/t.co\/DBeN0WXz67\">pic.twitter.com\/DBeN0WXz67<\/a><\/p>\n<p>\u2014 Die Maus (@DieMaus) <a href=\"https:\/\/twitter.com\/DieMaus\/status\/1637734490280689669?ref_src=twsrc%5Etfw\">March 20, 2023<\/a><\/p><\/blockquote>\n<p><script async src=\"https:\/\/platform.twitter.com\/widgets.js\" charset=\"utf-8\"><\/script><\/p>\n<p>&nbsp;<\/p>\n<p><b>___<\/b><\/p>\n<p><b>Vielen Dank an alle f\u00fcr die Posts!<\/b><\/p>\n<p><b>___<\/b><\/p>\n<p><span style=\"font-weight: 400;\">\u00a0<\/span><\/p>\n<p><span style=\"font-weight: 400;\">Auf der Suche nach einem spannenden Praktikum, ohne Kaffeekochen und Kopieren, daf\u00fcr aber mit Verg\u00fctung? <\/span><a href=\"https:\/\/www.thebestsocialjobs.com\/de\/stelle\/praktikant-redaktion-the-best-social-media\/\"><span style=\"font-weight: 400;\">Hier<\/span><\/a><span style=\"font-weight: 400;\"> entlang!<\/span><\/p>\n<p><br style=\"font-weight: 400;\" \/><br style=\"font-weight: 400;\" \/><\/p>\n<script async defer src=\"\/instagram-embed.js\"><\/script>","protected":false},"excerpt":{"rendered":"<p>Heute ist Fr\u00fchlingsanfang! Eigentlich sollten wir uns ja alle freuen und jauchzend drau\u00dfen im Sonnenschein barfu\u00df zusammen mit den V\u00f6geln singen, aber irgendwie fehlt was&#8230;.<\/p>\n","protected":false},"author":109,"featured_media":178655,"comment_status":"open","ping_status":"open","sticky":false,"template":"","format":"standard","meta":{"_acf_changed":false,"footnotes":""},"categories":[106,2031,1728],"tags":[4905,1357,1536],"class_list":["post-176753","post","type-post","status-publish","format-standard","has-post-thumbnail","hentry","category-best-of","category-feelgood","category-humor","tag-fruehling","tag-sonne","tag-wetter"],"acf":[],"yoast_head":"<!-- This site is optimized with the Yoast SEO plugin v27.5 - https:\/\/yoast.com\/product\/yoast-seo-wordpress\/ -->\n<title>Regen, Wind und K\u00e4lte: Das Netz diskutiert den &quot;Fr\u00fchlingsanfang&quot;<\/title>\n<meta name=\"description\" content=\"Im Fr\u00fchling macht manchmal nicht nur der April, was er will, sondern auch die anderen Monate geben ihr bestes mit verr\u00fccktem Wetter.\" \/>\n<meta name=\"robots\" content=\"index, follow, max-snippet:-1, max-image-preview:large, max-video-preview:-1\" \/>\n<link rel=\"canonical\" href=\"https:\/\/www.thebestsocial.media\/de\/wolken-regen-sonnenschein-fruehlingswetter\/\" \/>\n<meta property=\"og:locale\" content=\"de_DE\" \/>\n<meta property=\"og:type\" content=\"article\" \/>\n<meta property=\"og:title\" content=\"Regen, Wind und K\u00e4lte: Das Netz diskutiert den &quot;Fr\u00fchlingsanfang&quot;\" \/>\n<meta property=\"og:description\" content=\"Im Fr\u00fchling macht manchmal nicht nur der April, was er will, sondern auch die anderen Monate geben ihr bestes mit verr\u00fccktem Wetter.\" \/>\n<meta property=\"og:url\" content=\"https:\/\/www.thebestsocial.media\/de\/wolken-regen-sonnenschein-fruehlingswetter\/\" \/>\n<meta property=\"og:site_name\" content=\"The Best Social Media DE\" \/>\n<meta property=\"article:published_time\" content=\"2023-03-20T14:24:15+00:00\" \/>\n<meta property=\"article:modified_time\" content=\"2023-03-20T15:11:44+00:00\" \/>\n<meta property=\"og:image\" content=\"https:\/\/www.thebestsocial.media\/de\/wp-content\/uploads\/sites\/3\/2023\/03\/header-fruehlingsanfang.png\" \/>\n\t<meta property=\"og:image:width\" content=\"1200\" \/>\n\t<meta property=\"og:image:height\" content=\"630\" \/>\n\t<meta property=\"og:image:type\" content=\"image\/png\" \/>\n<meta name=\"author\" content=\"Wiebke\" \/>\n<meta name=\"twitter:card\" content=\"summary_large_image\" \/>\n<meta name=\"twitter:label1\" content=\"Verfasst von\" \/>\n\t<meta name=\"twitter:data1\" content=\"Wiebke\" \/>\n\t<meta name=\"twitter:label2\" content=\"Gesch\u00e4tzte Lesezeit\" \/>\n\t<meta name=\"twitter:data2\" content=\"2\u00a0Minuten\" \/>\n<script type=\"application\/ld+json\" class=\"yoast-schema-graph\">{\"@context\":\"https:\\\/\\\/schema.org\",\"@graph\":[{\"@type\":\"Article\",\"@id\":\"https:\\\/\\\/www.thebestsocial.media\\\/de\\\/wolken-regen-sonnenschein-fruehlingswetter\\\/#article\",\"isPartOf\":{\"@id\":\"https:\\\/\\\/www.thebestsocial.media\\\/de\\\/wolken-regen-sonnenschein-fruehlingswetter\\\/\"},\"author\":{\"name\":\"Wiebke\",\"@id\":\"https:\\\/\\\/www.thebestsocial.media\\\/de\\\/#\\\/schema\\\/person\\\/564e1b1f9ce3a0de4a26c07a4fce40ab\"},\"headline\":\"Regen, Wind und K\u00e4lte: Das Netz diskutiert den &#8222;Fr\u00fchlingsanfang&#8220;\",\"datePublished\":\"2023-03-20T14:24:15+00:00\",\"dateModified\":\"2023-03-20T15:11:44+00:00\",\"mainEntityOfPage\":{\"@id\":\"https:\\\/\\\/www.thebestsocial.media\\\/de\\\/wolken-regen-sonnenschein-fruehlingswetter\\\/\"},\"wordCount\":318,\"commentCount\":0,\"image\":{\"@id\":\"https:\\\/\\\/www.thebestsocial.media\\\/de\\\/wolken-regen-sonnenschein-fruehlingswetter\\\/#primaryimage\"},\"thumbnailUrl\":\"https:\\\/\\\/www.thebestsocial.media\\\/de\\\/wp-content\\\/uploads\\\/sites\\\/3\\\/2023\\\/03\\\/pexels-lisa-fotios-1107717-scaled.jpg\",\"keywords\":[\"Fr\u00fchling\",\"Sonne\",\"wetter\"],\"articleSection\":[\"Best of\",\"Feelgood\",\"Humor\"],\"inLanguage\":\"de\",\"potentialAction\":[{\"@type\":\"CommentAction\",\"name\":\"Comment\",\"target\":[\"https:\\\/\\\/www.thebestsocial.media\\\/de\\\/wolken-regen-sonnenschein-fruehlingswetter\\\/#respond\"]}]},{\"@type\":\"WebPage\",\"@id\":\"https:\\\/\\\/www.thebestsocial.media\\\/de\\\/wolken-regen-sonnenschein-fruehlingswetter\\\/\",\"url\":\"https:\\\/\\\/www.thebestsocial.media\\\/de\\\/wolken-regen-sonnenschein-fruehlingswetter\\\/\",\"name\":\"Regen, Wind und K\u00e4lte: Das Netz diskutiert den \\\"Fr\u00fchlingsanfang\\\"\",\"isPartOf\":{\"@id\":\"https:\\\/\\\/www.thebestsocial.media\\\/de\\\/#website\"},\"primaryImageOfPage\":{\"@id\":\"https:\\\/\\\/www.thebestsocial.media\\\/de\\\/wolken-regen-sonnenschein-fruehlingswetter\\\/#primaryimage\"},\"image\":{\"@id\":\"https:\\\/\\\/www.thebestsocial.media\\\/de\\\/wolken-regen-sonnenschein-fruehlingswetter\\\/#primaryimage\"},\"thumbnailUrl\":\"https:\\\/\\\/www.thebestsocial.media\\\/de\\\/wp-content\\\/uploads\\\/sites\\\/3\\\/2023\\\/03\\\/pexels-lisa-fotios-1107717-scaled.jpg\",\"datePublished\":\"2023-03-20T14:24:15+00:00\",\"dateModified\":\"2023-03-20T15:11:44+00:00\",\"author\":{\"@id\":\"https:\\\/\\\/www.thebestsocial.media\\\/de\\\/#\\\/schema\\\/person\\\/564e1b1f9ce3a0de4a26c07a4fce40ab\"},\"description\":\"Im Fr\u00fchling macht manchmal nicht nur der April, was er will, sondern auch die anderen Monate geben ihr bestes mit verr\u00fccktem Wetter.\",\"breadcrumb\":{\"@id\":\"https:\\\/\\\/www.thebestsocial.media\\\/de\\\/wolken-regen-sonnenschein-fruehlingswetter\\\/#breadcrumb\"},\"inLanguage\":\"de\",\"potentialAction\":[{\"@type\":\"ReadAction\",\"target\":[\"https:\\\/\\\/www.thebestsocial.media\\\/de\\\/wolken-regen-sonnenschein-fruehlingswetter\\\/\"]}]},{\"@type\":\"ImageObject\",\"inLanguage\":\"de\",\"@id\":\"https:\\\/\\\/www.thebestsocial.media\\\/de\\\/wolken-regen-sonnenschein-fruehlingswetter\\\/#primaryimage\",\"url\":\"https:\\\/\\\/www.thebestsocial.media\\\/de\\\/wp-content\\\/uploads\\\/sites\\\/3\\\/2023\\\/03\\\/pexels-lisa-fotios-1107717-scaled.jpg\",\"contentUrl\":\"https:\\\/\\\/www.thebestsocial.media\\\/de\\\/wp-content\\\/uploads\\\/sites\\\/3\\\/2023\\\/03\\\/pexels-lisa-fotios-1107717-scaled.jpg\",\"width\":2560,\"height\":1707,\"caption\":\"Ein Sonnenuntergang \u00fcber einem gr\u00fcnen H\u00fcgel mit B\u00e4umen und viel Natur.\"},{\"@type\":\"BreadcrumbList\",\"@id\":\"https:\\\/\\\/www.thebestsocial.media\\\/de\\\/wolken-regen-sonnenschein-fruehlingswetter\\\/#breadcrumb\",\"itemListElement\":[{\"@type\":\"ListItem\",\"position\":1,\"name\":\"Home\",\"item\":\"https:\\\/\\\/www.thebestsocial.media\\\/de\\\/\"},{\"@type\":\"ListItem\",\"position\":2,\"name\":\"Regen, Wind und K\u00e4lte: Das Netz diskutiert den &#8222;Fr\u00fchlingsanfang&#8220;\"}]},{\"@type\":\"WebSite\",\"@id\":\"https:\\\/\\\/www.thebestsocial.media\\\/de\\\/#website\",\"url\":\"https:\\\/\\\/www.thebestsocial.media\\\/de\\\/\",\"name\":\"The Best Social Media DE\",\"description\":\"\",\"potentialAction\":[{\"@type\":\"SearchAction\",\"target\":{\"@type\":\"EntryPoint\",\"urlTemplate\":\"https:\\\/\\\/www.thebestsocial.media\\\/de\\\/?s={search_term_string}\"},\"query-input\":{\"@type\":\"PropertyValueSpecification\",\"valueRequired\":true,\"valueName\":\"search_term_string\"}}],\"inLanguage\":\"de\"},{\"@type\":\"Person\",\"@id\":\"https:\\\/\\\/www.thebestsocial.media\\\/de\\\/#\\\/schema\\\/person\\\/564e1b1f9ce3a0de4a26c07a4fce40ab\",\"name\":\"Wiebke\",\"image\":{\"@type\":\"ImageObject\",\"inLanguage\":\"de\",\"@id\":\"https:\\\/\\\/secure.gravatar.com\\\/avatar\\\/32bdc08d3445932284f83e8234eb83d1dd0c85e3e8384237063b896908d136c4?s=96&d=mm&r=g\",\"url\":\"https:\\\/\\\/secure.gravatar.com\\\/avatar\\\/32bdc08d3445932284f83e8234eb83d1dd0c85e3e8384237063b896908d136c4?s=96&d=mm&r=g\",\"contentUrl\":\"https:\\\/\\\/secure.gravatar.com\\\/avatar\\\/32bdc08d3445932284f83e8234eb83d1dd0c85e3e8384237063b896908d136c4?s=96&d=mm&r=g\",\"caption\":\"Wiebke\"},\"description\":\"Schreibt schon seit ihrer Kindheit alles m\u00f6gliche an Texten. Liebt das Meer, Musik und Mandelmilch. Aktive Passivnutzerin der Sozialen Medien.\",\"url\":\"https:\\\/\\\/www.thebestsocial.media\\\/de\\\/author\\\/wiebke\\\/\"}]}<\/script>\n<!-- \/ Yoast SEO plugin. -->","yoast_head_json":{"title":"Regen, Wind und K\u00e4lte: Das Netz diskutiert den \"Fr\u00fchlingsanfang\"","description":"Im Fr\u00fchling macht manchmal nicht nur der April, was er will, sondern auch die anderen Monate geben ihr bestes mit verr\u00fccktem Wetter.","robots":{"index":"index","follow":"follow","max-snippet":"max-snippet:-1","max-image-preview":"max-image-preview:large","max-video-preview":"max-video-preview:-1"},"canonical":"https:\/\/www.thebestsocial.media\/de\/wolken-regen-sonnenschein-fruehlingswetter\/","og_locale":"de_DE","og_type":"article","og_title":"Regen, Wind und K\u00e4lte: Das Netz diskutiert den \"Fr\u00fchlingsanfang\"","og_description":"Im Fr\u00fchling macht manchmal nicht nur der April, was er will, sondern auch die anderen Monate geben ihr bestes mit verr\u00fccktem Wetter.","og_url":"https:\/\/www.thebestsocial.media\/de\/wolken-regen-sonnenschein-fruehlingswetter\/","og_site_name":"The Best Social Media DE","article_published_time":"2023-03-20T14:24:15+00:00","article_modified_time":"2023-03-20T15:11:44+00:00","og_image":[{"width":1200,"height":630,"url":"https:\/\/www.thebestsocial.media\/de\/wp-content\/uploads\/sites\/3\/2023\/03\/header-fruehlingsanfang.png","type":"image\/png"}],"author":"Wiebke","twitter_card":"summary_large_image","twitter_misc":{"Verfasst von":"Wiebke","Gesch\u00e4tzte Lesezeit":"2\u00a0Minuten"},"schema":{"@context":"https:\/\/schema.org","@graph":[{"@type":"Article","@id":"https:\/\/www.thebestsocial.media\/de\/wolken-regen-sonnenschein-fruehlingswetter\/#article","isPartOf":{"@id":"https:\/\/www.thebestsocial.media\/de\/wolken-regen-sonnenschein-fruehlingswetter\/"},"author":{"name":"Wiebke","@id":"https:\/\/www.thebestsocial.media\/de\/#\/schema\/person\/564e1b1f9ce3a0de4a26c07a4fce40ab"},"headline":"Regen, Wind und K\u00e4lte: Das Netz diskutiert den &#8222;Fr\u00fchlingsanfang&#8220;","datePublished":"2023-03-20T14:24:15+00:00","dateModified":"2023-03-20T15:11:44+00:00","mainEntityOfPage":{"@id":"https:\/\/www.thebestsocial.media\/de\/wolken-regen-sonnenschein-fruehlingswetter\/"},"wordCount":318,"commentCount":0,"image":{"@id":"https:\/\/www.thebestsocial.media\/de\/wolken-regen-sonnenschein-fruehlingswetter\/#primaryimage"},"thumbnailUrl":"https:\/\/www.thebestsocial.media\/de\/wp-content\/uploads\/sites\/3\/2023\/03\/pexels-lisa-fotios-1107717-scaled.jpg","keywords":["Fr\u00fchling","Sonne","wetter"],"articleSection":["Best of","Feelgood","Humor"],"inLanguage":"de","potentialAction":[{"@type":"CommentAction","name":"Comment","target":["https:\/\/www.thebestsocial.media\/de\/wolken-regen-sonnenschein-fruehlingswetter\/#respond"]}]},{"@type":"WebPage","@id":"https:\/\/www.thebestsocial.media\/de\/wolken-regen-sonnenschein-fruehlingswetter\/","url":"https:\/\/www.thebestsocial.media\/de\/wolken-regen-sonnenschein-fruehlingswetter\/","name":"Regen, Wind und K\u00e4lte: Das Netz diskutiert den \"Fr\u00fchlingsanfang\"","isPartOf":{"@id":"https:\/\/www.thebestsocial.media\/de\/#website"},"primaryImageOfPage":{"@id":"https:\/\/www.thebestsocial.media\/de\/wolken-regen-sonnenschein-fruehlingswetter\/#primaryimage"},"image":{"@id":"https:\/\/www.thebestsocial.media\/de\/wolken-regen-sonnenschein-fruehlingswetter\/#primaryimage"},"thumbnailUrl":"https:\/\/www.thebestsocial.media\/de\/wp-content\/uploads\/sites\/3\/2023\/03\/pexels-lisa-fotios-1107717-scaled.jpg","datePublished":"2023-03-20T14:24:15+00:00","dateModified":"2023-03-20T15:11:44+00:00","author":{"@id":"https:\/\/www.thebestsocial.media\/de\/#\/schema\/person\/564e1b1f9ce3a0de4a26c07a4fce40ab"},"description":"Im Fr\u00fchling macht manchmal nicht nur der April, was er will, sondern auch die anderen Monate geben ihr bestes mit verr\u00fccktem Wetter.","breadcrumb":{"@id":"https:\/\/www.thebestsocial.media\/de\/wolken-regen-sonnenschein-fruehlingswetter\/#breadcrumb"},"inLanguage":"de","potentialAction":[{"@type":"ReadAction","target":["https:\/\/www.thebestsocial.media\/de\/wolken-regen-sonnenschein-fruehlingswetter\/"]}]},{"@type":"ImageObject","inLanguage":"de","@id":"https:\/\/www.thebestsocial.media\/de\/wolken-regen-sonnenschein-fruehlingswetter\/#primaryimage","url":"https:\/\/www.thebestsocial.media\/de\/wp-content\/uploads\/sites\/3\/2023\/03\/pexels-lisa-fotios-1107717-scaled.jpg","contentUrl":"https:\/\/www.thebestsocial.media\/de\/wp-content\/uploads\/sites\/3\/2023\/03\/pexels-lisa-fotios-1107717-scaled.jpg","width":2560,"height":1707,"caption":"Ein Sonnenuntergang \u00fcber einem gr\u00fcnen H\u00fcgel mit B\u00e4umen und viel Natur."},{"@type":"BreadcrumbList","@id":"https:\/\/www.thebestsocial.media\/de\/wolken-regen-sonnenschein-fruehlingswetter\/#breadcrumb","itemListElement":[{"@type":"ListItem","position":1,"name":"Home","item":"https:\/\/www.thebestsocial.media\/de\/"},{"@type":"ListItem","position":2,"name":"Regen, Wind und K\u00e4lte: Das Netz diskutiert den &#8222;Fr\u00fchlingsanfang&#8220;"}]},{"@type":"WebSite","@id":"https:\/\/www.thebestsocial.media\/de\/#website","url":"https:\/\/www.thebestsocial.media\/de\/","name":"The Best Social Media DE","description":"","potentialAction":[{"@type":"SearchAction","target":{"@type":"EntryPoint","urlTemplate":"https:\/\/www.thebestsocial.media\/de\/?s={search_term_string}"},"query-input":{"@type":"PropertyValueSpecification","valueRequired":true,"valueName":"search_term_string"}}],"inLanguage":"de"},{"@type":"Person","@id":"https:\/\/www.thebestsocial.media\/de\/#\/schema\/person\/564e1b1f9ce3a0de4a26c07a4fce40ab","name":"Wiebke","image":{"@type":"ImageObject","inLanguage":"de","@id":"https:\/\/secure.gravatar.com\/avatar\/32bdc08d3445932284f83e8234eb83d1dd0c85e3e8384237063b896908d136c4?s=96&d=mm&r=g","url":"https:\/\/secure.gravatar.com\/avatar\/32bdc08d3445932284f83e8234eb83d1dd0c85e3e8384237063b896908d136c4?s=96&d=mm&r=g","contentUrl":"https:\/\/secure.gravatar.com\/avatar\/32bdc08d3445932284f83e8234eb83d1dd0c85e3e8384237063b896908d136c4?s=96&d=mm&r=g","caption":"Wiebke"},"description":"Schreibt schon seit ihrer Kindheit alles m\u00f6gliche an Texten. Liebt das Meer, Musik und Mandelmilch. Aktive Passivnutzerin der Sozialen Medien.","url":"https:\/\/www.thebestsocial.media\/de\/author\/wiebke\/"}]}},"amp_enabled":true,"_links":{"self":[{"href":"https:\/\/www.thebestsocial.media\/de\/wp-json\/wp\/v2\/posts\/176753","targetHints":{"allow":["GET"]}}],"collection":[{"href":"https:\/\/www.thebestsocial.media\/de\/wp-json\/wp\/v2\/posts"}],"about":[{"href":"https:\/\/www.thebestsocial.media\/de\/wp-json\/wp\/v2\/types\/post"}],"author":[{"embeddable":true,"href":"https:\/\/www.thebestsocial.media\/de\/wp-json\/wp\/v2\/users\/109"}],"replies":[{"embeddable":true,"href":"https:\/\/www.thebestsocial.media\/de\/wp-json\/wp\/v2\/comments?post=176753"}],"version-history":[{"count":15,"href":"https:\/\/www.thebestsocial.media\/de\/wp-json\/wp\/v2\/posts\/176753\/revisions"}],"predecessor-version":[{"id":178674,"href":"https:\/\/www.thebestsocial.media\/de\/wp-json\/wp\/v2\/posts\/176753\/revisions\/178674"}],"wp:featuredmedia":[{"embeddable":true,"href":"https:\/\/www.thebestsocial.media\/de\/wp-json\/wp\/v2\/media\/178655"}],"wp:attachment":[{"href":"https:\/\/www.thebestsocial.media\/de\/wp-json\/wp\/v2\/media?parent=176753"}],"wp:term":[{"taxonomy":"category","embeddable":true,"href":"https:\/\/www.thebestsocial.media\/de\/wp-json\/wp\/v2\/categories?post=176753"},{"taxonomy":"post_tag","embeddable":true,"href":"https:\/\/www.thebestsocial.media\/de\/wp-json\/wp\/v2\/tags?post=176753"}],"curies":[{"name":"wp","href":"https:\/\/api.w.org\/{rel}","templated":true}]}}