{"id":176121,"date":"2023-02-13T15:41:14","date_gmt":"2023-02-13T15:41:14","guid":{"rendered":"https:\/\/www.thebestsocial.media\/de\/?p=176121"},"modified":"2023-02-13T15:41:14","modified_gmt":"2023-02-13T15:41:14","slug":"happy-valendienstag-12-posts-zum-romantischsten-tag-des-jahres","status":"publish","type":"post","link":"https:\/\/www.thebestsocial.media\/de\/happy-valendienstag-12-posts-zum-romantischsten-tag-des-jahres\/","title":{"rendered":"Happy Valendienstag! 12 Posts zum romantischsten Tag des Jahres"},"content":{"rendered":"<p>Es ist wieder soweit! Die St\u00e4dte sind geschm\u00fcckt voller roter Deko-Herzen, die Floristen freuen sich, die M\u00e4nner stehen Schlange vor den Blumenl\u00e4den und die verliebten P\u00e4rchen sind gl\u00fccklich &#8211; Singles hassen diesen Tag, den Valentinstag. Vielen ist der Tag jedoch auch einfach zu kommerziell und nichts Besonderes. Wie dem auch sei, wir haben 12 Posts rund um den Valentinstag zusammengestellt. Hier ist f\u00fcr jeden etwas dabei!<\/p>\n<p>&nbsp;<\/p>\n<h3>1. Hehe Wortwitz.<\/h3>\n<blockquote class=\"twitter-tweet\">\n<p lang=\"de\" dir=\"ltr\">Valentinstag f\u00e4llt dieses Jahr auf einen Dienstag und ich freu mich schon auf die zahlreichen Valendienstags-Postings \ud83e\udd79<\/p>\n<p>&mdash; Mimi\ud83c\udf37 (@Mim_Tant) <a href=\"https:\/\/twitter.com\/Mim_Tant\/status\/1623771246742671361?ref_src=twsrc%5Etfw\">February 9, 2023<\/a><\/p><\/blockquote>\n<p> <script async src=\"https:\/\/platform.twitter.com\/widgets.js\" charset=\"utf-8\"><\/script><\/p>\n<p>&nbsp;<\/p>\n<h3>2. Richtig sch\u00f6n zum Versenden.<\/h3>\n<blockquote class=\"twitter-tweet\">\n<p lang=\"de\" dir=\"ltr\">Falls ihr noch etwas f\u00fcr eure*n Liebste*n zum Valentinstag ben\u00f6tigt \u263a\ufe0f <a href=\"https:\/\/t.co\/S7ec6gFZCY\">pic.twitter.com\/S7ec6gFZCY<\/a><\/p>\n<p>&mdash; Parki (@0711stgt) <a href=\"https:\/\/twitter.com\/0711stgt\/status\/1623954557410676736?ref_src=twsrc%5Etfw\">February 10, 2023<\/a><\/p><\/blockquote>\n<p> <script async src=\"https:\/\/platform.twitter.com\/widgets.js\" charset=\"utf-8\"><\/script><\/p>\n<p>&nbsp;<\/p>\n<h3>3. Anleitung f\u00fcr Salami-Rose:<\/h3>\n<blockquote class=\"twitter-tweet\">\n<p lang=\"de\" dir=\"ltr\">Deutsche Valentinstag \ud83c\udf39 <a href=\"https:\/\/t.co\/RC9nrwp3WB\">pic.twitter.com\/RC9nrwp3WB<\/a><\/p>\n<p>&mdash; Ida Funkhouser (@IdaFunkhouser) <a href=\"https:\/\/twitter.com\/IdaFunkhouser\/status\/1623010146782785555?ref_src=twsrc%5Etfw\">February 7, 2023<\/a><\/p><\/blockquote>\n<p> <script async src=\"https:\/\/platform.twitter.com\/widgets.js\" charset=\"utf-8\"><\/script><\/p>\n<p>&nbsp;<\/p>\n<h3>4. Wir sollten das genau jetzt durchsetzen!<\/h3>\n<blockquote class=\"twitter-tweet\">\n<p lang=\"de\" dir=\"ltr\">Eben erfahren, dass der Valentinstag in Finnland nicht nur den Verliebten gewidmet ist, sondern auch Freunden, Kollegen, Bekannten, einfach allen, die man mag. Man trifft sich, verschenkt Schokolade oder schreibt einfach mal wieder. Wieso hat sich das noch nicht durchgesetzt?!<\/p>\n<p>&mdash; Shiny (@Shiny1jux) <a href=\"https:\/\/twitter.com\/Shiny1jux\/status\/1623310935052935170?ref_src=twsrc%5Etfw\">February 8, 2023<\/a><\/p><\/blockquote>\n<p> <script async src=\"https:\/\/platform.twitter.com\/widgets.js\" charset=\"utf-8\"><\/script><\/p>\n<p>&nbsp;<\/p>\n<h3>5. Die drei wichtigen Worte:<\/h3>\n<p><iframe loading=\"lazy\" src=\"\/tiktok-cache\/7064544877538839814\/64100e3efa0d16b93bd4b0f1800e62dace32bb07e3091121b8dcf67a\" width=\"623\" height=\"1108\" style=\"border:0; height:90vh; width:50.625000vh;\" scrolling=\"no\"><\/iframe><\/p>\n<p>&nbsp;<\/p>\n<h3>6. Ihr seid schonmal vorgewarnt!<\/h3>\n<blockquote class=\"twitter-tweet\">\n<p lang=\"de\" dir=\"ltr\">Seid bitte vorsichtig wenn euer Partner am Valentinstag pl\u00f6tzlich zu Marktkauf will! \u261d\ufe0f <a href=\"https:\/\/t.co\/mkH4Az92Gx\">pic.twitter.com\/mkH4Az92Gx<\/a><\/p>\n<p>&mdash; Sabrina \ud83e\ude9d (@dumandami) <a href=\"https:\/\/twitter.com\/dumandami\/status\/1623067197147869196?ref_src=twsrc%5Etfw\">February 7, 2023<\/a><\/p><\/blockquote>\n<p> <script async src=\"https:\/\/platform.twitter.com\/widgets.js\" charset=\"utf-8\"><\/script><\/p>\n<p>&nbsp;<\/p>\n<h3>7. WORD!<\/h3>\n<blockquote class=\"twitter-tweet\">\n<p lang=\"de\" dir=\"ltr\">V\u00f6llig egal, ob Adventsdeko, Valentinstag, Superbowl oder Rosinenrosenkohl &#8211; warum meint Ihr eigentlich, anderen Leuten Dinge madig machen zu m\u00fcssen, an denen sie sich erfreuen?<\/p>\n<p>&mdash; Frau Blau (@Frau_macht_blau) <a href=\"https:\/\/twitter.com\/Frau_macht_blau\/status\/1624807592571637760?ref_src=twsrc%5Etfw\">February 12, 2023<\/a><\/p><\/blockquote>\n<p> <script async src=\"https:\/\/platform.twitter.com\/widgets.js\" charset=\"utf-8\"><\/script><\/p>\n<p>&nbsp;<\/p>\n<h3>8. Flirt und Diss in Einem!<\/h3>\n<p><iframe loading=\"lazy\" src=\"\/tiktok-cache\/7049396484701261061\/f0f00acd671e76b03f48c2b443527a34f4aa51e5b66f335a6fd11d64\" width=\"623\" height=\"1108\" style=\"border:0; height:90vh; width:50.625000vh;\" scrolling=\"no\"><\/iframe><\/p>\n<p>&nbsp;<\/p>\n<h3>9. Schon so erwachsen.<\/h3>\n<blockquote class=\"twitter-tweet\">\n<p lang=\"de\" dir=\"ltr\">Die 12j\u00e4hrige hat erfahren, dass ein M\u00e4dchen aus ihrer Klasse in sie verliebt ist und es ihr am Valentinstag gestehen m\u00f6chte.<br \/>Der 10j\u00e4hrige.<br \/>&quot;Stehst du auf Jungs oder auch auf M\u00e4dchen?&quot;<br \/>&quot;Das wei\u00df ich doch nicht! Ich bin ZW\u00d6LF!&quot;<br \/>So kindlich.<br \/>So erwachsen.<\/p>\n<p>&mdash; Teresa van de Kowski (@KleineHyaene) <a href=\"https:\/\/twitter.com\/KleineHyaene\/status\/1624844558080040962?ref_src=twsrc%5Etfw\">February 12, 2023<\/a><\/p><\/blockquote>\n<p> <script async src=\"https:\/\/platform.twitter.com\/widgets.js\" charset=\"utf-8\"><\/script><\/p>\n<p>&nbsp;<\/p>\n<h3>10. HAHAHA.<\/h3>\n<p><iframe loading=\"lazy\" src=\"\/tiktok-cache\/7064348857513151745\/dc11139f757ba00e7b35d43ffdb9df9ab5a5dd047d24f91f06e1632e\" width=\"623\" height=\"1108\" style=\"border:0; height:90vh; width:50.625000vh;\" scrolling=\"no\"><\/iframe><\/p>\n<p>&nbsp;<\/p>\n<h3>11. Romantisches Klopapier <3.<\/h3>\n<blockquote class=\"twitter-tweet\">\n<p lang=\"de\" dir=\"ltr\">Bald ist Valentinstag. Ich bin bestimmt keine Freundin von Blumen von der Tankstelle, aber bevor Se Lokuspapier mit Herzchen kaufen&#8230; <a href=\"https:\/\/t.co\/ELTCbcOZsZ\">pic.twitter.com\/ELTCbcOZsZ<\/a><\/p>\n<p>&mdash; Renate Bergmann (@RenateBergmann) <a href=\"https:\/\/twitter.com\/RenateBergmann\/status\/1621819081111355393?ref_src=twsrc%5Etfw\">February 4, 2023<\/a><\/p><\/blockquote>\n<p> <script async src=\"https:\/\/platform.twitter.com\/widgets.js\" charset=\"utf-8\"><\/script><\/p>\n<p>&nbsp;<\/p>\n<h3>12. Alle Jahre wieder.<\/h3>\n<p><iframe loading=\"lazy\" src=\"\/tiktok-cache\/6793350079907482885\/ceee61a5a6130242a36a8803e47acf795b21a5dd8ecb28e43efe4b47\" width=\"623\" height=\"1108\" style=\"border:0; height:90vh; width:50.625000vh;\" scrolling=\"no\"><\/iframe><\/p>\n<p>&nbsp;<\/p>\n<p><strong>__<\/strong><br \/>\n<strong>Vielen Dank an alle f\u00fcr die Posts!<\/strong><br \/>\n<strong>___<\/strong><\/p>\n","protected":false},"excerpt":{"rendered":"<p>Es ist wieder soweit! Die St\u00e4dte sind geschm\u00fcckt voller roter Deko-Herzen, die Floristen freuen sich, die M\u00e4nner stehen Schlange vor den Blumenl\u00e4den und die verliebten&#8230;<\/p>\n","protected":false},"author":97,"featured_media":176171,"comment_status":"open","ping_status":"open","sticky":false,"template":"","format":"standard","meta":{"_acf_changed":false,"footnotes":""},"categories":[106,2031,1728],"tags":[552,693,287],"class_list":["post-176121","post","type-post","status-publish","format-standard","has-post-thumbnail","hentry","category-best-of","category-feelgood","category-humor","tag-liebe","tag-romantik","tag-valentinstag"],"acf":[],"yoast_head":"<!-- This site is optimized with the Yoast SEO plugin v27.5 - https:\/\/yoast.com\/product\/yoast-seo-wordpress\/ -->\n<title>Happy Valendienstag! 12 Posts zum romantischsten Tag<\/title>\n<meta name=\"description\" content=\"Valentinstag, geliebt oder gehasst - wie dem auch sei, wir haben 12 Posts rund um den Valentinstag zusammengestellt.\" \/>\n<meta name=\"robots\" content=\"index, follow, max-snippet:-1, max-image-preview:large, max-video-preview:-1\" \/>\n<link rel=\"canonical\" href=\"https:\/\/www.thebestsocial.media\/de\/happy-valendienstag-12-posts-zum-romantischsten-tag-des-jahres\/\" \/>\n<meta property=\"og:locale\" content=\"de_DE\" \/>\n<meta property=\"og:type\" content=\"article\" \/>\n<meta property=\"og:title\" content=\"Happy Valendienstag! 12 Posts zum romantischsten Tag des Jahres\" \/>\n<meta property=\"og:description\" content=\"Valentinstag, geliebt oder gehasst - wie dem auch sei, wir haben 12 Posts rund um den Valentinstag zusammengestellt.\" \/>\n<meta property=\"og:url\" content=\"https:\/\/www.thebestsocial.media\/de\/happy-valendienstag-12-posts-zum-romantischsten-tag-des-jahres\/\" \/>\n<meta property=\"og:site_name\" content=\"The Best Social Media DE\" \/>\n<meta property=\"article:published_time\" content=\"2023-02-13T15:41:14+00:00\" \/>\n<meta property=\"og:image\" content=\"https:\/\/www.thebestsocial.media\/de\/wp-content\/uploads\/sites\/3\/2023\/02\/header-valentinstag.png\" \/>\n\t<meta property=\"og:image:width\" content=\"1200\" \/>\n\t<meta property=\"og:image:height\" content=\"630\" \/>\n\t<meta property=\"og:image:type\" content=\"image\/png\" \/>\n<meta name=\"author\" content=\"Cristina\" \/>\n<meta name=\"twitter:card\" content=\"summary_large_image\" \/>\n<meta name=\"twitter:label1\" content=\"Verfasst von\" \/>\n\t<meta name=\"twitter:data1\" content=\"Cristina\" \/>\n\t<meta name=\"twitter:label2\" content=\"Gesch\u00e4tzte Lesezeit\" \/>\n\t<meta name=\"twitter:data2\" content=\"3\u00a0Minuten\" \/>\n<script type=\"application\/ld+json\" class=\"yoast-schema-graph\">{\"@context\":\"https:\\\/\\\/schema.org\",\"@graph\":[{\"@type\":\"Article\",\"@id\":\"https:\\\/\\\/www.thebestsocial.media\\\/de\\\/happy-valendienstag-12-posts-zum-romantischsten-tag-des-jahres\\\/#article\",\"isPartOf\":{\"@id\":\"https:\\\/\\\/www.thebestsocial.media\\\/de\\\/happy-valendienstag-12-posts-zum-romantischsten-tag-des-jahres\\\/\"},\"author\":{\"name\":\"Cristina\",\"@id\":\"https:\\\/\\\/www.thebestsocial.media\\\/de\\\/#\\\/schema\\\/person\\\/e2cd306c885c9cc48e5ea47d563cab08\"},\"headline\":\"Happy Valendienstag! 12 Posts zum romantischsten Tag des Jahres\",\"datePublished\":\"2023-02-13T15:41:14+00:00\",\"mainEntityOfPage\":{\"@id\":\"https:\\\/\\\/www.thebestsocial.media\\\/de\\\/happy-valendienstag-12-posts-zum-romantischsten-tag-des-jahres\\\/\"},\"wordCount\":407,\"commentCount\":0,\"image\":{\"@id\":\"https:\\\/\\\/www.thebestsocial.media\\\/de\\\/happy-valendienstag-12-posts-zum-romantischsten-tag-des-jahres\\\/#primaryimage\"},\"thumbnailUrl\":\"https:\\\/\\\/www.thebestsocial.media\\\/de\\\/wp-content\\\/uploads\\\/sites\\\/3\\\/2023\\\/02\\\/heart-gdf2bd2a19_1920.jpg\",\"keywords\":[\"Liebe\",\"Romantik\",\"valentinstag\"],\"articleSection\":[\"Best of\",\"Feelgood\",\"Humor\"],\"inLanguage\":\"de\",\"potentialAction\":[{\"@type\":\"CommentAction\",\"name\":\"Comment\",\"target\":[\"https:\\\/\\\/www.thebestsocial.media\\\/de\\\/happy-valendienstag-12-posts-zum-romantischsten-tag-des-jahres\\\/#respond\"]}]},{\"@type\":\"WebPage\",\"@id\":\"https:\\\/\\\/www.thebestsocial.media\\\/de\\\/happy-valendienstag-12-posts-zum-romantischsten-tag-des-jahres\\\/\",\"url\":\"https:\\\/\\\/www.thebestsocial.media\\\/de\\\/happy-valendienstag-12-posts-zum-romantischsten-tag-des-jahres\\\/\",\"name\":\"Happy Valendienstag! 12 Posts zum romantischsten Tag\",\"isPartOf\":{\"@id\":\"https:\\\/\\\/www.thebestsocial.media\\\/de\\\/#website\"},\"primaryImageOfPage\":{\"@id\":\"https:\\\/\\\/www.thebestsocial.media\\\/de\\\/happy-valendienstag-12-posts-zum-romantischsten-tag-des-jahres\\\/#primaryimage\"},\"image\":{\"@id\":\"https:\\\/\\\/www.thebestsocial.media\\\/de\\\/happy-valendienstag-12-posts-zum-romantischsten-tag-des-jahres\\\/#primaryimage\"},\"thumbnailUrl\":\"https:\\\/\\\/www.thebestsocial.media\\\/de\\\/wp-content\\\/uploads\\\/sites\\\/3\\\/2023\\\/02\\\/heart-gdf2bd2a19_1920.jpg\",\"datePublished\":\"2023-02-13T15:41:14+00:00\",\"author\":{\"@id\":\"https:\\\/\\\/www.thebestsocial.media\\\/de\\\/#\\\/schema\\\/person\\\/e2cd306c885c9cc48e5ea47d563cab08\"},\"description\":\"Valentinstag, geliebt oder gehasst - wie dem auch sei, wir haben 12 Posts rund um den Valentinstag zusammengestellt.\",\"breadcrumb\":{\"@id\":\"https:\\\/\\\/www.thebestsocial.media\\\/de\\\/happy-valendienstag-12-posts-zum-romantischsten-tag-des-jahres\\\/#breadcrumb\"},\"inLanguage\":\"de\",\"potentialAction\":[{\"@type\":\"ReadAction\",\"target\":[\"https:\\\/\\\/www.thebestsocial.media\\\/de\\\/happy-valendienstag-12-posts-zum-romantischsten-tag-des-jahres\\\/\"]}]},{\"@type\":\"ImageObject\",\"inLanguage\":\"de\",\"@id\":\"https:\\\/\\\/www.thebestsocial.media\\\/de\\\/happy-valendienstag-12-posts-zum-romantischsten-tag-des-jahres\\\/#primaryimage\",\"url\":\"https:\\\/\\\/www.thebestsocial.media\\\/de\\\/wp-content\\\/uploads\\\/sites\\\/3\\\/2023\\\/02\\\/heart-gdf2bd2a19_1920.jpg\",\"contentUrl\":\"https:\\\/\\\/www.thebestsocial.media\\\/de\\\/wp-content\\\/uploads\\\/sites\\\/3\\\/2023\\\/02\\\/heart-gdf2bd2a19_1920.jpg\",\"width\":1920,\"height\":1280},{\"@type\":\"BreadcrumbList\",\"@id\":\"https:\\\/\\\/www.thebestsocial.media\\\/de\\\/happy-valendienstag-12-posts-zum-romantischsten-tag-des-jahres\\\/#breadcrumb\",\"itemListElement\":[{\"@type\":\"ListItem\",\"position\":1,\"name\":\"Home\",\"item\":\"https:\\\/\\\/www.thebestsocial.media\\\/de\\\/\"},{\"@type\":\"ListItem\",\"position\":2,\"name\":\"Happy Valendienstag! 12 Posts zum romantischsten Tag des Jahres\"}]},{\"@type\":\"WebSite\",\"@id\":\"https:\\\/\\\/www.thebestsocial.media\\\/de\\\/#website\",\"url\":\"https:\\\/\\\/www.thebestsocial.media\\\/de\\\/\",\"name\":\"The Best Social Media DE\",\"description\":\"\",\"potentialAction\":[{\"@type\":\"SearchAction\",\"target\":{\"@type\":\"EntryPoint\",\"urlTemplate\":\"https:\\\/\\\/www.thebestsocial.media\\\/de\\\/?s={search_term_string}\"},\"query-input\":{\"@type\":\"PropertyValueSpecification\",\"valueRequired\":true,\"valueName\":\"search_term_string\"}}],\"inLanguage\":\"de\"},{\"@type\":\"Person\",\"@id\":\"https:\\\/\\\/www.thebestsocial.media\\\/de\\\/#\\\/schema\\\/person\\\/e2cd306c885c9cc48e5ea47d563cab08\",\"name\":\"Cristina\",\"image\":{\"@type\":\"ImageObject\",\"inLanguage\":\"de\",\"@id\":\"https:\\\/\\\/secure.gravatar.com\\\/avatar\\\/17a11569f2998e9b40ff4c98ab0851ddd1dd35595a21590f554e022bed21c0c4?s=96&d=mm&r=g\",\"url\":\"https:\\\/\\\/secure.gravatar.com\\\/avatar\\\/17a11569f2998e9b40ff4c98ab0851ddd1dd35595a21590f554e022bed21c0c4?s=96&d=mm&r=g\",\"contentUrl\":\"https:\\\/\\\/secure.gravatar.com\\\/avatar\\\/17a11569f2998e9b40ff4c98ab0851ddd1dd35595a21590f554e022bed21c0c4?s=96&d=mm&r=g\",\"caption\":\"Cristina\"},\"url\":\"https:\\\/\\\/www.thebestsocial.media\\\/de\\\/author\\\/cristina\\\/\"}]}<\/script>\n<!-- \/ Yoast SEO plugin. -->","yoast_head_json":{"title":"Happy Valendienstag! 12 Posts zum romantischsten Tag","description":"Valentinstag, geliebt oder gehasst - wie dem auch sei, wir haben 12 Posts rund um den Valentinstag zusammengestellt.","robots":{"index":"index","follow":"follow","max-snippet":"max-snippet:-1","max-image-preview":"max-image-preview:large","max-video-preview":"max-video-preview:-1"},"canonical":"https:\/\/www.thebestsocial.media\/de\/happy-valendienstag-12-posts-zum-romantischsten-tag-des-jahres\/","og_locale":"de_DE","og_type":"article","og_title":"Happy Valendienstag! 12 Posts zum romantischsten Tag des Jahres","og_description":"Valentinstag, geliebt oder gehasst - wie dem auch sei, wir haben 12 Posts rund um den Valentinstag zusammengestellt.","og_url":"https:\/\/www.thebestsocial.media\/de\/happy-valendienstag-12-posts-zum-romantischsten-tag-des-jahres\/","og_site_name":"The Best Social Media DE","article_published_time":"2023-02-13T15:41:14+00:00","og_image":[{"width":1200,"height":630,"url":"https:\/\/www.thebestsocial.media\/de\/wp-content\/uploads\/sites\/3\/2023\/02\/header-valentinstag.png","type":"image\/png"}],"author":"Cristina","twitter_card":"summary_large_image","twitter_misc":{"Verfasst von":"Cristina","Gesch\u00e4tzte Lesezeit":"3\u00a0Minuten"},"schema":{"@context":"https:\/\/schema.org","@graph":[{"@type":"Article","@id":"https:\/\/www.thebestsocial.media\/de\/happy-valendienstag-12-posts-zum-romantischsten-tag-des-jahres\/#article","isPartOf":{"@id":"https:\/\/www.thebestsocial.media\/de\/happy-valendienstag-12-posts-zum-romantischsten-tag-des-jahres\/"},"author":{"name":"Cristina","@id":"https:\/\/www.thebestsocial.media\/de\/#\/schema\/person\/e2cd306c885c9cc48e5ea47d563cab08"},"headline":"Happy Valendienstag! 12 Posts zum romantischsten Tag des Jahres","datePublished":"2023-02-13T15:41:14+00:00","mainEntityOfPage":{"@id":"https:\/\/www.thebestsocial.media\/de\/happy-valendienstag-12-posts-zum-romantischsten-tag-des-jahres\/"},"wordCount":407,"commentCount":0,"image":{"@id":"https:\/\/www.thebestsocial.media\/de\/happy-valendienstag-12-posts-zum-romantischsten-tag-des-jahres\/#primaryimage"},"thumbnailUrl":"https:\/\/www.thebestsocial.media\/de\/wp-content\/uploads\/sites\/3\/2023\/02\/heart-gdf2bd2a19_1920.jpg","keywords":["Liebe","Romantik","valentinstag"],"articleSection":["Best of","Feelgood","Humor"],"inLanguage":"de","potentialAction":[{"@type":"CommentAction","name":"Comment","target":["https:\/\/www.thebestsocial.media\/de\/happy-valendienstag-12-posts-zum-romantischsten-tag-des-jahres\/#respond"]}]},{"@type":"WebPage","@id":"https:\/\/www.thebestsocial.media\/de\/happy-valendienstag-12-posts-zum-romantischsten-tag-des-jahres\/","url":"https:\/\/www.thebestsocial.media\/de\/happy-valendienstag-12-posts-zum-romantischsten-tag-des-jahres\/","name":"Happy Valendienstag! 12 Posts zum romantischsten Tag","isPartOf":{"@id":"https:\/\/www.thebestsocial.media\/de\/#website"},"primaryImageOfPage":{"@id":"https:\/\/www.thebestsocial.media\/de\/happy-valendienstag-12-posts-zum-romantischsten-tag-des-jahres\/#primaryimage"},"image":{"@id":"https:\/\/www.thebestsocial.media\/de\/happy-valendienstag-12-posts-zum-romantischsten-tag-des-jahres\/#primaryimage"},"thumbnailUrl":"https:\/\/www.thebestsocial.media\/de\/wp-content\/uploads\/sites\/3\/2023\/02\/heart-gdf2bd2a19_1920.jpg","datePublished":"2023-02-13T15:41:14+00:00","author":{"@id":"https:\/\/www.thebestsocial.media\/de\/#\/schema\/person\/e2cd306c885c9cc48e5ea47d563cab08"},"description":"Valentinstag, geliebt oder gehasst - wie dem auch sei, wir haben 12 Posts rund um den Valentinstag zusammengestellt.","breadcrumb":{"@id":"https:\/\/www.thebestsocial.media\/de\/happy-valendienstag-12-posts-zum-romantischsten-tag-des-jahres\/#breadcrumb"},"inLanguage":"de","potentialAction":[{"@type":"ReadAction","target":["https:\/\/www.thebestsocial.media\/de\/happy-valendienstag-12-posts-zum-romantischsten-tag-des-jahres\/"]}]},{"@type":"ImageObject","inLanguage":"de","@id":"https:\/\/www.thebestsocial.media\/de\/happy-valendienstag-12-posts-zum-romantischsten-tag-des-jahres\/#primaryimage","url":"https:\/\/www.thebestsocial.media\/de\/wp-content\/uploads\/sites\/3\/2023\/02\/heart-gdf2bd2a19_1920.jpg","contentUrl":"https:\/\/www.thebestsocial.media\/de\/wp-content\/uploads\/sites\/3\/2023\/02\/heart-gdf2bd2a19_1920.jpg","width":1920,"height":1280},{"@type":"BreadcrumbList","@id":"https:\/\/www.thebestsocial.media\/de\/happy-valendienstag-12-posts-zum-romantischsten-tag-des-jahres\/#breadcrumb","itemListElement":[{"@type":"ListItem","position":1,"name":"Home","item":"https:\/\/www.thebestsocial.media\/de\/"},{"@type":"ListItem","position":2,"name":"Happy Valendienstag! 12 Posts zum romantischsten Tag des Jahres"}]},{"@type":"WebSite","@id":"https:\/\/www.thebestsocial.media\/de\/#website","url":"https:\/\/www.thebestsocial.media\/de\/","name":"The Best Social Media DE","description":"","potentialAction":[{"@type":"SearchAction","target":{"@type":"EntryPoint","urlTemplate":"https:\/\/www.thebestsocial.media\/de\/?s={search_term_string}"},"query-input":{"@type":"PropertyValueSpecification","valueRequired":true,"valueName":"search_term_string"}}],"inLanguage":"de"},{"@type":"Person","@id":"https:\/\/www.thebestsocial.media\/de\/#\/schema\/person\/e2cd306c885c9cc48e5ea47d563cab08","name":"Cristina","image":{"@type":"ImageObject","inLanguage":"de","@id":"https:\/\/secure.gravatar.com\/avatar\/17a11569f2998e9b40ff4c98ab0851ddd1dd35595a21590f554e022bed21c0c4?s=96&d=mm&r=g","url":"https:\/\/secure.gravatar.com\/avatar\/17a11569f2998e9b40ff4c98ab0851ddd1dd35595a21590f554e022bed21c0c4?s=96&d=mm&r=g","contentUrl":"https:\/\/secure.gravatar.com\/avatar\/17a11569f2998e9b40ff4c98ab0851ddd1dd35595a21590f554e022bed21c0c4?s=96&d=mm&r=g","caption":"Cristina"},"url":"https:\/\/www.thebestsocial.media\/de\/author\/cristina\/"}]}},"amp_enabled":true,"_links":{"self":[{"href":"https:\/\/www.thebestsocial.media\/de\/wp-json\/wp\/v2\/posts\/176121","targetHints":{"allow":["GET"]}}],"collection":[{"href":"https:\/\/www.thebestsocial.media\/de\/wp-json\/wp\/v2\/posts"}],"about":[{"href":"https:\/\/www.thebestsocial.media\/de\/wp-json\/wp\/v2\/types\/post"}],"author":[{"embeddable":true,"href":"https:\/\/www.thebestsocial.media\/de\/wp-json\/wp\/v2\/users\/97"}],"replies":[{"embeddable":true,"href":"https:\/\/www.thebestsocial.media\/de\/wp-json\/wp\/v2\/comments?post=176121"}],"version-history":[{"count":6,"href":"https:\/\/www.thebestsocial.media\/de\/wp-json\/wp\/v2\/posts\/176121\/revisions"}],"predecessor-version":[{"id":176182,"href":"https:\/\/www.thebestsocial.media\/de\/wp-json\/wp\/v2\/posts\/176121\/revisions\/176182"}],"wp:featuredmedia":[{"embeddable":true,"href":"https:\/\/www.thebestsocial.media\/de\/wp-json\/wp\/v2\/media\/176171"}],"wp:attachment":[{"href":"https:\/\/www.thebestsocial.media\/de\/wp-json\/wp\/v2\/media?parent=176121"}],"wp:term":[{"taxonomy":"category","embeddable":true,"href":"https:\/\/www.thebestsocial.media\/de\/wp-json\/wp\/v2\/categories?post=176121"},{"taxonomy":"post_tag","embeddable":true,"href":"https:\/\/www.thebestsocial.media\/de\/wp-json\/wp\/v2\/tags?post=176121"}],"curies":[{"name":"wp","href":"https:\/\/api.w.org\/{rel}","templated":true}]}}