{"id":175960,"date":"2023-02-11T22:02:05","date_gmt":"2023-02-11T22:02:05","guid":{"rendered":"https:\/\/www.thebestsocial.media\/de\/?p=175960"},"modified":"2023-02-11T22:07:08","modified_gmt":"2023-02-11T22:07:08","slug":"mama-deine-frisur-ist-nicht-so-schoen-top-10-kindersprueche-der-woche","status":"publish","type":"post","link":"https:\/\/www.thebestsocial.media\/de\/mama-deine-frisur-ist-nicht-so-schoen-top-10-kindersprueche-der-woche\/","title":{"rendered":"Mama, deine Frisur ist nicht so sch\u00f6n: Top 10 Kinderspr\u00fcche der Woche"},"content":{"rendered":"<p>Die gr\u00f6\u00dften Zitate und lustigsten Versprecher kommen auch diese Woche wieder ganz klar von den Kleinsten. Manchmal w\u00fcrde man doch auch gerne so ehrlich und ohne Filter sagen, was man denkt!<\/p>\n<p style=\"text-align: center;\"><em>Mehr Kinderspr\u00fcche? <a href=\"https:\/\/www.thebestsocial.media\/de\/unfassbar-frech-und-lustig-die-top-10-kindersprueche-der-woche\/\" target=\"_blank\" rel=\"noopener\">Hier zu den Top 10 der letzten Woche!<\/a><\/em><\/p>\n<h3>1. Kinder-Komplimente. So wertvoll.<\/h3>\n<blockquote class=\"twitter-tweet\">\n<p dir=\"ltr\" lang=\"de\">K2: \u201eMama, deine Frisur sieht nicht so sch\u00f6n aus.\u201c<br \/>\n\ud83d\ude22<br \/>\nK1: \u201eUnd ich finde, sie sieht schei\u00dfe aus!\u201c<br \/>\n\ud83d\ude33<br \/>\nEin freundliches Miteinander &#8211; so wichtig!<\/p>\n<p>Mal was anderes,<br \/>\nhat jemand Interesse an einem stubenreinen Kind und einem frisch geduschten Neuteenager?<\/p>\n<p>\u2014 Dr. Greber (@DrGreber) <a href=\"https:\/\/twitter.com\/DrGreber\/status\/1623747243349098496?ref_src=twsrc%5Etfw\">February 9, 2023<\/a><\/p><\/blockquote>\n<p><script async src=\"https:\/\/platform.twitter.com\/widgets.js\" charset=\"utf-8\"><\/script><\/p>\n<h3><\/h3>\n<h3>2. Blo\u00df nie den Film &#8222;Cars&#8220; anschauen!<\/h3>\n<blockquote class=\"twitter-tweet\">\n<p dir=\"ltr\" lang=\"de\">Kind w\u00fcnscht sich ein neues Feuerwehrauto, weil:<br \/>\n&#8222;Warum Gesicht, Mami? Warum Augen? Warum ein Hut, Mami? Feuew\u00e4auto hat nicht Hut und Auge, Mami&#8220;.<\/p>\n<p>Wo sie recht hat, hat sie halt auch recht.<\/p>\n<p>Dieses Kind, ey! <a href=\"https:\/\/t.co\/aA72kS7hcq\">pic.twitter.com\/aA72kS7hcq<\/a><\/p>\n<p>\u2014 Mrs_Mary (@MrsMarryPoppins) <a href=\"https:\/\/twitter.com\/MrsMarryPoppins\/status\/1623024505219125267?ref_src=twsrc%5Etfw\">February 7, 2023<\/a><\/p><\/blockquote>\n<p><script src=\"https:\/\/platform.twitter.com\/widgets.js\" async=\"\" charset=\"utf-8\"><\/script><\/p>\n<h3><\/h3>\n<h3>3. Hauptsache der Kopf ist warm.<\/h3>\n<blockquote class=\"twitter-tweet\">\n<p dir=\"ltr\" lang=\"de\">Es ist schweinekalt. K2 (4) m\u00f6chte aber heut morgen kurze Hosen anziehen.<\/p>\n<p>Ich: es sind -5 Grad drau\u00dfen. Wenn\u2019s also schneit, bleibt der Schnee liegen.<br \/>\nK2: Mama, ok. Keine Sorge, ich setze mir eine M\u00fctze auf.<\/p>\n<p>\u2014 Jules (@ed_ju1es) <a href=\"https:\/\/twitter.com\/ed_ju1es\/status\/1623199466755956739?ref_src=twsrc%5Etfw\">February 8, 2023<\/a><\/p><\/blockquote>\n<p><script async src=\"https:\/\/platform.twitter.com\/widgets.js\" charset=\"utf-8\"><\/script><\/p>\n<p>&nbsp;<\/p>\n<h3>4. Schlechte Verlierer.<\/h3>\n<blockquote class=\"twitter-tweet\">\n<p dir=\"ltr\" lang=\"de\">Ich: ziehe K1 auf der Switch in jedem Game ab.<\/p>\n<p>K1: \u201eEinfach gemein, warum kann ich keinen Vater haben, der nicht zocken kann &#8211; so wie jedes normale Kind!?!?!?!\u201c<\/p>\n<p>\ud83d\ude06<\/p>\n<p>\u2014 Anwaltsgelaber (@anwaltsgelaber) <a href=\"https:\/\/twitter.com\/anwaltsgelaber\/status\/1622302413448220672?ref_src=twsrc%5Etfw\">February 5, 2023<\/a><\/p><\/blockquote>\n<p><script async src=\"https:\/\/platform.twitter.com\/widgets.js\" charset=\"utf-8\"><\/script><\/p>\n<h3><\/h3>\n<h3>5. Alles sehr mysteri\u00f6s.<\/h3>\n<blockquote class=\"twitter-tweet\">\n<p dir=\"ltr\" lang=\"de\">Telefon.<br \/>\n&#8222;Hallo?&#8220;<br \/>\n&#8222;Hallo.&#8220;<br \/>\n&#8222;Wer ist denn da?&#8220;<br \/>\n&#8222;Eine Freundin von X.&#8220;<br \/>\n&#8222;Welche Freundin denn?&#8220;<br \/>\n&#8222;Wir sind noch nicht so lange Freundinnen.&#8220;<br \/>\n&#8222;Wie hei\u00dft du denn?&#8220;<br \/>\n&#8222;Ich will mit X spielen. &#8222;<\/p>\n<p>Klassenkameradin der 8j oder Agentin mit streng geheimer Identit\u00e4t, man wei\u00df es nicht.<\/p>\n<p>\u2014 Foffy (@FoffyMcFoff) <a href=\"https:\/\/twitter.com\/FoffyMcFoff\/status\/1622605498909396994?ref_src=twsrc%5Etfw\">February 6, 2023<\/a><\/p><\/blockquote>\n<p><script async src=\"https:\/\/platform.twitter.com\/widgets.js\" charset=\"utf-8\"><\/script><\/p>\n<p>&nbsp;<\/p>\n<h3>6. Halt, Stop! Dein Niveau, mein Niveau: Hallo, Abstand!<\/h3>\n<blockquote class=\"twitter-tweet\">\n<p dir=\"ltr\" lang=\"de\">Eine Mutter hat mein K1 angesprochen. Es w\u00fcrde ihrem Kind sehr wehtun, wenn er seinem Arm ausstreckt und \u201eStopp\u201c sagt.<\/p>\n<p>Wenn das Kind auf ihn zu rennt.<\/p>\n<p>Um ihn zu verpr\u00fcgeln.<\/p>\n<p>WTF.<\/p>\n<p>\u2014 Dr. Julia (@hallojulia) <a href=\"https:\/\/twitter.com\/hallojulia\/status\/1623328056067629061?ref_src=twsrc%5Etfw\">February 8, 2023<\/a><\/p><\/blockquote>\n<p><script src=\"https:\/\/platform.twitter.com\/widgets.js\" async=\"\" charset=\"utf-8\"><\/script><\/p>\n<p>&nbsp;<\/p>\n<h3>7. Haare wie Papa.<\/h3>\n<blockquote class=\"twitter-tweet\">\n<p dir=\"ltr\" lang=\"de\">Wir sitzen im Restaurant.<br \/>\nAn unserem Tisch laufen 3 M\u00e4nner vorbei.<br \/>\nK1 ruft total euphorisch und laut: &#8222;Die haben ja die gleichen Haare wie Papa!!!&#8220;<\/p>\n<p>&#8230;sagen wir mal so, sie haben die gleichen Haare nicht mehr, die auch der Papa nicht mehr hat&#8230;<\/p>\n<p>\u2014 MamaBell (@BellisKaeseecke) <a href=\"https:\/\/twitter.com\/BellisKaeseecke\/status\/1624123936949534740?ref_src=twsrc%5Etfw\">February 10, 2023<\/a><\/p><\/blockquote>\n<p><script src=\"https:\/\/platform.twitter.com\/widgets.js\" async=\"\" charset=\"utf-8\"><\/script><\/p>\n<h3><\/h3>\n<h3>8. Schwierig.<\/h3>\n<blockquote class=\"twitter-tweet\">\n<p dir=\"ltr\" lang=\"de\">Tochter (17):&#8220;Ich habe echt Schwierigkeiten mit der Kommasetzung.&#8220;<\/p>\n<p>Ich (Deutschlehrerin):&#8220;Ich kenne da jemanden, die k\u00f6nnte dir helfen.&#8220;<\/p>\n<p>Tochter (17):&#8220;Gewisse sp\u00e4tpubert\u00e4re Anwandlungen hindern mich leider.&#8220;<\/p>\n<p>\ud83d\ude44<\/p>\n<p>\u2014 MissTrelawny (sic!) (@fingurplaustert) <a href=\"https:\/\/twitter.com\/fingurplaustert\/status\/1623336485041602561?ref_src=twsrc%5Etfw\">February 8, 2023<\/a><\/p><\/blockquote>\n<p><script async src=\"https:\/\/platform.twitter.com\/widgets.js\" charset=\"utf-8\"><\/script><\/p>\n<p>&nbsp;<\/p>\n<h3>9. Zu gut um wahr zu sein.<\/h3>\n<blockquote class=\"twitter-tweet\">\n<p dir=\"ltr\" lang=\"de\">&#8222;Also Kinder, morgen gehen wir Schlitten fahren und am Sonntag zur Faschingsfeier.&#8220;<br \/>\n6j: &#8222;Das klingt fast ZU gut. Wo ist der Haken?&#8220;<\/p>\n<p>So jung und schon so desillusioniert.<\/p>\n<p>\u2014 Foffy (@FoffyMcFoff) <a href=\"https:\/\/twitter.com\/FoffyMcFoff\/status\/1624141114360926215?ref_src=twsrc%5Etfw\">February 10, 2023<\/a><\/p><\/blockquote>\n<p><script async src=\"https:\/\/platform.twitter.com\/widgets.js\" charset=\"utf-8\"><\/script><\/p>\n<p>&nbsp;<\/p>\n<h3>10. Im Zweifelsfalle F\u00dcR den Angeklagten!<\/h3>\n<blockquote class=\"twitter-tweet\">\n<p dir=\"ltr\" lang=\"de\">Der Sohn(7) hat im Kinderzimmer mit Filzstift seinen Namen an die Wand geschrieben, streitet dies doch vehement ab!<br \/>\nEs w\u00e4re ja &#8222;\u00fcberhaupt nicht&#8220; seine Schrift.<br \/>\nZum &#8222;Beweis&#8220; hat er eben seinen Namen noch zweimal daneben geschrieben!<\/p>\n<p>Jetzt verlangt er &#8222;Schriftproben&#8220; von uns&#8230;\ud83d\ude44<\/p>\n<p>\u2014 Maximales Drehmoment (@MaximalesD) <a href=\"https:\/\/twitter.com\/MaximalesD\/status\/1622964654686208000?ref_src=twsrc%5Etfw\">February 7, 2023<\/a><\/p><\/blockquote>\n<p><script async src=\"https:\/\/platform.twitter.com\/widgets.js\" charset=\"utf-8\"><\/script><\/p>\n<p><strong>___<\/strong><br \/>\n<strong>Vielen Dank an alle f\u00fcr die Posts!<\/strong><br \/>\n<strong>___<\/strong><\/p>\n","protected":false},"excerpt":{"rendered":"<p>Die gr\u00f6\u00dften Zitate und lustigsten Versprecher kommen auch diese Woche wieder ganz klar von den Kleinsten. Manchmal w\u00fcrde man doch auch gerne so ehrlich und&#8230;<\/p>\n","protected":false},"author":90,"featured_media":176061,"comment_status":"open","ping_status":"open","sticky":false,"template":"","format":"standard","meta":{"_acf_changed":false,"footnotes":""},"categories":[106,1728,35],"tags":[1374,1039,1040],"class_list":["post-175960","post","type-post","status-publish","format-standard","has-post-thumbnail","hentry","category-best-of","category-humor","category-twitter","tag-humor","tag-kinder","tag-kindermund"],"acf":[],"yoast_head":"<!-- This site is optimized with the Yoast SEO plugin v27.5 - https:\/\/yoast.com\/product\/yoast-seo-wordpress\/ -->\n<title>Mama, deine Frisur ist nicht so sch\u00f6n: Kinderspr\u00fcche der Woche<\/title>\n<meta name=\"robots\" content=\"index, follow, max-snippet:-1, max-image-preview:large, max-video-preview:-1\" \/>\n<link rel=\"canonical\" href=\"https:\/\/www.thebestsocial.media\/de\/mama-deine-frisur-ist-nicht-so-schoen-top-10-kindersprueche-der-woche\/\" \/>\n<meta property=\"og:locale\" content=\"de_DE\" \/>\n<meta property=\"og:type\" content=\"article\" \/>\n<meta property=\"og:title\" content=\"Mama, deine Frisur ist nicht so sch\u00f6n: Top 10 Kinderspr\u00fcche der Woche\" \/>\n<meta property=\"og:description\" content=\"Die gr\u00f6\u00dften Zitate und lustigsten Versprecher kommen auch diese Woche wieder ganz klar von den Kleinsten. Manchmal w\u00fcrde man doch auch gerne so ehrlich und...\" \/>\n<meta property=\"og:url\" content=\"https:\/\/www.thebestsocial.media\/de\/mama-deine-frisur-ist-nicht-so-schoen-top-10-kindersprueche-der-woche\/\" \/>\n<meta property=\"og:site_name\" content=\"The Best Social Media DE\" \/>\n<meta property=\"article:published_time\" content=\"2023-02-11T22:02:05+00:00\" \/>\n<meta property=\"article:modified_time\" content=\"2023-02-11T22:07:08+00:00\" \/>\n<meta property=\"og:image\" content=\"https:\/\/www.thebestsocial.media\/de\/wp-content\/uploads\/sites\/3\/2023\/02\/kinder_fb-1.png\" \/>\n\t<meta property=\"og:image:width\" content=\"1200\" \/>\n\t<meta property=\"og:image:height\" content=\"630\" \/>\n\t<meta property=\"og:image:type\" content=\"image\/png\" \/>\n<meta name=\"author\" content=\"Johanna\" \/>\n<meta name=\"twitter:card\" content=\"summary_large_image\" \/>\n<meta name=\"twitter:label1\" content=\"Verfasst von\" \/>\n\t<meta name=\"twitter:data1\" content=\"Johanna\" \/>\n\t<meta name=\"twitter:label2\" content=\"Gesch\u00e4tzte Lesezeit\" \/>\n\t<meta name=\"twitter:data2\" content=\"3\u00a0Minuten\" \/>\n<script type=\"application\/ld+json\" class=\"yoast-schema-graph\">{\"@context\":\"https:\\\/\\\/schema.org\",\"@graph\":[{\"@type\":\"Article\",\"@id\":\"https:\\\/\\\/www.thebestsocial.media\\\/de\\\/mama-deine-frisur-ist-nicht-so-schoen-top-10-kindersprueche-der-woche\\\/#article\",\"isPartOf\":{\"@id\":\"https:\\\/\\\/www.thebestsocial.media\\\/de\\\/mama-deine-frisur-ist-nicht-so-schoen-top-10-kindersprueche-der-woche\\\/\"},\"author\":{\"name\":\"Johanna\",\"@id\":\"https:\\\/\\\/www.thebestsocial.media\\\/de\\\/#\\\/schema\\\/person\\\/7e4e6d79bd9a1bd4abfc2c44bdca4ae5\"},\"headline\":\"Mama, deine Frisur ist nicht so sch\u00f6n: Top 10 Kinderspr\u00fcche der Woche\",\"datePublished\":\"2023-02-11T22:02:05+00:00\",\"dateModified\":\"2023-02-11T22:07:08+00:00\",\"mainEntityOfPage\":{\"@id\":\"https:\\\/\\\/www.thebestsocial.media\\\/de\\\/mama-deine-frisur-ist-nicht-so-schoen-top-10-kindersprueche-der-woche\\\/\"},\"wordCount\":522,\"commentCount\":0,\"image\":{\"@id\":\"https:\\\/\\\/www.thebestsocial.media\\\/de\\\/mama-deine-frisur-ist-nicht-so-schoen-top-10-kindersprueche-der-woche\\\/#primaryimage\"},\"thumbnailUrl\":\"https:\\\/\\\/www.thebestsocial.media\\\/de\\\/wp-content\\\/uploads\\\/sites\\\/3\\\/2023\\\/02\\\/kinder.png\",\"keywords\":[\"humor\",\"Kinder\",\"Kindermund\"],\"articleSection\":[\"Best of\",\"Humor\",\"Twitter\"],\"inLanguage\":\"de\",\"potentialAction\":[{\"@type\":\"CommentAction\",\"name\":\"Comment\",\"target\":[\"https:\\\/\\\/www.thebestsocial.media\\\/de\\\/mama-deine-frisur-ist-nicht-so-schoen-top-10-kindersprueche-der-woche\\\/#respond\"]}]},{\"@type\":\"WebPage\",\"@id\":\"https:\\\/\\\/www.thebestsocial.media\\\/de\\\/mama-deine-frisur-ist-nicht-so-schoen-top-10-kindersprueche-der-woche\\\/\",\"url\":\"https:\\\/\\\/www.thebestsocial.media\\\/de\\\/mama-deine-frisur-ist-nicht-so-schoen-top-10-kindersprueche-der-woche\\\/\",\"name\":\"Mama, deine Frisur ist nicht so sch\u00f6n: Kinderspr\u00fcche der Woche\",\"isPartOf\":{\"@id\":\"https:\\\/\\\/www.thebestsocial.media\\\/de\\\/#website\"},\"primaryImageOfPage\":{\"@id\":\"https:\\\/\\\/www.thebestsocial.media\\\/de\\\/mama-deine-frisur-ist-nicht-so-schoen-top-10-kindersprueche-der-woche\\\/#primaryimage\"},\"image\":{\"@id\":\"https:\\\/\\\/www.thebestsocial.media\\\/de\\\/mama-deine-frisur-ist-nicht-so-schoen-top-10-kindersprueche-der-woche\\\/#primaryimage\"},\"thumbnailUrl\":\"https:\\\/\\\/www.thebestsocial.media\\\/de\\\/wp-content\\\/uploads\\\/sites\\\/3\\\/2023\\\/02\\\/kinder.png\",\"datePublished\":\"2023-02-11T22:02:05+00:00\",\"dateModified\":\"2023-02-11T22:07:08+00:00\",\"author\":{\"@id\":\"https:\\\/\\\/www.thebestsocial.media\\\/de\\\/#\\\/schema\\\/person\\\/7e4e6d79bd9a1bd4abfc2c44bdca4ae5\"},\"breadcrumb\":{\"@id\":\"https:\\\/\\\/www.thebestsocial.media\\\/de\\\/mama-deine-frisur-ist-nicht-so-schoen-top-10-kindersprueche-der-woche\\\/#breadcrumb\"},\"inLanguage\":\"de\",\"potentialAction\":[{\"@type\":\"ReadAction\",\"target\":[\"https:\\\/\\\/www.thebestsocial.media\\\/de\\\/mama-deine-frisur-ist-nicht-so-schoen-top-10-kindersprueche-der-woche\\\/\"]}]},{\"@type\":\"ImageObject\",\"inLanguage\":\"de\",\"@id\":\"https:\\\/\\\/www.thebestsocial.media\\\/de\\\/mama-deine-frisur-ist-nicht-so-schoen-top-10-kindersprueche-der-woche\\\/#primaryimage\",\"url\":\"https:\\\/\\\/www.thebestsocial.media\\\/de\\\/wp-content\\\/uploads\\\/sites\\\/3\\\/2023\\\/02\\\/kinder.png\",\"contentUrl\":\"https:\\\/\\\/www.thebestsocial.media\\\/de\\\/wp-content\\\/uploads\\\/sites\\\/3\\\/2023\\\/02\\\/kinder.png\",\"width\":958,\"height\":539,\"caption\":\"Kinderspr\u00fcche\"},{\"@type\":\"BreadcrumbList\",\"@id\":\"https:\\\/\\\/www.thebestsocial.media\\\/de\\\/mama-deine-frisur-ist-nicht-so-schoen-top-10-kindersprueche-der-woche\\\/#breadcrumb\",\"itemListElement\":[{\"@type\":\"ListItem\",\"position\":1,\"name\":\"Home\",\"item\":\"https:\\\/\\\/www.thebestsocial.media\\\/de\\\/\"},{\"@type\":\"ListItem\",\"position\":2,\"name\":\"Mama, deine Frisur ist nicht so sch\u00f6n: Top 10 Kinderspr\u00fcche der Woche\"}]},{\"@type\":\"WebSite\",\"@id\":\"https:\\\/\\\/www.thebestsocial.media\\\/de\\\/#website\",\"url\":\"https:\\\/\\\/www.thebestsocial.media\\\/de\\\/\",\"name\":\"The Best Social Media DE\",\"description\":\"\",\"potentialAction\":[{\"@type\":\"SearchAction\",\"target\":{\"@type\":\"EntryPoint\",\"urlTemplate\":\"https:\\\/\\\/www.thebestsocial.media\\\/de\\\/?s={search_term_string}\"},\"query-input\":{\"@type\":\"PropertyValueSpecification\",\"valueRequired\":true,\"valueName\":\"search_term_string\"}}],\"inLanguage\":\"de\"},{\"@type\":\"Person\",\"@id\":\"https:\\\/\\\/www.thebestsocial.media\\\/de\\\/#\\\/schema\\\/person\\\/7e4e6d79bd9a1bd4abfc2c44bdca4ae5\",\"name\":\"Johanna\",\"image\":{\"@type\":\"ImageObject\",\"inLanguage\":\"de\",\"@id\":\"https:\\\/\\\/secure.gravatar.com\\\/avatar\\\/75ce1fe18a6340c6127d32732e3615cd7010e7ce8c30f9e6460ebb4736008f68?s=96&d=mm&r=g\",\"url\":\"https:\\\/\\\/secure.gravatar.com\\\/avatar\\\/75ce1fe18a6340c6127d32732e3615cd7010e7ce8c30f9e6460ebb4736008f68?s=96&d=mm&r=g\",\"contentUrl\":\"https:\\\/\\\/secure.gravatar.com\\\/avatar\\\/75ce1fe18a6340c6127d32732e3615cd7010e7ce8c30f9e6460ebb4736008f68?s=96&d=mm&r=g\",\"caption\":\"Johanna\"},\"url\":\"https:\\\/\\\/www.thebestsocial.media\\\/de\\\/author\\\/johannamichaels\\\/\"}]}<\/script>\n<!-- \/ Yoast SEO plugin. -->","yoast_head_json":{"title":"Mama, deine Frisur ist nicht so sch\u00f6n: Kinderspr\u00fcche der Woche","robots":{"index":"index","follow":"follow","max-snippet":"max-snippet:-1","max-image-preview":"max-image-preview:large","max-video-preview":"max-video-preview:-1"},"canonical":"https:\/\/www.thebestsocial.media\/de\/mama-deine-frisur-ist-nicht-so-schoen-top-10-kindersprueche-der-woche\/","og_locale":"de_DE","og_type":"article","og_title":"Mama, deine Frisur ist nicht so sch\u00f6n: Top 10 Kinderspr\u00fcche der Woche","og_description":"Die gr\u00f6\u00dften Zitate und lustigsten Versprecher kommen auch diese Woche wieder ganz klar von den Kleinsten. Manchmal w\u00fcrde man doch auch gerne so ehrlich und...","og_url":"https:\/\/www.thebestsocial.media\/de\/mama-deine-frisur-ist-nicht-so-schoen-top-10-kindersprueche-der-woche\/","og_site_name":"The Best Social Media DE","article_published_time":"2023-02-11T22:02:05+00:00","article_modified_time":"2023-02-11T22:07:08+00:00","og_image":[{"width":1200,"height":630,"url":"https:\/\/www.thebestsocial.media\/de\/wp-content\/uploads\/sites\/3\/2023\/02\/kinder_fb-1.png","type":"image\/png"}],"author":"Johanna","twitter_card":"summary_large_image","twitter_misc":{"Verfasst von":"Johanna","Gesch\u00e4tzte Lesezeit":"3\u00a0Minuten"},"schema":{"@context":"https:\/\/schema.org","@graph":[{"@type":"Article","@id":"https:\/\/www.thebestsocial.media\/de\/mama-deine-frisur-ist-nicht-so-schoen-top-10-kindersprueche-der-woche\/#article","isPartOf":{"@id":"https:\/\/www.thebestsocial.media\/de\/mama-deine-frisur-ist-nicht-so-schoen-top-10-kindersprueche-der-woche\/"},"author":{"name":"Johanna","@id":"https:\/\/www.thebestsocial.media\/de\/#\/schema\/person\/7e4e6d79bd9a1bd4abfc2c44bdca4ae5"},"headline":"Mama, deine Frisur ist nicht so sch\u00f6n: Top 10 Kinderspr\u00fcche der Woche","datePublished":"2023-02-11T22:02:05+00:00","dateModified":"2023-02-11T22:07:08+00:00","mainEntityOfPage":{"@id":"https:\/\/www.thebestsocial.media\/de\/mama-deine-frisur-ist-nicht-so-schoen-top-10-kindersprueche-der-woche\/"},"wordCount":522,"commentCount":0,"image":{"@id":"https:\/\/www.thebestsocial.media\/de\/mama-deine-frisur-ist-nicht-so-schoen-top-10-kindersprueche-der-woche\/#primaryimage"},"thumbnailUrl":"https:\/\/www.thebestsocial.media\/de\/wp-content\/uploads\/sites\/3\/2023\/02\/kinder.png","keywords":["humor","Kinder","Kindermund"],"articleSection":["Best of","Humor","Twitter"],"inLanguage":"de","potentialAction":[{"@type":"CommentAction","name":"Comment","target":["https:\/\/www.thebestsocial.media\/de\/mama-deine-frisur-ist-nicht-so-schoen-top-10-kindersprueche-der-woche\/#respond"]}]},{"@type":"WebPage","@id":"https:\/\/www.thebestsocial.media\/de\/mama-deine-frisur-ist-nicht-so-schoen-top-10-kindersprueche-der-woche\/","url":"https:\/\/www.thebestsocial.media\/de\/mama-deine-frisur-ist-nicht-so-schoen-top-10-kindersprueche-der-woche\/","name":"Mama, deine Frisur ist nicht so sch\u00f6n: Kinderspr\u00fcche der Woche","isPartOf":{"@id":"https:\/\/www.thebestsocial.media\/de\/#website"},"primaryImageOfPage":{"@id":"https:\/\/www.thebestsocial.media\/de\/mama-deine-frisur-ist-nicht-so-schoen-top-10-kindersprueche-der-woche\/#primaryimage"},"image":{"@id":"https:\/\/www.thebestsocial.media\/de\/mama-deine-frisur-ist-nicht-so-schoen-top-10-kindersprueche-der-woche\/#primaryimage"},"thumbnailUrl":"https:\/\/www.thebestsocial.media\/de\/wp-content\/uploads\/sites\/3\/2023\/02\/kinder.png","datePublished":"2023-02-11T22:02:05+00:00","dateModified":"2023-02-11T22:07:08+00:00","author":{"@id":"https:\/\/www.thebestsocial.media\/de\/#\/schema\/person\/7e4e6d79bd9a1bd4abfc2c44bdca4ae5"},"breadcrumb":{"@id":"https:\/\/www.thebestsocial.media\/de\/mama-deine-frisur-ist-nicht-so-schoen-top-10-kindersprueche-der-woche\/#breadcrumb"},"inLanguage":"de","potentialAction":[{"@type":"ReadAction","target":["https:\/\/www.thebestsocial.media\/de\/mama-deine-frisur-ist-nicht-so-schoen-top-10-kindersprueche-der-woche\/"]}]},{"@type":"ImageObject","inLanguage":"de","@id":"https:\/\/www.thebestsocial.media\/de\/mama-deine-frisur-ist-nicht-so-schoen-top-10-kindersprueche-der-woche\/#primaryimage","url":"https:\/\/www.thebestsocial.media\/de\/wp-content\/uploads\/sites\/3\/2023\/02\/kinder.png","contentUrl":"https:\/\/www.thebestsocial.media\/de\/wp-content\/uploads\/sites\/3\/2023\/02\/kinder.png","width":958,"height":539,"caption":"Kinderspr\u00fcche"},{"@type":"BreadcrumbList","@id":"https:\/\/www.thebestsocial.media\/de\/mama-deine-frisur-ist-nicht-so-schoen-top-10-kindersprueche-der-woche\/#breadcrumb","itemListElement":[{"@type":"ListItem","position":1,"name":"Home","item":"https:\/\/www.thebestsocial.media\/de\/"},{"@type":"ListItem","position":2,"name":"Mama, deine Frisur ist nicht so sch\u00f6n: Top 10 Kinderspr\u00fcche der Woche"}]},{"@type":"WebSite","@id":"https:\/\/www.thebestsocial.media\/de\/#website","url":"https:\/\/www.thebestsocial.media\/de\/","name":"The Best Social Media DE","description":"","potentialAction":[{"@type":"SearchAction","target":{"@type":"EntryPoint","urlTemplate":"https:\/\/www.thebestsocial.media\/de\/?s={search_term_string}"},"query-input":{"@type":"PropertyValueSpecification","valueRequired":true,"valueName":"search_term_string"}}],"inLanguage":"de"},{"@type":"Person","@id":"https:\/\/www.thebestsocial.media\/de\/#\/schema\/person\/7e4e6d79bd9a1bd4abfc2c44bdca4ae5","name":"Johanna","image":{"@type":"ImageObject","inLanguage":"de","@id":"https:\/\/secure.gravatar.com\/avatar\/75ce1fe18a6340c6127d32732e3615cd7010e7ce8c30f9e6460ebb4736008f68?s=96&d=mm&r=g","url":"https:\/\/secure.gravatar.com\/avatar\/75ce1fe18a6340c6127d32732e3615cd7010e7ce8c30f9e6460ebb4736008f68?s=96&d=mm&r=g","contentUrl":"https:\/\/secure.gravatar.com\/avatar\/75ce1fe18a6340c6127d32732e3615cd7010e7ce8c30f9e6460ebb4736008f68?s=96&d=mm&r=g","caption":"Johanna"},"url":"https:\/\/www.thebestsocial.media\/de\/author\/johannamichaels\/"}]}},"amp_enabled":true,"_links":{"self":[{"href":"https:\/\/www.thebestsocial.media\/de\/wp-json\/wp\/v2\/posts\/175960","targetHints":{"allow":["GET"]}}],"collection":[{"href":"https:\/\/www.thebestsocial.media\/de\/wp-json\/wp\/v2\/posts"}],"about":[{"href":"https:\/\/www.thebestsocial.media\/de\/wp-json\/wp\/v2\/types\/post"}],"author":[{"embeddable":true,"href":"https:\/\/www.thebestsocial.media\/de\/wp-json\/wp\/v2\/users\/90"}],"replies":[{"embeddable":true,"href":"https:\/\/www.thebestsocial.media\/de\/wp-json\/wp\/v2\/comments?post=175960"}],"version-history":[{"count":11,"href":"https:\/\/www.thebestsocial.media\/de\/wp-json\/wp\/v2\/posts\/175960\/revisions"}],"predecessor-version":[{"id":176066,"href":"https:\/\/www.thebestsocial.media\/de\/wp-json\/wp\/v2\/posts\/175960\/revisions\/176066"}],"wp:featuredmedia":[{"embeddable":true,"href":"https:\/\/www.thebestsocial.media\/de\/wp-json\/wp\/v2\/media\/176061"}],"wp:attachment":[{"href":"https:\/\/www.thebestsocial.media\/de\/wp-json\/wp\/v2\/media?parent=175960"}],"wp:term":[{"taxonomy":"category","embeddable":true,"href":"https:\/\/www.thebestsocial.media\/de\/wp-json\/wp\/v2\/categories?post=175960"},{"taxonomy":"post_tag","embeddable":true,"href":"https:\/\/www.thebestsocial.media\/de\/wp-json\/wp\/v2\/tags?post=175960"}],"curies":[{"name":"wp","href":"https:\/\/api.w.org\/{rel}","templated":true}]}}