{"id":175720,"date":"2023-02-07T12:29:10","date_gmt":"2023-02-07T12:29:10","guid":{"rendered":"https:\/\/www.thebestsocial.media\/de\/?p=175720"},"modified":"2023-02-07T12:29:10","modified_gmt":"2023-02-07T12:29:10","slug":"buettenrede-ueber-merz-sorgt-fuer-viele-lacher-ausser-bei-ihm","status":"publish","type":"post","link":"https:\/\/www.thebestsocial.media\/de\/buettenrede-ueber-merz-sorgt-fuer-viele-lacher-ausser-bei-ihm\/","title":{"rendered":"B\u00fcttenrede \u00fcber Merz sorgt f\u00fcr viele Lacher &#8211; au\u00dfer bei ihm"},"content":{"rendered":"<p>Es ist wieder Karneval und wie jedes Jahr beteiligen sich auch Politiker*innen an den Narreteien. Schon \u00f6fter sorgten hierbei ihre B\u00fcttenreden f\u00fcr Aufsehen. So auch j\u00fcngst die von FDP-Politikerin Marie-Agnes Strack-Zimmermann, in der sie sich ihren Kollegen Friedrich Merz vorkn\u00f6pfte. Im johlenden Publikum sa\u00df auch Merz h\u00f6chstselbst &#8211; und schien eher wenig begeistert.<\/p>\n<p>&nbsp;<\/p>\n<h3>Naja, seht selbst:<\/h3>\n<blockquote class=\"twitter-tweet\">\n<p dir=\"ltr\" lang=\"de\">Das Sch\u00f6nste daran ist nat\u00fcrlich, dass der Fritz da hockt und zuh\u00f6ren muss. Pures Grimassen-Gold, was da in seinem Gesicht passiert. <a href=\"https:\/\/t.co\/v6hQ1laTk3\">https:\/\/t.co\/v6hQ1laTk3<\/a><\/p>\n<p>\u2014 Markus Barth (@tweetbarth) <a href=\"https:\/\/twitter.com\/tweetbarth\/status\/1622918387834802176?ref_src=twsrc%5Etfw\">February 7, 2023<\/a><\/p><\/blockquote>\n<p><script async src=\"https:\/\/platform.twitter.com\/widgets.js\" charset=\"utf-8\"><\/script><\/p>\n<p>&nbsp;<\/p>\n<h3>Kommt einem irgendwie bekannt vor&#8230;?<\/h3>\n<blockquote class=\"twitter-tweet\">\n<p dir=\"ltr\" lang=\"en\">same energy<a href=\"https:\/\/twitter.com\/hashtag\/StrackZimmermann?src=hash&amp;ref_src=twsrc%5Etfw\">#StrackZimmermann<\/a> <a href=\"https:\/\/twitter.com\/hashtag\/merz?src=hash&amp;ref_src=twsrc%5Etfw\">#merz<\/a> <a href=\"https:\/\/t.co\/tuNqT153Qy\">pic.twitter.com\/tuNqT153Qy<\/a><\/p>\n<p>\u2014 Roman Wagner (@RealRomanWagner) <a href=\"https:\/\/twitter.com\/RealRomanWagner\/status\/1622907754410041345?ref_src=twsrc%5Etfw\">February 7, 2023<\/a><\/p><\/blockquote>\n<p><script async src=\"https:\/\/platform.twitter.com\/widgets.js\" charset=\"utf-8\"><\/script><\/p>\n<h3>Wer \u00fcber sich selbst lachen kann, ist klar im Vorteil.<\/h3>\n<blockquote class=\"twitter-tweet\">\n<p dir=\"ltr\" lang=\"de\">Taxi nach Aachen: 38\u20ac<br \/>\nKleines Mineralwasser mit Zitrone: 5,90\u20ac<\/p>\n<p>Es gibt Dinge die kann man nicht kaufen, nicht mal mit der schwarzen Mastercard der Sparkasse Arnsberg Sundern.<\/p>\n<p>Humor zum Beispiel, oder ein L\u00e4cheln. <a href=\"https:\/\/twitter.com\/hashtag\/Merz?src=hash&amp;ref_src=twsrc%5Etfw\">#Merz<\/a> <a href=\"https:\/\/twitter.com\/hashtag\/StrackZimmermann?src=hash&amp;ref_src=twsrc%5Etfw\">#StrackZimmermann<\/a> <a href=\"https:\/\/t.co\/j9a3GyLX3B\">pic.twitter.com\/j9a3GyLX3B<\/a><\/p>\n<p>\u2014 DennisKBerlin (@DennisKBerlin) <a href=\"https:\/\/twitter.com\/DennisKBerlin\/status\/1622893013792960512?ref_src=twsrc%5Etfw\">February 7, 2023<\/a><\/p><\/blockquote>\n<p><script async src=\"https:\/\/platform.twitter.com\/widgets.js\" charset=\"utf-8\"><\/script><\/p>\n<p>&nbsp;<\/p>\n<h3>Oh oh&#8230;<\/h3>\n<blockquote class=\"twitter-tweet\">\n<p dir=\"ltr\" lang=\"de\">ich glaub die rede von strack zimmermann war friedrich merz&#8216; joker moment jetzt geht er endg\u00fcltig bonkers <a href=\"https:\/\/t.co\/7Yo0oee9Us\">pic.twitter.com\/7Yo0oee9Us<\/a><\/p>\n<p>\u2014 felix (@felixievich) <a href=\"https:\/\/twitter.com\/felixievich\/status\/1622912142960734208?ref_src=twsrc%5Etfw\">February 7, 2023<\/a><\/p><\/blockquote>\n<p><script async src=\"https:\/\/platform.twitter.com\/widgets.js\" charset=\"utf-8\"><\/script><\/p>\n<p>&nbsp;<\/p>\n<h3>Und was sagt sie selbst zu der ganzen Resonanz?<\/h3>\n<blockquote class=\"twitter-tweet\">\n<p dir=\"ltr\" lang=\"de\">Ich finde es v\u00f6llig in Ordnung, wenn Personen nicht \u00fcber meine Rede lachen k\u00f6nnen. Karnevalismus ist nicht gottgegeben. Aber anscheinend lohnt es sich, f\u00fcr ein besseres humoristisches Verst\u00e4ndnis den gesch\u00e4tzten Kollegen Hendrik W\u00fcst (CDU) zu fragen. \ud83d\ude07 <a href=\"https:\/\/t.co\/uNkhzwRAGl\">pic.twitter.com\/uNkhzwRAGl<\/a><\/p>\n<p>\u2014 Marie-Agnes Strack-Zimmermann (@MAStrackZi) <a href=\"https:\/\/twitter.com\/MAStrackZi\/status\/1622885560787369984?ref_src=twsrc%5Etfw\">February 7, 2023<\/a><\/p><\/blockquote>\n<p><script async src=\"https:\/\/platform.twitter.com\/widgets.js\" charset=\"utf-8\"><\/script><br \/>\n__________<\/p>\n<p>Vielen Dank an alle f\u00fcr die Posts!<\/p>\n<p>__________<\/p>\n<footer><\/footer>\n<div class=\"ob-smartfeed-wrapper feedIdx-1\">\n<div id=\"outbrain_widget_1\" class=\"OUTBRAIN\" data-src=\"https:\/\/www.thebestsocial.media\/de\/?p=174630\" data-widget-id=\"GS_1\" data-ob-mark=\"true\" data-browser=\"chrome\" data-os=\"macintel\" data-dynload=\"\" data-idx=\"1\">\n<div class=\"ob-widget ob-feed-layout GS_1\">\n<div class=\"ob-widget-header\"><\/div>\n<\/div>\n<\/div>\n<\/div>\n","protected":false},"excerpt":{"rendered":"<p>Es ist wieder Karneval und wie jedes Jahr beteiligen sich auch Politiker*innen an den Narreteien. Schon \u00f6fter sorgten hierbei ihre B\u00fcttenreden f\u00fcr Aufsehen. So auch&#8230;<\/p>\n","protected":false},"author":73,"featured_media":175752,"comment_status":"open","ping_status":"open","sticky":false,"template":"","format":"standard","meta":{"_acf_changed":false,"footnotes":""},"categories":[460,1728,35,182],"tags":[4541,170,2781],"class_list":["post-175720","post","type-post","status-publish","format-standard","has-post-thumbnail","hentry","category-fail","category-humor","category-twitter","category-videos","tag-friedrich-merz","tag-karneval","tag-politiker"],"acf":[],"yoast_head":"<!-- This site is optimized with the Yoast SEO plugin v27.5 - https:\/\/yoast.com\/product\/yoast-seo-wordpress\/ -->\n<title>B\u00fcttenrede \u00fcber Merz sorgt f\u00fcr viele Lacher - au\u00dfer bei ihm selbst<\/title>\n<meta name=\"robots\" content=\"index, follow, max-snippet:-1, max-image-preview:large, max-video-preview:-1\" \/>\n<link rel=\"canonical\" href=\"https:\/\/www.thebestsocial.media\/de\/buettenrede-ueber-merz-sorgt-fuer-viele-lacher-ausser-bei-ihm\/\" \/>\n<meta property=\"og:locale\" content=\"de_DE\" \/>\n<meta property=\"og:type\" content=\"article\" \/>\n<meta property=\"og:title\" content=\"B\u00fcttenrede \u00fcber Merz sorgt f\u00fcr viele Lacher - au\u00dfer bei ihm selbst\" \/>\n<meta property=\"og:description\" content=\"Es ist wieder Karneval und wie jedes Jahr beteiligen sich auch Politiker*innen an den Narreteien. Schon \u00f6fter sorgten hierbei ihre B\u00fcttenreden f\u00fcr Aufsehen. So auch...\" \/>\n<meta property=\"og:url\" content=\"https:\/\/www.thebestsocial.media\/de\/buettenrede-ueber-merz-sorgt-fuer-viele-lacher-ausser-bei-ihm\/\" \/>\n<meta property=\"og:site_name\" content=\"The Best Social Media DE\" \/>\n<meta property=\"article:published_time\" content=\"2023-02-07T12:29:10+00:00\" \/>\n<meta property=\"og:image\" content=\"https:\/\/www.thebestsocial.media\/de\/wp-content\/uploads\/sites\/3\/2023\/02\/header-merzbuettenrede.png\" \/>\n\t<meta property=\"og:image:width\" content=\"1200\" \/>\n\t<meta property=\"og:image:height\" content=\"630\" \/>\n\t<meta property=\"og:image:type\" content=\"image\/png\" \/>\n<meta name=\"author\" content=\"Helene Mei\u00dfner\" \/>\n<meta name=\"twitter:card\" content=\"summary_large_image\" \/>\n<meta name=\"twitter:label1\" content=\"Verfasst von\" \/>\n\t<meta name=\"twitter:data1\" content=\"Helene Mei\u00dfner\" \/>\n\t<meta name=\"twitter:label2\" content=\"Gesch\u00e4tzte Lesezeit\" \/>\n\t<meta name=\"twitter:data2\" content=\"2\u00a0Minuten\" \/>\n<script type=\"application\/ld+json\" class=\"yoast-schema-graph\">{\"@context\":\"https:\\\/\\\/schema.org\",\"@graph\":[{\"@type\":\"Article\",\"@id\":\"https:\\\/\\\/www.thebestsocial.media\\\/de\\\/buettenrede-ueber-merz-sorgt-fuer-viele-lacher-ausser-bei-ihm\\\/#article\",\"isPartOf\":{\"@id\":\"https:\\\/\\\/www.thebestsocial.media\\\/de\\\/buettenrede-ueber-merz-sorgt-fuer-viele-lacher-ausser-bei-ihm\\\/\"},\"author\":{\"name\":\"Helene Mei\u00dfner\",\"@id\":\"https:\\\/\\\/www.thebestsocial.media\\\/de\\\/#\\\/schema\\\/person\\\/6267acc046505b90b912687a039220df\"},\"headline\":\"B\u00fcttenrede \u00fcber Merz sorgt f\u00fcr viele Lacher &#8211; au\u00dfer bei ihm\",\"datePublished\":\"2023-02-07T12:29:10+00:00\",\"mainEntityOfPage\":{\"@id\":\"https:\\\/\\\/www.thebestsocial.media\\\/de\\\/buettenrede-ueber-merz-sorgt-fuer-viele-lacher-ausser-bei-ihm\\\/\"},\"wordCount\":282,\"commentCount\":0,\"image\":{\"@id\":\"https:\\\/\\\/www.thebestsocial.media\\\/de\\\/buettenrede-ueber-merz-sorgt-fuer-viele-lacher-ausser-bei-ihm\\\/#primaryimage\"},\"thumbnailUrl\":\"https:\\\/\\\/www.thebestsocial.media\\\/de\\\/wp-content\\\/uploads\\\/sites\\\/3\\\/2023\\\/02\\\/streamer-2080466_1920.jpg\",\"keywords\":[\"Friedrich Merz\",\"Karneval\",\"Politiker\"],\"articleSection\":[\"Fail\",\"Humor\",\"Twitter\",\"Videos\"],\"inLanguage\":\"de\",\"potentialAction\":[{\"@type\":\"CommentAction\",\"name\":\"Comment\",\"target\":[\"https:\\\/\\\/www.thebestsocial.media\\\/de\\\/buettenrede-ueber-merz-sorgt-fuer-viele-lacher-ausser-bei-ihm\\\/#respond\"]}]},{\"@type\":\"WebPage\",\"@id\":\"https:\\\/\\\/www.thebestsocial.media\\\/de\\\/buettenrede-ueber-merz-sorgt-fuer-viele-lacher-ausser-bei-ihm\\\/\",\"url\":\"https:\\\/\\\/www.thebestsocial.media\\\/de\\\/buettenrede-ueber-merz-sorgt-fuer-viele-lacher-ausser-bei-ihm\\\/\",\"name\":\"B\u00fcttenrede \u00fcber Merz sorgt f\u00fcr viele Lacher - au\u00dfer bei ihm selbst\",\"isPartOf\":{\"@id\":\"https:\\\/\\\/www.thebestsocial.media\\\/de\\\/#website\"},\"primaryImageOfPage\":{\"@id\":\"https:\\\/\\\/www.thebestsocial.media\\\/de\\\/buettenrede-ueber-merz-sorgt-fuer-viele-lacher-ausser-bei-ihm\\\/#primaryimage\"},\"image\":{\"@id\":\"https:\\\/\\\/www.thebestsocial.media\\\/de\\\/buettenrede-ueber-merz-sorgt-fuer-viele-lacher-ausser-bei-ihm\\\/#primaryimage\"},\"thumbnailUrl\":\"https:\\\/\\\/www.thebestsocial.media\\\/de\\\/wp-content\\\/uploads\\\/sites\\\/3\\\/2023\\\/02\\\/streamer-2080466_1920.jpg\",\"datePublished\":\"2023-02-07T12:29:10+00:00\",\"author\":{\"@id\":\"https:\\\/\\\/www.thebestsocial.media\\\/de\\\/#\\\/schema\\\/person\\\/6267acc046505b90b912687a039220df\"},\"breadcrumb\":{\"@id\":\"https:\\\/\\\/www.thebestsocial.media\\\/de\\\/buettenrede-ueber-merz-sorgt-fuer-viele-lacher-ausser-bei-ihm\\\/#breadcrumb\"},\"inLanguage\":\"de\",\"potentialAction\":[{\"@type\":\"ReadAction\",\"target\":[\"https:\\\/\\\/www.thebestsocial.media\\\/de\\\/buettenrede-ueber-merz-sorgt-fuer-viele-lacher-ausser-bei-ihm\\\/\"]}]},{\"@type\":\"ImageObject\",\"inLanguage\":\"de\",\"@id\":\"https:\\\/\\\/www.thebestsocial.media\\\/de\\\/buettenrede-ueber-merz-sorgt-fuer-viele-lacher-ausser-bei-ihm\\\/#primaryimage\",\"url\":\"https:\\\/\\\/www.thebestsocial.media\\\/de\\\/wp-content\\\/uploads\\\/sites\\\/3\\\/2023\\\/02\\\/streamer-2080466_1920.jpg\",\"contentUrl\":\"https:\\\/\\\/www.thebestsocial.media\\\/de\\\/wp-content\\\/uploads\\\/sites\\\/3\\\/2023\\\/02\\\/streamer-2080466_1920.jpg\",\"width\":1920,\"height\":886},{\"@type\":\"BreadcrumbList\",\"@id\":\"https:\\\/\\\/www.thebestsocial.media\\\/de\\\/buettenrede-ueber-merz-sorgt-fuer-viele-lacher-ausser-bei-ihm\\\/#breadcrumb\",\"itemListElement\":[{\"@type\":\"ListItem\",\"position\":1,\"name\":\"Home\",\"item\":\"https:\\\/\\\/www.thebestsocial.media\\\/de\\\/\"},{\"@type\":\"ListItem\",\"position\":2,\"name\":\"B\u00fcttenrede \u00fcber Merz sorgt f\u00fcr viele Lacher &#8211; au\u00dfer bei ihm\"}]},{\"@type\":\"WebSite\",\"@id\":\"https:\\\/\\\/www.thebestsocial.media\\\/de\\\/#website\",\"url\":\"https:\\\/\\\/www.thebestsocial.media\\\/de\\\/\",\"name\":\"The Best Social Media DE\",\"description\":\"\",\"potentialAction\":[{\"@type\":\"SearchAction\",\"target\":{\"@type\":\"EntryPoint\",\"urlTemplate\":\"https:\\\/\\\/www.thebestsocial.media\\\/de\\\/?s={search_term_string}\"},\"query-input\":{\"@type\":\"PropertyValueSpecification\",\"valueRequired\":true,\"valueName\":\"search_term_string\"}}],\"inLanguage\":\"de\"},{\"@type\":\"Person\",\"@id\":\"https:\\\/\\\/www.thebestsocial.media\\\/de\\\/#\\\/schema\\\/person\\\/6267acc046505b90b912687a039220df\",\"name\":\"Helene Mei\u00dfner\",\"image\":{\"@type\":\"ImageObject\",\"inLanguage\":\"de\",\"@id\":\"https:\\\/\\\/secure.gravatar.com\\\/avatar\\\/6639fc0397860ac2c2e11b018c1f14be4a46c2378a91ac1b35730b724675daa8?s=96&d=mm&r=g\",\"url\":\"https:\\\/\\\/secure.gravatar.com\\\/avatar\\\/6639fc0397860ac2c2e11b018c1f14be4a46c2378a91ac1b35730b724675daa8?s=96&d=mm&r=g\",\"contentUrl\":\"https:\\\/\\\/secure.gravatar.com\\\/avatar\\\/6639fc0397860ac2c2e11b018c1f14be4a46c2378a91ac1b35730b724675daa8?s=96&d=mm&r=g\",\"caption\":\"Helene Mei\u00dfner\"},\"description\":\"Kommt aus Berlin und hat dementsprechend nat\u00fcrlich irgendwas mit Medien studiert. Verlegt oft Dinge, w\u00e4hrend sie sie in der Hand h\u00e4lt. Findet Kauger\u00e4usche unausstehlich. Hat eine Schw\u00e4che f\u00fcr Glitzer und immer mindestens 50 Tabs offen.\",\"sameAs\":[\"https:\\\/\\\/www.instagram.com\\\/he.leni\\\/\"],\"url\":\"https:\\\/\\\/www.thebestsocial.media\\\/de\\\/author\\\/helenemeissner\\\/\"}]}<\/script>\n<!-- \/ Yoast SEO plugin. -->","yoast_head_json":{"title":"B\u00fcttenrede \u00fcber Merz sorgt f\u00fcr viele Lacher - au\u00dfer bei ihm selbst","robots":{"index":"index","follow":"follow","max-snippet":"max-snippet:-1","max-image-preview":"max-image-preview:large","max-video-preview":"max-video-preview:-1"},"canonical":"https:\/\/www.thebestsocial.media\/de\/buettenrede-ueber-merz-sorgt-fuer-viele-lacher-ausser-bei-ihm\/","og_locale":"de_DE","og_type":"article","og_title":"B\u00fcttenrede \u00fcber Merz sorgt f\u00fcr viele Lacher - au\u00dfer bei ihm selbst","og_description":"Es ist wieder Karneval und wie jedes Jahr beteiligen sich auch Politiker*innen an den Narreteien. Schon \u00f6fter sorgten hierbei ihre B\u00fcttenreden f\u00fcr Aufsehen. So auch...","og_url":"https:\/\/www.thebestsocial.media\/de\/buettenrede-ueber-merz-sorgt-fuer-viele-lacher-ausser-bei-ihm\/","og_site_name":"The Best Social Media DE","article_published_time":"2023-02-07T12:29:10+00:00","og_image":[{"width":1200,"height":630,"url":"https:\/\/www.thebestsocial.media\/de\/wp-content\/uploads\/sites\/3\/2023\/02\/header-merzbuettenrede.png","type":"image\/png"}],"author":"Helene Mei\u00dfner","twitter_card":"summary_large_image","twitter_misc":{"Verfasst von":"Helene Mei\u00dfner","Gesch\u00e4tzte Lesezeit":"2\u00a0Minuten"},"schema":{"@context":"https:\/\/schema.org","@graph":[{"@type":"Article","@id":"https:\/\/www.thebestsocial.media\/de\/buettenrede-ueber-merz-sorgt-fuer-viele-lacher-ausser-bei-ihm\/#article","isPartOf":{"@id":"https:\/\/www.thebestsocial.media\/de\/buettenrede-ueber-merz-sorgt-fuer-viele-lacher-ausser-bei-ihm\/"},"author":{"name":"Helene Mei\u00dfner","@id":"https:\/\/www.thebestsocial.media\/de\/#\/schema\/person\/6267acc046505b90b912687a039220df"},"headline":"B\u00fcttenrede \u00fcber Merz sorgt f\u00fcr viele Lacher &#8211; au\u00dfer bei ihm","datePublished":"2023-02-07T12:29:10+00:00","mainEntityOfPage":{"@id":"https:\/\/www.thebestsocial.media\/de\/buettenrede-ueber-merz-sorgt-fuer-viele-lacher-ausser-bei-ihm\/"},"wordCount":282,"commentCount":0,"image":{"@id":"https:\/\/www.thebestsocial.media\/de\/buettenrede-ueber-merz-sorgt-fuer-viele-lacher-ausser-bei-ihm\/#primaryimage"},"thumbnailUrl":"https:\/\/www.thebestsocial.media\/de\/wp-content\/uploads\/sites\/3\/2023\/02\/streamer-2080466_1920.jpg","keywords":["Friedrich Merz","Karneval","Politiker"],"articleSection":["Fail","Humor","Twitter","Videos"],"inLanguage":"de","potentialAction":[{"@type":"CommentAction","name":"Comment","target":["https:\/\/www.thebestsocial.media\/de\/buettenrede-ueber-merz-sorgt-fuer-viele-lacher-ausser-bei-ihm\/#respond"]}]},{"@type":"WebPage","@id":"https:\/\/www.thebestsocial.media\/de\/buettenrede-ueber-merz-sorgt-fuer-viele-lacher-ausser-bei-ihm\/","url":"https:\/\/www.thebestsocial.media\/de\/buettenrede-ueber-merz-sorgt-fuer-viele-lacher-ausser-bei-ihm\/","name":"B\u00fcttenrede \u00fcber Merz sorgt f\u00fcr viele Lacher - au\u00dfer bei ihm selbst","isPartOf":{"@id":"https:\/\/www.thebestsocial.media\/de\/#website"},"primaryImageOfPage":{"@id":"https:\/\/www.thebestsocial.media\/de\/buettenrede-ueber-merz-sorgt-fuer-viele-lacher-ausser-bei-ihm\/#primaryimage"},"image":{"@id":"https:\/\/www.thebestsocial.media\/de\/buettenrede-ueber-merz-sorgt-fuer-viele-lacher-ausser-bei-ihm\/#primaryimage"},"thumbnailUrl":"https:\/\/www.thebestsocial.media\/de\/wp-content\/uploads\/sites\/3\/2023\/02\/streamer-2080466_1920.jpg","datePublished":"2023-02-07T12:29:10+00:00","author":{"@id":"https:\/\/www.thebestsocial.media\/de\/#\/schema\/person\/6267acc046505b90b912687a039220df"},"breadcrumb":{"@id":"https:\/\/www.thebestsocial.media\/de\/buettenrede-ueber-merz-sorgt-fuer-viele-lacher-ausser-bei-ihm\/#breadcrumb"},"inLanguage":"de","potentialAction":[{"@type":"ReadAction","target":["https:\/\/www.thebestsocial.media\/de\/buettenrede-ueber-merz-sorgt-fuer-viele-lacher-ausser-bei-ihm\/"]}]},{"@type":"ImageObject","inLanguage":"de","@id":"https:\/\/www.thebestsocial.media\/de\/buettenrede-ueber-merz-sorgt-fuer-viele-lacher-ausser-bei-ihm\/#primaryimage","url":"https:\/\/www.thebestsocial.media\/de\/wp-content\/uploads\/sites\/3\/2023\/02\/streamer-2080466_1920.jpg","contentUrl":"https:\/\/www.thebestsocial.media\/de\/wp-content\/uploads\/sites\/3\/2023\/02\/streamer-2080466_1920.jpg","width":1920,"height":886},{"@type":"BreadcrumbList","@id":"https:\/\/www.thebestsocial.media\/de\/buettenrede-ueber-merz-sorgt-fuer-viele-lacher-ausser-bei-ihm\/#breadcrumb","itemListElement":[{"@type":"ListItem","position":1,"name":"Home","item":"https:\/\/www.thebestsocial.media\/de\/"},{"@type":"ListItem","position":2,"name":"B\u00fcttenrede \u00fcber Merz sorgt f\u00fcr viele Lacher &#8211; au\u00dfer bei ihm"}]},{"@type":"WebSite","@id":"https:\/\/www.thebestsocial.media\/de\/#website","url":"https:\/\/www.thebestsocial.media\/de\/","name":"The Best Social Media DE","description":"","potentialAction":[{"@type":"SearchAction","target":{"@type":"EntryPoint","urlTemplate":"https:\/\/www.thebestsocial.media\/de\/?s={search_term_string}"},"query-input":{"@type":"PropertyValueSpecification","valueRequired":true,"valueName":"search_term_string"}}],"inLanguage":"de"},{"@type":"Person","@id":"https:\/\/www.thebestsocial.media\/de\/#\/schema\/person\/6267acc046505b90b912687a039220df","name":"Helene Mei\u00dfner","image":{"@type":"ImageObject","inLanguage":"de","@id":"https:\/\/secure.gravatar.com\/avatar\/6639fc0397860ac2c2e11b018c1f14be4a46c2378a91ac1b35730b724675daa8?s=96&d=mm&r=g","url":"https:\/\/secure.gravatar.com\/avatar\/6639fc0397860ac2c2e11b018c1f14be4a46c2378a91ac1b35730b724675daa8?s=96&d=mm&r=g","contentUrl":"https:\/\/secure.gravatar.com\/avatar\/6639fc0397860ac2c2e11b018c1f14be4a46c2378a91ac1b35730b724675daa8?s=96&d=mm&r=g","caption":"Helene Mei\u00dfner"},"description":"Kommt aus Berlin und hat dementsprechend nat\u00fcrlich irgendwas mit Medien studiert. Verlegt oft Dinge, w\u00e4hrend sie sie in der Hand h\u00e4lt. Findet Kauger\u00e4usche unausstehlich. Hat eine Schw\u00e4che f\u00fcr Glitzer und immer mindestens 50 Tabs offen.","sameAs":["https:\/\/www.instagram.com\/he.leni\/"],"url":"https:\/\/www.thebestsocial.media\/de\/author\/helenemeissner\/"}]}},"amp_enabled":true,"_links":{"self":[{"href":"https:\/\/www.thebestsocial.media\/de\/wp-json\/wp\/v2\/posts\/175720","targetHints":{"allow":["GET"]}}],"collection":[{"href":"https:\/\/www.thebestsocial.media\/de\/wp-json\/wp\/v2\/posts"}],"about":[{"href":"https:\/\/www.thebestsocial.media\/de\/wp-json\/wp\/v2\/types\/post"}],"author":[{"embeddable":true,"href":"https:\/\/www.thebestsocial.media\/de\/wp-json\/wp\/v2\/users\/73"}],"replies":[{"embeddable":true,"href":"https:\/\/www.thebestsocial.media\/de\/wp-json\/wp\/v2\/comments?post=175720"}],"version-history":[{"count":11,"href":"https:\/\/www.thebestsocial.media\/de\/wp-json\/wp\/v2\/posts\/175720\/revisions"}],"predecessor-version":[{"id":175748,"href":"https:\/\/www.thebestsocial.media\/de\/wp-json\/wp\/v2\/posts\/175720\/revisions\/175748"}],"wp:featuredmedia":[{"embeddable":true,"href":"https:\/\/www.thebestsocial.media\/de\/wp-json\/wp\/v2\/media\/175752"}],"wp:attachment":[{"href":"https:\/\/www.thebestsocial.media\/de\/wp-json\/wp\/v2\/media?parent=175720"}],"wp:term":[{"taxonomy":"category","embeddable":true,"href":"https:\/\/www.thebestsocial.media\/de\/wp-json\/wp\/v2\/categories?post=175720"},{"taxonomy":"post_tag","embeddable":true,"href":"https:\/\/www.thebestsocial.media\/de\/wp-json\/wp\/v2\/tags?post=175720"}],"curies":[{"name":"wp","href":"https:\/\/api.w.org\/{rel}","templated":true}]}}