{"id":175580,"date":"2023-02-06T13:52:34","date_gmt":"2023-02-06T13:52:34","guid":{"rendered":"https:\/\/www.thebestsocial.media\/de\/?p=175580"},"modified":"2023-02-06T13:53:40","modified_gmt":"2023-02-06T13:53:40","slug":"der-wendler-wird-vater-laura-mueller-verkuendet-baby-news-und-das-netz-reagiert","status":"publish","type":"post","link":"https:\/\/www.thebestsocial.media\/de\/der-wendler-wird-vater-laura-mueller-verkuendet-baby-news-und-das-netz-reagiert\/","title":{"rendered":"Der Wendler wird Vater: Laura M\u00fcller verk\u00fcndet Baby-News und das Netz reagiert"},"content":{"rendered":"<p>Um Michael Wendler und seine Laura ist es ziemlich still geworden und man h\u00f6rte immer weniger von den beiden. Bis Laura M\u00fcller am Sonntagmorgen die Baby-News auf Instagram droppte. Direkt gefolgt von Werbung f\u00fcr ihren Only Fans Account. Die Schwangerschaft h\u00e4tte bestimmt einige gefreut, doch die direkte Vermarktung des Babybauchs stie\u00df vielen b\u00f6se auf:<\/p>\n<p>&nbsp;<\/p>\n<h3>Bitte mit Liebe:<\/h3>\n<blockquote class=\"twitter-tweet\">\n<p dir=\"ltr\" lang=\"de\">Der Mann von Laura M\u00fcller wird nochmal Vater!<\/p>\n<p>Ok.<br \/>\nWar abzusehen.<br \/>\nM\u00f6ge das Kind mit Liebe und ohne Baby-Aluhut Equipment aufwachsen. <a href=\"https:\/\/t.co\/KHUz6KDuas\">pic.twitter.com\/KHUz6KDuas<\/a><\/p>\n<p>\u2014 infoluencer \ud83c\udd97\ufe0f (@infoluencer) <a href=\"https:\/\/twitter.com\/infoluencer\/status\/1622492251115991041?ref_src=twsrc%5Etfw\">February 6, 2023<\/a><\/p><\/blockquote>\n<p><script async src=\"https:\/\/platform.twitter.com\/widgets.js\" charset=\"utf-8\"><\/script><\/p>\n<p>&nbsp;<\/p>\n<h3>Erste Bilder des Babybauchs g\u00e4be es auf Only Fans zu sehen:<\/h3>\n<blockquote class=\"twitter-tweet\">\n<p dir=\"ltr\" lang=\"de\">Vermarktung der eigenen Kinder auf social media = nix neues<\/p>\n<p>Vermarktung von Babybauch Fotos auf Only Fans = next Level.<\/p>\n<p>Herzlichen Gl\u00fcckwunsch Laura M\u00fcller und Mann von L.M.<br \/>\nM\u00f6ge sie die Schwangerschaft auch ohne permanente Gedanken an die Vermarktung genie\u00dfen k\u00f6nnen.<\/p>\n<p>\u2014 infoluencer \ud83c\udd97\ufe0f (@infoluencer) <a href=\"https:\/\/twitter.com\/infoluencer\/status\/1622545684271341569?ref_src=twsrc%5Etfw\">February 6, 2023<\/a><\/p><\/blockquote>\n<p><script async src=\"https:\/\/platform.twitter.com\/widgets.js\" charset=\"utf-8\"><\/script><\/p>\n<p>&nbsp;<\/p>\n<h3>H\u00e4tte keiner gedacht, dass das so lange h\u00e4lt:<\/h3>\n<blockquote class=\"twitter-tweet\">\n<p dir=\"ltr\" lang=\"de\">Irgendwie bezeichnend, dass das ununterbrochene Commitment von Laura M\u00fcller zu Michael Wendler der gr\u00f6\u00dfte Beweis wahrer Liebe unserer Zeit ist.<\/p>\n<p>\u2014 Aurel (@aurelmertz) <a href=\"https:\/\/twitter.com\/aurelmertz\/status\/1622532185155678208?ref_src=twsrc%5Etfw\">February 6, 2023<\/a><\/p><\/blockquote>\n<p><script async src=\"https:\/\/platform.twitter.com\/widgets.js\" charset=\"utf-8\"><\/script><\/p>\n<p>&nbsp;<\/p>\n<h3>W\u00e4hrend die einen sich freuen&#8230;<\/h3>\n<blockquote class=\"twitter-tweet\">\n<p dir=\"ltr\" lang=\"de\">Herzlichen Gl\u00fcckwunsch an Laura und Michael Wendler zu den Baby News \ud83e\udd70<\/p>\n<p>\u2014 lena-marie (@ihrwisst) <a href=\"https:\/\/twitter.com\/ihrwisst\/status\/1622561375145889793?ref_src=twsrc%5Etfw\">February 6, 2023<\/a><\/p><\/blockquote>\n<p><script async src=\"https:\/\/platform.twitter.com\/widgets.js\" charset=\"utf-8\"><\/script><\/p>\n<p>&nbsp;<\/p>\n<h3>Sch\u00fctteln die anderen nur mit dem Kopf:<\/h3>\n<blockquote class=\"twitter-tweet\">\n<p dir=\"ltr\" lang=\"de\">Stell dir vor, du wirst bald geboren und deine Eltern sind Laura M\u00fcller und der Wendler. Uff.<\/p>\n<p>\u2014 OnionDog (@OnionDogster) <a href=\"https:\/\/twitter.com\/OnionDogster\/status\/1622558356081676289?ref_src=twsrc%5Etfw\">February 6, 2023<\/a><\/p><\/blockquote>\n<p><script async src=\"https:\/\/platform.twitter.com\/widgets.js\" charset=\"utf-8\"><\/script><\/p>\n<p>&nbsp;<\/p>\n<h3>Oder wollen am besten gar nichts von den beiden wissen:<\/h3>\n<blockquote class=\"twitter-tweet\">\n<p dir=\"ltr\" lang=\"de\">wieso kann man die namen laura m\u00fcller und michael wendler in meinem leben nicht stumm schalten<\/p>\n<p>\u2014 \ud835\ude69\ud835\ude56\ud835\ude69\ud835\ude5e (@herzausbier) <a href=\"https:\/\/twitter.com\/herzausbier\/status\/1622543845580804097?ref_src=twsrc%5Etfw\">February 6, 2023<\/a><\/p><\/blockquote>\n<p><script async src=\"https:\/\/platform.twitter.com\/widgets.js\" charset=\"utf-8\"><\/script><\/p>\n<p>&nbsp;<\/p>\n<h3>Fragen \u00fcber Fragen!<\/h3>\n<blockquote class=\"twitter-tweet\">\n<p dir=\"ltr\" lang=\"de\">Laura M\u00fcller und der Wendler kriegen ein Kind. Laura ist fast ein Jahr j\u00fcnger als ich und der Wendler ist im gleichen Jahr geboren wie mein Vater.<br \/>\ngibt es dann bald doppelt Kindergeld? \ud83e\udee3<\/p>\n<p>\u2014 Anabel \ud83d\udc81\ud83c\udffc\u200d\u2640\ufe0f (@anabel1499) <a href=\"https:\/\/twitter.com\/anabel1499\/status\/1622565284975443969?ref_src=twsrc%5Etfw\">February 6, 2023<\/a><\/p><\/blockquote>\n<p><script async src=\"https:\/\/platform.twitter.com\/widgets.js\" charset=\"utf-8\"><\/script><\/p>\n<p>&nbsp;<\/p>\n<p>Noch mehr \u00fcber <a href=\"https:\/\/www.thebestsocial.media\/de\/laura-und-der-wendler-haben-jetzt-onlyfans-was-twitter-fast-zum-explodieren-bringt\/\" target=\"_blank\" rel=\"noopener\">Laura M\u00fcller und Michael Wendler k\u00f6nnt ihr hier<\/a> lesen!<\/p>\n<p>&nbsp;<\/p>\n<p>__<br \/>\nDanke an alle f\u00fcr die Posts!<br \/>\n___<\/p>\n","protected":false},"excerpt":{"rendered":"<p>Um Michael Wendler und seine Laura ist es ziemlich still geworden und man h\u00f6rte immer weniger von den beiden. Bis Laura M\u00fcller am Sonntagmorgen die&#8230;<\/p>\n","protected":false},"author":104,"featured_media":175622,"comment_status":"open","ping_status":"open","sticky":false,"template":"","format":"standard","meta":{"_acf_changed":false,"footnotes":""},"categories":[4728,2031,1777],"tags":[4739,2479,3856],"class_list":["post-175580","post","type-post","status-publish","format-standard","has-post-thumbnail","hentry","category-diskussion","category-feelgood","category-influencer","tag-laura-mueller","tag-michael-wendler","tag-schwangerschaft"],"acf":[],"yoast_head":"<!-- This site is optimized with the Yoast SEO plugin v27.5 - https:\/\/yoast.com\/product\/yoast-seo-wordpress\/ -->\n<title>Der Wendler wird Vater: Laura verk\u00fcndet News - das Netz reagiert<\/title>\n<meta name=\"description\" content=\"Baby-News bei den Wendlers! Laura verk\u00fcndigte ihre Schwangerschaft auf Instagram - direkt gefolgt von Werbung f\u00fcr den Only Fans Account...\" \/>\n<meta name=\"robots\" content=\"index, follow, max-snippet:-1, max-image-preview:large, max-video-preview:-1\" \/>\n<link rel=\"canonical\" href=\"https:\/\/www.thebestsocial.media\/de\/der-wendler-wird-vater-laura-mueller-verkuendet-baby-news-und-das-netz-reagiert\/\" \/>\n<meta property=\"og:locale\" content=\"de_DE\" \/>\n<meta property=\"og:type\" content=\"article\" \/>\n<meta property=\"og:title\" content=\"Der Wendler wird Vater: Laura M\u00fcller verk\u00fcndet Baby-News und das Netz reagiert\" \/>\n<meta property=\"og:description\" content=\"Baby-News bei den Wendlers! Laura verk\u00fcndigte ihre Schwangerschaft auf Instagram - direkt gefolgt von Werbung f\u00fcr den Only Fans Account...\" \/>\n<meta property=\"og:url\" content=\"https:\/\/www.thebestsocial.media\/de\/der-wendler-wird-vater-laura-mueller-verkuendet-baby-news-und-das-netz-reagiert\/\" \/>\n<meta property=\"og:site_name\" content=\"The Best Social Media DE\" \/>\n<meta property=\"article:published_time\" content=\"2023-02-06T13:52:34+00:00\" \/>\n<meta property=\"article:modified_time\" content=\"2023-02-06T13:53:40+00:00\" \/>\n<meta property=\"og:image\" content=\"https:\/\/www.thebestsocial.media\/de\/wp-content\/uploads\/sites\/3\/2023\/02\/header-wendler.png\" \/>\n\t<meta property=\"og:image:width\" content=\"1200\" \/>\n\t<meta property=\"og:image:height\" content=\"630\" \/>\n\t<meta property=\"og:image:type\" content=\"image\/png\" \/>\n<meta name=\"author\" content=\"Lea\" \/>\n<meta name=\"twitter:card\" content=\"summary_large_image\" \/>\n<meta name=\"twitter:label1\" content=\"Verfasst von\" \/>\n\t<meta name=\"twitter:data1\" content=\"Lea\" \/>\n\t<meta name=\"twitter:label2\" content=\"Gesch\u00e4tzte Lesezeit\" \/>\n\t<meta name=\"twitter:data2\" content=\"2\u00a0Minuten\" \/>\n<script type=\"application\/ld+json\" class=\"yoast-schema-graph\">{\"@context\":\"https:\\\/\\\/schema.org\",\"@graph\":[{\"@type\":\"Article\",\"@id\":\"https:\\\/\\\/www.thebestsocial.media\\\/de\\\/der-wendler-wird-vater-laura-mueller-verkuendet-baby-news-und-das-netz-reagiert\\\/#article\",\"isPartOf\":{\"@id\":\"https:\\\/\\\/www.thebestsocial.media\\\/de\\\/der-wendler-wird-vater-laura-mueller-verkuendet-baby-news-und-das-netz-reagiert\\\/\"},\"author\":{\"name\":\"Lea\",\"@id\":\"https:\\\/\\\/www.thebestsocial.media\\\/de\\\/#\\\/schema\\\/person\\\/bb9d89d5ad944f3bb530722c8914ad89\"},\"headline\":\"Der Wendler wird Vater: Laura M\u00fcller verk\u00fcndet Baby-News und das Netz reagiert\",\"datePublished\":\"2023-02-06T13:52:34+00:00\",\"dateModified\":\"2023-02-06T13:53:40+00:00\",\"mainEntityOfPage\":{\"@id\":\"https:\\\/\\\/www.thebestsocial.media\\\/de\\\/der-wendler-wird-vater-laura-mueller-verkuendet-baby-news-und-das-netz-reagiert\\\/\"},\"wordCount\":352,\"commentCount\":0,\"image\":{\"@id\":\"https:\\\/\\\/www.thebestsocial.media\\\/de\\\/der-wendler-wird-vater-laura-mueller-verkuendet-baby-news-und-das-netz-reagiert\\\/#primaryimage\"},\"thumbnailUrl\":\"https:\\\/\\\/www.thebestsocial.media\\\/de\\\/wp-content\\\/uploads\\\/sites\\\/3\\\/2023\\\/02\\\/baby-gceb6439b5_1920.jpg\",\"keywords\":[\"Laura M\u00fcller\",\"Michael Wendler\",\"Schwangerschaft\"],\"articleSection\":[\"Diskussion\",\"Feelgood\",\"Influencer\"],\"inLanguage\":\"de\",\"potentialAction\":[{\"@type\":\"CommentAction\",\"name\":\"Comment\",\"target\":[\"https:\\\/\\\/www.thebestsocial.media\\\/de\\\/der-wendler-wird-vater-laura-mueller-verkuendet-baby-news-und-das-netz-reagiert\\\/#respond\"]}]},{\"@type\":\"WebPage\",\"@id\":\"https:\\\/\\\/www.thebestsocial.media\\\/de\\\/der-wendler-wird-vater-laura-mueller-verkuendet-baby-news-und-das-netz-reagiert\\\/\",\"url\":\"https:\\\/\\\/www.thebestsocial.media\\\/de\\\/der-wendler-wird-vater-laura-mueller-verkuendet-baby-news-und-das-netz-reagiert\\\/\",\"name\":\"Der Wendler wird Vater: Laura verk\u00fcndet News - das Netz reagiert\",\"isPartOf\":{\"@id\":\"https:\\\/\\\/www.thebestsocial.media\\\/de\\\/#website\"},\"primaryImageOfPage\":{\"@id\":\"https:\\\/\\\/www.thebestsocial.media\\\/de\\\/der-wendler-wird-vater-laura-mueller-verkuendet-baby-news-und-das-netz-reagiert\\\/#primaryimage\"},\"image\":{\"@id\":\"https:\\\/\\\/www.thebestsocial.media\\\/de\\\/der-wendler-wird-vater-laura-mueller-verkuendet-baby-news-und-das-netz-reagiert\\\/#primaryimage\"},\"thumbnailUrl\":\"https:\\\/\\\/www.thebestsocial.media\\\/de\\\/wp-content\\\/uploads\\\/sites\\\/3\\\/2023\\\/02\\\/baby-gceb6439b5_1920.jpg\",\"datePublished\":\"2023-02-06T13:52:34+00:00\",\"dateModified\":\"2023-02-06T13:53:40+00:00\",\"author\":{\"@id\":\"https:\\\/\\\/www.thebestsocial.media\\\/de\\\/#\\\/schema\\\/person\\\/bb9d89d5ad944f3bb530722c8914ad89\"},\"description\":\"Baby-News bei den Wendlers! Laura verk\u00fcndigte ihre Schwangerschaft auf Instagram - direkt gefolgt von Werbung f\u00fcr den Only Fans Account...\",\"breadcrumb\":{\"@id\":\"https:\\\/\\\/www.thebestsocial.media\\\/de\\\/der-wendler-wird-vater-laura-mueller-verkuendet-baby-news-und-das-netz-reagiert\\\/#breadcrumb\"},\"inLanguage\":\"de\",\"potentialAction\":[{\"@type\":\"ReadAction\",\"target\":[\"https:\\\/\\\/www.thebestsocial.media\\\/de\\\/der-wendler-wird-vater-laura-mueller-verkuendet-baby-news-und-das-netz-reagiert\\\/\"]}]},{\"@type\":\"ImageObject\",\"inLanguage\":\"de\",\"@id\":\"https:\\\/\\\/www.thebestsocial.media\\\/de\\\/der-wendler-wird-vater-laura-mueller-verkuendet-baby-news-und-das-netz-reagiert\\\/#primaryimage\",\"url\":\"https:\\\/\\\/www.thebestsocial.media\\\/de\\\/wp-content\\\/uploads\\\/sites\\\/3\\\/2023\\\/02\\\/baby-gceb6439b5_1920.jpg\",\"contentUrl\":\"https:\\\/\\\/www.thebestsocial.media\\\/de\\\/wp-content\\\/uploads\\\/sites\\\/3\\\/2023\\\/02\\\/baby-gceb6439b5_1920.jpg\",\"width\":1920,\"height\":1297},{\"@type\":\"BreadcrumbList\",\"@id\":\"https:\\\/\\\/www.thebestsocial.media\\\/de\\\/der-wendler-wird-vater-laura-mueller-verkuendet-baby-news-und-das-netz-reagiert\\\/#breadcrumb\",\"itemListElement\":[{\"@type\":\"ListItem\",\"position\":1,\"name\":\"Home\",\"item\":\"https:\\\/\\\/www.thebestsocial.media\\\/de\\\/\"},{\"@type\":\"ListItem\",\"position\":2,\"name\":\"Der Wendler wird Vater: Laura M\u00fcller verk\u00fcndet Baby-News und das Netz reagiert\"}]},{\"@type\":\"WebSite\",\"@id\":\"https:\\\/\\\/www.thebestsocial.media\\\/de\\\/#website\",\"url\":\"https:\\\/\\\/www.thebestsocial.media\\\/de\\\/\",\"name\":\"The Best Social Media DE\",\"description\":\"\",\"potentialAction\":[{\"@type\":\"SearchAction\",\"target\":{\"@type\":\"EntryPoint\",\"urlTemplate\":\"https:\\\/\\\/www.thebestsocial.media\\\/de\\\/?s={search_term_string}\"},\"query-input\":{\"@type\":\"PropertyValueSpecification\",\"valueRequired\":true,\"valueName\":\"search_term_string\"}}],\"inLanguage\":\"de\"},{\"@type\":\"Person\",\"@id\":\"https:\\\/\\\/www.thebestsocial.media\\\/de\\\/#\\\/schema\\\/person\\\/bb9d89d5ad944f3bb530722c8914ad89\",\"name\":\"Lea\",\"image\":{\"@type\":\"ImageObject\",\"inLanguage\":\"de\",\"@id\":\"https:\\\/\\\/secure.gravatar.com\\\/avatar\\\/572526d0641f829a52d7692ed43a20d1f02796367e1eea965858d2d2787f4c33?s=96&d=mm&r=g\",\"url\":\"https:\\\/\\\/secure.gravatar.com\\\/avatar\\\/572526d0641f829a52d7692ed43a20d1f02796367e1eea965858d2d2787f4c33?s=96&d=mm&r=g\",\"contentUrl\":\"https:\\\/\\\/secure.gravatar.com\\\/avatar\\\/572526d0641f829a52d7692ed43a20d1f02796367e1eea965858d2d2787f4c33?s=96&d=mm&r=g\",\"caption\":\"Lea\"},\"url\":\"https:\\\/\\\/www.thebestsocial.media\\\/de\\\/author\\\/leascheel\\\/\"}]}<\/script>\n<!-- \/ Yoast SEO plugin. -->","yoast_head_json":{"title":"Der Wendler wird Vater: Laura verk\u00fcndet News - das Netz reagiert","description":"Baby-News bei den Wendlers! Laura verk\u00fcndigte ihre Schwangerschaft auf Instagram - direkt gefolgt von Werbung f\u00fcr den Only Fans Account...","robots":{"index":"index","follow":"follow","max-snippet":"max-snippet:-1","max-image-preview":"max-image-preview:large","max-video-preview":"max-video-preview:-1"},"canonical":"https:\/\/www.thebestsocial.media\/de\/der-wendler-wird-vater-laura-mueller-verkuendet-baby-news-und-das-netz-reagiert\/","og_locale":"de_DE","og_type":"article","og_title":"Der Wendler wird Vater: Laura M\u00fcller verk\u00fcndet Baby-News und das Netz reagiert","og_description":"Baby-News bei den Wendlers! Laura verk\u00fcndigte ihre Schwangerschaft auf Instagram - direkt gefolgt von Werbung f\u00fcr den Only Fans Account...","og_url":"https:\/\/www.thebestsocial.media\/de\/der-wendler-wird-vater-laura-mueller-verkuendet-baby-news-und-das-netz-reagiert\/","og_site_name":"The Best Social Media DE","article_published_time":"2023-02-06T13:52:34+00:00","article_modified_time":"2023-02-06T13:53:40+00:00","og_image":[{"width":1200,"height":630,"url":"https:\/\/www.thebestsocial.media\/de\/wp-content\/uploads\/sites\/3\/2023\/02\/header-wendler.png","type":"image\/png"}],"author":"Lea","twitter_card":"summary_large_image","twitter_misc":{"Verfasst von":"Lea","Gesch\u00e4tzte Lesezeit":"2\u00a0Minuten"},"schema":{"@context":"https:\/\/schema.org","@graph":[{"@type":"Article","@id":"https:\/\/www.thebestsocial.media\/de\/der-wendler-wird-vater-laura-mueller-verkuendet-baby-news-und-das-netz-reagiert\/#article","isPartOf":{"@id":"https:\/\/www.thebestsocial.media\/de\/der-wendler-wird-vater-laura-mueller-verkuendet-baby-news-und-das-netz-reagiert\/"},"author":{"name":"Lea","@id":"https:\/\/www.thebestsocial.media\/de\/#\/schema\/person\/bb9d89d5ad944f3bb530722c8914ad89"},"headline":"Der Wendler wird Vater: Laura M\u00fcller verk\u00fcndet Baby-News und das Netz reagiert","datePublished":"2023-02-06T13:52:34+00:00","dateModified":"2023-02-06T13:53:40+00:00","mainEntityOfPage":{"@id":"https:\/\/www.thebestsocial.media\/de\/der-wendler-wird-vater-laura-mueller-verkuendet-baby-news-und-das-netz-reagiert\/"},"wordCount":352,"commentCount":0,"image":{"@id":"https:\/\/www.thebestsocial.media\/de\/der-wendler-wird-vater-laura-mueller-verkuendet-baby-news-und-das-netz-reagiert\/#primaryimage"},"thumbnailUrl":"https:\/\/www.thebestsocial.media\/de\/wp-content\/uploads\/sites\/3\/2023\/02\/baby-gceb6439b5_1920.jpg","keywords":["Laura M\u00fcller","Michael Wendler","Schwangerschaft"],"articleSection":["Diskussion","Feelgood","Influencer"],"inLanguage":"de","potentialAction":[{"@type":"CommentAction","name":"Comment","target":["https:\/\/www.thebestsocial.media\/de\/der-wendler-wird-vater-laura-mueller-verkuendet-baby-news-und-das-netz-reagiert\/#respond"]}]},{"@type":"WebPage","@id":"https:\/\/www.thebestsocial.media\/de\/der-wendler-wird-vater-laura-mueller-verkuendet-baby-news-und-das-netz-reagiert\/","url":"https:\/\/www.thebestsocial.media\/de\/der-wendler-wird-vater-laura-mueller-verkuendet-baby-news-und-das-netz-reagiert\/","name":"Der Wendler wird Vater: Laura verk\u00fcndet News - das Netz reagiert","isPartOf":{"@id":"https:\/\/www.thebestsocial.media\/de\/#website"},"primaryImageOfPage":{"@id":"https:\/\/www.thebestsocial.media\/de\/der-wendler-wird-vater-laura-mueller-verkuendet-baby-news-und-das-netz-reagiert\/#primaryimage"},"image":{"@id":"https:\/\/www.thebestsocial.media\/de\/der-wendler-wird-vater-laura-mueller-verkuendet-baby-news-und-das-netz-reagiert\/#primaryimage"},"thumbnailUrl":"https:\/\/www.thebestsocial.media\/de\/wp-content\/uploads\/sites\/3\/2023\/02\/baby-gceb6439b5_1920.jpg","datePublished":"2023-02-06T13:52:34+00:00","dateModified":"2023-02-06T13:53:40+00:00","author":{"@id":"https:\/\/www.thebestsocial.media\/de\/#\/schema\/person\/bb9d89d5ad944f3bb530722c8914ad89"},"description":"Baby-News bei den Wendlers! Laura verk\u00fcndigte ihre Schwangerschaft auf Instagram - direkt gefolgt von Werbung f\u00fcr den Only Fans Account...","breadcrumb":{"@id":"https:\/\/www.thebestsocial.media\/de\/der-wendler-wird-vater-laura-mueller-verkuendet-baby-news-und-das-netz-reagiert\/#breadcrumb"},"inLanguage":"de","potentialAction":[{"@type":"ReadAction","target":["https:\/\/www.thebestsocial.media\/de\/der-wendler-wird-vater-laura-mueller-verkuendet-baby-news-und-das-netz-reagiert\/"]}]},{"@type":"ImageObject","inLanguage":"de","@id":"https:\/\/www.thebestsocial.media\/de\/der-wendler-wird-vater-laura-mueller-verkuendet-baby-news-und-das-netz-reagiert\/#primaryimage","url":"https:\/\/www.thebestsocial.media\/de\/wp-content\/uploads\/sites\/3\/2023\/02\/baby-gceb6439b5_1920.jpg","contentUrl":"https:\/\/www.thebestsocial.media\/de\/wp-content\/uploads\/sites\/3\/2023\/02\/baby-gceb6439b5_1920.jpg","width":1920,"height":1297},{"@type":"BreadcrumbList","@id":"https:\/\/www.thebestsocial.media\/de\/der-wendler-wird-vater-laura-mueller-verkuendet-baby-news-und-das-netz-reagiert\/#breadcrumb","itemListElement":[{"@type":"ListItem","position":1,"name":"Home","item":"https:\/\/www.thebestsocial.media\/de\/"},{"@type":"ListItem","position":2,"name":"Der Wendler wird Vater: Laura M\u00fcller verk\u00fcndet Baby-News und das Netz reagiert"}]},{"@type":"WebSite","@id":"https:\/\/www.thebestsocial.media\/de\/#website","url":"https:\/\/www.thebestsocial.media\/de\/","name":"The Best Social Media DE","description":"","potentialAction":[{"@type":"SearchAction","target":{"@type":"EntryPoint","urlTemplate":"https:\/\/www.thebestsocial.media\/de\/?s={search_term_string}"},"query-input":{"@type":"PropertyValueSpecification","valueRequired":true,"valueName":"search_term_string"}}],"inLanguage":"de"},{"@type":"Person","@id":"https:\/\/www.thebestsocial.media\/de\/#\/schema\/person\/bb9d89d5ad944f3bb530722c8914ad89","name":"Lea","image":{"@type":"ImageObject","inLanguage":"de","@id":"https:\/\/secure.gravatar.com\/avatar\/572526d0641f829a52d7692ed43a20d1f02796367e1eea965858d2d2787f4c33?s=96&d=mm&r=g","url":"https:\/\/secure.gravatar.com\/avatar\/572526d0641f829a52d7692ed43a20d1f02796367e1eea965858d2d2787f4c33?s=96&d=mm&r=g","contentUrl":"https:\/\/secure.gravatar.com\/avatar\/572526d0641f829a52d7692ed43a20d1f02796367e1eea965858d2d2787f4c33?s=96&d=mm&r=g","caption":"Lea"},"url":"https:\/\/www.thebestsocial.media\/de\/author\/leascheel\/"}]}},"amp_enabled":true,"_links":{"self":[{"href":"https:\/\/www.thebestsocial.media\/de\/wp-json\/wp\/v2\/posts\/175580","targetHints":{"allow":["GET"]}}],"collection":[{"href":"https:\/\/www.thebestsocial.media\/de\/wp-json\/wp\/v2\/posts"}],"about":[{"href":"https:\/\/www.thebestsocial.media\/de\/wp-json\/wp\/v2\/types\/post"}],"author":[{"embeddable":true,"href":"https:\/\/www.thebestsocial.media\/de\/wp-json\/wp\/v2\/users\/104"}],"replies":[{"embeddable":true,"href":"https:\/\/www.thebestsocial.media\/de\/wp-json\/wp\/v2\/comments?post=175580"}],"version-history":[{"count":13,"href":"https:\/\/www.thebestsocial.media\/de\/wp-json\/wp\/v2\/posts\/175580\/revisions"}],"predecessor-version":[{"id":175615,"href":"https:\/\/www.thebestsocial.media\/de\/wp-json\/wp\/v2\/posts\/175580\/revisions\/175615"}],"wp:featuredmedia":[{"embeddable":true,"href":"https:\/\/www.thebestsocial.media\/de\/wp-json\/wp\/v2\/media\/175622"}],"wp:attachment":[{"href":"https:\/\/www.thebestsocial.media\/de\/wp-json\/wp\/v2\/media?parent=175580"}],"wp:term":[{"taxonomy":"category","embeddable":true,"href":"https:\/\/www.thebestsocial.media\/de\/wp-json\/wp\/v2\/categories?post=175580"},{"taxonomy":"post_tag","embeddable":true,"href":"https:\/\/www.thebestsocial.media\/de\/wp-json\/wp\/v2\/tags?post=175580"}],"curies":[{"name":"wp","href":"https:\/\/api.w.org\/{rel}","templated":true}]}}