{"id":174902,"date":"2023-02-06T13:39:41","date_gmt":"2023-02-06T13:39:41","guid":{"rendered":"https:\/\/www.thebestsocial.media\/de\/?p=174902"},"modified":"2023-02-06T13:39:41","modified_gmt":"2023-02-06T13:39:41","slug":"krise-im-klassenzimmer-das-problem-mit-dem-lehrermangel","status":"publish","type":"post","link":"https:\/\/www.thebestsocial.media\/de\/krise-im-klassenzimmer-das-problem-mit-dem-lehrermangel\/","title":{"rendered":"Krise im Klassenzimmer: Das Problem mit dem Lehrermangel"},"content":{"rendered":"<p>Es gibt einen Mangel an Lehrern, der mit den Jahren sch\u00e4tzungsweise noch gr\u00f6\u00dfer wird. Das f\u00fchrt zu einer \u00dcberlastung der verbleibenden Lehrer, die Klassen sind vollgepackt mit zu vielen Sch\u00fclern. Auch die m\u00fcssen darunter leiden, denn der viele Stoff und die wenige Zeit k\u00f6nnen \u00fcberfordern und die Bildung individuell beeintr\u00e4chtigen. Um der Verschlechterung der Lage entgegenzuwirken, schl\u00e4gt das Beratergremium der Kultusministerkonferenz (KMK) vor, dass Lehrkr\u00e4fte noch mehr belastet werden sollen. Das bedeutet ein noch h\u00f6heres Unterrichtspensum, beschr\u00e4nkte Teilzeitm\u00f6glichkeiten und noch gr\u00f6\u00dfere Klassen. Und das Netz emp\u00f6rt sich prompt:<\/p>\n<p>&nbsp;<\/p>\n<h3>Einzig logische Schlussfolgerung:<\/h3>\n<p><iframe loading=\"lazy\" src=\"\/tiktok-cache\/7194070050175782150\/d4da57393ba5a9995ab7476d37c60c6f711cfaf551e943e72cc37bb1\" width=\"623\" height=\"1108\" style=\"border:0; height:90vh; width:50.625000vh;\" scrolling=\"no\"><\/iframe><\/p>\n<p>&nbsp;<\/p>\n<h3>Man muss die Chance nutzen:<\/h3>\n<blockquote class=\"twitter-tweet\">\n<p dir=\"ltr\" lang=\"de\">Jetzt, wo Lehrkr\u00e4fte begehrtes Gut sind, und Angebot und Nachfrage den Markt regeln:<\/p>\n<p>Gibts eine Privatschule, die f\u00fcr eine Lehrerin 10k im Monat zahlt? Angebote per DM. Danke.<\/p>\n<p>\u2014 Frau Schiller (@_FrauLehrerin_) <a href=\"https:\/\/twitter.com\/_FrauLehrerin_\/status\/1619325780496117761?ref_src=twsrc%5Etfw\">January 28, 2023<\/a><\/p><\/blockquote>\n<p><script async src=\"https:\/\/platform.twitter.com\/widgets.js\" charset=\"utf-8\"><\/script><\/p>\n<p>&nbsp;<\/p>\n<h3>Warum kompliziert, wenn es auch so einfach geht!<\/h3>\n<blockquote class=\"twitter-tweet\">\n<p dir=\"ltr\" lang=\"de\">Auf die Frage &#8222;Was machen Sie gegen den Lehrermangel?&#8220; antwortet Mikl-Leitner heute im Puls4-Interview mit Jugendlichen so: &#8222;Die Menschen m\u00fcssen wieder mehr Kinder kriegen, dann gibt es auch wieder mehr Lehrer.&#8220;<br \/>\nKannst nicht erfinden sowas&#8230;<\/p>\n<p>\u2014 Doris Hahn (@BRinDorisHahn) <a href=\"https:\/\/twitter.com\/BRinDorisHahn\/status\/1618866554099363842?ref_src=twsrc%5Etfw\">January 27, 2023<\/a><\/p><\/blockquote>\n<p><script async src=\"https:\/\/platform.twitter.com\/widgets.js\" charset=\"utf-8\"><\/script><\/p>\n<p>&nbsp;<\/p>\n<h3>Das sind mal ein paar Vorschl\u00e4ge!<\/h3>\n<blockquote class=\"twitter-tweet\">\n<p dir=\"ltr\" lang=\"de\">Ich sage mal so: <a href=\"https:\/\/twitter.com\/hashtag\/ChatGPT?src=hash&amp;ref_src=twsrc%5Etfw\">#ChatGPT<\/a> hat bessere Ideen zum <a href=\"https:\/\/twitter.com\/hashtag\/Lehrermangel?src=hash&amp;ref_src=twsrc%5Etfw\">#Lehrermangel<\/a>&#8230; Und das ohne Tippfehler! <a href=\"https:\/\/t.co\/3pTXil63hc\">pic.twitter.com\/3pTXil63hc<\/a><\/p>\n<p>\u2014 Kristin Eichhorn (@DrKEichhorn) <a href=\"https:\/\/twitter.com\/DrKEichhorn\/status\/1619029487190155266?ref_src=twsrc%5Etfw\">January 27, 2023<\/a><\/p><\/blockquote>\n<p><script async src=\"https:\/\/platform.twitter.com\/widgets.js\" charset=\"utf-8\"><\/script><\/p>\n<p>&nbsp;<\/p>\n<h3>Perfekt&#8230;<\/h3>\n<p><iframe loading=\"lazy\" src=\"\/tiktok-cache\/7153273504056593669\/b29e16dbffd71e404831c6f7fa0580f748eb3a4669181571633460a6\" width=\"623\" height=\"1108\" style=\"border:0; height:90vh; width:50.625000vh;\" scrolling=\"no\"><\/iframe><\/p>\n<p>&nbsp;<\/p>\n<h3>Und irgendjemand klopft sich jetzt ganz stolz auf die Schulter&#8230;<\/h3>\n<blockquote class=\"twitter-tweet\">\n<p dir=\"ltr\" lang=\"de\">Weil zu viele wegen \u00dcberlastung Teilzeit machen und deshalb der Lehrermangel noch gr\u00f6\u00dfer ist, sollen die Lehrkr\u00e4fte nun noch mehr arbeiten, um den Mangel zu beheben.<\/p>\n<p>H\u00f6rt sich nach einer sehr sinnvollen und gut durchdachten Idee an.<\/p>\n<p>\u2014 N\u1d07\u1d1b\u1d22\u029f\u1d07\u029c\u0280\u1d07\u0280 (@blume_bob) <a href=\"https:\/\/twitter.com\/blume_bob\/status\/1618970266201378817?ref_src=twsrc%5Etfw\">January 27, 2023<\/a><\/p><\/blockquote>\n<p><script async src=\"https:\/\/platform.twitter.com\/widgets.js\" charset=\"utf-8\"><\/script><\/p>\n<p>&nbsp;<\/p>\n<h3>Damit die ja kein Burnout kriegen, denn wir brauchen die noch!<\/h3>\n<blockquote class=\"twitter-tweet\">\n<p dir=\"ltr\" lang=\"de\">Ich schule um und werde Yogalehrer f\u00fcr Lehrkr\u00e4fte. Soll ja ein boomender Markt werden.<br \/>\nOmmmmmmmmmmmm<\/p>\n<p>\u2014 Oinr (@schlozzer) <a href=\"https:\/\/twitter.com\/schlozzer\/status\/1619236875335790594?ref_src=twsrc%5Etfw\">January 28, 2023<\/a><\/p><\/blockquote>\n<p><script async src=\"https:\/\/platform.twitter.com\/widgets.js\" charset=\"utf-8\"><\/script><\/p>\n<p>&nbsp;<\/p>\n<h3>Das ist DIE L\u00f6sung (f\u00fcr Sch\u00fcler zumindest&#8230;):<\/h3>\n<p><iframe loading=\"lazy\" src=\"\/tiktok-cache\/7186687739121683717\/ec16375869a152e50ebccb40350310b5693493ac14f23c8c3957f1b9\" width=\"623\" height=\"1108\" style=\"border:0; height:90vh; width:50.625000vh;\" scrolling=\"no\"><\/iframe><\/p>\n<p>&nbsp;<\/p>\n<h3>Die Lehrer&#8230;<\/h3>\n<blockquote class=\"twitter-tweet\">\n<p dir=\"ltr\" lang=\"de\">Inklusion:<br \/>\n\ud83d\udca1Die Lehrer machen das schon.<\/p>\n<p>Digitalisierung:<br \/>\n\ud83d\udca1Die Lehrer machen das schon.<\/p>\n<p>Marode Schulgeb\u00e4ude:<br \/>\n\ud83d\udca1Die Lehrer machen das schon.<\/p>\n<p>Corona:<br \/>\n\ud83d\udca1Die Lehrer machen das schon.<\/p>\n<p>Lehrermangel:<br \/>\n\ud83d\udca1Die Lehrer machen das schon.<\/p>\n<p>Erkennt ihr das Muster? <a href=\"https:\/\/twitter.com\/hashtag\/Lehrermangel?src=hash&amp;ref_src=twsrc%5Etfw\">#Lehrermangel<\/a><\/p>\n<p>\u2014 Jan Vedder (@vedducation) <a href=\"https:\/\/twitter.com\/vedducation\/status\/1619315086266609664?ref_src=twsrc%5Etfw\">January 28, 2023<\/a><\/p><\/blockquote>\n<p><script async src=\"https:\/\/platform.twitter.com\/widgets.js\" charset=\"utf-8\"><\/script><\/p>\n<p>&nbsp;<\/p>\n<p><strong>___<\/strong><br \/>\n<strong>Vielen Dank an alle f\u00fcr die Posts!<\/strong><br \/>\n<strong>___<\/strong><\/p>\n","protected":false},"excerpt":{"rendered":"<p>Es gibt einen Mangel an Lehrern, der mit den Jahren sch\u00e4tzungsweise noch gr\u00f6\u00dfer wird. Das f\u00fchrt zu einer \u00dcberlastung der verbleibenden Lehrer, die Klassen sind&#8230;<\/p>\n","protected":false},"author":104,"featured_media":174904,"comment_status":"open","ping_status":"open","sticky":false,"template":"","format":"standard","meta":{"_acf_changed":false,"footnotes":""},"categories":[4728,35,2404],"tags":[748,5671,2363],"class_list":["post-174902","post","type-post","status-publish","format-standard","has-post-thumbnail","hentry","category-diskussion","category-twitter","category-wtf","tag-lehrer","tag-lehrermangel","tag-schulen"],"acf":[],"yoast_head":"<!-- This site is optimized with the Yoast SEO plugin v27.5 - https:\/\/yoast.com\/product\/yoast-seo-wordpress\/ -->\n<title>Krise im Klassenzimmer: Das Problem mit dem Lehrermangel<\/title>\n<meta name=\"description\" content=\"Es gibt immer weniger Lehrer. Die Vorschl\u00e4ge, die gemacht wurden, um dem aktuellen Lehrermangel entgegenzuwirken emp\u00f6ren das Netz.\" \/>\n<meta name=\"robots\" content=\"index, follow, max-snippet:-1, max-image-preview:large, max-video-preview:-1\" \/>\n<link rel=\"canonical\" href=\"https:\/\/www.thebestsocial.media\/de\/krise-im-klassenzimmer-das-problem-mit-dem-lehrermangel\/\" \/>\n<meta property=\"og:locale\" content=\"de_DE\" \/>\n<meta property=\"og:type\" content=\"article\" \/>\n<meta property=\"og:title\" content=\"Krise im Klassenzimmer: Das Problem mit dem Lehrermangel\" \/>\n<meta property=\"og:description\" content=\"Es gibt immer weniger Lehrer. Die Vorschl\u00e4ge, die gemacht wurden, um dem aktuellen Lehrermangel entgegenzuwirken emp\u00f6ren das Netz.\" \/>\n<meta property=\"og:url\" content=\"https:\/\/www.thebestsocial.media\/de\/krise-im-klassenzimmer-das-problem-mit-dem-lehrermangel\/\" \/>\n<meta property=\"og:site_name\" content=\"The Best Social Media DE\" \/>\n<meta property=\"article:published_time\" content=\"2023-02-06T13:39:41+00:00\" \/>\n<meta property=\"og:image\" content=\"https:\/\/www.thebestsocial.media\/de\/wp-content\/uploads\/sites\/3\/2023\/01\/header-lehrermangel.png\" \/>\n\t<meta property=\"og:image:width\" content=\"1200\" \/>\n\t<meta property=\"og:image:height\" content=\"630\" \/>\n\t<meta property=\"og:image:type\" content=\"image\/png\" \/>\n<meta name=\"author\" content=\"Lea\" \/>\n<meta name=\"twitter:card\" content=\"summary_large_image\" \/>\n<meta name=\"twitter:label1\" content=\"Verfasst von\" \/>\n\t<meta name=\"twitter:data1\" content=\"Lea\" \/>\n\t<meta name=\"twitter:label2\" content=\"Gesch\u00e4tzte Lesezeit\" \/>\n\t<meta name=\"twitter:data2\" content=\"3\u00a0Minuten\" \/>\n<script type=\"application\/ld+json\" class=\"yoast-schema-graph\">{\"@context\":\"https:\\\/\\\/schema.org\",\"@graph\":[{\"@type\":\"Article\",\"@id\":\"https:\\\/\\\/www.thebestsocial.media\\\/de\\\/krise-im-klassenzimmer-das-problem-mit-dem-lehrermangel\\\/#article\",\"isPartOf\":{\"@id\":\"https:\\\/\\\/www.thebestsocial.media\\\/de\\\/krise-im-klassenzimmer-das-problem-mit-dem-lehrermangel\\\/\"},\"author\":{\"name\":\"Lea\",\"@id\":\"https:\\\/\\\/www.thebestsocial.media\\\/de\\\/#\\\/schema\\\/person\\\/bb9d89d5ad944f3bb530722c8914ad89\"},\"headline\":\"Krise im Klassenzimmer: Das Problem mit dem Lehrermangel\",\"datePublished\":\"2023-02-06T13:39:41+00:00\",\"mainEntityOfPage\":{\"@id\":\"https:\\\/\\\/www.thebestsocial.media\\\/de\\\/krise-im-klassenzimmer-das-problem-mit-dem-lehrermangel\\\/\"},\"wordCount\":444,\"commentCount\":0,\"image\":{\"@id\":\"https:\\\/\\\/www.thebestsocial.media\\\/de\\\/krise-im-klassenzimmer-das-problem-mit-dem-lehrermangel\\\/#primaryimage\"},\"thumbnailUrl\":\"https:\\\/\\\/www.thebestsocial.media\\\/de\\\/wp-content\\\/uploads\\\/sites\\\/3\\\/2023\\\/01\\\/teacher-g35a2ef69f_1920.jpg\",\"keywords\":[\"lehrer\",\"Lehrermangel\",\"Schulen\"],\"articleSection\":[\"Diskussion\",\"Twitter\",\"WTF\"],\"inLanguage\":\"de\",\"potentialAction\":[{\"@type\":\"CommentAction\",\"name\":\"Comment\",\"target\":[\"https:\\\/\\\/www.thebestsocial.media\\\/de\\\/krise-im-klassenzimmer-das-problem-mit-dem-lehrermangel\\\/#respond\"]}]},{\"@type\":\"WebPage\",\"@id\":\"https:\\\/\\\/www.thebestsocial.media\\\/de\\\/krise-im-klassenzimmer-das-problem-mit-dem-lehrermangel\\\/\",\"url\":\"https:\\\/\\\/www.thebestsocial.media\\\/de\\\/krise-im-klassenzimmer-das-problem-mit-dem-lehrermangel\\\/\",\"name\":\"Krise im Klassenzimmer: Das Problem mit dem Lehrermangel\",\"isPartOf\":{\"@id\":\"https:\\\/\\\/www.thebestsocial.media\\\/de\\\/#website\"},\"primaryImageOfPage\":{\"@id\":\"https:\\\/\\\/www.thebestsocial.media\\\/de\\\/krise-im-klassenzimmer-das-problem-mit-dem-lehrermangel\\\/#primaryimage\"},\"image\":{\"@id\":\"https:\\\/\\\/www.thebestsocial.media\\\/de\\\/krise-im-klassenzimmer-das-problem-mit-dem-lehrermangel\\\/#primaryimage\"},\"thumbnailUrl\":\"https:\\\/\\\/www.thebestsocial.media\\\/de\\\/wp-content\\\/uploads\\\/sites\\\/3\\\/2023\\\/01\\\/teacher-g35a2ef69f_1920.jpg\",\"datePublished\":\"2023-02-06T13:39:41+00:00\",\"author\":{\"@id\":\"https:\\\/\\\/www.thebestsocial.media\\\/de\\\/#\\\/schema\\\/person\\\/bb9d89d5ad944f3bb530722c8914ad89\"},\"description\":\"Es gibt immer weniger Lehrer. Die Vorschl\u00e4ge, die gemacht wurden, um dem aktuellen Lehrermangel entgegenzuwirken emp\u00f6ren das Netz.\",\"breadcrumb\":{\"@id\":\"https:\\\/\\\/www.thebestsocial.media\\\/de\\\/krise-im-klassenzimmer-das-problem-mit-dem-lehrermangel\\\/#breadcrumb\"},\"inLanguage\":\"de\",\"potentialAction\":[{\"@type\":\"ReadAction\",\"target\":[\"https:\\\/\\\/www.thebestsocial.media\\\/de\\\/krise-im-klassenzimmer-das-problem-mit-dem-lehrermangel\\\/\"]}]},{\"@type\":\"ImageObject\",\"inLanguage\":\"de\",\"@id\":\"https:\\\/\\\/www.thebestsocial.media\\\/de\\\/krise-im-klassenzimmer-das-problem-mit-dem-lehrermangel\\\/#primaryimage\",\"url\":\"https:\\\/\\\/www.thebestsocial.media\\\/de\\\/wp-content\\\/uploads\\\/sites\\\/3\\\/2023\\\/01\\\/teacher-g35a2ef69f_1920.jpg\",\"contentUrl\":\"https:\\\/\\\/www.thebestsocial.media\\\/de\\\/wp-content\\\/uploads\\\/sites\\\/3\\\/2023\\\/01\\\/teacher-g35a2ef69f_1920.jpg\",\"width\":1920,\"height\":1282},{\"@type\":\"BreadcrumbList\",\"@id\":\"https:\\\/\\\/www.thebestsocial.media\\\/de\\\/krise-im-klassenzimmer-das-problem-mit-dem-lehrermangel\\\/#breadcrumb\",\"itemListElement\":[{\"@type\":\"ListItem\",\"position\":1,\"name\":\"Home\",\"item\":\"https:\\\/\\\/www.thebestsocial.media\\\/de\\\/\"},{\"@type\":\"ListItem\",\"position\":2,\"name\":\"Krise im Klassenzimmer: Das Problem mit dem Lehrermangel\"}]},{\"@type\":\"WebSite\",\"@id\":\"https:\\\/\\\/www.thebestsocial.media\\\/de\\\/#website\",\"url\":\"https:\\\/\\\/www.thebestsocial.media\\\/de\\\/\",\"name\":\"The Best Social Media DE\",\"description\":\"\",\"potentialAction\":[{\"@type\":\"SearchAction\",\"target\":{\"@type\":\"EntryPoint\",\"urlTemplate\":\"https:\\\/\\\/www.thebestsocial.media\\\/de\\\/?s={search_term_string}\"},\"query-input\":{\"@type\":\"PropertyValueSpecification\",\"valueRequired\":true,\"valueName\":\"search_term_string\"}}],\"inLanguage\":\"de\"},{\"@type\":\"Person\",\"@id\":\"https:\\\/\\\/www.thebestsocial.media\\\/de\\\/#\\\/schema\\\/person\\\/bb9d89d5ad944f3bb530722c8914ad89\",\"name\":\"Lea\",\"image\":{\"@type\":\"ImageObject\",\"inLanguage\":\"de\",\"@id\":\"https:\\\/\\\/secure.gravatar.com\\\/avatar\\\/572526d0641f829a52d7692ed43a20d1f02796367e1eea965858d2d2787f4c33?s=96&d=mm&r=g\",\"url\":\"https:\\\/\\\/secure.gravatar.com\\\/avatar\\\/572526d0641f829a52d7692ed43a20d1f02796367e1eea965858d2d2787f4c33?s=96&d=mm&r=g\",\"contentUrl\":\"https:\\\/\\\/secure.gravatar.com\\\/avatar\\\/572526d0641f829a52d7692ed43a20d1f02796367e1eea965858d2d2787f4c33?s=96&d=mm&r=g\",\"caption\":\"Lea\"},\"url\":\"https:\\\/\\\/www.thebestsocial.media\\\/de\\\/author\\\/leascheel\\\/\"}]}<\/script>\n<!-- \/ Yoast SEO plugin. -->","yoast_head_json":{"title":"Krise im Klassenzimmer: Das Problem mit dem Lehrermangel","description":"Es gibt immer weniger Lehrer. Die Vorschl\u00e4ge, die gemacht wurden, um dem aktuellen Lehrermangel entgegenzuwirken emp\u00f6ren das Netz.","robots":{"index":"index","follow":"follow","max-snippet":"max-snippet:-1","max-image-preview":"max-image-preview:large","max-video-preview":"max-video-preview:-1"},"canonical":"https:\/\/www.thebestsocial.media\/de\/krise-im-klassenzimmer-das-problem-mit-dem-lehrermangel\/","og_locale":"de_DE","og_type":"article","og_title":"Krise im Klassenzimmer: Das Problem mit dem Lehrermangel","og_description":"Es gibt immer weniger Lehrer. Die Vorschl\u00e4ge, die gemacht wurden, um dem aktuellen Lehrermangel entgegenzuwirken emp\u00f6ren das Netz.","og_url":"https:\/\/www.thebestsocial.media\/de\/krise-im-klassenzimmer-das-problem-mit-dem-lehrermangel\/","og_site_name":"The Best Social Media DE","article_published_time":"2023-02-06T13:39:41+00:00","og_image":[{"width":1200,"height":630,"url":"https:\/\/www.thebestsocial.media\/de\/wp-content\/uploads\/sites\/3\/2023\/01\/header-lehrermangel.png","type":"image\/png"}],"author":"Lea","twitter_card":"summary_large_image","twitter_misc":{"Verfasst von":"Lea","Gesch\u00e4tzte Lesezeit":"3\u00a0Minuten"},"schema":{"@context":"https:\/\/schema.org","@graph":[{"@type":"Article","@id":"https:\/\/www.thebestsocial.media\/de\/krise-im-klassenzimmer-das-problem-mit-dem-lehrermangel\/#article","isPartOf":{"@id":"https:\/\/www.thebestsocial.media\/de\/krise-im-klassenzimmer-das-problem-mit-dem-lehrermangel\/"},"author":{"name":"Lea","@id":"https:\/\/www.thebestsocial.media\/de\/#\/schema\/person\/bb9d89d5ad944f3bb530722c8914ad89"},"headline":"Krise im Klassenzimmer: Das Problem mit dem Lehrermangel","datePublished":"2023-02-06T13:39:41+00:00","mainEntityOfPage":{"@id":"https:\/\/www.thebestsocial.media\/de\/krise-im-klassenzimmer-das-problem-mit-dem-lehrermangel\/"},"wordCount":444,"commentCount":0,"image":{"@id":"https:\/\/www.thebestsocial.media\/de\/krise-im-klassenzimmer-das-problem-mit-dem-lehrermangel\/#primaryimage"},"thumbnailUrl":"https:\/\/www.thebestsocial.media\/de\/wp-content\/uploads\/sites\/3\/2023\/01\/teacher-g35a2ef69f_1920.jpg","keywords":["lehrer","Lehrermangel","Schulen"],"articleSection":["Diskussion","Twitter","WTF"],"inLanguage":"de","potentialAction":[{"@type":"CommentAction","name":"Comment","target":["https:\/\/www.thebestsocial.media\/de\/krise-im-klassenzimmer-das-problem-mit-dem-lehrermangel\/#respond"]}]},{"@type":"WebPage","@id":"https:\/\/www.thebestsocial.media\/de\/krise-im-klassenzimmer-das-problem-mit-dem-lehrermangel\/","url":"https:\/\/www.thebestsocial.media\/de\/krise-im-klassenzimmer-das-problem-mit-dem-lehrermangel\/","name":"Krise im Klassenzimmer: Das Problem mit dem Lehrermangel","isPartOf":{"@id":"https:\/\/www.thebestsocial.media\/de\/#website"},"primaryImageOfPage":{"@id":"https:\/\/www.thebestsocial.media\/de\/krise-im-klassenzimmer-das-problem-mit-dem-lehrermangel\/#primaryimage"},"image":{"@id":"https:\/\/www.thebestsocial.media\/de\/krise-im-klassenzimmer-das-problem-mit-dem-lehrermangel\/#primaryimage"},"thumbnailUrl":"https:\/\/www.thebestsocial.media\/de\/wp-content\/uploads\/sites\/3\/2023\/01\/teacher-g35a2ef69f_1920.jpg","datePublished":"2023-02-06T13:39:41+00:00","author":{"@id":"https:\/\/www.thebestsocial.media\/de\/#\/schema\/person\/bb9d89d5ad944f3bb530722c8914ad89"},"description":"Es gibt immer weniger Lehrer. Die Vorschl\u00e4ge, die gemacht wurden, um dem aktuellen Lehrermangel entgegenzuwirken emp\u00f6ren das Netz.","breadcrumb":{"@id":"https:\/\/www.thebestsocial.media\/de\/krise-im-klassenzimmer-das-problem-mit-dem-lehrermangel\/#breadcrumb"},"inLanguage":"de","potentialAction":[{"@type":"ReadAction","target":["https:\/\/www.thebestsocial.media\/de\/krise-im-klassenzimmer-das-problem-mit-dem-lehrermangel\/"]}]},{"@type":"ImageObject","inLanguage":"de","@id":"https:\/\/www.thebestsocial.media\/de\/krise-im-klassenzimmer-das-problem-mit-dem-lehrermangel\/#primaryimage","url":"https:\/\/www.thebestsocial.media\/de\/wp-content\/uploads\/sites\/3\/2023\/01\/teacher-g35a2ef69f_1920.jpg","contentUrl":"https:\/\/www.thebestsocial.media\/de\/wp-content\/uploads\/sites\/3\/2023\/01\/teacher-g35a2ef69f_1920.jpg","width":1920,"height":1282},{"@type":"BreadcrumbList","@id":"https:\/\/www.thebestsocial.media\/de\/krise-im-klassenzimmer-das-problem-mit-dem-lehrermangel\/#breadcrumb","itemListElement":[{"@type":"ListItem","position":1,"name":"Home","item":"https:\/\/www.thebestsocial.media\/de\/"},{"@type":"ListItem","position":2,"name":"Krise im Klassenzimmer: Das Problem mit dem Lehrermangel"}]},{"@type":"WebSite","@id":"https:\/\/www.thebestsocial.media\/de\/#website","url":"https:\/\/www.thebestsocial.media\/de\/","name":"The Best Social Media DE","description":"","potentialAction":[{"@type":"SearchAction","target":{"@type":"EntryPoint","urlTemplate":"https:\/\/www.thebestsocial.media\/de\/?s={search_term_string}"},"query-input":{"@type":"PropertyValueSpecification","valueRequired":true,"valueName":"search_term_string"}}],"inLanguage":"de"},{"@type":"Person","@id":"https:\/\/www.thebestsocial.media\/de\/#\/schema\/person\/bb9d89d5ad944f3bb530722c8914ad89","name":"Lea","image":{"@type":"ImageObject","inLanguage":"de","@id":"https:\/\/secure.gravatar.com\/avatar\/572526d0641f829a52d7692ed43a20d1f02796367e1eea965858d2d2787f4c33?s=96&d=mm&r=g","url":"https:\/\/secure.gravatar.com\/avatar\/572526d0641f829a52d7692ed43a20d1f02796367e1eea965858d2d2787f4c33?s=96&d=mm&r=g","contentUrl":"https:\/\/secure.gravatar.com\/avatar\/572526d0641f829a52d7692ed43a20d1f02796367e1eea965858d2d2787f4c33?s=96&d=mm&r=g","caption":"Lea"},"url":"https:\/\/www.thebestsocial.media\/de\/author\/leascheel\/"}]}},"amp_enabled":true,"_links":{"self":[{"href":"https:\/\/www.thebestsocial.media\/de\/wp-json\/wp\/v2\/posts\/174902","targetHints":{"allow":["GET"]}}],"collection":[{"href":"https:\/\/www.thebestsocial.media\/de\/wp-json\/wp\/v2\/posts"}],"about":[{"href":"https:\/\/www.thebestsocial.media\/de\/wp-json\/wp\/v2\/types\/post"}],"author":[{"embeddable":true,"href":"https:\/\/www.thebestsocial.media\/de\/wp-json\/wp\/v2\/users\/104"}],"replies":[{"embeddable":true,"href":"https:\/\/www.thebestsocial.media\/de\/wp-json\/wp\/v2\/comments?post=174902"}],"version-history":[{"count":16,"href":"https:\/\/www.thebestsocial.media\/de\/wp-json\/wp\/v2\/posts\/174902\/revisions"}],"predecessor-version":[{"id":174927,"href":"https:\/\/www.thebestsocial.media\/de\/wp-json\/wp\/v2\/posts\/174902\/revisions\/174927"}],"wp:featuredmedia":[{"embeddable":true,"href":"https:\/\/www.thebestsocial.media\/de\/wp-json\/wp\/v2\/media\/174904"}],"wp:attachment":[{"href":"https:\/\/www.thebestsocial.media\/de\/wp-json\/wp\/v2\/media?parent=174902"}],"wp:term":[{"taxonomy":"category","embeddable":true,"href":"https:\/\/www.thebestsocial.media\/de\/wp-json\/wp\/v2\/categories?post=174902"},{"taxonomy":"post_tag","embeddable":true,"href":"https:\/\/www.thebestsocial.media\/de\/wp-json\/wp\/v2\/tags?post=174902"}],"curies":[{"name":"wp","href":"https:\/\/api.w.org\/{rel}","templated":true}]}}