{"id":174833,"date":"2023-01-28T23:52:56","date_gmt":"2023-01-28T23:52:56","guid":{"rendered":"https:\/\/www.thebestsocial.media\/de\/?p=174833"},"modified":"2023-12-15T17:00:17","modified_gmt":"2023-12-15T17:00:17","slug":"mama-wie-alt-warst-du-als-du-12-warst-die-top-10-kindersprueche-der-woche","status":"publish","type":"post","link":"https:\/\/www.thebestsocial.media\/de\/mama-wie-alt-warst-du-als-du-12-warst-die-top-10-kindersprueche-der-woche\/","title":{"rendered":"Mama, wie alt warst du, als du 12 warst? Die Top 10 Kinderspr\u00fcche der Woche"},"content":{"rendered":"<p>Frech, lustig und direkt: Kindermund tut Wahrheit kund! und bringt einen immer wieder zum Lachen. Die besten Kinderspr\u00fcche, gesammelt auf Twitter, gibt es hier:<\/p>\n<p style=\"text-align: center;\"><em>Mehr Kinderspr\u00fcche? <a href=\"https:\/\/www.thebestsocial.media\/de\/fresserchenjacke-und-sprudel-ohne-wasser-die-10-kindersprueche-der-woche\/\" target=\"_blank\" rel=\"noopener\">Hier zu den Top 10 der letzten Woche!<\/a><\/em><\/p>\n<h3>1. Ein Beifahrerdrama in 3 Akten.<\/h3>\n<blockquote class=\"twitter-tweet\">\n<p dir=\"ltr\" lang=\"de\">K2: da hinten ist die Ampel noch gr\u00fcn! Die kriegen wir noch!<\/p>\n<p>K2: Wieso fahren wir hier nicht ab?<br \/>\nI: Weil wir aus einer anderen Richtung kommen &amp; heute woanders lang m\u00fcssen.<br \/>\nK2: Fahr an die Seite. Ich will raus!<\/p>\n<p>Nach 10 Min. Fahrt im Stadtverkehr bin schon richtig gestresst \ud83e\udd72<\/p>\n<p>\u2014 Jules (@ed_ju1es) <a href=\"https:\/\/twitter.com\/ed_ju1es\/status\/1618960969170042890?ref_src=twsrc%5Etfw\">January 27, 2023<\/a><\/p><\/blockquote>\n<p><script async src=\"https:\/\/platform.twitter.com\/widgets.js\" charset=\"utf-8\"><\/script><\/p>\n<p>&nbsp;<\/p>\n<h3>2. Lass mal nachrechnen.<\/h3>\n<blockquote class=\"twitter-tweet\">\n<p dir=\"ltr\" lang=\"de\">K2:<br \/>\nWie alt warst du, als du 12 warst?<\/p>\n<p>\u2014 Kate \ud83e\udd84 (@majorlynn83) <a href=\"https:\/\/twitter.com\/majorlynn83\/status\/1618611101444505600?ref_src=twsrc%5Etfw\">January 26, 2023<\/a><\/p><\/blockquote>\n<p><script async src=\"https:\/\/platform.twitter.com\/widgets.js\" charset=\"utf-8\"><\/script><\/p>\n<p>&nbsp;<\/p>\n<h3>3. Irgendwie auch richtig.<\/h3>\n<blockquote class=\"twitter-tweet\">\n<p dir=\"ltr\" lang=\"de\">Ich zu K1: &#8222;Es ist wichtig, dass du gut in der Schule bist. Ich werde dich sp\u00e4ter nicht st\u00e4ndig mit Geld unterst\u00fctzen.&#8220;<\/p>\n<p>K1: &#8222;Aber ich kann doch deine Arbeit erben?&#8220;<\/p>\n<p>Ich: &#8222;Daf\u00fcr musst du gut in der Schule sein &amp; Jura studieren&#8220;<\/p>\n<p>-&#8222;Jura? Kann ich! Da haben Dinosaurier gelebt.&#8220;<\/p>\n<p>\u2014 Anwaltsgelaber (@anwaltsgelaber) <a href=\"https:\/\/twitter.com\/anwaltsgelaber\/status\/1619254764356931585?ref_src=twsrc%5Etfw\">January 28, 2023<\/a><\/p><\/blockquote>\n<p><script async src=\"https:\/\/platform.twitter.com\/widgets.js\" charset=\"utf-8\"><\/script><\/p>\n<p>&nbsp;<\/p>\n<h3>4. Meine Brotzeit ess ich nicht!<\/h3>\n<blockquote class=\"twitter-tweet\">\n<p dir=\"ltr\" lang=\"de\">Der Dreij\u00e4hrige bringt jeden Tag seine Brotbox voll mit zur\u00fcck.<br \/>\nWir \u00fcberlegen zusammen, was er mitnehmen k\u00f6nnte.<br \/>\nIch mache 20 Vorschl\u00e4ge, K2 lehnt alle ab.<br \/>\nIch: *macht 21. Vorschlag*<br \/>\nK2: &#8222;Ja, das kannst du mir mal einpacken&#8230;&#8220;<br \/>\nIch: \ud83d\ude0d<br \/>\nK2: &#8222;&#8230;aber das esse ich dann auch nicht.&#8220;<\/p>\n<p>\u2014 Frau Telzweig (@Januschka3) <a href=\"https:\/\/twitter.com\/Januschka3\/status\/1618490771874918401?ref_src=twsrc%5Etfw\">January 26, 2023<\/a><\/p><\/blockquote>\n<p><script async src=\"https:\/\/platform.twitter.com\/widgets.js\" charset=\"utf-8\"><\/script><\/p>\n<p>&nbsp;<\/p>\n<h3>5. Ein richtiges Blitzmerker-Kind!<\/h3>\n<blockquote class=\"twitter-tweet\">\n<p dir=\"ltr\" lang=\"de\">K3:&#8220;Boar Mama, ich dachte gerade, das ist aber voll dunkel heute [hier kurze Denkpause einf\u00fcgen], aber ich hatte nur die Augen zu!&#8220;<\/p>\n<p>Irrtum ausgeschlossen eindeutig mein Kind<\/p>\n<p>\u2014 buntnaund (@emillilly) <a href=\"https:\/\/twitter.com\/emillilly\/status\/1617981501425192961?ref_src=twsrc%5Etfw\">January 24, 2023<\/a><\/p><\/blockquote>\n<p><script async src=\"https:\/\/platform.twitter.com\/widgets.js\" charset=\"utf-8\"><\/script><\/p>\n<p>&nbsp;<\/p>\n<h3>6. Ein Mann, ein Wort?<\/h3>\n<blockquote class=\"twitter-tweet\">\n<p dir=\"ltr\" lang=\"de\">[es schneit]<\/p>\n<p>[machen uns fertig, um nach drau\u00dfen zu gehen]<\/p>\n<p>K1:&#8220;Papa, Du hast doch mal gesagt, wenn es noch mal so schneit, gehst du nackt in den Garten und machst einen Schneeengel!&#8220;<\/p>\n<p>ICH ERZ\u00c4HLE DENEN GAR NICHTS MEHR!\ud83d\ude20<\/p>\n<p>\u2014 Marc (@Das_BinIchHier) <a href=\"https:\/\/twitter.com\/Das_BinIchHier\/status\/1617084851009589248?ref_src=twsrc%5Etfw\">January 22, 2023<\/a><\/p><\/blockquote>\n<p><script async src=\"https:\/\/platform.twitter.com\/widgets.js\" charset=\"utf-8\"><\/script><\/p>\n<p>&nbsp;<\/p>\n<h3>7. Ein echter Traumberuf.<\/h3>\n<blockquote class=\"twitter-tweet\">\n<p dir=\"ltr\" lang=\"de\">Der 6j kommt von der Schule nach Hause, ich \u00f6ffne die T\u00fcr.<br \/>\n&#8222;Mama! Wir haben heute \u00fcber Berufe geredet, wei\u00dft du was ich mal werden will?&#8220;<br \/>\n&#8222;Was denn?&#8220;<br \/>\n&#8222;Schwerverbrecher!&#8220;<\/p>\n<p>Die \u00f6rtliche Grundschule vermittelt einfach noch Tr\u00e4ume und Visionen.<\/p>\n<p>\u2014 Foffy (@FoffyMcFoff) <a href=\"https:\/\/twitter.com\/FoffyMcFoff\/status\/1617560279604432896?ref_src=twsrc%5Etfw\">January 23, 2023<\/a><\/p><\/blockquote>\n<p><script async src=\"https:\/\/platform.twitter.com\/widgets.js\" charset=\"utf-8\"><\/script><\/p>\n<p>&nbsp;<\/p>\n<h3>8. Wen interessieren schon die Affen.<\/h3>\n<blockquote class=\"twitter-tweet\">\n<p dir=\"ltr\" lang=\"de\">Die Dreij\u00e4hrige berichtet ihrer Oma am Telefon dar\u00fcber, dass sie im Tierpark war.<br \/>\nOma:&#8220;Und, welche Tiere hast du gesehen?&#8220;<br \/>\n3j:&#8220;Da waren Karpfen! Bei den Fischen. Die sind soooo gro\u00df!&#8220;<\/p>\n<p>Hat sich die Jahreskarte ja gelohnt.<\/p>\n<p>\u2014 mare (@mareWieMeer) <a href=\"https:\/\/twitter.com\/mareWieMeer\/status\/1617204180237832193?ref_src=twsrc%5Etfw\">January 22, 2023<\/a><\/p><\/blockquote>\n<p><script async src=\"https:\/\/platform.twitter.com\/widgets.js\" charset=\"utf-8\"><\/script><\/p>\n<p>&nbsp;<\/p>\n<h3>9. Eine walnussgro\u00dfe Menge ins nasse Haar massieren.<\/h3>\n<blockquote class=\"twitter-tweet\">\n<p dir=\"ltr\" lang=\"de\">Das Kind in der Badewanne fragt:<br \/>\n\u201eWieviel Shampoo?\u201d<br \/>\nIch: \u201eSo viel wie eine Himbeere, oder wie einmal spucken.\u201d<\/p>\n<p>Jetzt sitzt er da und vergleicht die Menge Shampoo in der Linken mit der Spucke in der rechten Hand.<\/p>\n<p>Anschauliche Erkl\u00e4rungen dann nicht mehr. Ok, notiert.<\/p>\n<p>\u2014 Miss T. (@Miss_Teached) <a href=\"https:\/\/twitter.com\/Miss_Teached\/status\/1617238723292270598?ref_src=twsrc%5Etfw\">January 22, 2023<\/a><\/p><\/blockquote>\n<p><script async src=\"https:\/\/platform.twitter.com\/widgets.js\" charset=\"utf-8\"><\/script><\/p>\n<p>&nbsp;<\/p>\n<h3>10. Orrr Mama!<\/h3>\n<blockquote class=\"twitter-tweet\">\n<p dir=\"ltr\" lang=\"de\">Sohn:<\/p>\n<p>\u201eMein F\u00fcller ist leer, ich brauche eine neue Patrone!\u201c<\/p>\n<p>\u201eWie hei\u00dft das?\u201c<\/p>\n<p>\u201eBitte?\u201c<\/p>\n<p>\u201eNein. Expecto Patronum!\u201c<\/p>\n<p>\u201eOrrr Mama!\u201c<\/p>\n<p>Ja was denn?<\/p>\n<p>\u2014 Sumpfkuh (@Sumpfkuh) <a href=\"https:\/\/twitter.com\/Sumpfkuh\/status\/1618503776054431744?ref_src=twsrc%5Etfw\">January 26, 2023<\/a><\/p><\/blockquote>\n<p><script async src=\"https:\/\/platform.twitter.com\/widgets.js\" charset=\"utf-8\"><\/script><\/p>\n<p><strong>___<\/strong><br \/>\n<strong>Vielen Dank an alle f\u00fcr die Posts!<\/strong><br \/>\n<strong>___<\/strong><\/p>\n","protected":false},"excerpt":{"rendered":"<p>Frech, lustig und direkt: Kindermund tut Wahrheit kund! und bringt einen immer wieder zum Lachen. Die besten Kinderspr\u00fcche, gesammelt auf Twitter, gibt es hier: Mehr&#8230;<\/p>\n","protected":false},"author":90,"featured_media":174836,"comment_status":"open","ping_status":"open","sticky":false,"template":"","format":"standard","meta":{"_acf_changed":false,"footnotes":""},"categories":[1728,35],"tags":[1374,1039,1040],"class_list":["post-174833","post","type-post","status-publish","format-standard","has-post-thumbnail","hentry","category-humor","category-twitter","tag-humor","tag-kinder","tag-kindermund"],"acf":[],"yoast_head":"<!-- This site is optimized with the Yoast SEO plugin v27.5 - https:\/\/yoast.com\/product\/yoast-seo-wordpress\/ -->\n<title>Wie alt warst du, als du 12 warst? Die Kinderspr\u00fcche der Woche<\/title>\n<meta name=\"robots\" content=\"index, follow, max-snippet:-1, max-image-preview:large, max-video-preview:-1\" \/>\n<link rel=\"canonical\" href=\"https:\/\/www.thebestsocial.media\/de\/mama-wie-alt-warst-du-als-du-12-warst-die-top-10-kindersprueche-der-woche\/\" \/>\n<meta property=\"og:locale\" content=\"de_DE\" \/>\n<meta property=\"og:type\" content=\"article\" \/>\n<meta property=\"og:title\" content=\"Mama, wie alt warst du, als du 12 warst? Die Top Kinderspr\u00fcche der Woche\" \/>\n<meta property=\"og:description\" content=\"Frech, lustig und direkt: Kindermund tut Wahrheit kund! und bringt einen immer wieder zum Lachen. Die besten Kinderspr\u00fcche, gesammelt auf Twitter, gibt es hier: Mehr...\" \/>\n<meta property=\"og:url\" content=\"https:\/\/www.thebestsocial.media\/de\/mama-wie-alt-warst-du-als-du-12-warst-die-top-10-kindersprueche-der-woche\/\" \/>\n<meta property=\"og:site_name\" content=\"The Best Social Media DE\" \/>\n<meta property=\"article:published_time\" content=\"2023-01-28T23:52:56+00:00\" \/>\n<meta property=\"article:modified_time\" content=\"2023-12-15T17:00:17+00:00\" \/>\n<meta property=\"og:image\" content=\"https:\/\/www.thebestsocial.media\/de\/wp-content\/uploads\/sites\/3\/2023\/01\/headerbest23-kisprue.png\" \/>\n\t<meta property=\"og:image:width\" content=\"1200\" \/>\n\t<meta property=\"og:image:height\" content=\"630\" \/>\n\t<meta property=\"og:image:type\" content=\"image\/png\" \/>\n<meta name=\"author\" content=\"Johanna\" \/>\n<meta name=\"twitter:card\" content=\"summary_large_image\" \/>\n<meta name=\"twitter:label1\" content=\"Verfasst von\" \/>\n\t<meta name=\"twitter:data1\" content=\"Johanna\" \/>\n\t<meta name=\"twitter:label2\" content=\"Gesch\u00e4tzte Lesezeit\" \/>\n\t<meta name=\"twitter:data2\" content=\"1\u00a0Minute\" \/>\n<script type=\"application\/ld+json\" class=\"yoast-schema-graph\">{\"@context\":\"https:\\\/\\\/schema.org\",\"@graph\":[{\"@type\":\"Article\",\"@id\":\"https:\\\/\\\/www.thebestsocial.media\\\/de\\\/mama-wie-alt-warst-du-als-du-12-warst-die-top-10-kindersprueche-der-woche\\\/#article\",\"isPartOf\":{\"@id\":\"https:\\\/\\\/www.thebestsocial.media\\\/de\\\/mama-wie-alt-warst-du-als-du-12-warst-die-top-10-kindersprueche-der-woche\\\/\"},\"author\":{\"name\":\"Johanna\",\"@id\":\"https:\\\/\\\/www.thebestsocial.media\\\/de\\\/#\\\/schema\\\/person\\\/7e4e6d79bd9a1bd4abfc2c44bdca4ae5\"},\"headline\":\"Mama, wie alt warst du, als du 12 warst? Die Top 10 Kinderspr\u00fcche der Woche\",\"datePublished\":\"2023-01-28T23:52:56+00:00\",\"dateModified\":\"2023-12-15T17:00:17+00:00\",\"mainEntityOfPage\":{\"@id\":\"https:\\\/\\\/www.thebestsocial.media\\\/de\\\/mama-wie-alt-warst-du-als-du-12-warst-die-top-10-kindersprueche-der-woche\\\/\"},\"wordCount\":522,\"commentCount\":0,\"image\":{\"@id\":\"https:\\\/\\\/www.thebestsocial.media\\\/de\\\/mama-wie-alt-warst-du-als-du-12-warst-die-top-10-kindersprueche-der-woche\\\/#primaryimage\"},\"thumbnailUrl\":\"https:\\\/\\\/www.thebestsocial.media\\\/de\\\/wp-content\\\/uploads\\\/sites\\\/3\\\/2023\\\/01\\\/Kindersprueche-1.png\",\"keywords\":[\"humor\",\"Kinder\",\"Kindermund\"],\"articleSection\":[\"Humor\",\"Twitter\"],\"inLanguage\":\"de\",\"potentialAction\":[{\"@type\":\"CommentAction\",\"name\":\"Comment\",\"target\":[\"https:\\\/\\\/www.thebestsocial.media\\\/de\\\/mama-wie-alt-warst-du-als-du-12-warst-die-top-10-kindersprueche-der-woche\\\/#respond\"]}]},{\"@type\":\"WebPage\",\"@id\":\"https:\\\/\\\/www.thebestsocial.media\\\/de\\\/mama-wie-alt-warst-du-als-du-12-warst-die-top-10-kindersprueche-der-woche\\\/\",\"url\":\"https:\\\/\\\/www.thebestsocial.media\\\/de\\\/mama-wie-alt-warst-du-als-du-12-warst-die-top-10-kindersprueche-der-woche\\\/\",\"name\":\"Wie alt warst du, als du 12 warst? Die Kinderspr\u00fcche der Woche\",\"isPartOf\":{\"@id\":\"https:\\\/\\\/www.thebestsocial.media\\\/de\\\/#website\"},\"primaryImageOfPage\":{\"@id\":\"https:\\\/\\\/www.thebestsocial.media\\\/de\\\/mama-wie-alt-warst-du-als-du-12-warst-die-top-10-kindersprueche-der-woche\\\/#primaryimage\"},\"image\":{\"@id\":\"https:\\\/\\\/www.thebestsocial.media\\\/de\\\/mama-wie-alt-warst-du-als-du-12-warst-die-top-10-kindersprueche-der-woche\\\/#primaryimage\"},\"thumbnailUrl\":\"https:\\\/\\\/www.thebestsocial.media\\\/de\\\/wp-content\\\/uploads\\\/sites\\\/3\\\/2023\\\/01\\\/Kindersprueche-1.png\",\"datePublished\":\"2023-01-28T23:52:56+00:00\",\"dateModified\":\"2023-12-15T17:00:17+00:00\",\"author\":{\"@id\":\"https:\\\/\\\/www.thebestsocial.media\\\/de\\\/#\\\/schema\\\/person\\\/7e4e6d79bd9a1bd4abfc2c44bdca4ae5\"},\"breadcrumb\":{\"@id\":\"https:\\\/\\\/www.thebestsocial.media\\\/de\\\/mama-wie-alt-warst-du-als-du-12-warst-die-top-10-kindersprueche-der-woche\\\/#breadcrumb\"},\"inLanguage\":\"de\",\"potentialAction\":[{\"@type\":\"ReadAction\",\"target\":[\"https:\\\/\\\/www.thebestsocial.media\\\/de\\\/mama-wie-alt-warst-du-als-du-12-warst-die-top-10-kindersprueche-der-woche\\\/\"]}]},{\"@type\":\"ImageObject\",\"inLanguage\":\"de\",\"@id\":\"https:\\\/\\\/www.thebestsocial.media\\\/de\\\/mama-wie-alt-warst-du-als-du-12-warst-die-top-10-kindersprueche-der-woche\\\/#primaryimage\",\"url\":\"https:\\\/\\\/www.thebestsocial.media\\\/de\\\/wp-content\\\/uploads\\\/sites\\\/3\\\/2023\\\/01\\\/Kindersprueche-1.png\",\"contentUrl\":\"https:\\\/\\\/www.thebestsocial.media\\\/de\\\/wp-content\\\/uploads\\\/sites\\\/3\\\/2023\\\/01\\\/Kindersprueche-1.png\",\"width\":1280,\"height\":720,\"caption\":\"Kinderspr\u00fcche der Woche\"},{\"@type\":\"BreadcrumbList\",\"@id\":\"https:\\\/\\\/www.thebestsocial.media\\\/de\\\/mama-wie-alt-warst-du-als-du-12-warst-die-top-10-kindersprueche-der-woche\\\/#breadcrumb\",\"itemListElement\":[{\"@type\":\"ListItem\",\"position\":1,\"name\":\"Home\",\"item\":\"https:\\\/\\\/www.thebestsocial.media\\\/de\\\/\"},{\"@type\":\"ListItem\",\"position\":2,\"name\":\"Mama, wie alt warst du, als du 12 warst? Die Top 10 Kinderspr\u00fcche der Woche\"}]},{\"@type\":\"WebSite\",\"@id\":\"https:\\\/\\\/www.thebestsocial.media\\\/de\\\/#website\",\"url\":\"https:\\\/\\\/www.thebestsocial.media\\\/de\\\/\",\"name\":\"The Best Social Media DE\",\"description\":\"\",\"potentialAction\":[{\"@type\":\"SearchAction\",\"target\":{\"@type\":\"EntryPoint\",\"urlTemplate\":\"https:\\\/\\\/www.thebestsocial.media\\\/de\\\/?s={search_term_string}\"},\"query-input\":{\"@type\":\"PropertyValueSpecification\",\"valueRequired\":true,\"valueName\":\"search_term_string\"}}],\"inLanguage\":\"de\"},{\"@type\":\"Person\",\"@id\":\"https:\\\/\\\/www.thebestsocial.media\\\/de\\\/#\\\/schema\\\/person\\\/7e4e6d79bd9a1bd4abfc2c44bdca4ae5\",\"name\":\"Johanna\",\"image\":{\"@type\":\"ImageObject\",\"inLanguage\":\"de\",\"@id\":\"https:\\\/\\\/secure.gravatar.com\\\/avatar\\\/75ce1fe18a6340c6127d32732e3615cd7010e7ce8c30f9e6460ebb4736008f68?s=96&d=mm&r=g\",\"url\":\"https:\\\/\\\/secure.gravatar.com\\\/avatar\\\/75ce1fe18a6340c6127d32732e3615cd7010e7ce8c30f9e6460ebb4736008f68?s=96&d=mm&r=g\",\"contentUrl\":\"https:\\\/\\\/secure.gravatar.com\\\/avatar\\\/75ce1fe18a6340c6127d32732e3615cd7010e7ce8c30f9e6460ebb4736008f68?s=96&d=mm&r=g\",\"caption\":\"Johanna\"},\"url\":\"https:\\\/\\\/www.thebestsocial.media\\\/de\\\/author\\\/johannamichaels\\\/\"}]}<\/script>\n<!-- \/ Yoast SEO plugin. -->","yoast_head_json":{"title":"Wie alt warst du, als du 12 warst? Die Kinderspr\u00fcche der Woche","robots":{"index":"index","follow":"follow","max-snippet":"max-snippet:-1","max-image-preview":"max-image-preview:large","max-video-preview":"max-video-preview:-1"},"canonical":"https:\/\/www.thebestsocial.media\/de\/mama-wie-alt-warst-du-als-du-12-warst-die-top-10-kindersprueche-der-woche\/","og_locale":"de_DE","og_type":"article","og_title":"Mama, wie alt warst du, als du 12 warst? Die Top Kinderspr\u00fcche der Woche","og_description":"Frech, lustig und direkt: Kindermund tut Wahrheit kund! und bringt einen immer wieder zum Lachen. Die besten Kinderspr\u00fcche, gesammelt auf Twitter, gibt es hier: Mehr...","og_url":"https:\/\/www.thebestsocial.media\/de\/mama-wie-alt-warst-du-als-du-12-warst-die-top-10-kindersprueche-der-woche\/","og_site_name":"The Best Social Media DE","article_published_time":"2023-01-28T23:52:56+00:00","article_modified_time":"2023-12-15T17:00:17+00:00","og_image":[{"width":1200,"height":630,"url":"https:\/\/www.thebestsocial.media\/de\/wp-content\/uploads\/sites\/3\/2023\/01\/headerbest23-kisprue.png","type":"image\/png"}],"author":"Johanna","twitter_card":"summary_large_image","twitter_misc":{"Verfasst von":"Johanna","Gesch\u00e4tzte Lesezeit":"1\u00a0Minute"},"schema":{"@context":"https:\/\/schema.org","@graph":[{"@type":"Article","@id":"https:\/\/www.thebestsocial.media\/de\/mama-wie-alt-warst-du-als-du-12-warst-die-top-10-kindersprueche-der-woche\/#article","isPartOf":{"@id":"https:\/\/www.thebestsocial.media\/de\/mama-wie-alt-warst-du-als-du-12-warst-die-top-10-kindersprueche-der-woche\/"},"author":{"name":"Johanna","@id":"https:\/\/www.thebestsocial.media\/de\/#\/schema\/person\/7e4e6d79bd9a1bd4abfc2c44bdca4ae5"},"headline":"Mama, wie alt warst du, als du 12 warst? Die Top 10 Kinderspr\u00fcche der Woche","datePublished":"2023-01-28T23:52:56+00:00","dateModified":"2023-12-15T17:00:17+00:00","mainEntityOfPage":{"@id":"https:\/\/www.thebestsocial.media\/de\/mama-wie-alt-warst-du-als-du-12-warst-die-top-10-kindersprueche-der-woche\/"},"wordCount":522,"commentCount":0,"image":{"@id":"https:\/\/www.thebestsocial.media\/de\/mama-wie-alt-warst-du-als-du-12-warst-die-top-10-kindersprueche-der-woche\/#primaryimage"},"thumbnailUrl":"https:\/\/www.thebestsocial.media\/de\/wp-content\/uploads\/sites\/3\/2023\/01\/Kindersprueche-1.png","keywords":["humor","Kinder","Kindermund"],"articleSection":["Humor","Twitter"],"inLanguage":"de","potentialAction":[{"@type":"CommentAction","name":"Comment","target":["https:\/\/www.thebestsocial.media\/de\/mama-wie-alt-warst-du-als-du-12-warst-die-top-10-kindersprueche-der-woche\/#respond"]}]},{"@type":"WebPage","@id":"https:\/\/www.thebestsocial.media\/de\/mama-wie-alt-warst-du-als-du-12-warst-die-top-10-kindersprueche-der-woche\/","url":"https:\/\/www.thebestsocial.media\/de\/mama-wie-alt-warst-du-als-du-12-warst-die-top-10-kindersprueche-der-woche\/","name":"Wie alt warst du, als du 12 warst? Die Kinderspr\u00fcche der Woche","isPartOf":{"@id":"https:\/\/www.thebestsocial.media\/de\/#website"},"primaryImageOfPage":{"@id":"https:\/\/www.thebestsocial.media\/de\/mama-wie-alt-warst-du-als-du-12-warst-die-top-10-kindersprueche-der-woche\/#primaryimage"},"image":{"@id":"https:\/\/www.thebestsocial.media\/de\/mama-wie-alt-warst-du-als-du-12-warst-die-top-10-kindersprueche-der-woche\/#primaryimage"},"thumbnailUrl":"https:\/\/www.thebestsocial.media\/de\/wp-content\/uploads\/sites\/3\/2023\/01\/Kindersprueche-1.png","datePublished":"2023-01-28T23:52:56+00:00","dateModified":"2023-12-15T17:00:17+00:00","author":{"@id":"https:\/\/www.thebestsocial.media\/de\/#\/schema\/person\/7e4e6d79bd9a1bd4abfc2c44bdca4ae5"},"breadcrumb":{"@id":"https:\/\/www.thebestsocial.media\/de\/mama-wie-alt-warst-du-als-du-12-warst-die-top-10-kindersprueche-der-woche\/#breadcrumb"},"inLanguage":"de","potentialAction":[{"@type":"ReadAction","target":["https:\/\/www.thebestsocial.media\/de\/mama-wie-alt-warst-du-als-du-12-warst-die-top-10-kindersprueche-der-woche\/"]}]},{"@type":"ImageObject","inLanguage":"de","@id":"https:\/\/www.thebestsocial.media\/de\/mama-wie-alt-warst-du-als-du-12-warst-die-top-10-kindersprueche-der-woche\/#primaryimage","url":"https:\/\/www.thebestsocial.media\/de\/wp-content\/uploads\/sites\/3\/2023\/01\/Kindersprueche-1.png","contentUrl":"https:\/\/www.thebestsocial.media\/de\/wp-content\/uploads\/sites\/3\/2023\/01\/Kindersprueche-1.png","width":1280,"height":720,"caption":"Kinderspr\u00fcche der Woche"},{"@type":"BreadcrumbList","@id":"https:\/\/www.thebestsocial.media\/de\/mama-wie-alt-warst-du-als-du-12-warst-die-top-10-kindersprueche-der-woche\/#breadcrumb","itemListElement":[{"@type":"ListItem","position":1,"name":"Home","item":"https:\/\/www.thebestsocial.media\/de\/"},{"@type":"ListItem","position":2,"name":"Mama, wie alt warst du, als du 12 warst? Die Top 10 Kinderspr\u00fcche der Woche"}]},{"@type":"WebSite","@id":"https:\/\/www.thebestsocial.media\/de\/#website","url":"https:\/\/www.thebestsocial.media\/de\/","name":"The Best Social Media DE","description":"","potentialAction":[{"@type":"SearchAction","target":{"@type":"EntryPoint","urlTemplate":"https:\/\/www.thebestsocial.media\/de\/?s={search_term_string}"},"query-input":{"@type":"PropertyValueSpecification","valueRequired":true,"valueName":"search_term_string"}}],"inLanguage":"de"},{"@type":"Person","@id":"https:\/\/www.thebestsocial.media\/de\/#\/schema\/person\/7e4e6d79bd9a1bd4abfc2c44bdca4ae5","name":"Johanna","image":{"@type":"ImageObject","inLanguage":"de","@id":"https:\/\/secure.gravatar.com\/avatar\/75ce1fe18a6340c6127d32732e3615cd7010e7ce8c30f9e6460ebb4736008f68?s=96&d=mm&r=g","url":"https:\/\/secure.gravatar.com\/avatar\/75ce1fe18a6340c6127d32732e3615cd7010e7ce8c30f9e6460ebb4736008f68?s=96&d=mm&r=g","contentUrl":"https:\/\/secure.gravatar.com\/avatar\/75ce1fe18a6340c6127d32732e3615cd7010e7ce8c30f9e6460ebb4736008f68?s=96&d=mm&r=g","caption":"Johanna"},"url":"https:\/\/www.thebestsocial.media\/de\/author\/johannamichaels\/"}]}},"amp_enabled":true,"_links":{"self":[{"href":"https:\/\/www.thebestsocial.media\/de\/wp-json\/wp\/v2\/posts\/174833","targetHints":{"allow":["GET"]}}],"collection":[{"href":"https:\/\/www.thebestsocial.media\/de\/wp-json\/wp\/v2\/posts"}],"about":[{"href":"https:\/\/www.thebestsocial.media\/de\/wp-json\/wp\/v2\/types\/post"}],"author":[{"embeddable":true,"href":"https:\/\/www.thebestsocial.media\/de\/wp-json\/wp\/v2\/users\/90"}],"replies":[{"embeddable":true,"href":"https:\/\/www.thebestsocial.media\/de\/wp-json\/wp\/v2\/comments?post=174833"}],"version-history":[{"count":5,"href":"https:\/\/www.thebestsocial.media\/de\/wp-json\/wp\/v2\/posts\/174833\/revisions"}],"predecessor-version":[{"id":183703,"href":"https:\/\/www.thebestsocial.media\/de\/wp-json\/wp\/v2\/posts\/174833\/revisions\/183703"}],"wp:featuredmedia":[{"embeddable":true,"href":"https:\/\/www.thebestsocial.media\/de\/wp-json\/wp\/v2\/media\/174836"}],"wp:attachment":[{"href":"https:\/\/www.thebestsocial.media\/de\/wp-json\/wp\/v2\/media?parent=174833"}],"wp:term":[{"taxonomy":"category","embeddable":true,"href":"https:\/\/www.thebestsocial.media\/de\/wp-json\/wp\/v2\/categories?post=174833"},{"taxonomy":"post_tag","embeddable":true,"href":"https:\/\/www.thebestsocial.media\/de\/wp-json\/wp\/v2\/tags?post=174833"}],"curies":[{"name":"wp","href":"https:\/\/api.w.org\/{rel}","templated":true}]}}