{"id":173667,"date":"2023-01-16T16:15:07","date_gmt":"2023-01-16T16:15:07","guid":{"rendered":"https:\/\/www.thebestsocial.media\/de\/?p=173667"},"modified":"2023-01-16T16:15:07","modified_gmt":"2023-01-16T16:15:07","slug":"lambrecht-tritt-als-verteidigungsministerin-zurueck-das-internet-schlaegt-nachfolger-vor","status":"publish","type":"post","link":"https:\/\/www.thebestsocial.media\/de\/lambrecht-tritt-als-verteidigungsministerin-zurueck-das-internet-schlaegt-nachfolger-vor\/","title":{"rendered":"Lambrecht tritt als Verteidigungsministerin zur\u00fcck &#8211; und das Internet sucht die perfekte Nachfolge"},"content":{"rendered":"<p>Nach Verteidigungsministerin <a href=\"https:\/\/www.instagram.com\/reel\/Cm2Mks1BDj8\/?utm_source=ig_web_copy_link\" target=\"_blank\" rel=\"noopener\">Christine Lambrechts Silvester-Video<\/a> wurden Stimmen laut, die einen R\u00fccktritt forderten. Heute k\u00fcndigte sie ebendiesen an. Nat\u00fcrlich muss nun ein:e Nachfolger:in her. Nat\u00fcrlich hat Twitter da so einige Vorschl\u00e4ge. Nat\u00fcrlich haben wir euch die besten hier zusammengestellt.<\/p>\n<p>&nbsp;<\/p>\n<h3>Bleibt sie sich treu?<\/h3>\n<blockquote class=\"twitter-tweet\" data-conversation=\"none\">\n<p dir=\"ltr\" lang=\"de\">Exklusiv: R\u00fccktrittsrede von Verteidigungsministerin Lambrecht <a href=\"https:\/\/t.co\/RpZndYlhoM\">pic.twitter.com\/RpZndYlhoM<\/a><\/p>\n<p>\u2014 Der Postillon (@Der_Postillon) <a href=\"https:\/\/twitter.com\/Der_Postillon\/status\/1614226091652091904?ref_src=twsrc%5Etfw\">January 14, 2023<\/a><\/p><\/blockquote>\n<p><script async src=\"https:\/\/platform.twitter.com\/widgets.js\" charset=\"utf-8\"><\/script><\/p>\n<p>&nbsp;<\/p>\n<h3>Scholz hat angeblich bereits jemanden als Nachfolge im Sinn.<\/h3>\n<blockquote class=\"twitter-tweet\">\n<p dir=\"ltr\" lang=\"de\">Christine Lambrecht gerade im Willy-Brandt-Haus: <a href=\"https:\/\/t.co\/yVvNgtBXIR\">pic.twitter.com\/yVvNgtBXIR<\/a><\/p>\n<p>\u2014 Out of Context Stromberg (@OutStromberg) <a href=\"https:\/\/twitter.com\/OutStromberg\/status\/1614249579683381248?ref_src=twsrc%5Etfw\">January 14, 2023<\/a><\/p><\/blockquote>\n<p><script async src=\"https:\/\/platform.twitter.com\/widgets.js\" charset=\"utf-8\"><\/script><\/p>\n<p>&nbsp;<\/p>\n<h3>Ob es wohl eine:r der folgenden Kandidat:innen ist?<\/h3>\n<blockquote class=\"twitter-tweet\">\n<p dir=\"ltr\" lang=\"de\">Vier Gr\u00fcnde die f\u00fcr Jeremy Fragrance als neuen Verteidigungsminister sprechen:<\/p>\n<p>&#8211; Zu jeder Situation passend gekleidet<br \/>\n&#8211; Kennt sich mit peinlichen Videos aus<br \/>\n&#8211; Hat keine Kinder die er in Helis rumfliegen kann<br \/>\n&#8211; Er ist Jeremy Fragrance<\/p>\n<p>\u2014 Tom Kraftwerk (@TomKraftwerk) <a href=\"https:\/\/twitter.com\/TomKraftwerk\/status\/1614989871013326855?ref_src=twsrc%5Etfw\">January 16, 2023<\/a><\/p><\/blockquote>\n<p><script async src=\"https:\/\/platform.twitter.com\/widgets.js\" charset=\"utf-8\"><\/script><\/p>\n<p>&nbsp;<\/p>\n<h3>Warum eigentlich nicht.<\/h3>\n<blockquote class=\"twitter-tweet\">\n<p dir=\"ltr\" lang=\"de\">Der neue Verteidigungsminister <a href=\"https:\/\/t.co\/FkWhAb2oCw\">pic.twitter.com\/FkWhAb2oCw<\/a><\/p>\n<p>\u2014 \ud835\ude67\ud835\ude64\ud835\ude69\ud835\ude5a\ud835\ude67 \ud835\ude65\ud835\ude56\ud835\ude63\ud835\ude59\ud835\ude5a\ud835\ude67 (@roter_pander) <a href=\"https:\/\/twitter.com\/roter_pander\/status\/1614966133718663169?ref_src=twsrc%5Etfw\">January 16, 2023<\/a><\/p><\/blockquote>\n<p><script async src=\"https:\/\/platform.twitter.com\/widgets.js\" charset=\"utf-8\"><\/script><\/p>\n<p>&nbsp;<\/p>\n<h3>Sehr einsch\u00fcchternd.<\/h3>\n<blockquote class=\"twitter-tweet\">\n<p dir=\"ltr\" lang=\"de\"><a href=\"https:\/\/twitter.com\/hashtag\/Lambrecht?src=hash&amp;ref_src=twsrc%5Etfw\">#Lambrecht<\/a> vor dem Aus. Wird SIE jetzt neue Verteidigungsministerin? <a href=\"https:\/\/t.co\/CmnugdLyt4\">pic.twitter.com\/CmnugdLyt4<\/a><\/p>\n<p>\u2014 Baron von Impfstetten (Parodystopia) (@mattschimmernd) <a href=\"https:\/\/twitter.com\/mattschimmernd\/status\/1614002798449803266?ref_src=twsrc%5Etfw\">January 13, 2023<\/a><\/p><\/blockquote>\n<p><script async src=\"https:\/\/platform.twitter.com\/widgets.js\" charset=\"utf-8\"><\/script><\/p>\n<p>&nbsp;<\/p>\n<h3>Was ist mit dem <a href=\"https:\/\/www.thebestsocial.media\/de\/in-den-matsch-geschubst-der-moench-von-luetzerath-sorgte-fuer-spott-und-schadenfreude\/\" target=\"_blank\" rel=\"noopener\">M\u00f6nch von L\u00fctzerath<\/a>?<\/h3>\n<blockquote class=\"twitter-tweet\">\n<p dir=\"ltr\" lang=\"de\">neuer verteidigungsminister <a href=\"https:\/\/t.co\/FGtjc0NMVd\">pic.twitter.com\/FGtjc0NMVd<\/a><\/p>\n<p>\u2014 Friedemann Weise (@FriedemannWeise) <a href=\"https:\/\/twitter.com\/FriedemannWeise\/status\/1614651651972911105?ref_src=twsrc%5Etfw\">January 15, 2023<\/a><\/p><\/blockquote>\n<p><script async src=\"https:\/\/platform.twitter.com\/widgets.js\" charset=\"utf-8\"><\/script><\/p>\n<p>&nbsp;<\/p>\n<h3>Oder wie w\u00e4re es mit diesem geheimnisvollen Newcomer:<\/h3>\n<blockquote class=\"twitter-tweet\">\n<p dir=\"ltr\" lang=\"de\">Nach <a href=\"https:\/\/twitter.com\/hashtag\/Lambrecht?src=hash&amp;ref_src=twsrc%5Etfw\">#Lambrecht<\/a>-R\u00fccktritt:<\/p>\n<p>Olaf Scholz stellt neuen Verteidigungsminister &#8211; Christian Schafrecht vor. <a href=\"https:\/\/t.co\/7pWP1W56vQ\">pic.twitter.com\/7pWP1W56vQ<\/a><\/p>\n<p>\u2014 Benny Illinger (@IamIllgner) <a href=\"https:\/\/twitter.com\/IamIllgner\/status\/1614897259992481793?ref_src=twsrc%5Etfw\">January 16, 2023<\/a><\/p><\/blockquote>\n<p><script async src=\"https:\/\/platform.twitter.com\/widgets.js\" charset=\"utf-8\"><\/script><\/p>\n<p>&nbsp;<\/p>\n<h3>Schwierige Entscheidung!<\/h3>\n<blockquote class=\"twitter-tweet\">\n<p dir=\"ltr\" lang=\"de\">Im Prinzip k\u00f6nnte doch nach dem R\u00fccktritt von Christine Lambrecht jetzt wirklich jeder ein exzellenter Verteidigungsminister werden. Man stellt einfach Erich Vad als Chefberater ein und macht dann immer exakt das Gegenteil von dem, was Vad empfiehlt.<\/p>\n<p>\u2014 Marie von den Benken (@Regendelfin) <a href=\"https:\/\/twitter.com\/Regendelfin\/status\/1614215698099671044?ref_src=twsrc%5Etfw\">January 14, 2023<\/a><\/p><\/blockquote>\n<p><script async src=\"https:\/\/platform.twitter.com\/widgets.js\" charset=\"utf-8\"><\/script><\/p>\n<p>&nbsp;<\/p>\n<p><strong>___<\/strong><br \/>\n<strong>Vielen Dank an alle f\u00fcr die Posts!<\/strong><br \/>\n<strong>___<\/strong><\/p>\n","protected":false},"excerpt":{"rendered":"<p>Nach Verteidigungsministerin Christine Lambrechts Silvester-Video wurden Stimmen laut, die einen R\u00fccktritt forderten. Heute k\u00fcndigte sie ebendiesen an. Nat\u00fcrlich muss nun ein:e Nachfolger:in her. Nat\u00fcrlich hat&#8230;<\/p>\n","protected":false},"author":73,"featured_media":173688,"comment_status":"open","ping_status":"open","sticky":false,"template":"","format":"standard","meta":{"_acf_changed":false,"footnotes":""},"categories":[4728,35],"tags":[412,680],"class_list":["post-173667","post","type-post","status-publish","format-standard","has-post-thumbnail","hentry","category-diskussion","category-twitter","tag-politik","tag-shitstorm"],"acf":[],"yoast_head":"<!-- This site is optimized with the Yoast SEO plugin v27.5 - https:\/\/yoast.com\/product\/yoast-seo-wordpress\/ -->\n<title>Lambrecht tritt zur\u00fcck - das Internet sucht die perfekte Nachfolge<\/title>\n<meta name=\"robots\" content=\"index, follow, max-snippet:-1, max-image-preview:large, max-video-preview:-1\" \/>\n<link rel=\"canonical\" href=\"https:\/\/www.thebestsocial.media\/de\/lambrecht-tritt-als-verteidigungsministerin-zurueck-das-internet-schlaegt-nachfolger-vor\/\" \/>\n<meta property=\"og:locale\" content=\"de_DE\" \/>\n<meta property=\"og:type\" content=\"article\" \/>\n<meta property=\"og:title\" content=\"Lambrecht tritt als Verteidigungsministerin zur\u00fcck - und das Internet sucht die perfekte Nachfolge\" \/>\n<meta property=\"og:description\" content=\"Nach Verteidigungsministerin Christine Lambrechts Silvester-Video wurden Stimmen laut, die einen R\u00fccktritt forderten. Heute k\u00fcndigte sie ebendiesen an. Nat\u00fcrlich muss nun ein:e Nachfolger:in her. Nat\u00fcrlich hat...\" \/>\n<meta property=\"og:url\" content=\"https:\/\/www.thebestsocial.media\/de\/lambrecht-tritt-als-verteidigungsministerin-zurueck-das-internet-schlaegt-nachfolger-vor\/\" \/>\n<meta property=\"og:site_name\" content=\"The Best Social Media DE\" \/>\n<meta property=\"article:published_time\" content=\"2023-01-16T16:15:07+00:00\" \/>\n<meta property=\"og:image\" content=\"https:\/\/www.thebestsocial.media\/de\/wp-content\/uploads\/sites\/3\/2023\/01\/header-lambrecht.png\" \/>\n\t<meta property=\"og:image:width\" content=\"1200\" \/>\n\t<meta property=\"og:image:height\" content=\"630\" \/>\n\t<meta property=\"og:image:type\" content=\"image\/png\" \/>\n<meta name=\"author\" content=\"Helene Mei\u00dfner\" \/>\n<meta name=\"twitter:card\" content=\"summary_large_image\" \/>\n<meta name=\"twitter:label1\" content=\"Verfasst von\" \/>\n\t<meta name=\"twitter:data1\" content=\"Helene Mei\u00dfner\" \/>\n\t<meta name=\"twitter:label2\" content=\"Gesch\u00e4tzte Lesezeit\" \/>\n\t<meta name=\"twitter:data2\" content=\"2\u00a0Minuten\" \/>\n<script type=\"application\/ld+json\" class=\"yoast-schema-graph\">{\"@context\":\"https:\\\/\\\/schema.org\",\"@graph\":[{\"@type\":\"Article\",\"@id\":\"https:\\\/\\\/www.thebestsocial.media\\\/de\\\/lambrecht-tritt-als-verteidigungsministerin-zurueck-das-internet-schlaegt-nachfolger-vor\\\/#article\",\"isPartOf\":{\"@id\":\"https:\\\/\\\/www.thebestsocial.media\\\/de\\\/lambrecht-tritt-als-verteidigungsministerin-zurueck-das-internet-schlaegt-nachfolger-vor\\\/\"},\"author\":{\"name\":\"Helene Mei\u00dfner\",\"@id\":\"https:\\\/\\\/www.thebestsocial.media\\\/de\\\/#\\\/schema\\\/person\\\/6267acc046505b90b912687a039220df\"},\"headline\":\"Lambrecht tritt als Verteidigungsministerin zur\u00fcck &#8211; und das Internet sucht die perfekte Nachfolge\",\"datePublished\":\"2023-01-16T16:15:07+00:00\",\"mainEntityOfPage\":{\"@id\":\"https:\\\/\\\/www.thebestsocial.media\\\/de\\\/lambrecht-tritt-als-verteidigungsministerin-zurueck-das-internet-schlaegt-nachfolger-vor\\\/\"},\"wordCount\":308,\"commentCount\":0,\"image\":{\"@id\":\"https:\\\/\\\/www.thebestsocial.media\\\/de\\\/lambrecht-tritt-als-verteidigungsministerin-zurueck-das-internet-schlaegt-nachfolger-vor\\\/#primaryimage\"},\"thumbnailUrl\":\"https:\\\/\\\/www.thebestsocial.media\\\/de\\\/wp-content\\\/uploads\\\/sites\\\/3\\\/2023\\\/01\\\/newspapers-4565916_1920.jpg\",\"keywords\":[\"politik\",\"shitstorm\"],\"articleSection\":[\"Diskussion\",\"Twitter\"],\"inLanguage\":\"de\",\"potentialAction\":[{\"@type\":\"CommentAction\",\"name\":\"Comment\",\"target\":[\"https:\\\/\\\/www.thebestsocial.media\\\/de\\\/lambrecht-tritt-als-verteidigungsministerin-zurueck-das-internet-schlaegt-nachfolger-vor\\\/#respond\"]}]},{\"@type\":\"WebPage\",\"@id\":\"https:\\\/\\\/www.thebestsocial.media\\\/de\\\/lambrecht-tritt-als-verteidigungsministerin-zurueck-das-internet-schlaegt-nachfolger-vor\\\/\",\"url\":\"https:\\\/\\\/www.thebestsocial.media\\\/de\\\/lambrecht-tritt-als-verteidigungsministerin-zurueck-das-internet-schlaegt-nachfolger-vor\\\/\",\"name\":\"Lambrecht tritt zur\u00fcck - das Internet sucht die perfekte Nachfolge\",\"isPartOf\":{\"@id\":\"https:\\\/\\\/www.thebestsocial.media\\\/de\\\/#website\"},\"primaryImageOfPage\":{\"@id\":\"https:\\\/\\\/www.thebestsocial.media\\\/de\\\/lambrecht-tritt-als-verteidigungsministerin-zurueck-das-internet-schlaegt-nachfolger-vor\\\/#primaryimage\"},\"image\":{\"@id\":\"https:\\\/\\\/www.thebestsocial.media\\\/de\\\/lambrecht-tritt-als-verteidigungsministerin-zurueck-das-internet-schlaegt-nachfolger-vor\\\/#primaryimage\"},\"thumbnailUrl\":\"https:\\\/\\\/www.thebestsocial.media\\\/de\\\/wp-content\\\/uploads\\\/sites\\\/3\\\/2023\\\/01\\\/newspapers-4565916_1920.jpg\",\"datePublished\":\"2023-01-16T16:15:07+00:00\",\"author\":{\"@id\":\"https:\\\/\\\/www.thebestsocial.media\\\/de\\\/#\\\/schema\\\/person\\\/6267acc046505b90b912687a039220df\"},\"breadcrumb\":{\"@id\":\"https:\\\/\\\/www.thebestsocial.media\\\/de\\\/lambrecht-tritt-als-verteidigungsministerin-zurueck-das-internet-schlaegt-nachfolger-vor\\\/#breadcrumb\"},\"inLanguage\":\"de\",\"potentialAction\":[{\"@type\":\"ReadAction\",\"target\":[\"https:\\\/\\\/www.thebestsocial.media\\\/de\\\/lambrecht-tritt-als-verteidigungsministerin-zurueck-das-internet-schlaegt-nachfolger-vor\\\/\"]}]},{\"@type\":\"ImageObject\",\"inLanguage\":\"de\",\"@id\":\"https:\\\/\\\/www.thebestsocial.media\\\/de\\\/lambrecht-tritt-als-verteidigungsministerin-zurueck-das-internet-schlaegt-nachfolger-vor\\\/#primaryimage\",\"url\":\"https:\\\/\\\/www.thebestsocial.media\\\/de\\\/wp-content\\\/uploads\\\/sites\\\/3\\\/2023\\\/01\\\/newspapers-4565916_1920.jpg\",\"contentUrl\":\"https:\\\/\\\/www.thebestsocial.media\\\/de\\\/wp-content\\\/uploads\\\/sites\\\/3\\\/2023\\\/01\\\/newspapers-4565916_1920.jpg\",\"width\":1920,\"height\":1280},{\"@type\":\"BreadcrumbList\",\"@id\":\"https:\\\/\\\/www.thebestsocial.media\\\/de\\\/lambrecht-tritt-als-verteidigungsministerin-zurueck-das-internet-schlaegt-nachfolger-vor\\\/#breadcrumb\",\"itemListElement\":[{\"@type\":\"ListItem\",\"position\":1,\"name\":\"Home\",\"item\":\"https:\\\/\\\/www.thebestsocial.media\\\/de\\\/\"},{\"@type\":\"ListItem\",\"position\":2,\"name\":\"Lambrecht tritt als Verteidigungsministerin zur\u00fcck &#8211; und das Internet sucht die perfekte Nachfolge\"}]},{\"@type\":\"WebSite\",\"@id\":\"https:\\\/\\\/www.thebestsocial.media\\\/de\\\/#website\",\"url\":\"https:\\\/\\\/www.thebestsocial.media\\\/de\\\/\",\"name\":\"The Best Social Media DE\",\"description\":\"\",\"potentialAction\":[{\"@type\":\"SearchAction\",\"target\":{\"@type\":\"EntryPoint\",\"urlTemplate\":\"https:\\\/\\\/www.thebestsocial.media\\\/de\\\/?s={search_term_string}\"},\"query-input\":{\"@type\":\"PropertyValueSpecification\",\"valueRequired\":true,\"valueName\":\"search_term_string\"}}],\"inLanguage\":\"de\"},{\"@type\":\"Person\",\"@id\":\"https:\\\/\\\/www.thebestsocial.media\\\/de\\\/#\\\/schema\\\/person\\\/6267acc046505b90b912687a039220df\",\"name\":\"Helene Mei\u00dfner\",\"image\":{\"@type\":\"ImageObject\",\"inLanguage\":\"de\",\"@id\":\"https:\\\/\\\/secure.gravatar.com\\\/avatar\\\/6639fc0397860ac2c2e11b018c1f14be4a46c2378a91ac1b35730b724675daa8?s=96&d=mm&r=g\",\"url\":\"https:\\\/\\\/secure.gravatar.com\\\/avatar\\\/6639fc0397860ac2c2e11b018c1f14be4a46c2378a91ac1b35730b724675daa8?s=96&d=mm&r=g\",\"contentUrl\":\"https:\\\/\\\/secure.gravatar.com\\\/avatar\\\/6639fc0397860ac2c2e11b018c1f14be4a46c2378a91ac1b35730b724675daa8?s=96&d=mm&r=g\",\"caption\":\"Helene Mei\u00dfner\"},\"description\":\"Kommt aus Berlin und hat dementsprechend nat\u00fcrlich irgendwas mit Medien studiert. Verlegt oft Dinge, w\u00e4hrend sie sie in der Hand h\u00e4lt. Findet Kauger\u00e4usche unausstehlich. Hat eine Schw\u00e4che f\u00fcr Glitzer und immer mindestens 50 Tabs offen.\",\"sameAs\":[\"https:\\\/\\\/www.instagram.com\\\/he.leni\\\/\"],\"url\":\"https:\\\/\\\/www.thebestsocial.media\\\/de\\\/author\\\/helenemeissner\\\/\"}]}<\/script>\n<!-- \/ Yoast SEO plugin. -->","yoast_head_json":{"title":"Lambrecht tritt zur\u00fcck - das Internet sucht die perfekte Nachfolge","robots":{"index":"index","follow":"follow","max-snippet":"max-snippet:-1","max-image-preview":"max-image-preview:large","max-video-preview":"max-video-preview:-1"},"canonical":"https:\/\/www.thebestsocial.media\/de\/lambrecht-tritt-als-verteidigungsministerin-zurueck-das-internet-schlaegt-nachfolger-vor\/","og_locale":"de_DE","og_type":"article","og_title":"Lambrecht tritt als Verteidigungsministerin zur\u00fcck - und das Internet sucht die perfekte Nachfolge","og_description":"Nach Verteidigungsministerin Christine Lambrechts Silvester-Video wurden Stimmen laut, die einen R\u00fccktritt forderten. Heute k\u00fcndigte sie ebendiesen an. Nat\u00fcrlich muss nun ein:e Nachfolger:in her. Nat\u00fcrlich hat...","og_url":"https:\/\/www.thebestsocial.media\/de\/lambrecht-tritt-als-verteidigungsministerin-zurueck-das-internet-schlaegt-nachfolger-vor\/","og_site_name":"The Best Social Media DE","article_published_time":"2023-01-16T16:15:07+00:00","og_image":[{"width":1200,"height":630,"url":"https:\/\/www.thebestsocial.media\/de\/wp-content\/uploads\/sites\/3\/2023\/01\/header-lambrecht.png","type":"image\/png"}],"author":"Helene Mei\u00dfner","twitter_card":"summary_large_image","twitter_misc":{"Verfasst von":"Helene Mei\u00dfner","Gesch\u00e4tzte Lesezeit":"2\u00a0Minuten"},"schema":{"@context":"https:\/\/schema.org","@graph":[{"@type":"Article","@id":"https:\/\/www.thebestsocial.media\/de\/lambrecht-tritt-als-verteidigungsministerin-zurueck-das-internet-schlaegt-nachfolger-vor\/#article","isPartOf":{"@id":"https:\/\/www.thebestsocial.media\/de\/lambrecht-tritt-als-verteidigungsministerin-zurueck-das-internet-schlaegt-nachfolger-vor\/"},"author":{"name":"Helene Mei\u00dfner","@id":"https:\/\/www.thebestsocial.media\/de\/#\/schema\/person\/6267acc046505b90b912687a039220df"},"headline":"Lambrecht tritt als Verteidigungsministerin zur\u00fcck &#8211; und das Internet sucht die perfekte Nachfolge","datePublished":"2023-01-16T16:15:07+00:00","mainEntityOfPage":{"@id":"https:\/\/www.thebestsocial.media\/de\/lambrecht-tritt-als-verteidigungsministerin-zurueck-das-internet-schlaegt-nachfolger-vor\/"},"wordCount":308,"commentCount":0,"image":{"@id":"https:\/\/www.thebestsocial.media\/de\/lambrecht-tritt-als-verteidigungsministerin-zurueck-das-internet-schlaegt-nachfolger-vor\/#primaryimage"},"thumbnailUrl":"https:\/\/www.thebestsocial.media\/de\/wp-content\/uploads\/sites\/3\/2023\/01\/newspapers-4565916_1920.jpg","keywords":["politik","shitstorm"],"articleSection":["Diskussion","Twitter"],"inLanguage":"de","potentialAction":[{"@type":"CommentAction","name":"Comment","target":["https:\/\/www.thebestsocial.media\/de\/lambrecht-tritt-als-verteidigungsministerin-zurueck-das-internet-schlaegt-nachfolger-vor\/#respond"]}]},{"@type":"WebPage","@id":"https:\/\/www.thebestsocial.media\/de\/lambrecht-tritt-als-verteidigungsministerin-zurueck-das-internet-schlaegt-nachfolger-vor\/","url":"https:\/\/www.thebestsocial.media\/de\/lambrecht-tritt-als-verteidigungsministerin-zurueck-das-internet-schlaegt-nachfolger-vor\/","name":"Lambrecht tritt zur\u00fcck - das Internet sucht die perfekte Nachfolge","isPartOf":{"@id":"https:\/\/www.thebestsocial.media\/de\/#website"},"primaryImageOfPage":{"@id":"https:\/\/www.thebestsocial.media\/de\/lambrecht-tritt-als-verteidigungsministerin-zurueck-das-internet-schlaegt-nachfolger-vor\/#primaryimage"},"image":{"@id":"https:\/\/www.thebestsocial.media\/de\/lambrecht-tritt-als-verteidigungsministerin-zurueck-das-internet-schlaegt-nachfolger-vor\/#primaryimage"},"thumbnailUrl":"https:\/\/www.thebestsocial.media\/de\/wp-content\/uploads\/sites\/3\/2023\/01\/newspapers-4565916_1920.jpg","datePublished":"2023-01-16T16:15:07+00:00","author":{"@id":"https:\/\/www.thebestsocial.media\/de\/#\/schema\/person\/6267acc046505b90b912687a039220df"},"breadcrumb":{"@id":"https:\/\/www.thebestsocial.media\/de\/lambrecht-tritt-als-verteidigungsministerin-zurueck-das-internet-schlaegt-nachfolger-vor\/#breadcrumb"},"inLanguage":"de","potentialAction":[{"@type":"ReadAction","target":["https:\/\/www.thebestsocial.media\/de\/lambrecht-tritt-als-verteidigungsministerin-zurueck-das-internet-schlaegt-nachfolger-vor\/"]}]},{"@type":"ImageObject","inLanguage":"de","@id":"https:\/\/www.thebestsocial.media\/de\/lambrecht-tritt-als-verteidigungsministerin-zurueck-das-internet-schlaegt-nachfolger-vor\/#primaryimage","url":"https:\/\/www.thebestsocial.media\/de\/wp-content\/uploads\/sites\/3\/2023\/01\/newspapers-4565916_1920.jpg","contentUrl":"https:\/\/www.thebestsocial.media\/de\/wp-content\/uploads\/sites\/3\/2023\/01\/newspapers-4565916_1920.jpg","width":1920,"height":1280},{"@type":"BreadcrumbList","@id":"https:\/\/www.thebestsocial.media\/de\/lambrecht-tritt-als-verteidigungsministerin-zurueck-das-internet-schlaegt-nachfolger-vor\/#breadcrumb","itemListElement":[{"@type":"ListItem","position":1,"name":"Home","item":"https:\/\/www.thebestsocial.media\/de\/"},{"@type":"ListItem","position":2,"name":"Lambrecht tritt als Verteidigungsministerin zur\u00fcck &#8211; und das Internet sucht die perfekte Nachfolge"}]},{"@type":"WebSite","@id":"https:\/\/www.thebestsocial.media\/de\/#website","url":"https:\/\/www.thebestsocial.media\/de\/","name":"The Best Social Media DE","description":"","potentialAction":[{"@type":"SearchAction","target":{"@type":"EntryPoint","urlTemplate":"https:\/\/www.thebestsocial.media\/de\/?s={search_term_string}"},"query-input":{"@type":"PropertyValueSpecification","valueRequired":true,"valueName":"search_term_string"}}],"inLanguage":"de"},{"@type":"Person","@id":"https:\/\/www.thebestsocial.media\/de\/#\/schema\/person\/6267acc046505b90b912687a039220df","name":"Helene Mei\u00dfner","image":{"@type":"ImageObject","inLanguage":"de","@id":"https:\/\/secure.gravatar.com\/avatar\/6639fc0397860ac2c2e11b018c1f14be4a46c2378a91ac1b35730b724675daa8?s=96&d=mm&r=g","url":"https:\/\/secure.gravatar.com\/avatar\/6639fc0397860ac2c2e11b018c1f14be4a46c2378a91ac1b35730b724675daa8?s=96&d=mm&r=g","contentUrl":"https:\/\/secure.gravatar.com\/avatar\/6639fc0397860ac2c2e11b018c1f14be4a46c2378a91ac1b35730b724675daa8?s=96&d=mm&r=g","caption":"Helene Mei\u00dfner"},"description":"Kommt aus Berlin und hat dementsprechend nat\u00fcrlich irgendwas mit Medien studiert. Verlegt oft Dinge, w\u00e4hrend sie sie in der Hand h\u00e4lt. Findet Kauger\u00e4usche unausstehlich. Hat eine Schw\u00e4che f\u00fcr Glitzer und immer mindestens 50 Tabs offen.","sameAs":["https:\/\/www.instagram.com\/he.leni\/"],"url":"https:\/\/www.thebestsocial.media\/de\/author\/helenemeissner\/"}]}},"amp_enabled":true,"_links":{"self":[{"href":"https:\/\/www.thebestsocial.media\/de\/wp-json\/wp\/v2\/posts\/173667","targetHints":{"allow":["GET"]}}],"collection":[{"href":"https:\/\/www.thebestsocial.media\/de\/wp-json\/wp\/v2\/posts"}],"about":[{"href":"https:\/\/www.thebestsocial.media\/de\/wp-json\/wp\/v2\/types\/post"}],"author":[{"embeddable":true,"href":"https:\/\/www.thebestsocial.media\/de\/wp-json\/wp\/v2\/users\/73"}],"replies":[{"embeddable":true,"href":"https:\/\/www.thebestsocial.media\/de\/wp-json\/wp\/v2\/comments?post=173667"}],"version-history":[{"count":12,"href":"https:\/\/www.thebestsocial.media\/de\/wp-json\/wp\/v2\/posts\/173667\/revisions"}],"predecessor-version":[{"id":173686,"href":"https:\/\/www.thebestsocial.media\/de\/wp-json\/wp\/v2\/posts\/173667\/revisions\/173686"}],"wp:featuredmedia":[{"embeddable":true,"href":"https:\/\/www.thebestsocial.media\/de\/wp-json\/wp\/v2\/media\/173688"}],"wp:attachment":[{"href":"https:\/\/www.thebestsocial.media\/de\/wp-json\/wp\/v2\/media?parent=173667"}],"wp:term":[{"taxonomy":"category","embeddable":true,"href":"https:\/\/www.thebestsocial.media\/de\/wp-json\/wp\/v2\/categories?post=173667"},{"taxonomy":"post_tag","embeddable":true,"href":"https:\/\/www.thebestsocial.media\/de\/wp-json\/wp\/v2\/tags?post=173667"}],"curies":[{"name":"wp","href":"https:\/\/api.w.org\/{rel}","templated":true}]}}