{"id":173587,"date":"2023-01-16T10:26:00","date_gmt":"2023-01-16T10:26:00","guid":{"rendered":"https:\/\/www.thebestsocial.media\/de\/?p=173587"},"modified":"2023-01-16T10:26:00","modified_gmt":"2023-01-16T10:26:00","slug":"in-den-matsch-geschubst-der-moench-von-luetzerath-sorgte-fuer-spott-und-schadenfreude","status":"publish","type":"post","link":"https:\/\/www.thebestsocial.media\/de\/in-den-matsch-geschubst-der-moench-von-luetzerath-sorgte-fuer-spott-und-schadenfreude\/","title":{"rendered":"In den Matsch geschubst: Der M\u00f6nch von L\u00fctzerath sorgte f\u00fcr Spott und Schadenfreude"},"content":{"rendered":"<p>Es sind kritische Bilder, die in den Medien gezeigt werden. Was sich in L\u00fctzerath abspielte, sorgt nicht nur bei den Aktivisten f\u00fcr einen Aufschrei. Auch auf Twitter machen viele ihrem Unmut Luft. Und aus dieser ganzen Diskussion um Polizeigewalt, Braunkohle, Politik und die Klimakrise sticht ein Aktivist ganz besonders hervor: ein in Kutte gekleideter Mann, der im Netz wild gefeiert wird und die Polizei ziemlich bedr\u00f6ppelt dastehen lie\u00df.<\/p>\n<p>&nbsp;<\/p>\n<h3>Der matschige Untergrund machte vielen zu schaffen:<\/h3>\n<blockquote class=\"twitter-tweet\">\n<p dir=\"ltr\" lang=\"de\">Meine Schwester hat mein Lieblingsvideo von gestern gedreht:<\/p>\n<p>Wenn du im Schlamm stecken bleibst, deine eigenen Polizei-Kumpels nur noch genervt sind, &amp; dir dann nur die zur Hilfe kommen, gegen die du eingesetzt bist. <a href=\"https:\/\/twitter.com\/hashtag\/Luetzerath?src=hash&amp;ref_src=twsrc%5Etfw\">#Luetzerath<\/a> <a href=\"https:\/\/t.co\/6krFKm4oa5\">pic.twitter.com\/6krFKm4oa5<\/a><\/p>\n<p>\u2014 Clara S. Thompson (@realjaywalking) <a href=\"https:\/\/twitter.com\/realjaywalking\/status\/1614611169200726018?ref_src=twsrc%5Etfw\">January 15, 2023<\/a><\/p><\/blockquote>\n<p><script async src=\"https:\/\/platform.twitter.com\/widgets.js\" charset=\"utf-8\"><\/script><\/p>\n<p>&nbsp;<\/p>\n<h3>Au\u00dfer ihm:<\/h3>\n<blockquote class=\"twitter-tweet\">\n<p dir=\"ltr\" lang=\"de\">jesus konnte \u00fcber wasser laufen der m\u00f6nch von l\u00fctzerath \u00fcber schlamm<\/p>\n<p>\u2014 K\u1d00\u0280\u029fK\u029f\u1d00\u1d1bs\u1d04\u029c (@karlklatsch) <a href=\"https:\/\/twitter.com\/karlklatsch\/status\/1614632170378625027?ref_src=twsrc%5Etfw\">January 15, 2023<\/a><\/p><\/blockquote>\n<p><script async src=\"https:\/\/platform.twitter.com\/widgets.js\" charset=\"utf-8\"><\/script><\/p>\n<p>&nbsp;<\/p>\n<h3>Bilder, die um die Welt gehen.<\/h3>\n<div class=\"dbsm-oembed\">\n<blockquote class=\"reddit-embed-bq\" style=\"height:500px\" ><p><a href=\"https:\/\/www.reddit.com\/r\/facepalm\/comments\/10cfs82\/german_riot_police_defeated_and_humiliated_by\/\">german riot police defeated and humiliated by some kind of mud wizard<\/a><br \/> by<a href=\"https:\/\/www.reddit.com\/user\/dannybluey\/\">u\/dannybluey<\/a> in<a href=\"https:\/\/www.reddit.com\/r\/facepalm\/\">facepalm<\/a><\/p><\/blockquote>\n<p><script async src=\"https:\/\/embed.reddit.com\/widgets.js\" charset=\"UTF-8\"><\/script><\/div>\n<p>&nbsp;<\/p>\n<h3>Darauf folgen wilde Spekulationen:<\/h3>\n<blockquote class=\"twitter-tweet\">\n<p dir=\"ltr\" lang=\"de\">Die f\u00fcnf stufen der trauer bei m\u00f6nchen nach papst benedikts tod:<\/p>\n<p>1. verdr\u00e4ngung<br \/>\n2. zorn<br \/>\n3. verhandeln<br \/>\n4. depression<br \/>\n5. bullen in den l\u00fctzerather schlamm schubsen <a href=\"https:\/\/t.co\/6WjC7it5tJ\">pic.twitter.com\/6WjC7it5tJ<\/a><\/p>\n<p>\u2014 Emmi (@GrumpyEmmi) <a href=\"https:\/\/twitter.com\/GrumpyEmmi\/status\/1614640192044019716?ref_src=twsrc%5Etfw\">January 15, 2023<\/a><\/p><\/blockquote>\n<p><script async src=\"https:\/\/platform.twitter.com\/widgets.js\" charset=\"utf-8\"><\/script><\/p>\n<p>&nbsp;<\/p>\n<h3>Und Memes:<\/h3>\n<blockquote class=\"twitter-tweet\">\n<p dir=\"ltr\" lang=\"zxx\"><a href=\"https:\/\/t.co\/S4qLccnynj\">pic.twitter.com\/S4qLccnynj<\/a><\/p>\n<p>\u2014 GencBomaye (@GencBomaye) <a href=\"https:\/\/twitter.com\/GencBomaye\/status\/1614728032710807552?ref_src=twsrc%5Etfw\">January 15, 2023<\/a><\/p><\/blockquote>\n<p><script async src=\"https:\/\/platform.twitter.com\/widgets.js\" charset=\"utf-8\"><\/script><\/p>\n<p>&nbsp;<\/p>\n<h3>Eine Mischung mit Potenzial:<\/h3>\n<blockquote class=\"twitter-tweet\">\n<p dir=\"ltr\" lang=\"de\">Wenn Lanz richtig Quote machen will holt er sich f\u00fcr die Sendung am Dienstag Ralph Caspers Shary Reeves und den L\u00fctzerath-M\u00f6nch<\/p>\n<p>\u2014 Quentin Lichtblau | @lichtblauq@det.social (@LichtblauQ) <a href=\"https:\/\/twitter.com\/LichtblauQ\/status\/1614648690265755650?ref_src=twsrc%5Etfw\">January 15, 2023<\/a><\/p><\/blockquote>\n<p><script async src=\"https:\/\/platform.twitter.com\/widgets.js\" charset=\"utf-8\"><\/script><\/p>\n<p>&nbsp;<\/p>\n<h3>Inmitten des ganzen Spektakels passierte n\u00e4mlich auch das hier. Ralph Caspers bot seiner ehemaligen &#8222;Wissen macht Ah!&#8220;-Moderationskollegin Shary Reeves auf Twitter Paroli.<\/h3>\n<blockquote class=\"twitter-tweet\">\n<p dir=\"ltr\" lang=\"de\">Das ist eine Ratio f\u00fcr die Geschichtsb\u00fccher <a href=\"https:\/\/t.co\/qb5349xScy\">pic.twitter.com\/qb5349xScy<\/a><\/p>\n<p>\u2014 David G\u00f6bel (@DavidGoebel17) <a href=\"https:\/\/twitter.com\/DavidGoebel17\/status\/1614642117741088771?ref_src=twsrc%5Etfw\">January 15, 2023<\/a><\/p><\/blockquote>\n<p><script async src=\"https:\/\/platform.twitter.com\/widgets.js\" charset=\"utf-8\"><\/script><\/p>\n<p>&nbsp;<\/p>\n<h3>&#8230;die darauf hin anscheinend ihren Account l\u00f6schte.<\/h3>\n<blockquote class=\"twitter-tweet\">\n<p dir=\"ltr\" lang=\"de\">erfolgreichste Ratio aller Zeiten <a href=\"https:\/\/t.co\/m9Hv1xNaLs\">pic.twitter.com\/m9Hv1xNaLs<\/a><\/p>\n<p>\u2014 F\u262dbs (@HomoFabser) <a href=\"https:\/\/twitter.com\/HomoFabser\/status\/1614689221343838210?ref_src=twsrc%5Etfw\">January 15, 2023<\/a><\/p><\/blockquote>\n<p><script async src=\"https:\/\/platform.twitter.com\/widgets.js\" charset=\"utf-8\"><\/script><\/p>\n<h3><\/h3>\n<h3>Zur\u00fcck zum M\u00f6nch: Folgen bald ganze Dokumentationen?<\/h3>\n<blockquote class=\"twitter-tweet\">\n<p dir=\"ltr\" lang=\"de\">Der L\u00fctzerath-M\u00f6nch: So lebt er privat <a href=\"https:\/\/twitter.com\/hashtag\/Tatort?src=hash&amp;ref_src=twsrc%5Etfw\">#Tatort<\/a> <a href=\"https:\/\/t.co\/vsF6fTW3ha\">pic.twitter.com\/vsF6fTW3ha<\/a><\/p>\n<p>\u2014 Christoph Wind (@ChristophWind) <a href=\"https:\/\/twitter.com\/ChristophWind\/status\/1614706697662078978?ref_src=twsrc%5Etfw\">January 15, 2023<\/a><\/p><\/blockquote>\n<p><script async src=\"https:\/\/platform.twitter.com\/widgets.js\" charset=\"utf-8\"><\/script><\/p>\n<h3><\/h3>\n<h3>Oder gar ganze Ratgeber?<\/h3>\n<blockquote class=\"twitter-tweet\">\n<p dir=\"ltr\" lang=\"de\">frage dich bei jeder schwierigen entscheidung was w\u00fcrde der m\u00f6nch von l\u00fctzerath tun<\/p>\n<p>\u2014 \u00f6zge inan (@oezgeinan) <a href=\"https:\/\/twitter.com\/oezgeinan\/status\/1614733832275787776?ref_src=twsrc%5Etfw\">January 15, 2023<\/a><\/p><\/blockquote>\n<p><script async src=\"https:\/\/platform.twitter.com\/widgets.js\" charset=\"utf-8\"><\/script><\/p>\n<p>&nbsp;<\/p>\n<h3>Vielleicht ein Spiel?<\/h3>\n<blockquote class=\"twitter-tweet\">\n<p dir=\"ltr\" lang=\"de\">soll ich ein spiel programmieren in dem man als m\u00f6nch polizisten schubst?<\/p>\n<p>\u2014 Favian del Favarro (@FabsNavarro) <a href=\"https:\/\/twitter.com\/FabsNavarro\/status\/1614698003427737600?ref_src=twsrc%5Etfw\">January 15, 2023<\/a><\/p><\/blockquote>\n<p><script async src=\"https:\/\/platform.twitter.com\/widgets.js\" charset=\"utf-8\"><\/script><\/p>\n<h3>Was alle brennend interessiert:<\/h3>\n<blockquote class=\"twitter-tweet\">\n<p dir=\"ltr\" lang=\"de\">ich frag mich halt, warum der m\u00f6nch nicht im schlamm versunken ist, ich sag euch, jesus lebt<\/p>\n<p>\u2014 Gerda Fleischersatz (@GerderGerdersen) <a href=\"https:\/\/twitter.com\/GerderGerdersen\/status\/1614685780399505409?ref_src=twsrc%5Etfw\">January 15, 2023<\/a><\/p><\/blockquote>\n<p><script async src=\"https:\/\/platform.twitter.com\/widgets.js\" charset=\"utf-8\"><\/script><\/p>\n<p>&nbsp;<\/p>\n<h3>Oder vielleicht&#8230;?<\/h3>\n<blockquote class=\"twitter-tweet\">\n<p dir=\"ltr\" lang=\"de\">Deutsche Obi Wan Kenobi <a href=\"https:\/\/t.co\/7PsOglzeXp\">pic.twitter.com\/7PsOglzeXp<\/a><\/p>\n<p>\u2014 Nicht Chevy Chase (@DrWaumiau) <a href=\"https:\/\/twitter.com\/DrWaumiau\/status\/1614562773668888576?ref_src=twsrc%5Etfw\">January 15, 2023<\/a><\/p><\/blockquote>\n<p><script async src=\"https:\/\/platform.twitter.com\/widgets.js\" charset=\"utf-8\"><\/script><\/p>\n<p><strong>___<\/strong><br \/>\n<strong>Vielen Dank an alle f\u00fcr die Posts!<\/strong><br \/>\n<strong>___<\/strong><\/p>\n","protected":false},"excerpt":{"rendered":"<p>Es sind kritische Bilder, die in den Medien gezeigt werden. Was sich in L\u00fctzerath abspielte, sorgt nicht nur bei den Aktivisten f\u00fcr einen Aufschrei. Auch&#8230;<\/p>\n","protected":false},"author":104,"featured_media":173595,"comment_status":"open","ping_status":"open","sticky":false,"template":"","format":"standard","meta":{"_acf_changed":false,"footnotes":""},"categories":[4728,35,2404],"tags":[2794,5610,128],"class_list":["post-173587","post","type-post","status-publish","format-standard","has-post-thumbnail","hentry","category-diskussion","category-twitter","category-wtf","tag-klimakrise","tag-moench","tag-polizei"],"acf":[],"yoast_head":"<!-- This site is optimized with the Yoast SEO plugin v27.5 - https:\/\/yoast.com\/product\/yoast-seo-wordpress\/ -->\n<title>In den Matsch geschubst: Der M\u00f6nch von L\u00fctzerath sorgte f\u00fcr Spott<\/title>\n<meta name=\"description\" content=\"Aus dieser Diskussion um Polizeigewalt und Klima sticht einer besonders hervor: ein M\u00f6nch, der die Polizei bedr\u00f6ppelt dastehen lie\u00df.\" \/>\n<meta name=\"robots\" content=\"index, follow, max-snippet:-1, max-image-preview:large, max-video-preview:-1\" \/>\n<link rel=\"canonical\" href=\"https:\/\/www.thebestsocial.media\/de\/in-den-matsch-geschubst-der-moench-von-luetzerath-sorgte-fuer-spott-und-schadenfreude\/\" \/>\n<meta property=\"og:locale\" content=\"de_DE\" \/>\n<meta property=\"og:type\" content=\"article\" \/>\n<meta property=\"og:title\" content=\"In den Matsch geschubst: Der M\u00f6nch von L\u00fctzerath sorgte f\u00fcr Spott und Schadenfreude\" \/>\n<meta property=\"og:description\" content=\"Aus dieser Diskussion um Polizeigewalt und Klima sticht einer besonders hervor: ein M\u00f6nch, der die Polizei bedr\u00f6ppelt dastehen lie\u00df.\" \/>\n<meta property=\"og:url\" content=\"https:\/\/www.thebestsocial.media\/de\/in-den-matsch-geschubst-der-moench-von-luetzerath-sorgte-fuer-spott-und-schadenfreude\/\" \/>\n<meta property=\"og:site_name\" content=\"The Best Social Media DE\" \/>\n<meta property=\"article:published_time\" content=\"2023-01-16T10:26:00+00:00\" \/>\n<meta property=\"og:image\" content=\"https:\/\/www.thebestsocial.media\/de\/wp-content\/uploads\/sites\/3\/2023\/01\/header-moench.png\" \/>\n\t<meta property=\"og:image:width\" content=\"1200\" \/>\n\t<meta property=\"og:image:height\" content=\"630\" \/>\n\t<meta property=\"og:image:type\" content=\"image\/png\" \/>\n<meta name=\"author\" content=\"Lea\" \/>\n<meta name=\"twitter:card\" content=\"summary_large_image\" \/>\n<meta name=\"twitter:label1\" content=\"Verfasst von\" \/>\n\t<meta name=\"twitter:data1\" content=\"Lea\" \/>\n\t<meta name=\"twitter:label2\" content=\"Gesch\u00e4tzte Lesezeit\" \/>\n\t<meta name=\"twitter:data2\" content=\"3\u00a0Minuten\" \/>\n<script type=\"application\/ld+json\" class=\"yoast-schema-graph\">{\"@context\":\"https:\\\/\\\/schema.org\",\"@graph\":[{\"@type\":\"Article\",\"@id\":\"https:\\\/\\\/www.thebestsocial.media\\\/de\\\/in-den-matsch-geschubst-der-moench-von-luetzerath-sorgte-fuer-spott-und-schadenfreude\\\/#article\",\"isPartOf\":{\"@id\":\"https:\\\/\\\/www.thebestsocial.media\\\/de\\\/in-den-matsch-geschubst-der-moench-von-luetzerath-sorgte-fuer-spott-und-schadenfreude\\\/\"},\"author\":{\"name\":\"Lea\",\"@id\":\"https:\\\/\\\/www.thebestsocial.media\\\/de\\\/#\\\/schema\\\/person\\\/bb9d89d5ad944f3bb530722c8914ad89\"},\"headline\":\"In den Matsch geschubst: Der M\u00f6nch von L\u00fctzerath sorgte f\u00fcr Spott und Schadenfreude\",\"datePublished\":\"2023-01-16T10:26:00+00:00\",\"mainEntityOfPage\":{\"@id\":\"https:\\\/\\\/www.thebestsocial.media\\\/de\\\/in-den-matsch-geschubst-der-moench-von-luetzerath-sorgte-fuer-spott-und-schadenfreude\\\/\"},\"wordCount\":471,\"commentCount\":0,\"image\":{\"@id\":\"https:\\\/\\\/www.thebestsocial.media\\\/de\\\/in-den-matsch-geschubst-der-moench-von-luetzerath-sorgte-fuer-spott-und-schadenfreude\\\/#primaryimage\"},\"thumbnailUrl\":\"https:\\\/\\\/www.thebestsocial.media\\\/de\\\/wp-content\\\/uploads\\\/sites\\\/3\\\/2023\\\/01\\\/monk-1077839_1920.jpg\",\"keywords\":[\"Klimakrise\",\"M\u00f6nch\",\"polizei\"],\"articleSection\":[\"Diskussion\",\"Twitter\",\"WTF\"],\"inLanguage\":\"de\",\"potentialAction\":[{\"@type\":\"CommentAction\",\"name\":\"Comment\",\"target\":[\"https:\\\/\\\/www.thebestsocial.media\\\/de\\\/in-den-matsch-geschubst-der-moench-von-luetzerath-sorgte-fuer-spott-und-schadenfreude\\\/#respond\"]}]},{\"@type\":\"WebPage\",\"@id\":\"https:\\\/\\\/www.thebestsocial.media\\\/de\\\/in-den-matsch-geschubst-der-moench-von-luetzerath-sorgte-fuer-spott-und-schadenfreude\\\/\",\"url\":\"https:\\\/\\\/www.thebestsocial.media\\\/de\\\/in-den-matsch-geschubst-der-moench-von-luetzerath-sorgte-fuer-spott-und-schadenfreude\\\/\",\"name\":\"In den Matsch geschubst: Der M\u00f6nch von L\u00fctzerath sorgte f\u00fcr Spott\",\"isPartOf\":{\"@id\":\"https:\\\/\\\/www.thebestsocial.media\\\/de\\\/#website\"},\"primaryImageOfPage\":{\"@id\":\"https:\\\/\\\/www.thebestsocial.media\\\/de\\\/in-den-matsch-geschubst-der-moench-von-luetzerath-sorgte-fuer-spott-und-schadenfreude\\\/#primaryimage\"},\"image\":{\"@id\":\"https:\\\/\\\/www.thebestsocial.media\\\/de\\\/in-den-matsch-geschubst-der-moench-von-luetzerath-sorgte-fuer-spott-und-schadenfreude\\\/#primaryimage\"},\"thumbnailUrl\":\"https:\\\/\\\/www.thebestsocial.media\\\/de\\\/wp-content\\\/uploads\\\/sites\\\/3\\\/2023\\\/01\\\/monk-1077839_1920.jpg\",\"datePublished\":\"2023-01-16T10:26:00+00:00\",\"author\":{\"@id\":\"https:\\\/\\\/www.thebestsocial.media\\\/de\\\/#\\\/schema\\\/person\\\/bb9d89d5ad944f3bb530722c8914ad89\"},\"description\":\"Aus dieser Diskussion um Polizeigewalt und Klima sticht einer besonders hervor: ein M\u00f6nch, der die Polizei bedr\u00f6ppelt dastehen lie\u00df.\",\"breadcrumb\":{\"@id\":\"https:\\\/\\\/www.thebestsocial.media\\\/de\\\/in-den-matsch-geschubst-der-moench-von-luetzerath-sorgte-fuer-spott-und-schadenfreude\\\/#breadcrumb\"},\"inLanguage\":\"de\",\"potentialAction\":[{\"@type\":\"ReadAction\",\"target\":[\"https:\\\/\\\/www.thebestsocial.media\\\/de\\\/in-den-matsch-geschubst-der-moench-von-luetzerath-sorgte-fuer-spott-und-schadenfreude\\\/\"]}]},{\"@type\":\"ImageObject\",\"inLanguage\":\"de\",\"@id\":\"https:\\\/\\\/www.thebestsocial.media\\\/de\\\/in-den-matsch-geschubst-der-moench-von-luetzerath-sorgte-fuer-spott-und-schadenfreude\\\/#primaryimage\",\"url\":\"https:\\\/\\\/www.thebestsocial.media\\\/de\\\/wp-content\\\/uploads\\\/sites\\\/3\\\/2023\\\/01\\\/monk-1077839_1920.jpg\",\"contentUrl\":\"https:\\\/\\\/www.thebestsocial.media\\\/de\\\/wp-content\\\/uploads\\\/sites\\\/3\\\/2023\\\/01\\\/monk-1077839_1920.jpg\",\"width\":1920,\"height\":1281},{\"@type\":\"BreadcrumbList\",\"@id\":\"https:\\\/\\\/www.thebestsocial.media\\\/de\\\/in-den-matsch-geschubst-der-moench-von-luetzerath-sorgte-fuer-spott-und-schadenfreude\\\/#breadcrumb\",\"itemListElement\":[{\"@type\":\"ListItem\",\"position\":1,\"name\":\"Home\",\"item\":\"https:\\\/\\\/www.thebestsocial.media\\\/de\\\/\"},{\"@type\":\"ListItem\",\"position\":2,\"name\":\"In den Matsch geschubst: Der M\u00f6nch von L\u00fctzerath sorgte f\u00fcr Spott und Schadenfreude\"}]},{\"@type\":\"WebSite\",\"@id\":\"https:\\\/\\\/www.thebestsocial.media\\\/de\\\/#website\",\"url\":\"https:\\\/\\\/www.thebestsocial.media\\\/de\\\/\",\"name\":\"The Best Social Media DE\",\"description\":\"\",\"potentialAction\":[{\"@type\":\"SearchAction\",\"target\":{\"@type\":\"EntryPoint\",\"urlTemplate\":\"https:\\\/\\\/www.thebestsocial.media\\\/de\\\/?s={search_term_string}\"},\"query-input\":{\"@type\":\"PropertyValueSpecification\",\"valueRequired\":true,\"valueName\":\"search_term_string\"}}],\"inLanguage\":\"de\"},{\"@type\":\"Person\",\"@id\":\"https:\\\/\\\/www.thebestsocial.media\\\/de\\\/#\\\/schema\\\/person\\\/bb9d89d5ad944f3bb530722c8914ad89\",\"name\":\"Lea\",\"image\":{\"@type\":\"ImageObject\",\"inLanguage\":\"de\",\"@id\":\"https:\\\/\\\/secure.gravatar.com\\\/avatar\\\/572526d0641f829a52d7692ed43a20d1f02796367e1eea965858d2d2787f4c33?s=96&d=mm&r=g\",\"url\":\"https:\\\/\\\/secure.gravatar.com\\\/avatar\\\/572526d0641f829a52d7692ed43a20d1f02796367e1eea965858d2d2787f4c33?s=96&d=mm&r=g\",\"contentUrl\":\"https:\\\/\\\/secure.gravatar.com\\\/avatar\\\/572526d0641f829a52d7692ed43a20d1f02796367e1eea965858d2d2787f4c33?s=96&d=mm&r=g\",\"caption\":\"Lea\"},\"url\":\"https:\\\/\\\/www.thebestsocial.media\\\/de\\\/author\\\/leascheel\\\/\"}]}<\/script>\n<!-- \/ Yoast SEO plugin. -->","yoast_head_json":{"title":"In den Matsch geschubst: Der M\u00f6nch von L\u00fctzerath sorgte f\u00fcr Spott","description":"Aus dieser Diskussion um Polizeigewalt und Klima sticht einer besonders hervor: ein M\u00f6nch, der die Polizei bedr\u00f6ppelt dastehen lie\u00df.","robots":{"index":"index","follow":"follow","max-snippet":"max-snippet:-1","max-image-preview":"max-image-preview:large","max-video-preview":"max-video-preview:-1"},"canonical":"https:\/\/www.thebestsocial.media\/de\/in-den-matsch-geschubst-der-moench-von-luetzerath-sorgte-fuer-spott-und-schadenfreude\/","og_locale":"de_DE","og_type":"article","og_title":"In den Matsch geschubst: Der M\u00f6nch von L\u00fctzerath sorgte f\u00fcr Spott und Schadenfreude","og_description":"Aus dieser Diskussion um Polizeigewalt und Klima sticht einer besonders hervor: ein M\u00f6nch, der die Polizei bedr\u00f6ppelt dastehen lie\u00df.","og_url":"https:\/\/www.thebestsocial.media\/de\/in-den-matsch-geschubst-der-moench-von-luetzerath-sorgte-fuer-spott-und-schadenfreude\/","og_site_name":"The Best Social Media DE","article_published_time":"2023-01-16T10:26:00+00:00","og_image":[{"width":1200,"height":630,"url":"https:\/\/www.thebestsocial.media\/de\/wp-content\/uploads\/sites\/3\/2023\/01\/header-moench.png","type":"image\/png"}],"author":"Lea","twitter_card":"summary_large_image","twitter_misc":{"Verfasst von":"Lea","Gesch\u00e4tzte Lesezeit":"3\u00a0Minuten"},"schema":{"@context":"https:\/\/schema.org","@graph":[{"@type":"Article","@id":"https:\/\/www.thebestsocial.media\/de\/in-den-matsch-geschubst-der-moench-von-luetzerath-sorgte-fuer-spott-und-schadenfreude\/#article","isPartOf":{"@id":"https:\/\/www.thebestsocial.media\/de\/in-den-matsch-geschubst-der-moench-von-luetzerath-sorgte-fuer-spott-und-schadenfreude\/"},"author":{"name":"Lea","@id":"https:\/\/www.thebestsocial.media\/de\/#\/schema\/person\/bb9d89d5ad944f3bb530722c8914ad89"},"headline":"In den Matsch geschubst: Der M\u00f6nch von L\u00fctzerath sorgte f\u00fcr Spott und Schadenfreude","datePublished":"2023-01-16T10:26:00+00:00","mainEntityOfPage":{"@id":"https:\/\/www.thebestsocial.media\/de\/in-den-matsch-geschubst-der-moench-von-luetzerath-sorgte-fuer-spott-und-schadenfreude\/"},"wordCount":471,"commentCount":0,"image":{"@id":"https:\/\/www.thebestsocial.media\/de\/in-den-matsch-geschubst-der-moench-von-luetzerath-sorgte-fuer-spott-und-schadenfreude\/#primaryimage"},"thumbnailUrl":"https:\/\/www.thebestsocial.media\/de\/wp-content\/uploads\/sites\/3\/2023\/01\/monk-1077839_1920.jpg","keywords":["Klimakrise","M\u00f6nch","polizei"],"articleSection":["Diskussion","Twitter","WTF"],"inLanguage":"de","potentialAction":[{"@type":"CommentAction","name":"Comment","target":["https:\/\/www.thebestsocial.media\/de\/in-den-matsch-geschubst-der-moench-von-luetzerath-sorgte-fuer-spott-und-schadenfreude\/#respond"]}]},{"@type":"WebPage","@id":"https:\/\/www.thebestsocial.media\/de\/in-den-matsch-geschubst-der-moench-von-luetzerath-sorgte-fuer-spott-und-schadenfreude\/","url":"https:\/\/www.thebestsocial.media\/de\/in-den-matsch-geschubst-der-moench-von-luetzerath-sorgte-fuer-spott-und-schadenfreude\/","name":"In den Matsch geschubst: Der M\u00f6nch von L\u00fctzerath sorgte f\u00fcr Spott","isPartOf":{"@id":"https:\/\/www.thebestsocial.media\/de\/#website"},"primaryImageOfPage":{"@id":"https:\/\/www.thebestsocial.media\/de\/in-den-matsch-geschubst-der-moench-von-luetzerath-sorgte-fuer-spott-und-schadenfreude\/#primaryimage"},"image":{"@id":"https:\/\/www.thebestsocial.media\/de\/in-den-matsch-geschubst-der-moench-von-luetzerath-sorgte-fuer-spott-und-schadenfreude\/#primaryimage"},"thumbnailUrl":"https:\/\/www.thebestsocial.media\/de\/wp-content\/uploads\/sites\/3\/2023\/01\/monk-1077839_1920.jpg","datePublished":"2023-01-16T10:26:00+00:00","author":{"@id":"https:\/\/www.thebestsocial.media\/de\/#\/schema\/person\/bb9d89d5ad944f3bb530722c8914ad89"},"description":"Aus dieser Diskussion um Polizeigewalt und Klima sticht einer besonders hervor: ein M\u00f6nch, der die Polizei bedr\u00f6ppelt dastehen lie\u00df.","breadcrumb":{"@id":"https:\/\/www.thebestsocial.media\/de\/in-den-matsch-geschubst-der-moench-von-luetzerath-sorgte-fuer-spott-und-schadenfreude\/#breadcrumb"},"inLanguage":"de","potentialAction":[{"@type":"ReadAction","target":["https:\/\/www.thebestsocial.media\/de\/in-den-matsch-geschubst-der-moench-von-luetzerath-sorgte-fuer-spott-und-schadenfreude\/"]}]},{"@type":"ImageObject","inLanguage":"de","@id":"https:\/\/www.thebestsocial.media\/de\/in-den-matsch-geschubst-der-moench-von-luetzerath-sorgte-fuer-spott-und-schadenfreude\/#primaryimage","url":"https:\/\/www.thebestsocial.media\/de\/wp-content\/uploads\/sites\/3\/2023\/01\/monk-1077839_1920.jpg","contentUrl":"https:\/\/www.thebestsocial.media\/de\/wp-content\/uploads\/sites\/3\/2023\/01\/monk-1077839_1920.jpg","width":1920,"height":1281},{"@type":"BreadcrumbList","@id":"https:\/\/www.thebestsocial.media\/de\/in-den-matsch-geschubst-der-moench-von-luetzerath-sorgte-fuer-spott-und-schadenfreude\/#breadcrumb","itemListElement":[{"@type":"ListItem","position":1,"name":"Home","item":"https:\/\/www.thebestsocial.media\/de\/"},{"@type":"ListItem","position":2,"name":"In den Matsch geschubst: Der M\u00f6nch von L\u00fctzerath sorgte f\u00fcr Spott und Schadenfreude"}]},{"@type":"WebSite","@id":"https:\/\/www.thebestsocial.media\/de\/#website","url":"https:\/\/www.thebestsocial.media\/de\/","name":"The Best Social Media DE","description":"","potentialAction":[{"@type":"SearchAction","target":{"@type":"EntryPoint","urlTemplate":"https:\/\/www.thebestsocial.media\/de\/?s={search_term_string}"},"query-input":{"@type":"PropertyValueSpecification","valueRequired":true,"valueName":"search_term_string"}}],"inLanguage":"de"},{"@type":"Person","@id":"https:\/\/www.thebestsocial.media\/de\/#\/schema\/person\/bb9d89d5ad944f3bb530722c8914ad89","name":"Lea","image":{"@type":"ImageObject","inLanguage":"de","@id":"https:\/\/secure.gravatar.com\/avatar\/572526d0641f829a52d7692ed43a20d1f02796367e1eea965858d2d2787f4c33?s=96&d=mm&r=g","url":"https:\/\/secure.gravatar.com\/avatar\/572526d0641f829a52d7692ed43a20d1f02796367e1eea965858d2d2787f4c33?s=96&d=mm&r=g","contentUrl":"https:\/\/secure.gravatar.com\/avatar\/572526d0641f829a52d7692ed43a20d1f02796367e1eea965858d2d2787f4c33?s=96&d=mm&r=g","caption":"Lea"},"url":"https:\/\/www.thebestsocial.media\/de\/author\/leascheel\/"}]}},"amp_enabled":true,"_links":{"self":[{"href":"https:\/\/www.thebestsocial.media\/de\/wp-json\/wp\/v2\/posts\/173587","targetHints":{"allow":["GET"]}}],"collection":[{"href":"https:\/\/www.thebestsocial.media\/de\/wp-json\/wp\/v2\/posts"}],"about":[{"href":"https:\/\/www.thebestsocial.media\/de\/wp-json\/wp\/v2\/types\/post"}],"author":[{"embeddable":true,"href":"https:\/\/www.thebestsocial.media\/de\/wp-json\/wp\/v2\/users\/104"}],"replies":[{"embeddable":true,"href":"https:\/\/www.thebestsocial.media\/de\/wp-json\/wp\/v2\/comments?post=173587"}],"version-history":[{"count":20,"href":"https:\/\/www.thebestsocial.media\/de\/wp-json\/wp\/v2\/posts\/173587\/revisions"}],"predecessor-version":[{"id":173612,"href":"https:\/\/www.thebestsocial.media\/de\/wp-json\/wp\/v2\/posts\/173587\/revisions\/173612"}],"wp:featuredmedia":[{"embeddable":true,"href":"https:\/\/www.thebestsocial.media\/de\/wp-json\/wp\/v2\/media\/173595"}],"wp:attachment":[{"href":"https:\/\/www.thebestsocial.media\/de\/wp-json\/wp\/v2\/media?parent=173587"}],"wp:term":[{"taxonomy":"category","embeddable":true,"href":"https:\/\/www.thebestsocial.media\/de\/wp-json\/wp\/v2\/categories?post=173587"},{"taxonomy":"post_tag","embeddable":true,"href":"https:\/\/www.thebestsocial.media\/de\/wp-json\/wp\/v2\/tags?post=173587"}],"curies":[{"name":"wp","href":"https:\/\/api.w.org\/{rel}","templated":true}]}}