{"id":172440,"date":"2022-12-31T17:46:45","date_gmt":"2022-12-31T17:46:45","guid":{"rendered":"https:\/\/www.thebestsocial.media\/de\/?p=172440"},"modified":"2022-12-31T17:53:43","modified_gmt":"2022-12-31T17:53:43","slug":"danke-dass-du-morgens-nicht-redest-die-dezember-tweets-zum-arbeitsalltag","status":"publish","type":"post","link":"https:\/\/www.thebestsocial.media\/de\/danke-dass-du-morgens-nicht-redest-die-dezember-tweets-zum-arbeitsalltag\/","title":{"rendered":"Danke, dass du morgens nicht redest: Die Dezember-Tweets zum Arbeitsalltag"},"content":{"rendered":"<p dir=\"ltr\" lang=\"de\">Aktuell sind viele B\u00fcros mager besetzt und auch sonst herrscht bei vielen auf der Arbeit eine etwas entspanntere Stimmung dank den vielen Feiertagen. Aber nicht alle Arbeitssektoren erlauben den Luxus von Br\u00fcckentagen und Urlaub \u00fcber Weihnachten\/Silvester. Vielen Dank an dieser Stelle an alle, die w\u00e4hrend den Feiertagen gearbeitet haben, damit andere Zeit mit der Familie und den Liebsten verbringen konnten.<\/p>\n<p dir=\"ltr\" lang=\"de\">Los geht es mit den besten 10 Tweets rund um geliebte Kollegen, den B\u00fcro-Alltag und anspruchsvolle Arbeit:<\/p>\n<h3 dir=\"ltr\" lang=\"de\">1. Stille Nacht, heilige Nacht.<\/h3>\n<blockquote class=\"twitter-tweet\">\n<p dir=\"ltr\" lang=\"de\">5:35 Uhr. Kollege parkt neben mir ein. Ein knappes &#8222;Guten Morgen&#8220;, dann gehen wir schweigend nebeneinander zu den Umkleiden. Auf halber Strecke sage ich: &#8222;Danke, dass du nicht redest.&#8220;<br \/>\nEr:&#8220;Ehrensache. Wer um die Uhrzeit redet, hat die Kontrolle \u00fcber sein Leben verloren.&#8220;<br \/>\nMag den.<\/p>\n<p>\u2014 Frau Unhold (@unholdemaid) <a href=\"https:\/\/twitter.com\/unholdemaid\/status\/1607971319664021505?ref_src=twsrc%5Etfw\">December 28, 2022<\/a><\/p><\/blockquote>\n<p><script async src=\"https:\/\/platform.twitter.com\/widgets.js\" charset=\"utf-8\"><\/script><\/p>\n<p>&nbsp;<\/p>\n<h3>2. Anwesenheitspflicht.<\/h3>\n<blockquote class=\"twitter-tweet\">\n<p dir=\"ltr\" lang=\"de\">Ich auf Arbeit nach den Feiertagen <a href=\"https:\/\/t.co\/IQlaFLHIno\">pic.twitter.com\/IQlaFLHIno<\/a><\/p>\n<p>\u2014 187 Stra\u00dfenBernd (@Krawallbrause69) <a href=\"https:\/\/twitter.com\/Krawallbrause69\/status\/1606963367566082048?ref_src=twsrc%5Etfw\">December 25, 2022<\/a><\/p><\/blockquote>\n<p><script src=\"https:\/\/platform.twitter.com\/widgets.js\" async=\"\" charset=\"utf-8\"><\/script><\/p>\n<p>&nbsp;<\/p>\n<h3>3. Einfach mal in Ruhe heulen.<\/h3>\n<blockquote class=\"twitter-tweet\">\n<p dir=\"ltr\" lang=\"de\">Zwischen Weihnachten und Neujahr h\u00f6rt dich im B\u00fcro niemand weinen.<\/p>\n<p>\u2014 Horst Hutzel (@Horst_Hutzel_) <a href=\"https:\/\/twitter.com\/Horst_Hutzel_\/status\/1607737460942831616?ref_src=twsrc%5Etfw\">December 27, 2022<\/a><\/p><\/blockquote>\n<p><script src=\"https:\/\/platform.twitter.com\/widgets.js\" async=\"\" charset=\"utf-8\"><\/script><\/p>\n<p>&nbsp;<\/p>\n<h3>4. Mit extra viel Schaum.<\/h3>\n<blockquote class=\"twitter-tweet\">\n<p dir=\"ltr\" lang=\"de\">Musste mir eben die H\u00e4nde waschen auf der Arbeit und habe leichtsinnig meinen Kaffee unter den elektronischen Seifenspender abgestellt. &#8222;wwwwwwuuuupp&#8220; hat er gesagt und sich bedankt, dass ich ihm einen Kaffee hingestellt habe&#8230;<\/p>\n<p>\u2014 Mr.Empty, der \u00be Bandit (@Mr_Empty_hier) <a href=\"https:\/\/twitter.com\/Mr_Empty_hier\/status\/1607596910054973440?ref_src=twsrc%5Etfw\">December 27, 2022<\/a><\/p><\/blockquote>\n<p><script src=\"https:\/\/platform.twitter.com\/widgets.js\" async=\"\" charset=\"utf-8\"><\/script><\/p>\n<p>&nbsp;<\/p>\n<h3>5. Es g\u00e4be da ja auch noch Lieferando. Oder man lernt im Alter spontan, wie man ein Spiegelei br\u00e4t.<\/h3>\n<blockquote class=\"twitter-tweet\">\n<p dir=\"ltr\" lang=\"de\">In der Kollegen-WhatsApp-Gruppe, wird gerade ein Ausflug f\u00fcr n\u00e4chsten Sommer mit 2 \u00dcbernachtungen geplant und eine Kollegin (65 J.) kann nicht mitkommen, weil ihr Mann dann in Rente ist und sonst 3 Tage lang keine warme Mahlzeit bekommt.<br \/>\nKannste dir nicht ausdenken.<\/p>\n<p>\u2014 Schmag\u00fclzchen (@MissSchmaguelze) <a href=\"https:\/\/twitter.com\/MissSchmaguelze\/status\/1608481984577404930?ref_src=twsrc%5Etfw\">December 29, 2022<\/a><\/p><\/blockquote>\n<p><script src=\"https:\/\/platform.twitter.com\/widgets.js\" async=\"\" charset=\"utf-8\"><\/script><\/p>\n<p>&nbsp;<\/p>\n<h3>6. Zu-Z\u00fcglich Bonus.<\/h3>\n<blockquote class=\"twitter-tweet\">\n<p dir=\"ltr\" lang=\"de\">Der Chef der \u2066\u2066Deutschen Bahn ist mit 900.000 Euro Jahreseinkommen Spitzenverdiener des Bundes \u2013 und bekommt nun eine Gehaltserh\u00f6hung von zehn Prozent. Als Bahnfahrer f\u00e4nde ich es nur fair, wenn das Geld mit zwei, drei Jahren Versp\u00e4tung und auf dem falschen Konto landen w\u00fcrde.<\/p>\n<p>\u2014 Kaffeecup (@kaffeecup) <a href=\"https:\/\/twitter.com\/kaffeecup\/status\/1606216012545785856?ref_src=twsrc%5Etfw\">December 23, 2022<\/a><\/p><\/blockquote>\n<p><script src=\"https:\/\/platform.twitter.com\/widgets.js\" async=\"\" charset=\"utf-8\"><\/script><\/p>\n<p>&nbsp;<\/p>\n<h3>7. Wer kennt das denn nicht?<\/h3>\n<blockquote class=\"twitter-tweet\">\n<p dir=\"ltr\" lang=\"de\">Kennt ihr diese Z\u00e4hlweise? Es entbrennt sich eine Diskussion mit der Kollegin, die das noch nie gesehen hat und es nicht nachvollziehen kann warum das 7 ist.<br \/>\nIst das etwas was in Bayern speziell nicht bekannt ist oder? <a href=\"https:\/\/t.co\/NtW0l8Fk4B\">pic.twitter.com\/NtW0l8Fk4B<\/a><\/p>\n<p>\u2014 Gruschenka (@gruschkin) <a href=\"https:\/\/twitter.com\/gruschkin\/status\/1606206284159754240?ref_src=twsrc%5Etfw\">December 23, 2022<\/a><\/p><\/blockquote>\n<p><script src=\"https:\/\/platform.twitter.com\/widgets.js\" async=\"\" charset=\"utf-8\"><\/script><\/p>\n<p>&nbsp;<\/p>\n<h3>8. Dank geht raus an die Kollegin.<\/h3>\n<blockquote class=\"twitter-tweet\" data-conversation=\"none\">\n<p dir=\"ltr\" lang=\"de\">22.12. 19:00 Uhr<\/p>\n<p>Die Eltern verk\u00fcnden, dass sie hier \u00fcbernachten werden.<br \/>\nUnd gern schon morgen Abend kommen, um den Baum zu loben.<\/p>\n<p>Ich lobe mir den Himbeerschnaps, den ich von einer Kollegin bekommen habe. Oh, wie ich lobe.<\/p>\n<p>\u2014 Halbblutlehrerin (@MelsGedanken) <a href=\"https:\/\/twitter.com\/MelsGedanken\/status\/1606012576864747520?ref_src=twsrc%5Etfw\">December 22, 2022<\/a><\/p><\/blockquote>\n<p><script src=\"https:\/\/platform.twitter.com\/widgets.js\" async=\"\" charset=\"utf-8\"><\/script><\/p>\n<p>&nbsp;<\/p>\n<h3>9. Ber\u00fchmt-ber\u00fcchtigt: Die allj\u00e4hrliche Weihnachtsfeier.<\/h3>\n<blockquote class=\"twitter-tweet\">\n<p dir=\"ltr\" lang=\"de\">Wie eine typische Firmen-Weihnachtsfeier l\u00e4uft, erz\u00e4hlt in klassischen Gem\u00e4lden.<\/p>\n<p>19:30 Uhr: Der Chef h\u00e4lt eine Rede. \ud83d\udc47 <a href=\"https:\/\/t.co\/zEOQt5E0C8\">pic.twitter.com\/zEOQt5E0C8<\/a><\/p>\n<p>\u2014 Wolfgang Luef (@wluef) <a href=\"https:\/\/twitter.com\/wluef\/status\/1602311607446552578?ref_src=twsrc%5Etfw\">December 12, 2022<\/a><\/p><\/blockquote>\n<p><script src=\"https:\/\/platform.twitter.com\/widgets.js\" async=\"\" charset=\"utf-8\"><\/script><\/p>\n<p>&nbsp;<\/p>\n<h3>10. Die Geschichte wird f\u00fcr immer weiterleben und auf jeder Weihnachtsfeier aufgew\u00e4rmt.<\/h3>\n<blockquote class=\"twitter-tweet\">\n<p dir=\"ltr\" lang=\"de\">Ich habe vor vielen Jahren eine Sch\u00fclerin in die Bibliothek eingeschlossen. Aus Versehen!<br \/>\nDies Missgeschick verfolgte mich jahrelang. Bis zur Abirede!<br \/>\nDann konnte ich aufatmen.<\/p>\n<p>Jetzt ist sie neue Kollegin. Ratet, mit welch launigen Worten sie sich in der Konferenz vorstellte.\ud83d\ude44<\/p>\n<p>\u2014 MissTrelawny (sic!) (@fingurplaustert) <a href=\"https:\/\/twitter.com\/fingurplaustert\/status\/1604830418540589057?ref_src=twsrc%5Etfw\">December 19, 2022<\/a><\/p><\/blockquote>\n<p><script async src=\"https:\/\/platform.twitter.com\/widgets.js\" charset=\"utf-8\"><\/script><\/p>\n<p><strong>___<\/strong><br \/>\n<strong>Vielen Dank an alle f\u00fcr die Posts!<\/strong><br \/>\n<strong>___<\/strong><\/p>\n","protected":false},"excerpt":{"rendered":"<p>Aktuell sind viele B\u00fcros mager besetzt und auch sonst herrscht bei vielen auf der Arbeit eine etwas entspanntere Stimmung dank den vielen Feiertagen. Aber nicht&#8230;<\/p>\n","protected":false},"author":90,"featured_media":172447,"comment_status":"open","ping_status":"open","sticky":false,"template":"","format":"standard","meta":{"_acf_changed":false,"footnotes":""},"categories":[106,1728,35,1],"tags":[1409,1410,1901],"class_list":["post-172440","post","type-post","status-publish","format-standard","has-post-thumbnail","hentry","category-best-of","category-humor","category-twitter","category-uncategorized","tag-arbeit","tag-buero","tag-karriere"],"acf":[],"yoast_head":"<!-- This site is optimized with the Yoast SEO plugin v27.5 - https:\/\/yoast.com\/product\/yoast-seo-wordpress\/ -->\n<title>Danke, dass du morgens nicht redest: Die Tweets zum Arbeitsalltag<\/title>\n<meta name=\"description\" content=\"Los geht es mit den besten 10 Tweets rund um geliebte Kollegen, den B\u00fcro-Alltag und anspruchsvolle Arbeit.\" \/>\n<meta name=\"robots\" content=\"index, follow, max-snippet:-1, max-image-preview:large, max-video-preview:-1\" \/>\n<link rel=\"canonical\" href=\"https:\/\/www.thebestsocial.media\/de\/danke-dass-du-morgens-nicht-redest-die-dezember-tweets-zum-arbeitsalltag\/\" \/>\n<meta property=\"og:locale\" content=\"de_DE\" \/>\n<meta property=\"og:type\" content=\"article\" \/>\n<meta property=\"og:title\" content=\"Danke, dass du morgens nicht redest: Die Dezember-Tweets zum Arbeitsalltag\" \/>\n<meta property=\"og:description\" content=\"Los geht es mit den besten 10 Tweets rund um geliebte Kollegen, den B\u00fcro-Alltag und anspruchsvolle Arbeit.\" \/>\n<meta property=\"og:url\" content=\"https:\/\/www.thebestsocial.media\/de\/danke-dass-du-morgens-nicht-redest-die-dezember-tweets-zum-arbeitsalltag\/\" \/>\n<meta property=\"og:site_name\" content=\"The Best Social Media DE\" \/>\n<meta property=\"article:published_time\" content=\"2022-12-31T17:46:45+00:00\" \/>\n<meta property=\"article:modified_time\" content=\"2022-12-31T17:53:43+00:00\" \/>\n<meta property=\"og:image\" content=\"https:\/\/www.thebestsocial.media\/de\/wp-content\/uploads\/sites\/3\/2022\/12\/buero_fb_2.png\" \/>\n\t<meta property=\"og:image:width\" content=\"1200\" \/>\n\t<meta property=\"og:image:height\" content=\"630\" \/>\n\t<meta property=\"og:image:type\" content=\"image\/png\" \/>\n<meta name=\"author\" content=\"Johanna\" \/>\n<meta name=\"twitter:card\" content=\"summary_large_image\" \/>\n<meta name=\"twitter:label1\" content=\"Verfasst von\" \/>\n\t<meta name=\"twitter:data1\" content=\"Johanna\" \/>\n\t<meta name=\"twitter:label2\" content=\"Gesch\u00e4tzte Lesezeit\" \/>\n\t<meta name=\"twitter:data2\" content=\"3\u00a0Minuten\" \/>\n<script type=\"application\/ld+json\" class=\"yoast-schema-graph\">{\"@context\":\"https:\\\/\\\/schema.org\",\"@graph\":[{\"@type\":\"Article\",\"@id\":\"https:\\\/\\\/www.thebestsocial.media\\\/de\\\/danke-dass-du-morgens-nicht-redest-die-dezember-tweets-zum-arbeitsalltag\\\/#article\",\"isPartOf\":{\"@id\":\"https:\\\/\\\/www.thebestsocial.media\\\/de\\\/danke-dass-du-morgens-nicht-redest-die-dezember-tweets-zum-arbeitsalltag\\\/\"},\"author\":{\"name\":\"Johanna\",\"@id\":\"https:\\\/\\\/www.thebestsocial.media\\\/de\\\/#\\\/schema\\\/person\\\/7e4e6d79bd9a1bd4abfc2c44bdca4ae5\"},\"headline\":\"Danke, dass du morgens nicht redest: Die Dezember-Tweets zum Arbeitsalltag\",\"datePublished\":\"2022-12-31T17:46:45+00:00\",\"dateModified\":\"2022-12-31T17:53:43+00:00\",\"mainEntityOfPage\":{\"@id\":\"https:\\\/\\\/www.thebestsocial.media\\\/de\\\/danke-dass-du-morgens-nicht-redest-die-dezember-tweets-zum-arbeitsalltag\\\/\"},\"wordCount\":554,\"commentCount\":0,\"image\":{\"@id\":\"https:\\\/\\\/www.thebestsocial.media\\\/de\\\/danke-dass-du-morgens-nicht-redest-die-dezember-tweets-zum-arbeitsalltag\\\/#primaryimage\"},\"thumbnailUrl\":\"https:\\\/\\\/www.thebestsocial.media\\\/de\\\/wp-content\\\/uploads\\\/sites\\\/3\\\/2022\\\/12\\\/arbeit.png\",\"keywords\":[\"Arbeit\",\"B\u00fcro\",\"Karriere\"],\"articleSection\":[\"Best of\",\"Humor\",\"Twitter\",\"Uncategorized\"],\"inLanguage\":\"de\",\"potentialAction\":[{\"@type\":\"CommentAction\",\"name\":\"Comment\",\"target\":[\"https:\\\/\\\/www.thebestsocial.media\\\/de\\\/danke-dass-du-morgens-nicht-redest-die-dezember-tweets-zum-arbeitsalltag\\\/#respond\"]}]},{\"@type\":\"WebPage\",\"@id\":\"https:\\\/\\\/www.thebestsocial.media\\\/de\\\/danke-dass-du-morgens-nicht-redest-die-dezember-tweets-zum-arbeitsalltag\\\/\",\"url\":\"https:\\\/\\\/www.thebestsocial.media\\\/de\\\/danke-dass-du-morgens-nicht-redest-die-dezember-tweets-zum-arbeitsalltag\\\/\",\"name\":\"Danke, dass du morgens nicht redest: Die Tweets zum Arbeitsalltag\",\"isPartOf\":{\"@id\":\"https:\\\/\\\/www.thebestsocial.media\\\/de\\\/#website\"},\"primaryImageOfPage\":{\"@id\":\"https:\\\/\\\/www.thebestsocial.media\\\/de\\\/danke-dass-du-morgens-nicht-redest-die-dezember-tweets-zum-arbeitsalltag\\\/#primaryimage\"},\"image\":{\"@id\":\"https:\\\/\\\/www.thebestsocial.media\\\/de\\\/danke-dass-du-morgens-nicht-redest-die-dezember-tweets-zum-arbeitsalltag\\\/#primaryimage\"},\"thumbnailUrl\":\"https:\\\/\\\/www.thebestsocial.media\\\/de\\\/wp-content\\\/uploads\\\/sites\\\/3\\\/2022\\\/12\\\/arbeit.png\",\"datePublished\":\"2022-12-31T17:46:45+00:00\",\"dateModified\":\"2022-12-31T17:53:43+00:00\",\"author\":{\"@id\":\"https:\\\/\\\/www.thebestsocial.media\\\/de\\\/#\\\/schema\\\/person\\\/7e4e6d79bd9a1bd4abfc2c44bdca4ae5\"},\"description\":\"Los geht es mit den besten 10 Tweets rund um geliebte Kollegen, den B\u00fcro-Alltag und anspruchsvolle Arbeit.\",\"breadcrumb\":{\"@id\":\"https:\\\/\\\/www.thebestsocial.media\\\/de\\\/danke-dass-du-morgens-nicht-redest-die-dezember-tweets-zum-arbeitsalltag\\\/#breadcrumb\"},\"inLanguage\":\"de\",\"potentialAction\":[{\"@type\":\"ReadAction\",\"target\":[\"https:\\\/\\\/www.thebestsocial.media\\\/de\\\/danke-dass-du-morgens-nicht-redest-die-dezember-tweets-zum-arbeitsalltag\\\/\"]}]},{\"@type\":\"ImageObject\",\"inLanguage\":\"de\",\"@id\":\"https:\\\/\\\/www.thebestsocial.media\\\/de\\\/danke-dass-du-morgens-nicht-redest-die-dezember-tweets-zum-arbeitsalltag\\\/#primaryimage\",\"url\":\"https:\\\/\\\/www.thebestsocial.media\\\/de\\\/wp-content\\\/uploads\\\/sites\\\/3\\\/2022\\\/12\\\/arbeit.png\",\"contentUrl\":\"https:\\\/\\\/www.thebestsocial.media\\\/de\\\/wp-content\\\/uploads\\\/sites\\\/3\\\/2022\\\/12\\\/arbeit.png\",\"width\":1280,\"height\":720,\"caption\":\"Los geht es mit den besten 10 Tweets rund um geliebte Kollegen, den B\u00fcro-Alltag und anspruchsvolle Arbeit:\"},{\"@type\":\"BreadcrumbList\",\"@id\":\"https:\\\/\\\/www.thebestsocial.media\\\/de\\\/danke-dass-du-morgens-nicht-redest-die-dezember-tweets-zum-arbeitsalltag\\\/#breadcrumb\",\"itemListElement\":[{\"@type\":\"ListItem\",\"position\":1,\"name\":\"Home\",\"item\":\"https:\\\/\\\/www.thebestsocial.media\\\/de\\\/\"},{\"@type\":\"ListItem\",\"position\":2,\"name\":\"Danke, dass du morgens nicht redest: Die Dezember-Tweets zum Arbeitsalltag\"}]},{\"@type\":\"WebSite\",\"@id\":\"https:\\\/\\\/www.thebestsocial.media\\\/de\\\/#website\",\"url\":\"https:\\\/\\\/www.thebestsocial.media\\\/de\\\/\",\"name\":\"The Best Social Media DE\",\"description\":\"\",\"potentialAction\":[{\"@type\":\"SearchAction\",\"target\":{\"@type\":\"EntryPoint\",\"urlTemplate\":\"https:\\\/\\\/www.thebestsocial.media\\\/de\\\/?s={search_term_string}\"},\"query-input\":{\"@type\":\"PropertyValueSpecification\",\"valueRequired\":true,\"valueName\":\"search_term_string\"}}],\"inLanguage\":\"de\"},{\"@type\":\"Person\",\"@id\":\"https:\\\/\\\/www.thebestsocial.media\\\/de\\\/#\\\/schema\\\/person\\\/7e4e6d79bd9a1bd4abfc2c44bdca4ae5\",\"name\":\"Johanna\",\"image\":{\"@type\":\"ImageObject\",\"inLanguage\":\"de\",\"@id\":\"https:\\\/\\\/secure.gravatar.com\\\/avatar\\\/75ce1fe18a6340c6127d32732e3615cd7010e7ce8c30f9e6460ebb4736008f68?s=96&d=mm&r=g\",\"url\":\"https:\\\/\\\/secure.gravatar.com\\\/avatar\\\/75ce1fe18a6340c6127d32732e3615cd7010e7ce8c30f9e6460ebb4736008f68?s=96&d=mm&r=g\",\"contentUrl\":\"https:\\\/\\\/secure.gravatar.com\\\/avatar\\\/75ce1fe18a6340c6127d32732e3615cd7010e7ce8c30f9e6460ebb4736008f68?s=96&d=mm&r=g\",\"caption\":\"Johanna\"},\"url\":\"https:\\\/\\\/www.thebestsocial.media\\\/de\\\/author\\\/johannamichaels\\\/\"}]}<\/script>\n<!-- \/ Yoast SEO plugin. -->","yoast_head_json":{"title":"Danke, dass du morgens nicht redest: Die Tweets zum Arbeitsalltag","description":"Los geht es mit den besten 10 Tweets rund um geliebte Kollegen, den B\u00fcro-Alltag und anspruchsvolle Arbeit.","robots":{"index":"index","follow":"follow","max-snippet":"max-snippet:-1","max-image-preview":"max-image-preview:large","max-video-preview":"max-video-preview:-1"},"canonical":"https:\/\/www.thebestsocial.media\/de\/danke-dass-du-morgens-nicht-redest-die-dezember-tweets-zum-arbeitsalltag\/","og_locale":"de_DE","og_type":"article","og_title":"Danke, dass du morgens nicht redest: Die Dezember-Tweets zum Arbeitsalltag","og_description":"Los geht es mit den besten 10 Tweets rund um geliebte Kollegen, den B\u00fcro-Alltag und anspruchsvolle Arbeit.","og_url":"https:\/\/www.thebestsocial.media\/de\/danke-dass-du-morgens-nicht-redest-die-dezember-tweets-zum-arbeitsalltag\/","og_site_name":"The Best Social Media DE","article_published_time":"2022-12-31T17:46:45+00:00","article_modified_time":"2022-12-31T17:53:43+00:00","og_image":[{"width":1200,"height":630,"url":"https:\/\/www.thebestsocial.media\/de\/wp-content\/uploads\/sites\/3\/2022\/12\/buero_fb_2.png","type":"image\/png"}],"author":"Johanna","twitter_card":"summary_large_image","twitter_misc":{"Verfasst von":"Johanna","Gesch\u00e4tzte Lesezeit":"3\u00a0Minuten"},"schema":{"@context":"https:\/\/schema.org","@graph":[{"@type":"Article","@id":"https:\/\/www.thebestsocial.media\/de\/danke-dass-du-morgens-nicht-redest-die-dezember-tweets-zum-arbeitsalltag\/#article","isPartOf":{"@id":"https:\/\/www.thebestsocial.media\/de\/danke-dass-du-morgens-nicht-redest-die-dezember-tweets-zum-arbeitsalltag\/"},"author":{"name":"Johanna","@id":"https:\/\/www.thebestsocial.media\/de\/#\/schema\/person\/7e4e6d79bd9a1bd4abfc2c44bdca4ae5"},"headline":"Danke, dass du morgens nicht redest: Die Dezember-Tweets zum Arbeitsalltag","datePublished":"2022-12-31T17:46:45+00:00","dateModified":"2022-12-31T17:53:43+00:00","mainEntityOfPage":{"@id":"https:\/\/www.thebestsocial.media\/de\/danke-dass-du-morgens-nicht-redest-die-dezember-tweets-zum-arbeitsalltag\/"},"wordCount":554,"commentCount":0,"image":{"@id":"https:\/\/www.thebestsocial.media\/de\/danke-dass-du-morgens-nicht-redest-die-dezember-tweets-zum-arbeitsalltag\/#primaryimage"},"thumbnailUrl":"https:\/\/www.thebestsocial.media\/de\/wp-content\/uploads\/sites\/3\/2022\/12\/arbeit.png","keywords":["Arbeit","B\u00fcro","Karriere"],"articleSection":["Best of","Humor","Twitter","Uncategorized"],"inLanguage":"de","potentialAction":[{"@type":"CommentAction","name":"Comment","target":["https:\/\/www.thebestsocial.media\/de\/danke-dass-du-morgens-nicht-redest-die-dezember-tweets-zum-arbeitsalltag\/#respond"]}]},{"@type":"WebPage","@id":"https:\/\/www.thebestsocial.media\/de\/danke-dass-du-morgens-nicht-redest-die-dezember-tweets-zum-arbeitsalltag\/","url":"https:\/\/www.thebestsocial.media\/de\/danke-dass-du-morgens-nicht-redest-die-dezember-tweets-zum-arbeitsalltag\/","name":"Danke, dass du morgens nicht redest: Die Tweets zum Arbeitsalltag","isPartOf":{"@id":"https:\/\/www.thebestsocial.media\/de\/#website"},"primaryImageOfPage":{"@id":"https:\/\/www.thebestsocial.media\/de\/danke-dass-du-morgens-nicht-redest-die-dezember-tweets-zum-arbeitsalltag\/#primaryimage"},"image":{"@id":"https:\/\/www.thebestsocial.media\/de\/danke-dass-du-morgens-nicht-redest-die-dezember-tweets-zum-arbeitsalltag\/#primaryimage"},"thumbnailUrl":"https:\/\/www.thebestsocial.media\/de\/wp-content\/uploads\/sites\/3\/2022\/12\/arbeit.png","datePublished":"2022-12-31T17:46:45+00:00","dateModified":"2022-12-31T17:53:43+00:00","author":{"@id":"https:\/\/www.thebestsocial.media\/de\/#\/schema\/person\/7e4e6d79bd9a1bd4abfc2c44bdca4ae5"},"description":"Los geht es mit den besten 10 Tweets rund um geliebte Kollegen, den B\u00fcro-Alltag und anspruchsvolle Arbeit.","breadcrumb":{"@id":"https:\/\/www.thebestsocial.media\/de\/danke-dass-du-morgens-nicht-redest-die-dezember-tweets-zum-arbeitsalltag\/#breadcrumb"},"inLanguage":"de","potentialAction":[{"@type":"ReadAction","target":["https:\/\/www.thebestsocial.media\/de\/danke-dass-du-morgens-nicht-redest-die-dezember-tweets-zum-arbeitsalltag\/"]}]},{"@type":"ImageObject","inLanguage":"de","@id":"https:\/\/www.thebestsocial.media\/de\/danke-dass-du-morgens-nicht-redest-die-dezember-tweets-zum-arbeitsalltag\/#primaryimage","url":"https:\/\/www.thebestsocial.media\/de\/wp-content\/uploads\/sites\/3\/2022\/12\/arbeit.png","contentUrl":"https:\/\/www.thebestsocial.media\/de\/wp-content\/uploads\/sites\/3\/2022\/12\/arbeit.png","width":1280,"height":720,"caption":"Los geht es mit den besten 10 Tweets rund um geliebte Kollegen, den B\u00fcro-Alltag und anspruchsvolle Arbeit:"},{"@type":"BreadcrumbList","@id":"https:\/\/www.thebestsocial.media\/de\/danke-dass-du-morgens-nicht-redest-die-dezember-tweets-zum-arbeitsalltag\/#breadcrumb","itemListElement":[{"@type":"ListItem","position":1,"name":"Home","item":"https:\/\/www.thebestsocial.media\/de\/"},{"@type":"ListItem","position":2,"name":"Danke, dass du morgens nicht redest: Die Dezember-Tweets zum Arbeitsalltag"}]},{"@type":"WebSite","@id":"https:\/\/www.thebestsocial.media\/de\/#website","url":"https:\/\/www.thebestsocial.media\/de\/","name":"The Best Social Media DE","description":"","potentialAction":[{"@type":"SearchAction","target":{"@type":"EntryPoint","urlTemplate":"https:\/\/www.thebestsocial.media\/de\/?s={search_term_string}"},"query-input":{"@type":"PropertyValueSpecification","valueRequired":true,"valueName":"search_term_string"}}],"inLanguage":"de"},{"@type":"Person","@id":"https:\/\/www.thebestsocial.media\/de\/#\/schema\/person\/7e4e6d79bd9a1bd4abfc2c44bdca4ae5","name":"Johanna","image":{"@type":"ImageObject","inLanguage":"de","@id":"https:\/\/secure.gravatar.com\/avatar\/75ce1fe18a6340c6127d32732e3615cd7010e7ce8c30f9e6460ebb4736008f68?s=96&d=mm&r=g","url":"https:\/\/secure.gravatar.com\/avatar\/75ce1fe18a6340c6127d32732e3615cd7010e7ce8c30f9e6460ebb4736008f68?s=96&d=mm&r=g","contentUrl":"https:\/\/secure.gravatar.com\/avatar\/75ce1fe18a6340c6127d32732e3615cd7010e7ce8c30f9e6460ebb4736008f68?s=96&d=mm&r=g","caption":"Johanna"},"url":"https:\/\/www.thebestsocial.media\/de\/author\/johannamichaels\/"}]}},"amp_enabled":true,"_links":{"self":[{"href":"https:\/\/www.thebestsocial.media\/de\/wp-json\/wp\/v2\/posts\/172440","targetHints":{"allow":["GET"]}}],"collection":[{"href":"https:\/\/www.thebestsocial.media\/de\/wp-json\/wp\/v2\/posts"}],"about":[{"href":"https:\/\/www.thebestsocial.media\/de\/wp-json\/wp\/v2\/types\/post"}],"author":[{"embeddable":true,"href":"https:\/\/www.thebestsocial.media\/de\/wp-json\/wp\/v2\/users\/90"}],"replies":[{"embeddable":true,"href":"https:\/\/www.thebestsocial.media\/de\/wp-json\/wp\/v2\/comments?post=172440"}],"version-history":[{"count":7,"href":"https:\/\/www.thebestsocial.media\/de\/wp-json\/wp\/v2\/posts\/172440\/revisions"}],"predecessor-version":[{"id":172451,"href":"https:\/\/www.thebestsocial.media\/de\/wp-json\/wp\/v2\/posts\/172440\/revisions\/172451"}],"wp:featuredmedia":[{"embeddable":true,"href":"https:\/\/www.thebestsocial.media\/de\/wp-json\/wp\/v2\/media\/172447"}],"wp:attachment":[{"href":"https:\/\/www.thebestsocial.media\/de\/wp-json\/wp\/v2\/media?parent=172440"}],"wp:term":[{"taxonomy":"category","embeddable":true,"href":"https:\/\/www.thebestsocial.media\/de\/wp-json\/wp\/v2\/categories?post=172440"},{"taxonomy":"post_tag","embeddable":true,"href":"https:\/\/www.thebestsocial.media\/de\/wp-json\/wp\/v2\/tags?post=172440"}],"curies":[{"name":"wp","href":"https:\/\/api.w.org\/{rel}","templated":true}]}}