{"id":171490,"date":"2022-12-14T16:27:23","date_gmt":"2022-12-14T16:27:23","guid":{"rendered":"https:\/\/www.thebestsocial.media\/de\/?p=171490"},"modified":"2022-12-14T16:27:23","modified_gmt":"2022-12-14T16:27:23","slug":"besinnliches-gefresse-12-posts-ueber-die-weihnachtsfeiertage","status":"publish","type":"post","link":"https:\/\/www.thebestsocial.media\/de\/besinnliches-gefresse-12-posts-ueber-die-weihnachtsfeiertage\/","title":{"rendered":"Besinnliches Gefresse: 12 Posts \u00fcber die Weihnachtsfeiertage"},"content":{"rendered":"<p>Es ist so weit! Heiligabend, erster Weihnachtsfeiertag und zweiter Weihnachtsfeiertag oder besser gesagt: Fresstag 1, Fresstag 2, Fresstag 3. Zumindest sehen so die Weihnachtsfeiertage bei den meisten Familien aus, oder nicht? Und dann noch ein paar hitzige Diskussionen mit dem Onkel und es ist komplett. Auch wenn Weihnachten vor allem besinnlich sein soll, sind wir nach dem zweiten Weihnachtstag auch alle wieder froh, wenn die Feiertage endlich wieder hin\u00fcber sind. Hier haben wir euch 12 Posts rund um die Weihnachtsfeiertage zusammengefasst: <\/p>\n<p>&nbsp;<\/p>\n<h3>1. Ach hauptsache besinnlich.<\/h3>\n<blockquote class=\"twitter-tweet\">\n<p lang=\"de\" dir=\"ltr\">2. weihnachtsfeiertag ich KANN nicht mehr tinnitus hat sich eingestellt weil alle immer schreien alle meine schicken klamotten sind voller rotkohl ich musste das feuerwehrmann sam buch schon 8x vorlesen aber ist sehr besinnlich alles g\u00e4<\/p>\n<p>&mdash; Lena blauer Haken (@leanindersprite) <a href=\"https:\/\/twitter.com\/leanindersprite\/status\/1077847173570719745?ref_src=twsrc%5Etfw\">December 26, 2018<\/a><\/p><\/blockquote>\n<p> <script async src=\"https:\/\/platform.twitter.com\/widgets.js\" charset=\"utf-8\"><\/script><\/p>\n<p>&nbsp;<\/p>\n<h3>2. Ganz normaler Weihnachtswunsch. St\u00e4rkt das Gruppengef\u00fchl.<\/h3>\n<blockquote class=\"twitter-tweet\">\n<p lang=\"de\" dir=\"ltr\">Lieber Weihnachtsmann,<\/p>\n<p>f\u00fcr den ersten Weihnachtsfeiertag w\u00fcnsche ich mir, dass das heimische Wasserbett kaputt geht, sodass ich mit meiner Familie eine Stunde lang Wasser sch\u00f6pfen kann. \ud83d\ude42<\/p>\n<p>Gru\u00df <br \/>Lars<\/p>\n<p>&mdash; Lars Paulsen (@larsericpaulsen) <a href=\"https:\/\/twitter.com\/larsericpaulsen\/status\/945272372592078848?ref_src=twsrc%5Etfw\">December 25, 2017<\/a><\/p><\/blockquote>\n<p> <script async src=\"https:\/\/platform.twitter.com\/widgets.js\" charset=\"utf-8\"><\/script><\/p>\n<p>&nbsp;<\/p>\n<h3>3. Ja, an Weihnachten kann so einiges Unwahrscheinliches passieren:<\/h3>\n<blockquote class=\"twitter-tweet\">\n<p lang=\"de\" dir=\"ltr\">Wie gro\u00df ist die Wahrscheinlichkeit, dass man am 1. Weihnachtsfeiertag mit einem Knopfdruck das gesamte Stromnetz der Oma lahmlegt und der gerufenen Notfallelektriker kurzfristig absagt, weil bei seiner Frau die Wehen einsetzten?<\/p>\n<p>BESINNLICH! Yeah<\/p>\n<p>&mdash; MissTrelawny (sic!) (@fingurplaustert) <a href=\"https:\/\/twitter.com\/fingurplaustert\/status\/1474773567434891266?ref_src=twsrc%5Etfw\">December 25, 2021<\/a><\/p><\/blockquote>\n<p> <script async src=\"https:\/\/platform.twitter.com\/widgets.js\" charset=\"utf-8\"><\/script><\/p>\n<p>&nbsp;<\/p>\n<h3>4. Joa wahrscheinlich.<\/h3>\n<blockquote class=\"twitter-tweet\">\n<p lang=\"de\" dir=\"ltr\">Der zweite Weihnachtsfeiertag ist eine Erfindung der Scheidungskinderindustrie<\/p>\n<p>&mdash; jan knes (@jan_knes) <a href=\"https:\/\/twitter.com\/jan_knes\/status\/1475105766982000649?ref_src=twsrc%5Etfw\">December 26, 2021<\/a><\/p><\/blockquote>\n<p> <script async src=\"https:\/\/platform.twitter.com\/widgets.js\" charset=\"utf-8\"><\/script><\/p>\n<p>&nbsp;<\/p>\n<h3>5. Aiaiai.<\/h3>\n<p><iframe loading=\"lazy\" src=\"\/tiktok-cache\/7168433009522167045\/cede0a759d6a354512bc2a4bbce24cfd64b3c839e7ad1d082bea002d\" width=\"623\" height=\"1108\" style=\"border:0; height:90vh; width:50.625000vh;\" scrolling=\"no\"><\/iframe><\/p>\n<p>&nbsp;<\/p>\n<h3>6. I feel you.<\/h3>\n<blockquote class=\"twitter-tweet\">\n<p lang=\"de\" dir=\"ltr\">So gern wie ich auch mit meiner Familie zusammen bin, am zweiten Weihnachtsfeiertag bin ich doch immer wieder froh das es keinen dritten gibt.<\/p>\n<p>&mdash; Dr. Dangerseeker (@dangerseeker92) <a href=\"https:\/\/twitter.com\/dangerseeker92\/status\/1475043041333452802?ref_src=twsrc%5Etfw\">December 26, 2021<\/a><\/p><\/blockquote>\n<p> <script async src=\"https:\/\/platform.twitter.com\/widgets.js\" charset=\"utf-8\"><\/script><\/p>\n<p>&nbsp;<\/p>\n<h3>7. Wie viele Geschenke haben die denn gekriegt? Bin neidisch.<\/h3>\n<blockquote class=\"twitter-tweet\">\n<p lang=\"de\" dir=\"ltr\">2. Weihnachtsfeiertag. Die Kinder packen noch immer Geschenke aus. Das wird ein heftiger Entzug, wenn sie fertig sind. So Mitte Januar.<\/p>\n<p>&mdash; Gebbi Gibson (@GebbiGibson) <a href=\"https:\/\/twitter.com\/GebbiGibson\/status\/680690651365769216?ref_src=twsrc%5Etfw\">December 26, 2015<\/a><\/p><\/blockquote>\n<p> <script async src=\"https:\/\/platform.twitter.com\/widgets.js\" charset=\"utf-8\"><\/script><\/p>\n<p>&nbsp;<\/p>\n<h3>8. Ach und das schon am ersten Weihnachtsfeiertag?!.<\/h3>\n<blockquote class=\"twitter-tweet\">\n<p lang=\"de\" dir=\"ltr\">Harte Liebe f\u00fcr meine Dreij\u00e4hrige, die am ersten Weihnachtsfeiertag abends sagte: \u201cIch habe genug\u201d und den Abend konsequent alleine im Zimmer verbrachte<\/p>\n<p>&mdash; planningmathilda (@plnningmathilda) <a href=\"https:\/\/twitter.com\/plnningmathilda\/status\/1210136242253418498?ref_src=twsrc%5Etfw\">December 26, 2019<\/a><\/p><\/blockquote>\n<p> <script async src=\"https:\/\/platform.twitter.com\/widgets.js\" charset=\"utf-8\"><\/script><\/p>\n<p>&nbsp;<\/p>\n<h3>9. Note: Kind 3 einfach nichts mehr schenken, nur die Verpackung.<\/h3>\n<blockquote class=\"twitter-tweet\">\n<p lang=\"de\" dir=\"ltr\">Erster Weihnachtsfeiertag!<br \/>&#8211; Kind1 liegt verkatert im Bett<br \/>&#8211; Kind2 spielt mit dem neuen Spielzeug von Kind3<br \/>&#8211; Kind3 spielt mit dem Geschenkpapier <\/p>\n<p>Alles wie immer.<\/p>\n<p>&mdash; Der Doppeldaumenmann (@doppeldaumen) <a href=\"https:\/\/twitter.com\/doppeldaumen\/status\/1077505816310280192?ref_src=twsrc%5Etfw\">December 25, 2018<\/a><\/p><\/blockquote>\n<p> <script async src=\"https:\/\/platform.twitter.com\/widgets.js\" charset=\"utf-8\"><\/script><\/p>\n<p>&nbsp;<\/p>\n<h3>10. Gegenteiltag:<\/h3>\n<blockquote class=\"twitter-tweet\">\n<p lang=\"de\" dir=\"ltr\">Erster Weihnachtsfeiertag: <\/p>\n<p>Wenn Eltern wild schreiend Playmobil Aufbauanleitungen zerrei\u00dfen und die Kinder sich vor der Glotze am\u00fcsieren.<\/p>\n<p>&mdash; Lilli Marlene (@MarleneHellene) <a href=\"https:\/\/twitter.com\/MarleneHellene\/status\/945217465373614080?ref_src=twsrc%5Etfw\">December 25, 2017<\/a><\/p><\/blockquote>\n<p> <script async src=\"https:\/\/platform.twitter.com\/widgets.js\" charset=\"utf-8\"><\/script><\/p>\n<p>&nbsp;<\/p>\n<h3>11. Ach die sch\u00f6ne Monstera, herrje!<\/h3>\n<blockquote class=\"twitter-tweet\">\n<p lang=\"de\" dir=\"ltr\">Wessen Familie ist am ersten Weihnachtsfeiertag fast aus dem Restaurant geflogen, weil ein 63 Jahre alter Mann ein zwei Meter langes Blatt einer Monstera mit seinem Taschenmesser abgeschnitten hat, \u201eweil es sonst so komisch an meinem Ohr rumschrabbelt!\u201c?<\/p>\n<p>Genau.<\/p>\n<p>&mdash; Andr\u00e9 Herrmann (@antrehherrmann) <a href=\"https:\/\/twitter.com\/antrehherrmann\/status\/1474847642039599110?ref_src=twsrc%5Etfw\">December 25, 2021<\/a><\/p><\/blockquote>\n<p> <script async src=\"https:\/\/platform.twitter.com\/widgets.js\" charset=\"utf-8\"><\/script><\/p>\n<p>&nbsp;<\/p>\n<h3>12. Endgegner:<\/h3>\n<blockquote class=\"twitter-tweet\">\n<p lang=\"de\" dir=\"ltr\">Zweiter Weihnachtsfeiertag: Der finale Magenzerst\u00f6rer wartet auf seinen Einsatz. \ud83c\udfb6 Imperial March \ud83c\udfb6 <a href=\"https:\/\/t.co\/NYqqQT6YA1\">pic.twitter.com\/NYqqQT6YA1<\/a><\/p>\n<p>&mdash; Hirschers \ud83c\udf33\ud83e\udd8c\ud83c\udfad (@HerrHilfreich) <a href=\"https:\/\/twitter.com\/HerrHilfreich\/status\/1475094912836198401?ref_src=twsrc%5Etfw\">December 26, 2021<\/a><\/p><\/blockquote>\n<p> <script async src=\"https:\/\/platform.twitter.com\/widgets.js\" charset=\"utf-8\"><\/script><\/p>\n<p>&nbsp;<\/p>\n<p><b>___<\/b><\/p>\n<p><b>Vielen Dank an alle f\u00fcr die Posts und frohe Weihnachten euch allen!<\/b><\/p>\n<p><b>___<\/b><\/p>\n<p>Achtung! Freelance Community Manager (m\/w\/d) gesucht!\u00a0<a href=\"https:\/\/www.thebestsocialjobs.com\/de\/stelle\/freelance-community-manager-german-speaking\/\">Hier entlang<\/a>, bitte.<\/p>\n<p>&nbsp;<\/p>\n","protected":false},"excerpt":{"rendered":"<p>Es ist so weit! Heiligabend, erster Weihnachtsfeiertag und zweiter Weihnachtsfeiertag oder besser gesagt: Fresstag 1, Fresstag 2, Fresstag 3. Zumindest sehen so die Weihnachtsfeiertage bei&#8230;<\/p>\n","protected":false},"author":97,"featured_media":171491,"comment_status":"open","ping_status":"open","sticky":false,"template":"","format":"standard","meta":{"_acf_changed":false,"footnotes":""},"categories":[106,2031,35],"tags":[763,3424,195],"class_list":["post-171490","post","type-post","status-publish","format-standard","has-post-thumbnail","hentry","category-best-of","category-feelgood","category-twitter","tag-feiertag","tag-heiligabend","tag-weihnachten"],"acf":[],"yoast_head":"<!-- This site is optimized with the Yoast SEO plugin v27.5 - https:\/\/yoast.com\/product\/yoast-seo-wordpress\/ -->\n<title>Besinnliches Gefresse: 12 Posts \u00fcber die Weihnachtsfeiertage<\/title>\n<meta name=\"robots\" content=\"index, follow, max-snippet:-1, max-image-preview:large, max-video-preview:-1\" \/>\n<link rel=\"canonical\" href=\"https:\/\/www.thebestsocial.media\/de\/besinnliches-gefresse-12-posts-ueber-die-weihnachtsfeiertage\/\" \/>\n<meta property=\"og:locale\" content=\"de_DE\" \/>\n<meta property=\"og:type\" content=\"article\" \/>\n<meta property=\"og:title\" content=\"Besinnliches Gefresse: 12 Posts \u00fcber die Weihnachtsfeiertage\" \/>\n<meta property=\"og:description\" content=\"Es ist so weit! Heiligabend, erster Weihnachtsfeiertag und zweiter Weihnachtsfeiertag oder besser gesagt: Fresstag 1, Fresstag 2, Fresstag 3. Zumindest sehen so die Weihnachtsfeiertage bei...\" \/>\n<meta property=\"og:url\" content=\"https:\/\/www.thebestsocial.media\/de\/besinnliches-gefresse-12-posts-ueber-die-weihnachtsfeiertage\/\" \/>\n<meta property=\"og:site_name\" content=\"The Best Social Media DE\" \/>\n<meta property=\"article:published_time\" content=\"2022-12-14T16:27:23+00:00\" \/>\n<meta property=\"og:image\" content=\"https:\/\/www.thebestsocial.media\/de\/wp-content\/uploads\/sites\/3\/2022\/12\/header-weihnachtsferitag.png\" \/>\n\t<meta property=\"og:image:width\" content=\"1200\" \/>\n\t<meta property=\"og:image:height\" content=\"630\" \/>\n\t<meta property=\"og:image:type\" content=\"image\/png\" \/>\n<meta name=\"author\" content=\"Cristina\" \/>\n<meta name=\"twitter:card\" content=\"summary_large_image\" \/>\n<meta name=\"twitter:label1\" content=\"Verfasst von\" \/>\n\t<meta name=\"twitter:data1\" content=\"Cristina\" \/>\n\t<meta name=\"twitter:label2\" content=\"Gesch\u00e4tzte Lesezeit\" \/>\n\t<meta name=\"twitter:data2\" content=\"3\u00a0Minuten\" \/>\n<script type=\"application\/ld+json\" class=\"yoast-schema-graph\">{\"@context\":\"https:\\\/\\\/schema.org\",\"@graph\":[{\"@type\":\"Article\",\"@id\":\"https:\\\/\\\/www.thebestsocial.media\\\/de\\\/besinnliches-gefresse-12-posts-ueber-die-weihnachtsfeiertage\\\/#article\",\"isPartOf\":{\"@id\":\"https:\\\/\\\/www.thebestsocial.media\\\/de\\\/besinnliches-gefresse-12-posts-ueber-die-weihnachtsfeiertage\\\/\"},\"author\":{\"name\":\"Cristina\",\"@id\":\"https:\\\/\\\/www.thebestsocial.media\\\/de\\\/#\\\/schema\\\/person\\\/e2cd306c885c9cc48e5ea47d563cab08\"},\"headline\":\"Besinnliches Gefresse: 12 Posts \u00fcber die Weihnachtsfeiertage\",\"datePublished\":\"2022-12-14T16:27:23+00:00\",\"mainEntityOfPage\":{\"@id\":\"https:\\\/\\\/www.thebestsocial.media\\\/de\\\/besinnliches-gefresse-12-posts-ueber-die-weihnachtsfeiertage\\\/\"},\"wordCount\":523,\"commentCount\":0,\"image\":{\"@id\":\"https:\\\/\\\/www.thebestsocial.media\\\/de\\\/besinnliches-gefresse-12-posts-ueber-die-weihnachtsfeiertage\\\/#primaryimage\"},\"thumbnailUrl\":\"https:\\\/\\\/www.thebestsocial.media\\\/de\\\/wp-content\\\/uploads\\\/sites\\\/3\\\/2022\\\/12\\\/pexels-kristina-paukshtite-3444345-scaled.jpg\",\"keywords\":[\"Feiertag\",\"Heiligabend\",\"weihnachten\"],\"articleSection\":[\"Best of\",\"Feelgood\",\"Twitter\"],\"inLanguage\":\"de\",\"potentialAction\":[{\"@type\":\"CommentAction\",\"name\":\"Comment\",\"target\":[\"https:\\\/\\\/www.thebestsocial.media\\\/de\\\/besinnliches-gefresse-12-posts-ueber-die-weihnachtsfeiertage\\\/#respond\"]}]},{\"@type\":\"WebPage\",\"@id\":\"https:\\\/\\\/www.thebestsocial.media\\\/de\\\/besinnliches-gefresse-12-posts-ueber-die-weihnachtsfeiertage\\\/\",\"url\":\"https:\\\/\\\/www.thebestsocial.media\\\/de\\\/besinnliches-gefresse-12-posts-ueber-die-weihnachtsfeiertage\\\/\",\"name\":\"Besinnliches Gefresse: 12 Posts \u00fcber die Weihnachtsfeiertage\",\"isPartOf\":{\"@id\":\"https:\\\/\\\/www.thebestsocial.media\\\/de\\\/#website\"},\"primaryImageOfPage\":{\"@id\":\"https:\\\/\\\/www.thebestsocial.media\\\/de\\\/besinnliches-gefresse-12-posts-ueber-die-weihnachtsfeiertage\\\/#primaryimage\"},\"image\":{\"@id\":\"https:\\\/\\\/www.thebestsocial.media\\\/de\\\/besinnliches-gefresse-12-posts-ueber-die-weihnachtsfeiertage\\\/#primaryimage\"},\"thumbnailUrl\":\"https:\\\/\\\/www.thebestsocial.media\\\/de\\\/wp-content\\\/uploads\\\/sites\\\/3\\\/2022\\\/12\\\/pexels-kristina-paukshtite-3444345-scaled.jpg\",\"datePublished\":\"2022-12-14T16:27:23+00:00\",\"author\":{\"@id\":\"https:\\\/\\\/www.thebestsocial.media\\\/de\\\/#\\\/schema\\\/person\\\/e2cd306c885c9cc48e5ea47d563cab08\"},\"breadcrumb\":{\"@id\":\"https:\\\/\\\/www.thebestsocial.media\\\/de\\\/besinnliches-gefresse-12-posts-ueber-die-weihnachtsfeiertage\\\/#breadcrumb\"},\"inLanguage\":\"de\",\"potentialAction\":[{\"@type\":\"ReadAction\",\"target\":[\"https:\\\/\\\/www.thebestsocial.media\\\/de\\\/besinnliches-gefresse-12-posts-ueber-die-weihnachtsfeiertage\\\/\"]}]},{\"@type\":\"ImageObject\",\"inLanguage\":\"de\",\"@id\":\"https:\\\/\\\/www.thebestsocial.media\\\/de\\\/besinnliches-gefresse-12-posts-ueber-die-weihnachtsfeiertage\\\/#primaryimage\",\"url\":\"https:\\\/\\\/www.thebestsocial.media\\\/de\\\/wp-content\\\/uploads\\\/sites\\\/3\\\/2022\\\/12\\\/pexels-kristina-paukshtite-3444345-scaled.jpg\",\"contentUrl\":\"https:\\\/\\\/www.thebestsocial.media\\\/de\\\/wp-content\\\/uploads\\\/sites\\\/3\\\/2022\\\/12\\\/pexels-kristina-paukshtite-3444345-scaled.jpg\",\"width\":1707,\"height\":2560},{\"@type\":\"BreadcrumbList\",\"@id\":\"https:\\\/\\\/www.thebestsocial.media\\\/de\\\/besinnliches-gefresse-12-posts-ueber-die-weihnachtsfeiertage\\\/#breadcrumb\",\"itemListElement\":[{\"@type\":\"ListItem\",\"position\":1,\"name\":\"Home\",\"item\":\"https:\\\/\\\/www.thebestsocial.media\\\/de\\\/\"},{\"@type\":\"ListItem\",\"position\":2,\"name\":\"Besinnliches Gefresse: 12 Posts \u00fcber die Weihnachtsfeiertage\"}]},{\"@type\":\"WebSite\",\"@id\":\"https:\\\/\\\/www.thebestsocial.media\\\/de\\\/#website\",\"url\":\"https:\\\/\\\/www.thebestsocial.media\\\/de\\\/\",\"name\":\"The Best Social Media DE\",\"description\":\"\",\"potentialAction\":[{\"@type\":\"SearchAction\",\"target\":{\"@type\":\"EntryPoint\",\"urlTemplate\":\"https:\\\/\\\/www.thebestsocial.media\\\/de\\\/?s={search_term_string}\"},\"query-input\":{\"@type\":\"PropertyValueSpecification\",\"valueRequired\":true,\"valueName\":\"search_term_string\"}}],\"inLanguage\":\"de\"},{\"@type\":\"Person\",\"@id\":\"https:\\\/\\\/www.thebestsocial.media\\\/de\\\/#\\\/schema\\\/person\\\/e2cd306c885c9cc48e5ea47d563cab08\",\"name\":\"Cristina\",\"image\":{\"@type\":\"ImageObject\",\"inLanguage\":\"de\",\"@id\":\"https:\\\/\\\/secure.gravatar.com\\\/avatar\\\/17a11569f2998e9b40ff4c98ab0851ddd1dd35595a21590f554e022bed21c0c4?s=96&d=mm&r=g\",\"url\":\"https:\\\/\\\/secure.gravatar.com\\\/avatar\\\/17a11569f2998e9b40ff4c98ab0851ddd1dd35595a21590f554e022bed21c0c4?s=96&d=mm&r=g\",\"contentUrl\":\"https:\\\/\\\/secure.gravatar.com\\\/avatar\\\/17a11569f2998e9b40ff4c98ab0851ddd1dd35595a21590f554e022bed21c0c4?s=96&d=mm&r=g\",\"caption\":\"Cristina\"},\"url\":\"https:\\\/\\\/www.thebestsocial.media\\\/de\\\/author\\\/cristina\\\/\"}]}<\/script>\n<!-- \/ Yoast SEO plugin. -->","yoast_head_json":{"title":"Besinnliches Gefresse: 12 Posts \u00fcber die Weihnachtsfeiertage","robots":{"index":"index","follow":"follow","max-snippet":"max-snippet:-1","max-image-preview":"max-image-preview:large","max-video-preview":"max-video-preview:-1"},"canonical":"https:\/\/www.thebestsocial.media\/de\/besinnliches-gefresse-12-posts-ueber-die-weihnachtsfeiertage\/","og_locale":"de_DE","og_type":"article","og_title":"Besinnliches Gefresse: 12 Posts \u00fcber die Weihnachtsfeiertage","og_description":"Es ist so weit! Heiligabend, erster Weihnachtsfeiertag und zweiter Weihnachtsfeiertag oder besser gesagt: Fresstag 1, Fresstag 2, Fresstag 3. Zumindest sehen so die Weihnachtsfeiertage bei...","og_url":"https:\/\/www.thebestsocial.media\/de\/besinnliches-gefresse-12-posts-ueber-die-weihnachtsfeiertage\/","og_site_name":"The Best Social Media DE","article_published_time":"2022-12-14T16:27:23+00:00","og_image":[{"width":1200,"height":630,"url":"https:\/\/www.thebestsocial.media\/de\/wp-content\/uploads\/sites\/3\/2022\/12\/header-weihnachtsferitag.png","type":"image\/png"}],"author":"Cristina","twitter_card":"summary_large_image","twitter_misc":{"Verfasst von":"Cristina","Gesch\u00e4tzte Lesezeit":"3\u00a0Minuten"},"schema":{"@context":"https:\/\/schema.org","@graph":[{"@type":"Article","@id":"https:\/\/www.thebestsocial.media\/de\/besinnliches-gefresse-12-posts-ueber-die-weihnachtsfeiertage\/#article","isPartOf":{"@id":"https:\/\/www.thebestsocial.media\/de\/besinnliches-gefresse-12-posts-ueber-die-weihnachtsfeiertage\/"},"author":{"name":"Cristina","@id":"https:\/\/www.thebestsocial.media\/de\/#\/schema\/person\/e2cd306c885c9cc48e5ea47d563cab08"},"headline":"Besinnliches Gefresse: 12 Posts \u00fcber die Weihnachtsfeiertage","datePublished":"2022-12-14T16:27:23+00:00","mainEntityOfPage":{"@id":"https:\/\/www.thebestsocial.media\/de\/besinnliches-gefresse-12-posts-ueber-die-weihnachtsfeiertage\/"},"wordCount":523,"commentCount":0,"image":{"@id":"https:\/\/www.thebestsocial.media\/de\/besinnliches-gefresse-12-posts-ueber-die-weihnachtsfeiertage\/#primaryimage"},"thumbnailUrl":"https:\/\/www.thebestsocial.media\/de\/wp-content\/uploads\/sites\/3\/2022\/12\/pexels-kristina-paukshtite-3444345-scaled.jpg","keywords":["Feiertag","Heiligabend","weihnachten"],"articleSection":["Best of","Feelgood","Twitter"],"inLanguage":"de","potentialAction":[{"@type":"CommentAction","name":"Comment","target":["https:\/\/www.thebestsocial.media\/de\/besinnliches-gefresse-12-posts-ueber-die-weihnachtsfeiertage\/#respond"]}]},{"@type":"WebPage","@id":"https:\/\/www.thebestsocial.media\/de\/besinnliches-gefresse-12-posts-ueber-die-weihnachtsfeiertage\/","url":"https:\/\/www.thebestsocial.media\/de\/besinnliches-gefresse-12-posts-ueber-die-weihnachtsfeiertage\/","name":"Besinnliches Gefresse: 12 Posts \u00fcber die Weihnachtsfeiertage","isPartOf":{"@id":"https:\/\/www.thebestsocial.media\/de\/#website"},"primaryImageOfPage":{"@id":"https:\/\/www.thebestsocial.media\/de\/besinnliches-gefresse-12-posts-ueber-die-weihnachtsfeiertage\/#primaryimage"},"image":{"@id":"https:\/\/www.thebestsocial.media\/de\/besinnliches-gefresse-12-posts-ueber-die-weihnachtsfeiertage\/#primaryimage"},"thumbnailUrl":"https:\/\/www.thebestsocial.media\/de\/wp-content\/uploads\/sites\/3\/2022\/12\/pexels-kristina-paukshtite-3444345-scaled.jpg","datePublished":"2022-12-14T16:27:23+00:00","author":{"@id":"https:\/\/www.thebestsocial.media\/de\/#\/schema\/person\/e2cd306c885c9cc48e5ea47d563cab08"},"breadcrumb":{"@id":"https:\/\/www.thebestsocial.media\/de\/besinnliches-gefresse-12-posts-ueber-die-weihnachtsfeiertage\/#breadcrumb"},"inLanguage":"de","potentialAction":[{"@type":"ReadAction","target":["https:\/\/www.thebestsocial.media\/de\/besinnliches-gefresse-12-posts-ueber-die-weihnachtsfeiertage\/"]}]},{"@type":"ImageObject","inLanguage":"de","@id":"https:\/\/www.thebestsocial.media\/de\/besinnliches-gefresse-12-posts-ueber-die-weihnachtsfeiertage\/#primaryimage","url":"https:\/\/www.thebestsocial.media\/de\/wp-content\/uploads\/sites\/3\/2022\/12\/pexels-kristina-paukshtite-3444345-scaled.jpg","contentUrl":"https:\/\/www.thebestsocial.media\/de\/wp-content\/uploads\/sites\/3\/2022\/12\/pexels-kristina-paukshtite-3444345-scaled.jpg","width":1707,"height":2560},{"@type":"BreadcrumbList","@id":"https:\/\/www.thebestsocial.media\/de\/besinnliches-gefresse-12-posts-ueber-die-weihnachtsfeiertage\/#breadcrumb","itemListElement":[{"@type":"ListItem","position":1,"name":"Home","item":"https:\/\/www.thebestsocial.media\/de\/"},{"@type":"ListItem","position":2,"name":"Besinnliches Gefresse: 12 Posts \u00fcber die Weihnachtsfeiertage"}]},{"@type":"WebSite","@id":"https:\/\/www.thebestsocial.media\/de\/#website","url":"https:\/\/www.thebestsocial.media\/de\/","name":"The Best Social Media DE","description":"","potentialAction":[{"@type":"SearchAction","target":{"@type":"EntryPoint","urlTemplate":"https:\/\/www.thebestsocial.media\/de\/?s={search_term_string}"},"query-input":{"@type":"PropertyValueSpecification","valueRequired":true,"valueName":"search_term_string"}}],"inLanguage":"de"},{"@type":"Person","@id":"https:\/\/www.thebestsocial.media\/de\/#\/schema\/person\/e2cd306c885c9cc48e5ea47d563cab08","name":"Cristina","image":{"@type":"ImageObject","inLanguage":"de","@id":"https:\/\/secure.gravatar.com\/avatar\/17a11569f2998e9b40ff4c98ab0851ddd1dd35595a21590f554e022bed21c0c4?s=96&d=mm&r=g","url":"https:\/\/secure.gravatar.com\/avatar\/17a11569f2998e9b40ff4c98ab0851ddd1dd35595a21590f554e022bed21c0c4?s=96&d=mm&r=g","contentUrl":"https:\/\/secure.gravatar.com\/avatar\/17a11569f2998e9b40ff4c98ab0851ddd1dd35595a21590f554e022bed21c0c4?s=96&d=mm&r=g","caption":"Cristina"},"url":"https:\/\/www.thebestsocial.media\/de\/author\/cristina\/"}]}},"amp_enabled":true,"_links":{"self":[{"href":"https:\/\/www.thebestsocial.media\/de\/wp-json\/wp\/v2\/posts\/171490","targetHints":{"allow":["GET"]}}],"collection":[{"href":"https:\/\/www.thebestsocial.media\/de\/wp-json\/wp\/v2\/posts"}],"about":[{"href":"https:\/\/www.thebestsocial.media\/de\/wp-json\/wp\/v2\/types\/post"}],"author":[{"embeddable":true,"href":"https:\/\/www.thebestsocial.media\/de\/wp-json\/wp\/v2\/users\/97"}],"replies":[{"embeddable":true,"href":"https:\/\/www.thebestsocial.media\/de\/wp-json\/wp\/v2\/comments?post=171490"}],"version-history":[{"count":3,"href":"https:\/\/www.thebestsocial.media\/de\/wp-json\/wp\/v2\/posts\/171490\/revisions"}],"predecessor-version":[{"id":171589,"href":"https:\/\/www.thebestsocial.media\/de\/wp-json\/wp\/v2\/posts\/171490\/revisions\/171589"}],"wp:featuredmedia":[{"embeddable":true,"href":"https:\/\/www.thebestsocial.media\/de\/wp-json\/wp\/v2\/media\/171491"}],"wp:attachment":[{"href":"https:\/\/www.thebestsocial.media\/de\/wp-json\/wp\/v2\/media?parent=171490"}],"wp:term":[{"taxonomy":"category","embeddable":true,"href":"https:\/\/www.thebestsocial.media\/de\/wp-json\/wp\/v2\/categories?post=171490"},{"taxonomy":"post_tag","embeddable":true,"href":"https:\/\/www.thebestsocial.media\/de\/wp-json\/wp\/v2\/tags?post=171490"}],"curies":[{"name":"wp","href":"https:\/\/api.w.org\/{rel}","templated":true}]}}