{"id":170558,"date":"2022-12-02T16:50:54","date_gmt":"2022-12-02T16:50:54","guid":{"rendered":"https:\/\/www.thebestsocial.media\/de\/?p=170558"},"modified":"2022-12-02T16:50:54","modified_gmt":"2022-12-02T16:50:54","slug":"das-leben-mit-toechtern","status":"publish","type":"post","link":"https:\/\/www.thebestsocial.media\/de\/das-leben-mit-toechtern\/","title":{"rendered":"&#8222;Du tr\u00e4gst meinen Pulli!&#8220; &#8211; 10 Tweets \u00fcber das Leben mit T\u00f6chtern"},"content":{"rendered":"<p>Klamotten, Schminke und Jungs. Ungef\u00e4hr so stellen sich die meisten das Leben mit T\u00f6chtern vor. Diese Dinge werden irgendwann auch Thema, aber ganz so schlimm, wie die meisten sich das ausmalen ist es nicht. Zugegeben, manchmal kann es laut und chaotisch werden, Tr\u00e4nen flie\u00dfen oder es wird lautstark gestritten anstatt sich wie (zumeist nur) die Jungs zu kloppen:<\/p>\n<p>&nbsp;<\/p>\n<h3>Drei M\u00e4dels, er verdient einen Orden!<\/h3>\n<blockquote class=\"twitter-tweet\">\n<p dir=\"ltr\" lang=\"de\">Die Nachbarn (Vater, Mutter und zwei Teenie-T\u00f6chter) sind gerade aus dem Urlaub zur\u00fcck gekommen.<\/p>\n<p>Mutter: &#8222;Matthias, willst du nicht aussteigen?&#8220;<\/p>\n<p>Vater: &#8222;Geht doch schon mal rein, ich fahre jetzt noch mal los, ne Woche Urlaub machen.&#8220;<\/p>\n<p>Mein Held.<\/p>\n<p>\u2014 Mini Mini &#8218;and\u0250\u02cc\u02c8kav\u0250&#8216; (@_andakawer) <a href=\"https:\/\/twitter.com\/_andakawer\/status\/1023984401280065537?ref_src=twsrc%5Etfw\">July 30, 2018<\/a><\/p><\/blockquote>\n<p><script async src=\"https:\/\/platform.twitter.com\/widgets.js\" charset=\"utf-8\"><\/script><\/p>\n<p>&nbsp;<\/p>\n<h3>\u00dcberall dasselbe Streitthema:<\/h3>\n<blockquote class=\"twitter-tweet\">\n<p dir=\"ltr\" lang=\"de\">20 Jahre altes Polaroid im Familienchat f\u00fchrte zu Streit mit meiner Schwester. Ich tr\u00fcge ihren Pulli.<br \/>\nAlle meine T\u00f6chter interessiert das.<\/p>\n<p>\u2014 Teresa van de Kowski (@KleineHyaene) <a href=\"https:\/\/twitter.com\/KleineHyaene\/status\/922540999783669760?ref_src=twsrc%5Etfw\">October 23, 2017<\/a><\/p><\/blockquote>\n<p><script async src=\"https:\/\/platform.twitter.com\/widgets.js\" charset=\"utf-8\"><\/script><\/p>\n<p>&nbsp;<\/p>\n<h3>Die M\u00e4dels wissen, was sie wollen:<\/h3>\n<blockquote class=\"twitter-tweet\">\n<p dir=\"ltr\" lang=\"de\">Die T\u00f6chter (fast 8) streiten laut miteinander. Ich will schlichtend eingreifen. K1: &#8218;Mama, das ist nicht deine Beziehung und nicht dein Streit, bitte halte dich raus!&#8216;<\/p>\n<p>Pfff. Gehe ich halt Kekse essen.<\/p>\n<p>\u2014 Wunschkind-Blog (@gewuenschkind) <a href=\"https:\/\/twitter.com\/gewuenschkind\/status\/974248901468475392?ref_src=twsrc%5Etfw\">March 15, 2018<\/a><\/p><\/blockquote>\n<p><script async src=\"https:\/\/platform.twitter.com\/widgets.js\" charset=\"utf-8\"><\/script><\/p>\n<p>&nbsp;<\/p>\n<h3>V\u00e4ter&#8230;<\/h3>\n<blockquote class=\"twitter-tweet\">\n<p dir=\"ltr\" lang=\"de\">Zur Konfirmation, als V\u00e4ter vor der Kirche ihre T\u00f6chter umarmten um ihnen kluge und richtungsweisende Worte mit auf den Weg zu geben sagte Meiner:<\/p>\n<p>&#8222;Du wirst einen Mann mal sehr sehr arm machen, kleine Fress-Else.&#8220;<\/p>\n<p>\u2014 Schmag\u00fclzchen (@MissSchmaguelze) <a href=\"https:\/\/twitter.com\/MissSchmaguelze\/status\/938859429734371328?ref_src=twsrc%5Etfw\">December 7, 2017<\/a><\/p><\/blockquote>\n<p><script async src=\"https:\/\/platform.twitter.com\/widgets.js\" charset=\"utf-8\"><\/script><\/p>\n<p>&nbsp;<\/p>\n<h3>&#8230;daf\u00fcr lesen sie einem jeden Wunsch von den Augen ab!<\/h3>\n<blockquote class=\"twitter-tweet\">\n<p dir=\"ltr\" lang=\"de\">Nur mit Kindertr\u00e4umen kann man Gro\u00dfes schaffen<\/p>\n<p>Das mobile Gem\u00fcsebeet, das sich meine T\u00f6chter (8+12) gew\u00fcnscht haben ist fertig <a href=\"https:\/\/t.co\/mVqlhcd0Al\">pic.twitter.com\/mVqlhcd0Al<\/a><\/p>\n<p>\u2014 Kreativflieger (@zeichnet_murks) <a href=\"https:\/\/twitter.com\/zeichnet_murks\/status\/866295149047021570?ref_src=twsrc%5Etfw\">May 21, 2017<\/a><\/p><\/blockquote>\n<p><script async src=\"https:\/\/platform.twitter.com\/widgets.js\" charset=\"utf-8\"><\/script><\/p>\n<p>&nbsp;<\/p>\n<h3>Die d\u00fcrfen sich warm anziehen:<\/h3>\n<p><iframe loading=\"lazy\" src=\"\/tiktok-cache\/7163341853486632235\/d830b2d13923ef323a21faffa55e53f695d01b0a785c77f6e558424e\" width=\"623\" height=\"1108\" style=\"border:0; height:90vh; width:50.625000vh;\" scrolling=\"no\"><\/iframe><\/p>\n<p>&nbsp;<\/p>\n<h3>Als w\u00e4r das was schlimmes&#8230;<\/h3>\n<blockquote class=\"twitter-tweet\">\n<p dir=\"ltr\" lang=\"de\">\u201cWas? Drei T\u00f6chter? Es ist die Atemtechnik unter den Wehen! Meine Frau konnte das richtig und hat S\u00f6hne geboren!\u201c<\/p>\n<p>Ich glaub, jetzt hab ich alle Theorien zusammen, warum ich T\u00f6chter habe.<\/p>\n<p>\u2014 Jenna (@Dunk3lh3rz) <a href=\"https:\/\/twitter.com\/Dunk3lh3rz\/status\/1012224634702520320?ref_src=twsrc%5Etfw\">June 28, 2018<\/a><\/p><\/blockquote>\n<p><script async src=\"https:\/\/platform.twitter.com\/widgets.js\" charset=\"utf-8\"><\/script><\/p>\n<p>&nbsp;<\/p>\n<h3>Qualit\u00e4t hat ihren Preis!<\/h3>\n<blockquote class=\"twitter-tweet\">\n<p dir=\"ltr\" lang=\"de\">Im Tante Emma Laden der T\u00f6chter kostet ein Apfel 4.-, eine Salami 20.- und f\u00fcr 14.- bekommt man Kakaopulver.<\/p>\n<p>Eindeutig Schweizer Kinder!<\/p>\n<p>\u2014 \u0166\u042f\u039bUV\u039b\u041bS\u039bSS (@FrauVanSass) <a href=\"https:\/\/twitter.com\/FrauVanSass\/status\/925702777644486656?ref_src=twsrc%5Etfw\">November 1, 2017<\/a><\/p><\/blockquote>\n<p><script async src=\"https:\/\/platform.twitter.com\/widgets.js\" charset=\"utf-8\"><\/script><\/p>\n<p>&nbsp;<\/p>\n<h3>Komisch, dass ihm die Stille im Auto nicht aufgefallen ist:<\/h3>\n<blockquote class=\"twitter-tweet\">\n<p dir=\"ltr\" lang=\"de\">Der Vater, der seine T\u00f6chter an der Rastst\u00e4tte verga\u00df und es 150 km lang nicht merkte ist mein Held in Sachen \u201eden Alltag hinter sich lassen\u201c \ud83d\ude0d.<\/p>\n<p>\u2014 Lilli Marlene (@MarleneHellene) <a href=\"https:\/\/twitter.com\/MarleneHellene\/status\/981049687468904448?ref_src=twsrc%5Etfw\">April 3, 2018<\/a><\/p><\/blockquote>\n<p><script async src=\"https:\/\/platform.twitter.com\/widgets.js\" charset=\"utf-8\"><\/script><\/p>\n<p>&nbsp;<\/p>\n<h3>Aber alles in allem:<\/h3>\n<blockquote class=\"twitter-tweet\">\n<p dir=\"ltr\" lang=\"de\">\u00bbPapa, Du bist ein lieber Papa.\u00ab<\/p>\n<p>\u00bbUnd Du bist eine wundervolle Tochter.\u00ab<\/p>\n<p>\u00bbJa, das bin ich! Da haben wir beide aber Gl\u00fcck gehabt, oder?!\u00ab<\/p>\n<p>\u2014 HerrBalsam@mastodon.social (@HerrBalsam) <a href=\"https:\/\/twitter.com\/HerrBalsam\/status\/841659323432488960?ref_src=twsrc%5Etfw\">March 14, 2017<\/a><\/p><\/blockquote>\n<p><script async src=\"https:\/\/platform.twitter.com\/widgets.js\" charset=\"utf-8\"><\/script><\/p>\n<p>&nbsp;<\/p>\n<p>&nbsp;<\/p>\n<p><strong>___<\/strong><br \/>\n<strong>Vielen Dank an alle f\u00fcr die Posts!<\/strong><br \/>\n<strong>___<\/strong><\/p>\n<p>Achtung! Freelance Community Manager (m\/w\/d) gesucht!\u00a0<a href=\"https:\/\/www.thebestsocialjobs.com\/de\/stelle\/freelance-community-manager-german-speaking\/\" target=\"_blank\" rel=\"noopener\">Hier entlang<\/a>, bitte.<\/p>\n<p>&nbsp;<\/p>\n","protected":false},"excerpt":{"rendered":"<p>Klamotten, Schminke und Jungs. Ungef\u00e4hr so stellen sich die meisten das Leben mit T\u00f6chtern vor. Diese Dinge werden irgendwann auch Thema, aber ganz so schlimm,&#8230;<\/p>\n","protected":false},"author":104,"featured_media":170572,"comment_status":"open","ping_status":"open","sticky":false,"template":"","format":"standard","meta":{"_acf_changed":false,"footnotes":""},"categories":[106,11],"tags":[656,1039,3266],"class_list":["post-170558","post","type-post","status-publish","format-standard","has-post-thumbnail","hentry","category-best-of","category-creative-content","tag-familie","tag-kinder","tag-tochter"],"acf":[],"yoast_head":"<!-- This site is optimized with the Yoast SEO plugin v27.4 - https:\/\/yoast.com\/product\/yoast-seo-wordpress\/ -->\n<title>&quot;Du tr\u00e4gst meinen Pulli!&quot; - 10 Tweets \u00fcber das Leben mit T\u00f6chtern<\/title>\n<meta name=\"description\" content=\"Zugegeben, manchmal kann es laut und chaotisch werden, Tr\u00e4nen flie\u00dfen oder es wird lautstark gestritten. Tweets \u00fcber das Leben mit T\u00f6chtern.\" \/>\n<meta name=\"robots\" content=\"index, follow, max-snippet:-1, max-image-preview:large, max-video-preview:-1\" \/>\n<link rel=\"canonical\" href=\"https:\/\/www.thebestsocial.media\/de\/das-leben-mit-toechtern\/\" \/>\n<meta property=\"og:locale\" content=\"de_DE\" \/>\n<meta property=\"og:type\" content=\"article\" \/>\n<meta property=\"og:title\" content=\"&quot;Du tr\u00e4gst meinen Pulli!&quot; - 10 Tweets \u00fcber das Leben mit T\u00f6chtern\" \/>\n<meta property=\"og:description\" content=\"Zugegeben, manchmal kann es laut und chaotisch werden, Tr\u00e4nen flie\u00dfen oder es wird lautstark gestritten. Tweets \u00fcber das Leben mit T\u00f6chtern.\" \/>\n<meta property=\"og:url\" content=\"https:\/\/www.thebestsocial.media\/de\/das-leben-mit-toechtern\/\" \/>\n<meta property=\"og:site_name\" content=\"The Best Social Media DE\" \/>\n<meta property=\"article:published_time\" content=\"2022-12-02T16:50:54+00:00\" \/>\n<meta property=\"og:image\" content=\"https:\/\/www.thebestsocial.media\/de\/wp-content\/uploads\/sites\/3\/2022\/11\/header-toechter.png\" \/>\n\t<meta property=\"og:image:width\" content=\"1200\" \/>\n\t<meta property=\"og:image:height\" content=\"630\" \/>\n\t<meta property=\"og:image:type\" content=\"image\/png\" \/>\n<meta name=\"author\" content=\"Lea\" \/>\n<meta name=\"twitter:card\" content=\"summary_large_image\" \/>\n<meta name=\"twitter:label1\" content=\"Verfasst von\" \/>\n\t<meta name=\"twitter:data1\" content=\"Lea\" \/>\n\t<meta name=\"twitter:label2\" content=\"Gesch\u00e4tzte Lesezeit\" \/>\n\t<meta name=\"twitter:data2\" content=\"3\u00a0Minuten\" \/>\n<script type=\"application\/ld+json\" class=\"yoast-schema-graph\">{\"@context\":\"https:\\\/\\\/schema.org\",\"@graph\":[{\"@type\":\"Article\",\"@id\":\"https:\\\/\\\/www.thebestsocial.media\\\/de\\\/das-leben-mit-toechtern\\\/#article\",\"isPartOf\":{\"@id\":\"https:\\\/\\\/www.thebestsocial.media\\\/de\\\/das-leben-mit-toechtern\\\/\"},\"author\":{\"name\":\"Lea\",\"@id\":\"https:\\\/\\\/www.thebestsocial.media\\\/de\\\/#\\\/schema\\\/person\\\/bb9d89d5ad944f3bb530722c8914ad89\"},\"headline\":\"&#8222;Du tr\u00e4gst meinen Pulli!&#8220; &#8211; 10 Tweets \u00fcber das Leben mit T\u00f6chtern\",\"datePublished\":\"2022-12-02T16:50:54+00:00\",\"mainEntityOfPage\":{\"@id\":\"https:\\\/\\\/www.thebestsocial.media\\\/de\\\/das-leben-mit-toechtern\\\/\"},\"wordCount\":505,\"commentCount\":0,\"image\":{\"@id\":\"https:\\\/\\\/www.thebestsocial.media\\\/de\\\/das-leben-mit-toechtern\\\/#primaryimage\"},\"thumbnailUrl\":\"https:\\\/\\\/www.thebestsocial.media\\\/de\\\/wp-content\\\/uploads\\\/sites\\\/3\\\/2022\\\/11\\\/child-gb4099f41b_1920.jpg\",\"keywords\":[\"familie\",\"Kinder\",\"Tochter\"],\"articleSection\":[\"Best of\",\"Creative Content\"],\"inLanguage\":\"de\",\"potentialAction\":[{\"@type\":\"CommentAction\",\"name\":\"Comment\",\"target\":[\"https:\\\/\\\/www.thebestsocial.media\\\/de\\\/das-leben-mit-toechtern\\\/#respond\"]}]},{\"@type\":\"WebPage\",\"@id\":\"https:\\\/\\\/www.thebestsocial.media\\\/de\\\/das-leben-mit-toechtern\\\/\",\"url\":\"https:\\\/\\\/www.thebestsocial.media\\\/de\\\/das-leben-mit-toechtern\\\/\",\"name\":\"\\\"Du tr\u00e4gst meinen Pulli!\\\" - 10 Tweets \u00fcber das Leben mit T\u00f6chtern\",\"isPartOf\":{\"@id\":\"https:\\\/\\\/www.thebestsocial.media\\\/de\\\/#website\"},\"primaryImageOfPage\":{\"@id\":\"https:\\\/\\\/www.thebestsocial.media\\\/de\\\/das-leben-mit-toechtern\\\/#primaryimage\"},\"image\":{\"@id\":\"https:\\\/\\\/www.thebestsocial.media\\\/de\\\/das-leben-mit-toechtern\\\/#primaryimage\"},\"thumbnailUrl\":\"https:\\\/\\\/www.thebestsocial.media\\\/de\\\/wp-content\\\/uploads\\\/sites\\\/3\\\/2022\\\/11\\\/child-gb4099f41b_1920.jpg\",\"datePublished\":\"2022-12-02T16:50:54+00:00\",\"author\":{\"@id\":\"https:\\\/\\\/www.thebestsocial.media\\\/de\\\/#\\\/schema\\\/person\\\/bb9d89d5ad944f3bb530722c8914ad89\"},\"description\":\"Zugegeben, manchmal kann es laut und chaotisch werden, Tr\u00e4nen flie\u00dfen oder es wird lautstark gestritten. Tweets \u00fcber das Leben mit T\u00f6chtern.\",\"breadcrumb\":{\"@id\":\"https:\\\/\\\/www.thebestsocial.media\\\/de\\\/das-leben-mit-toechtern\\\/#breadcrumb\"},\"inLanguage\":\"de\",\"potentialAction\":[{\"@type\":\"ReadAction\",\"target\":[\"https:\\\/\\\/www.thebestsocial.media\\\/de\\\/das-leben-mit-toechtern\\\/\"]}]},{\"@type\":\"ImageObject\",\"inLanguage\":\"de\",\"@id\":\"https:\\\/\\\/www.thebestsocial.media\\\/de\\\/das-leben-mit-toechtern\\\/#primaryimage\",\"url\":\"https:\\\/\\\/www.thebestsocial.media\\\/de\\\/wp-content\\\/uploads\\\/sites\\\/3\\\/2022\\\/11\\\/child-gb4099f41b_1920.jpg\",\"contentUrl\":\"https:\\\/\\\/www.thebestsocial.media\\\/de\\\/wp-content\\\/uploads\\\/sites\\\/3\\\/2022\\\/11\\\/child-gb4099f41b_1920.jpg\",\"width\":1920,\"height\":1282},{\"@type\":\"BreadcrumbList\",\"@id\":\"https:\\\/\\\/www.thebestsocial.media\\\/de\\\/das-leben-mit-toechtern\\\/#breadcrumb\",\"itemListElement\":[{\"@type\":\"ListItem\",\"position\":1,\"name\":\"Home\",\"item\":\"https:\\\/\\\/www.thebestsocial.media\\\/de\\\/\"},{\"@type\":\"ListItem\",\"position\":2,\"name\":\"&#8222;Du tr\u00e4gst meinen Pulli!&#8220; &#8211; 10 Tweets \u00fcber das Leben mit T\u00f6chtern\"}]},{\"@type\":\"WebSite\",\"@id\":\"https:\\\/\\\/www.thebestsocial.media\\\/de\\\/#website\",\"url\":\"https:\\\/\\\/www.thebestsocial.media\\\/de\\\/\",\"name\":\"The Best Social Media DE\",\"description\":\"\",\"potentialAction\":[{\"@type\":\"SearchAction\",\"target\":{\"@type\":\"EntryPoint\",\"urlTemplate\":\"https:\\\/\\\/www.thebestsocial.media\\\/de\\\/?s={search_term_string}\"},\"query-input\":{\"@type\":\"PropertyValueSpecification\",\"valueRequired\":true,\"valueName\":\"search_term_string\"}}],\"inLanguage\":\"de\"},{\"@type\":\"Person\",\"@id\":\"https:\\\/\\\/www.thebestsocial.media\\\/de\\\/#\\\/schema\\\/person\\\/bb9d89d5ad944f3bb530722c8914ad89\",\"name\":\"Lea\",\"image\":{\"@type\":\"ImageObject\",\"inLanguage\":\"de\",\"@id\":\"https:\\\/\\\/secure.gravatar.com\\\/avatar\\\/572526d0641f829a52d7692ed43a20d1f02796367e1eea965858d2d2787f4c33?s=96&d=mm&r=g\",\"url\":\"https:\\\/\\\/secure.gravatar.com\\\/avatar\\\/572526d0641f829a52d7692ed43a20d1f02796367e1eea965858d2d2787f4c33?s=96&d=mm&r=g\",\"contentUrl\":\"https:\\\/\\\/secure.gravatar.com\\\/avatar\\\/572526d0641f829a52d7692ed43a20d1f02796367e1eea965858d2d2787f4c33?s=96&d=mm&r=g\",\"caption\":\"Lea\"},\"url\":\"https:\\\/\\\/www.thebestsocial.media\\\/de\\\/author\\\/leascheel\\\/\"}]}<\/script>\n<!-- \/ Yoast SEO plugin. -->","yoast_head_json":{"title":"\"Du tr\u00e4gst meinen Pulli!\" - 10 Tweets \u00fcber das Leben mit T\u00f6chtern","description":"Zugegeben, manchmal kann es laut und chaotisch werden, Tr\u00e4nen flie\u00dfen oder es wird lautstark gestritten. Tweets \u00fcber das Leben mit T\u00f6chtern.","robots":{"index":"index","follow":"follow","max-snippet":"max-snippet:-1","max-image-preview":"max-image-preview:large","max-video-preview":"max-video-preview:-1"},"canonical":"https:\/\/www.thebestsocial.media\/de\/das-leben-mit-toechtern\/","og_locale":"de_DE","og_type":"article","og_title":"\"Du tr\u00e4gst meinen Pulli!\" - 10 Tweets \u00fcber das Leben mit T\u00f6chtern","og_description":"Zugegeben, manchmal kann es laut und chaotisch werden, Tr\u00e4nen flie\u00dfen oder es wird lautstark gestritten. Tweets \u00fcber das Leben mit T\u00f6chtern.","og_url":"https:\/\/www.thebestsocial.media\/de\/das-leben-mit-toechtern\/","og_site_name":"The Best Social Media DE","article_published_time":"2022-12-02T16:50:54+00:00","og_image":[{"width":1200,"height":630,"url":"https:\/\/www.thebestsocial.media\/de\/wp-content\/uploads\/sites\/3\/2022\/11\/header-toechter.png","type":"image\/png"}],"author":"Lea","twitter_card":"summary_large_image","twitter_misc":{"Verfasst von":"Lea","Gesch\u00e4tzte Lesezeit":"3\u00a0Minuten"},"schema":{"@context":"https:\/\/schema.org","@graph":[{"@type":"Article","@id":"https:\/\/www.thebestsocial.media\/de\/das-leben-mit-toechtern\/#article","isPartOf":{"@id":"https:\/\/www.thebestsocial.media\/de\/das-leben-mit-toechtern\/"},"author":{"name":"Lea","@id":"https:\/\/www.thebestsocial.media\/de\/#\/schema\/person\/bb9d89d5ad944f3bb530722c8914ad89"},"headline":"&#8222;Du tr\u00e4gst meinen Pulli!&#8220; &#8211; 10 Tweets \u00fcber das Leben mit T\u00f6chtern","datePublished":"2022-12-02T16:50:54+00:00","mainEntityOfPage":{"@id":"https:\/\/www.thebestsocial.media\/de\/das-leben-mit-toechtern\/"},"wordCount":505,"commentCount":0,"image":{"@id":"https:\/\/www.thebestsocial.media\/de\/das-leben-mit-toechtern\/#primaryimage"},"thumbnailUrl":"https:\/\/www.thebestsocial.media\/de\/wp-content\/uploads\/sites\/3\/2022\/11\/child-gb4099f41b_1920.jpg","keywords":["familie","Kinder","Tochter"],"articleSection":["Best of","Creative Content"],"inLanguage":"de","potentialAction":[{"@type":"CommentAction","name":"Comment","target":["https:\/\/www.thebestsocial.media\/de\/das-leben-mit-toechtern\/#respond"]}]},{"@type":"WebPage","@id":"https:\/\/www.thebestsocial.media\/de\/das-leben-mit-toechtern\/","url":"https:\/\/www.thebestsocial.media\/de\/das-leben-mit-toechtern\/","name":"\"Du tr\u00e4gst meinen Pulli!\" - 10 Tweets \u00fcber das Leben mit T\u00f6chtern","isPartOf":{"@id":"https:\/\/www.thebestsocial.media\/de\/#website"},"primaryImageOfPage":{"@id":"https:\/\/www.thebestsocial.media\/de\/das-leben-mit-toechtern\/#primaryimage"},"image":{"@id":"https:\/\/www.thebestsocial.media\/de\/das-leben-mit-toechtern\/#primaryimage"},"thumbnailUrl":"https:\/\/www.thebestsocial.media\/de\/wp-content\/uploads\/sites\/3\/2022\/11\/child-gb4099f41b_1920.jpg","datePublished":"2022-12-02T16:50:54+00:00","author":{"@id":"https:\/\/www.thebestsocial.media\/de\/#\/schema\/person\/bb9d89d5ad944f3bb530722c8914ad89"},"description":"Zugegeben, manchmal kann es laut und chaotisch werden, Tr\u00e4nen flie\u00dfen oder es wird lautstark gestritten. Tweets \u00fcber das Leben mit T\u00f6chtern.","breadcrumb":{"@id":"https:\/\/www.thebestsocial.media\/de\/das-leben-mit-toechtern\/#breadcrumb"},"inLanguage":"de","potentialAction":[{"@type":"ReadAction","target":["https:\/\/www.thebestsocial.media\/de\/das-leben-mit-toechtern\/"]}]},{"@type":"ImageObject","inLanguage":"de","@id":"https:\/\/www.thebestsocial.media\/de\/das-leben-mit-toechtern\/#primaryimage","url":"https:\/\/www.thebestsocial.media\/de\/wp-content\/uploads\/sites\/3\/2022\/11\/child-gb4099f41b_1920.jpg","contentUrl":"https:\/\/www.thebestsocial.media\/de\/wp-content\/uploads\/sites\/3\/2022\/11\/child-gb4099f41b_1920.jpg","width":1920,"height":1282},{"@type":"BreadcrumbList","@id":"https:\/\/www.thebestsocial.media\/de\/das-leben-mit-toechtern\/#breadcrumb","itemListElement":[{"@type":"ListItem","position":1,"name":"Home","item":"https:\/\/www.thebestsocial.media\/de\/"},{"@type":"ListItem","position":2,"name":"&#8222;Du tr\u00e4gst meinen Pulli!&#8220; &#8211; 10 Tweets \u00fcber das Leben mit T\u00f6chtern"}]},{"@type":"WebSite","@id":"https:\/\/www.thebestsocial.media\/de\/#website","url":"https:\/\/www.thebestsocial.media\/de\/","name":"The Best Social Media DE","description":"","potentialAction":[{"@type":"SearchAction","target":{"@type":"EntryPoint","urlTemplate":"https:\/\/www.thebestsocial.media\/de\/?s={search_term_string}"},"query-input":{"@type":"PropertyValueSpecification","valueRequired":true,"valueName":"search_term_string"}}],"inLanguage":"de"},{"@type":"Person","@id":"https:\/\/www.thebestsocial.media\/de\/#\/schema\/person\/bb9d89d5ad944f3bb530722c8914ad89","name":"Lea","image":{"@type":"ImageObject","inLanguage":"de","@id":"https:\/\/secure.gravatar.com\/avatar\/572526d0641f829a52d7692ed43a20d1f02796367e1eea965858d2d2787f4c33?s=96&d=mm&r=g","url":"https:\/\/secure.gravatar.com\/avatar\/572526d0641f829a52d7692ed43a20d1f02796367e1eea965858d2d2787f4c33?s=96&d=mm&r=g","contentUrl":"https:\/\/secure.gravatar.com\/avatar\/572526d0641f829a52d7692ed43a20d1f02796367e1eea965858d2d2787f4c33?s=96&d=mm&r=g","caption":"Lea"},"url":"https:\/\/www.thebestsocial.media\/de\/author\/leascheel\/"}]}},"amp_enabled":true,"_links":{"self":[{"href":"https:\/\/www.thebestsocial.media\/de\/wp-json\/wp\/v2\/posts\/170558","targetHints":{"allow":["GET"]}}],"collection":[{"href":"https:\/\/www.thebestsocial.media\/de\/wp-json\/wp\/v2\/posts"}],"about":[{"href":"https:\/\/www.thebestsocial.media\/de\/wp-json\/wp\/v2\/types\/post"}],"author":[{"embeddable":true,"href":"https:\/\/www.thebestsocial.media\/de\/wp-json\/wp\/v2\/users\/104"}],"replies":[{"embeddable":true,"href":"https:\/\/www.thebestsocial.media\/de\/wp-json\/wp\/v2\/comments?post=170558"}],"version-history":[{"count":12,"href":"https:\/\/www.thebestsocial.media\/de\/wp-json\/wp\/v2\/posts\/170558\/revisions"}],"predecessor-version":[{"id":170947,"href":"https:\/\/www.thebestsocial.media\/de\/wp-json\/wp\/v2\/posts\/170558\/revisions\/170947"}],"wp:featuredmedia":[{"embeddable":true,"href":"https:\/\/www.thebestsocial.media\/de\/wp-json\/wp\/v2\/media\/170572"}],"wp:attachment":[{"href":"https:\/\/www.thebestsocial.media\/de\/wp-json\/wp\/v2\/media?parent=170558"}],"wp:term":[{"taxonomy":"category","embeddable":true,"href":"https:\/\/www.thebestsocial.media\/de\/wp-json\/wp\/v2\/categories?post=170558"},{"taxonomy":"post_tag","embeddable":true,"href":"https:\/\/www.thebestsocial.media\/de\/wp-json\/wp\/v2\/tags?post=170558"}],"curies":[{"name":"wp","href":"https:\/\/api.w.org\/{rel}","templated":true}]}}