{"id":169831,"date":"2022-11-18T11:20:44","date_gmt":"2022-11-18T11:20:44","guid":{"rendered":"https:\/\/www.thebestsocial.media\/de\/?p=169831"},"modified":"2022-11-18T11:20:44","modified_gmt":"2022-11-18T11:20:44","slug":"endzeitstimmung-auf-twitter","status":"publish","type":"post","link":"https:\/\/www.thebestsocial.media\/de\/endzeitstimmung-auf-twitter\/","title":{"rendered":"Endzeitstimmung auf Twitter &#8211; Steht wirklich das Ende der Plattform bevor?"},"content":{"rendered":"<p>Seit Elon Musk Twitter gekauft hat, geht es auf der Plattform ziemlich turbulent zu. Normale User verifizierten sich pl\u00f6tzlich als Person des \u00f6ffentlichen Lebens (beispielsweise Elon Musk selbst) oder als Firma. Den blauen Haken, der hier f\u00fcr Orientierung sorgte und offizielle Seiten von Firmen, Politikern, Journalisten etc. kennzeichnete, stand n\u00e4mlich pl\u00f6tzlich jedem zur Verf\u00fcgung, der bereit war, daf\u00fcr 8$\/Monat zu zahlen. Auch der Versuch, diese Verwirrung durch einen <em>zweiten<\/em> Haken aufzuheben, hatte nur m\u00e4\u00dfigen Erfolg und wurde schnell wieder eingestellt. Immer wieder dringen Informationen \u00fcber Elon Musks Umgang mit den Twitter-Angestellten an die \u00d6ffentlichkeit und zeichnen ein Bild von einem eher stressigen und unangenehmen Arbeitsklima. <strong>Zuletzt sendete Musk (oder wie man ihn auf Twitter gerade vor allem nennt: &#8222;Space Karen&#8220;) eine E-Mail mit einem Ultimatum an das gesamte Team. Sie k\u00f6nnten sich entweder entscheiden, &#8222;hardcore&#8220; f\u00fcr ein &#8222;Twitter 2.0&#8220; zu arbeiten, oder die Firma verlassen. Wie es nun aussieht, haben sich gef\u00e4hrlich viele f\u00fcr letztere Option entschieden. Und das sorgt auf der Plattform nun f\u00fcr ziemliche Endzeitstimmung. Unter Hashtags wie &#8222;RIPTwitter&#8220;und &#8222;GoodbyeTwitter&#8220; liest man unter anderem folgendes&#8230;<\/strong><\/p>\n<p>&nbsp;<\/p>\n<h3>H\u00e4tte man ja nicht ahnen k\u00f6nnen&#8230;<\/h3>\n<blockquote class=\"twitter-tweet\">\n<p dir=\"ltr\" lang=\"de\">Space Karen hat sich mit seinem Ultimatum also ins eigene Bein geschossen.<\/p>\n<p>Musk will einen Twitter 2.0-Kult, wie bei Tesla und SpaceX, aber viele Angestellte haben keine Lust 80 Stunden in der Woche zu arbeiten, nur damit Elmo noch reicher wird.<a href=\"https:\/\/twitter.com\/hashtag\/RIPTwitter?src=hash&amp;ref_src=twsrc%5Etfw\">#RIPTwitter<\/a><\/p>\n<p>\u2014 Blake (@BlakesWort) <a href=\"https:\/\/twitter.com\/BlakesWort\/status\/1593518350423965697?ref_src=twsrc%5Etfw\">November 18, 2022<\/a><\/p><\/blockquote>\n<p><script async src=\"https:\/\/platform.twitter.com\/widgets.js\" charset=\"utf-8\"><\/script><\/p>\n<p>&nbsp;<\/p>\n<h3>Und was passiert jetzt?<\/h3>\n<blockquote class=\"twitter-tweet\">\n<p dir=\"ltr\" lang=\"de\">Elons Ultimatum ist verstrichen und angeblich hauen nun noch mehr Mitarbeiter ab. Wie es sich f\u00fcr Twitter geh\u00f6rt wird Endzeit ausgerufen.<br \/>\nPers\u00f6nlich habe ich die Hoffnung, dass er nicht einfach 44 Milliarden innerhalb von ein paar Tagen versenkt.<br \/>\nIch bleibe und warte ab.<\/p>\n<p>\u2014 Lord Sixtus (@Lord_Sixtus) <a href=\"https:\/\/twitter.com\/Lord_Sixtus\/status\/1593492565386485760?ref_src=twsrc%5Etfw\">November 18, 2022<\/a><\/p><\/blockquote>\n<p><script async src=\"https:\/\/platform.twitter.com\/widgets.js\" charset=\"utf-8\"><\/script><\/p>\n<p>&nbsp;<\/p>\n<h3>Das fasst es ganz gut zusammen.<\/h3>\n<blockquote class=\"twitter-tweet\">\n<p dir=\"ltr\" lang=\"de\">Elon Musk ist dieses Kind, was viel zu viel Taschengeld bekommt, weil die Eltern keine Zeit f\u00fcr ihn haben, sich aus Langeweile teures Spielzeug kauft, nur um zu gucken wie es in der Mikrowelle schmilzt.<a href=\"https:\/\/twitter.com\/hashtag\/RIPTwitter?src=hash&amp;ref_src=twsrc%5Etfw\">#RIPTwitter<\/a><\/p>\n<p>\u2014 Infoluencer \ud83c\udd97\ufe0f (@infoluencer) <a href=\"https:\/\/twitter.com\/infoluencer\/status\/1593491316637253632?ref_src=twsrc%5Etfw\">November 18, 2022<\/a><\/p><\/blockquote>\n<p><script async src=\"https:\/\/platform.twitter.com\/widgets.js\" charset=\"utf-8\"><\/script><\/p>\n<p>&nbsp;<\/p>\n<h3>Auch hier scheint man diese Auffassung zu teilen.<\/h3>\n<blockquote class=\"twitter-tweet\">\n<p dir=\"ltr\" lang=\"en\">A new projection insulting Elon Musk is currently being displayed outside of Twitter\u2019s HQ.<\/p>\n<p><a href=\"https:\/\/t.co\/E0YspGOkEU\">pic.twitter.com\/E0YspGOkEU<\/a><\/p>\n<p>\u2014 Pop Crave (@PopCrave) <a href=\"https:\/\/twitter.com\/PopCrave\/status\/1593440469836615680?ref_src=twsrc%5Etfw\">November 18, 2022<\/a><\/p><\/blockquote>\n<p><script async src=\"https:\/\/platform.twitter.com\/widgets.js\" charset=\"utf-8\"><\/script><\/p>\n<p>&nbsp;<\/p>\n<h3>Derweil twittert Elon Musk selbst \u00fcbrigens Memes wie dieses hier:<\/h3>\n<blockquote class=\"twitter-tweet\">\n<p dir=\"ltr\" lang=\"zxx\"><a href=\"https:\/\/t.co\/rbwbsLA1ZG\">pic.twitter.com\/rbwbsLA1ZG<\/a><\/p>\n<p>\u2014 Elon Musk (@elonmusk) <a href=\"https:\/\/twitter.com\/elonmusk\/status\/1593459801966538755?ref_src=twsrc%5Etfw\">November 18, 2022<\/a><\/p><\/blockquote>\n<p><script async src=\"https:\/\/platform.twitter.com\/widgets.js\" charset=\"utf-8\"><\/script><\/p>\n<p>&nbsp;<\/p>\n<h3>Kein Wunder, dass sich viele f\u00fchlen wie die Kapelle auf der Titanic.<\/h3>\n<blockquote class=\"twitter-tweet\">\n<p dir=\"ltr\" lang=\"en\">It\u2019s been a pleasure tweeting with y\u2019all for the past 13 years. <a href=\"https:\/\/twitter.com\/hashtag\/RIPTwitter?src=hash&amp;ref_src=twsrc%5Etfw\">#RIPTwitter<\/a> <a href=\"https:\/\/t.co\/XsLuMNi59A\">pic.twitter.com\/XsLuMNi59A<\/a><\/p>\n<p>\u2014 toby is the scranton strangler (@OhHELLNawl) <a href=\"https:\/\/twitter.com\/OhHELLNawl\/status\/1593406075952300033?ref_src=twsrc%5Etfw\">November 18, 2022<\/a><\/p><\/blockquote>\n<p><script async src=\"https:\/\/platform.twitter.com\/widgets.js\" charset=\"utf-8\"><\/script><\/p>\n<p>&nbsp;<\/p>\n<h3>Ist es wirklich an der Zeit, sich zu verabschieden?<\/h3>\n<blockquote class=\"twitter-tweet\">\n<p dir=\"ltr\" lang=\"en\">Can we have&#8230; like&#8230; a group hug before it goes?<a href=\"https:\/\/twitter.com\/hashtag\/tw?src=hash&amp;ref_src=twsrc%5Etfw\">#tw<\/a><\/p>\n<p>\u2014 Marina Weisband (@Afelia) <a href=\"https:\/\/twitter.com\/Afelia\/status\/1593424825258647552?ref_src=twsrc%5Etfw\">November 18, 2022<\/a><\/p><\/blockquote>\n<p><script async src=\"https:\/\/platform.twitter.com\/widgets.js\" charset=\"utf-8\"><\/script><\/p>\n<p>&nbsp;<\/p>\n<h3>Eigentlich unvorstellbar, was das bedeuten w\u00fcrde.<\/h3>\n<blockquote class=\"twitter-tweet\">\n<p dir=\"ltr\" lang=\"de\">Es ist einfach brutal mit anzusehen, wie eine Plattform zugrunde gerichtet wird, die so essenziell ist f\u00fcr Menschenrechtsaktivisten aus aller Welt, um global \u00d6ffentlichkeit f\u00fcr ihre Anliegen zu schaffen &amp; Protest zu organisieren. Es ist zum heulen.<\/p>\n<p>\u2014 Katharina Nocun (@kattascha) <a href=\"https:\/\/twitter.com\/kattascha\/status\/1593503363982934017?ref_src=twsrc%5Etfw\">November 18, 2022<\/a><\/p><\/blockquote>\n<p><script async src=\"https:\/\/platform.twitter.com\/widgets.js\" charset=\"utf-8\"><\/script><\/p>\n<p>&nbsp;<\/p>\n<h3>Naja, noch ist Twitter ja da. Wir werden sehen, wie es weitergeht.<\/h3>\n<blockquote class=\"twitter-tweet\">\n<p dir=\"ltr\" lang=\"de\">Liebe Hasen, liebe Nasen.<br \/>\nGer\u00fcchteweise bricht Twitter heute zusammen.<\/p>\n<p>Es war sehr sch\u00f6n mit euch!<br \/>\nVielen Dank f\u00fcr alle Momente die wir geteilt haben.<\/p>\n<p>Wir sehen uns dann in einigen Tagen wieder, da ich davon ausgehe, dass irgendwer die Bumsbude retten wird. <a href=\"https:\/\/twitter.com\/hashtag\/RIPTwitter?src=hash&amp;ref_src=twsrc%5Etfw\">#RIPTwitter<\/a><\/p>\n<p>\u2014 skypro #TeeUndTumult (@skypromusic) <a href=\"https:\/\/twitter.com\/skypromusic\/status\/1593504888738250752?ref_src=twsrc%5Etfw\">November 18, 2022<\/a><\/p><\/blockquote>\n<p><script async src=\"https:\/\/platform.twitter.com\/widgets.js\" charset=\"utf-8\"><\/script><\/p>\n<p>&nbsp;<\/p>\n<p><b>___<\/b><\/p>\n<p><b>Vielen Dank an alle f\u00fcr die Posts!<\/b><\/p>\n<p><b>___<\/b><\/p>\n<p><span style=\"font-weight: 400;\">Achtung! Social Media Creative (m\/w\/d) gesucht! <\/span><a href=\"https:\/\/www.thebestsocialjobs.com\/de\/stelle\/social-media-creative-german-speaking\/\" target=\"_blank\" rel=\"noopener\"><span style=\"font-weight: 400;\">Hier entlang<\/span><\/a><span style=\"font-weight: 400;\">, bitte.<\/span><\/p>\n","protected":false},"excerpt":{"rendered":"<p>Seit Elon Musk Twitter gekauft hat, geht es auf der Plattform ziemlich turbulent zu. Normale User verifizierten sich pl\u00f6tzlich als Person des \u00f6ffentlichen Lebens (beispielsweise&#8230;<\/p>\n","protected":false},"author":73,"featured_media":169885,"comment_status":"open","ping_status":"open","sticky":false,"template":"","format":"standard","meta":{"_acf_changed":false,"footnotes":""},"categories":[4728,35,2404],"tags":[3842,752,58],"class_list":["post-169831","post","type-post","status-publish","format-standard","has-post-thumbnail","hentry","category-diskussion","category-twitter","category-wtf","tag-elon-musk","tag-news","tag-twitter"],"acf":[],"yoast_head":"<!-- This site is optimized with the Yoast SEO plugin v27.5 - https:\/\/yoast.com\/product\/yoast-seo-wordpress\/ -->\n<title>Endzeitstimmung auf Twitter - Steht das Ende der Plattform bevor?<\/title>\n<meta name=\"robots\" content=\"index, follow, max-snippet:-1, max-image-preview:large, max-video-preview:-1\" \/>\n<link rel=\"canonical\" href=\"https:\/\/www.thebestsocial.media\/de\/endzeitstimmung-auf-twitter\/\" \/>\n<meta property=\"og:locale\" content=\"de_DE\" \/>\n<meta property=\"og:type\" content=\"article\" \/>\n<meta property=\"og:title\" content=\"Endzeitstimmung auf Twitter - Steht wirklich das Ende der Plattform bevor?\" \/>\n<meta property=\"og:description\" content=\"Seit Elon Musk Twitter gekauft hat, geht es auf der Plattform ziemlich turbulent zu. Normale User verifizierten sich pl\u00f6tzlich als Person des \u00f6ffentlichen Lebens (beispielsweise...\" \/>\n<meta property=\"og:url\" content=\"https:\/\/www.thebestsocial.media\/de\/endzeitstimmung-auf-twitter\/\" \/>\n<meta property=\"og:site_name\" content=\"The Best Social Media DE\" \/>\n<meta property=\"article:published_time\" content=\"2022-11-18T11:20:44+00:00\" \/>\n<meta property=\"og:image\" content=\"https:\/\/www.thebestsocial.media\/de\/wp-content\/uploads\/sites\/3\/2022\/11\/header-riptwitter.png\" \/>\n\t<meta property=\"og:image:width\" content=\"1200\" \/>\n\t<meta property=\"og:image:height\" content=\"630\" \/>\n\t<meta property=\"og:image:type\" content=\"image\/png\" \/>\n<meta name=\"author\" content=\"Helene Mei\u00dfner\" \/>\n<meta name=\"twitter:card\" content=\"summary_large_image\" \/>\n<meta name=\"twitter:label1\" content=\"Verfasst von\" \/>\n\t<meta name=\"twitter:data1\" content=\"Helene Mei\u00dfner\" \/>\n\t<meta name=\"twitter:label2\" content=\"Gesch\u00e4tzte Lesezeit\" \/>\n\t<meta name=\"twitter:data2\" content=\"4\u00a0Minuten\" \/>\n<script type=\"application\/ld+json\" class=\"yoast-schema-graph\">{\"@context\":\"https:\\\/\\\/schema.org\",\"@graph\":[{\"@type\":\"Article\",\"@id\":\"https:\\\/\\\/www.thebestsocial.media\\\/de\\\/endzeitstimmung-auf-twitter\\\/#article\",\"isPartOf\":{\"@id\":\"https:\\\/\\\/www.thebestsocial.media\\\/de\\\/endzeitstimmung-auf-twitter\\\/\"},\"author\":{\"name\":\"Helene Mei\u00dfner\",\"@id\":\"https:\\\/\\\/www.thebestsocial.media\\\/de\\\/#\\\/schema\\\/person\\\/6267acc046505b90b912687a039220df\"},\"headline\":\"Endzeitstimmung auf Twitter &#8211; Steht wirklich das Ende der Plattform bevor?\",\"datePublished\":\"2022-11-18T11:20:44+00:00\",\"mainEntityOfPage\":{\"@id\":\"https:\\\/\\\/www.thebestsocial.media\\\/de\\\/endzeitstimmung-auf-twitter\\\/\"},\"wordCount\":607,\"commentCount\":0,\"image\":{\"@id\":\"https:\\\/\\\/www.thebestsocial.media\\\/de\\\/endzeitstimmung-auf-twitter\\\/#primaryimage\"},\"thumbnailUrl\":\"https:\\\/\\\/www.thebestsocial.media\\\/de\\\/wp-content\\\/uploads\\\/sites\\\/3\\\/2022\\\/11\\\/pexels-greenwish-13240226-scaled.jpg\",\"keywords\":[\"Elon Musk\",\"News\",\"twitter\"],\"articleSection\":[\"Diskussion\",\"Twitter\",\"WTF\"],\"inLanguage\":\"de\",\"potentialAction\":[{\"@type\":\"CommentAction\",\"name\":\"Comment\",\"target\":[\"https:\\\/\\\/www.thebestsocial.media\\\/de\\\/endzeitstimmung-auf-twitter\\\/#respond\"]}]},{\"@type\":\"WebPage\",\"@id\":\"https:\\\/\\\/www.thebestsocial.media\\\/de\\\/endzeitstimmung-auf-twitter\\\/\",\"url\":\"https:\\\/\\\/www.thebestsocial.media\\\/de\\\/endzeitstimmung-auf-twitter\\\/\",\"name\":\"Endzeitstimmung auf Twitter - Steht das Ende der Plattform bevor?\",\"isPartOf\":{\"@id\":\"https:\\\/\\\/www.thebestsocial.media\\\/de\\\/#website\"},\"primaryImageOfPage\":{\"@id\":\"https:\\\/\\\/www.thebestsocial.media\\\/de\\\/endzeitstimmung-auf-twitter\\\/#primaryimage\"},\"image\":{\"@id\":\"https:\\\/\\\/www.thebestsocial.media\\\/de\\\/endzeitstimmung-auf-twitter\\\/#primaryimage\"},\"thumbnailUrl\":\"https:\\\/\\\/www.thebestsocial.media\\\/de\\\/wp-content\\\/uploads\\\/sites\\\/3\\\/2022\\\/11\\\/pexels-greenwish-13240226-scaled.jpg\",\"datePublished\":\"2022-11-18T11:20:44+00:00\",\"author\":{\"@id\":\"https:\\\/\\\/www.thebestsocial.media\\\/de\\\/#\\\/schema\\\/person\\\/6267acc046505b90b912687a039220df\"},\"breadcrumb\":{\"@id\":\"https:\\\/\\\/www.thebestsocial.media\\\/de\\\/endzeitstimmung-auf-twitter\\\/#breadcrumb\"},\"inLanguage\":\"de\",\"potentialAction\":[{\"@type\":\"ReadAction\",\"target\":[\"https:\\\/\\\/www.thebestsocial.media\\\/de\\\/endzeitstimmung-auf-twitter\\\/\"]}]},{\"@type\":\"ImageObject\",\"inLanguage\":\"de\",\"@id\":\"https:\\\/\\\/www.thebestsocial.media\\\/de\\\/endzeitstimmung-auf-twitter\\\/#primaryimage\",\"url\":\"https:\\\/\\\/www.thebestsocial.media\\\/de\\\/wp-content\\\/uploads\\\/sites\\\/3\\\/2022\\\/11\\\/pexels-greenwish-13240226-scaled.jpg\",\"contentUrl\":\"https:\\\/\\\/www.thebestsocial.media\\\/de\\\/wp-content\\\/uploads\\\/sites\\\/3\\\/2022\\\/11\\\/pexels-greenwish-13240226-scaled.jpg\",\"width\":2560,\"height\":1707},{\"@type\":\"BreadcrumbList\",\"@id\":\"https:\\\/\\\/www.thebestsocial.media\\\/de\\\/endzeitstimmung-auf-twitter\\\/#breadcrumb\",\"itemListElement\":[{\"@type\":\"ListItem\",\"position\":1,\"name\":\"Home\",\"item\":\"https:\\\/\\\/www.thebestsocial.media\\\/de\\\/\"},{\"@type\":\"ListItem\",\"position\":2,\"name\":\"Endzeitstimmung auf Twitter &#8211; Steht wirklich das Ende der Plattform bevor?\"}]},{\"@type\":\"WebSite\",\"@id\":\"https:\\\/\\\/www.thebestsocial.media\\\/de\\\/#website\",\"url\":\"https:\\\/\\\/www.thebestsocial.media\\\/de\\\/\",\"name\":\"The Best Social Media DE\",\"description\":\"\",\"potentialAction\":[{\"@type\":\"SearchAction\",\"target\":{\"@type\":\"EntryPoint\",\"urlTemplate\":\"https:\\\/\\\/www.thebestsocial.media\\\/de\\\/?s={search_term_string}\"},\"query-input\":{\"@type\":\"PropertyValueSpecification\",\"valueRequired\":true,\"valueName\":\"search_term_string\"}}],\"inLanguage\":\"de\"},{\"@type\":\"Person\",\"@id\":\"https:\\\/\\\/www.thebestsocial.media\\\/de\\\/#\\\/schema\\\/person\\\/6267acc046505b90b912687a039220df\",\"name\":\"Helene Mei\u00dfner\",\"image\":{\"@type\":\"ImageObject\",\"inLanguage\":\"de\",\"@id\":\"https:\\\/\\\/secure.gravatar.com\\\/avatar\\\/6639fc0397860ac2c2e11b018c1f14be4a46c2378a91ac1b35730b724675daa8?s=96&d=mm&r=g\",\"url\":\"https:\\\/\\\/secure.gravatar.com\\\/avatar\\\/6639fc0397860ac2c2e11b018c1f14be4a46c2378a91ac1b35730b724675daa8?s=96&d=mm&r=g\",\"contentUrl\":\"https:\\\/\\\/secure.gravatar.com\\\/avatar\\\/6639fc0397860ac2c2e11b018c1f14be4a46c2378a91ac1b35730b724675daa8?s=96&d=mm&r=g\",\"caption\":\"Helene Mei\u00dfner\"},\"description\":\"Kommt aus Berlin und hat dementsprechend nat\u00fcrlich irgendwas mit Medien studiert. Verlegt oft Dinge, w\u00e4hrend sie sie in der Hand h\u00e4lt. Findet Kauger\u00e4usche unausstehlich. Hat eine Schw\u00e4che f\u00fcr Glitzer und immer mindestens 50 Tabs offen.\",\"sameAs\":[\"https:\\\/\\\/www.instagram.com\\\/he.leni\\\/\"],\"url\":\"https:\\\/\\\/www.thebestsocial.media\\\/de\\\/author\\\/helenemeissner\\\/\"}]}<\/script>\n<!-- \/ Yoast SEO plugin. -->","yoast_head_json":{"title":"Endzeitstimmung auf Twitter - Steht das Ende der Plattform bevor?","robots":{"index":"index","follow":"follow","max-snippet":"max-snippet:-1","max-image-preview":"max-image-preview:large","max-video-preview":"max-video-preview:-1"},"canonical":"https:\/\/www.thebestsocial.media\/de\/endzeitstimmung-auf-twitter\/","og_locale":"de_DE","og_type":"article","og_title":"Endzeitstimmung auf Twitter - Steht wirklich das Ende der Plattform bevor?","og_description":"Seit Elon Musk Twitter gekauft hat, geht es auf der Plattform ziemlich turbulent zu. Normale User verifizierten sich pl\u00f6tzlich als Person des \u00f6ffentlichen Lebens (beispielsweise...","og_url":"https:\/\/www.thebestsocial.media\/de\/endzeitstimmung-auf-twitter\/","og_site_name":"The Best Social Media DE","article_published_time":"2022-11-18T11:20:44+00:00","og_image":[{"width":1200,"height":630,"url":"https:\/\/www.thebestsocial.media\/de\/wp-content\/uploads\/sites\/3\/2022\/11\/header-riptwitter.png","type":"image\/png"}],"author":"Helene Mei\u00dfner","twitter_card":"summary_large_image","twitter_misc":{"Verfasst von":"Helene Mei\u00dfner","Gesch\u00e4tzte Lesezeit":"4\u00a0Minuten"},"schema":{"@context":"https:\/\/schema.org","@graph":[{"@type":"Article","@id":"https:\/\/www.thebestsocial.media\/de\/endzeitstimmung-auf-twitter\/#article","isPartOf":{"@id":"https:\/\/www.thebestsocial.media\/de\/endzeitstimmung-auf-twitter\/"},"author":{"name":"Helene Mei\u00dfner","@id":"https:\/\/www.thebestsocial.media\/de\/#\/schema\/person\/6267acc046505b90b912687a039220df"},"headline":"Endzeitstimmung auf Twitter &#8211; Steht wirklich das Ende der Plattform bevor?","datePublished":"2022-11-18T11:20:44+00:00","mainEntityOfPage":{"@id":"https:\/\/www.thebestsocial.media\/de\/endzeitstimmung-auf-twitter\/"},"wordCount":607,"commentCount":0,"image":{"@id":"https:\/\/www.thebestsocial.media\/de\/endzeitstimmung-auf-twitter\/#primaryimage"},"thumbnailUrl":"https:\/\/www.thebestsocial.media\/de\/wp-content\/uploads\/sites\/3\/2022\/11\/pexels-greenwish-13240226-scaled.jpg","keywords":["Elon Musk","News","twitter"],"articleSection":["Diskussion","Twitter","WTF"],"inLanguage":"de","potentialAction":[{"@type":"CommentAction","name":"Comment","target":["https:\/\/www.thebestsocial.media\/de\/endzeitstimmung-auf-twitter\/#respond"]}]},{"@type":"WebPage","@id":"https:\/\/www.thebestsocial.media\/de\/endzeitstimmung-auf-twitter\/","url":"https:\/\/www.thebestsocial.media\/de\/endzeitstimmung-auf-twitter\/","name":"Endzeitstimmung auf Twitter - Steht das Ende der Plattform bevor?","isPartOf":{"@id":"https:\/\/www.thebestsocial.media\/de\/#website"},"primaryImageOfPage":{"@id":"https:\/\/www.thebestsocial.media\/de\/endzeitstimmung-auf-twitter\/#primaryimage"},"image":{"@id":"https:\/\/www.thebestsocial.media\/de\/endzeitstimmung-auf-twitter\/#primaryimage"},"thumbnailUrl":"https:\/\/www.thebestsocial.media\/de\/wp-content\/uploads\/sites\/3\/2022\/11\/pexels-greenwish-13240226-scaled.jpg","datePublished":"2022-11-18T11:20:44+00:00","author":{"@id":"https:\/\/www.thebestsocial.media\/de\/#\/schema\/person\/6267acc046505b90b912687a039220df"},"breadcrumb":{"@id":"https:\/\/www.thebestsocial.media\/de\/endzeitstimmung-auf-twitter\/#breadcrumb"},"inLanguage":"de","potentialAction":[{"@type":"ReadAction","target":["https:\/\/www.thebestsocial.media\/de\/endzeitstimmung-auf-twitter\/"]}]},{"@type":"ImageObject","inLanguage":"de","@id":"https:\/\/www.thebestsocial.media\/de\/endzeitstimmung-auf-twitter\/#primaryimage","url":"https:\/\/www.thebestsocial.media\/de\/wp-content\/uploads\/sites\/3\/2022\/11\/pexels-greenwish-13240226-scaled.jpg","contentUrl":"https:\/\/www.thebestsocial.media\/de\/wp-content\/uploads\/sites\/3\/2022\/11\/pexels-greenwish-13240226-scaled.jpg","width":2560,"height":1707},{"@type":"BreadcrumbList","@id":"https:\/\/www.thebestsocial.media\/de\/endzeitstimmung-auf-twitter\/#breadcrumb","itemListElement":[{"@type":"ListItem","position":1,"name":"Home","item":"https:\/\/www.thebestsocial.media\/de\/"},{"@type":"ListItem","position":2,"name":"Endzeitstimmung auf Twitter &#8211; Steht wirklich das Ende der Plattform bevor?"}]},{"@type":"WebSite","@id":"https:\/\/www.thebestsocial.media\/de\/#website","url":"https:\/\/www.thebestsocial.media\/de\/","name":"The Best Social Media DE","description":"","potentialAction":[{"@type":"SearchAction","target":{"@type":"EntryPoint","urlTemplate":"https:\/\/www.thebestsocial.media\/de\/?s={search_term_string}"},"query-input":{"@type":"PropertyValueSpecification","valueRequired":true,"valueName":"search_term_string"}}],"inLanguage":"de"},{"@type":"Person","@id":"https:\/\/www.thebestsocial.media\/de\/#\/schema\/person\/6267acc046505b90b912687a039220df","name":"Helene Mei\u00dfner","image":{"@type":"ImageObject","inLanguage":"de","@id":"https:\/\/secure.gravatar.com\/avatar\/6639fc0397860ac2c2e11b018c1f14be4a46c2378a91ac1b35730b724675daa8?s=96&d=mm&r=g","url":"https:\/\/secure.gravatar.com\/avatar\/6639fc0397860ac2c2e11b018c1f14be4a46c2378a91ac1b35730b724675daa8?s=96&d=mm&r=g","contentUrl":"https:\/\/secure.gravatar.com\/avatar\/6639fc0397860ac2c2e11b018c1f14be4a46c2378a91ac1b35730b724675daa8?s=96&d=mm&r=g","caption":"Helene Mei\u00dfner"},"description":"Kommt aus Berlin und hat dementsprechend nat\u00fcrlich irgendwas mit Medien studiert. Verlegt oft Dinge, w\u00e4hrend sie sie in der Hand h\u00e4lt. Findet Kauger\u00e4usche unausstehlich. Hat eine Schw\u00e4che f\u00fcr Glitzer und immer mindestens 50 Tabs offen.","sameAs":["https:\/\/www.instagram.com\/he.leni\/"],"url":"https:\/\/www.thebestsocial.media\/de\/author\/helenemeissner\/"}]}},"amp_enabled":true,"_links":{"self":[{"href":"https:\/\/www.thebestsocial.media\/de\/wp-json\/wp\/v2\/posts\/169831","targetHints":{"allow":["GET"]}}],"collection":[{"href":"https:\/\/www.thebestsocial.media\/de\/wp-json\/wp\/v2\/posts"}],"about":[{"href":"https:\/\/www.thebestsocial.media\/de\/wp-json\/wp\/v2\/types\/post"}],"author":[{"embeddable":true,"href":"https:\/\/www.thebestsocial.media\/de\/wp-json\/wp\/v2\/users\/73"}],"replies":[{"embeddable":true,"href":"https:\/\/www.thebestsocial.media\/de\/wp-json\/wp\/v2\/comments?post=169831"}],"version-history":[{"count":21,"href":"https:\/\/www.thebestsocial.media\/de\/wp-json\/wp\/v2\/posts\/169831\/revisions"}],"predecessor-version":[{"id":169881,"href":"https:\/\/www.thebestsocial.media\/de\/wp-json\/wp\/v2\/posts\/169831\/revisions\/169881"}],"wp:featuredmedia":[{"embeddable":true,"href":"https:\/\/www.thebestsocial.media\/de\/wp-json\/wp\/v2\/media\/169885"}],"wp:attachment":[{"href":"https:\/\/www.thebestsocial.media\/de\/wp-json\/wp\/v2\/media?parent=169831"}],"wp:term":[{"taxonomy":"category","embeddable":true,"href":"https:\/\/www.thebestsocial.media\/de\/wp-json\/wp\/v2\/categories?post=169831"},{"taxonomy":"post_tag","embeddable":true,"href":"https:\/\/www.thebestsocial.media\/de\/wp-json\/wp\/v2\/tags?post=169831"}],"curies":[{"name":"wp","href":"https:\/\/api.w.org\/{rel}","templated":true}]}}