{"id":169677,"date":"2022-11-16T15:45:48","date_gmt":"2022-11-16T15:45:48","guid":{"rendered":"https:\/\/www.thebestsocial.media\/de\/?p=169677"},"modified":"2022-11-16T16:20:34","modified_gmt":"2022-11-16T16:20:34","slug":"franken-und-ihre-liebe-zum-dialekt","status":"publish","type":"post","link":"https:\/\/www.thebestsocial.media\/de\/franken-und-ihre-liebe-zum-dialekt\/","title":{"rendered":"Dahoam is Dahoam: Die Franken und ihre Liebe zum Dialekt"},"content":{"rendered":"<p>Keine Region Deutschlands rollt das &#8222;R&#8220; so unverkennbar wie die Franken, oder haucht das &#8222;P&#8220; so sanft wie ein &#8222;B&#8220;. Alle Franken freuts, denn die f\u00fchlen sich hier beim Lesen direkt dahoam und der Rest&#8230;der lernt auf jeden Fall was dazu. \u00dcber das Frankenland, seine Bewohner und den Dialekt &#8211; 13 Posts, bei denen ihr euch hoffentlich vor Lachn in die Husn brunnst:<\/p>\n<p>&nbsp;<\/p>\n<h3>1. Da h\u00e4tt man\u00b4s sofort verstanden!<\/h3>\n<blockquote class=\"twitter-tweet\">\n<p dir=\"ltr\" lang=\"de\">\u201cIch nehmad die Brodwerschd.\u201d<\/p>\n<p>\u201cWie bitte?\u201d<\/p>\n<p>\u201cNa die Brodwerschd hald.\u201d<\/p>\n<p>\u201cAch sie meinen die N\u00fcrnberger Bratw\u00fcrste?\u201d<\/p>\n<p>Manchmal vermisse ich Franken \ud83d\ude22<\/p>\n<p>\u2014 Flow \ud83c\uddfa\ud83c\udde6 (@Caethan13) <a href=\"https:\/\/twitter.com\/Caethan13\/status\/1206973846676488194?ref_src=twsrc%5Etfw\">December 17, 2019<\/a><\/p><\/blockquote>\n<p><script async src=\"https:\/\/platform.twitter.com\/widgets.js\" charset=\"utf-8\"><\/script><\/p>\n<p>&nbsp;<\/p>\n<h3>2. Herrlich der Dialekt!<\/h3>\n<blockquote class=\"twitter-tweet\">\n<p dir=\"ltr\" lang=\"de\">Hach, Franken! \u2665\ufe0f <a href=\"https:\/\/twitter.com\/hashtag\/heimatliebe?src=hash&amp;ref_src=twsrc%5Etfw\">#heimatliebe<\/a> <a href=\"https:\/\/t.co\/prMzP9Sr2J\">pic.twitter.com\/prMzP9Sr2J<\/a><\/p>\n<p>\u2014 Dorothee B\u00e4r (@DoroBaer) <a href=\"https:\/\/twitter.com\/DoroBaer\/status\/1366691415728803840?ref_src=twsrc%5Etfw\">March 2, 2021<\/a><\/p><\/blockquote>\n<p><script async src=\"https:\/\/platform.twitter.com\/widgets.js\" charset=\"utf-8\"><\/script><\/p>\n<p>&nbsp;<\/p>\n<h3>3. Wenn der Dialekt mit einem durchgeht:<\/h3>\n<blockquote class=\"twitter-tweet\">\n<p dir=\"ltr\" lang=\"de\">&#8222;Horch amol, hosd a weng an Sempfd an dam Bullowa hibazt?&#8220;<br \/>\n&#8222;Bitte?&#8220;<br \/>\n&#8222;Hosd a weng an Sempfd an dam Bullowa hibazt?&#8220;<br \/>\n&#8222;Was?&#8220;<\/p>\n<p>&#8222;OB DU SENF AUF DEINEN PULLOVER GEKLECKERT HAST, HAB ICH GEFRAGT!&#8220;<\/p>\n<p>Willkommen in Franken.<\/p>\n<p>\u2014 Das Netzteil (@Grolmori) <a href=\"https:\/\/twitter.com\/Grolmori\/status\/1588423759782096896?ref_src=twsrc%5Etfw\">November 4, 2022<\/a><\/p><\/blockquote>\n<p><script async src=\"https:\/\/platform.twitter.com\/widgets.js\" charset=\"utf-8\"><\/script><\/p>\n<p>&nbsp;<\/p>\n<h3>4. Hier gibts kein &#8222;P&#8220;:<\/h3>\n<blockquote class=\"twitter-tweet\">\n<p dir=\"ltr\" lang=\"de\">Ich hab mit meiner Omi in Franken telefoniert. Sie hat heute das \u201eBISS\u201c mitgebracht bekommen. Das ist eine M\u00fcnchner Stra\u00dfenzeitung.<\/p>\n<p>Oma: \u201eBISS steht f\u00fcr Bersonen in sozialen Schwierigkeiten\u201c<\/p>\n<p>Ja, in Franken gibts Bersonen. Da brauchts keine B\u00fcrger. \ud83d\ude02\ud83d\ude02\ud83d\ude02<\/p>\n<p>\u2014 Halbblutlehrerin (@MelsGedanken) <a href=\"https:\/\/twitter.com\/MelsGedanken\/status\/1166346089265541120?ref_src=twsrc%5Etfw\">August 27, 2019<\/a><\/p><\/blockquote>\n<p><script async src=\"https:\/\/platform.twitter.com\/widgets.js\" charset=\"utf-8\"><\/script><\/p>\n<p>&nbsp;<\/p>\n<h3>5. Nicht zu vergessen &#8222;Barazeddamol&#8220;:<\/h3>\n<blockquote class=\"twitter-tweet\">\n<p dir=\"ltr\" lang=\"de\">Wenn Franken sagen, welche Tabletten sie einnehmen.<\/p>\n<p>Maggumah<br \/>\nRammibr\u00fcll<br \/>\nMedobrolooool<\/p>\n<p>\u2014 Die 78. Nell\ud83c\udfe5 (@Nell781) <a href=\"https:\/\/twitter.com\/Nell781\/status\/1559983755330199552?ref_src=twsrc%5Etfw\">August 17, 2022<\/a><\/p><\/blockquote>\n<p><script async src=\"https:\/\/platform.twitter.com\/widgets.js\" charset=\"utf-8\"><\/script><\/p>\n<p>&nbsp;<\/p>\n<h3>6. Hmmm&#8230;<\/h3>\n<blockquote class=\"twitter-tweet\">\n<p dir=\"ltr\" lang=\"de\">Wenn man in der Schweiz mit Franken zahlt, zahlt man in Franken mit Schweizern? \ud83e\udd14<\/p>\n<p>\u2014 sankt schilders (@sch1ld3r5) <a href=\"https:\/\/twitter.com\/sch1ld3r5\/status\/1393464348358631427?ref_src=twsrc%5Etfw\">May 15, 2021<\/a><\/p><\/blockquote>\n<p><script async src=\"https:\/\/platform.twitter.com\/widgets.js\" charset=\"utf-8\"><\/script><\/p>\n<p>&nbsp;<\/p>\n<h3>7. Korrekt!<\/h3>\n<blockquote class=\"twitter-tweet\">\n<p dir=\"ltr\" lang=\"de\">Kaum zu glauben aber in Franken ein und dasselbe Tier <a href=\"https:\/\/t.co\/NZLj0PgD59\">pic.twitter.com\/NZLj0PgD59<\/a><\/p>\n<p>\u2014 Fabienne Hurst (@FabienneHurst) <a href=\"https:\/\/twitter.com\/FabienneHurst\/status\/1495767348996939781?ref_src=twsrc%5Etfw\">February 21, 2022<\/a><\/p><\/blockquote>\n<p><script async src=\"https:\/\/platform.twitter.com\/widgets.js\" charset=\"utf-8\"><\/script><\/p>\n<p>&nbsp;<\/p>\n<h3>8. Die Spezialit\u00e4t im Frankenland sind die Brodwerschd&#8230;<\/h3>\n<blockquote class=\"twitter-tweet\">\n<p dir=\"ltr\" lang=\"de\">jedes norddeutsche kind muss im alter von 14 jahren die vier &#8222;unm\u00f6glichen pr\u00fcfungen&#8220; bestehen<\/p>\n<p>1) ein fischbr\u00f6tchen aus franken essen<br \/>\n2) &#8222;hannover ist norddeutsch&#8220; sagen ohne zu lachen<br \/>\n3) jemanden mit &#8222;gr\u00fc\u00df gott&#8220; begr\u00fc\u00dfen<br \/>\n4) die buddenbrooks<\/p>\n<p>\u2014 papa flemmse (@flerninger) <a href=\"https:\/\/twitter.com\/flerninger\/status\/1396817096227663874?ref_src=twsrc%5Etfw\">May 24, 2021<\/a><\/p><\/blockquote>\n<p><script async src=\"https:\/\/platform.twitter.com\/widgets.js\" charset=\"utf-8\"><\/script><\/p>\n<p>&nbsp;<\/p>\n<h3>9. Fragen \u00fcber Fragen:<\/h3>\n<blockquote class=\"twitter-tweet\">\n<p dir=\"ltr\" lang=\"de\">Bayern, ich habe Fragen. M\u00fcsste Niederbayern nicht Oberbayern hei\u00dfen? Und Oberbayern dann Mittelbayern? Wo sind Unterpfalz und Mittelpfalz? Und was hat der geraucht, der die Franken sortiert hat? <a href=\"https:\/\/t.co\/ea1mrWqYP5\">pic.twitter.com\/ea1mrWqYP5<\/a><\/p>\n<p>\u2014 Mr. Robot (@beckstown78) <a href=\"https:\/\/twitter.com\/beckstown78\/status\/970386785237897228?ref_src=twsrc%5Etfw\">March 4, 2018<\/a><\/p><\/blockquote>\n<p><script async src=\"https:\/\/platform.twitter.com\/widgets.js\" charset=\"utf-8\"><\/script><\/p>\n<p>&nbsp;<\/p>\n<h3>10. Oh nein und der Arme versteht die anderen trotzdem nicht&#8230;<\/h3>\n<blockquote class=\"twitter-tweet\">\n<p dir=\"ltr\" lang=\"de\">In einer Telko mit acht \u00d6sterreichern, drei Franken und einem Syrer. Herrliches Kauderwelsch.<br \/>\nDer einzig verst\u00e4ndlich Hochdeutsch sprechende &#8230; ist der Syrer.<\/p>\n<p>\u2014 Der Waidmann (@h4usmeister) <a href=\"https:\/\/twitter.com\/h4usmeister\/status\/1278324438006738944?ref_src=twsrc%5Etfw\">July 1, 2020<\/a><\/p><\/blockquote>\n<p><script async src=\"https:\/\/platform.twitter.com\/widgets.js\" charset=\"utf-8\"><\/script><\/p>\n<p>&nbsp;<\/p>\n<h3>11. Tricky!<\/h3>\n<blockquote class=\"twitter-tweet\">\n<p dir=\"ltr\" lang=\"de\">Fr\u00e4nkisch ist auch f\u00fcr Franken schwierig. Wenn der Gatte \u201aDeich\u2018 sagt, wei\u00df ich ohne Kontext nicht, ob er Deich, Teich oder Teig meint.<\/p>\n<p>\u2014 Wolke (@wolkenrose) <a href=\"https:\/\/twitter.com\/wolkenrose\/status\/1388769783647195144?ref_src=twsrc%5Etfw\">May 2, 2021<\/a><\/p><\/blockquote>\n<p><script async src=\"https:\/\/platform.twitter.com\/widgets.js\" charset=\"utf-8\"><\/script><\/p>\n<p>&nbsp;<\/p>\n<h3>12. Alle Franken f\u00fchlen sich nun ertappt&#8230;<\/h3>\n<blockquote class=\"twitter-tweet\">\n<p dir=\"ltr\" lang=\"de\">S\u00f6der will Menschen mit Gendern nicht \u00fcberfordern.<\/p>\n<p>DASS DIE FRANKEN ABER SEIT GEDENKEN DIE H\u00c4LFTE VOM WORT WEGLASSEN, ABER ZEIT HABEN, AN ALLES EIN -LA oder -LE ZU H\u00c4NGEN, das ist okay?<\/p>\n<p>Was k\u00f6nn\u2018 mer mach? A wengala mehr Dolleranz. Man.<\/p>\n<p>\u2014 Sina Trinkwalder (@manomama) <a href=\"https:\/\/twitter.com\/manomama\/status\/1440616087846940689?ref_src=twsrc%5Etfw\">September 22, 2021<\/a><\/p><\/blockquote>\n<p><script async src=\"https:\/\/platform.twitter.com\/widgets.js\" charset=\"utf-8\"><\/script><\/p>\n<p>&nbsp;<\/p>\n<h3>13. Schluss, Aus, Ende! Witziger wird\u00b4s heut nicht mehr:<\/h3>\n<blockquote class=\"twitter-tweet\">\n<p dir=\"ltr\" lang=\"de\">Warum machen Bayern besonders gern Urlaub in der Schweiz?<\/p>\n<p>Da zahlt man mit Franken.<\/p>\n<p>(Oh weh)<\/p>\n<p>\u2014 Herr Glem (@GlemKultur) <a href=\"https:\/\/twitter.com\/GlemKultur\/status\/1287665249404030976?ref_src=twsrc%5Etfw\">July 27, 2020<\/a><\/p><\/blockquote>\n<p><script async src=\"https:\/\/platform.twitter.com\/widgets.js\" charset=\"utf-8\"><\/script><\/p>\n<p>&nbsp;<\/p>\n<p>\u2014<\/p>\n<p>Vielen Dank an alle f\u00fcr die Posts.<\/p>\n<p>\u2014<\/p>\n<p><b>Hey! Wir suchen neue Kolleg:innen! Du liebst die Internetkultur und verstehst, dass TikToks mehr als nur kurze, nervige Videos sind? Hast du bereits eine gesunde Social-Media-Sucht entwickelt? Du lebst online, wei\u00dft, was im Moment passiert ist und was morgen angesagt sein wird?\u00a0<\/b><a href=\"https:\/\/www.thebestsocialjobs.com\/de\/\"><b>Dann werde Teil unseres Teams!<\/b><\/a><\/p>\n<p>&nbsp;<\/p>\n","protected":false},"excerpt":{"rendered":"<p>Keine Region Deutschlands rollt das &#8222;R&#8220; so unverkennbar wie die Franken, oder haucht das &#8222;P&#8220; so sanft wie ein &#8222;B&#8220;. Alle Franken freuts, denn die&#8230;<\/p>\n","protected":false},"author":104,"featured_media":169706,"comment_status":"open","ping_status":"open","sticky":false,"template":"","format":"standard","meta":{"_acf_changed":false,"footnotes":""},"categories":[106,1717],"tags":[5388,5387],"class_list":["post-169677","post","type-post","status-publish","format-standard","has-post-thumbnail","hentry","category-best-of","category-community","tag-franken","tag-frankenland"],"acf":[],"yoast_head":"<!-- This site is optimized with the Yoast SEO plugin v27.4 - https:\/\/yoast.com\/product\/yoast-seo-wordpress\/ -->\n<title>Dahoam is Dahoam: Die Franken und ihre Liebe zum Dialekt<\/title>\n<meta name=\"description\" content=\"\u00dcber das Frankenland, seine Bewohner und den Dialekt - 13 Posts, bei denen ihr euch hoffentlich vor Lachn in die Husn brunnst:\" \/>\n<meta name=\"robots\" content=\"index, follow, max-snippet:-1, max-image-preview:large, max-video-preview:-1\" \/>\n<link rel=\"canonical\" href=\"https:\/\/www.thebestsocial.media\/de\/franken-und-ihre-liebe-zum-dialekt\/\" \/>\n<meta property=\"og:locale\" content=\"de_DE\" \/>\n<meta property=\"og:type\" content=\"article\" \/>\n<meta property=\"og:title\" content=\"Dahoam is Dahoam: Die Franken und ihre Liebe zum Dialekt\" \/>\n<meta property=\"og:description\" content=\"\u00dcber das Frankenland, seine Bewohner und den Dialekt - 13 Posts, bei denen ihr euch hoffentlich vor Lachn in die Husn brunnst:\" \/>\n<meta property=\"og:url\" content=\"https:\/\/www.thebestsocial.media\/de\/franken-und-ihre-liebe-zum-dialekt\/\" \/>\n<meta property=\"og:site_name\" content=\"The Best Social Media DE\" \/>\n<meta property=\"article:published_time\" content=\"2022-11-16T15:45:48+00:00\" \/>\n<meta property=\"article:modified_time\" content=\"2022-11-16T16:20:34+00:00\" \/>\n<meta property=\"og:image\" content=\"https:\/\/www.thebestsocial.media\/de\/wp-content\/uploads\/sites\/3\/2022\/11\/header-franken.png\" \/>\n\t<meta property=\"og:image:width\" content=\"1200\" \/>\n\t<meta property=\"og:image:height\" content=\"630\" \/>\n\t<meta property=\"og:image:type\" content=\"image\/png\" \/>\n<meta name=\"author\" content=\"Lea\" \/>\n<meta name=\"twitter:card\" content=\"summary_large_image\" \/>\n<meta name=\"twitter:label1\" content=\"Verfasst von\" \/>\n\t<meta name=\"twitter:data1\" content=\"Lea\" \/>\n\t<meta name=\"twitter:label2\" content=\"Gesch\u00e4tzte Lesezeit\" \/>\n\t<meta name=\"twitter:data2\" content=\"4\u00a0Minuten\" \/>\n<script type=\"application\/ld+json\" class=\"yoast-schema-graph\">{\"@context\":\"https:\\\/\\\/schema.org\",\"@graph\":[{\"@type\":\"Article\",\"@id\":\"https:\\\/\\\/www.thebestsocial.media\\\/de\\\/franken-und-ihre-liebe-zum-dialekt\\\/#article\",\"isPartOf\":{\"@id\":\"https:\\\/\\\/www.thebestsocial.media\\\/de\\\/franken-und-ihre-liebe-zum-dialekt\\\/\"},\"author\":{\"name\":\"Lea\",\"@id\":\"https:\\\/\\\/www.thebestsocial.media\\\/de\\\/#\\\/schema\\\/person\\\/bb9d89d5ad944f3bb530722c8914ad89\"},\"headline\":\"Dahoam is Dahoam: Die Franken und ihre Liebe zum Dialekt\",\"datePublished\":\"2022-11-16T15:45:48+00:00\",\"dateModified\":\"2022-11-16T16:20:34+00:00\",\"mainEntityOfPage\":{\"@id\":\"https:\\\/\\\/www.thebestsocial.media\\\/de\\\/franken-und-ihre-liebe-zum-dialekt\\\/\"},\"wordCount\":590,\"commentCount\":0,\"image\":{\"@id\":\"https:\\\/\\\/www.thebestsocial.media\\\/de\\\/franken-und-ihre-liebe-zum-dialekt\\\/#primaryimage\"},\"thumbnailUrl\":\"https:\\\/\\\/www.thebestsocial.media\\\/de\\\/wp-content\\\/uploads\\\/sites\\\/3\\\/2022\\\/11\\\/nuremberg-gaabdbbe4b_1920.jpg\",\"keywords\":[\"Franken\",\"Frankenland\"],\"articleSection\":[\"Best of\",\"Community\"],\"inLanguage\":\"de\",\"potentialAction\":[{\"@type\":\"CommentAction\",\"name\":\"Comment\",\"target\":[\"https:\\\/\\\/www.thebestsocial.media\\\/de\\\/franken-und-ihre-liebe-zum-dialekt\\\/#respond\"]}]},{\"@type\":\"WebPage\",\"@id\":\"https:\\\/\\\/www.thebestsocial.media\\\/de\\\/franken-und-ihre-liebe-zum-dialekt\\\/\",\"url\":\"https:\\\/\\\/www.thebestsocial.media\\\/de\\\/franken-und-ihre-liebe-zum-dialekt\\\/\",\"name\":\"Dahoam is Dahoam: Die Franken und ihre Liebe zum Dialekt\",\"isPartOf\":{\"@id\":\"https:\\\/\\\/www.thebestsocial.media\\\/de\\\/#website\"},\"primaryImageOfPage\":{\"@id\":\"https:\\\/\\\/www.thebestsocial.media\\\/de\\\/franken-und-ihre-liebe-zum-dialekt\\\/#primaryimage\"},\"image\":{\"@id\":\"https:\\\/\\\/www.thebestsocial.media\\\/de\\\/franken-und-ihre-liebe-zum-dialekt\\\/#primaryimage\"},\"thumbnailUrl\":\"https:\\\/\\\/www.thebestsocial.media\\\/de\\\/wp-content\\\/uploads\\\/sites\\\/3\\\/2022\\\/11\\\/nuremberg-gaabdbbe4b_1920.jpg\",\"datePublished\":\"2022-11-16T15:45:48+00:00\",\"dateModified\":\"2022-11-16T16:20:34+00:00\",\"author\":{\"@id\":\"https:\\\/\\\/www.thebestsocial.media\\\/de\\\/#\\\/schema\\\/person\\\/bb9d89d5ad944f3bb530722c8914ad89\"},\"description\":\"\u00dcber das Frankenland, seine Bewohner und den Dialekt - 13 Posts, bei denen ihr euch hoffentlich vor Lachn in die Husn brunnst:\",\"breadcrumb\":{\"@id\":\"https:\\\/\\\/www.thebestsocial.media\\\/de\\\/franken-und-ihre-liebe-zum-dialekt\\\/#breadcrumb\"},\"inLanguage\":\"de\",\"potentialAction\":[{\"@type\":\"ReadAction\",\"target\":[\"https:\\\/\\\/www.thebestsocial.media\\\/de\\\/franken-und-ihre-liebe-zum-dialekt\\\/\"]}]},{\"@type\":\"ImageObject\",\"inLanguage\":\"de\",\"@id\":\"https:\\\/\\\/www.thebestsocial.media\\\/de\\\/franken-und-ihre-liebe-zum-dialekt\\\/#primaryimage\",\"url\":\"https:\\\/\\\/www.thebestsocial.media\\\/de\\\/wp-content\\\/uploads\\\/sites\\\/3\\\/2022\\\/11\\\/nuremberg-gaabdbbe4b_1920.jpg\",\"contentUrl\":\"https:\\\/\\\/www.thebestsocial.media\\\/de\\\/wp-content\\\/uploads\\\/sites\\\/3\\\/2022\\\/11\\\/nuremberg-gaabdbbe4b_1920.jpg\",\"width\":1920,\"height\":1440},{\"@type\":\"BreadcrumbList\",\"@id\":\"https:\\\/\\\/www.thebestsocial.media\\\/de\\\/franken-und-ihre-liebe-zum-dialekt\\\/#breadcrumb\",\"itemListElement\":[{\"@type\":\"ListItem\",\"position\":1,\"name\":\"Home\",\"item\":\"https:\\\/\\\/www.thebestsocial.media\\\/de\\\/\"},{\"@type\":\"ListItem\",\"position\":2,\"name\":\"Dahoam is Dahoam: Die Franken und ihre Liebe zum Dialekt\"}]},{\"@type\":\"WebSite\",\"@id\":\"https:\\\/\\\/www.thebestsocial.media\\\/de\\\/#website\",\"url\":\"https:\\\/\\\/www.thebestsocial.media\\\/de\\\/\",\"name\":\"The Best Social Media DE\",\"description\":\"\",\"potentialAction\":[{\"@type\":\"SearchAction\",\"target\":{\"@type\":\"EntryPoint\",\"urlTemplate\":\"https:\\\/\\\/www.thebestsocial.media\\\/de\\\/?s={search_term_string}\"},\"query-input\":{\"@type\":\"PropertyValueSpecification\",\"valueRequired\":true,\"valueName\":\"search_term_string\"}}],\"inLanguage\":\"de\"},{\"@type\":\"Person\",\"@id\":\"https:\\\/\\\/www.thebestsocial.media\\\/de\\\/#\\\/schema\\\/person\\\/bb9d89d5ad944f3bb530722c8914ad89\",\"name\":\"Lea\",\"image\":{\"@type\":\"ImageObject\",\"inLanguage\":\"de\",\"@id\":\"https:\\\/\\\/secure.gravatar.com\\\/avatar\\\/572526d0641f829a52d7692ed43a20d1f02796367e1eea965858d2d2787f4c33?s=96&d=mm&r=g\",\"url\":\"https:\\\/\\\/secure.gravatar.com\\\/avatar\\\/572526d0641f829a52d7692ed43a20d1f02796367e1eea965858d2d2787f4c33?s=96&d=mm&r=g\",\"contentUrl\":\"https:\\\/\\\/secure.gravatar.com\\\/avatar\\\/572526d0641f829a52d7692ed43a20d1f02796367e1eea965858d2d2787f4c33?s=96&d=mm&r=g\",\"caption\":\"Lea\"},\"url\":\"https:\\\/\\\/www.thebestsocial.media\\\/de\\\/author\\\/leascheel\\\/\"}]}<\/script>\n<!-- \/ Yoast SEO plugin. -->","yoast_head_json":{"title":"Dahoam is Dahoam: Die Franken und ihre Liebe zum Dialekt","description":"\u00dcber das Frankenland, seine Bewohner und den Dialekt - 13 Posts, bei denen ihr euch hoffentlich vor Lachn in die Husn brunnst:","robots":{"index":"index","follow":"follow","max-snippet":"max-snippet:-1","max-image-preview":"max-image-preview:large","max-video-preview":"max-video-preview:-1"},"canonical":"https:\/\/www.thebestsocial.media\/de\/franken-und-ihre-liebe-zum-dialekt\/","og_locale":"de_DE","og_type":"article","og_title":"Dahoam is Dahoam: Die Franken und ihre Liebe zum Dialekt","og_description":"\u00dcber das Frankenland, seine Bewohner und den Dialekt - 13 Posts, bei denen ihr euch hoffentlich vor Lachn in die Husn brunnst:","og_url":"https:\/\/www.thebestsocial.media\/de\/franken-und-ihre-liebe-zum-dialekt\/","og_site_name":"The Best Social Media DE","article_published_time":"2022-11-16T15:45:48+00:00","article_modified_time":"2022-11-16T16:20:34+00:00","og_image":[{"width":1200,"height":630,"url":"https:\/\/www.thebestsocial.media\/de\/wp-content\/uploads\/sites\/3\/2022\/11\/header-franken.png","type":"image\/png"}],"author":"Lea","twitter_card":"summary_large_image","twitter_misc":{"Verfasst von":"Lea","Gesch\u00e4tzte Lesezeit":"4\u00a0Minuten"},"schema":{"@context":"https:\/\/schema.org","@graph":[{"@type":"Article","@id":"https:\/\/www.thebestsocial.media\/de\/franken-und-ihre-liebe-zum-dialekt\/#article","isPartOf":{"@id":"https:\/\/www.thebestsocial.media\/de\/franken-und-ihre-liebe-zum-dialekt\/"},"author":{"name":"Lea","@id":"https:\/\/www.thebestsocial.media\/de\/#\/schema\/person\/bb9d89d5ad944f3bb530722c8914ad89"},"headline":"Dahoam is Dahoam: Die Franken und ihre Liebe zum Dialekt","datePublished":"2022-11-16T15:45:48+00:00","dateModified":"2022-11-16T16:20:34+00:00","mainEntityOfPage":{"@id":"https:\/\/www.thebestsocial.media\/de\/franken-und-ihre-liebe-zum-dialekt\/"},"wordCount":590,"commentCount":0,"image":{"@id":"https:\/\/www.thebestsocial.media\/de\/franken-und-ihre-liebe-zum-dialekt\/#primaryimage"},"thumbnailUrl":"https:\/\/www.thebestsocial.media\/de\/wp-content\/uploads\/sites\/3\/2022\/11\/nuremberg-gaabdbbe4b_1920.jpg","keywords":["Franken","Frankenland"],"articleSection":["Best of","Community"],"inLanguage":"de","potentialAction":[{"@type":"CommentAction","name":"Comment","target":["https:\/\/www.thebestsocial.media\/de\/franken-und-ihre-liebe-zum-dialekt\/#respond"]}]},{"@type":"WebPage","@id":"https:\/\/www.thebestsocial.media\/de\/franken-und-ihre-liebe-zum-dialekt\/","url":"https:\/\/www.thebestsocial.media\/de\/franken-und-ihre-liebe-zum-dialekt\/","name":"Dahoam is Dahoam: Die Franken und ihre Liebe zum Dialekt","isPartOf":{"@id":"https:\/\/www.thebestsocial.media\/de\/#website"},"primaryImageOfPage":{"@id":"https:\/\/www.thebestsocial.media\/de\/franken-und-ihre-liebe-zum-dialekt\/#primaryimage"},"image":{"@id":"https:\/\/www.thebestsocial.media\/de\/franken-und-ihre-liebe-zum-dialekt\/#primaryimage"},"thumbnailUrl":"https:\/\/www.thebestsocial.media\/de\/wp-content\/uploads\/sites\/3\/2022\/11\/nuremberg-gaabdbbe4b_1920.jpg","datePublished":"2022-11-16T15:45:48+00:00","dateModified":"2022-11-16T16:20:34+00:00","author":{"@id":"https:\/\/www.thebestsocial.media\/de\/#\/schema\/person\/bb9d89d5ad944f3bb530722c8914ad89"},"description":"\u00dcber das Frankenland, seine Bewohner und den Dialekt - 13 Posts, bei denen ihr euch hoffentlich vor Lachn in die Husn brunnst:","breadcrumb":{"@id":"https:\/\/www.thebestsocial.media\/de\/franken-und-ihre-liebe-zum-dialekt\/#breadcrumb"},"inLanguage":"de","potentialAction":[{"@type":"ReadAction","target":["https:\/\/www.thebestsocial.media\/de\/franken-und-ihre-liebe-zum-dialekt\/"]}]},{"@type":"ImageObject","inLanguage":"de","@id":"https:\/\/www.thebestsocial.media\/de\/franken-und-ihre-liebe-zum-dialekt\/#primaryimage","url":"https:\/\/www.thebestsocial.media\/de\/wp-content\/uploads\/sites\/3\/2022\/11\/nuremberg-gaabdbbe4b_1920.jpg","contentUrl":"https:\/\/www.thebestsocial.media\/de\/wp-content\/uploads\/sites\/3\/2022\/11\/nuremberg-gaabdbbe4b_1920.jpg","width":1920,"height":1440},{"@type":"BreadcrumbList","@id":"https:\/\/www.thebestsocial.media\/de\/franken-und-ihre-liebe-zum-dialekt\/#breadcrumb","itemListElement":[{"@type":"ListItem","position":1,"name":"Home","item":"https:\/\/www.thebestsocial.media\/de\/"},{"@type":"ListItem","position":2,"name":"Dahoam is Dahoam: Die Franken und ihre Liebe zum Dialekt"}]},{"@type":"WebSite","@id":"https:\/\/www.thebestsocial.media\/de\/#website","url":"https:\/\/www.thebestsocial.media\/de\/","name":"The Best Social Media DE","description":"","potentialAction":[{"@type":"SearchAction","target":{"@type":"EntryPoint","urlTemplate":"https:\/\/www.thebestsocial.media\/de\/?s={search_term_string}"},"query-input":{"@type":"PropertyValueSpecification","valueRequired":true,"valueName":"search_term_string"}}],"inLanguage":"de"},{"@type":"Person","@id":"https:\/\/www.thebestsocial.media\/de\/#\/schema\/person\/bb9d89d5ad944f3bb530722c8914ad89","name":"Lea","image":{"@type":"ImageObject","inLanguage":"de","@id":"https:\/\/secure.gravatar.com\/avatar\/572526d0641f829a52d7692ed43a20d1f02796367e1eea965858d2d2787f4c33?s=96&d=mm&r=g","url":"https:\/\/secure.gravatar.com\/avatar\/572526d0641f829a52d7692ed43a20d1f02796367e1eea965858d2d2787f4c33?s=96&d=mm&r=g","contentUrl":"https:\/\/secure.gravatar.com\/avatar\/572526d0641f829a52d7692ed43a20d1f02796367e1eea965858d2d2787f4c33?s=96&d=mm&r=g","caption":"Lea"},"url":"https:\/\/www.thebestsocial.media\/de\/author\/leascheel\/"}]}},"amp_enabled":true,"_links":{"self":[{"href":"https:\/\/www.thebestsocial.media\/de\/wp-json\/wp\/v2\/posts\/169677","targetHints":{"allow":["GET"]}}],"collection":[{"href":"https:\/\/www.thebestsocial.media\/de\/wp-json\/wp\/v2\/posts"}],"about":[{"href":"https:\/\/www.thebestsocial.media\/de\/wp-json\/wp\/v2\/types\/post"}],"author":[{"embeddable":true,"href":"https:\/\/www.thebestsocial.media\/de\/wp-json\/wp\/v2\/users\/104"}],"replies":[{"embeddable":true,"href":"https:\/\/www.thebestsocial.media\/de\/wp-json\/wp\/v2\/comments?post=169677"}],"version-history":[{"count":26,"href":"https:\/\/www.thebestsocial.media\/de\/wp-json\/wp\/v2\/posts\/169677\/revisions"}],"predecessor-version":[{"id":169712,"href":"https:\/\/www.thebestsocial.media\/de\/wp-json\/wp\/v2\/posts\/169677\/revisions\/169712"}],"wp:featuredmedia":[{"embeddable":true,"href":"https:\/\/www.thebestsocial.media\/de\/wp-json\/wp\/v2\/media\/169706"}],"wp:attachment":[{"href":"https:\/\/www.thebestsocial.media\/de\/wp-json\/wp\/v2\/media?parent=169677"}],"wp:term":[{"taxonomy":"category","embeddable":true,"href":"https:\/\/www.thebestsocial.media\/de\/wp-json\/wp\/v2\/categories?post=169677"},{"taxonomy":"post_tag","embeddable":true,"href":"https:\/\/www.thebestsocial.media\/de\/wp-json\/wp\/v2\/tags?post=169677"}],"curies":[{"name":"wp","href":"https:\/\/api.w.org\/{rel}","templated":true}]}}