{"id":168713,"date":"2022-11-04T14:07:48","date_gmt":"2022-11-04T14:07:48","guid":{"rendered":"https:\/\/www.thebestsocial.media\/de\/?p=168713"},"modified":"2022-11-04T14:07:48","modified_gmt":"2022-11-04T14:07:48","slug":"vier-tage-woche","status":"publish","type":"post","link":"https:\/\/www.thebestsocial.media\/de\/vier-tage-woche\/","title":{"rendered":"Weniger Arbeit, mehr Effizienz: Was bringt eine Vier-Tage-Woche?"},"content":{"rendered":"<p>Den Traum der Vier-Tage-Woche tr\u00e4umen viele Arbeitnehmer in Deutschland. Was einzelne Unternehmen bereits eingef\u00fchrt haben, bleibt leider f\u00fcr die meisten weiterhin unerf\u00fcllt. Vier Tage arbeiten, drei Tage frei &#8211; das alles bei vollem Gehalt und vollen Urlaubstagen. Klingt zu sch\u00f6n um wahr zu sein. Auch Twitter diskutiert:<\/p>\n<p>&nbsp;<\/p>\n<h3>1. Geh heute noch Lotto spielen!<\/h3>\n<blockquote class=\"twitter-tweet\">\n<p dir=\"ltr\" lang=\"de\">kneift mich bitte mal jemand, ich hatte eben ein personalgespr\u00e4ch und bekomme jetzt einen laptop+homeoffice-option, ein jobticket und eine 4-tage-woche???<\/p>\n<p>\u2014 M11 (@meltronom) <a href=\"https:\/\/twitter.com\/meltronom\/status\/1585574706475945984?ref_src=twsrc%5Etfw\">October 27, 2022<\/a><\/p><\/blockquote>\n<p><script async src=\"https:\/\/platform.twitter.com\/widgets.js\" charset=\"utf-8\"><\/script><\/p>\n<p>&nbsp;<\/p>\n<h3>2. Ja, warum eigentlich?<\/h3>\n<blockquote class=\"twitter-tweet\">\n<p dir=\"ltr\" lang=\"de\">warum arbeiten alle an resilienz und nicht an der 4 tage woche<\/p>\n<p>\u2014 \ud83e\udee7 miss mal so mal so (@missmalsomals0) <a href=\"https:\/\/twitter.com\/missmalsomals0\/status\/1584866144095440896?ref_src=twsrc%5Etfw\">October 25, 2022<\/a><\/p><\/blockquote>\n<p><script async src=\"https:\/\/platform.twitter.com\/widgets.js\" charset=\"utf-8\"><\/script><\/p>\n<p>&nbsp;<\/p>\n<h3>3. Ein Grund zum Feiern:<\/h3>\n<blockquote class=\"twitter-tweet\">\n<p dir=\"ltr\" lang=\"de\">Ab dem 01.01. f\u00fchrt mein Arbeitgeber die 4-Tage-Woche ein \ud83e\udd73<\/p>\n<p>\u2014 luca (@meerluschoz) <a href=\"https:\/\/twitter.com\/meerluschoz\/status\/1584941755824508928?ref_src=twsrc%5Etfw\">October 25, 2022<\/a><\/p><\/blockquote>\n<p><script async src=\"https:\/\/platform.twitter.com\/widgets.js\" charset=\"utf-8\"><\/script><\/p>\n<p>&nbsp;<\/p>\n<h3>4. Faktencheck:<\/h3>\n<blockquote class=\"twitter-tweet\">\n<p dir=\"ltr\" lang=\"de\">Das die 4 Tage Woche die gleiche Produktivit\u00e4t ergibt, die Mitarbeiter zufriedener sind und weniger im Krankenstand, haben zahlreiche Probel\u00e4ufe in Firmen mittlerweile belegt. Mit dem Realismus sollten Sie bei sich selbst beginnen.<\/p>\n<p>\u2014 wernepro (@wernepro) <a href=\"https:\/\/twitter.com\/wernepro\/status\/1586251637169049600?ref_src=twsrc%5Etfw\">October 29, 2022<\/a><\/p><\/blockquote>\n<p><script async src=\"https:\/\/platform.twitter.com\/widgets.js\" charset=\"utf-8\"><\/script><\/p>\n<p>&nbsp;<\/p>\n<h3>5. Wann ziehen wir endlich nach?<\/h3>\n<blockquote class=\"twitter-tweet\">\n<p dir=\"ltr\" lang=\"de\">Belgien f\u00fchrt die 4-Tage-Arbeitswoche ein. Jeder Arbeitnehmer hat das Recht, nur vier Tage zu arbeiten und daf\u00fcr das gleiche Gehalt zu bekommen.<\/p>\n<p>\u2014 Faktastisch (@faktastisch) <a href=\"https:\/\/twitter.com\/faktastisch\/status\/1494591034378104860?ref_src=twsrc%5Etfw\">February 18, 2022<\/a><\/p><\/blockquote>\n<p><script async src=\"https:\/\/platform.twitter.com\/widgets.js\" charset=\"utf-8\"><\/script><\/p>\n<p>&nbsp;<\/p>\n<h3>6. Gar nicht&#8230;?<\/h3>\n<blockquote class=\"twitter-tweet\">\n<p dir=\"ltr\" lang=\"de\">Ich will ____ arbeiten. Vier Tage pro Woche w\u00e4ren perfekt.<\/p>\n<p>a) wenig<br \/>\nb) weniger<\/p>\n<p>\u2014 DW Deutsch lernen (@dw_learngerman) <a href=\"https:\/\/twitter.com\/dw_learngerman\/status\/1350231376776331268?ref_src=twsrc%5Etfw\">January 16, 2021<\/a><\/p><\/blockquote>\n<p><script async src=\"https:\/\/platform.twitter.com\/widgets.js\" charset=\"utf-8\"><\/script><\/p>\n<p>&nbsp;<\/p>\n<h3>7. Alle, die einen Feiertag hatten, so:<\/h3>\n<blockquote class=\"twitter-tweet\">\n<p dir=\"ltr\" lang=\"de\">K\u00f6nnte mich an eine 4-Tage-Woche glatt gew\u00f6hnen.<\/p>\n<p>\u2014 Hamburgina (@KaiserKaro) <a href=\"https:\/\/twitter.com\/KaiserKaro\/status\/1587368147824279552?ref_src=twsrc%5Etfw\">November 1, 2022<\/a><\/p><\/blockquote>\n<p><script async src=\"https:\/\/platform.twitter.com\/widgets.js\" charset=\"utf-8\"><\/script><\/p>\n<p>&nbsp;<\/p>\n<h3>8. Na, wer musste \u00fcberlegen?<\/h3>\n<blockquote class=\"twitter-tweet\">\n<p dir=\"ltr\" lang=\"de\">6 Bagger brauchen vier Tage um eine Grube auszuheben wenn sie t\u00e4glich 5 Stunden arbeiten.<\/p>\n<p>Wie lange brauchen 5 Bagger bei t\u00e4glich 8 Stunden?<\/p>\n<p>\u2014 Casus der \u00c4ltere (@DerCasus) <a href=\"https:\/\/twitter.com\/DerCasus\/status\/1235555116825980928?ref_src=twsrc%5Etfw\">March 5, 2020<\/a><\/p><\/blockquote>\n<p><script async src=\"https:\/\/platform.twitter.com\/widgets.js\" charset=\"utf-8\"><\/script><\/p>\n<p>&nbsp;<\/p>\n<p>&nbsp;<\/p>\n<p><strong>___<\/strong><br \/>\n<strong>Vielen Dank an alle f\u00fcr die Posts!<\/strong><\/p>\n<p><strong>___<\/strong><\/p>\n<p>Achtung! Freelance Community Manager (m\/w\/d) gesucht!\u00a0<a href=\"https:\/\/www.thebestsocialjobs.com\/de\/stelle\/freelance-community-manager-german-speaking\/\" target=\"_blank\" rel=\"noopener\">Hier entlang<\/a>, bitte.<\/p>\n","protected":false},"excerpt":{"rendered":"<p>Den Traum der Vier-Tage-Woche tr\u00e4umen viele Arbeitnehmer in Deutschland. Was einzelne Unternehmen bereits eingef\u00fchrt haben, bleibt leider f\u00fcr die meisten weiterhin unerf\u00fcllt. Vier Tage arbeiten,&#8230;<\/p>\n","protected":false},"author":104,"featured_media":168725,"comment_status":"open","ping_status":"open","sticky":false,"template":"","format":"standard","meta":{"_acf_changed":false,"footnotes":""},"categories":[4728,35],"tags":[1409,5357],"class_list":["post-168713","post","type-post","status-publish","format-standard","has-post-thumbnail","hentry","category-diskussion","category-twitter","tag-arbeit","tag-vier-tage-woche"],"acf":[],"yoast_head":"<!-- This site is optimized with the Yoast SEO plugin v27.4 - https:\/\/yoast.com\/product\/yoast-seo-wordpress\/ -->\n<title>Weniger Arbeit, mehr Effizienz: Was bringt eine Vier-Tage-Woche?<\/title>\n<meta name=\"description\" content=\"Vier Tage arbeiten und drei Tage frei haben, das w\u00fcnschen sich viele Arbeitnehmer. Twitter reagiert auf die Vier-Tage-Woche.\" \/>\n<meta name=\"robots\" content=\"index, follow, max-snippet:-1, max-image-preview:large, max-video-preview:-1\" \/>\n<link rel=\"canonical\" href=\"https:\/\/www.thebestsocial.media\/de\/vier-tage-woche\/\" \/>\n<meta property=\"og:locale\" content=\"de_DE\" \/>\n<meta property=\"og:type\" content=\"article\" \/>\n<meta property=\"og:title\" content=\"Weniger Arbeit, mehr Effizienz: Was bringt eine Vier-Tage-Woche?\" \/>\n<meta property=\"og:description\" content=\"Vier Tage arbeiten und drei Tage frei haben, das w\u00fcnschen sich viele Arbeitnehmer. Twitter reagiert auf die Vier-Tage-Woche.\" \/>\n<meta property=\"og:url\" content=\"https:\/\/www.thebestsocial.media\/de\/vier-tage-woche\/\" \/>\n<meta property=\"og:site_name\" content=\"The Best Social Media DE\" \/>\n<meta property=\"article:published_time\" content=\"2022-11-04T14:07:48+00:00\" \/>\n<meta property=\"og:image\" content=\"https:\/\/www.thebestsocial.media\/de\/wp-content\/uploads\/sites\/3\/2022\/11\/header-viertagewoche.png\" \/>\n\t<meta property=\"og:image:width\" content=\"1200\" \/>\n\t<meta property=\"og:image:height\" content=\"630\" \/>\n\t<meta property=\"og:image:type\" content=\"image\/png\" \/>\n<meta name=\"author\" content=\"Lea\" \/>\n<meta name=\"twitter:card\" content=\"summary_large_image\" \/>\n<meta name=\"twitter:label1\" content=\"Verfasst von\" \/>\n\t<meta name=\"twitter:data1\" content=\"Lea\" \/>\n\t<meta name=\"twitter:label2\" content=\"Gesch\u00e4tzte Lesezeit\" \/>\n\t<meta name=\"twitter:data2\" content=\"2\u00a0Minuten\" \/>\n<script type=\"application\/ld+json\" class=\"yoast-schema-graph\">{\"@context\":\"https:\\\/\\\/schema.org\",\"@graph\":[{\"@type\":\"Article\",\"@id\":\"https:\\\/\\\/www.thebestsocial.media\\\/de\\\/vier-tage-woche\\\/#article\",\"isPartOf\":{\"@id\":\"https:\\\/\\\/www.thebestsocial.media\\\/de\\\/vier-tage-woche\\\/\"},\"author\":{\"name\":\"Lea\",\"@id\":\"https:\\\/\\\/www.thebestsocial.media\\\/de\\\/#\\\/schema\\\/person\\\/bb9d89d5ad944f3bb530722c8914ad89\"},\"headline\":\"Weniger Arbeit, mehr Effizienz: Was bringt eine Vier-Tage-Woche?\",\"datePublished\":\"2022-11-04T14:07:48+00:00\",\"mainEntityOfPage\":{\"@id\":\"https:\\\/\\\/www.thebestsocial.media\\\/de\\\/vier-tage-woche\\\/\"},\"wordCount\":297,\"commentCount\":0,\"image\":{\"@id\":\"https:\\\/\\\/www.thebestsocial.media\\\/de\\\/vier-tage-woche\\\/#primaryimage\"},\"thumbnailUrl\":\"https:\\\/\\\/www.thebestsocial.media\\\/de\\\/wp-content\\\/uploads\\\/sites\\\/3\\\/2022\\\/11\\\/viertagewoche.jpg\",\"keywords\":[\"Arbeit\",\"Vier-Tage-Woche\"],\"articleSection\":[\"Diskussion\",\"Twitter\"],\"inLanguage\":\"de\",\"potentialAction\":[{\"@type\":\"CommentAction\",\"name\":\"Comment\",\"target\":[\"https:\\\/\\\/www.thebestsocial.media\\\/de\\\/vier-tage-woche\\\/#respond\"]}]},{\"@type\":\"WebPage\",\"@id\":\"https:\\\/\\\/www.thebestsocial.media\\\/de\\\/vier-tage-woche\\\/\",\"url\":\"https:\\\/\\\/www.thebestsocial.media\\\/de\\\/vier-tage-woche\\\/\",\"name\":\"Weniger Arbeit, mehr Effizienz: Was bringt eine Vier-Tage-Woche?\",\"isPartOf\":{\"@id\":\"https:\\\/\\\/www.thebestsocial.media\\\/de\\\/#website\"},\"primaryImageOfPage\":{\"@id\":\"https:\\\/\\\/www.thebestsocial.media\\\/de\\\/vier-tage-woche\\\/#primaryimage\"},\"image\":{\"@id\":\"https:\\\/\\\/www.thebestsocial.media\\\/de\\\/vier-tage-woche\\\/#primaryimage\"},\"thumbnailUrl\":\"https:\\\/\\\/www.thebestsocial.media\\\/de\\\/wp-content\\\/uploads\\\/sites\\\/3\\\/2022\\\/11\\\/viertagewoche.jpg\",\"datePublished\":\"2022-11-04T14:07:48+00:00\",\"author\":{\"@id\":\"https:\\\/\\\/www.thebestsocial.media\\\/de\\\/#\\\/schema\\\/person\\\/bb9d89d5ad944f3bb530722c8914ad89\"},\"description\":\"Vier Tage arbeiten und drei Tage frei haben, das w\u00fcnschen sich viele Arbeitnehmer. Twitter reagiert auf die Vier-Tage-Woche.\",\"breadcrumb\":{\"@id\":\"https:\\\/\\\/www.thebestsocial.media\\\/de\\\/vier-tage-woche\\\/#breadcrumb\"},\"inLanguage\":\"de\",\"potentialAction\":[{\"@type\":\"ReadAction\",\"target\":[\"https:\\\/\\\/www.thebestsocial.media\\\/de\\\/vier-tage-woche\\\/\"]}]},{\"@type\":\"ImageObject\",\"inLanguage\":\"de\",\"@id\":\"https:\\\/\\\/www.thebestsocial.media\\\/de\\\/vier-tage-woche\\\/#primaryimage\",\"url\":\"https:\\\/\\\/www.thebestsocial.media\\\/de\\\/wp-content\\\/uploads\\\/sites\\\/3\\\/2022\\\/11\\\/viertagewoche.jpg\",\"contentUrl\":\"https:\\\/\\\/www.thebestsocial.media\\\/de\\\/wp-content\\\/uploads\\\/sites\\\/3\\\/2022\\\/11\\\/viertagewoche.jpg\",\"width\":1920,\"height\":1281},{\"@type\":\"BreadcrumbList\",\"@id\":\"https:\\\/\\\/www.thebestsocial.media\\\/de\\\/vier-tage-woche\\\/#breadcrumb\",\"itemListElement\":[{\"@type\":\"ListItem\",\"position\":1,\"name\":\"Home\",\"item\":\"https:\\\/\\\/www.thebestsocial.media\\\/de\\\/\"},{\"@type\":\"ListItem\",\"position\":2,\"name\":\"Weniger Arbeit, mehr Effizienz: Was bringt eine Vier-Tage-Woche?\"}]},{\"@type\":\"WebSite\",\"@id\":\"https:\\\/\\\/www.thebestsocial.media\\\/de\\\/#website\",\"url\":\"https:\\\/\\\/www.thebestsocial.media\\\/de\\\/\",\"name\":\"The Best Social Media DE\",\"description\":\"\",\"potentialAction\":[{\"@type\":\"SearchAction\",\"target\":{\"@type\":\"EntryPoint\",\"urlTemplate\":\"https:\\\/\\\/www.thebestsocial.media\\\/de\\\/?s={search_term_string}\"},\"query-input\":{\"@type\":\"PropertyValueSpecification\",\"valueRequired\":true,\"valueName\":\"search_term_string\"}}],\"inLanguage\":\"de\"},{\"@type\":\"Person\",\"@id\":\"https:\\\/\\\/www.thebestsocial.media\\\/de\\\/#\\\/schema\\\/person\\\/bb9d89d5ad944f3bb530722c8914ad89\",\"name\":\"Lea\",\"image\":{\"@type\":\"ImageObject\",\"inLanguage\":\"de\",\"@id\":\"https:\\\/\\\/secure.gravatar.com\\\/avatar\\\/572526d0641f829a52d7692ed43a20d1f02796367e1eea965858d2d2787f4c33?s=96&d=mm&r=g\",\"url\":\"https:\\\/\\\/secure.gravatar.com\\\/avatar\\\/572526d0641f829a52d7692ed43a20d1f02796367e1eea965858d2d2787f4c33?s=96&d=mm&r=g\",\"contentUrl\":\"https:\\\/\\\/secure.gravatar.com\\\/avatar\\\/572526d0641f829a52d7692ed43a20d1f02796367e1eea965858d2d2787f4c33?s=96&d=mm&r=g\",\"caption\":\"Lea\"},\"url\":\"https:\\\/\\\/www.thebestsocial.media\\\/de\\\/author\\\/leascheel\\\/\"}]}<\/script>\n<!-- \/ Yoast SEO plugin. -->","yoast_head_json":{"title":"Weniger Arbeit, mehr Effizienz: Was bringt eine Vier-Tage-Woche?","description":"Vier Tage arbeiten und drei Tage frei haben, das w\u00fcnschen sich viele Arbeitnehmer. Twitter reagiert auf die Vier-Tage-Woche.","robots":{"index":"index","follow":"follow","max-snippet":"max-snippet:-1","max-image-preview":"max-image-preview:large","max-video-preview":"max-video-preview:-1"},"canonical":"https:\/\/www.thebestsocial.media\/de\/vier-tage-woche\/","og_locale":"de_DE","og_type":"article","og_title":"Weniger Arbeit, mehr Effizienz: Was bringt eine Vier-Tage-Woche?","og_description":"Vier Tage arbeiten und drei Tage frei haben, das w\u00fcnschen sich viele Arbeitnehmer. Twitter reagiert auf die Vier-Tage-Woche.","og_url":"https:\/\/www.thebestsocial.media\/de\/vier-tage-woche\/","og_site_name":"The Best Social Media DE","article_published_time":"2022-11-04T14:07:48+00:00","og_image":[{"width":1200,"height":630,"url":"https:\/\/www.thebestsocial.media\/de\/wp-content\/uploads\/sites\/3\/2022\/11\/header-viertagewoche.png","type":"image\/png"}],"author":"Lea","twitter_card":"summary_large_image","twitter_misc":{"Verfasst von":"Lea","Gesch\u00e4tzte Lesezeit":"2\u00a0Minuten"},"schema":{"@context":"https:\/\/schema.org","@graph":[{"@type":"Article","@id":"https:\/\/www.thebestsocial.media\/de\/vier-tage-woche\/#article","isPartOf":{"@id":"https:\/\/www.thebestsocial.media\/de\/vier-tage-woche\/"},"author":{"name":"Lea","@id":"https:\/\/www.thebestsocial.media\/de\/#\/schema\/person\/bb9d89d5ad944f3bb530722c8914ad89"},"headline":"Weniger Arbeit, mehr Effizienz: Was bringt eine Vier-Tage-Woche?","datePublished":"2022-11-04T14:07:48+00:00","mainEntityOfPage":{"@id":"https:\/\/www.thebestsocial.media\/de\/vier-tage-woche\/"},"wordCount":297,"commentCount":0,"image":{"@id":"https:\/\/www.thebestsocial.media\/de\/vier-tage-woche\/#primaryimage"},"thumbnailUrl":"https:\/\/www.thebestsocial.media\/de\/wp-content\/uploads\/sites\/3\/2022\/11\/viertagewoche.jpg","keywords":["Arbeit","Vier-Tage-Woche"],"articleSection":["Diskussion","Twitter"],"inLanguage":"de","potentialAction":[{"@type":"CommentAction","name":"Comment","target":["https:\/\/www.thebestsocial.media\/de\/vier-tage-woche\/#respond"]}]},{"@type":"WebPage","@id":"https:\/\/www.thebestsocial.media\/de\/vier-tage-woche\/","url":"https:\/\/www.thebestsocial.media\/de\/vier-tage-woche\/","name":"Weniger Arbeit, mehr Effizienz: Was bringt eine Vier-Tage-Woche?","isPartOf":{"@id":"https:\/\/www.thebestsocial.media\/de\/#website"},"primaryImageOfPage":{"@id":"https:\/\/www.thebestsocial.media\/de\/vier-tage-woche\/#primaryimage"},"image":{"@id":"https:\/\/www.thebestsocial.media\/de\/vier-tage-woche\/#primaryimage"},"thumbnailUrl":"https:\/\/www.thebestsocial.media\/de\/wp-content\/uploads\/sites\/3\/2022\/11\/viertagewoche.jpg","datePublished":"2022-11-04T14:07:48+00:00","author":{"@id":"https:\/\/www.thebestsocial.media\/de\/#\/schema\/person\/bb9d89d5ad944f3bb530722c8914ad89"},"description":"Vier Tage arbeiten und drei Tage frei haben, das w\u00fcnschen sich viele Arbeitnehmer. Twitter reagiert auf die Vier-Tage-Woche.","breadcrumb":{"@id":"https:\/\/www.thebestsocial.media\/de\/vier-tage-woche\/#breadcrumb"},"inLanguage":"de","potentialAction":[{"@type":"ReadAction","target":["https:\/\/www.thebestsocial.media\/de\/vier-tage-woche\/"]}]},{"@type":"ImageObject","inLanguage":"de","@id":"https:\/\/www.thebestsocial.media\/de\/vier-tage-woche\/#primaryimage","url":"https:\/\/www.thebestsocial.media\/de\/wp-content\/uploads\/sites\/3\/2022\/11\/viertagewoche.jpg","contentUrl":"https:\/\/www.thebestsocial.media\/de\/wp-content\/uploads\/sites\/3\/2022\/11\/viertagewoche.jpg","width":1920,"height":1281},{"@type":"BreadcrumbList","@id":"https:\/\/www.thebestsocial.media\/de\/vier-tage-woche\/#breadcrumb","itemListElement":[{"@type":"ListItem","position":1,"name":"Home","item":"https:\/\/www.thebestsocial.media\/de\/"},{"@type":"ListItem","position":2,"name":"Weniger Arbeit, mehr Effizienz: Was bringt eine Vier-Tage-Woche?"}]},{"@type":"WebSite","@id":"https:\/\/www.thebestsocial.media\/de\/#website","url":"https:\/\/www.thebestsocial.media\/de\/","name":"The Best Social Media DE","description":"","potentialAction":[{"@type":"SearchAction","target":{"@type":"EntryPoint","urlTemplate":"https:\/\/www.thebestsocial.media\/de\/?s={search_term_string}"},"query-input":{"@type":"PropertyValueSpecification","valueRequired":true,"valueName":"search_term_string"}}],"inLanguage":"de"},{"@type":"Person","@id":"https:\/\/www.thebestsocial.media\/de\/#\/schema\/person\/bb9d89d5ad944f3bb530722c8914ad89","name":"Lea","image":{"@type":"ImageObject","inLanguage":"de","@id":"https:\/\/secure.gravatar.com\/avatar\/572526d0641f829a52d7692ed43a20d1f02796367e1eea965858d2d2787f4c33?s=96&d=mm&r=g","url":"https:\/\/secure.gravatar.com\/avatar\/572526d0641f829a52d7692ed43a20d1f02796367e1eea965858d2d2787f4c33?s=96&d=mm&r=g","contentUrl":"https:\/\/secure.gravatar.com\/avatar\/572526d0641f829a52d7692ed43a20d1f02796367e1eea965858d2d2787f4c33?s=96&d=mm&r=g","caption":"Lea"},"url":"https:\/\/www.thebestsocial.media\/de\/author\/leascheel\/"}]}},"amp_enabled":true,"_links":{"self":[{"href":"https:\/\/www.thebestsocial.media\/de\/wp-json\/wp\/v2\/posts\/168713","targetHints":{"allow":["GET"]}}],"collection":[{"href":"https:\/\/www.thebestsocial.media\/de\/wp-json\/wp\/v2\/posts"}],"about":[{"href":"https:\/\/www.thebestsocial.media\/de\/wp-json\/wp\/v2\/types\/post"}],"author":[{"embeddable":true,"href":"https:\/\/www.thebestsocial.media\/de\/wp-json\/wp\/v2\/users\/104"}],"replies":[{"embeddable":true,"href":"https:\/\/www.thebestsocial.media\/de\/wp-json\/wp\/v2\/comments?post=168713"}],"version-history":[{"count":13,"href":"https:\/\/www.thebestsocial.media\/de\/wp-json\/wp\/v2\/posts\/168713\/revisions"}],"predecessor-version":[{"id":168778,"href":"https:\/\/www.thebestsocial.media\/de\/wp-json\/wp\/v2\/posts\/168713\/revisions\/168778"}],"wp:featuredmedia":[{"embeddable":true,"href":"https:\/\/www.thebestsocial.media\/de\/wp-json\/wp\/v2\/media\/168725"}],"wp:attachment":[{"href":"https:\/\/www.thebestsocial.media\/de\/wp-json\/wp\/v2\/media?parent=168713"}],"wp:term":[{"taxonomy":"category","embeddable":true,"href":"https:\/\/www.thebestsocial.media\/de\/wp-json\/wp\/v2\/categories?post=168713"},{"taxonomy":"post_tag","embeddable":true,"href":"https:\/\/www.thebestsocial.media\/de\/wp-json\/wp\/v2\/tags?post=168713"}],"curies":[{"name":"wp","href":"https:\/\/api.w.org\/{rel}","templated":true}]}}