{"id":168682,"date":"2022-11-03T15:08:55","date_gmt":"2022-11-03T15:08:55","guid":{"rendered":"https:\/\/www.thebestsocial.media\/de\/?p=168682"},"modified":"2022-11-03T15:08:55","modified_gmt":"2022-11-03T15:08:55","slug":"das-49-euro-ticket","status":"publish","type":"post","link":"https:\/\/www.thebestsocial.media\/de\/das-49-euro-ticket\/","title":{"rendered":"F\u00fcr mehr Mobilit\u00e4t: Comeback des 9\u20ac-Tickets! Diesmal jedoch 40\u20ac teurer!"},"content":{"rendered":"<p>Der gro\u00dfe Erfolg des 9\u20ac-Tickets und dessen abruptes Ende lie\u00df in vielen Menschen den Wunsch nach einer Alternative entstehen. Die Regierung pr\u00e4sentiert das deutschlandweite Monatsticket f\u00fcr 49 \u20ac als drittes Entlastungspaket. Die Reaktionen darauf fallen unterschiedlich aus:<\/p>\n<p>&nbsp;<\/p>\n<h3>1. Endlich ist es so weit!<\/h3>\n<blockquote class=\"twitter-tweet\">\n<p dir=\"ltr\" lang=\"de\">Das <a href=\"https:\/\/twitter.com\/hashtag\/49EuroTicket?src=hash&amp;ref_src=twsrc%5Etfw\">#49EuroTicket<\/a> kommt!<\/p>\n<p>Die Finanzierung ist zwischen Bund und L\u00e4ndern gekl\u00e4rt. Bundesweit 49\u20ac f\u00fcr alle und ein Ende des nervigen Tarifdschungels.<br \/>\nDas h\u00e4tten viele sich noch vor ein paar Monaten nicht vorstellen k\u00f6nnen. Und jetzt wird das 49-Euro-Ticket Realit\u00e4t.<\/p>\n<p>\u2014 Ricarda Lang (@Ricarda_Lang) <a href=\"https:\/\/twitter.com\/Ricarda_Lang\/status\/1587864289523679234?ref_src=twsrc%5Etfw\">November 2, 2022<\/a><\/p><\/blockquote>\n<p><script async src=\"https:\/\/platform.twitter.com\/widgets.js\" charset=\"utf-8\"><\/script><\/p>\n<p>&nbsp;<\/p>\n<h3>2. Das Positive im Blick behalten:<\/h3>\n<blockquote class=\"twitter-tweet\">\n<p dir=\"ltr\" lang=\"de\">Trotz gro\u00dfer rumn\u00f6rgelei von allen Seiten, freue ich mich \u00fcber das <a href=\"https:\/\/twitter.com\/hashtag\/49EuroTicket?src=hash&amp;ref_src=twsrc%5Etfw\">#49EuroTicket<\/a>. \ud83d\ude0aIch spare damit 60 Euro im Monat und kann unkompliziert die Tarif Zonen wechseln.<br \/>\nMuss ja auch mal gesagt werden. \ud83d\ude0a<\/p>\n<p>\u2014 noel&amp;cleo (@noel_liebt_cleo) <a href=\"https:\/\/twitter.com\/noel_liebt_cleo\/status\/1588030658613485573?ref_src=twsrc%5Etfw\">November 3, 2022<\/a><\/p><\/blockquote>\n<p><script async src=\"https:\/\/platform.twitter.com\/widgets.js\" charset=\"utf-8\"><\/script><\/p>\n<p>&nbsp;<\/p>\n<h3>3. Nicht alle Verbindungsprobleme wurden gel\u00f6st:<\/h3>\n<blockquote class=\"twitter-tweet\">\n<p dir=\"ltr\" lang=\"de\">50 Prozent der Menschen auf dem Land bef\u00fcrworten das 49-Euro-Ticket.<br \/>\nDer Rest wartet noch auf stabiles Internet, damit die Nachricht bei ihnen ankommt.<\/p>\n<p>\u2014 ZDF heute-show (@heuteshow) <a href=\"https:\/\/twitter.com\/heuteshow\/status\/1587758656094863364?ref_src=twsrc%5Etfw\">November 2, 2022<\/a><\/p><\/blockquote>\n<p><script async src=\"https:\/\/platform.twitter.com\/widgets.js\" charset=\"utf-8\"><\/script><\/p>\n<p>&nbsp;<\/p>\n<h3>4. Begeisterung sieht aber anders aus&#8230;<\/h3>\n<blockquote class=\"twitter-tweet\">\n<p dir=\"ltr\" lang=\"de\">Ich wei\u00df ich wiederhole mich aber, das <a href=\"https:\/\/twitter.com\/hashtag\/49EuroTicket?src=hash&amp;ref_src=twsrc%5Etfw\">#49EuroTicket<\/a> ist und bleibt f\u00fcr einen Gro\u00dfteil der Bev\u00f6lkerung zu teuer. Alle Armutsbetroffenen bleiben von freier Mobilit\u00e4t ausgeschlossen.<a href=\"https:\/\/twitter.com\/hashtag\/IchBinArmutsbetroffen?src=hash&amp;ref_src=twsrc%5Etfw\">#IchBinArmutsbetroffen<\/a><\/p>\n<p>\u2014 Fahalen \ud83c\udfa4\ud83e\udd66\ud83e\ude79 (@Fahalen1) <a href=\"https:\/\/twitter.com\/Fahalen1\/status\/1587725730661761024?ref_src=twsrc%5Etfw\">November 2, 2022<\/a><\/p><\/blockquote>\n<p><script async src=\"https:\/\/platform.twitter.com\/widgets.js\" charset=\"utf-8\"><\/script><\/p>\n<p>&nbsp;<\/p>\n<h3>5. Kein w\u00fcrdiger Nachfolger!<\/h3>\n<blockquote class=\"twitter-tweet\">\n<p dir=\"ltr\" lang=\"de\">Ja, das <a href=\"https:\/\/twitter.com\/hashtag\/49EuroTicket?src=hash&amp;ref_src=twsrc%5Etfw\">#49EuroTicket<\/a> bringt eine leichte Verbesserung, aber es ist zu weit weg vom <a href=\"https:\/\/twitter.com\/hashtag\/9Euroticket?src=hash&amp;ref_src=twsrc%5Etfw\">#9Euroticket<\/a>! Au\u00dferdem hat es keinerlei soziale Komponente f\u00fcr einkommenslose Gruppen. Halbherzig &amp; mutlos f\u00fcr den Einstieg in eine wirkliche <a href=\"https:\/\/twitter.com\/hashtag\/Verkehrswende?src=hash&amp;ref_src=twsrc%5Etfw\">#Verkehrswende<\/a>. F\u00fcr uns hei\u00dft das weiter Druck machen!<\/p>\n<p>\u2014 Bernd Riexinger \u262e\ufe0e (@b_riexinger) <a href=\"https:\/\/twitter.com\/b_riexinger\/status\/1587924987000008707?ref_src=twsrc%5Etfw\">November 2, 2022<\/a><\/p><\/blockquote>\n<p><script async src=\"https:\/\/platform.twitter.com\/widgets.js\" charset=\"utf-8\"><\/script><\/p>\n<p>&nbsp;<\/p>\n<h3>6. Gute Idee, Umsetzung&#8230;naja:<\/h3>\n<blockquote class=\"twitter-tweet\">\n<p dir=\"ltr\" lang=\"de\">Ich gebe im Schnitt 10-30 Euro\/Monat f\u00fcr \u00d6PNV aus (nur Einzelfahrscheine). Trotzdem w\u00fcrde ich ein <a href=\"https:\/\/twitter.com\/hashtag\/49EuroTicket?src=hash&amp;ref_src=twsrc%5Etfw\">#49EuroTicket<\/a> kaufen, weil ich die Idee dahinter gut finde.<br \/>\nABER: Ich kann es mir halt auch leisten&#8230; Das k\u00f6nnen viele leider nicht, f\u00fcr die das Ticket viel wichtiger w\u00e4re.<\/p>\n<p>\u2014 \ud83c\udff3\ufe0f\u200d\ud83c\udf08 Jana Lilie \u269c (@janapurplepen) <a href=\"https:\/\/twitter.com\/janapurplepen\/status\/1587746061808029697?ref_src=twsrc%5Etfw\">November 2, 2022<\/a><\/p><\/blockquote>\n<p><script async src=\"https:\/\/platform.twitter.com\/widgets.js\" charset=\"utf-8\"><\/script><\/p>\n<p>&nbsp;<\/p>\n<h3>7. Das st\u00f6rt viele:<\/h3>\n<blockquote class=\"twitter-tweet\">\n<p dir=\"ltr\" lang=\"de\">Hey ihr Jubler \u00fcber das sog. <a href=\"https:\/\/twitter.com\/hashtag\/49Euroticket?src=hash&amp;ref_src=twsrc%5Etfw\">#49Euroticket<\/a>, ihr wisst schon das es ein Abo Modell wird und demn\u00e4chst teurer wird?<\/p>\n<p>Jahr f\u00fcr Jahr wird es teurer.<\/p>\n<p>Das &#8222;Ticket&#8220; ist Bullshit, ihr werdet es schon noch sehen.<\/p>\n<p>\u2014 Michael Mayr (@Nightmare_Keks) <a href=\"https:\/\/twitter.com\/Nightmare_Keks\/status\/1587859215246413825?ref_src=twsrc%5Etfw\">November 2, 2022<\/a><\/p><\/blockquote>\n<p><script async src=\"https:\/\/platform.twitter.com\/widgets.js\" charset=\"utf-8\"><\/script><\/p>\n<p>&nbsp;<\/p>\n<h3>8. Ein Teufelskreis:<\/h3>\n<blockquote class=\"twitter-tweet\">\n<p dir=\"ltr\" lang=\"de\">Das <a href=\"https:\/\/twitter.com\/hashtag\/49EuroTicket?src=hash&amp;ref_src=twsrc%5Etfw\">#49EuroTicket<\/a> kommt.<br \/>\nUnd es wird wenig nachgefragt werden, weil es f\u00fcr Viele zu teuer ist.<br \/>\nUnd dann wird jemand sagen: \u201eTja, war es wohl doch nicht gewollt.\u201c<br \/>\nUnd dann kotzen wir alle gemeinsam.<\/p>\n<p>\u2014 \ud83d\udc99\ud83d\udc9bKwink\ud83d\udc99\ud83d\udc9b (@LeKWiNK) <a href=\"https:\/\/twitter.com\/LeKWiNK\/status\/1587851475690086400?ref_src=twsrc%5Etfw\">November 2, 2022<\/a><\/p><\/blockquote>\n<p><script async src=\"https:\/\/platform.twitter.com\/widgets.js\" charset=\"utf-8\"><\/script><\/p>\n<p>&nbsp;<\/p>\n<h3>9. Da wurde sich preislich mehr erhofft.<\/h3>\n<blockquote class=\"twitter-tweet\">\n<p dir=\"ltr\" lang=\"de\"><a href=\"https:\/\/twitter.com\/hashtag\/49EuroTicket?src=hash&amp;ref_src=twsrc%5Etfw\">#49EuroTicket<\/a> ist f\u00fcr arme Menschen mindestens 40 Euro zu teuer.<br \/>\nEs braucht mindestens einen Sozialtarif in H\u00f6he von 9 Euro!<br \/>\nBerlin macht&#8217;s vor, es ist m\u00f6glich.<\/p>\n<p>\u2014 Riley Dubiel (@Riley_Dubiel) <a href=\"https:\/\/twitter.com\/Riley_Dubiel\/status\/1588082436264558592?ref_src=twsrc%5Etfw\">November 3, 2022<\/a><\/p><\/blockquote>\n<p><script async src=\"https:\/\/platform.twitter.com\/widgets.js\" charset=\"utf-8\"><\/script><\/p>\n<p>&nbsp;<\/p>\n<h3>10. Zusammengefasst gesagt:<\/h3>\n<blockquote class=\"twitter-tweet\">\n<p dir=\"ltr\" lang=\"de\">Das 49-Euro-Ticket ist ein lebenswerter Fortschritt, aber halt wie eine Bambus-Zahnb\u00fcrste f\u00fcr 8,99 Euro.<\/p>\n<p>Ist ne gute Idee, k\u00f6nnen sich aber viel zu wenige leisten, hilft dem Klima nur sehr eingeschr\u00e4nkt und sorgt schon gar nicht f\u00fcr soziale Gerechtigkeit.<\/p>\n<p>\u2014 Sebastian 23 (@mondschaf23) <a href=\"https:\/\/twitter.com\/mondschaf23\/status\/1588101258879160320?ref_src=twsrc%5Etfw\">November 3, 2022<\/a><\/p><\/blockquote>\n<p><script async src=\"https:\/\/platform.twitter.com\/widgets.js\" charset=\"utf-8\"><\/script><\/p>\n<p>&nbsp;<\/p>\n<p>&nbsp;<\/p>\n<p><strong>___<\/strong><br \/>\n<strong>Vielen Dank an alle f\u00fcr die Posts!<\/strong><\/p>\n<p><strong>___<\/strong><\/p>\n<p>Auf der Suche nach einem spannenden Praktikum, ohne Kaffeekochen und Kopieren, daf\u00fcr aber mit Verg\u00fctung?\u00a0<a href=\"https:\/\/www.thebestsocialjobs.com\/de\/stelle\/praktikant-redaktion-the-best-social-media\/\" target=\"_blank\" rel=\"noopener\">Hier<\/a>\u00a0entlang!<\/p>\n","protected":false},"excerpt":{"rendered":"<p>Der gro\u00dfe Erfolg des 9\u20ac-Tickets und dessen abruptes Ende lie\u00df in vielen Menschen den Wunsch nach einer Alternative entstehen. Die Regierung pr\u00e4sentiert das deutschlandweite Monatsticket&#8230;<\/p>\n","protected":false},"author":104,"featured_media":168704,"comment_status":"open","ping_status":"open","sticky":false,"template":"","format":"standard","meta":{"_acf_changed":false,"footnotes":""},"categories":[4728,35],"tags":[1209,412],"class_list":["post-168682","post","type-post","status-publish","format-standard","has-post-thumbnail","hentry","category-diskussion","category-twitter","tag-oepnv","tag-politik"],"acf":[],"yoast_head":"<!-- This site is optimized with the Yoast SEO plugin v27.4 - https:\/\/yoast.com\/product\/yoast-seo-wordpress\/ -->\n<title>Comeback des 9\u20ac-Tickets! Diesmal jedoch 40\u20ac teurer!<\/title>\n<meta name=\"description\" content=\"Nach langer Diskussion erh\u00e4lt das 49-Euro-Ticket endlich Einzug. Doch die erhoffte Begeisterung bleibt aus.\" \/>\n<meta name=\"robots\" content=\"index, follow, max-snippet:-1, max-image-preview:large, max-video-preview:-1\" \/>\n<link rel=\"canonical\" href=\"https:\/\/www.thebestsocial.media\/de\/das-49-euro-ticket\/\" \/>\n<meta property=\"og:locale\" content=\"de_DE\" \/>\n<meta property=\"og:type\" content=\"article\" \/>\n<meta property=\"og:title\" content=\"F\u00fcr mehr Mobilit\u00e4t: Comeback des 9\u20ac-Tickets! Diesmal jedoch 40\u20ac teurer!\" \/>\n<meta property=\"og:description\" content=\"Nach langer Diskussion erh\u00e4lt das 49-Euro-Ticket endlich Einzug. Doch die erhoffte Begeisterung bleibt aus.\" \/>\n<meta property=\"og:url\" content=\"https:\/\/www.thebestsocial.media\/de\/das-49-euro-ticket\/\" \/>\n<meta property=\"og:site_name\" content=\"The Best Social Media DE\" \/>\n<meta property=\"article:published_time\" content=\"2022-11-03T15:08:55+00:00\" \/>\n<meta property=\"og:image\" content=\"https:\/\/www.thebestsocial.media\/de\/wp-content\/uploads\/sites\/3\/2022\/11\/header-bahn.png\" \/>\n\t<meta property=\"og:image:width\" content=\"1200\" \/>\n\t<meta property=\"og:image:height\" content=\"630\" \/>\n\t<meta property=\"og:image:type\" content=\"image\/png\" \/>\n<meta name=\"author\" content=\"Lea\" \/>\n<meta name=\"twitter:card\" content=\"summary_large_image\" \/>\n<meta name=\"twitter:label1\" content=\"Verfasst von\" \/>\n\t<meta name=\"twitter:data1\" content=\"Lea\" \/>\n\t<meta name=\"twitter:label2\" content=\"Gesch\u00e4tzte Lesezeit\" \/>\n\t<meta name=\"twitter:data2\" content=\"3\u00a0Minuten\" \/>\n<script type=\"application\/ld+json\" class=\"yoast-schema-graph\">{\"@context\":\"https:\\\/\\\/schema.org\",\"@graph\":[{\"@type\":\"Article\",\"@id\":\"https:\\\/\\\/www.thebestsocial.media\\\/de\\\/das-49-euro-ticket\\\/#article\",\"isPartOf\":{\"@id\":\"https:\\\/\\\/www.thebestsocial.media\\\/de\\\/das-49-euro-ticket\\\/\"},\"author\":{\"name\":\"Lea\",\"@id\":\"https:\\\/\\\/www.thebestsocial.media\\\/de\\\/#\\\/schema\\\/person\\\/bb9d89d5ad944f3bb530722c8914ad89\"},\"headline\":\"F\u00fcr mehr Mobilit\u00e4t: Comeback des 9\u20ac-Tickets! Diesmal jedoch 40\u20ac teurer!\",\"datePublished\":\"2022-11-03T15:08:55+00:00\",\"mainEntityOfPage\":{\"@id\":\"https:\\\/\\\/www.thebestsocial.media\\\/de\\\/das-49-euro-ticket\\\/\"},\"wordCount\":544,\"commentCount\":0,\"image\":{\"@id\":\"https:\\\/\\\/www.thebestsocial.media\\\/de\\\/das-49-euro-ticket\\\/#primaryimage\"},\"thumbnailUrl\":\"https:\\\/\\\/www.thebestsocial.media\\\/de\\\/wp-content\\\/uploads\\\/sites\\\/3\\\/2022\\\/11\\\/bahn.jpg\",\"keywords\":[\"\u00d6PNV\",\"politik\"],\"articleSection\":[\"Diskussion\",\"Twitter\"],\"inLanguage\":\"de\",\"potentialAction\":[{\"@type\":\"CommentAction\",\"name\":\"Comment\",\"target\":[\"https:\\\/\\\/www.thebestsocial.media\\\/de\\\/das-49-euro-ticket\\\/#respond\"]}]},{\"@type\":\"WebPage\",\"@id\":\"https:\\\/\\\/www.thebestsocial.media\\\/de\\\/das-49-euro-ticket\\\/\",\"url\":\"https:\\\/\\\/www.thebestsocial.media\\\/de\\\/das-49-euro-ticket\\\/\",\"name\":\"Comeback des 9\u20ac-Tickets! Diesmal jedoch 40\u20ac teurer!\",\"isPartOf\":{\"@id\":\"https:\\\/\\\/www.thebestsocial.media\\\/de\\\/#website\"},\"primaryImageOfPage\":{\"@id\":\"https:\\\/\\\/www.thebestsocial.media\\\/de\\\/das-49-euro-ticket\\\/#primaryimage\"},\"image\":{\"@id\":\"https:\\\/\\\/www.thebestsocial.media\\\/de\\\/das-49-euro-ticket\\\/#primaryimage\"},\"thumbnailUrl\":\"https:\\\/\\\/www.thebestsocial.media\\\/de\\\/wp-content\\\/uploads\\\/sites\\\/3\\\/2022\\\/11\\\/bahn.jpg\",\"datePublished\":\"2022-11-03T15:08:55+00:00\",\"author\":{\"@id\":\"https:\\\/\\\/www.thebestsocial.media\\\/de\\\/#\\\/schema\\\/person\\\/bb9d89d5ad944f3bb530722c8914ad89\"},\"description\":\"Nach langer Diskussion erh\u00e4lt das 49-Euro-Ticket endlich Einzug. Doch die erhoffte Begeisterung bleibt aus.\",\"breadcrumb\":{\"@id\":\"https:\\\/\\\/www.thebestsocial.media\\\/de\\\/das-49-euro-ticket\\\/#breadcrumb\"},\"inLanguage\":\"de\",\"potentialAction\":[{\"@type\":\"ReadAction\",\"target\":[\"https:\\\/\\\/www.thebestsocial.media\\\/de\\\/das-49-euro-ticket\\\/\"]}]},{\"@type\":\"ImageObject\",\"inLanguage\":\"de\",\"@id\":\"https:\\\/\\\/www.thebestsocial.media\\\/de\\\/das-49-euro-ticket\\\/#primaryimage\",\"url\":\"https:\\\/\\\/www.thebestsocial.media\\\/de\\\/wp-content\\\/uploads\\\/sites\\\/3\\\/2022\\\/11\\\/bahn.jpg\",\"contentUrl\":\"https:\\\/\\\/www.thebestsocial.media\\\/de\\\/wp-content\\\/uploads\\\/sites\\\/3\\\/2022\\\/11\\\/bahn.jpg\",\"width\":1920,\"height\":977},{\"@type\":\"BreadcrumbList\",\"@id\":\"https:\\\/\\\/www.thebestsocial.media\\\/de\\\/das-49-euro-ticket\\\/#breadcrumb\",\"itemListElement\":[{\"@type\":\"ListItem\",\"position\":1,\"name\":\"Home\",\"item\":\"https:\\\/\\\/www.thebestsocial.media\\\/de\\\/\"},{\"@type\":\"ListItem\",\"position\":2,\"name\":\"F\u00fcr mehr Mobilit\u00e4t: Comeback des 9\u20ac-Tickets! Diesmal jedoch 40\u20ac teurer!\"}]},{\"@type\":\"WebSite\",\"@id\":\"https:\\\/\\\/www.thebestsocial.media\\\/de\\\/#website\",\"url\":\"https:\\\/\\\/www.thebestsocial.media\\\/de\\\/\",\"name\":\"The Best Social Media DE\",\"description\":\"\",\"potentialAction\":[{\"@type\":\"SearchAction\",\"target\":{\"@type\":\"EntryPoint\",\"urlTemplate\":\"https:\\\/\\\/www.thebestsocial.media\\\/de\\\/?s={search_term_string}\"},\"query-input\":{\"@type\":\"PropertyValueSpecification\",\"valueRequired\":true,\"valueName\":\"search_term_string\"}}],\"inLanguage\":\"de\"},{\"@type\":\"Person\",\"@id\":\"https:\\\/\\\/www.thebestsocial.media\\\/de\\\/#\\\/schema\\\/person\\\/bb9d89d5ad944f3bb530722c8914ad89\",\"name\":\"Lea\",\"image\":{\"@type\":\"ImageObject\",\"inLanguage\":\"de\",\"@id\":\"https:\\\/\\\/secure.gravatar.com\\\/avatar\\\/572526d0641f829a52d7692ed43a20d1f02796367e1eea965858d2d2787f4c33?s=96&d=mm&r=g\",\"url\":\"https:\\\/\\\/secure.gravatar.com\\\/avatar\\\/572526d0641f829a52d7692ed43a20d1f02796367e1eea965858d2d2787f4c33?s=96&d=mm&r=g\",\"contentUrl\":\"https:\\\/\\\/secure.gravatar.com\\\/avatar\\\/572526d0641f829a52d7692ed43a20d1f02796367e1eea965858d2d2787f4c33?s=96&d=mm&r=g\",\"caption\":\"Lea\"},\"url\":\"https:\\\/\\\/www.thebestsocial.media\\\/de\\\/author\\\/leascheel\\\/\"}]}<\/script>\n<!-- \/ Yoast SEO plugin. -->","yoast_head_json":{"title":"Comeback des 9\u20ac-Tickets! Diesmal jedoch 40\u20ac teurer!","description":"Nach langer Diskussion erh\u00e4lt das 49-Euro-Ticket endlich Einzug. Doch die erhoffte Begeisterung bleibt aus.","robots":{"index":"index","follow":"follow","max-snippet":"max-snippet:-1","max-image-preview":"max-image-preview:large","max-video-preview":"max-video-preview:-1"},"canonical":"https:\/\/www.thebestsocial.media\/de\/das-49-euro-ticket\/","og_locale":"de_DE","og_type":"article","og_title":"F\u00fcr mehr Mobilit\u00e4t: Comeback des 9\u20ac-Tickets! Diesmal jedoch 40\u20ac teurer!","og_description":"Nach langer Diskussion erh\u00e4lt das 49-Euro-Ticket endlich Einzug. Doch die erhoffte Begeisterung bleibt aus.","og_url":"https:\/\/www.thebestsocial.media\/de\/das-49-euro-ticket\/","og_site_name":"The Best Social Media DE","article_published_time":"2022-11-03T15:08:55+00:00","og_image":[{"width":1200,"height":630,"url":"https:\/\/www.thebestsocial.media\/de\/wp-content\/uploads\/sites\/3\/2022\/11\/header-bahn.png","type":"image\/png"}],"author":"Lea","twitter_card":"summary_large_image","twitter_misc":{"Verfasst von":"Lea","Gesch\u00e4tzte Lesezeit":"3\u00a0Minuten"},"schema":{"@context":"https:\/\/schema.org","@graph":[{"@type":"Article","@id":"https:\/\/www.thebestsocial.media\/de\/das-49-euro-ticket\/#article","isPartOf":{"@id":"https:\/\/www.thebestsocial.media\/de\/das-49-euro-ticket\/"},"author":{"name":"Lea","@id":"https:\/\/www.thebestsocial.media\/de\/#\/schema\/person\/bb9d89d5ad944f3bb530722c8914ad89"},"headline":"F\u00fcr mehr Mobilit\u00e4t: Comeback des 9\u20ac-Tickets! Diesmal jedoch 40\u20ac teurer!","datePublished":"2022-11-03T15:08:55+00:00","mainEntityOfPage":{"@id":"https:\/\/www.thebestsocial.media\/de\/das-49-euro-ticket\/"},"wordCount":544,"commentCount":0,"image":{"@id":"https:\/\/www.thebestsocial.media\/de\/das-49-euro-ticket\/#primaryimage"},"thumbnailUrl":"https:\/\/www.thebestsocial.media\/de\/wp-content\/uploads\/sites\/3\/2022\/11\/bahn.jpg","keywords":["\u00d6PNV","politik"],"articleSection":["Diskussion","Twitter"],"inLanguage":"de","potentialAction":[{"@type":"CommentAction","name":"Comment","target":["https:\/\/www.thebestsocial.media\/de\/das-49-euro-ticket\/#respond"]}]},{"@type":"WebPage","@id":"https:\/\/www.thebestsocial.media\/de\/das-49-euro-ticket\/","url":"https:\/\/www.thebestsocial.media\/de\/das-49-euro-ticket\/","name":"Comeback des 9\u20ac-Tickets! Diesmal jedoch 40\u20ac teurer!","isPartOf":{"@id":"https:\/\/www.thebestsocial.media\/de\/#website"},"primaryImageOfPage":{"@id":"https:\/\/www.thebestsocial.media\/de\/das-49-euro-ticket\/#primaryimage"},"image":{"@id":"https:\/\/www.thebestsocial.media\/de\/das-49-euro-ticket\/#primaryimage"},"thumbnailUrl":"https:\/\/www.thebestsocial.media\/de\/wp-content\/uploads\/sites\/3\/2022\/11\/bahn.jpg","datePublished":"2022-11-03T15:08:55+00:00","author":{"@id":"https:\/\/www.thebestsocial.media\/de\/#\/schema\/person\/bb9d89d5ad944f3bb530722c8914ad89"},"description":"Nach langer Diskussion erh\u00e4lt das 49-Euro-Ticket endlich Einzug. Doch die erhoffte Begeisterung bleibt aus.","breadcrumb":{"@id":"https:\/\/www.thebestsocial.media\/de\/das-49-euro-ticket\/#breadcrumb"},"inLanguage":"de","potentialAction":[{"@type":"ReadAction","target":["https:\/\/www.thebestsocial.media\/de\/das-49-euro-ticket\/"]}]},{"@type":"ImageObject","inLanguage":"de","@id":"https:\/\/www.thebestsocial.media\/de\/das-49-euro-ticket\/#primaryimage","url":"https:\/\/www.thebestsocial.media\/de\/wp-content\/uploads\/sites\/3\/2022\/11\/bahn.jpg","contentUrl":"https:\/\/www.thebestsocial.media\/de\/wp-content\/uploads\/sites\/3\/2022\/11\/bahn.jpg","width":1920,"height":977},{"@type":"BreadcrumbList","@id":"https:\/\/www.thebestsocial.media\/de\/das-49-euro-ticket\/#breadcrumb","itemListElement":[{"@type":"ListItem","position":1,"name":"Home","item":"https:\/\/www.thebestsocial.media\/de\/"},{"@type":"ListItem","position":2,"name":"F\u00fcr mehr Mobilit\u00e4t: Comeback des 9\u20ac-Tickets! Diesmal jedoch 40\u20ac teurer!"}]},{"@type":"WebSite","@id":"https:\/\/www.thebestsocial.media\/de\/#website","url":"https:\/\/www.thebestsocial.media\/de\/","name":"The Best Social Media DE","description":"","potentialAction":[{"@type":"SearchAction","target":{"@type":"EntryPoint","urlTemplate":"https:\/\/www.thebestsocial.media\/de\/?s={search_term_string}"},"query-input":{"@type":"PropertyValueSpecification","valueRequired":true,"valueName":"search_term_string"}}],"inLanguage":"de"},{"@type":"Person","@id":"https:\/\/www.thebestsocial.media\/de\/#\/schema\/person\/bb9d89d5ad944f3bb530722c8914ad89","name":"Lea","image":{"@type":"ImageObject","inLanguage":"de","@id":"https:\/\/secure.gravatar.com\/avatar\/572526d0641f829a52d7692ed43a20d1f02796367e1eea965858d2d2787f4c33?s=96&d=mm&r=g","url":"https:\/\/secure.gravatar.com\/avatar\/572526d0641f829a52d7692ed43a20d1f02796367e1eea965858d2d2787f4c33?s=96&d=mm&r=g","contentUrl":"https:\/\/secure.gravatar.com\/avatar\/572526d0641f829a52d7692ed43a20d1f02796367e1eea965858d2d2787f4c33?s=96&d=mm&r=g","caption":"Lea"},"url":"https:\/\/www.thebestsocial.media\/de\/author\/leascheel\/"}]}},"amp_enabled":true,"_links":{"self":[{"href":"https:\/\/www.thebestsocial.media\/de\/wp-json\/wp\/v2\/posts\/168682","targetHints":{"allow":["GET"]}}],"collection":[{"href":"https:\/\/www.thebestsocial.media\/de\/wp-json\/wp\/v2\/posts"}],"about":[{"href":"https:\/\/www.thebestsocial.media\/de\/wp-json\/wp\/v2\/types\/post"}],"author":[{"embeddable":true,"href":"https:\/\/www.thebestsocial.media\/de\/wp-json\/wp\/v2\/users\/104"}],"replies":[{"embeddable":true,"href":"https:\/\/www.thebestsocial.media\/de\/wp-json\/wp\/v2\/comments?post=168682"}],"version-history":[{"count":28,"href":"https:\/\/www.thebestsocial.media\/de\/wp-json\/wp\/v2\/posts\/168682\/revisions"}],"predecessor-version":[{"id":168724,"href":"https:\/\/www.thebestsocial.media\/de\/wp-json\/wp\/v2\/posts\/168682\/revisions\/168724"}],"wp:featuredmedia":[{"embeddable":true,"href":"https:\/\/www.thebestsocial.media\/de\/wp-json\/wp\/v2\/media\/168704"}],"wp:attachment":[{"href":"https:\/\/www.thebestsocial.media\/de\/wp-json\/wp\/v2\/media?parent=168682"}],"wp:term":[{"taxonomy":"category","embeddable":true,"href":"https:\/\/www.thebestsocial.media\/de\/wp-json\/wp\/v2\/categories?post=168682"},{"taxonomy":"post_tag","embeddable":true,"href":"https:\/\/www.thebestsocial.media\/de\/wp-json\/wp\/v2\/tags?post=168682"}],"curies":[{"name":"wp","href":"https:\/\/api.w.org\/{rel}","templated":true}]}}