{"id":168228,"date":"2022-10-27T13:52:41","date_gmt":"2022-10-27T13:52:41","guid":{"rendered":"https:\/\/www.thebestsocial.media\/de\/?p=168228"},"modified":"2022-10-28T15:01:27","modified_gmt":"2022-10-28T15:01:27","slug":"asterix-und-obelix-12-gallier-die-kaum-jemand-kennt","status":"publish","type":"post","link":"https:\/\/www.thebestsocial.media\/de\/asterix-und-obelix-12-gallier-die-kaum-jemand-kennt\/","title":{"rendered":"Asterix und Obelix: 12 Gallier, die kaum jemand kennt"},"content":{"rendered":"<p>&#8222;Ganz Gallien ist von den R\u00f6mern besetzt. Ganz Gallien? Nein! Ein von unbeugsamen Galliern bev\u00f6lkertes Dorf h\u00f6rt nicht auf, dem Eindringling Widerstand zu leisten.&#8220;, so fangen die Geschichten von Asterix und Obelix an. Dort wohnen sie zusammen mit H\u00fcndchen Idefix, Zauberer Miraculix und ganz vielen weiteren Dorfbewohnern deren Namen auf &#8222;-ix&#8220; enden. Nun hat ein Twitter-User einen weiteren Charakter vorgestellt und die Kommentare taten es ihm gleich:<\/p>\n<p>&nbsp;<\/p>\n<h3>Der Tweet mit dem alles begann:<\/h3>\n<blockquote class=\"twitter-tweet\">\n<p dir=\"ltr\" lang=\"de\">Was viele ja nicht wissen: Der gallische IT-Spezialist hie\u00df Bugfix.<\/p>\n<p>\u2014 Nicht Chevy Chase (@DrWaumiau) <a href=\"https:\/\/twitter.com\/DrWaumiau\/status\/1585143294257819648?ref_src=twsrc%5Etfw\">October 26, 2022<\/a><\/p><\/blockquote>\n<p><script async src=\"https:\/\/platform.twitter.com\/widgets.js\" charset=\"utf-8\"><\/script><\/p>\n<p>&nbsp;<\/p>\n<h3>Weiter ging\u00b4s so:<\/h3>\n<blockquote class=\"twitter-tweet\" data-conversation=\"none\">\n<p dir=\"ltr\" lang=\"de\">Und wenn der Drucker nicht l\u00e4uft, kommt Haudraufwienix.<\/p>\n<p>\u2014 Postillleaks (@postillleaks) <a href=\"https:\/\/twitter.com\/postillleaks\/status\/1585143475317936128?ref_src=twsrc%5Etfw\">October 26, 2022<\/a><\/p><\/blockquote>\n<p><script async src=\"https:\/\/platform.twitter.com\/widgets.js\" charset=\"utf-8\"><\/script><\/p>\n<p>&nbsp;<\/p>\n<h3>Versteht einer mal die Technik&#8230;<\/h3>\n<blockquote class=\"twitter-tweet\" data-conversation=\"none\">\n<p dir=\"ltr\" lang=\"en\">First Level Support leistet Rebootix.<\/p>\n<p>\u2014 Schomma (@mschomm) <a href=\"https:\/\/twitter.com\/mschomm\/status\/1585143787294425088?ref_src=twsrc%5Etfw\">October 26, 2022<\/a><\/p><\/blockquote>\n<p><script async src=\"https:\/\/platform.twitter.com\/widgets.js\" charset=\"utf-8\"><\/script><\/p>\n<blockquote class=\"twitter-tweet\" data-conversation=\"none\">\n<p dir=\"ltr\" lang=\"de\">Mit seinem Kollegen Bringtnix ?<\/p>\n<p>\u2014 F\u00fcr Sie immer noch Herr \u15e9\u144eTI-\u1587E\u146dTI\u14aaOI\u15ea (@IstDoll) <a href=\"https:\/\/twitter.com\/IstDoll\/status\/1585147808864428032?ref_src=twsrc%5Etfw\">October 26, 2022<\/a><\/p><\/blockquote>\n<p><script async src=\"https:\/\/platform.twitter.com\/widgets.js\" charset=\"utf-8\"><\/script><\/p>\n<p>&nbsp;<\/p>\n<h3>Nicht zu vergessen:<\/h3>\n<blockquote class=\"twitter-tweet\" data-conversation=\"none\">\n<p dir=\"ltr\" lang=\"de\">Und der Koch Knorrfix<\/p>\n<p>\u2014 Dr. Dooku \ud83c\udf4d (@count_doc_u) <a href=\"https:\/\/twitter.com\/count_doc_u\/status\/1585147616848883712?ref_src=twsrc%5Etfw\">October 26, 2022<\/a><\/p><\/blockquote>\n<p><script async src=\"https:\/\/platform.twitter.com\/widgets.js\" charset=\"utf-8\"><\/script><\/p>\n<p>&nbsp;<\/p>\n<h3>Er hat auch ein dickes Fell:<\/h3>\n<blockquote class=\"twitter-tweet\" data-conversation=\"none\">\n<p dir=\"ltr\" lang=\"de\">Auf Twitter nannte er sich Grautvornix<\/p>\n<p>\u2014 Axel &#8211; some Chaos doesn&#8217;t matter (@AxelHolm16) <a href=\"https:\/\/twitter.com\/AxelHolm16\/status\/1585153582613266432?ref_src=twsrc%5Etfw\">October 26, 2022<\/a><\/p><\/blockquote>\n<p><script async src=\"https:\/\/platform.twitter.com\/widgets.js\" charset=\"utf-8\"><\/script><\/p>\n<p>&nbsp;<\/p>\n<h3>Der ist auf Zack!<\/h3>\n<blockquote class=\"twitter-tweet\" data-conversation=\"none\">\n<p dir=\"ltr\" lang=\"de\">Sein schneller Handlanger dann Hotfix.<\/p>\n<p>\u2014 hard\ud83e\udd18loud\ud83d\udd0alive\ud83c\udfb6 (@hard_loud_live) <a href=\"https:\/\/twitter.com\/hard_loud_live\/status\/1585168108251418624?ref_src=twsrc%5Etfw\">October 26, 2022<\/a><\/p><\/blockquote>\n<p><script async src=\"https:\/\/platform.twitter.com\/widgets.js\" charset=\"utf-8\"><\/script><\/p>\n<p>&nbsp;<\/p>\n<h3>Richtig so!<\/h3>\n<blockquote class=\"twitter-tweet\" data-conversation=\"none\">\n<p dir=\"ltr\" lang=\"de\">Die ersten gallischen Anwender hei\u00dfen Glaubtnix und Tutnix.<\/p>\n<p>\u2014 Edith Mair \ud83d\udc89\ud83d\udc89\ud83d\udc89\ud83d\udc89\ud83d\udc89 #DieMaskeBleibtAuf (@edithmair1) <a href=\"https:\/\/twitter.com\/edithmair1\/status\/1585182684912852992?ref_src=twsrc%5Etfw\">October 26, 2022<\/a><\/p><\/blockquote>\n<p><script async src=\"https:\/\/platform.twitter.com\/widgets.js\" charset=\"utf-8\"><\/script><\/p>\n<p>&nbsp;<\/p>\n<h3>Immer Verlass:<\/h3>\n<blockquote class=\"twitter-tweet\" data-conversation=\"none\">\n<p dir=\"ltr\" lang=\"de\">Telekom-Mitarbeiter: Internix<\/p>\n<p>\u2014 ResidentKeks (@KeksResident) <a href=\"https:\/\/twitter.com\/KeksResident\/status\/1585185028669337600?ref_src=twsrc%5Etfw\">October 26, 2022<\/a><\/p><\/blockquote>\n<p><script async src=\"https:\/\/platform.twitter.com\/widgets.js\" charset=\"utf-8\"><\/script><\/p>\n<p>&nbsp;<\/p>\n<h3>Kleiner aber feiner Unterschied:<\/h3>\n<blockquote class=\"twitter-tweet\" data-conversation=\"none\">\n<p dir=\"ltr\" lang=\"de\">Nicht zu verwechseln mit Konditor- und B\u00e4ckermeister Backfix<\/p>\n<p>\u2014 dermit73woelfentanzt (@dermit73woelfen) <a href=\"https:\/\/twitter.com\/dermit73woelfen\/status\/1585222772074373121?ref_src=twsrc%5Etfw\">October 26, 2022<\/a><\/p><\/blockquote>\n<p><script async src=\"https:\/\/platform.twitter.com\/widgets.js\" charset=\"utf-8\"><\/script><\/p>\n<blockquote class=\"twitter-tweet\" data-conversation=\"none\">\n<p dir=\"ltr\" lang=\"de\">Nicht zu verwechseln mit dem Spezialisten f\u00fcr Brot &#8230; Backnix<\/p>\n<p>\u2014 trolloptodose (@narkose_sister) <a href=\"https:\/\/twitter.com\/narkose_sister\/status\/1585234750649692160?ref_src=twsrc%5Etfw\">October 26, 2022<\/a><\/p><\/blockquote>\n<p><script async src=\"https:\/\/platform.twitter.com\/widgets.js\" charset=\"utf-8\"><\/script><\/p>\n<p>&nbsp;<\/p>\n<h3>Bisschen schneller bitte!<\/h3>\n<blockquote class=\"twitter-tweet\" data-conversation=\"none\">\n<p dir=\"ltr\" lang=\"de\">Ja, aber der war immer total langsam&#8230; das hat seinem Chef Hektix nicht gefallen&#8230;<\/p>\n<p>\u2014 Pommesaccount (@mitKetschab) <a href=\"https:\/\/twitter.com\/mitKetschab\/status\/1585264412763594755?ref_src=twsrc%5Etfw\">October 26, 2022<\/a><\/p><\/blockquote>\n<p><script async src=\"https:\/\/platform.twitter.com\/widgets.js\" charset=\"utf-8\"><\/script><\/p>\n<p>___<\/p>\n<div>Haben dich die Posts inspiriert, dein eigenes Meme zu kreieren?<\/div>\n<div>CooleDesigns und spektakul\u00e4re Grafiken gelingen jedem ganz einfach &#8211; <strong>mit den zahlreichen Templates von\u00a0<a href=\"https:\/\/www.adobe.com\/de\/express\/?sdid=XPCNH5NQ&amp;mv=affiliate\" target=\"_blank\" rel=\"noopener\" data-saferedirecturl=\"https:\/\/www.google.com\/url?q=https:\/\/www.adobe.com\/de\/express\/?sdid%3DXPCNH5NQ%26mv%3Daffiliate&amp;source=gmail&amp;ust=1667051497633000&amp;usg=AOvVaw27q3AnDAOpdP5hSS6jf79V\">Adobe Express<\/a>.<\/strong><u><\/u><u><\/u><\/div>\n<div><\/div>\n<blockquote class=\"instagram-media\" style=\"background: #FFF; border: 0; border-radius: 3px; box-shadow: 0 0 1px 0 rgba(0,0,0,0.5),0 1px 10px 0 rgba(0,0,0,0.15); margin: 1px; max-width: 540px; min-width: 326px; padding: 0; width: calc(100% - 2px);\" data-instgrm-captioned=\"\" data-instgrm-permalink=\"https:\/\/www.instagram.com\/p\/CkQSYe4jEFm\/?utm_source=ig_embed&amp;utm_campaign=loading\" data-instgrm-version=\"14\">\n<div style=\"padding: 16px;\">\n<p>&nbsp;<\/p>\n<div style=\"display: flex; flex-direction: row; align-items: center;\">\n<div style=\"background-color: #f4f4f4; border-radius: 50%; flex-grow: 0; height: 40px; margin-right: 14px; width: 40px;\"><\/div>\n<div style=\"display: flex; flex-direction: column; flex-grow: 1; justify-content: center;\">\n<div style=\"background-color: #f4f4f4; border-radius: 4px; flex-grow: 0; height: 14px; margin-bottom: 6px; width: 100px;\"><\/div>\n<div style=\"background-color: #f4f4f4; border-radius: 4px; flex-grow: 0; height: 14px; width: 60px;\"><\/div>\n<\/div>\n<\/div>\n<div style=\"padding: 19% 0;\"><\/div>\n<div style=\"display: block; height: 50px; margin: 0 auto 12px; width: 50px;\"><\/div>\n<div style=\"padding-top: 8px;\">\n<div style=\"color: #3897f0; font-family: Arial,sans-serif; font-size: 14px; font-style: normal; font-weight: 550; line-height: 18px;\">Sieh dir diesen Beitrag auf Instagram an<\/div>\n<\/div>\n<div style=\"padding: 12.5% 0;\"><\/div>\n<div style=\"display: flex; flex-direction: row; margin-bottom: 14px; align-items: center;\">\n<div>\n<div style=\"background-color: #f4f4f4; border-radius: 50%; height: 12.5px; width: 12.5px; transform: translateX(0px) translateY(7px);\"><\/div>\n<div style=\"background-color: #f4f4f4; height: 12.5px; transform: rotate(-45deg) translateX(3px) translateY(1px); width: 12.5px; flex-grow: 0; margin-right: 14px; margin-left: 2px;\"><\/div>\n<div style=\"background-color: #f4f4f4; border-radius: 50%; height: 12.5px; width: 12.5px; transform: translateX(9px) translateY(-18px);\"><\/div>\n<\/div>\n<div style=\"margin-left: 8px;\">\n<div style=\"background-color: #f4f4f4; border-radius: 50%; flex-grow: 0; height: 20px; width: 20px;\"><\/div>\n<div style=\"width: 0; height: 0; border-top: 2px solid transparent; border-left: 6px solid #f4f4f4; border-bottom: 2px solid transparent; transform: translateX(16px) translateY(-4px) rotate(30deg);\"><\/div>\n<\/div>\n<div style=\"margin-left: auto;\">\n<div style=\"width: 0px; border-top: 8px solid #F4F4F4; border-right: 8px solid transparent; transform: translateY(16px);\"><\/div>\n<div style=\"background-color: #f4f4f4; flex-grow: 0; height: 12px; width: 16px; transform: translateY(-4px);\"><\/div>\n<div style=\"width: 0; height: 0; border-top: 8px solid #F4F4F4; border-left: 8px solid transparent; transform: translateY(-4px) translateX(8px);\"><\/div>\n<\/div>\n<\/div>\n<div style=\"display: flex; flex-direction: column; flex-grow: 1; justify-content: center; margin-bottom: 24px;\">\n<div style=\"background-color: #f4f4f4; border-radius: 4px; flex-grow: 0; height: 14px; margin-bottom: 6px; width: 224px;\"><\/div>\n<div style=\"background-color: #f4f4f4; border-radius: 4px; flex-grow: 0; height: 14px; width: 144px;\"><\/div>\n<\/div>\n<p>&nbsp;<\/p>\n<p style=\"color: #c9c8cd; font-family: Arial,sans-serif; font-size: 14px; line-height: 17px; margin-bottom: 0; margin-top: 8px; overflow: hidden; padding: 8px 0 7px; text-align: center; text-overflow: ellipsis; white-space: nowrap;\"><a style=\"color: #c9c8cd; font-family: Arial,sans-serif; font-size: 14px; font-style: normal; font-weight: normal; line-height: 17px; text-decoration: none;\" href=\"https:\/\/www.instagram.com\/p\/CkQSYe4jEFm\/?utm_source=ig_embed&amp;utm_campaign=loading\" target=\"_blank\" rel=\"noopener\">Ein Beitrag geteilt von The Best Social Media &#8211; DE (@thebestsocialmediade)<\/a><\/p>\n<\/div>\n<\/blockquote>\n\n<script async defer src=\"\/instagram-embed.js\"><\/script>","protected":false},"excerpt":{"rendered":"<p>&#8222;Ganz Gallien ist von den R\u00f6mern besetzt. Ganz Gallien? Nein! Ein von unbeugsamen Galliern bev\u00f6lkertes Dorf h\u00f6rt nicht auf, dem Eindringling Widerstand zu leisten.&#8220;, so&#8230;<\/p>\n","protected":false},"author":104,"featured_media":168264,"comment_status":"open","ping_status":"open","sticky":false,"template":"","format":"standard","meta":{"_acf_changed":false,"footnotes":""},"categories":[35],"tags":[5349,58],"class_list":["post-168228","post","type-post","status-publish","format-standard","has-post-thumbnail","hentry","category-twitter","tag-asterix-und-obelix","tag-twitter"],"acf":[],"yoast_head":"<!-- This site is optimized with the Yoast SEO plugin v27.4 - https:\/\/yoast.com\/product\/yoast-seo-wordpress\/ -->\n<title>Asterix und Obelix: 12 Gallier, die kaum jemand kennt<\/title>\n<meta name=\"description\" content=\"Asterix und Obelix sind unsere Kindheitshelden. Die Namen der Gallier enden alle auf &quot;-ix&quot; und so stellte ein Twitter-User einen neuen vor.\" \/>\n<meta name=\"robots\" content=\"index, follow, max-snippet:-1, max-image-preview:large, max-video-preview:-1\" \/>\n<link rel=\"canonical\" href=\"https:\/\/www.thebestsocial.media\/de\/asterix-und-obelix-12-gallier-die-kaum-jemand-kennt\/\" \/>\n<meta property=\"og:locale\" content=\"de_DE\" \/>\n<meta property=\"og:type\" content=\"article\" \/>\n<meta property=\"og:title\" content=\"Asterix und Obelix: 12 Gallier, die kaum jemand kennt\" \/>\n<meta property=\"og:description\" content=\"Asterix und Obelix sind unsere Kindheitshelden. Die Namen der Gallier enden alle auf &quot;-ix&quot; und so stellte ein Twitter-User einen neuen vor.\" \/>\n<meta property=\"og:url\" content=\"https:\/\/www.thebestsocial.media\/de\/asterix-und-obelix-12-gallier-die-kaum-jemand-kennt\/\" \/>\n<meta property=\"og:site_name\" content=\"The Best Social Media DE\" \/>\n<meta property=\"article:published_time\" content=\"2022-10-27T13:52:41+00:00\" \/>\n<meta property=\"article:modified_time\" content=\"2022-10-28T15:01:27+00:00\" \/>\n<meta property=\"og:image\" content=\"https:\/\/www.thebestsocial.media\/de\/wp-content\/uploads\/sites\/3\/2022\/10\/Header_asterix.png\" \/>\n\t<meta property=\"og:image:width\" content=\"1200\" \/>\n\t<meta property=\"og:image:height\" content=\"630\" \/>\n\t<meta property=\"og:image:type\" content=\"image\/png\" \/>\n<meta name=\"author\" content=\"Lea\" \/>\n<meta name=\"twitter:card\" content=\"summary_large_image\" \/>\n<meta name=\"twitter:label1\" content=\"Verfasst von\" \/>\n\t<meta name=\"twitter:data1\" content=\"Lea\" \/>\n\t<meta name=\"twitter:label2\" content=\"Gesch\u00e4tzte Lesezeit\" \/>\n\t<meta name=\"twitter:data2\" content=\"2\u00a0Minuten\" \/>\n<script type=\"application\/ld+json\" class=\"yoast-schema-graph\">{\"@context\":\"https:\\\/\\\/schema.org\",\"@graph\":[{\"@type\":\"Article\",\"@id\":\"https:\\\/\\\/www.thebestsocial.media\\\/de\\\/asterix-und-obelix-12-gallier-die-kaum-jemand-kennt\\\/#article\",\"isPartOf\":{\"@id\":\"https:\\\/\\\/www.thebestsocial.media\\\/de\\\/asterix-und-obelix-12-gallier-die-kaum-jemand-kennt\\\/\"},\"author\":{\"name\":\"Lea\",\"@id\":\"https:\\\/\\\/www.thebestsocial.media\\\/de\\\/#\\\/schema\\\/person\\\/bb9d89d5ad944f3bb530722c8914ad89\"},\"headline\":\"Asterix und Obelix: 12 Gallier, die kaum jemand kennt\",\"datePublished\":\"2022-10-27T13:52:41+00:00\",\"dateModified\":\"2022-10-28T15:01:27+00:00\",\"mainEntityOfPage\":{\"@id\":\"https:\\\/\\\/www.thebestsocial.media\\\/de\\\/asterix-und-obelix-12-gallier-die-kaum-jemand-kennt\\\/\"},\"wordCount\":326,\"commentCount\":0,\"image\":{\"@id\":\"https:\\\/\\\/www.thebestsocial.media\\\/de\\\/asterix-und-obelix-12-gallier-die-kaum-jemand-kennt\\\/#primaryimage\"},\"thumbnailUrl\":\"https:\\\/\\\/www.thebestsocial.media\\\/de\\\/wp-content\\\/uploads\\\/sites\\\/3\\\/2022\\\/10\\\/asterix.jpg\",\"keywords\":[\"Asterix und Obelix\",\"twitter\"],\"articleSection\":[\"Twitter\"],\"inLanguage\":\"de\",\"potentialAction\":[{\"@type\":\"CommentAction\",\"name\":\"Comment\",\"target\":[\"https:\\\/\\\/www.thebestsocial.media\\\/de\\\/asterix-und-obelix-12-gallier-die-kaum-jemand-kennt\\\/#respond\"]}]},{\"@type\":\"WebPage\",\"@id\":\"https:\\\/\\\/www.thebestsocial.media\\\/de\\\/asterix-und-obelix-12-gallier-die-kaum-jemand-kennt\\\/\",\"url\":\"https:\\\/\\\/www.thebestsocial.media\\\/de\\\/asterix-und-obelix-12-gallier-die-kaum-jemand-kennt\\\/\",\"name\":\"Asterix und Obelix: 12 Gallier, die kaum jemand kennt\",\"isPartOf\":{\"@id\":\"https:\\\/\\\/www.thebestsocial.media\\\/de\\\/#website\"},\"primaryImageOfPage\":{\"@id\":\"https:\\\/\\\/www.thebestsocial.media\\\/de\\\/asterix-und-obelix-12-gallier-die-kaum-jemand-kennt\\\/#primaryimage\"},\"image\":{\"@id\":\"https:\\\/\\\/www.thebestsocial.media\\\/de\\\/asterix-und-obelix-12-gallier-die-kaum-jemand-kennt\\\/#primaryimage\"},\"thumbnailUrl\":\"https:\\\/\\\/www.thebestsocial.media\\\/de\\\/wp-content\\\/uploads\\\/sites\\\/3\\\/2022\\\/10\\\/asterix.jpg\",\"datePublished\":\"2022-10-27T13:52:41+00:00\",\"dateModified\":\"2022-10-28T15:01:27+00:00\",\"author\":{\"@id\":\"https:\\\/\\\/www.thebestsocial.media\\\/de\\\/#\\\/schema\\\/person\\\/bb9d89d5ad944f3bb530722c8914ad89\"},\"description\":\"Asterix und Obelix sind unsere Kindheitshelden. Die Namen der Gallier enden alle auf \\\"-ix\\\" und so stellte ein Twitter-User einen neuen vor.\",\"breadcrumb\":{\"@id\":\"https:\\\/\\\/www.thebestsocial.media\\\/de\\\/asterix-und-obelix-12-gallier-die-kaum-jemand-kennt\\\/#breadcrumb\"},\"inLanguage\":\"de\",\"potentialAction\":[{\"@type\":\"ReadAction\",\"target\":[\"https:\\\/\\\/www.thebestsocial.media\\\/de\\\/asterix-und-obelix-12-gallier-die-kaum-jemand-kennt\\\/\"]}]},{\"@type\":\"ImageObject\",\"inLanguage\":\"de\",\"@id\":\"https:\\\/\\\/www.thebestsocial.media\\\/de\\\/asterix-und-obelix-12-gallier-die-kaum-jemand-kennt\\\/#primaryimage\",\"url\":\"https:\\\/\\\/www.thebestsocial.media\\\/de\\\/wp-content\\\/uploads\\\/sites\\\/3\\\/2022\\\/10\\\/asterix.jpg\",\"contentUrl\":\"https:\\\/\\\/www.thebestsocial.media\\\/de\\\/wp-content\\\/uploads\\\/sites\\\/3\\\/2022\\\/10\\\/asterix.jpg\",\"width\":1920,\"height\":1288},{\"@type\":\"BreadcrumbList\",\"@id\":\"https:\\\/\\\/www.thebestsocial.media\\\/de\\\/asterix-und-obelix-12-gallier-die-kaum-jemand-kennt\\\/#breadcrumb\",\"itemListElement\":[{\"@type\":\"ListItem\",\"position\":1,\"name\":\"Home\",\"item\":\"https:\\\/\\\/www.thebestsocial.media\\\/de\\\/\"},{\"@type\":\"ListItem\",\"position\":2,\"name\":\"Asterix und Obelix: 12 Gallier, die kaum jemand kennt\"}]},{\"@type\":\"WebSite\",\"@id\":\"https:\\\/\\\/www.thebestsocial.media\\\/de\\\/#website\",\"url\":\"https:\\\/\\\/www.thebestsocial.media\\\/de\\\/\",\"name\":\"The Best Social Media DE\",\"description\":\"\",\"potentialAction\":[{\"@type\":\"SearchAction\",\"target\":{\"@type\":\"EntryPoint\",\"urlTemplate\":\"https:\\\/\\\/www.thebestsocial.media\\\/de\\\/?s={search_term_string}\"},\"query-input\":{\"@type\":\"PropertyValueSpecification\",\"valueRequired\":true,\"valueName\":\"search_term_string\"}}],\"inLanguage\":\"de\"},{\"@type\":\"Person\",\"@id\":\"https:\\\/\\\/www.thebestsocial.media\\\/de\\\/#\\\/schema\\\/person\\\/bb9d89d5ad944f3bb530722c8914ad89\",\"name\":\"Lea\",\"image\":{\"@type\":\"ImageObject\",\"inLanguage\":\"de\",\"@id\":\"https:\\\/\\\/secure.gravatar.com\\\/avatar\\\/572526d0641f829a52d7692ed43a20d1f02796367e1eea965858d2d2787f4c33?s=96&d=mm&r=g\",\"url\":\"https:\\\/\\\/secure.gravatar.com\\\/avatar\\\/572526d0641f829a52d7692ed43a20d1f02796367e1eea965858d2d2787f4c33?s=96&d=mm&r=g\",\"contentUrl\":\"https:\\\/\\\/secure.gravatar.com\\\/avatar\\\/572526d0641f829a52d7692ed43a20d1f02796367e1eea965858d2d2787f4c33?s=96&d=mm&r=g\",\"caption\":\"Lea\"},\"url\":\"https:\\\/\\\/www.thebestsocial.media\\\/de\\\/author\\\/leascheel\\\/\"}]}<\/script>\n<!-- \/ Yoast SEO plugin. -->","yoast_head_json":{"title":"Asterix und Obelix: 12 Gallier, die kaum jemand kennt","description":"Asterix und Obelix sind unsere Kindheitshelden. Die Namen der Gallier enden alle auf \"-ix\" und so stellte ein Twitter-User einen neuen vor.","robots":{"index":"index","follow":"follow","max-snippet":"max-snippet:-1","max-image-preview":"max-image-preview:large","max-video-preview":"max-video-preview:-1"},"canonical":"https:\/\/www.thebestsocial.media\/de\/asterix-und-obelix-12-gallier-die-kaum-jemand-kennt\/","og_locale":"de_DE","og_type":"article","og_title":"Asterix und Obelix: 12 Gallier, die kaum jemand kennt","og_description":"Asterix und Obelix sind unsere Kindheitshelden. Die Namen der Gallier enden alle auf \"-ix\" und so stellte ein Twitter-User einen neuen vor.","og_url":"https:\/\/www.thebestsocial.media\/de\/asterix-und-obelix-12-gallier-die-kaum-jemand-kennt\/","og_site_name":"The Best Social Media DE","article_published_time":"2022-10-27T13:52:41+00:00","article_modified_time":"2022-10-28T15:01:27+00:00","og_image":[{"width":1200,"height":630,"url":"https:\/\/www.thebestsocial.media\/de\/wp-content\/uploads\/sites\/3\/2022\/10\/Header_asterix.png","type":"image\/png"}],"author":"Lea","twitter_card":"summary_large_image","twitter_misc":{"Verfasst von":"Lea","Gesch\u00e4tzte Lesezeit":"2\u00a0Minuten"},"schema":{"@context":"https:\/\/schema.org","@graph":[{"@type":"Article","@id":"https:\/\/www.thebestsocial.media\/de\/asterix-und-obelix-12-gallier-die-kaum-jemand-kennt\/#article","isPartOf":{"@id":"https:\/\/www.thebestsocial.media\/de\/asterix-und-obelix-12-gallier-die-kaum-jemand-kennt\/"},"author":{"name":"Lea","@id":"https:\/\/www.thebestsocial.media\/de\/#\/schema\/person\/bb9d89d5ad944f3bb530722c8914ad89"},"headline":"Asterix und Obelix: 12 Gallier, die kaum jemand kennt","datePublished":"2022-10-27T13:52:41+00:00","dateModified":"2022-10-28T15:01:27+00:00","mainEntityOfPage":{"@id":"https:\/\/www.thebestsocial.media\/de\/asterix-und-obelix-12-gallier-die-kaum-jemand-kennt\/"},"wordCount":326,"commentCount":0,"image":{"@id":"https:\/\/www.thebestsocial.media\/de\/asterix-und-obelix-12-gallier-die-kaum-jemand-kennt\/#primaryimage"},"thumbnailUrl":"https:\/\/www.thebestsocial.media\/de\/wp-content\/uploads\/sites\/3\/2022\/10\/asterix.jpg","keywords":["Asterix und Obelix","twitter"],"articleSection":["Twitter"],"inLanguage":"de","potentialAction":[{"@type":"CommentAction","name":"Comment","target":["https:\/\/www.thebestsocial.media\/de\/asterix-und-obelix-12-gallier-die-kaum-jemand-kennt\/#respond"]}]},{"@type":"WebPage","@id":"https:\/\/www.thebestsocial.media\/de\/asterix-und-obelix-12-gallier-die-kaum-jemand-kennt\/","url":"https:\/\/www.thebestsocial.media\/de\/asterix-und-obelix-12-gallier-die-kaum-jemand-kennt\/","name":"Asterix und Obelix: 12 Gallier, die kaum jemand kennt","isPartOf":{"@id":"https:\/\/www.thebestsocial.media\/de\/#website"},"primaryImageOfPage":{"@id":"https:\/\/www.thebestsocial.media\/de\/asterix-und-obelix-12-gallier-die-kaum-jemand-kennt\/#primaryimage"},"image":{"@id":"https:\/\/www.thebestsocial.media\/de\/asterix-und-obelix-12-gallier-die-kaum-jemand-kennt\/#primaryimage"},"thumbnailUrl":"https:\/\/www.thebestsocial.media\/de\/wp-content\/uploads\/sites\/3\/2022\/10\/asterix.jpg","datePublished":"2022-10-27T13:52:41+00:00","dateModified":"2022-10-28T15:01:27+00:00","author":{"@id":"https:\/\/www.thebestsocial.media\/de\/#\/schema\/person\/bb9d89d5ad944f3bb530722c8914ad89"},"description":"Asterix und Obelix sind unsere Kindheitshelden. Die Namen der Gallier enden alle auf \"-ix\" und so stellte ein Twitter-User einen neuen vor.","breadcrumb":{"@id":"https:\/\/www.thebestsocial.media\/de\/asterix-und-obelix-12-gallier-die-kaum-jemand-kennt\/#breadcrumb"},"inLanguage":"de","potentialAction":[{"@type":"ReadAction","target":["https:\/\/www.thebestsocial.media\/de\/asterix-und-obelix-12-gallier-die-kaum-jemand-kennt\/"]}]},{"@type":"ImageObject","inLanguage":"de","@id":"https:\/\/www.thebestsocial.media\/de\/asterix-und-obelix-12-gallier-die-kaum-jemand-kennt\/#primaryimage","url":"https:\/\/www.thebestsocial.media\/de\/wp-content\/uploads\/sites\/3\/2022\/10\/asterix.jpg","contentUrl":"https:\/\/www.thebestsocial.media\/de\/wp-content\/uploads\/sites\/3\/2022\/10\/asterix.jpg","width":1920,"height":1288},{"@type":"BreadcrumbList","@id":"https:\/\/www.thebestsocial.media\/de\/asterix-und-obelix-12-gallier-die-kaum-jemand-kennt\/#breadcrumb","itemListElement":[{"@type":"ListItem","position":1,"name":"Home","item":"https:\/\/www.thebestsocial.media\/de\/"},{"@type":"ListItem","position":2,"name":"Asterix und Obelix: 12 Gallier, die kaum jemand kennt"}]},{"@type":"WebSite","@id":"https:\/\/www.thebestsocial.media\/de\/#website","url":"https:\/\/www.thebestsocial.media\/de\/","name":"The Best Social Media DE","description":"","potentialAction":[{"@type":"SearchAction","target":{"@type":"EntryPoint","urlTemplate":"https:\/\/www.thebestsocial.media\/de\/?s={search_term_string}"},"query-input":{"@type":"PropertyValueSpecification","valueRequired":true,"valueName":"search_term_string"}}],"inLanguage":"de"},{"@type":"Person","@id":"https:\/\/www.thebestsocial.media\/de\/#\/schema\/person\/bb9d89d5ad944f3bb530722c8914ad89","name":"Lea","image":{"@type":"ImageObject","inLanguage":"de","@id":"https:\/\/secure.gravatar.com\/avatar\/572526d0641f829a52d7692ed43a20d1f02796367e1eea965858d2d2787f4c33?s=96&d=mm&r=g","url":"https:\/\/secure.gravatar.com\/avatar\/572526d0641f829a52d7692ed43a20d1f02796367e1eea965858d2d2787f4c33?s=96&d=mm&r=g","contentUrl":"https:\/\/secure.gravatar.com\/avatar\/572526d0641f829a52d7692ed43a20d1f02796367e1eea965858d2d2787f4c33?s=96&d=mm&r=g","caption":"Lea"},"url":"https:\/\/www.thebestsocial.media\/de\/author\/leascheel\/"}]}},"amp_enabled":true,"_links":{"self":[{"href":"https:\/\/www.thebestsocial.media\/de\/wp-json\/wp\/v2\/posts\/168228","targetHints":{"allow":["GET"]}}],"collection":[{"href":"https:\/\/www.thebestsocial.media\/de\/wp-json\/wp\/v2\/posts"}],"about":[{"href":"https:\/\/www.thebestsocial.media\/de\/wp-json\/wp\/v2\/types\/post"}],"author":[{"embeddable":true,"href":"https:\/\/www.thebestsocial.media\/de\/wp-json\/wp\/v2\/users\/104"}],"replies":[{"embeddable":true,"href":"https:\/\/www.thebestsocial.media\/de\/wp-json\/wp\/v2\/comments?post=168228"}],"version-history":[{"count":32,"href":"https:\/\/www.thebestsocial.media\/de\/wp-json\/wp\/v2\/posts\/168228\/revisions"}],"predecessor-version":[{"id":168501,"href":"https:\/\/www.thebestsocial.media\/de\/wp-json\/wp\/v2\/posts\/168228\/revisions\/168501"}],"wp:featuredmedia":[{"embeddable":true,"href":"https:\/\/www.thebestsocial.media\/de\/wp-json\/wp\/v2\/media\/168264"}],"wp:attachment":[{"href":"https:\/\/www.thebestsocial.media\/de\/wp-json\/wp\/v2\/media?parent=168228"}],"wp:term":[{"taxonomy":"category","embeddable":true,"href":"https:\/\/www.thebestsocial.media\/de\/wp-json\/wp\/v2\/categories?post=168228"},{"taxonomy":"post_tag","embeddable":true,"href":"https:\/\/www.thebestsocial.media\/de\/wp-json\/wp\/v2\/tags?post=168228"}],"curies":[{"name":"wp","href":"https:\/\/api.w.org\/{rel}","templated":true}]}}