{"id":167831,"date":"2022-10-22T13:42:52","date_gmt":"2022-10-22T13:42:52","guid":{"rendered":"https:\/\/www.thebestsocial.media\/de\/?p=167831"},"modified":"2022-10-22T13:42:52","modified_gmt":"2022-10-22T13:42:52","slug":"warum-nagellack-nicht-nur-was-fuer-frauen-ist","status":"publish","type":"post","link":"https:\/\/www.thebestsocial.media\/de\/warum-nagellack-nicht-nur-was-fuer-frauen-ist\/","title":{"rendered":"Warum Nagellack nicht nur was f\u00fcr Frauen ist!"},"content":{"rendered":"<p>Nagellack ist nur was f\u00fcr Frauen? Papperlapapp! Wir sind in einer Zeit (endlich) angekommen, in der jeder das tragen kann\/sollte, worauf er Lust hat. Dass Nagellack nicht nur was f\u00fcr Frauen ist, wird mittlerweile schon im Kindesalter klar gemacht. Ein bisschen Farbe an den N\u00e4geln macht schlie\u00dflich bei jedem und jeder was her, oder? Das finden wir zumindest. Die n\u00e4chsten 10 Tweets unterstreichen das Ganze nochmal: <\/p>\n<p>&nbsp;<\/p>\n<h3>1. Es geht aber auch anders.<\/h3>\n<blockquote class=\"twitter-tweet\">\n<p lang=\"de\" dir=\"ltr\">Die 5 J\u00e4hrige.<br \/>&quot;M\u00f6chtest Du auch?&quot;<\/p>\n<p>&quot;Nein&quot;<\/p>\n<p>&quot;Ich mach das f\u00fcr dich. Du bist mein Papa&quot;<\/p>\n<p>&quot;Nahein&quot;<\/p>\n<p>&quot;Aber es ist Anna und Elsa Nagellack, was ganz besonderes&quot;<\/p>\n<p>&quot;Marie, NEIN. Auch wenn Ich dein Papa bin, ich m\u00f6chte keine lackierten Finger.&quot;<\/p>\n<p>*Ich seh&#39; sie schon bei Douglas arbeiten.<\/p>\n<p>&mdash; Mr.Empty, der \u00be Bandit (@Mr_Empty_hier) <a href=\"https:\/\/twitter.com\/Mr_Empty_hier\/status\/1070573877233926146?ref_src=twsrc%5Etfw\">December 6, 2018<\/a><\/p><\/blockquote>\n<p> <script async src=\"https:\/\/platform.twitter.com\/widgets.js\" charset=\"utf-8\"><\/script><\/p>\n<p>&nbsp;<\/p>\n<h3>2. So muss das.<\/h3>\n<blockquote class=\"twitter-tweet\">\n<p lang=\"de\" dir=\"ltr\">Bin stolz auf meinen Sohn (9), aber er hat Angst das der Papa und andere es doof finden. Wo sind die M\u00e4nner die auch Nagellack tragen? Bitte setzt mal Bilder hier drunter damit ich ihm die zeigen kann \ud83d\ude42 <a href=\"https:\/\/t.co\/dJYXPtAz7J\">pic.twitter.com\/dJYXPtAz7J<\/a><\/p>\n<p>&mdash; EnchainedAngel (@EnchainedAngel) <a href=\"https:\/\/twitter.com\/EnchainedAngel\/status\/1550885565901508608?ref_src=twsrc%5Etfw\">July 23, 2022<\/a><\/p><\/blockquote>\n<p> <script async src=\"https:\/\/platform.twitter.com\/widgets.js\" charset=\"utf-8\"><\/script><\/p>\n<p>&nbsp;<\/p>\n<h3>3. Nur einen kleinen Nagel, wer sagt denn sowas?<\/h3>\n<blockquote class=\"twitter-tweet\">\n<p lang=\"de\" dir=\"ltr\">ich k\u00f6nnte ein paar Bilder von M\u00e4nnern mit Nagellack brauchen. Meinem Kind wurde heute erkl\u00e4rt, dass Jungs wenn, dann nur einen kleinen Nagel lackieren (er hatte seine N\u00e4gel in Orange lackiert). Also M\u00e4nner zeigt euch mit euren bunten N\u00e4geln.<\/p>\n<p>&mdash; Anita\ud83c\udf37 (@die_feuerkatze) <a href=\"https:\/\/twitter.com\/die_feuerkatze\/status\/1109157788285046784?ref_src=twsrc%5Etfw\">March 22, 2019<\/a><\/p><\/blockquote>\n<p> <script async src=\"https:\/\/platform.twitter.com\/widgets.js\" charset=\"utf-8\"><\/script><\/p>\n<p>&nbsp;<\/p>\n<h3>4. Einfach mit Selbstbewusstsein tragen.<\/h3>\n<blockquote class=\"twitter-tweet\">\n<p lang=\"de\" dir=\"ltr\">Der sechsj\u00e4hrige Nachbarssohn tr\u00e4gt seit Wochen unbeirrt rosa Nagellack an H\u00e4nden und F\u00fc\u00dfen und ist die coolste Sau hier.<\/p>\n<p>&mdash; Ahnungsvoll tr\u00e4gt Maske (@kleinleise) <a href=\"https:\/\/twitter.com\/kleinleise\/status\/762190601358114816?ref_src=twsrc%5Etfw\">August 7, 2016<\/a><\/p><\/blockquote>\n<p> <script async src=\"https:\/\/platform.twitter.com\/widgets.js\" charset=\"utf-8\"><\/script><\/p>\n<p>&nbsp;<\/p>\n<h3>5. Logisch und nachvollziehbar.<\/h3>\n<blockquote class=\"twitter-tweet\">\n<p lang=\"de\" dir=\"ltr\">Sohn (4) tr\u00e4gt Nagellack. Kindergartenfreund weist ihn darauf hin, dass das nur was f\u00fcr M\u00e4dchen sei. Sohn antwortet: \u201eNein. Ich bin n\u00e4mlich ein Junge und ich hab das auch!\u201c Logisch einwandfrei argumentiert, w\u00fcrde ich sagen.<\/p>\n<p>&mdash; Barbara Vorsamer (@vorsamer) <a href=\"https:\/\/twitter.com\/vorsamer\/status\/1105139606448685056?ref_src=twsrc%5Etfw\">March 11, 2019<\/a><\/p><\/blockquote>\n<p> <script async src=\"https:\/\/platform.twitter.com\/widgets.js\" charset=\"utf-8\"><\/script><\/p>\n<p>&nbsp;<\/p>\n<h3>6. Die verwirrenden Zeiten sind bald zu Ende.<\/h3>\n<blockquote class=\"twitter-tweet\">\n<p lang=\"de\" dir=\"ltr\">Mein Neffe pr\u00e4sentiert mir stolz seine Dino-Sammlung, seine Autos, seine Zombie-J\u00e4ger Ausr\u00fcstung und seinen blauen Nagellack mit Metallic Effekt.<\/p>\n<p>Es m\u00fcssen sehr verwirrende Zeiten f\u00fcr erzkonservative Spie\u00dfer sein.<br \/>Vielleicht w\u00e4re es f\u00fcr alle einfacher, st\u00fcrben sie endlich aus.<\/p>\n<p>&mdash; Herr Balsam (@HerrBalsam) <a href=\"https:\/\/twitter.com\/HerrBalsam\/status\/1475444333667135493?ref_src=twsrc%5Etfw\">December 27, 2021<\/a><\/p><\/blockquote>\n<p> <script async src=\"https:\/\/platform.twitter.com\/widgets.js\" charset=\"utf-8\"><\/script><\/p>\n<p>&nbsp;<\/p>\n<h3>7. First things first.<\/h3>\n<blockquote class=\"twitter-tweet\">\n<p lang=\"de\" dir=\"ltr\">Der Vierj\u00e4hrige will mit Fu\u00dfball schauen. Vater-Sohn-Moment! Aber erst muss sein Nagellack trocknen. <a href=\"https:\/\/t.co\/Z8NnO2eWAQ\">pic.twitter.com\/Z8NnO2eWAQ<\/a><\/p>\n<p>&mdash; Gebbi Gibson (@GebbiGibson) <a href=\"https:\/\/twitter.com\/GebbiGibson\/status\/739129177408983040?ref_src=twsrc%5Etfw\">June 4, 2016<\/a><\/p><\/blockquote>\n<p> <script async src=\"https:\/\/platform.twitter.com\/widgets.js\" charset=\"utf-8\"><\/script><\/p>\n<p>&nbsp;<\/p>\n<h3>8. Die Diskussionen nehmen immer mehr ab <3.<\/h3>\n<blockquote class=\"twitter-tweet\">\n<p lang=\"de\" dir=\"ltr\">Die Jungs im Freundeskreis des T\u00f6chterchens (4J) tragen mit einer solch entz\u00fcckenden Selbstverst\u00e4ndlichkeit Kleider, Haarspangen und Nagellack, dass es mich direkt zuversichtlich stimmt, dass die nachfolgende Generation eine bescheuerte Diskussion weniger f\u00fchren muss.<\/p>\n<p>&mdash; Papa Lapapp (@Papa_Lapapp) <a href=\"https:\/\/twitter.com\/Papa_Lapapp\/status\/1202215206212063232?ref_src=twsrc%5Etfw\">December 4, 2019<\/a><\/p><\/blockquote>\n<p> <script async src=\"https:\/\/platform.twitter.com\/widgets.js\" charset=\"utf-8\"><\/script><\/p>\n<p>&nbsp;<\/p>\n<h3>9. Er verf\u00fcgt ja wohl ganz allein \u00fcber sein Taschengeld.<\/h3>\n<blockquote class=\"twitter-tweet\">\n<p lang=\"de\" dir=\"ltr\">Wenn mein Sohn eines Tages zu mir kommt und fragt, ob ich ihm Nagellack kaufe, werde ich auf den Tisch hauen und sagen: \u201eIch glaub\u2019s ja wohl nicht, wozu zahle ich dir eigentlich Taschengeld?!\u201c<\/p>\n<p>&mdash; Krieg und Freitag (@kriegundfreitag) <a href=\"https:\/\/twitter.com\/kriegundfreitag\/status\/1189578059323719680?ref_src=twsrc%5Etfw\">October 30, 2019<\/a><\/p><\/blockquote>\n<p> <script async src=\"https:\/\/platform.twitter.com\/widgets.js\" charset=\"utf-8\"><\/script><\/p>\n<p>&nbsp;<\/p>\n<h3>10. Logische Schlussfolgerung.<\/h3>\n<blockquote class=\"twitter-tweet\">\n<p lang=\"de\" dir=\"ltr\">&quot;Bist du schwul?&quot;<\/p>\n<p>&#8211; Nein<\/p>\n<p>&quot;Aber du hast Nagellack drauf&quot;<\/p>\n<p>-Ja, und?<\/p>\n<p>&quot;Dann musst du ja schwul sein&quot;<\/p>\n<p>Ach Menschen&#8230; \ud83d\ude29<\/p>\n<p>&mdash; Toni Pirosa \ud83c\udf3b (@ToniPirosa) <a href=\"https:\/\/twitter.com\/ToniPirosa\/status\/907557493861175296?ref_src=twsrc%5Etfw\">September 12, 2017<\/a><\/p><\/blockquote>\n<p> <script async src=\"https:\/\/platform.twitter.com\/widgets.js\" charset=\"utf-8\"><\/script><\/p>\n<p>\u2014<br \/>\nVielen Dank an alle f\u00fcr die Posts.<br \/>\n\u2014<\/p>\n<p>Achtung! Freelance Community Manager (m\/w\/d) gesucht! <a href=\"https:\/\/www.thebestsocialjobs.com\/de\/stelle\/freelance-community-manager-german-speaking\/\" target=\"_blank\" rel=\"noopener\">Hier entlang<\/a>, bitte.<\/p>\n","protected":false},"excerpt":{"rendered":"<p>Nagellack ist nur was f\u00fcr Frauen? Papperlapapp! Wir sind in einer Zeit (endlich) angekommen, in der jeder das tragen kann\/sollte, worauf er Lust hat. Dass&#8230;<\/p>\n","protected":false},"author":97,"featured_media":167843,"comment_status":"open","ping_status":"open","sticky":false,"template":"","format":"standard","meta":{"_acf_changed":false,"footnotes":""},"categories":[11,2031,35],"tags":[12,5340,4853],"class_list":["post-167831","post","type-post","status-publish","format-standard","has-post-thumbnail","hentry","category-creative-content","category-feelgood","category-twitter","tag-creative-content","tag-nagellack","tag-nagelstudio"],"acf":[],"yoast_head":"<!-- This site is optimized with the Yoast SEO plugin v27.5 - https:\/\/yoast.com\/product\/yoast-seo-wordpress\/ -->\n<title>Warum Nagellack nicht nur was f\u00fcr Frauen ist!<\/title>\n<meta name=\"robots\" content=\"index, follow, max-snippet:-1, max-image-preview:large, max-video-preview:-1\" \/>\n<link rel=\"canonical\" href=\"https:\/\/www.thebestsocial.media\/de\/warum-nagellack-nicht-nur-was-fuer-frauen-ist\/\" \/>\n<meta property=\"og:locale\" content=\"de_DE\" \/>\n<meta property=\"og:type\" content=\"article\" \/>\n<meta property=\"og:title\" content=\"Warum Nagellack nicht nur was f\u00fcr Frauen ist!\" \/>\n<meta property=\"og:description\" content=\"Nagellack ist nur was f\u00fcr Frauen? Papperlapapp! Wir sind in einer Zeit (endlich) angekommen, in der jeder das tragen kann\/sollte, worauf er Lust hat. Dass...\" \/>\n<meta property=\"og:url\" content=\"https:\/\/www.thebestsocial.media\/de\/warum-nagellack-nicht-nur-was-fuer-frauen-ist\/\" \/>\n<meta property=\"og:site_name\" content=\"The Best Social Media DE\" \/>\n<meta property=\"article:published_time\" content=\"2022-10-22T13:42:52+00:00\" \/>\n<meta property=\"og:image\" content=\"https:\/\/www.thebestsocial.media\/de\/wp-content\/uploads\/sites\/3\/2022\/10\/Header_nagelmaennlich.png\" \/>\n\t<meta property=\"og:image:width\" content=\"1200\" \/>\n\t<meta property=\"og:image:height\" content=\"630\" \/>\n\t<meta property=\"og:image:type\" content=\"image\/png\" \/>\n<meta name=\"author\" content=\"Cristina\" \/>\n<meta name=\"twitter:card\" content=\"summary_large_image\" \/>\n<meta name=\"twitter:label1\" content=\"Verfasst von\" \/>\n\t<meta name=\"twitter:data1\" content=\"Cristina\" \/>\n\t<meta name=\"twitter:label2\" content=\"Gesch\u00e4tzte Lesezeit\" \/>\n\t<meta name=\"twitter:data2\" content=\"3\u00a0Minuten\" \/>\n<script type=\"application\/ld+json\" class=\"yoast-schema-graph\">{\"@context\":\"https:\\\/\\\/schema.org\",\"@graph\":[{\"@type\":\"Article\",\"@id\":\"https:\\\/\\\/www.thebestsocial.media\\\/de\\\/warum-nagellack-nicht-nur-was-fuer-frauen-ist\\\/#article\",\"isPartOf\":{\"@id\":\"https:\\\/\\\/www.thebestsocial.media\\\/de\\\/warum-nagellack-nicht-nur-was-fuer-frauen-ist\\\/\"},\"author\":{\"name\":\"Cristina\",\"@id\":\"https:\\\/\\\/www.thebestsocial.media\\\/de\\\/#\\\/schema\\\/person\\\/e2cd306c885c9cc48e5ea47d563cab08\"},\"headline\":\"Warum Nagellack nicht nur was f\u00fcr Frauen ist!\",\"datePublished\":\"2022-10-22T13:42:52+00:00\",\"mainEntityOfPage\":{\"@id\":\"https:\\\/\\\/www.thebestsocial.media\\\/de\\\/warum-nagellack-nicht-nur-was-fuer-frauen-ist\\\/\"},\"wordCount\":447,\"commentCount\":0,\"image\":{\"@id\":\"https:\\\/\\\/www.thebestsocial.media\\\/de\\\/warum-nagellack-nicht-nur-was-fuer-frauen-ist\\\/#primaryimage\"},\"thumbnailUrl\":\"https:\\\/\\\/www.thebestsocial.media\\\/de\\\/wp-content\\\/uploads\\\/sites\\\/3\\\/2022\\\/10\\\/nail-polish-ge76415f6c_1920-1.jpg\",\"keywords\":[\"creative content\",\"nagellack\",\"Nagelstudio\"],\"articleSection\":[\"Creative Content\",\"Feelgood\",\"Twitter\"],\"inLanguage\":\"de\",\"potentialAction\":[{\"@type\":\"CommentAction\",\"name\":\"Comment\",\"target\":[\"https:\\\/\\\/www.thebestsocial.media\\\/de\\\/warum-nagellack-nicht-nur-was-fuer-frauen-ist\\\/#respond\"]}]},{\"@type\":\"WebPage\",\"@id\":\"https:\\\/\\\/www.thebestsocial.media\\\/de\\\/warum-nagellack-nicht-nur-was-fuer-frauen-ist\\\/\",\"url\":\"https:\\\/\\\/www.thebestsocial.media\\\/de\\\/warum-nagellack-nicht-nur-was-fuer-frauen-ist\\\/\",\"name\":\"Warum Nagellack nicht nur was f\u00fcr Frauen ist!\",\"isPartOf\":{\"@id\":\"https:\\\/\\\/www.thebestsocial.media\\\/de\\\/#website\"},\"primaryImageOfPage\":{\"@id\":\"https:\\\/\\\/www.thebestsocial.media\\\/de\\\/warum-nagellack-nicht-nur-was-fuer-frauen-ist\\\/#primaryimage\"},\"image\":{\"@id\":\"https:\\\/\\\/www.thebestsocial.media\\\/de\\\/warum-nagellack-nicht-nur-was-fuer-frauen-ist\\\/#primaryimage\"},\"thumbnailUrl\":\"https:\\\/\\\/www.thebestsocial.media\\\/de\\\/wp-content\\\/uploads\\\/sites\\\/3\\\/2022\\\/10\\\/nail-polish-ge76415f6c_1920-1.jpg\",\"datePublished\":\"2022-10-22T13:42:52+00:00\",\"author\":{\"@id\":\"https:\\\/\\\/www.thebestsocial.media\\\/de\\\/#\\\/schema\\\/person\\\/e2cd306c885c9cc48e5ea47d563cab08\"},\"breadcrumb\":{\"@id\":\"https:\\\/\\\/www.thebestsocial.media\\\/de\\\/warum-nagellack-nicht-nur-was-fuer-frauen-ist\\\/#breadcrumb\"},\"inLanguage\":\"de\",\"potentialAction\":[{\"@type\":\"ReadAction\",\"target\":[\"https:\\\/\\\/www.thebestsocial.media\\\/de\\\/warum-nagellack-nicht-nur-was-fuer-frauen-ist\\\/\"]}]},{\"@type\":\"ImageObject\",\"inLanguage\":\"de\",\"@id\":\"https:\\\/\\\/www.thebestsocial.media\\\/de\\\/warum-nagellack-nicht-nur-was-fuer-frauen-ist\\\/#primaryimage\",\"url\":\"https:\\\/\\\/www.thebestsocial.media\\\/de\\\/wp-content\\\/uploads\\\/sites\\\/3\\\/2022\\\/10\\\/nail-polish-ge76415f6c_1920-1.jpg\",\"contentUrl\":\"https:\\\/\\\/www.thebestsocial.media\\\/de\\\/wp-content\\\/uploads\\\/sites\\\/3\\\/2022\\\/10\\\/nail-polish-ge76415f6c_1920-1.jpg\",\"width\":1920,\"height\":656},{\"@type\":\"BreadcrumbList\",\"@id\":\"https:\\\/\\\/www.thebestsocial.media\\\/de\\\/warum-nagellack-nicht-nur-was-fuer-frauen-ist\\\/#breadcrumb\",\"itemListElement\":[{\"@type\":\"ListItem\",\"position\":1,\"name\":\"Home\",\"item\":\"https:\\\/\\\/www.thebestsocial.media\\\/de\\\/\"},{\"@type\":\"ListItem\",\"position\":2,\"name\":\"Warum Nagellack nicht nur was f\u00fcr Frauen ist!\"}]},{\"@type\":\"WebSite\",\"@id\":\"https:\\\/\\\/www.thebestsocial.media\\\/de\\\/#website\",\"url\":\"https:\\\/\\\/www.thebestsocial.media\\\/de\\\/\",\"name\":\"The Best Social Media DE\",\"description\":\"\",\"potentialAction\":[{\"@type\":\"SearchAction\",\"target\":{\"@type\":\"EntryPoint\",\"urlTemplate\":\"https:\\\/\\\/www.thebestsocial.media\\\/de\\\/?s={search_term_string}\"},\"query-input\":{\"@type\":\"PropertyValueSpecification\",\"valueRequired\":true,\"valueName\":\"search_term_string\"}}],\"inLanguage\":\"de\"},{\"@type\":\"Person\",\"@id\":\"https:\\\/\\\/www.thebestsocial.media\\\/de\\\/#\\\/schema\\\/person\\\/e2cd306c885c9cc48e5ea47d563cab08\",\"name\":\"Cristina\",\"image\":{\"@type\":\"ImageObject\",\"inLanguage\":\"de\",\"@id\":\"https:\\\/\\\/secure.gravatar.com\\\/avatar\\\/17a11569f2998e9b40ff4c98ab0851ddd1dd35595a21590f554e022bed21c0c4?s=96&d=mm&r=g\",\"url\":\"https:\\\/\\\/secure.gravatar.com\\\/avatar\\\/17a11569f2998e9b40ff4c98ab0851ddd1dd35595a21590f554e022bed21c0c4?s=96&d=mm&r=g\",\"contentUrl\":\"https:\\\/\\\/secure.gravatar.com\\\/avatar\\\/17a11569f2998e9b40ff4c98ab0851ddd1dd35595a21590f554e022bed21c0c4?s=96&d=mm&r=g\",\"caption\":\"Cristina\"},\"url\":\"https:\\\/\\\/www.thebestsocial.media\\\/de\\\/author\\\/cristina\\\/\"}]}<\/script>\n<!-- \/ Yoast SEO plugin. -->","yoast_head_json":{"title":"Warum Nagellack nicht nur was f\u00fcr Frauen ist!","robots":{"index":"index","follow":"follow","max-snippet":"max-snippet:-1","max-image-preview":"max-image-preview:large","max-video-preview":"max-video-preview:-1"},"canonical":"https:\/\/www.thebestsocial.media\/de\/warum-nagellack-nicht-nur-was-fuer-frauen-ist\/","og_locale":"de_DE","og_type":"article","og_title":"Warum Nagellack nicht nur was f\u00fcr Frauen ist!","og_description":"Nagellack ist nur was f\u00fcr Frauen? Papperlapapp! Wir sind in einer Zeit (endlich) angekommen, in der jeder das tragen kann\/sollte, worauf er Lust hat. Dass...","og_url":"https:\/\/www.thebestsocial.media\/de\/warum-nagellack-nicht-nur-was-fuer-frauen-ist\/","og_site_name":"The Best Social Media DE","article_published_time":"2022-10-22T13:42:52+00:00","og_image":[{"width":1200,"height":630,"url":"https:\/\/www.thebestsocial.media\/de\/wp-content\/uploads\/sites\/3\/2022\/10\/Header_nagelmaennlich.png","type":"image\/png"}],"author":"Cristina","twitter_card":"summary_large_image","twitter_misc":{"Verfasst von":"Cristina","Gesch\u00e4tzte Lesezeit":"3\u00a0Minuten"},"schema":{"@context":"https:\/\/schema.org","@graph":[{"@type":"Article","@id":"https:\/\/www.thebestsocial.media\/de\/warum-nagellack-nicht-nur-was-fuer-frauen-ist\/#article","isPartOf":{"@id":"https:\/\/www.thebestsocial.media\/de\/warum-nagellack-nicht-nur-was-fuer-frauen-ist\/"},"author":{"name":"Cristina","@id":"https:\/\/www.thebestsocial.media\/de\/#\/schema\/person\/e2cd306c885c9cc48e5ea47d563cab08"},"headline":"Warum Nagellack nicht nur was f\u00fcr Frauen ist!","datePublished":"2022-10-22T13:42:52+00:00","mainEntityOfPage":{"@id":"https:\/\/www.thebestsocial.media\/de\/warum-nagellack-nicht-nur-was-fuer-frauen-ist\/"},"wordCount":447,"commentCount":0,"image":{"@id":"https:\/\/www.thebestsocial.media\/de\/warum-nagellack-nicht-nur-was-fuer-frauen-ist\/#primaryimage"},"thumbnailUrl":"https:\/\/www.thebestsocial.media\/de\/wp-content\/uploads\/sites\/3\/2022\/10\/nail-polish-ge76415f6c_1920-1.jpg","keywords":["creative content","nagellack","Nagelstudio"],"articleSection":["Creative Content","Feelgood","Twitter"],"inLanguage":"de","potentialAction":[{"@type":"CommentAction","name":"Comment","target":["https:\/\/www.thebestsocial.media\/de\/warum-nagellack-nicht-nur-was-fuer-frauen-ist\/#respond"]}]},{"@type":"WebPage","@id":"https:\/\/www.thebestsocial.media\/de\/warum-nagellack-nicht-nur-was-fuer-frauen-ist\/","url":"https:\/\/www.thebestsocial.media\/de\/warum-nagellack-nicht-nur-was-fuer-frauen-ist\/","name":"Warum Nagellack nicht nur was f\u00fcr Frauen ist!","isPartOf":{"@id":"https:\/\/www.thebestsocial.media\/de\/#website"},"primaryImageOfPage":{"@id":"https:\/\/www.thebestsocial.media\/de\/warum-nagellack-nicht-nur-was-fuer-frauen-ist\/#primaryimage"},"image":{"@id":"https:\/\/www.thebestsocial.media\/de\/warum-nagellack-nicht-nur-was-fuer-frauen-ist\/#primaryimage"},"thumbnailUrl":"https:\/\/www.thebestsocial.media\/de\/wp-content\/uploads\/sites\/3\/2022\/10\/nail-polish-ge76415f6c_1920-1.jpg","datePublished":"2022-10-22T13:42:52+00:00","author":{"@id":"https:\/\/www.thebestsocial.media\/de\/#\/schema\/person\/e2cd306c885c9cc48e5ea47d563cab08"},"breadcrumb":{"@id":"https:\/\/www.thebestsocial.media\/de\/warum-nagellack-nicht-nur-was-fuer-frauen-ist\/#breadcrumb"},"inLanguage":"de","potentialAction":[{"@type":"ReadAction","target":["https:\/\/www.thebestsocial.media\/de\/warum-nagellack-nicht-nur-was-fuer-frauen-ist\/"]}]},{"@type":"ImageObject","inLanguage":"de","@id":"https:\/\/www.thebestsocial.media\/de\/warum-nagellack-nicht-nur-was-fuer-frauen-ist\/#primaryimage","url":"https:\/\/www.thebestsocial.media\/de\/wp-content\/uploads\/sites\/3\/2022\/10\/nail-polish-ge76415f6c_1920-1.jpg","contentUrl":"https:\/\/www.thebestsocial.media\/de\/wp-content\/uploads\/sites\/3\/2022\/10\/nail-polish-ge76415f6c_1920-1.jpg","width":1920,"height":656},{"@type":"BreadcrumbList","@id":"https:\/\/www.thebestsocial.media\/de\/warum-nagellack-nicht-nur-was-fuer-frauen-ist\/#breadcrumb","itemListElement":[{"@type":"ListItem","position":1,"name":"Home","item":"https:\/\/www.thebestsocial.media\/de\/"},{"@type":"ListItem","position":2,"name":"Warum Nagellack nicht nur was f\u00fcr Frauen ist!"}]},{"@type":"WebSite","@id":"https:\/\/www.thebestsocial.media\/de\/#website","url":"https:\/\/www.thebestsocial.media\/de\/","name":"The Best Social Media DE","description":"","potentialAction":[{"@type":"SearchAction","target":{"@type":"EntryPoint","urlTemplate":"https:\/\/www.thebestsocial.media\/de\/?s={search_term_string}"},"query-input":{"@type":"PropertyValueSpecification","valueRequired":true,"valueName":"search_term_string"}}],"inLanguage":"de"},{"@type":"Person","@id":"https:\/\/www.thebestsocial.media\/de\/#\/schema\/person\/e2cd306c885c9cc48e5ea47d563cab08","name":"Cristina","image":{"@type":"ImageObject","inLanguage":"de","@id":"https:\/\/secure.gravatar.com\/avatar\/17a11569f2998e9b40ff4c98ab0851ddd1dd35595a21590f554e022bed21c0c4?s=96&d=mm&r=g","url":"https:\/\/secure.gravatar.com\/avatar\/17a11569f2998e9b40ff4c98ab0851ddd1dd35595a21590f554e022bed21c0c4?s=96&d=mm&r=g","contentUrl":"https:\/\/secure.gravatar.com\/avatar\/17a11569f2998e9b40ff4c98ab0851ddd1dd35595a21590f554e022bed21c0c4?s=96&d=mm&r=g","caption":"Cristina"},"url":"https:\/\/www.thebestsocial.media\/de\/author\/cristina\/"}]}},"amp_enabled":true,"_links":{"self":[{"href":"https:\/\/www.thebestsocial.media\/de\/wp-json\/wp\/v2\/posts\/167831","targetHints":{"allow":["GET"]}}],"collection":[{"href":"https:\/\/www.thebestsocial.media\/de\/wp-json\/wp\/v2\/posts"}],"about":[{"href":"https:\/\/www.thebestsocial.media\/de\/wp-json\/wp\/v2\/types\/post"}],"author":[{"embeddable":true,"href":"https:\/\/www.thebestsocial.media\/de\/wp-json\/wp\/v2\/users\/97"}],"replies":[{"embeddable":true,"href":"https:\/\/www.thebestsocial.media\/de\/wp-json\/wp\/v2\/comments?post=167831"}],"version-history":[{"count":10,"href":"https:\/\/www.thebestsocial.media\/de\/wp-json\/wp\/v2\/posts\/167831\/revisions"}],"predecessor-version":[{"id":167847,"href":"https:\/\/www.thebestsocial.media\/de\/wp-json\/wp\/v2\/posts\/167831\/revisions\/167847"}],"wp:featuredmedia":[{"embeddable":true,"href":"https:\/\/www.thebestsocial.media\/de\/wp-json\/wp\/v2\/media\/167843"}],"wp:attachment":[{"href":"https:\/\/www.thebestsocial.media\/de\/wp-json\/wp\/v2\/media?parent=167831"}],"wp:term":[{"taxonomy":"category","embeddable":true,"href":"https:\/\/www.thebestsocial.media\/de\/wp-json\/wp\/v2\/categories?post=167831"},{"taxonomy":"post_tag","embeddable":true,"href":"https:\/\/www.thebestsocial.media\/de\/wp-json\/wp\/v2\/tags?post=167831"}],"curies":[{"name":"wp","href":"https:\/\/api.w.org\/{rel}","templated":true}]}}