{"id":167819,"date":"2022-10-21T21:51:20","date_gmt":"2022-10-21T21:51:20","guid":{"rendered":"https:\/\/www.thebestsocial.media\/de\/?p=167819"},"modified":"2022-10-21T21:51:20","modified_gmt":"2022-10-21T21:51:20","slug":"wir-vermissen-sie-alle-nicht-12-pubertierende-pubertaets-posts","status":"publish","type":"post","link":"https:\/\/www.thebestsocial.media\/de\/wir-vermissen-sie-alle-nicht-12-pubertierende-pubertaets-posts\/","title":{"rendered":"Wir vermissen sie alle nicht! 12 pubertierende Pubert\u00e4ts-Posts"},"content":{"rendered":"<p>Achja die Pubert\u00e4t. Wir erinnern uns gerne an sie zur\u00fcck (nicht). Auch unsere Eltern waren wohl heilfroh dar\u00fcber, als wir endlich aus der Pubert\u00e4t raus waren. Stimmungsschwankungen, Existenzkrisen und viele erste Male. Die Zeit w\u00e4hrend der Pubert\u00e4t ist allemal einzigartig. Auf Twitter lassen sich auch die Eltern \u00fcber ihre pubertierende Kinder aus. Hier sind 12 Posts ganz frisch aus der Pubert\u00e4t f\u00fcr euch!<\/p>\n<p>&nbsp;<\/p>\n<h3>1. Verwechslungsgefahr.<\/h3>\n<blockquote class=\"twitter-tweet\">\n<p lang=\"de\" dir=\"ltr\">&quot;Er bleibt den ganzen Tag in seinem Zimmer. Er isst auch dort und besch\u00e4ftigt sich selbst, Kontakte sind auf das N\u00f6tigste reduziert.&quot;<br \/>&quot;Ach der Arme. Quarant\u00e4ne?&quot;<br \/>&quot;Pubert\u00e4t.&quot;<\/p>\n<p>&mdash; Lady Sybils Sonnenscheinheim f\u00fcr kranke Drachen (@vonNordenher) <a href=\"https:\/\/twitter.com\/vonNordenher\/status\/1373695080725409798?ref_src=twsrc%5Etfw\">March 21, 2021<\/a><\/p><\/blockquote>\n<p> <script async src=\"https:\/\/platform.twitter.com\/widgets.js\" charset=\"utf-8\"><\/script><\/p>\n<p>&nbsp;<\/p>\n<h3>2. Nach f\u00fcnf Jahren Erholung dann vielleicht.<\/h3>\n<blockquote class=\"twitter-tweet\">\n<p lang=\"de\" dir=\"ltr\">\u201eNachdem alle ausgezogen sind, fehlen dir deine Kinder?\u201c<\/p>\n<p>\u201eNein!\u201c<\/p>\n<p>\u201eNicht mal ein bisschen?\u201c<\/p>\n<p>\u201eNein!\u201c<\/p>\n<p>\u201eAber manchmal, oder?\u201c<\/p>\n<p>\u201eNein!\u201c<\/p>\n<p>Man muss sich erstmal ein paar Jahre erholen, wenn man drei gleichzeitig durch die Pubert\u00e4t gebracht hat!<\/p>\n<p>&mdash; Froschdomse (@froschdomse) <a href=\"https:\/\/twitter.com\/froschdomse\/status\/993539144738660352?ref_src=twsrc%5Etfw\">May 7, 2018<\/a><\/p><\/blockquote>\n<p> <script async src=\"https:\/\/platform.twitter.com\/widgets.js\" charset=\"utf-8\"><\/script><\/p>\n<p>&nbsp;<\/p>\n<h3>3. Vorsorge ist besser als&#8230;<\/h3>\n<blockquote class=\"twitter-tweet\">\n<p lang=\"de\" dir=\"ltr\">Pubertier in der Familie wird 18.<\/p>\n<p>Hab ihr m\u00fchevoll das neue Auto dekoriert. <a href=\"http:\/\/t.co\/HhmOgyp6Mn\">pic.twitter.com\/HhmOgyp6Mn<\/a><\/p>\n<p>&mdash; K\u00f6nigsM\u00f6rder (@Scharlachrot_83) <a href=\"https:\/\/twitter.com\/Scharlachrot_83\/status\/614712635624452096?ref_src=twsrc%5Etfw\">June 27, 2015<\/a><\/p><\/blockquote>\n<p> <script async src=\"https:\/\/platform.twitter.com\/widgets.js\" charset=\"utf-8\"><\/script><\/p>\n<p>&nbsp;<\/p>\n<h3>4. Zusammenfassend:<\/h3>\n<p><iframe loading=\"lazy\" src=\"\/tiktok-cache\/6971503710400744709\/12e7ee5d45e7d2933de45fd5a989bcbd41ea2beee4d441d4678116a6\" width=\"623\" height=\"1108\" style=\"border:0; height:90vh; width:50.625000vh;\" scrolling=\"no\"><\/iframe><\/p>\n<p>&nbsp;<\/p>\n<h3>5. Apropos Pubertier:<\/h3>\n<blockquote class=\"twitter-tweet\">\n<p lang=\"de\" dir=\"ltr\">Leute wenn meine Eltern mich fr\u00fcher Pubertier genannt h\u00e4tten, h\u00e4tte ich mehr als nur ihre Ehe zerst\u00f6rt<\/p>\n<p>&mdash; Giulia Becker (@hashcrap) <a href=\"https:\/\/twitter.com\/hashcrap\/status\/923235915350380544?ref_src=twsrc%5Etfw\">October 25, 2017<\/a><\/p><\/blockquote>\n<p> <script async src=\"https:\/\/platform.twitter.com\/widgets.js\" charset=\"utf-8\"><\/script><\/p>\n<p>&nbsp;<\/p>\n<h3>6. Vergehen nur leider wie im Flug.<\/h3>\n<blockquote class=\"twitter-tweet\">\n<p lang=\"de\" dir=\"ltr\">Diese 2 Wochen zwischen Pubert\u00e4t und den Wechseljahren, die sind sch\u00f6n.<\/p>\n<p>&mdash; Mille (@mille_kraft) <a href=\"https:\/\/twitter.com\/mille_kraft\/status\/927621150221488131?ref_src=twsrc%5Etfw\">November 6, 2017<\/a><\/p><\/blockquote>\n<p> <script async src=\"https:\/\/platform.twitter.com\/widgets.js\" charset=\"utf-8\"><\/script><\/p>\n<p>&nbsp;<\/p>\n<h3>7. Das ist schon wirklich gut.<\/h3>\n<blockquote class=\"twitter-tweet\">\n<p lang=\"de\" dir=\"ltr\">Das Hauptziel meiner Pubert\u00e4t war , meine Eltern systematisch in den Wahnsinn zu treiben. <\/p>\n<p>Ich hab mit 14 das Auto meines Vaters, Mitarbeiter bei Siemens im Bereich Atomkraft, mit \u201eAtomkraft &#8211; Nein, danke\u201c Aufklebern verziert. Komplett. <\/p>\n<p>Was sind eure pubert\u00e4ren Hihglights? \ud83d\ude07<\/p>\n<p>&mdash; Halbblutlehrerin (@MelsGedanken) <a href=\"https:\/\/twitter.com\/MelsGedanken\/status\/1245726758219010049?ref_src=twsrc%5Etfw\">April 2, 2020<\/a><\/p><\/blockquote>\n<p> <script async src=\"https:\/\/platform.twitter.com\/widgets.js\" charset=\"utf-8\"><\/script><\/p>\n<p>&nbsp;<\/p>\n<h3>8. Na immerhin nur das.<\/h3>\n<blockquote class=\"twitter-tweet\">\n<p lang=\"de\" dir=\"ltr\">Pubert\u00e4t hei\u00dft ja auch, dass man Sch\u00fclerinnen w\u00e4hrend der Unterrichtszeit mit Gl\u00e4tteisen und Haarspray in der Toilette erwischt. <\/p>\n<p>Himmel, k\u00f6nnen die nicht, wie normale Sch\u00fcler, heimlich auf den Toiletten kiffen?<\/p>\n<p>Ich wusste echt nicht, was ich sagen soll. H\u00f6rt auf zu gl\u00e4tten? \ud83e\udd28<\/p>\n<p>&mdash; Halbblutlehrerin (@MelsGedanken) <a href=\"https:\/\/twitter.com\/MelsGedanken\/status\/1238070133903577088?ref_src=twsrc%5Etfw\">March 12, 2020<\/a><\/p><\/blockquote>\n<p> <script async src=\"https:\/\/platform.twitter.com\/widgets.js\" charset=\"utf-8\"><\/script><\/p>\n<p>&nbsp;<\/p>\n<h3>9. Ja doch. Ist schon eine gute Definition.<\/h3>\n<blockquote class=\"twitter-tweet\">\n<p lang=\"de\" dir=\"ltr\">Lia (5a) beschreibt &quot;Pubert\u00e4t&quot;: <br \/>&quot;Der Mensch bekommt Behaarung und treibt sich im Internet herum.&quot; <br \/>Ich finde das sehr vollst\u00e4ndig.<\/p>\n<p>&mdash; Kerstin Brune (@BruneKerstin) <a href=\"https:\/\/twitter.com\/BruneKerstin\/status\/794486903584227328?ref_src=twsrc%5Etfw\">November 4, 2016<\/a><\/p><\/blockquote>\n<p> <script async src=\"https:\/\/platform.twitter.com\/widgets.js\" charset=\"utf-8\"><\/script><\/p>\n<p>&nbsp;<\/p>\n<h3>10. Das Bild spricht B\u00e4nde.<\/h3>\n<blockquote class=\"twitter-tweet\">\n<p lang=\"de\" dir=\"ltr\">Heute um 16.54h kam meine Tochter in die Pubert\u00e4t. <a href=\"https:\/\/t.co\/U0gnzHw5SU\">pic.twitter.com\/U0gnzHw5SU<\/a><\/p>\n<p>&mdash; Aline v. Drateln (@ladyaltona) <a href=\"https:\/\/twitter.com\/ladyaltona\/status\/1486367648137072645?ref_src=twsrc%5Etfw\">January 26, 2022<\/a><\/p><\/blockquote>\n<p> <script async src=\"https:\/\/platform.twitter.com\/widgets.js\" charset=\"utf-8\"><\/script><\/p>\n<p>&nbsp;<\/p>\n<h3>11. Ist die Pubert\u00e4t so?<\/h3>\n<blockquote class=\"twitter-tweet\">\n<p lang=\"de\" dir=\"ltr\">\u201eMama, am Wochenende bin ich \u201aMett\u2018 &#8211; halb Mensch, halb Bett.\u201c<\/p>\n<p>K1 bereitet sich auf die Pubert\u00e4t vor.<\/p>\n<p>&mdash; D\u00f6rte2001 (@Doerte2001) <a href=\"https:\/\/twitter.com\/Doerte2001\/status\/1381236929493135364?ref_src=twsrc%5Etfw\">April 11, 2021<\/a><\/p><\/blockquote>\n<p> <script async src=\"https:\/\/platform.twitter.com\/widgets.js\" charset=\"utf-8\"><\/script><\/p>\n<p>&nbsp;<\/p>\n<h3>12. Das trifft es wirklich perfekt.<\/h3>\n<blockquote class=\"twitter-tweet\">\n<p lang=\"de\" dir=\"ltr\">Pubert\u00e4t eines Jungen in einem Bild. <a href=\"https:\/\/t.co\/L6Fe8aQwwO\">pic.twitter.com\/L6Fe8aQwwO<\/a><\/p>\n<p>&mdash; Apfelkiste (@Apf3lkist3) <a href=\"https:\/\/twitter.com\/Apf3lkist3\/status\/984860374158655488?ref_src=twsrc%5Etfw\">April 13, 2018<\/a><\/p><\/blockquote>\n<p> <script async src=\"https:\/\/platform.twitter.com\/widgets.js\" charset=\"utf-8\"><\/script><\/p>\n<p>\u2014<br \/>\nVielen Dank an alle f\u00fcr die Posts.<br \/>\n\u2014<\/p>\n<p>Achtung! Freelance Community Manager (m\/w\/d) gesucht! <a href=\"https:\/\/www.thebestsocialjobs.com\/de\/stelle\/freelance-community-manager-german-speaking\/\" target=\"_blank\" rel=\"noopener\">Hier entlang<\/a>, bitte.<\/p>\n","protected":false},"excerpt":{"rendered":"<p>Achja die Pubert\u00e4t. Wir erinnern uns gerne an sie zur\u00fcck (nicht). Auch unsere Eltern waren wohl heilfroh dar\u00fcber, als wir endlich aus der Pubert\u00e4t raus&#8230;<\/p>\n","protected":false},"author":97,"featured_media":167826,"comment_status":"open","ping_status":"open","sticky":false,"template":"","format":"standard","meta":{"_acf_changed":false,"footnotes":""},"categories":[1728,3641,35],"tags":[1374,2596,2346],"class_list":["post-167819","post","type-post","status-publish","format-standard","has-post-thumbnail","hentry","category-humor","category-tiktok","category-twitter","tag-humor","tag-jugend","tag-pubertaet"],"acf":[],"yoast_head":"<!-- This site is optimized with the Yoast SEO plugin v27.5 - https:\/\/yoast.com\/product\/yoast-seo-wordpress\/ -->\n<title>Wir vermissen sie alle nicht! 12 pubertierende Pubert\u00e4ts-Posts<\/title>\n<meta name=\"robots\" content=\"index, follow, max-snippet:-1, max-image-preview:large, max-video-preview:-1\" \/>\n<link rel=\"canonical\" href=\"https:\/\/www.thebestsocial.media\/de\/wir-vermissen-sie-alle-nicht-12-pubertierende-pubertaets-posts\/\" \/>\n<meta property=\"og:locale\" content=\"de_DE\" \/>\n<meta property=\"og:type\" content=\"article\" \/>\n<meta property=\"og:title\" content=\"Wir vermissen sie alle nicht! 12 pubertierende Pubert\u00e4ts-Posts\" \/>\n<meta property=\"og:description\" content=\"Achja die Pubert\u00e4t. Wir erinnern uns gerne an sie zur\u00fcck (nicht). Auch unsere Eltern waren wohl heilfroh dar\u00fcber, als wir endlich aus der Pubert\u00e4t raus...\" \/>\n<meta property=\"og:url\" content=\"https:\/\/www.thebestsocial.media\/de\/wir-vermissen-sie-alle-nicht-12-pubertierende-pubertaets-posts\/\" \/>\n<meta property=\"og:site_name\" content=\"The Best Social Media DE\" \/>\n<meta property=\"article:published_time\" content=\"2022-10-21T21:51:20+00:00\" \/>\n<meta property=\"og:image\" content=\"https:\/\/www.thebestsocial.media\/de\/wp-content\/uploads\/sites\/3\/2022\/10\/Header_pubertaet.png\" \/>\n\t<meta property=\"og:image:width\" content=\"1200\" \/>\n\t<meta property=\"og:image:height\" content=\"630\" \/>\n\t<meta property=\"og:image:type\" content=\"image\/png\" \/>\n<meta name=\"author\" content=\"Cristina\" \/>\n<meta name=\"twitter:card\" content=\"summary_large_image\" \/>\n<meta name=\"twitter:label1\" content=\"Verfasst von\" \/>\n\t<meta name=\"twitter:data1\" content=\"Cristina\" \/>\n\t<meta name=\"twitter:label2\" content=\"Gesch\u00e4tzte Lesezeit\" \/>\n\t<meta name=\"twitter:data2\" content=\"3\u00a0Minuten\" \/>\n<script type=\"application\/ld+json\" class=\"yoast-schema-graph\">{\"@context\":\"https:\\\/\\\/schema.org\",\"@graph\":[{\"@type\":\"Article\",\"@id\":\"https:\\\/\\\/www.thebestsocial.media\\\/de\\\/wir-vermissen-sie-alle-nicht-12-pubertierende-pubertaets-posts\\\/#article\",\"isPartOf\":{\"@id\":\"https:\\\/\\\/www.thebestsocial.media\\\/de\\\/wir-vermissen-sie-alle-nicht-12-pubertierende-pubertaets-posts\\\/\"},\"author\":{\"name\":\"Cristina\",\"@id\":\"https:\\\/\\\/www.thebestsocial.media\\\/de\\\/#\\\/schema\\\/person\\\/e2cd306c885c9cc48e5ea47d563cab08\"},\"headline\":\"Wir vermissen sie alle nicht! 12 pubertierende Pubert\u00e4ts-Posts\",\"datePublished\":\"2022-10-21T21:51:20+00:00\",\"mainEntityOfPage\":{\"@id\":\"https:\\\/\\\/www.thebestsocial.media\\\/de\\\/wir-vermissen-sie-alle-nicht-12-pubertierende-pubertaets-posts\\\/\"},\"wordCount\":527,\"commentCount\":0,\"image\":{\"@id\":\"https:\\\/\\\/www.thebestsocial.media\\\/de\\\/wir-vermissen-sie-alle-nicht-12-pubertierende-pubertaets-posts\\\/#primaryimage\"},\"thumbnailUrl\":\"https:\\\/\\\/www.thebestsocial.media\\\/de\\\/wp-content\\\/uploads\\\/sites\\\/3\\\/2022\\\/10\\\/street-g484407cef_1920.jpg\",\"keywords\":[\"humor\",\"Jugend\",\"Pubert\u00e4t\"],\"articleSection\":[\"Humor\",\"TikTok\",\"Twitter\"],\"inLanguage\":\"de\",\"potentialAction\":[{\"@type\":\"CommentAction\",\"name\":\"Comment\",\"target\":[\"https:\\\/\\\/www.thebestsocial.media\\\/de\\\/wir-vermissen-sie-alle-nicht-12-pubertierende-pubertaets-posts\\\/#respond\"]}]},{\"@type\":\"WebPage\",\"@id\":\"https:\\\/\\\/www.thebestsocial.media\\\/de\\\/wir-vermissen-sie-alle-nicht-12-pubertierende-pubertaets-posts\\\/\",\"url\":\"https:\\\/\\\/www.thebestsocial.media\\\/de\\\/wir-vermissen-sie-alle-nicht-12-pubertierende-pubertaets-posts\\\/\",\"name\":\"Wir vermissen sie alle nicht! 12 pubertierende Pubert\u00e4ts-Posts\",\"isPartOf\":{\"@id\":\"https:\\\/\\\/www.thebestsocial.media\\\/de\\\/#website\"},\"primaryImageOfPage\":{\"@id\":\"https:\\\/\\\/www.thebestsocial.media\\\/de\\\/wir-vermissen-sie-alle-nicht-12-pubertierende-pubertaets-posts\\\/#primaryimage\"},\"image\":{\"@id\":\"https:\\\/\\\/www.thebestsocial.media\\\/de\\\/wir-vermissen-sie-alle-nicht-12-pubertierende-pubertaets-posts\\\/#primaryimage\"},\"thumbnailUrl\":\"https:\\\/\\\/www.thebestsocial.media\\\/de\\\/wp-content\\\/uploads\\\/sites\\\/3\\\/2022\\\/10\\\/street-g484407cef_1920.jpg\",\"datePublished\":\"2022-10-21T21:51:20+00:00\",\"author\":{\"@id\":\"https:\\\/\\\/www.thebestsocial.media\\\/de\\\/#\\\/schema\\\/person\\\/e2cd306c885c9cc48e5ea47d563cab08\"},\"breadcrumb\":{\"@id\":\"https:\\\/\\\/www.thebestsocial.media\\\/de\\\/wir-vermissen-sie-alle-nicht-12-pubertierende-pubertaets-posts\\\/#breadcrumb\"},\"inLanguage\":\"de\",\"potentialAction\":[{\"@type\":\"ReadAction\",\"target\":[\"https:\\\/\\\/www.thebestsocial.media\\\/de\\\/wir-vermissen-sie-alle-nicht-12-pubertierende-pubertaets-posts\\\/\"]}]},{\"@type\":\"ImageObject\",\"inLanguage\":\"de\",\"@id\":\"https:\\\/\\\/www.thebestsocial.media\\\/de\\\/wir-vermissen-sie-alle-nicht-12-pubertierende-pubertaets-posts\\\/#primaryimage\",\"url\":\"https:\\\/\\\/www.thebestsocial.media\\\/de\\\/wp-content\\\/uploads\\\/sites\\\/3\\\/2022\\\/10\\\/street-g484407cef_1920.jpg\",\"contentUrl\":\"https:\\\/\\\/www.thebestsocial.media\\\/de\\\/wp-content\\\/uploads\\\/sites\\\/3\\\/2022\\\/10\\\/street-g484407cef_1920.jpg\",\"width\":1920,\"height\":1280},{\"@type\":\"BreadcrumbList\",\"@id\":\"https:\\\/\\\/www.thebestsocial.media\\\/de\\\/wir-vermissen-sie-alle-nicht-12-pubertierende-pubertaets-posts\\\/#breadcrumb\",\"itemListElement\":[{\"@type\":\"ListItem\",\"position\":1,\"name\":\"Home\",\"item\":\"https:\\\/\\\/www.thebestsocial.media\\\/de\\\/\"},{\"@type\":\"ListItem\",\"position\":2,\"name\":\"Wir vermissen sie alle nicht! 12 pubertierende Pubert\u00e4ts-Posts\"}]},{\"@type\":\"WebSite\",\"@id\":\"https:\\\/\\\/www.thebestsocial.media\\\/de\\\/#website\",\"url\":\"https:\\\/\\\/www.thebestsocial.media\\\/de\\\/\",\"name\":\"The Best Social Media DE\",\"description\":\"\",\"potentialAction\":[{\"@type\":\"SearchAction\",\"target\":{\"@type\":\"EntryPoint\",\"urlTemplate\":\"https:\\\/\\\/www.thebestsocial.media\\\/de\\\/?s={search_term_string}\"},\"query-input\":{\"@type\":\"PropertyValueSpecification\",\"valueRequired\":true,\"valueName\":\"search_term_string\"}}],\"inLanguage\":\"de\"},{\"@type\":\"Person\",\"@id\":\"https:\\\/\\\/www.thebestsocial.media\\\/de\\\/#\\\/schema\\\/person\\\/e2cd306c885c9cc48e5ea47d563cab08\",\"name\":\"Cristina\",\"image\":{\"@type\":\"ImageObject\",\"inLanguage\":\"de\",\"@id\":\"https:\\\/\\\/secure.gravatar.com\\\/avatar\\\/17a11569f2998e9b40ff4c98ab0851ddd1dd35595a21590f554e022bed21c0c4?s=96&d=mm&r=g\",\"url\":\"https:\\\/\\\/secure.gravatar.com\\\/avatar\\\/17a11569f2998e9b40ff4c98ab0851ddd1dd35595a21590f554e022bed21c0c4?s=96&d=mm&r=g\",\"contentUrl\":\"https:\\\/\\\/secure.gravatar.com\\\/avatar\\\/17a11569f2998e9b40ff4c98ab0851ddd1dd35595a21590f554e022bed21c0c4?s=96&d=mm&r=g\",\"caption\":\"Cristina\"},\"url\":\"https:\\\/\\\/www.thebestsocial.media\\\/de\\\/author\\\/cristina\\\/\"}]}<\/script>\n<!-- \/ Yoast SEO plugin. -->","yoast_head_json":{"title":"Wir vermissen sie alle nicht! 12 pubertierende Pubert\u00e4ts-Posts","robots":{"index":"index","follow":"follow","max-snippet":"max-snippet:-1","max-image-preview":"max-image-preview:large","max-video-preview":"max-video-preview:-1"},"canonical":"https:\/\/www.thebestsocial.media\/de\/wir-vermissen-sie-alle-nicht-12-pubertierende-pubertaets-posts\/","og_locale":"de_DE","og_type":"article","og_title":"Wir vermissen sie alle nicht! 12 pubertierende Pubert\u00e4ts-Posts","og_description":"Achja die Pubert\u00e4t. Wir erinnern uns gerne an sie zur\u00fcck (nicht). Auch unsere Eltern waren wohl heilfroh dar\u00fcber, als wir endlich aus der Pubert\u00e4t raus...","og_url":"https:\/\/www.thebestsocial.media\/de\/wir-vermissen-sie-alle-nicht-12-pubertierende-pubertaets-posts\/","og_site_name":"The Best Social Media DE","article_published_time":"2022-10-21T21:51:20+00:00","og_image":[{"width":1200,"height":630,"url":"https:\/\/www.thebestsocial.media\/de\/wp-content\/uploads\/sites\/3\/2022\/10\/Header_pubertaet.png","type":"image\/png"}],"author":"Cristina","twitter_card":"summary_large_image","twitter_misc":{"Verfasst von":"Cristina","Gesch\u00e4tzte Lesezeit":"3\u00a0Minuten"},"schema":{"@context":"https:\/\/schema.org","@graph":[{"@type":"Article","@id":"https:\/\/www.thebestsocial.media\/de\/wir-vermissen-sie-alle-nicht-12-pubertierende-pubertaets-posts\/#article","isPartOf":{"@id":"https:\/\/www.thebestsocial.media\/de\/wir-vermissen-sie-alle-nicht-12-pubertierende-pubertaets-posts\/"},"author":{"name":"Cristina","@id":"https:\/\/www.thebestsocial.media\/de\/#\/schema\/person\/e2cd306c885c9cc48e5ea47d563cab08"},"headline":"Wir vermissen sie alle nicht! 12 pubertierende Pubert\u00e4ts-Posts","datePublished":"2022-10-21T21:51:20+00:00","mainEntityOfPage":{"@id":"https:\/\/www.thebestsocial.media\/de\/wir-vermissen-sie-alle-nicht-12-pubertierende-pubertaets-posts\/"},"wordCount":527,"commentCount":0,"image":{"@id":"https:\/\/www.thebestsocial.media\/de\/wir-vermissen-sie-alle-nicht-12-pubertierende-pubertaets-posts\/#primaryimage"},"thumbnailUrl":"https:\/\/www.thebestsocial.media\/de\/wp-content\/uploads\/sites\/3\/2022\/10\/street-g484407cef_1920.jpg","keywords":["humor","Jugend","Pubert\u00e4t"],"articleSection":["Humor","TikTok","Twitter"],"inLanguage":"de","potentialAction":[{"@type":"CommentAction","name":"Comment","target":["https:\/\/www.thebestsocial.media\/de\/wir-vermissen-sie-alle-nicht-12-pubertierende-pubertaets-posts\/#respond"]}]},{"@type":"WebPage","@id":"https:\/\/www.thebestsocial.media\/de\/wir-vermissen-sie-alle-nicht-12-pubertierende-pubertaets-posts\/","url":"https:\/\/www.thebestsocial.media\/de\/wir-vermissen-sie-alle-nicht-12-pubertierende-pubertaets-posts\/","name":"Wir vermissen sie alle nicht! 12 pubertierende Pubert\u00e4ts-Posts","isPartOf":{"@id":"https:\/\/www.thebestsocial.media\/de\/#website"},"primaryImageOfPage":{"@id":"https:\/\/www.thebestsocial.media\/de\/wir-vermissen-sie-alle-nicht-12-pubertierende-pubertaets-posts\/#primaryimage"},"image":{"@id":"https:\/\/www.thebestsocial.media\/de\/wir-vermissen-sie-alle-nicht-12-pubertierende-pubertaets-posts\/#primaryimage"},"thumbnailUrl":"https:\/\/www.thebestsocial.media\/de\/wp-content\/uploads\/sites\/3\/2022\/10\/street-g484407cef_1920.jpg","datePublished":"2022-10-21T21:51:20+00:00","author":{"@id":"https:\/\/www.thebestsocial.media\/de\/#\/schema\/person\/e2cd306c885c9cc48e5ea47d563cab08"},"breadcrumb":{"@id":"https:\/\/www.thebestsocial.media\/de\/wir-vermissen-sie-alle-nicht-12-pubertierende-pubertaets-posts\/#breadcrumb"},"inLanguage":"de","potentialAction":[{"@type":"ReadAction","target":["https:\/\/www.thebestsocial.media\/de\/wir-vermissen-sie-alle-nicht-12-pubertierende-pubertaets-posts\/"]}]},{"@type":"ImageObject","inLanguage":"de","@id":"https:\/\/www.thebestsocial.media\/de\/wir-vermissen-sie-alle-nicht-12-pubertierende-pubertaets-posts\/#primaryimage","url":"https:\/\/www.thebestsocial.media\/de\/wp-content\/uploads\/sites\/3\/2022\/10\/street-g484407cef_1920.jpg","contentUrl":"https:\/\/www.thebestsocial.media\/de\/wp-content\/uploads\/sites\/3\/2022\/10\/street-g484407cef_1920.jpg","width":1920,"height":1280},{"@type":"BreadcrumbList","@id":"https:\/\/www.thebestsocial.media\/de\/wir-vermissen-sie-alle-nicht-12-pubertierende-pubertaets-posts\/#breadcrumb","itemListElement":[{"@type":"ListItem","position":1,"name":"Home","item":"https:\/\/www.thebestsocial.media\/de\/"},{"@type":"ListItem","position":2,"name":"Wir vermissen sie alle nicht! 12 pubertierende Pubert\u00e4ts-Posts"}]},{"@type":"WebSite","@id":"https:\/\/www.thebestsocial.media\/de\/#website","url":"https:\/\/www.thebestsocial.media\/de\/","name":"The Best Social Media DE","description":"","potentialAction":[{"@type":"SearchAction","target":{"@type":"EntryPoint","urlTemplate":"https:\/\/www.thebestsocial.media\/de\/?s={search_term_string}"},"query-input":{"@type":"PropertyValueSpecification","valueRequired":true,"valueName":"search_term_string"}}],"inLanguage":"de"},{"@type":"Person","@id":"https:\/\/www.thebestsocial.media\/de\/#\/schema\/person\/e2cd306c885c9cc48e5ea47d563cab08","name":"Cristina","image":{"@type":"ImageObject","inLanguage":"de","@id":"https:\/\/secure.gravatar.com\/avatar\/17a11569f2998e9b40ff4c98ab0851ddd1dd35595a21590f554e022bed21c0c4?s=96&d=mm&r=g","url":"https:\/\/secure.gravatar.com\/avatar\/17a11569f2998e9b40ff4c98ab0851ddd1dd35595a21590f554e022bed21c0c4?s=96&d=mm&r=g","contentUrl":"https:\/\/secure.gravatar.com\/avatar\/17a11569f2998e9b40ff4c98ab0851ddd1dd35595a21590f554e022bed21c0c4?s=96&d=mm&r=g","caption":"Cristina"},"url":"https:\/\/www.thebestsocial.media\/de\/author\/cristina\/"}]}},"amp_enabled":true,"_links":{"self":[{"href":"https:\/\/www.thebestsocial.media\/de\/wp-json\/wp\/v2\/posts\/167819","targetHints":{"allow":["GET"]}}],"collection":[{"href":"https:\/\/www.thebestsocial.media\/de\/wp-json\/wp\/v2\/posts"}],"about":[{"href":"https:\/\/www.thebestsocial.media\/de\/wp-json\/wp\/v2\/types\/post"}],"author":[{"embeddable":true,"href":"https:\/\/www.thebestsocial.media\/de\/wp-json\/wp\/v2\/users\/97"}],"replies":[{"embeddable":true,"href":"https:\/\/www.thebestsocial.media\/de\/wp-json\/wp\/v2\/comments?post=167819"}],"version-history":[{"count":2,"href":"https:\/\/www.thebestsocial.media\/de\/wp-json\/wp\/v2\/posts\/167819\/revisions"}],"predecessor-version":[{"id":167827,"href":"https:\/\/www.thebestsocial.media\/de\/wp-json\/wp\/v2\/posts\/167819\/revisions\/167827"}],"wp:featuredmedia":[{"embeddable":true,"href":"https:\/\/www.thebestsocial.media\/de\/wp-json\/wp\/v2\/media\/167826"}],"wp:attachment":[{"href":"https:\/\/www.thebestsocial.media\/de\/wp-json\/wp\/v2\/media?parent=167819"}],"wp:term":[{"taxonomy":"category","embeddable":true,"href":"https:\/\/www.thebestsocial.media\/de\/wp-json\/wp\/v2\/categories?post=167819"},{"taxonomy":"post_tag","embeddable":true,"href":"https:\/\/www.thebestsocial.media\/de\/wp-json\/wp\/v2\/tags?post=167819"}],"curies":[{"name":"wp","href":"https:\/\/api.w.org\/{rel}","templated":true}]}}