{"id":167408,"date":"2022-10-18T08:35:28","date_gmt":"2022-10-18T08:35:28","guid":{"rendered":"https:\/\/www.thebestsocial.media\/de\/?p=167408"},"modified":"2022-10-18T08:35:28","modified_gmt":"2022-10-18T08:35:28","slug":"was-van-gogh-mit-tomatensuppe-und-klimawandel-zu-tun-hat","status":"publish","type":"post","link":"https:\/\/www.thebestsocial.media\/de\/was-van-gogh-mit-tomatensuppe-und-klimawandel-zu-tun-hat\/","title":{"rendered":"Was Van Gogh mit Tomatensuppe und Klimawandel zu tun hat"},"content":{"rendered":"<p>Anti-\u00d6l-Aktivistinnen besch\u00fctteten das ber\u00fchmte Gem\u00e4lde &#8222;Sonnenblumen&#8220; des K\u00fcnstlers Van Gogh. Anschlie\u00dfend klebten sich die beiden Frauen mit Sekundenkleber an der Wand fest. Das 86 Millionen Euro Gem\u00e4lde blieb durch eine Glasscheibe gesch\u00fctzt, einzig am Rahmen sollen durch die Aktion kleinere Sch\u00e4den entstanden sein. Von der Aktion an sich kann jeder halten, was er mag. Ihren Zweck hat sie auf jeden Fall erf\u00fcllt. Es wird berichtet, geredet, diskutiert und getwittert. \u00dcber Van Gogh, Tomatensuppe und Klimawandel.<\/p>\n<h3>Ich bin sicher, er dreht sich im Grab um<\/h3>\n<blockquote class=\"twitter-tweet\">\n<p dir=\"ltr\" lang=\"de\">Ich bin sicher, wenn Vincent van Gogh mit ansehen m\u00fcsste, in welchem Ausma\u00df wir die echte Natur mutwillig zerst\u00f6ren, w\u00fcrde er sein v\u00f6llig unversehrtes Bild hinter der Glasscheibe hervorholen und damit auf uns eindreschen, bis seine Sonnenblumen in Fetzen h\u00e4ngen.<\/p>\n<p>\u2014 Herr Balsam (@HerrBalsam) <a href=\"https:\/\/twitter.com\/HerrBalsam\/status\/1581582163778371585?ref_src=twsrc%5Etfw\">October 16, 2022<\/a><\/p><\/blockquote>\n<p><script async src=\"https:\/\/platform.twitter.com\/widgets.js\" charset=\"utf-8\"><\/script><\/p>\n<h3>Seine Filme, Lieder und Tweets sind noch besser:<\/h3>\n<blockquote class=\"twitter-tweet\">\n<p dir=\"ltr\" lang=\"de\">Die meisten, die sich jetzt wegen <a href=\"https:\/\/twitter.com\/hashtag\/VanGogh?src=hash&amp;ref_src=twsrc%5Etfw\">#VanGogh<\/a> aufregen, haben noch nie ein Buch von ihm gelesen<\/p>\n<p>\ud83d\ude09<\/p>\n<p>\u2014 Knichael_Might (@Knichael_Might) <a href=\"https:\/\/twitter.com\/Knichael_Might\/status\/1581252181290029056?ref_src=twsrc%5Etfw\">October 15, 2022<\/a><\/p><\/blockquote>\n<p><script async src=\"https:\/\/platform.twitter.com\/widgets.js\" charset=\"utf-8\"><\/script><\/p>\n<h3>Manche Dinge \u00e4ndern sich leider nie&#8230;<\/h3>\n<blockquote class=\"twitter-tweet\">\n<p dir=\"ltr\" lang=\"de\">Typisch Twitter. Wir diskutieren mit Inbrunst \u00fcber Van Gogh oder Leute, die sich an Autobahnen festkleben. \u00dcber Klimawandel weniger.<\/p>\n<p>\u2014 Dr. Michael Schmitz (@DocOnco) <a href=\"https:\/\/twitter.com\/DocOnco\/status\/1581869306605772800?ref_src=twsrc%5Etfw\">October 17, 2022<\/a><\/p><\/blockquote>\n<p><script async src=\"https:\/\/platform.twitter.com\/widgets.js\" charset=\"utf-8\"><\/script><\/p>\n<h3>Oder er w\u00fcrde TikToks posten:<\/h3>\n<blockquote class=\"twitter-tweet\">\n<p dir=\"ltr\" lang=\"de\">was Van Gogh heute malen w\u00fcrde <a href=\"https:\/\/t.co\/wvTbtsHEx6\">pic.twitter.com\/wvTbtsHEx6<\/a><\/p>\n<p>\u2014 \u262e\ufe0f H (@nfdampf) <a href=\"https:\/\/twitter.com\/nfdampf\/status\/1581057246628544512?ref_src=twsrc%5Etfw\">October 14, 2022<\/a><\/p><\/blockquote>\n<p><script async src=\"https:\/\/platform.twitter.com\/widgets.js\" charset=\"utf-8\"><\/script><\/p>\n<h3>So in etwa k\u00f6nnte es aussehen:<\/h3>\n<blockquote class=\"twitter-tweet\">\n<p dir=\"ltr\" lang=\"de\">Sensationell! Neues Bild von van Gogh aufgetaucht! <a href=\"https:\/\/t.co\/059nzNQCcv\">pic.twitter.com\/059nzNQCcv<\/a><\/p>\n<p>\u2014 Ustinoff auf Eis (@steinhoff_uwe) <a href=\"https:\/\/twitter.com\/steinhoff_uwe\/status\/1581345598258565120?ref_src=twsrc%5Etfw\">October 15, 2022<\/a><\/p><\/blockquote>\n<p><script async src=\"https:\/\/platform.twitter.com\/widgets.js\" charset=\"utf-8\"><\/script><\/p>\n<h3>Alman-Twitter ist einfach Next Level&#8230;<\/h3>\n<blockquote class=\"twitter-tweet\">\n<p dir=\"ltr\" lang=\"de\">Ohne Alman-Twitter w\u00fcsste ich jetzt zB nicht, dass Tomatensuppe nicht auf einen Van Gogh geh\u00f6rt, Autobahnblockaden den Berufsverkehr behindern und der Genderstern den Lesefluss st\u00f6rt.<\/p>\n<p>\u2014 Paul Starzmann (@paul_starzmann) <a href=\"https:\/\/twitter.com\/paul_starzmann\/status\/1581192810900119552?ref_src=twsrc%5Etfw\">October 15, 2022<\/a><\/p><\/blockquote>\n<p><script async src=\"https:\/\/platform.twitter.com\/widgets.js\" charset=\"utf-8\"><\/script><\/p>\n<h3>Ach ja&#8230;<\/h3>\n<blockquote class=\"twitter-tweet\">\n<p dir=\"ltr\" lang=\"de\">Wenn ihr zu den Leuten geh\u00f6rt, die &#8222;eigentlich immer f\u00fcr Klimaschutz&#8220; waren, und jetzt von einer Tomatensuppe auf Van Gogh &#8222;total abgeschreckt&#8220; seid,<br \/>\nnaja, dann frage ich mich ehrlicherweise ob ihr wirklich f\u00fcr Klimaschutz wart &#8211; und was das f\u00fcr euch bedeutet.<\/p>\n<p>\u2014 Luisa Neubauer (@Luisamneubauer) <a href=\"https:\/\/twitter.com\/Luisamneubauer\/status\/1581276027120422912?ref_src=twsrc%5Etfw\">October 15, 2022<\/a><\/p><\/blockquote>\n<p><script async src=\"https:\/\/platform.twitter.com\/widgets.js\" charset=\"utf-8\"><\/script><\/p>\n<h3>Geh\u00f6ren doch immer zwei dazu oder nicht?<\/h3>\n<blockquote class=\"twitter-tweet\">\n<p dir=\"ltr\" lang=\"de\">Ja ok aber man sieht im Video nicht, was das van Gogh Gem\u00e4lde davor gemacht hat.<\/p>\n<p>\u2014 Boxenlude (@BoxenIude) <a href=\"https:\/\/twitter.com\/BoxenIude\/status\/1581192568884252673?ref_src=twsrc%5Etfw\">October 15, 2022<\/a><\/p><\/blockquote>\n<p><script async src=\"https:\/\/platform.twitter.com\/widgets.js\" charset=\"utf-8\"><\/script><\/p>\n<h3>Verst\u00e4ndnis f\u00fcr beide Seiten:<\/h3>\n<blockquote class=\"twitter-tweet\">\n<p dir=\"ltr\" lang=\"de\">Als gro\u00dfer Fan von van Gogh habe ich gezuckt, als ich die Bilder gesehen habe, wie die Sonnenblumen beworfen wurden. Aber diese Gem\u00e4lde sind gesch\u00fctzt, meist mit Glasscheiben. Und das ist der Punkt, den die beiden machen &#8211; Farbe auf Leinwand wird gesch\u00fctzt. Unsere Umwelt nicht.<\/p>\n<p>\u2014 Madame Simone (@simone_madame) <a href=\"https:\/\/twitter.com\/simone_madame\/status\/1581590976870551554?ref_src=twsrc%5Etfw\">October 16, 2022<\/a><\/p><\/blockquote>\n<p><script async src=\"https:\/\/platform.twitter.com\/widgets.js\" charset=\"utf-8\"><\/script><\/p>\n<h3>Gut erkannt:<\/h3>\n<blockquote class=\"twitter-tweet\">\n<p dir=\"ltr\" lang=\"de\">Als das vom <a href=\"https:\/\/twitter.com\/hashtag\/VanGogh?src=hash&amp;ref_src=twsrc%5Etfw\">#VanGogh<\/a> das erste Mal geh\u00f6rt habe, war mein erster Gedanke: &#8222;Schei\u00dfe, diese Vollpfosten. Da ist was f\u00fcr die Welt unwiederbringlich verloren gegangen.&#8220;<br \/>\nMein zweiter Gedanke:<br \/>\n&#8222;Schei\u00dfe, wir Vollpfosten. Da geht gerade die Welt unwiederbringlich verloren.&#8220;<\/p>\n<p>\u2014 L\u00e4m\u00eath (@Lam3th) <a href=\"https:\/\/twitter.com\/Lam3th\/status\/1581570307261104129?ref_src=twsrc%5Etfw\">October 16, 2022<\/a><\/p><\/blockquote>\n<p><script async src=\"https:\/\/platform.twitter.com\/widgets.js\" charset=\"utf-8\"><\/script><\/p>\n<h3>Abschlie\u00dfend gesagt:<\/h3>\n<blockquote class=\"twitter-tweet\">\n<p dir=\"ltr\" lang=\"de\">Die Aktion der Klima-Aktivisten mit dem Van-Gogh-Bild kann man so sehen oder so, es gibt viel Kritik aber auch Lob. Ich denke, das muss am Ende jeder selbst f\u00fcr sich entscheiden, welche Meinung er dazu hat<\/p>\n<p>\u2014 Lars Weisbrod (@larsweisbrod) <a href=\"https:\/\/twitter.com\/larsweisbrod\/status\/1581296892805537792?ref_src=twsrc%5Etfw\">October 15, 2022<\/a><\/p><\/blockquote>\n<p><script async src=\"https:\/\/platform.twitter.com\/widgets.js\" charset=\"utf-8\"><\/script><\/p>\n<p><strong>___<br \/>\nVielen Dank an alle f\u00fcr die Posts!<br \/>\n___<\/strong><\/p>\n","protected":false},"excerpt":{"rendered":"<p>Anti-\u00d6l-Aktivistinnen besch\u00fctteten das ber\u00fchmte Gem\u00e4lde &#8222;Sonnenblumen&#8220; des K\u00fcnstlers Van Gogh. Anschlie\u00dfend klebten sich die beiden Frauen mit Sekundenkleber an der Wand fest. Das 86 Millionen&#8230;<\/p>\n","protected":false},"author":104,"featured_media":167426,"comment_status":"open","ping_status":"open","sticky":false,"template":"","format":"standard","meta":{"_acf_changed":false,"footnotes":""},"categories":[4728,35],"tags":[1625,5334],"class_list":["post-167408","post","type-post","status-publish","format-standard","has-post-thumbnail","hentry","category-diskussion","category-twitter","tag-klimawandel","tag-van-gogh"],"acf":[],"yoast_head":"<!-- This site is optimized with the Yoast SEO plugin v27.5 - https:\/\/yoast.com\/product\/yoast-seo-wordpress\/ -->\n<title>Was Van Gogh mit Tomatensuppe und Klimawandel zu tun hat<\/title>\n<meta name=\"description\" content=\"Es wird zahlreich berichtet, geredet, wild diskutiert und getwittert. \u00dcber Van Gogh, Tomatensuppe und Klimawandel.\" \/>\n<meta name=\"robots\" content=\"index, follow, max-snippet:-1, max-image-preview:large, max-video-preview:-1\" \/>\n<link rel=\"canonical\" href=\"https:\/\/www.thebestsocial.media\/de\/was-van-gogh-mit-tomatensuppe-und-klimawandel-zu-tun-hat\/\" \/>\n<meta property=\"og:locale\" content=\"de_DE\" \/>\n<meta property=\"og:type\" content=\"article\" \/>\n<meta property=\"og:title\" content=\"Was van Gogh mit Tomatensuppe und Klimawandel zu tun hat\" \/>\n<meta property=\"og:description\" content=\"Es wird zahlreich berichtet, geredet, wild diskutiert und getwittert. \u00dcber Van Gogh, Tomatensuppe und Klimawandel.\" \/>\n<meta property=\"og:url\" content=\"https:\/\/www.thebestsocial.media\/de\/was-van-gogh-mit-tomatensuppe-und-klimawandel-zu-tun-hat\/\" \/>\n<meta property=\"og:site_name\" content=\"The Best Social Media DE\" \/>\n<meta property=\"article:published_time\" content=\"2022-10-18T08:35:28+00:00\" \/>\n<meta property=\"og:image\" content=\"https:\/\/www.thebestsocial.media\/de\/wp-content\/uploads\/sites\/3\/2022\/10\/header_vanGogh.png\" \/>\n\t<meta property=\"og:image:width\" content=\"1200\" \/>\n\t<meta property=\"og:image:height\" content=\"630\" \/>\n\t<meta property=\"og:image:type\" content=\"image\/png\" \/>\n<meta name=\"author\" content=\"Lea\" \/>\n<meta name=\"twitter:card\" content=\"summary_large_image\" \/>\n<meta name=\"twitter:label1\" content=\"Verfasst von\" \/>\n\t<meta name=\"twitter:data1\" content=\"Lea\" \/>\n\t<meta name=\"twitter:label2\" content=\"Gesch\u00e4tzte Lesezeit\" \/>\n\t<meta name=\"twitter:data2\" content=\"3\u00a0Minuten\" \/>\n<script type=\"application\/ld+json\" class=\"yoast-schema-graph\">{\"@context\":\"https:\\\/\\\/schema.org\",\"@graph\":[{\"@type\":\"Article\",\"@id\":\"https:\\\/\\\/www.thebestsocial.media\\\/de\\\/was-van-gogh-mit-tomatensuppe-und-klimawandel-zu-tun-hat\\\/#article\",\"isPartOf\":{\"@id\":\"https:\\\/\\\/www.thebestsocial.media\\\/de\\\/was-van-gogh-mit-tomatensuppe-und-klimawandel-zu-tun-hat\\\/\"},\"author\":{\"name\":\"Lea\",\"@id\":\"https:\\\/\\\/www.thebestsocial.media\\\/de\\\/#\\\/schema\\\/person\\\/bb9d89d5ad944f3bb530722c8914ad89\"},\"headline\":\"Was Van Gogh mit Tomatensuppe und Klimawandel zu tun hat\",\"datePublished\":\"2022-10-18T08:35:28+00:00\",\"mainEntityOfPage\":{\"@id\":\"https:\\\/\\\/www.thebestsocial.media\\\/de\\\/was-van-gogh-mit-tomatensuppe-und-klimawandel-zu-tun-hat\\\/\"},\"wordCount\":537,\"commentCount\":0,\"image\":{\"@id\":\"https:\\\/\\\/www.thebestsocial.media\\\/de\\\/was-van-gogh-mit-tomatensuppe-und-klimawandel-zu-tun-hat\\\/#primaryimage\"},\"thumbnailUrl\":\"https:\\\/\\\/www.thebestsocial.media\\\/de\\\/wp-content\\\/uploads\\\/sites\\\/3\\\/2022\\\/10\\\/van-gogh.jpg\",\"keywords\":[\"Klimawandel\",\"Van Gogh\"],\"articleSection\":[\"Diskussion\",\"Twitter\"],\"inLanguage\":\"de\",\"potentialAction\":[{\"@type\":\"CommentAction\",\"name\":\"Comment\",\"target\":[\"https:\\\/\\\/www.thebestsocial.media\\\/de\\\/was-van-gogh-mit-tomatensuppe-und-klimawandel-zu-tun-hat\\\/#respond\"]}]},{\"@type\":\"WebPage\",\"@id\":\"https:\\\/\\\/www.thebestsocial.media\\\/de\\\/was-van-gogh-mit-tomatensuppe-und-klimawandel-zu-tun-hat\\\/\",\"url\":\"https:\\\/\\\/www.thebestsocial.media\\\/de\\\/was-van-gogh-mit-tomatensuppe-und-klimawandel-zu-tun-hat\\\/\",\"name\":\"Was Van Gogh mit Tomatensuppe und Klimawandel zu tun hat\",\"isPartOf\":{\"@id\":\"https:\\\/\\\/www.thebestsocial.media\\\/de\\\/#website\"},\"primaryImageOfPage\":{\"@id\":\"https:\\\/\\\/www.thebestsocial.media\\\/de\\\/was-van-gogh-mit-tomatensuppe-und-klimawandel-zu-tun-hat\\\/#primaryimage\"},\"image\":{\"@id\":\"https:\\\/\\\/www.thebestsocial.media\\\/de\\\/was-van-gogh-mit-tomatensuppe-und-klimawandel-zu-tun-hat\\\/#primaryimage\"},\"thumbnailUrl\":\"https:\\\/\\\/www.thebestsocial.media\\\/de\\\/wp-content\\\/uploads\\\/sites\\\/3\\\/2022\\\/10\\\/van-gogh.jpg\",\"datePublished\":\"2022-10-18T08:35:28+00:00\",\"author\":{\"@id\":\"https:\\\/\\\/www.thebestsocial.media\\\/de\\\/#\\\/schema\\\/person\\\/bb9d89d5ad944f3bb530722c8914ad89\"},\"description\":\"Es wird zahlreich berichtet, geredet, wild diskutiert und getwittert. \u00dcber Van Gogh, Tomatensuppe und Klimawandel.\",\"breadcrumb\":{\"@id\":\"https:\\\/\\\/www.thebestsocial.media\\\/de\\\/was-van-gogh-mit-tomatensuppe-und-klimawandel-zu-tun-hat\\\/#breadcrumb\"},\"inLanguage\":\"de\",\"potentialAction\":[{\"@type\":\"ReadAction\",\"target\":[\"https:\\\/\\\/www.thebestsocial.media\\\/de\\\/was-van-gogh-mit-tomatensuppe-und-klimawandel-zu-tun-hat\\\/\"]}]},{\"@type\":\"ImageObject\",\"inLanguage\":\"de\",\"@id\":\"https:\\\/\\\/www.thebestsocial.media\\\/de\\\/was-van-gogh-mit-tomatensuppe-und-klimawandel-zu-tun-hat\\\/#primaryimage\",\"url\":\"https:\\\/\\\/www.thebestsocial.media\\\/de\\\/wp-content\\\/uploads\\\/sites\\\/3\\\/2022\\\/10\\\/van-gogh.jpg\",\"contentUrl\":\"https:\\\/\\\/www.thebestsocial.media\\\/de\\\/wp-content\\\/uploads\\\/sites\\\/3\\\/2022\\\/10\\\/van-gogh.jpg\",\"width\":1547,\"height\":1920},{\"@type\":\"BreadcrumbList\",\"@id\":\"https:\\\/\\\/www.thebestsocial.media\\\/de\\\/was-van-gogh-mit-tomatensuppe-und-klimawandel-zu-tun-hat\\\/#breadcrumb\",\"itemListElement\":[{\"@type\":\"ListItem\",\"position\":1,\"name\":\"Home\",\"item\":\"https:\\\/\\\/www.thebestsocial.media\\\/de\\\/\"},{\"@type\":\"ListItem\",\"position\":2,\"name\":\"Was Van Gogh mit Tomatensuppe und Klimawandel zu tun hat\"}]},{\"@type\":\"WebSite\",\"@id\":\"https:\\\/\\\/www.thebestsocial.media\\\/de\\\/#website\",\"url\":\"https:\\\/\\\/www.thebestsocial.media\\\/de\\\/\",\"name\":\"The Best Social Media DE\",\"description\":\"\",\"potentialAction\":[{\"@type\":\"SearchAction\",\"target\":{\"@type\":\"EntryPoint\",\"urlTemplate\":\"https:\\\/\\\/www.thebestsocial.media\\\/de\\\/?s={search_term_string}\"},\"query-input\":{\"@type\":\"PropertyValueSpecification\",\"valueRequired\":true,\"valueName\":\"search_term_string\"}}],\"inLanguage\":\"de\"},{\"@type\":\"Person\",\"@id\":\"https:\\\/\\\/www.thebestsocial.media\\\/de\\\/#\\\/schema\\\/person\\\/bb9d89d5ad944f3bb530722c8914ad89\",\"name\":\"Lea\",\"image\":{\"@type\":\"ImageObject\",\"inLanguage\":\"de\",\"@id\":\"https:\\\/\\\/secure.gravatar.com\\\/avatar\\\/572526d0641f829a52d7692ed43a20d1f02796367e1eea965858d2d2787f4c33?s=96&d=mm&r=g\",\"url\":\"https:\\\/\\\/secure.gravatar.com\\\/avatar\\\/572526d0641f829a52d7692ed43a20d1f02796367e1eea965858d2d2787f4c33?s=96&d=mm&r=g\",\"contentUrl\":\"https:\\\/\\\/secure.gravatar.com\\\/avatar\\\/572526d0641f829a52d7692ed43a20d1f02796367e1eea965858d2d2787f4c33?s=96&d=mm&r=g\",\"caption\":\"Lea\"},\"url\":\"https:\\\/\\\/www.thebestsocial.media\\\/de\\\/author\\\/leascheel\\\/\"}]}<\/script>\n<!-- \/ Yoast SEO plugin. -->","yoast_head_json":{"title":"Was Van Gogh mit Tomatensuppe und Klimawandel zu tun hat","description":"Es wird zahlreich berichtet, geredet, wild diskutiert und getwittert. \u00dcber Van Gogh, Tomatensuppe und Klimawandel.","robots":{"index":"index","follow":"follow","max-snippet":"max-snippet:-1","max-image-preview":"max-image-preview:large","max-video-preview":"max-video-preview:-1"},"canonical":"https:\/\/www.thebestsocial.media\/de\/was-van-gogh-mit-tomatensuppe-und-klimawandel-zu-tun-hat\/","og_locale":"de_DE","og_type":"article","og_title":"Was van Gogh mit Tomatensuppe und Klimawandel zu tun hat","og_description":"Es wird zahlreich berichtet, geredet, wild diskutiert und getwittert. \u00dcber Van Gogh, Tomatensuppe und Klimawandel.","og_url":"https:\/\/www.thebestsocial.media\/de\/was-van-gogh-mit-tomatensuppe-und-klimawandel-zu-tun-hat\/","og_site_name":"The Best Social Media DE","article_published_time":"2022-10-18T08:35:28+00:00","og_image":[{"width":1200,"height":630,"url":"https:\/\/www.thebestsocial.media\/de\/wp-content\/uploads\/sites\/3\/2022\/10\/header_vanGogh.png","type":"image\/png"}],"author":"Lea","twitter_card":"summary_large_image","twitter_misc":{"Verfasst von":"Lea","Gesch\u00e4tzte Lesezeit":"3\u00a0Minuten"},"schema":{"@context":"https:\/\/schema.org","@graph":[{"@type":"Article","@id":"https:\/\/www.thebestsocial.media\/de\/was-van-gogh-mit-tomatensuppe-und-klimawandel-zu-tun-hat\/#article","isPartOf":{"@id":"https:\/\/www.thebestsocial.media\/de\/was-van-gogh-mit-tomatensuppe-und-klimawandel-zu-tun-hat\/"},"author":{"name":"Lea","@id":"https:\/\/www.thebestsocial.media\/de\/#\/schema\/person\/bb9d89d5ad944f3bb530722c8914ad89"},"headline":"Was Van Gogh mit Tomatensuppe und Klimawandel zu tun hat","datePublished":"2022-10-18T08:35:28+00:00","mainEntityOfPage":{"@id":"https:\/\/www.thebestsocial.media\/de\/was-van-gogh-mit-tomatensuppe-und-klimawandel-zu-tun-hat\/"},"wordCount":537,"commentCount":0,"image":{"@id":"https:\/\/www.thebestsocial.media\/de\/was-van-gogh-mit-tomatensuppe-und-klimawandel-zu-tun-hat\/#primaryimage"},"thumbnailUrl":"https:\/\/www.thebestsocial.media\/de\/wp-content\/uploads\/sites\/3\/2022\/10\/van-gogh.jpg","keywords":["Klimawandel","Van Gogh"],"articleSection":["Diskussion","Twitter"],"inLanguage":"de","potentialAction":[{"@type":"CommentAction","name":"Comment","target":["https:\/\/www.thebestsocial.media\/de\/was-van-gogh-mit-tomatensuppe-und-klimawandel-zu-tun-hat\/#respond"]}]},{"@type":"WebPage","@id":"https:\/\/www.thebestsocial.media\/de\/was-van-gogh-mit-tomatensuppe-und-klimawandel-zu-tun-hat\/","url":"https:\/\/www.thebestsocial.media\/de\/was-van-gogh-mit-tomatensuppe-und-klimawandel-zu-tun-hat\/","name":"Was Van Gogh mit Tomatensuppe und Klimawandel zu tun hat","isPartOf":{"@id":"https:\/\/www.thebestsocial.media\/de\/#website"},"primaryImageOfPage":{"@id":"https:\/\/www.thebestsocial.media\/de\/was-van-gogh-mit-tomatensuppe-und-klimawandel-zu-tun-hat\/#primaryimage"},"image":{"@id":"https:\/\/www.thebestsocial.media\/de\/was-van-gogh-mit-tomatensuppe-und-klimawandel-zu-tun-hat\/#primaryimage"},"thumbnailUrl":"https:\/\/www.thebestsocial.media\/de\/wp-content\/uploads\/sites\/3\/2022\/10\/van-gogh.jpg","datePublished":"2022-10-18T08:35:28+00:00","author":{"@id":"https:\/\/www.thebestsocial.media\/de\/#\/schema\/person\/bb9d89d5ad944f3bb530722c8914ad89"},"description":"Es wird zahlreich berichtet, geredet, wild diskutiert und getwittert. \u00dcber Van Gogh, Tomatensuppe und Klimawandel.","breadcrumb":{"@id":"https:\/\/www.thebestsocial.media\/de\/was-van-gogh-mit-tomatensuppe-und-klimawandel-zu-tun-hat\/#breadcrumb"},"inLanguage":"de","potentialAction":[{"@type":"ReadAction","target":["https:\/\/www.thebestsocial.media\/de\/was-van-gogh-mit-tomatensuppe-und-klimawandel-zu-tun-hat\/"]}]},{"@type":"ImageObject","inLanguage":"de","@id":"https:\/\/www.thebestsocial.media\/de\/was-van-gogh-mit-tomatensuppe-und-klimawandel-zu-tun-hat\/#primaryimage","url":"https:\/\/www.thebestsocial.media\/de\/wp-content\/uploads\/sites\/3\/2022\/10\/van-gogh.jpg","contentUrl":"https:\/\/www.thebestsocial.media\/de\/wp-content\/uploads\/sites\/3\/2022\/10\/van-gogh.jpg","width":1547,"height":1920},{"@type":"BreadcrumbList","@id":"https:\/\/www.thebestsocial.media\/de\/was-van-gogh-mit-tomatensuppe-und-klimawandel-zu-tun-hat\/#breadcrumb","itemListElement":[{"@type":"ListItem","position":1,"name":"Home","item":"https:\/\/www.thebestsocial.media\/de\/"},{"@type":"ListItem","position":2,"name":"Was Van Gogh mit Tomatensuppe und Klimawandel zu tun hat"}]},{"@type":"WebSite","@id":"https:\/\/www.thebestsocial.media\/de\/#website","url":"https:\/\/www.thebestsocial.media\/de\/","name":"The Best Social Media DE","description":"","potentialAction":[{"@type":"SearchAction","target":{"@type":"EntryPoint","urlTemplate":"https:\/\/www.thebestsocial.media\/de\/?s={search_term_string}"},"query-input":{"@type":"PropertyValueSpecification","valueRequired":true,"valueName":"search_term_string"}}],"inLanguage":"de"},{"@type":"Person","@id":"https:\/\/www.thebestsocial.media\/de\/#\/schema\/person\/bb9d89d5ad944f3bb530722c8914ad89","name":"Lea","image":{"@type":"ImageObject","inLanguage":"de","@id":"https:\/\/secure.gravatar.com\/avatar\/572526d0641f829a52d7692ed43a20d1f02796367e1eea965858d2d2787f4c33?s=96&d=mm&r=g","url":"https:\/\/secure.gravatar.com\/avatar\/572526d0641f829a52d7692ed43a20d1f02796367e1eea965858d2d2787f4c33?s=96&d=mm&r=g","contentUrl":"https:\/\/secure.gravatar.com\/avatar\/572526d0641f829a52d7692ed43a20d1f02796367e1eea965858d2d2787f4c33?s=96&d=mm&r=g","caption":"Lea"},"url":"https:\/\/www.thebestsocial.media\/de\/author\/leascheel\/"}]}},"amp_enabled":true,"_links":{"self":[{"href":"https:\/\/www.thebestsocial.media\/de\/wp-json\/wp\/v2\/posts\/167408","targetHints":{"allow":["GET"]}}],"collection":[{"href":"https:\/\/www.thebestsocial.media\/de\/wp-json\/wp\/v2\/posts"}],"about":[{"href":"https:\/\/www.thebestsocial.media\/de\/wp-json\/wp\/v2\/types\/post"}],"author":[{"embeddable":true,"href":"https:\/\/www.thebestsocial.media\/de\/wp-json\/wp\/v2\/users\/104"}],"replies":[{"embeddable":true,"href":"https:\/\/www.thebestsocial.media\/de\/wp-json\/wp\/v2\/comments?post=167408"}],"version-history":[{"count":25,"href":"https:\/\/www.thebestsocial.media\/de\/wp-json\/wp\/v2\/posts\/167408\/revisions"}],"predecessor-version":[{"id":167435,"href":"https:\/\/www.thebestsocial.media\/de\/wp-json\/wp\/v2\/posts\/167408\/revisions\/167435"}],"wp:featuredmedia":[{"embeddable":true,"href":"https:\/\/www.thebestsocial.media\/de\/wp-json\/wp\/v2\/media\/167426"}],"wp:attachment":[{"href":"https:\/\/www.thebestsocial.media\/de\/wp-json\/wp\/v2\/media?parent=167408"}],"wp:term":[{"taxonomy":"category","embeddable":true,"href":"https:\/\/www.thebestsocial.media\/de\/wp-json\/wp\/v2\/categories?post=167408"},{"taxonomy":"post_tag","embeddable":true,"href":"https:\/\/www.thebestsocial.media\/de\/wp-json\/wp\/v2\/tags?post=167408"}],"curies":[{"name":"wp","href":"https:\/\/api.w.org\/{rel}","templated":true}]}}