{"id":167228,"date":"2022-10-14T10:38:39","date_gmt":"2022-10-14T10:38:39","guid":{"rendered":"https:\/\/www.thebestsocial.media\/de\/?p=167228"},"modified":"2022-10-14T10:38:39","modified_gmt":"2022-10-14T10:38:39","slug":"so-reagiert-das-netz-auf-49-euro-ticket","status":"publish","type":"post","link":"https:\/\/www.thebestsocial.media\/de\/so-reagiert-das-netz-auf-49-euro-ticket\/","title":{"rendered":"Zwischen 9 und 69 &#8211; So reagiert das Netz auf die Ank\u00fcndigung des 9\u20ac-Ticket-Nachfolgers"},"content":{"rendered":"<p>Wisst ihr noch, das 9\u20ac-Ticket? Womit man einen Monat lang bundesweit den kompletten \u00f6ffentlichen Nahverkehr nutzen konnte? Seither wurde munter diskutiert \u00fcber Nachfolge-Regelungen, teilweise hatten Bundesl\u00e4nder eigene L\u00f6sungen auf den Weg gebracht. Es gab Vorschl\u00e4ge f\u00fcr <a href=\"https:\/\/www.thebestsocial.media\/de\/besser-als-nichts-nachfolge-9-euro-ticket\/\">deutschlandweit g\u00fcltige 29, 49 und 69\u20ac-Tickets<\/a>, nun scheint es hier eine Einigung zu geben. And the winner is&#8230;49\u20ac! Von Begeisterung bis Entt\u00e4uschung ist an Reaktionen im Netz alles dabei.<\/p>\n<p>&nbsp;<\/p>\n<h3>Diese Inflation macht vor nix Halt!<\/h3>\n<blockquote class=\"twitter-tweet\">\n<p dir=\"ltr\" lang=\"de\">Bund und L\u00e4nder haben sich offenbar auf ein <a href=\"https:\/\/twitter.com\/hashtag\/49EuroTicket?src=hash&amp;ref_src=twsrc%5Etfw\">#49EuroTicket<\/a> geeinigt.<br \/>\nDas sind [tippt in den Taschenrechner] 444 Prozent Inflation seit August.<\/p>\n<p>\u2014 ZDF heute-show (@heuteshow) <a href=\"https:\/\/twitter.com\/heuteshow\/status\/1580565016385683456?ref_src=twsrc%5Etfw\">October 13, 2022<\/a><\/p><\/blockquote>\n<p><script async src=\"https:\/\/platform.twitter.com\/widgets.js\" charset=\"utf-8\"><\/script><\/p>\n<p>&nbsp;<\/p>\n<h3>Aber insgesamt schon ne gute Sache, oder?<\/h3>\n<blockquote class=\"twitter-tweet\">\n<p dir=\"ltr\" lang=\"de\">Das <a href=\"https:\/\/twitter.com\/hashtag\/49EuroTicket?src=hash&amp;ref_src=twsrc%5Etfw\">#49EuroTicket<\/a> kommt.<\/p>\n<p>F\u00fcr 49\u20ac mit dem \u00d6PNV durchs ganze Land. Das h\u00e4tten sich viele vor einem Jahr noch nicht vorstellen k\u00f6nnen. Und jetzt wird es Realit\u00e4t.<\/p>\n<p>So entlasten wir die Menschen finanziell und sch\u00fctzen das Klima.<\/p>\n<p>\u2014 Ricarda Lang (@Ricarda_Lang) <a href=\"https:\/\/twitter.com\/Ricarda_Lang\/status\/1580548961865080832?ref_src=twsrc%5Etfw\">October 13, 2022<\/a><\/p><\/blockquote>\n<p><script async src=\"https:\/\/platform.twitter.com\/widgets.js\" charset=\"utf-8\"><\/script><\/p>\n<h3>(Fast) erschwinglich&#8230;<\/h3>\n<blockquote class=\"twitter-tweet\">\n<p dir=\"ltr\" lang=\"de\">Der aktuelle Hartz4\/B\u00fcrgergeldanteil f\u00fcr Mobilit\u00e4t liegt bei 45,02 Euro.<a href=\"https:\/\/twitter.com\/hashtag\/49EuroTicket?src=hash&amp;ref_src=twsrc%5Etfw\">#49EuroTicket<\/a><\/p>\n<p>\u2014 Katja Diehl (@_Katja_Diehl_) <a href=\"https:\/\/twitter.com\/_Katja_Diehl_\/status\/1580644694400282624?ref_src=twsrc%5Etfw\">October 13, 2022<\/a><\/p><\/blockquote>\n<p><script async src=\"https:\/\/platform.twitter.com\/widgets.js\" charset=\"utf-8\"><\/script><\/p>\n<p>&nbsp;<\/p>\n<h3>Auch das Abo-Modell st\u00f6rt viele.<\/h3>\n<blockquote class=\"twitter-tweet\">\n<p dir=\"ltr\" lang=\"de\">Es ist kein <a href=\"https:\/\/twitter.com\/hashtag\/49EuroTicket?src=hash&amp;ref_src=twsrc%5Etfw\">#49EuroTicket<\/a> sondern ein Jahresabo <a href=\"https:\/\/twitter.com\/hashtag\/588EuroTicket?src=hash&amp;ref_src=twsrc%5Etfw\">#588EuroTicket<\/a>.<\/p>\n<p>Und das nur Pro Person. Ein 2 Personen Haushalt zahlt f\u00fcr das Jahresabo bereits \u00fcber 1000 Euro.<\/p>\n<p>\u2014 Michael Mayr (@Nightmare_Keks) <a href=\"https:\/\/twitter.com\/Nightmare_Keks\/status\/1580651099383480325?ref_src=twsrc%5Etfw\">October 13, 2022<\/a><\/p><\/blockquote>\n<p><script async src=\"https:\/\/platform.twitter.com\/widgets.js\" charset=\"utf-8\"><\/script><\/p>\n<p>&nbsp;<\/p>\n<h3>Naja, wenigstens die Bahn kann sich freuen.<\/h3>\n<blockquote class=\"twitter-tweet\">\n<p dir=\"ltr\" lang=\"de\">Deutsche Bahn \u00fcbergl\u00fccklich: Ausrede f\u00fcr \u00fcberf\u00fcllte und versp\u00e4tete Z\u00fcge bleibt bestehen.<a href=\"https:\/\/twitter.com\/hashtag\/49EuroTicket?src=hash&amp;ref_src=twsrc%5Etfw\">#49EuroTicket<\/a><\/p>\n<p>\u2014 extra3 (@extra3) <a href=\"https:\/\/twitter.com\/extra3\/status\/1580588218784763904?ref_src=twsrc%5Etfw\">October 13, 2022<\/a><\/p><\/blockquote>\n<p><script async src=\"https:\/\/platform.twitter.com\/widgets.js\" charset=\"utf-8\"><\/script><\/p>\n<p>&nbsp;<\/p>\n<h3>Und Christian Lindner beschert uns dieses&#8230;&#8220;Meme&#8220;:<\/h3>\n<blockquote class=\"instagram-media\" style=\"background: #FFF; border: 0; border-radius: 3px; box-shadow: 0 0 1px 0 rgba(0,0,0,0.5),0 1px 10px 0 rgba(0,0,0,0.15); margin: 1px; max-width: 540px; min-width: 326px; padding: 0; width: calc(100% - 2px);\" data-instgrm-captioned=\"\" data-instgrm-permalink=\"https:\/\/www.instagram.com\/p\/CjqY36sMyVk\/?utm_source=ig_embed&amp;utm_campaign=loading\" data-instgrm-version=\"14\">\n<div style=\"padding: 16px;\">\n<p>&nbsp;<\/p>\n<div style=\"display: flex; flex-direction: row; align-items: center;\">\n<div style=\"background-color: #f4f4f4; border-radius: 50%; flex-grow: 0; height: 40px; margin-right: 14px; width: 40px;\"><\/div>\n<div style=\"display: flex; flex-direction: column; flex-grow: 1; justify-content: center;\">\n<div style=\"background-color: #f4f4f4; border-radius: 4px; flex-grow: 0; height: 14px; margin-bottom: 6px; width: 100px;\"><\/div>\n<div style=\"background-color: #f4f4f4; border-radius: 4px; flex-grow: 0; height: 14px; width: 60px;\"><\/div>\n<\/div>\n<\/div>\n<div style=\"padding: 19% 0;\"><\/div>\n<div style=\"display: block; height: 50px; margin: 0 auto 12px; width: 50px;\"><\/div>\n<div style=\"padding-top: 8px;\">\n<div style=\"color: #3897f0; font-family: Arial,sans-serif; font-size: 14px; font-style: normal; font-weight: 550; line-height: 18px;\">Sieh dir diesen Beitrag auf Instagram an<\/div>\n<\/div>\n<div style=\"padding: 12.5% 0;\"><\/div>\n<div style=\"display: flex; flex-direction: row; margin-bottom: 14px; align-items: center;\">\n<div>\n<div style=\"background-color: #f4f4f4; border-radius: 50%; height: 12.5px; width: 12.5px; transform: translateX(0px) translateY(7px);\"><\/div>\n<div style=\"background-color: #f4f4f4; height: 12.5px; transform: rotate(-45deg) translateX(3px) translateY(1px); width: 12.5px; flex-grow: 0; margin-right: 14px; margin-left: 2px;\"><\/div>\n<div style=\"background-color: #f4f4f4; border-radius: 50%; height: 12.5px; width: 12.5px; transform: translateX(9px) translateY(-18px);\"><\/div>\n<\/div>\n<div style=\"margin-left: 8px;\">\n<div style=\"background-color: #f4f4f4; border-radius: 50%; flex-grow: 0; height: 20px; width: 20px;\"><\/div>\n<div style=\"width: 0; height: 0; border-top: 2px solid transparent; border-left: 6px solid #f4f4f4; border-bottom: 2px solid transparent; transform: translateX(16px) translateY(-4px) rotate(30deg);\"><\/div>\n<\/div>\n<div style=\"margin-left: auto;\">\n<div style=\"width: 0px; border-top: 8px solid #F4F4F4; border-right: 8px solid transparent; transform: translateY(16px);\"><\/div>\n<div style=\"background-color: #f4f4f4; flex-grow: 0; height: 12px; width: 16px; transform: translateY(-4px);\"><\/div>\n<div style=\"width: 0; height: 0; border-top: 8px solid #F4F4F4; border-left: 8px solid transparent; transform: translateY(-4px) translateX(8px);\"><\/div>\n<\/div>\n<\/div>\n<div style=\"display: flex; flex-direction: column; flex-grow: 1; justify-content: center; margin-bottom: 24px;\">\n<div style=\"background-color: #f4f4f4; border-radius: 4px; flex-grow: 0; height: 14px; margin-bottom: 6px; width: 224px;\"><\/div>\n<div style=\"background-color: #f4f4f4; border-radius: 4px; flex-grow: 0; height: 14px; width: 144px;\"><\/div>\n<\/div>\n<p>&nbsp;<\/p>\n<p style=\"color: #c9c8cd; font-family: Arial,sans-serif; font-size: 14px; line-height: 17px; margin-bottom: 0; margin-top: 8px; overflow: hidden; padding: 8px 0 7px; text-align: center; text-overflow: ellipsis; white-space: nowrap;\"><a style=\"color: #c9c8cd; font-family: Arial,sans-serif; font-size: 14px; font-style: normal; font-weight: normal; line-height: 17px; text-decoration: none;\" href=\"https:\/\/www.instagram.com\/p\/CjqY36sMyVk\/?utm_source=ig_embed&amp;utm_campaign=loading\" target=\"_blank\" rel=\"noopener\">Ein Beitrag geteilt von Christian Lindner (@christianlindner)<\/a><\/p>\n<\/div>\n<\/blockquote>\n\n<p>&nbsp;<\/p>\n<h3>Also insgesamt doch eine positive Bilanz. Oder? Oder??<\/h3>\n<p>&nbsp;<\/p>\n<p><strong>___<\/strong><br \/>\n<strong>Vielen Dank an alle f\u00fcr die Posts!<\/strong><\/p>\n<p><strong>___<\/strong><\/p>\n<p>Achtung! Freelance Community Manager (m\/w\/d) gesucht!\u00a0<a href=\"https:\/\/www.thebestsocialjobs.com\/de\/stelle\/freelance-community-manager-german-speaking\/\" target=\"_blank\" rel=\"noopener\">Hier entlang<\/a>, bitte.<\/p>\n<script async defer src=\"\/instagram-embed.js\"><\/script>","protected":false},"excerpt":{"rendered":"<p>Wisst ihr noch, das 9\u20ac-Ticket? Womit man einen Monat lang bundesweit den kompletten \u00f6ffentlichen Nahverkehr nutzen konnte? Seither wurde munter diskutiert \u00fcber Nachfolge-Regelungen, teilweise hatten&#8230;<\/p>\n","protected":false},"author":73,"featured_media":167283,"comment_status":"open","ping_status":"open","sticky":false,"template":"","format":"standard","meta":{"_acf_changed":false,"footnotes":""},"categories":[4728,14,35],"tags":[5262,1209,412],"class_list":["post-167228","post","type-post","status-publish","format-standard","has-post-thumbnail","hentry","category-diskussion","category-instagram","category-twitter","tag-9e-ticket","tag-oepnv","tag-politik"],"acf":[],"yoast_head":"<!-- This site is optimized with the Yoast SEO plugin v27.5 - https:\/\/yoast.com\/product\/yoast-seo-wordpress\/ -->\n<title>So reagiert das Netz auf Ank\u00fcndigung des 9\u20ac-Ticket-Nachfolgers<\/title>\n<meta name=\"robots\" content=\"index, follow, max-snippet:-1, max-image-preview:large, max-video-preview:-1\" \/>\n<link rel=\"canonical\" href=\"https:\/\/www.thebestsocial.media\/de\/so-reagiert-das-netz-auf-49-euro-ticket\/\" \/>\n<meta property=\"og:locale\" content=\"de_DE\" \/>\n<meta property=\"og:type\" content=\"article\" \/>\n<meta property=\"og:title\" content=\"Zwischen 9 und 69 - So reagiert das Netz auf die Ank\u00fcndigung des 9\u20ac-Ticket-Nachfolgers\" \/>\n<meta property=\"og:description\" content=\"Wisst ihr noch, das 9\u20ac-Ticket? Womit man einen Monat lang bundesweit den kompletten \u00f6ffentlichen Nahverkehr nutzen konnte? Seither wurde munter diskutiert \u00fcber Nachfolge-Regelungen, teilweise hatten...\" \/>\n<meta property=\"og:url\" content=\"https:\/\/www.thebestsocial.media\/de\/so-reagiert-das-netz-auf-49-euro-ticket\/\" \/>\n<meta property=\"og:site_name\" content=\"The Best Social Media DE\" \/>\n<meta property=\"article:published_time\" content=\"2022-10-14T10:38:39+00:00\" \/>\n<meta property=\"og:image\" content=\"https:\/\/www.thebestsocial.media\/de\/wp-content\/uploads\/sites\/3\/2022\/10\/header-49e.png\" \/>\n\t<meta property=\"og:image:width\" content=\"1200\" \/>\n\t<meta property=\"og:image:height\" content=\"630\" \/>\n\t<meta property=\"og:image:type\" content=\"image\/png\" \/>\n<meta name=\"author\" content=\"Helene Mei\u00dfner\" \/>\n<meta name=\"twitter:card\" content=\"summary_large_image\" \/>\n<meta name=\"twitter:label1\" content=\"Verfasst von\" \/>\n\t<meta name=\"twitter:data1\" content=\"Helene Mei\u00dfner\" \/>\n\t<meta name=\"twitter:label2\" content=\"Gesch\u00e4tzte Lesezeit\" \/>\n\t<meta name=\"twitter:data2\" content=\"2\u00a0Minuten\" \/>\n<script type=\"application\/ld+json\" class=\"yoast-schema-graph\">{\"@context\":\"https:\\\/\\\/schema.org\",\"@graph\":[{\"@type\":\"Article\",\"@id\":\"https:\\\/\\\/www.thebestsocial.media\\\/de\\\/so-reagiert-das-netz-auf-49-euro-ticket\\\/#article\",\"isPartOf\":{\"@id\":\"https:\\\/\\\/www.thebestsocial.media\\\/de\\\/so-reagiert-das-netz-auf-49-euro-ticket\\\/\"},\"author\":{\"name\":\"Helene Mei\u00dfner\",\"@id\":\"https:\\\/\\\/www.thebestsocial.media\\\/de\\\/#\\\/schema\\\/person\\\/6267acc046505b90b912687a039220df\"},\"headline\":\"Zwischen 9 und 69 &#8211; So reagiert das Netz auf die Ank\u00fcndigung des 9\u20ac-Ticket-Nachfolgers\",\"datePublished\":\"2022-10-14T10:38:39+00:00\",\"mainEntityOfPage\":{\"@id\":\"https:\\\/\\\/www.thebestsocial.media\\\/de\\\/so-reagiert-das-netz-auf-49-euro-ticket\\\/\"},\"wordCount\":305,\"commentCount\":0,\"image\":{\"@id\":\"https:\\\/\\\/www.thebestsocial.media\\\/de\\\/so-reagiert-das-netz-auf-49-euro-ticket\\\/#primaryimage\"},\"thumbnailUrl\":\"https:\\\/\\\/www.thebestsocial.media\\\/de\\\/wp-content\\\/uploads\\\/sites\\\/3\\\/2022\\\/10\\\/train-797072_1920-1.jpg\",\"keywords\":[\"9\u20ac-Ticket\",\"\u00d6PNV\",\"politik\"],\"articleSection\":[\"Diskussion\",\"Instagram\",\"Twitter\"],\"inLanguage\":\"de\",\"potentialAction\":[{\"@type\":\"CommentAction\",\"name\":\"Comment\",\"target\":[\"https:\\\/\\\/www.thebestsocial.media\\\/de\\\/so-reagiert-das-netz-auf-49-euro-ticket\\\/#respond\"]}]},{\"@type\":\"WebPage\",\"@id\":\"https:\\\/\\\/www.thebestsocial.media\\\/de\\\/so-reagiert-das-netz-auf-49-euro-ticket\\\/\",\"url\":\"https:\\\/\\\/www.thebestsocial.media\\\/de\\\/so-reagiert-das-netz-auf-49-euro-ticket\\\/\",\"name\":\"So reagiert das Netz auf Ank\u00fcndigung des 9\u20ac-Ticket-Nachfolgers\",\"isPartOf\":{\"@id\":\"https:\\\/\\\/www.thebestsocial.media\\\/de\\\/#website\"},\"primaryImageOfPage\":{\"@id\":\"https:\\\/\\\/www.thebestsocial.media\\\/de\\\/so-reagiert-das-netz-auf-49-euro-ticket\\\/#primaryimage\"},\"image\":{\"@id\":\"https:\\\/\\\/www.thebestsocial.media\\\/de\\\/so-reagiert-das-netz-auf-49-euro-ticket\\\/#primaryimage\"},\"thumbnailUrl\":\"https:\\\/\\\/www.thebestsocial.media\\\/de\\\/wp-content\\\/uploads\\\/sites\\\/3\\\/2022\\\/10\\\/train-797072_1920-1.jpg\",\"datePublished\":\"2022-10-14T10:38:39+00:00\",\"author\":{\"@id\":\"https:\\\/\\\/www.thebestsocial.media\\\/de\\\/#\\\/schema\\\/person\\\/6267acc046505b90b912687a039220df\"},\"breadcrumb\":{\"@id\":\"https:\\\/\\\/www.thebestsocial.media\\\/de\\\/so-reagiert-das-netz-auf-49-euro-ticket\\\/#breadcrumb\"},\"inLanguage\":\"de\",\"potentialAction\":[{\"@type\":\"ReadAction\",\"target\":[\"https:\\\/\\\/www.thebestsocial.media\\\/de\\\/so-reagiert-das-netz-auf-49-euro-ticket\\\/\"]}]},{\"@type\":\"ImageObject\",\"inLanguage\":\"de\",\"@id\":\"https:\\\/\\\/www.thebestsocial.media\\\/de\\\/so-reagiert-das-netz-auf-49-euro-ticket\\\/#primaryimage\",\"url\":\"https:\\\/\\\/www.thebestsocial.media\\\/de\\\/wp-content\\\/uploads\\\/sites\\\/3\\\/2022\\\/10\\\/train-797072_1920-1.jpg\",\"contentUrl\":\"https:\\\/\\\/www.thebestsocial.media\\\/de\\\/wp-content\\\/uploads\\\/sites\\\/3\\\/2022\\\/10\\\/train-797072_1920-1.jpg\",\"width\":1920,\"height\":1280},{\"@type\":\"BreadcrumbList\",\"@id\":\"https:\\\/\\\/www.thebestsocial.media\\\/de\\\/so-reagiert-das-netz-auf-49-euro-ticket\\\/#breadcrumb\",\"itemListElement\":[{\"@type\":\"ListItem\",\"position\":1,\"name\":\"Home\",\"item\":\"https:\\\/\\\/www.thebestsocial.media\\\/de\\\/\"},{\"@type\":\"ListItem\",\"position\":2,\"name\":\"Zwischen 9 und 69 &#8211; So reagiert das Netz auf die Ank\u00fcndigung des 9\u20ac-Ticket-Nachfolgers\"}]},{\"@type\":\"WebSite\",\"@id\":\"https:\\\/\\\/www.thebestsocial.media\\\/de\\\/#website\",\"url\":\"https:\\\/\\\/www.thebestsocial.media\\\/de\\\/\",\"name\":\"The Best Social Media DE\",\"description\":\"\",\"potentialAction\":[{\"@type\":\"SearchAction\",\"target\":{\"@type\":\"EntryPoint\",\"urlTemplate\":\"https:\\\/\\\/www.thebestsocial.media\\\/de\\\/?s={search_term_string}\"},\"query-input\":{\"@type\":\"PropertyValueSpecification\",\"valueRequired\":true,\"valueName\":\"search_term_string\"}}],\"inLanguage\":\"de\"},{\"@type\":\"Person\",\"@id\":\"https:\\\/\\\/www.thebestsocial.media\\\/de\\\/#\\\/schema\\\/person\\\/6267acc046505b90b912687a039220df\",\"name\":\"Helene Mei\u00dfner\",\"image\":{\"@type\":\"ImageObject\",\"inLanguage\":\"de\",\"@id\":\"https:\\\/\\\/secure.gravatar.com\\\/avatar\\\/6639fc0397860ac2c2e11b018c1f14be4a46c2378a91ac1b35730b724675daa8?s=96&d=mm&r=g\",\"url\":\"https:\\\/\\\/secure.gravatar.com\\\/avatar\\\/6639fc0397860ac2c2e11b018c1f14be4a46c2378a91ac1b35730b724675daa8?s=96&d=mm&r=g\",\"contentUrl\":\"https:\\\/\\\/secure.gravatar.com\\\/avatar\\\/6639fc0397860ac2c2e11b018c1f14be4a46c2378a91ac1b35730b724675daa8?s=96&d=mm&r=g\",\"caption\":\"Helene Mei\u00dfner\"},\"description\":\"Kommt aus Berlin und hat dementsprechend nat\u00fcrlich irgendwas mit Medien studiert. Verlegt oft Dinge, w\u00e4hrend sie sie in der Hand h\u00e4lt. Findet Kauger\u00e4usche unausstehlich. Hat eine Schw\u00e4che f\u00fcr Glitzer und immer mindestens 50 Tabs offen.\",\"sameAs\":[\"https:\\\/\\\/www.instagram.com\\\/he.leni\\\/\"],\"url\":\"https:\\\/\\\/www.thebestsocial.media\\\/de\\\/author\\\/helenemeissner\\\/\"}]}<\/script>\n<!-- \/ Yoast SEO plugin. -->","yoast_head_json":{"title":"So reagiert das Netz auf Ank\u00fcndigung des 9\u20ac-Ticket-Nachfolgers","robots":{"index":"index","follow":"follow","max-snippet":"max-snippet:-1","max-image-preview":"max-image-preview:large","max-video-preview":"max-video-preview:-1"},"canonical":"https:\/\/www.thebestsocial.media\/de\/so-reagiert-das-netz-auf-49-euro-ticket\/","og_locale":"de_DE","og_type":"article","og_title":"Zwischen 9 und 69 - So reagiert das Netz auf die Ank\u00fcndigung des 9\u20ac-Ticket-Nachfolgers","og_description":"Wisst ihr noch, das 9\u20ac-Ticket? Womit man einen Monat lang bundesweit den kompletten \u00f6ffentlichen Nahverkehr nutzen konnte? Seither wurde munter diskutiert \u00fcber Nachfolge-Regelungen, teilweise hatten...","og_url":"https:\/\/www.thebestsocial.media\/de\/so-reagiert-das-netz-auf-49-euro-ticket\/","og_site_name":"The Best Social Media DE","article_published_time":"2022-10-14T10:38:39+00:00","og_image":[{"width":1200,"height":630,"url":"https:\/\/www.thebestsocial.media\/de\/wp-content\/uploads\/sites\/3\/2022\/10\/header-49e.png","type":"image\/png"}],"author":"Helene Mei\u00dfner","twitter_card":"summary_large_image","twitter_misc":{"Verfasst von":"Helene Mei\u00dfner","Gesch\u00e4tzte Lesezeit":"2\u00a0Minuten"},"schema":{"@context":"https:\/\/schema.org","@graph":[{"@type":"Article","@id":"https:\/\/www.thebestsocial.media\/de\/so-reagiert-das-netz-auf-49-euro-ticket\/#article","isPartOf":{"@id":"https:\/\/www.thebestsocial.media\/de\/so-reagiert-das-netz-auf-49-euro-ticket\/"},"author":{"name":"Helene Mei\u00dfner","@id":"https:\/\/www.thebestsocial.media\/de\/#\/schema\/person\/6267acc046505b90b912687a039220df"},"headline":"Zwischen 9 und 69 &#8211; So reagiert das Netz auf die Ank\u00fcndigung des 9\u20ac-Ticket-Nachfolgers","datePublished":"2022-10-14T10:38:39+00:00","mainEntityOfPage":{"@id":"https:\/\/www.thebestsocial.media\/de\/so-reagiert-das-netz-auf-49-euro-ticket\/"},"wordCount":305,"commentCount":0,"image":{"@id":"https:\/\/www.thebestsocial.media\/de\/so-reagiert-das-netz-auf-49-euro-ticket\/#primaryimage"},"thumbnailUrl":"https:\/\/www.thebestsocial.media\/de\/wp-content\/uploads\/sites\/3\/2022\/10\/train-797072_1920-1.jpg","keywords":["9\u20ac-Ticket","\u00d6PNV","politik"],"articleSection":["Diskussion","Instagram","Twitter"],"inLanguage":"de","potentialAction":[{"@type":"CommentAction","name":"Comment","target":["https:\/\/www.thebestsocial.media\/de\/so-reagiert-das-netz-auf-49-euro-ticket\/#respond"]}]},{"@type":"WebPage","@id":"https:\/\/www.thebestsocial.media\/de\/so-reagiert-das-netz-auf-49-euro-ticket\/","url":"https:\/\/www.thebestsocial.media\/de\/so-reagiert-das-netz-auf-49-euro-ticket\/","name":"So reagiert das Netz auf Ank\u00fcndigung des 9\u20ac-Ticket-Nachfolgers","isPartOf":{"@id":"https:\/\/www.thebestsocial.media\/de\/#website"},"primaryImageOfPage":{"@id":"https:\/\/www.thebestsocial.media\/de\/so-reagiert-das-netz-auf-49-euro-ticket\/#primaryimage"},"image":{"@id":"https:\/\/www.thebestsocial.media\/de\/so-reagiert-das-netz-auf-49-euro-ticket\/#primaryimage"},"thumbnailUrl":"https:\/\/www.thebestsocial.media\/de\/wp-content\/uploads\/sites\/3\/2022\/10\/train-797072_1920-1.jpg","datePublished":"2022-10-14T10:38:39+00:00","author":{"@id":"https:\/\/www.thebestsocial.media\/de\/#\/schema\/person\/6267acc046505b90b912687a039220df"},"breadcrumb":{"@id":"https:\/\/www.thebestsocial.media\/de\/so-reagiert-das-netz-auf-49-euro-ticket\/#breadcrumb"},"inLanguage":"de","potentialAction":[{"@type":"ReadAction","target":["https:\/\/www.thebestsocial.media\/de\/so-reagiert-das-netz-auf-49-euro-ticket\/"]}]},{"@type":"ImageObject","inLanguage":"de","@id":"https:\/\/www.thebestsocial.media\/de\/so-reagiert-das-netz-auf-49-euro-ticket\/#primaryimage","url":"https:\/\/www.thebestsocial.media\/de\/wp-content\/uploads\/sites\/3\/2022\/10\/train-797072_1920-1.jpg","contentUrl":"https:\/\/www.thebestsocial.media\/de\/wp-content\/uploads\/sites\/3\/2022\/10\/train-797072_1920-1.jpg","width":1920,"height":1280},{"@type":"BreadcrumbList","@id":"https:\/\/www.thebestsocial.media\/de\/so-reagiert-das-netz-auf-49-euro-ticket\/#breadcrumb","itemListElement":[{"@type":"ListItem","position":1,"name":"Home","item":"https:\/\/www.thebestsocial.media\/de\/"},{"@type":"ListItem","position":2,"name":"Zwischen 9 und 69 &#8211; So reagiert das Netz auf die Ank\u00fcndigung des 9\u20ac-Ticket-Nachfolgers"}]},{"@type":"WebSite","@id":"https:\/\/www.thebestsocial.media\/de\/#website","url":"https:\/\/www.thebestsocial.media\/de\/","name":"The Best Social Media DE","description":"","potentialAction":[{"@type":"SearchAction","target":{"@type":"EntryPoint","urlTemplate":"https:\/\/www.thebestsocial.media\/de\/?s={search_term_string}"},"query-input":{"@type":"PropertyValueSpecification","valueRequired":true,"valueName":"search_term_string"}}],"inLanguage":"de"},{"@type":"Person","@id":"https:\/\/www.thebestsocial.media\/de\/#\/schema\/person\/6267acc046505b90b912687a039220df","name":"Helene Mei\u00dfner","image":{"@type":"ImageObject","inLanguage":"de","@id":"https:\/\/secure.gravatar.com\/avatar\/6639fc0397860ac2c2e11b018c1f14be4a46c2378a91ac1b35730b724675daa8?s=96&d=mm&r=g","url":"https:\/\/secure.gravatar.com\/avatar\/6639fc0397860ac2c2e11b018c1f14be4a46c2378a91ac1b35730b724675daa8?s=96&d=mm&r=g","contentUrl":"https:\/\/secure.gravatar.com\/avatar\/6639fc0397860ac2c2e11b018c1f14be4a46c2378a91ac1b35730b724675daa8?s=96&d=mm&r=g","caption":"Helene Mei\u00dfner"},"description":"Kommt aus Berlin und hat dementsprechend nat\u00fcrlich irgendwas mit Medien studiert. Verlegt oft Dinge, w\u00e4hrend sie sie in der Hand h\u00e4lt. Findet Kauger\u00e4usche unausstehlich. Hat eine Schw\u00e4che f\u00fcr Glitzer und immer mindestens 50 Tabs offen.","sameAs":["https:\/\/www.instagram.com\/he.leni\/"],"url":"https:\/\/www.thebestsocial.media\/de\/author\/helenemeissner\/"}]}},"amp_enabled":true,"_links":{"self":[{"href":"https:\/\/www.thebestsocial.media\/de\/wp-json\/wp\/v2\/posts\/167228","targetHints":{"allow":["GET"]}}],"collection":[{"href":"https:\/\/www.thebestsocial.media\/de\/wp-json\/wp\/v2\/posts"}],"about":[{"href":"https:\/\/www.thebestsocial.media\/de\/wp-json\/wp\/v2\/types\/post"}],"author":[{"embeddable":true,"href":"https:\/\/www.thebestsocial.media\/de\/wp-json\/wp\/v2\/users\/73"}],"replies":[{"embeddable":true,"href":"https:\/\/www.thebestsocial.media\/de\/wp-json\/wp\/v2\/comments?post=167228"}],"version-history":[{"count":16,"href":"https:\/\/www.thebestsocial.media\/de\/wp-json\/wp\/v2\/posts\/167228\/revisions"}],"predecessor-version":[{"id":167288,"href":"https:\/\/www.thebestsocial.media\/de\/wp-json\/wp\/v2\/posts\/167228\/revisions\/167288"}],"wp:featuredmedia":[{"embeddable":true,"href":"https:\/\/www.thebestsocial.media\/de\/wp-json\/wp\/v2\/media\/167283"}],"wp:attachment":[{"href":"https:\/\/www.thebestsocial.media\/de\/wp-json\/wp\/v2\/media?parent=167228"}],"wp:term":[{"taxonomy":"category","embeddable":true,"href":"https:\/\/www.thebestsocial.media\/de\/wp-json\/wp\/v2\/categories?post=167228"},{"taxonomy":"post_tag","embeddable":true,"href":"https:\/\/www.thebestsocial.media\/de\/wp-json\/wp\/v2\/tags?post=167228"}],"curies":[{"name":"wp","href":"https:\/\/api.w.org\/{rel}","templated":true}]}}