{"id":166568,"date":"2022-10-07T14:56:53","date_gmt":"2022-10-07T14:56:53","guid":{"rendered":"https:\/\/www.thebestsocial.media\/de\/?p=166568"},"modified":"2022-10-07T14:56:53","modified_gmt":"2022-10-07T14:56:53","slug":"11-posts-ueber-kastanien-die-erinnerungen-wecken","status":"publish","type":"post","link":"https:\/\/www.thebestsocial.media\/de\/11-posts-ueber-kastanien-die-erinnerungen-wecken\/","title":{"rendered":"Zum Sammeln oder Basteln &#8211; 11 Posts \u00fcber Kastanien, die Erinnerungen wecken"},"content":{"rendered":"<p>Die Spazierg\u00e4nge werden vor allem jetzt im Herbst wieder besonders sch\u00f6n. Bunte B\u00e4ume, raschelndes Laub, frischer Wind. Einige haben Gl\u00fcck und sehen Eichh\u00f6rnchen zwischen den \u00c4sten und Zweigen huschen. Herrlich&#8230;aber war da nicht noch was? Hin und wieder h\u00f6rt man in den W\u00e4ldern einen dumpfen Schlag. Eine gr\u00fcne, stachelige Kugel rollt \u00fcber den Boden und erweckt Kindheitserinnerungen wieder zum Leben. Richtig, Herbstzeit ist Kastanienzeit! Da werden auch die Erwachsenen wieder ganz klein.<\/p>\n<h3>Die einen k\u00f6nnen das Sammeln von Kastanien kaum erwarten&#8230;<\/h3>\n<blockquote class=\"twitter-tweet\">\n<p dir=\"ltr\" lang=\"de\">Vergesst beim Einkauf bitte die Streichh\u00f6lzer nicht!<\/p>\n<p>Wir wollen doch am Montag die ersten Kastanienm\u00e4nnchen basteln<\/p>\n<p>\u2014 W\u00a9llter Bier\u2122 (@Klinikchef) <a href=\"https:\/\/twitter.com\/Klinikchef\/status\/1575849788293013510?ref_src=twsrc%5Etfw\">September 30, 2022<\/a><\/p><\/blockquote>\n<p>&nbsp;<\/p>\n<h3>Die anderen wollen wirklich nur spazieren&#8230;<\/h3>\n<blockquote class=\"twitter-tweet\">\n<p dir=\"ltr\" lang=\"de\">Ein neuer famili\u00e4rer Meilenstein: Kein Kind b\u00fcckt sich mehr f\u00fcr Kastanien. YES!!<\/p>\n<p>\u2014 Inke Hummel (@HummelFamilie) <a href=\"https:\/\/twitter.com\/HummelFamilie\/status\/1577354603414589440?ref_src=twsrc%5Etfw\">October 4, 2022<\/a><\/p><\/blockquote>\n<p><script async src=\"https:\/\/platform.twitter.com\/widgets.js\" charset=\"utf-8\"><\/script><\/p>\n<p>&nbsp;<\/p>\n<h3>&#8230;und dann gibt es noch die, die eine ganz besondere Verwendung haben!<\/h3>\n<blockquote class=\"twitter-tweet\">\n<p dir=\"ltr\" lang=\"de\">Endlich ist Herbst und man kann wieder Menschen Kastanien an den Kopf werfen.<\/p>\n<p>\u2014 Jean-Jacques Clich\u00e9 \ud83c\uddfa\ud83c\udde6 (@Killimanscharo) <a href=\"https:\/\/twitter.com\/Killimanscharo\/status\/905422764097642496?ref_src=twsrc%5Etfw\">September 6, 2017<\/a><\/p><\/blockquote>\n<p>&nbsp;<\/p>\n<p>&nbsp;<\/p>\n<h3>Gut zu wissen!<\/h3>\n<blockquote class=\"twitter-tweet\">\n<p dir=\"ltr\" lang=\"de\">In eine handels\u00fcbliche Damenjacke passen \u00fcbrigens 3kg Kastanien. F\u00fcr euch getestet.<\/p>\n<p>\u2014 EasyPeasy (@Easy_peasy0815) <a href=\"https:\/\/twitter.com\/Easy_peasy0815\/status\/1576562749462618113?ref_src=twsrc%5Etfw\">October 2, 2022<\/a><\/p><\/blockquote>\n<p>&nbsp;<\/p>\n<h3>So und nicht anders!<\/h3>\n<blockquote class=\"twitter-tweet\">\n<p dir=\"ltr\" lang=\"de\">Die Kleine bastelte fr\u00f6hlich einen Kastanienigel mit Zahnstocherstacheln und legte ihn aus Versehen auf den Stuhl des Mannes und nat\u00fcrlich habe ich getan, was eine liebende Ehefrau tun muss: MICH VERSTECKT UND ABGEWARTET BWAHAHAAAAAAA<\/p>\n<p>\u2014 happyfeet \ud83e\udd18 (@12happyfeet12) <a href=\"https:\/\/twitter.com\/12happyfeet12\/status\/1317892180875350023?ref_src=twsrc%5Etfw\">October 18, 2020<\/a><\/p><\/blockquote>\n<p>&nbsp;<\/p>\n<h3>Da h\u00e4tt\u00b4 er ein bisschen l\u00e4nger dran gekaut&#8230;<\/h3>\n<blockquote class=\"twitter-tweet\">\n<p dir=\"ltr\" lang=\"de\">Wahre Liebe ist, den Mann rechtzeitig darauf hinzuweisen, dass er den Beutel mit den Kastanien der Kinder statt Knabbereien f\u00fcr den Pokerabend \u00fcber seiner Schulter liegen hat.<\/p>\n<p>\u2014 M.n.taler (@taler_m) <a href=\"https:\/\/twitter.com\/taler_m\/status\/1576605219382648832?ref_src=twsrc%5Etfw\">October 2, 2022<\/a><\/p><\/blockquote>\n<p>&nbsp;<\/p>\n<h3>Hach&#8230;jemand der so f\u00fcr uns schw\u00e4rmt, das w\u00e4rs!<\/h3>\n<blockquote class=\"twitter-tweet\">\n<p dir=\"ltr\" lang=\"de\">Ich liebe es, mit meinem Kind Kastanien zu sammeln. Dieser matte, edle Glanz, der uns immer wieder fasziniert. Diese glatte Oberfl\u00e4che. Diese Herbstboten in solch sch\u00f6nem Gewand. Jede einzigartig und wundervoll. Da gerat ich ins Schw\u00e4rmen.\ud83d\ude0d<\/p>\n<p>\u2014 Plumpsjen (geimpft und zertifiziert) (@Mudditanzt01) <a href=\"https:\/\/twitter.com\/Mudditanzt01\/status\/1036619036870750208?ref_src=twsrc%5Etfw\">September 3, 2018<\/a><\/p><\/blockquote>\n<p>&nbsp;<\/p>\n<h3>Dann wird halt bestellt! Bei Burger King oder so&#8230;<\/h3>\n<blockquote class=\"twitter-tweet\">\n<p dir=\"ltr\" lang=\"de\">Ich k\u00f6nnte mich jetzt \u00fcberrascht zeigen, dass, w\u00e4hrend ich versucht habe die Kontrolle \u00fcber die vom Kind im Wohnzimmer verteilten Kastanien zur\u00fcckzugewinnen, das Essen auf dem Herd einige R\u00f6staromen* entwickelt hat, aber ehrlich gesagt bin ich es nicht.<br \/>\n*Die Suppe ist angebrannt.<\/p>\n<p>\u2014 just morried (@Shannahka) <a href=\"https:\/\/twitter.com\/Shannahka\/status\/1446495618915000320?ref_src=twsrc%5Etfw\">October 8, 2021<\/a><\/p><\/blockquote>\n<p>&nbsp;<\/p>\n<h3>Smartphone war ja mal sowas von gestern!<\/h3>\n<blockquote class=\"twitter-tweet\">\n<p dir=\"ltr\" lang=\"de\">Sch\u00f6n zu sehen, dass es noch Kinder gibt, die intuitiv die richtigen &#8218;Apps&#8216; nutzen:<\/p>\n<p>Pusteblumen essen, Kastanien sammeln, Erbsen knallen &#8230;<\/p>\n<p>\u2014 \ud83c\udf41 Meg (@meg_gyver) <a href=\"https:\/\/twitter.com\/meg_gyver\/status\/1047391079505514496?ref_src=twsrc%5Etfw\">October 3, 2018<\/a><\/p><\/blockquote>\n<p>&nbsp;<\/p>\n<h3>&#8222;Mama wir haben heute im Kindergarten gebastelt&#8230;&#8220;<\/h3>\n<blockquote class=\"twitter-tweet\">\n<p dir=\"ltr\" lang=\"de\">Kastanienliebe 1<a href=\"https:\/\/twitter.com\/hashtag\/ichgebeauf?src=hash&amp;ref_src=twsrc%5Etfw\">#ichgebeauf<\/a><a href=\"https:\/\/twitter.com\/kriegundfreitag?ref_src=twsrc%5Etfw\">@kriegundfreitag<\/a> <a href=\"https:\/\/t.co\/ypzqMx6c6D\">pic.twitter.com\/ypzqMx6c6D<\/a><\/p>\n<p>\u2014 Muschelfinderin (@Muschelfinderin) <a href=\"https:\/\/twitter.com\/Muschelfinderin\/status\/1038798757276655616?ref_src=twsrc%5Etfw\">September 9, 2018<\/a><\/p><\/blockquote>\n<p>&nbsp;<\/p>\n<h3>Rosen sind rot, der Herbst ist ganz fein&#8230;<\/h3>\n<blockquote class=\"twitter-tweet\">\n<p dir=\"ltr\" lang=\"de\">In allen Manteltaschen sollen Kastanien sein.<\/p>\n<p>\u2014 Jess \ud83d\udc7b (@jesstartas) <a href=\"https:\/\/twitter.com\/jesstartas\/status\/1576253938369982464?ref_src=twsrc%5Etfw\">October 1, 2022<\/a><\/p><\/blockquote>\n<p>&nbsp;<\/p>\n<p><strong>___<\/strong><br \/>\n<strong>Vielen Dank an alle f\u00fcr die Posts!<\/strong><br \/>\n<strong>___<\/strong><br \/>\nAuf der Suche nach einem spannenden Praktikum, ohne Kaffeekochen und Kopieren, daf\u00fcr aber mit Verg\u00fctung?\u00a0<a href=\"https:\/\/www.thebestsocialjobs.com\/de\/stelle\/praktikant-redaktion-the-best-social-media\/\" target=\"_blank\" rel=\"noopener\">Hier<\/a>\u00a0entlang!<\/p>\n","protected":false},"excerpt":{"rendered":"<p>Die Spazierg\u00e4nge werden vor allem jetzt im Herbst wieder besonders sch\u00f6n. Bunte B\u00e4ume, raschelndes Laub, frischer Wind. Einige haben Gl\u00fcck und sehen Eichh\u00f6rnchen zwischen den&#8230;<\/p>\n","protected":false},"author":104,"featured_media":166579,"comment_status":"open","ping_status":"open","sticky":false,"template":"","format":"standard","meta":{"_acf_changed":false,"footnotes":""},"categories":[106,1717,11,2031,1728,1116],"tags":[3078,5318,5319,1039],"class_list":["post-166568","post","type-post","status-publish","format-standard","has-post-thumbnail","hentry","category-best-of","category-community","category-creative-content","category-feelgood","category-humor","category-the-best-social","tag-herbst","tag-kastanien","tag-kastanienigel","tag-kinder"],"acf":[],"yoast_head":"<!-- This site is optimized with the Yoast SEO plugin v27.4 - https:\/\/yoast.com\/product\/yoast-seo-wordpress\/ -->\n<title>Zum Sammeln oder Basteln -11 Posts \u00fcber Kastanien, die Erinnerungen wecken<\/title>\n<meta name=\"description\" content=\"Herbstzeit ist Kastanienzeit! Ganz besonders diese lieben sowohl Gro\u00df als auch Klein. Also Jacke an und los geht die Suche nach Kastanien.\" \/>\n<meta name=\"robots\" content=\"index, follow, max-snippet:-1, max-image-preview:large, max-video-preview:-1\" \/>\n<link rel=\"canonical\" href=\"https:\/\/www.thebestsocial.media\/de\/11-posts-ueber-kastanien-die-erinnerungen-wecken\/\" \/>\n<meta property=\"og:locale\" content=\"de_DE\" \/>\n<meta property=\"og:type\" content=\"article\" \/>\n<meta property=\"og:title\" content=\"Zum Sammeln oder Basteln - 11 Posts \u00fcber Kastanien, die Erinnerungen wecken\" \/>\n<meta property=\"og:description\" content=\"Herbstzeit ist Kastanienzeit! Ganz besonders diese lieben sowohl Gro\u00df als auch Klein. Also Jacke an und los geht die Suche nach Kastanien.\" \/>\n<meta property=\"og:url\" content=\"https:\/\/www.thebestsocial.media\/de\/11-posts-ueber-kastanien-die-erinnerungen-wecken\/\" \/>\n<meta property=\"og:site_name\" content=\"The Best Social Media DE\" \/>\n<meta property=\"article:published_time\" content=\"2022-10-07T14:56:53+00:00\" \/>\n<meta property=\"og:image\" content=\"https:\/\/www.thebestsocial.media\/de\/wp-content\/uploads\/sites\/3\/2022\/10\/header-kastanienLea.png\" \/>\n\t<meta property=\"og:image:width\" content=\"1200\" \/>\n\t<meta property=\"og:image:height\" content=\"630\" \/>\n\t<meta property=\"og:image:type\" content=\"image\/png\" \/>\n<meta name=\"author\" content=\"Lea\" \/>\n<meta name=\"twitter:card\" content=\"summary_large_image\" \/>\n<meta name=\"twitter:label1\" content=\"Verfasst von\" \/>\n\t<meta name=\"twitter:data1\" content=\"Lea\" \/>\n\t<meta name=\"twitter:label2\" content=\"Gesch\u00e4tzte Lesezeit\" \/>\n\t<meta name=\"twitter:data2\" content=\"3\u00a0Minuten\" \/>\n<script type=\"application\/ld+json\" class=\"yoast-schema-graph\">{\"@context\":\"https:\\\/\\\/schema.org\",\"@graph\":[{\"@type\":\"Article\",\"@id\":\"https:\\\/\\\/www.thebestsocial.media\\\/de\\\/11-posts-ueber-kastanien-die-erinnerungen-wecken\\\/#article\",\"isPartOf\":{\"@id\":\"https:\\\/\\\/www.thebestsocial.media\\\/de\\\/11-posts-ueber-kastanien-die-erinnerungen-wecken\\\/\"},\"author\":{\"name\":\"Lea\",\"@id\":\"https:\\\/\\\/www.thebestsocial.media\\\/de\\\/#\\\/schema\\\/person\\\/bb9d89d5ad944f3bb530722c8914ad89\"},\"headline\":\"Zum Sammeln oder Basteln &#8211; 11 Posts \u00fcber Kastanien, die Erinnerungen wecken\",\"datePublished\":\"2022-10-07T14:56:53+00:00\",\"mainEntityOfPage\":{\"@id\":\"https:\\\/\\\/www.thebestsocial.media\\\/de\\\/11-posts-ueber-kastanien-die-erinnerungen-wecken\\\/\"},\"wordCount\":509,\"commentCount\":0,\"image\":{\"@id\":\"https:\\\/\\\/www.thebestsocial.media\\\/de\\\/11-posts-ueber-kastanien-die-erinnerungen-wecken\\\/#primaryimage\"},\"thumbnailUrl\":\"https:\\\/\\\/www.thebestsocial.media\\\/de\\\/wp-content\\\/uploads\\\/sites\\\/3\\\/2022\\\/10\\\/Kastanien.jpg\",\"keywords\":[\"Herbst\",\"Kastanien\",\"Kastanienigel\",\"Kinder\"],\"articleSection\":[\"Best of\",\"Community\",\"Creative Content\",\"Feelgood\",\"Humor\",\"The Best Social\"],\"inLanguage\":\"de\",\"potentialAction\":[{\"@type\":\"CommentAction\",\"name\":\"Comment\",\"target\":[\"https:\\\/\\\/www.thebestsocial.media\\\/de\\\/11-posts-ueber-kastanien-die-erinnerungen-wecken\\\/#respond\"]}]},{\"@type\":\"WebPage\",\"@id\":\"https:\\\/\\\/www.thebestsocial.media\\\/de\\\/11-posts-ueber-kastanien-die-erinnerungen-wecken\\\/\",\"url\":\"https:\\\/\\\/www.thebestsocial.media\\\/de\\\/11-posts-ueber-kastanien-die-erinnerungen-wecken\\\/\",\"name\":\"Zum Sammeln oder Basteln -11 Posts \u00fcber Kastanien, die Erinnerungen wecken\",\"isPartOf\":{\"@id\":\"https:\\\/\\\/www.thebestsocial.media\\\/de\\\/#website\"},\"primaryImageOfPage\":{\"@id\":\"https:\\\/\\\/www.thebestsocial.media\\\/de\\\/11-posts-ueber-kastanien-die-erinnerungen-wecken\\\/#primaryimage\"},\"image\":{\"@id\":\"https:\\\/\\\/www.thebestsocial.media\\\/de\\\/11-posts-ueber-kastanien-die-erinnerungen-wecken\\\/#primaryimage\"},\"thumbnailUrl\":\"https:\\\/\\\/www.thebestsocial.media\\\/de\\\/wp-content\\\/uploads\\\/sites\\\/3\\\/2022\\\/10\\\/Kastanien.jpg\",\"datePublished\":\"2022-10-07T14:56:53+00:00\",\"author\":{\"@id\":\"https:\\\/\\\/www.thebestsocial.media\\\/de\\\/#\\\/schema\\\/person\\\/bb9d89d5ad944f3bb530722c8914ad89\"},\"description\":\"Herbstzeit ist Kastanienzeit! Ganz besonders diese lieben sowohl Gro\u00df als auch Klein. Also Jacke an und los geht die Suche nach Kastanien.\",\"breadcrumb\":{\"@id\":\"https:\\\/\\\/www.thebestsocial.media\\\/de\\\/11-posts-ueber-kastanien-die-erinnerungen-wecken\\\/#breadcrumb\"},\"inLanguage\":\"de\",\"potentialAction\":[{\"@type\":\"ReadAction\",\"target\":[\"https:\\\/\\\/www.thebestsocial.media\\\/de\\\/11-posts-ueber-kastanien-die-erinnerungen-wecken\\\/\"]}]},{\"@type\":\"ImageObject\",\"inLanguage\":\"de\",\"@id\":\"https:\\\/\\\/www.thebestsocial.media\\\/de\\\/11-posts-ueber-kastanien-die-erinnerungen-wecken\\\/#primaryimage\",\"url\":\"https:\\\/\\\/www.thebestsocial.media\\\/de\\\/wp-content\\\/uploads\\\/sites\\\/3\\\/2022\\\/10\\\/Kastanien.jpg\",\"contentUrl\":\"https:\\\/\\\/www.thebestsocial.media\\\/de\\\/wp-content\\\/uploads\\\/sites\\\/3\\\/2022\\\/10\\\/Kastanien.jpg\",\"width\":1920,\"height\":1280,\"caption\":\"Kastanien im Herbst\"},{\"@type\":\"BreadcrumbList\",\"@id\":\"https:\\\/\\\/www.thebestsocial.media\\\/de\\\/11-posts-ueber-kastanien-die-erinnerungen-wecken\\\/#breadcrumb\",\"itemListElement\":[{\"@type\":\"ListItem\",\"position\":1,\"name\":\"Home\",\"item\":\"https:\\\/\\\/www.thebestsocial.media\\\/de\\\/\"},{\"@type\":\"ListItem\",\"position\":2,\"name\":\"Zum Sammeln oder Basteln &#8211; 11 Posts \u00fcber Kastanien, die Erinnerungen wecken\"}]},{\"@type\":\"WebSite\",\"@id\":\"https:\\\/\\\/www.thebestsocial.media\\\/de\\\/#website\",\"url\":\"https:\\\/\\\/www.thebestsocial.media\\\/de\\\/\",\"name\":\"The Best Social Media DE\",\"description\":\"\",\"potentialAction\":[{\"@type\":\"SearchAction\",\"target\":{\"@type\":\"EntryPoint\",\"urlTemplate\":\"https:\\\/\\\/www.thebestsocial.media\\\/de\\\/?s={search_term_string}\"},\"query-input\":{\"@type\":\"PropertyValueSpecification\",\"valueRequired\":true,\"valueName\":\"search_term_string\"}}],\"inLanguage\":\"de\"},{\"@type\":\"Person\",\"@id\":\"https:\\\/\\\/www.thebestsocial.media\\\/de\\\/#\\\/schema\\\/person\\\/bb9d89d5ad944f3bb530722c8914ad89\",\"name\":\"Lea\",\"image\":{\"@type\":\"ImageObject\",\"inLanguage\":\"de\",\"@id\":\"https:\\\/\\\/secure.gravatar.com\\\/avatar\\\/572526d0641f829a52d7692ed43a20d1f02796367e1eea965858d2d2787f4c33?s=96&d=mm&r=g\",\"url\":\"https:\\\/\\\/secure.gravatar.com\\\/avatar\\\/572526d0641f829a52d7692ed43a20d1f02796367e1eea965858d2d2787f4c33?s=96&d=mm&r=g\",\"contentUrl\":\"https:\\\/\\\/secure.gravatar.com\\\/avatar\\\/572526d0641f829a52d7692ed43a20d1f02796367e1eea965858d2d2787f4c33?s=96&d=mm&r=g\",\"caption\":\"Lea\"},\"url\":\"https:\\\/\\\/www.thebestsocial.media\\\/de\\\/author\\\/leascheel\\\/\"}]}<\/script>\n<!-- \/ Yoast SEO plugin. -->","yoast_head_json":{"title":"Zum Sammeln oder Basteln -11 Posts \u00fcber Kastanien, die Erinnerungen wecken","description":"Herbstzeit ist Kastanienzeit! Ganz besonders diese lieben sowohl Gro\u00df als auch Klein. Also Jacke an und los geht die Suche nach Kastanien.","robots":{"index":"index","follow":"follow","max-snippet":"max-snippet:-1","max-image-preview":"max-image-preview:large","max-video-preview":"max-video-preview:-1"},"canonical":"https:\/\/www.thebestsocial.media\/de\/11-posts-ueber-kastanien-die-erinnerungen-wecken\/","og_locale":"de_DE","og_type":"article","og_title":"Zum Sammeln oder Basteln - 11 Posts \u00fcber Kastanien, die Erinnerungen wecken","og_description":"Herbstzeit ist Kastanienzeit! Ganz besonders diese lieben sowohl Gro\u00df als auch Klein. Also Jacke an und los geht die Suche nach Kastanien.","og_url":"https:\/\/www.thebestsocial.media\/de\/11-posts-ueber-kastanien-die-erinnerungen-wecken\/","og_site_name":"The Best Social Media DE","article_published_time":"2022-10-07T14:56:53+00:00","og_image":[{"width":1200,"height":630,"url":"https:\/\/www.thebestsocial.media\/de\/wp-content\/uploads\/sites\/3\/2022\/10\/header-kastanienLea.png","type":"image\/png"}],"author":"Lea","twitter_card":"summary_large_image","twitter_misc":{"Verfasst von":"Lea","Gesch\u00e4tzte Lesezeit":"3\u00a0Minuten"},"schema":{"@context":"https:\/\/schema.org","@graph":[{"@type":"Article","@id":"https:\/\/www.thebestsocial.media\/de\/11-posts-ueber-kastanien-die-erinnerungen-wecken\/#article","isPartOf":{"@id":"https:\/\/www.thebestsocial.media\/de\/11-posts-ueber-kastanien-die-erinnerungen-wecken\/"},"author":{"name":"Lea","@id":"https:\/\/www.thebestsocial.media\/de\/#\/schema\/person\/bb9d89d5ad944f3bb530722c8914ad89"},"headline":"Zum Sammeln oder Basteln &#8211; 11 Posts \u00fcber Kastanien, die Erinnerungen wecken","datePublished":"2022-10-07T14:56:53+00:00","mainEntityOfPage":{"@id":"https:\/\/www.thebestsocial.media\/de\/11-posts-ueber-kastanien-die-erinnerungen-wecken\/"},"wordCount":509,"commentCount":0,"image":{"@id":"https:\/\/www.thebestsocial.media\/de\/11-posts-ueber-kastanien-die-erinnerungen-wecken\/#primaryimage"},"thumbnailUrl":"https:\/\/www.thebestsocial.media\/de\/wp-content\/uploads\/sites\/3\/2022\/10\/Kastanien.jpg","keywords":["Herbst","Kastanien","Kastanienigel","Kinder"],"articleSection":["Best of","Community","Creative Content","Feelgood","Humor","The Best Social"],"inLanguage":"de","potentialAction":[{"@type":"CommentAction","name":"Comment","target":["https:\/\/www.thebestsocial.media\/de\/11-posts-ueber-kastanien-die-erinnerungen-wecken\/#respond"]}]},{"@type":"WebPage","@id":"https:\/\/www.thebestsocial.media\/de\/11-posts-ueber-kastanien-die-erinnerungen-wecken\/","url":"https:\/\/www.thebestsocial.media\/de\/11-posts-ueber-kastanien-die-erinnerungen-wecken\/","name":"Zum Sammeln oder Basteln -11 Posts \u00fcber Kastanien, die Erinnerungen wecken","isPartOf":{"@id":"https:\/\/www.thebestsocial.media\/de\/#website"},"primaryImageOfPage":{"@id":"https:\/\/www.thebestsocial.media\/de\/11-posts-ueber-kastanien-die-erinnerungen-wecken\/#primaryimage"},"image":{"@id":"https:\/\/www.thebestsocial.media\/de\/11-posts-ueber-kastanien-die-erinnerungen-wecken\/#primaryimage"},"thumbnailUrl":"https:\/\/www.thebestsocial.media\/de\/wp-content\/uploads\/sites\/3\/2022\/10\/Kastanien.jpg","datePublished":"2022-10-07T14:56:53+00:00","author":{"@id":"https:\/\/www.thebestsocial.media\/de\/#\/schema\/person\/bb9d89d5ad944f3bb530722c8914ad89"},"description":"Herbstzeit ist Kastanienzeit! Ganz besonders diese lieben sowohl Gro\u00df als auch Klein. Also Jacke an und los geht die Suche nach Kastanien.","breadcrumb":{"@id":"https:\/\/www.thebestsocial.media\/de\/11-posts-ueber-kastanien-die-erinnerungen-wecken\/#breadcrumb"},"inLanguage":"de","potentialAction":[{"@type":"ReadAction","target":["https:\/\/www.thebestsocial.media\/de\/11-posts-ueber-kastanien-die-erinnerungen-wecken\/"]}]},{"@type":"ImageObject","inLanguage":"de","@id":"https:\/\/www.thebestsocial.media\/de\/11-posts-ueber-kastanien-die-erinnerungen-wecken\/#primaryimage","url":"https:\/\/www.thebestsocial.media\/de\/wp-content\/uploads\/sites\/3\/2022\/10\/Kastanien.jpg","contentUrl":"https:\/\/www.thebestsocial.media\/de\/wp-content\/uploads\/sites\/3\/2022\/10\/Kastanien.jpg","width":1920,"height":1280,"caption":"Kastanien im Herbst"},{"@type":"BreadcrumbList","@id":"https:\/\/www.thebestsocial.media\/de\/11-posts-ueber-kastanien-die-erinnerungen-wecken\/#breadcrumb","itemListElement":[{"@type":"ListItem","position":1,"name":"Home","item":"https:\/\/www.thebestsocial.media\/de\/"},{"@type":"ListItem","position":2,"name":"Zum Sammeln oder Basteln &#8211; 11 Posts \u00fcber Kastanien, die Erinnerungen wecken"}]},{"@type":"WebSite","@id":"https:\/\/www.thebestsocial.media\/de\/#website","url":"https:\/\/www.thebestsocial.media\/de\/","name":"The Best Social Media DE","description":"","potentialAction":[{"@type":"SearchAction","target":{"@type":"EntryPoint","urlTemplate":"https:\/\/www.thebestsocial.media\/de\/?s={search_term_string}"},"query-input":{"@type":"PropertyValueSpecification","valueRequired":true,"valueName":"search_term_string"}}],"inLanguage":"de"},{"@type":"Person","@id":"https:\/\/www.thebestsocial.media\/de\/#\/schema\/person\/bb9d89d5ad944f3bb530722c8914ad89","name":"Lea","image":{"@type":"ImageObject","inLanguage":"de","@id":"https:\/\/secure.gravatar.com\/avatar\/572526d0641f829a52d7692ed43a20d1f02796367e1eea965858d2d2787f4c33?s=96&d=mm&r=g","url":"https:\/\/secure.gravatar.com\/avatar\/572526d0641f829a52d7692ed43a20d1f02796367e1eea965858d2d2787f4c33?s=96&d=mm&r=g","contentUrl":"https:\/\/secure.gravatar.com\/avatar\/572526d0641f829a52d7692ed43a20d1f02796367e1eea965858d2d2787f4c33?s=96&d=mm&r=g","caption":"Lea"},"url":"https:\/\/www.thebestsocial.media\/de\/author\/leascheel\/"}]}},"amp_enabled":true,"_links":{"self":[{"href":"https:\/\/www.thebestsocial.media\/de\/wp-json\/wp\/v2\/posts\/166568","targetHints":{"allow":["GET"]}}],"collection":[{"href":"https:\/\/www.thebestsocial.media\/de\/wp-json\/wp\/v2\/posts"}],"about":[{"href":"https:\/\/www.thebestsocial.media\/de\/wp-json\/wp\/v2\/types\/post"}],"author":[{"embeddable":true,"href":"https:\/\/www.thebestsocial.media\/de\/wp-json\/wp\/v2\/users\/104"}],"replies":[{"embeddable":true,"href":"https:\/\/www.thebestsocial.media\/de\/wp-json\/wp\/v2\/comments?post=166568"}],"version-history":[{"count":25,"href":"https:\/\/www.thebestsocial.media\/de\/wp-json\/wp\/v2\/posts\/166568\/revisions"}],"predecessor-version":[{"id":166591,"href":"https:\/\/www.thebestsocial.media\/de\/wp-json\/wp\/v2\/posts\/166568\/revisions\/166591"}],"wp:featuredmedia":[{"embeddable":true,"href":"https:\/\/www.thebestsocial.media\/de\/wp-json\/wp\/v2\/media\/166579"}],"wp:attachment":[{"href":"https:\/\/www.thebestsocial.media\/de\/wp-json\/wp\/v2\/media?parent=166568"}],"wp:term":[{"taxonomy":"category","embeddable":true,"href":"https:\/\/www.thebestsocial.media\/de\/wp-json\/wp\/v2\/categories?post=166568"},{"taxonomy":"post_tag","embeddable":true,"href":"https:\/\/www.thebestsocial.media\/de\/wp-json\/wp\/v2\/tags?post=166568"}],"curies":[{"name":"wp","href":"https:\/\/api.w.org\/{rel}","templated":true}]}}