{"id":166558,"date":"2022-10-05T12:49:34","date_gmt":"2022-10-05T12:49:34","guid":{"rendered":"https:\/\/www.thebestsocial.media\/de\/?p=166558"},"modified":"2022-10-05T12:49:34","modified_gmt":"2022-10-05T12:49:34","slug":"issdenkram-aeh-instagram-15-amuesante-posts-ueber-die-aelteren-menschen-der-gesellschaft","status":"publish","type":"post","link":"https:\/\/www.thebestsocial.media\/de\/issdenkram-aeh-instagram-15-amuesante-posts-ueber-die-aelteren-menschen-der-gesellschaft\/","title":{"rendered":"Issdenkram, \u00e4h Instagram: 15 am\u00fcsante Posts \u00fcber die \u00e4lteren Menschen der Gesellschaft"},"content":{"rendered":"<p>Gef\u00fchlt gibt es nur zwei Typen von \u00e4lteren Menschen: die superlieben, hilfsbereiten und knuffigen Omas und Opas oder die griesgr\u00e4migen, leicht reizbaren Muffel. Wir haben aber trotzdem beide Sorten irgendwie lieb. Zumindest geben uns Senioren immer Gespr\u00e4chsstoff und den ein oder anderen Lacher. Im folgenden Post haben wir euch 15 Posts zusammengestellt, die beide Seiten wiedergeben. <\/p>\n<p>&nbsp;<\/p>\n<h3 style=\"text-align: center;\">1. Aww  <3.<\/h3>\n<blockquote class=\"twitter-tweet\">\n<p lang=\"de\" dir=\"ltr\">Wochenmarkt: <br \/>\u00c4lterer Herr kauft noch Blumen f\u00fcr seine Frau. <br \/>&quot;Oh, hat sie Geburtstag?&quot;<br \/>&quot;Nein, sie ist meine Frau.&quot; <\/p>\n<p>HACH<\/p>\n<p>&mdash; Mel Motzgurke (@MelMotzgurke) <a href=\"https:\/\/twitter.com\/MelMotzgurke\/status\/885775167393341440?ref_src=twsrc%5Etfw\">July 14, 2017<\/a><\/p><\/blockquote>\n<p> <script async src=\"https:\/\/platform.twitter.com\/widgets.js\" charset=\"utf-8\"><\/script><\/p>\n<p>&nbsp;<\/p>\n<h3 style=\"text-align: center;\">2. Na immerhin nehmen es beide mit Humor.<\/h3>\n<blockquote class=\"twitter-tweet\">\n<p lang=\"de\" dir=\"ltr\">Rufe im Stadtpark den Welpen:<br \/>&quot;Na wo ist denn mein Schatz?&quot;<\/p>\n<p>Dreht sich ein \u00e4lterer Herr um:<br \/>&quot;Haben Sie mich gerufen?&quot; <\/p>\n<p>Seine Frau und Ich lachen immernoch.<\/p>\n<p>&mdash; Schmag\u00fclzchen (@MissSchmaguelze) <a href=\"https:\/\/twitter.com\/MissSchmaguelze\/status\/1069155328112115712?ref_src=twsrc%5Etfw\">December 2, 2018<\/a><\/p><\/blockquote>\n<p> <script async src=\"https:\/\/platform.twitter.com\/widgets.js\" charset=\"utf-8\"><\/script><\/p>\n<p>&nbsp;<\/p>\n<h3 style=\"text-align: center;\">3. Ist ja auch tats\u00e4chlich verwirrend.<\/h3>\n<blockquote class=\"twitter-tweet\">\n<p lang=\"de\" dir=\"ltr\">in der sbahn nimmt gerade eine gruppe franz\u00f6sischer rentner:innen das wort leberk\u00e4se auseinander und ist ganz entsetzt weil k\u00e4se fromage ist \ud83d\ude2d das ist so lieb \ud83d\ude2d<\/p>\n<p>&mdash; HY\u00c4NE DEL REY (@hyaenedelrey) <a href=\"https:\/\/twitter.com\/hyaenedelrey\/status\/1575896283918868482?ref_src=twsrc%5Etfw\">September 30, 2022<\/a><\/p><\/blockquote>\n<p> <script async src=\"https:\/\/platform.twitter.com\/widgets.js\" charset=\"utf-8\"><\/script><\/p>\n<p>&nbsp;<\/p>\n<h3 style=\"text-align: center;\">4. Einfach kurz mal so l\u00e4ssig gekontert.<\/h3>\n<blockquote class=\"twitter-tweet\">\n<p lang=\"de\" dir=\"ltr\">Opa zeigt dem Busfahrer seine Fahrkarte.<\/p>\n<p>Busfahrer :<\/p>\n<p>&quot;Aber das ist ja eine Kinderfahrkarte!&quot;<\/p>\n<p>Opa :<\/p>\n<p>&quot;Da k\u00f6nnen Sie mal sehen, wie lange ich auf diesen Bus gewartet habe.&quot;<\/p>\n<p>&mdash; Ingrid Schockem\u00f6hle (@ISchockemohle) <a href=\"https:\/\/twitter.com\/ISchockemohle\/status\/1574787206673321985?ref_src=twsrc%5Etfw\">September 27, 2022<\/a><\/p><\/blockquote>\n<p> <script async src=\"https:\/\/platform.twitter.com\/widgets.js\" charset=\"utf-8\"><\/script><\/p>\n<p>&nbsp;<\/p>\n<h3 style=\"text-align: center;\">5. \u00c4hh hehehe.<\/h3>\n<blockquote class=\"twitter-tweet\">\n<p lang=\"de\" dir=\"ltr\"><a href=\"https:\/\/twitter.com\/hashtag\/BaresF%C3%BCrRares?src=hash&amp;ref_src=twsrc%5Etfw\">#BaresF\u00fcrRares<\/a>, \u00e4lterer Herr: \u201eDieses Porzellanst\u00fcck haben wir von einer Familie geschenkt bekommen, die w\u00e4hrend des Krieges ausgewandert ist.\u201c <a href=\"https:\/\/t.co\/2Q1MP3gMiw\">pic.twitter.com\/2Q1MP3gMiw<\/a><\/p>\n<p>&mdash; Philipp Kurz \ud83c\uddfa\ud83c\udde6 (@KurzeTweets) <a href=\"https:\/\/twitter.com\/KurzeTweets\/status\/1533007998745985024?ref_src=twsrc%5Etfw\">June 4, 2022<\/a><\/p><\/blockquote>\n<p> <script async src=\"https:\/\/platform.twitter.com\/widgets.js\" charset=\"utf-8\"><\/script><\/p>\n<p>&nbsp;<\/p>\n<h3 style=\"text-align: center;\">6. Ein richtiger Zufall.<\/h3>\n<blockquote class=\"twitter-tweet\">\n<p lang=\"de\" dir=\"ltr\">Im Schwimmbad hat mir gerade ein \u00e4lterer Herr gesagt, dass ich auf seiner Bahn schwimme. Hab mich direkt vorgestellt und bedankt. Wann lernt man schon den Besitzer eines Schwimmbads kennen?<\/p>\n<p>&mdash; Dr. Dings Bums (@bueroprinzessin) <a href=\"https:\/\/twitter.com\/bueroprinzessin\/status\/1148276698804379649?ref_src=twsrc%5Etfw\">July 8, 2019<\/a><\/p><\/blockquote>\n<p> <script async src=\"https:\/\/platform.twitter.com\/widgets.js\" charset=\"utf-8\"><\/script><\/p>\n<p>&nbsp;<\/p>\n<h3 style=\"text-align: center;\">7. You gotta love it.<\/h3>\n<blockquote class=\"twitter-tweet\">\n<p lang=\"de\" dir=\"ltr\">Dicker Porsche parkt unberechtigt auf Behindertenparkplatz.<br \/>\u00c4lterer Herr bewirft den aussteigenden Fahrer mit einem Schneeball.<br \/>Berlin &lt;3<\/p>\n<p>&mdash; Christian Huber (@Christian_Huber) <a href=\"https:\/\/twitter.com\/Christian_Huber\/status\/684658768722923520?ref_src=twsrc%5Etfw\">January 6, 2016<\/a><\/p><\/blockquote>\n<p> <script async src=\"https:\/\/platform.twitter.com\/widgets.js\" charset=\"utf-8\"><\/script><\/p>\n<p>&nbsp;<\/p>\n<h3 style=\"text-align: center;\">8. Uuuh, gemein.<\/h3>\n<blockquote class=\"twitter-tweet\">\n<p lang=\"de\" dir=\"ltr\">\u00c4lterer Herr fragt, ob ich \u00fcberhaupt ein Ticket f\u00fcr die 1. Klasse h\u00e4tte. Frage zur\u00fcck, ob er ohne Vormund \u00fcberhaupt aus dem Haus d\u00fcrfe.<\/p>\n<p>&mdash; Mann vom Balkon (@MannvomBalkon) <a href=\"https:\/\/twitter.com\/MannvomBalkon\/status\/921647313998831616?ref_src=twsrc%5Etfw\">October 21, 2017<\/a><\/p><\/blockquote>\n<p> <script async src=\"https:\/\/platform.twitter.com\/widgets.js\" charset=\"utf-8\"><\/script><\/p>\n<p>&nbsp;<\/p>\n<h3 style=\"text-align: center;\">9. So einfach l\u00e4sst sich eine nervige Situation l\u00f6sen.<\/h3>\n<blockquote class=\"twitter-tweet\">\n<p lang=\"de\" dir=\"ltr\">Einer telefoniert im Bus als w\u00e4re er allein.Alle h\u00f6ren genervt mit.Da beginnt ein \u00e4lterer Herr laut aus seiner Zeitung vorzulesen.Stille ist<\/p>\n<p>&mdash; H.P. (@Peine01) <a href=\"https:\/\/twitter.com\/Peine01\/status\/778573560352768000?ref_src=twsrc%5Etfw\">September 21, 2016<\/a><\/p><\/blockquote>\n<p> <script async src=\"https:\/\/platform.twitter.com\/widgets.js\" charset=\"utf-8\"><\/script><\/p>\n<p>&nbsp;<\/p>\n<h3 style=\"text-align: center;\">10. Ja, danke f\u00fcrs Gespr\u00e4ch.<\/h3>\n<blockquote class=\"twitter-tweet\">\n<p lang=\"de\" dir=\"ltr\">\u00c4lterer Herr spricht mich am Bahnhof an.<\/p>\n<p>&quot;Haben Sie den Bohlen gestern gesehn?&quot;<\/p>\n<p>&quot;Nein.&quot;<\/p>\n<p>&quot;Da war einer, der konnte alles! Meinte er kann tanzen, singen und Gitarre&#8230; Konnte nix!&quot;<\/p>\n<p>(schaut mich erwartend an)<\/p>\n<p>&quot;Ich hab&#39;s nicht gesehn.&quot;<\/p>\n<p>&quot;Ja. Ich aber.&quot;<\/p>\n<p>(geht)<\/p>\n<p>&mdash; tino (@bomelino) <a href=\"https:\/\/twitter.com\/bomelino\/status\/967745443718365184?ref_src=twsrc%5Etfw\">February 25, 2018<\/a><\/p><\/blockquote>\n<p> <script async src=\"https:\/\/platform.twitter.com\/widgets.js\" charset=\"utf-8\"><\/script><\/p>\n<p>&nbsp;<\/p>\n<h3 style=\"text-align: center;\">10. Wuff, wuff.<\/h3>\n<blockquote class=\"twitter-tweet\">\n<p lang=\"de\" dir=\"ltr\">Vor\u2018m Penny steht ein \u00e4lterer Herr und telefoniert:<\/p>\n<p>\u201eGib mir bitte mal Lilly.\u201c<\/p>\n<p>Und dann f\u00e4ngt er an, ins Handy zu bellen. Lilly ist offenbar der gern telefonierende Familienhund.<\/p>\n<p>&mdash; Frau Vogelbein (@FrauVogelbein) <a href=\"https:\/\/twitter.com\/FrauVogelbein\/status\/1040924227086573568?ref_src=twsrc%5Etfw\">September 15, 2018<\/a><\/p><\/blockquote>\n<p> <script async src=\"https:\/\/platform.twitter.com\/widgets.js\" charset=\"utf-8\"><\/script><\/p>\n<p>&nbsp;<\/p>\n<h3 style=\"text-align: center;\">11. Wei\u00df doch jeder, 1. Klasse Zugang nur mit Krawatte.<\/h3>\n<blockquote class=\"twitter-tweet\">\n<p lang=\"de\" dir=\"ltr\">Emp\u00f6rte \u00e4ltere Dame (sehr laut): <\/p>\n<p>&quot;Das hier ist die 1. Klasse!!&quot;<\/p>\n<p>Ich: <\/p>\n<p>&quot;Und daf\u00fcr habe ich auch eine Fahrkarte gel\u00f6st.&quot;<\/p>\n<p>Sie (noch emp\u00f6rter und noch lauter): <\/p>\n<p>&quot;Sie tragen keine Krawatte!!!&quot; <\/p>\n<p>Ich: &#8230;sprachlos&#8230;. \ud83d\ude31<\/p>\n<p>&mdash; Littlewisehen (@littlewisehen) <a href=\"https:\/\/twitter.com\/littlewisehen\/status\/1293574515566444545?ref_src=twsrc%5Etfw\">August 12, 2020<\/a><\/p><\/blockquote>\n<p> <script async src=\"https:\/\/platform.twitter.com\/widgets.js\" charset=\"utf-8\"><\/script><\/p>\n<p>&nbsp;<\/p>\n<h3 style=\"text-align: center;\">12. Und auch noch ein Schokobon \u263a\ufe0f.<\/h3>\n<blockquote class=\"twitter-tweet\">\n<p lang=\"de\" dir=\"ltr\">Ich habe gerade meinen sehr schweren Koffer ohne Hilfe aus der Gep\u00e4ckablage im ICE gehievt. Darauf hat eine \u00e4ltere Dame meinen Ellbogen gestreichelt, gesagt \u201eSie sind wirklich eine starke Frau, Frau Brugger\u201c und mir ein Schokobon gegeben. Feminismus ist geil.<\/p>\n<p>&mdash; Hazel Brugger (@hazelbrugger) <a href=\"https:\/\/twitter.com\/hazelbrugger\/status\/1203624383031468032?ref_src=twsrc%5Etfw\">December 8, 2019<\/a><\/p><\/blockquote>\n<p> <script async src=\"https:\/\/platform.twitter.com\/widgets.js\" charset=\"utf-8\"><\/script><\/p>\n<p>&nbsp;<\/p>\n<h3 style=\"text-align: center;\">13. Keine Hilfe n\u00f6tig.<\/h3>\n<blockquote class=\"twitter-tweet\">\n<p lang=\"de\" dir=\"ltr\">Ich: Oh, kann ich helfen?<\/p>\n<p>\u00c4ltere Dame: Nein, vielen Dank.<\/p>\n<p>Ich: Sind sie sicher?<\/p>\n<p>Dame: &#8230;ja.<\/p>\n<p>Ich: Viellei..<\/p>\n<p>Dame: DAS IST MEIN D\u00d6NER!!!<\/p>\n<p>&mdash; kluth (@Karibik_Kluth) <a href=\"https:\/\/twitter.com\/Karibik_Kluth\/status\/869550999031209984?ref_src=twsrc%5Etfw\">May 30, 2017<\/a><\/p><\/blockquote>\n<p> <script async src=\"https:\/\/platform.twitter.com\/widgets.js\" charset=\"utf-8\"><\/script><\/p>\n<p>&nbsp;<\/p>\n<h3 style=\"text-align: center;\">14. Herzerweichend <3.<\/h3>\n<blockquote class=\"twitter-tweet\">\n<p lang=\"de\" dir=\"ltr\">Am Flughafen steht ein \u00e4lterer Herr mit Herzluftballon und ganz gro\u00dfen Augen beim Ankunftsbereich. Eine \u00e4ltere Dame hinter mir murmelt &quot;Dieser verdammte Spinner&quot;, wischt sich Tr\u00e4nen aus dem Auge und l\u00e4uft ihm in den Arm. &lt;3<\/p>\n<p>&mdash; Magdalena Rogl (@LenaRogl) <a href=\"https:\/\/twitter.com\/LenaRogl\/status\/1036951733761728517?ref_src=twsrc%5Etfw\">September 4, 2018<\/a><\/p><\/blockquote>\n<p> <script async src=\"https:\/\/platform.twitter.com\/widgets.js\" charset=\"utf-8\"><\/script><\/p>\n<p>&nbsp;<\/p>\n<h3 style=\"text-align: center;\">15. Issdenkram, man kennt&#8217;s.<\/h3>\n<blockquote class=\"twitter-tweet\">\n<p lang=\"de\" dir=\"ltr\">Im Restaurant fotografiert ein \u00e4lterer Herr sein Essen und f\u00e4ngt meinen am\u00fcsierten Blick auf.<\/p>\n<p>\u201aDas macht mein Enkel auch immer f\u00fcr dieses \u201aIssdenkram\u2018.\u2018<\/p>\n<p>&mdash; \ud83c\udf41 Meg (@meg_gyver) <a href=\"https:\/\/twitter.com\/meg_gyver\/status\/931951716009996289?ref_src=twsrc%5Etfw\">November 18, 2017<\/a><\/p><\/blockquote>\n<p> <script async src=\"https:\/\/platform.twitter.com\/widgets.js\" charset=\"utf-8\"><\/script><\/p>\n<p><strong>___<\/strong><br \/>\n<strong>Vielen Dank an alle f\u00fcr die Posts und bleibt gesund!<\/strong><br \/>\n<strong>___<\/strong><br \/>\nAuf der Suche nach einem spannenden Praktikum, ohne Kaffeekochen und Kopieren, daf\u00fcr aber mit Verg\u00fctung? <a href=\"https:\/\/www.thebestsocialjobs.com\/de\/stelle\/praktikant-redaktion-the-best-social-media\/\" target=\"_blank\" rel=\"noopener\">Hier<\/a> entlang!<\/p>\n","protected":false},"excerpt":{"rendered":"<p>Gef\u00fchlt gibt es nur zwei Typen von \u00e4lteren Menschen: die superlieben, hilfsbereiten und knuffigen Omas und Opas oder die griesgr\u00e4migen, leicht reizbaren Muffel. Wir haben&#8230;<\/p>\n","protected":false},"author":97,"featured_media":166563,"comment_status":"open","ping_status":"open","sticky":false,"template":"","format":"standard","meta":{"_acf_changed":false,"footnotes":""},"categories":[106,2031,1728,35],"tags":[2035,1374,2068],"class_list":["post-166558","post","type-post","status-publish","format-standard","has-post-thumbnail","hentry","category-best-of","category-feelgood","category-humor","category-twitter","tag-aelter-werden","tag-humor","tag-rentner"],"acf":[],"yoast_head":"<!-- This site is optimized with the Yoast SEO plugin v27.5 - https:\/\/yoast.com\/product\/yoast-seo-wordpress\/ -->\n<title>15 am\u00fcsante Posts \u00fcber die \u00e4lteren Menschen der Gesellschaft<\/title>\n<meta name=\"robots\" content=\"index, follow, max-snippet:-1, max-image-preview:large, max-video-preview:-1\" \/>\n<link rel=\"canonical\" href=\"https:\/\/www.thebestsocial.media\/de\/issdenkram-aeh-instagram-15-amuesante-posts-ueber-die-aelteren-menschen-der-gesellschaft\/\" \/>\n<meta property=\"og:locale\" content=\"de_DE\" \/>\n<meta property=\"og:type\" content=\"article\" \/>\n<meta property=\"og:title\" content=\"15 am\u00fcsante Posts \u00fcber die \u00e4lteren Menschen der Gesellschaf\" \/>\n<meta property=\"og:description\" content=\"Gef\u00fchlt gibt es nur zwei Typen von \u00e4lteren Menschen: die superlieben, hilfsbereiten und knuffigen Omas und Opas oder die griesgr\u00e4migen, leicht reizbaren Muffel. Wir haben...\" \/>\n<meta property=\"og:url\" content=\"https:\/\/www.thebestsocial.media\/de\/issdenkram-aeh-instagram-15-amuesante-posts-ueber-die-aelteren-menschen-der-gesellschaft\/\" \/>\n<meta property=\"og:site_name\" content=\"The Best Social Media DE\" \/>\n<meta property=\"article:published_time\" content=\"2022-10-05T12:49:34+00:00\" \/>\n<meta property=\"og:image\" content=\"https:\/\/www.thebestsocial.media\/de\/wp-content\/uploads\/sites\/3\/2022\/10\/Header_aeltere.png\" \/>\n\t<meta property=\"og:image:width\" content=\"1200\" \/>\n\t<meta property=\"og:image:height\" content=\"630\" \/>\n\t<meta property=\"og:image:type\" content=\"image\/png\" \/>\n<meta name=\"author\" content=\"Cristina\" \/>\n<meta name=\"twitter:card\" content=\"summary_large_image\" \/>\n<meta name=\"twitter:label1\" content=\"Verfasst von\" \/>\n\t<meta name=\"twitter:data1\" content=\"Cristina\" \/>\n\t<meta name=\"twitter:label2\" content=\"Gesch\u00e4tzte Lesezeit\" \/>\n\t<meta name=\"twitter:data2\" content=\"4\u00a0Minuten\" \/>\n<script type=\"application\/ld+json\" class=\"yoast-schema-graph\">{\"@context\":\"https:\\\/\\\/schema.org\",\"@graph\":[{\"@type\":\"Article\",\"@id\":\"https:\\\/\\\/www.thebestsocial.media\\\/de\\\/issdenkram-aeh-instagram-15-amuesante-posts-ueber-die-aelteren-menschen-der-gesellschaft\\\/#article\",\"isPartOf\":{\"@id\":\"https:\\\/\\\/www.thebestsocial.media\\\/de\\\/issdenkram-aeh-instagram-15-amuesante-posts-ueber-die-aelteren-menschen-der-gesellschaft\\\/\"},\"author\":{\"name\":\"Cristina\",\"@id\":\"https:\\\/\\\/www.thebestsocial.media\\\/de\\\/#\\\/schema\\\/person\\\/e2cd306c885c9cc48e5ea47d563cab08\"},\"headline\":\"Issdenkram, \u00e4h Instagram: 15 am\u00fcsante Posts \u00fcber die \u00e4lteren Menschen der Gesellschaft\",\"datePublished\":\"2022-10-05T12:49:34+00:00\",\"mainEntityOfPage\":{\"@id\":\"https:\\\/\\\/www.thebestsocial.media\\\/de\\\/issdenkram-aeh-instagram-15-amuesante-posts-ueber-die-aelteren-menschen-der-gesellschaft\\\/\"},\"wordCount\":72,\"commentCount\":0,\"image\":{\"@id\":\"https:\\\/\\\/www.thebestsocial.media\\\/de\\\/issdenkram-aeh-instagram-15-amuesante-posts-ueber-die-aelteren-menschen-der-gesellschaft\\\/#primaryimage\"},\"thumbnailUrl\":\"https:\\\/\\\/www.thebestsocial.media\\\/de\\\/wp-content\\\/uploads\\\/sites\\\/3\\\/2022\\\/10\\\/old-people-g32422af7a_1920.jpg\",\"keywords\":[\"\u00e4lter werden\",\"humor\",\"rentner\"],\"articleSection\":[\"Best of\",\"Feelgood\",\"Humor\",\"Twitter\"],\"inLanguage\":\"de\",\"potentialAction\":[{\"@type\":\"CommentAction\",\"name\":\"Comment\",\"target\":[\"https:\\\/\\\/www.thebestsocial.media\\\/de\\\/issdenkram-aeh-instagram-15-amuesante-posts-ueber-die-aelteren-menschen-der-gesellschaft\\\/#respond\"]}]},{\"@type\":\"WebPage\",\"@id\":\"https:\\\/\\\/www.thebestsocial.media\\\/de\\\/issdenkram-aeh-instagram-15-amuesante-posts-ueber-die-aelteren-menschen-der-gesellschaft\\\/\",\"url\":\"https:\\\/\\\/www.thebestsocial.media\\\/de\\\/issdenkram-aeh-instagram-15-amuesante-posts-ueber-die-aelteren-menschen-der-gesellschaft\\\/\",\"name\":\"15 am\u00fcsante Posts \u00fcber die \u00e4lteren Menschen der Gesellschaft\",\"isPartOf\":{\"@id\":\"https:\\\/\\\/www.thebestsocial.media\\\/de\\\/#website\"},\"primaryImageOfPage\":{\"@id\":\"https:\\\/\\\/www.thebestsocial.media\\\/de\\\/issdenkram-aeh-instagram-15-amuesante-posts-ueber-die-aelteren-menschen-der-gesellschaft\\\/#primaryimage\"},\"image\":{\"@id\":\"https:\\\/\\\/www.thebestsocial.media\\\/de\\\/issdenkram-aeh-instagram-15-amuesante-posts-ueber-die-aelteren-menschen-der-gesellschaft\\\/#primaryimage\"},\"thumbnailUrl\":\"https:\\\/\\\/www.thebestsocial.media\\\/de\\\/wp-content\\\/uploads\\\/sites\\\/3\\\/2022\\\/10\\\/old-people-g32422af7a_1920.jpg\",\"datePublished\":\"2022-10-05T12:49:34+00:00\",\"author\":{\"@id\":\"https:\\\/\\\/www.thebestsocial.media\\\/de\\\/#\\\/schema\\\/person\\\/e2cd306c885c9cc48e5ea47d563cab08\"},\"breadcrumb\":{\"@id\":\"https:\\\/\\\/www.thebestsocial.media\\\/de\\\/issdenkram-aeh-instagram-15-amuesante-posts-ueber-die-aelteren-menschen-der-gesellschaft\\\/#breadcrumb\"},\"inLanguage\":\"de\",\"potentialAction\":[{\"@type\":\"ReadAction\",\"target\":[\"https:\\\/\\\/www.thebestsocial.media\\\/de\\\/issdenkram-aeh-instagram-15-amuesante-posts-ueber-die-aelteren-menschen-der-gesellschaft\\\/\"]}]},{\"@type\":\"ImageObject\",\"inLanguage\":\"de\",\"@id\":\"https:\\\/\\\/www.thebestsocial.media\\\/de\\\/issdenkram-aeh-instagram-15-amuesante-posts-ueber-die-aelteren-menschen-der-gesellschaft\\\/#primaryimage\",\"url\":\"https:\\\/\\\/www.thebestsocial.media\\\/de\\\/wp-content\\\/uploads\\\/sites\\\/3\\\/2022\\\/10\\\/old-people-g32422af7a_1920.jpg\",\"contentUrl\":\"https:\\\/\\\/www.thebestsocial.media\\\/de\\\/wp-content\\\/uploads\\\/sites\\\/3\\\/2022\\\/10\\\/old-people-g32422af7a_1920.jpg\",\"width\":1920,\"height\":1272},{\"@type\":\"BreadcrumbList\",\"@id\":\"https:\\\/\\\/www.thebestsocial.media\\\/de\\\/issdenkram-aeh-instagram-15-amuesante-posts-ueber-die-aelteren-menschen-der-gesellschaft\\\/#breadcrumb\",\"itemListElement\":[{\"@type\":\"ListItem\",\"position\":1,\"name\":\"Home\",\"item\":\"https:\\\/\\\/www.thebestsocial.media\\\/de\\\/\"},{\"@type\":\"ListItem\",\"position\":2,\"name\":\"Issdenkram, \u00e4h Instagram: 15 am\u00fcsante Posts \u00fcber die \u00e4lteren Menschen der Gesellschaft\"}]},{\"@type\":\"WebSite\",\"@id\":\"https:\\\/\\\/www.thebestsocial.media\\\/de\\\/#website\",\"url\":\"https:\\\/\\\/www.thebestsocial.media\\\/de\\\/\",\"name\":\"The Best Social Media DE\",\"description\":\"\",\"potentialAction\":[{\"@type\":\"SearchAction\",\"target\":{\"@type\":\"EntryPoint\",\"urlTemplate\":\"https:\\\/\\\/www.thebestsocial.media\\\/de\\\/?s={search_term_string}\"},\"query-input\":{\"@type\":\"PropertyValueSpecification\",\"valueRequired\":true,\"valueName\":\"search_term_string\"}}],\"inLanguage\":\"de\"},{\"@type\":\"Person\",\"@id\":\"https:\\\/\\\/www.thebestsocial.media\\\/de\\\/#\\\/schema\\\/person\\\/e2cd306c885c9cc48e5ea47d563cab08\",\"name\":\"Cristina\",\"image\":{\"@type\":\"ImageObject\",\"inLanguage\":\"de\",\"@id\":\"https:\\\/\\\/secure.gravatar.com\\\/avatar\\\/17a11569f2998e9b40ff4c98ab0851ddd1dd35595a21590f554e022bed21c0c4?s=96&d=mm&r=g\",\"url\":\"https:\\\/\\\/secure.gravatar.com\\\/avatar\\\/17a11569f2998e9b40ff4c98ab0851ddd1dd35595a21590f554e022bed21c0c4?s=96&d=mm&r=g\",\"contentUrl\":\"https:\\\/\\\/secure.gravatar.com\\\/avatar\\\/17a11569f2998e9b40ff4c98ab0851ddd1dd35595a21590f554e022bed21c0c4?s=96&d=mm&r=g\",\"caption\":\"Cristina\"},\"url\":\"https:\\\/\\\/www.thebestsocial.media\\\/de\\\/author\\\/cristina\\\/\"}]}<\/script>\n<!-- \/ Yoast SEO plugin. -->","yoast_head_json":{"title":"15 am\u00fcsante Posts \u00fcber die \u00e4lteren Menschen der Gesellschaft","robots":{"index":"index","follow":"follow","max-snippet":"max-snippet:-1","max-image-preview":"max-image-preview:large","max-video-preview":"max-video-preview:-1"},"canonical":"https:\/\/www.thebestsocial.media\/de\/issdenkram-aeh-instagram-15-amuesante-posts-ueber-die-aelteren-menschen-der-gesellschaft\/","og_locale":"de_DE","og_type":"article","og_title":"15 am\u00fcsante Posts \u00fcber die \u00e4lteren Menschen der Gesellschaf","og_description":"Gef\u00fchlt gibt es nur zwei Typen von \u00e4lteren Menschen: die superlieben, hilfsbereiten und knuffigen Omas und Opas oder die griesgr\u00e4migen, leicht reizbaren Muffel. Wir haben...","og_url":"https:\/\/www.thebestsocial.media\/de\/issdenkram-aeh-instagram-15-amuesante-posts-ueber-die-aelteren-menschen-der-gesellschaft\/","og_site_name":"The Best Social Media DE","article_published_time":"2022-10-05T12:49:34+00:00","og_image":[{"width":1200,"height":630,"url":"https:\/\/www.thebestsocial.media\/de\/wp-content\/uploads\/sites\/3\/2022\/10\/Header_aeltere.png","type":"image\/png"}],"author":"Cristina","twitter_card":"summary_large_image","twitter_misc":{"Verfasst von":"Cristina","Gesch\u00e4tzte Lesezeit":"4\u00a0Minuten"},"schema":{"@context":"https:\/\/schema.org","@graph":[{"@type":"Article","@id":"https:\/\/www.thebestsocial.media\/de\/issdenkram-aeh-instagram-15-amuesante-posts-ueber-die-aelteren-menschen-der-gesellschaft\/#article","isPartOf":{"@id":"https:\/\/www.thebestsocial.media\/de\/issdenkram-aeh-instagram-15-amuesante-posts-ueber-die-aelteren-menschen-der-gesellschaft\/"},"author":{"name":"Cristina","@id":"https:\/\/www.thebestsocial.media\/de\/#\/schema\/person\/e2cd306c885c9cc48e5ea47d563cab08"},"headline":"Issdenkram, \u00e4h Instagram: 15 am\u00fcsante Posts \u00fcber die \u00e4lteren Menschen der Gesellschaft","datePublished":"2022-10-05T12:49:34+00:00","mainEntityOfPage":{"@id":"https:\/\/www.thebestsocial.media\/de\/issdenkram-aeh-instagram-15-amuesante-posts-ueber-die-aelteren-menschen-der-gesellschaft\/"},"wordCount":72,"commentCount":0,"image":{"@id":"https:\/\/www.thebestsocial.media\/de\/issdenkram-aeh-instagram-15-amuesante-posts-ueber-die-aelteren-menschen-der-gesellschaft\/#primaryimage"},"thumbnailUrl":"https:\/\/www.thebestsocial.media\/de\/wp-content\/uploads\/sites\/3\/2022\/10\/old-people-g32422af7a_1920.jpg","keywords":["\u00e4lter werden","humor","rentner"],"articleSection":["Best of","Feelgood","Humor","Twitter"],"inLanguage":"de","potentialAction":[{"@type":"CommentAction","name":"Comment","target":["https:\/\/www.thebestsocial.media\/de\/issdenkram-aeh-instagram-15-amuesante-posts-ueber-die-aelteren-menschen-der-gesellschaft\/#respond"]}]},{"@type":"WebPage","@id":"https:\/\/www.thebestsocial.media\/de\/issdenkram-aeh-instagram-15-amuesante-posts-ueber-die-aelteren-menschen-der-gesellschaft\/","url":"https:\/\/www.thebestsocial.media\/de\/issdenkram-aeh-instagram-15-amuesante-posts-ueber-die-aelteren-menschen-der-gesellschaft\/","name":"15 am\u00fcsante Posts \u00fcber die \u00e4lteren Menschen der Gesellschaft","isPartOf":{"@id":"https:\/\/www.thebestsocial.media\/de\/#website"},"primaryImageOfPage":{"@id":"https:\/\/www.thebestsocial.media\/de\/issdenkram-aeh-instagram-15-amuesante-posts-ueber-die-aelteren-menschen-der-gesellschaft\/#primaryimage"},"image":{"@id":"https:\/\/www.thebestsocial.media\/de\/issdenkram-aeh-instagram-15-amuesante-posts-ueber-die-aelteren-menschen-der-gesellschaft\/#primaryimage"},"thumbnailUrl":"https:\/\/www.thebestsocial.media\/de\/wp-content\/uploads\/sites\/3\/2022\/10\/old-people-g32422af7a_1920.jpg","datePublished":"2022-10-05T12:49:34+00:00","author":{"@id":"https:\/\/www.thebestsocial.media\/de\/#\/schema\/person\/e2cd306c885c9cc48e5ea47d563cab08"},"breadcrumb":{"@id":"https:\/\/www.thebestsocial.media\/de\/issdenkram-aeh-instagram-15-amuesante-posts-ueber-die-aelteren-menschen-der-gesellschaft\/#breadcrumb"},"inLanguage":"de","potentialAction":[{"@type":"ReadAction","target":["https:\/\/www.thebestsocial.media\/de\/issdenkram-aeh-instagram-15-amuesante-posts-ueber-die-aelteren-menschen-der-gesellschaft\/"]}]},{"@type":"ImageObject","inLanguage":"de","@id":"https:\/\/www.thebestsocial.media\/de\/issdenkram-aeh-instagram-15-amuesante-posts-ueber-die-aelteren-menschen-der-gesellschaft\/#primaryimage","url":"https:\/\/www.thebestsocial.media\/de\/wp-content\/uploads\/sites\/3\/2022\/10\/old-people-g32422af7a_1920.jpg","contentUrl":"https:\/\/www.thebestsocial.media\/de\/wp-content\/uploads\/sites\/3\/2022\/10\/old-people-g32422af7a_1920.jpg","width":1920,"height":1272},{"@type":"BreadcrumbList","@id":"https:\/\/www.thebestsocial.media\/de\/issdenkram-aeh-instagram-15-amuesante-posts-ueber-die-aelteren-menschen-der-gesellschaft\/#breadcrumb","itemListElement":[{"@type":"ListItem","position":1,"name":"Home","item":"https:\/\/www.thebestsocial.media\/de\/"},{"@type":"ListItem","position":2,"name":"Issdenkram, \u00e4h Instagram: 15 am\u00fcsante Posts \u00fcber die \u00e4lteren Menschen der Gesellschaft"}]},{"@type":"WebSite","@id":"https:\/\/www.thebestsocial.media\/de\/#website","url":"https:\/\/www.thebestsocial.media\/de\/","name":"The Best Social Media DE","description":"","potentialAction":[{"@type":"SearchAction","target":{"@type":"EntryPoint","urlTemplate":"https:\/\/www.thebestsocial.media\/de\/?s={search_term_string}"},"query-input":{"@type":"PropertyValueSpecification","valueRequired":true,"valueName":"search_term_string"}}],"inLanguage":"de"},{"@type":"Person","@id":"https:\/\/www.thebestsocial.media\/de\/#\/schema\/person\/e2cd306c885c9cc48e5ea47d563cab08","name":"Cristina","image":{"@type":"ImageObject","inLanguage":"de","@id":"https:\/\/secure.gravatar.com\/avatar\/17a11569f2998e9b40ff4c98ab0851ddd1dd35595a21590f554e022bed21c0c4?s=96&d=mm&r=g","url":"https:\/\/secure.gravatar.com\/avatar\/17a11569f2998e9b40ff4c98ab0851ddd1dd35595a21590f554e022bed21c0c4?s=96&d=mm&r=g","contentUrl":"https:\/\/secure.gravatar.com\/avatar\/17a11569f2998e9b40ff4c98ab0851ddd1dd35595a21590f554e022bed21c0c4?s=96&d=mm&r=g","caption":"Cristina"},"url":"https:\/\/www.thebestsocial.media\/de\/author\/cristina\/"}]}},"amp_enabled":true,"_links":{"self":[{"href":"https:\/\/www.thebestsocial.media\/de\/wp-json\/wp\/v2\/posts\/166558","targetHints":{"allow":["GET"]}}],"collection":[{"href":"https:\/\/www.thebestsocial.media\/de\/wp-json\/wp\/v2\/posts"}],"about":[{"href":"https:\/\/www.thebestsocial.media\/de\/wp-json\/wp\/v2\/types\/post"}],"author":[{"embeddable":true,"href":"https:\/\/www.thebestsocial.media\/de\/wp-json\/wp\/v2\/users\/97"}],"replies":[{"embeddable":true,"href":"https:\/\/www.thebestsocial.media\/de\/wp-json\/wp\/v2\/comments?post=166558"}],"version-history":[{"count":4,"href":"https:\/\/www.thebestsocial.media\/de\/wp-json\/wp\/v2\/posts\/166558\/revisions"}],"predecessor-version":[{"id":166562,"href":"https:\/\/www.thebestsocial.media\/de\/wp-json\/wp\/v2\/posts\/166558\/revisions\/166562"}],"wp:featuredmedia":[{"embeddable":true,"href":"https:\/\/www.thebestsocial.media\/de\/wp-json\/wp\/v2\/media\/166563"}],"wp:attachment":[{"href":"https:\/\/www.thebestsocial.media\/de\/wp-json\/wp\/v2\/media?parent=166558"}],"wp:term":[{"taxonomy":"category","embeddable":true,"href":"https:\/\/www.thebestsocial.media\/de\/wp-json\/wp\/v2\/categories?post=166558"},{"taxonomy":"post_tag","embeddable":true,"href":"https:\/\/www.thebestsocial.media\/de\/wp-json\/wp\/v2\/tags?post=166558"}],"curies":[{"name":"wp","href":"https:\/\/api.w.org\/{rel}","templated":true}]}}