{"id":165613,"date":"2022-09-09T11:22:14","date_gmt":"2022-09-09T11:22:14","guid":{"rendered":"https:\/\/www.thebestsocial.media\/de\/?p=165613"},"modified":"2022-09-09T12:32:02","modified_gmt":"2022-09-09T12:32:02","slug":"tod-von-queen-reaktionen","status":"publish","type":"post","link":"https:\/\/www.thebestsocial.media\/de\/tod-von-queen-reaktionen\/","title":{"rendered":"So reagiert das Netz auf den Tod von Queen Elizabeth II."},"content":{"rendered":"<p>Gestern wurde zun\u00e4chst gro\u00dfe Sorge um die Gesundheit von Queen Elizabeth II. ge\u00e4u\u00dfert, wenig sp\u00e4ter dann ihr Ableben bekanntgegeben. Eine Nachricht, die das Netz bewegt, war sie doch mit ihren 70 Jahren Herrschaftszeit eine Konstante Figur im Leben vieler Menschen. Die lassen ihren Gef\u00fchlen nun zum Beispiel auf Twitter freien Lauf, andere zeigen sich eher unbeeindruckt und auch berechtigte Kritik am K\u00f6nigshaus oder dem Wirken der Queen selbst kommt in diesem Zuge nat\u00fcrlich vermehrt auf. Wir haben euch einige Beitr\u00e4ge zusammengestellt.<\/p>\n<p>&nbsp;<\/p>\n<h3>Hier die offizielle Meldung der Royal Family auf Twitter.<\/h3>\n<blockquote class=\"twitter-tweet\">\n<p dir=\"ltr\" lang=\"en\">The Queen died peacefully at Balmoral this afternoon.<\/p>\n<p>The King and The Queen Consort will remain at Balmoral this evening and will return to London tomorrow. <a href=\"https:\/\/t.co\/VfxpXro22W\">pic.twitter.com\/VfxpXro22W<\/a><\/p>\n<p>\u2014 The Royal Family (@RoyalFamily) <a href=\"https:\/\/twitter.com\/RoyalFamily\/status\/1567928275913121792?ref_src=twsrc%5Etfw\">September 8, 2022<\/a><\/p><\/blockquote>\n<p><script async src=\"https:\/\/platform.twitter.com\/widgets.js\" charset=\"utf-8\"><\/script><\/p>\n<p>&nbsp;<\/p>\n<h3>70 Jahre sind nicht ohne.<\/h3>\n<blockquote class=\"twitter-tweet\">\n<p dir=\"ltr\" lang=\"de\">Schon Winston Churchill hatte als Premierminister unter der Queen gedient. Allein das zeigt, wie epochal ihre Amtszeit gewesen ist.<\/p>\n<p>\u2014 Mirko Drotschmann (@MrWissen2Go) <a href=\"https:\/\/twitter.com\/MrWissen2Go\/status\/1567944420573470722?ref_src=twsrc%5Etfw\">September 8, 2022<\/a><\/p><\/blockquote>\n<p><script async src=\"https:\/\/platform.twitter.com\/widgets.js\" charset=\"utf-8\"><\/script><\/p>\n<p>&nbsp;<\/p>\n<h3>L\u00e4sst auch Renate Bergmann nicht kalt.<\/h3>\n<blockquote class=\"twitter-tweet\">\n<p dir=\"ltr\" lang=\"de\">Ich bin sehr traurig und f\u00fchle mit der Familie von K\u00f6nigin Elisabeth II. Aber ist es nicht in gewisser Weise sch\u00f6n, dass sie im gesegneten Alter von 96 gehen im Kreise ihrer Lieben gehen durfte, ohne lange zu leiden? M\u00f6ge sie in Frieden ruhen, jetzt, wo sie bei ihrem Philip ist.<\/p>\n<p>\u2014 Renate Bergmann (@RenateBergmann) <a href=\"https:\/\/twitter.com\/RenateBergmann\/status\/1567931273183649793?ref_src=twsrc%5Etfw\">September 8, 2022<\/a><\/p><\/blockquote>\n<p><script async src=\"https:\/\/platform.twitter.com\/widgets.js\" charset=\"utf-8\"><\/script><\/p>\n<p>&nbsp;<\/p>\n<h3>Anekdoten werden geteilt&#8230;<\/h3>\n<blockquote class=\"twitter-tweet\">\n<p dir=\"ltr\" lang=\"de\">Mit welchem Grinsen ich damals dieses Bild und die dahinter stehende Geschichte gefeiert habe.<\/p>\n<p>Die Brosche die sie bei diesem Empfang mit Trump trug, war ein Geschenk von Barack Obama.<\/p>\n<p>RIP <a href=\"https:\/\/twitter.com\/hashtag\/QueenElizabeth?src=hash&amp;ref_src=twsrc%5Etfw\">#QueenElizabeth<\/a> dein feiner Humor wird fehlen. <a href=\"https:\/\/t.co\/u9PRHhkN96\">pic.twitter.com\/u9PRHhkN96<\/a><\/p>\n<p>\u2014 Alma (@flohsbox) <a href=\"https:\/\/twitter.com\/flohsbox\/status\/1567949989292244995?ref_src=twsrc%5Etfw\">September 8, 2022<\/a><\/p><\/blockquote>\n<p><script async src=\"https:\/\/platform.twitter.com\/widgets.js\" charset=\"utf-8\"><\/script><\/p>\n<p>&nbsp;<\/p>\n<h3>Guter move!<\/h3>\n<blockquote class=\"twitter-tweet\">\n<p dir=\"ltr\" lang=\"de\">1998 durften Frauen in Saudi-Arabien nicht Auto fahren. Als <a href=\"https:\/\/twitter.com\/hashtag\/QueenElizabeth?src=hash&amp;ref_src=twsrc%5Etfw\">#QueenElizabeth<\/a> den saudischen K\u00f6nig Abdullah empfing, ignorierte sie das Protokoll und insistierte, ihn pers\u00f6nlich zu chauffieren. Das 1. Mal, dass er von einer Frau gefahren wurde. DAS war die Queen. <a href=\"https:\/\/twitter.com\/hashtag\/RIPQueenElizabeth?src=hash&amp;ref_src=twsrc%5Etfw\">#RIPQueenElizabeth<\/a><\/p>\n<p>\u2014 Marie von den Benken (@Regendelfin) <a href=\"https:\/\/twitter.com\/Regendelfin\/status\/1567932753546743816?ref_src=twsrc%5Etfw\">September 8, 2022<\/a><\/p><\/blockquote>\n<p><script async src=\"https:\/\/platform.twitter.com\/widgets.js\" charset=\"utf-8\"><\/script><\/p>\n<p>&nbsp;<\/p>\n<h3>Auch deutsche Politiker:innen \u00e4u\u00dfern sich nat\u00fcrlich.<\/h3>\n<blockquote class=\"twitter-tweet\">\n<p dir=\"ltr\" lang=\"de\">Wir trauern mit unseren britischen Freund*innen um <a href=\"https:\/\/twitter.com\/hashtag\/QueenElizabeth?src=hash&amp;ref_src=twsrc%5Etfw\">#QueenElizabeth<\/a> II. Sie war f\u00fcr ihr Land fast 100 Jahre lang Quelle der St\u00e4rke und Zuversicht. Deutschland bleibt ihr ewig dankbar, dass sie uns nach dem Terror des Zweiten Weltkriegs die Hand zur Vers\u00f6hnung gereicht hat.<\/p>\n<p>\u2014 Au\u00dfenministerin Annalena Baerbock (@ABaerbock) <a href=\"https:\/\/twitter.com\/ABaerbock\/status\/1567930580821770241?ref_src=twsrc%5Etfw\">September 8, 2022<\/a><\/p><\/blockquote>\n<p><script async src=\"https:\/\/platform.twitter.com\/widgets.js\" charset=\"utf-8\"><\/script><\/p>\n<p>&nbsp;<\/p>\n<h3>Posts von Menschen vor Ort&#8230;<\/h3>\n<blockquote class=\"twitter-tweet\">\n<p dir=\"ltr\" lang=\"en\">Rainbow at Buckingham Palace. <a href=\"https:\/\/t.co\/qHNJMcj5UH\">pic.twitter.com\/qHNJMcj5UH<\/a><\/p>\n<p>\u2014 Andy Lines (@andylines) <a href=\"https:\/\/twitter.com\/andylines\/status\/1567918466908168197?ref_src=twsrc%5Etfw\">September 8, 2022<\/a><\/p><\/blockquote>\n<p><script async src=\"https:\/\/platform.twitter.com\/widgets.js\" charset=\"utf-8\"><\/script><\/p>\n<p>&nbsp;<\/p>\n<h3>&#8230;zeichnen ein Bild der dortigen Stimmung.<\/h3>\n<blockquote class=\"twitter-tweet\">\n<p dir=\"ltr\" lang=\"en\">Despite heavy rain, even some thunder and that it\u2019s nighttime, there are thousands of people outside Buckingham palace, singing God save the Queen, laying flowers and cheering<br \/>\nIt\u2019s impossible to get near the gates, the crowd is so big.<a href=\"https:\/\/twitter.com\/hashtag\/TheQueen?src=hash&amp;ref_src=twsrc%5Etfw\">#TheQueen<\/a> <a href=\"https:\/\/twitter.com\/hashtag\/QueenElizabeth?src=hash&amp;ref_src=twsrc%5Etfw\">#QueenElizabeth<\/a> <a href=\"https:\/\/twitter.com\/hashtag\/ElizabethII?src=hash&amp;ref_src=twsrc%5Etfw\">#ElizabethII<\/a> <a href=\"https:\/\/t.co\/V4wt8sL4ps\">pic.twitter.com\/V4wt8sL4ps<\/a><\/p>\n<p>\u2014 It&#8217;s a lawyer&#8217;s life (@itsalawyerslife) <a href=\"https:\/\/twitter.com\/itsalawyerslife\/status\/1567968153946177546?ref_src=twsrc%5Etfw\">September 8, 2022<\/a><\/p><\/blockquote>\n<p><script async src=\"https:\/\/platform.twitter.com\/widgets.js\" charset=\"utf-8\"><\/script><\/p>\n<p>&nbsp;<\/p>\n<p>&nbsp;<\/p>\n<h3>Und dieser Post fasst die Stimmung im Netz eigentlich ganz gut zusammen:<\/h3>\n<blockquote class=\"twitter-tweet\">\n<p dir=\"ltr\" lang=\"de\">Zwei Dinge k\u00f6nnen wahr sein.<\/p>\n<p>Die Queen kann das Gesicht eines oppressiven Systems sein.<\/p>\n<p>Und die Leute gleichzeitig ersch\u00fcttert sein, weil mit ihr ein Fixpunkt verschwindet &#8211; in einer sehr, sehr unsicheren Zeit.<\/p>\n<p>\u2014 Ana Wetherall-Gruji\u0107 (@AnaSagt) <a href=\"https:\/\/twitter.com\/AnaSagt\/status\/1567938890031308801?ref_src=twsrc%5Etfw\">September 8, 2022<\/a><\/p><\/blockquote>\n<p><script async src=\"https:\/\/platform.twitter.com\/widgets.js\" charset=\"utf-8\"><\/script><\/p>\n<h3>Wie geht es nun weiter?<\/h3>\n<blockquote class=\"twitter-tweet\">\n<p dir=\"ltr\" lang=\"de\">&#8222;Wer ist jetzt die K\u00f6nigin, Mami?&#8220;<\/p>\n<p>&#8211; Ihr Sohn Charles.<\/p>\n<p>&#8222;Ein &#8230; MANN? Gab es keine Frau daf\u00fcr?&#8220;<\/p>\n<p>[Noch eineinhalb Stunden bis Schulbeginn.]<\/p>\n<p>\u2014 jadekompendium (@jadekompendium) <a href=\"https:\/\/twitter.com\/jadekompendium\/status\/1568107620258529281?ref_src=twsrc%5Etfw\">September 9, 2022<\/a><\/p><\/blockquote>\n<p><script async src=\"https:\/\/platform.twitter.com\/widgets.js\" charset=\"utf-8\"><\/script><\/p>\n<p>&nbsp;<\/p>\n<h3>So vielleicht?<\/h3>\n<blockquote class=\"twitter-tweet\">\n<p dir=\"ltr\" lang=\"de\">Der m\u00e4nnliche Nachfolger der Queen sollte auch &#8222;Queen&#8220; genannt werden. Der Begriff hat sich eingeb\u00fcrgert und M\u00e4nner sind mitgemeint. <a href=\"https:\/\/twitter.com\/hashtag\/QueenElizabeth?src=hash&amp;ref_src=twsrc%5Etfw\">#QueenElizabeth<\/a><\/p>\n<p>\u2014 McSchmidtFace \ud83d\ude37 (@Balkonschlaefer) <a href=\"https:\/\/twitter.com\/Balkonschlaefer\/status\/1567887746810740742?ref_src=twsrc%5Etfw\">September 8, 2022<\/a><\/p><\/blockquote>\n<p><script async src=\"https:\/\/platform.twitter.com\/widgets.js\" charset=\"utf-8\"><\/script><\/p>\n<p>&nbsp;<\/p>\n<h3>Nein, eher so.<\/h3>\n<blockquote class=\"instagram-media\" style=\"background: #FFF; border: 0; border-radius: 3px; box-shadow: 0 0 1px 0 rgba(0,0,0,0.5),0 1px 10px 0 rgba(0,0,0,0.15); margin: 1px; max-width: 540px; min-width: 326px; padding: 0; width: calc(100% - 2px);\" data-instgrm-captioned=\"\" data-instgrm-permalink=\"https:\/\/www.instagram.com\/p\/CiRvydSKH8n\/?utm_source=ig_embed&amp;utm_campaign=loading\" data-instgrm-version=\"14\">\n<div style=\"padding: 16px;\">\n<p>&nbsp;<\/p>\n<div style=\"display: flex; flex-direction: row; align-items: center;\">\n<div style=\"background-color: #f4f4f4; border-radius: 50%; flex-grow: 0; height: 40px; margin-right: 14px; width: 40px;\"><\/div>\n<div style=\"display: flex; flex-direction: column; flex-grow: 1; justify-content: center;\">\n<div style=\"background-color: #f4f4f4; border-radius: 4px; flex-grow: 0; height: 14px; margin-bottom: 6px; width: 100px;\"><\/div>\n<div style=\"background-color: #f4f4f4; border-radius: 4px; flex-grow: 0; height: 14px; width: 60px;\"><\/div>\n<\/div>\n<\/div>\n<div style=\"padding: 19% 0;\"><\/div>\n<div style=\"display: block; height: 50px; margin: 0 auto 12px; width: 50px;\"><\/div>\n<div style=\"padding-top: 8px;\">\n<div style=\"color: #3897f0; font-family: Arial,sans-serif; font-size: 14px; font-style: normal; font-weight: 550; line-height: 18px;\">Sieh dir diesen Beitrag auf Instagram an<\/div>\n<\/div>\n<div style=\"padding: 12.5% 0;\"><\/div>\n<div style=\"display: flex; flex-direction: row; margin-bottom: 14px; align-items: center;\">\n<div>\n<div style=\"background-color: #f4f4f4; border-radius: 50%; height: 12.5px; width: 12.5px; transform: translateX(0px) translateY(7px);\"><\/div>\n<div style=\"background-color: #f4f4f4; height: 12.5px; transform: rotate(-45deg) translateX(3px) translateY(1px); width: 12.5px; flex-grow: 0; margin-right: 14px; margin-left: 2px;\"><\/div>\n<div style=\"background-color: #f4f4f4; border-radius: 50%; height: 12.5px; width: 12.5px; transform: translateX(9px) translateY(-18px);\"><\/div>\n<\/div>\n<div style=\"margin-left: 8px;\">\n<div style=\"background-color: #f4f4f4; border-radius: 50%; flex-grow: 0; height: 20px; width: 20px;\"><\/div>\n<div style=\"width: 0; height: 0; border-top: 2px solid transparent; border-left: 6px solid #f4f4f4; border-bottom: 2px solid transparent; transform: translateX(16px) translateY(-4px) rotate(30deg);\"><\/div>\n<\/div>\n<div style=\"margin-left: auto;\">\n<div style=\"width: 0px; border-top: 8px solid #F4F4F4; border-right: 8px solid transparent; transform: translateY(16px);\"><\/div>\n<div style=\"background-color: #f4f4f4; flex-grow: 0; height: 12px; width: 16px; transform: translateY(-4px);\"><\/div>\n<div style=\"width: 0; height: 0; border-top: 8px solid #F4F4F4; border-left: 8px solid transparent; transform: translateY(-4px) translateX(8px);\"><\/div>\n<\/div>\n<\/div>\n<div style=\"display: flex; flex-direction: column; flex-grow: 1; justify-content: center; margin-bottom: 24px;\">\n<div style=\"background-color: #f4f4f4; border-radius: 4px; flex-grow: 0; height: 14px; margin-bottom: 6px; width: 224px;\"><\/div>\n<div style=\"background-color: #f4f4f4; border-radius: 4px; flex-grow: 0; height: 14px; width: 144px;\"><\/div>\n<\/div>\n<p>&nbsp;<\/p>\n<p style=\"color: #c9c8cd; font-family: Arial,sans-serif; font-size: 14px; line-height: 17px; margin-bottom: 0; margin-top: 8px; overflow: hidden; padding: 8px 0 7px; text-align: center; text-overflow: ellipsis; white-space: nowrap;\"><a style=\"color: #c9c8cd; font-family: Arial,sans-serif; font-size: 14px; font-style: normal; font-weight: normal; line-height: 17px; text-decoration: none;\" href=\"https:\/\/www.instagram.com\/p\/CiRvydSKH8n\/?utm_source=ig_embed&amp;utm_campaign=loading\" target=\"_blank\" rel=\"noopener\">Ein Beitrag geteilt von tagesschau (@tagesschau)<\/a><\/p>\n<\/div>\n<\/blockquote>\n<p><script async src=\"\/instagram-embed.js\"><\/script><br \/>\n<strong>___<\/strong><br \/>\n<strong>Vielen Dank an alle f\u00fcr die Posts!<\/strong><\/p>\n","protected":false},"excerpt":{"rendered":"<p>Gestern wurde zun\u00e4chst gro\u00dfe Sorge um die Gesundheit von Queen Elizabeth II. ge\u00e4u\u00dfert, wenig sp\u00e4ter dann ihr Ableben bekanntgegeben. Eine Nachricht, die das Netz bewegt,&#8230;<\/p>\n","protected":false},"author":73,"featured_media":165644,"comment_status":"open","ping_status":"open","sticky":false,"template":"","format":"standard","meta":{"_acf_changed":false,"footnotes":""},"categories":[35],"tags":[1188,1635,1126],"class_list":["post-165613","post","type-post","status-publish","format-standard","has-post-thumbnail","hentry","category-twitter","tag-queen","tag-reaktionen","tag-tod"],"acf":[],"yoast_head":"<!-- This site is optimized with the Yoast SEO plugin v27.5 - https:\/\/yoast.com\/product\/yoast-seo-wordpress\/ -->\n<title>So reagiert das Netz auf den Tod von Queen Elizabeth II.<\/title>\n<meta name=\"robots\" content=\"index, follow, max-snippet:-1, max-image-preview:large, max-video-preview:-1\" \/>\n<link rel=\"canonical\" href=\"https:\/\/www.thebestsocial.media\/de\/tod-von-queen-reaktionen\/\" \/>\n<meta property=\"og:locale\" content=\"de_DE\" \/>\n<meta property=\"og:type\" content=\"article\" \/>\n<meta property=\"og:title\" content=\"So reagiert das Netz auf den Tod von Queen Elizabeth II.\" \/>\n<meta property=\"og:description\" content=\"Gestern wurde zun\u00e4chst gro\u00dfe Sorge um die Gesundheit von Queen Elizabeth II. ge\u00e4u\u00dfert, wenig sp\u00e4ter dann ihr Ableben bekanntgegeben. Eine Nachricht, die das Netz bewegt,...\" \/>\n<meta property=\"og:url\" content=\"https:\/\/www.thebestsocial.media\/de\/tod-von-queen-reaktionen\/\" \/>\n<meta property=\"og:site_name\" content=\"The Best Social Media DE\" \/>\n<meta property=\"article:published_time\" content=\"2022-09-09T11:22:14+00:00\" \/>\n<meta property=\"article:modified_time\" content=\"2022-09-09T12:32:02+00:00\" \/>\n<meta property=\"og:image\" content=\"https:\/\/www.thebestsocial.media\/de\/wp-content\/uploads\/sites\/3\/2022\/09\/header-queentod.png\" \/>\n\t<meta property=\"og:image:width\" content=\"1200\" \/>\n\t<meta property=\"og:image:height\" content=\"630\" \/>\n\t<meta property=\"og:image:type\" content=\"image\/png\" \/>\n<meta name=\"author\" content=\"Helene Mei\u00dfner\" \/>\n<meta name=\"twitter:card\" content=\"summary_large_image\" \/>\n<meta name=\"twitter:label1\" content=\"Verfasst von\" \/>\n\t<meta name=\"twitter:data1\" content=\"Helene Mei\u00dfner\" \/>\n\t<meta name=\"twitter:label2\" content=\"Gesch\u00e4tzte Lesezeit\" \/>\n\t<meta name=\"twitter:data2\" content=\"4\u00a0Minuten\" \/>\n<script type=\"application\/ld+json\" class=\"yoast-schema-graph\">{\"@context\":\"https:\\\/\\\/schema.org\",\"@graph\":[{\"@type\":\"Article\",\"@id\":\"https:\\\/\\\/www.thebestsocial.media\\\/de\\\/tod-von-queen-reaktionen\\\/#article\",\"isPartOf\":{\"@id\":\"https:\\\/\\\/www.thebestsocial.media\\\/de\\\/tod-von-queen-reaktionen\\\/\"},\"author\":{\"name\":\"Helene Mei\u00dfner\",\"@id\":\"https:\\\/\\\/www.thebestsocial.media\\\/de\\\/#\\\/schema\\\/person\\\/6267acc046505b90b912687a039220df\"},\"headline\":\"So reagiert das Netz auf den Tod von Queen Elizabeth II.\",\"datePublished\":\"2022-09-09T11:22:14+00:00\",\"dateModified\":\"2022-09-09T12:32:02+00:00\",\"mainEntityOfPage\":{\"@id\":\"https:\\\/\\\/www.thebestsocial.media\\\/de\\\/tod-von-queen-reaktionen\\\/\"},\"wordCount\":625,\"commentCount\":0,\"image\":{\"@id\":\"https:\\\/\\\/www.thebestsocial.media\\\/de\\\/tod-von-queen-reaktionen\\\/#primaryimage\"},\"thumbnailUrl\":\"https:\\\/\\\/www.thebestsocial.media\\\/de\\\/wp-content\\\/uploads\\\/sites\\\/3\\\/2022\\\/09\\\/england-3863098_1920.jpg\",\"keywords\":[\"Queen\",\"reaktionen\",\"Tod\"],\"articleSection\":[\"Twitter\"],\"inLanguage\":\"de\",\"potentialAction\":[{\"@type\":\"CommentAction\",\"name\":\"Comment\",\"target\":[\"https:\\\/\\\/www.thebestsocial.media\\\/de\\\/tod-von-queen-reaktionen\\\/#respond\"]}]},{\"@type\":\"WebPage\",\"@id\":\"https:\\\/\\\/www.thebestsocial.media\\\/de\\\/tod-von-queen-reaktionen\\\/\",\"url\":\"https:\\\/\\\/www.thebestsocial.media\\\/de\\\/tod-von-queen-reaktionen\\\/\",\"name\":\"So reagiert das Netz auf den Tod von Queen Elizabeth II.\",\"isPartOf\":{\"@id\":\"https:\\\/\\\/www.thebestsocial.media\\\/de\\\/#website\"},\"primaryImageOfPage\":{\"@id\":\"https:\\\/\\\/www.thebestsocial.media\\\/de\\\/tod-von-queen-reaktionen\\\/#primaryimage\"},\"image\":{\"@id\":\"https:\\\/\\\/www.thebestsocial.media\\\/de\\\/tod-von-queen-reaktionen\\\/#primaryimage\"},\"thumbnailUrl\":\"https:\\\/\\\/www.thebestsocial.media\\\/de\\\/wp-content\\\/uploads\\\/sites\\\/3\\\/2022\\\/09\\\/england-3863098_1920.jpg\",\"datePublished\":\"2022-09-09T11:22:14+00:00\",\"dateModified\":\"2022-09-09T12:32:02+00:00\",\"author\":{\"@id\":\"https:\\\/\\\/www.thebestsocial.media\\\/de\\\/#\\\/schema\\\/person\\\/6267acc046505b90b912687a039220df\"},\"breadcrumb\":{\"@id\":\"https:\\\/\\\/www.thebestsocial.media\\\/de\\\/tod-von-queen-reaktionen\\\/#breadcrumb\"},\"inLanguage\":\"de\",\"potentialAction\":[{\"@type\":\"ReadAction\",\"target\":[\"https:\\\/\\\/www.thebestsocial.media\\\/de\\\/tod-von-queen-reaktionen\\\/\"]}]},{\"@type\":\"ImageObject\",\"inLanguage\":\"de\",\"@id\":\"https:\\\/\\\/www.thebestsocial.media\\\/de\\\/tod-von-queen-reaktionen\\\/#primaryimage\",\"url\":\"https:\\\/\\\/www.thebestsocial.media\\\/de\\\/wp-content\\\/uploads\\\/sites\\\/3\\\/2022\\\/09\\\/england-3863098_1920.jpg\",\"contentUrl\":\"https:\\\/\\\/www.thebestsocial.media\\\/de\\\/wp-content\\\/uploads\\\/sites\\\/3\\\/2022\\\/09\\\/england-3863098_1920.jpg\",\"width\":1920,\"height\":1440},{\"@type\":\"BreadcrumbList\",\"@id\":\"https:\\\/\\\/www.thebestsocial.media\\\/de\\\/tod-von-queen-reaktionen\\\/#breadcrumb\",\"itemListElement\":[{\"@type\":\"ListItem\",\"position\":1,\"name\":\"Home\",\"item\":\"https:\\\/\\\/www.thebestsocial.media\\\/de\\\/\"},{\"@type\":\"ListItem\",\"position\":2,\"name\":\"So reagiert das Netz auf den Tod von Queen Elizabeth II.\"}]},{\"@type\":\"WebSite\",\"@id\":\"https:\\\/\\\/www.thebestsocial.media\\\/de\\\/#website\",\"url\":\"https:\\\/\\\/www.thebestsocial.media\\\/de\\\/\",\"name\":\"The Best Social Media DE\",\"description\":\"\",\"potentialAction\":[{\"@type\":\"SearchAction\",\"target\":{\"@type\":\"EntryPoint\",\"urlTemplate\":\"https:\\\/\\\/www.thebestsocial.media\\\/de\\\/?s={search_term_string}\"},\"query-input\":{\"@type\":\"PropertyValueSpecification\",\"valueRequired\":true,\"valueName\":\"search_term_string\"}}],\"inLanguage\":\"de\"},{\"@type\":\"Person\",\"@id\":\"https:\\\/\\\/www.thebestsocial.media\\\/de\\\/#\\\/schema\\\/person\\\/6267acc046505b90b912687a039220df\",\"name\":\"Helene Mei\u00dfner\",\"image\":{\"@type\":\"ImageObject\",\"inLanguage\":\"de\",\"@id\":\"https:\\\/\\\/secure.gravatar.com\\\/avatar\\\/6639fc0397860ac2c2e11b018c1f14be4a46c2378a91ac1b35730b724675daa8?s=96&d=mm&r=g\",\"url\":\"https:\\\/\\\/secure.gravatar.com\\\/avatar\\\/6639fc0397860ac2c2e11b018c1f14be4a46c2378a91ac1b35730b724675daa8?s=96&d=mm&r=g\",\"contentUrl\":\"https:\\\/\\\/secure.gravatar.com\\\/avatar\\\/6639fc0397860ac2c2e11b018c1f14be4a46c2378a91ac1b35730b724675daa8?s=96&d=mm&r=g\",\"caption\":\"Helene Mei\u00dfner\"},\"description\":\"Kommt aus Berlin und hat dementsprechend nat\u00fcrlich irgendwas mit Medien studiert. Verlegt oft Dinge, w\u00e4hrend sie sie in der Hand h\u00e4lt. Findet Kauger\u00e4usche unausstehlich. Hat eine Schw\u00e4che f\u00fcr Glitzer und immer mindestens 50 Tabs offen.\",\"sameAs\":[\"https:\\\/\\\/www.instagram.com\\\/he.leni\\\/\"],\"url\":\"https:\\\/\\\/www.thebestsocial.media\\\/de\\\/author\\\/helenemeissner\\\/\"}]}<\/script>\n<!-- \/ Yoast SEO plugin. -->","yoast_head_json":{"title":"So reagiert das Netz auf den Tod von Queen Elizabeth II.","robots":{"index":"index","follow":"follow","max-snippet":"max-snippet:-1","max-image-preview":"max-image-preview:large","max-video-preview":"max-video-preview:-1"},"canonical":"https:\/\/www.thebestsocial.media\/de\/tod-von-queen-reaktionen\/","og_locale":"de_DE","og_type":"article","og_title":"So reagiert das Netz auf den Tod von Queen Elizabeth II.","og_description":"Gestern wurde zun\u00e4chst gro\u00dfe Sorge um die Gesundheit von Queen Elizabeth II. ge\u00e4u\u00dfert, wenig sp\u00e4ter dann ihr Ableben bekanntgegeben. Eine Nachricht, die das Netz bewegt,...","og_url":"https:\/\/www.thebestsocial.media\/de\/tod-von-queen-reaktionen\/","og_site_name":"The Best Social Media DE","article_published_time":"2022-09-09T11:22:14+00:00","article_modified_time":"2022-09-09T12:32:02+00:00","og_image":[{"width":1200,"height":630,"url":"https:\/\/www.thebestsocial.media\/de\/wp-content\/uploads\/sites\/3\/2022\/09\/header-queentod.png","type":"image\/png"}],"author":"Helene Mei\u00dfner","twitter_card":"summary_large_image","twitter_misc":{"Verfasst von":"Helene Mei\u00dfner","Gesch\u00e4tzte Lesezeit":"4\u00a0Minuten"},"schema":{"@context":"https:\/\/schema.org","@graph":[{"@type":"Article","@id":"https:\/\/www.thebestsocial.media\/de\/tod-von-queen-reaktionen\/#article","isPartOf":{"@id":"https:\/\/www.thebestsocial.media\/de\/tod-von-queen-reaktionen\/"},"author":{"name":"Helene Mei\u00dfner","@id":"https:\/\/www.thebestsocial.media\/de\/#\/schema\/person\/6267acc046505b90b912687a039220df"},"headline":"So reagiert das Netz auf den Tod von Queen Elizabeth II.","datePublished":"2022-09-09T11:22:14+00:00","dateModified":"2022-09-09T12:32:02+00:00","mainEntityOfPage":{"@id":"https:\/\/www.thebestsocial.media\/de\/tod-von-queen-reaktionen\/"},"wordCount":625,"commentCount":0,"image":{"@id":"https:\/\/www.thebestsocial.media\/de\/tod-von-queen-reaktionen\/#primaryimage"},"thumbnailUrl":"https:\/\/www.thebestsocial.media\/de\/wp-content\/uploads\/sites\/3\/2022\/09\/england-3863098_1920.jpg","keywords":["Queen","reaktionen","Tod"],"articleSection":["Twitter"],"inLanguage":"de","potentialAction":[{"@type":"CommentAction","name":"Comment","target":["https:\/\/www.thebestsocial.media\/de\/tod-von-queen-reaktionen\/#respond"]}]},{"@type":"WebPage","@id":"https:\/\/www.thebestsocial.media\/de\/tod-von-queen-reaktionen\/","url":"https:\/\/www.thebestsocial.media\/de\/tod-von-queen-reaktionen\/","name":"So reagiert das Netz auf den Tod von Queen Elizabeth II.","isPartOf":{"@id":"https:\/\/www.thebestsocial.media\/de\/#website"},"primaryImageOfPage":{"@id":"https:\/\/www.thebestsocial.media\/de\/tod-von-queen-reaktionen\/#primaryimage"},"image":{"@id":"https:\/\/www.thebestsocial.media\/de\/tod-von-queen-reaktionen\/#primaryimage"},"thumbnailUrl":"https:\/\/www.thebestsocial.media\/de\/wp-content\/uploads\/sites\/3\/2022\/09\/england-3863098_1920.jpg","datePublished":"2022-09-09T11:22:14+00:00","dateModified":"2022-09-09T12:32:02+00:00","author":{"@id":"https:\/\/www.thebestsocial.media\/de\/#\/schema\/person\/6267acc046505b90b912687a039220df"},"breadcrumb":{"@id":"https:\/\/www.thebestsocial.media\/de\/tod-von-queen-reaktionen\/#breadcrumb"},"inLanguage":"de","potentialAction":[{"@type":"ReadAction","target":["https:\/\/www.thebestsocial.media\/de\/tod-von-queen-reaktionen\/"]}]},{"@type":"ImageObject","inLanguage":"de","@id":"https:\/\/www.thebestsocial.media\/de\/tod-von-queen-reaktionen\/#primaryimage","url":"https:\/\/www.thebestsocial.media\/de\/wp-content\/uploads\/sites\/3\/2022\/09\/england-3863098_1920.jpg","contentUrl":"https:\/\/www.thebestsocial.media\/de\/wp-content\/uploads\/sites\/3\/2022\/09\/england-3863098_1920.jpg","width":1920,"height":1440},{"@type":"BreadcrumbList","@id":"https:\/\/www.thebestsocial.media\/de\/tod-von-queen-reaktionen\/#breadcrumb","itemListElement":[{"@type":"ListItem","position":1,"name":"Home","item":"https:\/\/www.thebestsocial.media\/de\/"},{"@type":"ListItem","position":2,"name":"So reagiert das Netz auf den Tod von Queen Elizabeth II."}]},{"@type":"WebSite","@id":"https:\/\/www.thebestsocial.media\/de\/#website","url":"https:\/\/www.thebestsocial.media\/de\/","name":"The Best Social Media DE","description":"","potentialAction":[{"@type":"SearchAction","target":{"@type":"EntryPoint","urlTemplate":"https:\/\/www.thebestsocial.media\/de\/?s={search_term_string}"},"query-input":{"@type":"PropertyValueSpecification","valueRequired":true,"valueName":"search_term_string"}}],"inLanguage":"de"},{"@type":"Person","@id":"https:\/\/www.thebestsocial.media\/de\/#\/schema\/person\/6267acc046505b90b912687a039220df","name":"Helene Mei\u00dfner","image":{"@type":"ImageObject","inLanguage":"de","@id":"https:\/\/secure.gravatar.com\/avatar\/6639fc0397860ac2c2e11b018c1f14be4a46c2378a91ac1b35730b724675daa8?s=96&d=mm&r=g","url":"https:\/\/secure.gravatar.com\/avatar\/6639fc0397860ac2c2e11b018c1f14be4a46c2378a91ac1b35730b724675daa8?s=96&d=mm&r=g","contentUrl":"https:\/\/secure.gravatar.com\/avatar\/6639fc0397860ac2c2e11b018c1f14be4a46c2378a91ac1b35730b724675daa8?s=96&d=mm&r=g","caption":"Helene Mei\u00dfner"},"description":"Kommt aus Berlin und hat dementsprechend nat\u00fcrlich irgendwas mit Medien studiert. Verlegt oft Dinge, w\u00e4hrend sie sie in der Hand h\u00e4lt. Findet Kauger\u00e4usche unausstehlich. Hat eine Schw\u00e4che f\u00fcr Glitzer und immer mindestens 50 Tabs offen.","sameAs":["https:\/\/www.instagram.com\/he.leni\/"],"url":"https:\/\/www.thebestsocial.media\/de\/author\/helenemeissner\/"}]}},"amp_enabled":true,"_links":{"self":[{"href":"https:\/\/www.thebestsocial.media\/de\/wp-json\/wp\/v2\/posts\/165613","targetHints":{"allow":["GET"]}}],"collection":[{"href":"https:\/\/www.thebestsocial.media\/de\/wp-json\/wp\/v2\/posts"}],"about":[{"href":"https:\/\/www.thebestsocial.media\/de\/wp-json\/wp\/v2\/types\/post"}],"author":[{"embeddable":true,"href":"https:\/\/www.thebestsocial.media\/de\/wp-json\/wp\/v2\/users\/73"}],"replies":[{"embeddable":true,"href":"https:\/\/www.thebestsocial.media\/de\/wp-json\/wp\/v2\/comments?post=165613"}],"version-history":[{"count":24,"href":"https:\/\/www.thebestsocial.media\/de\/wp-json\/wp\/v2\/posts\/165613\/revisions"}],"predecessor-version":[{"id":165645,"href":"https:\/\/www.thebestsocial.media\/de\/wp-json\/wp\/v2\/posts\/165613\/revisions\/165645"}],"wp:featuredmedia":[{"embeddable":true,"href":"https:\/\/www.thebestsocial.media\/de\/wp-json\/wp\/v2\/media\/165644"}],"wp:attachment":[{"href":"https:\/\/www.thebestsocial.media\/de\/wp-json\/wp\/v2\/media?parent=165613"}],"wp:term":[{"taxonomy":"category","embeddable":true,"href":"https:\/\/www.thebestsocial.media\/de\/wp-json\/wp\/v2\/categories?post=165613"},{"taxonomy":"post_tag","embeddable":true,"href":"https:\/\/www.thebestsocial.media\/de\/wp-json\/wp\/v2\/tags?post=165613"}],"curies":[{"name":"wp","href":"https:\/\/api.w.org\/{rel}","templated":true}]}}