{"id":165555,"date":"2022-09-07T15:38:19","date_gmt":"2022-09-07T15:38:19","guid":{"rendered":"https:\/\/www.thebestsocial.media\/de\/?p=165555"},"modified":"2022-09-07T15:38:19","modified_gmt":"2022-09-07T15:38:19","slug":"scholz-vs-union-generaldebatte","status":"publish","type":"post","link":"https:\/\/www.thebestsocial.media\/de\/scholz-vs-union-generaldebatte\/","title":{"rendered":"Bundeskanzler 1, Union 0 &#8211; Die besten Reaktionen auf Scholz&#8216; Ansage an die CDU"},"content":{"rendered":"<p style=\"text-align: left;\">Bundeskanzler Olaf Scholz war bisher nicht unbedingt f\u00fcr sein <a href=\"https:\/\/www.thebestsocial.media\/de\/twitter-sucht-scholz\/\" target=\"_blank\" rel=\"noopener\">entschlossenes Auftreten<\/a> bekannt. W\u00e4hrend der Generaldebatte fand er heute allerdings sehr klare Worte, die er der CDU entgegenschmetterte. Und daf\u00fcr bekommt er jetzt viel Zuspruch im Netz.<\/p>\n<p>&nbsp;<\/p>\n<h3>Ganz so deutlich ist er nicht geworden&#8230;<\/h3>\n<blockquote class=\"twitter-tweet\">\n<p dir=\"ltr\" lang=\"de\">Stimmt es dass Olaf Scholz heute: \u201ebringt mir Friedrich Merz sein Kopf\u201c gesagt hat????<\/p>\n<p>\u2014 Avocadogucci\ud83c\udf10\ud83c\uddfa\ud83c\udde6 (@avocadogucci) <a href=\"https:\/\/twitter.com\/avocadogucci\/status\/1567477793608372226?ref_src=twsrc%5Etfw\">September 7, 2022<\/a><\/p><\/blockquote>\n<p><script async src=\"https:\/\/platform.twitter.com\/widgets.js\" charset=\"utf-8\"><\/script><\/p>\n<p>&nbsp;<\/p>\n<h3>Fehlte eigentlich nur noch ein Micdrop am Ende.<\/h3>\n<blockquote class=\"twitter-tweet\">\n<p dir=\"ltr\" lang=\"de\">OMG. Olaf Scholz mit Emotionen. Wer h\u00e4tte das f\u00fcr m\u00f6glich gehalten? W\u00e4re er doch Bundeskanzler geworden. <a href=\"https:\/\/t.co\/6QZfKv1qad\">https:\/\/t.co\/6QZfKv1qad<\/a><\/p>\n<p>\u2014 L\u00e4m\u00eath (@Lam3th) <a href=\"https:\/\/twitter.com\/Lam3th\/status\/1567499277965959169?ref_src=twsrc%5Etfw\">September 7, 2022<\/a><\/p><\/blockquote>\n<p><script async src=\"https:\/\/platform.twitter.com\/widgets.js\" charset=\"utf-8\"><\/script><\/p>\n<p>&nbsp;<\/p>\n<p>&nbsp;<\/p>\n<h3>Wer h\u00e4tte gedacht, dass das in ihm steckt!<\/h3>\n<blockquote class=\"twitter-tweet\" data-conversation=\"none\">\n<p dir=\"ltr\" lang=\"de\">Wer ist dieser leidenschaftlich argumentierende Mann und was hat er mit Olaf gemacht?<\/p>\n<p>\u2014 Phil (@de_la_who) <a href=\"https:\/\/twitter.com\/de_la_who\/status\/1567454618187186178?ref_src=twsrc%5Etfw\">September 7, 2022<\/a><\/p><\/blockquote>\n<p><script async src=\"https:\/\/platform.twitter.com\/widgets.js\" charset=\"utf-8\"><\/script><\/p>\n<p>&nbsp;<\/p>\n<h3>Der alte Zerst\u00f6rer!<\/h3>\n<blockquote class=\"twitter-tweet\">\n<p dir=\"ltr\" lang=\"de\">Olaf <a href=\"https:\/\/twitter.com\/hashtag\/Scholz?src=hash&amp;ref_src=twsrc%5Etfw\">#Scholz<\/a> w\u00e4hrend der &#8222;Zerst\u00f6rung der Union&#8220;. <a href=\"https:\/\/twitter.com\/hashtag\/Bundestag?src=hash&amp;ref_src=twsrc%5Etfw\">#Bundestag<\/a> <a href=\"https:\/\/twitter.com\/hashtag\/Generaldebatte?src=hash&amp;ref_src=twsrc%5Etfw\">#Generaldebatte<\/a> <a href=\"https:\/\/t.co\/ozxGqtNEXv\">pic.twitter.com\/ozxGqtNEXv<\/a><\/p>\n<p>\u2014 Benny Illinger (@IamIllgner) <a href=\"https:\/\/twitter.com\/IamIllgner\/status\/1567435088886988801?ref_src=twsrc%5Etfw\">September 7, 2022<\/a><\/p><\/blockquote>\n<p><script async src=\"https:\/\/platform.twitter.com\/widgets.js\" charset=\"utf-8\"><\/script><\/p>\n<p>&nbsp;<\/p>\n<h3>Sollte er vielleicht \u00f6fter so machen.<\/h3>\n<blockquote class=\"twitter-tweet\">\n<p dir=\"ltr\" lang=\"de\">Was auch immer Olaf gefr\u00fchst\u00fcckt hat, ich will es auch haben.<\/p>\n<p>\u2014 Dario Schramm (@darioschramm) <a href=\"https:\/\/twitter.com\/darioschramm\/status\/1567427699848740865?ref_src=twsrc%5Etfw\">September 7, 2022<\/a><\/p><\/blockquote>\n<p><script async src=\"https:\/\/platform.twitter.com\/widgets.js\" charset=\"utf-8\"><\/script><\/p>\n<p>&nbsp;<\/p>\n<h3>Selbstreflektion ist nat\u00fcrlich trotzdem wichtig.<\/h3>\n<blockquote class=\"twitter-tweet\">\n<p dir=\"ltr\" lang=\"de\"><a href=\"https:\/\/twitter.com\/hashtag\/Scholz?src=hash&amp;ref_src=twsrc%5Etfw\">#Scholz<\/a> gibt in der <a href=\"https:\/\/twitter.com\/hashtag\/Generaldebatte?src=hash&amp;ref_src=twsrc%5Etfw\">#Generaldebatte<\/a> im Bundestag der Union die Schuld f\u00fcr die Energiekrise.<br \/>\nAnscheinend hat er auch Ged\u00e4chtnisl\u00fccken, wer da zuletzt der Koalitionspartner war.<\/p>\n<p>\u2014 ZDF heute-show (@heuteshow) <a href=\"https:\/\/twitter.com\/heuteshow\/status\/1567475079419682818?ref_src=twsrc%5Etfw\">September 7, 2022<\/a><\/p><\/blockquote>\n<p><script async src=\"https:\/\/platform.twitter.com\/widgets.js\" charset=\"utf-8\"><\/script><\/p>\n<p><strong>___<\/strong><br \/>\n<strong>Vielen Dank an alle f\u00fcr die Posts!<\/strong><\/p>\n<p><strong>___<\/strong><\/p>\n<p>Auf der Suche nach einem spannenden Praktikum, ohne Kaffeekochen und Kopieren, daf\u00fcr aber mit Verg\u00fctung?\u00a0<a href=\"https:\/\/www.thebestsocialjobs.com\/de\/stelle\/praktikant-redaktion-the-best-social-media\/\" target=\"_blank\" rel=\"noopener\">Hier<\/a>\u00a0entlang!<\/p>\n","protected":false},"excerpt":{"rendered":"<p>Bundeskanzler Olaf Scholz war bisher nicht unbedingt f\u00fcr sein entschlossenes Auftreten bekannt. W\u00e4hrend der Generaldebatte fand er heute allerdings sehr klare Worte, die er der&#8230;<\/p>\n","protected":false},"author":73,"featured_media":165570,"comment_status":"open","ping_status":"open","sticky":false,"template":"","format":"standard","meta":{"_acf_changed":false,"footnotes":""},"categories":[35,182],"tags":[1478,4401,412],"class_list":["post-165555","post","type-post","status-publish","format-standard","has-post-thumbnail","hentry","category-twitter","category-videos","tag-burn","tag-olaf-scholz","tag-politik"],"acf":[],"yoast_head":"<!-- This site is optimized with the Yoast SEO plugin v27.5 - https:\/\/yoast.com\/product\/yoast-seo-wordpress\/ -->\n<title>Scholz macht CDU in der Generaldebatte eine Ansage<\/title>\n<meta name=\"robots\" content=\"index, follow, max-snippet:-1, max-image-preview:large, max-video-preview:-1\" \/>\n<link rel=\"canonical\" href=\"https:\/\/www.thebestsocial.media\/de\/scholz-vs-union-generaldebatte\/\" \/>\n<meta property=\"og:locale\" content=\"de_DE\" \/>\n<meta property=\"og:type\" content=\"article\" \/>\n<meta property=\"og:title\" content=\"Bundeskanzler 1, Union 0 - Die besten Reaktionen auf Scholz&#039; Ansage an die CDU\" \/>\n<meta property=\"og:description\" content=\"Bundeskanzler Olaf Scholz war bisher nicht unbedingt f\u00fcr sein entschlossenes Auftreten bekannt. W\u00e4hrend der Generaldebatte fand er heute allerdings sehr klare Worte, die er der...\" \/>\n<meta property=\"og:url\" content=\"https:\/\/www.thebestsocial.media\/de\/scholz-vs-union-generaldebatte\/\" \/>\n<meta property=\"og:site_name\" content=\"The Best Social Media DE\" \/>\n<meta property=\"article:published_time\" content=\"2022-09-07T15:38:19+00:00\" \/>\n<meta property=\"og:image\" content=\"https:\/\/www.thebestsocial.media\/de\/wp-content\/uploads\/sites\/3\/2022\/09\/header-scholzonfire.png\" \/>\n\t<meta property=\"og:image:width\" content=\"1200\" \/>\n\t<meta property=\"og:image:height\" content=\"630\" \/>\n\t<meta property=\"og:image:type\" content=\"image\/png\" \/>\n<meta name=\"author\" content=\"Helene Mei\u00dfner\" \/>\n<meta name=\"twitter:card\" content=\"summary_large_image\" \/>\n<meta name=\"twitter:label1\" content=\"Verfasst von\" \/>\n\t<meta name=\"twitter:data1\" content=\"Helene Mei\u00dfner\" \/>\n\t<meta name=\"twitter:label2\" content=\"Gesch\u00e4tzte Lesezeit\" \/>\n\t<meta name=\"twitter:data2\" content=\"2\u00a0Minuten\" \/>\n<script type=\"application\/ld+json\" class=\"yoast-schema-graph\">{\"@context\":\"https:\\\/\\\/schema.org\",\"@graph\":[{\"@type\":\"Article\",\"@id\":\"https:\\\/\\\/www.thebestsocial.media\\\/de\\\/scholz-vs-union-generaldebatte\\\/#article\",\"isPartOf\":{\"@id\":\"https:\\\/\\\/www.thebestsocial.media\\\/de\\\/scholz-vs-union-generaldebatte\\\/\"},\"author\":{\"name\":\"Helene Mei\u00dfner\",\"@id\":\"https:\\\/\\\/www.thebestsocial.media\\\/de\\\/#\\\/schema\\\/person\\\/6267acc046505b90b912687a039220df\"},\"headline\":\"Bundeskanzler 1, Union 0 &#8211; Die besten Reaktionen auf Scholz&#8216; Ansage an die CDU\",\"datePublished\":\"2022-09-07T15:38:19+00:00\",\"mainEntityOfPage\":{\"@id\":\"https:\\\/\\\/www.thebestsocial.media\\\/de\\\/scholz-vs-union-generaldebatte\\\/\"},\"wordCount\":259,\"commentCount\":0,\"image\":{\"@id\":\"https:\\\/\\\/www.thebestsocial.media\\\/de\\\/scholz-vs-union-generaldebatte\\\/#primaryimage\"},\"thumbnailUrl\":\"https:\\\/\\\/www.thebestsocial.media\\\/de\\\/wp-content\\\/uploads\\\/sites\\\/3\\\/2022\\\/09\\\/man-2990405_1920-1.jpg\",\"keywords\":[\"burn\",\"Olaf Scholz\",\"politik\"],\"articleSection\":[\"Twitter\",\"Videos\"],\"inLanguage\":\"de\",\"potentialAction\":[{\"@type\":\"CommentAction\",\"name\":\"Comment\",\"target\":[\"https:\\\/\\\/www.thebestsocial.media\\\/de\\\/scholz-vs-union-generaldebatte\\\/#respond\"]}]},{\"@type\":\"WebPage\",\"@id\":\"https:\\\/\\\/www.thebestsocial.media\\\/de\\\/scholz-vs-union-generaldebatte\\\/\",\"url\":\"https:\\\/\\\/www.thebestsocial.media\\\/de\\\/scholz-vs-union-generaldebatte\\\/\",\"name\":\"Scholz macht CDU in der Generaldebatte eine Ansage\",\"isPartOf\":{\"@id\":\"https:\\\/\\\/www.thebestsocial.media\\\/de\\\/#website\"},\"primaryImageOfPage\":{\"@id\":\"https:\\\/\\\/www.thebestsocial.media\\\/de\\\/scholz-vs-union-generaldebatte\\\/#primaryimage\"},\"image\":{\"@id\":\"https:\\\/\\\/www.thebestsocial.media\\\/de\\\/scholz-vs-union-generaldebatte\\\/#primaryimage\"},\"thumbnailUrl\":\"https:\\\/\\\/www.thebestsocial.media\\\/de\\\/wp-content\\\/uploads\\\/sites\\\/3\\\/2022\\\/09\\\/man-2990405_1920-1.jpg\",\"datePublished\":\"2022-09-07T15:38:19+00:00\",\"author\":{\"@id\":\"https:\\\/\\\/www.thebestsocial.media\\\/de\\\/#\\\/schema\\\/person\\\/6267acc046505b90b912687a039220df\"},\"breadcrumb\":{\"@id\":\"https:\\\/\\\/www.thebestsocial.media\\\/de\\\/scholz-vs-union-generaldebatte\\\/#breadcrumb\"},\"inLanguage\":\"de\",\"potentialAction\":[{\"@type\":\"ReadAction\",\"target\":[\"https:\\\/\\\/www.thebestsocial.media\\\/de\\\/scholz-vs-union-generaldebatte\\\/\"]}]},{\"@type\":\"ImageObject\",\"inLanguage\":\"de\",\"@id\":\"https:\\\/\\\/www.thebestsocial.media\\\/de\\\/scholz-vs-union-generaldebatte\\\/#primaryimage\",\"url\":\"https:\\\/\\\/www.thebestsocial.media\\\/de\\\/wp-content\\\/uploads\\\/sites\\\/3\\\/2022\\\/09\\\/man-2990405_1920-1.jpg\",\"contentUrl\":\"https:\\\/\\\/www.thebestsocial.media\\\/de\\\/wp-content\\\/uploads\\\/sites\\\/3\\\/2022\\\/09\\\/man-2990405_1920-1.jpg\",\"width\":1920,\"height\":1280},{\"@type\":\"BreadcrumbList\",\"@id\":\"https:\\\/\\\/www.thebestsocial.media\\\/de\\\/scholz-vs-union-generaldebatte\\\/#breadcrumb\",\"itemListElement\":[{\"@type\":\"ListItem\",\"position\":1,\"name\":\"Home\",\"item\":\"https:\\\/\\\/www.thebestsocial.media\\\/de\\\/\"},{\"@type\":\"ListItem\",\"position\":2,\"name\":\"Bundeskanzler 1, Union 0 &#8211; Die besten Reaktionen auf Scholz&#8216; Ansage an die CDU\"}]},{\"@type\":\"WebSite\",\"@id\":\"https:\\\/\\\/www.thebestsocial.media\\\/de\\\/#website\",\"url\":\"https:\\\/\\\/www.thebestsocial.media\\\/de\\\/\",\"name\":\"The Best Social Media DE\",\"description\":\"\",\"potentialAction\":[{\"@type\":\"SearchAction\",\"target\":{\"@type\":\"EntryPoint\",\"urlTemplate\":\"https:\\\/\\\/www.thebestsocial.media\\\/de\\\/?s={search_term_string}\"},\"query-input\":{\"@type\":\"PropertyValueSpecification\",\"valueRequired\":true,\"valueName\":\"search_term_string\"}}],\"inLanguage\":\"de\"},{\"@type\":\"Person\",\"@id\":\"https:\\\/\\\/www.thebestsocial.media\\\/de\\\/#\\\/schema\\\/person\\\/6267acc046505b90b912687a039220df\",\"name\":\"Helene Mei\u00dfner\",\"image\":{\"@type\":\"ImageObject\",\"inLanguage\":\"de\",\"@id\":\"https:\\\/\\\/secure.gravatar.com\\\/avatar\\\/6639fc0397860ac2c2e11b018c1f14be4a46c2378a91ac1b35730b724675daa8?s=96&d=mm&r=g\",\"url\":\"https:\\\/\\\/secure.gravatar.com\\\/avatar\\\/6639fc0397860ac2c2e11b018c1f14be4a46c2378a91ac1b35730b724675daa8?s=96&d=mm&r=g\",\"contentUrl\":\"https:\\\/\\\/secure.gravatar.com\\\/avatar\\\/6639fc0397860ac2c2e11b018c1f14be4a46c2378a91ac1b35730b724675daa8?s=96&d=mm&r=g\",\"caption\":\"Helene Mei\u00dfner\"},\"description\":\"Kommt aus Berlin und hat dementsprechend nat\u00fcrlich irgendwas mit Medien studiert. Verlegt oft Dinge, w\u00e4hrend sie sie in der Hand h\u00e4lt. Findet Kauger\u00e4usche unausstehlich. Hat eine Schw\u00e4che f\u00fcr Glitzer und immer mindestens 50 Tabs offen.\",\"sameAs\":[\"https:\\\/\\\/www.instagram.com\\\/he.leni\\\/\"],\"url\":\"https:\\\/\\\/www.thebestsocial.media\\\/de\\\/author\\\/helenemeissner\\\/\"}]}<\/script>\n<!-- \/ Yoast SEO plugin. -->","yoast_head_json":{"title":"Scholz macht CDU in der Generaldebatte eine Ansage","robots":{"index":"index","follow":"follow","max-snippet":"max-snippet:-1","max-image-preview":"max-image-preview:large","max-video-preview":"max-video-preview:-1"},"canonical":"https:\/\/www.thebestsocial.media\/de\/scholz-vs-union-generaldebatte\/","og_locale":"de_DE","og_type":"article","og_title":"Bundeskanzler 1, Union 0 - Die besten Reaktionen auf Scholz' Ansage an die CDU","og_description":"Bundeskanzler Olaf Scholz war bisher nicht unbedingt f\u00fcr sein entschlossenes Auftreten bekannt. W\u00e4hrend der Generaldebatte fand er heute allerdings sehr klare Worte, die er der...","og_url":"https:\/\/www.thebestsocial.media\/de\/scholz-vs-union-generaldebatte\/","og_site_name":"The Best Social Media DE","article_published_time":"2022-09-07T15:38:19+00:00","og_image":[{"width":1200,"height":630,"url":"https:\/\/www.thebestsocial.media\/de\/wp-content\/uploads\/sites\/3\/2022\/09\/header-scholzonfire.png","type":"image\/png"}],"author":"Helene Mei\u00dfner","twitter_card":"summary_large_image","twitter_misc":{"Verfasst von":"Helene Mei\u00dfner","Gesch\u00e4tzte Lesezeit":"2\u00a0Minuten"},"schema":{"@context":"https:\/\/schema.org","@graph":[{"@type":"Article","@id":"https:\/\/www.thebestsocial.media\/de\/scholz-vs-union-generaldebatte\/#article","isPartOf":{"@id":"https:\/\/www.thebestsocial.media\/de\/scholz-vs-union-generaldebatte\/"},"author":{"name":"Helene Mei\u00dfner","@id":"https:\/\/www.thebestsocial.media\/de\/#\/schema\/person\/6267acc046505b90b912687a039220df"},"headline":"Bundeskanzler 1, Union 0 &#8211; Die besten Reaktionen auf Scholz&#8216; Ansage an die CDU","datePublished":"2022-09-07T15:38:19+00:00","mainEntityOfPage":{"@id":"https:\/\/www.thebestsocial.media\/de\/scholz-vs-union-generaldebatte\/"},"wordCount":259,"commentCount":0,"image":{"@id":"https:\/\/www.thebestsocial.media\/de\/scholz-vs-union-generaldebatte\/#primaryimage"},"thumbnailUrl":"https:\/\/www.thebestsocial.media\/de\/wp-content\/uploads\/sites\/3\/2022\/09\/man-2990405_1920-1.jpg","keywords":["burn","Olaf Scholz","politik"],"articleSection":["Twitter","Videos"],"inLanguage":"de","potentialAction":[{"@type":"CommentAction","name":"Comment","target":["https:\/\/www.thebestsocial.media\/de\/scholz-vs-union-generaldebatte\/#respond"]}]},{"@type":"WebPage","@id":"https:\/\/www.thebestsocial.media\/de\/scholz-vs-union-generaldebatte\/","url":"https:\/\/www.thebestsocial.media\/de\/scholz-vs-union-generaldebatte\/","name":"Scholz macht CDU in der Generaldebatte eine Ansage","isPartOf":{"@id":"https:\/\/www.thebestsocial.media\/de\/#website"},"primaryImageOfPage":{"@id":"https:\/\/www.thebestsocial.media\/de\/scholz-vs-union-generaldebatte\/#primaryimage"},"image":{"@id":"https:\/\/www.thebestsocial.media\/de\/scholz-vs-union-generaldebatte\/#primaryimage"},"thumbnailUrl":"https:\/\/www.thebestsocial.media\/de\/wp-content\/uploads\/sites\/3\/2022\/09\/man-2990405_1920-1.jpg","datePublished":"2022-09-07T15:38:19+00:00","author":{"@id":"https:\/\/www.thebestsocial.media\/de\/#\/schema\/person\/6267acc046505b90b912687a039220df"},"breadcrumb":{"@id":"https:\/\/www.thebestsocial.media\/de\/scholz-vs-union-generaldebatte\/#breadcrumb"},"inLanguage":"de","potentialAction":[{"@type":"ReadAction","target":["https:\/\/www.thebestsocial.media\/de\/scholz-vs-union-generaldebatte\/"]}]},{"@type":"ImageObject","inLanguage":"de","@id":"https:\/\/www.thebestsocial.media\/de\/scholz-vs-union-generaldebatte\/#primaryimage","url":"https:\/\/www.thebestsocial.media\/de\/wp-content\/uploads\/sites\/3\/2022\/09\/man-2990405_1920-1.jpg","contentUrl":"https:\/\/www.thebestsocial.media\/de\/wp-content\/uploads\/sites\/3\/2022\/09\/man-2990405_1920-1.jpg","width":1920,"height":1280},{"@type":"BreadcrumbList","@id":"https:\/\/www.thebestsocial.media\/de\/scholz-vs-union-generaldebatte\/#breadcrumb","itemListElement":[{"@type":"ListItem","position":1,"name":"Home","item":"https:\/\/www.thebestsocial.media\/de\/"},{"@type":"ListItem","position":2,"name":"Bundeskanzler 1, Union 0 &#8211; Die besten Reaktionen auf Scholz&#8216; Ansage an die CDU"}]},{"@type":"WebSite","@id":"https:\/\/www.thebestsocial.media\/de\/#website","url":"https:\/\/www.thebestsocial.media\/de\/","name":"The Best Social Media DE","description":"","potentialAction":[{"@type":"SearchAction","target":{"@type":"EntryPoint","urlTemplate":"https:\/\/www.thebestsocial.media\/de\/?s={search_term_string}"},"query-input":{"@type":"PropertyValueSpecification","valueRequired":true,"valueName":"search_term_string"}}],"inLanguage":"de"},{"@type":"Person","@id":"https:\/\/www.thebestsocial.media\/de\/#\/schema\/person\/6267acc046505b90b912687a039220df","name":"Helene Mei\u00dfner","image":{"@type":"ImageObject","inLanguage":"de","@id":"https:\/\/secure.gravatar.com\/avatar\/6639fc0397860ac2c2e11b018c1f14be4a46c2378a91ac1b35730b724675daa8?s=96&d=mm&r=g","url":"https:\/\/secure.gravatar.com\/avatar\/6639fc0397860ac2c2e11b018c1f14be4a46c2378a91ac1b35730b724675daa8?s=96&d=mm&r=g","contentUrl":"https:\/\/secure.gravatar.com\/avatar\/6639fc0397860ac2c2e11b018c1f14be4a46c2378a91ac1b35730b724675daa8?s=96&d=mm&r=g","caption":"Helene Mei\u00dfner"},"description":"Kommt aus Berlin und hat dementsprechend nat\u00fcrlich irgendwas mit Medien studiert. Verlegt oft Dinge, w\u00e4hrend sie sie in der Hand h\u00e4lt. Findet Kauger\u00e4usche unausstehlich. Hat eine Schw\u00e4che f\u00fcr Glitzer und immer mindestens 50 Tabs offen.","sameAs":["https:\/\/www.instagram.com\/he.leni\/"],"url":"https:\/\/www.thebestsocial.media\/de\/author\/helenemeissner\/"}]}},"amp_enabled":true,"_links":{"self":[{"href":"https:\/\/www.thebestsocial.media\/de\/wp-json\/wp\/v2\/posts\/165555","targetHints":{"allow":["GET"]}}],"collection":[{"href":"https:\/\/www.thebestsocial.media\/de\/wp-json\/wp\/v2\/posts"}],"about":[{"href":"https:\/\/www.thebestsocial.media\/de\/wp-json\/wp\/v2\/types\/post"}],"author":[{"embeddable":true,"href":"https:\/\/www.thebestsocial.media\/de\/wp-json\/wp\/v2\/users\/73"}],"replies":[{"embeddable":true,"href":"https:\/\/www.thebestsocial.media\/de\/wp-json\/wp\/v2\/comments?post=165555"}],"version-history":[{"count":17,"href":"https:\/\/www.thebestsocial.media\/de\/wp-json\/wp\/v2\/posts\/165555\/revisions"}],"predecessor-version":[{"id":165574,"href":"https:\/\/www.thebestsocial.media\/de\/wp-json\/wp\/v2\/posts\/165555\/revisions\/165574"}],"wp:featuredmedia":[{"embeddable":true,"href":"https:\/\/www.thebestsocial.media\/de\/wp-json\/wp\/v2\/media\/165570"}],"wp:attachment":[{"href":"https:\/\/www.thebestsocial.media\/de\/wp-json\/wp\/v2\/media?parent=165555"}],"wp:term":[{"taxonomy":"category","embeddable":true,"href":"https:\/\/www.thebestsocial.media\/de\/wp-json\/wp\/v2\/categories?post=165555"},{"taxonomy":"post_tag","embeddable":true,"href":"https:\/\/www.thebestsocial.media\/de\/wp-json\/wp\/v2\/tags?post=165555"}],"curies":[{"name":"wp","href":"https:\/\/api.w.org\/{rel}","templated":true}]}}