{"id":164954,"date":"2022-08-24T15:12:52","date_gmt":"2022-08-24T15:12:52","guid":{"rendered":"https:\/\/www.thebestsocial.media\/de\/?p=164954"},"modified":"2022-08-25T11:18:57","modified_gmt":"2022-08-25T11:18:57","slug":"18-leute-die-ueber-oliver-pocher-nicht-lachen-koennen","status":"publish","type":"post","link":"https:\/\/www.thebestsocial.media\/de\/18-leute-die-ueber-oliver-pocher-nicht-lachen-koennen\/","title":{"rendered":"18 Leute, die \u00fcber Oliver Pocher nicht lachen k\u00f6nnen"},"content":{"rendered":"<p style=\"text-align: center;\">Mit seiner Bildschirmkontrolle auf Instagram hat Oliver Pocher nicht nur seine Followerzahlen erh\u00f6ht, sondern auch die Anzahl derer, die ihn eigentlich gar nicht so lustig finden. Nachdem er regelm\u00e4\u00dfig online vor allem <a href=\"https:\/\/www.thebestsocial.media\/de\/alptraumjob-influencer-14-posts-ueber-den-meistgehassten-job\/\" target=\"_blank\" rel=\"noopener\">Influencer<\/a>, <a href=\"https:\/\/www.thebestsocial.media\/de\/laura-und-der-wendler-haben-jetzt-onlyfans-was-twitter-fast-zum-explodieren-bringt\/\" target=\"_blank\" rel=\"noopener\">Michael Wendler<\/a> und <a href=\"https:\/\/www.thebestsocial.media\/de\/jemand-legt-beats-unter-boris-becker-selfie-videos-und-es-flowt-ohne-ende\/\" target=\"_blank\" rel=\"noopener\">Boris Becker<\/a> kritisiert, hagelt es auf Twitter ebenfalls Kritik am deutschen Comedian. Wer austeilt, kann sicher auch einstecken. Bei Grill den Henssler hat sich der Promi mit seiner letzten Aktion, Backpulver durch die Nase zu ziehen, nicht nur Lacher, sondern auch einige Augenverdreher eingeheimst. Zudem wurde er im Megapark auf Mallorca von der B\u00fchne gebuht. Hier eine Auswahl an Tweets, die den Oliver nicht ganz so doll feiern.<\/p>\n<h3 style=\"text-align: center;\">1. Wei\u00dfes Pulver im TV durch die Nase ziehen? Oliver Pocher ist dabei.<\/h3>\n<blockquote class=\"twitter-tweet\">\n<p dir=\"ltr\" lang=\"de\">Die Welt: &#8222;Wie oft kann man der \u00d6ffentlichkeit beweisen, dass man echt d\u00e4mlich ist?&#8220;<\/p>\n<p>Pocher: &#8222;Hold my Backpulver!&#8220;<\/p>\n<p>\u2014 David Grashoff (@grasimar) <a href=\"https:\/\/twitter.com\/grasimar\/status\/1561665219654451200?ref_src=twsrc%5Etfw\">August 22, 2022<\/a><\/p><\/blockquote>\n<p><script async src=\"https:\/\/platform.twitter.com\/widgets.js\" charset=\"utf-8\"><\/script><\/p>\n<p>&nbsp;<\/p>\n<h3 style=\"text-align: center;\">2. Gro\u00dfe Klappe, keine Maske.<\/h3>\n<blockquote class=\"twitter-tweet\">\n<p dir=\"ltr\" lang=\"de\">Vor drei Monaten schimpfte Oliver Pocher auf die K\u00f6lner Karnevalisten und sagte, sie k\u00f6nnten im Fr\u00fchjahr 2022 als Intubierte gehen. Auf dem Bild sehen Sie ihn beim gestrigen Super Bowl vor 100.000 Fans ohne Maske. <a href=\"https:\/\/t.co\/alivN6fxfw\">pic.twitter.com\/alivN6fxfw<\/a><\/p>\n<p>\u2014 Raucher\ud83c\udfc1\ud83c\udff4\u200d\u2620\ufe0f\ud83c\udde6\ud83c\uddf6 (@CBGSpender) <a href=\"https:\/\/twitter.com\/CBGSpender\/status\/1493326119789080581?ref_src=twsrc%5Etfw\">February 14, 2022<\/a><\/p><\/blockquote>\n<p><script src=\"https:\/\/platform.twitter.com\/widgets.js\" async=\"\" charset=\"utf-8\"><\/script><\/p>\n<p>&nbsp;<\/p>\n<h3 style=\"text-align: center;\">3. Ganz sch\u00f6n fies.<\/h3>\n<blockquote class=\"twitter-tweet\">\n<p dir=\"ltr\" lang=\"de\">Twitter schl\u00e4gt mir seit 2 Jahren regelm\u00e4\u00dfig vor Oliver Pocher zu folgen.<\/p>\n<p>Warum hasst Twitter mich so sehr.<\/p>\n<p>\u2014 extrakaese (@extrakaese) <a href=\"https:\/\/twitter.com\/extrakaese\/status\/1158795592438558721?ref_src=twsrc%5Etfw\">August 6, 2019<\/a><\/p><\/blockquote>\n<p><script src=\"https:\/\/platform.twitter.com\/widgets.js\" async=\"\" charset=\"utf-8\"><\/script><\/p>\n<p>&nbsp;<\/p>\n<h3 style=\"text-align: center;\">4. Fragw\u00fcrdiger Content.<\/h3>\n<blockquote class=\"twitter-tweet\">\n<p dir=\"ltr\" lang=\"de\">Never forget wie Multimillion\u00e4r Oliver Pocher die Corona Krisenzeit damit verbracht hat komplett pointenfrei Influencer Kids zu cybermobben. Warum denken so viele \u00fc40 Comedians dass in eine Kamera br\u00fcllen was man scheisse findet geiler Content ist?<\/p>\n<p>\u2014 Aurel out of office Edition \ud83c\udfd6 (@aurelmertz) <a href=\"https:\/\/twitter.com\/aurelmertz\/status\/1241775337454927873?ref_src=twsrc%5Etfw\">March 22, 2020<\/a><\/p><\/blockquote>\n<p><script async src=\"https:\/\/platform.twitter.com\/widgets.js\" charset=\"utf-8\"><\/script><\/p>\n<p>&nbsp;<\/p>\n<h3 style=\"text-align: center;\">5. St\u00e4ndiger Schlagabtausch mit dem Ex-Tennisprofi Boris Becker.<\/h3>\n<blockquote class=\"twitter-tweet\">\n<p dir=\"ltr\" lang=\"de\">Oliver Pocher : Halte einfach deine Klappe und k\u00fcmmere dich um deine eigene Familiengeschichte ( kompliziert genug&#8230;) anstatt dumm unqualifiziert daher zu reden ( f\u00e4llt dir wohl schwer )<\/p>\n<p>\u2014 Boris Becker (@TheBorisBecker) <a href=\"https:\/\/twitter.com\/TheBorisBecker\/status\/1004671698552147969?ref_src=twsrc%5Etfw\">June 7, 2018<\/a><\/p><\/blockquote>\n<p><script async src=\"https:\/\/platform.twitter.com\/widgets.js\" charset=\"utf-8\"><\/script><\/p>\n<p>&nbsp;<\/p>\n<h3 style=\"text-align: center;\">6. Mehr Aufmerksamkeit bekam nur die <a href=\"https:\/\/www.thebestsocial.media\/de\/backpfeifen-schlagkraeftige-tweets-will-smith-oliver-pocher\/\" target=\"_blank\" rel=\"noopener\">Schelle von Will Smith<\/a> an Chris Rock am gleichen Tag.<\/h3>\n<blockquote class=\"twitter-tweet\">\n<p dir=\"ltr\" lang=\"de\">Oliver Pocher spricht sich offen daf\u00fcr aus Opfern von sexuellen \u00dcbergriffen, namentlich im Fall Samra, Glauben zu schenken, kriegt daf\u00fcr aus Samras Umfeld eine Schelle und geht am Folgetag zu einer Show von Luke Mockridge, dem ebenfalls sexuelle \u00dcbergriffigkeit vorgeworfen wird. <a href=\"https:\/\/t.co\/CK4btSgvyU\">pic.twitter.com\/CK4btSgvyU<\/a><\/p>\n<p>\u2014 Gildeon (@GIIDE0N) <a href=\"https:\/\/twitter.com\/GIIDE0N\/status\/1508187594152099845?ref_src=twsrc%5Etfw\">March 27, 2022<\/a><\/p><\/blockquote>\n<p><script async src=\"https:\/\/platform.twitter.com\/widgets.js\" charset=\"utf-8\"><\/script><\/p>\n<p>&nbsp;<\/p>\n<h3 style=\"text-align: center;\">7. In guter Gesellschaft?<\/h3>\n<blockquote class=\"twitter-tweet\">\n<p dir=\"ltr\" lang=\"de\">Wenn man \u201eGaslight\u201c r\u00fcckw\u00e4rts auf einen Spiegel schreibt, erscheinen aus dem Nichts J\u00fcrgen Milksi, Jan Leyk und Oliver Pocher und posten Herzchen in deine Kommentare, weil Bros m\u00fcssen zusammenhalten und man muss ja heute eh so aufpassen als Mann.<\/p>\n<p>\u2014 commie (@thecommiemommy) <a href=\"https:\/\/twitter.com\/thecommiemommy\/status\/1430031857895321618?ref_src=twsrc%5Etfw\">August 24, 2021<\/a><\/p><\/blockquote>\n<p><script async src=\"https:\/\/platform.twitter.com\/widgets.js\" charset=\"utf-8\"><\/script><\/p>\n<p>&nbsp;<\/p>\n<h3 style=\"text-align: center;\">8. Wenn man es einmal gesehen hat, kann man es nicht mehr ungesehen machen.<\/h3>\n<blockquote class=\"twitter-tweet\">\n<p dir=\"ltr\" lang=\"de\">Boris Johnson sieht aus, als w\u00fcrde sich Oliver Pocher als Donald Trump verkleiden. <a href=\"https:\/\/t.co\/FzKdCu9i46\">pic.twitter.com\/FzKdCu9i46<\/a><\/p>\n<p>\u2014 Gavin Karlmeier (@gavinkarlmeier) <a href=\"https:\/\/twitter.com\/gavinkarlmeier\/status\/746272470580199429?ref_src=twsrc%5Etfw\">June 24, 2016<\/a><\/p><\/blockquote>\n<p><script async src=\"https:\/\/platform.twitter.com\/widgets.js\" charset=\"utf-8\"><\/script><\/p>\n<p>&nbsp;<\/p>\n<h3 style=\"text-align: center;\">9. Das wird <a href=\"https:\/\/www.thebestsocial.media\/de\/mario-bart-comedian-nicht-lustig-mariobarth-lachen-humor-standup\/\" target=\"_blank\" rel=\"noopener\">Mario Barth<\/a> aber nicht gefallen.<\/h3>\n<blockquote class=\"twitter-tweet\">\n<p dir=\"ltr\" lang=\"de\">&#8222;Laut einer Umfrage ist Oliver Pocher der unlustigste Comedian.&#8220;<\/p>\n<p>Ist Mario Barth was zugesto\u00dfen?<\/p>\n<p>\u2014 Rebel (@rebel_berlin) <a href=\"https:\/\/twitter.com\/rebel_berlin\/status\/670230649316515840?ref_src=twsrc%5Etfw\">November 27, 2015<\/a><\/p><\/blockquote>\n<p><script async src=\"https:\/\/platform.twitter.com\/widgets.js\" charset=\"utf-8\"><\/script><\/p>\n<p>&nbsp;<\/p>\n<h3 style=\"text-align: center;\">10. Sieht besser aus der Ferne aus.<\/h3>\n<blockquote class=\"twitter-tweet\">\n<p dir=\"ltr\" lang=\"de\">Dinge die mich immer sehr w\u00fctend machen:<\/p>\n<p>&#8211; Nazis<br \/>\n&#8211; Oliver Pocher<br \/>\n&#8211; Parkpl\u00e4tze die sich aus der N\u00e4he als Smarts entpuppen<\/p>\n<p>\u2014 Stullen-Andreas (@an_dy_wand) <a href=\"https:\/\/twitter.com\/an_dy_wand\/status\/1339219345126395905?ref_src=twsrc%5Etfw\">December 16, 2020<\/a><\/p><\/blockquote>\n<p><script async src=\"https:\/\/platform.twitter.com\/widgets.js\" charset=\"utf-8\"><\/script><\/p>\n<p>&nbsp;<\/p>\n<h3 style=\"text-align: center;\">11. 2020 war ein hartes Jahr.<\/h3>\n<blockquote class=\"twitter-tweet\">\n<p dir=\"ltr\" lang=\"de\">Gilt die mediale R\u00fcckkehr von Oliver Pocher eigentlich auch schon als eine der Katastrophen von 2020?<\/p>\n<p>\u2014 Rick Garrido (@RickGPunkt) <a href=\"https:\/\/twitter.com\/RickGPunkt\/status\/1268891576023080960?ref_src=twsrc%5Etfw\">June 5, 2020<\/a><\/p><\/blockquote>\n<p><script src=\"https:\/\/platform.twitter.com\/widgets.js\" async=\"\" charset=\"utf-8\"><\/script><\/p>\n<p>&nbsp;<\/p>\n<h3 style=\"text-align: center;\">12. Spoiler: Der Wunsch wurde nicht erf\u00fcllt.<\/h3>\n<blockquote class=\"twitter-tweet\">\n<p dir=\"ltr\" lang=\"de\">f\u00fcr 2021 w\u00fcnsche ich mir dass oliver pocher seine schnauze h\u00e4lt<\/p>\n<p>\u2014 dj lotti (@donculotte) <a href=\"https:\/\/twitter.com\/donculotte\/status\/1344353422263390208?ref_src=twsrc%5Etfw\">December 30, 2020<\/a><\/p><\/blockquote>\n<p><script async src=\"https:\/\/platform.twitter.com\/widgets.js\" charset=\"utf-8\"><\/script><\/p>\n<p>&nbsp;<\/p>\n<h3 style=\"text-align: center;\">13. Lief nicht ganz so mega.<\/h3>\n<blockquote class=\"twitter-tweet\">\n<p dir=\"ltr\" lang=\"de\">Also in meinen Augen ist der doch ideal gelaufen <a href=\"https:\/\/t.co\/10t98w1OEP\">pic.twitter.com\/10t98w1OEP<\/a><\/p>\n<p>\u2014 commie (@thecommiemommy) <a href=\"https:\/\/twitter.com\/thecommiemommy\/status\/1561786324591558656?ref_src=twsrc%5Etfw\">August 22, 2022<\/a><\/p><\/blockquote>\n<p><script async src=\"https:\/\/platform.twitter.com\/widgets.js\" charset=\"utf-8\"><\/script><\/p>\n<p>&nbsp;<\/p>\n<h3 style=\"text-align: center;\">14. Drama, Baby, Drama.<\/h3>\n<blockquote class=\"twitter-tweet\">\n<p dir=\"ltr\" lang=\"de\">Oliver Pocher wie diese Kinder die von ihren Eltern aus dem Abenteuerspielplatz gezerrt werden m\u00fcssen <a href=\"https:\/\/t.co\/RNrgvxx56d\">pic.twitter.com\/RNrgvxx56d<\/a><\/p>\n<p>\u2014 Timao | TISI (@BasmatiundPepsi) <a href=\"https:\/\/twitter.com\/BasmatiundPepsi\/status\/1441819411527122947?ref_src=twsrc%5Etfw\">September 25, 2021<\/a><\/p><\/blockquote>\n<p><script src=\"https:\/\/platform.twitter.com\/widgets.js\" async=\"\" charset=\"utf-8\"><\/script><\/p>\n<p>&nbsp;<\/p>\n<h3 style=\"text-align: center;\">15. Ganz nah am Promi.<\/h3>\n<blockquote class=\"twitter-tweet\">\n<p dir=\"ltr\" lang=\"de\">An alle die glauben, sie h\u00e4tten einen schlechten Tag.<br \/>\nIch z.B. war heute schon mit Oliver Pocher im selben Raum.<br \/>\nBitte gern.<\/p>\n<p>\u2014 Decadance (@deca_dance) <a href=\"https:\/\/twitter.com\/deca_dance\/status\/896741863205613568?ref_src=twsrc%5Etfw\">August 13, 2017<\/a><\/p><\/blockquote>\n<p><script async src=\"https:\/\/platform.twitter.com\/widgets.js\" charset=\"utf-8\"><\/script><\/p>\n<p>&nbsp;<\/p>\n<h3 style=\"text-align: center;\">16. Faulheit kann man ihm eigentlich nicht vorwerfen\u2026<\/h3>\n<blockquote class=\"twitter-tweet\">\n<p dir=\"ltr\" lang=\"de\">Wei\u00df auch nicht warum man sich bei einem Tweet \u00fcber die Abneigung zu Oli Pocher mehr M\u00fche geben sollte als er die gesamten letzten 20 Jahre in seiner Karriere.<\/p>\n<p>\u2014 ROCKSTAH | NTG (@RRRockstah) <a href=\"https:\/\/twitter.com\/RRRockstah\/status\/1561459875066028032?ref_src=twsrc%5Etfw\">August 21, 2022<\/a><\/p><\/blockquote>\n<p><script src=\"https:\/\/platform.twitter.com\/widgets.js\" async=\"\" charset=\"utf-8\"><\/script><\/p>\n<p>&nbsp;<\/p>\n<h3 style=\"text-align: center;\">17. Eigentlich hat sich nichts ge\u00e4ndert.<\/h3>\n<blockquote class=\"twitter-tweet\">\n<p dir=\"ltr\" lang=\"de\">Ich w\u00fcrde Oliver Pocher so gerne boykottieren, aber das mache ich genau genommen schon immer. \ud83e\udd37\ud83c\udffc\u200d\u2642\ufe0f<\/p>\n<p>\u2014 Mario Sixtus \ud83c\udded\ud83c\uddf0\u99ac\u516d (@sixtus) <a href=\"https:\/\/twitter.com\/sixtus\/status\/1444753268081668102?ref_src=twsrc%5Etfw\">October 3, 2021<\/a><\/p><\/blockquote>\n<p><script async src=\"https:\/\/platform.twitter.com\/widgets.js\" charset=\"utf-8\"><\/script><\/p>\n<p>&nbsp;<\/p>\n<h3 style=\"text-align: center;\">18. Auf den ersten Blick\u2026<\/h3>\n<blockquote class=\"twitter-tweet\">\n<p dir=\"ltr\" lang=\"de\">Ich h\u00e4tte nie damit gerechnet, aber jetzt w\u00fcnsche ich Michael Wendler und Oliver Pocher einfach nur von Herzen alles Gute. <a href=\"https:\/\/t.co\/9IjoypgEcT\">pic.twitter.com\/9IjoypgEcT<\/a><\/p>\n<p>\u2014 Wayne Schlegel (@WayneSchlegel_) <a href=\"https:\/\/twitter.com\/WayneSchlegel_\/status\/1331122879698784256?ref_src=twsrc%5Etfw\">November 24, 2020<\/a><\/p><\/blockquote>\n<p style=\"text-align: center;\"><script src=\"https:\/\/platform.twitter.com\/widgets.js\" async=\"\" charset=\"utf-8\"><\/script><\/p>\n<p style=\"text-align: center;\"><strong>___<\/strong><br \/>\n<strong>Vielen Dank an alle f\u00fcr die Posts!<\/strong><\/p>\n<p style=\"text-align: center;\"><strong>___<\/strong><\/p>\n<p style=\"text-align: center;\">Auf der Suche nach einem spannenden Praktikum, ohne Kaffeekochen und Kopieren, daf\u00fcr aber mit Verg\u00fctung? <a href=\"https:\/\/www.thebestsocialjobs.com\/de\/stelle\/praktikant-redaktion-the-best-social-media\/\" target=\"_blank\" rel=\"noopener\">Hier<\/a> entlang!<\/p>\n","protected":false},"excerpt":{"rendered":"<p>Mit seiner Bildschirmkontrolle auf Instagram hat Oliver Pocher nicht nur seine Followerzahlen erh\u00f6ht, sondern auch die Anzahl derer, die ihn eigentlich gar nicht so lustig&#8230;<\/p>\n","protected":false},"author":90,"featured_media":164981,"comment_status":"open","ping_status":"open","sticky":false,"template":"","format":"standard","meta":{"_acf_changed":false,"footnotes":""},"categories":[1728,35],"tags":[2654,929,879],"class_list":["post-164954","post","type-post","status-publish","format-standard","has-post-thumbnail","hentry","category-humor","category-twitter","tag-comedian","tag-influencer","tag-oliver-pocher"],"acf":[],"yoast_head":"<!-- This site is optimized with the Yoast SEO plugin v27.5 - https:\/\/yoast.com\/product\/yoast-seo-wordpress\/ -->\n<title>18 Leute, die \u00fcber Oliver Pocher nicht lachen k\u00f6nnen<\/title>\n<meta name=\"description\" content=\"Oliver Pocher wurde er im Megapark auf Mallorca von der B\u00fchne gebuht. Aber auch online feiern nicht alle den Comedian: 18 Leute finden ihn gar nicht lustig.\" \/>\n<meta name=\"robots\" content=\"index, follow, max-snippet:-1, max-image-preview:large, max-video-preview:-1\" \/>\n<link rel=\"canonical\" href=\"https:\/\/www.thebestsocial.media\/de\/18-leute-die-ueber-oliver-pocher-nicht-lachen-koennen\/\" \/>\n<meta property=\"og:locale\" content=\"de_DE\" \/>\n<meta property=\"og:type\" content=\"article\" \/>\n<meta property=\"og:title\" content=\"18 Leute, die \u00fcber Oliver Pocher nicht lachen k\u00f6nnen\" \/>\n<meta property=\"og:description\" content=\"Oliver Pocher wurde er im Megapark auf Mallorca von der B\u00fchne gebuht. Aber auch online feiern nicht alle den Comedian: 18 Leute finden ihn gar nicht lustig.\" \/>\n<meta property=\"og:url\" content=\"https:\/\/www.thebestsocial.media\/de\/18-leute-die-ueber-oliver-pocher-nicht-lachen-koennen\/\" \/>\n<meta property=\"og:site_name\" content=\"The Best Social Media DE\" \/>\n<meta property=\"article:published_time\" content=\"2022-08-24T15:12:52+00:00\" \/>\n<meta property=\"article:modified_time\" content=\"2022-08-25T11:18:57+00:00\" \/>\n<meta property=\"og:image\" content=\"https:\/\/www.thebestsocial.media\/de\/wp-content\/uploads\/sites\/3\/2022\/08\/Facebook-Wiederhergestellt-2.png\" \/>\n\t<meta property=\"og:image:width\" content=\"1200\" \/>\n\t<meta property=\"og:image:height\" content=\"630\" \/>\n\t<meta property=\"og:image:type\" content=\"image\/png\" \/>\n<meta name=\"author\" content=\"Johanna\" \/>\n<meta name=\"twitter:card\" content=\"summary_large_image\" \/>\n<meta name=\"twitter:label1\" content=\"Verfasst von\" \/>\n\t<meta name=\"twitter:data1\" content=\"Johanna\" \/>\n\t<meta name=\"twitter:label2\" content=\"Gesch\u00e4tzte Lesezeit\" \/>\n\t<meta name=\"twitter:data2\" content=\"5\u00a0Minuten\" \/>\n<script type=\"application\/ld+json\" class=\"yoast-schema-graph\">{\"@context\":\"https:\\\/\\\/schema.org\",\"@graph\":[{\"@type\":\"Article\",\"@id\":\"https:\\\/\\\/www.thebestsocial.media\\\/de\\\/18-leute-die-ueber-oliver-pocher-nicht-lachen-koennen\\\/#article\",\"isPartOf\":{\"@id\":\"https:\\\/\\\/www.thebestsocial.media\\\/de\\\/18-leute-die-ueber-oliver-pocher-nicht-lachen-koennen\\\/\"},\"author\":{\"name\":\"Johanna\",\"@id\":\"https:\\\/\\\/www.thebestsocial.media\\\/de\\\/#\\\/schema\\\/person\\\/7e4e6d79bd9a1bd4abfc2c44bdca4ae5\"},\"headline\":\"18 Leute, die \u00fcber Oliver Pocher nicht lachen k\u00f6nnen\",\"datePublished\":\"2022-08-24T15:12:52+00:00\",\"dateModified\":\"2022-08-25T11:18:57+00:00\",\"mainEntityOfPage\":{\"@id\":\"https:\\\/\\\/www.thebestsocial.media\\\/de\\\/18-leute-die-ueber-oliver-pocher-nicht-lachen-koennen\\\/\"},\"wordCount\":802,\"commentCount\":0,\"image\":{\"@id\":\"https:\\\/\\\/www.thebestsocial.media\\\/de\\\/18-leute-die-ueber-oliver-pocher-nicht-lachen-koennen\\\/#primaryimage\"},\"thumbnailUrl\":\"https:\\\/\\\/www.thebestsocial.media\\\/de\\\/wp-content\\\/uploads\\\/sites\\\/3\\\/2022\\\/08\\\/Zitrone.png\",\"keywords\":[\"Comedian\",\"Influencer\",\"Oliver Pocher\"],\"articleSection\":[\"Humor\",\"Twitter\"],\"inLanguage\":\"de\",\"potentialAction\":[{\"@type\":\"CommentAction\",\"name\":\"Comment\",\"target\":[\"https:\\\/\\\/www.thebestsocial.media\\\/de\\\/18-leute-die-ueber-oliver-pocher-nicht-lachen-koennen\\\/#respond\"]}]},{\"@type\":\"WebPage\",\"@id\":\"https:\\\/\\\/www.thebestsocial.media\\\/de\\\/18-leute-die-ueber-oliver-pocher-nicht-lachen-koennen\\\/\",\"url\":\"https:\\\/\\\/www.thebestsocial.media\\\/de\\\/18-leute-die-ueber-oliver-pocher-nicht-lachen-koennen\\\/\",\"name\":\"18 Leute, die \u00fcber Oliver Pocher nicht lachen k\u00f6nnen\",\"isPartOf\":{\"@id\":\"https:\\\/\\\/www.thebestsocial.media\\\/de\\\/#website\"},\"primaryImageOfPage\":{\"@id\":\"https:\\\/\\\/www.thebestsocial.media\\\/de\\\/18-leute-die-ueber-oliver-pocher-nicht-lachen-koennen\\\/#primaryimage\"},\"image\":{\"@id\":\"https:\\\/\\\/www.thebestsocial.media\\\/de\\\/18-leute-die-ueber-oliver-pocher-nicht-lachen-koennen\\\/#primaryimage\"},\"thumbnailUrl\":\"https:\\\/\\\/www.thebestsocial.media\\\/de\\\/wp-content\\\/uploads\\\/sites\\\/3\\\/2022\\\/08\\\/Zitrone.png\",\"datePublished\":\"2022-08-24T15:12:52+00:00\",\"dateModified\":\"2022-08-25T11:18:57+00:00\",\"author\":{\"@id\":\"https:\\\/\\\/www.thebestsocial.media\\\/de\\\/#\\\/schema\\\/person\\\/7e4e6d79bd9a1bd4abfc2c44bdca4ae5\"},\"description\":\"Oliver Pocher wurde er im Megapark auf Mallorca von der B\u00fchne gebuht. Aber auch online feiern nicht alle den Comedian: 18 Leute finden ihn gar nicht lustig.\",\"breadcrumb\":{\"@id\":\"https:\\\/\\\/www.thebestsocial.media\\\/de\\\/18-leute-die-ueber-oliver-pocher-nicht-lachen-koennen\\\/#breadcrumb\"},\"inLanguage\":\"de\",\"potentialAction\":[{\"@type\":\"ReadAction\",\"target\":[\"https:\\\/\\\/www.thebestsocial.media\\\/de\\\/18-leute-die-ueber-oliver-pocher-nicht-lachen-koennen\\\/\"]}]},{\"@type\":\"ImageObject\",\"inLanguage\":\"de\",\"@id\":\"https:\\\/\\\/www.thebestsocial.media\\\/de\\\/18-leute-die-ueber-oliver-pocher-nicht-lachen-koennen\\\/#primaryimage\",\"url\":\"https:\\\/\\\/www.thebestsocial.media\\\/de\\\/wp-content\\\/uploads\\\/sites\\\/3\\\/2022\\\/08\\\/Zitrone.png\",\"contentUrl\":\"https:\\\/\\\/www.thebestsocial.media\\\/de\\\/wp-content\\\/uploads\\\/sites\\\/3\\\/2022\\\/08\\\/Zitrone.png\",\"width\":843,\"height\":475},{\"@type\":\"BreadcrumbList\",\"@id\":\"https:\\\/\\\/www.thebestsocial.media\\\/de\\\/18-leute-die-ueber-oliver-pocher-nicht-lachen-koennen\\\/#breadcrumb\",\"itemListElement\":[{\"@type\":\"ListItem\",\"position\":1,\"name\":\"Home\",\"item\":\"https:\\\/\\\/www.thebestsocial.media\\\/de\\\/\"},{\"@type\":\"ListItem\",\"position\":2,\"name\":\"18 Leute, die \u00fcber Oliver Pocher nicht lachen k\u00f6nnen\"}]},{\"@type\":\"WebSite\",\"@id\":\"https:\\\/\\\/www.thebestsocial.media\\\/de\\\/#website\",\"url\":\"https:\\\/\\\/www.thebestsocial.media\\\/de\\\/\",\"name\":\"The Best Social Media DE\",\"description\":\"\",\"potentialAction\":[{\"@type\":\"SearchAction\",\"target\":{\"@type\":\"EntryPoint\",\"urlTemplate\":\"https:\\\/\\\/www.thebestsocial.media\\\/de\\\/?s={search_term_string}\"},\"query-input\":{\"@type\":\"PropertyValueSpecification\",\"valueRequired\":true,\"valueName\":\"search_term_string\"}}],\"inLanguage\":\"de\"},{\"@type\":\"Person\",\"@id\":\"https:\\\/\\\/www.thebestsocial.media\\\/de\\\/#\\\/schema\\\/person\\\/7e4e6d79bd9a1bd4abfc2c44bdca4ae5\",\"name\":\"Johanna\",\"image\":{\"@type\":\"ImageObject\",\"inLanguage\":\"de\",\"@id\":\"https:\\\/\\\/secure.gravatar.com\\\/avatar\\\/75ce1fe18a6340c6127d32732e3615cd7010e7ce8c30f9e6460ebb4736008f68?s=96&d=mm&r=g\",\"url\":\"https:\\\/\\\/secure.gravatar.com\\\/avatar\\\/75ce1fe18a6340c6127d32732e3615cd7010e7ce8c30f9e6460ebb4736008f68?s=96&d=mm&r=g\",\"contentUrl\":\"https:\\\/\\\/secure.gravatar.com\\\/avatar\\\/75ce1fe18a6340c6127d32732e3615cd7010e7ce8c30f9e6460ebb4736008f68?s=96&d=mm&r=g\",\"caption\":\"Johanna\"},\"url\":\"https:\\\/\\\/www.thebestsocial.media\\\/de\\\/author\\\/johannamichaels\\\/\"}]}<\/script>\n<!-- \/ Yoast SEO plugin. -->","yoast_head_json":{"title":"18 Leute, die \u00fcber Oliver Pocher nicht lachen k\u00f6nnen","description":"Oliver Pocher wurde er im Megapark auf Mallorca von der B\u00fchne gebuht. Aber auch online feiern nicht alle den Comedian: 18 Leute finden ihn gar nicht lustig.","robots":{"index":"index","follow":"follow","max-snippet":"max-snippet:-1","max-image-preview":"max-image-preview:large","max-video-preview":"max-video-preview:-1"},"canonical":"https:\/\/www.thebestsocial.media\/de\/18-leute-die-ueber-oliver-pocher-nicht-lachen-koennen\/","og_locale":"de_DE","og_type":"article","og_title":"18 Leute, die \u00fcber Oliver Pocher nicht lachen k\u00f6nnen","og_description":"Oliver Pocher wurde er im Megapark auf Mallorca von der B\u00fchne gebuht. Aber auch online feiern nicht alle den Comedian: 18 Leute finden ihn gar nicht lustig.","og_url":"https:\/\/www.thebestsocial.media\/de\/18-leute-die-ueber-oliver-pocher-nicht-lachen-koennen\/","og_site_name":"The Best Social Media DE","article_published_time":"2022-08-24T15:12:52+00:00","article_modified_time":"2022-08-25T11:18:57+00:00","og_image":[{"width":1200,"height":630,"url":"https:\/\/www.thebestsocial.media\/de\/wp-content\/uploads\/sites\/3\/2022\/08\/Facebook-Wiederhergestellt-2.png","type":"image\/png"}],"author":"Johanna","twitter_card":"summary_large_image","twitter_misc":{"Verfasst von":"Johanna","Gesch\u00e4tzte Lesezeit":"5\u00a0Minuten"},"schema":{"@context":"https:\/\/schema.org","@graph":[{"@type":"Article","@id":"https:\/\/www.thebestsocial.media\/de\/18-leute-die-ueber-oliver-pocher-nicht-lachen-koennen\/#article","isPartOf":{"@id":"https:\/\/www.thebestsocial.media\/de\/18-leute-die-ueber-oliver-pocher-nicht-lachen-koennen\/"},"author":{"name":"Johanna","@id":"https:\/\/www.thebestsocial.media\/de\/#\/schema\/person\/7e4e6d79bd9a1bd4abfc2c44bdca4ae5"},"headline":"18 Leute, die \u00fcber Oliver Pocher nicht lachen k\u00f6nnen","datePublished":"2022-08-24T15:12:52+00:00","dateModified":"2022-08-25T11:18:57+00:00","mainEntityOfPage":{"@id":"https:\/\/www.thebestsocial.media\/de\/18-leute-die-ueber-oliver-pocher-nicht-lachen-koennen\/"},"wordCount":802,"commentCount":0,"image":{"@id":"https:\/\/www.thebestsocial.media\/de\/18-leute-die-ueber-oliver-pocher-nicht-lachen-koennen\/#primaryimage"},"thumbnailUrl":"https:\/\/www.thebestsocial.media\/de\/wp-content\/uploads\/sites\/3\/2022\/08\/Zitrone.png","keywords":["Comedian","Influencer","Oliver Pocher"],"articleSection":["Humor","Twitter"],"inLanguage":"de","potentialAction":[{"@type":"CommentAction","name":"Comment","target":["https:\/\/www.thebestsocial.media\/de\/18-leute-die-ueber-oliver-pocher-nicht-lachen-koennen\/#respond"]}]},{"@type":"WebPage","@id":"https:\/\/www.thebestsocial.media\/de\/18-leute-die-ueber-oliver-pocher-nicht-lachen-koennen\/","url":"https:\/\/www.thebestsocial.media\/de\/18-leute-die-ueber-oliver-pocher-nicht-lachen-koennen\/","name":"18 Leute, die \u00fcber Oliver Pocher nicht lachen k\u00f6nnen","isPartOf":{"@id":"https:\/\/www.thebestsocial.media\/de\/#website"},"primaryImageOfPage":{"@id":"https:\/\/www.thebestsocial.media\/de\/18-leute-die-ueber-oliver-pocher-nicht-lachen-koennen\/#primaryimage"},"image":{"@id":"https:\/\/www.thebestsocial.media\/de\/18-leute-die-ueber-oliver-pocher-nicht-lachen-koennen\/#primaryimage"},"thumbnailUrl":"https:\/\/www.thebestsocial.media\/de\/wp-content\/uploads\/sites\/3\/2022\/08\/Zitrone.png","datePublished":"2022-08-24T15:12:52+00:00","dateModified":"2022-08-25T11:18:57+00:00","author":{"@id":"https:\/\/www.thebestsocial.media\/de\/#\/schema\/person\/7e4e6d79bd9a1bd4abfc2c44bdca4ae5"},"description":"Oliver Pocher wurde er im Megapark auf Mallorca von der B\u00fchne gebuht. Aber auch online feiern nicht alle den Comedian: 18 Leute finden ihn gar nicht lustig.","breadcrumb":{"@id":"https:\/\/www.thebestsocial.media\/de\/18-leute-die-ueber-oliver-pocher-nicht-lachen-koennen\/#breadcrumb"},"inLanguage":"de","potentialAction":[{"@type":"ReadAction","target":["https:\/\/www.thebestsocial.media\/de\/18-leute-die-ueber-oliver-pocher-nicht-lachen-koennen\/"]}]},{"@type":"ImageObject","inLanguage":"de","@id":"https:\/\/www.thebestsocial.media\/de\/18-leute-die-ueber-oliver-pocher-nicht-lachen-koennen\/#primaryimage","url":"https:\/\/www.thebestsocial.media\/de\/wp-content\/uploads\/sites\/3\/2022\/08\/Zitrone.png","contentUrl":"https:\/\/www.thebestsocial.media\/de\/wp-content\/uploads\/sites\/3\/2022\/08\/Zitrone.png","width":843,"height":475},{"@type":"BreadcrumbList","@id":"https:\/\/www.thebestsocial.media\/de\/18-leute-die-ueber-oliver-pocher-nicht-lachen-koennen\/#breadcrumb","itemListElement":[{"@type":"ListItem","position":1,"name":"Home","item":"https:\/\/www.thebestsocial.media\/de\/"},{"@type":"ListItem","position":2,"name":"18 Leute, die \u00fcber Oliver Pocher nicht lachen k\u00f6nnen"}]},{"@type":"WebSite","@id":"https:\/\/www.thebestsocial.media\/de\/#website","url":"https:\/\/www.thebestsocial.media\/de\/","name":"The Best Social Media DE","description":"","potentialAction":[{"@type":"SearchAction","target":{"@type":"EntryPoint","urlTemplate":"https:\/\/www.thebestsocial.media\/de\/?s={search_term_string}"},"query-input":{"@type":"PropertyValueSpecification","valueRequired":true,"valueName":"search_term_string"}}],"inLanguage":"de"},{"@type":"Person","@id":"https:\/\/www.thebestsocial.media\/de\/#\/schema\/person\/7e4e6d79bd9a1bd4abfc2c44bdca4ae5","name":"Johanna","image":{"@type":"ImageObject","inLanguage":"de","@id":"https:\/\/secure.gravatar.com\/avatar\/75ce1fe18a6340c6127d32732e3615cd7010e7ce8c30f9e6460ebb4736008f68?s=96&d=mm&r=g","url":"https:\/\/secure.gravatar.com\/avatar\/75ce1fe18a6340c6127d32732e3615cd7010e7ce8c30f9e6460ebb4736008f68?s=96&d=mm&r=g","contentUrl":"https:\/\/secure.gravatar.com\/avatar\/75ce1fe18a6340c6127d32732e3615cd7010e7ce8c30f9e6460ebb4736008f68?s=96&d=mm&r=g","caption":"Johanna"},"url":"https:\/\/www.thebestsocial.media\/de\/author\/johannamichaels\/"}]}},"amp_enabled":true,"_links":{"self":[{"href":"https:\/\/www.thebestsocial.media\/de\/wp-json\/wp\/v2\/posts\/164954","targetHints":{"allow":["GET"]}}],"collection":[{"href":"https:\/\/www.thebestsocial.media\/de\/wp-json\/wp\/v2\/posts"}],"about":[{"href":"https:\/\/www.thebestsocial.media\/de\/wp-json\/wp\/v2\/types\/post"}],"author":[{"embeddable":true,"href":"https:\/\/www.thebestsocial.media\/de\/wp-json\/wp\/v2\/users\/90"}],"replies":[{"embeddable":true,"href":"https:\/\/www.thebestsocial.media\/de\/wp-json\/wp\/v2\/comments?post=164954"}],"version-history":[{"count":11,"href":"https:\/\/www.thebestsocial.media\/de\/wp-json\/wp\/v2\/posts\/164954\/revisions"}],"predecessor-version":[{"id":165000,"href":"https:\/\/www.thebestsocial.media\/de\/wp-json\/wp\/v2\/posts\/164954\/revisions\/165000"}],"wp:featuredmedia":[{"embeddable":true,"href":"https:\/\/www.thebestsocial.media\/de\/wp-json\/wp\/v2\/media\/164981"}],"wp:attachment":[{"href":"https:\/\/www.thebestsocial.media\/de\/wp-json\/wp\/v2\/media?parent=164954"}],"wp:term":[{"taxonomy":"category","embeddable":true,"href":"https:\/\/www.thebestsocial.media\/de\/wp-json\/wp\/v2\/categories?post=164954"},{"taxonomy":"post_tag","embeddable":true,"href":"https:\/\/www.thebestsocial.media\/de\/wp-json\/wp\/v2\/tags?post=164954"}],"curies":[{"name":"wp","href":"https:\/\/api.w.org\/{rel}","templated":true}]}}