{"id":164703,"date":"2022-08-18T11:53:59","date_gmt":"2022-08-18T11:53:59","guid":{"rendered":"https:\/\/www.thebestsocial.media\/de\/?p=164703"},"modified":"2022-08-18T11:55:16","modified_gmt":"2022-08-18T11:55:16","slug":"ikea-streicht-pommes","status":"publish","type":"post","link":"https:\/\/www.thebestsocial.media\/de\/ikea-streicht-pommes\/","title":{"rendered":"Kleine Idee, riesen Shitstorm: IKEA streicht (angeblich) Pommes vom Speiseplan und Twitter eskaliert"},"content":{"rendered":"<p>IKEA ist ja vor allem f\u00fcr eines bekannt: K\u00f6ttb&#8230;\u00e4h, M\u00f6bel. Momentan ist das schwedische Einrichtungshaus allerdings aus einem ganz anderen Grund in aller Munde bzw. Timeline. Es geht um Pommes. Auf einem Schild, das im Netz kursiert, steht, zuk\u00fcnftig w\u00fcrden nur noch Salzkartoffeln serviert, da die Zubereitung von Pommes zu viel CO2 verbrauche. Das mag einen betr\u00fcblich stimmen, denn wer mag schon keine Pommes? Auf Twitter werfen manche Leute IKEA nun allerdings Bevormundung und Umerziehung vor. Nun ja, was soll man sagen. That escalated quickly.<\/p>\n<p>&nbsp;<\/p>\n<h3>Hier das Schild mit der kontroversen Ank\u00fcndigung:<\/h3>\n<blockquote class=\"twitter-tweet\">\n<p dir=\"ltr\" lang=\"de\">Ich liebe <a href=\"https:\/\/twitter.com\/IKEA_Presse?ref_src=twsrc%5Etfw\">@IKEA_Presse<\/a> und das sage ich als Pommes-Liebhaber, der &#8222;mit ohne&#8220; diesen Fettbolzen auch was fuer seine Figur tut! <a href=\"https:\/\/twitter.com\/hashtag\/Ikea?src=hash&amp;ref_src=twsrc%5Etfw\">#Ikea<\/a> <a href=\"https:\/\/twitter.com\/hashtag\/Pommes?src=hash&amp;ref_src=twsrc%5Etfw\">#Pommes<\/a> <a href=\"https:\/\/twitter.com\/hashtag\/Nachhaltigkeit?src=hash&amp;ref_src=twsrc%5Etfw\">#Nachhaltigkeit<\/a> <a href=\"https:\/\/t.co\/LwH3eL72nS\">pic.twitter.com\/LwH3eL72nS<\/a><\/p>\n<p>\u2014 Sascha Pallenberg \ud83c\uddf9\ud83c\uddfc (\u6f58\u8cde\u4e16) (@sascha_p) <a href=\"https:\/\/twitter.com\/sascha_p\/status\/1560148241928396800?ref_src=twsrc%5Etfw\">August 18, 2022<\/a><\/p><\/blockquote>\n<p><script async src=\"https:\/\/platform.twitter.com\/widgets.js\" charset=\"utf-8\"><\/script><\/p>\n<p>&nbsp;<\/p>\n<h3>Und so h\u00f6ren sich viele der Reaktionen darauf an:<\/h3>\n<blockquote class=\"twitter-tweet\">\n<p dir=\"ltr\" lang=\"de\">Weil <a href=\"https:\/\/twitter.com\/hashtag\/IKEA?src=hash&amp;ref_src=twsrc%5Etfw\">#IKEA<\/a> keine Pommes mehr verkauft werde ich aus Protest gegen staatliche Bevormundung von linksgesteuerten Eliten den Rest meines Lebens im Widerstand verbringen und mich ausschlie\u00dflich von Pommes und Vitamintabletten ern\u00e4hren.<\/p>\n<p>\u2014 Karl (@Dekarldent) <a href=\"https:\/\/twitter.com\/Dekarldent\/status\/1560197226223247360?ref_src=twsrc%5Etfw\">August 18, 2022<\/a><\/p><\/blockquote>\n<p><script async src=\"https:\/\/platform.twitter.com\/widgets.js\" charset=\"utf-8\"><\/script><\/p>\n<p>&nbsp;<\/p>\n<h3>Klingt \u00fcbertrieben, aber unter einem aktuellen Tweet von IKEA Deutschland (auch noch ein vEgaNeS Rezept), findet man tats\u00e4chlich eine ganze Menge Kommentare wie diesen hier:<\/h3>\n<blockquote class=\"twitter-tweet\">\n<p dir=\"ltr\" lang=\"de\">In welchen deiner M\u00f6bel sind denn Pommes versteckt?<\/p>\n<p>\u2014 hb03 (@hb03cologne) <a href=\"https:\/\/twitter.com\/hb03cologne\/status\/1560143888005959681?ref_src=twsrc%5Etfw\">August 18, 2022<\/a><\/p><\/blockquote>\n<p><script async src=\"https:\/\/platform.twitter.com\/widgets.js\" charset=\"utf-8\"><\/script><\/p>\n<p>&nbsp;<\/p>\n<h3>bOYkoTT!<\/h3>\n<blockquote class=\"twitter-tweet\" data-conversation=\"none\">\n<p dir=\"ltr\" lang=\"de\">Sehr geehrte Damen und Herren von IKEA, da Sie bewusst auf Pommes verzichten, verzichte ich auch voll BEWUSST auf Ihre Ware. Ich WAR Ihre Kundin, mitfinanzierte durch meine Eink\u00e4ufe Ihre L\u00f6hne, und verbitte mir hiermit jegliche Belehrungen Ihrerseits!<\/p>\n<p>\u2014 KaMeRu Verlag (@KaMeRu_Verlag) <a href=\"https:\/\/twitter.com\/KaMeRu_Verlag\/status\/1560172397038391298?ref_src=twsrc%5Etfw\">August 18, 2022<\/a><\/p><\/blockquote>\n<p><script async src=\"https:\/\/platform.twitter.com\/widgets.js\" charset=\"utf-8\"><\/script><\/p>\n<p>&nbsp;<\/p>\n<h3>Wollen wir vielleicht alle mal einen Gang runterfahren?<\/h3>\n<blockquote class=\"twitter-tweet\">\n<p dir=\"ltr\" lang=\"de\">Nat\u00fcrlich kann man sich dar\u00fcber aufregen, wenn man bei <a href=\"https:\/\/twitter.com\/hashtag\/Ikea?src=hash&amp;ref_src=twsrc%5Etfw\">#Ikea<\/a> keine Pommes mehr bekommt. (Die waren eh nicht gut)<\/p>\n<p>Lasst uns aber mal dar\u00fcber reden, wie traurig ein Leben ist, in dem ein M\u00f6belhaus dein Lieblingsrestaurant ist.<\/p>\n<p>\u2014 Echt jetzt? (@Echtjetzt5) <a href=\"https:\/\/twitter.com\/Echtjetzt5\/status\/1560187222799929344?ref_src=twsrc%5Etfw\">August 18, 2022<\/a><\/p><\/blockquote>\n<p><script async src=\"https:\/\/platform.twitter.com\/widgets.js\" charset=\"utf-8\"><\/script><\/p>\n<p>&nbsp;<\/p>\n<h3>Jeder wei\u00df doch, dass man da eigentlich eh nur wegen der Hot Dogs hingeht!<\/h3>\n<blockquote class=\"twitter-tweet\">\n<p dir=\"ltr\" lang=\"de\">Leute regen sich jetzt wirklich dar\u00fcber auf, dass <a href=\"https:\/\/twitter.com\/hashtag\/Ikea?src=hash&amp;ref_src=twsrc%5Etfw\">#Ikea<\/a> keine Pommes mehr anbietet und wollen es zum Teil boykottieren.<\/p>\n<p>Wegen Pommes.<br \/>\nPommes, die nicht mal gut sind.<br \/>\nIn einem M\u00f6belhaus. <a href=\"https:\/\/t.co\/VG98kA27E3\">pic.twitter.com\/VG98kA27E3<\/a><\/p>\n<p>\u2014 Elfriede (@Elfriedelchen) <a href=\"https:\/\/twitter.com\/Elfriedelchen\/status\/1560021196049088513?ref_src=twsrc%5Etfw\">August 17, 2022<\/a><\/p><\/blockquote>\n<p><script async src=\"https:\/\/platform.twitter.com\/widgets.js\" charset=\"utf-8\"><\/script><\/p>\n<p>&nbsp;<\/p>\n<h3>Ist nicht schon genug los gerade?<\/h3>\n<blockquote class=\"twitter-tweet\">\n<p dir=\"ltr\" lang=\"de\">Der FReiHEITsKamPF wird also heute an einer Fritteuse in einem M\u00f6belhaus entschieden?! Leute, Leute, Leute; die Sorgen m\u00f6chte ich haben.<\/p>\n<p>\u2014 Garp (@Garpswelt) <a href=\"https:\/\/twitter.com\/Garpswelt\/status\/1560161318384160769?ref_src=twsrc%5Etfw\">August 18, 2022<\/a><\/p><\/blockquote>\n<p><script async src=\"https:\/\/platform.twitter.com\/widgets.js\" charset=\"utf-8\"><\/script><\/p>\n<p>&nbsp;<\/p>\n<h3>Dass die Umwelt bei der Entscheidung vielleicht gar nicht im Vordergrund stand, muss man ja auch mal bedenken.<\/h3>\n<blockquote class=\"twitter-tweet\">\n<p dir=\"ltr\" lang=\"de\">Habe heute gelernt, dass es bei IKEA mal Pommes gab. Jetzt mal ehrlich, wer hat jemals bei IKEA Pommes gegessen??? Die Pommes abzuschaffen war bestimmt eine reine BWLer Rechnung und die Marketingabteilung dachte sich, da machen wir was draus. <a href=\"https:\/\/twitter.com\/hashtag\/Pommes?src=hash&amp;ref_src=twsrc%5Etfw\">#Pommes<\/a> <a href=\"https:\/\/twitter.com\/hashtag\/IKEA?src=hash&amp;ref_src=twsrc%5Etfw\">#IKEA<\/a><\/p>\n<p>\u2014 Prof. Misanthrop (@prof_misanthrop) <a href=\"https:\/\/twitter.com\/prof_misanthrop\/status\/1560023681715298304?ref_src=twsrc%5Etfw\">August 17, 2022<\/a><\/p><\/blockquote>\n<p><script async src=\"https:\/\/platform.twitter.com\/widgets.js\" charset=\"utf-8\"><\/script><\/p>\n<p>&nbsp;<\/p>\n<h3>Mal davon abgesehen, dass es sicher validere Gr\u00fcnde f\u00fcr Kritik an IKEA gibt&#8230;<\/h3>\n<blockquote class=\"twitter-tweet\">\n<p dir=\"ltr\" lang=\"de\">Wenn IKEA schon was aus dem Sortiment nimmt, wie w\u00e4re es dann bitte einfach mit der Produktion aus illegal gerodetem Holz?<\/p>\n<p>\u2014 \ud835\ude3c\ud835\ude63\ud835\ude69\ud835\ude5e \u1d58\u207f\u1d48 \u1d48\u1d49\u02b3 \u0166l\u1951\u1d6f\u0131\u10d8\u100c\u053e \ud83d\udc41 (@AntiGegnaz) <a href=\"https:\/\/twitter.com\/AntiGegnaz\/status\/1560200209522692097?ref_src=twsrc%5Etfw\">August 18, 2022<\/a><\/p><\/blockquote>\n<p><script async src=\"https:\/\/platform.twitter.com\/widgets.js\" charset=\"utf-8\"><\/script><\/p>\n<p>&nbsp;<\/p>\n<h3>Die absolute Kirsche auf der Torte ist nur noch dieser PLOTTWIST!<\/h3>\n<blockquote class=\"twitter-tweet\">\n<p dir=\"ltr\" lang=\"de\">Jetzt wird es ganz wild. POMMES WAREN NOCH NIE FESTER BESTANDTEIL DES GASTRONOMIEANGEBOTS von <a href=\"https:\/\/twitter.com\/hashtag\/IKEA?src=hash&amp;ref_src=twsrc%5Etfw\">#IKEA<\/a>. Wie soll man jetzt noch wissen, ob die einen umerziehen wollen oder nicht \ud83d\ude30<a href=\"https:\/\/t.co\/wRqIHJy3Ax\">https:\/\/t.co\/wRqIHJy3Ax<\/a> <a href=\"https:\/\/t.co\/DgqnA5oSeJ\">pic.twitter.com\/DgqnA5oSeJ<\/a><\/p>\n<p>\u2014 Mareile (@Hoellenaufsicht) <a href=\"https:\/\/twitter.com\/Hoellenaufsicht\/status\/1560221700666564615?ref_src=twsrc%5Etfw\">August 18, 2022<\/a><\/p><\/blockquote>\n<p><script async src=\"https:\/\/platform.twitter.com\/widgets.js\" charset=\"utf-8\"><\/script><\/p>\n<p><strong>___<\/strong><br \/>\n<strong>Vielen Dank an alle f\u00fcr die Posts!<\/strong><\/p>\n<p><strong>___<\/strong><\/p>\n<p>Auf der Suche nach einem spannenden Praktikum, ohne Kaffeekochen und Kopieren, daf\u00fcr aber mit Verg\u00fctung?\u00a0<a href=\"https:\/\/www.thebestsocialjobs.com\/de\/stelle\/praktikant-redaktion-the-best-social-media\/\" target=\"_blank\" rel=\"noopener\">Hier<\/a>\u00a0entlang!<\/p>\n","protected":false},"excerpt":{"rendered":"<p>IKEA ist ja vor allem f\u00fcr eines bekannt: K\u00f6ttb&#8230;\u00e4h, M\u00f6bel. Momentan ist das schwedische Einrichtungshaus allerdings aus einem ganz anderen Grund in aller Munde bzw&#8230;.<\/p>\n","protected":false},"author":73,"featured_media":164729,"comment_status":"open","ping_status":"open","sticky":false,"template":"","format":"standard","meta":{"_acf_changed":false,"footnotes":""},"categories":[35,2404],"tags":[47,1661,680],"class_list":["post-164703","post","type-post","status-publish","format-standard","has-post-thumbnail","hentry","category-twitter","category-wtf","tag-ikea","tag-pommes","tag-shitstorm"],"acf":[],"yoast_head":"<!-- This site is optimized with the Yoast SEO plugin v27.5 - https:\/\/yoast.com\/product\/yoast-seo-wordpress\/ -->\n<title>IKEA streicht (angeblich) Pommes vom Speiseplan und Twitter eskaliert<\/title>\n<meta name=\"robots\" content=\"index, follow, max-snippet:-1, max-image-preview:large, max-video-preview:-1\" \/>\n<link rel=\"canonical\" href=\"https:\/\/www.thebestsocial.media\/de\/ikea-streicht-pommes\/\" \/>\n<meta property=\"og:locale\" content=\"de_DE\" \/>\n<meta property=\"og:type\" content=\"article\" \/>\n<meta property=\"og:title\" content=\"F\u00fcr die Umwelt: IKEA streicht (angeblich) Pommes vom Speiseplan und Twitter eskaliert\" \/>\n<meta property=\"og:description\" content=\"IKEA ist ja vor allem f\u00fcr eines bekannt: K\u00f6ttb&#8230;\u00e4h, M\u00f6bel. Momentan ist das schwedische Einrichtungshaus allerdings aus einem ganz anderen Grund in aller Munde bzw....\" \/>\n<meta property=\"og:url\" content=\"https:\/\/www.thebestsocial.media\/de\/ikea-streicht-pommes\/\" \/>\n<meta property=\"og:site_name\" content=\"The Best Social Media DE\" \/>\n<meta property=\"article:published_time\" content=\"2022-08-18T11:53:59+00:00\" \/>\n<meta property=\"article:modified_time\" content=\"2022-08-18T11:55:16+00:00\" \/>\n<meta property=\"og:image\" content=\"https:\/\/www.thebestsocial.media\/de\/wp-content\/uploads\/sites\/3\/2022\/08\/header-ikeapommes.png\" \/>\n\t<meta property=\"og:image:width\" content=\"1200\" \/>\n\t<meta property=\"og:image:height\" content=\"630\" \/>\n\t<meta property=\"og:image:type\" content=\"image\/png\" \/>\n<meta name=\"author\" content=\"Helene Mei\u00dfner\" \/>\n<meta name=\"twitter:card\" content=\"summary_large_image\" \/>\n<meta name=\"twitter:label1\" content=\"Verfasst von\" \/>\n\t<meta name=\"twitter:data1\" content=\"Helene Mei\u00dfner\" \/>\n\t<meta name=\"twitter:label2\" content=\"Gesch\u00e4tzte Lesezeit\" \/>\n\t<meta name=\"twitter:data2\" content=\"4\u00a0Minuten\" \/>\n<script type=\"application\/ld+json\" class=\"yoast-schema-graph\">{\"@context\":\"https:\\\/\\\/schema.org\",\"@graph\":[{\"@type\":\"Article\",\"@id\":\"https:\\\/\\\/www.thebestsocial.media\\\/de\\\/ikea-streicht-pommes\\\/#article\",\"isPartOf\":{\"@id\":\"https:\\\/\\\/www.thebestsocial.media\\\/de\\\/ikea-streicht-pommes\\\/\"},\"author\":{\"name\":\"Helene Mei\u00dfner\",\"@id\":\"https:\\\/\\\/www.thebestsocial.media\\\/de\\\/#\\\/schema\\\/person\\\/6267acc046505b90b912687a039220df\"},\"headline\":\"Kleine Idee, riesen Shitstorm: IKEA streicht (angeblich) Pommes vom Speiseplan und Twitter eskaliert\",\"datePublished\":\"2022-08-18T11:53:59+00:00\",\"dateModified\":\"2022-08-18T11:55:16+00:00\",\"mainEntityOfPage\":{\"@id\":\"https:\\\/\\\/www.thebestsocial.media\\\/de\\\/ikea-streicht-pommes\\\/\"},\"wordCount\":611,\"commentCount\":0,\"image\":{\"@id\":\"https:\\\/\\\/www.thebestsocial.media\\\/de\\\/ikea-streicht-pommes\\\/#primaryimage\"},\"thumbnailUrl\":\"https:\\\/\\\/www.thebestsocial.media\\\/de\\\/wp-content\\\/uploads\\\/sites\\\/3\\\/2022\\\/08\\\/pexels-alexander-isreb-1797405-scaled.jpg\",\"keywords\":[\"ikea\",\"pommes\",\"shitstorm\"],\"articleSection\":[\"Twitter\",\"WTF\"],\"inLanguage\":\"de\",\"potentialAction\":[{\"@type\":\"CommentAction\",\"name\":\"Comment\",\"target\":[\"https:\\\/\\\/www.thebestsocial.media\\\/de\\\/ikea-streicht-pommes\\\/#respond\"]}]},{\"@type\":\"WebPage\",\"@id\":\"https:\\\/\\\/www.thebestsocial.media\\\/de\\\/ikea-streicht-pommes\\\/\",\"url\":\"https:\\\/\\\/www.thebestsocial.media\\\/de\\\/ikea-streicht-pommes\\\/\",\"name\":\"IKEA streicht (angeblich) Pommes vom Speiseplan und Twitter eskaliert\",\"isPartOf\":{\"@id\":\"https:\\\/\\\/www.thebestsocial.media\\\/de\\\/#website\"},\"primaryImageOfPage\":{\"@id\":\"https:\\\/\\\/www.thebestsocial.media\\\/de\\\/ikea-streicht-pommes\\\/#primaryimage\"},\"image\":{\"@id\":\"https:\\\/\\\/www.thebestsocial.media\\\/de\\\/ikea-streicht-pommes\\\/#primaryimage\"},\"thumbnailUrl\":\"https:\\\/\\\/www.thebestsocial.media\\\/de\\\/wp-content\\\/uploads\\\/sites\\\/3\\\/2022\\\/08\\\/pexels-alexander-isreb-1797405-scaled.jpg\",\"datePublished\":\"2022-08-18T11:53:59+00:00\",\"dateModified\":\"2022-08-18T11:55:16+00:00\",\"author\":{\"@id\":\"https:\\\/\\\/www.thebestsocial.media\\\/de\\\/#\\\/schema\\\/person\\\/6267acc046505b90b912687a039220df\"},\"breadcrumb\":{\"@id\":\"https:\\\/\\\/www.thebestsocial.media\\\/de\\\/ikea-streicht-pommes\\\/#breadcrumb\"},\"inLanguage\":\"de\",\"potentialAction\":[{\"@type\":\"ReadAction\",\"target\":[\"https:\\\/\\\/www.thebestsocial.media\\\/de\\\/ikea-streicht-pommes\\\/\"]}]},{\"@type\":\"ImageObject\",\"inLanguage\":\"de\",\"@id\":\"https:\\\/\\\/www.thebestsocial.media\\\/de\\\/ikea-streicht-pommes\\\/#primaryimage\",\"url\":\"https:\\\/\\\/www.thebestsocial.media\\\/de\\\/wp-content\\\/uploads\\\/sites\\\/3\\\/2022\\\/08\\\/pexels-alexander-isreb-1797405-scaled.jpg\",\"contentUrl\":\"https:\\\/\\\/www.thebestsocial.media\\\/de\\\/wp-content\\\/uploads\\\/sites\\\/3\\\/2022\\\/08\\\/pexels-alexander-isreb-1797405-scaled.jpg\",\"width\":2560,\"height\":1707},{\"@type\":\"BreadcrumbList\",\"@id\":\"https:\\\/\\\/www.thebestsocial.media\\\/de\\\/ikea-streicht-pommes\\\/#breadcrumb\",\"itemListElement\":[{\"@type\":\"ListItem\",\"position\":1,\"name\":\"Home\",\"item\":\"https:\\\/\\\/www.thebestsocial.media\\\/de\\\/\"},{\"@type\":\"ListItem\",\"position\":2,\"name\":\"Kleine Idee, riesen Shitstorm: IKEA streicht (angeblich) Pommes vom Speiseplan und Twitter eskaliert\"}]},{\"@type\":\"WebSite\",\"@id\":\"https:\\\/\\\/www.thebestsocial.media\\\/de\\\/#website\",\"url\":\"https:\\\/\\\/www.thebestsocial.media\\\/de\\\/\",\"name\":\"The Best Social Media DE\",\"description\":\"\",\"potentialAction\":[{\"@type\":\"SearchAction\",\"target\":{\"@type\":\"EntryPoint\",\"urlTemplate\":\"https:\\\/\\\/www.thebestsocial.media\\\/de\\\/?s={search_term_string}\"},\"query-input\":{\"@type\":\"PropertyValueSpecification\",\"valueRequired\":true,\"valueName\":\"search_term_string\"}}],\"inLanguage\":\"de\"},{\"@type\":\"Person\",\"@id\":\"https:\\\/\\\/www.thebestsocial.media\\\/de\\\/#\\\/schema\\\/person\\\/6267acc046505b90b912687a039220df\",\"name\":\"Helene Mei\u00dfner\",\"image\":{\"@type\":\"ImageObject\",\"inLanguage\":\"de\",\"@id\":\"https:\\\/\\\/secure.gravatar.com\\\/avatar\\\/6639fc0397860ac2c2e11b018c1f14be4a46c2378a91ac1b35730b724675daa8?s=96&d=mm&r=g\",\"url\":\"https:\\\/\\\/secure.gravatar.com\\\/avatar\\\/6639fc0397860ac2c2e11b018c1f14be4a46c2378a91ac1b35730b724675daa8?s=96&d=mm&r=g\",\"contentUrl\":\"https:\\\/\\\/secure.gravatar.com\\\/avatar\\\/6639fc0397860ac2c2e11b018c1f14be4a46c2378a91ac1b35730b724675daa8?s=96&d=mm&r=g\",\"caption\":\"Helene Mei\u00dfner\"},\"description\":\"Kommt aus Berlin und hat dementsprechend nat\u00fcrlich irgendwas mit Medien studiert. Verlegt oft Dinge, w\u00e4hrend sie sie in der Hand h\u00e4lt. Findet Kauger\u00e4usche unausstehlich. Hat eine Schw\u00e4che f\u00fcr Glitzer und immer mindestens 50 Tabs offen.\",\"sameAs\":[\"https:\\\/\\\/www.instagram.com\\\/he.leni\\\/\"],\"url\":\"https:\\\/\\\/www.thebestsocial.media\\\/de\\\/author\\\/helenemeissner\\\/\"}]}<\/script>\n<!-- \/ Yoast SEO plugin. -->","yoast_head_json":{"title":"IKEA streicht (angeblich) Pommes vom Speiseplan und Twitter eskaliert","robots":{"index":"index","follow":"follow","max-snippet":"max-snippet:-1","max-image-preview":"max-image-preview:large","max-video-preview":"max-video-preview:-1"},"canonical":"https:\/\/www.thebestsocial.media\/de\/ikea-streicht-pommes\/","og_locale":"de_DE","og_type":"article","og_title":"F\u00fcr die Umwelt: IKEA streicht (angeblich) Pommes vom Speiseplan und Twitter eskaliert","og_description":"IKEA ist ja vor allem f\u00fcr eines bekannt: K\u00f6ttb&#8230;\u00e4h, M\u00f6bel. Momentan ist das schwedische Einrichtungshaus allerdings aus einem ganz anderen Grund in aller Munde bzw....","og_url":"https:\/\/www.thebestsocial.media\/de\/ikea-streicht-pommes\/","og_site_name":"The Best Social Media DE","article_published_time":"2022-08-18T11:53:59+00:00","article_modified_time":"2022-08-18T11:55:16+00:00","og_image":[{"width":1200,"height":630,"url":"https:\/\/www.thebestsocial.media\/de\/wp-content\/uploads\/sites\/3\/2022\/08\/header-ikeapommes.png","type":"image\/png"}],"author":"Helene Mei\u00dfner","twitter_card":"summary_large_image","twitter_misc":{"Verfasst von":"Helene Mei\u00dfner","Gesch\u00e4tzte Lesezeit":"4\u00a0Minuten"},"schema":{"@context":"https:\/\/schema.org","@graph":[{"@type":"Article","@id":"https:\/\/www.thebestsocial.media\/de\/ikea-streicht-pommes\/#article","isPartOf":{"@id":"https:\/\/www.thebestsocial.media\/de\/ikea-streicht-pommes\/"},"author":{"name":"Helene Mei\u00dfner","@id":"https:\/\/www.thebestsocial.media\/de\/#\/schema\/person\/6267acc046505b90b912687a039220df"},"headline":"Kleine Idee, riesen Shitstorm: IKEA streicht (angeblich) Pommes vom Speiseplan und Twitter eskaliert","datePublished":"2022-08-18T11:53:59+00:00","dateModified":"2022-08-18T11:55:16+00:00","mainEntityOfPage":{"@id":"https:\/\/www.thebestsocial.media\/de\/ikea-streicht-pommes\/"},"wordCount":611,"commentCount":0,"image":{"@id":"https:\/\/www.thebestsocial.media\/de\/ikea-streicht-pommes\/#primaryimage"},"thumbnailUrl":"https:\/\/www.thebestsocial.media\/de\/wp-content\/uploads\/sites\/3\/2022\/08\/pexels-alexander-isreb-1797405-scaled.jpg","keywords":["ikea","pommes","shitstorm"],"articleSection":["Twitter","WTF"],"inLanguage":"de","potentialAction":[{"@type":"CommentAction","name":"Comment","target":["https:\/\/www.thebestsocial.media\/de\/ikea-streicht-pommes\/#respond"]}]},{"@type":"WebPage","@id":"https:\/\/www.thebestsocial.media\/de\/ikea-streicht-pommes\/","url":"https:\/\/www.thebestsocial.media\/de\/ikea-streicht-pommes\/","name":"IKEA streicht (angeblich) Pommes vom Speiseplan und Twitter eskaliert","isPartOf":{"@id":"https:\/\/www.thebestsocial.media\/de\/#website"},"primaryImageOfPage":{"@id":"https:\/\/www.thebestsocial.media\/de\/ikea-streicht-pommes\/#primaryimage"},"image":{"@id":"https:\/\/www.thebestsocial.media\/de\/ikea-streicht-pommes\/#primaryimage"},"thumbnailUrl":"https:\/\/www.thebestsocial.media\/de\/wp-content\/uploads\/sites\/3\/2022\/08\/pexels-alexander-isreb-1797405-scaled.jpg","datePublished":"2022-08-18T11:53:59+00:00","dateModified":"2022-08-18T11:55:16+00:00","author":{"@id":"https:\/\/www.thebestsocial.media\/de\/#\/schema\/person\/6267acc046505b90b912687a039220df"},"breadcrumb":{"@id":"https:\/\/www.thebestsocial.media\/de\/ikea-streicht-pommes\/#breadcrumb"},"inLanguage":"de","potentialAction":[{"@type":"ReadAction","target":["https:\/\/www.thebestsocial.media\/de\/ikea-streicht-pommes\/"]}]},{"@type":"ImageObject","inLanguage":"de","@id":"https:\/\/www.thebestsocial.media\/de\/ikea-streicht-pommes\/#primaryimage","url":"https:\/\/www.thebestsocial.media\/de\/wp-content\/uploads\/sites\/3\/2022\/08\/pexels-alexander-isreb-1797405-scaled.jpg","contentUrl":"https:\/\/www.thebestsocial.media\/de\/wp-content\/uploads\/sites\/3\/2022\/08\/pexels-alexander-isreb-1797405-scaled.jpg","width":2560,"height":1707},{"@type":"BreadcrumbList","@id":"https:\/\/www.thebestsocial.media\/de\/ikea-streicht-pommes\/#breadcrumb","itemListElement":[{"@type":"ListItem","position":1,"name":"Home","item":"https:\/\/www.thebestsocial.media\/de\/"},{"@type":"ListItem","position":2,"name":"Kleine Idee, riesen Shitstorm: IKEA streicht (angeblich) Pommes vom Speiseplan und Twitter eskaliert"}]},{"@type":"WebSite","@id":"https:\/\/www.thebestsocial.media\/de\/#website","url":"https:\/\/www.thebestsocial.media\/de\/","name":"The Best Social Media DE","description":"","potentialAction":[{"@type":"SearchAction","target":{"@type":"EntryPoint","urlTemplate":"https:\/\/www.thebestsocial.media\/de\/?s={search_term_string}"},"query-input":{"@type":"PropertyValueSpecification","valueRequired":true,"valueName":"search_term_string"}}],"inLanguage":"de"},{"@type":"Person","@id":"https:\/\/www.thebestsocial.media\/de\/#\/schema\/person\/6267acc046505b90b912687a039220df","name":"Helene Mei\u00dfner","image":{"@type":"ImageObject","inLanguage":"de","@id":"https:\/\/secure.gravatar.com\/avatar\/6639fc0397860ac2c2e11b018c1f14be4a46c2378a91ac1b35730b724675daa8?s=96&d=mm&r=g","url":"https:\/\/secure.gravatar.com\/avatar\/6639fc0397860ac2c2e11b018c1f14be4a46c2378a91ac1b35730b724675daa8?s=96&d=mm&r=g","contentUrl":"https:\/\/secure.gravatar.com\/avatar\/6639fc0397860ac2c2e11b018c1f14be4a46c2378a91ac1b35730b724675daa8?s=96&d=mm&r=g","caption":"Helene Mei\u00dfner"},"description":"Kommt aus Berlin und hat dementsprechend nat\u00fcrlich irgendwas mit Medien studiert. Verlegt oft Dinge, w\u00e4hrend sie sie in der Hand h\u00e4lt. Findet Kauger\u00e4usche unausstehlich. Hat eine Schw\u00e4che f\u00fcr Glitzer und immer mindestens 50 Tabs offen.","sameAs":["https:\/\/www.instagram.com\/he.leni\/"],"url":"https:\/\/www.thebestsocial.media\/de\/author\/helenemeissner\/"}]}},"amp_enabled":true,"_links":{"self":[{"href":"https:\/\/www.thebestsocial.media\/de\/wp-json\/wp\/v2\/posts\/164703","targetHints":{"allow":["GET"]}}],"collection":[{"href":"https:\/\/www.thebestsocial.media\/de\/wp-json\/wp\/v2\/posts"}],"about":[{"href":"https:\/\/www.thebestsocial.media\/de\/wp-json\/wp\/v2\/types\/post"}],"author":[{"embeddable":true,"href":"https:\/\/www.thebestsocial.media\/de\/wp-json\/wp\/v2\/users\/73"}],"replies":[{"embeddable":true,"href":"https:\/\/www.thebestsocial.media\/de\/wp-json\/wp\/v2\/comments?post=164703"}],"version-history":[{"count":26,"href":"https:\/\/www.thebestsocial.media\/de\/wp-json\/wp\/v2\/posts\/164703\/revisions"}],"predecessor-version":[{"id":164731,"href":"https:\/\/www.thebestsocial.media\/de\/wp-json\/wp\/v2\/posts\/164703\/revisions\/164731"}],"wp:featuredmedia":[{"embeddable":true,"href":"https:\/\/www.thebestsocial.media\/de\/wp-json\/wp\/v2\/media\/164729"}],"wp:attachment":[{"href":"https:\/\/www.thebestsocial.media\/de\/wp-json\/wp\/v2\/media?parent=164703"}],"wp:term":[{"taxonomy":"category","embeddable":true,"href":"https:\/\/www.thebestsocial.media\/de\/wp-json\/wp\/v2\/categories?post=164703"},{"taxonomy":"post_tag","embeddable":true,"href":"https:\/\/www.thebestsocial.media\/de\/wp-json\/wp\/v2\/tags?post=164703"}],"curies":[{"name":"wp","href":"https:\/\/api.w.org\/{rel}","templated":true}]}}