{"id":164096,"date":"2022-08-03T17:31:39","date_gmt":"2022-08-03T17:31:39","guid":{"rendered":"https:\/\/www.thebestsocial.media\/de\/?p=164096"},"modified":"2022-08-03T17:31:39","modified_gmt":"2022-08-03T17:31:39","slug":"olaf-scholz-besuch-bei-der-gasturbine-verblueffung-auf-twitter","status":"publish","type":"post","link":"https:\/\/www.thebestsocial.media\/de\/olaf-scholz-besuch-bei-der-gasturbine-verblueffung-auf-twitter\/","title":{"rendered":"Olaf Scholz&#8216; Besuch bei der Gasturbine: Verbl\u00fcffung auf Twitter"},"content":{"rendered":"<p>Bundeskanzler Olaf Scholz besuchte heute eine Gasturbine f\u00fcr die Gaspipeline Nord Stream 1 in M\u00fclheim an der Ruhr. Die Turbine ist bereit f\u00fcr den Weitertransport nach Russland und wird im Moment in einem Werk bei Siemens Energy zwischengelagert. Aus welchem Grund hat Olaf Scholz der Gasturbine einen Besuch abgestattet? Wir wissen&#8217;s nicht. Auch die Twittergemeinde zeigt sich ziemlich ratlos und verwirrt \u00fcber den Besuch des Kanzlers:<\/p>\n<p>&nbsp;<\/p>\n<h3>Man wartet.<\/h3>\n<blockquote class=\"twitter-tweet\">\n<p lang=\"de\" dir=\"ltr\">Wann macht die Turbine den Gegenbesuch im Kanzleramt?<\/p>\n<p>&mdash; Frank Opitz (@frank_opitz) <a href=\"https:\/\/twitter.com\/frank_opitz\/status\/1554775667635589122?ref_src=twsrc%5Etfw\">August 3, 2022<\/a><\/p><\/blockquote>\n<p> <script async src=\"https:\/\/platform.twitter.com\/widgets.js\" charset=\"utf-8\"><\/script><\/p>\n<p>&nbsp;<\/p>\n<h3>Volle Lautst\u00e4rke.<\/h3>\n<blockquote class=\"twitter-tweet\">\n<p lang=\"de\" dir=\"ltr\">Wenn der Typ auf dem Festival neben eurem Zelt seine Soundanlage aufbaut und du wei\u00dft, jetzt wird\u2019s stressig <a href=\"https:\/\/twitter.com\/hashtag\/Turbine?src=hash&amp;ref_src=twsrc%5Etfw\">#Turbine<\/a> <a href=\"https:\/\/twitter.com\/hashtag\/Scholz?src=hash&amp;ref_src=twsrc%5Etfw\">#Scholz<\/a> <a href=\"https:\/\/t.co\/DCpGrBcJMJ\">pic.twitter.com\/DCpGrBcJMJ<\/a><\/p>\n<p>&mdash; Florian Tomaszewski (@Platzwart) <a href=\"https:\/\/twitter.com\/Platzwart\/status\/1554769510221205504?ref_src=twsrc%5Etfw\">August 3, 2022<\/a><\/p><\/blockquote>\n<p> <script async src=\"https:\/\/platform.twitter.com\/widgets.js\" charset=\"utf-8\"><\/script><\/p>\n<p>&nbsp;<\/p>\n<h3>Was nicht ist, kann ja noch werden.<\/h3>\n<blockquote class=\"twitter-tweet\">\n<p lang=\"de\" dir=\"ltr\">&quot;Olaf, schau dir die Turbine an&quot; k\u00f6nnte auch ein guter Ballermann-Hit sein<\/p>\n<p>&mdash; Felix Dachsel (@xileffff) <a href=\"https:\/\/twitter.com\/xileffff\/status\/1554763449921585153?ref_src=twsrc%5Etfw\">August 3, 2022<\/a><\/p><\/blockquote>\n<p> <script async src=\"https:\/\/platform.twitter.com\/widgets.js\" charset=\"utf-8\"><\/script><\/p>\n<p>&nbsp;<\/p>\n<h3>Wollte einfach mal vorbeischauen.<\/h3>\n<blockquote class=\"twitter-tweet\">\n<p lang=\"de\" dir=\"ltr\">&#8211; Und wie war dein Arbeitstag heute so, Olaf?<br \/>&#8211; Och, ganz ok.<br \/>&#8211; Was haste denn gemacht?<br \/>&#8211; Ne Turbine besucht.<br \/>&#8211; Um Einblicke in die Fertigungsvorg\u00e4nge zu bekommen?<br \/>&#8211; Ne.<br \/>&#8211; Sondern?<br \/>&#8211; Hab nur geschaut ob sie da ist.<br \/>&#8211; Und?<br \/>&#8211; War da.<br \/>&#8211; Und dann.<br \/>&#8211; Bin ich wieder gefahren.<\/p>\n<p>&mdash; Adrian Krug (@Hasscompilation) <a href=\"https:\/\/twitter.com\/Hasscompilation\/status\/1554776361075724289?ref_src=twsrc%5Etfw\">August 3, 2022<\/a><\/p><\/blockquote>\n<p> <script async src=\"https:\/\/platform.twitter.com\/widgets.js\" charset=\"utf-8\"><\/script><\/p>\n<p>&nbsp;<\/p>\n<h3>Ganz einfach.<\/h3>\n<blockquote class=\"twitter-tweet\">\n<p lang=\"de\" dir=\"ltr\">Wenn Gazprom die Turbine nicht zur\u00fcck haben m\u00f6chte, findet sich daf\u00fcr bestimmt eine andere L\u00f6sung. <a href=\"https:\/\/t.co\/sMYi054FSx\">pic.twitter.com\/sMYi054FSx<\/a><\/p>\n<p>&mdash; extra3 (@extra3) <a href=\"https:\/\/twitter.com\/extra3\/status\/1554772355347521536?ref_src=twsrc%5Etfw\">August 3, 2022<\/a><\/p><\/blockquote>\n<p> <script async src=\"https:\/\/platform.twitter.com\/widgets.js\" charset=\"utf-8\"><\/script><\/p>\n<p>&nbsp;<\/p>\n<h3>Sowas aber auch.<\/h3>\n<blockquote class=\"twitter-tweet\">\n<p lang=\"de\" dir=\"ltr\">Olaf Scholz ist ungl\u00fccklich in eine Turbine geraten.<\/p>\n<p>&mdash; Jan B\u00f6hmermann \ud83e\udd28 (@janboehm) <a href=\"https:\/\/twitter.com\/janboehm\/status\/1554755387320041474?ref_src=twsrc%5Etfw\">August 3, 2022<\/a><\/p><\/blockquote>\n<p> <script async src=\"https:\/\/platform.twitter.com\/widgets.js\" charset=\"utf-8\"><\/script><\/p>\n<p>&nbsp;<\/p>\n<h3>Immer auf Augenh\u00f6he, bitte.<\/h3>\n<blockquote class=\"twitter-tweet\">\n<p lang=\"de\" dir=\"ltr\">Olaf Scholz besucht heute wohl die Gas-Turbine in M\u00fclheim an der Ruhr&#8230;ich hoffe der Dialog mit der Turbine verl\u00e4uft konstruktiv und in einer Atmosph\u00e4re gegenseitiger Wertsch\u00e4tzung<\/p>\n<p>&mdash; Dax Werner (@DaxWerner) <a href=\"https:\/\/twitter.com\/DaxWerner\/status\/1554697638368485377?ref_src=twsrc%5Etfw\">August 3, 2022<\/a><\/p><\/blockquote>\n<p> <script async src=\"https:\/\/platform.twitter.com\/widgets.js\" charset=\"utf-8\"><\/script><\/p>\n<p>&nbsp;<\/p>\n<h3>Nee, Pride Month ist schon vorbei.<\/h3>\n<blockquote class=\"twitter-tweet\">\n<p lang=\"de\" dir=\"ltr\"><a href=\"https:\/\/twitter.com\/hashtag\/Scholz?src=hash&amp;ref_src=twsrc%5Etfw\">#Scholz<\/a> besichtigt die ber\u00fchmte <a href=\"https:\/\/twitter.com\/hashtag\/Gasturbine?src=hash&amp;ref_src=twsrc%5Etfw\">#Gasturbine<\/a>. Hab erst gedacht, das ist ein Scherz. <br \/>Was will er denn dann feststellen? Oder wird sie vorher vielleicht <br \/>noch bunt angemalt \ud83c\udf08 ? Aber was weiss ich schon.. <br \/>Vielleicht will er ja das Ganze auch nur noch ein bisschen verz\u00f6gern \ud83e\udd14<\/p>\n<p>&mdash; Ine \u2618\ufe0f (@Ine_327) <a href=\"https:\/\/twitter.com\/Ine_327\/status\/1554735315331555329?ref_src=twsrc%5Etfw\">August 3, 2022<\/a><\/p><\/blockquote>\n<p> <script async src=\"https:\/\/platform.twitter.com\/widgets.js\" charset=\"utf-8\"><\/script><\/p>\n<p>&nbsp;<\/p>\n<p>\u2014<br \/>\nVielen Dank an alle f\u00fcr die Posts.<br \/>\n\u2014<br \/>\n<strong>Hey! Wir suchen neue Kolleg:innen! Du liebst die Internetkultur und verstehst, dass TikToks mehr als nur kurze, nervige Videos sind? Hast du bereits eine gesunde Social-Media-Sucht entwickelt? Du lebst online, wei\u00dft, was im Moment passiert ist und was morgen angesagt sein wird?\u00a0<\/strong><strong><a href=\"https:\/\/www.thebestsocialjobs.com\/de\/\">Dann werde Teil unseres Teams!<\/a><\/strong><\/p>\n<p>&nbsp;<\/p>\n","protected":false},"excerpt":{"rendered":"<p>Bundeskanzler Olaf Scholz besuchte heute eine Gasturbine f\u00fcr die Gaspipeline Nord Stream 1 in M\u00fclheim an der Ruhr. Die Turbine ist bereit f\u00fcr den Weitertransport&#8230;<\/p>\n","protected":false},"author":97,"featured_media":164111,"comment_status":"open","ping_status":"open","sticky":false,"template":"","format":"standard","meta":{"_acf_changed":false,"footnotes":""},"categories":[102,4728,35],"tags":[4401,2781,1323],"class_list":["post-164096","post","type-post","status-publish","format-standard","has-post-thumbnail","hentry","category-allgemein","category-diskussion","category-twitter","tag-olaf-scholz","tag-politiker","tag-russland"],"acf":[],"yoast_head":"<!-- This site is optimized with the Yoast SEO plugin v27.5 - https:\/\/yoast.com\/product\/yoast-seo-wordpress\/ -->\n<title>Olaf Scholz&#039; Besuch bei der Gasturbine: Verbl\u00fcffung auf Twitter<\/title>\n<meta name=\"description\" content=\"Bundeskanzler Olaf Scholz besuchte heute eine Gasturbine. Die Twittergemeinde zeigt sich verwirrt und fragt sich warum.\" \/>\n<meta name=\"robots\" content=\"index, follow, max-snippet:-1, max-image-preview:large, max-video-preview:-1\" \/>\n<link rel=\"canonical\" href=\"https:\/\/www.thebestsocial.media\/de\/olaf-scholz-besuch-bei-der-gasturbine-verblueffung-auf-twitter\/\" \/>\n<meta property=\"og:locale\" content=\"de_DE\" \/>\n<meta property=\"og:type\" content=\"article\" \/>\n<meta property=\"og:title\" content=\"Olaf Scholz&#039; Besuch bei der Gasturbine: Verbl\u00fcffung auf Twitter\" \/>\n<meta property=\"og:description\" content=\"Bundeskanzler Olaf Scholz besuchte heute eine Gasturbine. Die Twittergemeinde zeigt sich verwirrt und fragt sich warum.\" \/>\n<meta property=\"og:url\" content=\"https:\/\/www.thebestsocial.media\/de\/olaf-scholz-besuch-bei-der-gasturbine-verblueffung-auf-twitter\/\" \/>\n<meta property=\"og:site_name\" content=\"The Best Social Media DE\" \/>\n<meta property=\"article:published_time\" content=\"2022-08-03T17:31:39+00:00\" \/>\n<meta property=\"og:image\" content=\"https:\/\/www.thebestsocial.media\/de\/wp-content\/uploads\/sites\/3\/2022\/08\/header-olafturbine.png\" \/>\n\t<meta property=\"og:image:width\" content=\"1200\" \/>\n\t<meta property=\"og:image:height\" content=\"630\" \/>\n\t<meta property=\"og:image:type\" content=\"image\/png\" \/>\n<meta name=\"author\" content=\"Cristina\" \/>\n<meta name=\"twitter:card\" content=\"summary_large_image\" \/>\n<meta name=\"twitter:label1\" content=\"Verfasst von\" \/>\n\t<meta name=\"twitter:data1\" content=\"Cristina\" \/>\n\t<meta name=\"twitter:label2\" content=\"Gesch\u00e4tzte Lesezeit\" \/>\n\t<meta name=\"twitter:data2\" content=\"2\u00a0Minuten\" \/>\n<script type=\"application\/ld+json\" class=\"yoast-schema-graph\">{\"@context\":\"https:\\\/\\\/schema.org\",\"@graph\":[{\"@type\":\"Article\",\"@id\":\"https:\\\/\\\/www.thebestsocial.media\\\/de\\\/olaf-scholz-besuch-bei-der-gasturbine-verblueffung-auf-twitter\\\/#article\",\"isPartOf\":{\"@id\":\"https:\\\/\\\/www.thebestsocial.media\\\/de\\\/olaf-scholz-besuch-bei-der-gasturbine-verblueffung-auf-twitter\\\/\"},\"author\":{\"name\":\"Cristina\",\"@id\":\"https:\\\/\\\/www.thebestsocial.media\\\/de\\\/#\\\/schema\\\/person\\\/e2cd306c885c9cc48e5ea47d563cab08\"},\"headline\":\"Olaf Scholz&#8216; Besuch bei der Gasturbine: Verbl\u00fcffung auf Twitter\",\"datePublished\":\"2022-08-03T17:31:39+00:00\",\"mainEntityOfPage\":{\"@id\":\"https:\\\/\\\/www.thebestsocial.media\\\/de\\\/olaf-scholz-besuch-bei-der-gasturbine-verblueffung-auf-twitter\\\/\"},\"wordCount\":431,\"commentCount\":0,\"image\":{\"@id\":\"https:\\\/\\\/www.thebestsocial.media\\\/de\\\/olaf-scholz-besuch-bei-der-gasturbine-verblueffung-auf-twitter\\\/#primaryimage\"},\"thumbnailUrl\":\"https:\\\/\\\/www.thebestsocial.media\\\/de\\\/wp-content\\\/uploads\\\/sites\\\/3\\\/2022\\\/08\\\/pexels-pixabay-40024-scaled.jpg\",\"keywords\":[\"Olaf Scholz\",\"Politiker\",\"Russland\"],\"articleSection\":{\"1\":\"Diskussion\",\"2\":\"Twitter\"},\"inLanguage\":\"de\",\"potentialAction\":[{\"@type\":\"CommentAction\",\"name\":\"Comment\",\"target\":[\"https:\\\/\\\/www.thebestsocial.media\\\/de\\\/olaf-scholz-besuch-bei-der-gasturbine-verblueffung-auf-twitter\\\/#respond\"]}]},{\"@type\":\"WebPage\",\"@id\":\"https:\\\/\\\/www.thebestsocial.media\\\/de\\\/olaf-scholz-besuch-bei-der-gasturbine-verblueffung-auf-twitter\\\/\",\"url\":\"https:\\\/\\\/www.thebestsocial.media\\\/de\\\/olaf-scholz-besuch-bei-der-gasturbine-verblueffung-auf-twitter\\\/\",\"name\":\"Olaf Scholz' Besuch bei der Gasturbine: Verbl\u00fcffung auf Twitter\",\"isPartOf\":{\"@id\":\"https:\\\/\\\/www.thebestsocial.media\\\/de\\\/#website\"},\"primaryImageOfPage\":{\"@id\":\"https:\\\/\\\/www.thebestsocial.media\\\/de\\\/olaf-scholz-besuch-bei-der-gasturbine-verblueffung-auf-twitter\\\/#primaryimage\"},\"image\":{\"@id\":\"https:\\\/\\\/www.thebestsocial.media\\\/de\\\/olaf-scholz-besuch-bei-der-gasturbine-verblueffung-auf-twitter\\\/#primaryimage\"},\"thumbnailUrl\":\"https:\\\/\\\/www.thebestsocial.media\\\/de\\\/wp-content\\\/uploads\\\/sites\\\/3\\\/2022\\\/08\\\/pexels-pixabay-40024-scaled.jpg\",\"datePublished\":\"2022-08-03T17:31:39+00:00\",\"author\":{\"@id\":\"https:\\\/\\\/www.thebestsocial.media\\\/de\\\/#\\\/schema\\\/person\\\/e2cd306c885c9cc48e5ea47d563cab08\"},\"description\":\"Bundeskanzler Olaf Scholz besuchte heute eine Gasturbine. Die Twittergemeinde zeigt sich verwirrt und fragt sich warum.\",\"breadcrumb\":{\"@id\":\"https:\\\/\\\/www.thebestsocial.media\\\/de\\\/olaf-scholz-besuch-bei-der-gasturbine-verblueffung-auf-twitter\\\/#breadcrumb\"},\"inLanguage\":\"de\",\"potentialAction\":[{\"@type\":\"ReadAction\",\"target\":[\"https:\\\/\\\/www.thebestsocial.media\\\/de\\\/olaf-scholz-besuch-bei-der-gasturbine-verblueffung-auf-twitter\\\/\"]}]},{\"@type\":\"ImageObject\",\"inLanguage\":\"de\",\"@id\":\"https:\\\/\\\/www.thebestsocial.media\\\/de\\\/olaf-scholz-besuch-bei-der-gasturbine-verblueffung-auf-twitter\\\/#primaryimage\",\"url\":\"https:\\\/\\\/www.thebestsocial.media\\\/de\\\/wp-content\\\/uploads\\\/sites\\\/3\\\/2022\\\/08\\\/pexels-pixabay-40024-scaled.jpg\",\"contentUrl\":\"https:\\\/\\\/www.thebestsocial.media\\\/de\\\/wp-content\\\/uploads\\\/sites\\\/3\\\/2022\\\/08\\\/pexels-pixabay-40024-scaled.jpg\",\"width\":2560,\"height\":1709},{\"@type\":\"BreadcrumbList\",\"@id\":\"https:\\\/\\\/www.thebestsocial.media\\\/de\\\/olaf-scholz-besuch-bei-der-gasturbine-verblueffung-auf-twitter\\\/#breadcrumb\",\"itemListElement\":[{\"@type\":\"ListItem\",\"position\":1,\"name\":\"Home\",\"item\":\"https:\\\/\\\/www.thebestsocial.media\\\/de\\\/\"},{\"@type\":\"ListItem\",\"position\":2,\"name\":\"Olaf Scholz&#8216; Besuch bei der Gasturbine: Verbl\u00fcffung auf Twitter\"}]},{\"@type\":\"WebSite\",\"@id\":\"https:\\\/\\\/www.thebestsocial.media\\\/de\\\/#website\",\"url\":\"https:\\\/\\\/www.thebestsocial.media\\\/de\\\/\",\"name\":\"The Best Social Media DE\",\"description\":\"\",\"potentialAction\":[{\"@type\":\"SearchAction\",\"target\":{\"@type\":\"EntryPoint\",\"urlTemplate\":\"https:\\\/\\\/www.thebestsocial.media\\\/de\\\/?s={search_term_string}\"},\"query-input\":{\"@type\":\"PropertyValueSpecification\",\"valueRequired\":true,\"valueName\":\"search_term_string\"}}],\"inLanguage\":\"de\"},{\"@type\":\"Person\",\"@id\":\"https:\\\/\\\/www.thebestsocial.media\\\/de\\\/#\\\/schema\\\/person\\\/e2cd306c885c9cc48e5ea47d563cab08\",\"name\":\"Cristina\",\"image\":{\"@type\":\"ImageObject\",\"inLanguage\":\"de\",\"@id\":\"https:\\\/\\\/secure.gravatar.com\\\/avatar\\\/17a11569f2998e9b40ff4c98ab0851ddd1dd35595a21590f554e022bed21c0c4?s=96&d=mm&r=g\",\"url\":\"https:\\\/\\\/secure.gravatar.com\\\/avatar\\\/17a11569f2998e9b40ff4c98ab0851ddd1dd35595a21590f554e022bed21c0c4?s=96&d=mm&r=g\",\"contentUrl\":\"https:\\\/\\\/secure.gravatar.com\\\/avatar\\\/17a11569f2998e9b40ff4c98ab0851ddd1dd35595a21590f554e022bed21c0c4?s=96&d=mm&r=g\",\"caption\":\"Cristina\"},\"url\":\"https:\\\/\\\/www.thebestsocial.media\\\/de\\\/author\\\/cristina\\\/\"}]}<\/script>\n<!-- \/ Yoast SEO plugin. -->","yoast_head_json":{"title":"Olaf Scholz' Besuch bei der Gasturbine: Verbl\u00fcffung auf Twitter","description":"Bundeskanzler Olaf Scholz besuchte heute eine Gasturbine. Die Twittergemeinde zeigt sich verwirrt und fragt sich warum.","robots":{"index":"index","follow":"follow","max-snippet":"max-snippet:-1","max-image-preview":"max-image-preview:large","max-video-preview":"max-video-preview:-1"},"canonical":"https:\/\/www.thebestsocial.media\/de\/olaf-scholz-besuch-bei-der-gasturbine-verblueffung-auf-twitter\/","og_locale":"de_DE","og_type":"article","og_title":"Olaf Scholz' Besuch bei der Gasturbine: Verbl\u00fcffung auf Twitter","og_description":"Bundeskanzler Olaf Scholz besuchte heute eine Gasturbine. Die Twittergemeinde zeigt sich verwirrt und fragt sich warum.","og_url":"https:\/\/www.thebestsocial.media\/de\/olaf-scholz-besuch-bei-der-gasturbine-verblueffung-auf-twitter\/","og_site_name":"The Best Social Media DE","article_published_time":"2022-08-03T17:31:39+00:00","og_image":[{"width":1200,"height":630,"url":"https:\/\/www.thebestsocial.media\/de\/wp-content\/uploads\/sites\/3\/2022\/08\/header-olafturbine.png","type":"image\/png"}],"author":"Cristina","twitter_card":"summary_large_image","twitter_misc":{"Verfasst von":"Cristina","Gesch\u00e4tzte Lesezeit":"2\u00a0Minuten"},"schema":{"@context":"https:\/\/schema.org","@graph":[{"@type":"Article","@id":"https:\/\/www.thebestsocial.media\/de\/olaf-scholz-besuch-bei-der-gasturbine-verblueffung-auf-twitter\/#article","isPartOf":{"@id":"https:\/\/www.thebestsocial.media\/de\/olaf-scholz-besuch-bei-der-gasturbine-verblueffung-auf-twitter\/"},"author":{"name":"Cristina","@id":"https:\/\/www.thebestsocial.media\/de\/#\/schema\/person\/e2cd306c885c9cc48e5ea47d563cab08"},"headline":"Olaf Scholz&#8216; Besuch bei der Gasturbine: Verbl\u00fcffung auf Twitter","datePublished":"2022-08-03T17:31:39+00:00","mainEntityOfPage":{"@id":"https:\/\/www.thebestsocial.media\/de\/olaf-scholz-besuch-bei-der-gasturbine-verblueffung-auf-twitter\/"},"wordCount":431,"commentCount":0,"image":{"@id":"https:\/\/www.thebestsocial.media\/de\/olaf-scholz-besuch-bei-der-gasturbine-verblueffung-auf-twitter\/#primaryimage"},"thumbnailUrl":"https:\/\/www.thebestsocial.media\/de\/wp-content\/uploads\/sites\/3\/2022\/08\/pexels-pixabay-40024-scaled.jpg","keywords":["Olaf Scholz","Politiker","Russland"],"articleSection":{"1":"Diskussion","2":"Twitter"},"inLanguage":"de","potentialAction":[{"@type":"CommentAction","name":"Comment","target":["https:\/\/www.thebestsocial.media\/de\/olaf-scholz-besuch-bei-der-gasturbine-verblueffung-auf-twitter\/#respond"]}]},{"@type":"WebPage","@id":"https:\/\/www.thebestsocial.media\/de\/olaf-scholz-besuch-bei-der-gasturbine-verblueffung-auf-twitter\/","url":"https:\/\/www.thebestsocial.media\/de\/olaf-scholz-besuch-bei-der-gasturbine-verblueffung-auf-twitter\/","name":"Olaf Scholz' Besuch bei der Gasturbine: Verbl\u00fcffung auf Twitter","isPartOf":{"@id":"https:\/\/www.thebestsocial.media\/de\/#website"},"primaryImageOfPage":{"@id":"https:\/\/www.thebestsocial.media\/de\/olaf-scholz-besuch-bei-der-gasturbine-verblueffung-auf-twitter\/#primaryimage"},"image":{"@id":"https:\/\/www.thebestsocial.media\/de\/olaf-scholz-besuch-bei-der-gasturbine-verblueffung-auf-twitter\/#primaryimage"},"thumbnailUrl":"https:\/\/www.thebestsocial.media\/de\/wp-content\/uploads\/sites\/3\/2022\/08\/pexels-pixabay-40024-scaled.jpg","datePublished":"2022-08-03T17:31:39+00:00","author":{"@id":"https:\/\/www.thebestsocial.media\/de\/#\/schema\/person\/e2cd306c885c9cc48e5ea47d563cab08"},"description":"Bundeskanzler Olaf Scholz besuchte heute eine Gasturbine. Die Twittergemeinde zeigt sich verwirrt und fragt sich warum.","breadcrumb":{"@id":"https:\/\/www.thebestsocial.media\/de\/olaf-scholz-besuch-bei-der-gasturbine-verblueffung-auf-twitter\/#breadcrumb"},"inLanguage":"de","potentialAction":[{"@type":"ReadAction","target":["https:\/\/www.thebestsocial.media\/de\/olaf-scholz-besuch-bei-der-gasturbine-verblueffung-auf-twitter\/"]}]},{"@type":"ImageObject","inLanguage":"de","@id":"https:\/\/www.thebestsocial.media\/de\/olaf-scholz-besuch-bei-der-gasturbine-verblueffung-auf-twitter\/#primaryimage","url":"https:\/\/www.thebestsocial.media\/de\/wp-content\/uploads\/sites\/3\/2022\/08\/pexels-pixabay-40024-scaled.jpg","contentUrl":"https:\/\/www.thebestsocial.media\/de\/wp-content\/uploads\/sites\/3\/2022\/08\/pexels-pixabay-40024-scaled.jpg","width":2560,"height":1709},{"@type":"BreadcrumbList","@id":"https:\/\/www.thebestsocial.media\/de\/olaf-scholz-besuch-bei-der-gasturbine-verblueffung-auf-twitter\/#breadcrumb","itemListElement":[{"@type":"ListItem","position":1,"name":"Home","item":"https:\/\/www.thebestsocial.media\/de\/"},{"@type":"ListItem","position":2,"name":"Olaf Scholz&#8216; Besuch bei der Gasturbine: Verbl\u00fcffung auf Twitter"}]},{"@type":"WebSite","@id":"https:\/\/www.thebestsocial.media\/de\/#website","url":"https:\/\/www.thebestsocial.media\/de\/","name":"The Best Social Media DE","description":"","potentialAction":[{"@type":"SearchAction","target":{"@type":"EntryPoint","urlTemplate":"https:\/\/www.thebestsocial.media\/de\/?s={search_term_string}"},"query-input":{"@type":"PropertyValueSpecification","valueRequired":true,"valueName":"search_term_string"}}],"inLanguage":"de"},{"@type":"Person","@id":"https:\/\/www.thebestsocial.media\/de\/#\/schema\/person\/e2cd306c885c9cc48e5ea47d563cab08","name":"Cristina","image":{"@type":"ImageObject","inLanguage":"de","@id":"https:\/\/secure.gravatar.com\/avatar\/17a11569f2998e9b40ff4c98ab0851ddd1dd35595a21590f554e022bed21c0c4?s=96&d=mm&r=g","url":"https:\/\/secure.gravatar.com\/avatar\/17a11569f2998e9b40ff4c98ab0851ddd1dd35595a21590f554e022bed21c0c4?s=96&d=mm&r=g","contentUrl":"https:\/\/secure.gravatar.com\/avatar\/17a11569f2998e9b40ff4c98ab0851ddd1dd35595a21590f554e022bed21c0c4?s=96&d=mm&r=g","caption":"Cristina"},"url":"https:\/\/www.thebestsocial.media\/de\/author\/cristina\/"}]}},"amp_enabled":true,"_links":{"self":[{"href":"https:\/\/www.thebestsocial.media\/de\/wp-json\/wp\/v2\/posts\/164096","targetHints":{"allow":["GET"]}}],"collection":[{"href":"https:\/\/www.thebestsocial.media\/de\/wp-json\/wp\/v2\/posts"}],"about":[{"href":"https:\/\/www.thebestsocial.media\/de\/wp-json\/wp\/v2\/types\/post"}],"author":[{"embeddable":true,"href":"https:\/\/www.thebestsocial.media\/de\/wp-json\/wp\/v2\/users\/97"}],"replies":[{"embeddable":true,"href":"https:\/\/www.thebestsocial.media\/de\/wp-json\/wp\/v2\/comments?post=164096"}],"version-history":[{"count":6,"href":"https:\/\/www.thebestsocial.media\/de\/wp-json\/wp\/v2\/posts\/164096\/revisions"}],"predecessor-version":[{"id":164113,"href":"https:\/\/www.thebestsocial.media\/de\/wp-json\/wp\/v2\/posts\/164096\/revisions\/164113"}],"wp:featuredmedia":[{"embeddable":true,"href":"https:\/\/www.thebestsocial.media\/de\/wp-json\/wp\/v2\/media\/164111"}],"wp:attachment":[{"href":"https:\/\/www.thebestsocial.media\/de\/wp-json\/wp\/v2\/media?parent=164096"}],"wp:term":[{"taxonomy":"category","embeddable":true,"href":"https:\/\/www.thebestsocial.media\/de\/wp-json\/wp\/v2\/categories?post=164096"},{"taxonomy":"post_tag","embeddable":true,"href":"https:\/\/www.thebestsocial.media\/de\/wp-json\/wp\/v2\/tags?post=164096"}],"curies":[{"name":"wp","href":"https:\/\/api.w.org\/{rel}","templated":true}]}}